{"id":339857,"date":"2012-10-04T00:00:00","date_gmt":"2012-10-04T04:00:00","guid":{"rendered":"https:\/\/casadecampoliving.com\/estilo-2012-el-nuevo-resort-wear-domina-por-stephen-kaplan\/"},"modified":"2022-10-21T18:54:04","modified_gmt":"2022-10-21T22:54:04","slug":"estilo-2012-el-nuevo-resort-wear-domina-por-stephen-kaplan","status":"publish","type":"post","link":"https:\/\/casadecampoliving.com\/es\/estilo-2012-el-nuevo-resort-wear-domina-por-stephen-kaplan\/","title":{"rendered":"Estilo 2012: \u00abEl Nuevo \u00abResort Wear\u00bb domina!\u00bb por Stephen Kaplan"},"content":{"rendered":"<div class=\"wp-block-image\">\n<figure class=\"aligncenter is-resized\"><img loading=\"lazy\" decoding=\"async\" src=\"https:\/\/i0.wp.com\/casadecampoliving.com\/wp-content\/uploads\/2022\/10\/Altos_de_Chavon_moda1.jpg?resize=650%2C433&amp;ssl=1\" alt=\"altos de chavon moda\" class=\"wp-image-58628\" title=\"Altos_de_Chavon_moda\" height=\"433\" width=\"650\"\/><\/figure>\n<\/div>\n\n\n<p>Una vez m\u00e1s la Escuela de Arte y Dise\u00f1o de Altos de Chav\u00f3n es pionera en un nuevo territorio.<\/p>\n\n\n\n<!--more-->\n\n\n<div class=\"wp-block-image\">\n<figure class=\"alignright is-resized\"><img loading=\"lazy\" decoding=\"async\" src=\"https:\/\/i0.wp.com\/casadecampoliving.com\/wp-content\/uploads\/2022\/10\/Altos_de_Chavon_moda.jpg?resize=198%2C319&amp;ssl=1\" alt=\"altos de chavon moda\" class=\"wp-image-58626\" title=\"Altos_de_Chavon_moda\" height=\"319\" width=\"198\"\/><\/figure>\n<\/div>\n\n\n<p>Dominicana Moda, es un prestigioso evento de \u201cfashion week\u201d en la Rep\u00fablica Dominicana, realizado anualmente en Santo Domingo, en el que destacados y emergentes dise\u00f1adores de moda, muestran sus ideas en la industria. El a\u00f1o pasado, luego de una maravillosa recepci\u00f3n, los estudiantes de Dise\u00f1o de Moda de esta escuela, se recib\u00edan este t\u00edtulo luego de sus respectivas t\u00e9sis en el sal\u00f3n de conferencias Flamboy\u00e1n de Casa de Campo (<a href=\"https:\/\/casadecampoliving.com\/2011\/06\/talented-fashion-designers-of-the-altos-de-chavon-school-present-estilo-2011-the-silk-road\/\">haga click aqu\u00ed para ver fotos y la cobertura<\/a>), y Dominicana Moda les invit\u00f3 para llevar a cabo su propio desfile de modas en Santo Domingo (<a href=\"https:\/\/casadecampoliving.com\/es\/2011\/10\/%C2%A1excelente-debut-de-la-escuela-de-diseno-de-altos-de-chavon-en-dominicana-moda-2\/\">haga click aqu\u00ed para ver las fotos y la cobertura<\/a>). El show, basado en la rica caravana de la \u201cRuta de Seda\u201d, fue tan exitoso que, una vez m\u00e1s, la Escuela de Arte y Dise\u00f1o de Altos de Chav\u00f3n, ha sido invitada a presentar los trabajos al p\u00fablico, realizados por los recientes graduandos de Moda de la escuela.<\/p>\n\n\n\n<p><strong>El mi\u00e9rcoles 24 de octubre a las 4:30 pm, en el Hotel Embajador, la pasarela una vez m\u00e1s pertenecer\u00e1 a los chavoneros, mientras la talentosa y creativa clase graduanda 2012 de la Escuela de Arte y Dise\u00f1o de Altos de Chav\u00f3n, muestra sus dise\u00f1os en una segunda vuelta sin precedentes.<\/strong><\/p>\n\n\n\n<p>La tem\u00e1tica de este a\u00f1o ser\u00e1 \u201cThe New Resort Wear\u201d (La Nueva Vestimenta de Resort), con 30 atuendos, dise\u00f1ados \u2013 y en muchos casos confeccionados \u2013 por los estudiantes de Moda de Chav\u00f3n. Los atuendos van&nbsp; desde lo peculiar a lo vanguardista para los caballeros, todos dise\u00f1ados por los egresados de Chav\u00f3n, encaminados por el tambi\u00e9n egresado y destacado dise\u00f1ador dominicano Jos\u00e9 Jhan, a las fluyentes y transparentes creaciones para las que Julio Marcano, tambi\u00e9n egresado de la facultad, sirvi\u00f3 de especial consultor invitado.<\/p>\n\n\n<div class=\"wp-block-image\">\n<figure class=\"alignright is-resized\"><a href=\"https:\/\/i0.wp.com\/casadecampoliving.com\/wp-content\/uploads\/2022\/10\/Altos_de_Chavon_moda2.jpg?ssl=1\"><img loading=\"lazy\" decoding=\"async\" src=\"https:\/\/i0.wp.com\/casadecampoliving.com\/wp-content\/uploads\/2022\/10\/Altos_de_Chavon_moda2.jpg?resize=220%2C330&amp;ssl=1\" alt=\"\" class=\"wp-image-58629\" title=\"Altos_de_Chavon_moda\" height=\"330\" width=\"220\"\/><\/a><\/figure>\n<\/div>\n\n\n<p>A esto se agrega el trabajo visto por Joel Diaz. Joel, otro egresado de la Escuela de Arte y Dise\u00f1o de Altos de Chav\u00f3n, quien estudi\u00f3 en Parsons y m\u00e1s tarde, abri\u00f3 su propio negocio, Jolibe, con su estudio en la ciudad de Nueva York. Entre sus clientes se encuentran Michelle&nbsp;Obama, la actriz Michelle Williams y otras celebridades en ambas costas de los Estados Unidos. Ser una gu\u00eda para los estudiantes de Moda de Altos de Chav\u00f3n, ha resultado en un cuerpo de trabajo que es fresco y pulido, con sabor y sorpresivo.<\/p>\n\n\n\n<p>El desfile de moda de este a\u00f1o, que ser\u00e1 producido una sola vez para el Fashion Week de Dominicana Moda en Santo Domingo, promete continuar con el legado de los egresados de Chav\u00f3n como aut\u00e9nticos y j\u00f3venes conocedores de la moda. Como el pasado a\u00f1o, ser\u00e1 montado y supervisado por el Vicerector Joselo Franjul, reconocido internacionalmente, el multi-talentoso venezolano Adolfo Lucero, que garantiza el alto profesionalismo en los modelos y en una presentaci\u00f3n de calidad.<\/p>\n\n\n\n<p><strong>Esperamos que todos nuestros amigos y todos aquellos en la comunidad de Casa de Campo que nos apoyan, puedan estar en el Hotel Embajador el pr\u00f3ximo mi\u00e9rcoles 24 de octubre, para este nuevo paso en la vestimenta contempor\u00e1nea enfocada en resort, un espectacular show de los estudiantes.<br>\n<\/strong><\/p>\n\n\n\n<blockquote><figure><img decoding=\"async\" loading=\"lazy\" class=\"wp-image-50907 alignright\" style=\"margin-left: 15px; margin-right: 15px;\" title=\"stephen_kaplan\" src=\"https:\/\/i0.wp.com\/casadecampoliving.com\/wp-content\/uploads\/2022\/10\/stephen_kaplan1.jpg?resize=97%2C122&amp;ssl=1\" alt=\"stephen kaplan\" width=\"97\" height=\"122\"><\/figure><p><strong>Art\u00edculo contribuido por Stephen Kaplan<br>\n<\/strong><strong>\u2013 Gracias Stephen!<\/strong><\/p><p>Stephen Kaplan es el Rector de la Escuela de Arte y Dise\u00f1o de Altos de Chav\u00f3n<\/p><\/blockquote>\n\n\n\n<blockquote><p><strong>Estilo 2012: La Nueva Vestimenta de Resort<br>\n<\/strong><\/p><p><strong>Cu\u00e1ndo:<\/strong> mi\u00e9rcoles 24 de octubre, 4:30pm<\/p><p><strong>D\u00f3nde:<\/strong> Hotel Embajador, Santo Domingo \u2013 parte del evento anual \u201cDominicana Moda\u201d<\/p><p><strong>Boletos:<\/strong> RD$700<br>\n(Todos los fondos van destinados a la Fundaci\u00f3n Altos de Chav\u00f3n a beneficio de la Escuela de Arte y Dise\u00f1o de Altos de Chav\u00f3n)<\/p><p><strong>Contacto:<\/strong> (809) 563-2802<\/p><figure><img decoding=\"async\" loading=\"lazy\" class=\"aligncenter size-full wp-image-58633\" title=\"dominicana_moda\" src=\"https:\/\/i0.wp.com\/casadecampoliving.com\/wp-content\/uploads\/2022\/10\/dominicana_moda.jpg?resize=630%2C868&amp;ssl=1\" alt=\"dominicana moda\" width=\"630\" height=\"868\"><\/figure><\/blockquote>\n","protected":false},"excerpt":{"rendered":"<p>Una vez m\u00e1s la Escuela de Arte y Dise\u00f1o de Altos de Chav\u00f3n es pionera en un nuevo territorio.<\/p>\n","protected":false},"author":21,"featured_media":272792,"comment_status":"closed","ping_status":"closed","sticky":false,"template":"","format":"standard","meta":{"newspack_ads_suppress_ads":false,"newspack_popups_has_disabled_popups":false,"newspack_sponsor_sponsorship_scope":"","newspack_sponsor_native_byline_display":"inherit","newspack_sponsor_native_category_display":"inherit","newspack_sponsor_underwriter_style":"inherit","newspack_sponsor_underwriter_placement":"inherit","_newspack_byline_active":false,"_newspack_byline":"","newspack_hide_updated_date":false,"newspack_show_updated_date":false,"newspack_content_restriction_is_exempt":false,"newspack_featured_image_position":"","newspack_post_subtitle":"","newspack_article_summary_title":"Overview:","newspack_article_summary":"","_jetpack_memberships_contains_paid_content":false,"footnotes":"","jetpack_publicize_message":"","jetpack_publicize_feature_enabled":true,"jetpack_social_post_already_shared":false,"jetpack_social_options":{"image_generator_settings":{"template":"highway","default_image_id":0,"font":"","enabled":false},"version":2},"_wpas_customize_per_network":false},"categories":[26819,26823,14631,2522,2506,2523,14625,14627,2521,2526],"tags":[15387,655,2646,1539,13822],"newspack_spnsrs_tax":[],"class_list":["post-339857","post","type-post","status-publish","format-standard","has-post-thumbnail","hentry","category-altos-de-chavon-es","category-arte-y-cultura","category-estilo-de-vida","category-eventos-es","category-mas-alla-de-casa-es","category-moda-es","category-noticias-locales","category-proximamente","category-republica-dominicana-2","category-titulares-es","tag-altos-de-chavon-es","tag-dominicana-moda","tag-escuela-de-arte-y-diseno-de-altos-de-chavon","tag-hotel-embajador","tag-santo-domingo","entry"],"yoast_head":"<!-- This site is optimized with the Yoast SEO plugin v27.5 - https:\/\/yoast.com\/product\/yoast-seo-wordpress\/ -->\n<title>Estilo 2012: &quot;El Nuevo &quot;Resort Wear&quot; domina!&quot; por Stephen Kaplan | Casa de Campo Living<\/title>\n<meta name=\"description\" content=\"Una vez m\u00e1s la Escuela de Arte y Dise\u00f1o de Altos de Chav\u00f3n es pionera en un nuevo territorio. Dominicana Moda, es un prestigioso evento de \u201cfashion week\u201d\" \/>\n<meta name=\"robots\" content=\"index, follow, max-snippet:-1, max-image-preview:large, max-video-preview:-1\" \/>\n<link rel=\"canonical\" href=\"https:\/\/casadecampoliving.com\/es\/estilo-2012-el-nuevo-resort-wear-domina-por-stephen-kaplan\/\" \/>\n<meta property=\"og:locale\" content=\"es_ES\" \/>\n<meta property=\"og:type\" content=\"article\" \/>\n<meta property=\"og:title\" content=\"Estilo 2012: &quot;El Nuevo &quot;Resort Wear&quot; domina!&quot; por Stephen Kaplan | Casa de Campo Living\" \/>\n<meta property=\"og:description\" content=\"Una vez m\u00e1s la Escuela de Arte y Dise\u00f1o de Altos de Chav\u00f3n es pionera en un nuevo territorio. Dominicana Moda, es un prestigioso evento de \u201cfashion week\u201d\" \/>\n<meta property=\"og:url\" content=\"https:\/\/casadecampoliving.com\/es\/estilo-2012-el-nuevo-resort-wear-domina-por-stephen-kaplan\/\" \/>\n<meta property=\"og:site_name\" content=\"Casa de Campo Living\" \/>\n<meta property=\"article:publisher\" content=\"https:\/\/www.facebook.com\/casadecampoliving\" \/>\n<meta property=\"article:published_time\" content=\"2012-10-04T04:00:00+00:00\" \/>\n<meta property=\"article:modified_time\" content=\"2022-10-21T22:54:04+00:00\" \/>\n<meta property=\"og:image\" content=\"https:\/\/i0.wp.com\/casadecampoliving.com\/wp-content\/uploads\/2022\/10\/Altos_de_Chavon_moda1-1.jpg?fit=650%2C433&ssl=1\" \/>\n\t<meta property=\"og:image:width\" content=\"650\" \/>\n\t<meta property=\"og:image:height\" content=\"433\" \/>\n\t<meta property=\"og:image:type\" content=\"image\/jpeg\" \/>\n<meta name=\"twitter:card\" content=\"summary_large_image\" \/>\n<meta name=\"twitter:creator\" content=\"@cdcliving\" \/>\n<meta name=\"twitter:site\" content=\"@cdcliving\" \/>\n<meta name=\"twitter:label1\" content=\"Escrito por\" \/>\n\t<meta name=\"twitter:data1\" content=\"\" \/>\n\t<meta name=\"twitter:label2\" content=\"Tiempo de lectura\" \/>\n\t<meta name=\"twitter:data2\" content=\"3 minutos\" \/>\n<script type=\"application\/ld+json\" class=\"yoast-schema-graph\">{\"@context\":\"https:\\\/\\\/schema.org\",\"@graph\":[{\"@type\":\"Article\",\"@id\":\"https:\\\/\\\/casadecampoliving.com\\\/es\\\/estilo-2012-el-nuevo-resort-wear-domina-por-stephen-kaplan\\\/#article\",\"isPartOf\":{\"@id\":\"https:\\\/\\\/casadecampoliving.com\\\/es\\\/estilo-2012-el-nuevo-resort-wear-domina-por-stephen-kaplan\\\/\"},\"author\":{\"name\":\"\",\"@id\":\"https:\\\/\\\/casadecampoliving.com\\\/es\\\/#\\\/schema\\\/person\\\/7e3b975d584a5f6ac0fd7128a81b0bc5\"},\"headline\":\"Estilo 2012: \u00abEl Nuevo \u00abResort Wear\u00bb domina!\u00bb por Stephen Kaplan\",\"datePublished\":\"2012-10-04T04:00:00+00:00\",\"dateModified\":\"2022-10-21T22:54:04+00:00\",\"mainEntityOfPage\":{\"@id\":\"https:\\\/\\\/casadecampoliving.com\\\/es\\\/estilo-2012-el-nuevo-resort-wear-domina-por-stephen-kaplan\\\/\"},\"wordCount\":654,\"publisher\":{\"@id\":\"https:\\\/\\\/casadecampoliving.com\\\/es\\\/#organization\"},\"image\":{\"@id\":\"https:\\\/\\\/casadecampoliving.com\\\/es\\\/estilo-2012-el-nuevo-resort-wear-domina-por-stephen-kaplan\\\/#primaryimage\"},\"thumbnailUrl\":\"https:\\\/\\\/i0.wp.com\\\/casadecampoliving.com\\\/wp-content\\\/uploads\\\/2022\\\/10\\\/Altos_de_Chavon_moda1-1.jpg?fit=650%2C433&ssl=1\",\"keywords\":[\"Altos de Chavon\",\"Dominicana Moda\",\"escuela de arte y diseno de altos de chavon\",\"hotel embajador\",\"Santo Domingo\"],\"articleSection\":[\"Altos de Chavon @es\",\"Arte y cultura\",\"Estilo de Vida\",\"Eventos\",\"M\u00e1s all\u00e1 de Casa\",\"Moda\",\"Noticias Locales\",\"Proximamente\",\"Rep\u00fablica Dominicana @es\",\"Titulares\"],\"inLanguage\":\"es\"},{\"@type\":\"WebPage\",\"@id\":\"https:\\\/\\\/casadecampoliving.com\\\/es\\\/estilo-2012-el-nuevo-resort-wear-domina-por-stephen-kaplan\\\/\",\"url\":\"https:\\\/\\\/casadecampoliving.com\\\/es\\\/estilo-2012-el-nuevo-resort-wear-domina-por-stephen-kaplan\\\/\",\"name\":\"Estilo 2012: \\\"El Nuevo \\\"Resort Wear\\\" domina!\\\" por Stephen Kaplan | Casa de Campo Living\",\"isPartOf\":{\"@id\":\"https:\\\/\\\/casadecampoliving.com\\\/es\\\/#website\"},\"primaryImageOfPage\":{\"@id\":\"https:\\\/\\\/casadecampoliving.com\\\/es\\\/estilo-2012-el-nuevo-resort-wear-domina-por-stephen-kaplan\\\/#primaryimage\"},\"image\":{\"@id\":\"https:\\\/\\\/casadecampoliving.com\\\/es\\\/estilo-2012-el-nuevo-resort-wear-domina-por-stephen-kaplan\\\/#primaryimage\"},\"thumbnailUrl\":\"https:\\\/\\\/i0.wp.com\\\/casadecampoliving.com\\\/wp-content\\\/uploads\\\/2022\\\/10\\\/Altos_de_Chavon_moda1-1.jpg?fit=650%2C433&ssl=1\",\"datePublished\":\"2012-10-04T04:00:00+00:00\",\"dateModified\":\"2022-10-21T22:54:04+00:00\",\"description\":\"Una vez m\u00e1s la Escuela de Arte y Dise\u00f1o de Altos de Chav\u00f3n es pionera en un nuevo territorio. Dominicana Moda, es un prestigioso evento de \u201cfashion week\u201d\",\"breadcrumb\":{\"@id\":\"https:\\\/\\\/casadecampoliving.com\\\/es\\\/estilo-2012-el-nuevo-resort-wear-domina-por-stephen-kaplan\\\/#breadcrumb\"},\"inLanguage\":\"es\",\"potentialAction\":[{\"@type\":\"ReadAction\",\"target\":[\"https:\\\/\\\/casadecampoliving.com\\\/es\\\/estilo-2012-el-nuevo-resort-wear-domina-por-stephen-kaplan\\\/\"]}]},{\"@type\":\"ImageObject\",\"inLanguage\":\"es\",\"@id\":\"https:\\\/\\\/casadecampoliving.com\\\/es\\\/estilo-2012-el-nuevo-resort-wear-domina-por-stephen-kaplan\\\/#primaryimage\",\"url\":\"https:\\\/\\\/i0.wp.com\\\/casadecampoliving.com\\\/wp-content\\\/uploads\\\/2022\\\/10\\\/Altos_de_Chavon_moda1-1.jpg?fit=650%2C433&ssl=1\",\"contentUrl\":\"https:\\\/\\\/i0.wp.com\\\/casadecampoliving.com\\\/wp-content\\\/uploads\\\/2022\\\/10\\\/Altos_de_Chavon_moda1-1.jpg?fit=650%2C433&ssl=1\",\"width\":650,\"height\":433,\"caption\":\"altos de chavon moda\"},{\"@type\":\"BreadcrumbList\",\"@id\":\"https:\\\/\\\/casadecampoliving.com\\\/es\\\/estilo-2012-el-nuevo-resort-wear-domina-por-stephen-kaplan\\\/#breadcrumb\",\"itemListElement\":[{\"@type\":\"ListItem\",\"position\":1,\"name\":\"Home\",\"item\":\"https:\\\/\\\/casadecampoliving.com\\\/es\\\/\"},{\"@type\":\"ListItem\",\"position\":2,\"name\":\"Estilo 2012: &#8220;El Nuevo &#8220;Resort Wear&#8221; domina!&#8221; por Stephen Kaplan\"}]},{\"@type\":\"WebSite\",\"@id\":\"https:\\\/\\\/casadecampoliving.com\\\/es\\\/#website\",\"url\":\"https:\\\/\\\/casadecampoliving.com\\\/es\\\/\",\"name\":\"Casa de Campo Living\",\"description\":\"Resort community news and resources.\",\"publisher\":{\"@id\":\"https:\\\/\\\/casadecampoliving.com\\\/es\\\/#organization\"},\"potentialAction\":[{\"@type\":\"SearchAction\",\"target\":{\"@type\":\"EntryPoint\",\"urlTemplate\":\"https:\\\/\\\/casadecampoliving.com\\\/es\\\/?s={search_term_string}\"},\"query-input\":{\"@type\":\"PropertyValueSpecification\",\"valueRequired\":true,\"valueName\":\"search_term_string\"}}],\"inLanguage\":\"es\"},{\"@type\":\"Organization\",\"@id\":\"https:\\\/\\\/casadecampoliving.com\\\/es\\\/#organization\",\"name\":\"Casa de Campo Living\",\"url\":\"https:\\\/\\\/casadecampoliving.com\\\/es\\\/\",\"logo\":{\"@type\":\"ImageObject\",\"inLanguage\":\"es\",\"@id\":\"https:\\\/\\\/casadecampoliving.com\\\/es\\\/#\\\/schema\\\/logo\\\/image\\\/\",\"url\":\"https:\\\/\\\/i0.wp.com\\\/casadecampoliving.com\\\/wp-content\\\/uploads\\\/2022\\\/07\\\/CDCLivingLogo_V1-white-sized.png?fit=800%2C214&ssl=1\",\"contentUrl\":\"https:\\\/\\\/i0.wp.com\\\/casadecampoliving.com\\\/wp-content\\\/uploads\\\/2022\\\/07\\\/CDCLivingLogo_V1-white-sized.png?fit=800%2C214&ssl=1\",\"width\":800,\"height\":214,\"caption\":\"Casa de Campo Living\"},\"image\":{\"@id\":\"https:\\\/\\\/casadecampoliving.com\\\/es\\\/#\\\/schema\\\/logo\\\/image\\\/\"},\"sameAs\":[\"https:\\\/\\\/www.facebook.com\\\/casadecampoliving\",\"https:\\\/\\\/x.com\\\/cdcliving\"]},{\"@type\":\"Person\",\"@id\":\"https:\\\/\\\/casadecampoliving.com\\\/es\\\/#\\\/schema\\\/person\\\/7e3b975d584a5f6ac0fd7128a81b0bc5\",\"name\":\"\",\"image\":{\"@type\":\"ImageObject\",\"inLanguage\":\"es\",\"@id\":\"https:\\\/\\\/secure.gravatar.com\\\/avatar\\\/?s=96&d=mm&r=g\",\"url\":\"https:\\\/\\\/secure.gravatar.com\\\/avatar\\\/?s=96&d=mm&r=g\",\"contentUrl\":\"https:\\\/\\\/secure.gravatar.com\\\/avatar\\\/?s=96&d=mm&r=g\"},\"url\":\"https:\\\/\\\/casadecampoliving.com\\\/es\\\/author\\\/ \\\/\"}]}<\/script>\n<!-- \/ Yoast SEO plugin. -->","yoast_head_json":{"title":"Estilo 2012: \"El Nuevo \"Resort Wear\" domina!\" por Stephen Kaplan | Casa de Campo Living","description":"Una vez m\u00e1s la Escuela de Arte y Dise\u00f1o de Altos de Chav\u00f3n es pionera en un nuevo territorio. Dominicana Moda, es un prestigioso evento de \u201cfashion week\u201d","robots":{"index":"index","follow":"follow","max-snippet":"max-snippet:-1","max-image-preview":"max-image-preview:large","max-video-preview":"max-video-preview:-1"},"canonical":"https:\/\/casadecampoliving.com\/es\/estilo-2012-el-nuevo-resort-wear-domina-por-stephen-kaplan\/","og_locale":"es_ES","og_type":"article","og_title":"Estilo 2012: \"El Nuevo \"Resort Wear\" domina!\" por Stephen Kaplan | Casa de Campo Living","og_description":"Una vez m\u00e1s la Escuela de Arte y Dise\u00f1o de Altos de Chav\u00f3n es pionera en un nuevo territorio. Dominicana Moda, es un prestigioso evento de \u201cfashion week\u201d","og_url":"https:\/\/casadecampoliving.com\/es\/estilo-2012-el-nuevo-resort-wear-domina-por-stephen-kaplan\/","og_site_name":"Casa de Campo Living","article_publisher":"https:\/\/www.facebook.com\/casadecampoliving","article_published_time":"2012-10-04T04:00:00+00:00","article_modified_time":"2022-10-21T22:54:04+00:00","og_image":[{"width":650,"height":433,"url":"https:\/\/i0.wp.com\/casadecampoliving.com\/wp-content\/uploads\/2022\/10\/Altos_de_Chavon_moda1-1.jpg?fit=650%2C433&ssl=1","type":"image\/jpeg"}],"twitter_card":"summary_large_image","twitter_creator":"@cdcliving","twitter_site":"@cdcliving","twitter_misc":{"Escrito por":"","Tiempo de lectura":"3 minutos"},"schema":{"@context":"https:\/\/schema.org","@graph":[{"@type":"Article","@id":"https:\/\/casadecampoliving.com\/es\/estilo-2012-el-nuevo-resort-wear-domina-por-stephen-kaplan\/#article","isPartOf":{"@id":"https:\/\/casadecampoliving.com\/es\/estilo-2012-el-nuevo-resort-wear-domina-por-stephen-kaplan\/"},"author":{"name":"","@id":"https:\/\/casadecampoliving.com\/es\/#\/schema\/person\/7e3b975d584a5f6ac0fd7128a81b0bc5"},"headline":"Estilo 2012: \u00abEl Nuevo \u00abResort Wear\u00bb domina!\u00bb por Stephen Kaplan","datePublished":"2012-10-04T04:00:00+00:00","dateModified":"2022-10-21T22:54:04+00:00","mainEntityOfPage":{"@id":"https:\/\/casadecampoliving.com\/es\/estilo-2012-el-nuevo-resort-wear-domina-por-stephen-kaplan\/"},"wordCount":654,"publisher":{"@id":"https:\/\/casadecampoliving.com\/es\/#organization"},"image":{"@id":"https:\/\/casadecampoliving.com\/es\/estilo-2012-el-nuevo-resort-wear-domina-por-stephen-kaplan\/#primaryimage"},"thumbnailUrl":"https:\/\/i0.wp.com\/casadecampoliving.com\/wp-content\/uploads\/2022\/10\/Altos_de_Chavon_moda1-1.jpg?fit=650%2C433&ssl=1","keywords":["Altos de Chavon","Dominicana Moda","escuela de arte y diseno de altos de chavon","hotel embajador","Santo Domingo"],"articleSection":["Altos de Chavon @es","Arte y cultura","Estilo de Vida","Eventos","M\u00e1s all\u00e1 de Casa","Moda","Noticias Locales","Proximamente","Rep\u00fablica Dominicana @es","Titulares"],"inLanguage":"es"},{"@type":"WebPage","@id":"https:\/\/casadecampoliving.com\/es\/estilo-2012-el-nuevo-resort-wear-domina-por-stephen-kaplan\/","url":"https:\/\/casadecampoliving.com\/es\/estilo-2012-el-nuevo-resort-wear-domina-por-stephen-kaplan\/","name":"Estilo 2012: \"El Nuevo \"Resort Wear\" domina!\" por Stephen Kaplan | Casa de Campo Living","isPartOf":{"@id":"https:\/\/casadecampoliving.com\/es\/#website"},"primaryImageOfPage":{"@id":"https:\/\/casadecampoliving.com\/es\/estilo-2012-el-nuevo-resort-wear-domina-por-stephen-kaplan\/#primaryimage"},"image":{"@id":"https:\/\/casadecampoliving.com\/es\/estilo-2012-el-nuevo-resort-wear-domina-por-stephen-kaplan\/#primaryimage"},"thumbnailUrl":"https:\/\/i0.wp.com\/casadecampoliving.com\/wp-content\/uploads\/2022\/10\/Altos_de_Chavon_moda1-1.jpg?fit=650%2C433&ssl=1","datePublished":"2012-10-04T04:00:00+00:00","dateModified":"2022-10-21T22:54:04+00:00","description":"Una vez m\u00e1s la Escuela de Arte y Dise\u00f1o de Altos de Chav\u00f3n es pionera en un nuevo territorio. Dominicana Moda, es un prestigioso evento de \u201cfashion week\u201d","breadcrumb":{"@id":"https:\/\/casadecampoliving.com\/es\/estilo-2012-el-nuevo-resort-wear-domina-por-stephen-kaplan\/#breadcrumb"},"inLanguage":"es","potentialAction":[{"@type":"ReadAction","target":["https:\/\/casadecampoliving.com\/es\/estilo-2012-el-nuevo-resort-wear-domina-por-stephen-kaplan\/"]}]},{"@type":"ImageObject","inLanguage":"es","@id":"https:\/\/casadecampoliving.com\/es\/estilo-2012-el-nuevo-resort-wear-domina-por-stephen-kaplan\/#primaryimage","url":"https:\/\/i0.wp.com\/casadecampoliving.com\/wp-content\/uploads\/2022\/10\/Altos_de_Chavon_moda1-1.jpg?fit=650%2C433&ssl=1","contentUrl":"https:\/\/i0.wp.com\/casadecampoliving.com\/wp-content\/uploads\/2022\/10\/Altos_de_Chavon_moda1-1.jpg?fit=650%2C433&ssl=1","width":650,"height":433,"caption":"altos de chavon moda"},{"@type":"BreadcrumbList","@id":"https:\/\/casadecampoliving.com\/es\/estilo-2012-el-nuevo-resort-wear-domina-por-stephen-kaplan\/#breadcrumb","itemListElement":[{"@type":"ListItem","position":1,"name":"Home","item":"https:\/\/casadecampoliving.com\/es\/"},{"@type":"ListItem","position":2,"name":"Estilo 2012: &#8220;El Nuevo &#8220;Resort Wear&#8221; domina!&#8221; por Stephen Kaplan"}]},{"@type":"WebSite","@id":"https:\/\/casadecampoliving.com\/es\/#website","url":"https:\/\/casadecampoliving.com\/es\/","name":"Casa de Campo Living","description":"Resort community news and resources.","publisher":{"@id":"https:\/\/casadecampoliving.com\/es\/#organization"},"potentialAction":[{"@type":"SearchAction","target":{"@type":"EntryPoint","urlTemplate":"https:\/\/casadecampoliving.com\/es\/?s={search_term_string}"},"query-input":{"@type":"PropertyValueSpecification","valueRequired":true,"valueName":"search_term_string"}}],"inLanguage":"es"},{"@type":"Organization","@id":"https:\/\/casadecampoliving.com\/es\/#organization","name":"Casa de Campo Living","url":"https:\/\/casadecampoliving.com\/es\/","logo":{"@type":"ImageObject","inLanguage":"es","@id":"https:\/\/casadecampoliving.com\/es\/#\/schema\/logo\/image\/","url":"https:\/\/i0.wp.com\/casadecampoliving.com\/wp-content\/uploads\/2022\/07\/CDCLivingLogo_V1-white-sized.png?fit=800%2C214&ssl=1","contentUrl":"https:\/\/i0.wp.com\/casadecampoliving.com\/wp-content\/uploads\/2022\/07\/CDCLivingLogo_V1-white-sized.png?fit=800%2C214&ssl=1","width":800,"height":214,"caption":"Casa de Campo Living"},"image":{"@id":"https:\/\/casadecampoliving.com\/es\/#\/schema\/logo\/image\/"},"sameAs":["https:\/\/www.facebook.com\/casadecampoliving","https:\/\/x.com\/cdcliving"]},{"@type":"Person","@id":"https:\/\/casadecampoliving.com\/es\/#\/schema\/person\/7e3b975d584a5f6ac0fd7128a81b0bc5","name":"","image":{"@type":"ImageObject","inLanguage":"es","@id":"https:\/\/secure.gravatar.com\/avatar\/?s=96&d=mm&r=g","url":"https:\/\/secure.gravatar.com\/avatar\/?s=96&d=mm&r=g","contentUrl":"https:\/\/secure.gravatar.com\/avatar\/?s=96&d=mm&r=g"},"url":"https:\/\/casadecampoliving.com\/es\/author\/ \/"}]}},"parsely":{"version":"1.1.0","canonical_url":"https:\/\/casadecampoliving.com\/es\/estilo-2012-el-nuevo-resort-wear-domina-por-stephen-kaplan\/","smart_links":{"inbound":0,"outbound":0},"traffic_boost_suggestions_count":0,"meta":{"@context":"https:\/\/schema.org","@type":"NewsArticle","headline":"Estilo 2012: \u00abEl Nuevo \u00abResort Wear\u00bb domina!\u00bb por Stephen Kaplan","url":"http:\/\/casadecampoliving.com\/es\/estilo-2012-el-nuevo-resort-wear-domina-por-stephen-kaplan\/","mainEntityOfPage":{"@type":"WebPage","@id":"http:\/\/casadecampoliving.com\/es\/estilo-2012-el-nuevo-resort-wear-domina-por-stephen-kaplan\/"},"thumbnailUrl":"https:\/\/i0.wp.com\/casadecampoliving.com\/wp-content\/uploads\/2022\/10\/Altos_de_Chavon_moda1-1.jpg?resize=150%2C150&ssl=1","image":{"@type":"ImageObject","url":"https:\/\/i0.wp.com\/casadecampoliving.com\/wp-content\/uploads\/2022\/10\/Altos_de_Chavon_moda1-1.jpg?fit=650%2C433&ssl=1"},"articleSection":"Altos de Chavon @es","author":[{"@type":"Person","name":"FB_515917546"}],"creator":["FB_515917546"],"publisher":{"@type":"Organization","name":"Casa de Campo Living","logo":"https:\/\/casadecampoliving.com\/wp-content\/uploads\/2022\/07\/CDCLivingLogo_V1-white-sized.png"},"keywords":["altos de chavon","dominicana moda","escuela de arte y diseno de altos de chavon","hotel embajador","santo domingo"],"dateCreated":"2012-10-04T04:00:00Z","datePublished":"2012-10-04T04:00:00Z","dateModified":"2022-10-21T22:54:04Z"},"rendered":"<script type=\"application\/ld+json\" class=\"wp-parsely-metadata\">{\"@context\":\"https:\\\/\\\/schema.org\",\"@type\":\"NewsArticle\",\"headline\":\"Estilo 2012: \\u00abEl Nuevo \\u00abResort Wear\\u00bb domina!\\u00bb por Stephen Kaplan\",\"url\":\"http:\\\/\\\/casadecampoliving.com\\\/es\\\/estilo-2012-el-nuevo-resort-wear-domina-por-stephen-kaplan\\\/\",\"mainEntityOfPage\":{\"@type\":\"WebPage\",\"@id\":\"http:\\\/\\\/casadecampoliving.com\\\/es\\\/estilo-2012-el-nuevo-resort-wear-domina-por-stephen-kaplan\\\/\"},\"thumbnailUrl\":\"https:\\\/\\\/i0.wp.com\\\/casadecampoliving.com\\\/wp-content\\\/uploads\\\/2022\\\/10\\\/Altos_de_Chavon_moda1-1.jpg?resize=150%2C150&ssl=1\",\"image\":{\"@type\":\"ImageObject\",\"url\":\"https:\\\/\\\/i0.wp.com\\\/casadecampoliving.com\\\/wp-content\\\/uploads\\\/2022\\\/10\\\/Altos_de_Chavon_moda1-1.jpg?fit=650%2C433&ssl=1\"},\"articleSection\":\"Altos de Chavon @es\",\"author\":[{\"@type\":\"Person\",\"name\":\"FB_515917546\"}],\"creator\":[\"FB_515917546\"],\"publisher\":{\"@type\":\"Organization\",\"name\":\"Casa de Campo Living\",\"logo\":\"https:\\\/\\\/casadecampoliving.com\\\/wp-content\\\/uploads\\\/2022\\\/07\\\/CDCLivingLogo_V1-white-sized.png\"},\"keywords\":[\"altos de chavon\",\"dominicana moda\",\"escuela de arte y diseno de altos de chavon\",\"hotel embajador\",\"santo domingo\"],\"dateCreated\":\"2012-10-04T04:00:00Z\",\"datePublished\":\"2012-10-04T04:00:00Z\",\"dateModified\":\"2022-10-21T22:54:04Z\"}<\/script>","tracker_url":"https:\/\/cdn.parsely.com\/keys\/casadecampoliving.com\/p.js"},"jetpack_publicize_connections":[],"jetpack_featured_media_url":"https:\/\/i0.wp.com\/casadecampoliving.com\/wp-content\/uploads\/2022\/10\/Altos_de_Chavon_moda1-1.jpg?fit=650%2C433&ssl=1","jetpack-related-posts":[{"id":433460,"url":"https:\/\/casadecampoliving.com\/es\/no-se-pierdan-el-increible-tributo-a-frank-sinatra-para-celebrar-el-40-aniversario-del-anfiteatro-altos-de-chavon\/","url_meta":{"origin":339857,"position":0},"title":"No se pierdan el incre\u00edble tributo a Frank Sinatra para celebrar el 40 aniversario del\u00a0Anfiteatro Altos de Chav\u00f3n","author":"Casa de Campo Living","date":"20 Oct, 2022","format":false,"excerpt":"Siendo uno de los escenarios m\u00e1s emblem\u00e1ticos del pa\u00eds, Casa de Campo Resort\u00ae & Villas celebra las cuatro d\u00e9cadas de aniversario de Altos de Chav\u00f3n con un tributo al gran Frank Sinatra, protagonizado por artistas invitados y una big band tal cual la que acompa\u00f1\u00f3 al artista hace 40 a\u00f1os\u2026","rel":"","context":"En \u00abUncategorized @es\u00bb","block_context":{"text":"Uncategorized @es","link":"https:\/\/casadecampoliving.com\/es\/category\/uncategorized-es\/"},"img":{"alt_text":"","src":"https:\/\/i0.wp.com\/casadecampoliving.com\/wp-content\/uploads\/2022\/10\/Tributo-Frank-Sinatra-Foto-Principal-Amaury-Sanchez-Danilo-Ginebra-Andres-Pichardo-y-Jose-Gabriel-Perez-.jpg?fit=1200%2C873&ssl=1&resize=350%2C200","width":350,"height":200,"srcset":"https:\/\/i0.wp.com\/casadecampoliving.com\/wp-content\/uploads\/2022\/10\/Tributo-Frank-Sinatra-Foto-Principal-Amaury-Sanchez-Danilo-Ginebra-Andres-Pichardo-y-Jose-Gabriel-Perez-.jpg?fit=1200%2C873&ssl=1&resize=350%2C200 1x, https:\/\/i0.wp.com\/casadecampoliving.com\/wp-content\/uploads\/2022\/10\/Tributo-Frank-Sinatra-Foto-Principal-Amaury-Sanchez-Danilo-Ginebra-Andres-Pichardo-y-Jose-Gabriel-Perez-.jpg?fit=1200%2C873&ssl=1&resize=525%2C300 1.5x, https:\/\/i0.wp.com\/casadecampoliving.com\/wp-content\/uploads\/2022\/10\/Tributo-Frank-Sinatra-Foto-Principal-Amaury-Sanchez-Danilo-Ginebra-Andres-Pichardo-y-Jose-Gabriel-Perez-.jpg?fit=1200%2C873&ssl=1&resize=700%2C400 2x, https:\/\/i0.wp.com\/casadecampoliving.com\/wp-content\/uploads\/2022\/10\/Tributo-Frank-Sinatra-Foto-Principal-Amaury-Sanchez-Danilo-Ginebra-Andres-Pichardo-y-Jose-Gabriel-Perez-.jpg?fit=1200%2C873&ssl=1&resize=1050%2C600 3x"},"classes":[]},{"id":341186,"url":"https:\/\/casadecampoliving.com\/es\/reserve-la-fecha-estilo-2013-classic-future-desfile-de-moda-a-cargo-de-la-escuela-de-arte-y-diseno-de-altos-de-chavon\/","url_meta":{"origin":339857,"position":1},"title":"\u00a1Reserve la fecha! Estilo 2013 \u00abClassic Future\u00bb desfile de moda a cargo de la Escuela de Arte y dise\u00f1o de Altos de Chav\u00f3n","author":"Mairobi Herrera","date":"29 Abr, 2013","format":false,"excerpt":"El viernes 17 de mayo, La Escuela de Dise\u00f1o de Altos de Chav\u00f3n presentar\u00e1 el vig\u00e9simo noveno desfile anual de los estudiantes de moda en el Sal\u00f3n Flamboy\u00e1n del centro de conferencias en Casa de Campo. Es una noche especial, cuando los estudiantes de Dise\u00f1o de Modas presentan su trabajo\u2026","rel":"","context":"En \u00abAltos de Chavon @es\u00bb","block_context":{"text":"Altos de Chavon @es","link":"https:\/\/casadecampoliving.com\/category\/altos-de-chavon-es\/"},"img":{"alt_text":"estilo 2013","src":"https:\/\/i0.wp.com\/casadecampoliving.com\/wp-content\/uploads\/2022\/10\/estilo_2013-1.jpg?fit=650%2C344&ssl=1&resize=350%2C200","width":350,"height":200,"srcset":"https:\/\/i0.wp.com\/casadecampoliving.com\/wp-content\/uploads\/2022\/10\/estilo_2013-1.jpg?fit=650%2C344&ssl=1&resize=350%2C200 1x, https:\/\/i0.wp.com\/casadecampoliving.com\/wp-content\/uploads\/2022\/10\/estilo_2013-1.jpg?fit=650%2C344&ssl=1&resize=525%2C300 1.5x"},"classes":[]},{"id":348424,"url":"https:\/\/casadecampoliving.com\/es\/la-escuela-de-diseno-de-altos-de-chavon-participara-en-dominicana-moda-la-proxima-semana\/","url_meta":{"origin":339857,"position":2},"title":"\u00a1La Escuela de Dise\u00f1o de Altos de Chav\u00f3n participar\u00e1 en Dominicana Moda la pr\u00f3xima semana!","author":"Felix Guerrero","date":"16 Oct, 2015","format":false,"excerpt":"Dominicana Moda, fue en su momento\u00a0el primero y el \u00fanico evento de moda del pa\u00eds. Tiene\u00a0la visi\u00f3n de dar a conocer al mundo el talento de los dise\u00f1adores de Rep\u00fablica Dominicana. El evento se estar\u00e1 llevando a cabo desde el martes 20 hasta el s\u00e1bado 24 de octubre, en el\u2026","rel":"","context":"En \u00abAltos de Chavon @es\u00bb","block_context":{"text":"Altos de Chavon @es","link":"https:\/\/casadecampoliving.com\/category\/altos-de-chavon-es\/"},"img":{"alt_text":"Adc Dominicana Moda 01","src":"https:\/\/i0.wp.com\/casadecampoliving.com\/wp-content\/uploads\/2022\/10\/Adc_Dominicana_Moda_01-1.jpg?fit=650%2C400&ssl=1&resize=350%2C200","width":350,"height":200,"srcset":"https:\/\/i0.wp.com\/casadecampoliving.com\/wp-content\/uploads\/2022\/10\/Adc_Dominicana_Moda_01-1.jpg?fit=650%2C400&ssl=1&resize=350%2C200 1x, https:\/\/i0.wp.com\/casadecampoliving.com\/wp-content\/uploads\/2022\/10\/Adc_Dominicana_Moda_01-1.jpg?fit=650%2C400&ssl=1&resize=525%2C300 1.5x"},"classes":[]},{"id":337164,"url":"https:\/\/casadecampoliving.com\/es\/egresados-de-chavon-presentan-desfile-en-dominicana-moda-a-beneficio-del-hogar-del-nino-2\/","url_meta":{"origin":339857,"position":3},"title":"Egresados de Chav\u00f3n presentan desfile en Dominicana Moda a beneficio del Hogar del Ni\u00f1o","author":"","date":"6 Oct, 2011","format":false,"excerpt":"\u00a0Los egresados de la Escuela de Altos de Chav\u00f3n presentar\u00e1n el desfile de moda \u201cLa Ruta de la Seda\u201d en Dominicana Moda 2011 en Santo Domingo a beneficio del Hogar del Ni\u00f1o\u00a0el 22 de octubre. Las detalles del evento son: \u201cLa Ruta de la Seda\u201d Desfile de Modas de los\u2026","rel":"","context":"En \u00abAltos de Chavon @es\u00bb","block_context":{"text":"Altos de Chavon @es","link":"https:\/\/casadecampoliving.com\/category\/altos-de-chavon-es\/"},"img":{"alt_text":"","src":"https:\/\/i0.wp.com\/casadecampoliving.com\/wp-content\/uploads\/2022\/10\/dominicana_moda_altos_de_chavon-1.jpg?fit=565%2C263&ssl=1&resize=350%2C200","width":350,"height":200,"srcset":"https:\/\/i0.wp.com\/casadecampoliving.com\/wp-content\/uploads\/2022\/10\/dominicana_moda_altos_de_chavon-1.jpg?fit=565%2C263&ssl=1&resize=350%2C200 1x, https:\/\/i0.wp.com\/casadecampoliving.com\/wp-content\/uploads\/2022\/10\/dominicana_moda_altos_de_chavon-1.jpg?fit=565%2C263&ssl=1&resize=525%2C300 1.5x"},"classes":[]},{"id":350637,"url":"https:\/\/casadecampoliving.com\/es\/chavon-escuela-de-diseno-en-dominicana-moda\/","url_meta":{"origin":339857,"position":4},"title":"Chav\u00f3n Escuela de Dise\u00f1o anuncia la participaci\u00f3n de su exhibici\u00f3n en Dominicana Moda!","author":"Heather Lincoln","date":"14 Oct, 2016","format":false,"excerpt":"Es esa \u00e9poca del a\u00f1o otra vez! Usted se estar\u00e1 preguntando cual\u2026 bueno, es uno de nuestros favoritos. Dominicana Moda comienza la PR\u00d3XIMA SEMANA con los mejores dise\u00f1adores de la RD, dise\u00f1adores internacionales, fashionistas, bloggers y estilistas, fot\u00f3grafos y hola \u2026 \u00a1ropa hermosa! Con desfiles de Jos\u00e9 Jhan, Mois\u00e9s Quesada,\u2026","rel":"","context":"En \u00abAltos de Chavon @es\u00bb","block_context":{"text":"Altos de Chavon @es","link":"https:\/\/casadecampoliving.com\/category\/altos-de-chavon-es\/"},"img":{"alt_text":"Dominicana Moda 2015 Chav\u00f3n School of Design","src":"https:\/\/i0.wp.com\/casadecampoliving.com\/wp-content\/uploads\/2022\/10\/Freddy_Cruz_Photography-0260.jpg?fit=1000%2C667&ssl=1&resize=350%2C200","width":350,"height":200,"srcset":"https:\/\/i0.wp.com\/casadecampoliving.com\/wp-content\/uploads\/2022\/10\/Freddy_Cruz_Photography-0260.jpg?fit=1000%2C667&ssl=1&resize=350%2C200 1x, https:\/\/i0.wp.com\/casadecampoliving.com\/wp-content\/uploads\/2022\/10\/Freddy_Cruz_Photography-0260.jpg?fit=1000%2C667&ssl=1&resize=525%2C300 1.5x, https:\/\/i0.wp.com\/casadecampoliving.com\/wp-content\/uploads\/2022\/10\/Freddy_Cruz_Photography-0260.jpg?fit=1000%2C667&ssl=1&resize=700%2C400 2x"},"classes":[]},{"id":340022,"url":"https:\/\/casadecampoliving.com\/es\/dominicana-moda-presenta-el-desfile-y-tesis-de-diseno-de-moda-de-la-escuela-de-diseno-de-altos-de-chavon-2012\/","url_meta":{"origin":339857,"position":5},"title":"Dominicana Moda presenta el desfile y tesis de Dise\u00f1o de Moda de la Escuela de Dise\u00f1o de Altos de Chav\u00f3n 2012!","author":"Stephen Kaplan","date":"28 Oct, 2012","format":false,"excerpt":"Normalmente, Dominicana Moda, la semana de Moda de la Rep\u00fablica Dominicana, muestra el trabajo de dise\u00f1adores individuales. Pero por un segundo a\u00f1o sin precedentes, la Escuela de Arte y Dise\u00f1o de Altos de Chav\u00f3n fue invitada a participar en este prestigioso evento. El hurac\u00e1n Sandy tambi\u00e9n estuvo presente. Las lluvias\u2026","rel":"","context":"En \u00abAltos de Chavon @es\u00bb","block_context":{"text":"Altos de Chavon @es","link":"https:\/\/casadecampoliving.com\/category\/altos-de-chavon-es\/"},"img":{"alt_text":"dominicana moda","src":"https:\/\/i0.wp.com\/casadecampoliving.com\/wp-content\/uploads\/2022\/10\/dominicana_moda1-1.jpg?fit=650%2C400&ssl=1&resize=350%2C200","width":350,"height":200,"srcset":"https:\/\/i0.wp.com\/casadecampoliving.com\/wp-content\/uploads\/2022\/10\/dominicana_moda1-1.jpg?fit=650%2C400&ssl=1&resize=350%2C200 1x, https:\/\/i0.wp.com\/casadecampoliving.com\/wp-content\/uploads\/2022\/10\/dominicana_moda1-1.jpg?fit=650%2C400&ssl=1&resize=525%2C300 1.5x"},"classes":[]}],"jetpack_sharing_enabled":true,"_links":{"self":[{"href":"https:\/\/casadecampoliving.com\/es\/wp-json\/wp\/v2\/posts\/339857","targetHints":{"allow":["GET"]}}],"collection":[{"href":"https:\/\/casadecampoliving.com\/es\/wp-json\/wp\/v2\/posts"}],"about":[{"href":"https:\/\/casadecampoliving.com\/es\/wp-json\/wp\/v2\/types\/post"}],"author":[{"embeddable":true,"href":"https:\/\/casadecampoliving.com\/es\/wp-json\/wp\/v2\/users\/21"}],"replies":[{"embeddable":true,"href":"https:\/\/casadecampoliving.com\/es\/wp-json\/wp\/v2\/comments?post=339857"}],"version-history":[{"count":1,"href":"https:\/\/casadecampoliving.com\/es\/wp-json\/wp\/v2\/posts\/339857\/revisions"}],"predecessor-version":[{"id":339858,"href":"https:\/\/casadecampoliving.com\/es\/wp-json\/wp\/v2\/posts\/339857\/revisions\/339858"}],"wp:featuredmedia":[{"embeddable":true,"href":"https:\/\/casadecampoliving.com\/es\/wp-json\/wp\/v2\/media\/272792"}],"wp:attachment":[{"href":"https:\/\/casadecampoliving.com\/es\/wp-json\/wp\/v2\/media?parent=339857"}],"wp:term":[{"taxonomy":"category","embeddable":true,"href":"https:\/\/casadecampoliving.com\/es\/wp-json\/wp\/v2\/categories?post=339857"},{"taxonomy":"post_tag","embeddable":true,"href":"https:\/\/casadecampoliving.com\/es\/wp-json\/wp\/v2\/tags?post=339857"},{"taxonomy":"newspack_spnsrs_tax","embeddable":true,"href":"https:\/\/casadecampoliving.com\/es\/wp-json\/wp\/v2\/newspack_spnsrs_tax?post=339857"}],"curies":[{"name":"wp","href":"https:\/\/api.w.org\/{rel}","templated":true}]}}