{"id":339739,"date":"2012-09-13T00:00:00","date_gmt":"2012-09-13T04:00:00","guid":{"rendered":"https:\/\/casadecampoliving.com\/noche-de-tango-una-noche-de-romance-y-pasion-en-la-cantina-sabado-22-de-sept\/"},"modified":"2022-10-21T18:48:40","modified_gmt":"2022-10-21T22:48:40","slug":"noche-de-tango-una-noche-de-romance-y-pasion-en-la-cantina-sabado-22-de-sept","status":"publish","type":"post","link":"https:\/\/casadecampoliving.com\/es\/noche-de-tango-una-noche-de-romance-y-pasion-en-la-cantina-sabado-22-de-sept\/","title":{"rendered":"\u00abNoche de tango\u00bb, una noche de romance y pasi\u00f3n en La Cantina, s\u00e1bado 22 de sept.!"},"content":{"rendered":"<div class=\"wp-block-image\">\n<figure class=\"aligncenter is-resized\"><img loading=\"lazy\" decoding=\"async\" src=\"https:\/\/i0.wp.com\/casadecampoliving.com\/wp-content\/uploads\/2022\/10\/tango_night.jpg?resize=650%2C402&amp;ssl=1\" alt=\"tango night\" class=\"wp-image-57751\" title=\"tango_night\" height=\"402\" width=\"650\"\/><\/figure>\n<\/div>\n\n\n<p class=\"wp-block-paragraph\">El pr\u00f3ximo s\u00e1bado 22 de septiembre, La Cantina Latin Bistro de Altos de Chav\u00f3n le invita a una noche de romance y pasi\u00f3n en su primera \u201cNoche de Tango\u201d, acompa\u00f1ada de un tradicional asado argentino! <\/p>\n\n\n\n<!--more-->\n\n\n\n<blockquote class=\"wp-block-quote is-layout-flow wp-block-quote-is-layout-flow\"><p><strong><em>\u201cQueremos traer algo un poco diferente para la familia de Casa de Campo \u2013 una noche llena de romance y pasi\u00f3n al puro estilo de los argentinos! Gran compa\u00f1\u00eda y comida y bebidas deliciosas\u201d!<\/em><\/strong><\/p><p style=\"padding-left: 30px;\">\u2014 Cecil DeHaas, gerente de La Cantina en Altos de Chav\u00f3n<\/p><\/blockquote>\n\n\n\n<p class=\"wp-block-paragraph\">En el asado argentino, habr\u00e1 una deliciosa selecci\u00f3n de chorizo, pinchos, sOn the Argentinian Asado will be a delicious selection of chorizo, kebabs, solomillo, chuletas y churrasco, al igual que cerdo y pollo \u2013 todo lo que pueda comer s\u00f3lo por RD$1,000! Mientras tanto, para incentivar su apetito, habr\u00e1 una fina selecci\u00f3n de vinos argentinos, al igual que c\u00f3cteles argentinos en 2\u00d71!<\/p>\n\n\n\n<p class=\"wp-block-paragraph\">Entreteniendo a los invitados, star\u00e1 un grupo de 4 bailarines de tango quienes bailar\u00e1n toda la noche, dando unos cuantos tips a todos los interesados en bailar tambi\u00e9n!<\/p>\n\n\n\n<blockquote class=\"wp-block-quote is-layout-flow wp-block-quote-is-layout-flow\"><p><strong>\u201cNoche de Tango\u201d<\/strong><\/p><p><strong>Cu\u00e1ndo:<\/strong> S\u00e1bado 22 de septiembre<\/p><p><strong>D\u00f3nde:<\/strong> La Cantina en Altos de Chav\u00f3n<\/p><p><strong>Costo:<\/strong> RD$1,000 \u201copen grill\u201d<\/p><p><strong>Reservaciones:<\/strong> (809) 523-1800<\/p><\/blockquote>\n\n\n\n<blockquote><p style=\"text-align: center;\"><strong><a href=\"https:\/\/casadecampoliving.com\/es\/2012\/08\/exquisitos-sabores-y-ritmos-espanoles-en-la-cantina-altos-de-chavon\/\">Festival de Paella Festival: Ritmos y sabores espa\u00f1oles en La Cantina!<br>\n<\/a><\/strong><\/p><figure><img decoding=\"async\" loading=\"lazy\" class=\"aligncenter  wp-image-57168\" title=\"paella_festival_la_cantina\" src=\"https:\/\/i0.wp.com\/casadecampoliving.com\/wp-content\/uploads\/2022\/10\/paella_festival_la_cantina1.jpg?resize=585%2C387&amp;ssl=1\" alt=\"paella festival la cantina\" width=\"585\" height=\"387\"><\/figure><p style=\"text-align: center;\"><\/p><p style=\"text-align: left;\">Recientemente, La Cantina en Altos de Chav\u00f3n organiz\u00f3 un exitoso Festival de Paella!<\/p><p style=\"text-align: left;\"><a href=\"https:\/\/casadecampoliving.com\/es\/2012\/08\/exquisitos-sabores-y-ritmos-espanoles-en-la-cantina-altos-de-chavon\/\"><em><strong>Para ver fotos y la historia completa, haga click aqu\u00ed!<\/strong><\/em><\/a><\/p><\/blockquote>\n","protected":false},"excerpt":{"rendered":"<p>El pr\u00f3ximo s\u00e1bado 22 de septiembre, La Cantina Latin Bistro de Altos de Chav\u00f3n le invita a una noche de romance y pasi\u00f3n en su primera \u201cNoche de Tango\u201d, acompa\u00f1ada de un tradicional asado argentino!<\/p>\n","protected":false},"author":21,"featured_media":269919,"comment_status":"closed","ping_status":"closed","sticky":false,"template":"","format":"standard","meta":{"newspack_ads_suppress_ads":false,"newspack_popups_has_disabled_popups":false,"newspack_sponsor_sponsorship_scope":"","newspack_sponsor_native_byline_display":"inherit","newspack_sponsor_native_category_display":"inherit","newspack_sponsor_underwriter_style":"inherit","newspack_sponsor_underwriter_placement":"inherit","_newspack_byline_active":false,"_newspack_byline":"","newspack_hide_updated_date":false,"newspack_show_updated_date":false,"newspack_featured_image_position":"","newspack_post_subtitle":"","newspack_article_summary_title":"Overview:","newspack_article_summary":"","_jetpack_memberships_contains_paid_content":false,"footnotes":"","jetpack_publicize_message":"{title}\n\n{excerpt}\n\n{url}","jetpack_publicize_feature_enabled":true,"jetpack_social_post_already_shared":false,"jetpack_social_options":{"image_generator_settings":{"template":"highway","default_image_id":0,"font":"","enabled":false},"version":2},"_wpas_customize_per_network":false},"categories":[26819,2524,2522,14627],"tags":[15387,5178,3089],"newspack_spnsrs_tax":[],"class_list":["post-339739","post","type-post","status-publish","format-standard","has-post-thumbnail","hentry","category-altos-de-chavon-es","category-destacados","category-eventos-es","category-proximamente","tag-altos-de-chavon-es","tag-asado-argentino","tag-la-cantina","entry"],"yoast_head":"<!-- This site is optimized with the Yoast SEO plugin v28.3 - https:\/\/yoast.com\/product\/yoast-seo-wordpress\/ -->\n<title>&quot;Noche de tango&quot;, una noche de romance y pasi\u00f3n en La Cantina, s\u00e1bado 22 de sept.! | Casa de Campo Living<\/title>\n<meta name=\"description\" content=\"El pr\u00f3ximo s\u00e1bado 22 de septiembre, La Cantina Latin Bistro de Altos de Chav\u00f3n le invita a una noche de romance y pasi\u00f3n en su primera \u201cNoche de Tango\u201d,\" \/>\n<meta name=\"robots\" content=\"index, follow, max-snippet:-1, max-image-preview:large, max-video-preview:-1\" \/>\n<link rel=\"canonical\" href=\"https:\/\/casadecampoliving.com\/es\/noche-de-tango-una-noche-de-romance-y-pasion-en-la-cantina-sabado-22-de-sept\/\" \/>\n<meta property=\"og:locale\" content=\"es_ES\" \/>\n<meta property=\"og:type\" content=\"article\" \/>\n<meta property=\"og:title\" content=\"&quot;Noche de tango&quot;, una noche de romance y pasi\u00f3n en La Cantina, s\u00e1bado 22 de sept.! | Casa de Campo Living\" \/>\n<meta property=\"og:description\" content=\"El pr\u00f3ximo s\u00e1bado 22 de septiembre, La Cantina Latin Bistro de Altos de Chav\u00f3n le invita a una noche de romance y pasi\u00f3n en su primera \u201cNoche de Tango\u201d,\" \/>\n<meta property=\"og:url\" content=\"https:\/\/casadecampoliving.com\/es\/noche-de-tango-una-noche-de-romance-y-pasion-en-la-cantina-sabado-22-de-sept\/\" \/>\n<meta property=\"og:site_name\" content=\"Casa de Campo Living\" \/>\n<meta property=\"article:publisher\" content=\"https:\/\/www.facebook.com\/casadecampoliving\" \/>\n<meta property=\"article:published_time\" content=\"2012-09-13T04:00:00+00:00\" \/>\n<meta property=\"article:modified_time\" content=\"2022-10-21T22:48:40+00:00\" \/>\n<meta property=\"og:image\" content=\"https:\/\/i0.wp.com\/casadecampoliving.com\/wp-content\/uploads\/2022\/10\/tango_night-1.jpg?fit=650%2C402&ssl=1\" \/>\n\t<meta property=\"og:image:width\" content=\"650\" \/>\n\t<meta property=\"og:image:height\" content=\"402\" \/>\n\t<meta property=\"og:image:type\" content=\"image\/jpeg\" \/>\n<meta name=\"twitter:card\" content=\"summary_large_image\" \/>\n<meta name=\"twitter:creator\" content=\"@cdcliving\" \/>\n<meta name=\"twitter:site\" content=\"@cdcliving\" \/>\n<meta name=\"twitter:label1\" content=\"Escrito por\" \/>\n\t<meta name=\"twitter:data1\" content=\"\" \/>\n\t<meta name=\"twitter:label2\" content=\"Tiempo de lectura\" \/>\n\t<meta name=\"twitter:data2\" content=\"1 minuto\" \/>\n<script type=\"application\/ld+json\" class=\"yoast-schema-graph\">{\"@context\":\"https:\\\/\\\/schema.org\",\"@graph\":[{\"@type\":\"Article\",\"@id\":\"https:\\\/\\\/casadecampoliving.com\\\/es\\\/noche-de-tango-una-noche-de-romance-y-pasion-en-la-cantina-sabado-22-de-sept\\\/#article\",\"isPartOf\":{\"@id\":\"https:\\\/\\\/casadecampoliving.com\\\/es\\\/noche-de-tango-una-noche-de-romance-y-pasion-en-la-cantina-sabado-22-de-sept\\\/\"},\"author\":{\"name\":\"\",\"@id\":\"https:\\\/\\\/casadecampoliving.com\\\/es\\\/#\\\/schema\\\/person\\\/7e3b975d584a5f6ac0fd7128a81b0bc5\"},\"headline\":\"\u00abNoche de tango\u00bb, una noche de romance y pasi\u00f3n en La Cantina, s\u00e1bado 22 de sept.!\",\"datePublished\":\"2012-09-13T04:00:00+00:00\",\"dateModified\":\"2022-10-21T22:48:40+00:00\",\"mainEntityOfPage\":{\"@id\":\"https:\\\/\\\/casadecampoliving.com\\\/es\\\/noche-de-tango-una-noche-de-romance-y-pasion-en-la-cantina-sabado-22-de-sept\\\/\"},\"wordCount\":255,\"publisher\":{\"@id\":\"https:\\\/\\\/casadecampoliving.com\\\/es\\\/#organization\"},\"image\":{\"@id\":\"https:\\\/\\\/casadecampoliving.com\\\/es\\\/noche-de-tango-una-noche-de-romance-y-pasion-en-la-cantina-sabado-22-de-sept\\\/#primaryimage\"},\"thumbnailUrl\":\"https:\\\/\\\/i0.wp.com\\\/casadecampoliving.com\\\/wp-content\\\/uploads\\\/2022\\\/10\\\/tango_night-1.jpg?fit=650%2C402&ssl=1\",\"keywords\":[\"Altos de Chavon\",\"asado argentino\",\"la cantina\"],\"articleSection\":[\"Altos de Chavon @es\",\"Destacados\",\"Eventos\",\"Proximamente\"],\"inLanguage\":\"es\"},{\"@type\":\"WebPage\",\"@id\":\"https:\\\/\\\/casadecampoliving.com\\\/es\\\/noche-de-tango-una-noche-de-romance-y-pasion-en-la-cantina-sabado-22-de-sept\\\/\",\"url\":\"https:\\\/\\\/casadecampoliving.com\\\/es\\\/noche-de-tango-una-noche-de-romance-y-pasion-en-la-cantina-sabado-22-de-sept\\\/\",\"name\":\"\\\"Noche de tango\\\", una noche de romance y pasi\u00f3n en La Cantina, s\u00e1bado 22 de sept.! | Casa de Campo Living\",\"isPartOf\":{\"@id\":\"https:\\\/\\\/casadecampoliving.com\\\/es\\\/#website\"},\"primaryImageOfPage\":{\"@id\":\"https:\\\/\\\/casadecampoliving.com\\\/es\\\/noche-de-tango-una-noche-de-romance-y-pasion-en-la-cantina-sabado-22-de-sept\\\/#primaryimage\"},\"image\":{\"@id\":\"https:\\\/\\\/casadecampoliving.com\\\/es\\\/noche-de-tango-una-noche-de-romance-y-pasion-en-la-cantina-sabado-22-de-sept\\\/#primaryimage\"},\"thumbnailUrl\":\"https:\\\/\\\/i0.wp.com\\\/casadecampoliving.com\\\/wp-content\\\/uploads\\\/2022\\\/10\\\/tango_night-1.jpg?fit=650%2C402&ssl=1\",\"datePublished\":\"2012-09-13T04:00:00+00:00\",\"dateModified\":\"2022-10-21T22:48:40+00:00\",\"description\":\"El pr\u00f3ximo s\u00e1bado 22 de septiembre, La Cantina Latin Bistro de Altos de Chav\u00f3n le invita a una noche de romance y pasi\u00f3n en su primera \u201cNoche de Tango\u201d,\",\"breadcrumb\":{\"@id\":\"https:\\\/\\\/casadecampoliving.com\\\/es\\\/noche-de-tango-una-noche-de-romance-y-pasion-en-la-cantina-sabado-22-de-sept\\\/#breadcrumb\"},\"inLanguage\":\"es\",\"potentialAction\":[{\"@type\":\"ReadAction\",\"target\":[\"https:\\\/\\\/casadecampoliving.com\\\/es\\\/noche-de-tango-una-noche-de-romance-y-pasion-en-la-cantina-sabado-22-de-sept\\\/\"]}]},{\"@type\":\"ImageObject\",\"inLanguage\":\"es\",\"@id\":\"https:\\\/\\\/casadecampoliving.com\\\/es\\\/noche-de-tango-una-noche-de-romance-y-pasion-en-la-cantina-sabado-22-de-sept\\\/#primaryimage\",\"url\":\"https:\\\/\\\/i0.wp.com\\\/casadecampoliving.com\\\/wp-content\\\/uploads\\\/2022\\\/10\\\/tango_night-1.jpg?fit=650%2C402&ssl=1\",\"contentUrl\":\"https:\\\/\\\/i0.wp.com\\\/casadecampoliving.com\\\/wp-content\\\/uploads\\\/2022\\\/10\\\/tango_night-1.jpg?fit=650%2C402&ssl=1\",\"width\":650,\"height\":402,\"caption\":\"tango night\"},{\"@type\":\"BreadcrumbList\",\"@id\":\"https:\\\/\\\/casadecampoliving.com\\\/es\\\/noche-de-tango-una-noche-de-romance-y-pasion-en-la-cantina-sabado-22-de-sept\\\/#breadcrumb\",\"itemListElement\":[{\"@type\":\"ListItem\",\"position\":1,\"name\":\"Home\",\"item\":\"https:\\\/\\\/casadecampoliving.com\\\/es\\\/\"},{\"@type\":\"ListItem\",\"position\":2,\"name\":\"&#8220;Noche de tango&#8221;, una noche de romance y pasi\u00f3n en La Cantina, s\u00e1bado 22 de sept.!\"}]},{\"@type\":\"WebSite\",\"@id\":\"https:\\\/\\\/casadecampoliving.com\\\/es\\\/#website\",\"url\":\"https:\\\/\\\/casadecampoliving.com\\\/es\\\/\",\"name\":\"Casa de Campo Living\",\"description\":\"Resort community news and resources.\",\"publisher\":{\"@id\":\"https:\\\/\\\/casadecampoliving.com\\\/es\\\/#organization\"},\"potentialAction\":[{\"@type\":\"SearchAction\",\"target\":{\"@type\":\"EntryPoint\",\"urlTemplate\":\"https:\\\/\\\/casadecampoliving.com\\\/es\\\/?s={search_term_string}\"},\"query-input\":{\"@type\":\"PropertyValueSpecification\",\"valueRequired\":true,\"valueName\":\"search_term_string\"}}],\"inLanguage\":\"es\"},{\"@type\":\"Organization\",\"@id\":\"https:\\\/\\\/casadecampoliving.com\\\/es\\\/#organization\",\"name\":\"Casa de Campo Living\",\"url\":\"https:\\\/\\\/casadecampoliving.com\\\/es\\\/\",\"logo\":{\"@type\":\"ImageObject\",\"inLanguage\":\"es\",\"@id\":\"https:\\\/\\\/casadecampoliving.com\\\/es\\\/#\\\/schema\\\/logo\\\/image\\\/\",\"url\":\"https:\\\/\\\/i0.wp.com\\\/casadecampoliving.com\\\/wp-content\\\/uploads\\\/2022\\\/07\\\/CDCLivingLogo_V1-white-sized.png?fit=800%2C214&ssl=1\",\"contentUrl\":\"https:\\\/\\\/i0.wp.com\\\/casadecampoliving.com\\\/wp-content\\\/uploads\\\/2022\\\/07\\\/CDCLivingLogo_V1-white-sized.png?fit=800%2C214&ssl=1\",\"width\":800,\"height\":214,\"caption\":\"Casa de Campo Living\"},\"image\":{\"@id\":\"https:\\\/\\\/casadecampoliving.com\\\/es\\\/#\\\/schema\\\/logo\\\/image\\\/\"},\"sameAs\":[\"https:\\\/\\\/www.facebook.com\\\/casadecampoliving\",\"https:\\\/\\\/x.com\\\/cdcliving\"]},{\"@type\":\"Person\",\"@id\":\"https:\\\/\\\/casadecampoliving.com\\\/es\\\/#\\\/schema\\\/person\\\/7e3b975d584a5f6ac0fd7128a81b0bc5\",\"name\":\"\",\"image\":{\"@type\":\"ImageObject\",\"inLanguage\":\"es\",\"@id\":\"https:\\\/\\\/secure.gravatar.com\\\/avatar\\\/?s=96&d=mm&r=g\",\"url\":\"https:\\\/\\\/secure.gravatar.com\\\/avatar\\\/?s=96&d=mm&r=g\",\"contentUrl\":\"https:\\\/\\\/secure.gravatar.com\\\/avatar\\\/?s=96&d=mm&r=g\"},\"url\":\"https:\\\/\\\/casadecampoliving.com\\\/es\\\/author\\\/ \\\/\"}]}<\/script>\n<!-- \/ Yoast SEO plugin. -->","yoast_head_json":{"title":"\"Noche de tango\", una noche de romance y pasi\u00f3n en La Cantina, s\u00e1bado 22 de sept.! | Casa de Campo Living","description":"El pr\u00f3ximo s\u00e1bado 22 de septiembre, La Cantina Latin Bistro de Altos de Chav\u00f3n le invita a una noche de romance y pasi\u00f3n en su primera \u201cNoche de Tango\u201d,","robots":{"index":"index","follow":"follow","max-snippet":"max-snippet:-1","max-image-preview":"max-image-preview:large","max-video-preview":"max-video-preview:-1"},"canonical":"https:\/\/casadecampoliving.com\/es\/noche-de-tango-una-noche-de-romance-y-pasion-en-la-cantina-sabado-22-de-sept\/","og_locale":"es_ES","og_type":"article","og_title":"\"Noche de tango\", una noche de romance y pasi\u00f3n en La Cantina, s\u00e1bado 22 de sept.! | Casa de Campo Living","og_description":"El pr\u00f3ximo s\u00e1bado 22 de septiembre, La Cantina Latin Bistro de Altos de Chav\u00f3n le invita a una noche de romance y pasi\u00f3n en su primera \u201cNoche de Tango\u201d,","og_url":"https:\/\/casadecampoliving.com\/es\/noche-de-tango-una-noche-de-romance-y-pasion-en-la-cantina-sabado-22-de-sept\/","og_site_name":"Casa de Campo Living","article_publisher":"https:\/\/www.facebook.com\/casadecampoliving","article_published_time":"2012-09-13T04:00:00+00:00","article_modified_time":"2022-10-21T22:48:40+00:00","og_image":[{"width":650,"height":402,"url":"https:\/\/i0.wp.com\/casadecampoliving.com\/wp-content\/uploads\/2022\/10\/tango_night-1.jpg?fit=650%2C402&ssl=1","type":"image\/jpeg"}],"twitter_card":"summary_large_image","twitter_creator":"@cdcliving","twitter_site":"@cdcliving","twitter_misc":{"Escrito por":"","Tiempo de lectura":"1 minuto"},"schema":{"@context":"https:\/\/schema.org","@graph":[{"@type":"Article","@id":"https:\/\/casadecampoliving.com\/es\/noche-de-tango-una-noche-de-romance-y-pasion-en-la-cantina-sabado-22-de-sept\/#article","isPartOf":{"@id":"https:\/\/casadecampoliving.com\/es\/noche-de-tango-una-noche-de-romance-y-pasion-en-la-cantina-sabado-22-de-sept\/"},"author":{"name":"","@id":"https:\/\/casadecampoliving.com\/es\/#\/schema\/person\/7e3b975d584a5f6ac0fd7128a81b0bc5"},"headline":"\u00abNoche de tango\u00bb, una noche de romance y pasi\u00f3n en La Cantina, s\u00e1bado 22 de sept.!","datePublished":"2012-09-13T04:00:00+00:00","dateModified":"2022-10-21T22:48:40+00:00","mainEntityOfPage":{"@id":"https:\/\/casadecampoliving.com\/es\/noche-de-tango-una-noche-de-romance-y-pasion-en-la-cantina-sabado-22-de-sept\/"},"wordCount":255,"publisher":{"@id":"https:\/\/casadecampoliving.com\/es\/#organization"},"image":{"@id":"https:\/\/casadecampoliving.com\/es\/noche-de-tango-una-noche-de-romance-y-pasion-en-la-cantina-sabado-22-de-sept\/#primaryimage"},"thumbnailUrl":"https:\/\/i0.wp.com\/casadecampoliving.com\/wp-content\/uploads\/2022\/10\/tango_night-1.jpg?fit=650%2C402&ssl=1","keywords":["Altos de Chavon","asado argentino","la cantina"],"articleSection":["Altos de Chavon @es","Destacados","Eventos","Proximamente"],"inLanguage":"es"},{"@type":"WebPage","@id":"https:\/\/casadecampoliving.com\/es\/noche-de-tango-una-noche-de-romance-y-pasion-en-la-cantina-sabado-22-de-sept\/","url":"https:\/\/casadecampoliving.com\/es\/noche-de-tango-una-noche-de-romance-y-pasion-en-la-cantina-sabado-22-de-sept\/","name":"\"Noche de tango\", una noche de romance y pasi\u00f3n en La Cantina, s\u00e1bado 22 de sept.! | Casa de Campo Living","isPartOf":{"@id":"https:\/\/casadecampoliving.com\/es\/#website"},"primaryImageOfPage":{"@id":"https:\/\/casadecampoliving.com\/es\/noche-de-tango-una-noche-de-romance-y-pasion-en-la-cantina-sabado-22-de-sept\/#primaryimage"},"image":{"@id":"https:\/\/casadecampoliving.com\/es\/noche-de-tango-una-noche-de-romance-y-pasion-en-la-cantina-sabado-22-de-sept\/#primaryimage"},"thumbnailUrl":"https:\/\/i0.wp.com\/casadecampoliving.com\/wp-content\/uploads\/2022\/10\/tango_night-1.jpg?fit=650%2C402&ssl=1","datePublished":"2012-09-13T04:00:00+00:00","dateModified":"2022-10-21T22:48:40+00:00","description":"El pr\u00f3ximo s\u00e1bado 22 de septiembre, La Cantina Latin Bistro de Altos de Chav\u00f3n le invita a una noche de romance y pasi\u00f3n en su primera \u201cNoche de Tango\u201d,","breadcrumb":{"@id":"https:\/\/casadecampoliving.com\/es\/noche-de-tango-una-noche-de-romance-y-pasion-en-la-cantina-sabado-22-de-sept\/#breadcrumb"},"inLanguage":"es","potentialAction":[{"@type":"ReadAction","target":["https:\/\/casadecampoliving.com\/es\/noche-de-tango-una-noche-de-romance-y-pasion-en-la-cantina-sabado-22-de-sept\/"]}]},{"@type":"ImageObject","inLanguage":"es","@id":"https:\/\/casadecampoliving.com\/es\/noche-de-tango-una-noche-de-romance-y-pasion-en-la-cantina-sabado-22-de-sept\/#primaryimage","url":"https:\/\/i0.wp.com\/casadecampoliving.com\/wp-content\/uploads\/2022\/10\/tango_night-1.jpg?fit=650%2C402&ssl=1","contentUrl":"https:\/\/i0.wp.com\/casadecampoliving.com\/wp-content\/uploads\/2022\/10\/tango_night-1.jpg?fit=650%2C402&ssl=1","width":650,"height":402,"caption":"tango night"},{"@type":"BreadcrumbList","@id":"https:\/\/casadecampoliving.com\/es\/noche-de-tango-una-noche-de-romance-y-pasion-en-la-cantina-sabado-22-de-sept\/#breadcrumb","itemListElement":[{"@type":"ListItem","position":1,"name":"Home","item":"https:\/\/casadecampoliving.com\/es\/"},{"@type":"ListItem","position":2,"name":"&#8220;Noche de tango&#8221;, una noche de romance y pasi\u00f3n en La Cantina, s\u00e1bado 22 de sept.!"}]},{"@type":"WebSite","@id":"https:\/\/casadecampoliving.com\/es\/#website","url":"https:\/\/casadecampoliving.com\/es\/","name":"Casa de Campo Living","description":"Resort community news and resources.","publisher":{"@id":"https:\/\/casadecampoliving.com\/es\/#organization"},"potentialAction":[{"@type":"SearchAction","target":{"@type":"EntryPoint","urlTemplate":"https:\/\/casadecampoliving.com\/es\/?s={search_term_string}"},"query-input":{"@type":"PropertyValueSpecification","valueRequired":true,"valueName":"search_term_string"}}],"inLanguage":"es"},{"@type":"Organization","@id":"https:\/\/casadecampoliving.com\/es\/#organization","name":"Casa de Campo Living","url":"https:\/\/casadecampoliving.com\/es\/","logo":{"@type":"ImageObject","inLanguage":"es","@id":"https:\/\/casadecampoliving.com\/es\/#\/schema\/logo\/image\/","url":"https:\/\/i0.wp.com\/casadecampoliving.com\/wp-content\/uploads\/2022\/07\/CDCLivingLogo_V1-white-sized.png?fit=800%2C214&ssl=1","contentUrl":"https:\/\/i0.wp.com\/casadecampoliving.com\/wp-content\/uploads\/2022\/07\/CDCLivingLogo_V1-white-sized.png?fit=800%2C214&ssl=1","width":800,"height":214,"caption":"Casa de Campo Living"},"image":{"@id":"https:\/\/casadecampoliving.com\/es\/#\/schema\/logo\/image\/"},"sameAs":["https:\/\/www.facebook.com\/casadecampoliving","https:\/\/x.com\/cdcliving"]},{"@type":"Person","@id":"https:\/\/casadecampoliving.com\/es\/#\/schema\/person\/7e3b975d584a5f6ac0fd7128a81b0bc5","name":"","image":{"@type":"ImageObject","inLanguage":"es","@id":"https:\/\/secure.gravatar.com\/avatar\/?s=96&d=mm&r=g","url":"https:\/\/secure.gravatar.com\/avatar\/?s=96&d=mm&r=g","contentUrl":"https:\/\/secure.gravatar.com\/avatar\/?s=96&d=mm&r=g"},"url":"https:\/\/casadecampoliving.com\/es\/author\/ \/"}]}},"parsely":{"version":"1.1.0","canonical_url":"https:\/\/casadecampoliving.com\/es\/noche-de-tango-una-noche-de-romance-y-pasion-en-la-cantina-sabado-22-de-sept\/","smart_links":{"inbound":0,"outbound":0},"traffic_boost_suggestions_count":0,"meta":{"@context":"https:\/\/schema.org","@type":"NewsArticle","headline":"\u00abNoche de tango\u00bb, una noche de romance y pasi\u00f3n en La Cantina, s\u00e1bado 22 de sept.!","url":"http:\/\/casadecampoliving.com\/es\/noche-de-tango-una-noche-de-romance-y-pasion-en-la-cantina-sabado-22-de-sept\/","mainEntityOfPage":{"@type":"WebPage","@id":"http:\/\/casadecampoliving.com\/es\/noche-de-tango-una-noche-de-romance-y-pasion-en-la-cantina-sabado-22-de-sept\/"},"thumbnailUrl":"https:\/\/i0.wp.com\/casadecampoliving.com\/wp-content\/uploads\/2022\/10\/tango_night-1.jpg?resize=150%2C150&ssl=1","image":{"@type":"ImageObject","url":"https:\/\/i0.wp.com\/casadecampoliving.com\/wp-content\/uploads\/2022\/10\/tango_night-1.jpg?fit=650%2C402&ssl=1"},"articleSection":"Altos de Chavon @es","author":[{"@type":"Person","name":"FB_515917546"}],"creator":["FB_515917546"],"publisher":{"@type":"Organization","name":"Casa de Campo Living","logo":"https:\/\/casadecampoliving.com\/wp-content\/uploads\/2022\/07\/CDCLivingLogo_V1-white-sized.png"},"keywords":["altos de chavon","asado argentino","la cantina"],"dateCreated":"2012-09-13T04:00:00Z","datePublished":"2012-09-13T04:00:00Z","dateModified":"2022-10-21T22:48:40Z"},"rendered":"<meta name=\"parsely-title\" content=\"\u00abNoche de tango\u00bb, una noche de romance y pasi\u00f3n en La Cantina, s\u00e1bado 22 de sept.!\" \/>\n<meta name=\"parsely-link\" content=\"http:\/\/casadecampoliving.com\/es\/noche-de-tango-una-noche-de-romance-y-pasion-en-la-cantina-sabado-22-de-sept\/\" \/>\n<meta name=\"parsely-type\" content=\"post\" \/>\n<meta name=\"parsely-image-url\" content=\"https:\/\/i0.wp.com\/casadecampoliving.com\/wp-content\/uploads\/2022\/10\/tango_night-1.jpg?resize=150%2C150&amp;ssl=1\" \/>\n<meta name=\"parsely-pub-date\" content=\"2012-09-13T04:00:00Z\" \/>\n<meta name=\"parsely-section\" content=\"Altos de Chavon @es\" \/>\n<meta name=\"parsely-tags\" content=\"altos de chavon,asado argentino,la cantina\" \/>\n<meta name=\"parsely-author\" content=\"FB_515917546\" \/>","tracker_url":"https:\/\/cdn.parsely.com\/keys\/casadecampoliving.com\/p.js"},"jetpack_publicize_connections":[],"jetpack-related-posts":[{"id":433460,"url":"https:\/\/casadecampoliving.com\/es\/no-se-pierdan-el-increible-tributo-a-frank-sinatra-para-celebrar-el-40-aniversario-del-anfiteatro-altos-de-chavon\/","url_meta":{"origin":339739,"position":0},"title":"No se pierdan el incre\u00edble tributo a Frank Sinatra para celebrar el 40 aniversario del\u00a0Anfiteatro Altos de Chav\u00f3n","author":"Casa de Campo Living","date":"20 Oct, 2022","format":false,"excerpt":"Siendo uno de los escenarios m\u00e1s emblem\u00e1ticos del pa\u00eds, Casa de Campo Resort\u00ae & Villas celebra las cuatro d\u00e9cadas de aniversario de Altos de Chav\u00f3n con un tributo al gran Frank Sinatra, protagonizado por artistas invitados y una big band tal cual la que acompa\u00f1\u00f3 al artista hace 40 a\u00f1os\u2026","rel":"","context":"En \u00abUncategorized @es\u00bb","block_context":{"text":"Uncategorized @es","link":"https:\/\/casadecampoliving.com\/es\/category\/uncategorized-es\/"},"img":{"alt_text":"","src":"https:\/\/i0.wp.com\/casadecampoliving.com\/wp-content\/uploads\/2022\/10\/Tributo-Frank-Sinatra-Foto-Principal-Amaury-Sanchez-Danilo-Ginebra-Andres-Pichardo-y-Jose-Gabriel-Perez-.jpg?fit=1200%2C873&ssl=1&resize=350%2C200","width":350,"height":200,"srcset":"https:\/\/i0.wp.com\/casadecampoliving.com\/wp-content\/uploads\/2022\/10\/Tributo-Frank-Sinatra-Foto-Principal-Amaury-Sanchez-Danilo-Ginebra-Andres-Pichardo-y-Jose-Gabriel-Perez-.jpg?fit=1200%2C873&ssl=1&resize=350%2C200 1x, https:\/\/i0.wp.com\/casadecampoliving.com\/wp-content\/uploads\/2022\/10\/Tributo-Frank-Sinatra-Foto-Principal-Amaury-Sanchez-Danilo-Ginebra-Andres-Pichardo-y-Jose-Gabriel-Perez-.jpg?fit=1200%2C873&ssl=1&resize=525%2C300 1.5x, https:\/\/i0.wp.com\/casadecampoliving.com\/wp-content\/uploads\/2022\/10\/Tributo-Frank-Sinatra-Foto-Principal-Amaury-Sanchez-Danilo-Ginebra-Andres-Pichardo-y-Jose-Gabriel-Perez-.jpg?fit=1200%2C873&ssl=1&resize=700%2C400 2x, https:\/\/i0.wp.com\/casadecampoliving.com\/wp-content\/uploads\/2022\/10\/Tributo-Frank-Sinatra-Foto-Principal-Amaury-Sanchez-Danilo-Ginebra-Andres-Pichardo-y-Jose-Gabriel-Perez-.jpg?fit=1200%2C873&ssl=1&resize=1050%2C600 3x"},"classes":[]},{"id":321628,"url":"https:\/\/casadecampoliving.com\/noche-de-tango-a-night-of-romance-and-passion-at-la-cantina-saturday-sept-22nd\/","url_meta":{"origin":339739,"position":1},"title":"\u00abNoche de Tango\u00bb a night of romance and passion at La Cantina, Saturday Sept. 22nd!","author":"Rebecca Silvestri","date":"13 Sep, 2012","format":false,"excerpt":"Next Saturday the 22nd of September, La Cantina Latin Bistro in Altos de Chav\u00f3n invites you for a night of romanace and passion at the first \u201cNoche de Tango\u201d accompanied by a traditional Argentinian Asado! \u00a0\u00a0 \u201cWe want to bring something a little different for the Casa de Campo family-\u00a0an\u2026","rel":"","context":"En \u00abAltos de Chavon\u00bb","block_context":{"text":"Altos de Chavon","link":"https:\/\/casadecampoliving.com\/category\/altos-de-chavon\/"},"img":{"alt_text":"tango night","src":"https:\/\/i0.wp.com\/casadecampoliving.com\/wp-content\/uploads\/2022\/10\/tango_night-1.jpg?fit=650%2C402&ssl=1&resize=350%2C200","width":350,"height":200,"srcset":"https:\/\/i0.wp.com\/casadecampoliving.com\/wp-content\/uploads\/2022\/10\/tango_night-1.jpg?fit=650%2C402&ssl=1&resize=350%2C200 1x, https:\/\/i0.wp.com\/casadecampoliving.com\/wp-content\/uploads\/2022\/10\/tango_night-1.jpg?fit=650%2C402&ssl=1&resize=525%2C300 1.5x"},"classes":[]},{"id":339663,"url":"https:\/\/casadecampoliving.com\/es\/exquisitos-sabores-y-ritmos-espanoles-en-la-cantina-altos-de-chavon\/","url_meta":{"origin":339739,"position":2},"title":"Exquisitos sabores y ritmos espa\u00f1oles en La Cantina, Altos de Chavon!","author":"","date":"30 Ago, 2012","format":false,"excerpt":"El pasado martes 21 de agosto, exquisitos sabores y ritmos espa\u00f1oles transportaron a los presentes a la 'Madre Patria' en la celebraci\u00f3n del popular Festival de Paella de Casa de Campo, esta vez realizado en el renovado restaurante La Cantina Latin Bistro de Altos de Chav\u00f3n - sin duda una\u2026","rel":"","context":"En \u00abAltos de Chavon @es\u00bb","block_context":{"text":"Altos de Chavon @es","link":"https:\/\/casadecampoliving.com\/category\/altos-de-chavon-es\/"},"img":{"alt_text":"paella festival la cantina","src":"https:\/\/i0.wp.com\/casadecampoliving.com\/wp-content\/uploads\/2022\/10\/paella_festival_la_cantina1-1.jpg?fit=650%2C430&ssl=1&resize=350%2C200","width":350,"height":200,"srcset":"https:\/\/i0.wp.com\/casadecampoliving.com\/wp-content\/uploads\/2022\/10\/paella_festival_la_cantina1-1.jpg?fit=650%2C430&ssl=1&resize=350%2C200 1x, https:\/\/i0.wp.com\/casadecampoliving.com\/wp-content\/uploads\/2022\/10\/paella_festival_la_cantina1-1.jpg?fit=650%2C430&ssl=1&resize=525%2C300 1.5x"},"classes":[]},{"id":321601,"url":"https:\/\/casadecampoliving.com\/paella-festival-spanish-flavours-and-rythms-at-la-cantina-in-altos-de-chavon\/","url_meta":{"origin":339739,"position":3},"title":"Paella Festival: Spanish flavours and rhythms at La Cantina in Altos de Chavon!","author":"","date":"30 Ago, 2012","format":false,"excerpt":"Last Tuesday August the 21st 2012, exquisite spanish flavors and rhythms transported Casa de Campo villa owners, residents and visitors to the 'Madre Patria' for the popular \"Paella Festival\" previously held at La Casita in the Marina Casa de Campo, but this time celebrated at the newly renovated La Cantina\u2026","rel":"","context":"En \u00abAltos de Chavon\u00bb","block_context":{"text":"Altos de Chavon","link":"https:\/\/casadecampoliving.com\/category\/altos-de-chavon\/"},"img":{"alt_text":"paella festival la cantina","src":"https:\/\/i0.wp.com\/casadecampoliving.com\/wp-content\/uploads\/2022\/10\/paella_festival_la_cantina1-1.jpg?fit=650%2C430&ssl=1&resize=350%2C200","width":350,"height":200,"srcset":"https:\/\/i0.wp.com\/casadecampoliving.com\/wp-content\/uploads\/2022\/10\/paella_festival_la_cantina1-1.jpg?fit=650%2C430&ssl=1&resize=350%2C200 1x, https:\/\/i0.wp.com\/casadecampoliving.com\/wp-content\/uploads\/2022\/10\/paella_festival_la_cantina1-1.jpg?fit=650%2C430&ssl=1&resize=525%2C300 1.5x"},"classes":[]},{"id":342182,"url":"https:\/\/casadecampoliving.com\/es\/acompanenos-a-celebrar-la-reapertura-de-la-cantina-manana-desde-las-6pm\/","url_meta":{"origin":339739,"position":4},"title":"\u00a1Acomp\u00e1\u00f1enos a celebrar la reapertura de La Cantina, ma\u00f1ana, desde las 6pm!","author":"Rebecca Silvestri","date":"28 Jun, 2013","format":false,"excerpt":"La Cantina latin bistro en Altos de Chav\u00f3n abri\u00f3 sus puertas nuevamente, de manera oficial, el pasado s\u00e1bado 22 de junio y ma\u00f1ana (s\u00e1bado 29 de junio) estar\u00e1 celebrando la reapertura con una fiesta, en la que mostrar\u00e1 las nuevas decoraciones y el nuevo men\u00fa. Estamos seguros de que amar\u00e1n\u2026","rel":"","context":"En \u00abAltos de Chavon @es\u00bb","block_context":{"text":"Altos de Chavon @es","link":"https:\/\/casadecampoliving.com\/category\/altos-de-chavon-es\/"},"img":{"alt_text":"La Cantina Altos de Chavon","src":"https:\/\/i0.wp.com\/casadecampoliving.com\/wp-content\/uploads\/2022\/10\/la_cantina_altos_de_chavon-3.jpg?fit=650%2C408&ssl=1&resize=350%2C200","width":350,"height":200,"srcset":"https:\/\/i0.wp.com\/casadecampoliving.com\/wp-content\/uploads\/2022\/10\/la_cantina_altos_de_chavon-3.jpg?fit=650%2C408&ssl=1&resize=350%2C200 1x, https:\/\/i0.wp.com\/casadecampoliving.com\/wp-content\/uploads\/2022\/10\/la_cantina_altos_de_chavon-3.jpg?fit=650%2C408&ssl=1&resize=525%2C300 1.5x"},"classes":[]},{"id":342895,"url":"https:\/\/casadecampoliving.com\/es\/celebracion-del-evento-cafe-de-la-leche-el-viernes-13-de-septiembre\/","url_meta":{"origin":339739,"position":5},"title":"Celebraci\u00f3n del evento Caf\u00e9 de la Leche el viernes 13 de septiembre","author":"Lenny Castillo","date":"17 Sep, 2013","format":false,"excerpt":"El pasado\u00a0viernes\u00a013 de septiembre, fecha que\u00a0seg\u00fan\u00a0creencias populares es de mala suerte, se convirti\u00f3 en el d\u00eda ideal para la celebraci\u00f3n de Caf\u00e9 de la Leche en la Cantina Altos de\u00a0Chav\u00f3n. Despu\u00e9s de haber sido pospuesto desde el viernes anterior, debido a la preocupaci\u00f3n por la tormenta tropical Gabrielle (que en\u2026","rel":"","context":"En \u00abAltos de Chavon @es\u00bb","block_context":{"text":"Altos de Chavon @es","link":"https:\/\/casadecampoliving.com\/category\/altos-de-chavon-es\/"},"img":{"alt_text":"Caf\u00e9 de la Leche Xiomara Matos","src":"https:\/\/i0.wp.com\/casadecampoliving.com\/wp-content\/uploads\/2022\/10\/cafe_de_la_leche_xiomara_matos-1.jpg?fit=650%2C377&ssl=1&resize=350%2C200","width":350,"height":200,"srcset":"https:\/\/i0.wp.com\/casadecampoliving.com\/wp-content\/uploads\/2022\/10\/cafe_de_la_leche_xiomara_matos-1.jpg?fit=650%2C377&ssl=1&resize=350%2C200 1x, https:\/\/i0.wp.com\/casadecampoliving.com\/wp-content\/uploads\/2022\/10\/cafe_de_la_leche_xiomara_matos-1.jpg?fit=650%2C377&ssl=1&resize=525%2C300 1.5x"},"classes":[]}],"jetpack_sharing_enabled":true,"jetpack_featured_media_url":"https:\/\/i0.wp.com\/casadecampoliving.com\/wp-content\/uploads\/2022\/10\/tango_night-1.jpg?fit=650%2C402&ssl=1","_links":{"self":[{"href":"https:\/\/casadecampoliving.com\/es\/wp-json\/wp\/v2\/posts\/339739","targetHints":{"allow":["GET"]}}],"collection":[{"href":"https:\/\/casadecampoliving.com\/es\/wp-json\/wp\/v2\/posts"}],"about":[{"href":"https:\/\/casadecampoliving.com\/es\/wp-json\/wp\/v2\/types\/post"}],"author":[{"embeddable":true,"href":"https:\/\/casadecampoliving.com\/es\/wp-json\/wp\/v2\/users\/21"}],"replies":[{"embeddable":true,"href":"https:\/\/casadecampoliving.com\/es\/wp-json\/wp\/v2\/comments?post=339739"}],"version-history":[{"count":1,"href":"https:\/\/casadecampoliving.com\/es\/wp-json\/wp\/v2\/posts\/339739\/revisions"}],"predecessor-version":[{"id":339740,"href":"https:\/\/casadecampoliving.com\/es\/wp-json\/wp\/v2\/posts\/339739\/revisions\/339740"}],"wp:featuredmedia":[{"embeddable":true,"href":"https:\/\/casadecampoliving.com\/es\/wp-json\/wp\/v2\/media\/269919"}],"wp:attachment":[{"href":"https:\/\/casadecampoliving.com\/es\/wp-json\/wp\/v2\/media?parent=339739"}],"wp:term":[{"taxonomy":"category","embeddable":true,"href":"https:\/\/casadecampoliving.com\/es\/wp-json\/wp\/v2\/categories?post=339739"},{"taxonomy":"post_tag","embeddable":true,"href":"https:\/\/casadecampoliving.com\/es\/wp-json\/wp\/v2\/tags?post=339739"},{"taxonomy":"newspack_spnsrs_tax","embeddable":true,"href":"https:\/\/casadecampoliving.com\/es\/wp-json\/wp\/v2\/newspack_spnsrs_tax?post=339739"}],"curies":[{"name":"wp","href":"https:\/\/api.w.org\/{rel}","templated":true}]}}