{"id":339723,"date":"2012-09-09T00:00:00","date_gmt":"2012-09-09T04:00:00","guid":{"rendered":"https:\/\/casadecampoliving.com\/foto-de-la-semana-el-paraiso\/"},"modified":"2022-10-21T18:48:09","modified_gmt":"2022-10-21T22:48:09","slug":"foto-de-la-semana-el-paraiso","status":"publish","type":"post","link":"https:\/\/casadecampoliving.com\/es\/foto-de-la-semana-el-paraiso\/","title":{"rendered":"Foto de la Semana: el para\u00edso"},"content":{"rendered":"<div class=\"wp-block-image\">\n<figure class=\"aligncenter is-resized\"><img loading=\"lazy\" decoding=\"async\" src=\"https:\/\/i0.wp.com\/casadecampoliving.com\/wp-content\/uploads\/2022\/10\/caribbean_ocean.jpg?resize=650%2C365&amp;ssl=1\" alt=\"caribbean ocean\" class=\"wp-image-57626\" title=\"caribbean_ocean\" height=\"365\" width=\"650\"\/><\/figure>\n<\/div>\n\n\n<p>Ayer en la ma\u00f1ana, de camino al R\u00edo Chav\u00f3n para una excursi\u00f3n en kayaking (muchas fotos se publicar\u00e1m pronto), vimos a la isla Catalina en el horizonte \u2013 por lo que ten\u00edamos que detenernos a tomar algunas fotos.<\/p>\n\n\n\n<!--more-->\n\n\n\n<p>La isla Catalina island ubicada al Sur de La Romana y Casa de Campo por lo general se ve desde Casa de Campo como algo oscuro a la distancia (y algunos d\u00edas simplemente no se ve) \u2013 pero ayer en la ma\u00f1ana, el d\u00eda estaba tan brillante que no solo era visible la isla \u2013 pudimos ver, inclusive, el amarillento color de sus playas.<\/p>\n\n\n\n<p>Combinado con el azul cristalino del oc\u00e9ano \u2013 tan tranquilo y transparente como jam\u00e1s se haya visto y el cielo azul con una sola nube flotante, el escenario era perfecto para una foto improvisada! Y una hora despu\u00e9s y cientos de fotos m\u00e1s tarde \u2013 aqu\u00ed puede ver una de mis favoritas, a\u00fan cuando no es LA favorita \u2013 estoy guardando las mejores para nuestra pr\u00f3xima impresi\u00f3n de la revista TODO Casa de Campo!<\/p>\n","protected":false},"excerpt":{"rendered":"<p>Ayer en la ma\u00f1ana, de camino al R\u00edo Chav\u00f3n para una excursi\u00f3n en kayaking (muchas fotos se publicar\u00e1m pronto), vimos a la isla Catalina en el horizonte \u2013 por lo que ten\u00edamos que detenernos a tomar algunas fotos.<\/p>\n","protected":false},"author":21,"featured_media":269670,"comment_status":"closed","ping_status":"closed","sticky":false,"template":"","format":"standard","meta":{"newspack_ads_suppress_ads":false,"newspack_popups_has_disabled_popups":false,"newspack_sponsor_sponsorship_scope":"","newspack_sponsor_native_byline_display":"inherit","newspack_sponsor_native_category_display":"inherit","newspack_sponsor_underwriter_style":"inherit","newspack_sponsor_underwriter_placement":"inherit","_newspack_byline_active":false,"_newspack_byline":"","newspack_hide_updated_date":false,"newspack_show_updated_date":false,"newspack_content_restriction_is_exempt":false,"newspack_featured_image_position":"","newspack_post_subtitle":"","newspack_article_summary_title":"Overview:","newspack_article_summary":"","_jetpack_memberships_contains_paid_content":false,"footnotes":"","jetpack_publicize_message":"","jetpack_publicize_feature_enabled":true,"jetpack_social_post_already_shared":false,"jetpack_social_options":{"image_generator_settings":{"template":"highway","default_image_id":0,"font":"","enabled":false},"version":2},"_wpas_customize_per_network":false},"categories":[26936,2525,14625,26822],"tags":[2848,737,177],"newspack_spnsrs_tax":[],"class_list":["post-339723","post","type-post","status-publish","format-standard","has-post-thumbnail","hentry","category-casa-de-campo-living-es","category-golf-deportes-es","category-noticias-locales","category-resort-casa-de-campo","tag-foto-de-la-semana","tag-isla-catalina","tag-teeth-of-the-dog","entry"],"yoast_head":"<!-- This site is optimized with the Yoast SEO plugin v27.5 - https:\/\/yoast.com\/product\/yoast-seo-wordpress\/ -->\n<title>Foto de la Semana: el para\u00edso | Casa de Campo Living<\/title>\n<meta name=\"description\" content=\"Ayer en la ma\u00f1ana, de camino al R\u00edo Chav\u00f3n para una excursi\u00f3n en kayaking (muchas fotos se publicar\u00e1m pronto), vimos a la isla Catalina en el horizonte \u2013\" \/>\n<meta name=\"robots\" content=\"index, follow, max-snippet:-1, max-image-preview:large, max-video-preview:-1\" \/>\n<link rel=\"canonical\" href=\"https:\/\/casadecampoliving.com\/es\/foto-de-la-semana-el-paraiso\/\" \/>\n<meta property=\"og:locale\" content=\"es_ES\" \/>\n<meta property=\"og:type\" content=\"article\" \/>\n<meta property=\"og:title\" content=\"Foto de la Semana: el para\u00edso | Casa de Campo Living\" \/>\n<meta property=\"og:description\" content=\"Ayer en la ma\u00f1ana, de camino al R\u00edo Chav\u00f3n para una excursi\u00f3n en kayaking (muchas fotos se publicar\u00e1m pronto), vimos a la isla Catalina en el horizonte \u2013\" \/>\n<meta property=\"og:url\" content=\"https:\/\/casadecampoliving.com\/es\/foto-de-la-semana-el-paraiso\/\" \/>\n<meta property=\"og:site_name\" content=\"Casa de Campo Living\" \/>\n<meta property=\"article:publisher\" content=\"https:\/\/www.facebook.com\/casadecampoliving\" \/>\n<meta property=\"article:published_time\" content=\"2012-09-09T04:00:00+00:00\" \/>\n<meta property=\"article:modified_time\" content=\"2022-10-21T22:48:09+00:00\" \/>\n<meta property=\"og:image\" content=\"https:\/\/i0.wp.com\/casadecampoliving.com\/wp-content\/uploads\/2022\/10\/caribbean_ocean-1.jpg?fit=650%2C365&ssl=1\" \/>\n\t<meta property=\"og:image:width\" content=\"650\" \/>\n\t<meta property=\"og:image:height\" content=\"365\" \/>\n\t<meta property=\"og:image:type\" content=\"image\/jpeg\" \/>\n<meta name=\"twitter:card\" content=\"summary_large_image\" \/>\n<meta name=\"twitter:creator\" content=\"@cdcliving\" \/>\n<meta name=\"twitter:site\" content=\"@cdcliving\" \/>\n<meta name=\"twitter:label1\" content=\"Escrito por\" \/>\n\t<meta name=\"twitter:data1\" content=\"\" \/>\n\t<meta name=\"twitter:label2\" content=\"Tiempo de lectura\" \/>\n\t<meta name=\"twitter:data2\" content=\"1 minuto\" \/>\n<script type=\"application\/ld+json\" class=\"yoast-schema-graph\">{\"@context\":\"https:\\\/\\\/schema.org\",\"@graph\":[{\"@type\":\"Article\",\"@id\":\"https:\\\/\\\/casadecampoliving.com\\\/es\\\/foto-de-la-semana-el-paraiso\\\/#article\",\"isPartOf\":{\"@id\":\"https:\\\/\\\/casadecampoliving.com\\\/es\\\/foto-de-la-semana-el-paraiso\\\/\"},\"author\":{\"name\":\"\",\"@id\":\"https:\\\/\\\/casadecampoliving.com\\\/es\\\/#\\\/schema\\\/person\\\/7e3b975d584a5f6ac0fd7128a81b0bc5\"},\"headline\":\"Foto de la Semana: el para\u00edso\",\"datePublished\":\"2012-09-09T04:00:00+00:00\",\"dateModified\":\"2022-10-21T22:48:09+00:00\",\"mainEntityOfPage\":{\"@id\":\"https:\\\/\\\/casadecampoliving.com\\\/es\\\/foto-de-la-semana-el-paraiso\\\/\"},\"wordCount\":193,\"publisher\":{\"@id\":\"https:\\\/\\\/casadecampoliving.com\\\/es\\\/#organization\"},\"image\":{\"@id\":\"https:\\\/\\\/casadecampoliving.com\\\/es\\\/foto-de-la-semana-el-paraiso\\\/#primaryimage\"},\"thumbnailUrl\":\"https:\\\/\\\/i0.wp.com\\\/casadecampoliving.com\\\/wp-content\\\/uploads\\\/2022\\\/10\\\/caribbean_ocean-1.jpg?fit=650%2C365&ssl=1\",\"keywords\":[\"foto de la semana\",\"Isla catalina\",\"Teeth of the Dog\"],\"articleSection\":[\"Casa de Campo Living @es\",\"Deportes\",\"Noticias Locales\",\"Resort Casa de Campo\"],\"inLanguage\":\"es\"},{\"@type\":\"WebPage\",\"@id\":\"https:\\\/\\\/casadecampoliving.com\\\/es\\\/foto-de-la-semana-el-paraiso\\\/\",\"url\":\"https:\\\/\\\/casadecampoliving.com\\\/es\\\/foto-de-la-semana-el-paraiso\\\/\",\"name\":\"Foto de la Semana: el para\u00edso | Casa de Campo Living\",\"isPartOf\":{\"@id\":\"https:\\\/\\\/casadecampoliving.com\\\/es\\\/#website\"},\"primaryImageOfPage\":{\"@id\":\"https:\\\/\\\/casadecampoliving.com\\\/es\\\/foto-de-la-semana-el-paraiso\\\/#primaryimage\"},\"image\":{\"@id\":\"https:\\\/\\\/casadecampoliving.com\\\/es\\\/foto-de-la-semana-el-paraiso\\\/#primaryimage\"},\"thumbnailUrl\":\"https:\\\/\\\/i0.wp.com\\\/casadecampoliving.com\\\/wp-content\\\/uploads\\\/2022\\\/10\\\/caribbean_ocean-1.jpg?fit=650%2C365&ssl=1\",\"datePublished\":\"2012-09-09T04:00:00+00:00\",\"dateModified\":\"2022-10-21T22:48:09+00:00\",\"description\":\"Ayer en la ma\u00f1ana, de camino al R\u00edo Chav\u00f3n para una excursi\u00f3n en kayaking (muchas fotos se publicar\u00e1m pronto), vimos a la isla Catalina en el horizonte \u2013\",\"breadcrumb\":{\"@id\":\"https:\\\/\\\/casadecampoliving.com\\\/es\\\/foto-de-la-semana-el-paraiso\\\/#breadcrumb\"},\"inLanguage\":\"es\",\"potentialAction\":[{\"@type\":\"ReadAction\",\"target\":[\"https:\\\/\\\/casadecampoliving.com\\\/es\\\/foto-de-la-semana-el-paraiso\\\/\"]}]},{\"@type\":\"ImageObject\",\"inLanguage\":\"es\",\"@id\":\"https:\\\/\\\/casadecampoliving.com\\\/es\\\/foto-de-la-semana-el-paraiso\\\/#primaryimage\",\"url\":\"https:\\\/\\\/i0.wp.com\\\/casadecampoliving.com\\\/wp-content\\\/uploads\\\/2022\\\/10\\\/caribbean_ocean-1.jpg?fit=650%2C365&ssl=1\",\"contentUrl\":\"https:\\\/\\\/i0.wp.com\\\/casadecampoliving.com\\\/wp-content\\\/uploads\\\/2022\\\/10\\\/caribbean_ocean-1.jpg?fit=650%2C365&ssl=1\",\"width\":650,\"height\":365,\"caption\":\"caribbean ocean\"},{\"@type\":\"BreadcrumbList\",\"@id\":\"https:\\\/\\\/casadecampoliving.com\\\/es\\\/foto-de-la-semana-el-paraiso\\\/#breadcrumb\",\"itemListElement\":[{\"@type\":\"ListItem\",\"position\":1,\"name\":\"Home\",\"item\":\"https:\\\/\\\/casadecampoliving.com\\\/es\\\/\"},{\"@type\":\"ListItem\",\"position\":2,\"name\":\"Foto de la Semana: el para\u00edso\"}]},{\"@type\":\"WebSite\",\"@id\":\"https:\\\/\\\/casadecampoliving.com\\\/es\\\/#website\",\"url\":\"https:\\\/\\\/casadecampoliving.com\\\/es\\\/\",\"name\":\"Casa de Campo Living\",\"description\":\"Resort community news and resources.\",\"publisher\":{\"@id\":\"https:\\\/\\\/casadecampoliving.com\\\/es\\\/#organization\"},\"potentialAction\":[{\"@type\":\"SearchAction\",\"target\":{\"@type\":\"EntryPoint\",\"urlTemplate\":\"https:\\\/\\\/casadecampoliving.com\\\/es\\\/?s={search_term_string}\"},\"query-input\":{\"@type\":\"PropertyValueSpecification\",\"valueRequired\":true,\"valueName\":\"search_term_string\"}}],\"inLanguage\":\"es\"},{\"@type\":\"Organization\",\"@id\":\"https:\\\/\\\/casadecampoliving.com\\\/es\\\/#organization\",\"name\":\"Casa de Campo Living\",\"url\":\"https:\\\/\\\/casadecampoliving.com\\\/es\\\/\",\"logo\":{\"@type\":\"ImageObject\",\"inLanguage\":\"es\",\"@id\":\"https:\\\/\\\/casadecampoliving.com\\\/es\\\/#\\\/schema\\\/logo\\\/image\\\/\",\"url\":\"https:\\\/\\\/i0.wp.com\\\/casadecampoliving.com\\\/wp-content\\\/uploads\\\/2022\\\/07\\\/CDCLivingLogo_V1-white-sized.png?fit=800%2C214&ssl=1\",\"contentUrl\":\"https:\\\/\\\/i0.wp.com\\\/casadecampoliving.com\\\/wp-content\\\/uploads\\\/2022\\\/07\\\/CDCLivingLogo_V1-white-sized.png?fit=800%2C214&ssl=1\",\"width\":800,\"height\":214,\"caption\":\"Casa de Campo Living\"},\"image\":{\"@id\":\"https:\\\/\\\/casadecampoliving.com\\\/es\\\/#\\\/schema\\\/logo\\\/image\\\/\"},\"sameAs\":[\"https:\\\/\\\/www.facebook.com\\\/casadecampoliving\",\"https:\\\/\\\/x.com\\\/cdcliving\"]},{\"@type\":\"Person\",\"@id\":\"https:\\\/\\\/casadecampoliving.com\\\/es\\\/#\\\/schema\\\/person\\\/7e3b975d584a5f6ac0fd7128a81b0bc5\",\"name\":\"\",\"image\":{\"@type\":\"ImageObject\",\"inLanguage\":\"es\",\"@id\":\"https:\\\/\\\/secure.gravatar.com\\\/avatar\\\/?s=96&d=mm&r=g\",\"url\":\"https:\\\/\\\/secure.gravatar.com\\\/avatar\\\/?s=96&d=mm&r=g\",\"contentUrl\":\"https:\\\/\\\/secure.gravatar.com\\\/avatar\\\/?s=96&d=mm&r=g\"},\"url\":\"https:\\\/\\\/casadecampoliving.com\\\/es\\\/author\\\/ \\\/\"}]}<\/script>\n<!-- \/ Yoast SEO plugin. -->","yoast_head_json":{"title":"Foto de la Semana: el para\u00edso | Casa de Campo Living","description":"Ayer en la ma\u00f1ana, de camino al R\u00edo Chav\u00f3n para una excursi\u00f3n en kayaking (muchas fotos se publicar\u00e1m pronto), vimos a la isla Catalina en el horizonte \u2013","robots":{"index":"index","follow":"follow","max-snippet":"max-snippet:-1","max-image-preview":"max-image-preview:large","max-video-preview":"max-video-preview:-1"},"canonical":"https:\/\/casadecampoliving.com\/es\/foto-de-la-semana-el-paraiso\/","og_locale":"es_ES","og_type":"article","og_title":"Foto de la Semana: el para\u00edso | Casa de Campo Living","og_description":"Ayer en la ma\u00f1ana, de camino al R\u00edo Chav\u00f3n para una excursi\u00f3n en kayaking (muchas fotos se publicar\u00e1m pronto), vimos a la isla Catalina en el horizonte \u2013","og_url":"https:\/\/casadecampoliving.com\/es\/foto-de-la-semana-el-paraiso\/","og_site_name":"Casa de Campo Living","article_publisher":"https:\/\/www.facebook.com\/casadecampoliving","article_published_time":"2012-09-09T04:00:00+00:00","article_modified_time":"2022-10-21T22:48:09+00:00","og_image":[{"width":650,"height":365,"url":"https:\/\/i0.wp.com\/casadecampoliving.com\/wp-content\/uploads\/2022\/10\/caribbean_ocean-1.jpg?fit=650%2C365&ssl=1","type":"image\/jpeg"}],"twitter_card":"summary_large_image","twitter_creator":"@cdcliving","twitter_site":"@cdcliving","twitter_misc":{"Escrito por":"","Tiempo de lectura":"1 minuto"},"schema":{"@context":"https:\/\/schema.org","@graph":[{"@type":"Article","@id":"https:\/\/casadecampoliving.com\/es\/foto-de-la-semana-el-paraiso\/#article","isPartOf":{"@id":"https:\/\/casadecampoliving.com\/es\/foto-de-la-semana-el-paraiso\/"},"author":{"name":"","@id":"https:\/\/casadecampoliving.com\/es\/#\/schema\/person\/7e3b975d584a5f6ac0fd7128a81b0bc5"},"headline":"Foto de la Semana: el para\u00edso","datePublished":"2012-09-09T04:00:00+00:00","dateModified":"2022-10-21T22:48:09+00:00","mainEntityOfPage":{"@id":"https:\/\/casadecampoliving.com\/es\/foto-de-la-semana-el-paraiso\/"},"wordCount":193,"publisher":{"@id":"https:\/\/casadecampoliving.com\/es\/#organization"},"image":{"@id":"https:\/\/casadecampoliving.com\/es\/foto-de-la-semana-el-paraiso\/#primaryimage"},"thumbnailUrl":"https:\/\/i0.wp.com\/casadecampoliving.com\/wp-content\/uploads\/2022\/10\/caribbean_ocean-1.jpg?fit=650%2C365&ssl=1","keywords":["foto de la semana","Isla catalina","Teeth of the Dog"],"articleSection":["Casa de Campo Living @es","Deportes","Noticias Locales","Resort Casa de Campo"],"inLanguage":"es"},{"@type":"WebPage","@id":"https:\/\/casadecampoliving.com\/es\/foto-de-la-semana-el-paraiso\/","url":"https:\/\/casadecampoliving.com\/es\/foto-de-la-semana-el-paraiso\/","name":"Foto de la Semana: el para\u00edso | Casa de Campo Living","isPartOf":{"@id":"https:\/\/casadecampoliving.com\/es\/#website"},"primaryImageOfPage":{"@id":"https:\/\/casadecampoliving.com\/es\/foto-de-la-semana-el-paraiso\/#primaryimage"},"image":{"@id":"https:\/\/casadecampoliving.com\/es\/foto-de-la-semana-el-paraiso\/#primaryimage"},"thumbnailUrl":"https:\/\/i0.wp.com\/casadecampoliving.com\/wp-content\/uploads\/2022\/10\/caribbean_ocean-1.jpg?fit=650%2C365&ssl=1","datePublished":"2012-09-09T04:00:00+00:00","dateModified":"2022-10-21T22:48:09+00:00","description":"Ayer en la ma\u00f1ana, de camino al R\u00edo Chav\u00f3n para una excursi\u00f3n en kayaking (muchas fotos se publicar\u00e1m pronto), vimos a la isla Catalina en el horizonte \u2013","breadcrumb":{"@id":"https:\/\/casadecampoliving.com\/es\/foto-de-la-semana-el-paraiso\/#breadcrumb"},"inLanguage":"es","potentialAction":[{"@type":"ReadAction","target":["https:\/\/casadecampoliving.com\/es\/foto-de-la-semana-el-paraiso\/"]}]},{"@type":"ImageObject","inLanguage":"es","@id":"https:\/\/casadecampoliving.com\/es\/foto-de-la-semana-el-paraiso\/#primaryimage","url":"https:\/\/i0.wp.com\/casadecampoliving.com\/wp-content\/uploads\/2022\/10\/caribbean_ocean-1.jpg?fit=650%2C365&ssl=1","contentUrl":"https:\/\/i0.wp.com\/casadecampoliving.com\/wp-content\/uploads\/2022\/10\/caribbean_ocean-1.jpg?fit=650%2C365&ssl=1","width":650,"height":365,"caption":"caribbean ocean"},{"@type":"BreadcrumbList","@id":"https:\/\/casadecampoliving.com\/es\/foto-de-la-semana-el-paraiso\/#breadcrumb","itemListElement":[{"@type":"ListItem","position":1,"name":"Home","item":"https:\/\/casadecampoliving.com\/es\/"},{"@type":"ListItem","position":2,"name":"Foto de la Semana: el para\u00edso"}]},{"@type":"WebSite","@id":"https:\/\/casadecampoliving.com\/es\/#website","url":"https:\/\/casadecampoliving.com\/es\/","name":"Casa de Campo Living","description":"Resort community news and resources.","publisher":{"@id":"https:\/\/casadecampoliving.com\/es\/#organization"},"potentialAction":[{"@type":"SearchAction","target":{"@type":"EntryPoint","urlTemplate":"https:\/\/casadecampoliving.com\/es\/?s={search_term_string}"},"query-input":{"@type":"PropertyValueSpecification","valueRequired":true,"valueName":"search_term_string"}}],"inLanguage":"es"},{"@type":"Organization","@id":"https:\/\/casadecampoliving.com\/es\/#organization","name":"Casa de Campo Living","url":"https:\/\/casadecampoliving.com\/es\/","logo":{"@type":"ImageObject","inLanguage":"es","@id":"https:\/\/casadecampoliving.com\/es\/#\/schema\/logo\/image\/","url":"https:\/\/i0.wp.com\/casadecampoliving.com\/wp-content\/uploads\/2022\/07\/CDCLivingLogo_V1-white-sized.png?fit=800%2C214&ssl=1","contentUrl":"https:\/\/i0.wp.com\/casadecampoliving.com\/wp-content\/uploads\/2022\/07\/CDCLivingLogo_V1-white-sized.png?fit=800%2C214&ssl=1","width":800,"height":214,"caption":"Casa de Campo Living"},"image":{"@id":"https:\/\/casadecampoliving.com\/es\/#\/schema\/logo\/image\/"},"sameAs":["https:\/\/www.facebook.com\/casadecampoliving","https:\/\/x.com\/cdcliving"]},{"@type":"Person","@id":"https:\/\/casadecampoliving.com\/es\/#\/schema\/person\/7e3b975d584a5f6ac0fd7128a81b0bc5","name":"","image":{"@type":"ImageObject","inLanguage":"es","@id":"https:\/\/secure.gravatar.com\/avatar\/?s=96&d=mm&r=g","url":"https:\/\/secure.gravatar.com\/avatar\/?s=96&d=mm&r=g","contentUrl":"https:\/\/secure.gravatar.com\/avatar\/?s=96&d=mm&r=g"},"url":"https:\/\/casadecampoliving.com\/es\/author\/ \/"}]}},"parsely":{"version":"1.1.0","canonical_url":"https:\/\/casadecampoliving.com\/es\/foto-de-la-semana-el-paraiso\/","smart_links":{"inbound":0,"outbound":0},"traffic_boost_suggestions_count":0,"meta":{"@context":"https:\/\/schema.org","@type":"NewsArticle","headline":"Foto de la Semana: el para\u00edso","url":"http:\/\/casadecampoliving.com\/es\/foto-de-la-semana-el-paraiso\/","mainEntityOfPage":{"@type":"WebPage","@id":"http:\/\/casadecampoliving.com\/es\/foto-de-la-semana-el-paraiso\/"},"thumbnailUrl":"https:\/\/i0.wp.com\/casadecampoliving.com\/wp-content\/uploads\/2022\/10\/caribbean_ocean-1.jpg?resize=150%2C150&ssl=1","image":{"@type":"ImageObject","url":"https:\/\/i0.wp.com\/casadecampoliving.com\/wp-content\/uploads\/2022\/10\/caribbean_ocean-1.jpg?fit=650%2C365&ssl=1"},"articleSection":"Casa de Campo Living @es","author":[{"@type":"Person","name":"FB_515917546"}],"creator":["FB_515917546"],"publisher":{"@type":"Organization","name":"Casa de Campo Living","logo":"https:\/\/casadecampoliving.com\/wp-content\/uploads\/2022\/07\/CDCLivingLogo_V1-white-sized.png"},"keywords":["foto de la semana","isla catalina","teeth of the dog"],"dateCreated":"2012-09-09T04:00:00Z","datePublished":"2012-09-09T04:00:00Z","dateModified":"2022-10-21T22:48:09Z"},"rendered":"<script type=\"application\/ld+json\" class=\"wp-parsely-metadata\">{\"@context\":\"https:\\\/\\\/schema.org\",\"@type\":\"NewsArticle\",\"headline\":\"Foto de la Semana: el para\\u00edso\",\"url\":\"http:\\\/\\\/casadecampoliving.com\\\/es\\\/foto-de-la-semana-el-paraiso\\\/\",\"mainEntityOfPage\":{\"@type\":\"WebPage\",\"@id\":\"http:\\\/\\\/casadecampoliving.com\\\/es\\\/foto-de-la-semana-el-paraiso\\\/\"},\"thumbnailUrl\":\"https:\\\/\\\/i0.wp.com\\\/casadecampoliving.com\\\/wp-content\\\/uploads\\\/2022\\\/10\\\/caribbean_ocean-1.jpg?resize=150%2C150&ssl=1\",\"image\":{\"@type\":\"ImageObject\",\"url\":\"https:\\\/\\\/i0.wp.com\\\/casadecampoliving.com\\\/wp-content\\\/uploads\\\/2022\\\/10\\\/caribbean_ocean-1.jpg?fit=650%2C365&ssl=1\"},\"articleSection\":\"Casa de Campo Living @es\",\"author\":[{\"@type\":\"Person\",\"name\":\"FB_515917546\"}],\"creator\":[\"FB_515917546\"],\"publisher\":{\"@type\":\"Organization\",\"name\":\"Casa de Campo Living\",\"logo\":\"https:\\\/\\\/casadecampoliving.com\\\/wp-content\\\/uploads\\\/2022\\\/07\\\/CDCLivingLogo_V1-white-sized.png\"},\"keywords\":[\"foto de la semana\",\"isla catalina\",\"teeth of the dog\"],\"dateCreated\":\"2012-09-09T04:00:00Z\",\"datePublished\":\"2012-09-09T04:00:00Z\",\"dateModified\":\"2022-10-21T22:48:09Z\"}<\/script>","tracker_url":"https:\/\/cdn.parsely.com\/keys\/casadecampoliving.com\/p.js"},"jetpack_publicize_connections":[],"jetpack_featured_media_url":"https:\/\/i0.wp.com\/casadecampoliving.com\/wp-content\/uploads\/2022\/10\/caribbean_ocean-1.jpg?fit=650%2C365&ssl=1","jetpack-related-posts":[{"id":348324,"url":"https:\/\/casadecampoliving.com\/es\/aventura-maritima-sin-salir-casa-viaje-isla-catalina\/","url_meta":{"origin":339723,"position":0},"title":"\u00a1Aventura mar\u00edtima sin salir de casa! Viaje a la Isla Catalina","author":"Carla Campos","date":"28 Sep, 2015","format":false,"excerpt":"En d\u00edas pasados recordamos que Casa de Campo tiene una oferta para visitar la espectacular Isla Catalina en catamar\u00e1n. As\u00ed que sin ning\u00fan titubeo, decidimos embarcarnos para un d\u00eda de aventura en el para\u00edso. Este asequible servici\u00f3 diario, tres veces al d\u00eda desde Playa Minitas, es la alternativa perfecta para\u2026","rel":"","context":"En \u00abM\u00e1s all\u00e1 de Casa\u00bb","block_context":{"text":"M\u00e1s all\u00e1 de Casa","link":"https:\/\/casadecampoliving.com\/es\/category\/mas-alla-de-casa-es\/"},"img":{"alt_text":"","src":"https:\/\/i0.wp.com\/casadecampoliving.com\/wp-content\/uploads\/2022\/10\/Catalina_Island1.jpg?fit=800%2C387&ssl=1&resize=350%2C200","width":350,"height":200,"srcset":"https:\/\/i0.wp.com\/casadecampoliving.com\/wp-content\/uploads\/2022\/10\/Catalina_Island1.jpg?fit=800%2C387&ssl=1&resize=350%2C200 1x, https:\/\/i0.wp.com\/casadecampoliving.com\/wp-content\/uploads\/2022\/10\/Catalina_Island1.jpg?fit=800%2C387&ssl=1&resize=525%2C300 1.5x, https:\/\/i0.wp.com\/casadecampoliving.com\/wp-content\/uploads\/2022\/10\/Catalina_Island1.jpg?fit=800%2C387&ssl=1&resize=700%2C400 2x"},"classes":[]},{"id":346389,"url":"https:\/\/casadecampoliving.com\/es\/casa-de-campo-lanza-transporte-la-isla-catalina-por-us25\/","url_meta":{"origin":339723,"position":1},"title":"Casa de Campo lanza viaje a la Isla Catalina por US$35","author":"Rebecca Hughes","date":"27 Dic, 2014","format":false,"excerpt":"\u00bf\u00a1Un viaje en barco a una isla paradis\u00edaca!? \u00a1S\u00ed, por favor! \u00bf\u00a1Un viaje en barco a la Isla de Catalina por s\u00f3lo US$35 por persona!? \u00a1Vamonos! A partir de hoy 24 de diciembre 2014, el resort Casa de Campo estar\u00e1 ofreciendo un servicio de transporte diario entre la Playa Minitas\u2026","rel":"","context":"En \u00abCasa de Campo Living @es\u00bb","block_context":{"text":"Casa de Campo Living @es","link":"https:\/\/casadecampoliving.com\/category\/casa-de-campo-living-es\/"},"img":{"alt_text":"Catalina Island, Dominican Republic","src":"https:\/\/i0.wp.com\/casadecampoliving.com\/wp-content\/uploads\/2022\/10\/catalina_island-Dominican_Republic-1.jpg?fit=650%2C433&ssl=1&resize=350%2C200","width":350,"height":200,"srcset":"https:\/\/i0.wp.com\/casadecampoliving.com\/wp-content\/uploads\/2022\/10\/catalina_island-Dominican_Republic-1.jpg?fit=650%2C433&ssl=1&resize=350%2C200 1x, https:\/\/i0.wp.com\/casadecampoliving.com\/wp-content\/uploads\/2022\/10\/catalina_island-Dominican_Republic-1.jpg?fit=650%2C433&ssl=1&resize=525%2C300 1.5x"},"classes":[]},{"id":340763,"url":"https:\/\/casadecampoliving.com\/es\/haciendo-la-diferencia-un-dia-de-limpieza-de-la-isla-catalina-por-stacey-turner\/","url_meta":{"origin":339723,"position":2},"title":"Haciendo la diferencia: \u00abUn d\u00eda de limpieza de la isla Catalina\u00bb por Stacey Turner","author":"","date":"10 Mar, 2013","format":false,"excerpt":"El pasado domingo 3 de marzo, un grupo de voluntarios se unieron para ayudar con la limpieza de nuestro pedazo de cielo, la isla Catalina, durante la V Jornada de Limpieza Litoral y Fondo Marino. La ubicaci\u00f3n de la costa barlovento de la isla Catalina le hace propensa a acumular\u2026","rel":"","context":"En \u00abM\u00e1s all\u00e1 de Casa\u00bb","block_context":{"text":"M\u00e1s all\u00e1 de Casa","link":"https:\/\/casadecampoliving.com\/es\/category\/mas-alla-de-casa-es\/"},"img":{"alt_text":"bayahibe","src":"https:\/\/i0.wp.com\/casadecampoliving.com\/wp-content\/uploads\/2022\/10\/bayahibe-5.jpg?fit=650%2C399&ssl=1&resize=350%2C200","width":350,"height":200,"srcset":"https:\/\/i0.wp.com\/casadecampoliving.com\/wp-content\/uploads\/2022\/10\/bayahibe-5.jpg?fit=650%2C399&ssl=1&resize=350%2C200 1x, https:\/\/i0.wp.com\/casadecampoliving.com\/wp-content\/uploads\/2022\/10\/bayahibe-5.jpg?fit=650%2C399&ssl=1&resize=525%2C300 1.5x"},"classes":[]},{"id":518284,"url":"https:\/\/casadecampoliving.com\/es\/conozca-la-isla-catalina-a-traves-de-las-excursiones-de-casa-de-campo\/","url_meta":{"origin":339723,"position":3},"title":"Conozca la isla Catalina a trav\u00e9s de las excursiones de Casa de Campo","author":"Mairobi Herrera","date":"12 Jun, 2023","format":false,"excerpt":"A tan solo 45 minutos en bote desde las costas de Casa de Campo se encuentra un para\u00edso de aguas cristalinas, arena blanca, palmeras y corales. S\u00ed, se trata de la isla Catalina, una de las cuatro islas adyacentes de Rep\u00fablica Dominicana. Para los residentes y visitantes que deseen tener\u2026","rel":"","context":"En \u00abUncategorized @es\u00bb","block_context":{"text":"Uncategorized @es","link":"https:\/\/casadecampoliving.com\/es\/category\/uncategorized-es\/"},"img":{"alt_text":"","src":"https:\/\/i0.wp.com\/casadecampoliving.com\/wp-content\/uploads\/2023\/06\/7E1A7242.jpg?fit=1024%2C683&ssl=1&resize=350%2C200","width":350,"height":200,"srcset":"https:\/\/i0.wp.com\/casadecampoliving.com\/wp-content\/uploads\/2023\/06\/7E1A7242.jpg?fit=1024%2C683&ssl=1&resize=350%2C200 1x, https:\/\/i0.wp.com\/casadecampoliving.com\/wp-content\/uploads\/2023\/06\/7E1A7242.jpg?fit=1024%2C683&ssl=1&resize=525%2C300 1.5x, https:\/\/i0.wp.com\/casadecampoliving.com\/wp-content\/uploads\/2023\/06\/7E1A7242.jpg?fit=1024%2C683&ssl=1&resize=700%2C400 2x"},"classes":[]},{"id":318880,"url":"https:\/\/casadecampoliving.com\/es\/pupils-of-the-altos-de-chavon-design-school-sail-to-isla-catalina\/","url_meta":{"origin":339723,"position":4},"title":"Pupils of the Altos de Chavon Design school sail to Isla Catalina!","author":"Rebecca Silvestri","date":"4 Jun, 2010","format":false,"excerpt":"To celebrate the end of the school year a group of pupils from the Altos de Chavon Design School sailed to Isla Catalina to enjoy a day of sun, sea, sand and a little partying! The group of pupils were from the Fine Arts (Bellas Artes) division of the design\u2026","rel":"","context":"En \u00abAltos de Chavon\u00bb","block_context":{"text":"Altos de Chavon","link":"https:\/\/casadecampoliving.com\/category\/altos-de-chavon\/"},"img":{"alt_text":"","src":"https:\/\/i0.wp.com\/casadecampoliving.com\/wp-content\/uploads\/2022\/10\/altos-de-chavon-trip-to-isla-catalina-1.jpg?fit=575%2C351&ssl=1&resize=350%2C200","width":350,"height":200,"srcset":"https:\/\/i0.wp.com\/casadecampoliving.com\/wp-content\/uploads\/2022\/10\/altos-de-chavon-trip-to-isla-catalina-1.jpg?fit=575%2C351&ssl=1&resize=350%2C200 1x, https:\/\/i0.wp.com\/casadecampoliving.com\/wp-content\/uploads\/2022\/10\/altos-de-chavon-trip-to-isla-catalina-1.jpg?fit=575%2C351&ssl=1&resize=525%2C300 1.5x"},"classes":[]},{"id":345269,"url":"https:\/\/casadecampoliving.com\/es\/jornada-de-limpieza-en-la-isla-catalina-2014\/","url_meta":{"origin":339723,"position":5},"title":"\u00a1Jornada de Limpieza en la Isla Catalina 2014!","author":"Daniela Medina","date":"9 Sep, 2014","format":false,"excerpt":"\u00bfQuiere vivir en un mundo mejor? \u00a1Pues \u00fanase al Cluster Tur\u00edstico La Romana \u2013 Bayahibe en el D\u00eda Internacional de Costas Limpias (20 de Septiembre) a limpiar la Isla Catalina! \u00a1El S\u00e1bado, 20 de Septiembre, D\u00eda Internacional de Costas Limpias, con el apoyo de negocios locales y personas que apoyaran\u2026","rel":"","context":"En \u00abCasa de Campo Living @es\u00bb","block_context":{"text":"Casa de Campo Living @es","link":"https:\/\/casadecampoliving.com\/category\/casa-de-campo-living-es\/"},"img":{"alt_text":"Catalina Island","src":"https:\/\/i0.wp.com\/casadecampoliving.com\/wp-content\/uploads\/2022\/10\/catalina_island-5.jpg?fit=800%2C600&ssl=1&resize=350%2C200","width":350,"height":200,"srcset":"https:\/\/i0.wp.com\/casadecampoliving.com\/wp-content\/uploads\/2022\/10\/catalina_island-5.jpg?fit=800%2C600&ssl=1&resize=350%2C200 1x, https:\/\/i0.wp.com\/casadecampoliving.com\/wp-content\/uploads\/2022\/10\/catalina_island-5.jpg?fit=800%2C600&ssl=1&resize=525%2C300 1.5x, https:\/\/i0.wp.com\/casadecampoliving.com\/wp-content\/uploads\/2022\/10\/catalina_island-5.jpg?fit=800%2C600&ssl=1&resize=700%2C400 2x"},"classes":[]}],"jetpack_sharing_enabled":true,"_links":{"self":[{"href":"https:\/\/casadecampoliving.com\/es\/wp-json\/wp\/v2\/posts\/339723","targetHints":{"allow":["GET"]}}],"collection":[{"href":"https:\/\/casadecampoliving.com\/es\/wp-json\/wp\/v2\/posts"}],"about":[{"href":"https:\/\/casadecampoliving.com\/es\/wp-json\/wp\/v2\/types\/post"}],"author":[{"embeddable":true,"href":"https:\/\/casadecampoliving.com\/es\/wp-json\/wp\/v2\/users\/21"}],"replies":[{"embeddable":true,"href":"https:\/\/casadecampoliving.com\/es\/wp-json\/wp\/v2\/comments?post=339723"}],"version-history":[{"count":1,"href":"https:\/\/casadecampoliving.com\/es\/wp-json\/wp\/v2\/posts\/339723\/revisions"}],"predecessor-version":[{"id":339724,"href":"https:\/\/casadecampoliving.com\/es\/wp-json\/wp\/v2\/posts\/339723\/revisions\/339724"}],"wp:featuredmedia":[{"embeddable":true,"href":"https:\/\/casadecampoliving.com\/es\/wp-json\/wp\/v2\/media\/269670"}],"wp:attachment":[{"href":"https:\/\/casadecampoliving.com\/es\/wp-json\/wp\/v2\/media?parent=339723"}],"wp:term":[{"taxonomy":"category","embeddable":true,"href":"https:\/\/casadecampoliving.com\/es\/wp-json\/wp\/v2\/categories?post=339723"},{"taxonomy":"post_tag","embeddable":true,"href":"https:\/\/casadecampoliving.com\/es\/wp-json\/wp\/v2\/tags?post=339723"},{"taxonomy":"newspack_spnsrs_tax","embeddable":true,"href":"https:\/\/casadecampoliving.com\/es\/wp-json\/wp\/v2\/newspack_spnsrs_tax?post=339723"}],"curies":[{"name":"wp","href":"https:\/\/api.w.org\/{rel}","templated":true}]}}