{"id":339717,"date":"2012-09-08T00:00:00","date_gmt":"2012-09-08T04:00:00","guid":{"rendered":"https:\/\/casadecampoliving.com\/confirmado-julio-iglesias-ofrecera-concierto-en-altos-de-chavon-el-28-de-diciembre\/"},"modified":"2022-10-21T18:47:46","modified_gmt":"2022-10-21T22:47:46","slug":"confirmado-julio-iglesias-ofrecera-concierto-en-altos-de-chavon-el-28-de-diciembre","status":"publish","type":"post","link":"https:\/\/casadecampoliving.com\/es\/confirmado-julio-iglesias-ofrecera-concierto-en-altos-de-chavon-el-28-de-diciembre\/","title":{"rendered":"CONFIRMADO: Julio Iglesias ofrecer\u00e1 concierto en Altos de Chavon el 28 de diciembre!"},"content":{"rendered":"<div class=\"wp-block-image\">\n<figure class=\"aligncenter is-resized\"><img loading=\"lazy\" decoding=\"async\" src=\"https:\/\/i0.wp.com\/casadecampoliving.com\/wp-content\/uploads\/2022\/10\/julio_iglesias_altos_de_chavon.jpg?resize=650%2C389&amp;ssl=1\" alt=\"julio iglesias\" class=\"wp-image-57596\" title=\"julio_iglesias_altos_de_chavon\" height=\"389\" width=\"650\"\/><\/figure>\n<\/div>\n\n\n<p>Excelentes noticias para todos los amantes de la m\u00fasica latina! Recientemente ha sido confirmado que el famoso cantante espa\u00f1ol, Julio Iglesias, se estar\u00e1 presentando en el Anfiteatro Altos de Chav\u00f3n el pr\u00f3ximo 28 de diciembre \u2013 sin duda una fabulosa manera de celebrar la Navidad y A\u00f1o Nuevo en Casa de Campo!<\/p>\n\n\n\n<!--more-->\n\n\n\n<blockquote><h2><strong>ACTUALIZACI\u00d3N: <\/strong><\/h2><p><strong>Entradas ya est\u00e1n a la venta! <a href=\"https:\/\/www.casadecampoliving.com\/es\/julio-iglesias-boletas-a-la-venta-en-fundacion-mir\">Haga click aqu\u00ed para precios y detalles!<\/a><\/strong><\/p><\/blockquote>\n\n\n\n<p>Luego de escuchar rumores sobre la posible visita de Julio Iglesias a la Rep\u00fablica Dominicana para presentarse este invierno en el anfiteatro con capacidad para 5,000 personas en Altos de Chav\u00f3n, es un placer informarle a todos sus fans que el pr\u00f3ximo viernes 28 de diciembre de 2012, Julio Iglesias por sexta vez, estar\u00e1 presente en este famoso escenario, deleitando a los presentes con sus m\u00faltiples \u00e9xitos como; \u201cA veces t\u00fa, a veces yo\u201d, \u201cCoraz\u00f3n de papel\u201d, \u201cEl amor\u201d, y \u201cEl Bacalao\u201d!<\/p>\n\n\n\n<p>El concierto ser\u00e1 tra\u00eddo a Altos de Chav\u00f3n por George Nader Producciones \u2013 y el concierto fue confirmado por nuestra editora, Rebecca Hughes, quien personalmente se comunic\u00f3 con George Nader para asegurarse de que todos los detalles fueran correctos.<\/p>\n\n\n\n<p>El famoso cantautor espa\u00f1ol quien con imagen rom\u00e1ntica, magnetismo, electrizante presencia en escena y expresiva m\u00fasica se ha colocado entre los m\u00e1s altos lugares de popularidad de todos los tiempos, acaba de cerrar una serie de conciertos por toda Espa\u00f1a y en la actualidad se encuentra present\u00e1ndose por todo el mundo, (en especial en los EE.UU), como parte de su gira mundial para promover su m\u00e1s reciente album \u201cJulio Iglesias 1\u201d, una compilaci\u00f3n de sus m\u00e1s grandes \u00e9xitos a lo largo de sus 44 a\u00f1os en la industria \u2013 y por supuesto, siendo Rep\u00fablica Dominicana uno de sus lugares favoritos del mundo, no pod\u00eda faltar en la larga lista!<\/p>\n\n\n\n<p>A\u00fan cuando los productores se encuentran ultimando los detalles de este magn\u00edfico evento a ser presentado por el cantante espa\u00f1ol y tambi\u00e9n propietario de una espectacular villa en Punta Cana en el Este de la Rep\u00fablica Dominicana (pero confirmado) \u2013 aqu\u00ed les ofrecemos todos los detalles obtenidos:<\/p>\n\n\n\n<blockquote class=\"wp-block-quote is-layout-flow wp-block-quote-is-layout-flow\"><p><span style=\"text-decoration: underline;\"><strong>Concierto Julio Iglesias \u2013 \u201cGira Mundial Julio Iglesias 1\u201d<\/strong><\/span><\/p><p><strong>D\u00f3nde<\/strong>: Anfiteatro Altos de Chav\u00f3n, Casa de Campo<\/p><p><strong>Where<\/strong>: Viernes 28 de diciembre, 2012<\/p><p><strong>Boletas<\/strong>: A\u00fan cuando los profuctores a\u00fan no han publicado la fecha en que se pondr\u00e1n a la venta las boletas, les estaremos informando una vez obtengamos los detalles.<\/p><\/blockquote>\n\n\n\n<p><strong>Sab\u00eda que?<\/strong><\/p>\n\n\n\n<p>El tema \u201cEl Bacalao\u201d, lanzado en en el 2003, adquiri\u00f3 altos niveles de popularidad en la Rep\u00fablica Dominicana, debido a que habla de costumbres y gastronom\u00eda muy similares entre los pa\u00edses del Caribe \u2013 siendo \u00e9ste \u201cbacalao con papas\u201d, adem\u00e1s de un plato t\u00edpico del pa\u00eds (y disfrutado por el cantante en sus visitas), un tributo de su parte hacia las islas del Caribe. \u2013 As\u00ed que vayan listos para bailarla en diciembre!<\/p>\n\n\n\n<p>Para ponerlos en el ambiente de \u201cEl Bacalao\u201d y prepararles para disfrutar del concierto de Julio Iglesias, aqu\u00ed les compartimos su video:<\/p>\n\n\n\n<p><object width=\"640\" height=\"360\" classid=\"clsid:d27cdb6e-ae6d-11cf-96b8-444553540000\" codebase=\"http:\/\/download.macromedia.com\/pub\/shockwave\/cabs\/flash\/swflash.cab#version=6,0,40,0\"><param name=\"allowFullScreen\" value=\"true\"><param name=\"allowscriptaccess\" value=\"always\"><param name=\"src\" value=\"http:\/\/www.youtube.com\/v\/RnZp8i-tHJ8?version=3&amp;hl=en_US\"><param name=\"allowfullscreen\" value=\"true\"><\/object><\/p>\n\n\n\n<p>Esperamos verles all\u00ed!<\/p>\n","protected":false},"excerpt":{"rendered":"<p>Excelentes noticias para todos los amantes de la m\u00fasica latina! Recientemente ha sido confirmado que el famoso cantante espa\u00f1ol, Julio Iglesias, se estar\u00e1 presentando en el Anfiteatro Altos de Chav\u00f3n el pr\u00f3ximo 28 de diciembre \u2013 sin duda una fabulosa manera de celebrar la Navidad y A\u00f1o Nuevo en Casa de Campo!<\/p>\n","protected":false},"author":21,"featured_media":269648,"comment_status":"closed","ping_status":"closed","sticky":false,"template":"","format":"standard","meta":{"newspack_ads_suppress_ads":false,"newspack_popups_has_disabled_popups":false,"newspack_sponsor_sponsorship_scope":"","newspack_sponsor_native_byline_display":"inherit","newspack_sponsor_native_category_display":"inherit","newspack_sponsor_underwriter_style":"inherit","newspack_sponsor_underwriter_placement":"inherit","_newspack_byline_active":false,"_newspack_byline":"","newspack_hide_updated_date":false,"newspack_show_updated_date":false,"newspack_content_restriction_is_exempt":false,"newspack_featured_image_position":"","newspack_post_subtitle":"","newspack_article_summary_title":"Overview:","newspack_article_summary":"","_jetpack_memberships_contains_paid_content":false,"footnotes":"","jetpack_publicize_message":"","jetpack_publicize_feature_enabled":true,"jetpack_social_post_already_shared":false,"jetpack_social_options":{"image_generator_settings":{"template":"highway","default_image_id":0,"font":"","enabled":false},"version":2},"_wpas_customize_per_network":false},"categories":[26819,2513,2518,14631,14625,14627,2526],"tags":[15387,2545,4828],"newspack_spnsrs_tax":[],"class_list":["post-339717","post","type-post","status-publish","format-standard","has-post-thumbnail","hentry","category-altos-de-chavon-es","category-celebridades-es","category-conciertos-es","category-estilo-de-vida","category-noticias-locales","category-proximamente","category-titulares-es","tag-altos-de-chavon-es","tag-anfiteatro-de-altos-de-chavon","tag-julio-iglesias","entry"],"yoast_head":"<!-- This site is optimized with the Yoast SEO plugin v27.4 - https:\/\/yoast.com\/product\/yoast-seo-wordpress\/ -->\n<title>CONFIRMADO: Julio Iglesias ofrecer\u00e1 concierto en Altos de Chavon el 28 de diciembre! | Casa de Campo Living<\/title>\n<meta name=\"description\" content=\"Excelentes noticias para todos los amantes de la m\u00fasica latina! Recientemente ha sido confirmado que el famoso cantante espa\u00f1ol, Julio Iglesias, se estar\u00e1\" \/>\n<meta name=\"robots\" content=\"index, follow, max-snippet:-1, max-image-preview:large, max-video-preview:-1\" \/>\n<link rel=\"canonical\" href=\"https:\/\/casadecampoliving.com\/es\/confirmado-julio-iglesias-ofrecera-concierto-en-altos-de-chavon-el-28-de-diciembre\/\" \/>\n<meta property=\"og:locale\" content=\"es_ES\" \/>\n<meta property=\"og:type\" content=\"article\" \/>\n<meta property=\"og:title\" content=\"CONFIRMADO: Julio Iglesias ofrecer\u00e1 concierto en Altos de Chavon el 28 de diciembre! | Casa de Campo Living\" \/>\n<meta property=\"og:description\" content=\"Excelentes noticias para todos los amantes de la m\u00fasica latina! Recientemente ha sido confirmado que el famoso cantante espa\u00f1ol, Julio Iglesias, se estar\u00e1\" \/>\n<meta property=\"og:url\" content=\"https:\/\/casadecampoliving.com\/es\/confirmado-julio-iglesias-ofrecera-concierto-en-altos-de-chavon-el-28-de-diciembre\/\" \/>\n<meta property=\"og:site_name\" content=\"Casa de Campo Living\" \/>\n<meta property=\"article:publisher\" content=\"https:\/\/www.facebook.com\/casadecampoliving\" \/>\n<meta property=\"article:published_time\" content=\"2012-09-08T04:00:00+00:00\" \/>\n<meta property=\"article:modified_time\" content=\"2022-10-21T22:47:46+00:00\" \/>\n<meta property=\"og:image\" content=\"https:\/\/i0.wp.com\/casadecampoliving.com\/wp-content\/uploads\/2022\/10\/julio_iglesias_altos_de_chavon-1.jpg?fit=650%2C389&ssl=1\" \/>\n\t<meta property=\"og:image:width\" content=\"650\" \/>\n\t<meta property=\"og:image:height\" content=\"389\" \/>\n\t<meta property=\"og:image:type\" content=\"image\/jpeg\" \/>\n<meta name=\"twitter:card\" content=\"summary_large_image\" \/>\n<meta name=\"twitter:creator\" content=\"@cdcliving\" \/>\n<meta name=\"twitter:site\" content=\"@cdcliving\" \/>\n<meta name=\"twitter:label1\" content=\"Escrito por\" \/>\n\t<meta name=\"twitter:data1\" content=\"\" \/>\n\t<meta name=\"twitter:label2\" content=\"Tiempo de lectura\" \/>\n\t<meta name=\"twitter:data2\" content=\"3 minutos\" \/>\n<script type=\"application\/ld+json\" class=\"yoast-schema-graph\">{\"@context\":\"https:\\\/\\\/schema.org\",\"@graph\":[{\"@type\":\"Article\",\"@id\":\"https:\\\/\\\/casadecampoliving.com\\\/es\\\/confirmado-julio-iglesias-ofrecera-concierto-en-altos-de-chavon-el-28-de-diciembre\\\/#article\",\"isPartOf\":{\"@id\":\"https:\\\/\\\/casadecampoliving.com\\\/es\\\/confirmado-julio-iglesias-ofrecera-concierto-en-altos-de-chavon-el-28-de-diciembre\\\/\"},\"author\":{\"name\":\"\",\"@id\":\"https:\\\/\\\/casadecampoliving.com\\\/es\\\/#\\\/schema\\\/person\\\/7e3b975d584a5f6ac0fd7128a81b0bc5\"},\"headline\":\"CONFIRMADO: Julio Iglesias ofrecer\u00e1 concierto en Altos de Chavon el 28 de diciembre!\",\"datePublished\":\"2012-09-08T04:00:00+00:00\",\"dateModified\":\"2022-10-21T22:47:46+00:00\",\"mainEntityOfPage\":{\"@id\":\"https:\\\/\\\/casadecampoliving.com\\\/es\\\/confirmado-julio-iglesias-ofrecera-concierto-en-altos-de-chavon-el-28-de-diciembre\\\/\"},\"wordCount\":533,\"publisher\":{\"@id\":\"https:\\\/\\\/casadecampoliving.com\\\/es\\\/#organization\"},\"image\":{\"@id\":\"https:\\\/\\\/casadecampoliving.com\\\/es\\\/confirmado-julio-iglesias-ofrecera-concierto-en-altos-de-chavon-el-28-de-diciembre\\\/#primaryimage\"},\"thumbnailUrl\":\"https:\\\/\\\/i0.wp.com\\\/casadecampoliving.com\\\/wp-content\\\/uploads\\\/2022\\\/10\\\/julio_iglesias_altos_de_chavon-1.jpg?fit=650%2C389&ssl=1\",\"keywords\":[\"Altos de Chavon\",\"anfiteatro de altos de chavon\",\"julio iglesias\"],\"articleSection\":[\"Altos de Chavon @es\",\"Celebridades\",\"Conciertos\",\"Estilo de Vida\",\"Noticias Locales\",\"Proximamente\",\"Titulares\"],\"inLanguage\":\"es\"},{\"@type\":\"WebPage\",\"@id\":\"https:\\\/\\\/casadecampoliving.com\\\/es\\\/confirmado-julio-iglesias-ofrecera-concierto-en-altos-de-chavon-el-28-de-diciembre\\\/\",\"url\":\"https:\\\/\\\/casadecampoliving.com\\\/es\\\/confirmado-julio-iglesias-ofrecera-concierto-en-altos-de-chavon-el-28-de-diciembre\\\/\",\"name\":\"CONFIRMADO: Julio Iglesias ofrecer\u00e1 concierto en Altos de Chavon el 28 de diciembre! | Casa de Campo Living\",\"isPartOf\":{\"@id\":\"https:\\\/\\\/casadecampoliving.com\\\/es\\\/#website\"},\"primaryImageOfPage\":{\"@id\":\"https:\\\/\\\/casadecampoliving.com\\\/es\\\/confirmado-julio-iglesias-ofrecera-concierto-en-altos-de-chavon-el-28-de-diciembre\\\/#primaryimage\"},\"image\":{\"@id\":\"https:\\\/\\\/casadecampoliving.com\\\/es\\\/confirmado-julio-iglesias-ofrecera-concierto-en-altos-de-chavon-el-28-de-diciembre\\\/#primaryimage\"},\"thumbnailUrl\":\"https:\\\/\\\/i0.wp.com\\\/casadecampoliving.com\\\/wp-content\\\/uploads\\\/2022\\\/10\\\/julio_iglesias_altos_de_chavon-1.jpg?fit=650%2C389&ssl=1\",\"datePublished\":\"2012-09-08T04:00:00+00:00\",\"dateModified\":\"2022-10-21T22:47:46+00:00\",\"description\":\"Excelentes noticias para todos los amantes de la m\u00fasica latina! Recientemente ha sido confirmado que el famoso cantante espa\u00f1ol, Julio Iglesias, se estar\u00e1\",\"breadcrumb\":{\"@id\":\"https:\\\/\\\/casadecampoliving.com\\\/es\\\/confirmado-julio-iglesias-ofrecera-concierto-en-altos-de-chavon-el-28-de-diciembre\\\/#breadcrumb\"},\"inLanguage\":\"es\",\"potentialAction\":[{\"@type\":\"ReadAction\",\"target\":[\"https:\\\/\\\/casadecampoliving.com\\\/es\\\/confirmado-julio-iglesias-ofrecera-concierto-en-altos-de-chavon-el-28-de-diciembre\\\/\"]}]},{\"@type\":\"ImageObject\",\"inLanguage\":\"es\",\"@id\":\"https:\\\/\\\/casadecampoliving.com\\\/es\\\/confirmado-julio-iglesias-ofrecera-concierto-en-altos-de-chavon-el-28-de-diciembre\\\/#primaryimage\",\"url\":\"https:\\\/\\\/i0.wp.com\\\/casadecampoliving.com\\\/wp-content\\\/uploads\\\/2022\\\/10\\\/julio_iglesias_altos_de_chavon-1.jpg?fit=650%2C389&ssl=1\",\"contentUrl\":\"https:\\\/\\\/i0.wp.com\\\/casadecampoliving.com\\\/wp-content\\\/uploads\\\/2022\\\/10\\\/julio_iglesias_altos_de_chavon-1.jpg?fit=650%2C389&ssl=1\",\"width\":650,\"height\":389,\"caption\":\"julio iglesias\"},{\"@type\":\"BreadcrumbList\",\"@id\":\"https:\\\/\\\/casadecampoliving.com\\\/es\\\/confirmado-julio-iglesias-ofrecera-concierto-en-altos-de-chavon-el-28-de-diciembre\\\/#breadcrumb\",\"itemListElement\":[{\"@type\":\"ListItem\",\"position\":1,\"name\":\"Home\",\"item\":\"https:\\\/\\\/casadecampoliving.com\\\/es\\\/\"},{\"@type\":\"ListItem\",\"position\":2,\"name\":\"CONFIRMADO: Julio Iglesias ofrecer\u00e1 concierto en Altos de Chavon el 28 de diciembre!\"}]},{\"@type\":\"WebSite\",\"@id\":\"https:\\\/\\\/casadecampoliving.com\\\/es\\\/#website\",\"url\":\"https:\\\/\\\/casadecampoliving.com\\\/es\\\/\",\"name\":\"Casa de Campo Living\",\"description\":\"Resort community news and resources.\",\"publisher\":{\"@id\":\"https:\\\/\\\/casadecampoliving.com\\\/es\\\/#organization\"},\"potentialAction\":[{\"@type\":\"SearchAction\",\"target\":{\"@type\":\"EntryPoint\",\"urlTemplate\":\"https:\\\/\\\/casadecampoliving.com\\\/es\\\/?s={search_term_string}\"},\"query-input\":{\"@type\":\"PropertyValueSpecification\",\"valueRequired\":true,\"valueName\":\"search_term_string\"}}],\"inLanguage\":\"es\"},{\"@type\":\"Organization\",\"@id\":\"https:\\\/\\\/casadecampoliving.com\\\/es\\\/#organization\",\"name\":\"Casa de Campo Living\",\"url\":\"https:\\\/\\\/casadecampoliving.com\\\/es\\\/\",\"logo\":{\"@type\":\"ImageObject\",\"inLanguage\":\"es\",\"@id\":\"https:\\\/\\\/casadecampoliving.com\\\/es\\\/#\\\/schema\\\/logo\\\/image\\\/\",\"url\":\"https:\\\/\\\/i0.wp.com\\\/casadecampoliving.com\\\/wp-content\\\/uploads\\\/2022\\\/07\\\/CDCLivingLogo_V1-white-sized.png?fit=800%2C214&ssl=1\",\"contentUrl\":\"https:\\\/\\\/i0.wp.com\\\/casadecampoliving.com\\\/wp-content\\\/uploads\\\/2022\\\/07\\\/CDCLivingLogo_V1-white-sized.png?fit=800%2C214&ssl=1\",\"width\":800,\"height\":214,\"caption\":\"Casa de Campo Living\"},\"image\":{\"@id\":\"https:\\\/\\\/casadecampoliving.com\\\/es\\\/#\\\/schema\\\/logo\\\/image\\\/\"},\"sameAs\":[\"https:\\\/\\\/www.facebook.com\\\/casadecampoliving\",\"https:\\\/\\\/x.com\\\/cdcliving\"]},{\"@type\":\"Person\",\"@id\":\"https:\\\/\\\/casadecampoliving.com\\\/es\\\/#\\\/schema\\\/person\\\/7e3b975d584a5f6ac0fd7128a81b0bc5\",\"name\":\"\",\"image\":{\"@type\":\"ImageObject\",\"inLanguage\":\"es\",\"@id\":\"https:\\\/\\\/secure.gravatar.com\\\/avatar\\\/?s=96&d=mm&r=g\",\"url\":\"https:\\\/\\\/secure.gravatar.com\\\/avatar\\\/?s=96&d=mm&r=g\",\"contentUrl\":\"https:\\\/\\\/secure.gravatar.com\\\/avatar\\\/?s=96&d=mm&r=g\"},\"url\":\"https:\\\/\\\/casadecampoliving.com\\\/es\\\/author\\\/ \\\/\"}]}<\/script>\n<!-- \/ Yoast SEO plugin. -->","yoast_head_json":{"title":"CONFIRMADO: Julio Iglesias ofrecer\u00e1 concierto en Altos de Chavon el 28 de diciembre! | Casa de Campo Living","description":"Excelentes noticias para todos los amantes de la m\u00fasica latina! Recientemente ha sido confirmado que el famoso cantante espa\u00f1ol, Julio Iglesias, se estar\u00e1","robots":{"index":"index","follow":"follow","max-snippet":"max-snippet:-1","max-image-preview":"max-image-preview:large","max-video-preview":"max-video-preview:-1"},"canonical":"https:\/\/casadecampoliving.com\/es\/confirmado-julio-iglesias-ofrecera-concierto-en-altos-de-chavon-el-28-de-diciembre\/","og_locale":"es_ES","og_type":"article","og_title":"CONFIRMADO: Julio Iglesias ofrecer\u00e1 concierto en Altos de Chavon el 28 de diciembre! | Casa de Campo Living","og_description":"Excelentes noticias para todos los amantes de la m\u00fasica latina! Recientemente ha sido confirmado que el famoso cantante espa\u00f1ol, Julio Iglesias, se estar\u00e1","og_url":"https:\/\/casadecampoliving.com\/es\/confirmado-julio-iglesias-ofrecera-concierto-en-altos-de-chavon-el-28-de-diciembre\/","og_site_name":"Casa de Campo Living","article_publisher":"https:\/\/www.facebook.com\/casadecampoliving","article_published_time":"2012-09-08T04:00:00+00:00","article_modified_time":"2022-10-21T22:47:46+00:00","og_image":[{"width":650,"height":389,"url":"https:\/\/i0.wp.com\/casadecampoliving.com\/wp-content\/uploads\/2022\/10\/julio_iglesias_altos_de_chavon-1.jpg?fit=650%2C389&ssl=1","type":"image\/jpeg"}],"twitter_card":"summary_large_image","twitter_creator":"@cdcliving","twitter_site":"@cdcliving","twitter_misc":{"Escrito por":"","Tiempo de lectura":"3 minutos"},"schema":{"@context":"https:\/\/schema.org","@graph":[{"@type":"Article","@id":"https:\/\/casadecampoliving.com\/es\/confirmado-julio-iglesias-ofrecera-concierto-en-altos-de-chavon-el-28-de-diciembre\/#article","isPartOf":{"@id":"https:\/\/casadecampoliving.com\/es\/confirmado-julio-iglesias-ofrecera-concierto-en-altos-de-chavon-el-28-de-diciembre\/"},"author":{"name":"","@id":"https:\/\/casadecampoliving.com\/es\/#\/schema\/person\/7e3b975d584a5f6ac0fd7128a81b0bc5"},"headline":"CONFIRMADO: Julio Iglesias ofrecer\u00e1 concierto en Altos de Chavon el 28 de diciembre!","datePublished":"2012-09-08T04:00:00+00:00","dateModified":"2022-10-21T22:47:46+00:00","mainEntityOfPage":{"@id":"https:\/\/casadecampoliving.com\/es\/confirmado-julio-iglesias-ofrecera-concierto-en-altos-de-chavon-el-28-de-diciembre\/"},"wordCount":533,"publisher":{"@id":"https:\/\/casadecampoliving.com\/es\/#organization"},"image":{"@id":"https:\/\/casadecampoliving.com\/es\/confirmado-julio-iglesias-ofrecera-concierto-en-altos-de-chavon-el-28-de-diciembre\/#primaryimage"},"thumbnailUrl":"https:\/\/i0.wp.com\/casadecampoliving.com\/wp-content\/uploads\/2022\/10\/julio_iglesias_altos_de_chavon-1.jpg?fit=650%2C389&ssl=1","keywords":["Altos de Chavon","anfiteatro de altos de chavon","julio iglesias"],"articleSection":["Altos de Chavon @es","Celebridades","Conciertos","Estilo de Vida","Noticias Locales","Proximamente","Titulares"],"inLanguage":"es"},{"@type":"WebPage","@id":"https:\/\/casadecampoliving.com\/es\/confirmado-julio-iglesias-ofrecera-concierto-en-altos-de-chavon-el-28-de-diciembre\/","url":"https:\/\/casadecampoliving.com\/es\/confirmado-julio-iglesias-ofrecera-concierto-en-altos-de-chavon-el-28-de-diciembre\/","name":"CONFIRMADO: Julio Iglesias ofrecer\u00e1 concierto en Altos de Chavon el 28 de diciembre! | Casa de Campo Living","isPartOf":{"@id":"https:\/\/casadecampoliving.com\/es\/#website"},"primaryImageOfPage":{"@id":"https:\/\/casadecampoliving.com\/es\/confirmado-julio-iglesias-ofrecera-concierto-en-altos-de-chavon-el-28-de-diciembre\/#primaryimage"},"image":{"@id":"https:\/\/casadecampoliving.com\/es\/confirmado-julio-iglesias-ofrecera-concierto-en-altos-de-chavon-el-28-de-diciembre\/#primaryimage"},"thumbnailUrl":"https:\/\/i0.wp.com\/casadecampoliving.com\/wp-content\/uploads\/2022\/10\/julio_iglesias_altos_de_chavon-1.jpg?fit=650%2C389&ssl=1","datePublished":"2012-09-08T04:00:00+00:00","dateModified":"2022-10-21T22:47:46+00:00","description":"Excelentes noticias para todos los amantes de la m\u00fasica latina! Recientemente ha sido confirmado que el famoso cantante espa\u00f1ol, Julio Iglesias, se estar\u00e1","breadcrumb":{"@id":"https:\/\/casadecampoliving.com\/es\/confirmado-julio-iglesias-ofrecera-concierto-en-altos-de-chavon-el-28-de-diciembre\/#breadcrumb"},"inLanguage":"es","potentialAction":[{"@type":"ReadAction","target":["https:\/\/casadecampoliving.com\/es\/confirmado-julio-iglesias-ofrecera-concierto-en-altos-de-chavon-el-28-de-diciembre\/"]}]},{"@type":"ImageObject","inLanguage":"es","@id":"https:\/\/casadecampoliving.com\/es\/confirmado-julio-iglesias-ofrecera-concierto-en-altos-de-chavon-el-28-de-diciembre\/#primaryimage","url":"https:\/\/i0.wp.com\/casadecampoliving.com\/wp-content\/uploads\/2022\/10\/julio_iglesias_altos_de_chavon-1.jpg?fit=650%2C389&ssl=1","contentUrl":"https:\/\/i0.wp.com\/casadecampoliving.com\/wp-content\/uploads\/2022\/10\/julio_iglesias_altos_de_chavon-1.jpg?fit=650%2C389&ssl=1","width":650,"height":389,"caption":"julio iglesias"},{"@type":"BreadcrumbList","@id":"https:\/\/casadecampoliving.com\/es\/confirmado-julio-iglesias-ofrecera-concierto-en-altos-de-chavon-el-28-de-diciembre\/#breadcrumb","itemListElement":[{"@type":"ListItem","position":1,"name":"Home","item":"https:\/\/casadecampoliving.com\/es\/"},{"@type":"ListItem","position":2,"name":"CONFIRMADO: Julio Iglesias ofrecer\u00e1 concierto en Altos de Chavon el 28 de diciembre!"}]},{"@type":"WebSite","@id":"https:\/\/casadecampoliving.com\/es\/#website","url":"https:\/\/casadecampoliving.com\/es\/","name":"Casa de Campo Living","description":"Resort community news and resources.","publisher":{"@id":"https:\/\/casadecampoliving.com\/es\/#organization"},"potentialAction":[{"@type":"SearchAction","target":{"@type":"EntryPoint","urlTemplate":"https:\/\/casadecampoliving.com\/es\/?s={search_term_string}"},"query-input":{"@type":"PropertyValueSpecification","valueRequired":true,"valueName":"search_term_string"}}],"inLanguage":"es"},{"@type":"Organization","@id":"https:\/\/casadecampoliving.com\/es\/#organization","name":"Casa de Campo Living","url":"https:\/\/casadecampoliving.com\/es\/","logo":{"@type":"ImageObject","inLanguage":"es","@id":"https:\/\/casadecampoliving.com\/es\/#\/schema\/logo\/image\/","url":"https:\/\/i0.wp.com\/casadecampoliving.com\/wp-content\/uploads\/2022\/07\/CDCLivingLogo_V1-white-sized.png?fit=800%2C214&ssl=1","contentUrl":"https:\/\/i0.wp.com\/casadecampoliving.com\/wp-content\/uploads\/2022\/07\/CDCLivingLogo_V1-white-sized.png?fit=800%2C214&ssl=1","width":800,"height":214,"caption":"Casa de Campo Living"},"image":{"@id":"https:\/\/casadecampoliving.com\/es\/#\/schema\/logo\/image\/"},"sameAs":["https:\/\/www.facebook.com\/casadecampoliving","https:\/\/x.com\/cdcliving"]},{"@type":"Person","@id":"https:\/\/casadecampoliving.com\/es\/#\/schema\/person\/7e3b975d584a5f6ac0fd7128a81b0bc5","name":"","image":{"@type":"ImageObject","inLanguage":"es","@id":"https:\/\/secure.gravatar.com\/avatar\/?s=96&d=mm&r=g","url":"https:\/\/secure.gravatar.com\/avatar\/?s=96&d=mm&r=g","contentUrl":"https:\/\/secure.gravatar.com\/avatar\/?s=96&d=mm&r=g"},"url":"https:\/\/casadecampoliving.com\/es\/author\/ \/"}]}},"parsely":{"version":"1.1.0","canonical_url":"https:\/\/casadecampoliving.com\/es\/confirmado-julio-iglesias-ofrecera-concierto-en-altos-de-chavon-el-28-de-diciembre\/","smart_links":{"inbound":0,"outbound":0},"traffic_boost_suggestions_count":0,"meta":{"@context":"https:\/\/schema.org","@type":"NewsArticle","headline":"CONFIRMADO: Julio Iglesias ofrecer\u00e1 concierto en Altos de Chavon el 28 de diciembre!","url":"http:\/\/casadecampoliving.com\/es\/confirmado-julio-iglesias-ofrecera-concierto-en-altos-de-chavon-el-28-de-diciembre\/","mainEntityOfPage":{"@type":"WebPage","@id":"http:\/\/casadecampoliving.com\/es\/confirmado-julio-iglesias-ofrecera-concierto-en-altos-de-chavon-el-28-de-diciembre\/"},"thumbnailUrl":"https:\/\/i0.wp.com\/casadecampoliving.com\/wp-content\/uploads\/2022\/10\/julio_iglesias_altos_de_chavon-1.jpg?resize=150%2C150&ssl=1","image":{"@type":"ImageObject","url":"https:\/\/i0.wp.com\/casadecampoliving.com\/wp-content\/uploads\/2022\/10\/julio_iglesias_altos_de_chavon-1.jpg?fit=650%2C389&ssl=1"},"articleSection":"Altos de Chavon @es","author":[{"@type":"Person","name":"FB_515917546"}],"creator":["FB_515917546"],"publisher":{"@type":"Organization","name":"Casa de Campo Living","logo":"https:\/\/casadecampoliving.com\/wp-content\/uploads\/2022\/07\/CDCLivingLogo_V1-white-sized.png"},"keywords":["altos de chavon","anfiteatro de altos de chavon","julio iglesias"],"dateCreated":"2012-09-08T04:00:00Z","datePublished":"2012-09-08T04:00:00Z","dateModified":"2022-10-21T22:47:46Z"},"rendered":"<script type=\"application\/ld+json\" class=\"wp-parsely-metadata\">{\"@context\":\"https:\\\/\\\/schema.org\",\"@type\":\"NewsArticle\",\"headline\":\"CONFIRMADO: Julio Iglesias ofrecer\\u00e1 concierto en Altos de Chavon el 28 de diciembre!\",\"url\":\"http:\\\/\\\/casadecampoliving.com\\\/es\\\/confirmado-julio-iglesias-ofrecera-concierto-en-altos-de-chavon-el-28-de-diciembre\\\/\",\"mainEntityOfPage\":{\"@type\":\"WebPage\",\"@id\":\"http:\\\/\\\/casadecampoliving.com\\\/es\\\/confirmado-julio-iglesias-ofrecera-concierto-en-altos-de-chavon-el-28-de-diciembre\\\/\"},\"thumbnailUrl\":\"https:\\\/\\\/i0.wp.com\\\/casadecampoliving.com\\\/wp-content\\\/uploads\\\/2022\\\/10\\\/julio_iglesias_altos_de_chavon-1.jpg?resize=150%2C150&ssl=1\",\"image\":{\"@type\":\"ImageObject\",\"url\":\"https:\\\/\\\/i0.wp.com\\\/casadecampoliving.com\\\/wp-content\\\/uploads\\\/2022\\\/10\\\/julio_iglesias_altos_de_chavon-1.jpg?fit=650%2C389&ssl=1\"},\"articleSection\":\"Altos de Chavon @es\",\"author\":[{\"@type\":\"Person\",\"name\":\"FB_515917546\"}],\"creator\":[\"FB_515917546\"],\"publisher\":{\"@type\":\"Organization\",\"name\":\"Casa de Campo Living\",\"logo\":\"https:\\\/\\\/casadecampoliving.com\\\/wp-content\\\/uploads\\\/2022\\\/07\\\/CDCLivingLogo_V1-white-sized.png\"},\"keywords\":[\"altos de chavon\",\"anfiteatro de altos de chavon\",\"julio iglesias\"],\"dateCreated\":\"2012-09-08T04:00:00Z\",\"datePublished\":\"2012-09-08T04:00:00Z\",\"dateModified\":\"2022-10-21T22:47:46Z\"}<\/script>","tracker_url":"https:\/\/cdn.parsely.com\/keys\/casadecampoliving.com\/p.js"},"jetpack_publicize_connections":[],"jetpack_featured_media_url":"https:\/\/i0.wp.com\/casadecampoliving.com\/wp-content\/uploads\/2022\/10\/julio_iglesias_altos_de_chavon-1.jpg?fit=650%2C389&ssl=1","jetpack-related-posts":[{"id":433460,"url":"https:\/\/casadecampoliving.com\/es\/no-se-pierdan-el-increible-tributo-a-frank-sinatra-para-celebrar-el-40-aniversario-del-anfiteatro-altos-de-chavon\/","url_meta":{"origin":339717,"position":0},"title":"No se pierdan el incre\u00edble tributo a Frank Sinatra para celebrar el 40 aniversario del\u00a0Anfiteatro Altos de Chav\u00f3n","author":"Casa de Campo Living","date":"20 Oct, 2022","format":false,"excerpt":"Siendo uno de los escenarios m\u00e1s emblem\u00e1ticos del pa\u00eds, Casa de Campo Resort\u00ae & Villas celebra las cuatro d\u00e9cadas de aniversario de Altos de Chav\u00f3n con un tributo al gran Frank Sinatra, protagonizado por artistas invitados y una big band tal cual la que acompa\u00f1\u00f3 al artista hace 40 a\u00f1os\u2026","rel":"","context":"En \u00abUncategorized @es\u00bb","block_context":{"text":"Uncategorized @es","link":"https:\/\/casadecampoliving.com\/es\/category\/uncategorized-es\/"},"img":{"alt_text":"","src":"https:\/\/i0.wp.com\/casadecampoliving.com\/wp-content\/uploads\/2022\/10\/Tributo-Frank-Sinatra-Foto-Principal-Amaury-Sanchez-Danilo-Ginebra-Andres-Pichardo-y-Jose-Gabriel-Perez-.jpg?fit=1200%2C873&ssl=1&resize=350%2C200","width":350,"height":200,"srcset":"https:\/\/i0.wp.com\/casadecampoliving.com\/wp-content\/uploads\/2022\/10\/Tributo-Frank-Sinatra-Foto-Principal-Amaury-Sanchez-Danilo-Ginebra-Andres-Pichardo-y-Jose-Gabriel-Perez-.jpg?fit=1200%2C873&ssl=1&resize=350%2C200 1x, https:\/\/i0.wp.com\/casadecampoliving.com\/wp-content\/uploads\/2022\/10\/Tributo-Frank-Sinatra-Foto-Principal-Amaury-Sanchez-Danilo-Ginebra-Andres-Pichardo-y-Jose-Gabriel-Perez-.jpg?fit=1200%2C873&ssl=1&resize=525%2C300 1.5x, https:\/\/i0.wp.com\/casadecampoliving.com\/wp-content\/uploads\/2022\/10\/Tributo-Frank-Sinatra-Foto-Principal-Amaury-Sanchez-Danilo-Ginebra-Andres-Pichardo-y-Jose-Gabriel-Perez-.jpg?fit=1200%2C873&ssl=1&resize=700%2C400 2x, https:\/\/i0.wp.com\/casadecampoliving.com\/wp-content\/uploads\/2022\/10\/Tributo-Frank-Sinatra-Foto-Principal-Amaury-Sanchez-Danilo-Ginebra-Andres-Pichardo-y-Jose-Gabriel-Perez-.jpg?fit=1200%2C873&ssl=1&resize=1050%2C600 3x"},"classes":[]},{"id":339397,"url":"https:\/\/casadecampoliving.com\/es\/alerta-de-rumor-julio-iglesias-dara-concierto-en-el-anfiteatro-de-altos-de-chavon\/","url_meta":{"origin":339717,"position":1},"title":"Alerta de rumor: Julio Iglesias dar\u00e1 concierto en el anfiteatro de Altos de Chav\u00f3n!","author":"","date":"17 Jul, 2012","format":false,"excerpt":"Fant\u00e1sticas noticias! Acabamos de escuchar el maravilloso rumor de que Julio Iglesias planea dar un concierto en el anfiteatro de Altos de Chav\u00f3n en diciembre!\u00a0 ACTUALIZACI\u00d3N: Este concierto ya ha sido CONFIRMADO! Haga click aqu\u00ed para los detalles.\u00a0 De acuerdo a los rumores, el concierto est\u00e1 pautado para el viernes\u2026","rel":"","context":"En \u00abAltos de Chavon @es\u00bb","block_context":{"text":"Altos de Chavon @es","link":"https:\/\/casadecampoliving.com\/category\/altos-de-chavon-es\/"},"img":{"alt_text":"julio iglesias","src":"https:\/\/i0.wp.com\/casadecampoliving.com\/wp-content\/uploads\/2022\/10\/julio_iglesias-5.jpg?fit=650%2C306&ssl=1&resize=350%2C200","width":350,"height":200,"srcset":"https:\/\/i0.wp.com\/casadecampoliving.com\/wp-content\/uploads\/2022\/10\/julio_iglesias-5.jpg?fit=650%2C306&ssl=1&resize=350%2C200 1x, https:\/\/i0.wp.com\/casadecampoliving.com\/wp-content\/uploads\/2022\/10\/julio_iglesias-5.jpg?fit=650%2C306&ssl=1&resize=525%2C300 1.5x"},"classes":[]},{"id":340396,"url":"https:\/\/casadecampoliving.com\/es\/julio-iglesias-en-concierto-manana-en-altos-de-chavon-entradas-siguen-a-la-venta-con-la-fundacion-mir\/","url_meta":{"origin":339717,"position":2},"title":"Julio Iglesias en concierto ma\u00f1ana en Altos de Chav\u00f3n! Entradas siguen a la venta con la Fundaci\u00f3n MIR!","author":"lperdomo","date":"27 Dic, 2012","format":false,"excerpt":"Woohoo!\u00a0Parece una eternidad desde que anunciamos por primera vez que Julio Iglesias estar\u00eda cantando el 28 de Diciembre a las 8pm en el anfiteatro de \u00a0Altos de Chav\u00f3n \u2013 \u00a1y ahora este gran momento por fin lleg\u00f3! Antes del evento, aqu\u00ed le traemos la lista de bebidas y precios que\u2026","rel":"","context":"En \u00abAltos de Chavon @es\u00bb","block_context":{"text":"Altos de Chavon @es","link":"https:\/\/casadecampoliving.com\/category\/altos-de-chavon-es\/"},"img":{"alt_text":"concierto julio iglesias","src":"https:\/\/i0.wp.com\/casadecampoliving.com\/wp-content\/uploads\/2022\/10\/Concierto-Julio-Iglesias-1.jpg?fit=650%2C309&ssl=1&resize=350%2C200","width":350,"height":200,"srcset":"https:\/\/i0.wp.com\/casadecampoliving.com\/wp-content\/uploads\/2022\/10\/Concierto-Julio-Iglesias-1.jpg?fit=650%2C309&ssl=1&resize=350%2C200 1x, https:\/\/i0.wp.com\/casadecampoliving.com\/wp-content\/uploads\/2022\/10\/Concierto-Julio-Iglesias-1.jpg?fit=650%2C309&ssl=1&resize=525%2C300 1.5x"},"classes":[]},{"id":340236,"url":"https:\/\/casadecampoliving.com\/es\/la-fundacion-mir-recauda-mas-de-us9000-y-contando-de-las-ventas-de-julio-iglesias\/","url_meta":{"origin":339717,"position":3},"title":"La Fundaci\u00f3n MIR recauda m\u00e1s de US$9,000 (y contando) de las ventas de Julio Iglesias","author":"","date":"7 Dic, 2012","format":false,"excerpt":"El pasado viernes 23 de noviembre, nosotros (Casa de Campo Living) publicamos la noticia de que la Fundaci\u00f3n MIR ten\u00eda boletas disponible para el concierto de Julio Iglesias que se estar\u00e1 publicando pr\u00f3ximamente en Altos de Chav\u00f3n el 28 de diciembre \u2013 y desde entonces, el tel\u00e9fono en las oficinas\u2026","rel":"","context":"En \u00abAltos de Chavon @es\u00bb","block_context":{"text":"Altos de Chavon @es","link":"https:\/\/casadecampoliving.com\/category\/altos-de-chavon-es\/"},"img":{"alt_text":"julio iglesias","src":"https:\/\/i0.wp.com\/casadecampoliving.com\/wp-content\/uploads\/2022\/10\/Julio-iglesias-3.jpg?fit=650%2C541&ssl=1&resize=350%2C200","width":350,"height":200,"srcset":"https:\/\/i0.wp.com\/casadecampoliving.com\/wp-content\/uploads\/2022\/10\/Julio-iglesias-3.jpg?fit=650%2C541&ssl=1&resize=350%2C200 1x, https:\/\/i0.wp.com\/casadecampoliving.com\/wp-content\/uploads\/2022\/10\/Julio-iglesias-3.jpg?fit=650%2C541&ssl=1&resize=525%2C300 1.5x"},"classes":[]},{"id":340164,"url":"https:\/\/casadecampoliving.com\/es\/las-boletas-del-concierto-de-julio-iglesia-a-la-venta-ya-con-un-porcentaje-a-beneficio-de-la-fundacion-mir\/","url_meta":{"origin":339717,"position":4},"title":"Las boletas del concierto de Julio Iglesia a la venta YA &#8211; con un 20% a beneficio de la Fundaci\u00f3n MIR","author":"","date":"23 Nov, 2012","format":false,"excerpt":"Grandiosa noticia! No s\u00f3lo est\u00e1n a la venta ya las esperadas boletas del concierto de Julio Iglesias en Altos de Chav\u00f3n \u2013 tambi\u00e9n un porcentaje de las ventas de estas boletas, realizadas por la Fundaci\u00f3n MIR ir\u00e1 a beneficio de esta fabulosa fundaci\u00f3n que en la actualidad administra tres escuelas\u2026","rel":"","context":"En \u00abAltos de Chavon @es\u00bb","block_context":{"text":"Altos de Chavon @es","link":"https:\/\/casadecampoliving.com\/category\/altos-de-chavon-es\/"},"img":{"alt_text":"julio iglesias","src":"https:\/\/i0.wp.com\/casadecampoliving.com\/wp-content\/uploads\/2022\/10\/Julio-iglesias-1.jpg?fit=650%2C536&ssl=1&resize=350%2C200","width":350,"height":200,"srcset":"https:\/\/i0.wp.com\/casadecampoliving.com\/wp-content\/uploads\/2022\/10\/Julio-iglesias-1.jpg?fit=650%2C536&ssl=1&resize=350%2C200 1x, https:\/\/i0.wp.com\/casadecampoliving.com\/wp-content\/uploads\/2022\/10\/Julio-iglesias-1.jpg?fit=650%2C536&ssl=1&resize=525%2C300 1.5x"},"classes":[]},{"id":338526,"url":"https:\/\/casadecampoliving.com\/es\/confirmado-luis-fonsi-tocara-tierra-firme-en-el-anfiteatro-altos-de-chavon\/","url_meta":{"origin":339717,"position":5},"title":"Confirmado: Luis Fonsi tocar\u00e1 \u00abTierra Firme\u00bb en el Anfiteatro Altos de Chav\u00f3n","author":"","date":"7 Mar, 2012","format":false,"excerpt":"Confirmado! El cantante puertorrique\u00f1o Luis Fonsi (y tambi\u00e9n fan\u00e1tico del pueblo de La Romana) regresa a la Rep\u00fablica Dominicana \u2013 y en esta ocasi\u00f3n y por primera vez, se presentar\u00e1 en el imponente escenario del Anfiteatro Altos de Chav\u00f3n en Casa de Campo,\u00a0para deleitarnos con su nueva gira de conciertos\u2026","rel":"","context":"En \u00abAltos de Chavon @es\u00bb","block_context":{"text":"Altos de Chavon @es","link":"https:\/\/casadecampoliving.com\/category\/altos-de-chavon-es\/"},"img":{"alt_text":"luis fonsi tierra firme","src":"https:\/\/i0.wp.com\/casadecampoliving.com\/wp-content\/uploads\/2022\/10\/Luis_Fonsi-Tierra_Firme-1.jpg?fit=650%2C417&ssl=1&resize=350%2C200","width":350,"height":200,"srcset":"https:\/\/i0.wp.com\/casadecampoliving.com\/wp-content\/uploads\/2022\/10\/Luis_Fonsi-Tierra_Firme-1.jpg?fit=650%2C417&ssl=1&resize=350%2C200 1x, https:\/\/i0.wp.com\/casadecampoliving.com\/wp-content\/uploads\/2022\/10\/Luis_Fonsi-Tierra_Firme-1.jpg?fit=650%2C417&ssl=1&resize=525%2C300 1.5x"},"classes":[]}],"jetpack_sharing_enabled":true,"_links":{"self":[{"href":"https:\/\/casadecampoliving.com\/es\/wp-json\/wp\/v2\/posts\/339717","targetHints":{"allow":["GET"]}}],"collection":[{"href":"https:\/\/casadecampoliving.com\/es\/wp-json\/wp\/v2\/posts"}],"about":[{"href":"https:\/\/casadecampoliving.com\/es\/wp-json\/wp\/v2\/types\/post"}],"author":[{"embeddable":true,"href":"https:\/\/casadecampoliving.com\/es\/wp-json\/wp\/v2\/users\/21"}],"replies":[{"embeddable":true,"href":"https:\/\/casadecampoliving.com\/es\/wp-json\/wp\/v2\/comments?post=339717"}],"version-history":[{"count":1,"href":"https:\/\/casadecampoliving.com\/es\/wp-json\/wp\/v2\/posts\/339717\/revisions"}],"predecessor-version":[{"id":339718,"href":"https:\/\/casadecampoliving.com\/es\/wp-json\/wp\/v2\/posts\/339717\/revisions\/339718"}],"wp:featuredmedia":[{"embeddable":true,"href":"https:\/\/casadecampoliving.com\/es\/wp-json\/wp\/v2\/media\/269648"}],"wp:attachment":[{"href":"https:\/\/casadecampoliving.com\/es\/wp-json\/wp\/v2\/media?parent=339717"}],"wp:term":[{"taxonomy":"category","embeddable":true,"href":"https:\/\/casadecampoliving.com\/es\/wp-json\/wp\/v2\/categories?post=339717"},{"taxonomy":"post_tag","embeddable":true,"href":"https:\/\/casadecampoliving.com\/es\/wp-json\/wp\/v2\/tags?post=339717"},{"taxonomy":"newspack_spnsrs_tax","embeddable":true,"href":"https:\/\/casadecampoliving.com\/es\/wp-json\/wp\/v2\/newspack_spnsrs_tax?post=339717"}],"curies":[{"name":"wp","href":"https:\/\/api.w.org\/{rel}","templated":true}]}}