{"id":339687,"date":"2012-09-04T00:00:00","date_gmt":"2012-09-04T04:00:00","guid":{"rendered":"https:\/\/casadecampoliving.com\/un-magnifico-comienzo-al-torneo-internacional-de-tenis-casa-de-campo-proseguros-en-casa-de-campo\/"},"modified":"2022-11-10T10:36:46","modified_gmt":"2022-11-10T14:36:46","slug":"un-magnifico-comienzo-al-torneo-internacional-de-tenis-casa-de-campo-proseguros-en-casa-de-campo","status":"publish","type":"post","link":"https:\/\/casadecampoliving.com\/es\/un-magnifico-comienzo-al-torneo-internacional-de-tenis-casa-de-campo-proseguros-en-casa-de-campo\/","title":{"rendered":"Un magn\u00edfico comienzo al Torneo Internacional de Tenis Casa de Campo &#8211; Proseguros en Casa de Campo!"},"content":{"rendered":"<img data-recalc-dims=\"1\" loading=\"lazy\" decoding=\"async\" class=\"aligncenter size-full wp-image-57328\" title=\"proseguros_inauguration\" src=\"https:\/\/i0.wp.com\/casadecampoliving.com\/wp-content\/uploads\/2022\/10\/porseguros_inauguration.jpg?resize=650%2C432&#038;ssl=1\" alt=\"Proseguros Tennis Tournament Inauguration\" width=\"650\" height=\"432\" \/>El pasado 30 de agosto de 2012, el XXXV Torneo Internacional de Tenis \u00abCasa de Campo &#8211; Proseguros\u00bb, fue inaugurado oficialmente en el Club de Tenis La Terraza de Casa de Campo, con la asistencia de Vicenzo Mastolilli, fundador del torneo, el Dr. Claudio Silvestri, Presidente de Premier Resorts &amp; Hotels, as\u00ed como por numerosos fan\u00e1ticos del tenis en Casa de Campo!\n\n<img data-recalc-dims=\"1\" loading=\"lazy\" decoding=\"async\" class=\"alignright size-full wp-image-57357\" style=\"margin-left: 15px; margin-right: 15px;\" title=\"proseguros_tennis_tournament\" src=\"https:\/\/i0.wp.com\/casadecampoliving.com\/wp-content\/uploads\/2022\/10\/proseguros_tennis_tournament-2.jpg?resize=230%2C268&#038;ssl=1\" alt=\"\" width=\"230\" height=\"268\" \/>Este popular evento de cuatro d\u00edas fue, este a\u00f1o, dedicado a Vincenzo Mastrolilli, fundador de la Copa Porseguros &#8211; Casa de Campo &#8211; una vez m\u00e1s a cargo de liderar una maravillosa ceremonia inaugural del evento, celebrado en Casa de Campo desde 1977. Este, como muchos eventos de esta comunidad, ha adquirido una gran popularidad con m\u00e1s de 200 jugadores provenientes de todas partes del mundo y de la Rep\u00fablica Dominicana.\n\nEn la celebraci\u00f3n inaugural, el Dr. Claudio Silvestri, Presidente de Premier Resorts &amp; Hotels (empresa de manejo de Casa de Campo), acompa\u00f1ado por Vicenzo Mastrolilli y muchos miembros queridos de la comunidad de Casa de Campo, realiz\u00f3 el tradicional y simb\u00f3lico hit.\n<p style=\"text-align: center;\"><strong>Boleros desfilando en la inauguraci\u00f3n de la Copa de Tenis Proseguros\u00a0<\/strong>\n<img data-recalc-dims=\"1\" loading=\"lazy\" decoding=\"async\" class=\"aligncenter size-full wp-image-57329\" title=\"proseguros_inauguration_ballboys\" src=\"https:\/\/i0.wp.com\/casadecampoliving.com\/wp-content\/uploads\/2022\/10\/proseguros_inauguration_ballboys.jpg?resize=650%2C347&#038;ssl=1\" alt=\"Proseguros Tennis Tournament Inauguration\" width=\"650\" height=\"347\" \/><\/p>\n<p style=\"text-align: left;\">Una de las vistas m\u00e1s espectaculares fue el sencillo, pero hermoso desfile de los boleros y boleritas del Club de Tenis de La Terraza, quienes hicieron su entrada a la cancha con globos blancos y verdes, dando la bienvenida a los jugadores internacionales y dominicanos, record\u00e1ndoles las reglas del concurso y d\u00e1ndoles a conocer el programa del torneo.<\/p>\n\n<blockquote>\n<p style=\"text-align: center;\"><strong><a href=\"https:\/\/casadecampoliving.com\/es\/2012\/08\/empresa-de-vehiculos-infiniti-llega-a-casa-de-campo-como-patrocinador-del-torneo-de-tenis-proseguros\/\">Exclusivos modelos INFINITI en el Club de Tenis La Terraza<\/a><\/strong>\n<img data-recalc-dims=\"1\" loading=\"lazy\" decoding=\"async\" class=\"aligncenter  wp-image-57330\" title=\"infiniti_proseguros\" src=\"https:\/\/i0.wp.com\/casadecampoliving.com\/wp-content\/uploads\/2022\/10\/infiniti_proseguros1.jpg?resize=585%2C337&#038;ssl=1\" alt=\"Infiniti Sponsors Tennis Tournament Proseguros\" width=\"585\" height=\"337\" \/><\/p>\n<p style=\"text-align: left;\">Una de las principales atracciones del d\u00eda fue, sin duda, la exhibici\u00f3n de la exclusiva selecci\u00f3n de modelos INFINIT presentado a la comunidad de Casa de Campo por la marca de veh\u00edculos de lujo, INFINITI &#8211; patrocinadores del XXXV Torneo Internacional de Tenis \u00abCasa de Campo &#8211; Proseguros\u00bb. Justo en la entrada del Club de Tenis La Terraza, los due\u00f1os de villas, residentes, invitados y jugadores de tenis de Casa de Campo, tuvieron la oportunidad de admirar 5 de sus modelos \u00fanicos y vanguardistas.<\/p>\nLa exhibici\u00f3n INFINITI estuvo disponible para los entusiastas desde el jueves 30 de agosto hasta el domingo 2 de septiembre, tiempo en el que se desarrollaron los m\u00faltiples juegos de tenis de este torneo &#8211; y pronto publicaremos m\u00e1s fotos!!\n\n<strong><em><a href=\"https:\/\/casadecampoliving.com\/es\/2012\/08\/empresa-de-vehiculos-infiniti-llega-a-casa-de-campo-como-patrocinador-del-torneo-de-tenis-proseguros\/\">Para leer m\u00e1s sobre los modelos INFINITI, HAGA CLICK AQUI!<\/a><\/em><\/strong><\/blockquote>\n<a href=\"http:\/\/https:\/\/casadecampoliving.com\/es\/2011\/09\/celebrando-la-apertura-del-xxxiv-torneo-tenis-copa-proseguros-en-casa-de-campo-2\/\">Para leer y ver m\u00e1s fotos sobre el evento en su edici\u00f3n de 2011, haga click aqu\u00ed!<\/a>\n\nAqu\u00ed compartimos una selecci\u00f3n de fotos tomadas durante la inauguraci\u00f3n del torneo celebrado del 30 de agosto al 2 de septiembre de 2012 en el Club de Tenis La Terraza: <strong>\n<figure class=\"wp-block-gallery has-nested-images columns-default is-cropped wp-block-gallery-1 is-layout-flex wp-block-gallery-is-layout-flex\">\n<figure class=\"wp-block-image size-large\"><img data-recalc-dims=\"1\" loading=\"lazy\" decoding=\"async\" width=\"591\" height=\"768\" data-id=\"471042\" src=\"https:\/\/i0.wp.com\/casadecampoliving.com\/wp-content\/uploads\/2022\/10\/antonio-esteban-jose-roques-persio-maldonado.jpg?resize=591%2C768&#038;ssl=1\" alt=\"\" class=\"wp-image-471042\" srcset=\"https:\/\/i0.wp.com\/casadecampoliving.com\/wp-content\/uploads\/2022\/10\/antonio-esteban-jose-roques-persio-maldonado.jpg?w=591&amp;ssl=1 591w, https:\/\/i0.wp.com\/casadecampoliving.com\/wp-content\/uploads\/2022\/10\/antonio-esteban-jose-roques-persio-maldonado.jpg?resize=231%2C300&amp;ssl=1 231w, https:\/\/i0.wp.com\/casadecampoliving.com\/wp-content\/uploads\/2022\/10\/antonio-esteban-jose-roques-persio-maldonado.jpg?resize=400%2C520&amp;ssl=1 400w, https:\/\/i0.wp.com\/casadecampoliving.com\/wp-content\/uploads\/2022\/10\/antonio-esteban-jose-roques-persio-maldonado.jpg?resize=150%2C195&amp;ssl=1 150w, https:\/\/i0.wp.com\/casadecampoliving.com\/wp-content\/uploads\/2022\/10\/antonio-esteban-jose-roques-persio-maldonado.jpg?w=370&amp;ssl=1 370w\" sizes=\"auto, (max-width: 591px) 100vw, 591px\" \/><\/figure>\n\n\n\n<figure class=\"wp-block-image size-large\"><img data-recalc-dims=\"1\" loading=\"lazy\" decoding=\"async\" width=\"800\" height=\"484\" data-id=\"471072\" src=\"https:\/\/i0.wp.com\/casadecampoliving.com\/wp-content\/uploads\/2022\/10\/dsc_9638.jpg?resize=800%2C484&#038;ssl=1\" alt=\"\" class=\"wp-image-471072\" srcset=\"https:\/\/i0.wp.com\/casadecampoliving.com\/wp-content\/uploads\/2022\/10\/dsc_9638.jpg?w=800&amp;ssl=1 800w, https:\/\/i0.wp.com\/casadecampoliving.com\/wp-content\/uploads\/2022\/10\/dsc_9638.jpg?resize=300%2C182&amp;ssl=1 300w, https:\/\/i0.wp.com\/casadecampoliving.com\/wp-content\/uploads\/2022\/10\/dsc_9638.jpg?resize=768%2C465&amp;ssl=1 768w, https:\/\/i0.wp.com\/casadecampoliving.com\/wp-content\/uploads\/2022\/10\/dsc_9638.jpg?resize=400%2C242&amp;ssl=1 400w, https:\/\/i0.wp.com\/casadecampoliving.com\/wp-content\/uploads\/2022\/10\/dsc_9638.jpg?resize=706%2C427&amp;ssl=1 706w, https:\/\/i0.wp.com\/casadecampoliving.com\/wp-content\/uploads\/2022\/10\/dsc_9638.jpg?resize=150%2C91&amp;ssl=1 150w, https:\/\/i0.wp.com\/casadecampoliving.com\/wp-content\/uploads\/2022\/10\/dsc_9638.jpg?w=370&amp;ssl=1 370w\" sizes=\"auto, (max-width: 800px) 100vw, 800px\" \/><\/figure>\n\n\n\n<figure class=\"wp-block-image size-large\"><img data-recalc-dims=\"1\" loading=\"lazy\" decoding=\"async\" width=\"772\" height=\"513\" data-id=\"471093\" src=\"https:\/\/i0.wp.com\/casadecampoliving.com\/wp-content\/uploads\/2022\/10\/dsc_9730.jpg?resize=772%2C513&#038;ssl=1\" alt=\"\" class=\"wp-image-471093\" srcset=\"https:\/\/i0.wp.com\/casadecampoliving.com\/wp-content\/uploads\/2022\/10\/dsc_9730.jpg?w=772&amp;ssl=1 772w, https:\/\/i0.wp.com\/casadecampoliving.com\/wp-content\/uploads\/2022\/10\/dsc_9730.jpg?resize=300%2C199&amp;ssl=1 300w, https:\/\/i0.wp.com\/casadecampoliving.com\/wp-content\/uploads\/2022\/10\/dsc_9730.jpg?resize=768%2C510&amp;ssl=1 768w, https:\/\/i0.wp.com\/casadecampoliving.com\/wp-content\/uploads\/2022\/10\/dsc_9730.jpg?resize=400%2C266&amp;ssl=1 400w, https:\/\/i0.wp.com\/casadecampoliving.com\/wp-content\/uploads\/2022\/10\/dsc_9730.jpg?resize=706%2C469&amp;ssl=1 706w, https:\/\/i0.wp.com\/casadecampoliving.com\/wp-content\/uploads\/2022\/10\/dsc_9730.jpg?resize=150%2C100&amp;ssl=1 150w, https:\/\/i0.wp.com\/casadecampoliving.com\/wp-content\/uploads\/2022\/10\/dsc_9730.jpg?w=370&amp;ssl=1 370w\" sizes=\"auto, (max-width: 772px) 100vw, 772px\" \/><\/figure>\n\n\n\n<figure class=\"wp-block-image size-large\"><img data-recalc-dims=\"1\" loading=\"lazy\" decoding=\"async\" width=\"800\" height=\"531\" data-id=\"471121\" src=\"https:\/\/i0.wp.com\/casadecampoliving.com\/wp-content\/uploads\/2022\/10\/dsc_9738.jpg?resize=800%2C531&#038;ssl=1\" alt=\"\" class=\"wp-image-471121\" srcset=\"https:\/\/i0.wp.com\/casadecampoliving.com\/wp-content\/uploads\/2022\/10\/dsc_9738.jpg?w=800&amp;ssl=1 800w, https:\/\/i0.wp.com\/casadecampoliving.com\/wp-content\/uploads\/2022\/10\/dsc_9738.jpg?resize=300%2C199&amp;ssl=1 300w, https:\/\/i0.wp.com\/casadecampoliving.com\/wp-content\/uploads\/2022\/10\/dsc_9738.jpg?resize=768%2C510&amp;ssl=1 768w, https:\/\/i0.wp.com\/casadecampoliving.com\/wp-content\/uploads\/2022\/10\/dsc_9738.jpg?resize=400%2C266&amp;ssl=1 400w, https:\/\/i0.wp.com\/casadecampoliving.com\/wp-content\/uploads\/2022\/10\/dsc_9738.jpg?resize=706%2C469&amp;ssl=1 706w, https:\/\/i0.wp.com\/casadecampoliving.com\/wp-content\/uploads\/2022\/10\/dsc_9738.jpg?resize=150%2C100&amp;ssl=1 150w, https:\/\/i0.wp.com\/casadecampoliving.com\/wp-content\/uploads\/2022\/10\/dsc_9738.jpg?w=370&amp;ssl=1 370w\" sizes=\"auto, (max-width: 800px) 100vw, 800px\" \/><\/figure>\n\n\n\n<figure class=\"wp-block-image size-large\"><img data-recalc-dims=\"1\" loading=\"lazy\" decoding=\"async\" width=\"772\" height=\"513\" data-id=\"471149\" src=\"https:\/\/i0.wp.com\/casadecampoliving.com\/wp-content\/uploads\/2022\/10\/guiliano-mastrolilli-miguelina-peguro-vicky-mastrolilli-hermogenes-guerrero.jpg?resize=772%2C513&#038;ssl=1\" alt=\"\" class=\"wp-image-471149\" srcset=\"https:\/\/i0.wp.com\/casadecampoliving.com\/wp-content\/uploads\/2022\/10\/guiliano-mastrolilli-miguelina-peguro-vicky-mastrolilli-hermogenes-guerrero.jpg?w=772&amp;ssl=1 772w, https:\/\/i0.wp.com\/casadecampoliving.com\/wp-content\/uploads\/2022\/10\/guiliano-mastrolilli-miguelina-peguro-vicky-mastrolilli-hermogenes-guerrero.jpg?resize=300%2C199&amp;ssl=1 300w, https:\/\/i0.wp.com\/casadecampoliving.com\/wp-content\/uploads\/2022\/10\/guiliano-mastrolilli-miguelina-peguro-vicky-mastrolilli-hermogenes-guerrero.jpg?resize=768%2C510&amp;ssl=1 768w, https:\/\/i0.wp.com\/casadecampoliving.com\/wp-content\/uploads\/2022\/10\/guiliano-mastrolilli-miguelina-peguro-vicky-mastrolilli-hermogenes-guerrero.jpg?resize=400%2C266&amp;ssl=1 400w, https:\/\/i0.wp.com\/casadecampoliving.com\/wp-content\/uploads\/2022\/10\/guiliano-mastrolilli-miguelina-peguro-vicky-mastrolilli-hermogenes-guerrero.jpg?resize=706%2C469&amp;ssl=1 706w, https:\/\/i0.wp.com\/casadecampoliving.com\/wp-content\/uploads\/2022\/10\/guiliano-mastrolilli-miguelina-peguro-vicky-mastrolilli-hermogenes-guerrero.jpg?resize=150%2C100&amp;ssl=1 150w, https:\/\/i0.wp.com\/casadecampoliving.com\/wp-content\/uploads\/2022\/10\/guiliano-mastrolilli-miguelina-peguro-vicky-mastrolilli-hermogenes-guerrero.jpg?w=370&amp;ssl=1 370w\" sizes=\"auto, (max-width: 772px) 100vw, 772px\" \/><\/figure>\n\n\n\n<figure class=\"wp-block-image size-large\"><img data-recalc-dims=\"1\" loading=\"lazy\" decoding=\"async\" width=\"800\" height=\"600\" data-id=\"471170\" src=\"https:\/\/i0.wp.com\/casadecampoliving.com\/wp-content\/uploads\/2022\/10\/img_7737.jpg?resize=800%2C600&#038;ssl=1\" alt=\"\" class=\"wp-image-471170\" srcset=\"https:\/\/i0.wp.com\/casadecampoliving.com\/wp-content\/uploads\/2022\/10\/img_7737.jpg?w=800&amp;ssl=1 800w, https:\/\/i0.wp.com\/casadecampoliving.com\/wp-content\/uploads\/2022\/10\/img_7737.jpg?resize=300%2C225&amp;ssl=1 300w, https:\/\/i0.wp.com\/casadecampoliving.com\/wp-content\/uploads\/2022\/10\/img_7737.jpg?resize=768%2C576&amp;ssl=1 768w, https:\/\/i0.wp.com\/casadecampoliving.com\/wp-content\/uploads\/2022\/10\/img_7737.jpg?resize=400%2C300&amp;ssl=1 400w, https:\/\/i0.wp.com\/casadecampoliving.com\/wp-content\/uploads\/2022\/10\/img_7737.jpg?resize=200%2C150&amp;ssl=1 200w, https:\/\/i0.wp.com\/casadecampoliving.com\/wp-content\/uploads\/2022\/10\/img_7737.jpg?resize=706%2C530&amp;ssl=1 706w, https:\/\/i0.wp.com\/casadecampoliving.com\/wp-content\/uploads\/2022\/10\/img_7737.jpg?resize=150%2C113&amp;ssl=1 150w, https:\/\/i0.wp.com\/casadecampoliving.com\/wp-content\/uploads\/2022\/10\/img_7737.jpg?w=370&amp;ssl=1 370w\" sizes=\"auto, (max-width: 800px) 100vw, 800px\" \/><\/figure>\n\n\n\n<figure class=\"wp-block-image size-large\"><img data-recalc-dims=\"1\" loading=\"lazy\" decoding=\"async\" width=\"560\" height=\"800\" data-id=\"471190\" src=\"https:\/\/i0.wp.com\/casadecampoliving.com\/wp-content\/uploads\/2022\/10\/img_7752-1.jpg?resize=560%2C800&#038;ssl=1\" alt=\"\" class=\"wp-image-471190\" srcset=\"https:\/\/i0.wp.com\/casadecampoliving.com\/wp-content\/uploads\/2022\/10\/img_7752-1.jpg?w=560&amp;ssl=1 560w, https:\/\/i0.wp.com\/casadecampoliving.com\/wp-content\/uploads\/2022\/10\/img_7752-1.jpg?resize=210%2C300&amp;ssl=1 210w, https:\/\/i0.wp.com\/casadecampoliving.com\/wp-content\/uploads\/2022\/10\/img_7752-1.jpg?resize=400%2C571&amp;ssl=1 400w, https:\/\/i0.wp.com\/casadecampoliving.com\/wp-content\/uploads\/2022\/10\/img_7752-1.jpg?resize=150%2C214&amp;ssl=1 150w, https:\/\/i0.wp.com\/casadecampoliving.com\/wp-content\/uploads\/2022\/10\/img_7752-1.jpg?w=370&amp;ssl=1 370w\" sizes=\"auto, (max-width: 560px) 100vw, 560px\" \/><\/figure>\n\n\n\n<figure class=\"wp-block-image size-large\"><img data-recalc-dims=\"1\" loading=\"lazy\" decoding=\"async\" width=\"772\" height=\"513\" data-id=\"471213\" src=\"https:\/\/i0.wp.com\/casadecampoliving.com\/wp-content\/uploads\/2022\/10\/johanna-m-sullivan-julietta-donato-virginia-rivera.jpg?resize=772%2C513&#038;ssl=1\" alt=\"\" class=\"wp-image-471213\" srcset=\"https:\/\/i0.wp.com\/casadecampoliving.com\/wp-content\/uploads\/2022\/10\/johanna-m-sullivan-julietta-donato-virginia-rivera.jpg?w=772&amp;ssl=1 772w, https:\/\/i0.wp.com\/casadecampoliving.com\/wp-content\/uploads\/2022\/10\/johanna-m-sullivan-julietta-donato-virginia-rivera.jpg?resize=300%2C199&amp;ssl=1 300w, https:\/\/i0.wp.com\/casadecampoliving.com\/wp-content\/uploads\/2022\/10\/johanna-m-sullivan-julietta-donato-virginia-rivera.jpg?resize=768%2C510&amp;ssl=1 768w, https:\/\/i0.wp.com\/casadecampoliving.com\/wp-content\/uploads\/2022\/10\/johanna-m-sullivan-julietta-donato-virginia-rivera.jpg?resize=400%2C266&amp;ssl=1 400w, https:\/\/i0.wp.com\/casadecampoliving.com\/wp-content\/uploads\/2022\/10\/johanna-m-sullivan-julietta-donato-virginia-rivera.jpg?resize=706%2C469&amp;ssl=1 706w, https:\/\/i0.wp.com\/casadecampoliving.com\/wp-content\/uploads\/2022\/10\/johanna-m-sullivan-julietta-donato-virginia-rivera.jpg?resize=150%2C100&amp;ssl=1 150w, https:\/\/i0.wp.com\/casadecampoliving.com\/wp-content\/uploads\/2022\/10\/johanna-m-sullivan-julietta-donato-virginia-rivera.jpg?w=370&amp;ssl=1 370w\" sizes=\"auto, (max-width: 772px) 100vw, 772px\" \/><\/figure>\n\n\n\n<figure class=\"wp-block-image size-large\"><img data-recalc-dims=\"1\" loading=\"lazy\" decoding=\"async\" width=\"478\" height=\"752\" data-id=\"471235\" src=\"https:\/\/i0.wp.com\/casadecampoliving.com\/wp-content\/uploads\/2022\/10\/liliana-palavecino-martina-chloe-julio-avila.jpg?resize=478%2C752&#038;ssl=1\" alt=\"\" class=\"wp-image-471235\" srcset=\"https:\/\/i0.wp.com\/casadecampoliving.com\/wp-content\/uploads\/2022\/10\/liliana-palavecino-martina-chloe-julio-avila.jpg?w=478&amp;ssl=1 478w, https:\/\/i0.wp.com\/casadecampoliving.com\/wp-content\/uploads\/2022\/10\/liliana-palavecino-martina-chloe-julio-avila.jpg?resize=191%2C300&amp;ssl=1 191w, https:\/\/i0.wp.com\/casadecampoliving.com\/wp-content\/uploads\/2022\/10\/liliana-palavecino-martina-chloe-julio-avila.jpg?resize=400%2C629&amp;ssl=1 400w, https:\/\/i0.wp.com\/casadecampoliving.com\/wp-content\/uploads\/2022\/10\/liliana-palavecino-martina-chloe-julio-avila.jpg?resize=150%2C236&amp;ssl=1 150w, https:\/\/i0.wp.com\/casadecampoliving.com\/wp-content\/uploads\/2022\/10\/liliana-palavecino-martina-chloe-julio-avila.jpg?w=370&amp;ssl=1 370w\" sizes=\"auto, (max-width: 478px) 100vw, 478px\" \/><\/figure>\n\n\n\n<figure class=\"wp-block-image size-large\"><img data-recalc-dims=\"1\" loading=\"lazy\" decoding=\"async\" width=\"554\" height=\"541\" data-id=\"471262\" src=\"https:\/\/i0.wp.com\/casadecampoliving.com\/wp-content\/uploads\/2022\/10\/maria-victoria-mastroliolli-vicky-mastrolilli.jpg?resize=554%2C541&#038;ssl=1\" alt=\"\" class=\"wp-image-471262\" srcset=\"https:\/\/i0.wp.com\/casadecampoliving.com\/wp-content\/uploads\/2022\/10\/maria-victoria-mastroliolli-vicky-mastrolilli.jpg?w=554&amp;ssl=1 554w, https:\/\/i0.wp.com\/casadecampoliving.com\/wp-content\/uploads\/2022\/10\/maria-victoria-mastroliolli-vicky-mastrolilli.jpg?resize=300%2C293&amp;ssl=1 300w, https:\/\/i0.wp.com\/casadecampoliving.com\/wp-content\/uploads\/2022\/10\/maria-victoria-mastroliolli-vicky-mastrolilli.jpg?resize=400%2C391&amp;ssl=1 400w, https:\/\/i0.wp.com\/casadecampoliving.com\/wp-content\/uploads\/2022\/10\/maria-victoria-mastroliolli-vicky-mastrolilli.jpg?resize=150%2C146&amp;ssl=1 150w, https:\/\/i0.wp.com\/casadecampoliving.com\/wp-content\/uploads\/2022\/10\/maria-victoria-mastroliolli-vicky-mastrolilli.jpg?w=370&amp;ssl=1 370w\" sizes=\"auto, (max-width: 554px) 100vw, 554px\" \/><\/figure>\n<\/figure>\n<\/strong>","protected":false},"excerpt":{"rendered":"<p>El pasado 30 de agosto de 2012, el XXXV Torneo Internacional de Tenis \u00abCasa de Campo &#8211; Proseguros\u00bb, fue inaugurado oficialmente en el Club de Tenis La Terraza de Casa de Campo, con la asistencia de Vicenzo Mastolilli, fundador del torneo, el Dr. Claudio Silvestri, Presidente de Premier Resorts &amp; Hotels, as\u00ed como por numerosos [&hellip;]<\/p>\n","protected":false},"author":21,"featured_media":269099,"comment_status":"closed","ping_status":"closed","sticky":false,"template":"","format":"standard","meta":{"newspack_ads_suppress_ads":false,"newspack_popups_has_disabled_popups":false,"newspack_sponsor_sponsorship_scope":"","newspack_sponsor_native_byline_display":"inherit","newspack_sponsor_native_category_display":"inherit","newspack_sponsor_underwriter_style":"inherit","newspack_sponsor_underwriter_placement":"inherit","_newspack_byline_active":false,"_newspack_byline":"","newspack_hide_updated_date":false,"newspack_show_updated_date":false,"newspack_content_restriction_is_exempt":false,"newspack_featured_image_position":"","newspack_post_subtitle":"","newspack_article_summary_title":"Overview:","newspack_article_summary":"","_jetpack_memberships_contains_paid_content":false,"footnotes":"","jetpack_publicize_message":"","jetpack_publicize_feature_enabled":true,"jetpack_social_post_already_shared":false,"jetpack_social_options":{"image_generator_settings":{"template":"highway","default_image_id":0,"font":"","enabled":false},"version":2},"_wpas_customize_per_network":false},"categories":[2522,2526,14625,26822,2525,14627],"tags":[3872,443,5043],"newspack_spnsrs_tax":[],"class_list":["post-339687","post","type-post","status-publish","format-standard","has-post-thumbnail","hentry","category-eventos-es","category-titulares-es","category-noticias-locales","category-resort-casa-de-campo","category-golf-deportes-es","category-proximamente","tag-club-de-tenis-la-terraza","tag-copa-proseguros","tag-vicenzo-mastrolilli","entry"],"yoast_head":"<!-- This site is optimized with the Yoast SEO plugin v27.5 - https:\/\/yoast.com\/product\/yoast-seo-wordpress\/ -->\n<title>Un magn\u00edfico comienzo al Torneo Internacional de Tenis Casa de Campo - Proseguros en Casa de Campo! | Casa de Campo Living<\/title>\n<meta name=\"description\" content=\"El pasado 30 de agosto de 2012, el XXXV Torneo Internacional de Tenis &quot;Casa de Campo - Proseguros&quot;, fue inaugurado oficialmente en el Club de Tenis La\" \/>\n<meta name=\"robots\" content=\"index, follow, max-snippet:-1, max-image-preview:large, max-video-preview:-1\" \/>\n<link rel=\"canonical\" href=\"https:\/\/casadecampoliving.com\/es\/un-magnifico-comienzo-al-torneo-internacional-de-tenis-casa-de-campo-proseguros-en-casa-de-campo\/\" \/>\n<meta property=\"og:locale\" content=\"es_ES\" \/>\n<meta property=\"og:type\" content=\"article\" \/>\n<meta property=\"og:title\" content=\"Un magn\u00edfico comienzo al Torneo Internacional de Tenis Casa de Campo - Proseguros en Casa de Campo! | Casa de Campo Living\" \/>\n<meta property=\"og:description\" content=\"El pasado 30 de agosto de 2012, el XXXV Torneo Internacional de Tenis &quot;Casa de Campo - Proseguros&quot;, fue inaugurado oficialmente en el Club de Tenis La\" \/>\n<meta property=\"og:url\" content=\"https:\/\/casadecampoliving.com\/es\/un-magnifico-comienzo-al-torneo-internacional-de-tenis-casa-de-campo-proseguros-en-casa-de-campo\/\" \/>\n<meta property=\"og:site_name\" content=\"Casa de Campo Living\" \/>\n<meta property=\"article:publisher\" content=\"https:\/\/www.facebook.com\/casadecampoliving\" \/>\n<meta property=\"article:published_time\" content=\"2012-09-04T04:00:00+00:00\" \/>\n<meta property=\"article:modified_time\" content=\"2022-11-10T14:36:46+00:00\" \/>\n<meta property=\"og:image\" content=\"https:\/\/i0.wp.com\/casadecampoliving.com\/wp-content\/uploads\/2022\/10\/porseguros_inauguration-1.jpg?fit=650%2C432&ssl=1\" \/>\n\t<meta property=\"og:image:width\" content=\"650\" \/>\n\t<meta property=\"og:image:height\" content=\"432\" \/>\n\t<meta property=\"og:image:type\" content=\"image\/jpeg\" \/>\n<meta name=\"twitter:card\" content=\"summary_large_image\" \/>\n<meta name=\"twitter:creator\" content=\"@cdcliving\" \/>\n<meta name=\"twitter:site\" content=\"@cdcliving\" \/>\n<meta name=\"twitter:label1\" content=\"Escrito por\" \/>\n\t<meta name=\"twitter:data1\" content=\"\" \/>\n\t<meta name=\"twitter:label2\" content=\"Tiempo de lectura\" \/>\n\t<meta name=\"twitter:data2\" content=\"2 minutos\" \/>\n<script type=\"application\/ld+json\" class=\"yoast-schema-graph\">{\"@context\":\"https:\\\/\\\/schema.org\",\"@graph\":[{\"@type\":\"Article\",\"@id\":\"https:\\\/\\\/casadecampoliving.com\\\/es\\\/un-magnifico-comienzo-al-torneo-internacional-de-tenis-casa-de-campo-proseguros-en-casa-de-campo\\\/#article\",\"isPartOf\":{\"@id\":\"https:\\\/\\\/casadecampoliving.com\\\/es\\\/un-magnifico-comienzo-al-torneo-internacional-de-tenis-casa-de-campo-proseguros-en-casa-de-campo\\\/\"},\"author\":{\"name\":\"\",\"@id\":\"https:\\\/\\\/casadecampoliving.com\\\/es\\\/#\\\/schema\\\/person\\\/7e3b975d584a5f6ac0fd7128a81b0bc5\"},\"headline\":\"Un magn\u00edfico comienzo al Torneo Internacional de Tenis Casa de Campo &#8211; Proseguros en Casa de Campo!\",\"datePublished\":\"2012-09-04T04:00:00+00:00\",\"dateModified\":\"2022-11-10T14:36:46+00:00\",\"mainEntityOfPage\":{\"@id\":\"https:\\\/\\\/casadecampoliving.com\\\/es\\\/un-magnifico-comienzo-al-torneo-internacional-de-tenis-casa-de-campo-proseguros-en-casa-de-campo\\\/\"},\"wordCount\":468,\"publisher\":{\"@id\":\"https:\\\/\\\/casadecampoliving.com\\\/es\\\/#organization\"},\"image\":{\"@id\":\"https:\\\/\\\/casadecampoliving.com\\\/es\\\/un-magnifico-comienzo-al-torneo-internacional-de-tenis-casa-de-campo-proseguros-en-casa-de-campo\\\/#primaryimage\"},\"thumbnailUrl\":\"https:\\\/\\\/i0.wp.com\\\/casadecampoliving.com\\\/wp-content\\\/uploads\\\/2022\\\/10\\\/porseguros_inauguration-1.jpg?fit=650%2C432&ssl=1\",\"keywords\":[\"club de tenis la terraza\",\"Copa Proseguros\",\"vicenzo mastrolilli\"],\"articleSection\":[\"Eventos\",\"Titulares\",\"Noticias Locales\",\"Resort Casa de Campo\",\"Deportes\",\"Proximamente\"],\"inLanguage\":\"es\"},{\"@type\":\"WebPage\",\"@id\":\"https:\\\/\\\/casadecampoliving.com\\\/es\\\/un-magnifico-comienzo-al-torneo-internacional-de-tenis-casa-de-campo-proseguros-en-casa-de-campo\\\/\",\"url\":\"https:\\\/\\\/casadecampoliving.com\\\/es\\\/un-magnifico-comienzo-al-torneo-internacional-de-tenis-casa-de-campo-proseguros-en-casa-de-campo\\\/\",\"name\":\"Un magn\u00edfico comienzo al Torneo Internacional de Tenis Casa de Campo - Proseguros en Casa de Campo! | Casa de Campo Living\",\"isPartOf\":{\"@id\":\"https:\\\/\\\/casadecampoliving.com\\\/es\\\/#website\"},\"primaryImageOfPage\":{\"@id\":\"https:\\\/\\\/casadecampoliving.com\\\/es\\\/un-magnifico-comienzo-al-torneo-internacional-de-tenis-casa-de-campo-proseguros-en-casa-de-campo\\\/#primaryimage\"},\"image\":{\"@id\":\"https:\\\/\\\/casadecampoliving.com\\\/es\\\/un-magnifico-comienzo-al-torneo-internacional-de-tenis-casa-de-campo-proseguros-en-casa-de-campo\\\/#primaryimage\"},\"thumbnailUrl\":\"https:\\\/\\\/i0.wp.com\\\/casadecampoliving.com\\\/wp-content\\\/uploads\\\/2022\\\/10\\\/porseguros_inauguration-1.jpg?fit=650%2C432&ssl=1\",\"datePublished\":\"2012-09-04T04:00:00+00:00\",\"dateModified\":\"2022-11-10T14:36:46+00:00\",\"description\":\"El pasado 30 de agosto de 2012, el XXXV Torneo Internacional de Tenis \\\"Casa de Campo - Proseguros\\\", fue inaugurado oficialmente en el Club de Tenis La\",\"breadcrumb\":{\"@id\":\"https:\\\/\\\/casadecampoliving.com\\\/es\\\/un-magnifico-comienzo-al-torneo-internacional-de-tenis-casa-de-campo-proseguros-en-casa-de-campo\\\/#breadcrumb\"},\"inLanguage\":\"es\",\"potentialAction\":[{\"@type\":\"ReadAction\",\"target\":[\"https:\\\/\\\/casadecampoliving.com\\\/es\\\/un-magnifico-comienzo-al-torneo-internacional-de-tenis-casa-de-campo-proseguros-en-casa-de-campo\\\/\"]}]},{\"@type\":\"ImageObject\",\"inLanguage\":\"es\",\"@id\":\"https:\\\/\\\/casadecampoliving.com\\\/es\\\/un-magnifico-comienzo-al-torneo-internacional-de-tenis-casa-de-campo-proseguros-en-casa-de-campo\\\/#primaryimage\",\"url\":\"https:\\\/\\\/i0.wp.com\\\/casadecampoliving.com\\\/wp-content\\\/uploads\\\/2022\\\/10\\\/porseguros_inauguration-1.jpg?fit=650%2C432&ssl=1\",\"contentUrl\":\"https:\\\/\\\/i0.wp.com\\\/casadecampoliving.com\\\/wp-content\\\/uploads\\\/2022\\\/10\\\/porseguros_inauguration-1.jpg?fit=650%2C432&ssl=1\",\"width\":650,\"height\":432,\"caption\":\"Proseguros Tennis Tournament Inauguration\"},{\"@type\":\"BreadcrumbList\",\"@id\":\"https:\\\/\\\/casadecampoliving.com\\\/es\\\/un-magnifico-comienzo-al-torneo-internacional-de-tenis-casa-de-campo-proseguros-en-casa-de-campo\\\/#breadcrumb\",\"itemListElement\":[{\"@type\":\"ListItem\",\"position\":1,\"name\":\"Home\",\"item\":\"https:\\\/\\\/casadecampoliving.com\\\/es\\\/\"},{\"@type\":\"ListItem\",\"position\":2,\"name\":\"Un magn\u00edfico comienzo al Torneo Internacional de Tenis Casa de Campo &#8211; Proseguros en Casa de Campo!\"}]},{\"@type\":\"WebSite\",\"@id\":\"https:\\\/\\\/casadecampoliving.com\\\/es\\\/#website\",\"url\":\"https:\\\/\\\/casadecampoliving.com\\\/es\\\/\",\"name\":\"Casa de Campo Living\",\"description\":\"Resort community news and resources.\",\"publisher\":{\"@id\":\"https:\\\/\\\/casadecampoliving.com\\\/es\\\/#organization\"},\"potentialAction\":[{\"@type\":\"SearchAction\",\"target\":{\"@type\":\"EntryPoint\",\"urlTemplate\":\"https:\\\/\\\/casadecampoliving.com\\\/es\\\/?s={search_term_string}\"},\"query-input\":{\"@type\":\"PropertyValueSpecification\",\"valueRequired\":true,\"valueName\":\"search_term_string\"}}],\"inLanguage\":\"es\"},{\"@type\":\"Organization\",\"@id\":\"https:\\\/\\\/casadecampoliving.com\\\/es\\\/#organization\",\"name\":\"Casa de Campo Living\",\"url\":\"https:\\\/\\\/casadecampoliving.com\\\/es\\\/\",\"logo\":{\"@type\":\"ImageObject\",\"inLanguage\":\"es\",\"@id\":\"https:\\\/\\\/casadecampoliving.com\\\/es\\\/#\\\/schema\\\/logo\\\/image\\\/\",\"url\":\"https:\\\/\\\/i0.wp.com\\\/casadecampoliving.com\\\/wp-content\\\/uploads\\\/2022\\\/07\\\/CDCLivingLogo_V1-white-sized.png?fit=800%2C214&ssl=1\",\"contentUrl\":\"https:\\\/\\\/i0.wp.com\\\/casadecampoliving.com\\\/wp-content\\\/uploads\\\/2022\\\/07\\\/CDCLivingLogo_V1-white-sized.png?fit=800%2C214&ssl=1\",\"width\":800,\"height\":214,\"caption\":\"Casa de Campo Living\"},\"image\":{\"@id\":\"https:\\\/\\\/casadecampoliving.com\\\/es\\\/#\\\/schema\\\/logo\\\/image\\\/\"},\"sameAs\":[\"https:\\\/\\\/www.facebook.com\\\/casadecampoliving\",\"https:\\\/\\\/x.com\\\/cdcliving\"]},{\"@type\":\"Person\",\"@id\":\"https:\\\/\\\/casadecampoliving.com\\\/es\\\/#\\\/schema\\\/person\\\/7e3b975d584a5f6ac0fd7128a81b0bc5\",\"name\":\"\",\"image\":{\"@type\":\"ImageObject\",\"inLanguage\":\"es\",\"@id\":\"https:\\\/\\\/secure.gravatar.com\\\/avatar\\\/?s=96&d=mm&r=g\",\"url\":\"https:\\\/\\\/secure.gravatar.com\\\/avatar\\\/?s=96&d=mm&r=g\",\"contentUrl\":\"https:\\\/\\\/secure.gravatar.com\\\/avatar\\\/?s=96&d=mm&r=g\"},\"url\":\"https:\\\/\\\/casadecampoliving.com\\\/es\\\/author\\\/ \\\/\"}]}<\/script>\n<!-- \/ Yoast SEO plugin. -->","yoast_head_json":{"title":"Un magn\u00edfico comienzo al Torneo Internacional de Tenis Casa de Campo - Proseguros en Casa de Campo! | Casa de Campo Living","description":"El pasado 30 de agosto de 2012, el XXXV Torneo Internacional de Tenis \"Casa de Campo - Proseguros\", fue inaugurado oficialmente en el Club de Tenis La","robots":{"index":"index","follow":"follow","max-snippet":"max-snippet:-1","max-image-preview":"max-image-preview:large","max-video-preview":"max-video-preview:-1"},"canonical":"https:\/\/casadecampoliving.com\/es\/un-magnifico-comienzo-al-torneo-internacional-de-tenis-casa-de-campo-proseguros-en-casa-de-campo\/","og_locale":"es_ES","og_type":"article","og_title":"Un magn\u00edfico comienzo al Torneo Internacional de Tenis Casa de Campo - Proseguros en Casa de Campo! | Casa de Campo Living","og_description":"El pasado 30 de agosto de 2012, el XXXV Torneo Internacional de Tenis \"Casa de Campo - Proseguros\", fue inaugurado oficialmente en el Club de Tenis La","og_url":"https:\/\/casadecampoliving.com\/es\/un-magnifico-comienzo-al-torneo-internacional-de-tenis-casa-de-campo-proseguros-en-casa-de-campo\/","og_site_name":"Casa de Campo Living","article_publisher":"https:\/\/www.facebook.com\/casadecampoliving","article_published_time":"2012-09-04T04:00:00+00:00","article_modified_time":"2022-11-10T14:36:46+00:00","og_image":[{"width":650,"height":432,"url":"https:\/\/i0.wp.com\/casadecampoliving.com\/wp-content\/uploads\/2022\/10\/porseguros_inauguration-1.jpg?fit=650%2C432&ssl=1","type":"image\/jpeg"}],"twitter_card":"summary_large_image","twitter_creator":"@cdcliving","twitter_site":"@cdcliving","twitter_misc":{"Escrito por":"","Tiempo de lectura":"2 minutos"},"schema":{"@context":"https:\/\/schema.org","@graph":[{"@type":"Article","@id":"https:\/\/casadecampoliving.com\/es\/un-magnifico-comienzo-al-torneo-internacional-de-tenis-casa-de-campo-proseguros-en-casa-de-campo\/#article","isPartOf":{"@id":"https:\/\/casadecampoliving.com\/es\/un-magnifico-comienzo-al-torneo-internacional-de-tenis-casa-de-campo-proseguros-en-casa-de-campo\/"},"author":{"name":"","@id":"https:\/\/casadecampoliving.com\/es\/#\/schema\/person\/7e3b975d584a5f6ac0fd7128a81b0bc5"},"headline":"Un magn\u00edfico comienzo al Torneo Internacional de Tenis Casa de Campo &#8211; Proseguros en Casa de Campo!","datePublished":"2012-09-04T04:00:00+00:00","dateModified":"2022-11-10T14:36:46+00:00","mainEntityOfPage":{"@id":"https:\/\/casadecampoliving.com\/es\/un-magnifico-comienzo-al-torneo-internacional-de-tenis-casa-de-campo-proseguros-en-casa-de-campo\/"},"wordCount":468,"publisher":{"@id":"https:\/\/casadecampoliving.com\/es\/#organization"},"image":{"@id":"https:\/\/casadecampoliving.com\/es\/un-magnifico-comienzo-al-torneo-internacional-de-tenis-casa-de-campo-proseguros-en-casa-de-campo\/#primaryimage"},"thumbnailUrl":"https:\/\/i0.wp.com\/casadecampoliving.com\/wp-content\/uploads\/2022\/10\/porseguros_inauguration-1.jpg?fit=650%2C432&ssl=1","keywords":["club de tenis la terraza","Copa Proseguros","vicenzo mastrolilli"],"articleSection":["Eventos","Titulares","Noticias Locales","Resort Casa de Campo","Deportes","Proximamente"],"inLanguage":"es"},{"@type":"WebPage","@id":"https:\/\/casadecampoliving.com\/es\/un-magnifico-comienzo-al-torneo-internacional-de-tenis-casa-de-campo-proseguros-en-casa-de-campo\/","url":"https:\/\/casadecampoliving.com\/es\/un-magnifico-comienzo-al-torneo-internacional-de-tenis-casa-de-campo-proseguros-en-casa-de-campo\/","name":"Un magn\u00edfico comienzo al Torneo Internacional de Tenis Casa de Campo - Proseguros en Casa de Campo! | Casa de Campo Living","isPartOf":{"@id":"https:\/\/casadecampoliving.com\/es\/#website"},"primaryImageOfPage":{"@id":"https:\/\/casadecampoliving.com\/es\/un-magnifico-comienzo-al-torneo-internacional-de-tenis-casa-de-campo-proseguros-en-casa-de-campo\/#primaryimage"},"image":{"@id":"https:\/\/casadecampoliving.com\/es\/un-magnifico-comienzo-al-torneo-internacional-de-tenis-casa-de-campo-proseguros-en-casa-de-campo\/#primaryimage"},"thumbnailUrl":"https:\/\/i0.wp.com\/casadecampoliving.com\/wp-content\/uploads\/2022\/10\/porseguros_inauguration-1.jpg?fit=650%2C432&ssl=1","datePublished":"2012-09-04T04:00:00+00:00","dateModified":"2022-11-10T14:36:46+00:00","description":"El pasado 30 de agosto de 2012, el XXXV Torneo Internacional de Tenis \"Casa de Campo - Proseguros\", fue inaugurado oficialmente en el Club de Tenis La","breadcrumb":{"@id":"https:\/\/casadecampoliving.com\/es\/un-magnifico-comienzo-al-torneo-internacional-de-tenis-casa-de-campo-proseguros-en-casa-de-campo\/#breadcrumb"},"inLanguage":"es","potentialAction":[{"@type":"ReadAction","target":["https:\/\/casadecampoliving.com\/es\/un-magnifico-comienzo-al-torneo-internacional-de-tenis-casa-de-campo-proseguros-en-casa-de-campo\/"]}]},{"@type":"ImageObject","inLanguage":"es","@id":"https:\/\/casadecampoliving.com\/es\/un-magnifico-comienzo-al-torneo-internacional-de-tenis-casa-de-campo-proseguros-en-casa-de-campo\/#primaryimage","url":"https:\/\/i0.wp.com\/casadecampoliving.com\/wp-content\/uploads\/2022\/10\/porseguros_inauguration-1.jpg?fit=650%2C432&ssl=1","contentUrl":"https:\/\/i0.wp.com\/casadecampoliving.com\/wp-content\/uploads\/2022\/10\/porseguros_inauguration-1.jpg?fit=650%2C432&ssl=1","width":650,"height":432,"caption":"Proseguros Tennis Tournament Inauguration"},{"@type":"BreadcrumbList","@id":"https:\/\/casadecampoliving.com\/es\/un-magnifico-comienzo-al-torneo-internacional-de-tenis-casa-de-campo-proseguros-en-casa-de-campo\/#breadcrumb","itemListElement":[{"@type":"ListItem","position":1,"name":"Home","item":"https:\/\/casadecampoliving.com\/es\/"},{"@type":"ListItem","position":2,"name":"Un magn\u00edfico comienzo al Torneo Internacional de Tenis Casa de Campo &#8211; Proseguros en Casa de Campo!"}]},{"@type":"WebSite","@id":"https:\/\/casadecampoliving.com\/es\/#website","url":"https:\/\/casadecampoliving.com\/es\/","name":"Casa de Campo Living","description":"Resort community news and resources.","publisher":{"@id":"https:\/\/casadecampoliving.com\/es\/#organization"},"potentialAction":[{"@type":"SearchAction","target":{"@type":"EntryPoint","urlTemplate":"https:\/\/casadecampoliving.com\/es\/?s={search_term_string}"},"query-input":{"@type":"PropertyValueSpecification","valueRequired":true,"valueName":"search_term_string"}}],"inLanguage":"es"},{"@type":"Organization","@id":"https:\/\/casadecampoliving.com\/es\/#organization","name":"Casa de Campo Living","url":"https:\/\/casadecampoliving.com\/es\/","logo":{"@type":"ImageObject","inLanguage":"es","@id":"https:\/\/casadecampoliving.com\/es\/#\/schema\/logo\/image\/","url":"https:\/\/i0.wp.com\/casadecampoliving.com\/wp-content\/uploads\/2022\/07\/CDCLivingLogo_V1-white-sized.png?fit=800%2C214&ssl=1","contentUrl":"https:\/\/i0.wp.com\/casadecampoliving.com\/wp-content\/uploads\/2022\/07\/CDCLivingLogo_V1-white-sized.png?fit=800%2C214&ssl=1","width":800,"height":214,"caption":"Casa de Campo Living"},"image":{"@id":"https:\/\/casadecampoliving.com\/es\/#\/schema\/logo\/image\/"},"sameAs":["https:\/\/www.facebook.com\/casadecampoliving","https:\/\/x.com\/cdcliving"]},{"@type":"Person","@id":"https:\/\/casadecampoliving.com\/es\/#\/schema\/person\/7e3b975d584a5f6ac0fd7128a81b0bc5","name":"","image":{"@type":"ImageObject","inLanguage":"es","@id":"https:\/\/secure.gravatar.com\/avatar\/?s=96&d=mm&r=g","url":"https:\/\/secure.gravatar.com\/avatar\/?s=96&d=mm&r=g","contentUrl":"https:\/\/secure.gravatar.com\/avatar\/?s=96&d=mm&r=g"},"url":"https:\/\/casadecampoliving.com\/es\/author\/ \/"}]}},"parsely":{"version":"1.1.0","canonical_url":"https:\/\/casadecampoliving.com\/es\/un-magnifico-comienzo-al-torneo-internacional-de-tenis-casa-de-campo-proseguros-en-casa-de-campo\/","smart_links":{"inbound":0,"outbound":0},"traffic_boost_suggestions_count":0,"meta":{"@context":"https:\/\/schema.org","@type":"NewsArticle","headline":"Un magn\u00edfico comienzo al Torneo Internacional de Tenis Casa de Campo &#8211; Proseguros en Casa de Campo!","url":"http:\/\/casadecampoliving.com\/es\/un-magnifico-comienzo-al-torneo-internacional-de-tenis-casa-de-campo-proseguros-en-casa-de-campo\/","mainEntityOfPage":{"@type":"WebPage","@id":"http:\/\/casadecampoliving.com\/es\/un-magnifico-comienzo-al-torneo-internacional-de-tenis-casa-de-campo-proseguros-en-casa-de-campo\/"},"thumbnailUrl":"https:\/\/i0.wp.com\/casadecampoliving.com\/wp-content\/uploads\/2022\/10\/porseguros_inauguration-1.jpg?resize=150%2C150&ssl=1","image":{"@type":"ImageObject","url":"https:\/\/i0.wp.com\/casadecampoliving.com\/wp-content\/uploads\/2022\/10\/porseguros_inauguration-1.jpg?fit=650%2C432&ssl=1"},"articleSection":"Eventos","author":[{"@type":"Person","name":"FB_515917546"}],"creator":["FB_515917546"],"publisher":{"@type":"Organization","name":"Casa de Campo Living","logo":"https:\/\/casadecampoliving.com\/wp-content\/uploads\/2022\/07\/CDCLivingLogo_V1-white-sized.png"},"keywords":["club de tenis la terraza","copa proseguros","vicenzo mastrolilli"],"dateCreated":"2012-09-04T04:00:00Z","datePublished":"2012-09-04T04:00:00Z","dateModified":"2022-11-10T14:36:46Z"},"rendered":"<script type=\"application\/ld+json\" class=\"wp-parsely-metadata\">{\"@context\":\"https:\\\/\\\/schema.org\",\"@type\":\"NewsArticle\",\"headline\":\"Un magn\\u00edfico comienzo al Torneo Internacional de Tenis Casa de Campo &#8211; Proseguros en Casa de Campo!\",\"url\":\"http:\\\/\\\/casadecampoliving.com\\\/es\\\/un-magnifico-comienzo-al-torneo-internacional-de-tenis-casa-de-campo-proseguros-en-casa-de-campo\\\/\",\"mainEntityOfPage\":{\"@type\":\"WebPage\",\"@id\":\"http:\\\/\\\/casadecampoliving.com\\\/es\\\/un-magnifico-comienzo-al-torneo-internacional-de-tenis-casa-de-campo-proseguros-en-casa-de-campo\\\/\"},\"thumbnailUrl\":\"https:\\\/\\\/i0.wp.com\\\/casadecampoliving.com\\\/wp-content\\\/uploads\\\/2022\\\/10\\\/porseguros_inauguration-1.jpg?resize=150%2C150&ssl=1\",\"image\":{\"@type\":\"ImageObject\",\"url\":\"https:\\\/\\\/i0.wp.com\\\/casadecampoliving.com\\\/wp-content\\\/uploads\\\/2022\\\/10\\\/porseguros_inauguration-1.jpg?fit=650%2C432&ssl=1\"},\"articleSection\":\"Eventos\",\"author\":[{\"@type\":\"Person\",\"name\":\"FB_515917546\"}],\"creator\":[\"FB_515917546\"],\"publisher\":{\"@type\":\"Organization\",\"name\":\"Casa de Campo Living\",\"logo\":\"https:\\\/\\\/casadecampoliving.com\\\/wp-content\\\/uploads\\\/2022\\\/07\\\/CDCLivingLogo_V1-white-sized.png\"},\"keywords\":[\"club de tenis la terraza\",\"copa proseguros\",\"vicenzo mastrolilli\"],\"dateCreated\":\"2012-09-04T04:00:00Z\",\"datePublished\":\"2012-09-04T04:00:00Z\",\"dateModified\":\"2022-11-10T14:36:46Z\"}<\/script>","tracker_url":"https:\/\/cdn.parsely.com\/keys\/casadecampoliving.com\/p.js"},"jetpack_publicize_connections":[],"jetpack_featured_media_url":"https:\/\/i0.wp.com\/casadecampoliving.com\/wp-content\/uploads\/2022\/10\/porseguros_inauguration-1.jpg?fit=650%2C432&ssl=1","jetpack-related-posts":[{"id":337350,"url":"https:\/\/casadecampoliving.com\/es\/celebrando-la-apertura-del-xxxiv-torneo-tenis-copa-proseguros-en-casa-de-campo-2\/","url_meta":{"origin":339687,"position":0},"title":"Celebrando la apertura del XXXIV Torneo Tenis Copa Proseguros en Casa de Campo","author":"Rebecca Silvestri","date":"6 Sep, 2011","format":false,"excerpt":"El jueves 1 de septiembre, celebraron la inauguraci\u00f3n del\u00a0XXXIV Torneo Tenis Copa Proseguros en Casa de Campo en el centro de tenis La Terraza del Hotel Casa de Campo, en La Romana. Participando en la apertura fue\u00a0Vincenzo Mastrollili, fundador del torneo, quien particip\u00f3 en un 'saque de honor' en una\u2026","rel":"","context":"En \u00abRep\u00fablica Dominicana @es\u00bb","block_context":{"text":"Rep\u00fablica Dominicana @es","link":"https:\/\/casadecampoliving.com\/es\/category\/republica-dominicana-2\/"},"img":{"alt_text":"","src":"https:\/\/i0.wp.com\/casadecampoliving.com\/wp-content\/uploads\/2022\/10\/proseguros_tennis_casa_de_campo6-1.jpg?fit=565%2C375&ssl=1&resize=350%2C200","width":350,"height":200,"srcset":"https:\/\/i0.wp.com\/casadecampoliving.com\/wp-content\/uploads\/2022\/10\/proseguros_tennis_casa_de_campo6-1.jpg?fit=565%2C375&ssl=1&resize=350%2C200 1x, https:\/\/i0.wp.com\/casadecampoliving.com\/wp-content\/uploads\/2022\/10\/proseguros_tennis_casa_de_campo6-1.jpg?fit=565%2C375&ssl=1&resize=525%2C300 1.5x"},"classes":[]},{"id":339653,"url":"https:\/\/casadecampoliving.com\/es\/torneo-internacional-de-tenis-proseguros-comienza-hoy-jueves-30-de-agosto\/","url_meta":{"origin":339687,"position":1},"title":"Torneo Internacional de Tenis Proseguros inicia el 30 de agosto","author":"","date":"30 Ago, 2012","format":false,"excerpt":"El XXXV Torneo Internacional de Tenis Casa de Campo-Proseguros dar\u00e1 comienzo el pr\u00f3ximo jueves 30 de agosto en las instalaciones de La Terraza Tenis Club en Casa de Campo. El evento tendr\u00e1 una duraci\u00f3n de cuatro d\u00edas, jug\u00e1ndose la gran final el domingo 2 de septiembre. La trig\u00e9simo quinta edici\u00f3n\u2026","rel":"","context":"En \u00abDeportes\u00bb","block_context":{"text":"Deportes","link":"https:\/\/casadecampoliving.com\/es\/category\/golf-deportes-es\/"},"img":{"alt_text":"proseguros tennis casa de campo","src":"https:\/\/i0.wp.com\/casadecampoliving.com\/wp-content\/uploads\/2022\/10\/proseguros_tennis_casa_de_campo3-2.jpg?fit=650%2C465&ssl=1&resize=350%2C200","width":350,"height":200,"srcset":"https:\/\/i0.wp.com\/casadecampoliving.com\/wp-content\/uploads\/2022\/10\/proseguros_tennis_casa_de_campo3-2.jpg?fit=650%2C465&ssl=1&resize=350%2C200 1x, https:\/\/i0.wp.com\/casadecampoliving.com\/wp-content\/uploads\/2022\/10\/proseguros_tennis_casa_de_campo3-2.jpg?fit=650%2C465&ssl=1&resize=525%2C300 1.5x"},"classes":[]},{"id":339613,"url":"https:\/\/casadecampoliving.com\/es\/el-xxxv-torneo-internacional-de-tenis-casa-de-campo-proseguros-se-jugara-en-honor-a-vicenzo-mastrolilli\/","url_meta":{"origin":339687,"position":2},"title":"El XXXV Torneo Internacional de Tenis Casa de Campo &#8211; Proseguros se jugar\u00e1 en honor a Vicenzo Mastrolilli","author":"","date":"22 Ago, 2012","format":false,"excerpt":"El XXXV Torneo de Tenis \u201cCasa de Campo-Proseguros\u201d, que se celebrar\u00e1 desde el 30 de agosto hasta el 2 de septiembre en el Club de Tenis La Terraza de Casa de Campo, este a\u00f1o ser\u00e1 jugado en honor al fundador del evento, Vincenzo Mastrollili.\u00a0\u00a0\u00a0 Los organizadores del Torneo Internacional de\u2026","rel":"","context":"En \u00abDeportes\u00bb","block_context":{"text":"Deportes","link":"https:\/\/casadecampoliving.com\/es\/category\/golf-deportes-es\/"},"img":{"alt_text":"","src":"https:\/\/i0.wp.com\/casadecampoliving.com\/wp-content\/uploads\/2022\/10\/proseguros_tennis_casa_de_campo-2.jpg?fit=650%2C375&ssl=1&resize=350%2C200","width":350,"height":200,"srcset":"https:\/\/i0.wp.com\/casadecampoliving.com\/wp-content\/uploads\/2022\/10\/proseguros_tennis_casa_de_campo-2.jpg?fit=650%2C375&ssl=1&resize=350%2C200 1x, https:\/\/i0.wp.com\/casadecampoliving.com\/wp-content\/uploads\/2022\/10\/proseguros_tennis_casa_de_campo-2.jpg?fit=650%2C375&ssl=1&resize=525%2C300 1.5x"},"classes":[]},{"id":339711,"url":"https:\/\/casadecampoliving.com\/es\/alberto-castano-es-coronado-campeon-del-xxxv-torneo-internacional-de-tenis-proseguros\/","url_meta":{"origin":339687,"position":3},"title":"Alberto Casta\u00f1o es coronado campe\u00f3n del XXXV Torneo Internacional de Tenis Proseguros!","author":"","date":"7 Sep, 2012","format":false,"excerpt":"El pasado domingo 2 de septiembre, fueron celebrados los juegos finales del XXXV Torneo Internacional de Tenis \"Casa de Campo - Proseguros\", en el Club de Tenis La Terraza - una re\u00f1ida competencia que fue ganada por Alberto Casta\u00f1o, un talentoso jugador de tenis espa\u00f1ol de solo 17 a\u00f1os! Luego\u2026","rel":"","context":"En \u00abEvents and Activities\u00bb","block_context":{"text":"Events and Activities","link":"https:\/\/casadecampoliving.com\/category\/events-and-activities\/"},"img":{"alt_text":"Alberto Castano Proseguros Tennis Tournament","src":"https:\/\/i0.wp.com\/casadecampoliving.com\/wp-content\/uploads\/2022\/10\/alberto_castano_proseguros_tennis-1.jpg?fit=650%2C406&ssl=1&resize=350%2C200","width":350,"height":200,"srcset":"https:\/\/i0.wp.com\/casadecampoliving.com\/wp-content\/uploads\/2022\/10\/alberto_castano_proseguros_tennis-1.jpg?fit=650%2C406&ssl=1&resize=350%2C200 1x, https:\/\/i0.wp.com\/casadecampoliving.com\/wp-content\/uploads\/2022\/10\/alberto_castano_proseguros_tennis-1.jpg?fit=650%2C406&ssl=1&resize=525%2C300 1.5x"},"classes":[]},{"id":337422,"url":"https:\/\/casadecampoliving.com\/es\/inauguraran-hoy-el-xxxiv-torneo-tenis-copa-proseguros-en-casa-de-campo-2\/","url_meta":{"origin":339687,"position":4},"title":"Inaugurar\u00e1n HOY el XXXIV Torneo Tenis Copa Proseguros en Casa de Campo","author":"Rebecca Silvestri","date":"1 Sep, 2011","format":false,"excerpt":"El XXXIV Torneo Internacional de Tenis \u201cCopa Proseguros \u2013 Casa de Campo\u201d ser\u00e1 celebrado desde HOY, jueves 1 de septiembre al domingo 4 de de septiembre, en el centro de tenis La Terraza del Hotel Casa de Campo, en La Romana. Aproximadamente 200 jugadores, entre tenistas nacionales y extranjeros participar\u00e1n\u2026","rel":"","context":"En \u00abDeportes\u00bb","block_context":{"text":"Deportes","link":"https:\/\/casadecampoliving.com\/es\/category\/golf-deportes-es\/"},"img":{"alt_text":"","src":"https:\/\/i0.wp.com\/casadecampoliving.com\/wp-content\/uploads\/2022\/10\/casa_de_campo_tennis-2.jpg?fit=565%2C285&ssl=1&resize=350%2C200","width":350,"height":200,"srcset":"https:\/\/i0.wp.com\/casadecampoliving.com\/wp-content\/uploads\/2022\/10\/casa_de_campo_tennis-2.jpg?fit=565%2C285&ssl=1&resize=350%2C200 1x, https:\/\/i0.wp.com\/casadecampoliving.com\/wp-content\/uploads\/2022\/10\/casa_de_campo_tennis-2.jpg?fit=565%2C285&ssl=1&resize=525%2C300 1.5x"},"classes":[]},{"id":339647,"url":"https:\/\/casadecampoliving.com\/es\/habitaciones-por-solo-us76-para-competidores-dominicanos-en-el-torneo-internacional-de-tenis-proseguros-del-28-de-agosto-al-2-de-septiembre\/","url_meta":{"origin":339687,"position":5},"title":"Habitaciones por solo US$76 para competidores dominicanos en el \u00abTorneo Internacional de Tenis Proseguros\u00bb del 28 de agosto al 2 de septiembre!","author":"","date":"28 Ago, 2012","format":false,"excerpt":"Desde el jueves 28 de agosto hasta el domingo 2 de septiembre, el XXXV \u201cTorneo Internacional de Tenis Proseguros\u201d ser\u00e1 jugado en el Club de Tenis La Terraza en Casa de Campo, \u00e9ste a\u00f1o en honor a Vincenzo Mastrolilli, fundador del torneo \u2013 y en esta ocasi\u00f3n, el Hotel Casa\u2026","rel":"","context":"En \u00abDeportes\u00bb","block_context":{"text":"Deportes","link":"https:\/\/casadecampoliving.com\/es\/category\/golf-deportes-es\/"},"img":{"alt_text":"tennis casa de campo","src":"https:\/\/i0.wp.com\/casadecampoliving.com\/wp-content\/uploads\/2022\/10\/tennis_casa_de_campo-13.jpg?fit=650%2C443&ssl=1&resize=350%2C200","width":350,"height":200,"srcset":"https:\/\/i0.wp.com\/casadecampoliving.com\/wp-content\/uploads\/2022\/10\/tennis_casa_de_campo-13.jpg?fit=650%2C443&ssl=1&resize=350%2C200 1x, https:\/\/i0.wp.com\/casadecampoliving.com\/wp-content\/uploads\/2022\/10\/tennis_casa_de_campo-13.jpg?fit=650%2C443&ssl=1&resize=525%2C300 1.5x"},"classes":[]}],"jetpack_sharing_enabled":true,"_links":{"self":[{"href":"https:\/\/casadecampoliving.com\/es\/wp-json\/wp\/v2\/posts\/339687","targetHints":{"allow":["GET"]}}],"collection":[{"href":"https:\/\/casadecampoliving.com\/es\/wp-json\/wp\/v2\/posts"}],"about":[{"href":"https:\/\/casadecampoliving.com\/es\/wp-json\/wp\/v2\/types\/post"}],"author":[{"embeddable":true,"href":"https:\/\/casadecampoliving.com\/es\/wp-json\/wp\/v2\/users\/21"}],"replies":[{"embeddable":true,"href":"https:\/\/casadecampoliving.com\/es\/wp-json\/wp\/v2\/comments?post=339687"}],"version-history":[{"count":2,"href":"https:\/\/casadecampoliving.com\/es\/wp-json\/wp\/v2\/posts\/339687\/revisions"}],"predecessor-version":[{"id":508077,"href":"https:\/\/casadecampoliving.com\/es\/wp-json\/wp\/v2\/posts\/339687\/revisions\/508077"}],"wp:featuredmedia":[{"embeddable":true,"href":"https:\/\/casadecampoliving.com\/es\/wp-json\/wp\/v2\/media\/269099"}],"wp:attachment":[{"href":"https:\/\/casadecampoliving.com\/es\/wp-json\/wp\/v2\/media?parent=339687"}],"wp:term":[{"taxonomy":"category","embeddable":true,"href":"https:\/\/casadecampoliving.com\/es\/wp-json\/wp\/v2\/categories?post=339687"},{"taxonomy":"post_tag","embeddable":true,"href":"https:\/\/casadecampoliving.com\/es\/wp-json\/wp\/v2\/tags?post=339687"},{"taxonomy":"newspack_spnsrs_tax","embeddable":true,"href":"https:\/\/casadecampoliving.com\/es\/wp-json\/wp\/v2\/newspack_spnsrs_tax?post=339687"}],"curies":[{"name":"wp","href":"https:\/\/api.w.org\/{rel}","templated":true}]}}