{"id":339591,"date":"2012-08-16T00:00:00","date_gmt":"2012-08-16T04:00:00","guid":{"rendered":"https:\/\/casadecampoliving.com\/16-de-agosto-dia-de-la-restauracion-dominicana\/"},"modified":"2022-10-21T18:49:34","modified_gmt":"2022-10-21T22:49:34","slug":"16-de-agosto-dia-de-la-restauracion-dominicana","status":"publish","type":"post","link":"https:\/\/casadecampoliving.com\/es\/16-de-agosto-dia-de-la-restauracion-dominicana\/","title":{"rendered":"16 de agosto: D\u00eda de la Restauraci\u00f3n Dominicana"},"content":{"rendered":"<div class=\"wp-block-image\">\n<figure class=\"aligncenter is-resized\"><img loading=\"lazy\" decoding=\"async\" src=\"https:\/\/i0.wp.com\/casadecampoliving.com\/wp-content\/uploads\/2022\/10\/independencia_republica_dominicana.jpg?resize=650%2C374&amp;ssl=1\" alt=\"independencia republica dominicana\" class=\"wp-image-42129\" title=\"independencia_republica_dominicana\" height=\"374\" width=\"650\"\/><\/figure>\n<\/div>\n\n\n<p><br>\nResulta un poco extra\u00f1o pensar que la independencia de un pa\u00eds es \u201crestaurada\u201d unos cu\u00e1ntos a\u00f1os despu\u00e9s de haberla proclamado, verdad? Pues de acuerdo a nuestra rica e interesante historia dominicana, as\u00ed ocurri\u00f3 y la Rep\u00fablica Dominicana no solo es conocida por restaurar su independencia, sino por ser el pa\u00eds que ha proclamado su independencia en tres ocasiones.<\/p>\n\n\n<div class=\"wp-block-image\">\n<figure class=\"alignright is-resized\"><img loading=\"lazy\" decoding=\"async\" src=\"https:\/\/i0.wp.com\/casadecampoliving.com\/wp-content\/uploads\/2022\/10\/restauracion_republica_dominicana.jpg?resize=200%2C173&amp;ssl=1\" alt=\"restauracion republica dominicana\" class=\"wp-image-42566\" title=\"restauracion_republica_dominicana\" height=\"173\" width=\"200\"\/><\/figure>\n<\/div>\n\n\n<p>Hoy conmemoramos el d\u00eda de la Restauraci\u00f3n Dominicana proclamada con el comienzo de la Guerra de Restauraci\u00f3n el 16 de agosto de 1863. Y es que tras haber obtenido su <a href=\"https:\/\/casadecampoliving.com\/es\/2012\/02\/hoy-la-republica-dominicana-celebra-168-anos-de-independencia\/\">independencia el 27 de febrero de 1844<\/a> gracias al esfuerzo y lucha de nuestros Padres de la Patria, Juan Pablo Duarte, Francisco del Rosario S\u00e1nchez y Mat\u00edas Ram\u00f3n Mella (y anteriormente la llamada <a href=\"http:\/\/es.wikipedia.org\/wiki\/Independencia_ef%C3%ADmera\">Independencia Ef\u00edmera en 1821<\/a>), la Rep\u00fablica Dominicana, una vez m\u00e1s, practicamente perdi\u00f3 el control sobre s\u00ed misma, luego de ser anexada otra vez a Espa\u00f1a por el primer presidente consitucional y tirano, Pedro Santana.<\/p>\n\n\n\n<p>Pero no pas\u00f3 mucho tiempo cuando otro de nuestros tantos l\u00edderes ejemplares dominicanos luch\u00f3 junto al pueblo para restaurar nuestra identidad y nuestros derechos como dominicanos \u2013 nada m\u00e1s y nada menos que Gregorio Luper\u00f3n, quien levant\u00f3 la bandera dominicana en el cerro de Capotillo, conocido como el \u201cGrito de Capotillo\u201d. Fue en aquel momento cuando se produjo el 16 de agosto de 1863 el comienzo de la Guerra de Restauraci\u00f3n entre los dominicanos nacionalistas y Espa\u00f1a hasta 1865.<\/p>\n\n\n\n<p>El resultado, por supuesto, fue la retirada de las fuerzas espa\u00f1olas ante la innegable victoria de los dominicanos, independencia que hasta la fecha hemos logrado mantener, naturalmente pasando por procesos dif\u00edciles como los de la tiran\u00eda de Rafael Le\u00f3nidas Trujillo (1930 \u2013 1961) y otros sucesos hist\u00f3ricos que seguro compartiremos con ustedes en fechas importantes para la historia dominicana!<\/p>\n\n\n\n<p><strong>Nuevo mandatario toma posesi\u00f3n<\/strong><\/p>\n\n\n\n<p>Dada la importancia de esta fecha, la Rep\u00fablica Dominicana por a\u00f1os ha celebrado tambi\u00e9n su democracia en este d\u00eda; con el discurso del actual Presidente, en donde detalla la labor realizada en ese a\u00f1o de gobierno as\u00ed como con la toma de posesi\u00f3n de los l\u00edderes electos democr\u00e1ticamente cada cuatro a\u00f1os \u2013 y este a\u00f1o, luego de haber celebrado las elecciones el pasado 20 de mayo de 2012, el actual Presidente Leonel Fern\u00e1ndez, quien fue reelecto para gobernar un segundo per\u00edodo (es decir de 2004 \u2013 2008 y del 2008 \u2013 2012) entregar\u00e1 el poder al Presidente Electo, Danilo Medina S\u00e1nchez, quien estar\u00e1 gobernando el pa\u00eds desde hoy hasta el 16 de agosto de 2016!<\/p>\n\n\n<div class=\"wp-block-image\">\n<figure class=\"aligncenter is-resized\"><img loading=\"lazy\" decoding=\"async\" src=\"https:\/\/i0.wp.com\/casadecampoliving.com\/wp-content\/uploads\/2022\/10\/danilo_medina_sanchez.jpg?resize=604%2C402&amp;ssl=1\" alt=\"danilo medina sanchez\" class=\"wp-image-56367\" title=\"danilo_medina_sanchez\" height=\"402\" width=\"604\"\/><\/figure>\n<\/div>\n\n\n<p class=\"has-text-align-center\"><strong>El nuevo Presidente de la Republica Dominicana, Danilo&nbsp;Medina S\u00e1nchez<\/strong><br>\n<\/p>\n\n\n\n<blockquote><p><strong>Tradiciones practicadas hoy en la Rep\u00fablica Dominicana<br>\n<\/strong><\/p><div>\u2022 Cadenas de canales de televisi\u00f3n y de radio transmiten la toma de posesi\u00f3n del nuevo Presidente Electo, en esta ocasi\u00f3n la de Danilo Medina S\u00e1nchez, por lo menos hasta la 1 p.m.<\/div><div>\u2022 Banderas dominicanas se cuelgan en los balcones de los hogares dominicanos en conmemoraci\u00f3n de tan importante fecha.<\/div><div>\u2022 Las redes sociales, especialmente Twitter se manifiestan con todo tipo de comentarios durante la cobertura del cambio de mando, con \u201cTrending Topics\u201d nacionales como: #16deAgosto, #DaniloMedina, #TomadePosesion #Restauracion (int\u00e9ntenlo y ver\u00e1n)!<\/div><div>\u2022 Las familias dominicanas se re\u00fanen para disfrutar un rico almuerzo por el d\u00eda festivo.<\/div><\/blockquote>\n\n\n\n<div><em><strong>Feliz d\u00eda de la Restauraci\u00f3n!<\/strong><\/em><\/div>\n\n\n\n<div><\/div>\n\n\n\n<div><em><strong><a href=\"https:\/\/casadecampoliving.com\/es\/2012\/01\/dias-feriados-de-la-republica-dominicana-y-la-fascinante-historia-detras\/\">Para ver la lista completa de los d\u00edas feriados de la Republica Dominicana, haga click aqu\u00ed!&nbsp;<\/a><\/strong><\/em><\/div>\n","protected":false},"excerpt":{"rendered":"<p>Resulta un poco extra\u00f1o pensar que la independencia de un pa\u00eds es \u201crestaurada\u201d unos cu\u00e1ntos a\u00f1os despu\u00e9s de haberla proclamado, verdad? Pues de acuerdo a nuestra rica e interesante historia dominicana, as\u00ed ocurri\u00f3 y la Rep\u00fablica Dominicana no solo es conocida por restaurar su independencia, sino por ser el pa\u00eds que ha proclamado su independencia [&hellip;]<\/p>\n","protected":false},"author":21,"featured_media":230301,"comment_status":"closed","ping_status":"closed","sticky":false,"template":"","format":"standard","meta":{"newspack_ads_suppress_ads":false,"newspack_popups_has_disabled_popups":false,"newspack_sponsor_sponsorship_scope":"","newspack_sponsor_native_byline_display":"inherit","newspack_sponsor_native_category_display":"inherit","newspack_sponsor_underwriter_style":"inherit","newspack_sponsor_underwriter_placement":"inherit","_newspack_byline_active":false,"_newspack_byline":"","newspack_content_restriction_is_exempt":false,"newspack_featured_image_position":"","newspack_post_subtitle":"","newspack_article_summary_title":"Overview:","newspack_article_summary":"","newspack_hide_updated_date":false,"newspack_show_updated_date":false,"_jetpack_memberships_contains_paid_content":false,"footnotes":"","jetpack_publicize_message":"","jetpack_publicize_feature_enabled":true,"jetpack_social_post_already_shared":false,"jetpack_social_options":{"image_generator_settings":{"template":"highway","default_image_id":0,"font":"","enabled":false},"version":2},"_wpas_customize_per_network":false},"categories":[2524,14631,14625,2521],"tags":[3773,5021,872],"newspack_spnsrs_tax":[],"class_list":["post-339591","post","type-post","status-publish","format-standard","has-post-thumbnail","hentry","category-destacados","category-estilo-de-vida","category-noticias-locales","category-republica-dominicana-2","tag-danilo-medina","tag-dia-de-la-restauracion","tag-leonel-fernandez","entry"],"yoast_head":"<!-- This site is optimized with the Yoast SEO plugin v27.3 - https:\/\/yoast.com\/product\/yoast-seo-wordpress\/ -->\n<title>16 de agosto: D\u00eda de la Restauraci\u00f3n Dominicana | Casa de Campo Living<\/title>\n<meta name=\"description\" content=\"Resulta un poco extra\u00f1o pensar que la independencia de un pa\u00eds es \u201crestaurada\u201d unos cu\u00e1ntos a\u00f1os despu\u00e9s de haberla proclamado, verdad? Pues de acuerdo a\" \/>\n<meta name=\"robots\" content=\"index, follow, max-snippet:-1, max-image-preview:large, max-video-preview:-1\" \/>\n<link rel=\"canonical\" href=\"https:\/\/casadecampoliving.com\/es\/16-de-agosto-dia-de-la-restauracion-dominicana\/\" \/>\n<meta property=\"og:locale\" content=\"es_ES\" \/>\n<meta property=\"og:type\" content=\"article\" \/>\n<meta property=\"og:title\" content=\"16 de agosto: D\u00eda de la Restauraci\u00f3n Dominicana | Casa de Campo Living\" \/>\n<meta property=\"og:description\" content=\"Resulta un poco extra\u00f1o pensar que la independencia de un pa\u00eds es \u201crestaurada\u201d unos cu\u00e1ntos a\u00f1os despu\u00e9s de haberla proclamado, verdad? Pues de acuerdo a\" \/>\n<meta property=\"og:url\" content=\"https:\/\/casadecampoliving.com\/es\/16-de-agosto-dia-de-la-restauracion-dominicana\/\" \/>\n<meta property=\"og:site_name\" content=\"Casa de Campo Living\" \/>\n<meta property=\"article:publisher\" content=\"https:\/\/www.facebook.com\/casadecampoliving\" \/>\n<meta property=\"article:published_time\" content=\"2012-08-16T04:00:00+00:00\" \/>\n<meta property=\"article:modified_time\" content=\"2022-10-21T22:49:34+00:00\" \/>\n<meta property=\"og:image\" content=\"https:\/\/i0.wp.com\/casadecampoliving.com\/wp-content\/uploads\/2022\/10\/independencia_republica_dominicana-1.jpg?fit=650%2C374&ssl=1\" \/>\n\t<meta property=\"og:image:width\" content=\"650\" \/>\n\t<meta property=\"og:image:height\" content=\"374\" \/>\n\t<meta property=\"og:image:type\" content=\"image\/jpeg\" \/>\n<meta name=\"twitter:card\" content=\"summary_large_image\" \/>\n<meta name=\"twitter:creator\" content=\"@cdcliving\" \/>\n<meta name=\"twitter:site\" content=\"@cdcliving\" \/>\n<meta name=\"twitter:label1\" content=\"Escrito por\" \/>\n\t<meta name=\"twitter:data1\" content=\"\" \/>\n\t<meta name=\"twitter:label2\" content=\"Tiempo de lectura\" \/>\n\t<meta name=\"twitter:data2\" content=\"3 minutos\" \/>\n<script type=\"application\/ld+json\" class=\"yoast-schema-graph\">{\"@context\":\"https:\\\/\\\/schema.org\",\"@graph\":[{\"@type\":\"Article\",\"@id\":\"https:\\\/\\\/casadecampoliving.com\\\/es\\\/16-de-agosto-dia-de-la-restauracion-dominicana\\\/#article\",\"isPartOf\":{\"@id\":\"https:\\\/\\\/casadecampoliving.com\\\/es\\\/16-de-agosto-dia-de-la-restauracion-dominicana\\\/\"},\"author\":{\"name\":\"\",\"@id\":\"https:\\\/\\\/casadecampoliving.com\\\/es\\\/#\\\/schema\\\/person\\\/7e3b975d584a5f6ac0fd7128a81b0bc5\"},\"headline\":\"16 de agosto: D\u00eda de la Restauraci\u00f3n Dominicana\",\"datePublished\":\"2012-08-16T04:00:00+00:00\",\"dateModified\":\"2022-10-21T22:49:34+00:00\",\"mainEntityOfPage\":{\"@id\":\"https:\\\/\\\/casadecampoliving.com\\\/es\\\/16-de-agosto-dia-de-la-restauracion-dominicana\\\/\"},\"wordCount\":588,\"publisher\":{\"@id\":\"https:\\\/\\\/casadecampoliving.com\\\/es\\\/#organization\"},\"image\":{\"@id\":\"https:\\\/\\\/casadecampoliving.com\\\/es\\\/16-de-agosto-dia-de-la-restauracion-dominicana\\\/#primaryimage\"},\"thumbnailUrl\":\"https:\\\/\\\/i0.wp.com\\\/casadecampoliving.com\\\/wp-content\\\/uploads\\\/2022\\\/10\\\/independencia_republica_dominicana-1.jpg?fit=650%2C374&ssl=1\",\"keywords\":[\"danilo medina\",\"dia de la restauracion\",\"Leonel Fernandez\"],\"articleSection\":[\"Destacados\",\"Estilo de Vida\",\"Noticias Locales\",\"Rep\u00fablica Dominicana @es\"],\"inLanguage\":\"es\"},{\"@type\":\"WebPage\",\"@id\":\"https:\\\/\\\/casadecampoliving.com\\\/es\\\/16-de-agosto-dia-de-la-restauracion-dominicana\\\/\",\"url\":\"https:\\\/\\\/casadecampoliving.com\\\/es\\\/16-de-agosto-dia-de-la-restauracion-dominicana\\\/\",\"name\":\"16 de agosto: D\u00eda de la Restauraci\u00f3n Dominicana | Casa de Campo Living\",\"isPartOf\":{\"@id\":\"https:\\\/\\\/casadecampoliving.com\\\/es\\\/#website\"},\"primaryImageOfPage\":{\"@id\":\"https:\\\/\\\/casadecampoliving.com\\\/es\\\/16-de-agosto-dia-de-la-restauracion-dominicana\\\/#primaryimage\"},\"image\":{\"@id\":\"https:\\\/\\\/casadecampoliving.com\\\/es\\\/16-de-agosto-dia-de-la-restauracion-dominicana\\\/#primaryimage\"},\"thumbnailUrl\":\"https:\\\/\\\/i0.wp.com\\\/casadecampoliving.com\\\/wp-content\\\/uploads\\\/2022\\\/10\\\/independencia_republica_dominicana-1.jpg?fit=650%2C374&ssl=1\",\"datePublished\":\"2012-08-16T04:00:00+00:00\",\"dateModified\":\"2022-10-21T22:49:34+00:00\",\"description\":\"Resulta un poco extra\u00f1o pensar que la independencia de un pa\u00eds es \u201crestaurada\u201d unos cu\u00e1ntos a\u00f1os despu\u00e9s de haberla proclamado, verdad? Pues de acuerdo a\",\"breadcrumb\":{\"@id\":\"https:\\\/\\\/casadecampoliving.com\\\/es\\\/16-de-agosto-dia-de-la-restauracion-dominicana\\\/#breadcrumb\"},\"inLanguage\":\"es\",\"potentialAction\":[{\"@type\":\"ReadAction\",\"target\":[\"https:\\\/\\\/casadecampoliving.com\\\/es\\\/16-de-agosto-dia-de-la-restauracion-dominicana\\\/\"]}]},{\"@type\":\"ImageObject\",\"inLanguage\":\"es\",\"@id\":\"https:\\\/\\\/casadecampoliving.com\\\/es\\\/16-de-agosto-dia-de-la-restauracion-dominicana\\\/#primaryimage\",\"url\":\"https:\\\/\\\/i0.wp.com\\\/casadecampoliving.com\\\/wp-content\\\/uploads\\\/2022\\\/10\\\/independencia_republica_dominicana-1.jpg?fit=650%2C374&ssl=1\",\"contentUrl\":\"https:\\\/\\\/i0.wp.com\\\/casadecampoliving.com\\\/wp-content\\\/uploads\\\/2022\\\/10\\\/independencia_republica_dominicana-1.jpg?fit=650%2C374&ssl=1\",\"width\":650,\"height\":374,\"caption\":\"independencia republica dominicana\"},{\"@type\":\"BreadcrumbList\",\"@id\":\"https:\\\/\\\/casadecampoliving.com\\\/es\\\/16-de-agosto-dia-de-la-restauracion-dominicana\\\/#breadcrumb\",\"itemListElement\":[{\"@type\":\"ListItem\",\"position\":1,\"name\":\"Home\",\"item\":\"https:\\\/\\\/casadecampoliving.com\\\/es\\\/\"},{\"@type\":\"ListItem\",\"position\":2,\"name\":\"16 de agosto: D\u00eda de la Restauraci\u00f3n Dominicana\"}]},{\"@type\":\"WebSite\",\"@id\":\"https:\\\/\\\/casadecampoliving.com\\\/es\\\/#website\",\"url\":\"https:\\\/\\\/casadecampoliving.com\\\/es\\\/\",\"name\":\"Casa de Campo Living\",\"description\":\"Resort community news and resources.\",\"publisher\":{\"@id\":\"https:\\\/\\\/casadecampoliving.com\\\/es\\\/#organization\"},\"potentialAction\":[{\"@type\":\"SearchAction\",\"target\":{\"@type\":\"EntryPoint\",\"urlTemplate\":\"https:\\\/\\\/casadecampoliving.com\\\/es\\\/?s={search_term_string}\"},\"query-input\":{\"@type\":\"PropertyValueSpecification\",\"valueRequired\":true,\"valueName\":\"search_term_string\"}}],\"inLanguage\":\"es\"},{\"@type\":\"Organization\",\"@id\":\"https:\\\/\\\/casadecampoliving.com\\\/es\\\/#organization\",\"name\":\"Casa de Campo Living\",\"url\":\"https:\\\/\\\/casadecampoliving.com\\\/es\\\/\",\"logo\":{\"@type\":\"ImageObject\",\"inLanguage\":\"es\",\"@id\":\"https:\\\/\\\/casadecampoliving.com\\\/es\\\/#\\\/schema\\\/logo\\\/image\\\/\",\"url\":\"https:\\\/\\\/i0.wp.com\\\/casadecampoliving.com\\\/wp-content\\\/uploads\\\/2022\\\/07\\\/CDCLivingLogo_V1-white-sized.png?fit=800%2C214&ssl=1\",\"contentUrl\":\"https:\\\/\\\/i0.wp.com\\\/casadecampoliving.com\\\/wp-content\\\/uploads\\\/2022\\\/07\\\/CDCLivingLogo_V1-white-sized.png?fit=800%2C214&ssl=1\",\"width\":800,\"height\":214,\"caption\":\"Casa de Campo Living\"},\"image\":{\"@id\":\"https:\\\/\\\/casadecampoliving.com\\\/es\\\/#\\\/schema\\\/logo\\\/image\\\/\"},\"sameAs\":[\"https:\\\/\\\/www.facebook.com\\\/casadecampoliving\",\"https:\\\/\\\/x.com\\\/cdcliving\"]},{\"@type\":\"Person\",\"@id\":\"https:\\\/\\\/casadecampoliving.com\\\/es\\\/#\\\/schema\\\/person\\\/7e3b975d584a5f6ac0fd7128a81b0bc5\",\"name\":\"\",\"image\":{\"@type\":\"ImageObject\",\"inLanguage\":\"es\",\"@id\":\"https:\\\/\\\/secure.gravatar.com\\\/avatar\\\/?s=96&d=mm&r=g\",\"url\":\"https:\\\/\\\/secure.gravatar.com\\\/avatar\\\/?s=96&d=mm&r=g\",\"contentUrl\":\"https:\\\/\\\/secure.gravatar.com\\\/avatar\\\/?s=96&d=mm&r=g\"},\"url\":\"https:\\\/\\\/casadecampoliving.com\\\/es\\\/author\\\/ \\\/\"}]}<\/script>\n<!-- \/ Yoast SEO plugin. -->","yoast_head_json":{"title":"16 de agosto: D\u00eda de la Restauraci\u00f3n Dominicana | Casa de Campo Living","description":"Resulta un poco extra\u00f1o pensar que la independencia de un pa\u00eds es \u201crestaurada\u201d unos cu\u00e1ntos a\u00f1os despu\u00e9s de haberla proclamado, verdad? Pues de acuerdo a","robots":{"index":"index","follow":"follow","max-snippet":"max-snippet:-1","max-image-preview":"max-image-preview:large","max-video-preview":"max-video-preview:-1"},"canonical":"https:\/\/casadecampoliving.com\/es\/16-de-agosto-dia-de-la-restauracion-dominicana\/","og_locale":"es_ES","og_type":"article","og_title":"16 de agosto: D\u00eda de la Restauraci\u00f3n Dominicana | Casa de Campo Living","og_description":"Resulta un poco extra\u00f1o pensar que la independencia de un pa\u00eds es \u201crestaurada\u201d unos cu\u00e1ntos a\u00f1os despu\u00e9s de haberla proclamado, verdad? Pues de acuerdo a","og_url":"https:\/\/casadecampoliving.com\/es\/16-de-agosto-dia-de-la-restauracion-dominicana\/","og_site_name":"Casa de Campo Living","article_publisher":"https:\/\/www.facebook.com\/casadecampoliving","article_published_time":"2012-08-16T04:00:00+00:00","article_modified_time":"2022-10-21T22:49:34+00:00","og_image":[{"width":650,"height":374,"url":"https:\/\/i0.wp.com\/casadecampoliving.com\/wp-content\/uploads\/2022\/10\/independencia_republica_dominicana-1.jpg?fit=650%2C374&ssl=1","type":"image\/jpeg"}],"twitter_card":"summary_large_image","twitter_creator":"@cdcliving","twitter_site":"@cdcliving","twitter_misc":{"Escrito por":"","Tiempo de lectura":"3 minutos"},"schema":{"@context":"https:\/\/schema.org","@graph":[{"@type":"Article","@id":"https:\/\/casadecampoliving.com\/es\/16-de-agosto-dia-de-la-restauracion-dominicana\/#article","isPartOf":{"@id":"https:\/\/casadecampoliving.com\/es\/16-de-agosto-dia-de-la-restauracion-dominicana\/"},"author":{"name":"","@id":"https:\/\/casadecampoliving.com\/es\/#\/schema\/person\/7e3b975d584a5f6ac0fd7128a81b0bc5"},"headline":"16 de agosto: D\u00eda de la Restauraci\u00f3n Dominicana","datePublished":"2012-08-16T04:00:00+00:00","dateModified":"2022-10-21T22:49:34+00:00","mainEntityOfPage":{"@id":"https:\/\/casadecampoliving.com\/es\/16-de-agosto-dia-de-la-restauracion-dominicana\/"},"wordCount":588,"publisher":{"@id":"https:\/\/casadecampoliving.com\/es\/#organization"},"image":{"@id":"https:\/\/casadecampoliving.com\/es\/16-de-agosto-dia-de-la-restauracion-dominicana\/#primaryimage"},"thumbnailUrl":"https:\/\/i0.wp.com\/casadecampoliving.com\/wp-content\/uploads\/2022\/10\/independencia_republica_dominicana-1.jpg?fit=650%2C374&ssl=1","keywords":["danilo medina","dia de la restauracion","Leonel Fernandez"],"articleSection":["Destacados","Estilo de Vida","Noticias Locales","Rep\u00fablica Dominicana @es"],"inLanguage":"es"},{"@type":"WebPage","@id":"https:\/\/casadecampoliving.com\/es\/16-de-agosto-dia-de-la-restauracion-dominicana\/","url":"https:\/\/casadecampoliving.com\/es\/16-de-agosto-dia-de-la-restauracion-dominicana\/","name":"16 de agosto: D\u00eda de la Restauraci\u00f3n Dominicana | Casa de Campo Living","isPartOf":{"@id":"https:\/\/casadecampoliving.com\/es\/#website"},"primaryImageOfPage":{"@id":"https:\/\/casadecampoliving.com\/es\/16-de-agosto-dia-de-la-restauracion-dominicana\/#primaryimage"},"image":{"@id":"https:\/\/casadecampoliving.com\/es\/16-de-agosto-dia-de-la-restauracion-dominicana\/#primaryimage"},"thumbnailUrl":"https:\/\/i0.wp.com\/casadecampoliving.com\/wp-content\/uploads\/2022\/10\/independencia_republica_dominicana-1.jpg?fit=650%2C374&ssl=1","datePublished":"2012-08-16T04:00:00+00:00","dateModified":"2022-10-21T22:49:34+00:00","description":"Resulta un poco extra\u00f1o pensar que la independencia de un pa\u00eds es \u201crestaurada\u201d unos cu\u00e1ntos a\u00f1os despu\u00e9s de haberla proclamado, verdad? Pues de acuerdo a","breadcrumb":{"@id":"https:\/\/casadecampoliving.com\/es\/16-de-agosto-dia-de-la-restauracion-dominicana\/#breadcrumb"},"inLanguage":"es","potentialAction":[{"@type":"ReadAction","target":["https:\/\/casadecampoliving.com\/es\/16-de-agosto-dia-de-la-restauracion-dominicana\/"]}]},{"@type":"ImageObject","inLanguage":"es","@id":"https:\/\/casadecampoliving.com\/es\/16-de-agosto-dia-de-la-restauracion-dominicana\/#primaryimage","url":"https:\/\/i0.wp.com\/casadecampoliving.com\/wp-content\/uploads\/2022\/10\/independencia_republica_dominicana-1.jpg?fit=650%2C374&ssl=1","contentUrl":"https:\/\/i0.wp.com\/casadecampoliving.com\/wp-content\/uploads\/2022\/10\/independencia_republica_dominicana-1.jpg?fit=650%2C374&ssl=1","width":650,"height":374,"caption":"independencia republica dominicana"},{"@type":"BreadcrumbList","@id":"https:\/\/casadecampoliving.com\/es\/16-de-agosto-dia-de-la-restauracion-dominicana\/#breadcrumb","itemListElement":[{"@type":"ListItem","position":1,"name":"Home","item":"https:\/\/casadecampoliving.com\/es\/"},{"@type":"ListItem","position":2,"name":"16 de agosto: D\u00eda de la Restauraci\u00f3n Dominicana"}]},{"@type":"WebSite","@id":"https:\/\/casadecampoliving.com\/es\/#website","url":"https:\/\/casadecampoliving.com\/es\/","name":"Casa de Campo Living","description":"Resort community news and resources.","publisher":{"@id":"https:\/\/casadecampoliving.com\/es\/#organization"},"potentialAction":[{"@type":"SearchAction","target":{"@type":"EntryPoint","urlTemplate":"https:\/\/casadecampoliving.com\/es\/?s={search_term_string}"},"query-input":{"@type":"PropertyValueSpecification","valueRequired":true,"valueName":"search_term_string"}}],"inLanguage":"es"},{"@type":"Organization","@id":"https:\/\/casadecampoliving.com\/es\/#organization","name":"Casa de Campo Living","url":"https:\/\/casadecampoliving.com\/es\/","logo":{"@type":"ImageObject","inLanguage":"es","@id":"https:\/\/casadecampoliving.com\/es\/#\/schema\/logo\/image\/","url":"https:\/\/i0.wp.com\/casadecampoliving.com\/wp-content\/uploads\/2022\/07\/CDCLivingLogo_V1-white-sized.png?fit=800%2C214&ssl=1","contentUrl":"https:\/\/i0.wp.com\/casadecampoliving.com\/wp-content\/uploads\/2022\/07\/CDCLivingLogo_V1-white-sized.png?fit=800%2C214&ssl=1","width":800,"height":214,"caption":"Casa de Campo Living"},"image":{"@id":"https:\/\/casadecampoliving.com\/es\/#\/schema\/logo\/image\/"},"sameAs":["https:\/\/www.facebook.com\/casadecampoliving","https:\/\/x.com\/cdcliving"]},{"@type":"Person","@id":"https:\/\/casadecampoliving.com\/es\/#\/schema\/person\/7e3b975d584a5f6ac0fd7128a81b0bc5","name":"","image":{"@type":"ImageObject","inLanguage":"es","@id":"https:\/\/secure.gravatar.com\/avatar\/?s=96&d=mm&r=g","url":"https:\/\/secure.gravatar.com\/avatar\/?s=96&d=mm&r=g","contentUrl":"https:\/\/secure.gravatar.com\/avatar\/?s=96&d=mm&r=g"},"url":"https:\/\/casadecampoliving.com\/es\/author\/ \/"}]}},"parsely":{"version":"1.1.0","canonical_url":"https:\/\/casadecampoliving.com\/es\/16-de-agosto-dia-de-la-restauracion-dominicana\/","smart_links":{"inbound":0,"outbound":0},"traffic_boost_suggestions_count":0,"meta":{"@context":"https:\/\/schema.org","@type":"NewsArticle","headline":"16 de agosto: D\u00eda de la Restauraci\u00f3n Dominicana","url":"http:\/\/casadecampoliving.com\/es\/16-de-agosto-dia-de-la-restauracion-dominicana\/","mainEntityOfPage":{"@type":"WebPage","@id":"http:\/\/casadecampoliving.com\/es\/16-de-agosto-dia-de-la-restauracion-dominicana\/"},"thumbnailUrl":"https:\/\/i0.wp.com\/casadecampoliving.com\/wp-content\/uploads\/2022\/10\/independencia_republica_dominicana-1.jpg?resize=150%2C150&ssl=1","image":{"@type":"ImageObject","url":"https:\/\/i0.wp.com\/casadecampoliving.com\/wp-content\/uploads\/2022\/10\/independencia_republica_dominicana-1.jpg?fit=650%2C374&ssl=1"},"articleSection":"Destacados","author":[{"@type":"Person","name":"FB_515917546"}],"creator":["FB_515917546"],"publisher":{"@type":"Organization","name":"Casa de Campo Living","logo":"https:\/\/casadecampoliving.com\/wp-content\/uploads\/2022\/07\/CDCLivingLogo_V1-white-sized.png"},"keywords":["danilo medina","dia de la restauracion","leonel fernandez"],"dateCreated":"2012-08-16T04:00:00Z","datePublished":"2012-08-16T04:00:00Z","dateModified":"2022-10-21T22:49:34Z"},"rendered":"<script type=\"application\/ld+json\" class=\"wp-parsely-metadata\">{\"@context\":\"https:\\\/\\\/schema.org\",\"@type\":\"NewsArticle\",\"headline\":\"16 de agosto: D\\u00eda de la Restauraci\\u00f3n Dominicana\",\"url\":\"http:\\\/\\\/casadecampoliving.com\\\/es\\\/16-de-agosto-dia-de-la-restauracion-dominicana\\\/\",\"mainEntityOfPage\":{\"@type\":\"WebPage\",\"@id\":\"http:\\\/\\\/casadecampoliving.com\\\/es\\\/16-de-agosto-dia-de-la-restauracion-dominicana\\\/\"},\"thumbnailUrl\":\"https:\\\/\\\/i0.wp.com\\\/casadecampoliving.com\\\/wp-content\\\/uploads\\\/2022\\\/10\\\/independencia_republica_dominicana-1.jpg?resize=150%2C150&ssl=1\",\"image\":{\"@type\":\"ImageObject\",\"url\":\"https:\\\/\\\/i0.wp.com\\\/casadecampoliving.com\\\/wp-content\\\/uploads\\\/2022\\\/10\\\/independencia_republica_dominicana-1.jpg?fit=650%2C374&ssl=1\"},\"articleSection\":\"Destacados\",\"author\":[{\"@type\":\"Person\",\"name\":\"FB_515917546\"}],\"creator\":[\"FB_515917546\"],\"publisher\":{\"@type\":\"Organization\",\"name\":\"Casa de Campo Living\",\"logo\":\"https:\\\/\\\/casadecampoliving.com\\\/wp-content\\\/uploads\\\/2022\\\/07\\\/CDCLivingLogo_V1-white-sized.png\"},\"keywords\":[\"danilo medina\",\"dia de la restauracion\",\"leonel fernandez\"],\"dateCreated\":\"2012-08-16T04:00:00Z\",\"datePublished\":\"2012-08-16T04:00:00Z\",\"dateModified\":\"2022-10-21T22:49:34Z\"}<\/script>","tracker_url":"https:\/\/cdn.parsely.com\/keys\/casadecampoliving.com\/p.js"},"jetpack_publicize_connections":[],"jetpack_featured_media_url":"https:\/\/i0.wp.com\/casadecampoliving.com\/wp-content\/uploads\/2022\/10\/independencia_republica_dominicana-1.jpg?fit=650%2C374&ssl=1","jetpack-related-posts":[{"id":354128,"url":"https:\/\/casadecampoliving.com\/es\/hoy-se-cumplen-158-anos-del-dia-de-la-restauracion-dominicana\/","url_meta":{"origin":339591,"position":0},"title":"Hoy se cumplen 158 a\u00f1os del D\u00eda de la Restauraci\u00f3n Dominicana.","author":"Casa de Campo Living","date":"16 Ago, 2021","format":false,"excerpt":"Hoy la Rep\u00fablica Dominicana conmemora el 158 aniversario de su Restauraci\u00f3n Guerra de la Restauraci\u00f3n. Esta guerra tuvo lugar para recuperar nuestra soberan\u00eda luego de ser entregada a Espa\u00f1a por Pedro Santana, solo 17 a\u00f1os despu\u00e9s de que el pa\u00eds hubiera proclamado su Independencia. La Guerra de Restauraci\u00f3n Dominicana sucedi\u00f3\u2026","rel":"","context":"En \u00abM\u00e1s all\u00e1 de Casa\u00bb","block_context":{"text":"M\u00e1s all\u00e1 de Casa","link":"https:\/\/casadecampoliving.com\/es\/category\/mas-alla-de-casa-es\/"},"img":{"alt_text":"","src":"https:\/\/i0.wp.com\/casadecampoliving.com\/wp-content\/uploads\/2022\/10\/Bandera-dominicana-Dominican-flag-1.png?fit=1000%2C668&ssl=1&resize=350%2C200","width":350,"height":200,"srcset":"https:\/\/i0.wp.com\/casadecampoliving.com\/wp-content\/uploads\/2022\/10\/Bandera-dominicana-Dominican-flag-1.png?fit=1000%2C668&ssl=1&resize=350%2C200 1x, https:\/\/i0.wp.com\/casadecampoliving.com\/wp-content\/uploads\/2022\/10\/Bandera-dominicana-Dominican-flag-1.png?fit=1000%2C668&ssl=1&resize=525%2C300 1.5x, https:\/\/i0.wp.com\/casadecampoliving.com\/wp-content\/uploads\/2022\/10\/Bandera-dominicana-Dominican-flag-1.png?fit=1000%2C668&ssl=1&resize=700%2C400 2x"},"classes":[]},{"id":351866,"url":"https:\/\/casadecampoliving.com\/es\/hoy-se-conmemora-el-154-aniversario-guerra-de-la-restauracion\/","url_meta":{"origin":339591,"position":1},"title":"Hoy se conmemora el 154 aniversario de la Guerra de la Restauraci\u00f3n","author":"Marlenys Guzm\u00e1n Casta\u00f1os","date":"16 Ago, 2017","format":false,"excerpt":"Hoy la Rep\u00fablica Dominicana conmemora el 154 aniversario de la guerra de la restauraci\u00f3n. Esta guerra tuvo lugar para recuperar nuestra soberan\u00eda tras ser entregada a Espa\u00f1a por Pedro Santana, s\u00f3lo 17 a\u00f1os despu\u00e9s de que el pa\u00eds hab\u00eda proclamado su independencia del dominio haitiano. La Guerra de la Restauraci\u00f3n\u2026","rel":"","context":"En \u00abArte y cultura\u00bb","block_context":{"text":"Arte y cultura","link":"https:\/\/casadecampoliving.com\/category\/arte-y-cultura\/"},"img":{"alt_text":"Republica Dominicana bandera","src":"https:\/\/i0.wp.com\/casadecampoliving.com\/wp-content\/uploads\/2022\/10\/republica_dominicana_bandera-1.jpg?fit=650%2C434&ssl=1&resize=350%2C200","width":350,"height":200,"srcset":"https:\/\/i0.wp.com\/casadecampoliving.com\/wp-content\/uploads\/2022\/10\/republica_dominicana_bandera-1.jpg?fit=650%2C434&ssl=1&resize=350%2C200 1x, https:\/\/i0.wp.com\/casadecampoliving.com\/wp-content\/uploads\/2022\/10\/republica_dominicana_bandera-1.jpg?fit=650%2C434&ssl=1&resize=525%2C300 1.5x"},"classes":[]},{"id":342676,"url":"https:\/\/casadecampoliving.com\/es\/preparense-para-el-fin-de-semana-largo-rd-celebra-su-restauracion-el-16-de-agosto\/","url_meta":{"origin":339591,"position":2},"title":"\u00a1Prep\u00e1rense para el fin de semana largo! &#8211; RD celebra su restauraci\u00f3n el 16 de agosto","author":"Eliana Alba","date":"16 Ago, 2013","format":false,"excerpt":"Este viernes 16 de agosto la Rep\u00fablica Dominicana conmemora un d\u00eda muy importante en su historia \u2013 la restauraci\u00f3n de su independencia. Este d\u00eda festivo celebra la recuperaci\u00f3n de la soberan\u00eda de nuestro pa\u00eds luego de haber sidos anexado a Espa\u00f1a. Pues lo que pas\u00f3 fue que 17 a\u00f1os despu\u00e9s\u2026","rel":"","context":"En \u00abEstilo de Vida\u00bb","block_context":{"text":"Estilo de Vida","link":"https:\/\/casadecampoliving.com\/es\/category\/estilo-de-vida\/"},"img":{"alt_text":"restauracion_republica_dominicana","src":"https:\/\/i0.wp.com\/casadecampoliving.com\/wp-content\/uploads\/2022\/10\/independencia_republica_dominicana_250_780-e1403281033859-1.jpg?fit=650%2C208&ssl=1&resize=350%2C200","width":350,"height":200,"srcset":"https:\/\/i0.wp.com\/casadecampoliving.com\/wp-content\/uploads\/2022\/10\/independencia_republica_dominicana_250_780-e1403281033859-1.jpg?fit=650%2C208&ssl=1&resize=350%2C200 1x, https:\/\/i0.wp.com\/casadecampoliving.com\/wp-content\/uploads\/2022\/10\/independencia_republica_dominicana_250_780-e1403281033859-1.jpg?fit=650%2C208&ssl=1&resize=525%2C300 1.5x"},"classes":[]},{"id":344791,"url":"https:\/\/casadecampoliving.com\/es\/dia-de-la-restauracion\/","url_meta":{"origin":339591,"position":3},"title":"Es el D\u00eda de la Restauraci\u00f3n &#8211; de que consiste","author":"Emil Mella","date":"16 Ago, 2014","format":false,"excerpt":"Hoy, el 16 de agosto, se celebra el D\u00eda de la Restauraci\u00f3n Dominicana, en el cual el pueblo dominicano celebra su victoria sobre las tropas espa\u00f1olas en la Guerra Restauradora. El 16 de agosto es un d\u00eda feriado aqu\u00ed en la Rep\u00fablica Dominicana, establecido para honrar la Guerra de la\u2026","rel":"","context":"En \u00abDestacados\u00bb","block_context":{"text":"Destacados","link":"https:\/\/casadecampoliving.com\/es\/category\/destacados\/"},"img":{"alt_text":"Dominican National Pantheon","src":"https:\/\/i0.wp.com\/casadecampoliving.com\/wp-content\/uploads\/2022\/10\/panteon-e1404849873230-1.jpg?fit=650%2C366&ssl=1&resize=350%2C200","width":350,"height":200,"srcset":"https:\/\/i0.wp.com\/casadecampoliving.com\/wp-content\/uploads\/2022\/10\/panteon-e1404849873230-1.jpg?fit=650%2C366&ssl=1&resize=350%2C200 1x, https:\/\/i0.wp.com\/casadecampoliving.com\/wp-content\/uploads\/2022\/10\/panteon-e1404849873230-1.jpg?fit=650%2C366&ssl=1&resize=525%2C300 1.5x"},"classes":[]},{"id":340508,"url":"https:\/\/casadecampoliving.com\/es\/conozca-los-proximos-dias-feriados-de-la-republica-dominicana-en-este-2013\/","url_meta":{"origin":339591,"position":4},"title":"\u00a1Conozca los pr\u00f3ximos d\u00edas feriados de la Rep\u00fablica Dominicana en este 2013!","author":"","date":"23 Ene, 2013","format":false,"excerpt":"La Rep\u00fablica Dominicana, cada a\u00f1o, a principios de enero, se convierte en una excusa fabulosa para actuar como un calendario y libro extraordinario de fechas de momentos, vivencias, luchas, guerras y protagonistas responsables de guiar nuestro pa\u00eds hacia una naci\u00f3n libre, democr\u00e1tica y soberana. Acomp\u00e1\u00f1enos en este recorrido de la\u2026","rel":"","context":"En \u00abArte y cultura\u00bb","block_context":{"text":"Arte y cultura","link":"https:\/\/casadecampoliving.com\/category\/arte-y-cultura\/"},"img":{"alt_text":"Dominican Holidays","src":"https:\/\/i0.wp.com\/casadecampoliving.com\/wp-content\/uploads\/2022\/10\/dominican_holidays-1.jpg?fit=650%2C452&ssl=1&resize=350%2C200","width":350,"height":200,"srcset":"https:\/\/i0.wp.com\/casadecampoliving.com\/wp-content\/uploads\/2022\/10\/dominican_holidays-1.jpg?fit=650%2C452&ssl=1&resize=350%2C200 1x, https:\/\/i0.wp.com\/casadecampoliving.com\/wp-content\/uploads\/2022\/10\/dominican_holidays-1.jpg?fit=650%2C452&ssl=1&resize=525%2C300 1.5x"},"classes":[]},{"id":343198,"url":"https:\/\/casadecampoliving.com\/es\/conozca-los-proximos-dias-feriados-de-la-republica-dominicana-en-este-2013-2\/","url_meta":{"origin":339591,"position":5},"title":"D\u00eda de la Constituci\u00f3n Dominicana; motivo de este fin de semana largo","author":"Lenny Castillo","date":"3 Nov, 2013","format":false,"excerpt":"El 6 de noviembre de cada a\u00f1o la Rep\u00fablica Dominicana celebra el \u201cD\u00eda de la Constituci\u00f3n. Este a\u00f1o, el d\u00eda de cierre para este d\u00eda de fiesta nacional, se traslada al lunes 4 de noviembre \u2013 para que todos podamos disfrutar de un buen fin de semana de celebraciones. El\u2026","rel":"","context":"En \u00abDestacados\u00bb","block_context":{"text":"Destacados","link":"https:\/\/casadecampoliving.com\/es\/category\/destacados\/"},"img":{"alt_text":"independencia republica dominicana","src":"https:\/\/i0.wp.com\/casadecampoliving.com\/wp-content\/uploads\/2022\/10\/independencia_republica_dominicana-1.jpg?fit=650%2C374&ssl=1&resize=350%2C200","width":350,"height":200,"srcset":"https:\/\/i0.wp.com\/casadecampoliving.com\/wp-content\/uploads\/2022\/10\/independencia_republica_dominicana-1.jpg?fit=650%2C374&ssl=1&resize=350%2C200 1x, https:\/\/i0.wp.com\/casadecampoliving.com\/wp-content\/uploads\/2022\/10\/independencia_republica_dominicana-1.jpg?fit=650%2C374&ssl=1&resize=525%2C300 1.5x"},"classes":[]}],"jetpack_sharing_enabled":true,"_links":{"self":[{"href":"https:\/\/casadecampoliving.com\/es\/wp-json\/wp\/v2\/posts\/339591","targetHints":{"allow":["GET"]}}],"collection":[{"href":"https:\/\/casadecampoliving.com\/es\/wp-json\/wp\/v2\/posts"}],"about":[{"href":"https:\/\/casadecampoliving.com\/es\/wp-json\/wp\/v2\/types\/post"}],"author":[{"embeddable":true,"href":"https:\/\/casadecampoliving.com\/es\/wp-json\/wp\/v2\/users\/21"}],"replies":[{"embeddable":true,"href":"https:\/\/casadecampoliving.com\/es\/wp-json\/wp\/v2\/comments?post=339591"}],"version-history":[{"count":1,"href":"https:\/\/casadecampoliving.com\/es\/wp-json\/wp\/v2\/posts\/339591\/revisions"}],"predecessor-version":[{"id":339592,"href":"https:\/\/casadecampoliving.com\/es\/wp-json\/wp\/v2\/posts\/339591\/revisions\/339592"}],"wp:featuredmedia":[{"embeddable":true,"href":"https:\/\/casadecampoliving.com\/es\/wp-json\/wp\/v2\/media\/230301"}],"wp:attachment":[{"href":"https:\/\/casadecampoliving.com\/es\/wp-json\/wp\/v2\/media?parent=339591"}],"wp:term":[{"taxonomy":"category","embeddable":true,"href":"https:\/\/casadecampoliving.com\/es\/wp-json\/wp\/v2\/categories?post=339591"},{"taxonomy":"post_tag","embeddable":true,"href":"https:\/\/casadecampoliving.com\/es\/wp-json\/wp\/v2\/tags?post=339591"},{"taxonomy":"newspack_spnsrs_tax","embeddable":true,"href":"https:\/\/casadecampoliving.com\/es\/wp-json\/wp\/v2\/newspack_spnsrs_tax?post=339591"}],"curies":[{"name":"wp","href":"https:\/\/api.w.org\/{rel}","templated":true}]}}