{"id":339573,"date":"2012-08-13T00:00:00","date_gmt":"2012-08-13T04:00:00","guid":{"rendered":"https:\/\/casadecampoliving.com\/la-depresion-tropical-7-se-convierte-en-onda-tropical-y-se-retira-del-pais\/"},"modified":"2022-10-21T18:48:50","modified_gmt":"2022-10-21T22:48:50","slug":"la-depresion-tropical-7-se-convierte-en-onda-tropical-y-se-retira-del-pais","status":"publish","type":"post","link":"https:\/\/casadecampoliving.com\/es\/la-depresion-tropical-7-se-convierte-en-onda-tropical-y-se-retira-del-pais\/","title":{"rendered":"La depresi\u00f3n tropical #7 se convierte en onda tropical y se retira del pa\u00eds"},"content":{"rendered":"<div class=\"wp-block-image\">\n<figure class=\"aligncenter is-resized\"><img loading=\"lazy\" decoding=\"async\" src=\"https:\/\/i0.wp.com\/casadecampoliving.com\/wp-content\/uploads\/2022\/10\/tropical_wave_dominican_republic.jpg?resize=650%2C320&amp;ssl=1\" alt=\"tropical wave dominican republic\" class=\"wp-image-56176\" title=\"tropical_wave_dominican_republic\" height=\"320\" width=\"650\"\/><\/figure>\n<\/div>\n\n\n<p>Grandiosas noticias, amigos! En caso de que no lo haya notado a\u00fan, la depresi\u00f3n tropical #7, originalmente pron\u00f3sticada para convertirse en la Tormenta Tropical Gordon, con rumbo hacia a la Rep\u00fablica Dominicana, se convirti\u00f3 en una onda torpical el s\u00e1bado en la ma\u00f1ana (11 de agosto) y ahora pasa por el Sur del pa\u00eds. <\/p>\n\n\n\n<!--more-->\n\n\n\n<p><strong>Qu\u00e9 significa para nosotros en Casa de Campo\/ La Romana?<\/strong><\/p>\n\n\n\n<p>Esto significa que, tan pronto la cola de esta onda tropical pase por el pa\u00eds, regresaremos a los hermosos d\u00edas azules y soleados que tanto amamos!<\/p>\n\n\n\n<p><strong>Algo m\u00e1s en el horizonte?<br>\n<\/strong><\/p>\n\n\n\n<p>NOPE! Woohoo! Por ahora, parece que no hay ning\u00fan fen\u00f3meno formandose en el Oc\u00e9ano Atl\u00e1ntico \u2013 es decir que para la pr\u00f3xima semana podemos esperar d\u00edas soleados y calurosos (quiz\u00e1s con ocasionales tormentas).<\/p>\n\n\n<div class=\"wp-block-image\">\n<figure class=\"aligncenter is-resized\"><img loading=\"lazy\" decoding=\"async\" src=\"https:\/\/i0.wp.com\/casadecampoliving.com\/wp-content\/uploads\/2022\/10\/tropical_wave_dominican_republic1.jpg?resize=650%2C366&amp;ssl=1\" alt=\"tropical wave dominican republic\" class=\"wp-image-56177\" title=\"tropical_wave_dominican_republic\" height=\"366\" width=\"650\"\/><\/figure>\n<\/div>\n\n\n<p class=\"has-text-align-center\"><strong>No hay mucho en el horizonte!<\/strong><br>\n<\/p>\n\n\n\n<p><strong>Disfrute del sol!&nbsp;<\/strong><\/p>\n\n\n\n<blockquote class=\"wp-block-quote is-layout-flow wp-block-quote-is-layout-flow\"><p><strong>MANT\u00c9NGASE INFORMADO!<\/strong><br>\nA\u00fan cuando en Casa de Campo Living haremos nuestro mejor esfuerzo por mantenerles informados, les recomendamos las siguientes p\u00e1ginas para mantenerse a\u00fan m\u00e1s informados:<\/p><p>\u2022&nbsp;<a href=\"http:\/\/www.nhc.noaa.gov\/\">www.nhc.noaa.gov<\/a>&nbsp;\u2013 El \u201cNational Hurricane Centre\u201d (en ingl\u00e9s)<br>\n\u2022&nbsp;<a href=\"http:\/\/www.weather.com\/\">www.weather.com<\/a>&nbsp;\u2013 \u201cThe Weather Channel\u201d<br>\n\u2022&nbsp;<a href=\"http:\/\/onamet.gov.do\/\">ONAMET.gov.do<\/a>&nbsp;\u2013 la Oficina Nacional de Meteorolog\u00eda<br>\n\u2022 Twitter:&nbsp; NHC_Atlantic \u2013 para tweets regulares sobre tormentas tropicales, huracanes y m\u00e1s.<\/p><\/blockquote>\n\n\n\n<div><strong>Cr\u00e9dito de fotos:<br>\n<\/strong><a href=\"http:\/\/www.weather.com\/\">www.weather.com<\/a>&nbsp;\u2013 The Weather Channel<\/div>\n\n\n\n<div><a href=\"http:\/\/www.wunderground.com\/\">www.wunderground.com&nbsp;<\/a><\/div>\n","protected":false},"excerpt":{"rendered":"<p>Grandiosas noticias, amigos! En caso de que no lo haya notado a\u00fan, la depresi\u00f3n tropical #7, originalmente pron\u00f3sticada para convertirse en la Tormenta Tropical Gordon, con rumbo hacia a la Rep\u00fablica Dominicana, se convirti\u00f3 en una onda torpical el s\u00e1bado en la ma\u00f1ana (11 de agosto) y ahora pasa por el Sur del pa\u00eds.<\/p>\n","protected":false},"author":21,"featured_media":263146,"comment_status":"closed","ping_status":"closed","sticky":false,"template":"","format":"standard","meta":{"newspack_ads_suppress_ads":false,"newspack_popups_has_disabled_popups":false,"newspack_sponsor_sponsorship_scope":"","newspack_sponsor_native_byline_display":"inherit","newspack_sponsor_native_category_display":"inherit","newspack_sponsor_underwriter_style":"inherit","newspack_sponsor_underwriter_placement":"inherit","_newspack_byline_active":false,"_newspack_byline":"","newspack_hide_updated_date":false,"newspack_show_updated_date":false,"newspack_content_restriction_is_exempt":false,"newspack_featured_image_position":"","newspack_post_subtitle":"","newspack_article_summary_title":"Overview:","newspack_article_summary":"","_jetpack_memberships_contains_paid_content":false,"footnotes":"","jetpack_publicize_message":"","jetpack_publicize_feature_enabled":true,"jetpack_social_post_already_shared":false,"jetpack_social_options":{"image_generator_settings":{"template":"highway","default_image_id":0,"font":"","enabled":false},"version":2},"_wpas_customize_per_network":false},"categories":[14631,14625,2521],"tags":[2660,4936,4979,14777],"newspack_spnsrs_tax":[],"class_list":["post-339573","post","type-post","status-publish","format-standard","has-post-thumbnail","hentry","category-estilo-de-vida","category-noticias-locales","category-republica-dominicana-2","tag-clima","tag-estado-del-tiempo","tag-onda-tropical","tag-republica-dominicana-es-18","entry"],"yoast_head":"<!-- This site is optimized with the Yoast SEO plugin v27.5 - https:\/\/yoast.com\/product\/yoast-seo-wordpress\/ -->\n<title>La depresi\u00f3n tropical #7 se convierte en onda tropical y se retira del pa\u00eds | Casa de Campo Living<\/title>\n<meta name=\"description\" content=\"Grandiosas noticias, amigos! En caso de que no lo haya notado a\u00fan, la depresi\u00f3n tropical #7, originalmente pron\u00f3sticada para convertirse en la Tormenta\" \/>\n<meta name=\"robots\" content=\"index, follow, max-snippet:-1, max-image-preview:large, max-video-preview:-1\" \/>\n<link rel=\"canonical\" href=\"https:\/\/casadecampoliving.com\/es\/la-depresion-tropical-7-se-convierte-en-onda-tropical-y-se-retira-del-pais\/\" \/>\n<meta property=\"og:locale\" content=\"es_ES\" \/>\n<meta property=\"og:type\" content=\"article\" \/>\n<meta property=\"og:title\" content=\"La depresi\u00f3n tropical #7 se convierte en onda tropical y se retira del pa\u00eds | Casa de Campo Living\" \/>\n<meta property=\"og:description\" content=\"Grandiosas noticias, amigos! En caso de que no lo haya notado a\u00fan, la depresi\u00f3n tropical #7, originalmente pron\u00f3sticada para convertirse en la Tormenta\" \/>\n<meta property=\"og:url\" content=\"https:\/\/casadecampoliving.com\/es\/la-depresion-tropical-7-se-convierte-en-onda-tropical-y-se-retira-del-pais\/\" \/>\n<meta property=\"og:site_name\" content=\"Casa de Campo Living\" \/>\n<meta property=\"article:publisher\" content=\"https:\/\/www.facebook.com\/casadecampoliving\" \/>\n<meta property=\"article:published_time\" content=\"2012-08-13T04:00:00+00:00\" \/>\n<meta property=\"article:modified_time\" content=\"2022-10-21T22:48:50+00:00\" \/>\n<meta property=\"og:image\" content=\"https:\/\/i0.wp.com\/casadecampoliving.com\/wp-content\/uploads\/2022\/10\/tropical_wave_dominican_republic-1.jpg?fit=650%2C320&ssl=1\" \/>\n\t<meta property=\"og:image:width\" content=\"650\" \/>\n\t<meta property=\"og:image:height\" content=\"320\" \/>\n\t<meta property=\"og:image:type\" content=\"image\/jpeg\" \/>\n<meta name=\"twitter:card\" content=\"summary_large_image\" \/>\n<meta name=\"twitter:creator\" content=\"@cdcliving\" \/>\n<meta name=\"twitter:site\" content=\"@cdcliving\" \/>\n<meta name=\"twitter:label1\" content=\"Escrito por\" \/>\n\t<meta name=\"twitter:data1\" content=\"\" \/>\n\t<meta name=\"twitter:label2\" content=\"Tiempo de lectura\" \/>\n\t<meta name=\"twitter:data2\" content=\"1 minuto\" \/>\n<script type=\"application\/ld+json\" class=\"yoast-schema-graph\">{\"@context\":\"https:\\\/\\\/schema.org\",\"@graph\":[{\"@type\":\"Article\",\"@id\":\"https:\\\/\\\/casadecampoliving.com\\\/es\\\/la-depresion-tropical-7-se-convierte-en-onda-tropical-y-se-retira-del-pais\\\/#article\",\"isPartOf\":{\"@id\":\"https:\\\/\\\/casadecampoliving.com\\\/es\\\/la-depresion-tropical-7-se-convierte-en-onda-tropical-y-se-retira-del-pais\\\/\"},\"author\":{\"name\":\"\",\"@id\":\"https:\\\/\\\/casadecampoliving.com\\\/es\\\/#\\\/schema\\\/person\\\/7e3b975d584a5f6ac0fd7128a81b0bc5\"},\"headline\":\"La depresi\u00f3n tropical #7 se convierte en onda tropical y se retira del pa\u00eds\",\"datePublished\":\"2012-08-13T04:00:00+00:00\",\"dateModified\":\"2022-10-21T22:48:50+00:00\",\"mainEntityOfPage\":{\"@id\":\"https:\\\/\\\/casadecampoliving.com\\\/es\\\/la-depresion-tropical-7-se-convierte-en-onda-tropical-y-se-retira-del-pais\\\/\"},\"wordCount\":259,\"publisher\":{\"@id\":\"https:\\\/\\\/casadecampoliving.com\\\/es\\\/#organization\"},\"image\":{\"@id\":\"https:\\\/\\\/casadecampoliving.com\\\/es\\\/la-depresion-tropical-7-se-convierte-en-onda-tropical-y-se-retira-del-pais\\\/#primaryimage\"},\"thumbnailUrl\":\"https:\\\/\\\/i0.wp.com\\\/casadecampoliving.com\\\/wp-content\\\/uploads\\\/2022\\\/10\\\/tropical_wave_dominican_republic-1.jpg?fit=650%2C320&ssl=1\",\"keywords\":[\"clima\",\"estado del tiempo\",\"onda tropical\",\"Republica Dominicana\"],\"articleSection\":[\"Estilo de Vida\",\"Noticias Locales\",\"Rep\u00fablica Dominicana @es\"],\"inLanguage\":\"es\"},{\"@type\":\"WebPage\",\"@id\":\"https:\\\/\\\/casadecampoliving.com\\\/es\\\/la-depresion-tropical-7-se-convierte-en-onda-tropical-y-se-retira-del-pais\\\/\",\"url\":\"https:\\\/\\\/casadecampoliving.com\\\/es\\\/la-depresion-tropical-7-se-convierte-en-onda-tropical-y-se-retira-del-pais\\\/\",\"name\":\"La depresi\u00f3n tropical #7 se convierte en onda tropical y se retira del pa\u00eds | Casa de Campo Living\",\"isPartOf\":{\"@id\":\"https:\\\/\\\/casadecampoliving.com\\\/es\\\/#website\"},\"primaryImageOfPage\":{\"@id\":\"https:\\\/\\\/casadecampoliving.com\\\/es\\\/la-depresion-tropical-7-se-convierte-en-onda-tropical-y-se-retira-del-pais\\\/#primaryimage\"},\"image\":{\"@id\":\"https:\\\/\\\/casadecampoliving.com\\\/es\\\/la-depresion-tropical-7-se-convierte-en-onda-tropical-y-se-retira-del-pais\\\/#primaryimage\"},\"thumbnailUrl\":\"https:\\\/\\\/i0.wp.com\\\/casadecampoliving.com\\\/wp-content\\\/uploads\\\/2022\\\/10\\\/tropical_wave_dominican_republic-1.jpg?fit=650%2C320&ssl=1\",\"datePublished\":\"2012-08-13T04:00:00+00:00\",\"dateModified\":\"2022-10-21T22:48:50+00:00\",\"description\":\"Grandiosas noticias, amigos! En caso de que no lo haya notado a\u00fan, la depresi\u00f3n tropical #7, originalmente pron\u00f3sticada para convertirse en la Tormenta\",\"breadcrumb\":{\"@id\":\"https:\\\/\\\/casadecampoliving.com\\\/es\\\/la-depresion-tropical-7-se-convierte-en-onda-tropical-y-se-retira-del-pais\\\/#breadcrumb\"},\"inLanguage\":\"es\",\"potentialAction\":[{\"@type\":\"ReadAction\",\"target\":[\"https:\\\/\\\/casadecampoliving.com\\\/es\\\/la-depresion-tropical-7-se-convierte-en-onda-tropical-y-se-retira-del-pais\\\/\"]}]},{\"@type\":\"ImageObject\",\"inLanguage\":\"es\",\"@id\":\"https:\\\/\\\/casadecampoliving.com\\\/es\\\/la-depresion-tropical-7-se-convierte-en-onda-tropical-y-se-retira-del-pais\\\/#primaryimage\",\"url\":\"https:\\\/\\\/i0.wp.com\\\/casadecampoliving.com\\\/wp-content\\\/uploads\\\/2022\\\/10\\\/tropical_wave_dominican_republic-1.jpg?fit=650%2C320&ssl=1\",\"contentUrl\":\"https:\\\/\\\/i0.wp.com\\\/casadecampoliving.com\\\/wp-content\\\/uploads\\\/2022\\\/10\\\/tropical_wave_dominican_republic-1.jpg?fit=650%2C320&ssl=1\",\"width\":650,\"height\":320,\"caption\":\"tropical wave dominican republic\"},{\"@type\":\"BreadcrumbList\",\"@id\":\"https:\\\/\\\/casadecampoliving.com\\\/es\\\/la-depresion-tropical-7-se-convierte-en-onda-tropical-y-se-retira-del-pais\\\/#breadcrumb\",\"itemListElement\":[{\"@type\":\"ListItem\",\"position\":1,\"name\":\"Home\",\"item\":\"https:\\\/\\\/casadecampoliving.com\\\/es\\\/\"},{\"@type\":\"ListItem\",\"position\":2,\"name\":\"La depresi\u00f3n tropical #7 se convierte en onda tropical y se retira del pa\u00eds\"}]},{\"@type\":\"WebSite\",\"@id\":\"https:\\\/\\\/casadecampoliving.com\\\/es\\\/#website\",\"url\":\"https:\\\/\\\/casadecampoliving.com\\\/es\\\/\",\"name\":\"Casa de Campo Living\",\"description\":\"Resort community news and resources.\",\"publisher\":{\"@id\":\"https:\\\/\\\/casadecampoliving.com\\\/es\\\/#organization\"},\"potentialAction\":[{\"@type\":\"SearchAction\",\"target\":{\"@type\":\"EntryPoint\",\"urlTemplate\":\"https:\\\/\\\/casadecampoliving.com\\\/es\\\/?s={search_term_string}\"},\"query-input\":{\"@type\":\"PropertyValueSpecification\",\"valueRequired\":true,\"valueName\":\"search_term_string\"}}],\"inLanguage\":\"es\"},{\"@type\":\"Organization\",\"@id\":\"https:\\\/\\\/casadecampoliving.com\\\/es\\\/#organization\",\"name\":\"Casa de Campo Living\",\"url\":\"https:\\\/\\\/casadecampoliving.com\\\/es\\\/\",\"logo\":{\"@type\":\"ImageObject\",\"inLanguage\":\"es\",\"@id\":\"https:\\\/\\\/casadecampoliving.com\\\/es\\\/#\\\/schema\\\/logo\\\/image\\\/\",\"url\":\"https:\\\/\\\/i0.wp.com\\\/casadecampoliving.com\\\/wp-content\\\/uploads\\\/2022\\\/07\\\/CDCLivingLogo_V1-white-sized.png?fit=800%2C214&ssl=1\",\"contentUrl\":\"https:\\\/\\\/i0.wp.com\\\/casadecampoliving.com\\\/wp-content\\\/uploads\\\/2022\\\/07\\\/CDCLivingLogo_V1-white-sized.png?fit=800%2C214&ssl=1\",\"width\":800,\"height\":214,\"caption\":\"Casa de Campo Living\"},\"image\":{\"@id\":\"https:\\\/\\\/casadecampoliving.com\\\/es\\\/#\\\/schema\\\/logo\\\/image\\\/\"},\"sameAs\":[\"https:\\\/\\\/www.facebook.com\\\/casadecampoliving\",\"https:\\\/\\\/x.com\\\/cdcliving\"]},{\"@type\":\"Person\",\"@id\":\"https:\\\/\\\/casadecampoliving.com\\\/es\\\/#\\\/schema\\\/person\\\/7e3b975d584a5f6ac0fd7128a81b0bc5\",\"name\":\"\",\"image\":{\"@type\":\"ImageObject\",\"inLanguage\":\"es\",\"@id\":\"https:\\\/\\\/secure.gravatar.com\\\/avatar\\\/?s=96&d=mm&r=g\",\"url\":\"https:\\\/\\\/secure.gravatar.com\\\/avatar\\\/?s=96&d=mm&r=g\",\"contentUrl\":\"https:\\\/\\\/secure.gravatar.com\\\/avatar\\\/?s=96&d=mm&r=g\"},\"url\":\"https:\\\/\\\/casadecampoliving.com\\\/es\\\/author\\\/ \\\/\"}]}<\/script>\n<!-- \/ Yoast SEO plugin. -->","yoast_head_json":{"title":"La depresi\u00f3n tropical #7 se convierte en onda tropical y se retira del pa\u00eds | Casa de Campo Living","description":"Grandiosas noticias, amigos! En caso de que no lo haya notado a\u00fan, la depresi\u00f3n tropical #7, originalmente pron\u00f3sticada para convertirse en la Tormenta","robots":{"index":"index","follow":"follow","max-snippet":"max-snippet:-1","max-image-preview":"max-image-preview:large","max-video-preview":"max-video-preview:-1"},"canonical":"https:\/\/casadecampoliving.com\/es\/la-depresion-tropical-7-se-convierte-en-onda-tropical-y-se-retira-del-pais\/","og_locale":"es_ES","og_type":"article","og_title":"La depresi\u00f3n tropical #7 se convierte en onda tropical y se retira del pa\u00eds | Casa de Campo Living","og_description":"Grandiosas noticias, amigos! En caso de que no lo haya notado a\u00fan, la depresi\u00f3n tropical #7, originalmente pron\u00f3sticada para convertirse en la Tormenta","og_url":"https:\/\/casadecampoliving.com\/es\/la-depresion-tropical-7-se-convierte-en-onda-tropical-y-se-retira-del-pais\/","og_site_name":"Casa de Campo Living","article_publisher":"https:\/\/www.facebook.com\/casadecampoliving","article_published_time":"2012-08-13T04:00:00+00:00","article_modified_time":"2022-10-21T22:48:50+00:00","og_image":[{"width":650,"height":320,"url":"https:\/\/i0.wp.com\/casadecampoliving.com\/wp-content\/uploads\/2022\/10\/tropical_wave_dominican_republic-1.jpg?fit=650%2C320&ssl=1","type":"image\/jpeg"}],"twitter_card":"summary_large_image","twitter_creator":"@cdcliving","twitter_site":"@cdcliving","twitter_misc":{"Escrito por":"","Tiempo de lectura":"1 minuto"},"schema":{"@context":"https:\/\/schema.org","@graph":[{"@type":"Article","@id":"https:\/\/casadecampoliving.com\/es\/la-depresion-tropical-7-se-convierte-en-onda-tropical-y-se-retira-del-pais\/#article","isPartOf":{"@id":"https:\/\/casadecampoliving.com\/es\/la-depresion-tropical-7-se-convierte-en-onda-tropical-y-se-retira-del-pais\/"},"author":{"name":"","@id":"https:\/\/casadecampoliving.com\/es\/#\/schema\/person\/7e3b975d584a5f6ac0fd7128a81b0bc5"},"headline":"La depresi\u00f3n tropical #7 se convierte en onda tropical y se retira del pa\u00eds","datePublished":"2012-08-13T04:00:00+00:00","dateModified":"2022-10-21T22:48:50+00:00","mainEntityOfPage":{"@id":"https:\/\/casadecampoliving.com\/es\/la-depresion-tropical-7-se-convierte-en-onda-tropical-y-se-retira-del-pais\/"},"wordCount":259,"publisher":{"@id":"https:\/\/casadecampoliving.com\/es\/#organization"},"image":{"@id":"https:\/\/casadecampoliving.com\/es\/la-depresion-tropical-7-se-convierte-en-onda-tropical-y-se-retira-del-pais\/#primaryimage"},"thumbnailUrl":"https:\/\/i0.wp.com\/casadecampoliving.com\/wp-content\/uploads\/2022\/10\/tropical_wave_dominican_republic-1.jpg?fit=650%2C320&ssl=1","keywords":["clima","estado del tiempo","onda tropical","Republica Dominicana"],"articleSection":["Estilo de Vida","Noticias Locales","Rep\u00fablica Dominicana @es"],"inLanguage":"es"},{"@type":"WebPage","@id":"https:\/\/casadecampoliving.com\/es\/la-depresion-tropical-7-se-convierte-en-onda-tropical-y-se-retira-del-pais\/","url":"https:\/\/casadecampoliving.com\/es\/la-depresion-tropical-7-se-convierte-en-onda-tropical-y-se-retira-del-pais\/","name":"La depresi\u00f3n tropical #7 se convierte en onda tropical y se retira del pa\u00eds | Casa de Campo Living","isPartOf":{"@id":"https:\/\/casadecampoliving.com\/es\/#website"},"primaryImageOfPage":{"@id":"https:\/\/casadecampoliving.com\/es\/la-depresion-tropical-7-se-convierte-en-onda-tropical-y-se-retira-del-pais\/#primaryimage"},"image":{"@id":"https:\/\/casadecampoliving.com\/es\/la-depresion-tropical-7-se-convierte-en-onda-tropical-y-se-retira-del-pais\/#primaryimage"},"thumbnailUrl":"https:\/\/i0.wp.com\/casadecampoliving.com\/wp-content\/uploads\/2022\/10\/tropical_wave_dominican_republic-1.jpg?fit=650%2C320&ssl=1","datePublished":"2012-08-13T04:00:00+00:00","dateModified":"2022-10-21T22:48:50+00:00","description":"Grandiosas noticias, amigos! En caso de que no lo haya notado a\u00fan, la depresi\u00f3n tropical #7, originalmente pron\u00f3sticada para convertirse en la Tormenta","breadcrumb":{"@id":"https:\/\/casadecampoliving.com\/es\/la-depresion-tropical-7-se-convierte-en-onda-tropical-y-se-retira-del-pais\/#breadcrumb"},"inLanguage":"es","potentialAction":[{"@type":"ReadAction","target":["https:\/\/casadecampoliving.com\/es\/la-depresion-tropical-7-se-convierte-en-onda-tropical-y-se-retira-del-pais\/"]}]},{"@type":"ImageObject","inLanguage":"es","@id":"https:\/\/casadecampoliving.com\/es\/la-depresion-tropical-7-se-convierte-en-onda-tropical-y-se-retira-del-pais\/#primaryimage","url":"https:\/\/i0.wp.com\/casadecampoliving.com\/wp-content\/uploads\/2022\/10\/tropical_wave_dominican_republic-1.jpg?fit=650%2C320&ssl=1","contentUrl":"https:\/\/i0.wp.com\/casadecampoliving.com\/wp-content\/uploads\/2022\/10\/tropical_wave_dominican_republic-1.jpg?fit=650%2C320&ssl=1","width":650,"height":320,"caption":"tropical wave dominican republic"},{"@type":"BreadcrumbList","@id":"https:\/\/casadecampoliving.com\/es\/la-depresion-tropical-7-se-convierte-en-onda-tropical-y-se-retira-del-pais\/#breadcrumb","itemListElement":[{"@type":"ListItem","position":1,"name":"Home","item":"https:\/\/casadecampoliving.com\/es\/"},{"@type":"ListItem","position":2,"name":"La depresi\u00f3n tropical #7 se convierte en onda tropical y se retira del pa\u00eds"}]},{"@type":"WebSite","@id":"https:\/\/casadecampoliving.com\/es\/#website","url":"https:\/\/casadecampoliving.com\/es\/","name":"Casa de Campo Living","description":"Resort community news and resources.","publisher":{"@id":"https:\/\/casadecampoliving.com\/es\/#organization"},"potentialAction":[{"@type":"SearchAction","target":{"@type":"EntryPoint","urlTemplate":"https:\/\/casadecampoliving.com\/es\/?s={search_term_string}"},"query-input":{"@type":"PropertyValueSpecification","valueRequired":true,"valueName":"search_term_string"}}],"inLanguage":"es"},{"@type":"Organization","@id":"https:\/\/casadecampoliving.com\/es\/#organization","name":"Casa de Campo Living","url":"https:\/\/casadecampoliving.com\/es\/","logo":{"@type":"ImageObject","inLanguage":"es","@id":"https:\/\/casadecampoliving.com\/es\/#\/schema\/logo\/image\/","url":"https:\/\/i0.wp.com\/casadecampoliving.com\/wp-content\/uploads\/2022\/07\/CDCLivingLogo_V1-white-sized.png?fit=800%2C214&ssl=1","contentUrl":"https:\/\/i0.wp.com\/casadecampoliving.com\/wp-content\/uploads\/2022\/07\/CDCLivingLogo_V1-white-sized.png?fit=800%2C214&ssl=1","width":800,"height":214,"caption":"Casa de Campo Living"},"image":{"@id":"https:\/\/casadecampoliving.com\/es\/#\/schema\/logo\/image\/"},"sameAs":["https:\/\/www.facebook.com\/casadecampoliving","https:\/\/x.com\/cdcliving"]},{"@type":"Person","@id":"https:\/\/casadecampoliving.com\/es\/#\/schema\/person\/7e3b975d584a5f6ac0fd7128a81b0bc5","name":"","image":{"@type":"ImageObject","inLanguage":"es","@id":"https:\/\/secure.gravatar.com\/avatar\/?s=96&d=mm&r=g","url":"https:\/\/secure.gravatar.com\/avatar\/?s=96&d=mm&r=g","contentUrl":"https:\/\/secure.gravatar.com\/avatar\/?s=96&d=mm&r=g"},"url":"https:\/\/casadecampoliving.com\/es\/author\/ \/"}]}},"parsely":{"version":"1.1.0","canonical_url":"https:\/\/casadecampoliving.com\/es\/la-depresion-tropical-7-se-convierte-en-onda-tropical-y-se-retira-del-pais\/","smart_links":{"inbound":0,"outbound":0},"traffic_boost_suggestions_count":0,"meta":{"@context":"https:\/\/schema.org","@type":"NewsArticle","headline":"La depresi\u00f3n tropical #7 se convierte en onda tropical y se retira del pa\u00eds","url":"http:\/\/casadecampoliving.com\/es\/la-depresion-tropical-7-se-convierte-en-onda-tropical-y-se-retira-del-pais\/","mainEntityOfPage":{"@type":"WebPage","@id":"http:\/\/casadecampoliving.com\/es\/la-depresion-tropical-7-se-convierte-en-onda-tropical-y-se-retira-del-pais\/"},"thumbnailUrl":"https:\/\/i0.wp.com\/casadecampoliving.com\/wp-content\/uploads\/2022\/10\/tropical_wave_dominican_republic-1.jpg?resize=150%2C150&ssl=1","image":{"@type":"ImageObject","url":"https:\/\/i0.wp.com\/casadecampoliving.com\/wp-content\/uploads\/2022\/10\/tropical_wave_dominican_republic-1.jpg?fit=650%2C320&ssl=1"},"articleSection":"Estilo de Vida","author":[{"@type":"Person","name":"FB_515917546"}],"creator":["FB_515917546"],"publisher":{"@type":"Organization","name":"Casa de Campo Living","logo":"https:\/\/casadecampoliving.com\/wp-content\/uploads\/2022\/07\/CDCLivingLogo_V1-white-sized.png"},"keywords":["clima","estado del tiempo","onda tropical","republica dominicana"],"dateCreated":"2012-08-13T04:00:00Z","datePublished":"2012-08-13T04:00:00Z","dateModified":"2022-10-21T22:48:50Z"},"rendered":"<script type=\"application\/ld+json\" class=\"wp-parsely-metadata\">{\"@context\":\"https:\\\/\\\/schema.org\",\"@type\":\"NewsArticle\",\"headline\":\"La depresi\\u00f3n tropical #7 se convierte en onda tropical y se retira del pa\\u00eds\",\"url\":\"http:\\\/\\\/casadecampoliving.com\\\/es\\\/la-depresion-tropical-7-se-convierte-en-onda-tropical-y-se-retira-del-pais\\\/\",\"mainEntityOfPage\":{\"@type\":\"WebPage\",\"@id\":\"http:\\\/\\\/casadecampoliving.com\\\/es\\\/la-depresion-tropical-7-se-convierte-en-onda-tropical-y-se-retira-del-pais\\\/\"},\"thumbnailUrl\":\"https:\\\/\\\/i0.wp.com\\\/casadecampoliving.com\\\/wp-content\\\/uploads\\\/2022\\\/10\\\/tropical_wave_dominican_republic-1.jpg?resize=150%2C150&ssl=1\",\"image\":{\"@type\":\"ImageObject\",\"url\":\"https:\\\/\\\/i0.wp.com\\\/casadecampoliving.com\\\/wp-content\\\/uploads\\\/2022\\\/10\\\/tropical_wave_dominican_republic-1.jpg?fit=650%2C320&ssl=1\"},\"articleSection\":\"Estilo de Vida\",\"author\":[{\"@type\":\"Person\",\"name\":\"FB_515917546\"}],\"creator\":[\"FB_515917546\"],\"publisher\":{\"@type\":\"Organization\",\"name\":\"Casa de Campo Living\",\"logo\":\"https:\\\/\\\/casadecampoliving.com\\\/wp-content\\\/uploads\\\/2022\\\/07\\\/CDCLivingLogo_V1-white-sized.png\"},\"keywords\":[\"clima\",\"estado del tiempo\",\"onda tropical\",\"republica dominicana\"],\"dateCreated\":\"2012-08-13T04:00:00Z\",\"datePublished\":\"2012-08-13T04:00:00Z\",\"dateModified\":\"2022-10-21T22:48:50Z\"}<\/script>","tracker_url":"https:\/\/cdn.parsely.com\/keys\/casadecampoliving.com\/p.js"},"jetpack_publicize_connections":[],"jetpack_featured_media_url":"https:\/\/i0.wp.com\/casadecampoliving.com\/wp-content\/uploads\/2022\/10\/tropical_wave_dominican_republic-1.jpg?fit=650%2C320&ssl=1","jetpack-related-posts":[{"id":339497,"url":"https:\/\/casadecampoliving.com\/es\/cielos-grises-y-malhumorados-un-ciclon-y-onda-tropical\/","url_meta":{"origin":339573,"position":0},"title":"Cielos grises y malhumorados&#8230; un cicl\u00f3n y onda tropical!","author":"","date":"1 Ago, 2012","format":false,"excerpt":"Despu\u00e9s de un inesperado mes de sol y calor en julio, parece que han llegado los d\u00edas lluviosos de la temporada cicl\u00f3nica en la Rep\u00fablica Dominicana \u2013 en forma de una onda tropical que ahora cubre el pa\u00eds, seguido de un \u201csistema de baja presi\u00f3n\u201d,\u00a0 que, de acuerdo a los\u2026","rel":"","context":"En \u00abEstilo de Vida\u00bb","block_context":{"text":"Estilo de Vida","link":"https:\/\/casadecampoliving.com\/es\/category\/estilo-de-vida\/"},"img":{"alt_text":"altos de chavon rain","src":"https:\/\/i0.wp.com\/casadecampoliving.com\/wp-content\/uploads\/2022\/10\/altos_de_chavon_rain-1.jpg?fit=650%2C415&ssl=1&resize=350%2C200","width":350,"height":200,"srcset":"https:\/\/i0.wp.com\/casadecampoliving.com\/wp-content\/uploads\/2022\/10\/altos_de_chavon_rain-1.jpg?fit=650%2C415&ssl=1&resize=350%2C200 1x, https:\/\/i0.wp.com\/casadecampoliving.com\/wp-content\/uploads\/2022\/10\/altos_de_chavon_rain-1.jpg?fit=650%2C415&ssl=1&resize=525%2C300 1.5x"},"classes":[]},{"id":339545,"url":"https:\/\/casadecampoliving.com\/es\/estado-del-tiempo-una-onda-tropical-trae-mas-lluvias\/","url_meta":{"origin":339573,"position":1},"title":"Estado del tiempo: una onda tropical trae m\u00e1s lluvias","author":"","date":"8 Ago, 2012","format":false,"excerpt":"En la actualizaci\u00f3n del estado del tiempo de ayer, encontr\u00e9 una desagradable mancha en la imagen satelital, que a\u00fan cuando fue ignorada por todos mis sitios web sobre el tiempo, pronostiqu\u00e9 que nos traer\u00eda (a la Rep. Dom.), bastante lluvia \u2013 y estaba en lo correcto, desde luego bastante lluvia!\u2026","rel":"","context":"En \u00abEstilo de Vida\u00bb","block_context":{"text":"Estilo de Vida","link":"https:\/\/casadecampoliving.com\/es\/category\/estilo-de-vida\/"},"img":{"alt_text":"tropical wave","src":"https:\/\/i0.wp.com\/casadecampoliving.com\/wp-content\/uploads\/2022\/10\/tropical_wave1-1.jpg?fit=650%2C328&ssl=1&resize=350%2C200","width":350,"height":200,"srcset":"https:\/\/i0.wp.com\/casadecampoliving.com\/wp-content\/uploads\/2022\/10\/tropical_wave1-1.jpg?fit=650%2C328&ssl=1&resize=350%2C200 1x, https:\/\/i0.wp.com\/casadecampoliving.com\/wp-content\/uploads\/2022\/10\/tropical_wave1-1.jpg?fit=650%2C328&ssl=1&resize=525%2C300 1.5x"},"classes":[]},{"id":339615,"url":"https:\/\/casadecampoliving.com\/es\/hola-huracan-isaac-la-depresion-tropical-adquiere-velocidad-y-se-pronostica-pasara-por-el-pais\/","url_meta":{"origin":339573,"position":2},"title":"Hola Hurac\u00e1n Isaac? La depresi\u00f3n tropical adquiere velocidad y se pronostica pasar\u00e1 por el pa\u00eds","author":"","date":"21 Ago, 2012","format":false,"excerpt":"UPDATE:Esta informaci\u00f3n ya no esta correcto. La tormentas tropical Isaac ha pasado la Republica Dominicana.Aqu\u00ed en Casa de Campo, los deportes, servicios y restaurantes ya son re-abiertos con excepci\u00f3n del campo de golf Teeth of the Dog que esta debajo\u00a0reparaciones.Para ver FOTOS y leer m\u00e1s sobre la tormenta en Casa\u2026","rel":"","context":"En \u00abEstilo de Vida\u00bb","block_context":{"text":"Estilo de Vida","link":"https:\/\/casadecampoliving.com\/es\/category\/estilo-de-vida\/"},"img":{"alt_text":"tropical depression","src":"https:\/\/i0.wp.com\/casadecampoliving.com\/wp-content\/uploads\/2022\/10\/tropical_depression4-1.jpg?fit=650%2C366&ssl=1&resize=350%2C200","width":350,"height":200,"srcset":"https:\/\/i0.wp.com\/casadecampoliving.com\/wp-content\/uploads\/2022\/10\/tropical_depression4-1.jpg?fit=650%2C366&ssl=1&resize=350%2C200 1x, https:\/\/i0.wp.com\/casadecampoliving.com\/wp-content\/uploads\/2022\/10\/tropical_depression4-1.jpg?fit=650%2C366&ssl=1&resize=525%2C300 1.5x"},"classes":[]},{"id":345263,"url":"https:\/\/casadecampoliving.com\/es\/preparese-para-un-fin-de-semana-lluvioso\/","url_meta":{"origin":339573,"position":3},"title":"Prep\u00e1rese para un fin de semana lluvioso","author":"Daniela Medina","date":"5 Sep, 2014","format":false,"excerpt":"Como una vez dijo Winnie the Pooh\u2026\u201d\u00a1tut, tut parece que va a llover!\u201d \u00c9ste fin de semana pareciera como que vamos a tener un poco de lluvia en la regi\u00f3n este de la Rep\u00fablica Dominicana. \u00bfS\u00f3lo una breve llovizna? Lamentablemente no, hay una \u201conda tropical\u201d dirigi\u00e9ndose hacia nosotros, desde el\u2026","rel":"","context":"En \u00abCasa de Campo Living @es\u00bb","block_context":{"text":"Casa de Campo Living @es","link":"https:\/\/casadecampoliving.com\/category\/casa-de-campo-living-es\/"},"img":{"alt_text":"Minitas Beach Casa de Campo","src":"https:\/\/i0.wp.com\/casadecampoliving.com\/wp-content\/uploads\/2022\/10\/minitas_beach1-5.jpg?fit=650%2C348&ssl=1&resize=350%2C200","width":350,"height":200,"srcset":"https:\/\/i0.wp.com\/casadecampoliving.com\/wp-content\/uploads\/2022\/10\/minitas_beach1-5.jpg?fit=650%2C348&ssl=1&resize=350%2C200 1x, https:\/\/i0.wp.com\/casadecampoliving.com\/wp-content\/uploads\/2022\/10\/minitas_beach1-5.jpg?fit=650%2C348&ssl=1&resize=525%2C300 1.5x"},"classes":[]},{"id":342522,"url":"https:\/\/casadecampoliving.com\/es\/se-pregunta-porque-esta-lloviendo-hay-una-onda-tropical-encima\/","url_meta":{"origin":339573,"position":4},"title":"Se pregunta porqu\u00e9 esta lloviendo? Hay una onda tropical encima!","author":"Rebecca Silvestri","date":"18 Jul, 2013","format":false,"excerpt":"Esta ma\u00f1ana nos despertamos ante otro brillante, soleado y hermoso d\u00eda en Casa de Campo\u2026 y entonces empez\u00f3 a llover. S\u00f3lo una llovizna? Lamentablemente no \u2013 hay una \u201cOnda Tropical\u201d rondando por encima de Rep\u00fablica Dominicana en estos momentos! Afortunadamente una \u201conda tropical\u201d es la m\u00e1s insignificante y sin amenazas\u2026","rel":"","context":"En \u00abEstilo de Vida\u00bb","block_context":{"text":"Estilo de Vida","link":"https:\/\/casadecampoliving.com\/es\/category\/estilo-de-vida\/"},"img":{"alt_text":"weather dominican republic","src":"https:\/\/i0.wp.com\/casadecampoliving.com\/wp-content\/uploads\/2022\/10\/weather_dominican_republic-4.jpg?fit=650%2C439&ssl=1&resize=350%2C200","width":350,"height":200,"srcset":"https:\/\/i0.wp.com\/casadecampoliving.com\/wp-content\/uploads\/2022\/10\/weather_dominican_republic-4.jpg?fit=650%2C439&ssl=1&resize=350%2C200 1x, https:\/\/i0.wp.com\/casadecampoliving.com\/wp-content\/uploads\/2022\/10\/weather_dominican_republic-4.jpg?fit=650%2C439&ssl=1&resize=525%2C300 1.5x"},"classes":[]},{"id":339563,"url":"https:\/\/casadecampoliving.com\/es\/se-forma-nueva-depresion-tropical-que-podria-afectar-al-pais-como-la-tormenta-tropical-gordon\/","url_meta":{"origin":339573,"position":5},"title":"Se forma nueva depresi\u00f3n tropical que podr\u00eda afectar al pa\u00eds como la tormenta tropical Gordon","author":"","date":"9 Ago, 2012","format":false,"excerpt":"Noticias de \u00faltimo minuto! De acuerdo al\u00a0 weather.com y al \u201cNational Hurricane Center\u201d en los Estados Unidos, la depresi\u00f3n tropical no. 7 se acaba de formar en el Oc\u00e9ano Atl\u00e1ntico y a\u00fan cuando se encuentra bastante alejada \u2013 de acuerdo a los pron\u00f3sticos se espera que se convierta en la\u2026","rel":"","context":"En \u00abEstilo de Vida\u00bb","block_context":{"text":"Estilo de Vida","link":"https:\/\/casadecampoliving.com\/es\/category\/estilo-de-vida\/"},"img":{"alt_text":"","src":"https:\/\/i0.wp.com\/casadecampoliving.com\/wp-content\/uploads\/2022\/10\/tropical_depression3-1.jpg?fit=650%2C351&ssl=1&resize=350%2C200","width":350,"height":200,"srcset":"https:\/\/i0.wp.com\/casadecampoliving.com\/wp-content\/uploads\/2022\/10\/tropical_depression3-1.jpg?fit=650%2C351&ssl=1&resize=350%2C200 1x, https:\/\/i0.wp.com\/casadecampoliving.com\/wp-content\/uploads\/2022\/10\/tropical_depression3-1.jpg?fit=650%2C351&ssl=1&resize=525%2C300 1.5x"},"classes":[]}],"jetpack_sharing_enabled":true,"_links":{"self":[{"href":"https:\/\/casadecampoliving.com\/es\/wp-json\/wp\/v2\/posts\/339573","targetHints":{"allow":["GET"]}}],"collection":[{"href":"https:\/\/casadecampoliving.com\/es\/wp-json\/wp\/v2\/posts"}],"about":[{"href":"https:\/\/casadecampoliving.com\/es\/wp-json\/wp\/v2\/types\/post"}],"author":[{"embeddable":true,"href":"https:\/\/casadecampoliving.com\/es\/wp-json\/wp\/v2\/users\/21"}],"replies":[{"embeddable":true,"href":"https:\/\/casadecampoliving.com\/es\/wp-json\/wp\/v2\/comments?post=339573"}],"version-history":[{"count":1,"href":"https:\/\/casadecampoliving.com\/es\/wp-json\/wp\/v2\/posts\/339573\/revisions"}],"predecessor-version":[{"id":339574,"href":"https:\/\/casadecampoliving.com\/es\/wp-json\/wp\/v2\/posts\/339573\/revisions\/339574"}],"wp:featuredmedia":[{"embeddable":true,"href":"https:\/\/casadecampoliving.com\/es\/wp-json\/wp\/v2\/media\/263146"}],"wp:attachment":[{"href":"https:\/\/casadecampoliving.com\/es\/wp-json\/wp\/v2\/media?parent=339573"}],"wp:term":[{"taxonomy":"category","embeddable":true,"href":"https:\/\/casadecampoliving.com\/es\/wp-json\/wp\/v2\/categories?post=339573"},{"taxonomy":"post_tag","embeddable":true,"href":"https:\/\/casadecampoliving.com\/es\/wp-json\/wp\/v2\/tags?post=339573"},{"taxonomy":"newspack_spnsrs_tax","embeddable":true,"href":"https:\/\/casadecampoliving.com\/es\/wp-json\/wp\/v2\/newspack_spnsrs_tax?post=339573"}],"curies":[{"name":"wp","href":"https:\/\/api.w.org\/{rel}","templated":true}]}}