{"id":339551,"date":"2012-08-09T00:00:00","date_gmt":"2012-08-09T04:00:00","guid":{"rendered":"https:\/\/casadecampoliving.com\/fiesta-con-dj-gringo-en-el-after-party-de-mir-este-sabado-11-de-agosto-por-solo-us50-2\/"},"modified":"2022-10-21T18:47:55","modified_gmt":"2022-10-21T22:47:55","slug":"fiesta-con-dj-gringo-en-el-after-party-de-mir-este-sabado-11-de-agosto-por-solo-us50-2","status":"publish","type":"post","link":"https:\/\/casadecampoliving.com\/es\/fiesta-con-dj-gringo-en-el-after-party-de-mir-este-sabado-11-de-agosto-por-solo-us50-2\/","title":{"rendered":"Fiesta con DJ Gringo en el After-Party de MIR este s\u00e1bado 11 de agosto por solo US$50!"},"content":{"rendered":"<div class=\"wp-block-image\">\n<figure class=\"aligncenter is-resized\"><img loading=\"lazy\" decoding=\"async\" src=\"https:\/\/i0.wp.com\/casadecampoliving.com\/wp-content\/uploads\/2022\/10\/Fundacion_MIR_casa_de_campo-4.jpg?resize=650%2C344&amp;ssl=1\" alt=\"fundacion MIR casa de campo party\" class=\"wp-image-55876\" title=\"Fundacion_MIR_casa_de_campo\" height=\"344\" width=\"650\"\/><\/figure>\n<\/div>\n\n\n<p>Este s\u00e1bado 11 de agosto, el destacado DJ Gringo desde Miami, regresar\u00e1 a Casa de Campo para el After-Party del evento del Fin de Semana Familiar de la Fundaci\u00f3n MIR. Super excited about dancing the night away with our favorite DJ Gringo, we caught up with him for a mini-interview \u2013 to let you know why this is one party you cannot afford to miss!&nbsp;<\/p>\n\n\n\n<!--more-->\n\n\n\n<p>El After-Party tendr\u00e1 lugar despu\u00e9s de la cena del Fin de Semana Familiar de la Fundaci\u00f3n MIR que se realizar\u00e1 en la playa Minitas \u2013 d\u00e1ndole un exitoso y divertido final al evento! Para aquellos que estar\u00e1n en la cena, el After-Party est\u00e1 incluido en los boletos (US$150), mientras que para el resto, la entrada para el After-Party es de solo US$50 por persona, incluyendo un open bar \u2013 esperamos verles all\u00ed!<\/p>\n\n\n\n<p>Ahora mostramos la entrevista con DJ Gringo quien nos dar\u00e1 m\u00e1s detalles:<\/p>\n\n\n\n<h3 class=\"wp-block-heading\"><strong><img decoding=\"async\" loading=\"lazy\" class=\"alignright size-full wp-image-55885\" title=\"dj_gringo\" src=\"https:\/\/i0.wp.com\/casadecampoliving.com\/wp-content\/uploads\/2022\/10\/dj_gringo2-3.jpg?resize=250%2C315&amp;ssl=1\" alt=\"dj gringo\" width=\"250\" height=\"315\">@cdcliving: Qu\u00e9 tipo de m\u00fasica estar\u00e1s ofreciendo?<br>\n<\/strong><\/h3>\n\n\n\n<p><strong>DJ Gringo:<\/strong> Ofrecer\u00e9 una variedad de ritmos que van desde los Top 40 nuevos hits del mundo hasta todos los temas latinos, disco y dance que a todos les gusta.<\/p>\n\n\n\n<h3 class=\"wp-block-heading\"><strong>@cdcliving: <\/strong>A qui\u00e9n va dirigido el After-Party?<\/h3>\n\n\n\n<p><strong>DJ Gringo: <\/strong>La fiesta va dirigida a todos los rangos de edades que quieran pasarla bien esa noche.<\/p>\n\n\n\n<h3 class=\"wp-block-heading\"><strong>@cdcliving: <\/strong>Por cu\u00e1nto tiempo has estado dando apoyo a los eventos de la Fundaci\u00f3n MIR?<\/h3>\n\n\n\n<p><strong>DJ Gringo:&nbsp; <\/strong>Este ser\u00e1 mi tercer a\u00f1o dando mi apoyo a los eventos de MIR.<\/p>\n\n\n\n<h3 class=\"wp-block-heading\"><strong>@cdcliving:<\/strong> Por qu\u00e9 has decidido apoyar a la Fundaci\u00f3n MIR a\u00f1o tras a\u00f1o?<\/h3>\n\n\n\n<p><strong>DJ Gringo: <\/strong>Escog\u00ed dar mi apoyo a MIR porque a\u00f1o tras a\u00f1o veo la gran labor que hacen con los ni\u00f1os de La Romana. Les ofrecen la oportunidad de tener un futuro brillante y un mejor porvenir.<\/p>\n\n\n\n<h3 class=\"wp-block-heading\"><strong>@cdcliving: <\/strong>Tienes un mensaje para la comunidad de Casa de Campo?<\/h3>\n\n\n<div class=\"wp-block-image\">\n<figure class=\"aligncenter is-resized\"><img loading=\"lazy\" decoding=\"async\" src=\"https:\/\/i0.wp.com\/casadecampoliving.com\/wp-content\/uploads\/2022\/10\/fundacion_mir-6.jpg?resize=650%2C994&amp;ssl=1\" alt=\"fundacion MIR\" class=\"wp-image-55872\" title=\"fundacion_MIR\" height=\"994\" width=\"650\"\/><\/figure>\n<\/div>\n\n\n<p><strong>DJ Gringo:&nbsp; <\/strong>Vengan a apoyar el evento del Fin de Semana Familiar de la Fundaci\u00f3n MIR y el gran trabajo que realizan y disfruten conmigo de la fiesta toda la noche! <\/p>\n\n\n\n<blockquote><p><strong>El Fin de Semana Familiar de Fundaci\u00f3n MIR \u2013 Programa de Eventos<\/strong><\/p><p><strong>Torneo de Tenis<br>\nCosto:&nbsp;<\/strong>US$225 (incluye entrada a la cena-bailable)&nbsp;y solo US$50 para los ni\u00f1os!<strong><br>\nD\u00f3nde:&nbsp;<\/strong>Club de Tennis&nbsp;La Terraza Tennis, Casa de Campo, La Romana<br>\n<strong>Cu\u00e1ndo:&nbsp;<\/strong>S\u00e1bado 11 de agosto, 9am<strong><br>\n<\/strong><\/p><p><strong>Torneo de Golf<br>\nCosto:&nbsp;<\/strong>US$250&nbsp;(incluye entrada a la cena-bailable)<strong><br>\nD\u00f3nde:&nbsp;<\/strong>La Romana Country Club, Casa de Campo, La Romana<br>\n<strong>Cu\u00e1ndo:&nbsp;<\/strong>S\u00e1bado 11 de agosto, 1pm<\/p><p><strong>Cena y Gala Bailando por la Vida<\/strong><strong><br>\nCosto:&nbsp;<\/strong>US$150 (incluye cena-bailable y after-party)<strong><br>\nD\u00f3nde:<\/strong>&nbsp;Playa Minitas, Casa de Campo, La Romana<br>\n<strong>Cu\u00e1ndo:&nbsp;<\/strong>S\u00e1bado 11 de agosto, 8pm<strong><br>\nMaestra de Ceremonias:&nbsp;<\/strong>Pamela Sued<strong><br>\n<\/strong><\/p><p><strong>After Party con DJ GRINGO!<br>\n<\/strong><strong>Costo:&nbsp;<\/strong>US$50 (o gratis si ya est\u00e1 en la cena)<strong><br>\nD\u00f3nde:&nbsp;<\/strong>Playa Minitas Beach, Casa de Campo, La Romana<br>\n<strong>Cu\u00e1ndo:&nbsp;<\/strong>S\u00e1bado 11 de agosto, 11pm<\/p><p><strong><a href=\"http:\/\/wp.me\/P1kvEy-b9Y\">La Fundaci\u00f3n MIR<\/a><\/strong><\/p><figure><img decoding=\"async\" loading=\"lazy\" class=\"alignright\" title=\"fundacion_MIR\" src=\"https:\/\/i0.wp.com\/casadecampoliving.com\/wp-content\/uploads\/2022\/10\/fundacion_MIR.jpg?resize=144%2C138&amp;ssl=1\" alt=\"\" width=\"144\" height=\"138\"><\/figure><p>La Fundaci\u00f3n MIR lleva m\u00e1s de 20 a\u00f1os contribuyendo con el bienestar social de los sectores despose\u00eddos en La Romana y comunidades cercanas. Ha creado, dise\u00f1ado y mantiene varios proyectos sociales, entre ellos, la Primaria MIR donde se recibe a ni\u00f1os y ni\u00f1as peque\u00f1os a partir de los 5 a\u00f1os de edad; el Polit\u00e9cnico Fundaci\u00f3n MIR, que proporciona educaci\u00f3n desde el 5to grado hasta el 12vo grado, adem\u00e1s de ofrecer carreras t\u00e9cnicas en distintas \u00e1reas; el Polit\u00e9cnico MIR Esperanza, con programas de educaci\u00f3n integral para j\u00f3venes.<\/p><p>Para m\u00e1s informaci\u00f3n o para hacer un donaci\u00f3n visite su sitio de web:&nbsp;<a href=\"http:\/\/www.mirinternational.org\/\">www.<strong>mir<\/strong>international.org<br>\n<\/a>Contacto: 809-523-8270 or 561-366-5095<\/p><p><a href=\"http:\/\/wp.me\/P1kvEy-b9Y\">Para m\u00e1s leer m\u00e1s art\u00edculos y obtener m\u00e1s informaciones sobre la Fundaci\u00f3n MIR haga click aqu\u00ed!<\/a><\/p><\/blockquote>\n","protected":false},"excerpt":{"rendered":"<p>Este s\u00e1bado 11 de agosto, el destacado DJ Gringo desde Miami, regresar\u00e1 a Casa de Campo para el After-Party del evento del Fin de Semana Familiar de la Fundaci\u00f3n MIR. Super excited about dancing the night away with our favorite DJ Gringo, we caught up with him for a mini-interview \u2013 to let you know [&hellip;]<\/p>\n","protected":false},"author":31,"featured_media":260747,"comment_status":"closed","ping_status":"closed","sticky":false,"template":"","format":"standard","meta":{"newspack_ads_suppress_ads":false,"newspack_popups_has_disabled_popups":false,"newspack_sponsor_sponsorship_scope":"","newspack_sponsor_native_byline_display":"inherit","newspack_sponsor_native_category_display":"inherit","newspack_sponsor_underwriter_style":"inherit","newspack_sponsor_underwriter_placement":"inherit","_newspack_byline_active":false,"_newspack_byline":"","newspack_hide_updated_date":false,"newspack_show_updated_date":false,"newspack_content_restriction_is_exempt":false,"newspack_featured_image_position":"","newspack_post_subtitle":"","newspack_article_summary_title":"Overview:","newspack_article_summary":"","_jetpack_memberships_contains_paid_content":false,"footnotes":"","jetpack_publicize_message":"","jetpack_publicize_feature_enabled":true,"jetpack_social_post_already_shared":false,"jetpack_social_options":{"image_generator_settings":{"template":"highway","default_image_id":0,"font":"","enabled":false},"version":2},"_wpas_customize_per_network":false},"categories":[14629,2522,2515,2514,14625,14627,2501],"tags":[1346,4924,24715],"newspack_spnsrs_tax":[],"class_list":["post-339551","post","type-post","status-publish","format-standard","has-post-thumbnail","hentry","category-comidas-bebidas","category-eventos-es","category-fundacion-mir-es","category-fundaciones-es","category-noticias-locales","category-proximamente","category-vida-nocturna-es","tag-dj-gringo","tag-fin-de-semana-familiar-2012","tag-fundacion-mir-es","entry"],"yoast_head":"<!-- This site is optimized with the Yoast SEO plugin v27.5 - https:\/\/yoast.com\/product\/yoast-seo-wordpress\/ -->\n<title>Fiesta con DJ Gringo en el After-Party de MIR este s\u00e1bado 11 de agosto por solo US$50! | Casa de Campo Living<\/title>\n<meta name=\"description\" content=\"Este s\u00e1bado 11 de agosto, el destacado DJ Gringo desde Miami, regresar\u00e1 a Casa de Campo para el After-Party del evento del Fin de Semana Familiar de la\" \/>\n<meta name=\"robots\" content=\"index, follow, max-snippet:-1, max-image-preview:large, max-video-preview:-1\" \/>\n<link rel=\"canonical\" href=\"https:\/\/casadecampoliving.com\/es\/fiesta-con-dj-gringo-en-el-after-party-de-mir-este-sabado-11-de-agosto-por-solo-us50-2\/\" \/>\n<meta property=\"og:locale\" content=\"es_ES\" \/>\n<meta property=\"og:type\" content=\"article\" \/>\n<meta property=\"og:title\" content=\"Fiesta con DJ Gringo en el After-Party de MIR este s\u00e1bado 11 de agosto por solo US$50! | Casa de Campo Living\" \/>\n<meta property=\"og:description\" content=\"Este s\u00e1bado 11 de agosto, el destacado DJ Gringo desde Miami, regresar\u00e1 a Casa de Campo para el After-Party del evento del Fin de Semana Familiar de la\" \/>\n<meta property=\"og:url\" content=\"https:\/\/casadecampoliving.com\/es\/fiesta-con-dj-gringo-en-el-after-party-de-mir-este-sabado-11-de-agosto-por-solo-us50-2\/\" \/>\n<meta property=\"og:site_name\" content=\"Casa de Campo Living\" \/>\n<meta property=\"article:publisher\" content=\"https:\/\/www.facebook.com\/casadecampoliving\" \/>\n<meta property=\"article:published_time\" content=\"2012-08-09T04:00:00+00:00\" \/>\n<meta property=\"article:modified_time\" content=\"2022-10-21T22:47:55+00:00\" \/>\n<meta property=\"og:image\" content=\"https:\/\/i0.wp.com\/casadecampoliving.com\/wp-content\/uploads\/2022\/10\/Fundacion_MIR_casa_de_campo-5.jpg?fit=650%2C344&ssl=1\" \/>\n\t<meta property=\"og:image:width\" content=\"650\" \/>\n\t<meta property=\"og:image:height\" content=\"344\" \/>\n\t<meta property=\"og:image:type\" content=\"image\/jpeg\" \/>\n<meta name=\"author\" content=\"Rebecca Silvestri\" \/>\n<meta name=\"twitter:card\" content=\"summary_large_image\" \/>\n<meta name=\"twitter:creator\" content=\"@cdcliving\" \/>\n<meta name=\"twitter:site\" content=\"@cdcliving\" \/>\n<meta name=\"twitter:label1\" content=\"Escrito por\" \/>\n\t<meta name=\"twitter:data1\" content=\"Rebecca Silvestri\" \/>\n\t<meta name=\"twitter:label2\" content=\"Tiempo de lectura\" \/>\n\t<meta name=\"twitter:data2\" content=\"3 minutos\" \/>\n<script type=\"application\/ld+json\" class=\"yoast-schema-graph\">{\"@context\":\"https:\\\/\\\/schema.org\",\"@graph\":[{\"@type\":\"Article\",\"@id\":\"https:\\\/\\\/casadecampoliving.com\\\/es\\\/fiesta-con-dj-gringo-en-el-after-party-de-mir-este-sabado-11-de-agosto-por-solo-us50-2\\\/#article\",\"isPartOf\":{\"@id\":\"https:\\\/\\\/casadecampoliving.com\\\/es\\\/fiesta-con-dj-gringo-en-el-after-party-de-mir-este-sabado-11-de-agosto-por-solo-us50-2\\\/\"},\"author\":{\"name\":\"Rebecca Silvestri\",\"@id\":\"https:\\\/\\\/casadecampoliving.com\\\/es\\\/#\\\/schema\\\/person\\\/2b2208f3175fa8761e25b272e096d718\"},\"headline\":\"Fiesta con DJ Gringo en el After-Party de MIR este s\u00e1bado 11 de agosto por solo US$50!\",\"datePublished\":\"2012-08-09T04:00:00+00:00\",\"dateModified\":\"2022-10-21T22:47:55+00:00\",\"mainEntityOfPage\":{\"@id\":\"https:\\\/\\\/casadecampoliving.com\\\/es\\\/fiesta-con-dj-gringo-en-el-after-party-de-mir-este-sabado-11-de-agosto-por-solo-us50-2\\\/\"},\"wordCount\":679,\"publisher\":{\"@id\":\"https:\\\/\\\/casadecampoliving.com\\\/es\\\/#organization\"},\"image\":{\"@id\":\"https:\\\/\\\/casadecampoliving.com\\\/es\\\/fiesta-con-dj-gringo-en-el-after-party-de-mir-este-sabado-11-de-agosto-por-solo-us50-2\\\/#primaryimage\"},\"thumbnailUrl\":\"https:\\\/\\\/i0.wp.com\\\/casadecampoliving.com\\\/wp-content\\\/uploads\\\/2022\\\/10\\\/Fundacion_MIR_casa_de_campo-5.jpg?fit=650%2C344&ssl=1\",\"keywords\":[\"DJ gringo\",\"fin de semana familiar 2012\",\"Fundacion MIR\"],\"articleSection\":[\"Comidas &amp; Bebidas\",\"Eventos\",\"Fundaci\u00f3n MIR @es\",\"Fundaciones\",\"Noticias Locales\",\"Proximamente\",\"Vida Nocturna\"],\"inLanguage\":\"es\"},{\"@type\":\"WebPage\",\"@id\":\"https:\\\/\\\/casadecampoliving.com\\\/es\\\/fiesta-con-dj-gringo-en-el-after-party-de-mir-este-sabado-11-de-agosto-por-solo-us50-2\\\/\",\"url\":\"https:\\\/\\\/casadecampoliving.com\\\/es\\\/fiesta-con-dj-gringo-en-el-after-party-de-mir-este-sabado-11-de-agosto-por-solo-us50-2\\\/\",\"name\":\"Fiesta con DJ Gringo en el After-Party de MIR este s\u00e1bado 11 de agosto por solo US$50! | Casa de Campo Living\",\"isPartOf\":{\"@id\":\"https:\\\/\\\/casadecampoliving.com\\\/es\\\/#website\"},\"primaryImageOfPage\":{\"@id\":\"https:\\\/\\\/casadecampoliving.com\\\/es\\\/fiesta-con-dj-gringo-en-el-after-party-de-mir-este-sabado-11-de-agosto-por-solo-us50-2\\\/#primaryimage\"},\"image\":{\"@id\":\"https:\\\/\\\/casadecampoliving.com\\\/es\\\/fiesta-con-dj-gringo-en-el-after-party-de-mir-este-sabado-11-de-agosto-por-solo-us50-2\\\/#primaryimage\"},\"thumbnailUrl\":\"https:\\\/\\\/i0.wp.com\\\/casadecampoliving.com\\\/wp-content\\\/uploads\\\/2022\\\/10\\\/Fundacion_MIR_casa_de_campo-5.jpg?fit=650%2C344&ssl=1\",\"datePublished\":\"2012-08-09T04:00:00+00:00\",\"dateModified\":\"2022-10-21T22:47:55+00:00\",\"description\":\"Este s\u00e1bado 11 de agosto, el destacado DJ Gringo desde Miami, regresar\u00e1 a Casa de Campo para el After-Party del evento del Fin de Semana Familiar de la\",\"breadcrumb\":{\"@id\":\"https:\\\/\\\/casadecampoliving.com\\\/es\\\/fiesta-con-dj-gringo-en-el-after-party-de-mir-este-sabado-11-de-agosto-por-solo-us50-2\\\/#breadcrumb\"},\"inLanguage\":\"es\",\"potentialAction\":[{\"@type\":\"ReadAction\",\"target\":[\"https:\\\/\\\/casadecampoliving.com\\\/es\\\/fiesta-con-dj-gringo-en-el-after-party-de-mir-este-sabado-11-de-agosto-por-solo-us50-2\\\/\"]}]},{\"@type\":\"ImageObject\",\"inLanguage\":\"es\",\"@id\":\"https:\\\/\\\/casadecampoliving.com\\\/es\\\/fiesta-con-dj-gringo-en-el-after-party-de-mir-este-sabado-11-de-agosto-por-solo-us50-2\\\/#primaryimage\",\"url\":\"https:\\\/\\\/i0.wp.com\\\/casadecampoliving.com\\\/wp-content\\\/uploads\\\/2022\\\/10\\\/Fundacion_MIR_casa_de_campo-5.jpg?fit=650%2C344&ssl=1\",\"contentUrl\":\"https:\\\/\\\/i0.wp.com\\\/casadecampoliving.com\\\/wp-content\\\/uploads\\\/2022\\\/10\\\/Fundacion_MIR_casa_de_campo-5.jpg?fit=650%2C344&ssl=1\",\"width\":650,\"height\":344,\"caption\":\"fundacion MIR casa de campo party\"},{\"@type\":\"BreadcrumbList\",\"@id\":\"https:\\\/\\\/casadecampoliving.com\\\/es\\\/fiesta-con-dj-gringo-en-el-after-party-de-mir-este-sabado-11-de-agosto-por-solo-us50-2\\\/#breadcrumb\",\"itemListElement\":[{\"@type\":\"ListItem\",\"position\":1,\"name\":\"Home\",\"item\":\"https:\\\/\\\/casadecampoliving.com\\\/es\\\/\"},{\"@type\":\"ListItem\",\"position\":2,\"name\":\"Fiesta con DJ Gringo en el After-Party de MIR este s\u00e1bado 11 de agosto por solo US$50!\"}]},{\"@type\":\"WebSite\",\"@id\":\"https:\\\/\\\/casadecampoliving.com\\\/es\\\/#website\",\"url\":\"https:\\\/\\\/casadecampoliving.com\\\/es\\\/\",\"name\":\"Casa de Campo Living\",\"description\":\"Resort community news and resources.\",\"publisher\":{\"@id\":\"https:\\\/\\\/casadecampoliving.com\\\/es\\\/#organization\"},\"potentialAction\":[{\"@type\":\"SearchAction\",\"target\":{\"@type\":\"EntryPoint\",\"urlTemplate\":\"https:\\\/\\\/casadecampoliving.com\\\/es\\\/?s={search_term_string}\"},\"query-input\":{\"@type\":\"PropertyValueSpecification\",\"valueRequired\":true,\"valueName\":\"search_term_string\"}}],\"inLanguage\":\"es\"},{\"@type\":\"Organization\",\"@id\":\"https:\\\/\\\/casadecampoliving.com\\\/es\\\/#organization\",\"name\":\"Casa de Campo Living\",\"url\":\"https:\\\/\\\/casadecampoliving.com\\\/es\\\/\",\"logo\":{\"@type\":\"ImageObject\",\"inLanguage\":\"es\",\"@id\":\"https:\\\/\\\/casadecampoliving.com\\\/es\\\/#\\\/schema\\\/logo\\\/image\\\/\",\"url\":\"https:\\\/\\\/i0.wp.com\\\/casadecampoliving.com\\\/wp-content\\\/uploads\\\/2022\\\/07\\\/CDCLivingLogo_V1-white-sized.png?fit=800%2C214&ssl=1\",\"contentUrl\":\"https:\\\/\\\/i0.wp.com\\\/casadecampoliving.com\\\/wp-content\\\/uploads\\\/2022\\\/07\\\/CDCLivingLogo_V1-white-sized.png?fit=800%2C214&ssl=1\",\"width\":800,\"height\":214,\"caption\":\"Casa de Campo Living\"},\"image\":{\"@id\":\"https:\\\/\\\/casadecampoliving.com\\\/es\\\/#\\\/schema\\\/logo\\\/image\\\/\"},\"sameAs\":[\"https:\\\/\\\/www.facebook.com\\\/casadecampoliving\",\"https:\\\/\\\/x.com\\\/cdcliving\"]},{\"@type\":\"Person\",\"@id\":\"https:\\\/\\\/casadecampoliving.com\\\/es\\\/#\\\/schema\\\/person\\\/2b2208f3175fa8761e25b272e096d718\",\"name\":\"Rebecca Silvestri\",\"image\":{\"@type\":\"ImageObject\",\"inLanguage\":\"es\",\"@id\":\"https:\\\/\\\/secure.gravatar.com\\\/avatar\\\/2d937fd6c1769fb718dbf8dce9e82bf5f89e97bd028f9b3ea10b931dc7df95c6?s=96&d=mm&r=g\",\"url\":\"https:\\\/\\\/secure.gravatar.com\\\/avatar\\\/2d937fd6c1769fb718dbf8dce9e82bf5f89e97bd028f9b3ea10b931dc7df95c6?s=96&d=mm&r=g\",\"contentUrl\":\"https:\\\/\\\/secure.gravatar.com\\\/avatar\\\/2d937fd6c1769fb718dbf8dce9e82bf5f89e97bd028f9b3ea10b931dc7df95c6?s=96&d=mm&r=g\",\"caption\":\"Rebecca Silvestri\"},\"url\":\"https:\\\/\\\/casadecampoliving.com\\\/es\\\/author\\\/madamehuge\\\/\"}]}<\/script>\n<!-- \/ Yoast SEO plugin. -->","yoast_head_json":{"title":"Fiesta con DJ Gringo en el After-Party de MIR este s\u00e1bado 11 de agosto por solo US$50! | Casa de Campo Living","description":"Este s\u00e1bado 11 de agosto, el destacado DJ Gringo desde Miami, regresar\u00e1 a Casa de Campo para el After-Party del evento del Fin de Semana Familiar de la","robots":{"index":"index","follow":"follow","max-snippet":"max-snippet:-1","max-image-preview":"max-image-preview:large","max-video-preview":"max-video-preview:-1"},"canonical":"https:\/\/casadecampoliving.com\/es\/fiesta-con-dj-gringo-en-el-after-party-de-mir-este-sabado-11-de-agosto-por-solo-us50-2\/","og_locale":"es_ES","og_type":"article","og_title":"Fiesta con DJ Gringo en el After-Party de MIR este s\u00e1bado 11 de agosto por solo US$50! | Casa de Campo Living","og_description":"Este s\u00e1bado 11 de agosto, el destacado DJ Gringo desde Miami, regresar\u00e1 a Casa de Campo para el After-Party del evento del Fin de Semana Familiar de la","og_url":"https:\/\/casadecampoliving.com\/es\/fiesta-con-dj-gringo-en-el-after-party-de-mir-este-sabado-11-de-agosto-por-solo-us50-2\/","og_site_name":"Casa de Campo Living","article_publisher":"https:\/\/www.facebook.com\/casadecampoliving","article_published_time":"2012-08-09T04:00:00+00:00","article_modified_time":"2022-10-21T22:47:55+00:00","og_image":[{"width":650,"height":344,"url":"https:\/\/i0.wp.com\/casadecampoliving.com\/wp-content\/uploads\/2022\/10\/Fundacion_MIR_casa_de_campo-5.jpg?fit=650%2C344&ssl=1","type":"image\/jpeg"}],"author":"Rebecca Silvestri","twitter_card":"summary_large_image","twitter_creator":"@cdcliving","twitter_site":"@cdcliving","twitter_misc":{"Escrito por":"Rebecca Silvestri","Tiempo de lectura":"3 minutos"},"schema":{"@context":"https:\/\/schema.org","@graph":[{"@type":"Article","@id":"https:\/\/casadecampoliving.com\/es\/fiesta-con-dj-gringo-en-el-after-party-de-mir-este-sabado-11-de-agosto-por-solo-us50-2\/#article","isPartOf":{"@id":"https:\/\/casadecampoliving.com\/es\/fiesta-con-dj-gringo-en-el-after-party-de-mir-este-sabado-11-de-agosto-por-solo-us50-2\/"},"author":{"name":"Rebecca Silvestri","@id":"https:\/\/casadecampoliving.com\/es\/#\/schema\/person\/2b2208f3175fa8761e25b272e096d718"},"headline":"Fiesta con DJ Gringo en el After-Party de MIR este s\u00e1bado 11 de agosto por solo US$50!","datePublished":"2012-08-09T04:00:00+00:00","dateModified":"2022-10-21T22:47:55+00:00","mainEntityOfPage":{"@id":"https:\/\/casadecampoliving.com\/es\/fiesta-con-dj-gringo-en-el-after-party-de-mir-este-sabado-11-de-agosto-por-solo-us50-2\/"},"wordCount":679,"publisher":{"@id":"https:\/\/casadecampoliving.com\/es\/#organization"},"image":{"@id":"https:\/\/casadecampoliving.com\/es\/fiesta-con-dj-gringo-en-el-after-party-de-mir-este-sabado-11-de-agosto-por-solo-us50-2\/#primaryimage"},"thumbnailUrl":"https:\/\/i0.wp.com\/casadecampoliving.com\/wp-content\/uploads\/2022\/10\/Fundacion_MIR_casa_de_campo-5.jpg?fit=650%2C344&ssl=1","keywords":["DJ gringo","fin de semana familiar 2012","Fundacion MIR"],"articleSection":["Comidas &amp; Bebidas","Eventos","Fundaci\u00f3n MIR @es","Fundaciones","Noticias Locales","Proximamente","Vida Nocturna"],"inLanguage":"es"},{"@type":"WebPage","@id":"https:\/\/casadecampoliving.com\/es\/fiesta-con-dj-gringo-en-el-after-party-de-mir-este-sabado-11-de-agosto-por-solo-us50-2\/","url":"https:\/\/casadecampoliving.com\/es\/fiesta-con-dj-gringo-en-el-after-party-de-mir-este-sabado-11-de-agosto-por-solo-us50-2\/","name":"Fiesta con DJ Gringo en el After-Party de MIR este s\u00e1bado 11 de agosto por solo US$50! | Casa de Campo Living","isPartOf":{"@id":"https:\/\/casadecampoliving.com\/es\/#website"},"primaryImageOfPage":{"@id":"https:\/\/casadecampoliving.com\/es\/fiesta-con-dj-gringo-en-el-after-party-de-mir-este-sabado-11-de-agosto-por-solo-us50-2\/#primaryimage"},"image":{"@id":"https:\/\/casadecampoliving.com\/es\/fiesta-con-dj-gringo-en-el-after-party-de-mir-este-sabado-11-de-agosto-por-solo-us50-2\/#primaryimage"},"thumbnailUrl":"https:\/\/i0.wp.com\/casadecampoliving.com\/wp-content\/uploads\/2022\/10\/Fundacion_MIR_casa_de_campo-5.jpg?fit=650%2C344&ssl=1","datePublished":"2012-08-09T04:00:00+00:00","dateModified":"2022-10-21T22:47:55+00:00","description":"Este s\u00e1bado 11 de agosto, el destacado DJ Gringo desde Miami, regresar\u00e1 a Casa de Campo para el After-Party del evento del Fin de Semana Familiar de la","breadcrumb":{"@id":"https:\/\/casadecampoliving.com\/es\/fiesta-con-dj-gringo-en-el-after-party-de-mir-este-sabado-11-de-agosto-por-solo-us50-2\/#breadcrumb"},"inLanguage":"es","potentialAction":[{"@type":"ReadAction","target":["https:\/\/casadecampoliving.com\/es\/fiesta-con-dj-gringo-en-el-after-party-de-mir-este-sabado-11-de-agosto-por-solo-us50-2\/"]}]},{"@type":"ImageObject","inLanguage":"es","@id":"https:\/\/casadecampoliving.com\/es\/fiesta-con-dj-gringo-en-el-after-party-de-mir-este-sabado-11-de-agosto-por-solo-us50-2\/#primaryimage","url":"https:\/\/i0.wp.com\/casadecampoliving.com\/wp-content\/uploads\/2022\/10\/Fundacion_MIR_casa_de_campo-5.jpg?fit=650%2C344&ssl=1","contentUrl":"https:\/\/i0.wp.com\/casadecampoliving.com\/wp-content\/uploads\/2022\/10\/Fundacion_MIR_casa_de_campo-5.jpg?fit=650%2C344&ssl=1","width":650,"height":344,"caption":"fundacion MIR casa de campo party"},{"@type":"BreadcrumbList","@id":"https:\/\/casadecampoliving.com\/es\/fiesta-con-dj-gringo-en-el-after-party-de-mir-este-sabado-11-de-agosto-por-solo-us50-2\/#breadcrumb","itemListElement":[{"@type":"ListItem","position":1,"name":"Home","item":"https:\/\/casadecampoliving.com\/es\/"},{"@type":"ListItem","position":2,"name":"Fiesta con DJ Gringo en el After-Party de MIR este s\u00e1bado 11 de agosto por solo US$50!"}]},{"@type":"WebSite","@id":"https:\/\/casadecampoliving.com\/es\/#website","url":"https:\/\/casadecampoliving.com\/es\/","name":"Casa de Campo Living","description":"Resort community news and resources.","publisher":{"@id":"https:\/\/casadecampoliving.com\/es\/#organization"},"potentialAction":[{"@type":"SearchAction","target":{"@type":"EntryPoint","urlTemplate":"https:\/\/casadecampoliving.com\/es\/?s={search_term_string}"},"query-input":{"@type":"PropertyValueSpecification","valueRequired":true,"valueName":"search_term_string"}}],"inLanguage":"es"},{"@type":"Organization","@id":"https:\/\/casadecampoliving.com\/es\/#organization","name":"Casa de Campo Living","url":"https:\/\/casadecampoliving.com\/es\/","logo":{"@type":"ImageObject","inLanguage":"es","@id":"https:\/\/casadecampoliving.com\/es\/#\/schema\/logo\/image\/","url":"https:\/\/i0.wp.com\/casadecampoliving.com\/wp-content\/uploads\/2022\/07\/CDCLivingLogo_V1-white-sized.png?fit=800%2C214&ssl=1","contentUrl":"https:\/\/i0.wp.com\/casadecampoliving.com\/wp-content\/uploads\/2022\/07\/CDCLivingLogo_V1-white-sized.png?fit=800%2C214&ssl=1","width":800,"height":214,"caption":"Casa de Campo Living"},"image":{"@id":"https:\/\/casadecampoliving.com\/es\/#\/schema\/logo\/image\/"},"sameAs":["https:\/\/www.facebook.com\/casadecampoliving","https:\/\/x.com\/cdcliving"]},{"@type":"Person","@id":"https:\/\/casadecampoliving.com\/es\/#\/schema\/person\/2b2208f3175fa8761e25b272e096d718","name":"Rebecca Silvestri","image":{"@type":"ImageObject","inLanguage":"es","@id":"https:\/\/secure.gravatar.com\/avatar\/2d937fd6c1769fb718dbf8dce9e82bf5f89e97bd028f9b3ea10b931dc7df95c6?s=96&d=mm&r=g","url":"https:\/\/secure.gravatar.com\/avatar\/2d937fd6c1769fb718dbf8dce9e82bf5f89e97bd028f9b3ea10b931dc7df95c6?s=96&d=mm&r=g","contentUrl":"https:\/\/secure.gravatar.com\/avatar\/2d937fd6c1769fb718dbf8dce9e82bf5f89e97bd028f9b3ea10b931dc7df95c6?s=96&d=mm&r=g","caption":"Rebecca Silvestri"},"url":"https:\/\/casadecampoliving.com\/es\/author\/madamehuge\/"}]}},"parsely":{"version":"1.1.0","canonical_url":"https:\/\/casadecampoliving.com\/es\/fiesta-con-dj-gringo-en-el-after-party-de-mir-este-sabado-11-de-agosto-por-solo-us50-2\/","smart_links":{"inbound":0,"outbound":0},"traffic_boost_suggestions_count":0,"meta":{"@context":"https:\/\/schema.org","@type":"NewsArticle","headline":"Fiesta con DJ Gringo en el After-Party de MIR este s\u00e1bado 11 de agosto por solo US$50!","url":"http:\/\/casadecampoliving.com\/es\/fiesta-con-dj-gringo-en-el-after-party-de-mir-este-sabado-11-de-agosto-por-solo-us50-2\/","mainEntityOfPage":{"@type":"WebPage","@id":"http:\/\/casadecampoliving.com\/es\/fiesta-con-dj-gringo-en-el-after-party-de-mir-este-sabado-11-de-agosto-por-solo-us50-2\/"},"thumbnailUrl":"https:\/\/i0.wp.com\/casadecampoliving.com\/wp-content\/uploads\/2022\/10\/Fundacion_MIR_casa_de_campo-5.jpg?resize=150%2C150&ssl=1","image":{"@type":"ImageObject","url":"https:\/\/i0.wp.com\/casadecampoliving.com\/wp-content\/uploads\/2022\/10\/Fundacion_MIR_casa_de_campo-5.jpg?fit=650%2C344&ssl=1"},"articleSection":"Comidas &amp; Bebidas","author":[{"@type":"Person","name":"Rebecca Silvestri"}],"creator":["Rebecca Silvestri"],"publisher":{"@type":"Organization","name":"Casa de Campo Living","logo":"https:\/\/casadecampoliving.com\/wp-content\/uploads\/2022\/07\/CDCLivingLogo_V1-white-sized.png"},"keywords":["dj gringo","fin de semana familiar 2012","fundacion mir"],"dateCreated":"2012-08-09T04:00:00Z","datePublished":"2012-08-09T04:00:00Z","dateModified":"2022-10-21T22:47:55Z"},"rendered":"<script type=\"application\/ld+json\" class=\"wp-parsely-metadata\">{\"@context\":\"https:\\\/\\\/schema.org\",\"@type\":\"NewsArticle\",\"headline\":\"Fiesta con DJ Gringo en el After-Party de MIR este s\\u00e1bado 11 de agosto por solo US$50!\",\"url\":\"http:\\\/\\\/casadecampoliving.com\\\/es\\\/fiesta-con-dj-gringo-en-el-after-party-de-mir-este-sabado-11-de-agosto-por-solo-us50-2\\\/\",\"mainEntityOfPage\":{\"@type\":\"WebPage\",\"@id\":\"http:\\\/\\\/casadecampoliving.com\\\/es\\\/fiesta-con-dj-gringo-en-el-after-party-de-mir-este-sabado-11-de-agosto-por-solo-us50-2\\\/\"},\"thumbnailUrl\":\"https:\\\/\\\/i0.wp.com\\\/casadecampoliving.com\\\/wp-content\\\/uploads\\\/2022\\\/10\\\/Fundacion_MIR_casa_de_campo-5.jpg?resize=150%2C150&ssl=1\",\"image\":{\"@type\":\"ImageObject\",\"url\":\"https:\\\/\\\/i0.wp.com\\\/casadecampoliving.com\\\/wp-content\\\/uploads\\\/2022\\\/10\\\/Fundacion_MIR_casa_de_campo-5.jpg?fit=650%2C344&ssl=1\"},\"articleSection\":\"Comidas &amp; Bebidas\",\"author\":[{\"@type\":\"Person\",\"name\":\"Rebecca Silvestri\"}],\"creator\":[\"Rebecca Silvestri\"],\"publisher\":{\"@type\":\"Organization\",\"name\":\"Casa de Campo Living\",\"logo\":\"https:\\\/\\\/casadecampoliving.com\\\/wp-content\\\/uploads\\\/2022\\\/07\\\/CDCLivingLogo_V1-white-sized.png\"},\"keywords\":[\"dj gringo\",\"fin de semana familiar 2012\",\"fundacion mir\"],\"dateCreated\":\"2012-08-09T04:00:00Z\",\"datePublished\":\"2012-08-09T04:00:00Z\",\"dateModified\":\"2022-10-21T22:47:55Z\"}<\/script>","tracker_url":"https:\/\/cdn.parsely.com\/keys\/casadecampoliving.com\/p.js"},"jetpack_publicize_connections":[],"jetpack_featured_media_url":"https:\/\/i0.wp.com\/casadecampoliving.com\/wp-content\/uploads\/2022\/10\/Fundacion_MIR_casa_de_campo-5.jpg?fit=650%2C344&ssl=1","jetpack-related-posts":[{"id":339237,"url":"https:\/\/casadecampoliving.com\/es\/estan-listos-para-el-fin-de-semana-familiar-de-la-fundacion-mir-sabado-11-de-agosto\/","url_meta":{"origin":339551,"position":0},"title":"\u00bfEst\u00e1n listos para el Fin de Semana Familiar de la Fundaci\u00f3n MIR? S\u00e1bado 11 de agosto","author":"","date":"19 Jun, 2012","format":false,"excerpt":"\u00a0El Fin de Semana Familiar de la Fundaci\u00f3n MIR, uno de los eventos ben\u00e9ficos m\u00e1s glamurosos de Casa de Campo, ser\u00e1 celebrado el pr\u00f3ximo s\u00e1bado 11 de agosto de 2012 \u2013 y contar\u00e1 con el desarrollo de un torneo de tenis, uno de golf, la cena de premiaci\u00f3n \u201cBailando por\u2026","rel":"","context":"En \u00abDeportes\u00bb","block_context":{"text":"Deportes","link":"https:\/\/casadecampoliving.com\/es\/category\/golf-deportes-es\/"},"img":{"alt_text":"fundacion MIR","src":"https:\/\/i0.wp.com\/casadecampoliving.com\/wp-content\/uploads\/2022\/10\/fundacion_MIR-18.jpg?fit=650%2C500&ssl=1&resize=350%2C200","width":350,"height":200,"srcset":"https:\/\/i0.wp.com\/casadecampoliving.com\/wp-content\/uploads\/2022\/10\/fundacion_MIR-18.jpg?fit=650%2C500&ssl=1&resize=350%2C200 1x, https:\/\/i0.wp.com\/casadecampoliving.com\/wp-content\/uploads\/2022\/10\/fundacion_MIR-18.jpg?fit=650%2C500&ssl=1&resize=525%2C300 1.5x"},"classes":[]},{"id":339481,"url":"https:\/\/casadecampoliving.com\/es\/nos-vemos-alli-boletos-para-el-fin-de-semana-familiar-de-fundacion-mir-por-solo-us150\/","url_meta":{"origin":339551,"position":1},"title":"\u00bfNos vemos all\u00ed? Boletos para el Fin de Semana Familiar de Fundaci\u00f3n MIR por solo US$150!","author":"","date":"30 Jul, 2012","format":false,"excerpt":"El pr\u00f3ximo s\u00e1bado 11 de agosto, la Fundaci\u00f3n MIR les invita a apoyar una gran causa, asistiendo al evento \u201cFin de Semana Familiar por la Vida\u201d, uno de los m\u00e1s glamurosos y divertidos de Casa de Campo \u2013 y los boletos solo cuestan US$150! \u00bfNos veremos all\u00ed? Este a\u00f1o, el\u2026","rel":"","context":"En \u00abEventos\u00bb","block_context":{"text":"Eventos","link":"https:\/\/casadecampoliving.com\/es\/category\/eventos-es\/"},"img":{"alt_text":"fundacion_MIR_casa_de_campo","src":"https:\/\/i0.wp.com\/casadecampoliving.com\/wp-content\/uploads\/2022\/10\/Fundacion_MIR_casa_de_campo-3.jpg?fit=565%2C384&ssl=1&resize=350%2C200","width":350,"height":200,"srcset":"https:\/\/i0.wp.com\/casadecampoliving.com\/wp-content\/uploads\/2022\/10\/Fundacion_MIR_casa_de_campo-3.jpg?fit=565%2C384&ssl=1&resize=350%2C200 1x, https:\/\/i0.wp.com\/casadecampoliving.com\/wp-content\/uploads\/2022\/10\/Fundacion_MIR_casa_de_campo-3.jpg?fit=565%2C384&ssl=1&resize=525%2C300 1.5x"},"classes":[]},{"id":350216,"url":"https:\/\/casadecampoliving.com\/es\/fin-de-semana-familiar-fundacion-mir-esta-al-doblar-la-esquina\/","url_meta":{"origin":339551,"position":2},"title":"\u00a1Atencion! \u00a1El Fin de Semana Familiar Fundaci\u00f3n MIR est\u00e1 al doblar la esquina!","author":"Marlenys Guzm\u00e1n Casta\u00f1os","date":"19 Jul, 2016","format":false,"excerpt":"Ya estamos a menos de un mes para celebrar uno de los eventos m\u00e1s esperados del verano, el Fin de Semana Familiar Fundaci\u00f3n MIR, el cual se llevar\u00e1 a cabo por todo el resort Casa de Campo del 12 al 13 de agosto. El Fin de Semana Familiar de Fundaci\u00f3n\u2026","rel":"","context":"En \u00abAltos de Chavon @es\u00bb","block_context":{"text":"Altos de Chavon @es","link":"https:\/\/casadecampoliving.com\/category\/altos-de-chavon-es\/"},"img":{"alt_text":"","src":"https:\/\/i0.wp.com\/casadecampoliving.com\/wp-content\/uploads\/2022\/10\/Fundacio%CC%81n-MIR.jpg?fit=1000%2C600&ssl=1&resize=350%2C200","width":350,"height":200,"srcset":"https:\/\/i0.wp.com\/casadecampoliving.com\/wp-content\/uploads\/2022\/10\/Fundacio%CC%81n-MIR.jpg?fit=1000%2C600&ssl=1&resize=350%2C200 1x, https:\/\/i0.wp.com\/casadecampoliving.com\/wp-content\/uploads\/2022\/10\/Fundacio%CC%81n-MIR.jpg?fit=1000%2C600&ssl=1&resize=525%2C300 1.5x, https:\/\/i0.wp.com\/casadecampoliving.com\/wp-content\/uploads\/2022\/10\/Fundacio%CC%81n-MIR.jpg?fit=1000%2C600&ssl=1&resize=700%2C400 2x"},"classes":[]},{"id":350356,"url":"https:\/\/casadecampoliving.com\/es\/fin-de-semana-familiar-fundacion-mir-2016\/","url_meta":{"origin":339551,"position":3},"title":"\u00a1El fin de semana familiar de la Fundaci\u00f3n MIR comienza ma\u00f1ana! \u00bfEst\u00e1n emocionados?","author":"Marlenys Guzm\u00e1n Casta\u00f1os","date":"11 Ago, 2016","format":false,"excerpt":"El fin de semana familiar de\u00a0la\u00a0Fundaci\u00f3n MIR, uno de los eventos de recaudaci\u00f3n de fondos m\u00e1s populares de Casa de Campo, y es ESTE\u00a0fin de semana \u2013 12 y 13 de agosto, y como de costumbre incluir\u00e1 torneos de tenis y golf, una cl\u00ednica de tenis para los ni\u00f1os y\u2026","rel":"","context":"En \u00abCountry Club La Romana\u00bb","block_context":{"text":"Country Club La Romana","link":"https:\/\/casadecampoliving.com\/es\/category\/country-club-la-romana-es\/"},"img":{"alt_text":"","src":"https:\/\/i0.wp.com\/casadecampoliving.com\/wp-content\/uploads\/2022\/10\/DSC_0650-1.jpg?fit=1000%2C667&ssl=1&resize=350%2C200","width":350,"height":200,"srcset":"https:\/\/i0.wp.com\/casadecampoliving.com\/wp-content\/uploads\/2022\/10\/DSC_0650-1.jpg?fit=1000%2C667&ssl=1&resize=350%2C200 1x, https:\/\/i0.wp.com\/casadecampoliving.com\/wp-content\/uploads\/2022\/10\/DSC_0650-1.jpg?fit=1000%2C667&ssl=1&resize=525%2C300 1.5x, https:\/\/i0.wp.com\/casadecampoliving.com\/wp-content\/uploads\/2022\/10\/DSC_0650-1.jpg?fit=1000%2C667&ssl=1&resize=700%2C400 2x"},"classes":[]},{"id":349714,"url":"https:\/\/casadecampoliving.com\/es\/fecha-fin-de-semana-familiar-2016-fundacion-mir\/","url_meta":{"origin":339551,"position":4},"title":"\u00a1Ya tenemos fecha para el Fin de Semana Familiar por la Vida 2016 de la Fundaci\u00f3n MIR!","author":"Anna Pavilsova","date":"3 May, 2016","format":false,"excerpt":"Parece que fue ayer que celebramos el Fin de Semana Familiar por la Vida de Fundaci\u00f3n MIR 2015 con un fabuloso torneo de golf, torneo de tenis \u00a1y una gala! Bueno el tiempo vuela, porque ya estamos preparando nuestros palos de golf, raquetas y trajes de fiesta para el Fin\u2026","rel":"","context":"En \u00abDeportes\u00bb","block_context":{"text":"Deportes","link":"https:\/\/casadecampoliving.com\/es\/category\/golf-deportes-es\/"},"img":{"alt_text":"","src":"https:\/\/i0.wp.com\/casadecampoliving.com\/wp-content\/uploads\/2022\/10\/DSC_5715-e1462308722736.jpg?fit=1000%2C662&ssl=1&resize=350%2C200","width":350,"height":200,"srcset":"https:\/\/i0.wp.com\/casadecampoliving.com\/wp-content\/uploads\/2022\/10\/DSC_5715-e1462308722736.jpg?fit=1000%2C662&ssl=1&resize=350%2C200 1x, https:\/\/i0.wp.com\/casadecampoliving.com\/wp-content\/uploads\/2022\/10\/DSC_5715-e1462308722736.jpg?fit=1000%2C662&ssl=1&resize=525%2C300 1.5x, https:\/\/i0.wp.com\/casadecampoliving.com\/wp-content\/uploads\/2022\/10\/DSC_5715-e1462308722736.jpg?fit=1000%2C662&ssl=1&resize=700%2C400 2x"},"classes":[]},{"id":339575,"url":"https:\/\/casadecampoliving.com\/es\/el-fin-de-semana-familiar-de-la-fundacion-mir-una-esplendida-celebracion\/","url_meta":{"origin":339551,"position":5},"title":"El Fin de Semana Familiar de la Fundaci\u00f3n MIR &#8211; una espl\u00e9ndida celebraci\u00f3n!","author":"","date":"13 Ago, 2012","format":false,"excerpt":"No estuvo maravilloso? Bendecido con el m\u00e1s hermoso d\u00eda soleado y la noche m\u00e1s brillante, el Fin de Semana Familiar de la Fundaci\u00f3n MIR que, cada a\u00f1o se realiza con el prop\u00f3sito de recaudar fondos para las tres escuelas de MIR en La Romana \u2013 fue sencillamente espl\u00e9ndido. Con un\u2026","rel":"","context":"En \u00abDeportes\u00bb","block_context":{"text":"Deportes","link":"https:\/\/casadecampoliving.com\/es\/category\/golf-deportes-es\/"},"img":{"alt_text":"fundacion MIR","src":"https:\/\/i0.wp.com\/casadecampoliving.com\/wp-content\/uploads\/2022\/10\/fundacion_MIR2-6.jpg?fit=650%2C487&ssl=1&resize=350%2C200","width":350,"height":200,"srcset":"https:\/\/i0.wp.com\/casadecampoliving.com\/wp-content\/uploads\/2022\/10\/fundacion_MIR2-6.jpg?fit=650%2C487&ssl=1&resize=350%2C200 1x, https:\/\/i0.wp.com\/casadecampoliving.com\/wp-content\/uploads\/2022\/10\/fundacion_MIR2-6.jpg?fit=650%2C487&ssl=1&resize=525%2C300 1.5x"},"classes":[]}],"jetpack_sharing_enabled":true,"_links":{"self":[{"href":"https:\/\/casadecampoliving.com\/es\/wp-json\/wp\/v2\/posts\/339551","targetHints":{"allow":["GET"]}}],"collection":[{"href":"https:\/\/casadecampoliving.com\/es\/wp-json\/wp\/v2\/posts"}],"about":[{"href":"https:\/\/casadecampoliving.com\/es\/wp-json\/wp\/v2\/types\/post"}],"author":[{"embeddable":true,"href":"https:\/\/casadecampoliving.com\/es\/wp-json\/wp\/v2\/users\/31"}],"replies":[{"embeddable":true,"href":"https:\/\/casadecampoliving.com\/es\/wp-json\/wp\/v2\/comments?post=339551"}],"version-history":[{"count":1,"href":"https:\/\/casadecampoliving.com\/es\/wp-json\/wp\/v2\/posts\/339551\/revisions"}],"predecessor-version":[{"id":339554,"href":"https:\/\/casadecampoliving.com\/es\/wp-json\/wp\/v2\/posts\/339551\/revisions\/339554"}],"wp:featuredmedia":[{"embeddable":true,"href":"https:\/\/casadecampoliving.com\/es\/wp-json\/wp\/v2\/media\/260747"}],"wp:attachment":[{"href":"https:\/\/casadecampoliving.com\/es\/wp-json\/wp\/v2\/media?parent=339551"}],"wp:term":[{"taxonomy":"category","embeddable":true,"href":"https:\/\/casadecampoliving.com\/es\/wp-json\/wp\/v2\/categories?post=339551"},{"taxonomy":"post_tag","embeddable":true,"href":"https:\/\/casadecampoliving.com\/es\/wp-json\/wp\/v2\/tags?post=339551"},{"taxonomy":"newspack_spnsrs_tax","embeddable":true,"href":"https:\/\/casadecampoliving.com\/es\/wp-json\/wp\/v2\/newspack_spnsrs_tax?post=339551"}],"curies":[{"name":"wp","href":"https:\/\/api.w.org\/{rel}","templated":true}]}}