{"id":339535,"date":"2012-08-28T00:00:00","date_gmt":"2012-08-28T04:00:00","guid":{"rendered":"https:\/\/casadecampoliving.com\/jenny-polanco-abrira-un-cafe-en-altos-de-chavon\/"},"modified":"2022-10-21T18:47:05","modified_gmt":"2022-10-21T22:47:05","slug":"jenny-polanco-abrira-un-cafe-en-altos-de-chavon","status":"publish","type":"post","link":"https:\/\/casadecampoliving.com\/es\/jenny-polanco-abrira-un-cafe-en-altos-de-chavon\/","title":{"rendered":"Jenny Polanco abrir\u00e1 un Caf\u00e9 en Altos de Chav\u00f3n!"},"content":{"rendered":"<div class=\"wp-block-image\">\n<figure class=\"aligncenter is-resized\"><img loading=\"lazy\" decoding=\"async\" src=\"https:\/\/i0.wp.com\/casadecampoliving.com\/wp-content\/uploads\/2022\/10\/jenny_polanco2-9.jpg?resize=650%2C347&amp;ssl=1\" alt=\"jenny polanco\" class=\"wp-image-55749\" title=\"jenny_polanco\" height=\"347\" width=\"650\"\/><\/figure>\n<\/div>\n\n\n<p>La famosa dise\u00f1adora dominicana y popular miembro de la comunidad de Casa de Campo, Jenny Polanco, se encuentra en una exitosa etapa de expansi\u00f3n e innovaci\u00f3n! En mayo de este a\u00f1o, <a href=\"https:\/\/casadecampoliving.com\/es\/2012\/05\/con-artesania-lamparas-recicladas-y-moda-se-inaugura-la-tienda-de-jenny-polanco-a-beneficio-del-hogar-del-nino\/\">abri\u00f3 su nueva tienda \u201cJenny Polanco Project\u201d <\/a>en Altos de Chav\u00f3n e <a href=\"https:\/\/casadecampoliving.com\/es\/2012\/08\/jenny-polanco-emiliano-larizza-presentan-buscando-esencias-union-de-moda-y-fotografia\/\">inaugur\u00f3 el 10 de agosto, la exhibici\u00f3n de arte \u201cBuscando Esencias\u201d con la colaboraci\u00f3n del foto periodista, Emiliano Larizza<\/a> \u2013 y ahora escuchamos que est\u00e1 pensando en abrir un Caf\u00e9! <\/p>\n\n\n\n<!--more-->\n\n\n<div class=\"wp-block-image\">\n<figure class=\"alignright is-resized\"><img loading=\"lazy\" decoding=\"async\" src=\"https:\/\/i0.wp.com\/casadecampoliving.com\/wp-content\/uploads\/2022\/10\/jenny_polanco4-4.jpg?resize=250%2C248&amp;ssl=1\" alt=\"jenny polanco\" class=\"wp-image-55752\" title=\"jenny_polanco\" height=\"248\" width=\"250\"\/><\/figure>\n<\/div>\n\n\n<p>Como puede observar en las fotos de este art\u00edculo, el proyecto del Caf\u00e9 Jenny Polanco se encuentra en pleno desarrollo \u2013 con la instalaci\u00f3n de un nuevo bar en la esquina de la tienda \u201cJenny Polanco Project\u201d en Casa del R\u00edo, Altos de Chav\u00f3n.<\/p>\n\n\n\n<p>El Caf\u00e9 esta pautado para abrir en septiembre y una vez completado, esperamos que los visitantes y aquellos que aman salir de compras en Altos de Chav\u00f3n, puedan hacer una parada y disfrutar de un caf\u00e9 o bebida durante su paseo por Altos de Chav\u00f3n \u2013 o mientras compra en la tienda de Jenny Polanco, por supuesto.<\/p>\n\n\n\n<p>Aunque todav\u00eda no tenemos muchos detalles, pronto conoceremos m\u00e1s y les dejaremos saber!<\/p>\n\n\n\n<blockquote><p><strong>Jenny Polanco Project: en donde la moda se une con las artes tradicionales<\/strong><\/p><figure><img decoding=\"async\" loading=\"lazy\" class=\"aligncenter size-full wp-image-55751\" title=\"jenny_polanco\" src=\"https:\/\/i0.wp.com\/casadecampoliving.com\/wp-content\/uploads\/2022\/10\/jenny_polanco3.jpg?resize=620%2C465&amp;ssl=1\" alt=\"jenny polanco\" width=\"620\" height=\"465\"><\/figure><p>La tienda Jenny Polanco Project en Altos de Chav\u00f3n es posiblemente el mejor lugar en Casa de Campo (y La Romana) para comprar artesan\u00edas \u00fanicas y tradicionales. En la tienda encontrar\u00e1 platos hechos a mano, pinturas realizadas por artistas dominicanos y haitianos, m\u00e1scaras tradicionales del carnaval del pa\u00eds, vasijas y decoraciones de mesa elaboradas en madera \u2013 e inclusive piezas para el hogar hechas a mano por artistas dominicanos, haitianos y de otras partes del Caribe.<\/p><p style=\"padding-left: 30px;\"><em><strong>\u201cProject es un espacio de arte dise\u00f1ado para dar apoyo a la artesan\u00eda del Caribe, con el fin de promover dise\u00f1os y trabajos hechos a mano por artistas de nuestros pa\u00edses\u201d.<br>\n<\/strong><\/em><\/p><p style=\"padding-left: 30px;\">\u2014 Jenny Polanco, dise\u00f1adora dominicana<\/p><p>Adem\u00e1s de estos elementos tradicionales y art\u00edsticos, Jenny Polanco presenta con orgullo sus propios dise\u00f1os; vestidos tropicales blancos hechos en lino, con detalles de ambar, perfectos para el c\u00e1lido clima del Caribe, adem\u00e1s de \u00fanicas carteras y joyas de moda.<\/p><p><strong>Jenny Polanco Project<\/strong><br>\nCasa del R\u00edo, Altos de Chav\u00f3n<br>\nHorario diario: 9am \u2013 6pm<br>\nTel: 809-925-1899<\/p><\/blockquote>\n\n\n\n<blockquote><figure><img decoding=\"async\" loading=\"lazy\" class=\"alignright size-full wp-image-54277\" style=\"margin-left: 15px; margin-right: 15px;\" title=\"jenny_polanco\" src=\"https:\/\/i0.wp.com\/casadecampoliving.com\/wp-content\/uploads\/2022\/10\/jenny_polanco8.jpg?resize=200%2C320&amp;ssl=1\" alt=\"jenny polanco\" width=\"200\" height=\"320\"><\/figure><p><strong><a href=\"https:\/\/casadecampoliving.com\/es\/jenny-polanco\/\">Sobre Jenny Polanco<\/a><\/strong><\/p><p>Jenny Polanco es una dise\u00f1adora dominicana con m\u00e1s de 30 a\u00f1os de experiencia en la Rep\u00fablica Dominicana, Puerto Rico, Paris y Nueva York. Sus dise\u00f1os \u201cPret a Porter\u201d (listos para usar) son destacados por ser sofisticados, sencillos, cl\u00e1sicos y f\u00e1ciles de usar \u2013 adornados con t\u00edpicos toques dominicanos, como botones de ambar, larimar, perlas y corales.<\/p><p>Puede comprar en las tiendas de Jenny Polanco en Casa de Campo, tanto en la Marina Casa de Campo como en Altos de Chav\u00f3n, al igual que en las de Santo Domingo, ubicadas en Blue Mall, Casa Virginia, Bella Vista Mall y en la Zona Colonial.<\/p><p><em><strong><a href=\"https:\/\/casadecampoliving.com\/es\/jenny-polanco\/\">Haga click aqu\u00ed para leer m\u00e1s sobre Jenny Polanco y sus dise\u00f1os.<\/a><\/strong><\/em><\/p><\/blockquote>\n","protected":false},"excerpt":{"rendered":"<p>La famosa dise\u00f1adora dominicana y popular miembro de la comunidad de Casa de Campo, Jenny Polanco, se encuentra en una exitosa etapa de expansi\u00f3n e innovaci\u00f3n! En mayo de este a\u00f1o, abri\u00f3 su nueva tienda \u201cJenny Polanco Project\u201d en Altos de Chav\u00f3n e inaugur\u00f3 el 10 de agosto, la exhibici\u00f3n de arte \u201cBuscando Esencias\u201d con [&hellip;]<\/p>\n","protected":false},"author":21,"featured_media":259897,"comment_status":"closed","ping_status":"closed","sticky":false,"template":"","format":"standard","meta":{"newspack_ads_suppress_ads":false,"newspack_popups_has_disabled_popups":false,"newspack_sponsor_sponsorship_scope":"","newspack_sponsor_native_byline_display":"inherit","newspack_sponsor_native_category_display":"inherit","newspack_sponsor_underwriter_style":"inherit","newspack_sponsor_underwriter_placement":"inherit","_newspack_byline_active":false,"_newspack_byline":"","newspack_hide_updated_date":false,"newspack_show_updated_date":false,"newspack_content_restriction_is_exempt":false,"newspack_featured_image_position":"","newspack_post_subtitle":"","newspack_article_summary_title":"Overview:","newspack_article_summary":"","_jetpack_memberships_contains_paid_content":false,"footnotes":"","jetpack_publicize_message":"","jetpack_publicize_feature_enabled":true,"jetpack_social_post_already_shared":false,"jetpack_social_options":{"image_generator_settings":{"template":"highway","default_image_id":0,"font":"","enabled":false},"version":2},"_wpas_customize_per_network":false},"categories":[26819,26823,2530,14631,2522,14627,2526],"tags":[15387,4903],"newspack_spnsrs_tax":[],"class_list":["post-339535","post","type-post","status-publish","format-standard","has-post-thumbnail","hentry","category-altos-de-chavon-es","category-arte-y-cultura","category-compras-es","category-estilo-de-vida","category-eventos-es","category-proximamente","category-titulares-es","tag-altos-de-chavon-es","tag-jenny-polanco-es","entry"],"yoast_head":"<!-- This site is optimized with the Yoast SEO plugin v27.5 - https:\/\/yoast.com\/product\/yoast-seo-wordpress\/ -->\n<title>Jenny Polanco abrir\u00e1 un Caf\u00e9 en Altos de Chav\u00f3n! | Casa de Campo Living<\/title>\n<meta name=\"description\" content=\"La famosa dise\u00f1adora dominicana y popular miembro de la comunidad de Casa de Campo, Jenny Polanco, se encuentra en una exitosa etapa de expansi\u00f3n e\" \/>\n<meta name=\"robots\" content=\"index, follow, max-snippet:-1, max-image-preview:large, max-video-preview:-1\" \/>\n<link rel=\"canonical\" href=\"https:\/\/casadecampoliving.com\/es\/jenny-polanco-abrira-un-cafe-en-altos-de-chavon\/\" \/>\n<meta property=\"og:locale\" content=\"es_ES\" \/>\n<meta property=\"og:type\" content=\"article\" \/>\n<meta property=\"og:title\" content=\"Jenny Polanco abrir\u00e1 un Caf\u00e9 en Altos de Chav\u00f3n! | Casa de Campo Living\" \/>\n<meta property=\"og:description\" content=\"La famosa dise\u00f1adora dominicana y popular miembro de la comunidad de Casa de Campo, Jenny Polanco, se encuentra en una exitosa etapa de expansi\u00f3n e\" \/>\n<meta property=\"og:url\" content=\"https:\/\/casadecampoliving.com\/es\/jenny-polanco-abrira-un-cafe-en-altos-de-chavon\/\" \/>\n<meta property=\"og:site_name\" content=\"Casa de Campo Living\" \/>\n<meta property=\"article:publisher\" content=\"https:\/\/www.facebook.com\/casadecampoliving\" \/>\n<meta property=\"article:published_time\" content=\"2012-08-28T04:00:00+00:00\" \/>\n<meta property=\"article:modified_time\" content=\"2022-10-21T22:47:05+00:00\" \/>\n<meta property=\"og:image\" content=\"https:\/\/i0.wp.com\/casadecampoliving.com\/wp-content\/uploads\/2022\/10\/jenny_polanco2-10.jpg?fit=650%2C347&ssl=1\" \/>\n\t<meta property=\"og:image:width\" content=\"650\" \/>\n\t<meta property=\"og:image:height\" content=\"347\" \/>\n\t<meta property=\"og:image:type\" content=\"image\/jpeg\" \/>\n<meta name=\"twitter:card\" content=\"summary_large_image\" \/>\n<meta name=\"twitter:creator\" content=\"@cdcliving\" \/>\n<meta name=\"twitter:site\" content=\"@cdcliving\" \/>\n<meta name=\"twitter:label1\" content=\"Escrito por\" \/>\n\t<meta name=\"twitter:data1\" content=\"\" \/>\n\t<meta name=\"twitter:label2\" content=\"Tiempo de lectura\" \/>\n\t<meta name=\"twitter:data2\" content=\"3 minutos\" \/>\n<script type=\"application\/ld+json\" class=\"yoast-schema-graph\">{\"@context\":\"https:\\\/\\\/schema.org\",\"@graph\":[{\"@type\":\"Article\",\"@id\":\"https:\\\/\\\/casadecampoliving.com\\\/es\\\/jenny-polanco-abrira-un-cafe-en-altos-de-chavon\\\/#article\",\"isPartOf\":{\"@id\":\"https:\\\/\\\/casadecampoliving.com\\\/es\\\/jenny-polanco-abrira-un-cafe-en-altos-de-chavon\\\/\"},\"author\":{\"name\":\"\",\"@id\":\"https:\\\/\\\/casadecampoliving.com\\\/es\\\/#\\\/schema\\\/person\\\/7e3b975d584a5f6ac0fd7128a81b0bc5\"},\"headline\":\"Jenny Polanco abrir\u00e1 un Caf\u00e9 en Altos de Chav\u00f3n!\",\"datePublished\":\"2012-08-28T04:00:00+00:00\",\"dateModified\":\"2022-10-21T22:47:05+00:00\",\"mainEntityOfPage\":{\"@id\":\"https:\\\/\\\/casadecampoliving.com\\\/es\\\/jenny-polanco-abrira-un-cafe-en-altos-de-chavon\\\/\"},\"wordCount\":529,\"publisher\":{\"@id\":\"https:\\\/\\\/casadecampoliving.com\\\/es\\\/#organization\"},\"image\":{\"@id\":\"https:\\\/\\\/casadecampoliving.com\\\/es\\\/jenny-polanco-abrira-un-cafe-en-altos-de-chavon\\\/#primaryimage\"},\"thumbnailUrl\":\"https:\\\/\\\/i0.wp.com\\\/casadecampoliving.com\\\/wp-content\\\/uploads\\\/2022\\\/10\\\/jenny_polanco2-10.jpg?fit=650%2C347&ssl=1\",\"keywords\":[\"Altos de Chavon\",\"jenny polanco @es\"],\"articleSection\":[\"Altos de Chavon @es\",\"Arte y cultura\",\"Compras\",\"Estilo de Vida\",\"Eventos\",\"Proximamente\",\"Titulares\"],\"inLanguage\":\"es\"},{\"@type\":\"WebPage\",\"@id\":\"https:\\\/\\\/casadecampoliving.com\\\/es\\\/jenny-polanco-abrira-un-cafe-en-altos-de-chavon\\\/\",\"url\":\"https:\\\/\\\/casadecampoliving.com\\\/es\\\/jenny-polanco-abrira-un-cafe-en-altos-de-chavon\\\/\",\"name\":\"Jenny Polanco abrir\u00e1 un Caf\u00e9 en Altos de Chav\u00f3n! | Casa de Campo Living\",\"isPartOf\":{\"@id\":\"https:\\\/\\\/casadecampoliving.com\\\/es\\\/#website\"},\"primaryImageOfPage\":{\"@id\":\"https:\\\/\\\/casadecampoliving.com\\\/es\\\/jenny-polanco-abrira-un-cafe-en-altos-de-chavon\\\/#primaryimage\"},\"image\":{\"@id\":\"https:\\\/\\\/casadecampoliving.com\\\/es\\\/jenny-polanco-abrira-un-cafe-en-altos-de-chavon\\\/#primaryimage\"},\"thumbnailUrl\":\"https:\\\/\\\/i0.wp.com\\\/casadecampoliving.com\\\/wp-content\\\/uploads\\\/2022\\\/10\\\/jenny_polanco2-10.jpg?fit=650%2C347&ssl=1\",\"datePublished\":\"2012-08-28T04:00:00+00:00\",\"dateModified\":\"2022-10-21T22:47:05+00:00\",\"description\":\"La famosa dise\u00f1adora dominicana y popular miembro de la comunidad de Casa de Campo, Jenny Polanco, se encuentra en una exitosa etapa de expansi\u00f3n e\",\"breadcrumb\":{\"@id\":\"https:\\\/\\\/casadecampoliving.com\\\/es\\\/jenny-polanco-abrira-un-cafe-en-altos-de-chavon\\\/#breadcrumb\"},\"inLanguage\":\"es\",\"potentialAction\":[{\"@type\":\"ReadAction\",\"target\":[\"https:\\\/\\\/casadecampoliving.com\\\/es\\\/jenny-polanco-abrira-un-cafe-en-altos-de-chavon\\\/\"]}]},{\"@type\":\"ImageObject\",\"inLanguage\":\"es\",\"@id\":\"https:\\\/\\\/casadecampoliving.com\\\/es\\\/jenny-polanco-abrira-un-cafe-en-altos-de-chavon\\\/#primaryimage\",\"url\":\"https:\\\/\\\/i0.wp.com\\\/casadecampoliving.com\\\/wp-content\\\/uploads\\\/2022\\\/10\\\/jenny_polanco2-10.jpg?fit=650%2C347&ssl=1\",\"contentUrl\":\"https:\\\/\\\/i0.wp.com\\\/casadecampoliving.com\\\/wp-content\\\/uploads\\\/2022\\\/10\\\/jenny_polanco2-10.jpg?fit=650%2C347&ssl=1\",\"width\":650,\"height\":347,\"caption\":\"jenny polanco\"},{\"@type\":\"BreadcrumbList\",\"@id\":\"https:\\\/\\\/casadecampoliving.com\\\/es\\\/jenny-polanco-abrira-un-cafe-en-altos-de-chavon\\\/#breadcrumb\",\"itemListElement\":[{\"@type\":\"ListItem\",\"position\":1,\"name\":\"Home\",\"item\":\"https:\\\/\\\/casadecampoliving.com\\\/es\\\/\"},{\"@type\":\"ListItem\",\"position\":2,\"name\":\"Jenny Polanco abrir\u00e1 un Caf\u00e9 en Altos de Chav\u00f3n!\"}]},{\"@type\":\"WebSite\",\"@id\":\"https:\\\/\\\/casadecampoliving.com\\\/es\\\/#website\",\"url\":\"https:\\\/\\\/casadecampoliving.com\\\/es\\\/\",\"name\":\"Casa de Campo Living\",\"description\":\"Resort community news and resources.\",\"publisher\":{\"@id\":\"https:\\\/\\\/casadecampoliving.com\\\/es\\\/#organization\"},\"potentialAction\":[{\"@type\":\"SearchAction\",\"target\":{\"@type\":\"EntryPoint\",\"urlTemplate\":\"https:\\\/\\\/casadecampoliving.com\\\/es\\\/?s={search_term_string}\"},\"query-input\":{\"@type\":\"PropertyValueSpecification\",\"valueRequired\":true,\"valueName\":\"search_term_string\"}}],\"inLanguage\":\"es\"},{\"@type\":\"Organization\",\"@id\":\"https:\\\/\\\/casadecampoliving.com\\\/es\\\/#organization\",\"name\":\"Casa de Campo Living\",\"url\":\"https:\\\/\\\/casadecampoliving.com\\\/es\\\/\",\"logo\":{\"@type\":\"ImageObject\",\"inLanguage\":\"es\",\"@id\":\"https:\\\/\\\/casadecampoliving.com\\\/es\\\/#\\\/schema\\\/logo\\\/image\\\/\",\"url\":\"https:\\\/\\\/i0.wp.com\\\/casadecampoliving.com\\\/wp-content\\\/uploads\\\/2022\\\/07\\\/CDCLivingLogo_V1-white-sized.png?fit=800%2C214&ssl=1\",\"contentUrl\":\"https:\\\/\\\/i0.wp.com\\\/casadecampoliving.com\\\/wp-content\\\/uploads\\\/2022\\\/07\\\/CDCLivingLogo_V1-white-sized.png?fit=800%2C214&ssl=1\",\"width\":800,\"height\":214,\"caption\":\"Casa de Campo Living\"},\"image\":{\"@id\":\"https:\\\/\\\/casadecampoliving.com\\\/es\\\/#\\\/schema\\\/logo\\\/image\\\/\"},\"sameAs\":[\"https:\\\/\\\/www.facebook.com\\\/casadecampoliving\",\"https:\\\/\\\/x.com\\\/cdcliving\"]},{\"@type\":\"Person\",\"@id\":\"https:\\\/\\\/casadecampoliving.com\\\/es\\\/#\\\/schema\\\/person\\\/7e3b975d584a5f6ac0fd7128a81b0bc5\",\"name\":\"\",\"image\":{\"@type\":\"ImageObject\",\"inLanguage\":\"es\",\"@id\":\"https:\\\/\\\/secure.gravatar.com\\\/avatar\\\/?s=96&d=mm&r=g\",\"url\":\"https:\\\/\\\/secure.gravatar.com\\\/avatar\\\/?s=96&d=mm&r=g\",\"contentUrl\":\"https:\\\/\\\/secure.gravatar.com\\\/avatar\\\/?s=96&d=mm&r=g\"},\"url\":\"https:\\\/\\\/casadecampoliving.com\\\/es\\\/author\\\/ \\\/\"}]}<\/script>\n<!-- \/ Yoast SEO plugin. -->","yoast_head_json":{"title":"Jenny Polanco abrir\u00e1 un Caf\u00e9 en Altos de Chav\u00f3n! | Casa de Campo Living","description":"La famosa dise\u00f1adora dominicana y popular miembro de la comunidad de Casa de Campo, Jenny Polanco, se encuentra en una exitosa etapa de expansi\u00f3n e","robots":{"index":"index","follow":"follow","max-snippet":"max-snippet:-1","max-image-preview":"max-image-preview:large","max-video-preview":"max-video-preview:-1"},"canonical":"https:\/\/casadecampoliving.com\/es\/jenny-polanco-abrira-un-cafe-en-altos-de-chavon\/","og_locale":"es_ES","og_type":"article","og_title":"Jenny Polanco abrir\u00e1 un Caf\u00e9 en Altos de Chav\u00f3n! | Casa de Campo Living","og_description":"La famosa dise\u00f1adora dominicana y popular miembro de la comunidad de Casa de Campo, Jenny Polanco, se encuentra en una exitosa etapa de expansi\u00f3n e","og_url":"https:\/\/casadecampoliving.com\/es\/jenny-polanco-abrira-un-cafe-en-altos-de-chavon\/","og_site_name":"Casa de Campo Living","article_publisher":"https:\/\/www.facebook.com\/casadecampoliving","article_published_time":"2012-08-28T04:00:00+00:00","article_modified_time":"2022-10-21T22:47:05+00:00","og_image":[{"width":650,"height":347,"url":"https:\/\/i0.wp.com\/casadecampoliving.com\/wp-content\/uploads\/2022\/10\/jenny_polanco2-10.jpg?fit=650%2C347&ssl=1","type":"image\/jpeg"}],"twitter_card":"summary_large_image","twitter_creator":"@cdcliving","twitter_site":"@cdcliving","twitter_misc":{"Escrito por":"","Tiempo de lectura":"3 minutos"},"schema":{"@context":"https:\/\/schema.org","@graph":[{"@type":"Article","@id":"https:\/\/casadecampoliving.com\/es\/jenny-polanco-abrira-un-cafe-en-altos-de-chavon\/#article","isPartOf":{"@id":"https:\/\/casadecampoliving.com\/es\/jenny-polanco-abrira-un-cafe-en-altos-de-chavon\/"},"author":{"name":"","@id":"https:\/\/casadecampoliving.com\/es\/#\/schema\/person\/7e3b975d584a5f6ac0fd7128a81b0bc5"},"headline":"Jenny Polanco abrir\u00e1 un Caf\u00e9 en Altos de Chav\u00f3n!","datePublished":"2012-08-28T04:00:00+00:00","dateModified":"2022-10-21T22:47:05+00:00","mainEntityOfPage":{"@id":"https:\/\/casadecampoliving.com\/es\/jenny-polanco-abrira-un-cafe-en-altos-de-chavon\/"},"wordCount":529,"publisher":{"@id":"https:\/\/casadecampoliving.com\/es\/#organization"},"image":{"@id":"https:\/\/casadecampoliving.com\/es\/jenny-polanco-abrira-un-cafe-en-altos-de-chavon\/#primaryimage"},"thumbnailUrl":"https:\/\/i0.wp.com\/casadecampoliving.com\/wp-content\/uploads\/2022\/10\/jenny_polanco2-10.jpg?fit=650%2C347&ssl=1","keywords":["Altos de Chavon","jenny polanco @es"],"articleSection":["Altos de Chavon @es","Arte y cultura","Compras","Estilo de Vida","Eventos","Proximamente","Titulares"],"inLanguage":"es"},{"@type":"WebPage","@id":"https:\/\/casadecampoliving.com\/es\/jenny-polanco-abrira-un-cafe-en-altos-de-chavon\/","url":"https:\/\/casadecampoliving.com\/es\/jenny-polanco-abrira-un-cafe-en-altos-de-chavon\/","name":"Jenny Polanco abrir\u00e1 un Caf\u00e9 en Altos de Chav\u00f3n! | Casa de Campo Living","isPartOf":{"@id":"https:\/\/casadecampoliving.com\/es\/#website"},"primaryImageOfPage":{"@id":"https:\/\/casadecampoliving.com\/es\/jenny-polanco-abrira-un-cafe-en-altos-de-chavon\/#primaryimage"},"image":{"@id":"https:\/\/casadecampoliving.com\/es\/jenny-polanco-abrira-un-cafe-en-altos-de-chavon\/#primaryimage"},"thumbnailUrl":"https:\/\/i0.wp.com\/casadecampoliving.com\/wp-content\/uploads\/2022\/10\/jenny_polanco2-10.jpg?fit=650%2C347&ssl=1","datePublished":"2012-08-28T04:00:00+00:00","dateModified":"2022-10-21T22:47:05+00:00","description":"La famosa dise\u00f1adora dominicana y popular miembro de la comunidad de Casa de Campo, Jenny Polanco, se encuentra en una exitosa etapa de expansi\u00f3n e","breadcrumb":{"@id":"https:\/\/casadecampoliving.com\/es\/jenny-polanco-abrira-un-cafe-en-altos-de-chavon\/#breadcrumb"},"inLanguage":"es","potentialAction":[{"@type":"ReadAction","target":["https:\/\/casadecampoliving.com\/es\/jenny-polanco-abrira-un-cafe-en-altos-de-chavon\/"]}]},{"@type":"ImageObject","inLanguage":"es","@id":"https:\/\/casadecampoliving.com\/es\/jenny-polanco-abrira-un-cafe-en-altos-de-chavon\/#primaryimage","url":"https:\/\/i0.wp.com\/casadecampoliving.com\/wp-content\/uploads\/2022\/10\/jenny_polanco2-10.jpg?fit=650%2C347&ssl=1","contentUrl":"https:\/\/i0.wp.com\/casadecampoliving.com\/wp-content\/uploads\/2022\/10\/jenny_polanco2-10.jpg?fit=650%2C347&ssl=1","width":650,"height":347,"caption":"jenny polanco"},{"@type":"BreadcrumbList","@id":"https:\/\/casadecampoliving.com\/es\/jenny-polanco-abrira-un-cafe-en-altos-de-chavon\/#breadcrumb","itemListElement":[{"@type":"ListItem","position":1,"name":"Home","item":"https:\/\/casadecampoliving.com\/es\/"},{"@type":"ListItem","position":2,"name":"Jenny Polanco abrir\u00e1 un Caf\u00e9 en Altos de Chav\u00f3n!"}]},{"@type":"WebSite","@id":"https:\/\/casadecampoliving.com\/es\/#website","url":"https:\/\/casadecampoliving.com\/es\/","name":"Casa de Campo Living","description":"Resort community news and resources.","publisher":{"@id":"https:\/\/casadecampoliving.com\/es\/#organization"},"potentialAction":[{"@type":"SearchAction","target":{"@type":"EntryPoint","urlTemplate":"https:\/\/casadecampoliving.com\/es\/?s={search_term_string}"},"query-input":{"@type":"PropertyValueSpecification","valueRequired":true,"valueName":"search_term_string"}}],"inLanguage":"es"},{"@type":"Organization","@id":"https:\/\/casadecampoliving.com\/es\/#organization","name":"Casa de Campo Living","url":"https:\/\/casadecampoliving.com\/es\/","logo":{"@type":"ImageObject","inLanguage":"es","@id":"https:\/\/casadecampoliving.com\/es\/#\/schema\/logo\/image\/","url":"https:\/\/i0.wp.com\/casadecampoliving.com\/wp-content\/uploads\/2022\/07\/CDCLivingLogo_V1-white-sized.png?fit=800%2C214&ssl=1","contentUrl":"https:\/\/i0.wp.com\/casadecampoliving.com\/wp-content\/uploads\/2022\/07\/CDCLivingLogo_V1-white-sized.png?fit=800%2C214&ssl=1","width":800,"height":214,"caption":"Casa de Campo Living"},"image":{"@id":"https:\/\/casadecampoliving.com\/es\/#\/schema\/logo\/image\/"},"sameAs":["https:\/\/www.facebook.com\/casadecampoliving","https:\/\/x.com\/cdcliving"]},{"@type":"Person","@id":"https:\/\/casadecampoliving.com\/es\/#\/schema\/person\/7e3b975d584a5f6ac0fd7128a81b0bc5","name":"","image":{"@type":"ImageObject","inLanguage":"es","@id":"https:\/\/secure.gravatar.com\/avatar\/?s=96&d=mm&r=g","url":"https:\/\/secure.gravatar.com\/avatar\/?s=96&d=mm&r=g","contentUrl":"https:\/\/secure.gravatar.com\/avatar\/?s=96&d=mm&r=g"},"url":"https:\/\/casadecampoliving.com\/es\/author\/ \/"}]}},"parsely":{"version":"1.1.0","canonical_url":"https:\/\/casadecampoliving.com\/es\/jenny-polanco-abrira-un-cafe-en-altos-de-chavon\/","smart_links":{"inbound":0,"outbound":0},"traffic_boost_suggestions_count":0,"meta":{"@context":"https:\/\/schema.org","@type":"NewsArticle","headline":"Jenny Polanco abrir\u00e1 un Caf\u00e9 en Altos de Chav\u00f3n!","url":"http:\/\/casadecampoliving.com\/es\/jenny-polanco-abrira-un-cafe-en-altos-de-chavon\/","mainEntityOfPage":{"@type":"WebPage","@id":"http:\/\/casadecampoliving.com\/es\/jenny-polanco-abrira-un-cafe-en-altos-de-chavon\/"},"thumbnailUrl":"https:\/\/i0.wp.com\/casadecampoliving.com\/wp-content\/uploads\/2022\/10\/jenny_polanco2-10.jpg?resize=150%2C150&ssl=1","image":{"@type":"ImageObject","url":"https:\/\/i0.wp.com\/casadecampoliving.com\/wp-content\/uploads\/2022\/10\/jenny_polanco2-10.jpg?fit=650%2C347&ssl=1"},"articleSection":"Altos de Chavon @es","author":[{"@type":"Person","name":"FB_515917546"}],"creator":["FB_515917546"],"publisher":{"@type":"Organization","name":"Casa de Campo Living","logo":"https:\/\/casadecampoliving.com\/wp-content\/uploads\/2022\/07\/CDCLivingLogo_V1-white-sized.png"},"keywords":["altos de chavon","jenny polanco @es"],"dateCreated":"2012-08-28T04:00:00Z","datePublished":"2012-08-28T04:00:00Z","dateModified":"2022-10-21T22:47:05Z"},"rendered":"<script type=\"application\/ld+json\" class=\"wp-parsely-metadata\">{\"@context\":\"https:\\\/\\\/schema.org\",\"@type\":\"NewsArticle\",\"headline\":\"Jenny Polanco abrir\\u00e1 un Caf\\u00e9 en Altos de Chav\\u00f3n!\",\"url\":\"http:\\\/\\\/casadecampoliving.com\\\/es\\\/jenny-polanco-abrira-un-cafe-en-altos-de-chavon\\\/\",\"mainEntityOfPage\":{\"@type\":\"WebPage\",\"@id\":\"http:\\\/\\\/casadecampoliving.com\\\/es\\\/jenny-polanco-abrira-un-cafe-en-altos-de-chavon\\\/\"},\"thumbnailUrl\":\"https:\\\/\\\/i0.wp.com\\\/casadecampoliving.com\\\/wp-content\\\/uploads\\\/2022\\\/10\\\/jenny_polanco2-10.jpg?resize=150%2C150&ssl=1\",\"image\":{\"@type\":\"ImageObject\",\"url\":\"https:\\\/\\\/i0.wp.com\\\/casadecampoliving.com\\\/wp-content\\\/uploads\\\/2022\\\/10\\\/jenny_polanco2-10.jpg?fit=650%2C347&ssl=1\"},\"articleSection\":\"Altos de Chavon @es\",\"author\":[{\"@type\":\"Person\",\"name\":\"FB_515917546\"}],\"creator\":[\"FB_515917546\"],\"publisher\":{\"@type\":\"Organization\",\"name\":\"Casa de Campo Living\",\"logo\":\"https:\\\/\\\/casadecampoliving.com\\\/wp-content\\\/uploads\\\/2022\\\/07\\\/CDCLivingLogo_V1-white-sized.png\"},\"keywords\":[\"altos de chavon\",\"jenny polanco @es\"],\"dateCreated\":\"2012-08-28T04:00:00Z\",\"datePublished\":\"2012-08-28T04:00:00Z\",\"dateModified\":\"2022-10-21T22:47:05Z\"}<\/script>","tracker_url":"https:\/\/cdn.parsely.com\/keys\/casadecampoliving.com\/p.js"},"jetpack_publicize_connections":[],"jetpack_featured_media_url":"https:\/\/i0.wp.com\/casadecampoliving.com\/wp-content\/uploads\/2022\/10\/jenny_polanco2-10.jpg?fit=650%2C347&ssl=1","jetpack-related-posts":[{"id":321521,"url":"https:\/\/casadecampoliving.com\/jenny-polanco-to-open-a-cafe-in-altos-de-chavon\/","url_meta":{"origin":339535,"position":0},"title":"Jenny Polanco to open a Caf\u00e9 in Altos de Chav\u00f3n!","author":"Rebecca Silvestri","date":"28 Ago, 2012","format":false,"excerpt":"Jenny Polanco, famous Dominican designer and popular member of the Casa de Campo community is on a roll of success, expansion and innovation! In May this year she opened the new \u201cJenny Polanco Project\u201d store in Altos de Chav\u00f3n and on\u00a0Friday the 10th of August she inaugurated the art exhibit\u2026","rel":"","context":"En \u00abAltos de Chavon\u00bb","block_context":{"text":"Altos de Chavon","link":"https:\/\/casadecampoliving.com\/category\/altos-de-chavon\/"},"img":{"alt_text":"jenny polanco","src":"https:\/\/i0.wp.com\/casadecampoliving.com\/wp-content\/uploads\/2022\/10\/jenny_polanco2-10.jpg?fit=650%2C347&ssl=1&resize=350%2C200","width":350,"height":200,"srcset":"https:\/\/i0.wp.com\/casadecampoliving.com\/wp-content\/uploads\/2022\/10\/jenny_polanco2-10.jpg?fit=650%2C347&ssl=1&resize=350%2C200 1x, https:\/\/i0.wp.com\/casadecampoliving.com\/wp-content\/uploads\/2022\/10\/jenny_polanco2-10.jpg?fit=650%2C347&ssl=1&resize=525%2C300 1.5x"},"classes":[]},{"id":343628,"url":"https:\/\/casadecampoliving.com\/es\/jenny-polanco-arte-naive\/","url_meta":{"origin":339535,"position":1},"title":"Jenny Polanco celebra la arte dominicano y haitiano en una exhibici\u00f3n de \u00abArte Naive\u00bb","author":"Rebecca Silvestri","date":"31 Dic, 2013","format":false,"excerpt":"El pasado s\u00e1bado 28 de diciembre, la famosa dise\u00f1adora dominicana Jenny Polanco celebr\u00f3 la nueva exhibici\u00f3n de arte \u201cArte Naive\u201d en el proyecto de Jenny Polanco en Altos de Chav\u00f3n. La apertura de la exhibici\u00f3n fue celebrada con algunos de los miembros de la comunidad de Casa de Campo la\u2026","rel":"","context":"En \u00abAltos de Chavon @es\u00bb","block_context":{"text":"Altos de Chavon @es","link":"https:\/\/casadecampoliving.com\/category\/altos-de-chavon-es\/"},"img":{"alt_text":"Jenny Polanco","src":"https:\/\/i0.wp.com\/casadecampoliving.com\/wp-content\/uploads\/2022\/10\/jenny_polanco-12.jpg?fit=650%2C433&ssl=1&resize=350%2C200","width":350,"height":200,"srcset":"https:\/\/i0.wp.com\/casadecampoliving.com\/wp-content\/uploads\/2022\/10\/jenny_polanco-12.jpg?fit=650%2C433&ssl=1&resize=350%2C200 1x, https:\/\/i0.wp.com\/casadecampoliving.com\/wp-content\/uploads\/2022\/10\/jenny_polanco-12.jpg?fit=650%2C433&ssl=1&resize=525%2C300 1.5x"},"classes":[]},{"id":339403,"url":"https:\/\/casadecampoliving.com\/es\/de-compras-en-casa-de-campo-las-boutiques-jenny-polanco-donde-la-moda-se-encuentra-con-el-arte\/","url_meta":{"origin":339535,"position":2},"title":"De compras en Casa de Campo: Las boutiques Jenny Polanco &#8211; donde la moda se encuentra con el arte","author":"Rebecca Silvestri","date":"18 Jul, 2012","format":false,"excerpt":"Para los fashionistas y amantes de las compras en Casa de Campo, los fabulosos dise\u00f1os, carteras y joyas de Jenny Polanco, ofrecen la mezcla perfecta de lo \"Caribe\u00f1o chic\" y pueden ser hallados en sus tiendas en la Marina Casa de Campo, Altos de Chav\u00f3n\u00a0y\u00a0Santo Domingo (ver debajo los detalles).\u2026","rel":"","context":"En \u00abAltos de Chavon @es\u00bb","block_context":{"text":"Altos de Chavon @es","link":"https:\/\/casadecampoliving.com\/category\/altos-de-chavon-es\/"},"img":{"alt_text":"jenny polanco","src":"https:\/\/i0.wp.com\/casadecampoliving.com\/wp-content\/uploads\/2022\/10\/jenny_polanco7-1.jpg?fit=650%2C327&ssl=1&resize=350%2C200","width":350,"height":200,"srcset":"https:\/\/i0.wp.com\/casadecampoliving.com\/wp-content\/uploads\/2022\/10\/jenny_polanco7-1.jpg?fit=650%2C327&ssl=1&resize=350%2C200 1x, https:\/\/i0.wp.com\/casadecampoliving.com\/wp-content\/uploads\/2022\/10\/jenny_polanco7-1.jpg?fit=650%2C327&ssl=1&resize=525%2C300 1.5x"},"classes":[]},{"id":340132,"url":"https:\/\/casadecampoliving.com\/es\/un-coctel-con-jenny-polanco-y-mima-a-beneficio-del-hogar-del-nino\/","url_meta":{"origin":339535,"position":3},"title":"Un c\u00f3ctel con Jenny Polanco y MIMA a beneficio del Hogar del Ni\u00f1o","author":"","date":"20 Nov, 2012","format":false,"excerpt":"En la noche del pasado s\u00e1bado 10 de noviembre de 2012, la famosa dise\u00f1adora dominicana, Jenny Polanco, invit\u00f3 a los due\u00f1os de villa de Casa de Campo a la celebraci\u00f3n de un c\u00f3ctel previo a la fiesta bailable del evento Due\u00f1os 2012, en su tienda Jenny Polanco Project, ubicada en\u2026","rel":"","context":"En \u00abAltos de Chavon @es\u00bb","block_context":{"text":"Altos de Chavon @es","link":"https:\/\/casadecampoliving.com\/category\/altos-de-chavon-es\/"},"img":{"alt_text":"jenny polanco","src":"https:\/\/i0.wp.com\/casadecampoliving.com\/wp-content\/uploads\/2022\/10\/jenny_polanco1-5.jpg?fit=650%2C419&ssl=1&resize=350%2C200","width":350,"height":200,"srcset":"https:\/\/i0.wp.com\/casadecampoliving.com\/wp-content\/uploads\/2022\/10\/jenny_polanco1-5.jpg?fit=650%2C419&ssl=1&resize=350%2C200 1x, https:\/\/i0.wp.com\/casadecampoliving.com\/wp-content\/uploads\/2022\/10\/jenny_polanco1-5.jpg?fit=650%2C419&ssl=1&resize=525%2C300 1.5x"},"classes":[]},{"id":345115,"url":"https:\/\/casadecampoliving.com\/es\/jenny-polanco-raul-recio-present-dominico-concon\/","url_meta":{"origin":339535,"position":4},"title":"\u00a1Jenny Polanco &#038; Ra\u00fal Recio presentan Dominico Conc\u00f3n!","author":"Daniela Medina","date":"14 Ago, 2014","format":false,"excerpt":"La defensora cultural, dise\u00f1adora dominicana y due\u00f1a de villa en Casa de Campo, Jenny Polanco recientemente celebr\u00f3 la apertura del Dominico Conc\u00f3n realizada por Ra\u00fal Recio, una celebraci\u00f3n art\u00edstica de la cultura \u00fanica dominicana. El pasado\u00a0s\u00e1bado, 9 de agosto, Jenny Polanco estuvo acompa\u00f1ada por amigos y aficionados al arte de\u2026","rel":"","context":"En \u00abAltos de Chavon @es\u00bb","block_context":{"text":"Altos de Chavon @es","link":"https:\/\/casadecampoliving.com\/category\/altos-de-chavon-es\/"},"img":{"alt_text":"","src":"https:\/\/i0.wp.com\/casadecampoliving.com\/wp-content\/uploads\/2022\/10\/Jenny-Polanco-1.jpg?fit=650%2C433&ssl=1&resize=350%2C200","width":350,"height":200,"srcset":"https:\/\/i0.wp.com\/casadecampoliving.com\/wp-content\/uploads\/2022\/10\/Jenny-Polanco-1.jpg?fit=650%2C433&ssl=1&resize=350%2C200 1x, https:\/\/i0.wp.com\/casadecampoliving.com\/wp-content\/uploads\/2022\/10\/Jenny-Polanco-1.jpg?fit=650%2C433&ssl=1&resize=525%2C300 1.5x"},"classes":[]},{"id":348923,"url":"https:\/\/casadecampoliving.com\/es\/exhibicion-winter-selection-en-el-jenny-polanco-project-en-altos-de-chavon\/","url_meta":{"origin":339535,"position":5},"title":"Exhibici\u00f3n \u00abWinter Selection\u00bb en el Jenny Polanco Project en Altos de Chav\u00f3n","author":"Heather Lincoln","date":"29 Dic, 2015","format":false,"excerpt":"La exhibici\u00f3n m\u00e1s reciente de Casa Quien, Winter Selection (Selecci\u00f3n de Invierno), se encuentra disponible en el Jenny Polanco Project en Altos de Chav\u00f3n. Las obras que componen la exhibici\u00f3n son de diferentes tipos de arte, desde dibujos y esculturas hasta artwear, de un grupo de artistas entre los cuales\u2026","rel":"","context":"En \u00abAltos de Chavon @es\u00bb","block_context":{"text":"Altos de Chavon @es","link":"https:\/\/casadecampoliving.com\/category\/altos-de-chavon-es\/"},"img":{"alt_text":"Jenny Polanco Winter Selection 2","src":"https:\/\/i0.wp.com\/casadecampoliving.com\/wp-content\/uploads\/2022\/10\/Jenny-Polanco-Winter-Selection-2-1.jpg?fit=650%2C400&ssl=1&resize=350%2C200","width":350,"height":200,"srcset":"https:\/\/i0.wp.com\/casadecampoliving.com\/wp-content\/uploads\/2022\/10\/Jenny-Polanco-Winter-Selection-2-1.jpg?fit=650%2C400&ssl=1&resize=350%2C200 1x, https:\/\/i0.wp.com\/casadecampoliving.com\/wp-content\/uploads\/2022\/10\/Jenny-Polanco-Winter-Selection-2-1.jpg?fit=650%2C400&ssl=1&resize=525%2C300 1.5x"},"classes":[]}],"jetpack_sharing_enabled":true,"_links":{"self":[{"href":"https:\/\/casadecampoliving.com\/es\/wp-json\/wp\/v2\/posts\/339535","targetHints":{"allow":["GET"]}}],"collection":[{"href":"https:\/\/casadecampoliving.com\/es\/wp-json\/wp\/v2\/posts"}],"about":[{"href":"https:\/\/casadecampoliving.com\/es\/wp-json\/wp\/v2\/types\/post"}],"author":[{"embeddable":true,"href":"https:\/\/casadecampoliving.com\/es\/wp-json\/wp\/v2\/users\/21"}],"replies":[{"embeddable":true,"href":"https:\/\/casadecampoliving.com\/es\/wp-json\/wp\/v2\/comments?post=339535"}],"version-history":[{"count":1,"href":"https:\/\/casadecampoliving.com\/es\/wp-json\/wp\/v2\/posts\/339535\/revisions"}],"predecessor-version":[{"id":339536,"href":"https:\/\/casadecampoliving.com\/es\/wp-json\/wp\/v2\/posts\/339535\/revisions\/339536"}],"wp:featuredmedia":[{"embeddable":true,"href":"https:\/\/casadecampoliving.com\/es\/wp-json\/wp\/v2\/media\/259897"}],"wp:attachment":[{"href":"https:\/\/casadecampoliving.com\/es\/wp-json\/wp\/v2\/media?parent=339535"}],"wp:term":[{"taxonomy":"category","embeddable":true,"href":"https:\/\/casadecampoliving.com\/es\/wp-json\/wp\/v2\/categories?post=339535"},{"taxonomy":"post_tag","embeddable":true,"href":"https:\/\/casadecampoliving.com\/es\/wp-json\/wp\/v2\/tags?post=339535"},{"taxonomy":"newspack_spnsrs_tax","embeddable":true,"href":"https:\/\/casadecampoliving.com\/es\/wp-json\/wp\/v2\/newspack_spnsrs_tax?post=339535"}],"curies":[{"name":"wp","href":"https:\/\/api.w.org\/{rel}","templated":true}]}}