{"id":339521,"date":"2012-08-06T00:00:00","date_gmt":"2012-08-06T04:00:00","guid":{"rendered":"https:\/\/casadecampoliving.com\/esta-semana-en-casa-de-campo-6-al-12-de-agosto\/"},"modified":"2022-10-21T18:46:22","modified_gmt":"2022-10-21T22:46:22","slug":"esta-semana-en-casa-de-campo-6-al-12-de-agosto","status":"publish","type":"post","link":"https:\/\/casadecampoliving.com\/es\/esta-semana-en-casa-de-campo-6-al-12-de-agosto\/","title":{"rendered":"Esta Semana en Casa de Campo: 6 al 12 de agosto!"},"content":{"rendered":"<div class=\"wp-block-image\">\n<figure class=\"aligncenter is-resized\"><img loading=\"lazy\" decoding=\"async\" src=\"https:\/\/i0.wp.com\/casadecampoliving.com\/wp-content\/uploads\/2022\/10\/thisweekincasa21-2.jpg?resize=650%2C350&amp;ssl=1\" alt=\"casa de campo polo\" title=\"thisweekincasa2\" height=\"350\" width=\"650\"\/><\/figure>\n<\/div>\n\n\n<p>Esta semana en Casa de Campo disfrute de un sin fin de actividades de verano, el Caf\u00e9 de la Leche, el Fin de Semana Familiar de MIR y mucho m\u00e1s!<\/p>\n\n\n\n<!--more-->\n\n\n\n<figure class=\"wp-block-image\"><img decoding=\"async\" src=\"https:\/\/i0.wp.com\/casadecampoliving.com\/wp-includes\/js\/tinymce\/plugins\/wordpress\/img\/trans.gif?ssl=1\" alt=\"\" title=\"More...\"\/><\/figure>\n\n\n\n<blockquote><p style=\"text-align: center;\">Estos eventos, actividades y especiales aplican para la semana de:<\/p><h2 style=\"text-align: center;\">Lunes 6 de Agosto \u2013 Domingo 12 de Agosto<\/h2><\/blockquote>\n\n\n\n<p><strong>Las pr\u00f3ximas actividades son:<\/strong><\/p>\n\n\n\n<p>\u2022&nbsp;<a href=\"http:\/\/todocasadecampo.com\/es\/node\/685\">Exhibici\u00f3n Paintball (tentativa) \u2013 17, 18 &amp; 19 agosto<\/a><\/p>\n\n\n\n<p>\u2022 Atardecer con Sabor a M\u00fasica \u2013 19 de agosto<\/p>\n\n\n\n<p>\u2022&nbsp;<a href=\"http:\/\/www.todocasadecampo.com\/es\/node\/480\">Campo de golf links cierra por mantenimiento \u2013 17 de sept a 15 de oct<\/a><\/p>\n\n\n\n<h3 class=\"wp-block-heading\"><a href=\"http:\/\/www.todocasadecampo.com\/es\"><em>HAGA CLICK AQU\u00cd para el calendario completo!<\/em><\/a><\/h3>\n\n\n\n<p><strong><a href=\"http:\/\/wp.me\/p1kvEy-abH\">Haga click para ver la cartelera de cine y los trailers<\/a><\/strong><\/p>\n\n\n\n<figure class=\"wp-block-image is-resized\"><a href=\"https:\/\/i0.wp.com\/casadecampoliving.com\/wp-content\/uploads\/2022\/10\/casa_de_campo1-20.jpg?ssl=1\"><img loading=\"lazy\" decoding=\"async\" src=\"https:\/\/i0.wp.com\/casadecampoliving.com\/wp-content\/uploads\/2022\/10\/casa_de_campo1-20.jpg?resize=550%2C32&amp;ssl=1\" alt=\"\" title=\"casa_de_campo\" height=\"32\" width=\"550\"\/><\/a><\/figure>\n\n\n\n<p><strong>Campo de golf Dye Fore cierra por mantenimiento hasta el 3 de septiembre! &nbsp;<\/strong><\/p>\n\n\n\n<p><strong><strong><strong><a href=\"http:\/\/todocasadecampo.com\/es\/node\/570\">Exhibici\u00f3n de arte \u201cFlor de Cayuco\u201d<\/a><br>\nD\u00f3nde:&nbsp;<\/strong><\/strong><\/strong>Galer\u00eda de arte, Altos de Chav\u00f3n<strong><br>\n<strong><a href=\"http:\/\/todocasadecampo.com\/es\/node\/570\">Haga click aqu\u00ed para m\u00e1s info!<\/a>&nbsp;<\/strong><\/strong><\/p>\n\n\n\n<p><strong><a href=\"http:\/\/todocasadecampo.com\/es\/node\/384\">Verano 2012- clases de arte y dise\u00f1o<\/a><\/strong><br>\n<strong>D\u00f3nde<\/strong>:&nbsp;Escuela de Arte y Dise\u00f1o de Altos de Chav\u00f3n<br>\n<strong><a href=\"http:\/\/todocasadecampo.com\/es\/node\/384\">Haga click aqu\u00ed para m\u00e1s info!<\/a><\/strong><\/p>\n\n\n\n<p><strong><a href=\"http:\/\/todo.fm\/es\/node\/672\">Verano 2012: T\u00e9cnicas de actuaci\u00f3n<\/a><\/strong><br>\n<strong>D\u00f3nde<\/strong>: Escuela de Arte y Dise\u00f1o Altos de Chav\u00f3n<br>\n<a href=\"http:\/\/todo.fm\/es\/node\/672\"><strong>Haga click aqu\u00ed para m\u00e1s info!<\/strong>&nbsp;<\/a><\/p>\n\n\n\n<p><strong><a href=\"http:\/\/todo.fm\/es\/node\/672\">Verano 2012: Dise\u00f1o App<\/a><\/strong><br>\nWhere: Altos de Chavon School of Art and Design<br>\n<strong><a href=\"http:\/\/todo.fm\/es\/node\/672\">Haga click aqu\u00ed para m\u00e1s info!<\/a><\/strong><\/p>\n\n\n\n<figure class=\"wp-block-image is-resized\"><a href=\"https:\/\/i0.wp.com\/casadecampoliving.com\/wp-content\/uploads\/2022\/10\/casa_de_campo2-15.jpg?ssl=1\"><img loading=\"lazy\" decoding=\"async\" src=\"https:\/\/i0.wp.com\/casadecampoliving.com\/wp-content\/uploads\/2022\/10\/casa_de_campo2-15.jpg?resize=550%2C32&amp;ssl=1\" alt=\"\" title=\"casa_de_campo\" height=\"32\" width=\"550\"\/><\/a><\/figure>\n\n\n\n<p><strong><a href=\"http:\/\/todocasadecampo.com\/es\/node\/384\">Verano 2012- clases de arte y dise\u00f1o<\/a><\/strong><br>\n<strong>D\u00f3nde<\/strong>:&nbsp;Escuela de Arte y Dise\u00f1o de Altos de Chav\u00f3n<br>\n<strong><a href=\"http:\/\/todocasadecampo.com\/es\/node\/384\">Haga click aqu\u00ed para m\u00e1s info!&nbsp;<\/a><\/strong><\/p>\n\n\n\n<p><strong><a href=\"http:\/\/todo.fm\/es\/node\/672\">Verano 2012:&nbsp;T\u00e9cnicas de actuaci\u00f3n<\/a><\/strong><br>\n<strong>D\u00f3nde<\/strong>: Escuela de Arte y Dise\u00f1o Altos de Chav\u00f3n<br>\n<a href=\"http:\/\/todo.fm\/es\/node\/672\"><strong>Haga click aqu\u00ed para m\u00e1s info!<\/strong>&nbsp;<\/a><\/p>\n\n\n\n<p><strong><a href=\"http:\/\/todo.fm\/es\/node\/672\">Verano 2012:&nbsp;Dise\u00f1o App<\/a><\/strong><br>\nWhere: Altos de Chavon School of Art and Design<br>\n<strong><a href=\"http:\/\/todo.fm\/es\/node\/672\">Haga click aqu\u00ed para m\u00e1s info!<\/a><\/strong><\/p>\n\n\n\n<figure class=\"wp-block-image is-resized\"><img loading=\"lazy\" decoding=\"async\" src=\"https:\/\/i0.wp.com\/casadecampoliving.com\/wp-content\/uploads\/2022\/10\/casa_de_campo3-12.jpg?resize=550%2C32&amp;ssl=1\" alt=\"casa de campo\" title=\"casa_de_campo\" height=\"32\" width=\"550\"\/><\/figure>\n\n\n\n<p><strong><strong><a href=\"http:\/\/todocasadecampo.com\/es\/node\/570\">Exhibici\u00f3n de arte \u201cFlor de Cayuco\u201d<\/a><br>\nD\u00f3nde:&nbsp;<\/strong><\/strong>Galer\u00eda de arte, Altos de Chav\u00f3n<br>\n<strong><a href=\"http:\/\/todocasadecampo.com\/es\/node\/570\">Haga click aqu\u00ed para m\u00e1s info!<\/a><\/strong><\/p>\n\n\n\n<p><strong><a href=\"http:\/\/todo.fm\/es\/node\/672\">Verano 2012:&nbsp;T\u00e9cnicas de actuaci\u00f3n<\/a><\/strong><br>\n<strong>D\u00f3nde<\/strong>: Escuela de Arte y Dise\u00f1o Altos de Chav\u00f3n<br>\n<a href=\"http:\/\/todo.fm\/es\/node\/672\"><strong>Haga click aqu\u00ed para m\u00e1s info!<\/strong>&nbsp;<\/a><\/p>\n\n\n\n<p><strong><a href=\"http:\/\/todo.fm\/es\/node\/672\">Verano 2012:&nbsp;Dise\u00f1o App<\/a><\/strong><br>\nWhere: Altos de Chavon School of Art and Design<br>\n<strong><a href=\"http:\/\/todo.fm\/es\/node\/672\">Haga click aqu\u00ed para m\u00e1s info!<\/a><\/strong><\/p>\n\n\n\n<p><strong><a href=\"http:\/\/todocasadecampo.com\/es\/node\/384\">Verano 2012- clases de arte y dise\u00f1o<\/a><\/strong><br>\n<strong>D\u00f3nde<\/strong>:&nbsp;Escuela de Arte y Dise\u00f1o de Altos de Chav\u00f3n<br>\n<strong><a href=\"http:\/\/todocasadecampo.com\/es\/node\/384\">Haga click aqu\u00ed para m\u00e1s info!&nbsp;<\/a><\/strong><\/p>\n\n\n\n<figure class=\"wp-block-image is-resized\"><a href=\"https:\/\/i0.wp.com\/casadecampoliving.com\/wp-content\/uploads\/2022\/10\/casa_de_campo11-2.jpg?ssl=1\"><img loading=\"lazy\" decoding=\"async\" src=\"https:\/\/i0.wp.com\/casadecampoliving.com\/wp-content\/uploads\/2022\/10\/casa_de_campo11-2.jpg?resize=550%2C32&amp;ssl=1\" alt=\"\" title=\"casa_de_campo1\" height=\"32\" width=\"550\"\/><\/a><\/figure>\n\n\n\n<p><strong><strong><a href=\"http:\/\/todocasadecampo.com\/es\/node\/570\">Exhibici\u00f3n de arte \u201cFlor de Cayuco\u201d<\/a><br>\nD\u00f3nde:&nbsp;<\/strong><\/strong>Galer\u00eda de arte, Altos de Chav\u00f3n<br>\n<strong><a href=\"http:\/\/todocasadecampo.com\/es\/node\/570\">Haga click aqu\u00ed para m\u00e1s info!<\/a><\/strong><\/p>\n\n\n\n<p><strong><a href=\"http:\/\/todocasadecampo.com\/es\/node\/384\">Verano 2012- clases de arte y dise\u00f1o<br>\n<\/a><\/strong><strong>D\u00f3nde<\/strong>:&nbsp;Escuela de Arte y Dise\u00f1o de Altos de Chav\u00f3n<br>\n<strong><a href=\"http:\/\/todocasadecampo.com\/es\/node\/384\">Haga click aqu\u00ed para m\u00e1s info!<\/a><\/strong><\/p>\n\n\n\n<p><strong><a href=\"http:\/\/todo.fm\/es\/node\/672\">Verano 2012:&nbsp;T\u00e9cnicas de actuaci\u00f3n<\/a><\/strong><br>\n<strong>D\u00f3nde<\/strong>: Escuela de Arte y Dise\u00f1o Altos de Chav\u00f3n<br>\n<a href=\"http:\/\/todo.fm\/es\/node\/672\"><strong>Haga click aqu\u00ed para m\u00e1s info!<\/strong>&nbsp;<\/a><\/p>\n\n\n\n<p><strong><a href=\"http:\/\/todo.fm\/es\/node\/672\">Verano 2012:&nbsp;Dise\u00f1o App<\/a><\/strong><br>\nWhere: Altos de Chavon School of Art and Design<br>\n<strong><a href=\"http:\/\/todo.fm\/es\/node\/672\">Haga click aqu\u00ed para m\u00e1s info!<\/a><\/strong><\/p>\n\n\n\n<blockquote class=\"wp-block-quote is-layout-flow wp-block-quote-is-layout-flow\"><p><strong><a href=\"https:\/\/casadecampoliving.com\/es\/2012\/01\/happy-hour-en-la-enotecatodos-los-jueves\/\">La Enoteca 2\u00d71 Happy Hour<\/a><\/strong><br>\n<strong>Hora<\/strong>: 7pm-9pm<br>\n<strong>D\u00f3nde<\/strong>: La Enoteca, Marina Casa de Campo<br>\n<strong><a href=\"https:\/\/casadecampoliving.com\/es\/2012\/01\/happy-hour-en-la-enotecatodos-los-jueves\/\">Haga click aqu\u00ed para m\u00e1s info!&nbsp;<\/a>&nbsp;<\/strong><\/p><\/blockquote>\n\n\n\n<figure class=\"wp-block-image is-resized\"><a href=\"https:\/\/i0.wp.com\/casadecampoliving.com\/wp-content\/uploads\/2022\/10\/casa_de_campo4-9.jpg?ssl=1\"><img loading=\"lazy\" decoding=\"async\" src=\"https:\/\/i0.wp.com\/casadecampoliving.com\/wp-content\/uploads\/2022\/10\/casa_de_campo4-9.jpg?resize=550%2C32&amp;ssl=1\" alt=\"\" title=\"casa_de_campo\" height=\"32\" width=\"550\"\/><\/a><\/figure>\n\n\n\n<p><strong><strong><a href=\"http:\/\/todocasadecampo.com\/es\/node\/570\">Exhibici\u00f3n de arte \u201cFlor de Cayuco\u201d<\/a><br>\nD\u00f3nde:&nbsp;<\/strong><\/strong>Galer\u00eda de arte, Altos de Chav\u00f3n<br>\n<strong><a href=\"http:\/\/todocasadecampo.com\/es\/node\/570\">Haga click aqu\u00ed para m\u00e1s info!<\/a><\/strong><\/p>\n\n\n\n<p><strong><a href=\"http:\/\/todo.fm\/es\/node\/672\">Verano 2012:&nbsp;T\u00e9cnicas de actuaci\u00f3n<\/a><\/strong><br>\n<strong>D\u00f3nde<\/strong>: Escuela de Arte y Dise\u00f1o Altos de Chav\u00f3n<br>\n<a href=\"http:\/\/todo.fm\/es\/node\/672\"><strong>Haga click aqu\u00ed para m\u00e1s info!<\/strong>&nbsp;<\/a><\/p>\n\n\n\n<p><strong><a href=\"http:\/\/todo.fm\/es\/node\/672\">Verano 2012:&nbsp;Dise\u00f1o App<\/a><\/strong><br>\nWhere: Altos de Chavon School of Art and Design<br>\n<strong><a href=\"http:\/\/todo.fm\/es\/node\/672\">Haga click aqu\u00ed para m\u00e1s info!<\/a><\/strong><\/p>\n\n\n\n<p><strong><a href=\"http:\/\/todocasadecampo.com\/es\/node\/384\">Verano 2012- clases de arte y dise\u00f1o<\/a><\/strong><br>\n<strong>D\u00f3nde<\/strong>:&nbsp;Escuela de Arte y Dise\u00f1o de Altos de Chav\u00f3n<br>\n<strong><a href=\"http:\/\/todocasadecampo.com\/es\/node\/384\">Haga click aqu\u00ed para m\u00e1s info!<\/a><\/strong><\/p>\n\n\n\n<p><a href=\"http:\/\/todo.fm\/es\/node\/602\"><strong>Exhibici\u00f3n fotogr\u00e1fica \u201cBuscando Esencias\u201d<\/strong><br>\n<\/a><strong>Where<\/strong>: Altos de Chavon art gallery<br>\n<strong><a href=\"http:\/\/todo.fm\/es\/node\/602\">Haga click aqu\u00ed para m\u00e1s info!<\/a><\/strong><\/p>\n\n\n\n<p><a href=\"http:\/\/todo.fm\/es\/node\/700\"><strong>Caf\u00e9 de la Leche<\/strong><br>\n<\/a><strong>D\u00f3nde<\/strong>: Tracadero, Bayahibe<br>\n<strong><a href=\"http:\/\/todo.fm\/es\/node\/700\">Haga click aqu\u00ed para m\u00e1s info!<\/a><\/strong><\/p>\n\n\n\n<p><strong><a href=\"http:\/\/todocasadecampo.com\/es\/node\/577\">Noche Latina<\/a><\/strong><br>\n<strong>D\u00f3nde<\/strong>: La Ca\u00f1a Restaurant &amp; Lounge by Il Circo<br>\n<a href=\"http:\/\/todocasadecampo.com\/es\/node\/577\"><strong>Haga click aqu\u00ed para m\u00e1s info!<\/strong>&nbsp;<\/a><\/p>\n\n\n\n<p><strong><strong><a href=\"http:\/\/wp.me\/p1kvEy-d0b\">\u201cMen\u00fa Especial de Fin de semana\u201d<\/a><br>\nD\u00f3nde:&nbsp;<\/strong><\/strong>&nbsp;Restaurante y Lounge&nbsp;La Ca\u00f1a by Il Circo<strong><br>\n<strong><a href=\"http:\/\/wp.me\/p1kvEy-d0b\">Haga click aqu\u00ed para m\u00e1s info!<\/a>&nbsp;&nbsp;<\/strong><\/strong><\/p>\n\n\n\n<figure class=\"wp-block-image is-resized\"><img loading=\"lazy\" decoding=\"async\" src=\"https:\/\/i0.wp.com\/casadecampoliving.com\/wp-content\/uploads\/2022\/10\/casa_de_campo21-2.jpg?resize=550%2C32&amp;ssl=1\" alt=\"\" title=\"casa_de_campo2\" height=\"32\" width=\"550\"\/><\/figure>\n\n\n\n<p><a href=\"https:\/\/casadecampoliving.com\/wp-content\/uploads\/2022\/10\/casa_de_campo21-2.jpg\"><strong><strong><\/strong><\/strong><\/a><\/p>\n\n\n\n<p><strong><strong><a href=\"http:\/\/todocasadecampo.com\/es\/node\/570\">Exhibici\u00f3n de arte \u201cFlor de Cayuco\u201d<\/a><br>\nD\u00f3nde:&nbsp;<\/strong><\/strong>Galer\u00eda de arte, Altos de Chav\u00f3n<br>\n<strong><a href=\"http:\/\/todocasadecampo.com\/es\/node\/570\">Haga click aqu\u00ed para m\u00e1s info!<\/a><\/strong><\/p>\n\n\n\n<p><strong><a href=\"http:\/\/todo.fm\/es\/node\/696\">7ma Exhibici\u00f3n de Arte Haitiana<\/a><\/strong><br>\n<strong>D\u00f3nde<\/strong>: Punta Minitas #37, Casa de Campo<br>\n<strong><a href=\"http:\/\/todo.fm\/es\/node\/696\">Haga click aqu\u00ed para m\u00e1s info!&nbsp;<\/a><\/strong><\/p>\n\n\n\n<p><strong><a href=\"http:\/\/todo.fm\/es\/node\/708\">Torneo Tenis: Fin de Semana Familiar MIR<\/a><\/strong><br>\n<strong>D\u00f3nde<\/strong>: La Terraza<br>\n<strong><a href=\"http:\/\/todo.fm\/es\/node\/708\">Haga click aqu\u00ed para m\u00e1s info!&nbsp;<\/a><\/strong><\/p>\n\n\n\n<p><strong><a href=\"http:\/\/todo.fm\/es\/node\/709\">Torneo Golf: Fin de Semana Familiar MIR<\/a><\/strong><br>\n<strong>D\u00f3nde<\/strong>: La Romana Country Club<br>\n<strong><a href=\"http:\/\/todo.fm\/es\/node\/709\">Haga click aqu\u00ed para m\u00e1s info!&nbsp;<\/a><\/strong><\/p>\n\n\n\n<p><strong><a href=\"http:\/\/todo.fm\/es\/node\/164\">Bailando Por La Vida \u2013 Cena MIR<\/a><\/strong><br>\n<strong>D\u00f3nde<\/strong>: Playa Minitas<br>\n<strong><a href=\"http:\/\/todo.fm\/es\/node\/164\">Haga click aqu\u00ed para m\u00e1s info!<\/a><\/strong><\/p>\n\n\n\n<p><strong><a href=\"http:\/\/todocasadecampo.com\/es\/node\/577\">Noche Latina<\/a><\/strong><br>\n<strong>D\u00f3nde<\/strong>: La Ca\u00f1a Restaurant &amp; Lounge by Il Circo<br>\n<a href=\"http:\/\/todocasadecampo.com\/es\/node\/577\"><strong>Haga click aqu\u00ed para m\u00e1s info!<\/strong>&nbsp;&nbsp;<\/a><\/p>\n\n\n\n<p><strong><a href=\"http:\/\/wp.me\/p1kvEy-d0b\">\u201cMen\u00fa Especial de Fin de semana\u201d<\/a><br>\nD\u00f3nde:&nbsp;<\/strong>&nbsp;Restaurante y Lounge&nbsp;La Ca\u00f1a by Il Circo<strong><br>\n<strong><a href=\"http:\/\/wp.me\/p1kvEy-d0b\">Haga click aqu\u00ed para m\u00e1s info!<\/a>&nbsp;<\/strong><\/strong><\/p>\n\n\n\n<figure class=\"wp-block-image is-resized\"><a href=\"https:\/\/i0.wp.com\/casadecampoliving.com\/wp-content\/uploads\/2022\/10\/casa_de_campo31-2.jpg?ssl=1\"><img loading=\"lazy\" decoding=\"async\" src=\"https:\/\/i0.wp.com\/casadecampoliving.com\/wp-content\/uploads\/2022\/10\/casa_de_campo31-2.jpg?resize=550%2C32&amp;ssl=1\" alt=\"\" title=\"casa_de_campo3\" height=\"32\" width=\"550\"\/><\/a><\/figure>\n\n\n\n<p><strong><strong><a href=\"http:\/\/todocasadecampo.com\/es\/node\/570\">Exhibici\u00f3n de arte \u201cFlor de Cayuco\u201d<\/a><br>\nD\u00f3nde:&nbsp;<\/strong><\/strong>Galer\u00eda de arte, Altos de Chav\u00f3n<br>\n<strong><a href=\"http:\/\/todocasadecampo.com\/es\/node\/570\">Haga click aqu\u00ed para m\u00e1s info!<\/a><\/strong><\/p>\n\n\n\n<p><strong><a href=\"http:\/\/todo.fm\/es\/node\/696\">7ma Exhibici\u00f3n de Arte Haitiana<\/a><\/strong><br>\n<strong>D\u00f3nde<\/strong>: Punta Minitas #37, Casa de Campo<br>\n<strong><a href=\"http:\/\/todo.fm\/es\/node\/696\">Haga click aqu\u00ed para m\u00e1s info!&nbsp;<\/a><\/strong><\/p>\n\n\n\n<p><strong><a href=\"http:\/\/todocasadecampo.com\/es\/node\/620\">Clases de Nataci\u00f3n<\/a><\/strong><br>\n<strong>D\u00f3nde<\/strong>: Club de la Costa, Central Romana<br>\n<strong><a href=\"http:\/\/todocasadecampo.com\/es\/node\/620\">Haga click aqu\u00ed para m\u00e1s info!<\/a><\/strong><\/p>\n\n\n\n<blockquote><p><strong>Mant\u00e9ngase al d\u00eda con T O D O Casa de Campo!<\/strong><\/p><figure><img decoding=\"async\" loading=\"lazy\" title=\"TODO_casa_de_campo\" src=\"https:\/\/i0.wp.com\/casadecampoliving.com\/wp-content\/uploads\/2022\/10\/TODO_casa_de_campo1-13.jpg?resize=503%2C538&amp;ssl=1\" alt=\"TODO casa de campo\" width=\"503\" height=\"538\"><\/figure><p>Silgon Inc. (los creadores de la revista CasaLife y Casa de Campo Living) acaban de lanzar \u201cT O D O Casa de Campo\u201d, la oficial gu\u00ed bilingue de Casa de Campo; una invaluable herramienta para disfrutar de Casa de Campo, con un calendario de eventos, mapas, tarifas, horarios, n\u00fameros telef\u00f3nicos y mucho m\u00e1s.<\/p><p><strong><a href=\"http:\/\/www.todocasadecampo.com\/es\">Haga click aqu\u00ed para ver la versi\u00f3n en l\u00ednea de \u201cT O D O Casa de Campo\u201d&nbsp;<\/a><\/strong><\/p><\/blockquote>\n","protected":false},"excerpt":{"rendered":"<p>Esta semana en Casa de Campo disfrute de un sin fin de actividades de verano, el Caf\u00e9 de la Leche, el Fin de Semana Familiar de MIR y mucho m\u00e1s!<\/p>\n","protected":false},"author":21,"featured_media":222543,"comment_status":"closed","ping_status":"closed","sticky":false,"template":"","format":"standard","meta":{"newspack_ads_suppress_ads":false,"newspack_popups_has_disabled_popups":false,"newspack_sponsor_sponsorship_scope":"","newspack_sponsor_native_byline_display":"inherit","newspack_sponsor_native_category_display":"inherit","newspack_sponsor_underwriter_style":"inherit","newspack_sponsor_underwriter_placement":"inherit","_newspack_byline_active":false,"_newspack_byline":"","newspack_hide_updated_date":false,"newspack_show_updated_date":false,"newspack_content_restriction_is_exempt":false,"newspack_featured_image_position":"","newspack_post_subtitle":"","newspack_article_summary_title":"Overview:","newspack_article_summary":"","_jetpack_memberships_contains_paid_content":false,"footnotes":"","jetpack_publicize_message":"","jetpack_publicize_feature_enabled":true,"jetpack_social_post_already_shared":false,"jetpack_social_options":{"image_generator_settings":{"template":"highway","default_image_id":0,"font":"","enabled":false},"version":2},"_wpas_customize_per_network":false},"categories":[14625,26822],"tags":[2593],"newspack_spnsrs_tax":[],"class_list":["post-339521","post","type-post","status-publish","format-standard","has-post-thumbnail","hentry","category-noticias-locales","category-resort-casa-de-campo","tag-esta-semana-en-casa-de-campo","entry"],"yoast_head":"<!-- This site is optimized with the Yoast SEO plugin v27.5 - https:\/\/yoast.com\/product\/yoast-seo-wordpress\/ -->\n<title>Esta Semana en Casa de Campo: 6 al 12 de agosto! | Casa de Campo Living<\/title>\n<meta name=\"description\" content=\"Esta semana en Casa de Campo disfrute de un sin fin de actividades de verano, el Caf\u00e9 de la Leche, el Fin de Semana Familiar de MIR y mucho m\u00e1s! Estos\" \/>\n<meta name=\"robots\" content=\"index, follow, max-snippet:-1, max-image-preview:large, max-video-preview:-1\" \/>\n<link rel=\"canonical\" href=\"https:\/\/casadecampoliving.com\/es\/esta-semana-en-casa-de-campo-6-al-12-de-agosto\/\" \/>\n<meta property=\"og:locale\" content=\"es_ES\" \/>\n<meta property=\"og:type\" content=\"article\" \/>\n<meta property=\"og:title\" content=\"Esta Semana en Casa de Campo: 6 al 12 de agosto! | Casa de Campo Living\" \/>\n<meta property=\"og:description\" content=\"Esta semana en Casa de Campo disfrute de un sin fin de actividades de verano, el Caf\u00e9 de la Leche, el Fin de Semana Familiar de MIR y mucho m\u00e1s! Estos\" \/>\n<meta property=\"og:url\" content=\"https:\/\/casadecampoliving.com\/es\/esta-semana-en-casa-de-campo-6-al-12-de-agosto\/\" \/>\n<meta property=\"og:site_name\" content=\"Casa de Campo Living\" \/>\n<meta property=\"article:publisher\" content=\"https:\/\/www.facebook.com\/casadecampoliving\" \/>\n<meta property=\"article:published_time\" content=\"2012-08-06T04:00:00+00:00\" \/>\n<meta property=\"article:modified_time\" content=\"2022-10-21T22:46:22+00:00\" \/>\n<meta property=\"og:image\" content=\"https:\/\/i0.wp.com\/casadecampoliving.com\/wp-content\/uploads\/2022\/10\/thisweekincasa2-1.jpg?fit=650%2C350&ssl=1\" \/>\n\t<meta property=\"og:image:width\" content=\"650\" \/>\n\t<meta property=\"og:image:height\" content=\"350\" \/>\n\t<meta property=\"og:image:type\" content=\"image\/jpeg\" \/>\n<meta name=\"twitter:card\" content=\"summary_large_image\" \/>\n<meta name=\"twitter:creator\" content=\"@cdcliving\" \/>\n<meta name=\"twitter:site\" content=\"@cdcliving\" \/>\n<meta name=\"twitter:label1\" content=\"Escrito por\" \/>\n\t<meta name=\"twitter:data1\" content=\"\" \/>\n\t<meta name=\"twitter:label2\" content=\"Tiempo de lectura\" \/>\n\t<meta name=\"twitter:data2\" content=\"5 minutos\" \/>\n<script type=\"application\/ld+json\" class=\"yoast-schema-graph\">{\"@context\":\"https:\\\/\\\/schema.org\",\"@graph\":[{\"@type\":\"Article\",\"@id\":\"https:\\\/\\\/casadecampoliving.com\\\/es\\\/esta-semana-en-casa-de-campo-6-al-12-de-agosto\\\/#article\",\"isPartOf\":{\"@id\":\"https:\\\/\\\/casadecampoliving.com\\\/es\\\/esta-semana-en-casa-de-campo-6-al-12-de-agosto\\\/\"},\"author\":{\"name\":\"\",\"@id\":\"https:\\\/\\\/casadecampoliving.com\\\/es\\\/#\\\/schema\\\/person\\\/7e3b975d584a5f6ac0fd7128a81b0bc5\"},\"headline\":\"Esta Semana en Casa de Campo: 6 al 12 de agosto!\",\"datePublished\":\"2012-08-06T04:00:00+00:00\",\"dateModified\":\"2022-10-21T22:46:22+00:00\",\"mainEntityOfPage\":{\"@id\":\"https:\\\/\\\/casadecampoliving.com\\\/es\\\/esta-semana-en-casa-de-campo-6-al-12-de-agosto\\\/\"},\"wordCount\":1021,\"publisher\":{\"@id\":\"https:\\\/\\\/casadecampoliving.com\\\/es\\\/#organization\"},\"image\":{\"@id\":\"https:\\\/\\\/casadecampoliving.com\\\/es\\\/esta-semana-en-casa-de-campo-6-al-12-de-agosto\\\/#primaryimage\"},\"thumbnailUrl\":\"https:\\\/\\\/i0.wp.com\\\/casadecampoliving.com\\\/wp-content\\\/uploads\\\/2022\\\/10\\\/thisweekincasa2-1.jpg?fit=650%2C350&ssl=1\",\"keywords\":[\"esta semana en casa de campo\"],\"articleSection\":[\"Noticias Locales\",\"Resort Casa de Campo\"],\"inLanguage\":\"es\"},{\"@type\":\"WebPage\",\"@id\":\"https:\\\/\\\/casadecampoliving.com\\\/es\\\/esta-semana-en-casa-de-campo-6-al-12-de-agosto\\\/\",\"url\":\"https:\\\/\\\/casadecampoliving.com\\\/es\\\/esta-semana-en-casa-de-campo-6-al-12-de-agosto\\\/\",\"name\":\"Esta Semana en Casa de Campo: 6 al 12 de agosto! | Casa de Campo Living\",\"isPartOf\":{\"@id\":\"https:\\\/\\\/casadecampoliving.com\\\/es\\\/#website\"},\"primaryImageOfPage\":{\"@id\":\"https:\\\/\\\/casadecampoliving.com\\\/es\\\/esta-semana-en-casa-de-campo-6-al-12-de-agosto\\\/#primaryimage\"},\"image\":{\"@id\":\"https:\\\/\\\/casadecampoliving.com\\\/es\\\/esta-semana-en-casa-de-campo-6-al-12-de-agosto\\\/#primaryimage\"},\"thumbnailUrl\":\"https:\\\/\\\/i0.wp.com\\\/casadecampoliving.com\\\/wp-content\\\/uploads\\\/2022\\\/10\\\/thisweekincasa2-1.jpg?fit=650%2C350&ssl=1\",\"datePublished\":\"2012-08-06T04:00:00+00:00\",\"dateModified\":\"2022-10-21T22:46:22+00:00\",\"description\":\"Esta semana en Casa de Campo disfrute de un sin fin de actividades de verano, el Caf\u00e9 de la Leche, el Fin de Semana Familiar de MIR y mucho m\u00e1s! Estos\",\"breadcrumb\":{\"@id\":\"https:\\\/\\\/casadecampoliving.com\\\/es\\\/esta-semana-en-casa-de-campo-6-al-12-de-agosto\\\/#breadcrumb\"},\"inLanguage\":\"es\",\"potentialAction\":[{\"@type\":\"ReadAction\",\"target\":[\"https:\\\/\\\/casadecampoliving.com\\\/es\\\/esta-semana-en-casa-de-campo-6-al-12-de-agosto\\\/\"]}]},{\"@type\":\"ImageObject\",\"inLanguage\":\"es\",\"@id\":\"https:\\\/\\\/casadecampoliving.com\\\/es\\\/esta-semana-en-casa-de-campo-6-al-12-de-agosto\\\/#primaryimage\",\"url\":\"https:\\\/\\\/i0.wp.com\\\/casadecampoliving.com\\\/wp-content\\\/uploads\\\/2022\\\/10\\\/thisweekincasa2-1.jpg?fit=650%2C350&ssl=1\",\"contentUrl\":\"https:\\\/\\\/i0.wp.com\\\/casadecampoliving.com\\\/wp-content\\\/uploads\\\/2022\\\/10\\\/thisweekincasa2-1.jpg?fit=650%2C350&ssl=1\",\"width\":650,\"height\":350},{\"@type\":\"BreadcrumbList\",\"@id\":\"https:\\\/\\\/casadecampoliving.com\\\/es\\\/esta-semana-en-casa-de-campo-6-al-12-de-agosto\\\/#breadcrumb\",\"itemListElement\":[{\"@type\":\"ListItem\",\"position\":1,\"name\":\"Home\",\"item\":\"https:\\\/\\\/casadecampoliving.com\\\/es\\\/\"},{\"@type\":\"ListItem\",\"position\":2,\"name\":\"Esta Semana en Casa de Campo: 6 al 12 de agosto!\"}]},{\"@type\":\"WebSite\",\"@id\":\"https:\\\/\\\/casadecampoliving.com\\\/es\\\/#website\",\"url\":\"https:\\\/\\\/casadecampoliving.com\\\/es\\\/\",\"name\":\"Casa de Campo Living\",\"description\":\"Resort community news and resources.\",\"publisher\":{\"@id\":\"https:\\\/\\\/casadecampoliving.com\\\/es\\\/#organization\"},\"potentialAction\":[{\"@type\":\"SearchAction\",\"target\":{\"@type\":\"EntryPoint\",\"urlTemplate\":\"https:\\\/\\\/casadecampoliving.com\\\/es\\\/?s={search_term_string}\"},\"query-input\":{\"@type\":\"PropertyValueSpecification\",\"valueRequired\":true,\"valueName\":\"search_term_string\"}}],\"inLanguage\":\"es\"},{\"@type\":\"Organization\",\"@id\":\"https:\\\/\\\/casadecampoliving.com\\\/es\\\/#organization\",\"name\":\"Casa de Campo Living\",\"url\":\"https:\\\/\\\/casadecampoliving.com\\\/es\\\/\",\"logo\":{\"@type\":\"ImageObject\",\"inLanguage\":\"es\",\"@id\":\"https:\\\/\\\/casadecampoliving.com\\\/es\\\/#\\\/schema\\\/logo\\\/image\\\/\",\"url\":\"https:\\\/\\\/i0.wp.com\\\/casadecampoliving.com\\\/wp-content\\\/uploads\\\/2022\\\/07\\\/CDCLivingLogo_V1-white-sized.png?fit=800%2C214&ssl=1\",\"contentUrl\":\"https:\\\/\\\/i0.wp.com\\\/casadecampoliving.com\\\/wp-content\\\/uploads\\\/2022\\\/07\\\/CDCLivingLogo_V1-white-sized.png?fit=800%2C214&ssl=1\",\"width\":800,\"height\":214,\"caption\":\"Casa de Campo Living\"},\"image\":{\"@id\":\"https:\\\/\\\/casadecampoliving.com\\\/es\\\/#\\\/schema\\\/logo\\\/image\\\/\"},\"sameAs\":[\"https:\\\/\\\/www.facebook.com\\\/casadecampoliving\",\"https:\\\/\\\/x.com\\\/cdcliving\"]},{\"@type\":\"Person\",\"@id\":\"https:\\\/\\\/casadecampoliving.com\\\/es\\\/#\\\/schema\\\/person\\\/7e3b975d584a5f6ac0fd7128a81b0bc5\",\"name\":\"\",\"image\":{\"@type\":\"ImageObject\",\"inLanguage\":\"es\",\"@id\":\"https:\\\/\\\/secure.gravatar.com\\\/avatar\\\/?s=96&d=mm&r=g\",\"url\":\"https:\\\/\\\/secure.gravatar.com\\\/avatar\\\/?s=96&d=mm&r=g\",\"contentUrl\":\"https:\\\/\\\/secure.gravatar.com\\\/avatar\\\/?s=96&d=mm&r=g\"},\"url\":\"https:\\\/\\\/casadecampoliving.com\\\/es\\\/author\\\/ \\\/\"}]}<\/script>\n<!-- \/ Yoast SEO plugin. -->","yoast_head_json":{"title":"Esta Semana en Casa de Campo: 6 al 12 de agosto! | Casa de Campo Living","description":"Esta semana en Casa de Campo disfrute de un sin fin de actividades de verano, el Caf\u00e9 de la Leche, el Fin de Semana Familiar de MIR y mucho m\u00e1s! Estos","robots":{"index":"index","follow":"follow","max-snippet":"max-snippet:-1","max-image-preview":"max-image-preview:large","max-video-preview":"max-video-preview:-1"},"canonical":"https:\/\/casadecampoliving.com\/es\/esta-semana-en-casa-de-campo-6-al-12-de-agosto\/","og_locale":"es_ES","og_type":"article","og_title":"Esta Semana en Casa de Campo: 6 al 12 de agosto! | Casa de Campo Living","og_description":"Esta semana en Casa de Campo disfrute de un sin fin de actividades de verano, el Caf\u00e9 de la Leche, el Fin de Semana Familiar de MIR y mucho m\u00e1s! Estos","og_url":"https:\/\/casadecampoliving.com\/es\/esta-semana-en-casa-de-campo-6-al-12-de-agosto\/","og_site_name":"Casa de Campo Living","article_publisher":"https:\/\/www.facebook.com\/casadecampoliving","article_published_time":"2012-08-06T04:00:00+00:00","article_modified_time":"2022-10-21T22:46:22+00:00","og_image":[{"width":650,"height":350,"url":"https:\/\/i0.wp.com\/casadecampoliving.com\/wp-content\/uploads\/2022\/10\/thisweekincasa2-1.jpg?fit=650%2C350&ssl=1","type":"image\/jpeg"}],"twitter_card":"summary_large_image","twitter_creator":"@cdcliving","twitter_site":"@cdcliving","twitter_misc":{"Escrito por":"","Tiempo de lectura":"5 minutos"},"schema":{"@context":"https:\/\/schema.org","@graph":[{"@type":"Article","@id":"https:\/\/casadecampoliving.com\/es\/esta-semana-en-casa-de-campo-6-al-12-de-agosto\/#article","isPartOf":{"@id":"https:\/\/casadecampoliving.com\/es\/esta-semana-en-casa-de-campo-6-al-12-de-agosto\/"},"author":{"name":"","@id":"https:\/\/casadecampoliving.com\/es\/#\/schema\/person\/7e3b975d584a5f6ac0fd7128a81b0bc5"},"headline":"Esta Semana en Casa de Campo: 6 al 12 de agosto!","datePublished":"2012-08-06T04:00:00+00:00","dateModified":"2022-10-21T22:46:22+00:00","mainEntityOfPage":{"@id":"https:\/\/casadecampoliving.com\/es\/esta-semana-en-casa-de-campo-6-al-12-de-agosto\/"},"wordCount":1021,"publisher":{"@id":"https:\/\/casadecampoliving.com\/es\/#organization"},"image":{"@id":"https:\/\/casadecampoliving.com\/es\/esta-semana-en-casa-de-campo-6-al-12-de-agosto\/#primaryimage"},"thumbnailUrl":"https:\/\/i0.wp.com\/casadecampoliving.com\/wp-content\/uploads\/2022\/10\/thisweekincasa2-1.jpg?fit=650%2C350&ssl=1","keywords":["esta semana en casa de campo"],"articleSection":["Noticias Locales","Resort Casa de Campo"],"inLanguage":"es"},{"@type":"WebPage","@id":"https:\/\/casadecampoliving.com\/es\/esta-semana-en-casa-de-campo-6-al-12-de-agosto\/","url":"https:\/\/casadecampoliving.com\/es\/esta-semana-en-casa-de-campo-6-al-12-de-agosto\/","name":"Esta Semana en Casa de Campo: 6 al 12 de agosto! | Casa de Campo Living","isPartOf":{"@id":"https:\/\/casadecampoliving.com\/es\/#website"},"primaryImageOfPage":{"@id":"https:\/\/casadecampoliving.com\/es\/esta-semana-en-casa-de-campo-6-al-12-de-agosto\/#primaryimage"},"image":{"@id":"https:\/\/casadecampoliving.com\/es\/esta-semana-en-casa-de-campo-6-al-12-de-agosto\/#primaryimage"},"thumbnailUrl":"https:\/\/i0.wp.com\/casadecampoliving.com\/wp-content\/uploads\/2022\/10\/thisweekincasa2-1.jpg?fit=650%2C350&ssl=1","datePublished":"2012-08-06T04:00:00+00:00","dateModified":"2022-10-21T22:46:22+00:00","description":"Esta semana en Casa de Campo disfrute de un sin fin de actividades de verano, el Caf\u00e9 de la Leche, el Fin de Semana Familiar de MIR y mucho m\u00e1s! Estos","breadcrumb":{"@id":"https:\/\/casadecampoliving.com\/es\/esta-semana-en-casa-de-campo-6-al-12-de-agosto\/#breadcrumb"},"inLanguage":"es","potentialAction":[{"@type":"ReadAction","target":["https:\/\/casadecampoliving.com\/es\/esta-semana-en-casa-de-campo-6-al-12-de-agosto\/"]}]},{"@type":"ImageObject","inLanguage":"es","@id":"https:\/\/casadecampoliving.com\/es\/esta-semana-en-casa-de-campo-6-al-12-de-agosto\/#primaryimage","url":"https:\/\/i0.wp.com\/casadecampoliving.com\/wp-content\/uploads\/2022\/10\/thisweekincasa2-1.jpg?fit=650%2C350&ssl=1","contentUrl":"https:\/\/i0.wp.com\/casadecampoliving.com\/wp-content\/uploads\/2022\/10\/thisweekincasa2-1.jpg?fit=650%2C350&ssl=1","width":650,"height":350},{"@type":"BreadcrumbList","@id":"https:\/\/casadecampoliving.com\/es\/esta-semana-en-casa-de-campo-6-al-12-de-agosto\/#breadcrumb","itemListElement":[{"@type":"ListItem","position":1,"name":"Home","item":"https:\/\/casadecampoliving.com\/es\/"},{"@type":"ListItem","position":2,"name":"Esta Semana en Casa de Campo: 6 al 12 de agosto!"}]},{"@type":"WebSite","@id":"https:\/\/casadecampoliving.com\/es\/#website","url":"https:\/\/casadecampoliving.com\/es\/","name":"Casa de Campo Living","description":"Resort community news and resources.","publisher":{"@id":"https:\/\/casadecampoliving.com\/es\/#organization"},"potentialAction":[{"@type":"SearchAction","target":{"@type":"EntryPoint","urlTemplate":"https:\/\/casadecampoliving.com\/es\/?s={search_term_string}"},"query-input":{"@type":"PropertyValueSpecification","valueRequired":true,"valueName":"search_term_string"}}],"inLanguage":"es"},{"@type":"Organization","@id":"https:\/\/casadecampoliving.com\/es\/#organization","name":"Casa de Campo Living","url":"https:\/\/casadecampoliving.com\/es\/","logo":{"@type":"ImageObject","inLanguage":"es","@id":"https:\/\/casadecampoliving.com\/es\/#\/schema\/logo\/image\/","url":"https:\/\/i0.wp.com\/casadecampoliving.com\/wp-content\/uploads\/2022\/07\/CDCLivingLogo_V1-white-sized.png?fit=800%2C214&ssl=1","contentUrl":"https:\/\/i0.wp.com\/casadecampoliving.com\/wp-content\/uploads\/2022\/07\/CDCLivingLogo_V1-white-sized.png?fit=800%2C214&ssl=1","width":800,"height":214,"caption":"Casa de Campo Living"},"image":{"@id":"https:\/\/casadecampoliving.com\/es\/#\/schema\/logo\/image\/"},"sameAs":["https:\/\/www.facebook.com\/casadecampoliving","https:\/\/x.com\/cdcliving"]},{"@type":"Person","@id":"https:\/\/casadecampoliving.com\/es\/#\/schema\/person\/7e3b975d584a5f6ac0fd7128a81b0bc5","name":"","image":{"@type":"ImageObject","inLanguage":"es","@id":"https:\/\/secure.gravatar.com\/avatar\/?s=96&d=mm&r=g","url":"https:\/\/secure.gravatar.com\/avatar\/?s=96&d=mm&r=g","contentUrl":"https:\/\/secure.gravatar.com\/avatar\/?s=96&d=mm&r=g"},"url":"https:\/\/casadecampoliving.com\/es\/author\/ \/"}]}},"parsely":{"version":"1.1.0","canonical_url":"https:\/\/casadecampoliving.com\/es\/esta-semana-en-casa-de-campo-6-al-12-de-agosto\/","smart_links":{"inbound":0,"outbound":0},"traffic_boost_suggestions_count":0,"meta":{"@context":"https:\/\/schema.org","@type":"NewsArticle","headline":"Esta Semana en Casa de Campo: 6 al 12 de agosto!","url":"http:\/\/casadecampoliving.com\/es\/esta-semana-en-casa-de-campo-6-al-12-de-agosto\/","mainEntityOfPage":{"@type":"WebPage","@id":"http:\/\/casadecampoliving.com\/es\/esta-semana-en-casa-de-campo-6-al-12-de-agosto\/"},"thumbnailUrl":"https:\/\/i0.wp.com\/casadecampoliving.com\/wp-content\/uploads\/2022\/10\/thisweekincasa2-1.jpg?resize=150%2C150&ssl=1","image":{"@type":"ImageObject","url":"https:\/\/i0.wp.com\/casadecampoliving.com\/wp-content\/uploads\/2022\/10\/thisweekincasa2-1.jpg?fit=650%2C350&ssl=1"},"articleSection":"Noticias Locales","author":[{"@type":"Person","name":"FB_515917546"}],"creator":["FB_515917546"],"publisher":{"@type":"Organization","name":"Casa de Campo Living","logo":"https:\/\/casadecampoliving.com\/wp-content\/uploads\/2022\/07\/CDCLivingLogo_V1-white-sized.png"},"keywords":["esta semana en casa de campo"],"dateCreated":"2012-08-06T04:00:00Z","datePublished":"2012-08-06T04:00:00Z","dateModified":"2022-10-21T22:46:22Z"},"rendered":"<script type=\"application\/ld+json\" class=\"wp-parsely-metadata\">{\"@context\":\"https:\\\/\\\/schema.org\",\"@type\":\"NewsArticle\",\"headline\":\"Esta Semana en Casa de Campo: 6 al 12 de agosto!\",\"url\":\"http:\\\/\\\/casadecampoliving.com\\\/es\\\/esta-semana-en-casa-de-campo-6-al-12-de-agosto\\\/\",\"mainEntityOfPage\":{\"@type\":\"WebPage\",\"@id\":\"http:\\\/\\\/casadecampoliving.com\\\/es\\\/esta-semana-en-casa-de-campo-6-al-12-de-agosto\\\/\"},\"thumbnailUrl\":\"https:\\\/\\\/i0.wp.com\\\/casadecampoliving.com\\\/wp-content\\\/uploads\\\/2022\\\/10\\\/thisweekincasa2-1.jpg?resize=150%2C150&ssl=1\",\"image\":{\"@type\":\"ImageObject\",\"url\":\"https:\\\/\\\/i0.wp.com\\\/casadecampoliving.com\\\/wp-content\\\/uploads\\\/2022\\\/10\\\/thisweekincasa2-1.jpg?fit=650%2C350&ssl=1\"},\"articleSection\":\"Noticias Locales\",\"author\":[{\"@type\":\"Person\",\"name\":\"FB_515917546\"}],\"creator\":[\"FB_515917546\"],\"publisher\":{\"@type\":\"Organization\",\"name\":\"Casa de Campo Living\",\"logo\":\"https:\\\/\\\/casadecampoliving.com\\\/wp-content\\\/uploads\\\/2022\\\/07\\\/CDCLivingLogo_V1-white-sized.png\"},\"keywords\":[\"esta semana en casa de campo\"],\"dateCreated\":\"2012-08-06T04:00:00Z\",\"datePublished\":\"2012-08-06T04:00:00Z\",\"dateModified\":\"2022-10-21T22:46:22Z\"}<\/script>","tracker_url":"https:\/\/cdn.parsely.com\/keys\/casadecampoliving.com\/p.js"},"jetpack_publicize_connections":[],"jetpack_featured_media_url":"https:\/\/i0.wp.com\/casadecampoliving.com\/wp-content\/uploads\/2022\/10\/thisweekincasa2-1.jpg?fit=650%2C350&ssl=1","jetpack-related-posts":[{"id":433460,"url":"https:\/\/casadecampoliving.com\/es\/no-se-pierdan-el-increible-tributo-a-frank-sinatra-para-celebrar-el-40-aniversario-del-anfiteatro-altos-de-chavon\/","url_meta":{"origin":339521,"position":0},"title":"No se pierdan el incre\u00edble tributo a Frank Sinatra para celebrar el 40 aniversario del\u00a0Anfiteatro Altos de Chav\u00f3n","author":"Casa de Campo Living","date":"20 Oct, 2022","format":false,"excerpt":"Siendo uno de los escenarios m\u00e1s emblem\u00e1ticos del pa\u00eds, Casa de Campo Resort\u00ae & Villas celebra las cuatro d\u00e9cadas de aniversario de Altos de Chav\u00f3n con un tributo al gran Frank Sinatra, protagonizado por artistas invitados y una big band tal cual la que acompa\u00f1\u00f3 al artista hace 40 a\u00f1os\u2026","rel":"","context":"En \u00abUncategorized @es\u00bb","block_context":{"text":"Uncategorized @es","link":"https:\/\/casadecampoliving.com\/es\/category\/uncategorized-es\/"},"img":{"alt_text":"","src":"https:\/\/i0.wp.com\/casadecampoliving.com\/wp-content\/uploads\/2022\/10\/Tributo-Frank-Sinatra-Foto-Principal-Amaury-Sanchez-Danilo-Ginebra-Andres-Pichardo-y-Jose-Gabriel-Perez-.jpg?fit=1200%2C873&ssl=1&resize=350%2C200","width":350,"height":200,"srcset":"https:\/\/i0.wp.com\/casadecampoliving.com\/wp-content\/uploads\/2022\/10\/Tributo-Frank-Sinatra-Foto-Principal-Amaury-Sanchez-Danilo-Ginebra-Andres-Pichardo-y-Jose-Gabriel-Perez-.jpg?fit=1200%2C873&ssl=1&resize=350%2C200 1x, https:\/\/i0.wp.com\/casadecampoliving.com\/wp-content\/uploads\/2022\/10\/Tributo-Frank-Sinatra-Foto-Principal-Amaury-Sanchez-Danilo-Ginebra-Andres-Pichardo-y-Jose-Gabriel-Perez-.jpg?fit=1200%2C873&ssl=1&resize=525%2C300 1.5x, https:\/\/i0.wp.com\/casadecampoliving.com\/wp-content\/uploads\/2022\/10\/Tributo-Frank-Sinatra-Foto-Principal-Amaury-Sanchez-Danilo-Ginebra-Andres-Pichardo-y-Jose-Gabriel-Perez-.jpg?fit=1200%2C873&ssl=1&resize=700%2C400 2x, https:\/\/i0.wp.com\/casadecampoliving.com\/wp-content\/uploads\/2022\/10\/Tributo-Frank-Sinatra-Foto-Principal-Amaury-Sanchez-Danilo-Ginebra-Andres-Pichardo-y-Jose-Gabriel-Perez-.jpg?fit=1200%2C873&ssl=1&resize=1050%2C600 3x"},"classes":[]},{"id":339633,"url":"https:\/\/casadecampoliving.com\/es\/este-fin-de-semana-en-casa-de-campo-24-al-26-de-agosto\/","url_meta":{"origin":339521,"position":1},"title":"Este Fin de Semana en Casa de Campo: 24 al 26 de agosto!","author":"","date":"24 Ago, 2012","format":false,"excerpt":"Este fin de semana en Casa de Campo, la tormenta tropical Isaac llegar\u00e1 con fuertes lluvias y vientos\u2026 por esta raz\u00f3n les ofrecemos unos tips de c\u00f3mo mantener a su familia y villa de casa de campo seguras \u2013 haga click aqu\u00ed! Estos eventos, actividades y especiales aplican para la\u2026","rel":"","context":"En \u00abNoticias Locales\u00bb","block_context":{"text":"Noticias Locales","link":"https:\/\/casadecampoliving.com\/es\/category\/noticias-locales\/"},"img":{"alt_text":"","src":"https:\/\/i0.wp.com\/casadecampoliving.com\/wp-content\/uploads\/2022\/10\/weekend-1.jpg?fit=650%2C350&ssl=1&resize=350%2C200","width":350,"height":200,"srcset":"https:\/\/i0.wp.com\/casadecampoliving.com\/wp-content\/uploads\/2022\/10\/weekend-1.jpg?fit=650%2C350&ssl=1&resize=350%2C200 1x, https:\/\/i0.wp.com\/casadecampoliving.com\/wp-content\/uploads\/2022\/10\/weekend-1.jpg?fit=650%2C350&ssl=1&resize=525%2C300 1.5x"},"classes":[]},{"id":339561,"url":"https:\/\/casadecampoliving.com\/es\/este-fin-de-semana-en-casa-de-campo-10-12-agosto\/","url_meta":{"origin":339521,"position":2},"title":"Este Fin de Semana en Casa de Campo: 10 &#8211; 12 agosto!","author":"","date":"10 Ago, 2012","format":false,"excerpt":"Este fin de semana en Casa de Campo parece que NO ser\u00e1 lluvioso y los miembros de la comunidad, as\u00ed como sus visitantes, tendr\u00e1n la oportunidad de disfrutar de las divertidas actividades programadas para estos d\u00edas; el Caf\u00e9 de la Leche, la apertura de la exhibici\u00f3n \u201cBuscando Esencias\u201d y el\u2026","rel":"","context":"En \u00abNoticias Locales\u00bb","block_context":{"text":"Noticias Locales","link":"https:\/\/casadecampoliving.com\/es\/category\/noticias-locales\/"},"img":{"alt_text":"","src":"https:\/\/i0.wp.com\/casadecampoliving.com\/wp-content\/uploads\/2022\/10\/weekend-1.jpg?fit=650%2C350&ssl=1&resize=350%2C200","width":350,"height":200,"srcset":"https:\/\/i0.wp.com\/casadecampoliving.com\/wp-content\/uploads\/2022\/10\/weekend-1.jpg?fit=650%2C350&ssl=1&resize=350%2C200 1x, https:\/\/i0.wp.com\/casadecampoliving.com\/wp-content\/uploads\/2022\/10\/weekend-1.jpg?fit=650%2C350&ssl=1&resize=525%2C300 1.5x"},"classes":[]},{"id":339603,"url":"https:\/\/casadecampoliving.com\/es\/esta-semana-en-casa-de-campo-20-al-26-de-agosto\/","url_meta":{"origin":339521,"position":3},"title":"Esta Semana en Casa de Campo: 20 al 26 de agosto!","author":"","date":"20 Ago, 2012","format":false,"excerpt":"Esta semana en Casa de Campo disfrute de un sin fin de actividades de verano! Feliz semana! Estos eventos, actividades y especiales aplican para la semana de:Lunes 20 de Agosto \u2013 Domingo 26 de Agosto Las pr\u00f3ximas actividades son: \u2022 D\u00eda feriado: D\u00eda de las Mercedes \u2013 24 de septiembre!\u2026","rel":"","context":"En \u00abNoticias Locales\u00bb","block_context":{"text":"Noticias Locales","link":"https:\/\/casadecampoliving.com\/es\/category\/noticias-locales\/"},"img":{"alt_text":"","src":"https:\/\/i0.wp.com\/casadecampoliving.com\/wp-content\/uploads\/2022\/10\/thisweekincasa2-1.jpg?fit=650%2C350&ssl=1&resize=350%2C200","width":350,"height":200,"srcset":"https:\/\/i0.wp.com\/casadecampoliving.com\/wp-content\/uploads\/2022\/10\/thisweekincasa2-1.jpg?fit=650%2C350&ssl=1&resize=350%2C200 1x, https:\/\/i0.wp.com\/casadecampoliving.com\/wp-content\/uploads\/2022\/10\/thisweekincasa2-1.jpg?fit=650%2C350&ssl=1&resize=525%2C300 1.5x"},"classes":[]},{"id":339519,"url":"https:\/\/casadecampoliving.com\/es\/este-fin-de-semana-en-casa-de-campo-3-5-agosto\/","url_meta":{"origin":339521,"position":4},"title":"Este Fin de Semana en Casa de Campo: 3 &#8211; 5 agosto!","author":"","date":"3 Ago, 2012","format":false,"excerpt":"Este fin de semana en Casa de Campo parece que llover\u00e1 un poquito de acuerdo a los pron\u00f3sticos de la tormenta tropical Ernesto, PERO en Casa de Campo siempre hay miles de actividades que disfrutar!\u00a0 Feliz fin de semana! Estos eventos, actividades y especiales aplican para la semana de:Viernes 3\u2026","rel":"","context":"En \u00abNoticias Locales\u00bb","block_context":{"text":"Noticias Locales","link":"https:\/\/casadecampoliving.com\/es\/category\/noticias-locales\/"},"img":{"alt_text":"","src":"https:\/\/i0.wp.com\/casadecampoliving.com\/wp-content\/uploads\/2022\/10\/weekend-1.jpg?fit=650%2C350&ssl=1&resize=350%2C200","width":350,"height":200,"srcset":"https:\/\/i0.wp.com\/casadecampoliving.com\/wp-content\/uploads\/2022\/10\/weekend-1.jpg?fit=650%2C350&ssl=1&resize=350%2C200 1x, https:\/\/i0.wp.com\/casadecampoliving.com\/wp-content\/uploads\/2022\/10\/weekend-1.jpg?fit=650%2C350&ssl=1&resize=525%2C300 1.5x"},"classes":[]},{"id":339417,"url":"https:\/\/casadecampoliving.com\/es\/este-fin-de-semana-en-casa-de-campo-20-22-de-julio\/","url_meta":{"origin":339521,"position":5},"title":"Este Fin de Semana en Casa de Campo: 20 &#8211; 22 de julio!","author":"","date":"20 Jul, 2012","format":false,"excerpt":"Este fin de semana en Casa de Campo, rel\u00e1jese y disfrute del para\u00edso caribe\u00f1o, con las m\u00faltiples actividades acu\u00e1ticas de Minitas, el spa, golf, piscinas y muchas m\u00e1s! Feliz fin de semana! Estos eventos, actividades y especiales aplican para la semana de:Viernes 20 de Julio \u2013 Domingo 22 de Julio\u2026","rel":"","context":"En \u00abNoticias Locales\u00bb","block_context":{"text":"Noticias Locales","link":"https:\/\/casadecampoliving.com\/es\/category\/noticias-locales\/"},"img":{"alt_text":"","src":"https:\/\/i0.wp.com\/casadecampoliving.com\/wp-content\/uploads\/2022\/10\/weekend-1.jpg?fit=650%2C350&ssl=1&resize=350%2C200","width":350,"height":200,"srcset":"https:\/\/i0.wp.com\/casadecampoliving.com\/wp-content\/uploads\/2022\/10\/weekend-1.jpg?fit=650%2C350&ssl=1&resize=350%2C200 1x, https:\/\/i0.wp.com\/casadecampoliving.com\/wp-content\/uploads\/2022\/10\/weekend-1.jpg?fit=650%2C350&ssl=1&resize=525%2C300 1.5x"},"classes":[]}],"jetpack_sharing_enabled":true,"_links":{"self":[{"href":"https:\/\/casadecampoliving.com\/es\/wp-json\/wp\/v2\/posts\/339521","targetHints":{"allow":["GET"]}}],"collection":[{"href":"https:\/\/casadecampoliving.com\/es\/wp-json\/wp\/v2\/posts"}],"about":[{"href":"https:\/\/casadecampoliving.com\/es\/wp-json\/wp\/v2\/types\/post"}],"author":[{"embeddable":true,"href":"https:\/\/casadecampoliving.com\/es\/wp-json\/wp\/v2\/users\/21"}],"replies":[{"embeddable":true,"href":"https:\/\/casadecampoliving.com\/es\/wp-json\/wp\/v2\/comments?post=339521"}],"version-history":[{"count":1,"href":"https:\/\/casadecampoliving.com\/es\/wp-json\/wp\/v2\/posts\/339521\/revisions"}],"predecessor-version":[{"id":339522,"href":"https:\/\/casadecampoliving.com\/es\/wp-json\/wp\/v2\/posts\/339521\/revisions\/339522"}],"wp:featuredmedia":[{"embeddable":true,"href":"https:\/\/casadecampoliving.com\/es\/wp-json\/wp\/v2\/media\/222543"}],"wp:attachment":[{"href":"https:\/\/casadecampoliving.com\/es\/wp-json\/wp\/v2\/media?parent=339521"}],"wp:term":[{"taxonomy":"category","embeddable":true,"href":"https:\/\/casadecampoliving.com\/es\/wp-json\/wp\/v2\/categories?post=339521"},{"taxonomy":"post_tag","embeddable":true,"href":"https:\/\/casadecampoliving.com\/es\/wp-json\/wp\/v2\/tags?post=339521"},{"taxonomy":"newspack_spnsrs_tax","embeddable":true,"href":"https:\/\/casadecampoliving.com\/es\/wp-json\/wp\/v2\/newspack_spnsrs_tax?post=339521"}],"curies":[{"name":"wp","href":"https:\/\/api.w.org\/{rel}","templated":true}]}}