{"id":339473,"date":"2012-07-29T00:00:00","date_gmt":"2012-07-29T04:00:00","guid":{"rendered":"https:\/\/casadecampoliving.com\/foto-de-la-semana-el-amanecer-de-los-juegos-olimpicos-en-londres-por-peter-hughes\/"},"modified":"2022-10-21T18:44:33","modified_gmt":"2022-10-21T22:44:33","slug":"foto-de-la-semana-el-amanecer-de-los-juegos-olimpicos-en-londres-por-peter-hughes","status":"publish","type":"post","link":"https:\/\/casadecampoliving.com\/es\/foto-de-la-semana-el-amanecer-de-los-juegos-olimpicos-en-londres-por-peter-hughes\/","title":{"rendered":"Foto de la Semana: el amanecer de los juegos ol\u00edmpicos en Londres por Peter Hughes"},"content":{"rendered":"<div class=\"wp-block-image\">\n<figure class=\"aligncenter is-resized\"><img loading=\"lazy\" decoding=\"async\" src=\"https:\/\/i0.wp.com\/casadecampoliving.com\/wp-content\/uploads\/2022\/10\/london_bridge_olympics_2012.jpg?resize=650%2C394&amp;ssl=1\" alt=\"london bridge olympics 2012\" class=\"wp-image-55120\" title=\"london_bridge_olympics_2012\" height=\"394\" width=\"650\"\/><\/figure>\n<\/div>\n\n\n<p>A\u00fan cuando esta foto no tiene nada que ver con Casa de Campo en La Romana, ni tampoco con la Rep\u00fablica Dominicana, fue tomada por mi padre (Peter Hughes) y es (en mi humbilde opini\u00f3n) una magn\u00edfica de Londres durante esta especial ocasi\u00f3n de las Olimp\u00edadas \u201cLondres 2012\u201d, y ten\u00eda que compartirlas con ustedes! [A\u00fan cuando estamos a m\u00e1s de 4,000 millas de Londres, tambi\u00e9n me inserto en el esp\u00edritu de las Olimp\u00edadas].La foto fue tomada unos d\u00edas antes de la inauguraci\u00f3n oficial de las Olimp\u00edadas, el pasado 26 de julio a las 6:15am, mientras caminaba desde el puente de Londres hacia el Puente de la Torre de amino a su oficina.<\/p>\n\n\n\n<!--more-->\n\n\n\n<p>La barcaza flotante de la fotograf\u00eda (con los aros ol\u00edmpicos) marc\u00f3 el final del trayecto de 8,000 millas y 70 d\u00edas de la antorcha que arrib\u00f3 a este punto solo 6 horas despu\u00e9s de haber tomado esta fotograf\u00eda, luego de haber atravesado el R\u00edo Thames en una magn\u00edfica procesi\u00f3n acompa\u00f1ada de una mini flotilla de 50 botes.<br>\n[Para ver m\u00e1s fotos de la procesi\u00f3n de la antorcha ol\u00edmpica, <a href=\"http:\/\/www.dailymail.co.uk\/news\/article-2179690\/London-2012-Olympics-opening-ceremony-countdown-begins-torch-takes-Thames-Gloriana.html\" target=\"_blank\" rel=\"noopener\">haga click aqu\u00ed<\/a>!]<\/p>\n\n\n\n<p>Debido a que mi padre tiene el esp\u00edritu de las olimp\u00edadas de Londres 2012, me ha informado que ser\u00e1 pare de la \u201cSt. Pancras 400 yard dash\u201d \u2013 una carrera corta y en\u00e9rgica aunque un tramo bastante serio entre la estaci\u00f3n de tren y la parte subterr\u00e1nea (en un intento de evitar las multitudes), as\u00ed como de \u201cboxeo en el Puente de Londres\u201d \u2013 un deporte un tanto desenfadada, en protesta del sistema de dar asistencia de una v\u00eda y el hecho de dar prioridad a quienes tienen los boletos para estas olimp\u00edadas! Buena suerte pap\u00e1!<\/p>\n\n\n\n<p>P.S &nbsp;Feliz d\u00eda de los padres!<\/p>\n\n\n\n<p>Escrito por: <strong>Rebecca Hughes<\/strong><br>\nTraducido por: <strong>Paola Marte&nbsp;<\/strong><\/p>\n","protected":false},"excerpt":{"rendered":"<p>A\u00fan cuando esta foto no tiene nada que ver con Casa de Campo en La Romana, ni tampoco con la Rep\u00fablica Dominicana, fue tomada por mi padre (Peter Hughes) y es (en mi humbilde opini\u00f3n) una magn\u00edfica de Londres durante esta especial ocasi\u00f3n de las Olimp\u00edadas \u201cLondres 2012\u201d, y ten\u00eda que compartirlas con ustedes! [A\u00fan [&hellip;]<\/p>\n","protected":false},"author":21,"featured_media":256899,"comment_status":"closed","ping_status":"closed","sticky":false,"template":"","format":"standard","meta":{"newspack_ads_suppress_ads":false,"newspack_popups_has_disabled_popups":false,"newspack_sponsor_sponsorship_scope":"","newspack_sponsor_native_byline_display":"inherit","newspack_sponsor_native_category_display":"inherit","newspack_sponsor_underwriter_style":"inherit","newspack_sponsor_underwriter_placement":"inherit","_newspack_byline_active":false,"_newspack_byline":"","newspack_hide_updated_date":false,"newspack_show_updated_date":false,"newspack_content_restriction_is_exempt":false,"newspack_featured_image_position":"","newspack_post_subtitle":"","newspack_article_summary_title":"Overview:","newspack_article_summary":"","_jetpack_memberships_contains_paid_content":false,"footnotes":"","jetpack_publicize_message":"","jetpack_publicize_feature_enabled":true,"jetpack_social_post_already_shared":false,"jetpack_social_options":{"image_generator_settings":{"template":"highway","default_image_id":0,"font":"","enabled":false},"version":2},"_wpas_customize_per_network":false},"categories":[14631,2506],"tags":[4922],"newspack_spnsrs_tax":[],"class_list":["post-339473","post","type-post","status-publish","format-standard","has-post-thumbnail","hentry","category-estilo-de-vida","category-mas-alla-de-casa-es","tag-juegos-olimpicos","entry"],"yoast_head":"<!-- This site is optimized with the Yoast SEO plugin v27.4 - https:\/\/yoast.com\/product\/yoast-seo-wordpress\/ -->\n<title>Foto de la Semana: el amanecer de los juegos ol\u00edmpicos en Londres por Peter Hughes | Casa de Campo Living<\/title>\n<meta name=\"description\" content=\"A\u00fan cuando esta foto no tiene nada que ver con Casa de Campo en La Romana, ni tampoco con la Rep\u00fablica Dominicana, fue tomada por mi padre (Peter Hughes)\" \/>\n<meta name=\"robots\" content=\"index, follow, max-snippet:-1, max-image-preview:large, max-video-preview:-1\" \/>\n<link rel=\"canonical\" href=\"https:\/\/casadecampoliving.com\/es\/foto-de-la-semana-el-amanecer-de-los-juegos-olimpicos-en-londres-por-peter-hughes\/\" \/>\n<meta property=\"og:locale\" content=\"es_ES\" \/>\n<meta property=\"og:type\" content=\"article\" \/>\n<meta property=\"og:title\" content=\"Foto de la Semana: el amanecer de los juegos ol\u00edmpicos en Londres por Peter Hughes | Casa de Campo Living\" \/>\n<meta property=\"og:description\" content=\"A\u00fan cuando esta foto no tiene nada que ver con Casa de Campo en La Romana, ni tampoco con la Rep\u00fablica Dominicana, fue tomada por mi padre (Peter Hughes)\" \/>\n<meta property=\"og:url\" content=\"https:\/\/casadecampoliving.com\/es\/foto-de-la-semana-el-amanecer-de-los-juegos-olimpicos-en-londres-por-peter-hughes\/\" \/>\n<meta property=\"og:site_name\" content=\"Casa de Campo Living\" \/>\n<meta property=\"article:publisher\" content=\"https:\/\/www.facebook.com\/casadecampoliving\" \/>\n<meta property=\"article:published_time\" content=\"2012-07-29T04:00:00+00:00\" \/>\n<meta property=\"article:modified_time\" content=\"2022-10-21T22:44:33+00:00\" \/>\n<meta property=\"og:image\" content=\"https:\/\/i0.wp.com\/casadecampoliving.com\/wp-content\/uploads\/2022\/10\/london_bridge_olympics_2012-1.jpg?fit=650%2C394&ssl=1\" \/>\n\t<meta property=\"og:image:width\" content=\"650\" \/>\n\t<meta property=\"og:image:height\" content=\"394\" \/>\n\t<meta property=\"og:image:type\" content=\"image\/jpeg\" \/>\n<meta name=\"twitter:card\" content=\"summary_large_image\" \/>\n<meta name=\"twitter:creator\" content=\"@cdcliving\" \/>\n<meta name=\"twitter:site\" content=\"@cdcliving\" \/>\n<meta name=\"twitter:label1\" content=\"Escrito por\" \/>\n\t<meta name=\"twitter:data1\" content=\"\" \/>\n\t<meta name=\"twitter:label2\" content=\"Tiempo de lectura\" \/>\n\t<meta name=\"twitter:data2\" content=\"2 minutos\" \/>\n<script type=\"application\/ld+json\" class=\"yoast-schema-graph\">{\"@context\":\"https:\\\/\\\/schema.org\",\"@graph\":[{\"@type\":\"Article\",\"@id\":\"https:\\\/\\\/casadecampoliving.com\\\/es\\\/foto-de-la-semana-el-amanecer-de-los-juegos-olimpicos-en-londres-por-peter-hughes\\\/#article\",\"isPartOf\":{\"@id\":\"https:\\\/\\\/casadecampoliving.com\\\/es\\\/foto-de-la-semana-el-amanecer-de-los-juegos-olimpicos-en-londres-por-peter-hughes\\\/\"},\"author\":{\"name\":\"\",\"@id\":\"https:\\\/\\\/casadecampoliving.com\\\/es\\\/#\\\/schema\\\/person\\\/7e3b975d584a5f6ac0fd7128a81b0bc5\"},\"headline\":\"Foto de la Semana: el amanecer de los juegos ol\u00edmpicos en Londres por Peter Hughes\",\"datePublished\":\"2012-07-29T04:00:00+00:00\",\"dateModified\":\"2022-10-21T22:44:33+00:00\",\"mainEntityOfPage\":{\"@id\":\"https:\\\/\\\/casadecampoliving.com\\\/es\\\/foto-de-la-semana-el-amanecer-de-los-juegos-olimpicos-en-londres-por-peter-hughes\\\/\"},\"wordCount\":337,\"publisher\":{\"@id\":\"https:\\\/\\\/casadecampoliving.com\\\/es\\\/#organization\"},\"image\":{\"@id\":\"https:\\\/\\\/casadecampoliving.com\\\/es\\\/foto-de-la-semana-el-amanecer-de-los-juegos-olimpicos-en-londres-por-peter-hughes\\\/#primaryimage\"},\"thumbnailUrl\":\"https:\\\/\\\/i0.wp.com\\\/casadecampoliving.com\\\/wp-content\\\/uploads\\\/2022\\\/10\\\/london_bridge_olympics_2012-1.jpg?fit=650%2C394&ssl=1\",\"keywords\":[\"juegos olimpicos\"],\"articleSection\":[\"Estilo de Vida\",\"M\u00e1s all\u00e1 de Casa\"],\"inLanguage\":\"es\"},{\"@type\":\"WebPage\",\"@id\":\"https:\\\/\\\/casadecampoliving.com\\\/es\\\/foto-de-la-semana-el-amanecer-de-los-juegos-olimpicos-en-londres-por-peter-hughes\\\/\",\"url\":\"https:\\\/\\\/casadecampoliving.com\\\/es\\\/foto-de-la-semana-el-amanecer-de-los-juegos-olimpicos-en-londres-por-peter-hughes\\\/\",\"name\":\"Foto de la Semana: el amanecer de los juegos ol\u00edmpicos en Londres por Peter Hughes | Casa de Campo Living\",\"isPartOf\":{\"@id\":\"https:\\\/\\\/casadecampoliving.com\\\/es\\\/#website\"},\"primaryImageOfPage\":{\"@id\":\"https:\\\/\\\/casadecampoliving.com\\\/es\\\/foto-de-la-semana-el-amanecer-de-los-juegos-olimpicos-en-londres-por-peter-hughes\\\/#primaryimage\"},\"image\":{\"@id\":\"https:\\\/\\\/casadecampoliving.com\\\/es\\\/foto-de-la-semana-el-amanecer-de-los-juegos-olimpicos-en-londres-por-peter-hughes\\\/#primaryimage\"},\"thumbnailUrl\":\"https:\\\/\\\/i0.wp.com\\\/casadecampoliving.com\\\/wp-content\\\/uploads\\\/2022\\\/10\\\/london_bridge_olympics_2012-1.jpg?fit=650%2C394&ssl=1\",\"datePublished\":\"2012-07-29T04:00:00+00:00\",\"dateModified\":\"2022-10-21T22:44:33+00:00\",\"description\":\"A\u00fan cuando esta foto no tiene nada que ver con Casa de Campo en La Romana, ni tampoco con la Rep\u00fablica Dominicana, fue tomada por mi padre (Peter Hughes)\",\"breadcrumb\":{\"@id\":\"https:\\\/\\\/casadecampoliving.com\\\/es\\\/foto-de-la-semana-el-amanecer-de-los-juegos-olimpicos-en-londres-por-peter-hughes\\\/#breadcrumb\"},\"inLanguage\":\"es\",\"potentialAction\":[{\"@type\":\"ReadAction\",\"target\":[\"https:\\\/\\\/casadecampoliving.com\\\/es\\\/foto-de-la-semana-el-amanecer-de-los-juegos-olimpicos-en-londres-por-peter-hughes\\\/\"]}]},{\"@type\":\"ImageObject\",\"inLanguage\":\"es\",\"@id\":\"https:\\\/\\\/casadecampoliving.com\\\/es\\\/foto-de-la-semana-el-amanecer-de-los-juegos-olimpicos-en-londres-por-peter-hughes\\\/#primaryimage\",\"url\":\"https:\\\/\\\/i0.wp.com\\\/casadecampoliving.com\\\/wp-content\\\/uploads\\\/2022\\\/10\\\/london_bridge_olympics_2012-1.jpg?fit=650%2C394&ssl=1\",\"contentUrl\":\"https:\\\/\\\/i0.wp.com\\\/casadecampoliving.com\\\/wp-content\\\/uploads\\\/2022\\\/10\\\/london_bridge_olympics_2012-1.jpg?fit=650%2C394&ssl=1\",\"width\":650,\"height\":394,\"caption\":\"london bridge olympics 2012\"},{\"@type\":\"BreadcrumbList\",\"@id\":\"https:\\\/\\\/casadecampoliving.com\\\/es\\\/foto-de-la-semana-el-amanecer-de-los-juegos-olimpicos-en-londres-por-peter-hughes\\\/#breadcrumb\",\"itemListElement\":[{\"@type\":\"ListItem\",\"position\":1,\"name\":\"Home\",\"item\":\"https:\\\/\\\/casadecampoliving.com\\\/es\\\/\"},{\"@type\":\"ListItem\",\"position\":2,\"name\":\"Foto de la Semana: el amanecer de los juegos ol\u00edmpicos en Londres por Peter Hughes\"}]},{\"@type\":\"WebSite\",\"@id\":\"https:\\\/\\\/casadecampoliving.com\\\/es\\\/#website\",\"url\":\"https:\\\/\\\/casadecampoliving.com\\\/es\\\/\",\"name\":\"Casa de Campo Living\",\"description\":\"Resort community news and resources.\",\"publisher\":{\"@id\":\"https:\\\/\\\/casadecampoliving.com\\\/es\\\/#organization\"},\"potentialAction\":[{\"@type\":\"SearchAction\",\"target\":{\"@type\":\"EntryPoint\",\"urlTemplate\":\"https:\\\/\\\/casadecampoliving.com\\\/es\\\/?s={search_term_string}\"},\"query-input\":{\"@type\":\"PropertyValueSpecification\",\"valueRequired\":true,\"valueName\":\"search_term_string\"}}],\"inLanguage\":\"es\"},{\"@type\":\"Organization\",\"@id\":\"https:\\\/\\\/casadecampoliving.com\\\/es\\\/#organization\",\"name\":\"Casa de Campo Living\",\"url\":\"https:\\\/\\\/casadecampoliving.com\\\/es\\\/\",\"logo\":{\"@type\":\"ImageObject\",\"inLanguage\":\"es\",\"@id\":\"https:\\\/\\\/casadecampoliving.com\\\/es\\\/#\\\/schema\\\/logo\\\/image\\\/\",\"url\":\"https:\\\/\\\/i0.wp.com\\\/casadecampoliving.com\\\/wp-content\\\/uploads\\\/2022\\\/07\\\/CDCLivingLogo_V1-white-sized.png?fit=800%2C214&ssl=1\",\"contentUrl\":\"https:\\\/\\\/i0.wp.com\\\/casadecampoliving.com\\\/wp-content\\\/uploads\\\/2022\\\/07\\\/CDCLivingLogo_V1-white-sized.png?fit=800%2C214&ssl=1\",\"width\":800,\"height\":214,\"caption\":\"Casa de Campo Living\"},\"image\":{\"@id\":\"https:\\\/\\\/casadecampoliving.com\\\/es\\\/#\\\/schema\\\/logo\\\/image\\\/\"},\"sameAs\":[\"https:\\\/\\\/www.facebook.com\\\/casadecampoliving\",\"https:\\\/\\\/x.com\\\/cdcliving\"]},{\"@type\":\"Person\",\"@id\":\"https:\\\/\\\/casadecampoliving.com\\\/es\\\/#\\\/schema\\\/person\\\/7e3b975d584a5f6ac0fd7128a81b0bc5\",\"name\":\"\",\"image\":{\"@type\":\"ImageObject\",\"inLanguage\":\"es\",\"@id\":\"https:\\\/\\\/secure.gravatar.com\\\/avatar\\\/?s=96&d=mm&r=g\",\"url\":\"https:\\\/\\\/secure.gravatar.com\\\/avatar\\\/?s=96&d=mm&r=g\",\"contentUrl\":\"https:\\\/\\\/secure.gravatar.com\\\/avatar\\\/?s=96&d=mm&r=g\"},\"url\":\"https:\\\/\\\/casadecampoliving.com\\\/es\\\/author\\\/ \\\/\"}]}<\/script>\n<!-- \/ Yoast SEO plugin. -->","yoast_head_json":{"title":"Foto de la Semana: el amanecer de los juegos ol\u00edmpicos en Londres por Peter Hughes | Casa de Campo Living","description":"A\u00fan cuando esta foto no tiene nada que ver con Casa de Campo en La Romana, ni tampoco con la Rep\u00fablica Dominicana, fue tomada por mi padre (Peter Hughes)","robots":{"index":"index","follow":"follow","max-snippet":"max-snippet:-1","max-image-preview":"max-image-preview:large","max-video-preview":"max-video-preview:-1"},"canonical":"https:\/\/casadecampoliving.com\/es\/foto-de-la-semana-el-amanecer-de-los-juegos-olimpicos-en-londres-por-peter-hughes\/","og_locale":"es_ES","og_type":"article","og_title":"Foto de la Semana: el amanecer de los juegos ol\u00edmpicos en Londres por Peter Hughes | Casa de Campo Living","og_description":"A\u00fan cuando esta foto no tiene nada que ver con Casa de Campo en La Romana, ni tampoco con la Rep\u00fablica Dominicana, fue tomada por mi padre (Peter Hughes)","og_url":"https:\/\/casadecampoliving.com\/es\/foto-de-la-semana-el-amanecer-de-los-juegos-olimpicos-en-londres-por-peter-hughes\/","og_site_name":"Casa de Campo Living","article_publisher":"https:\/\/www.facebook.com\/casadecampoliving","article_published_time":"2012-07-29T04:00:00+00:00","article_modified_time":"2022-10-21T22:44:33+00:00","og_image":[{"width":650,"height":394,"url":"https:\/\/i0.wp.com\/casadecampoliving.com\/wp-content\/uploads\/2022\/10\/london_bridge_olympics_2012-1.jpg?fit=650%2C394&ssl=1","type":"image\/jpeg"}],"twitter_card":"summary_large_image","twitter_creator":"@cdcliving","twitter_site":"@cdcliving","twitter_misc":{"Escrito por":"","Tiempo de lectura":"2 minutos"},"schema":{"@context":"https:\/\/schema.org","@graph":[{"@type":"Article","@id":"https:\/\/casadecampoliving.com\/es\/foto-de-la-semana-el-amanecer-de-los-juegos-olimpicos-en-londres-por-peter-hughes\/#article","isPartOf":{"@id":"https:\/\/casadecampoliving.com\/es\/foto-de-la-semana-el-amanecer-de-los-juegos-olimpicos-en-londres-por-peter-hughes\/"},"author":{"name":"","@id":"https:\/\/casadecampoliving.com\/es\/#\/schema\/person\/7e3b975d584a5f6ac0fd7128a81b0bc5"},"headline":"Foto de la Semana: el amanecer de los juegos ol\u00edmpicos en Londres por Peter Hughes","datePublished":"2012-07-29T04:00:00+00:00","dateModified":"2022-10-21T22:44:33+00:00","mainEntityOfPage":{"@id":"https:\/\/casadecampoliving.com\/es\/foto-de-la-semana-el-amanecer-de-los-juegos-olimpicos-en-londres-por-peter-hughes\/"},"wordCount":337,"publisher":{"@id":"https:\/\/casadecampoliving.com\/es\/#organization"},"image":{"@id":"https:\/\/casadecampoliving.com\/es\/foto-de-la-semana-el-amanecer-de-los-juegos-olimpicos-en-londres-por-peter-hughes\/#primaryimage"},"thumbnailUrl":"https:\/\/i0.wp.com\/casadecampoliving.com\/wp-content\/uploads\/2022\/10\/london_bridge_olympics_2012-1.jpg?fit=650%2C394&ssl=1","keywords":["juegos olimpicos"],"articleSection":["Estilo de Vida","M\u00e1s all\u00e1 de Casa"],"inLanguage":"es"},{"@type":"WebPage","@id":"https:\/\/casadecampoliving.com\/es\/foto-de-la-semana-el-amanecer-de-los-juegos-olimpicos-en-londres-por-peter-hughes\/","url":"https:\/\/casadecampoliving.com\/es\/foto-de-la-semana-el-amanecer-de-los-juegos-olimpicos-en-londres-por-peter-hughes\/","name":"Foto de la Semana: el amanecer de los juegos ol\u00edmpicos en Londres por Peter Hughes | Casa de Campo Living","isPartOf":{"@id":"https:\/\/casadecampoliving.com\/es\/#website"},"primaryImageOfPage":{"@id":"https:\/\/casadecampoliving.com\/es\/foto-de-la-semana-el-amanecer-de-los-juegos-olimpicos-en-londres-por-peter-hughes\/#primaryimage"},"image":{"@id":"https:\/\/casadecampoliving.com\/es\/foto-de-la-semana-el-amanecer-de-los-juegos-olimpicos-en-londres-por-peter-hughes\/#primaryimage"},"thumbnailUrl":"https:\/\/i0.wp.com\/casadecampoliving.com\/wp-content\/uploads\/2022\/10\/london_bridge_olympics_2012-1.jpg?fit=650%2C394&ssl=1","datePublished":"2012-07-29T04:00:00+00:00","dateModified":"2022-10-21T22:44:33+00:00","description":"A\u00fan cuando esta foto no tiene nada que ver con Casa de Campo en La Romana, ni tampoco con la Rep\u00fablica Dominicana, fue tomada por mi padre (Peter Hughes)","breadcrumb":{"@id":"https:\/\/casadecampoliving.com\/es\/foto-de-la-semana-el-amanecer-de-los-juegos-olimpicos-en-londres-por-peter-hughes\/#breadcrumb"},"inLanguage":"es","potentialAction":[{"@type":"ReadAction","target":["https:\/\/casadecampoliving.com\/es\/foto-de-la-semana-el-amanecer-de-los-juegos-olimpicos-en-londres-por-peter-hughes\/"]}]},{"@type":"ImageObject","inLanguage":"es","@id":"https:\/\/casadecampoliving.com\/es\/foto-de-la-semana-el-amanecer-de-los-juegos-olimpicos-en-londres-por-peter-hughes\/#primaryimage","url":"https:\/\/i0.wp.com\/casadecampoliving.com\/wp-content\/uploads\/2022\/10\/london_bridge_olympics_2012-1.jpg?fit=650%2C394&ssl=1","contentUrl":"https:\/\/i0.wp.com\/casadecampoliving.com\/wp-content\/uploads\/2022\/10\/london_bridge_olympics_2012-1.jpg?fit=650%2C394&ssl=1","width":650,"height":394,"caption":"london bridge olympics 2012"},{"@type":"BreadcrumbList","@id":"https:\/\/casadecampoliving.com\/es\/foto-de-la-semana-el-amanecer-de-los-juegos-olimpicos-en-londres-por-peter-hughes\/#breadcrumb","itemListElement":[{"@type":"ListItem","position":1,"name":"Home","item":"https:\/\/casadecampoliving.com\/es\/"},{"@type":"ListItem","position":2,"name":"Foto de la Semana: el amanecer de los juegos ol\u00edmpicos en Londres por Peter Hughes"}]},{"@type":"WebSite","@id":"https:\/\/casadecampoliving.com\/es\/#website","url":"https:\/\/casadecampoliving.com\/es\/","name":"Casa de Campo Living","description":"Resort community news and resources.","publisher":{"@id":"https:\/\/casadecampoliving.com\/es\/#organization"},"potentialAction":[{"@type":"SearchAction","target":{"@type":"EntryPoint","urlTemplate":"https:\/\/casadecampoliving.com\/es\/?s={search_term_string}"},"query-input":{"@type":"PropertyValueSpecification","valueRequired":true,"valueName":"search_term_string"}}],"inLanguage":"es"},{"@type":"Organization","@id":"https:\/\/casadecampoliving.com\/es\/#organization","name":"Casa de Campo Living","url":"https:\/\/casadecampoliving.com\/es\/","logo":{"@type":"ImageObject","inLanguage":"es","@id":"https:\/\/casadecampoliving.com\/es\/#\/schema\/logo\/image\/","url":"https:\/\/i0.wp.com\/casadecampoliving.com\/wp-content\/uploads\/2022\/07\/CDCLivingLogo_V1-white-sized.png?fit=800%2C214&ssl=1","contentUrl":"https:\/\/i0.wp.com\/casadecampoliving.com\/wp-content\/uploads\/2022\/07\/CDCLivingLogo_V1-white-sized.png?fit=800%2C214&ssl=1","width":800,"height":214,"caption":"Casa de Campo Living"},"image":{"@id":"https:\/\/casadecampoliving.com\/es\/#\/schema\/logo\/image\/"},"sameAs":["https:\/\/www.facebook.com\/casadecampoliving","https:\/\/x.com\/cdcliving"]},{"@type":"Person","@id":"https:\/\/casadecampoliving.com\/es\/#\/schema\/person\/7e3b975d584a5f6ac0fd7128a81b0bc5","name":"","image":{"@type":"ImageObject","inLanguage":"es","@id":"https:\/\/secure.gravatar.com\/avatar\/?s=96&d=mm&r=g","url":"https:\/\/secure.gravatar.com\/avatar\/?s=96&d=mm&r=g","contentUrl":"https:\/\/secure.gravatar.com\/avatar\/?s=96&d=mm&r=g"},"url":"https:\/\/casadecampoliving.com\/es\/author\/ \/"}]}},"parsely":{"version":"1.1.0","canonical_url":"https:\/\/casadecampoliving.com\/es\/foto-de-la-semana-el-amanecer-de-los-juegos-olimpicos-en-londres-por-peter-hughes\/","smart_links":{"inbound":0,"outbound":0},"traffic_boost_suggestions_count":0,"meta":{"@context":"https:\/\/schema.org","@type":"NewsArticle","headline":"Foto de la Semana: el amanecer de los juegos ol\u00edmpicos en Londres por Peter Hughes","url":"http:\/\/casadecampoliving.com\/es\/foto-de-la-semana-el-amanecer-de-los-juegos-olimpicos-en-londres-por-peter-hughes\/","mainEntityOfPage":{"@type":"WebPage","@id":"http:\/\/casadecampoliving.com\/es\/foto-de-la-semana-el-amanecer-de-los-juegos-olimpicos-en-londres-por-peter-hughes\/"},"thumbnailUrl":"https:\/\/i0.wp.com\/casadecampoliving.com\/wp-content\/uploads\/2022\/10\/london_bridge_olympics_2012-1.jpg?resize=150%2C150&ssl=1","image":{"@type":"ImageObject","url":"https:\/\/i0.wp.com\/casadecampoliving.com\/wp-content\/uploads\/2022\/10\/london_bridge_olympics_2012-1.jpg?fit=650%2C394&ssl=1"},"articleSection":"Estilo de Vida","author":[{"@type":"Person","name":"FB_515917546"}],"creator":["FB_515917546"],"publisher":{"@type":"Organization","name":"Casa de Campo Living","logo":"https:\/\/casadecampoliving.com\/wp-content\/uploads\/2022\/07\/CDCLivingLogo_V1-white-sized.png"},"keywords":["juegos olimpicos"],"dateCreated":"2012-07-29T04:00:00Z","datePublished":"2012-07-29T04:00:00Z","dateModified":"2022-10-21T22:44:33Z"},"rendered":"<script type=\"application\/ld+json\" class=\"wp-parsely-metadata\">{\"@context\":\"https:\\\/\\\/schema.org\",\"@type\":\"NewsArticle\",\"headline\":\"Foto de la Semana: el amanecer de los juegos ol\\u00edmpicos en Londres por Peter Hughes\",\"url\":\"http:\\\/\\\/casadecampoliving.com\\\/es\\\/foto-de-la-semana-el-amanecer-de-los-juegos-olimpicos-en-londres-por-peter-hughes\\\/\",\"mainEntityOfPage\":{\"@type\":\"WebPage\",\"@id\":\"http:\\\/\\\/casadecampoliving.com\\\/es\\\/foto-de-la-semana-el-amanecer-de-los-juegos-olimpicos-en-londres-por-peter-hughes\\\/\"},\"thumbnailUrl\":\"https:\\\/\\\/i0.wp.com\\\/casadecampoliving.com\\\/wp-content\\\/uploads\\\/2022\\\/10\\\/london_bridge_olympics_2012-1.jpg?resize=150%2C150&ssl=1\",\"image\":{\"@type\":\"ImageObject\",\"url\":\"https:\\\/\\\/i0.wp.com\\\/casadecampoliving.com\\\/wp-content\\\/uploads\\\/2022\\\/10\\\/london_bridge_olympics_2012-1.jpg?fit=650%2C394&ssl=1\"},\"articleSection\":\"Estilo de Vida\",\"author\":[{\"@type\":\"Person\",\"name\":\"FB_515917546\"}],\"creator\":[\"FB_515917546\"],\"publisher\":{\"@type\":\"Organization\",\"name\":\"Casa de Campo Living\",\"logo\":\"https:\\\/\\\/casadecampoliving.com\\\/wp-content\\\/uploads\\\/2022\\\/07\\\/CDCLivingLogo_V1-white-sized.png\"},\"keywords\":[\"juegos olimpicos\"],\"dateCreated\":\"2012-07-29T04:00:00Z\",\"datePublished\":\"2012-07-29T04:00:00Z\",\"dateModified\":\"2022-10-21T22:44:33Z\"}<\/script>","tracker_url":"https:\/\/cdn.parsely.com\/keys\/casadecampoliving.com\/p.js"},"jetpack_publicize_connections":[],"jetpack_featured_media_url":"https:\/\/i0.wp.com\/casadecampoliving.com\/wp-content\/uploads\/2022\/10\/london_bridge_olympics_2012-1.jpg?fit=650%2C394&ssl=1","jetpack-related-posts":[{"id":339533,"url":"https:\/\/casadecampoliving.com\/es\/por-la-medalla-de-oro-campeon-nacional-de-taekwondo-gabriel-mercedes-participara-manana-en-las-olimpiadas\/","url_meta":{"origin":339473,"position":0},"title":"Por la medalla de oro! Campe\u00f3n Nacional de Taekwondo, Gabriel Mercedes participar\u00e1 ma\u00f1ana en las Olimp\u00edadas!","author":"","date":"7 Ago, 2012","format":false,"excerpt":"ACTUALIZACI\u00d3N: Desafortunadamente, esta ma\u00f1ana (mi\u00e9rcoles 8 de agosto), Gabriel Mercedes, que de acuerdo a la Federaci\u00f3n Dominicana de Taekwondo, ten\u00eda reales probabilidades de traer a casa la medalla ol\u00edmpica, se rompi\u00f3 ligamentos de la rodilla derecha y por consiguiente, derrotado por su contrincante Tameem al-Kubati de Yemen, poniendo fin al\u2026","rel":"","context":"En \u00abDeportes\u00bb","block_context":{"text":"Deportes","link":"https:\/\/casadecampoliving.com\/es\/category\/golf-deportes-es\/"},"img":{"alt_text":"","src":"https:\/\/i0.wp.com\/casadecampoliving.com\/wp-content\/uploads\/2022\/10\/Gabriel-Mercedes-taekwondo-1.jpg?fit=650%2C435&ssl=1&resize=350%2C200","width":350,"height":200,"srcset":"https:\/\/i0.wp.com\/casadecampoliving.com\/wp-content\/uploads\/2022\/10\/Gabriel-Mercedes-taekwondo-1.jpg?fit=650%2C435&ssl=1&resize=350%2C200 1x, https:\/\/i0.wp.com\/casadecampoliving.com\/wp-content\/uploads\/2022\/10\/Gabriel-Mercedes-taekwondo-1.jpg?fit=650%2C435&ssl=1&resize=525%2C300 1.5x"},"classes":[]},{"id":339843,"url":"https:\/\/casadecampoliving.com\/es\/foto-de-la-semana-un-espinoso-punto-en-el-dye-fore\/","url_meta":{"origin":339473,"position":1},"title":"Foto de la Semana: Un espinoso punto en el Dye Fore","author":"","date":"30 Sep, 2012","format":false,"excerpt":"De nuevo ha llegado ese momento de la semana \u2013 mi oportunidad para mostrar mis espectaculares fotos de Casa de Campo! La foto de esta semana fue tomada en el campo de golf Dye Fore \u2013 una hermosa vista del r\u00edo Chav\u00f3n y Altos de Chav\u00f3n.\u00a0 Esta foto fue tomada\u2026","rel":"","context":"En \u00abAltos de Chavon @es\u00bb","block_context":{"text":"Altos de Chavon @es","link":"https:\/\/casadecampoliving.com\/category\/altos-de-chavon-es\/"},"img":{"alt_text":"dye fore golf","src":"https:\/\/i0.wp.com\/casadecampoliving.com\/wp-content\/uploads\/2022\/10\/dye_fore_golf-3.jpg?fit=650%2C405&ssl=1&resize=350%2C200","width":350,"height":200,"srcset":"https:\/\/i0.wp.com\/casadecampoliving.com\/wp-content\/uploads\/2022\/10\/dye_fore_golf-3.jpg?fit=650%2C405&ssl=1&resize=350%2C200 1x, https:\/\/i0.wp.com\/casadecampoliving.com\/wp-content\/uploads\/2022\/10\/dye_fore_golf-3.jpg?fit=650%2C405&ssl=1&resize=525%2C300 1.5x"},"classes":[]},{"id":351756,"url":"https:\/\/casadecampoliving.com\/es\/casa-de-campo-savors-alyn-williams-sold-flavors-world-london\/","url_meta":{"origin":339473,"position":2},"title":"\u00a1A casa llena! Flavors of the World Londres con el Chef Alyn Williams todo un \u00e9xito","author":"Heather Lincoln","date":"24 Jul, 2017","format":false,"excerpt":"Como habr\u00e1n podido adivinar, Flavors of the World London, la d\u00e9cima edici\u00f3n de la serie gastron\u00f3mica del resort, celebrada el pasado fin de semana en La Piazzetta result\u00f3 ser un evento encantador. El restaurante m\u00e1s antiguo de Casa de Campo fue una vez m\u00e1s la sede del evento, luego de\u2026","rel":"","context":"En \u00abAltos de Chavon @es\u00bb","block_context":{"text":"Altos de Chavon @es","link":"https:\/\/casadecampoliving.com\/category\/altos-de-chavon-es\/"},"img":{"alt_text":"Flavors of the World London","src":"https:\/\/i0.wp.com\/casadecampoliving.com\/wp-content\/uploads\/2022\/10\/IMG_3632-e1500913549629.jpg?fit=1000%2C600&ssl=1&resize=350%2C200","width":350,"height":200,"srcset":"https:\/\/i0.wp.com\/casadecampoliving.com\/wp-content\/uploads\/2022\/10\/IMG_3632-e1500913549629.jpg?fit=1000%2C600&ssl=1&resize=350%2C200 1x, https:\/\/i0.wp.com\/casadecampoliving.com\/wp-content\/uploads\/2022\/10\/IMG_3632-e1500913549629.jpg?fit=1000%2C600&ssl=1&resize=525%2C300 1.5x, https:\/\/i0.wp.com\/casadecampoliving.com\/wp-content\/uploads\/2022\/10\/IMG_3632-e1500913549629.jpg?fit=1000%2C600&ssl=1&resize=700%2C400 2x"},"classes":[]},{"id":517718,"url":"https:\/\/casadecampoliving.com\/es\/inauguracion-de-heraora-exposicion-individual-de-leopoldo-maler\/","url_meta":{"origin":339473,"position":3},"title":"Inauguraci\u00f3n de \u00abHERAORA\u00bb: Exposici\u00f3n individual de Leopoldo Maler","author":"Casa de Campo Living","date":"11 May, 2023","format":false,"excerpt":"El Ministerio de Cultura y la Direcci\u00f3n General de Museos, a trav\u00e9s del Museo de Arte Moderno, inauguraron la exposici\u00f3n \"HERAORA\" del artista Leopoldo Maler. El evento fue encabezado por Milagros Germ\u00e1n, Ministra de Cultura, Gamal Michelen, Viceministro de Patrimonio Cultural, Carlos And\u00fajar, Director General de Museos, y Federico Fondeur,\u2026","rel":"","context":"En \u00abUncategorized @es\u00bb","block_context":{"text":"Uncategorized @es","link":"https:\/\/casadecampoliving.com\/es\/category\/uncategorized-es\/"},"img":{"alt_text":"","src":"https:\/\/i0.wp.com\/casadecampoliving.com\/wp-content\/uploads\/2023\/05\/Leopoldo-Maler-HERAORA-exhibition-11.jpeg?fit=1200%2C960&ssl=1&resize=350%2C200","width":350,"height":200,"srcset":"https:\/\/i0.wp.com\/casadecampoliving.com\/wp-content\/uploads\/2023\/05\/Leopoldo-Maler-HERAORA-exhibition-11.jpeg?fit=1200%2C960&ssl=1&resize=350%2C200 1x, https:\/\/i0.wp.com\/casadecampoliving.com\/wp-content\/uploads\/2023\/05\/Leopoldo-Maler-HERAORA-exhibition-11.jpeg?fit=1200%2C960&ssl=1&resize=525%2C300 1.5x, https:\/\/i0.wp.com\/casadecampoliving.com\/wp-content\/uploads\/2023\/05\/Leopoldo-Maler-HERAORA-exhibition-11.jpeg?fit=1200%2C960&ssl=1&resize=700%2C400 2x, https:\/\/i0.wp.com\/casadecampoliving.com\/wp-content\/uploads\/2023\/05\/Leopoldo-Maler-HERAORA-exhibition-11.jpeg?fit=1200%2C960&ssl=1&resize=1050%2C600 3x"},"classes":[]},{"id":433460,"url":"https:\/\/casadecampoliving.com\/es\/no-se-pierdan-el-increible-tributo-a-frank-sinatra-para-celebrar-el-40-aniversario-del-anfiteatro-altos-de-chavon\/","url_meta":{"origin":339473,"position":4},"title":"No se pierdan el incre\u00edble tributo a Frank Sinatra para celebrar el 40 aniversario del\u00a0Anfiteatro Altos de Chav\u00f3n","author":"Casa de Campo Living","date":"20 Oct, 2022","format":false,"excerpt":"Siendo uno de los escenarios m\u00e1s emblem\u00e1ticos del pa\u00eds, Casa de Campo Resort\u00ae & Villas celebra las cuatro d\u00e9cadas de aniversario de Altos de Chav\u00f3n con un tributo al gran Frank Sinatra, protagonizado por artistas invitados y una big band tal cual la que acompa\u00f1\u00f3 al artista hace 40 a\u00f1os\u2026","rel":"","context":"En \u00abUncategorized @es\u00bb","block_context":{"text":"Uncategorized @es","link":"https:\/\/casadecampoliving.com\/es\/category\/uncategorized-es\/"},"img":{"alt_text":"","src":"https:\/\/i0.wp.com\/casadecampoliving.com\/wp-content\/uploads\/2022\/10\/Tributo-Frank-Sinatra-Foto-Principal-Amaury-Sanchez-Danilo-Ginebra-Andres-Pichardo-y-Jose-Gabriel-Perez-.jpg?fit=1200%2C873&ssl=1&resize=350%2C200","width":350,"height":200,"srcset":"https:\/\/i0.wp.com\/casadecampoliving.com\/wp-content\/uploads\/2022\/10\/Tributo-Frank-Sinatra-Foto-Principal-Amaury-Sanchez-Danilo-Ginebra-Andres-Pichardo-y-Jose-Gabriel-Perez-.jpg?fit=1200%2C873&ssl=1&resize=350%2C200 1x, https:\/\/i0.wp.com\/casadecampoliving.com\/wp-content\/uploads\/2022\/10\/Tributo-Frank-Sinatra-Foto-Principal-Amaury-Sanchez-Danilo-Ginebra-Andres-Pichardo-y-Jose-Gabriel-Perez-.jpg?fit=1200%2C873&ssl=1&resize=525%2C300 1.5x, https:\/\/i0.wp.com\/casadecampoliving.com\/wp-content\/uploads\/2022\/10\/Tributo-Frank-Sinatra-Foto-Principal-Amaury-Sanchez-Danilo-Ginebra-Andres-Pichardo-y-Jose-Gabriel-Perez-.jpg?fit=1200%2C873&ssl=1&resize=700%2C400 2x, https:\/\/i0.wp.com\/casadecampoliving.com\/wp-content\/uploads\/2022\/10\/Tributo-Frank-Sinatra-Foto-Principal-Amaury-Sanchez-Danilo-Ginebra-Andres-Pichardo-y-Jose-Gabriel-Perez-.jpg?fit=1200%2C873&ssl=1&resize=1050%2C600 3x"},"classes":[]},{"id":350347,"url":"https:\/\/casadecampoliving.com\/es\/fiebre-olimpica-llego-a-casa-de-campo-rio-2016\/","url_meta":{"origin":339473,"position":5},"title":"\u00a1La Fiebre Ol\u00edmpica ha llegado a Casa de Campo con RIO 2016!","author":"Heather Lincoln","date":"9 Ago, 2016","format":false,"excerpt":"Si, como yo, viste la\u00a0fascinante ceremonia inaugural de\u00a0los Juegos Ol\u00edmpicos de 2016 en Brasil el pasado viernes y luego no saliste\u00a0de la\u00a0casa viendo las competencias de nataci\u00f3n y gimnasia todo el fin de semana\u2026 es posible que tengas un caso de \u201cfiebre ol\u00edmpica\u201d. Mi\u00a0fiebre ol\u00edmpica me llevo a\u00a0pedir un Speedo\u2026","rel":"","context":"En \u00abDeportes\u00bb","block_context":{"text":"Deportes","link":"https:\/\/casadecampoliving.com\/es\/category\/golf-deportes-es\/"},"img":{"alt_text":"RIO 2016","src":"https:\/\/i0.wp.com\/casadecampoliving.com\/wp-content\/uploads\/2022\/10\/RIO_2016.jpg?fit=1000%2C600&ssl=1&resize=350%2C200","width":350,"height":200,"srcset":"https:\/\/i0.wp.com\/casadecampoliving.com\/wp-content\/uploads\/2022\/10\/RIO_2016.jpg?fit=1000%2C600&ssl=1&resize=350%2C200 1x, https:\/\/i0.wp.com\/casadecampoliving.com\/wp-content\/uploads\/2022\/10\/RIO_2016.jpg?fit=1000%2C600&ssl=1&resize=525%2C300 1.5x, https:\/\/i0.wp.com\/casadecampoliving.com\/wp-content\/uploads\/2022\/10\/RIO_2016.jpg?fit=1000%2C600&ssl=1&resize=700%2C400 2x"},"classes":[]}],"jetpack_sharing_enabled":true,"_links":{"self":[{"href":"https:\/\/casadecampoliving.com\/es\/wp-json\/wp\/v2\/posts\/339473","targetHints":{"allow":["GET"]}}],"collection":[{"href":"https:\/\/casadecampoliving.com\/es\/wp-json\/wp\/v2\/posts"}],"about":[{"href":"https:\/\/casadecampoliving.com\/es\/wp-json\/wp\/v2\/types\/post"}],"author":[{"embeddable":true,"href":"https:\/\/casadecampoliving.com\/es\/wp-json\/wp\/v2\/users\/21"}],"replies":[{"embeddable":true,"href":"https:\/\/casadecampoliving.com\/es\/wp-json\/wp\/v2\/comments?post=339473"}],"version-history":[{"count":1,"href":"https:\/\/casadecampoliving.com\/es\/wp-json\/wp\/v2\/posts\/339473\/revisions"}],"predecessor-version":[{"id":339474,"href":"https:\/\/casadecampoliving.com\/es\/wp-json\/wp\/v2\/posts\/339473\/revisions\/339474"}],"wp:featuredmedia":[{"embeddable":true,"href":"https:\/\/casadecampoliving.com\/es\/wp-json\/wp\/v2\/media\/256899"}],"wp:attachment":[{"href":"https:\/\/casadecampoliving.com\/es\/wp-json\/wp\/v2\/media?parent=339473"}],"wp:term":[{"taxonomy":"category","embeddable":true,"href":"https:\/\/casadecampoliving.com\/es\/wp-json\/wp\/v2\/categories?post=339473"},{"taxonomy":"post_tag","embeddable":true,"href":"https:\/\/casadecampoliving.com\/es\/wp-json\/wp\/v2\/tags?post=339473"},{"taxonomy":"newspack_spnsrs_tax","embeddable":true,"href":"https:\/\/casadecampoliving.com\/es\/wp-json\/wp\/v2\/newspack_spnsrs_tax?post=339473"}],"curies":[{"name":"wp","href":"https:\/\/api.w.org\/{rel}","templated":true}]}}