{"id":339463,"date":"2012-07-26T00:00:00","date_gmt":"2012-07-26T04:00:00","guid":{"rendered":"https:\/\/casadecampoliving.com\/las-medidas-de-la-brisa-una-obra-de-prodanco-con-vestuarios-de-jenny-polanco-y-un-concierto-de-janio-lora\/"},"modified":"2022-10-21T18:44:00","modified_gmt":"2022-10-21T22:44:00","slug":"las-medidas-de-la-brisa-una-obra-de-prodanco-con-vestuarios-de-jenny-polanco-y-un-concierto-de-janio-lora","status":"publish","type":"post","link":"https:\/\/casadecampoliving.com\/es\/las-medidas-de-la-brisa-una-obra-de-prodanco-con-vestuarios-de-jenny-polanco-y-un-concierto-de-janio-lora\/","title":{"rendered":"\u00abLas medidas de la brisa\u00bb: una obra de ProDanCo con vestuarios de Jenny Polanco y un concierto de Janio Lora"},"content":{"rendered":"<div class=\"wp-block-image\">\n<figure class=\"aligncenter is-resized\"><img loading=\"lazy\" decoding=\"async\" src=\"https:\/\/i0.wp.com\/casadecampoliving.com\/wp-content\/uploads\/2022\/10\/ballet_santo_domingo.jpg?resize=650%2C512&amp;ssl=1\" alt=\"ballet santo domingo\" class=\"wp-image-55048\" title=\"ballet_santo_domingo\" height=\"512\" width=\"650\"\/><\/figure>\n<\/div>\n\n\n<p>Los d\u00edas <strong>3, 4 y 5<\/strong> de <strong>agosto<\/strong>, el Proyecto de Danza Contempor\u00e1nea (ProDanCo) del Ballet Nacional Dominicano, estrenar\u00e1 en Santo Domingo, un fragmento de la obra \u201cLas medidas de la brisa\u201d, con vestuarios elaborados por la dise\u00f1adora dominicana y destacada miembro de la comunidad de Casa de Campo, Jenny Polanco, un evento que contar\u00e1 tambi\u00e9n con la colaboraci\u00f3n musical del artista dominicano Janio Lora \u2013 y USTED est\u00e1 invitado a disfrutarla!<\/p>\n\n\n\n<!--more-->\n\n\n\n<p>El evento que gracias al entusiasmo y generosidad de grandes artistas dominicanos, como lo son Jenny Polanco y Janio Lora, se llevar\u00e1 a cabo durante el primer fin de semana de agosto en el Palacio de Bellas Artes de Santo Domingo, en donde los amantes del arte y la m\u00fasica disfrutar\u00e1n de la danza a cargo de siete bailarines dominicanos con la interpretaci\u00f3n de la obra \u201cLas medidas de la brisa\u201d, en donde se mostrar\u00e1n algunos de los m\u00e1s espectaculares vestuarios realizados por la dise\u00f1adora dominicana Jenny Polanco.<\/p>\n\n\n\n<p>Los vestuarios, de acuerdo a los organizadores de la obra, &nbsp;dar\u00e1n vida a los diferentes grados de brisa en la popular obra \u201cLas medidas de la brisa\u201d, elementos que se complementar\u00e1n con la m\u00fasica de Janio Lora, quien, adem\u00e1s de participar en la escena, tambi\u00e9n ha creado una canci\u00f3n especial para la obra.<\/p>\n\n\n\n<blockquote class=\"wp-block-quote is-layout-flow wp-block-quote-is-layout-flow\"><p><em>\u201cA trav\u00e9s del movimiento, la voz, el video en tiempo real y la m\u00fasica en vivo, siete bailarines y un m\u00fasico exploran la tensi\u00f3n entre brisa y asfixia, entre los obst\u00e1culos cotidianos y los impulsos creativos que nos llevan a descubrir la brisa del cuerpo cuando no sopla afuera\u201d.<\/em><\/p><p>\u2013 Marianela Bo\u00e1n, core\u00f3grafa y directora de la obra.<\/p><\/blockquote>\n\n\n\n<p>El evento se dividir\u00e1 en dos partes; la primera, con esta manifestaci\u00f3n art\u00edstica de un fragmento de la obra en un tiempo de 30 minutos, seguido de un intermedio de 15 minutos, lo que dar\u00e1 paso al cierre y segunda parte con un concierto de Janio Lora.<\/p>\n\n\n\n<p>A continuaci\u00f3n los detalles:<\/p>\n\n\n\n<blockquote class=\"wp-block-quote is-layout-flow wp-block-quote-is-layout-flow\"><p><span style=\"text-decoration: underline;\"><strong>Las medidas de la brisa<\/strong><\/span><\/p><p><strong>C\u00faando<\/strong>: viernes 3, s\u00e1bado 4 a las 8:30 p.m. y domingo 5 de agosto, 6:30 p.m.<\/p><p><strong>D\u00f3nde<\/strong>: Sala M\u00e1ximo Avil\u00e9s Blonda, Palacio de Bellas Artes<\/p><p><strong>Costo<\/strong>: RD$250 p\/p<br>\nBoletas disponibles en Uepa Tickets en Santo Domingo: (809)&nbsp;620.8372<\/p><\/blockquote>\n\n\n\n<p><strong>Esperamos verles all\u00ed!<\/strong><\/p>\n\n\n\n<blockquote><p><strong style=\"text-align: center;\"><a href=\"http:\/\/wp.me\/P1kvEy-e7K\">Compre en Jenny Polanco en Casa de Campo<\/a><\/strong><\/p><figure><img decoding=\"async\" loading=\"lazy\" class=\"aligncenter\" title=\"jenny_polanco\" src=\"https:\/\/i0.wp.com\/casadecampoliving.com\/wp-content\/uploads\/2022\/10\/jenny_polanco7.jpg?resize=585%2C294&amp;ssl=1\" alt=\"jenny polanco\" width=\"585\" height=\"294\"><\/figure><p style=\"text-align: center;\"><\/p><p>Para los fashionistas y amantes de las compras en Casa de Campo, los fabulosos dise\u00f1os, carteras y joyas de Jenny Polanco, ofrecen la mezcla perfecta de lo \u201cCaribe\u00f1o chic\u201d y pueden ser hallados en sus tiendas en la&nbsp;<strong>Marina Casa de Campo<\/strong>,&nbsp;<strong>Altos de Chav\u00f3n<\/strong>&nbsp;y&nbsp;<strong>Santo Domingo<\/strong>&nbsp;(ver debajo los detalles). Mientras tanto, en la nueva tienda \u201cJenny Polanco Project\u201d, en Altos de Chav\u00f3n, al igual que los elegantes atuendos de verano, los compradores encontrar\u00e1n genuinas artesan\u00edas realizadas por artistas dominicanos y haitianos \u2013 regalos ideales y perfectos souvenirs.<\/p><div style=\"text-align: left;\"><em><strong><a href=\"http:\/\/wp.me\/P1kvEy-e7K\">Haga click aqu\u00ed para leer m\u00e1s sobre Jenny Polanco!<\/a><\/strong><\/em><\/div><\/blockquote>\n","protected":false},"excerpt":{"rendered":"<p>Los d\u00edas 3, 4 y 5 de agosto, el Proyecto de Danza Contempor\u00e1nea (ProDanCo) del Ballet Nacional Dominicano, estrenar\u00e1 en Santo Domingo, un fragmento de la obra \u201cLas medidas de la brisa\u201d, con vestuarios elaborados por la dise\u00f1adora dominicana y destacada miembro de la comunidad de Casa de Campo, Jenny Polanco, un evento que contar\u00e1 [&hellip;]<\/p>\n","protected":false},"author":21,"featured_media":256200,"comment_status":"closed","ping_status":"closed","sticky":false,"template":"","format":"standard","meta":{"newspack_ads_suppress_ads":false,"newspack_popups_has_disabled_popups":false,"newspack_sponsor_sponsorship_scope":"","newspack_sponsor_native_byline_display":"inherit","newspack_sponsor_native_category_display":"inherit","newspack_sponsor_underwriter_style":"inherit","newspack_sponsor_underwriter_placement":"inherit","_newspack_byline_active":false,"_newspack_byline":"","newspack_content_restriction_is_exempt":false,"newspack_featured_image_position":"","newspack_post_subtitle":"","newspack_article_summary_title":"Overview:","newspack_article_summary":"","newspack_hide_updated_date":false,"newspack_show_updated_date":false,"_jetpack_memberships_contains_paid_content":false,"footnotes":"","jetpack_publicize_message":"","jetpack_publicize_feature_enabled":true,"jetpack_social_post_already_shared":false,"jetpack_social_options":{"image_generator_settings":{"template":"highway","default_image_id":0,"font":"","enabled":false},"version":2},"_wpas_customize_per_network":false},"categories":[26823,14631,2522,2506,2523,14625,14627,2521],"tags":[4903,3763],"newspack_spnsrs_tax":[],"class_list":["post-339463","post","type-post","status-publish","format-standard","has-post-thumbnail","hentry","category-arte-y-cultura","category-estilo-de-vida","category-eventos-es","category-mas-alla-de-casa-es","category-moda-es","category-noticias-locales","category-proximamente","category-republica-dominicana-2","tag-jenny-polanco-es","tag-santo-domingo-es","entry"],"yoast_head":"<!-- This site is optimized with the Yoast SEO plugin v27.2 - https:\/\/yoast.com\/product\/yoast-seo-wordpress\/ -->\n<title>&quot;Las medidas de la brisa&quot;: una obra de ProDanCo con vestuarios de Jenny Polanco y un concierto de Janio Lora | Casa de Campo Living<\/title>\n<meta name=\"description\" content=\"Los d\u00edas 3, 4 y 5 de agosto, el Proyecto de Danza Contempor\u00e1nea (ProDanCo) del Ballet Nacional Dominicano, estrenar\u00e1 en Santo Domingo, un fragmento de la\" \/>\n<meta name=\"robots\" content=\"index, follow, max-snippet:-1, max-image-preview:large, max-video-preview:-1\" \/>\n<link rel=\"canonical\" href=\"https:\/\/casadecampoliving.com\/es\/las-medidas-de-la-brisa-una-obra-de-prodanco-con-vestuarios-de-jenny-polanco-y-un-concierto-de-janio-lora\/\" \/>\n<meta property=\"og:locale\" content=\"es_ES\" \/>\n<meta property=\"og:type\" content=\"article\" \/>\n<meta property=\"og:title\" content=\"&quot;Las medidas de la brisa&quot;: una obra de ProDanCo con vestuarios de Jenny Polanco y un concierto de Janio Lora | Casa de Campo Living\" \/>\n<meta property=\"og:description\" content=\"Los d\u00edas 3, 4 y 5 de agosto, el Proyecto de Danza Contempor\u00e1nea (ProDanCo) del Ballet Nacional Dominicano, estrenar\u00e1 en Santo Domingo, un fragmento de la\" \/>\n<meta property=\"og:url\" content=\"https:\/\/casadecampoliving.com\/es\/las-medidas-de-la-brisa-una-obra-de-prodanco-con-vestuarios-de-jenny-polanco-y-un-concierto-de-janio-lora\/\" \/>\n<meta property=\"og:site_name\" content=\"Casa de Campo Living\" \/>\n<meta property=\"article:publisher\" content=\"https:\/\/www.facebook.com\/casadecampoliving\" \/>\n<meta property=\"article:published_time\" content=\"2012-07-26T04:00:00+00:00\" \/>\n<meta property=\"article:modified_time\" content=\"2022-10-21T22:44:00+00:00\" \/>\n<meta property=\"og:image\" content=\"https:\/\/i0.wp.com\/casadecampoliving.com\/wp-content\/uploads\/2022\/10\/ballet_santo_domingo-1.jpg?fit=650%2C512&ssl=1\" \/>\n\t<meta property=\"og:image:width\" content=\"650\" \/>\n\t<meta property=\"og:image:height\" content=\"512\" \/>\n\t<meta property=\"og:image:type\" content=\"image\/jpeg\" \/>\n<meta name=\"twitter:card\" content=\"summary_large_image\" \/>\n<meta name=\"twitter:creator\" content=\"@cdcliving\" \/>\n<meta name=\"twitter:site\" content=\"@cdcliving\" \/>\n<meta name=\"twitter:label1\" content=\"Escrito por\" \/>\n\t<meta name=\"twitter:data1\" content=\"\" \/>\n\t<meta name=\"twitter:label2\" content=\"Tiempo de lectura\" \/>\n\t<meta name=\"twitter:data2\" content=\"3 minutos\" \/>\n<script type=\"application\/ld+json\" class=\"yoast-schema-graph\">{\"@context\":\"https:\/\/schema.org\",\"@graph\":[{\"@type\":\"Article\",\"@id\":\"https:\/\/casadecampoliving.com\/es\/las-medidas-de-la-brisa-una-obra-de-prodanco-con-vestuarios-de-jenny-polanco-y-un-concierto-de-janio-lora\/#article\",\"isPartOf\":{\"@id\":\"https:\/\/casadecampoliving.com\/es\/las-medidas-de-la-brisa-una-obra-de-prodanco-con-vestuarios-de-jenny-polanco-y-un-concierto-de-janio-lora\/\"},\"author\":{\"name\":\"\",\"@id\":\"https:\/\/casadecampoliving.com\/es\/#\/schema\/person\/7e3b975d584a5f6ac0fd7128a81b0bc5\"},\"headline\":\"\u00abLas medidas de la brisa\u00bb: una obra de ProDanCo con vestuarios de Jenny Polanco y un concierto de Janio Lora\",\"datePublished\":\"2012-07-26T04:00:00+00:00\",\"dateModified\":\"2022-10-21T22:44:00+00:00\",\"mainEntityOfPage\":{\"@id\":\"https:\/\/casadecampoliving.com\/es\/las-medidas-de-la-brisa-una-obra-de-prodanco-con-vestuarios-de-jenny-polanco-y-un-concierto-de-janio-lora\/\"},\"wordCount\":529,\"publisher\":{\"@id\":\"https:\/\/casadecampoliving.com\/es\/#organization\"},\"image\":{\"@id\":\"https:\/\/casadecampoliving.com\/es\/las-medidas-de-la-brisa-una-obra-de-prodanco-con-vestuarios-de-jenny-polanco-y-un-concierto-de-janio-lora\/#primaryimage\"},\"thumbnailUrl\":\"https:\/\/i0.wp.com\/casadecampoliving.com\/wp-content\/uploads\/2022\/10\/ballet_santo_domingo-1.jpg?fit=650%2C512&ssl=1\",\"keywords\":[\"jenny polanco @es\",\"santo domingo @es\"],\"articleSection\":[\"Arte y cultura\",\"Estilo de Vida\",\"Eventos\",\"M\u00e1s all\u00e1 de Casa\",\"Moda\",\"Noticias Locales\",\"Proximamente\",\"Rep\u00fablica Dominicana @es\"],\"inLanguage\":\"es\"},{\"@type\":\"WebPage\",\"@id\":\"https:\/\/casadecampoliving.com\/es\/las-medidas-de-la-brisa-una-obra-de-prodanco-con-vestuarios-de-jenny-polanco-y-un-concierto-de-janio-lora\/\",\"url\":\"https:\/\/casadecampoliving.com\/es\/las-medidas-de-la-brisa-una-obra-de-prodanco-con-vestuarios-de-jenny-polanco-y-un-concierto-de-janio-lora\/\",\"name\":\"\\\"Las medidas de la brisa\\\": una obra de ProDanCo con vestuarios de Jenny Polanco y un concierto de Janio Lora | Casa de Campo Living\",\"isPartOf\":{\"@id\":\"https:\/\/casadecampoliving.com\/es\/#website\"},\"primaryImageOfPage\":{\"@id\":\"https:\/\/casadecampoliving.com\/es\/las-medidas-de-la-brisa-una-obra-de-prodanco-con-vestuarios-de-jenny-polanco-y-un-concierto-de-janio-lora\/#primaryimage\"},\"image\":{\"@id\":\"https:\/\/casadecampoliving.com\/es\/las-medidas-de-la-brisa-una-obra-de-prodanco-con-vestuarios-de-jenny-polanco-y-un-concierto-de-janio-lora\/#primaryimage\"},\"thumbnailUrl\":\"https:\/\/i0.wp.com\/casadecampoliving.com\/wp-content\/uploads\/2022\/10\/ballet_santo_domingo-1.jpg?fit=650%2C512&ssl=1\",\"datePublished\":\"2012-07-26T04:00:00+00:00\",\"dateModified\":\"2022-10-21T22:44:00+00:00\",\"description\":\"Los d\u00edas 3, 4 y 5 de agosto, el Proyecto de Danza Contempor\u00e1nea (ProDanCo) del Ballet Nacional Dominicano, estrenar\u00e1 en Santo Domingo, un fragmento de la\",\"breadcrumb\":{\"@id\":\"https:\/\/casadecampoliving.com\/es\/las-medidas-de-la-brisa-una-obra-de-prodanco-con-vestuarios-de-jenny-polanco-y-un-concierto-de-janio-lora\/#breadcrumb\"},\"inLanguage\":\"es\",\"potentialAction\":[{\"@type\":\"ReadAction\",\"target\":[\"https:\/\/casadecampoliving.com\/es\/las-medidas-de-la-brisa-una-obra-de-prodanco-con-vestuarios-de-jenny-polanco-y-un-concierto-de-janio-lora\/\"]}]},{\"@type\":\"ImageObject\",\"inLanguage\":\"es\",\"@id\":\"https:\/\/casadecampoliving.com\/es\/las-medidas-de-la-brisa-una-obra-de-prodanco-con-vestuarios-de-jenny-polanco-y-un-concierto-de-janio-lora\/#primaryimage\",\"url\":\"https:\/\/i0.wp.com\/casadecampoliving.com\/wp-content\/uploads\/2022\/10\/ballet_santo_domingo-1.jpg?fit=650%2C512&ssl=1\",\"contentUrl\":\"https:\/\/i0.wp.com\/casadecampoliving.com\/wp-content\/uploads\/2022\/10\/ballet_santo_domingo-1.jpg?fit=650%2C512&ssl=1\",\"width\":650,\"height\":512,\"caption\":\"ballet santo domingo\"},{\"@type\":\"BreadcrumbList\",\"@id\":\"https:\/\/casadecampoliving.com\/es\/las-medidas-de-la-brisa-una-obra-de-prodanco-con-vestuarios-de-jenny-polanco-y-un-concierto-de-janio-lora\/#breadcrumb\",\"itemListElement\":[{\"@type\":\"ListItem\",\"position\":1,\"name\":\"Home\",\"item\":\"https:\/\/casadecampoliving.com\/es\/\"},{\"@type\":\"ListItem\",\"position\":2,\"name\":\"&#8220;Las medidas de la brisa&#8221;: una obra de ProDanCo con vestuarios de Jenny Polanco y un concierto de Janio Lora\"}]},{\"@type\":\"WebSite\",\"@id\":\"https:\/\/casadecampoliving.com\/es\/#website\",\"url\":\"https:\/\/casadecampoliving.com\/es\/\",\"name\":\"Casa de Campo Living\",\"description\":\"Resort community news and resources.\",\"publisher\":{\"@id\":\"https:\/\/casadecampoliving.com\/es\/#organization\"},\"potentialAction\":[{\"@type\":\"SearchAction\",\"target\":{\"@type\":\"EntryPoint\",\"urlTemplate\":\"https:\/\/casadecampoliving.com\/es\/?s={search_term_string}\"},\"query-input\":{\"@type\":\"PropertyValueSpecification\",\"valueRequired\":true,\"valueName\":\"search_term_string\"}}],\"inLanguage\":\"es\"},{\"@type\":\"Organization\",\"@id\":\"https:\/\/casadecampoliving.com\/es\/#organization\",\"name\":\"Casa de Campo Living\",\"url\":\"https:\/\/casadecampoliving.com\/es\/\",\"logo\":{\"@type\":\"ImageObject\",\"inLanguage\":\"es\",\"@id\":\"https:\/\/casadecampoliving.com\/es\/#\/schema\/logo\/image\/\",\"url\":\"https:\/\/i0.wp.com\/casadecampoliving.com\/wp-content\/uploads\/2022\/07\/CDCLivingLogo_V1-white-sized.png?fit=800%2C214&ssl=1\",\"contentUrl\":\"https:\/\/i0.wp.com\/casadecampoliving.com\/wp-content\/uploads\/2022\/07\/CDCLivingLogo_V1-white-sized.png?fit=800%2C214&ssl=1\",\"width\":800,\"height\":214,\"caption\":\"Casa de Campo Living\"},\"image\":{\"@id\":\"https:\/\/casadecampoliving.com\/es\/#\/schema\/logo\/image\/\"},\"sameAs\":[\"https:\/\/www.facebook.com\/casadecampoliving\",\"https:\/\/x.com\/cdcliving\"]},{\"@type\":\"Person\",\"@id\":\"https:\/\/casadecampoliving.com\/es\/#\/schema\/person\/7e3b975d584a5f6ac0fd7128a81b0bc5\",\"name\":\"\",\"image\":{\"@type\":\"ImageObject\",\"inLanguage\":\"es\",\"@id\":\"https:\/\/secure.gravatar.com\/avatar\/?s=96&d=mm&r=g\",\"url\":\"https:\/\/secure.gravatar.com\/avatar\/?s=96&d=mm&r=g\",\"contentUrl\":\"https:\/\/secure.gravatar.com\/avatar\/?s=96&d=mm&r=g\"},\"url\":\"https:\/\/casadecampoliving.com\/es\/author\/ \/\"}]}<\/script>\n<!-- \/ Yoast SEO plugin. -->","yoast_head_json":{"title":"\"Las medidas de la brisa\": una obra de ProDanCo con vestuarios de Jenny Polanco y un concierto de Janio Lora | Casa de Campo Living","description":"Los d\u00edas 3, 4 y 5 de agosto, el Proyecto de Danza Contempor\u00e1nea (ProDanCo) del Ballet Nacional Dominicano, estrenar\u00e1 en Santo Domingo, un fragmento de la","robots":{"index":"index","follow":"follow","max-snippet":"max-snippet:-1","max-image-preview":"max-image-preview:large","max-video-preview":"max-video-preview:-1"},"canonical":"https:\/\/casadecampoliving.com\/es\/las-medidas-de-la-brisa-una-obra-de-prodanco-con-vestuarios-de-jenny-polanco-y-un-concierto-de-janio-lora\/","og_locale":"es_ES","og_type":"article","og_title":"\"Las medidas de la brisa\": una obra de ProDanCo con vestuarios de Jenny Polanco y un concierto de Janio Lora | Casa de Campo Living","og_description":"Los d\u00edas 3, 4 y 5 de agosto, el Proyecto de Danza Contempor\u00e1nea (ProDanCo) del Ballet Nacional Dominicano, estrenar\u00e1 en Santo Domingo, un fragmento de la","og_url":"https:\/\/casadecampoliving.com\/es\/las-medidas-de-la-brisa-una-obra-de-prodanco-con-vestuarios-de-jenny-polanco-y-un-concierto-de-janio-lora\/","og_site_name":"Casa de Campo Living","article_publisher":"https:\/\/www.facebook.com\/casadecampoliving","article_published_time":"2012-07-26T04:00:00+00:00","article_modified_time":"2022-10-21T22:44:00+00:00","og_image":[{"width":650,"height":512,"url":"https:\/\/i0.wp.com\/casadecampoliving.com\/wp-content\/uploads\/2022\/10\/ballet_santo_domingo-1.jpg?fit=650%2C512&ssl=1","type":"image\/jpeg"}],"twitter_card":"summary_large_image","twitter_creator":"@cdcliving","twitter_site":"@cdcliving","twitter_misc":{"Escrito por":"","Tiempo de lectura":"3 minutos"},"schema":{"@context":"https:\/\/schema.org","@graph":[{"@type":"Article","@id":"https:\/\/casadecampoliving.com\/es\/las-medidas-de-la-brisa-una-obra-de-prodanco-con-vestuarios-de-jenny-polanco-y-un-concierto-de-janio-lora\/#article","isPartOf":{"@id":"https:\/\/casadecampoliving.com\/es\/las-medidas-de-la-brisa-una-obra-de-prodanco-con-vestuarios-de-jenny-polanco-y-un-concierto-de-janio-lora\/"},"author":{"name":"","@id":"https:\/\/casadecampoliving.com\/es\/#\/schema\/person\/7e3b975d584a5f6ac0fd7128a81b0bc5"},"headline":"\u00abLas medidas de la brisa\u00bb: una obra de ProDanCo con vestuarios de Jenny Polanco y un concierto de Janio Lora","datePublished":"2012-07-26T04:00:00+00:00","dateModified":"2022-10-21T22:44:00+00:00","mainEntityOfPage":{"@id":"https:\/\/casadecampoliving.com\/es\/las-medidas-de-la-brisa-una-obra-de-prodanco-con-vestuarios-de-jenny-polanco-y-un-concierto-de-janio-lora\/"},"wordCount":529,"publisher":{"@id":"https:\/\/casadecampoliving.com\/es\/#organization"},"image":{"@id":"https:\/\/casadecampoliving.com\/es\/las-medidas-de-la-brisa-una-obra-de-prodanco-con-vestuarios-de-jenny-polanco-y-un-concierto-de-janio-lora\/#primaryimage"},"thumbnailUrl":"https:\/\/i0.wp.com\/casadecampoliving.com\/wp-content\/uploads\/2022\/10\/ballet_santo_domingo-1.jpg?fit=650%2C512&ssl=1","keywords":["jenny polanco @es","santo domingo @es"],"articleSection":["Arte y cultura","Estilo de Vida","Eventos","M\u00e1s all\u00e1 de Casa","Moda","Noticias Locales","Proximamente","Rep\u00fablica Dominicana @es"],"inLanguage":"es"},{"@type":"WebPage","@id":"https:\/\/casadecampoliving.com\/es\/las-medidas-de-la-brisa-una-obra-de-prodanco-con-vestuarios-de-jenny-polanco-y-un-concierto-de-janio-lora\/","url":"https:\/\/casadecampoliving.com\/es\/las-medidas-de-la-brisa-una-obra-de-prodanco-con-vestuarios-de-jenny-polanco-y-un-concierto-de-janio-lora\/","name":"\"Las medidas de la brisa\": una obra de ProDanCo con vestuarios de Jenny Polanco y un concierto de Janio Lora | Casa de Campo Living","isPartOf":{"@id":"https:\/\/casadecampoliving.com\/es\/#website"},"primaryImageOfPage":{"@id":"https:\/\/casadecampoliving.com\/es\/las-medidas-de-la-brisa-una-obra-de-prodanco-con-vestuarios-de-jenny-polanco-y-un-concierto-de-janio-lora\/#primaryimage"},"image":{"@id":"https:\/\/casadecampoliving.com\/es\/las-medidas-de-la-brisa-una-obra-de-prodanco-con-vestuarios-de-jenny-polanco-y-un-concierto-de-janio-lora\/#primaryimage"},"thumbnailUrl":"https:\/\/i0.wp.com\/casadecampoliving.com\/wp-content\/uploads\/2022\/10\/ballet_santo_domingo-1.jpg?fit=650%2C512&ssl=1","datePublished":"2012-07-26T04:00:00+00:00","dateModified":"2022-10-21T22:44:00+00:00","description":"Los d\u00edas 3, 4 y 5 de agosto, el Proyecto de Danza Contempor\u00e1nea (ProDanCo) del Ballet Nacional Dominicano, estrenar\u00e1 en Santo Domingo, un fragmento de la","breadcrumb":{"@id":"https:\/\/casadecampoliving.com\/es\/las-medidas-de-la-brisa-una-obra-de-prodanco-con-vestuarios-de-jenny-polanco-y-un-concierto-de-janio-lora\/#breadcrumb"},"inLanguage":"es","potentialAction":[{"@type":"ReadAction","target":["https:\/\/casadecampoliving.com\/es\/las-medidas-de-la-brisa-una-obra-de-prodanco-con-vestuarios-de-jenny-polanco-y-un-concierto-de-janio-lora\/"]}]},{"@type":"ImageObject","inLanguage":"es","@id":"https:\/\/casadecampoliving.com\/es\/las-medidas-de-la-brisa-una-obra-de-prodanco-con-vestuarios-de-jenny-polanco-y-un-concierto-de-janio-lora\/#primaryimage","url":"https:\/\/i0.wp.com\/casadecampoliving.com\/wp-content\/uploads\/2022\/10\/ballet_santo_domingo-1.jpg?fit=650%2C512&ssl=1","contentUrl":"https:\/\/i0.wp.com\/casadecampoliving.com\/wp-content\/uploads\/2022\/10\/ballet_santo_domingo-1.jpg?fit=650%2C512&ssl=1","width":650,"height":512,"caption":"ballet santo domingo"},{"@type":"BreadcrumbList","@id":"https:\/\/casadecampoliving.com\/es\/las-medidas-de-la-brisa-una-obra-de-prodanco-con-vestuarios-de-jenny-polanco-y-un-concierto-de-janio-lora\/#breadcrumb","itemListElement":[{"@type":"ListItem","position":1,"name":"Home","item":"https:\/\/casadecampoliving.com\/es\/"},{"@type":"ListItem","position":2,"name":"&#8220;Las medidas de la brisa&#8221;: una obra de ProDanCo con vestuarios de Jenny Polanco y un concierto de Janio Lora"}]},{"@type":"WebSite","@id":"https:\/\/casadecampoliving.com\/es\/#website","url":"https:\/\/casadecampoliving.com\/es\/","name":"Casa de Campo Living","description":"Resort community news and resources.","publisher":{"@id":"https:\/\/casadecampoliving.com\/es\/#organization"},"potentialAction":[{"@type":"SearchAction","target":{"@type":"EntryPoint","urlTemplate":"https:\/\/casadecampoliving.com\/es\/?s={search_term_string}"},"query-input":{"@type":"PropertyValueSpecification","valueRequired":true,"valueName":"search_term_string"}}],"inLanguage":"es"},{"@type":"Organization","@id":"https:\/\/casadecampoliving.com\/es\/#organization","name":"Casa de Campo Living","url":"https:\/\/casadecampoliving.com\/es\/","logo":{"@type":"ImageObject","inLanguage":"es","@id":"https:\/\/casadecampoliving.com\/es\/#\/schema\/logo\/image\/","url":"https:\/\/i0.wp.com\/casadecampoliving.com\/wp-content\/uploads\/2022\/07\/CDCLivingLogo_V1-white-sized.png?fit=800%2C214&ssl=1","contentUrl":"https:\/\/i0.wp.com\/casadecampoliving.com\/wp-content\/uploads\/2022\/07\/CDCLivingLogo_V1-white-sized.png?fit=800%2C214&ssl=1","width":800,"height":214,"caption":"Casa de Campo Living"},"image":{"@id":"https:\/\/casadecampoliving.com\/es\/#\/schema\/logo\/image\/"},"sameAs":["https:\/\/www.facebook.com\/casadecampoliving","https:\/\/x.com\/cdcliving"]},{"@type":"Person","@id":"https:\/\/casadecampoliving.com\/es\/#\/schema\/person\/7e3b975d584a5f6ac0fd7128a81b0bc5","name":"","image":{"@type":"ImageObject","inLanguage":"es","@id":"https:\/\/secure.gravatar.com\/avatar\/?s=96&d=mm&r=g","url":"https:\/\/secure.gravatar.com\/avatar\/?s=96&d=mm&r=g","contentUrl":"https:\/\/secure.gravatar.com\/avatar\/?s=96&d=mm&r=g"},"url":"https:\/\/casadecampoliving.com\/es\/author\/ \/"}]}},"parsely":{"version":"1.1.0","canonical_url":"https:\/\/casadecampoliving.com\/es\/las-medidas-de-la-brisa-una-obra-de-prodanco-con-vestuarios-de-jenny-polanco-y-un-concierto-de-janio-lora\/","smart_links":{"inbound":0,"outbound":0},"traffic_boost_suggestions_count":0,"meta":{"@context":"https:\/\/schema.org","@type":"NewsArticle","headline":"\u00abLas medidas de la brisa\u00bb: una obra de ProDanCo con vestuarios de Jenny Polanco y un concierto de Janio Lora","url":"http:\/\/casadecampoliving.com\/es\/las-medidas-de-la-brisa-una-obra-de-prodanco-con-vestuarios-de-jenny-polanco-y-un-concierto-de-janio-lora\/","mainEntityOfPage":{"@type":"WebPage","@id":"http:\/\/casadecampoliving.com\/es\/las-medidas-de-la-brisa-una-obra-de-prodanco-con-vestuarios-de-jenny-polanco-y-un-concierto-de-janio-lora\/"},"thumbnailUrl":"https:\/\/i0.wp.com\/casadecampoliving.com\/wp-content\/uploads\/2022\/10\/ballet_santo_domingo-1.jpg?resize=150%2C150&ssl=1","image":{"@type":"ImageObject","url":"https:\/\/i0.wp.com\/casadecampoliving.com\/wp-content\/uploads\/2022\/10\/ballet_santo_domingo-1.jpg?fit=650%2C512&ssl=1"},"articleSection":"Arte y cultura","author":[{"@type":"Person","name":"FB_515917546"}],"creator":["FB_515917546"],"publisher":{"@type":"Organization","name":"Casa de Campo Living","logo":"https:\/\/casadecampoliving.com\/wp-content\/uploads\/2022\/07\/CDCLivingLogo_V1-white-sized.png"},"keywords":["jenny polanco @es","santo domingo @es"],"dateCreated":"2012-07-26T04:00:00Z","datePublished":"2012-07-26T04:00:00Z","dateModified":"2022-10-21T22:44:00Z"},"rendered":"<script type=\"application\/ld+json\" class=\"wp-parsely-metadata\">{\"@context\":\"https:\\\/\\\/schema.org\",\"@type\":\"NewsArticle\",\"headline\":\"\\u00abLas medidas de la brisa\\u00bb: una obra de ProDanCo con vestuarios de Jenny Polanco y un concierto de Janio Lora\",\"url\":\"http:\\\/\\\/casadecampoliving.com\\\/es\\\/las-medidas-de-la-brisa-una-obra-de-prodanco-con-vestuarios-de-jenny-polanco-y-un-concierto-de-janio-lora\\\/\",\"mainEntityOfPage\":{\"@type\":\"WebPage\",\"@id\":\"http:\\\/\\\/casadecampoliving.com\\\/es\\\/las-medidas-de-la-brisa-una-obra-de-prodanco-con-vestuarios-de-jenny-polanco-y-un-concierto-de-janio-lora\\\/\"},\"thumbnailUrl\":\"https:\\\/\\\/i0.wp.com\\\/casadecampoliving.com\\\/wp-content\\\/uploads\\\/2022\\\/10\\\/ballet_santo_domingo-1.jpg?resize=150%2C150&ssl=1\",\"image\":{\"@type\":\"ImageObject\",\"url\":\"https:\\\/\\\/i0.wp.com\\\/casadecampoliving.com\\\/wp-content\\\/uploads\\\/2022\\\/10\\\/ballet_santo_domingo-1.jpg?fit=650%2C512&ssl=1\"},\"articleSection\":\"Arte y cultura\",\"author\":[{\"@type\":\"Person\",\"name\":\"FB_515917546\"}],\"creator\":[\"FB_515917546\"],\"publisher\":{\"@type\":\"Organization\",\"name\":\"Casa de Campo Living\",\"logo\":\"https:\\\/\\\/casadecampoliving.com\\\/wp-content\\\/uploads\\\/2022\\\/07\\\/CDCLivingLogo_V1-white-sized.png\"},\"keywords\":[\"jenny polanco @es\",\"santo domingo @es\"],\"dateCreated\":\"2012-07-26T04:00:00Z\",\"datePublished\":\"2012-07-26T04:00:00Z\",\"dateModified\":\"2022-10-21T22:44:00Z\"}<\/script>","tracker_url":"https:\/\/cdn.parsely.com\/keys\/casadecampoliving.com\/p.js"},"jetpack_publicize_connections":[],"jetpack_featured_media_url":"https:\/\/i0.wp.com\/casadecampoliving.com\/wp-content\/uploads\/2022\/10\/ballet_santo_domingo-1.jpg?fit=650%2C512&ssl=1","jetpack-related-posts":[{"id":321482,"url":"https:\/\/casadecampoliving.com\/measurements-of-the-wind-a-play-by-the-dominican-national-ballet-featuring-fashion-designs-by-jenny-polanco\/","url_meta":{"origin":339463,"position":0},"title":"\u00abMeasurements of the wind\u00bb: a play by the Dominican National Ballet featuring fashion designs by Jenny Polanco!","author":"","date":"26 Jul, 2012","format":false,"excerpt":"On the\u00a03rd, 4th and 5th of August, the Dominican National Ballet\u2019s \u201cProyecto de Danza Contempor\u00e1neo\u201d (Contemporary Dance Project), will be performing a short excerpt of the play \u201cLas medidas de la brisa\u201d (the measures of the breeze) in Santo Domingo, showcasing some wonderful costumes designed by prominent Dominican fashion designer\u2026","rel":"","context":"En \u00abArt and Culture\u00bb","block_context":{"text":"Art and Culture","link":"https:\/\/casadecampoliving.com\/category\/art-and-culture\/"},"img":{"alt_text":"ballet santo domingo","src":"https:\/\/i0.wp.com\/casadecampoliving.com\/wp-content\/uploads\/2022\/10\/ballet_santo_domingo-1.jpg?fit=650%2C512&ssl=1&resize=350%2C200","width":350,"height":200,"srcset":"https:\/\/i0.wp.com\/casadecampoliving.com\/wp-content\/uploads\/2022\/10\/ballet_santo_domingo-1.jpg?fit=650%2C512&ssl=1&resize=350%2C200 1x, https:\/\/i0.wp.com\/casadecampoliving.com\/wp-content\/uploads\/2022\/10\/ballet_santo_domingo-1.jpg?fit=650%2C512&ssl=1&resize=525%2C300 1.5x"},"classes":[]},{"id":348016,"url":"https:\/\/casadecampoliving.com\/es\/exhibicion-selection-en-jenny-polanco-project\/","url_meta":{"origin":339463,"position":1},"title":"Exhibici\u00f3n de arte SELECTION en Jenny Polanco Project","author":"Perkin Agramonte","date":"6 Ago, 2015","format":false,"excerpt":"El pr\u00f3ximo s\u00e1bado, 15 de agosto esl Jenny Polanco Project en colaboraci\u00f3n con Casa Quien trae a Altos de Chav\u00f3n una exhibici\u00f3n de arte llamada \u201cSelection\u201d, con obras realizadas por artistas contempor\u00e1neos dominicanos. Casa Quien es un espacio de arte abierto por Amy Hussein (egresada de La Escuela de Dise\u00f1o\u2026","rel":"","context":"En \u00abAltos de Chavon @es\u00bb","block_context":{"text":"Altos de Chavon @es","link":"https:\/\/casadecampoliving.com\/category\/altos-de-chavon-es\/"},"img":{"alt_text":"","src":"https:\/\/i0.wp.com\/casadecampoliving.com\/wp-content\/uploads\/2022\/10\/SELECTION_art_exhibit-1.png?fit=1200%2C694&ssl=1&resize=350%2C200","width":350,"height":200,"srcset":"https:\/\/i0.wp.com\/casadecampoliving.com\/wp-content\/uploads\/2022\/10\/SELECTION_art_exhibit-1.png?fit=1200%2C694&ssl=1&resize=350%2C200 1x, https:\/\/i0.wp.com\/casadecampoliving.com\/wp-content\/uploads\/2022\/10\/SELECTION_art_exhibit-1.png?fit=1200%2C694&ssl=1&resize=525%2C300 1.5x, https:\/\/i0.wp.com\/casadecampoliving.com\/wp-content\/uploads\/2022\/10\/SELECTION_art_exhibit-1.png?fit=1200%2C694&ssl=1&resize=700%2C400 2x, https:\/\/i0.wp.com\/casadecampoliving.com\/wp-content\/uploads\/2022\/10\/SELECTION_art_exhibit-1.png?fit=1200%2C694&ssl=1&resize=1050%2C600 3x"},"classes":[]},{"id":345029,"url":"https:\/\/casadecampoliving.com\/es\/jenny-polanco-presenta-dominico-concon-por-raul-recio\/","url_meta":{"origin":339463,"position":2},"title":"Jenny Polanco presenta \u00abDominico &#8211; Concon\u00bb por Raul Recio","author":"Daniela Medina","date":"6 Ago, 2014","format":false,"excerpt":"Este S\u00e1bado 9 de agosto, la dise\u00f1adora dominicana y due\u00f1a de villa en Casa de Campo, Jenny Polanco, les invita a la apertura de la exhibici\u00f3n de arte \u201cDominico \u2013 Concon\u201d presentada por el artista Ra\u00fal Recio. Tendr\u00e1 lugar en el Jenny Polanco Project en Altos de Chav\u00f3n, la exhibici\u00f3n\u00a0\u201cDominico\u2026","rel":"","context":"En \u00abAltos de Chavon @es\u00bb","block_context":{"text":"Altos de Chavon @es","link":"https:\/\/casadecampoliving.com\/category\/altos-de-chavon-es\/"},"img":{"alt_text":"","src":"https:\/\/i0.wp.com\/casadecampoliving.com\/wp-content\/uploads\/2022\/10\/Raul_Recio_arte-1.jpg?fit=1200%2C889&ssl=1&resize=350%2C200","width":350,"height":200,"srcset":"https:\/\/i0.wp.com\/casadecampoliving.com\/wp-content\/uploads\/2022\/10\/Raul_Recio_arte-1.jpg?fit=1200%2C889&ssl=1&resize=350%2C200 1x, https:\/\/i0.wp.com\/casadecampoliving.com\/wp-content\/uploads\/2022\/10\/Raul_Recio_arte-1.jpg?fit=1200%2C889&ssl=1&resize=525%2C300 1.5x, https:\/\/i0.wp.com\/casadecampoliving.com\/wp-content\/uploads\/2022\/10\/Raul_Recio_arte-1.jpg?fit=1200%2C889&ssl=1&resize=700%2C400 2x, https:\/\/i0.wp.com\/casadecampoliving.com\/wp-content\/uploads\/2022\/10\/Raul_Recio_arte-1.jpg?fit=1200%2C889&ssl=1&resize=1050%2C600 3x"},"classes":[]},{"id":351164,"url":"https:\/\/casadecampoliving.com\/es\/citlally-miranda-presenta-carnelevarium-en-el-jenny-polanco-project\/","url_meta":{"origin":339463,"position":3},"title":"Citlally Miranda presenta \u00abCarnelevarium\u00bb en el Jenny Polanco Project","author":"Marlenys Guzm\u00e1n Casta\u00f1os","date":"17 Feb, 2017","format":false,"excerpt":"El Jenny Polanco Project presenta \u201cCarnelevarium\u201d por\u00a0la\u00a0artista Citlally Miranda. La exposici\u00f3n estar\u00e1 abierta al p\u00fablico el domingo 19 de febrero, donde\u00a0adem\u00e1s\u00a0tendremos la oportunidad de conocer a la artista y\u00a0su trabajo e investigaci\u00f3n sobre Carnelevarium. El proyecto Jenny Polanco tambi\u00e9n ofrecer\u00e1 bebidas en el nuevo Project Tapas Bar. Carnelevarium es latino\u2026","rel":"","context":"En \u00abAltos de Chavon @es\u00bb","block_context":{"text":"Altos de Chavon @es","link":"https:\/\/casadecampoliving.com\/category\/altos-de-chavon-es\/"},"img":{"alt_text":"","src":"https:\/\/i0.wp.com\/casadecampoliving.com\/wp-content\/uploads\/2022\/10\/Pimpeada_Citlally-Miranda_2012-e1487353464287.jpg?fit=1000%2C550&ssl=1&resize=350%2C200","width":350,"height":200,"srcset":"https:\/\/i0.wp.com\/casadecampoliving.com\/wp-content\/uploads\/2022\/10\/Pimpeada_Citlally-Miranda_2012-e1487353464287.jpg?fit=1000%2C550&ssl=1&resize=350%2C200 1x, https:\/\/i0.wp.com\/casadecampoliving.com\/wp-content\/uploads\/2022\/10\/Pimpeada_Citlally-Miranda_2012-e1487353464287.jpg?fit=1000%2C550&ssl=1&resize=525%2C300 1.5x, https:\/\/i0.wp.com\/casadecampoliving.com\/wp-content\/uploads\/2022\/10\/Pimpeada_Citlally-Miranda_2012-e1487353464287.jpg?fit=1000%2C550&ssl=1&resize=700%2C400 2x"},"classes":[]},{"id":343070,"url":"https:\/\/casadecampoliving.com\/es\/nuevas-sandalias-de-jenny-polanco\/","url_meta":{"origin":339463,"position":4},"title":"Nuevas sandalias de Jenny Polanco","author":"Genesis Perdomo","date":"15 Oct, 2013","format":false,"excerpt":"Jenny Polanco, famosa dise\u00f1adora dominicana, ex estudiante y profesora de la Escuela de arte y dise\u00f1o de Altos de Chav\u00f3n y tambi\u00e9n\u00a0Casa de Campo due\u00f1o de villa con 3 tiendas dentro del complejo, est\u00e1 creando nuevo dise\u00f1os para zapatos. Creados como parte de los eventos de Dominicana Moda, la cual\u2026","rel":"","context":"En \u00abAltos de Chavon @es\u00bb","block_context":{"text":"Altos de Chavon @es","link":"https:\/\/casadecampoliving.com\/category\/altos-de-chavon-es\/"},"img":{"alt_text":"Jenny Polanco","src":"https:\/\/i0.wp.com\/casadecampoliving.com\/wp-content\/uploads\/2022\/10\/jenny_polanco2-1.jpg?fit=650%2C475&ssl=1&resize=350%2C200","width":350,"height":200,"srcset":"https:\/\/i0.wp.com\/casadecampoliving.com\/wp-content\/uploads\/2022\/10\/jenny_polanco2-1.jpg?fit=650%2C475&ssl=1&resize=350%2C200 1x, https:\/\/i0.wp.com\/casadecampoliving.com\/wp-content\/uploads\/2022\/10\/jenny_polanco2-1.jpg?fit=650%2C475&ssl=1&resize=525%2C300 1.5x"},"classes":[]},{"id":348835,"url":"https:\/\/casadecampoliving.com\/es\/selection-edicion-invierno-regresa-al-jenny-polanco-project\/","url_meta":{"origin":339463,"position":5},"title":"\u00abSELECTION Edici\u00f3n Invierno\u00bb regresa al Jenny Polanco Project","author":"Perkin Agramonte","date":"17 Dic, 2015","format":false,"excerpt":"Los artistas dominicanos\u00a0Luis Rivas, Luis Molina, Danessa Santana, Michael Robinson, Laura Isabel, Sarah Haddou, Marion Wilson, Jesica Lewit, Gaby D\u2019Alessandro, Andrea Ottenwalder, Ezequiel \u200bTaveras, M\u00f3nica Lapaz y Alma Peguero estar\u00e1n en Altos de Chav\u00f3n presentando la exhibici\u00f3n de arte \u201cSELECTION Edici\u00f3n Invierno\u201d ESTE S\u00c1BADO, 19 de diciembre en el Jenny\u2026","rel":"","context":"En \u00abAltos de Chavon @es\u00bb","block_context":{"text":"Altos de Chavon @es","link":"https:\/\/casadecampoliving.com\/category\/altos-de-chavon-es\/"},"img":{"alt_text":"","src":"https:\/\/i0.wp.com\/casadecampoliving.com\/wp-content\/uploads\/2022\/10\/Untitled-design-3.jpg?fit=650%2C450&ssl=1&resize=350%2C200","width":350,"height":200,"srcset":"https:\/\/i0.wp.com\/casadecampoliving.com\/wp-content\/uploads\/2022\/10\/Untitled-design-3.jpg?fit=650%2C450&ssl=1&resize=350%2C200 1x, https:\/\/i0.wp.com\/casadecampoliving.com\/wp-content\/uploads\/2022\/10\/Untitled-design-3.jpg?fit=650%2C450&ssl=1&resize=525%2C300 1.5x"},"classes":[]}],"jetpack_sharing_enabled":true,"_links":{"self":[{"href":"https:\/\/casadecampoliving.com\/es\/wp-json\/wp\/v2\/posts\/339463","targetHints":{"allow":["GET"]}}],"collection":[{"href":"https:\/\/casadecampoliving.com\/es\/wp-json\/wp\/v2\/posts"}],"about":[{"href":"https:\/\/casadecampoliving.com\/es\/wp-json\/wp\/v2\/types\/post"}],"author":[{"embeddable":true,"href":"https:\/\/casadecampoliving.com\/es\/wp-json\/wp\/v2\/users\/21"}],"replies":[{"embeddable":true,"href":"https:\/\/casadecampoliving.com\/es\/wp-json\/wp\/v2\/comments?post=339463"}],"version-history":[{"count":1,"href":"https:\/\/casadecampoliving.com\/es\/wp-json\/wp\/v2\/posts\/339463\/revisions"}],"predecessor-version":[{"id":339464,"href":"https:\/\/casadecampoliving.com\/es\/wp-json\/wp\/v2\/posts\/339463\/revisions\/339464"}],"wp:featuredmedia":[{"embeddable":true,"href":"https:\/\/casadecampoliving.com\/es\/wp-json\/wp\/v2\/media\/256200"}],"wp:attachment":[{"href":"https:\/\/casadecampoliving.com\/es\/wp-json\/wp\/v2\/media?parent=339463"}],"wp:term":[{"taxonomy":"category","embeddable":true,"href":"https:\/\/casadecampoliving.com\/es\/wp-json\/wp\/v2\/categories?post=339463"},{"taxonomy":"post_tag","embeddable":true,"href":"https:\/\/casadecampoliving.com\/es\/wp-json\/wp\/v2\/tags?post=339463"},{"taxonomy":"newspack_spnsrs_tax","embeddable":true,"href":"https:\/\/casadecampoliving.com\/es\/wp-json\/wp\/v2\/newspack_spnsrs_tax?post=339463"}],"curies":[{"name":"wp","href":"https:\/\/api.w.org\/{rel}","templated":true}]}}