{"id":339459,"date":"2012-07-29T00:00:00","date_gmt":"2012-07-29T04:00:00","guid":{"rendered":"https:\/\/casadecampoliving.com\/feliz-dia-de-los-padres\/"},"modified":"2022-10-21T18:43:50","modified_gmt":"2022-10-21T22:43:50","slug":"feliz-dia-de-los-padres","status":"publish","type":"post","link":"https:\/\/casadecampoliving.com\/es\/feliz-dia-de-los-padres\/","title":{"rendered":"\u00a1\u00a1Feliz d\u00eda de los padres!!"},"content":{"rendered":"<div class=\"wp-block-image\">\n<figure class=\"aligncenter is-resized\"><img loading=\"lazy\" decoding=\"async\" src=\"https:\/\/i0.wp.com\/casadecampoliving.com\/wp-content\/uploads\/2022\/10\/fathers_day.jpg?resize=650%2C488&amp;ssl=1\" alt=\"father's day\" class=\"wp-image-55051\" title=\"father's_day\" height=\"488\" width=\"650\"\/><\/figure>\n<\/div>\n\n\n<p>Hoy, domingo 29 de julio de 2012, celebramos el d\u00eda de los padres en la Rep\u00fablica Dominicana, por lo que nosotros (Casa de Campo Living) deseamos un muy feliz d\u00eda a todos los padres ejemplares que junto a las madres o bien solos, cumplen con la gran labor de sacar adelante a sus hijos con trabajo, esfuerzo y amor!<\/p>\n\n\n\n<!--more-->\n\n\n\n<p>A\u00fan cuando algunos eventos especiales no sean celebrados el mismo d\u00eda en los distintos pa\u00edses del mundo, cada a\u00f1o, tanto las madres como los padres son honrados con la celebraci\u00f3n de su d\u00eda. En la Rep\u00fablica Dominicana celebramos el d\u00eda de los padres el \u00faltimo domingo de julio, (es decir, hoy), en donde las familias dominicanas se reunen para realizar convivencias en nombre de los padres, abuelos, tios y padrastros de la familia, generalmente con almuerzos t\u00edpicos, seguido de \u00a1una entrega de regalos para los bellos padres!<\/p>\n\n\n\n<blockquote class=\"wp-block-quote is-layout-flow wp-block-quote-is-layout-flow\"><p><strong>Pero de d\u00f3nde surge la celebraci\u00f3n?<\/strong><\/p><p>Seg\u00fan cuenta la historia, la idea de celebrar el d\u00eda del padre ocurri\u00f3 en 1909, cuando una mujer llamada Sonora Smart Dodd en los Estados Unidos, propuso la idea de celebrar el d\u00eda del padre con el prop\u00f3sito de homenajear al suyo, quien, en medio de luchas en la Guerra Civil, enviud\u00f3 cuando su esposa muri\u00f3 durante el parto de su sexto hijo. Henry Jackson Smart asumi\u00f3 entonces&nbsp;el rol de padre y madre, siendo un ejemplo para muchos en su \u00e9poca. A\u00f1os m\u00e1s tarde y gracias a la gran acogida de la celebraci\u00f3n del d\u00eda del padre en algunos estados, se estableci\u00f3 oficialmente el d\u00eda nacional del padre en los Estados Unidos, el tercer domingo de junio.<\/p><\/blockquote>\n\n\n\n<p>Bella historia, \u00bfverdad?&nbsp;Nuestra admiraci\u00f3n y respeto para todos los padres dominicanos que d\u00eda a d\u00eda asumen su rol de padre \u2013 y por qu\u00e9 no, de madre tambi\u00e9n- con responsabilidad y amor.<\/p>\n\n\n\n<p>\u00a1Muchas felicidades en su d\u00eda!<\/p>\n","protected":false},"excerpt":{"rendered":"<p>Hoy, domingo 29 de julio de 2012, celebramos el d\u00eda de los padres en la Rep\u00fablica Dominicana, por lo que nosotros (Casa de Campo Living) deseamos un muy feliz d\u00eda a todos los padres ejemplares que junto a las madres o bien solos, cumplen con la gran labor de sacar adelante a sus hijos con [&hellip;]<\/p>\n","protected":false},"author":21,"featured_media":256428,"comment_status":"closed","ping_status":"closed","sticky":false,"template":"","format":"standard","meta":{"newspack_ads_suppress_ads":false,"newspack_popups_has_disabled_popups":false,"newspack_sponsor_sponsorship_scope":"","newspack_sponsor_native_byline_display":"inherit","newspack_sponsor_native_category_display":"inherit","newspack_sponsor_underwriter_style":"inherit","newspack_sponsor_underwriter_placement":"inherit","_newspack_byline_active":false,"_newspack_byline":"","newspack_hide_updated_date":false,"newspack_show_updated_date":false,"newspack_content_restriction_is_exempt":false,"newspack_featured_image_position":"","newspack_post_subtitle":"","newspack_article_summary_title":"Overview:","newspack_article_summary":"","_jetpack_memberships_contains_paid_content":false,"footnotes":"","jetpack_publicize_message":"","jetpack_publicize_feature_enabled":true,"jetpack_social_post_already_shared":false,"jetpack_social_options":{"image_generator_settings":{"template":"highway","default_image_id":0,"font":"","enabled":false},"version":2},"_wpas_customize_per_network":false},"categories":[2524,14631,14625,2521],"tags":[4897,2162],"newspack_spnsrs_tax":[],"class_list":["post-339459","post","type-post","status-publish","format-standard","has-post-thumbnail","hentry","category-destacados","category-estilo-de-vida","category-noticias-locales","category-republica-dominicana-2","tag-dia-de-los-padres","tag-feliz-dia-de-los-padres","entry"],"yoast_head":"<!-- This site is optimized with the Yoast SEO plugin v27.4 - https:\/\/yoast.com\/product\/yoast-seo-wordpress\/ -->\n<title>\u00a1\u00a1Feliz d\u00eda de los padres!! | Casa de Campo Living<\/title>\n<meta name=\"description\" content=\"Hoy, domingo 29 de julio de 2012, celebramos el d\u00eda de los padres en la Rep\u00fablica Dominicana, por lo que nosotros (Casa de Campo Living) deseamos un muy\" \/>\n<meta name=\"robots\" content=\"index, follow, max-snippet:-1, max-image-preview:large, max-video-preview:-1\" \/>\n<link rel=\"canonical\" href=\"https:\/\/casadecampoliving.com\/es\/feliz-dia-de-los-padres\/\" \/>\n<meta property=\"og:locale\" content=\"es_ES\" \/>\n<meta property=\"og:type\" content=\"article\" \/>\n<meta property=\"og:title\" content=\"\u00a1\u00a1Feliz d\u00eda de los padres!! | Casa de Campo Living\" \/>\n<meta property=\"og:description\" content=\"Hoy, domingo 29 de julio de 2012, celebramos el d\u00eda de los padres en la Rep\u00fablica Dominicana, por lo que nosotros (Casa de Campo Living) deseamos un muy\" \/>\n<meta property=\"og:url\" content=\"https:\/\/casadecampoliving.com\/es\/feliz-dia-de-los-padres\/\" \/>\n<meta property=\"og:site_name\" content=\"Casa de Campo Living\" \/>\n<meta property=\"article:publisher\" content=\"https:\/\/www.facebook.com\/casadecampoliving\" \/>\n<meta property=\"article:published_time\" content=\"2012-07-29T04:00:00+00:00\" \/>\n<meta property=\"article:modified_time\" content=\"2022-10-21T22:43:50+00:00\" \/>\n<meta property=\"og:image\" content=\"https:\/\/i0.wp.com\/casadecampoliving.com\/wp-content\/uploads\/2022\/10\/fathers_day-1.jpg?fit=650%2C488&ssl=1\" \/>\n\t<meta property=\"og:image:width\" content=\"650\" \/>\n\t<meta property=\"og:image:height\" content=\"488\" \/>\n\t<meta property=\"og:image:type\" content=\"image\/jpeg\" \/>\n<meta name=\"twitter:card\" content=\"summary_large_image\" \/>\n<meta name=\"twitter:creator\" content=\"@cdcliving\" \/>\n<meta name=\"twitter:site\" content=\"@cdcliving\" \/>\n<meta name=\"twitter:label1\" content=\"Escrito por\" \/>\n\t<meta name=\"twitter:data1\" content=\"\" \/>\n\t<meta name=\"twitter:label2\" content=\"Tiempo de lectura\" \/>\n\t<meta name=\"twitter:data2\" content=\"2 minutos\" \/>\n<script type=\"application\/ld+json\" class=\"yoast-schema-graph\">{\"@context\":\"https:\\\/\\\/schema.org\",\"@graph\":[{\"@type\":\"Article\",\"@id\":\"https:\\\/\\\/casadecampoliving.com\\\/es\\\/feliz-dia-de-los-padres\\\/#article\",\"isPartOf\":{\"@id\":\"https:\\\/\\\/casadecampoliving.com\\\/es\\\/feliz-dia-de-los-padres\\\/\"},\"author\":{\"name\":\"\",\"@id\":\"https:\\\/\\\/casadecampoliving.com\\\/es\\\/#\\\/schema\\\/person\\\/7e3b975d584a5f6ac0fd7128a81b0bc5\"},\"headline\":\"\u00a1\u00a1Feliz d\u00eda de los padres!!\",\"datePublished\":\"2012-07-29T04:00:00+00:00\",\"dateModified\":\"2022-10-21T22:43:50+00:00\",\"mainEntityOfPage\":{\"@id\":\"https:\\\/\\\/casadecampoliving.com\\\/es\\\/feliz-dia-de-los-padres\\\/\"},\"wordCount\":340,\"publisher\":{\"@id\":\"https:\\\/\\\/casadecampoliving.com\\\/es\\\/#organization\"},\"image\":{\"@id\":\"https:\\\/\\\/casadecampoliving.com\\\/es\\\/feliz-dia-de-los-padres\\\/#primaryimage\"},\"thumbnailUrl\":\"https:\\\/\\\/i0.wp.com\\\/casadecampoliving.com\\\/wp-content\\\/uploads\\\/2022\\\/10\\\/fathers_day-1.jpg?fit=650%2C488&ssl=1\",\"keywords\":[\"dia de los padres\",\"feliz dia de los padres\"],\"articleSection\":[\"Destacados\",\"Estilo de Vida\",\"Noticias Locales\",\"Rep\u00fablica Dominicana @es\"],\"inLanguage\":\"es\"},{\"@type\":\"WebPage\",\"@id\":\"https:\\\/\\\/casadecampoliving.com\\\/es\\\/feliz-dia-de-los-padres\\\/\",\"url\":\"https:\\\/\\\/casadecampoliving.com\\\/es\\\/feliz-dia-de-los-padres\\\/\",\"name\":\"\u00a1\u00a1Feliz d\u00eda de los padres!! | Casa de Campo Living\",\"isPartOf\":{\"@id\":\"https:\\\/\\\/casadecampoliving.com\\\/es\\\/#website\"},\"primaryImageOfPage\":{\"@id\":\"https:\\\/\\\/casadecampoliving.com\\\/es\\\/feliz-dia-de-los-padres\\\/#primaryimage\"},\"image\":{\"@id\":\"https:\\\/\\\/casadecampoliving.com\\\/es\\\/feliz-dia-de-los-padres\\\/#primaryimage\"},\"thumbnailUrl\":\"https:\\\/\\\/i0.wp.com\\\/casadecampoliving.com\\\/wp-content\\\/uploads\\\/2022\\\/10\\\/fathers_day-1.jpg?fit=650%2C488&ssl=1\",\"datePublished\":\"2012-07-29T04:00:00+00:00\",\"dateModified\":\"2022-10-21T22:43:50+00:00\",\"description\":\"Hoy, domingo 29 de julio de 2012, celebramos el d\u00eda de los padres en la Rep\u00fablica Dominicana, por lo que nosotros (Casa de Campo Living) deseamos un muy\",\"breadcrumb\":{\"@id\":\"https:\\\/\\\/casadecampoliving.com\\\/es\\\/feliz-dia-de-los-padres\\\/#breadcrumb\"},\"inLanguage\":\"es\",\"potentialAction\":[{\"@type\":\"ReadAction\",\"target\":[\"https:\\\/\\\/casadecampoliving.com\\\/es\\\/feliz-dia-de-los-padres\\\/\"]}]},{\"@type\":\"ImageObject\",\"inLanguage\":\"es\",\"@id\":\"https:\\\/\\\/casadecampoliving.com\\\/es\\\/feliz-dia-de-los-padres\\\/#primaryimage\",\"url\":\"https:\\\/\\\/i0.wp.com\\\/casadecampoliving.com\\\/wp-content\\\/uploads\\\/2022\\\/10\\\/fathers_day-1.jpg?fit=650%2C488&ssl=1\",\"contentUrl\":\"https:\\\/\\\/i0.wp.com\\\/casadecampoliving.com\\\/wp-content\\\/uploads\\\/2022\\\/10\\\/fathers_day-1.jpg?fit=650%2C488&ssl=1\",\"width\":650,\"height\":488,\"caption\":\"father's day\"},{\"@type\":\"BreadcrumbList\",\"@id\":\"https:\\\/\\\/casadecampoliving.com\\\/es\\\/feliz-dia-de-los-padres\\\/#breadcrumb\",\"itemListElement\":[{\"@type\":\"ListItem\",\"position\":1,\"name\":\"Home\",\"item\":\"https:\\\/\\\/casadecampoliving.com\\\/es\\\/\"},{\"@type\":\"ListItem\",\"position\":2,\"name\":\"\u00a1\u00a1Feliz d\u00eda de los padres!!\"}]},{\"@type\":\"WebSite\",\"@id\":\"https:\\\/\\\/casadecampoliving.com\\\/es\\\/#website\",\"url\":\"https:\\\/\\\/casadecampoliving.com\\\/es\\\/\",\"name\":\"Casa de Campo Living\",\"description\":\"Resort community news and resources.\",\"publisher\":{\"@id\":\"https:\\\/\\\/casadecampoliving.com\\\/es\\\/#organization\"},\"potentialAction\":[{\"@type\":\"SearchAction\",\"target\":{\"@type\":\"EntryPoint\",\"urlTemplate\":\"https:\\\/\\\/casadecampoliving.com\\\/es\\\/?s={search_term_string}\"},\"query-input\":{\"@type\":\"PropertyValueSpecification\",\"valueRequired\":true,\"valueName\":\"search_term_string\"}}],\"inLanguage\":\"es\"},{\"@type\":\"Organization\",\"@id\":\"https:\\\/\\\/casadecampoliving.com\\\/es\\\/#organization\",\"name\":\"Casa de Campo Living\",\"url\":\"https:\\\/\\\/casadecampoliving.com\\\/es\\\/\",\"logo\":{\"@type\":\"ImageObject\",\"inLanguage\":\"es\",\"@id\":\"https:\\\/\\\/casadecampoliving.com\\\/es\\\/#\\\/schema\\\/logo\\\/image\\\/\",\"url\":\"https:\\\/\\\/i0.wp.com\\\/casadecampoliving.com\\\/wp-content\\\/uploads\\\/2022\\\/07\\\/CDCLivingLogo_V1-white-sized.png?fit=800%2C214&ssl=1\",\"contentUrl\":\"https:\\\/\\\/i0.wp.com\\\/casadecampoliving.com\\\/wp-content\\\/uploads\\\/2022\\\/07\\\/CDCLivingLogo_V1-white-sized.png?fit=800%2C214&ssl=1\",\"width\":800,\"height\":214,\"caption\":\"Casa de Campo Living\"},\"image\":{\"@id\":\"https:\\\/\\\/casadecampoliving.com\\\/es\\\/#\\\/schema\\\/logo\\\/image\\\/\"},\"sameAs\":[\"https:\\\/\\\/www.facebook.com\\\/casadecampoliving\",\"https:\\\/\\\/x.com\\\/cdcliving\"]},{\"@type\":\"Person\",\"@id\":\"https:\\\/\\\/casadecampoliving.com\\\/es\\\/#\\\/schema\\\/person\\\/7e3b975d584a5f6ac0fd7128a81b0bc5\",\"name\":\"\",\"image\":{\"@type\":\"ImageObject\",\"inLanguage\":\"es\",\"@id\":\"https:\\\/\\\/secure.gravatar.com\\\/avatar\\\/?s=96&d=mm&r=g\",\"url\":\"https:\\\/\\\/secure.gravatar.com\\\/avatar\\\/?s=96&d=mm&r=g\",\"contentUrl\":\"https:\\\/\\\/secure.gravatar.com\\\/avatar\\\/?s=96&d=mm&r=g\"},\"url\":\"https:\\\/\\\/casadecampoliving.com\\\/es\\\/author\\\/ \\\/\"}]}<\/script>\n<!-- \/ Yoast SEO plugin. -->","yoast_head_json":{"title":"\u00a1\u00a1Feliz d\u00eda de los padres!! | Casa de Campo Living","description":"Hoy, domingo 29 de julio de 2012, celebramos el d\u00eda de los padres en la Rep\u00fablica Dominicana, por lo que nosotros (Casa de Campo Living) deseamos un muy","robots":{"index":"index","follow":"follow","max-snippet":"max-snippet:-1","max-image-preview":"max-image-preview:large","max-video-preview":"max-video-preview:-1"},"canonical":"https:\/\/casadecampoliving.com\/es\/feliz-dia-de-los-padres\/","og_locale":"es_ES","og_type":"article","og_title":"\u00a1\u00a1Feliz d\u00eda de los padres!! | Casa de Campo Living","og_description":"Hoy, domingo 29 de julio de 2012, celebramos el d\u00eda de los padres en la Rep\u00fablica Dominicana, por lo que nosotros (Casa de Campo Living) deseamos un muy","og_url":"https:\/\/casadecampoliving.com\/es\/feliz-dia-de-los-padres\/","og_site_name":"Casa de Campo Living","article_publisher":"https:\/\/www.facebook.com\/casadecampoliving","article_published_time":"2012-07-29T04:00:00+00:00","article_modified_time":"2022-10-21T22:43:50+00:00","og_image":[{"width":650,"height":488,"url":"https:\/\/i0.wp.com\/casadecampoliving.com\/wp-content\/uploads\/2022\/10\/fathers_day-1.jpg?fit=650%2C488&ssl=1","type":"image\/jpeg"}],"twitter_card":"summary_large_image","twitter_creator":"@cdcliving","twitter_site":"@cdcliving","twitter_misc":{"Escrito por":"","Tiempo de lectura":"2 minutos"},"schema":{"@context":"https:\/\/schema.org","@graph":[{"@type":"Article","@id":"https:\/\/casadecampoliving.com\/es\/feliz-dia-de-los-padres\/#article","isPartOf":{"@id":"https:\/\/casadecampoliving.com\/es\/feliz-dia-de-los-padres\/"},"author":{"name":"","@id":"https:\/\/casadecampoliving.com\/es\/#\/schema\/person\/7e3b975d584a5f6ac0fd7128a81b0bc5"},"headline":"\u00a1\u00a1Feliz d\u00eda de los padres!!","datePublished":"2012-07-29T04:00:00+00:00","dateModified":"2022-10-21T22:43:50+00:00","mainEntityOfPage":{"@id":"https:\/\/casadecampoliving.com\/es\/feliz-dia-de-los-padres\/"},"wordCount":340,"publisher":{"@id":"https:\/\/casadecampoliving.com\/es\/#organization"},"image":{"@id":"https:\/\/casadecampoliving.com\/es\/feliz-dia-de-los-padres\/#primaryimage"},"thumbnailUrl":"https:\/\/i0.wp.com\/casadecampoliving.com\/wp-content\/uploads\/2022\/10\/fathers_day-1.jpg?fit=650%2C488&ssl=1","keywords":["dia de los padres","feliz dia de los padres"],"articleSection":["Destacados","Estilo de Vida","Noticias Locales","Rep\u00fablica Dominicana @es"],"inLanguage":"es"},{"@type":"WebPage","@id":"https:\/\/casadecampoliving.com\/es\/feliz-dia-de-los-padres\/","url":"https:\/\/casadecampoliving.com\/es\/feliz-dia-de-los-padres\/","name":"\u00a1\u00a1Feliz d\u00eda de los padres!! | Casa de Campo Living","isPartOf":{"@id":"https:\/\/casadecampoliving.com\/es\/#website"},"primaryImageOfPage":{"@id":"https:\/\/casadecampoliving.com\/es\/feliz-dia-de-los-padres\/#primaryimage"},"image":{"@id":"https:\/\/casadecampoliving.com\/es\/feliz-dia-de-los-padres\/#primaryimage"},"thumbnailUrl":"https:\/\/i0.wp.com\/casadecampoliving.com\/wp-content\/uploads\/2022\/10\/fathers_day-1.jpg?fit=650%2C488&ssl=1","datePublished":"2012-07-29T04:00:00+00:00","dateModified":"2022-10-21T22:43:50+00:00","description":"Hoy, domingo 29 de julio de 2012, celebramos el d\u00eda de los padres en la Rep\u00fablica Dominicana, por lo que nosotros (Casa de Campo Living) deseamos un muy","breadcrumb":{"@id":"https:\/\/casadecampoliving.com\/es\/feliz-dia-de-los-padres\/#breadcrumb"},"inLanguage":"es","potentialAction":[{"@type":"ReadAction","target":["https:\/\/casadecampoliving.com\/es\/feliz-dia-de-los-padres\/"]}]},{"@type":"ImageObject","inLanguage":"es","@id":"https:\/\/casadecampoliving.com\/es\/feliz-dia-de-los-padres\/#primaryimage","url":"https:\/\/i0.wp.com\/casadecampoliving.com\/wp-content\/uploads\/2022\/10\/fathers_day-1.jpg?fit=650%2C488&ssl=1","contentUrl":"https:\/\/i0.wp.com\/casadecampoliving.com\/wp-content\/uploads\/2022\/10\/fathers_day-1.jpg?fit=650%2C488&ssl=1","width":650,"height":488,"caption":"father's day"},{"@type":"BreadcrumbList","@id":"https:\/\/casadecampoliving.com\/es\/feliz-dia-de-los-padres\/#breadcrumb","itemListElement":[{"@type":"ListItem","position":1,"name":"Home","item":"https:\/\/casadecampoliving.com\/es\/"},{"@type":"ListItem","position":2,"name":"\u00a1\u00a1Feliz d\u00eda de los padres!!"}]},{"@type":"WebSite","@id":"https:\/\/casadecampoliving.com\/es\/#website","url":"https:\/\/casadecampoliving.com\/es\/","name":"Casa de Campo Living","description":"Resort community news and resources.","publisher":{"@id":"https:\/\/casadecampoliving.com\/es\/#organization"},"potentialAction":[{"@type":"SearchAction","target":{"@type":"EntryPoint","urlTemplate":"https:\/\/casadecampoliving.com\/es\/?s={search_term_string}"},"query-input":{"@type":"PropertyValueSpecification","valueRequired":true,"valueName":"search_term_string"}}],"inLanguage":"es"},{"@type":"Organization","@id":"https:\/\/casadecampoliving.com\/es\/#organization","name":"Casa de Campo Living","url":"https:\/\/casadecampoliving.com\/es\/","logo":{"@type":"ImageObject","inLanguage":"es","@id":"https:\/\/casadecampoliving.com\/es\/#\/schema\/logo\/image\/","url":"https:\/\/i0.wp.com\/casadecampoliving.com\/wp-content\/uploads\/2022\/07\/CDCLivingLogo_V1-white-sized.png?fit=800%2C214&ssl=1","contentUrl":"https:\/\/i0.wp.com\/casadecampoliving.com\/wp-content\/uploads\/2022\/07\/CDCLivingLogo_V1-white-sized.png?fit=800%2C214&ssl=1","width":800,"height":214,"caption":"Casa de Campo Living"},"image":{"@id":"https:\/\/casadecampoliving.com\/es\/#\/schema\/logo\/image\/"},"sameAs":["https:\/\/www.facebook.com\/casadecampoliving","https:\/\/x.com\/cdcliving"]},{"@type":"Person","@id":"https:\/\/casadecampoliving.com\/es\/#\/schema\/person\/7e3b975d584a5f6ac0fd7128a81b0bc5","name":"","image":{"@type":"ImageObject","inLanguage":"es","@id":"https:\/\/secure.gravatar.com\/avatar\/?s=96&d=mm&r=g","url":"https:\/\/secure.gravatar.com\/avatar\/?s=96&d=mm&r=g","contentUrl":"https:\/\/secure.gravatar.com\/avatar\/?s=96&d=mm&r=g"},"url":"https:\/\/casadecampoliving.com\/es\/author\/ \/"}]}},"parsely":{"version":"1.1.0","canonical_url":"https:\/\/casadecampoliving.com\/es\/feliz-dia-de-los-padres\/","smart_links":{"inbound":0,"outbound":0},"traffic_boost_suggestions_count":0,"meta":{"@context":"https:\/\/schema.org","@type":"NewsArticle","headline":"\u00a1\u00a1Feliz d\u00eda de los padres!!","url":"http:\/\/casadecampoliving.com\/es\/feliz-dia-de-los-padres\/","mainEntityOfPage":{"@type":"WebPage","@id":"http:\/\/casadecampoliving.com\/es\/feliz-dia-de-los-padres\/"},"thumbnailUrl":"https:\/\/i0.wp.com\/casadecampoliving.com\/wp-content\/uploads\/2022\/10\/fathers_day-1.jpg?resize=150%2C150&ssl=1","image":{"@type":"ImageObject","url":"https:\/\/i0.wp.com\/casadecampoliving.com\/wp-content\/uploads\/2022\/10\/fathers_day-1.jpg?fit=650%2C488&ssl=1"},"articleSection":"Destacados","author":[{"@type":"Person","name":"FB_515917546"}],"creator":["FB_515917546"],"publisher":{"@type":"Organization","name":"Casa de Campo Living","logo":"https:\/\/casadecampoliving.com\/wp-content\/uploads\/2022\/07\/CDCLivingLogo_V1-white-sized.png"},"keywords":["dia de los padres","feliz dia de los padres"],"dateCreated":"2012-07-29T04:00:00Z","datePublished":"2012-07-29T04:00:00Z","dateModified":"2022-10-21T22:43:50Z"},"rendered":"<script type=\"application\/ld+json\" class=\"wp-parsely-metadata\">{\"@context\":\"https:\\\/\\\/schema.org\",\"@type\":\"NewsArticle\",\"headline\":\"\\u00a1\\u00a1Feliz d\\u00eda de los padres!!\",\"url\":\"http:\\\/\\\/casadecampoliving.com\\\/es\\\/feliz-dia-de-los-padres\\\/\",\"mainEntityOfPage\":{\"@type\":\"WebPage\",\"@id\":\"http:\\\/\\\/casadecampoliving.com\\\/es\\\/feliz-dia-de-los-padres\\\/\"},\"thumbnailUrl\":\"https:\\\/\\\/i0.wp.com\\\/casadecampoliving.com\\\/wp-content\\\/uploads\\\/2022\\\/10\\\/fathers_day-1.jpg?resize=150%2C150&ssl=1\",\"image\":{\"@type\":\"ImageObject\",\"url\":\"https:\\\/\\\/i0.wp.com\\\/casadecampoliving.com\\\/wp-content\\\/uploads\\\/2022\\\/10\\\/fathers_day-1.jpg?fit=650%2C488&ssl=1\"},\"articleSection\":\"Destacados\",\"author\":[{\"@type\":\"Person\",\"name\":\"FB_515917546\"}],\"creator\":[\"FB_515917546\"],\"publisher\":{\"@type\":\"Organization\",\"name\":\"Casa de Campo Living\",\"logo\":\"https:\\\/\\\/casadecampoliving.com\\\/wp-content\\\/uploads\\\/2022\\\/07\\\/CDCLivingLogo_V1-white-sized.png\"},\"keywords\":[\"dia de los padres\",\"feliz dia de los padres\"],\"dateCreated\":\"2012-07-29T04:00:00Z\",\"datePublished\":\"2012-07-29T04:00:00Z\",\"dateModified\":\"2022-10-21T22:43:50Z\"}<\/script>","tracker_url":"https:\/\/cdn.parsely.com\/keys\/casadecampoliving.com\/p.js"},"jetpack_publicize_connections":[],"jetpack_featured_media_url":"https:\/\/i0.wp.com\/casadecampoliving.com\/wp-content\/uploads\/2022\/10\/fathers_day-1.jpg?fit=650%2C488&ssl=1","jetpack-related-posts":[{"id":353796,"url":"https:\/\/casadecampoliving.com\/es\/el-regalo-perfecto-del-dia-del-padre-para-nuestros-papas-amantes-de-casa\/","url_meta":{"origin":339459,"position":0},"title":"\u00a1El regalo perfecto del D\u00eda del Padre para nuestros pap\u00e1s amantes de Casa!","author":"Casa de Campo Living","date":"21 Jun, 2020","format":false,"excerpt":"El 21 de junio se celebra el D\u00eda del Padre en varios pa\u00edses del mundo, as\u00ed que para todos esos padres \u00a1FELIZ D\u00cdA DEL PADRE!, esperamos que hayan tenido un d\u00eda maravilloso y tranquilo con sus amigos y familiares! El D\u00eda del Padre es una ocasi\u00f3n especial para agradecer a\u2026","rel":"","context":"En \u00abCasa de Campo Living @es\u00bb","block_context":{"text":"Casa de Campo Living @es","link":"https:\/\/casadecampoliving.com\/category\/casa-de-campo-living-es\/"},"img":{"alt_text":"","src":"https:\/\/i0.wp.com\/casadecampoliving.com\/wp-content\/uploads\/2022\/10\/shutterstock_373736368-1.jpg?fit=1000%2C600&ssl=1&resize=350%2C200","width":350,"height":200,"srcset":"https:\/\/i0.wp.com\/casadecampoliving.com\/wp-content\/uploads\/2022\/10\/shutterstock_373736368-1.jpg?fit=1000%2C600&ssl=1&resize=350%2C200 1x, https:\/\/i0.wp.com\/casadecampoliving.com\/wp-content\/uploads\/2022\/10\/shutterstock_373736368-1.jpg?fit=1000%2C600&ssl=1&resize=525%2C300 1.5x, https:\/\/i0.wp.com\/casadecampoliving.com\/wp-content\/uploads\/2022\/10\/shutterstock_373736368-1.jpg?fit=1000%2C600&ssl=1&resize=700%2C400 2x"},"classes":[]},{"id":342603,"url":"https:\/\/casadecampoliving.com\/es\/feliz-dia-del-padre\/","url_meta":{"origin":339459,"position":1},"title":"Feliz D\u00eda del Padre","author":"Eliana Alba","date":"28 Jul, 2013","format":false,"excerpt":"Este domingo 29 de julio como todos los \u00faltimos domingos de julio en la Rep\u00fablica Dominicana se le dedica el d\u00eda a esos hombres que ponen todo su amor y dedicaci\u00f3n en criar la generaci\u00f3n del futuro. Hoy, a trav\u00e9s de todo el pa\u00eds se reunir\u00e1n familias para presentarle regalos\u2026","rel":"","context":"En \u00abCasa de Campo Living @es\u00bb","block_context":{"text":"Casa de Campo Living @es","link":"https:\/\/casadecampoliving.com\/category\/casa-de-campo-living-es\/"},"img":{"alt_text":"fathers day","src":"https:\/\/i0.wp.com\/casadecampoliving.com\/wp-content\/uploads\/2022\/10\/Fathers-day-CDCL-1.jpg?fit=650%2C300&ssl=1&resize=350%2C200","width":350,"height":200,"srcset":"https:\/\/i0.wp.com\/casadecampoliving.com\/wp-content\/uploads\/2022\/10\/Fathers-day-CDCL-1.jpg?fit=650%2C300&ssl=1&resize=350%2C200 1x, https:\/\/i0.wp.com\/casadecampoliving.com\/wp-content\/uploads\/2022\/10\/Fathers-day-CDCL-1.jpg?fit=650%2C300&ssl=1&resize=525%2C300 1.5x"},"classes":[]},{"id":354085,"url":"https:\/\/casadecampoliving.com\/es\/el-regalo-perfecto-para-el-dia-del-padre-para-nuestros-amantes-de-los-deportes-en-casa\/","url_meta":{"origin":339459,"position":2},"title":"\u00a1El regalo perfecto para el D\u00eda del Padre para nuestros amantes de los deportes en Casa!","author":"Casa de Campo Living","date":"16 Jun, 2021","format":false,"excerpt":"Este a\u00f1o, el 20 de junio, el D\u00eda del Padre se celebra en varios pa\u00edses del mundo, as\u00ed que a todos esos padres FELIZ D\u00cdA DEL PADRE, \u00a1esperamos que tengan un d\u00eda maravilloso y de descanso con sus amigos y familiares! El D\u00eda del Padre es una ocasi\u00f3n especial para\u2026","rel":"","context":"En \u00abCasa de Campo Living @es\u00bb","block_context":{"text":"Casa de Campo Living @es","link":"https:\/\/casadecampoliving.com\/category\/casa-de-campo-living-es\/"},"img":{"alt_text":"","src":"https:\/\/i0.wp.com\/casadecampoliving.com\/wp-content\/uploads\/2022\/10\/DSC_7705-3.jpg?fit=1200%2C800&ssl=1&resize=350%2C200","width":350,"height":200,"srcset":"https:\/\/i0.wp.com\/casadecampoliving.com\/wp-content\/uploads\/2022\/10\/DSC_7705-3.jpg?fit=1200%2C800&ssl=1&resize=350%2C200 1x, https:\/\/i0.wp.com\/casadecampoliving.com\/wp-content\/uploads\/2022\/10\/DSC_7705-3.jpg?fit=1200%2C800&ssl=1&resize=525%2C300 1.5x, https:\/\/i0.wp.com\/casadecampoliving.com\/wp-content\/uploads\/2022\/10\/DSC_7705-3.jpg?fit=1200%2C800&ssl=1&resize=700%2C400 2x, https:\/\/i0.wp.com\/casadecampoliving.com\/wp-content\/uploads\/2022\/10\/DSC_7705-3.jpg?fit=1200%2C800&ssl=1&resize=1050%2C600 3x"},"classes":[]},{"id":344753,"url":"https:\/\/casadecampoliving.com\/es\/menus-especiales-del-dia-de-los-adres-en-casa-de-campo\/","url_meta":{"origin":339459,"position":3},"title":"Men\u00fas especiales del D\u00eda de los Padres en Casa de Campo","author":"Perkin Agramonte","date":"7 Jul, 2014","format":false,"excerpt":"\u00a1Se acerca el D\u00eda de los Padres en nuestro pa\u00eds! El domingo 27 de julio celebramos el D\u00eda del Padre en la Rep\u00fablica Dominicana \u2013 un d\u00eda en el que compartimos con aquellos hombres, quienes ponen todo su amor y dedicaci\u00f3n para hacer crecer la generaci\u00f3n del futuro. Los restaurantes\u2026","rel":"","context":"En \u00abAltos de Chavon @es\u00bb","block_context":{"text":"Altos de Chavon @es","link":"https:\/\/casadecampoliving.com\/category\/altos-de-chavon-es\/"},"img":{"alt_text":"","src":"https:\/\/i0.wp.com\/casadecampoliving.com\/wp-content\/uploads\/2022\/10\/fathers_day_Casa-1.jpg?fit=650%2C508&ssl=1&resize=350%2C200","width":350,"height":200,"srcset":"https:\/\/i0.wp.com\/casadecampoliving.com\/wp-content\/uploads\/2022\/10\/fathers_day_Casa-1.jpg?fit=650%2C508&ssl=1&resize=350%2C200 1x, https:\/\/i0.wp.com\/casadecampoliving.com\/wp-content\/uploads\/2022\/10\/fathers_day_Casa-1.jpg?fit=650%2C508&ssl=1&resize=525%2C300 1.5x"},"classes":[]},{"id":353815,"url":"https:\/\/casadecampoliving.com\/es\/5-formas-de-celebrar-el-dia-del-padre-en-casa-de-campo\/","url_meta":{"origin":339459,"position":4},"title":"\u00a15 formas de celebrar el D\u00eda del Padre en Casa de Campo!","author":"Casa de Campo Living","date":"24 Jul, 2020","format":false,"excerpt":"\u00a1Feliz D\u00eda del Padre Dominicano a todos los incre\u00edbles padres de Casa de Campo! Por supuesto, el D\u00eda del Padre podr\u00eda ser un poco diferente este a\u00f1o, pero tu chico especial (pap\u00e1s, abuelos, suegros, t\u00edos, etc.) a\u00fan merece ser celebrado a lo grande, por eso hemos reunido varias actividades del\u2026","rel":"","context":"En \u00abCasa de Campo Living @es\u00bb","block_context":{"text":"Casa de Campo Living @es","link":"https:\/\/casadecampoliving.com\/category\/casa-de-campo-living-es\/"},"img":{"alt_text":"","src":"https:\/\/i0.wp.com\/casadecampoliving.com\/wp-content\/uploads\/2022\/10\/derek-thomson-M1jCmRxO7cY-unsplash-1.jpg?fit=1000%2C600&ssl=1&resize=350%2C200","width":350,"height":200,"srcset":"https:\/\/i0.wp.com\/casadecampoliving.com\/wp-content\/uploads\/2022\/10\/derek-thomson-M1jCmRxO7cY-unsplash-1.jpg?fit=1000%2C600&ssl=1&resize=350%2C200 1x, https:\/\/i0.wp.com\/casadecampoliving.com\/wp-content\/uploads\/2022\/10\/derek-thomson-M1jCmRxO7cY-unsplash-1.jpg?fit=1000%2C600&ssl=1&resize=525%2C300 1.5x, https:\/\/i0.wp.com\/casadecampoliving.com\/wp-content\/uploads\/2022\/10\/derek-thomson-M1jCmRxO7cY-unsplash-1.jpg?fit=1000%2C600&ssl=1&resize=700%2C400 2x"},"classes":[]},{"id":340508,"url":"https:\/\/casadecampoliving.com\/es\/conozca-los-proximos-dias-feriados-de-la-republica-dominicana-en-este-2013\/","url_meta":{"origin":339459,"position":5},"title":"\u00a1Conozca los pr\u00f3ximos d\u00edas feriados de la Rep\u00fablica Dominicana en este 2013!","author":"","date":"23 Ene, 2013","format":false,"excerpt":"La Rep\u00fablica Dominicana, cada a\u00f1o, a principios de enero, se convierte en una excusa fabulosa para actuar como un calendario y libro extraordinario de fechas de momentos, vivencias, luchas, guerras y protagonistas responsables de guiar nuestro pa\u00eds hacia una naci\u00f3n libre, democr\u00e1tica y soberana. Acomp\u00e1\u00f1enos en este recorrido de la\u2026","rel":"","context":"En \u00abArte y cultura\u00bb","block_context":{"text":"Arte y cultura","link":"https:\/\/casadecampoliving.com\/category\/arte-y-cultura\/"},"img":{"alt_text":"Dominican Holidays","src":"https:\/\/i0.wp.com\/casadecampoliving.com\/wp-content\/uploads\/2022\/10\/dominican_holidays-1.jpg?fit=650%2C452&ssl=1&resize=350%2C200","width":350,"height":200,"srcset":"https:\/\/i0.wp.com\/casadecampoliving.com\/wp-content\/uploads\/2022\/10\/dominican_holidays-1.jpg?fit=650%2C452&ssl=1&resize=350%2C200 1x, https:\/\/i0.wp.com\/casadecampoliving.com\/wp-content\/uploads\/2022\/10\/dominican_holidays-1.jpg?fit=650%2C452&ssl=1&resize=525%2C300 1.5x"},"classes":[]}],"jetpack_sharing_enabled":true,"_links":{"self":[{"href":"https:\/\/casadecampoliving.com\/es\/wp-json\/wp\/v2\/posts\/339459","targetHints":{"allow":["GET"]}}],"collection":[{"href":"https:\/\/casadecampoliving.com\/es\/wp-json\/wp\/v2\/posts"}],"about":[{"href":"https:\/\/casadecampoliving.com\/es\/wp-json\/wp\/v2\/types\/post"}],"author":[{"embeddable":true,"href":"https:\/\/casadecampoliving.com\/es\/wp-json\/wp\/v2\/users\/21"}],"replies":[{"embeddable":true,"href":"https:\/\/casadecampoliving.com\/es\/wp-json\/wp\/v2\/comments?post=339459"}],"version-history":[{"count":1,"href":"https:\/\/casadecampoliving.com\/es\/wp-json\/wp\/v2\/posts\/339459\/revisions"}],"predecessor-version":[{"id":339460,"href":"https:\/\/casadecampoliving.com\/es\/wp-json\/wp\/v2\/posts\/339459\/revisions\/339460"}],"wp:featuredmedia":[{"embeddable":true,"href":"https:\/\/casadecampoliving.com\/es\/wp-json\/wp\/v2\/media\/256428"}],"wp:attachment":[{"href":"https:\/\/casadecampoliving.com\/es\/wp-json\/wp\/v2\/media?parent=339459"}],"wp:term":[{"taxonomy":"category","embeddable":true,"href":"https:\/\/casadecampoliving.com\/es\/wp-json\/wp\/v2\/categories?post=339459"},{"taxonomy":"post_tag","embeddable":true,"href":"https:\/\/casadecampoliving.com\/es\/wp-json\/wp\/v2\/tags?post=339459"},{"taxonomy":"newspack_spnsrs_tax","embeddable":true,"href":"https:\/\/casadecampoliving.com\/es\/wp-json\/wp\/v2\/newspack_spnsrs_tax?post=339459"}],"curies":[{"name":"wp","href":"https:\/\/api.w.org\/{rel}","templated":true}]}}