{"id":339433,"date":"2012-07-25T00:00:00","date_gmt":"2012-07-25T04:00:00","guid":{"rendered":"https:\/\/casadecampoliving.com\/y-seguimos-hasta-el-amanecer-fiesta-de-graduacion-del-saint-john\/"},"modified":"2022-10-21T18:42:37","modified_gmt":"2022-10-21T22:42:37","slug":"y-seguimos-hasta-el-amanecer-fiesta-de-graduacion-del-saint-john","status":"publish","type":"post","link":"https:\/\/casadecampoliving.com\/es\/y-seguimos-hasta-el-amanecer-fiesta-de-graduacion-del-saint-john\/","title":{"rendered":"Y seguimos hasta el amanecer: Fiesta de graduaci\u00f3n del Saint John!"},"content":{"rendered":"<div class=\"wp-block-image\">\n<figure class=\"aligncenter is-resized\"><img loading=\"lazy\" decoding=\"async\" src=\"https:\/\/i0.wp.com\/casadecampoliving.com\/wp-content\/uploads\/2022\/10\/grad_party_csj.jpg?resize=604%2C384&amp;ssl=1\" alt=\"Saint John School Graduation\" class=\"wp-image-54613\" title=\"grad_party_csj\" height=\"384\" width=\"604\"\/><\/figure>\n<\/div>\n\n\n<p>Dejavue? Cu\u00e1ntas excelentes fiestas en Casa de Campo no han terminado as\u00ed? Por supuesto, la fiesta de graduaci\u00f3n de<a href=\"https:\/\/casadecampoliving.com\/es\/2012\/07\/el-colegio-saint-john-celebra-una-inspiradora-ceremonia-de-graduacion-en-casa-de-campo\/\"> OPTIMUS<\/a>, del Colegio Saint John, celebrada el pasado s\u00e1bado 7 de julio, no fue la excepci\u00f3n!<\/p>\n\n\n\n<!--more-->\n\n\n<div class=\"wp-block-image\">\n<figure class=\"alignright is-resized\"><img loading=\"lazy\" decoding=\"async\" src=\"https:\/\/i0.wp.com\/casadecampoliving.com\/wp-content\/uploads\/2022\/10\/csj1.jpg?resize=250%2C333&amp;ssl=1\" alt=\"\" class=\"wp-image-54615\" title=\"csj1\" height=\"333\" width=\"250\"\/><\/figure>\n<\/div>\n\n\n<p>Luego de celebrar <a href=\"https:\/\/casadecampoliving.com\/es\/2012\/07\/el-colegio-saint-john-celebra-una-inspiradora-ceremonia-de-graduacion-en-casa-de-campo\/\">una emotiva ceremonia de graduaci\u00f3n<\/a>&nbsp;en el renovado centro de conferencias, Flamboy\u00e1n del Hotel Casa de Campo, los graduandos, familiares y amigos se dirigieron el pasado s\u00e1bado 7 de julio a la continuaci\u00f3n de las celebraciones en medio de m\u00faltiples cenas privadas y m\u00e1s tarde con una fiesta por todo lo alto en el antiguo centro nocturno, G\u00e9nesis, ubicado en Altos de Chav\u00f3n, que, de nuevo, abri\u00f3 sus puertas para esta especial ocasi\u00f3n.<\/p>\n\n\n\n<p>Durante la fiesta de la clase graduanda OPTIMUS, los 23 nuevos egresados del Colegio Saint John, estuvieron acompa\u00f1ados por un sin fin de generaciones que, en sus tiempos de escuela y universidad, tambi\u00e9n hicieron de G\u00e9nesis, alguna vez, su centro nocturno favorito.<\/p>\n\n\n<div class=\"wp-block-image\">\n<figure class=\"aligncenter is-resized\"><img loading=\"lazy\" decoding=\"async\" src=\"https:\/\/i0.wp.com\/casadecampoliving.com\/wp-content\/uploads\/2022\/10\/grad_party.jpg?resize=650%2C522&amp;ssl=1\" alt=\"\" class=\"wp-image-54616\" title=\"grad_party\" height=\"522\" width=\"650\"\/><\/figure>\n<\/div>\n\n\n<p class=\"has-text-align-center\"><strong>Fiesta de graduaci\u00f3n en G\u00e9nesis<\/strong><\/p>\n\n\n\n<p class=\"has-text-align-left\">Las luces, m\u00fasica, risas, tragos y bailes se produjeron durante toda la noche y parte de la madrugada y fue a las 3am cuando, al culminar la fiesta en G\u00e9nesis, un grupo de estos nuevos egresados y otros grandes amigos se dirigieron a la playa Minitas de Casa de Campo para continuar con la celebraci\u00f3n \u201chasta ver el sol\u201d!<\/p>\n\n\n\n<blockquote class=\"wp-block-quote is-layout-flow wp-block-quote-is-layout-flow\"><p>\u201c<em>Se dio muy bien! La fiesta comenz\u00f3 inmediatamente despu\u00e9s de la ceremonia, termin\u00f3 como a las 3am y un grupo se fue a la playa hasta el amanecer<\/em>\u201c.<\/p><p style=\"padding-left: 30px;\">\u2014 Paola Rom\u00e1n, graduanda<\/p><\/blockquote>\n\n\n\n<p>Pero la fiesta no termin\u00f3 en la playa, pues como es tradici\u00f3n en la Rep\u00fablica Dominicana, OPTIMUS ya estaba listo para su viaje de graduaci\u00f3n en uno de los hoteles de Punta Cana.<\/p>\n\n\n<div class=\"wp-block-image\">\n<figure class=\"aligncenter is-resized\"><img loading=\"lazy\" decoding=\"async\" src=\"https:\/\/i0.wp.com\/casadecampoliving.com\/wp-content\/uploads\/2022\/10\/csj_party.jpg?resize=601%2C419&amp;ssl=1\" alt=\"\" class=\"wp-image-54617\" title=\"csj_party\" height=\"419\" width=\"601\"\/><\/figure>\n<\/div>\n\n\n<p> Felicidades a todos de nuevo y \u00e9xito en todo lo que emprendan!<\/p>\n\n\n\n<p><a href=\"https:\/\/casadecampoliving.com\/es\/2012\/07\/el-colegio-saint-john-celebra-una-inspiradora-ceremonia-de-graduacion-en-casa-de-campo\/\">Para leer m\u00e1s y ver FOTOS de la ceremonia de graduaci\u00f3n del Saint John, haga click aqu\u00ed!<\/a><br>\nGracias a Paola Rom\u00e1n y Amerikana Pujol por las fotos!<\/p>\n","protected":false},"excerpt":{"rendered":"<p>Dejavue? Cu\u00e1ntas excelentes fiestas en Casa de Campo no han terminado as\u00ed? Por supuesto, la fiesta de graduaci\u00f3n de OPTIMUS, del Colegio Saint John, celebrada el pasado s\u00e1bado 7 de julio, no fue la excepci\u00f3n!<\/p>\n","protected":false},"author":21,"featured_media":255019,"comment_status":"closed","ping_status":"closed","sticky":false,"template":"","format":"standard","meta":{"newspack_ads_suppress_ads":false,"newspack_popups_has_disabled_popups":false,"newspack_sponsor_sponsorship_scope":"","newspack_sponsor_native_byline_display":"inherit","newspack_sponsor_native_category_display":"inherit","newspack_sponsor_underwriter_style":"inherit","newspack_sponsor_underwriter_placement":"inherit","_newspack_byline_active":false,"_newspack_byline":"","newspack_hide_updated_date":false,"newspack_show_updated_date":false,"newspack_content_restriction_is_exempt":false,"newspack_featured_image_position":"","newspack_post_subtitle":"","newspack_article_summary_title":"Overview:","newspack_article_summary":"","_jetpack_memberships_contains_paid_content":false,"footnotes":"","jetpack_publicize_message":"","jetpack_publicize_feature_enabled":true,"jetpack_social_post_already_shared":false,"jetpack_social_options":{"image_generator_settings":{"template":"highway","default_image_id":0,"font":"","enabled":false},"version":2},"_wpas_customize_per_network":false},"categories":[26819,2524,2522,14625,14627,26822],"tags":[2951,4712,2632],"newspack_spnsrs_tax":[],"class_list":["post-339433","post","type-post","status-publish","format-standard","has-post-thumbnail","hentry","category-altos-de-chavon-es","category-destacados","category-eventos-es","category-noticias-locales","category-proximamente","category-resort-casa-de-campo","tag-colegio-saint-john","tag-graduacion-colegio-saint-john","tag-minitas","entry"],"yoast_head":"<!-- This site is optimized with the Yoast SEO plugin v27.5 - https:\/\/yoast.com\/product\/yoast-seo-wordpress\/ -->\n<title>Y seguimos hasta el amanecer: Fiesta de graduaci\u00f3n del Saint John! | Casa de Campo Living<\/title>\n<meta name=\"description\" content=\"Dejavue? Cu\u00e1ntas excelentes fiestas en Casa de Campo no han terminado as\u00ed? Por supuesto, la fiesta de graduaci\u00f3n de OPTIMUS, del Colegio Saint John,\" \/>\n<meta name=\"robots\" content=\"index, follow, max-snippet:-1, max-image-preview:large, max-video-preview:-1\" \/>\n<link rel=\"canonical\" href=\"https:\/\/casadecampoliving.com\/es\/y-seguimos-hasta-el-amanecer-fiesta-de-graduacion-del-saint-john\/\" \/>\n<meta property=\"og:locale\" content=\"es_ES\" \/>\n<meta property=\"og:type\" content=\"article\" \/>\n<meta property=\"og:title\" content=\"Y seguimos hasta el amanecer: Fiesta de graduaci\u00f3n del Saint John! | Casa de Campo Living\" \/>\n<meta property=\"og:description\" content=\"Dejavue? Cu\u00e1ntas excelentes fiestas en Casa de Campo no han terminado as\u00ed? Por supuesto, la fiesta de graduaci\u00f3n de OPTIMUS, del Colegio Saint John,\" \/>\n<meta property=\"og:url\" content=\"https:\/\/casadecampoliving.com\/es\/y-seguimos-hasta-el-amanecer-fiesta-de-graduacion-del-saint-john\/\" \/>\n<meta property=\"og:site_name\" content=\"Casa de Campo Living\" \/>\n<meta property=\"article:publisher\" content=\"https:\/\/www.facebook.com\/casadecampoliving\" \/>\n<meta property=\"article:published_time\" content=\"2012-07-25T04:00:00+00:00\" \/>\n<meta property=\"article:modified_time\" content=\"2022-10-21T22:42:37+00:00\" \/>\n<meta property=\"og:image\" content=\"https:\/\/i0.wp.com\/casadecampoliving.com\/wp-content\/uploads\/2022\/10\/grad_party_csj-1.jpg?fit=604%2C384&ssl=1\" \/>\n\t<meta property=\"og:image:width\" content=\"604\" \/>\n\t<meta property=\"og:image:height\" content=\"384\" \/>\n\t<meta property=\"og:image:type\" content=\"image\/jpeg\" \/>\n<meta name=\"twitter:card\" content=\"summary_large_image\" \/>\n<meta name=\"twitter:creator\" content=\"@cdcliving\" \/>\n<meta name=\"twitter:site\" content=\"@cdcliving\" \/>\n<meta name=\"twitter:label1\" content=\"Escrito por\" \/>\n\t<meta name=\"twitter:data1\" content=\"\" \/>\n\t<meta name=\"twitter:label2\" content=\"Tiempo de lectura\" \/>\n\t<meta name=\"twitter:data2\" content=\"2 minutos\" \/>\n<script type=\"application\/ld+json\" class=\"yoast-schema-graph\">{\"@context\":\"https:\\\/\\\/schema.org\",\"@graph\":[{\"@type\":\"Article\",\"@id\":\"https:\\\/\\\/casadecampoliving.com\\\/es\\\/y-seguimos-hasta-el-amanecer-fiesta-de-graduacion-del-saint-john\\\/#article\",\"isPartOf\":{\"@id\":\"https:\\\/\\\/casadecampoliving.com\\\/es\\\/y-seguimos-hasta-el-amanecer-fiesta-de-graduacion-del-saint-john\\\/\"},\"author\":{\"name\":\"\",\"@id\":\"https:\\\/\\\/casadecampoliving.com\\\/es\\\/#\\\/schema\\\/person\\\/7e3b975d584a5f6ac0fd7128a81b0bc5\"},\"headline\":\"Y seguimos hasta el amanecer: Fiesta de graduaci\u00f3n del Saint John!\",\"datePublished\":\"2012-07-25T04:00:00+00:00\",\"dateModified\":\"2022-10-21T22:42:37+00:00\",\"mainEntityOfPage\":{\"@id\":\"https:\\\/\\\/casadecampoliving.com\\\/es\\\/y-seguimos-hasta-el-amanecer-fiesta-de-graduacion-del-saint-john\\\/\"},\"wordCount\":359,\"publisher\":{\"@id\":\"https:\\\/\\\/casadecampoliving.com\\\/es\\\/#organization\"},\"image\":{\"@id\":\"https:\\\/\\\/casadecampoliving.com\\\/es\\\/y-seguimos-hasta-el-amanecer-fiesta-de-graduacion-del-saint-john\\\/#primaryimage\"},\"thumbnailUrl\":\"https:\\\/\\\/i0.wp.com\\\/casadecampoliving.com\\\/wp-content\\\/uploads\\\/2022\\\/10\\\/grad_party_csj-1.jpg?fit=604%2C384&ssl=1\",\"keywords\":[\"colegio saint john\",\"graduacion colegio saint john\",\"minitas\"],\"articleSection\":[\"Altos de Chavon @es\",\"Destacados\",\"Eventos\",\"Noticias Locales\",\"Proximamente\",\"Resort Casa de Campo\"],\"inLanguage\":\"es\"},{\"@type\":\"WebPage\",\"@id\":\"https:\\\/\\\/casadecampoliving.com\\\/es\\\/y-seguimos-hasta-el-amanecer-fiesta-de-graduacion-del-saint-john\\\/\",\"url\":\"https:\\\/\\\/casadecampoliving.com\\\/es\\\/y-seguimos-hasta-el-amanecer-fiesta-de-graduacion-del-saint-john\\\/\",\"name\":\"Y seguimos hasta el amanecer: Fiesta de graduaci\u00f3n del Saint John! | Casa de Campo Living\",\"isPartOf\":{\"@id\":\"https:\\\/\\\/casadecampoliving.com\\\/es\\\/#website\"},\"primaryImageOfPage\":{\"@id\":\"https:\\\/\\\/casadecampoliving.com\\\/es\\\/y-seguimos-hasta-el-amanecer-fiesta-de-graduacion-del-saint-john\\\/#primaryimage\"},\"image\":{\"@id\":\"https:\\\/\\\/casadecampoliving.com\\\/es\\\/y-seguimos-hasta-el-amanecer-fiesta-de-graduacion-del-saint-john\\\/#primaryimage\"},\"thumbnailUrl\":\"https:\\\/\\\/i0.wp.com\\\/casadecampoliving.com\\\/wp-content\\\/uploads\\\/2022\\\/10\\\/grad_party_csj-1.jpg?fit=604%2C384&ssl=1\",\"datePublished\":\"2012-07-25T04:00:00+00:00\",\"dateModified\":\"2022-10-21T22:42:37+00:00\",\"description\":\"Dejavue? Cu\u00e1ntas excelentes fiestas en Casa de Campo no han terminado as\u00ed? Por supuesto, la fiesta de graduaci\u00f3n de OPTIMUS, del Colegio Saint John,\",\"breadcrumb\":{\"@id\":\"https:\\\/\\\/casadecampoliving.com\\\/es\\\/y-seguimos-hasta-el-amanecer-fiesta-de-graduacion-del-saint-john\\\/#breadcrumb\"},\"inLanguage\":\"es\",\"potentialAction\":[{\"@type\":\"ReadAction\",\"target\":[\"https:\\\/\\\/casadecampoliving.com\\\/es\\\/y-seguimos-hasta-el-amanecer-fiesta-de-graduacion-del-saint-john\\\/\"]}]},{\"@type\":\"ImageObject\",\"inLanguage\":\"es\",\"@id\":\"https:\\\/\\\/casadecampoliving.com\\\/es\\\/y-seguimos-hasta-el-amanecer-fiesta-de-graduacion-del-saint-john\\\/#primaryimage\",\"url\":\"https:\\\/\\\/i0.wp.com\\\/casadecampoliving.com\\\/wp-content\\\/uploads\\\/2022\\\/10\\\/grad_party_csj-1.jpg?fit=604%2C384&ssl=1\",\"contentUrl\":\"https:\\\/\\\/i0.wp.com\\\/casadecampoliving.com\\\/wp-content\\\/uploads\\\/2022\\\/10\\\/grad_party_csj-1.jpg?fit=604%2C384&ssl=1\",\"width\":604,\"height\":384,\"caption\":\"Saint John School Graduation\"},{\"@type\":\"BreadcrumbList\",\"@id\":\"https:\\\/\\\/casadecampoliving.com\\\/es\\\/y-seguimos-hasta-el-amanecer-fiesta-de-graduacion-del-saint-john\\\/#breadcrumb\",\"itemListElement\":[{\"@type\":\"ListItem\",\"position\":1,\"name\":\"Home\",\"item\":\"https:\\\/\\\/casadecampoliving.com\\\/es\\\/\"},{\"@type\":\"ListItem\",\"position\":2,\"name\":\"Y seguimos hasta el amanecer: Fiesta de graduaci\u00f3n del Saint John!\"}]},{\"@type\":\"WebSite\",\"@id\":\"https:\\\/\\\/casadecampoliving.com\\\/es\\\/#website\",\"url\":\"https:\\\/\\\/casadecampoliving.com\\\/es\\\/\",\"name\":\"Casa de Campo Living\",\"description\":\"Resort community news and resources.\",\"publisher\":{\"@id\":\"https:\\\/\\\/casadecampoliving.com\\\/es\\\/#organization\"},\"potentialAction\":[{\"@type\":\"SearchAction\",\"target\":{\"@type\":\"EntryPoint\",\"urlTemplate\":\"https:\\\/\\\/casadecampoliving.com\\\/es\\\/?s={search_term_string}\"},\"query-input\":{\"@type\":\"PropertyValueSpecification\",\"valueRequired\":true,\"valueName\":\"search_term_string\"}}],\"inLanguage\":\"es\"},{\"@type\":\"Organization\",\"@id\":\"https:\\\/\\\/casadecampoliving.com\\\/es\\\/#organization\",\"name\":\"Casa de Campo Living\",\"url\":\"https:\\\/\\\/casadecampoliving.com\\\/es\\\/\",\"logo\":{\"@type\":\"ImageObject\",\"inLanguage\":\"es\",\"@id\":\"https:\\\/\\\/casadecampoliving.com\\\/es\\\/#\\\/schema\\\/logo\\\/image\\\/\",\"url\":\"https:\\\/\\\/i0.wp.com\\\/casadecampoliving.com\\\/wp-content\\\/uploads\\\/2022\\\/07\\\/CDCLivingLogo_V1-white-sized.png?fit=800%2C214&ssl=1\",\"contentUrl\":\"https:\\\/\\\/i0.wp.com\\\/casadecampoliving.com\\\/wp-content\\\/uploads\\\/2022\\\/07\\\/CDCLivingLogo_V1-white-sized.png?fit=800%2C214&ssl=1\",\"width\":800,\"height\":214,\"caption\":\"Casa de Campo Living\"},\"image\":{\"@id\":\"https:\\\/\\\/casadecampoliving.com\\\/es\\\/#\\\/schema\\\/logo\\\/image\\\/\"},\"sameAs\":[\"https:\\\/\\\/www.facebook.com\\\/casadecampoliving\",\"https:\\\/\\\/x.com\\\/cdcliving\"]},{\"@type\":\"Person\",\"@id\":\"https:\\\/\\\/casadecampoliving.com\\\/es\\\/#\\\/schema\\\/person\\\/7e3b975d584a5f6ac0fd7128a81b0bc5\",\"name\":\"\",\"image\":{\"@type\":\"ImageObject\",\"inLanguage\":\"es\",\"@id\":\"https:\\\/\\\/secure.gravatar.com\\\/avatar\\\/?s=96&d=mm&r=g\",\"url\":\"https:\\\/\\\/secure.gravatar.com\\\/avatar\\\/?s=96&d=mm&r=g\",\"contentUrl\":\"https:\\\/\\\/secure.gravatar.com\\\/avatar\\\/?s=96&d=mm&r=g\"},\"url\":\"https:\\\/\\\/casadecampoliving.com\\\/es\\\/author\\\/ \\\/\"}]}<\/script>\n<!-- \/ Yoast SEO plugin. -->","yoast_head_json":{"title":"Y seguimos hasta el amanecer: Fiesta de graduaci\u00f3n del Saint John! | Casa de Campo Living","description":"Dejavue? Cu\u00e1ntas excelentes fiestas en Casa de Campo no han terminado as\u00ed? Por supuesto, la fiesta de graduaci\u00f3n de OPTIMUS, del Colegio Saint John,","robots":{"index":"index","follow":"follow","max-snippet":"max-snippet:-1","max-image-preview":"max-image-preview:large","max-video-preview":"max-video-preview:-1"},"canonical":"https:\/\/casadecampoliving.com\/es\/y-seguimos-hasta-el-amanecer-fiesta-de-graduacion-del-saint-john\/","og_locale":"es_ES","og_type":"article","og_title":"Y seguimos hasta el amanecer: Fiesta de graduaci\u00f3n del Saint John! | Casa de Campo Living","og_description":"Dejavue? Cu\u00e1ntas excelentes fiestas en Casa de Campo no han terminado as\u00ed? Por supuesto, la fiesta de graduaci\u00f3n de OPTIMUS, del Colegio Saint John,","og_url":"https:\/\/casadecampoliving.com\/es\/y-seguimos-hasta-el-amanecer-fiesta-de-graduacion-del-saint-john\/","og_site_name":"Casa de Campo Living","article_publisher":"https:\/\/www.facebook.com\/casadecampoliving","article_published_time":"2012-07-25T04:00:00+00:00","article_modified_time":"2022-10-21T22:42:37+00:00","og_image":[{"width":604,"height":384,"url":"https:\/\/i0.wp.com\/casadecampoliving.com\/wp-content\/uploads\/2022\/10\/grad_party_csj-1.jpg?fit=604%2C384&ssl=1","type":"image\/jpeg"}],"twitter_card":"summary_large_image","twitter_creator":"@cdcliving","twitter_site":"@cdcliving","twitter_misc":{"Escrito por":"","Tiempo de lectura":"2 minutos"},"schema":{"@context":"https:\/\/schema.org","@graph":[{"@type":"Article","@id":"https:\/\/casadecampoliving.com\/es\/y-seguimos-hasta-el-amanecer-fiesta-de-graduacion-del-saint-john\/#article","isPartOf":{"@id":"https:\/\/casadecampoliving.com\/es\/y-seguimos-hasta-el-amanecer-fiesta-de-graduacion-del-saint-john\/"},"author":{"name":"","@id":"https:\/\/casadecampoliving.com\/es\/#\/schema\/person\/7e3b975d584a5f6ac0fd7128a81b0bc5"},"headline":"Y seguimos hasta el amanecer: Fiesta de graduaci\u00f3n del Saint John!","datePublished":"2012-07-25T04:00:00+00:00","dateModified":"2022-10-21T22:42:37+00:00","mainEntityOfPage":{"@id":"https:\/\/casadecampoliving.com\/es\/y-seguimos-hasta-el-amanecer-fiesta-de-graduacion-del-saint-john\/"},"wordCount":359,"publisher":{"@id":"https:\/\/casadecampoliving.com\/es\/#organization"},"image":{"@id":"https:\/\/casadecampoliving.com\/es\/y-seguimos-hasta-el-amanecer-fiesta-de-graduacion-del-saint-john\/#primaryimage"},"thumbnailUrl":"https:\/\/i0.wp.com\/casadecampoliving.com\/wp-content\/uploads\/2022\/10\/grad_party_csj-1.jpg?fit=604%2C384&ssl=1","keywords":["colegio saint john","graduacion colegio saint john","minitas"],"articleSection":["Altos de Chavon @es","Destacados","Eventos","Noticias Locales","Proximamente","Resort Casa de Campo"],"inLanguage":"es"},{"@type":"WebPage","@id":"https:\/\/casadecampoliving.com\/es\/y-seguimos-hasta-el-amanecer-fiesta-de-graduacion-del-saint-john\/","url":"https:\/\/casadecampoliving.com\/es\/y-seguimos-hasta-el-amanecer-fiesta-de-graduacion-del-saint-john\/","name":"Y seguimos hasta el amanecer: Fiesta de graduaci\u00f3n del Saint John! | Casa de Campo Living","isPartOf":{"@id":"https:\/\/casadecampoliving.com\/es\/#website"},"primaryImageOfPage":{"@id":"https:\/\/casadecampoliving.com\/es\/y-seguimos-hasta-el-amanecer-fiesta-de-graduacion-del-saint-john\/#primaryimage"},"image":{"@id":"https:\/\/casadecampoliving.com\/es\/y-seguimos-hasta-el-amanecer-fiesta-de-graduacion-del-saint-john\/#primaryimage"},"thumbnailUrl":"https:\/\/i0.wp.com\/casadecampoliving.com\/wp-content\/uploads\/2022\/10\/grad_party_csj-1.jpg?fit=604%2C384&ssl=1","datePublished":"2012-07-25T04:00:00+00:00","dateModified":"2022-10-21T22:42:37+00:00","description":"Dejavue? Cu\u00e1ntas excelentes fiestas en Casa de Campo no han terminado as\u00ed? Por supuesto, la fiesta de graduaci\u00f3n de OPTIMUS, del Colegio Saint John,","breadcrumb":{"@id":"https:\/\/casadecampoliving.com\/es\/y-seguimos-hasta-el-amanecer-fiesta-de-graduacion-del-saint-john\/#breadcrumb"},"inLanguage":"es","potentialAction":[{"@type":"ReadAction","target":["https:\/\/casadecampoliving.com\/es\/y-seguimos-hasta-el-amanecer-fiesta-de-graduacion-del-saint-john\/"]}]},{"@type":"ImageObject","inLanguage":"es","@id":"https:\/\/casadecampoliving.com\/es\/y-seguimos-hasta-el-amanecer-fiesta-de-graduacion-del-saint-john\/#primaryimage","url":"https:\/\/i0.wp.com\/casadecampoliving.com\/wp-content\/uploads\/2022\/10\/grad_party_csj-1.jpg?fit=604%2C384&ssl=1","contentUrl":"https:\/\/i0.wp.com\/casadecampoliving.com\/wp-content\/uploads\/2022\/10\/grad_party_csj-1.jpg?fit=604%2C384&ssl=1","width":604,"height":384,"caption":"Saint John School Graduation"},{"@type":"BreadcrumbList","@id":"https:\/\/casadecampoliving.com\/es\/y-seguimos-hasta-el-amanecer-fiesta-de-graduacion-del-saint-john\/#breadcrumb","itemListElement":[{"@type":"ListItem","position":1,"name":"Home","item":"https:\/\/casadecampoliving.com\/es\/"},{"@type":"ListItem","position":2,"name":"Y seguimos hasta el amanecer: Fiesta de graduaci\u00f3n del Saint John!"}]},{"@type":"WebSite","@id":"https:\/\/casadecampoliving.com\/es\/#website","url":"https:\/\/casadecampoliving.com\/es\/","name":"Casa de Campo Living","description":"Resort community news and resources.","publisher":{"@id":"https:\/\/casadecampoliving.com\/es\/#organization"},"potentialAction":[{"@type":"SearchAction","target":{"@type":"EntryPoint","urlTemplate":"https:\/\/casadecampoliving.com\/es\/?s={search_term_string}"},"query-input":{"@type":"PropertyValueSpecification","valueRequired":true,"valueName":"search_term_string"}}],"inLanguage":"es"},{"@type":"Organization","@id":"https:\/\/casadecampoliving.com\/es\/#organization","name":"Casa de Campo Living","url":"https:\/\/casadecampoliving.com\/es\/","logo":{"@type":"ImageObject","inLanguage":"es","@id":"https:\/\/casadecampoliving.com\/es\/#\/schema\/logo\/image\/","url":"https:\/\/i0.wp.com\/casadecampoliving.com\/wp-content\/uploads\/2022\/07\/CDCLivingLogo_V1-white-sized.png?fit=800%2C214&ssl=1","contentUrl":"https:\/\/i0.wp.com\/casadecampoliving.com\/wp-content\/uploads\/2022\/07\/CDCLivingLogo_V1-white-sized.png?fit=800%2C214&ssl=1","width":800,"height":214,"caption":"Casa de Campo Living"},"image":{"@id":"https:\/\/casadecampoliving.com\/es\/#\/schema\/logo\/image\/"},"sameAs":["https:\/\/www.facebook.com\/casadecampoliving","https:\/\/x.com\/cdcliving"]},{"@type":"Person","@id":"https:\/\/casadecampoliving.com\/es\/#\/schema\/person\/7e3b975d584a5f6ac0fd7128a81b0bc5","name":"","image":{"@type":"ImageObject","inLanguage":"es","@id":"https:\/\/secure.gravatar.com\/avatar\/?s=96&d=mm&r=g","url":"https:\/\/secure.gravatar.com\/avatar\/?s=96&d=mm&r=g","contentUrl":"https:\/\/secure.gravatar.com\/avatar\/?s=96&d=mm&r=g"},"url":"https:\/\/casadecampoliving.com\/es\/author\/ \/"}]}},"parsely":{"version":"1.1.0","canonical_url":"https:\/\/casadecampoliving.com\/es\/y-seguimos-hasta-el-amanecer-fiesta-de-graduacion-del-saint-john\/","smart_links":{"inbound":0,"outbound":0},"traffic_boost_suggestions_count":0,"meta":{"@context":"https:\/\/schema.org","@type":"NewsArticle","headline":"Y seguimos hasta el amanecer: Fiesta de graduaci\u00f3n del Saint John!","url":"http:\/\/casadecampoliving.com\/es\/y-seguimos-hasta-el-amanecer-fiesta-de-graduacion-del-saint-john\/","mainEntityOfPage":{"@type":"WebPage","@id":"http:\/\/casadecampoliving.com\/es\/y-seguimos-hasta-el-amanecer-fiesta-de-graduacion-del-saint-john\/"},"thumbnailUrl":"https:\/\/i0.wp.com\/casadecampoliving.com\/wp-content\/uploads\/2022\/10\/grad_party_csj-1.jpg?resize=150%2C150&ssl=1","image":{"@type":"ImageObject","url":"https:\/\/i0.wp.com\/casadecampoliving.com\/wp-content\/uploads\/2022\/10\/grad_party_csj-1.jpg?fit=604%2C384&ssl=1"},"articleSection":"Altos de Chavon @es","author":[{"@type":"Person","name":"FB_515917546"}],"creator":["FB_515917546"],"publisher":{"@type":"Organization","name":"Casa de Campo Living","logo":"https:\/\/casadecampoliving.com\/wp-content\/uploads\/2022\/07\/CDCLivingLogo_V1-white-sized.png"},"keywords":["colegio saint john","graduacion colegio saint john","minitas"],"dateCreated":"2012-07-25T04:00:00Z","datePublished":"2012-07-25T04:00:00Z","dateModified":"2022-10-21T22:42:37Z"},"rendered":"<script type=\"application\/ld+json\" class=\"wp-parsely-metadata\">{\"@context\":\"https:\\\/\\\/schema.org\",\"@type\":\"NewsArticle\",\"headline\":\"Y seguimos hasta el amanecer: Fiesta de graduaci\\u00f3n del Saint John!\",\"url\":\"http:\\\/\\\/casadecampoliving.com\\\/es\\\/y-seguimos-hasta-el-amanecer-fiesta-de-graduacion-del-saint-john\\\/\",\"mainEntityOfPage\":{\"@type\":\"WebPage\",\"@id\":\"http:\\\/\\\/casadecampoliving.com\\\/es\\\/y-seguimos-hasta-el-amanecer-fiesta-de-graduacion-del-saint-john\\\/\"},\"thumbnailUrl\":\"https:\\\/\\\/i0.wp.com\\\/casadecampoliving.com\\\/wp-content\\\/uploads\\\/2022\\\/10\\\/grad_party_csj-1.jpg?resize=150%2C150&ssl=1\",\"image\":{\"@type\":\"ImageObject\",\"url\":\"https:\\\/\\\/i0.wp.com\\\/casadecampoliving.com\\\/wp-content\\\/uploads\\\/2022\\\/10\\\/grad_party_csj-1.jpg?fit=604%2C384&ssl=1\"},\"articleSection\":\"Altos de Chavon @es\",\"author\":[{\"@type\":\"Person\",\"name\":\"FB_515917546\"}],\"creator\":[\"FB_515917546\"],\"publisher\":{\"@type\":\"Organization\",\"name\":\"Casa de Campo Living\",\"logo\":\"https:\\\/\\\/casadecampoliving.com\\\/wp-content\\\/uploads\\\/2022\\\/07\\\/CDCLivingLogo_V1-white-sized.png\"},\"keywords\":[\"colegio saint john\",\"graduacion colegio saint john\",\"minitas\"],\"dateCreated\":\"2012-07-25T04:00:00Z\",\"datePublished\":\"2012-07-25T04:00:00Z\",\"dateModified\":\"2022-10-21T22:42:37Z\"}<\/script>","tracker_url":"https:\/\/cdn.parsely.com\/keys\/casadecampoliving.com\/p.js"},"jetpack_publicize_connections":[],"jetpack_featured_media_url":"https:\/\/i0.wp.com\/casadecampoliving.com\/wp-content\/uploads\/2022\/10\/grad_party_csj-1.jpg?fit=604%2C384&ssl=1","jetpack-related-posts":[{"id":340291,"url":"https:\/\/casadecampoliving.com\/es\/colegio-saint-john-celebra-sus-20-anos-con-una-feria-para-la-familia\/","url_meta":{"origin":339433,"position":0},"title":"Colegio Saint John celebra sus 20 a\u00f1os con una feria para la familia","author":"Rebecca Silvestri","date":"16 Dic, 2012","format":false,"excerpt":"El Colegio Saint John celebr\u00f3 sus 20 a\u00f1os el pasado domingo 2 de diciembre con un Family Fair el cual fe una actividad de todo el d\u00eda, desde las 10:00 A.M. a las 6:00 P.M. Este evento tenia actividades para toda la familia tales como payasos, rifas, talent shows y\u2026","rel":"","context":"En \u00abM\u00e1s all\u00e1 de Casa\u00bb","block_context":{"text":"M\u00e1s all\u00e1 de Casa","link":"https:\/\/casadecampoliving.com\/es\/category\/mas-alla-de-casa-es\/"},"img":{"alt_text":"","src":"https:\/\/i0.wp.com\/casadecampoliving.com\/wp-content\/uploads\/2022\/10\/colegio_st_john-1.jpg?fit=650%2C432&ssl=1&resize=350%2C200","width":350,"height":200,"srcset":"https:\/\/i0.wp.com\/casadecampoliving.com\/wp-content\/uploads\/2022\/10\/colegio_st_john-1.jpg?fit=650%2C432&ssl=1&resize=350%2C200 1x, https:\/\/i0.wp.com\/casadecampoliving.com\/wp-content\/uploads\/2022\/10\/colegio_st_john-1.jpg?fit=650%2C432&ssl=1&resize=525%2C300 1.5x"},"classes":[]},{"id":339295,"url":"https:\/\/casadecampoliving.com\/es\/unete-al-party-la-discoteca-genesis-abre-sus-puertas-para-la-fiesta-de-graduacion-del-saint-john\/","url_meta":{"origin":339433,"position":1},"title":"\u00danete al party! La discoteca G\u00e9nesis abre sus puertas para la fiesta de graduaci\u00f3n del Saint John!","author":"","date":"3 Jul, 2012","format":false,"excerpt":"El pr\u00f3ximo s\u00e1bado 7 de julio de 2012, la clase graduanda del Colegio Saint John ubicado en Buena Vista, La Romana, estar\u00e1 celebrando su graduaci\u00f3n y USTEDES est\u00e1n invitados a unirse al party!\u00a0 Luego de la ceremonia de graduaci\u00f3n oficial, que se celebrar\u00e1 a las 7 de la noche del\u2026","rel":"","context":"En \u00abAltos de Chavon @es\u00bb","block_context":{"text":"Altos de Chavon @es","link":"https:\/\/casadecampoliving.com\/category\/altos-de-chavon-es\/"},"img":{"alt_text":"genesis altos de chavon","src":"https:\/\/i0.wp.com\/casadecampoliving.com\/wp-content\/uploads\/2022\/10\/genesis_altos_de_chavon-1.jpg?fit=650%2C316&ssl=1&resize=350%2C200","width":350,"height":200,"srcset":"https:\/\/i0.wp.com\/casadecampoliving.com\/wp-content\/uploads\/2022\/10\/genesis_altos_de_chavon-1.jpg?fit=650%2C316&ssl=1&resize=350%2C200 1x, https:\/\/i0.wp.com\/casadecampoliving.com\/wp-content\/uploads\/2022\/10\/genesis_altos_de_chavon-1.jpg?fit=650%2C316&ssl=1&resize=525%2C300 1.5x"},"classes":[]},{"id":339369,"url":"https:\/\/casadecampoliving.com\/es\/el-colegio-saint-john-celebra-una-inspiradora-ceremonia-de-graduacion-en-casa-de-campo\/","url_meta":{"origin":339433,"position":2},"title":"El Colegio Saint John celebra una inspiradora ceremonia de graduaci\u00f3n en Casa de Campo!","author":"","date":"13 Jul, 2012","format":false,"excerpt":"El pasado s\u00e1bado 7 de julio, el Colegio Saint John celebr\u00f3 la ceremonia de graduaci\u00f3n en el centro de conferencias Flamboy\u00e1n de Casa de Campo, en donde 23 estudiantes, cada uno con cualidades especiales, recibieron, por fin, sus anhelados diplomas! Eran las 6:30pm cuando el escenario de la recepci\u00f3n del\u2026","rel":"","context":"En \u00abEvents and Activities\u00bb","block_context":{"text":"Events and Activities","link":"https:\/\/casadecampoliving.com\/category\/events-and-activities\/"},"img":{"alt_text":"Saint John School Graduation","src":"https:\/\/i0.wp.com\/casadecampoliving.com\/wp-content\/uploads\/2022\/10\/saint_john_grad.jpg?fit=650%2C480&ssl=1&resize=350%2C200","width":350,"height":200,"srcset":"https:\/\/i0.wp.com\/casadecampoliving.com\/wp-content\/uploads\/2022\/10\/saint_john_grad.jpg?fit=650%2C480&ssl=1&resize=350%2C200 1x, https:\/\/i0.wp.com\/casadecampoliving.com\/wp-content\/uploads\/2022\/10\/saint_john_grad.jpg?fit=650%2C480&ssl=1&resize=525%2C300 1.5x"},"classes":[]},{"id":339275,"url":"https:\/\/casadecampoliving.com\/es\/el-colegio-saint-john-celebra-una-hermosa-cena-de-anillos-en-casa-de-campo\/","url_meta":{"origin":339433,"position":3},"title":"El Colegio Saint John celebra una hermosa \u00abCena de Anillos\u00bb en Casa de Campo!","author":"","date":"29 Jun, 2012","format":false,"excerpt":"El pasado domingo 17 de junio de 2012, la clase graduanda del Colegio Saint John, luego del per\u00edodo de examenes finales, celebr\u00f3 su tradicional cena de anillos en una villa privada de Casa de Campo, previo a la esperada celebraci\u00f3n de la ceremonia de graduaci\u00f3n! En medio de c\u00f3cteles, exquisita\u2026","rel":"","context":"En \u00abEventos\u00bb","block_context":{"text":"Eventos","link":"https:\/\/casadecampoliving.com\/es\/category\/eventos-es\/"},"img":{"alt_text":"","src":"https:\/\/i0.wp.com\/casadecampoliving.com\/wp-content\/uploads\/2022\/10\/saint_john_school_graduation_-ring_dinner-1.jpg?fit=650%2C415&ssl=1&resize=350%2C200","width":350,"height":200,"srcset":"https:\/\/i0.wp.com\/casadecampoliving.com\/wp-content\/uploads\/2022\/10\/saint_john_school_graduation_-ring_dinner-1.jpg?fit=650%2C415&ssl=1&resize=350%2C200 1x, https:\/\/i0.wp.com\/casadecampoliving.com\/wp-content\/uploads\/2022\/10\/saint_john_school_graduation_-ring_dinner-1.jpg?fit=650%2C415&ssl=1&resize=525%2C300 1.5x"},"classes":[]},{"id":342593,"url":"https:\/\/casadecampoliving.com\/es\/74846\/","url_meta":{"origin":339433,"position":4},"title":"Colegio Saint John celebra su XX graduaci\u00f3n!","author":"lperdomo","date":"26 Jul, 2013","format":false,"excerpt":"Como el colegio Saint John en La Romana concluy\u00f3 sus 20 a\u00f1os de existencia, una ceremonia de graduaci\u00f3n especial fue celebrada en Casa de Campo con la participaci\u00f3n de un grupo diverso de 25 j\u00f3venes adultos de B\u00e9lgica, Noruega, \u00a0Estados Unidos y por supuesto \u00a0Rep\u00fablica Dominicana. La ceremonia de graduaci\u00f3n\u2026","rel":"","context":"En \u00abDestacados\u00bb","block_context":{"text":"Destacados","link":"https:\/\/casadecampoliving.com\/es\/category\/destacados\/"},"img":{"alt_text":"","src":"https:\/\/i0.wp.com\/casadecampoliving.com\/wp-content\/uploads\/2022\/10\/colegio_saint_john1-2.jpg?fit=707%2C285&ssl=1&resize=350%2C200","width":350,"height":200,"srcset":"https:\/\/i0.wp.com\/casadecampoliving.com\/wp-content\/uploads\/2022\/10\/colegio_saint_john1-2.jpg?fit=707%2C285&ssl=1&resize=350%2C200 1x, https:\/\/i0.wp.com\/casadecampoliving.com\/wp-content\/uploads\/2022\/10\/colegio_saint_john1-2.jpg?fit=707%2C285&ssl=1&resize=525%2C300 1.5x, https:\/\/i0.wp.com\/casadecampoliving.com\/wp-content\/uploads\/2022\/10\/colegio_saint_john1-2.jpg?fit=707%2C285&ssl=1&resize=700%2C400 2x"},"classes":[]},{"id":340316,"url":"https:\/\/casadecampoliving.com\/es\/disco-christmas-party-con-el-hogar-del-nino-dec-22-en-genesis\/","url_meta":{"origin":339433,"position":5},"title":"Disco Christmas Party con el Hogar del Ni\u00f1o &#8211; Dec. 22 en Genesis!","author":"lperdomo","date":"15 Dic, 2012","format":false,"excerpt":"HO HO HO! Es casi navidad y este a\u00f1o el Hogar del Ni\u00f1o, centro educacional y guarder\u00eda en La Romana te invita a disfrutar de una noche de fiesta y diversi\u00f3n en Genesis Disco \u2013 con su FIESTA DE NAVIDAD DISCO pautada para el s\u00e1bado 22 de Diciembre! \u00a1\u00bfEst\u00e1s listo\u2026","rel":"","context":"En \u00abAltos de Chavon @es\u00bb","block_context":{"text":"Altos de Chavon @es","link":"https:\/\/casadecampoliving.com\/category\/altos-de-chavon-es\/"},"img":{"alt_text":"hogar del nino","src":"https:\/\/i0.wp.com\/casadecampoliving.com\/wp-content\/uploads\/2022\/10\/hogar_del_nino3-1.jpg?fit=650%2C336&ssl=1&resize=350%2C200","width":350,"height":200,"srcset":"https:\/\/i0.wp.com\/casadecampoliving.com\/wp-content\/uploads\/2022\/10\/hogar_del_nino3-1.jpg?fit=650%2C336&ssl=1&resize=350%2C200 1x, https:\/\/i0.wp.com\/casadecampoliving.com\/wp-content\/uploads\/2022\/10\/hogar_del_nino3-1.jpg?fit=650%2C336&ssl=1&resize=525%2C300 1.5x"},"classes":[]}],"jetpack_sharing_enabled":true,"_links":{"self":[{"href":"https:\/\/casadecampoliving.com\/es\/wp-json\/wp\/v2\/posts\/339433","targetHints":{"allow":["GET"]}}],"collection":[{"href":"https:\/\/casadecampoliving.com\/es\/wp-json\/wp\/v2\/posts"}],"about":[{"href":"https:\/\/casadecampoliving.com\/es\/wp-json\/wp\/v2\/types\/post"}],"author":[{"embeddable":true,"href":"https:\/\/casadecampoliving.com\/es\/wp-json\/wp\/v2\/users\/21"}],"replies":[{"embeddable":true,"href":"https:\/\/casadecampoliving.com\/es\/wp-json\/wp\/v2\/comments?post=339433"}],"version-history":[{"count":1,"href":"https:\/\/casadecampoliving.com\/es\/wp-json\/wp\/v2\/posts\/339433\/revisions"}],"predecessor-version":[{"id":339434,"href":"https:\/\/casadecampoliving.com\/es\/wp-json\/wp\/v2\/posts\/339433\/revisions\/339434"}],"wp:featuredmedia":[{"embeddable":true,"href":"https:\/\/casadecampoliving.com\/es\/wp-json\/wp\/v2\/media\/255019"}],"wp:attachment":[{"href":"https:\/\/casadecampoliving.com\/es\/wp-json\/wp\/v2\/media?parent=339433"}],"wp:term":[{"taxonomy":"category","embeddable":true,"href":"https:\/\/casadecampoliving.com\/es\/wp-json\/wp\/v2\/categories?post=339433"},{"taxonomy":"post_tag","embeddable":true,"href":"https:\/\/casadecampoliving.com\/es\/wp-json\/wp\/v2\/tags?post=339433"},{"taxonomy":"newspack_spnsrs_tax","embeddable":true,"href":"https:\/\/casadecampoliving.com\/es\/wp-json\/wp\/v2\/newspack_spnsrs_tax?post=339433"}],"curies":[{"name":"wp","href":"https:\/\/api.w.org\/{rel}","templated":true}]}}