{"id":339375,"date":"2012-07-13T00:00:00","date_gmt":"2012-07-13T04:00:00","guid":{"rendered":"https:\/\/casadecampoliving.com\/regresa-el-atardecer-con-sabor-a-musica-jueves-19-de-julio-en-la-marina-casa-de-campo\/"},"modified":"2022-10-21T18:50:11","modified_gmt":"2022-10-21T22:50:11","slug":"regresa-el-atardecer-con-sabor-a-musica-jueves-19-de-julio-en-la-marina-casa-de-campo","status":"publish","type":"post","link":"https:\/\/casadecampoliving.com\/es\/regresa-el-atardecer-con-sabor-a-musica-jueves-19-de-julio-en-la-marina-casa-de-campo\/","title":{"rendered":"Regresa el \u00abAtardecer Con Sabor A M\u00fasica\u00bb &#8211; jueves 19 de julio en la Marina Casa de Campo!"},"content":{"rendered":"<div class=\"wp-block-image\">\n<figure class=\"aligncenter is-resized\"><img loading=\"lazy\" decoding=\"async\" src=\"https:\/\/i0.wp.com\/casadecampoliving.com\/wp-content\/uploads\/2022\/10\/sunset_jazz_night-3.jpg?resize=650%2C406&amp;ssl=1\" alt=\"Sunset Jazz Night\" class=\"wp-image-54074\" title=\"sunset_jazz_night\" height=\"406\" width=\"650\"\/><\/figure>\n<\/div>\n\n\n<p>Luego de un gran \u00e9xito tras su primera edici\u00f3n \u2013 <strong>REGRESA<\/strong> el <a href=\"http:\/\/wp.me\/p1kvEy-dMz\">\u201cAtardecer Con Sabor A M\u00fasica\u201d<\/a>, organizado por Azimut Caf\u00e9 y USTED est\u00e1 invitado a disfrutar de c\u00f3cteles, picaderas, m\u00fasica en vivo y mucho m\u00e1s este <strong>jueves 19 de julio<\/strong>!<\/p>\n\n\n\n<!--more-->\n\n\n<div class=\"wp-block-image\">\n<figure class=\"aligncenter is-resized\"><img loading=\"lazy\" decoding=\"async\" src=\"https:\/\/i0.wp.com\/casadecampoliving.com\/wp-content\/uploads\/2022\/10\/azimut_cafe1-2.jpg?resize=650%2C373&amp;ssl=1\" alt=\"azimut cafe\" class=\"wp-image-52951\" title=\"azimut_cafe\" height=\"373\" width=\"650\"\/><\/figure>\n<\/div>\n\n\n<p class=\"has-text-align-center\"><strong>Atardecer Con Sabor A M\u00fasica \u2013 junio 2012<\/strong><br>\n<\/p>\n\n\n<div class=\"wp-block-image\">\n<figure class=\"alignright is-resized\"><img loading=\"lazy\" decoding=\"async\" src=\"https:\/\/i0.wp.com\/casadecampoliving.com\/wp-content\/uploads\/2022\/10\/sailor_jazz.jpg?resize=200%2C435&amp;ssl=1\" alt=\"sailor jazz\" class=\"wp-image-52942\" title=\"sailor_jazz\" height=\"435\" width=\"200\"\/><\/figure>\n<\/div>\n\n\n<p>Ha pensado recientemente en lo fabuloso que ser\u00eda poder disfrutar de una tarde-noche relajada, en compa\u00f1\u00eda de amigos, una maravillosa puesta de sol y unos tragos?<\/p>\n\n\n\n<p>Una vez m\u00e1s, gracias al \u00e9xito obtenido con la asistencia de m\u00e1s de 80 residentes, hu\u00e9spedes y visitantes de Casa de Campo, Azimut Caf\u00e9 como creadores del&nbsp;<a href=\"http:\/\/wp.me\/p1kvEy-dMz\">\u201cAtardecer Con Sabor A M\u00fasica\u201d<\/a>, con el patrocinio de Casa de Campo Living y Silgon Inc., como medios de publicidad, marketing y desarrollo de p\u00e1ginas Web, ofrecer\u00e1n un atardecer para recordar, con el disfrute de los hipnotizantes ritmos de Jazz, picaderas, c\u00f3cteles y una espectacular vista del mar al momento de ocultarse el sol.<\/p>\n\n\n\n<p>El \u201cAtardecer Con Sabor A M\u00fasica\u201d es una fabulosa iniciativa en la que los miembros de la comunidad de Casa de Campo, cada mes, tendr\u00e1n la oportunidad de recrearse en el relajado ambiente que s\u00f3lo ofrece esta localidad de la Marina Casa de Campo \u2013 no se lo pierdan!!<\/p>\n\n\n\n<p><strong><em><a href=\"http:\/\/wp.me\/p1kvEy-dMz\">Para leer m\u00e1s sobre el primer \u201cAtardecer Con Sabor A M\u00fasica\u201d, haga click aqu\u00ed!<\/a><\/em><\/strong><\/p>\n\n\n\n<p>A continuaci\u00f3n los detalles del evento:<\/p>\n\n\n\n<blockquote class=\"wp-block-quote is-layout-flow wp-block-quote-is-layout-flow\"><p><strong><span style=\"text-decoration: underline;\">\u201cAtardecer Con Sabor A M\u00fasica\u201d&nbsp;<\/span><\/strong><\/p><p><img decoding=\"async\" loading=\"lazy\" class=\"alignnone size-full wp-image-54082\" title=\"azimut_cafe\" src=\"https:\/\/i0.wp.com\/casadecampoliving.com\/wp-content\/uploads\/2022\/10\/azimut_cafe-8.jpg?resize=630%2C342&amp;ssl=1\" alt=\"Azimut Caf\u00e9\" width=\"630\" height=\"342\"><br>\n<strong>Cu\u00e1ndo<\/strong>: jueves 19 de julio, 6pm \u2013 9pm!<\/p><p><strong>D\u00f3nde<\/strong>: Azimut Caf\u00e9, la Marina Casa de Campo<\/p><p><strong>Para m\u00e1s info<\/strong>: 809.523.2208<\/p><\/blockquote>\n\n\n\n<blockquote class=\"wp-block-quote is-layout-flow wp-block-quote-is-layout-flow\"><p><strong>Azimut Caf\u00e9<\/strong><\/p><p>Conocido popularmente como el \u201cCaf\u00e9 de la esquinita\u201d, Azimut Caf\u00e9 nace con el prop\u00f3sito de promocionar la marca Azimut representada por el grupo IB Nautica en el pa\u00eds por m\u00e1s de 10 a\u00f1os, en donde sus clientes pueden hacer de este lugar un club, creando una fidelidad a la marca y personalidad al ambiente.<\/p><p>Durante el d\u00eda, desde las 8am Azimut Caf\u00e9 ofrece todas las variedades de caf\u00e9 Nespresso y bebidas sin alcohol mientras que en las tardes ofrecen aperitivos haciendo del Azimut Caf\u00e9 la \u201cesquina\u201d perfecta para degustar una bebida antes de salir a cenar! El caf\u00e9 est\u00e1 abierto hasta las 8pm con la mejor selecci\u00f3n de m\u00fasica lounge, y una gran variedad de canales de TV.<\/p><\/blockquote>\n","protected":false},"excerpt":{"rendered":"<p>Luego de un gran \u00e9xito tras su primera edici\u00f3n \u2013 REGRESA el \u201cAtardecer Con Sabor A M\u00fasica\u201d, organizado por Azimut Caf\u00e9 y USTED est\u00e1 invitado a disfrutar de c\u00f3cteles, picaderas, m\u00fasica en vivo y mucho m\u00e1s este jueves 19 de julio!<\/p>\n","protected":false},"author":21,"featured_media":252938,"comment_status":"closed","ping_status":"closed","sticky":false,"template":"","format":"standard","meta":{"newspack_ads_suppress_ads":false,"newspack_popups_has_disabled_popups":false,"newspack_sponsor_sponsorship_scope":"","newspack_sponsor_native_byline_display":"inherit","newspack_sponsor_native_category_display":"inherit","newspack_sponsor_underwriter_style":"inherit","newspack_sponsor_underwriter_placement":"inherit","_newspack_byline_active":false,"_newspack_byline":"","newspack_hide_updated_date":false,"newspack_show_updated_date":false,"newspack_content_restriction_is_exempt":false,"newspack_featured_image_position":"","newspack_post_subtitle":"","newspack_article_summary_title":"Overview:","newspack_article_summary":"","_jetpack_memberships_contains_paid_content":false,"footnotes":"","jetpack_publicize_message":"","jetpack_publicize_feature_enabled":true,"jetpack_social_post_already_shared":false,"jetpack_social_options":{"image_generator_settings":{"template":"highway","default_image_id":0,"font":"","enabled":false},"version":2},"_wpas_customize_per_network":false},"categories":[2524,2522,26581,14625,14627],"tags":[4680,4886,156,2590,4617],"newspack_spnsrs_tax":[],"class_list":["post-339375","post","type-post","status-publish","format-standard","has-post-thumbnail","hentry","category-destacados","category-eventos-es","category-la-marina-casa-de-campo","category-noticias-locales","category-proximamente","tag-atardecer-con-sabor-a-musica","tag-azimut-cafe-es","tag-jazz","tag-la-marina-casa-de-campo","tag-puesta-de-sol","entry"],"yoast_head":"<!-- This site is optimized with the Yoast SEO plugin v27.5 - https:\/\/yoast.com\/product\/yoast-seo-wordpress\/ -->\n<title>Regresa el &quot;Atardecer Con Sabor A M\u00fasica&quot; - jueves 19 de julio en la Marina Casa de Campo! | Casa de Campo Living<\/title>\n<meta name=\"description\" content=\"Luego de un gran \u00e9xito tras su primera edici\u00f3n \u2013 REGRESA el \u201cAtardecer Con Sabor A M\u00fasica\u201d, organizado por Azimut Caf\u00e9 y USTED est\u00e1 invitado a disfrutar\" \/>\n<meta name=\"robots\" content=\"index, follow, max-snippet:-1, max-image-preview:large, max-video-preview:-1\" \/>\n<link rel=\"canonical\" href=\"https:\/\/casadecampoliving.com\/es\/regresa-el-atardecer-con-sabor-a-musica-jueves-19-de-julio-en-la-marina-casa-de-campo\/\" \/>\n<meta property=\"og:locale\" content=\"es_ES\" \/>\n<meta property=\"og:type\" content=\"article\" \/>\n<meta property=\"og:title\" content=\"Regresa el &quot;Atardecer Con Sabor A M\u00fasica&quot; - jueves 19 de julio en la Marina Casa de Campo! | Casa de Campo Living\" \/>\n<meta property=\"og:description\" content=\"Luego de un gran \u00e9xito tras su primera edici\u00f3n \u2013 REGRESA el \u201cAtardecer Con Sabor A M\u00fasica\u201d, organizado por Azimut Caf\u00e9 y USTED est\u00e1 invitado a disfrutar\" \/>\n<meta property=\"og:url\" content=\"https:\/\/casadecampoliving.com\/es\/regresa-el-atardecer-con-sabor-a-musica-jueves-19-de-julio-en-la-marina-casa-de-campo\/\" \/>\n<meta property=\"og:site_name\" content=\"Casa de Campo Living\" \/>\n<meta property=\"article:publisher\" content=\"https:\/\/www.facebook.com\/casadecampoliving\" \/>\n<meta property=\"article:published_time\" content=\"2012-07-13T04:00:00+00:00\" \/>\n<meta property=\"article:modified_time\" content=\"2022-10-21T22:50:11+00:00\" \/>\n<meta property=\"og:image\" content=\"https:\/\/i0.wp.com\/casadecampoliving.com\/wp-content\/uploads\/2022\/10\/sunset_jazz_night-4.jpg?fit=650%2C406&ssl=1\" \/>\n\t<meta property=\"og:image:width\" content=\"650\" \/>\n\t<meta property=\"og:image:height\" content=\"406\" \/>\n\t<meta property=\"og:image:type\" content=\"image\/jpeg\" \/>\n<meta name=\"twitter:card\" content=\"summary_large_image\" \/>\n<meta name=\"twitter:creator\" content=\"@cdcliving\" \/>\n<meta name=\"twitter:site\" content=\"@cdcliving\" \/>\n<meta name=\"twitter:label1\" content=\"Escrito por\" \/>\n\t<meta name=\"twitter:data1\" content=\"\" \/>\n\t<meta name=\"twitter:label2\" content=\"Tiempo de lectura\" \/>\n\t<meta name=\"twitter:data2\" content=\"2 minutos\" \/>\n<script type=\"application\/ld+json\" class=\"yoast-schema-graph\">{\"@context\":\"https:\\\/\\\/schema.org\",\"@graph\":[{\"@type\":\"Article\",\"@id\":\"https:\\\/\\\/casadecampoliving.com\\\/es\\\/regresa-el-atardecer-con-sabor-a-musica-jueves-19-de-julio-en-la-marina-casa-de-campo\\\/#article\",\"isPartOf\":{\"@id\":\"https:\\\/\\\/casadecampoliving.com\\\/es\\\/regresa-el-atardecer-con-sabor-a-musica-jueves-19-de-julio-en-la-marina-casa-de-campo\\\/\"},\"author\":{\"name\":\"\",\"@id\":\"https:\\\/\\\/casadecampoliving.com\\\/es\\\/#\\\/schema\\\/person\\\/7e3b975d584a5f6ac0fd7128a81b0bc5\"},\"headline\":\"Regresa el \u00abAtardecer Con Sabor A M\u00fasica\u00bb &#8211; jueves 19 de julio en la Marina Casa de Campo!\",\"datePublished\":\"2012-07-13T04:00:00+00:00\",\"dateModified\":\"2022-10-21T22:50:11+00:00\",\"mainEntityOfPage\":{\"@id\":\"https:\\\/\\\/casadecampoliving.com\\\/es\\\/regresa-el-atardecer-con-sabor-a-musica-jueves-19-de-julio-en-la-marina-casa-de-campo\\\/\"},\"wordCount\":412,\"publisher\":{\"@id\":\"https:\\\/\\\/casadecampoliving.com\\\/es\\\/#organization\"},\"image\":{\"@id\":\"https:\\\/\\\/casadecampoliving.com\\\/es\\\/regresa-el-atardecer-con-sabor-a-musica-jueves-19-de-julio-en-la-marina-casa-de-campo\\\/#primaryimage\"},\"thumbnailUrl\":\"https:\\\/\\\/i0.wp.com\\\/casadecampoliving.com\\\/wp-content\\\/uploads\\\/2022\\\/10\\\/sunset_jazz_night-4.jpg?fit=650%2C406&ssl=1\",\"keywords\":[\"atardecer con sabor a musica\",\"azimut cafe @es\",\"Jazz\",\"la marina casa de campo\",\"puesta de sol\"],\"articleSection\":[\"Destacados\",\"Eventos\",\"La Marina Casa de Campo\",\"Noticias Locales\",\"Proximamente\"],\"inLanguage\":\"es\"},{\"@type\":\"WebPage\",\"@id\":\"https:\\\/\\\/casadecampoliving.com\\\/es\\\/regresa-el-atardecer-con-sabor-a-musica-jueves-19-de-julio-en-la-marina-casa-de-campo\\\/\",\"url\":\"https:\\\/\\\/casadecampoliving.com\\\/es\\\/regresa-el-atardecer-con-sabor-a-musica-jueves-19-de-julio-en-la-marina-casa-de-campo\\\/\",\"name\":\"Regresa el \\\"Atardecer Con Sabor A M\u00fasica\\\" - jueves 19 de julio en la Marina Casa de Campo! | Casa de Campo Living\",\"isPartOf\":{\"@id\":\"https:\\\/\\\/casadecampoliving.com\\\/es\\\/#website\"},\"primaryImageOfPage\":{\"@id\":\"https:\\\/\\\/casadecampoliving.com\\\/es\\\/regresa-el-atardecer-con-sabor-a-musica-jueves-19-de-julio-en-la-marina-casa-de-campo\\\/#primaryimage\"},\"image\":{\"@id\":\"https:\\\/\\\/casadecampoliving.com\\\/es\\\/regresa-el-atardecer-con-sabor-a-musica-jueves-19-de-julio-en-la-marina-casa-de-campo\\\/#primaryimage\"},\"thumbnailUrl\":\"https:\\\/\\\/i0.wp.com\\\/casadecampoliving.com\\\/wp-content\\\/uploads\\\/2022\\\/10\\\/sunset_jazz_night-4.jpg?fit=650%2C406&ssl=1\",\"datePublished\":\"2012-07-13T04:00:00+00:00\",\"dateModified\":\"2022-10-21T22:50:11+00:00\",\"description\":\"Luego de un gran \u00e9xito tras su primera edici\u00f3n \u2013 REGRESA el \u201cAtardecer Con Sabor A M\u00fasica\u201d, organizado por Azimut Caf\u00e9 y USTED est\u00e1 invitado a disfrutar\",\"breadcrumb\":{\"@id\":\"https:\\\/\\\/casadecampoliving.com\\\/es\\\/regresa-el-atardecer-con-sabor-a-musica-jueves-19-de-julio-en-la-marina-casa-de-campo\\\/#breadcrumb\"},\"inLanguage\":\"es\",\"potentialAction\":[{\"@type\":\"ReadAction\",\"target\":[\"https:\\\/\\\/casadecampoliving.com\\\/es\\\/regresa-el-atardecer-con-sabor-a-musica-jueves-19-de-julio-en-la-marina-casa-de-campo\\\/\"]}]},{\"@type\":\"ImageObject\",\"inLanguage\":\"es\",\"@id\":\"https:\\\/\\\/casadecampoliving.com\\\/es\\\/regresa-el-atardecer-con-sabor-a-musica-jueves-19-de-julio-en-la-marina-casa-de-campo\\\/#primaryimage\",\"url\":\"https:\\\/\\\/i0.wp.com\\\/casadecampoliving.com\\\/wp-content\\\/uploads\\\/2022\\\/10\\\/sunset_jazz_night-4.jpg?fit=650%2C406&ssl=1\",\"contentUrl\":\"https:\\\/\\\/i0.wp.com\\\/casadecampoliving.com\\\/wp-content\\\/uploads\\\/2022\\\/10\\\/sunset_jazz_night-4.jpg?fit=650%2C406&ssl=1\",\"width\":650,\"height\":406,\"caption\":\"Sunset Jazz Night\"},{\"@type\":\"BreadcrumbList\",\"@id\":\"https:\\\/\\\/casadecampoliving.com\\\/es\\\/regresa-el-atardecer-con-sabor-a-musica-jueves-19-de-julio-en-la-marina-casa-de-campo\\\/#breadcrumb\",\"itemListElement\":[{\"@type\":\"ListItem\",\"position\":1,\"name\":\"Home\",\"item\":\"https:\\\/\\\/casadecampoliving.com\\\/es\\\/\"},{\"@type\":\"ListItem\",\"position\":2,\"name\":\"Regresa el &#8220;Atardecer Con Sabor A M\u00fasica&#8221; &#8211; jueves 19 de julio en la Marina Casa de Campo!\"}]},{\"@type\":\"WebSite\",\"@id\":\"https:\\\/\\\/casadecampoliving.com\\\/es\\\/#website\",\"url\":\"https:\\\/\\\/casadecampoliving.com\\\/es\\\/\",\"name\":\"Casa de Campo Living\",\"description\":\"Resort community news and resources.\",\"publisher\":{\"@id\":\"https:\\\/\\\/casadecampoliving.com\\\/es\\\/#organization\"},\"potentialAction\":[{\"@type\":\"SearchAction\",\"target\":{\"@type\":\"EntryPoint\",\"urlTemplate\":\"https:\\\/\\\/casadecampoliving.com\\\/es\\\/?s={search_term_string}\"},\"query-input\":{\"@type\":\"PropertyValueSpecification\",\"valueRequired\":true,\"valueName\":\"search_term_string\"}}],\"inLanguage\":\"es\"},{\"@type\":\"Organization\",\"@id\":\"https:\\\/\\\/casadecampoliving.com\\\/es\\\/#organization\",\"name\":\"Casa de Campo Living\",\"url\":\"https:\\\/\\\/casadecampoliving.com\\\/es\\\/\",\"logo\":{\"@type\":\"ImageObject\",\"inLanguage\":\"es\",\"@id\":\"https:\\\/\\\/casadecampoliving.com\\\/es\\\/#\\\/schema\\\/logo\\\/image\\\/\",\"url\":\"https:\\\/\\\/i0.wp.com\\\/casadecampoliving.com\\\/wp-content\\\/uploads\\\/2022\\\/07\\\/CDCLivingLogo_V1-white-sized.png?fit=800%2C214&ssl=1\",\"contentUrl\":\"https:\\\/\\\/i0.wp.com\\\/casadecampoliving.com\\\/wp-content\\\/uploads\\\/2022\\\/07\\\/CDCLivingLogo_V1-white-sized.png?fit=800%2C214&ssl=1\",\"width\":800,\"height\":214,\"caption\":\"Casa de Campo Living\"},\"image\":{\"@id\":\"https:\\\/\\\/casadecampoliving.com\\\/es\\\/#\\\/schema\\\/logo\\\/image\\\/\"},\"sameAs\":[\"https:\\\/\\\/www.facebook.com\\\/casadecampoliving\",\"https:\\\/\\\/x.com\\\/cdcliving\"]},{\"@type\":\"Person\",\"@id\":\"https:\\\/\\\/casadecampoliving.com\\\/es\\\/#\\\/schema\\\/person\\\/7e3b975d584a5f6ac0fd7128a81b0bc5\",\"name\":\"\",\"image\":{\"@type\":\"ImageObject\",\"inLanguage\":\"es\",\"@id\":\"https:\\\/\\\/secure.gravatar.com\\\/avatar\\\/?s=96&d=mm&r=g\",\"url\":\"https:\\\/\\\/secure.gravatar.com\\\/avatar\\\/?s=96&d=mm&r=g\",\"contentUrl\":\"https:\\\/\\\/secure.gravatar.com\\\/avatar\\\/?s=96&d=mm&r=g\"},\"url\":\"https:\\\/\\\/casadecampoliving.com\\\/es\\\/author\\\/ \\\/\"}]}<\/script>\n<!-- \/ Yoast SEO plugin. -->","yoast_head_json":{"title":"Regresa el \"Atardecer Con Sabor A M\u00fasica\" - jueves 19 de julio en la Marina Casa de Campo! | Casa de Campo Living","description":"Luego de un gran \u00e9xito tras su primera edici\u00f3n \u2013 REGRESA el \u201cAtardecer Con Sabor A M\u00fasica\u201d, organizado por Azimut Caf\u00e9 y USTED est\u00e1 invitado a disfrutar","robots":{"index":"index","follow":"follow","max-snippet":"max-snippet:-1","max-image-preview":"max-image-preview:large","max-video-preview":"max-video-preview:-1"},"canonical":"https:\/\/casadecampoliving.com\/es\/regresa-el-atardecer-con-sabor-a-musica-jueves-19-de-julio-en-la-marina-casa-de-campo\/","og_locale":"es_ES","og_type":"article","og_title":"Regresa el \"Atardecer Con Sabor A M\u00fasica\" - jueves 19 de julio en la Marina Casa de Campo! | Casa de Campo Living","og_description":"Luego de un gran \u00e9xito tras su primera edici\u00f3n \u2013 REGRESA el \u201cAtardecer Con Sabor A M\u00fasica\u201d, organizado por Azimut Caf\u00e9 y USTED est\u00e1 invitado a disfrutar","og_url":"https:\/\/casadecampoliving.com\/es\/regresa-el-atardecer-con-sabor-a-musica-jueves-19-de-julio-en-la-marina-casa-de-campo\/","og_site_name":"Casa de Campo Living","article_publisher":"https:\/\/www.facebook.com\/casadecampoliving","article_published_time":"2012-07-13T04:00:00+00:00","article_modified_time":"2022-10-21T22:50:11+00:00","og_image":[{"width":650,"height":406,"url":"https:\/\/i0.wp.com\/casadecampoliving.com\/wp-content\/uploads\/2022\/10\/sunset_jazz_night-4.jpg?fit=650%2C406&ssl=1","type":"image\/jpeg"}],"twitter_card":"summary_large_image","twitter_creator":"@cdcliving","twitter_site":"@cdcliving","twitter_misc":{"Escrito por":"","Tiempo de lectura":"2 minutos"},"schema":{"@context":"https:\/\/schema.org","@graph":[{"@type":"Article","@id":"https:\/\/casadecampoliving.com\/es\/regresa-el-atardecer-con-sabor-a-musica-jueves-19-de-julio-en-la-marina-casa-de-campo\/#article","isPartOf":{"@id":"https:\/\/casadecampoliving.com\/es\/regresa-el-atardecer-con-sabor-a-musica-jueves-19-de-julio-en-la-marina-casa-de-campo\/"},"author":{"name":"","@id":"https:\/\/casadecampoliving.com\/es\/#\/schema\/person\/7e3b975d584a5f6ac0fd7128a81b0bc5"},"headline":"Regresa el \u00abAtardecer Con Sabor A M\u00fasica\u00bb &#8211; jueves 19 de julio en la Marina Casa de Campo!","datePublished":"2012-07-13T04:00:00+00:00","dateModified":"2022-10-21T22:50:11+00:00","mainEntityOfPage":{"@id":"https:\/\/casadecampoliving.com\/es\/regresa-el-atardecer-con-sabor-a-musica-jueves-19-de-julio-en-la-marina-casa-de-campo\/"},"wordCount":412,"publisher":{"@id":"https:\/\/casadecampoliving.com\/es\/#organization"},"image":{"@id":"https:\/\/casadecampoliving.com\/es\/regresa-el-atardecer-con-sabor-a-musica-jueves-19-de-julio-en-la-marina-casa-de-campo\/#primaryimage"},"thumbnailUrl":"https:\/\/i0.wp.com\/casadecampoliving.com\/wp-content\/uploads\/2022\/10\/sunset_jazz_night-4.jpg?fit=650%2C406&ssl=1","keywords":["atardecer con sabor a musica","azimut cafe @es","Jazz","la marina casa de campo","puesta de sol"],"articleSection":["Destacados","Eventos","La Marina Casa de Campo","Noticias Locales","Proximamente"],"inLanguage":"es"},{"@type":"WebPage","@id":"https:\/\/casadecampoliving.com\/es\/regresa-el-atardecer-con-sabor-a-musica-jueves-19-de-julio-en-la-marina-casa-de-campo\/","url":"https:\/\/casadecampoliving.com\/es\/regresa-el-atardecer-con-sabor-a-musica-jueves-19-de-julio-en-la-marina-casa-de-campo\/","name":"Regresa el \"Atardecer Con Sabor A M\u00fasica\" - jueves 19 de julio en la Marina Casa de Campo! | Casa de Campo Living","isPartOf":{"@id":"https:\/\/casadecampoliving.com\/es\/#website"},"primaryImageOfPage":{"@id":"https:\/\/casadecampoliving.com\/es\/regresa-el-atardecer-con-sabor-a-musica-jueves-19-de-julio-en-la-marina-casa-de-campo\/#primaryimage"},"image":{"@id":"https:\/\/casadecampoliving.com\/es\/regresa-el-atardecer-con-sabor-a-musica-jueves-19-de-julio-en-la-marina-casa-de-campo\/#primaryimage"},"thumbnailUrl":"https:\/\/i0.wp.com\/casadecampoliving.com\/wp-content\/uploads\/2022\/10\/sunset_jazz_night-4.jpg?fit=650%2C406&ssl=1","datePublished":"2012-07-13T04:00:00+00:00","dateModified":"2022-10-21T22:50:11+00:00","description":"Luego de un gran \u00e9xito tras su primera edici\u00f3n \u2013 REGRESA el \u201cAtardecer Con Sabor A M\u00fasica\u201d, organizado por Azimut Caf\u00e9 y USTED est\u00e1 invitado a disfrutar","breadcrumb":{"@id":"https:\/\/casadecampoliving.com\/es\/regresa-el-atardecer-con-sabor-a-musica-jueves-19-de-julio-en-la-marina-casa-de-campo\/#breadcrumb"},"inLanguage":"es","potentialAction":[{"@type":"ReadAction","target":["https:\/\/casadecampoliving.com\/es\/regresa-el-atardecer-con-sabor-a-musica-jueves-19-de-julio-en-la-marina-casa-de-campo\/"]}]},{"@type":"ImageObject","inLanguage":"es","@id":"https:\/\/casadecampoliving.com\/es\/regresa-el-atardecer-con-sabor-a-musica-jueves-19-de-julio-en-la-marina-casa-de-campo\/#primaryimage","url":"https:\/\/i0.wp.com\/casadecampoliving.com\/wp-content\/uploads\/2022\/10\/sunset_jazz_night-4.jpg?fit=650%2C406&ssl=1","contentUrl":"https:\/\/i0.wp.com\/casadecampoliving.com\/wp-content\/uploads\/2022\/10\/sunset_jazz_night-4.jpg?fit=650%2C406&ssl=1","width":650,"height":406,"caption":"Sunset Jazz Night"},{"@type":"BreadcrumbList","@id":"https:\/\/casadecampoliving.com\/es\/regresa-el-atardecer-con-sabor-a-musica-jueves-19-de-julio-en-la-marina-casa-de-campo\/#breadcrumb","itemListElement":[{"@type":"ListItem","position":1,"name":"Home","item":"https:\/\/casadecampoliving.com\/es\/"},{"@type":"ListItem","position":2,"name":"Regresa el &#8220;Atardecer Con Sabor A M\u00fasica&#8221; &#8211; jueves 19 de julio en la Marina Casa de Campo!"}]},{"@type":"WebSite","@id":"https:\/\/casadecampoliving.com\/es\/#website","url":"https:\/\/casadecampoliving.com\/es\/","name":"Casa de Campo Living","description":"Resort community news and resources.","publisher":{"@id":"https:\/\/casadecampoliving.com\/es\/#organization"},"potentialAction":[{"@type":"SearchAction","target":{"@type":"EntryPoint","urlTemplate":"https:\/\/casadecampoliving.com\/es\/?s={search_term_string}"},"query-input":{"@type":"PropertyValueSpecification","valueRequired":true,"valueName":"search_term_string"}}],"inLanguage":"es"},{"@type":"Organization","@id":"https:\/\/casadecampoliving.com\/es\/#organization","name":"Casa de Campo Living","url":"https:\/\/casadecampoliving.com\/es\/","logo":{"@type":"ImageObject","inLanguage":"es","@id":"https:\/\/casadecampoliving.com\/es\/#\/schema\/logo\/image\/","url":"https:\/\/i0.wp.com\/casadecampoliving.com\/wp-content\/uploads\/2022\/07\/CDCLivingLogo_V1-white-sized.png?fit=800%2C214&ssl=1","contentUrl":"https:\/\/i0.wp.com\/casadecampoliving.com\/wp-content\/uploads\/2022\/07\/CDCLivingLogo_V1-white-sized.png?fit=800%2C214&ssl=1","width":800,"height":214,"caption":"Casa de Campo Living"},"image":{"@id":"https:\/\/casadecampoliving.com\/es\/#\/schema\/logo\/image\/"},"sameAs":["https:\/\/www.facebook.com\/casadecampoliving","https:\/\/x.com\/cdcliving"]},{"@type":"Person","@id":"https:\/\/casadecampoliving.com\/es\/#\/schema\/person\/7e3b975d584a5f6ac0fd7128a81b0bc5","name":"","image":{"@type":"ImageObject","inLanguage":"es","@id":"https:\/\/secure.gravatar.com\/avatar\/?s=96&d=mm&r=g","url":"https:\/\/secure.gravatar.com\/avatar\/?s=96&d=mm&r=g","contentUrl":"https:\/\/secure.gravatar.com\/avatar\/?s=96&d=mm&r=g"},"url":"https:\/\/casadecampoliving.com\/es\/author\/ \/"}]}},"parsely":{"version":"1.1.0","canonical_url":"https:\/\/casadecampoliving.com\/es\/regresa-el-atardecer-con-sabor-a-musica-jueves-19-de-julio-en-la-marina-casa-de-campo\/","smart_links":{"inbound":0,"outbound":0},"traffic_boost_suggestions_count":0,"meta":{"@context":"https:\/\/schema.org","@type":"NewsArticle","headline":"Regresa el \u00abAtardecer Con Sabor A M\u00fasica\u00bb &#8211; jueves 19 de julio en la Marina Casa de Campo!","url":"http:\/\/casadecampoliving.com\/es\/regresa-el-atardecer-con-sabor-a-musica-jueves-19-de-julio-en-la-marina-casa-de-campo\/","mainEntityOfPage":{"@type":"WebPage","@id":"http:\/\/casadecampoliving.com\/es\/regresa-el-atardecer-con-sabor-a-musica-jueves-19-de-julio-en-la-marina-casa-de-campo\/"},"thumbnailUrl":"https:\/\/i0.wp.com\/casadecampoliving.com\/wp-content\/uploads\/2022\/10\/sunset_jazz_night-4.jpg?resize=150%2C150&ssl=1","image":{"@type":"ImageObject","url":"https:\/\/i0.wp.com\/casadecampoliving.com\/wp-content\/uploads\/2022\/10\/sunset_jazz_night-4.jpg?fit=650%2C406&ssl=1"},"articleSection":"Destacados","author":[{"@type":"Person","name":"FB_515917546"}],"creator":["FB_515917546"],"publisher":{"@type":"Organization","name":"Casa de Campo Living","logo":"https:\/\/casadecampoliving.com\/wp-content\/uploads\/2022\/07\/CDCLivingLogo_V1-white-sized.png"},"keywords":["atardecer con sabor a musica","azimut cafe @es","jazz","la marina casa de campo","puesta de sol"],"dateCreated":"2012-07-13T04:00:00Z","datePublished":"2012-07-13T04:00:00Z","dateModified":"2022-10-21T22:50:11Z"},"rendered":"<script type=\"application\/ld+json\" class=\"wp-parsely-metadata\">{\"@context\":\"https:\\\/\\\/schema.org\",\"@type\":\"NewsArticle\",\"headline\":\"Regresa el \\u00abAtardecer Con Sabor A M\\u00fasica\\u00bb &#8211; jueves 19 de julio en la Marina Casa de Campo!\",\"url\":\"http:\\\/\\\/casadecampoliving.com\\\/es\\\/regresa-el-atardecer-con-sabor-a-musica-jueves-19-de-julio-en-la-marina-casa-de-campo\\\/\",\"mainEntityOfPage\":{\"@type\":\"WebPage\",\"@id\":\"http:\\\/\\\/casadecampoliving.com\\\/es\\\/regresa-el-atardecer-con-sabor-a-musica-jueves-19-de-julio-en-la-marina-casa-de-campo\\\/\"},\"thumbnailUrl\":\"https:\\\/\\\/i0.wp.com\\\/casadecampoliving.com\\\/wp-content\\\/uploads\\\/2022\\\/10\\\/sunset_jazz_night-4.jpg?resize=150%2C150&ssl=1\",\"image\":{\"@type\":\"ImageObject\",\"url\":\"https:\\\/\\\/i0.wp.com\\\/casadecampoliving.com\\\/wp-content\\\/uploads\\\/2022\\\/10\\\/sunset_jazz_night-4.jpg?fit=650%2C406&ssl=1\"},\"articleSection\":\"Destacados\",\"author\":[{\"@type\":\"Person\",\"name\":\"FB_515917546\"}],\"creator\":[\"FB_515917546\"],\"publisher\":{\"@type\":\"Organization\",\"name\":\"Casa de Campo Living\",\"logo\":\"https:\\\/\\\/casadecampoliving.com\\\/wp-content\\\/uploads\\\/2022\\\/07\\\/CDCLivingLogo_V1-white-sized.png\"},\"keywords\":[\"atardecer con sabor a musica\",\"azimut cafe @es\",\"jazz\",\"la marina casa de campo\",\"puesta de sol\"],\"dateCreated\":\"2012-07-13T04:00:00Z\",\"datePublished\":\"2012-07-13T04:00:00Z\",\"dateModified\":\"2022-10-21T22:50:11Z\"}<\/script>","tracker_url":"https:\/\/cdn.parsely.com\/keys\/casadecampoliving.com\/p.js"},"jetpack_publicize_connections":[],"jetpack_featured_media_url":"https:\/\/i0.wp.com\/casadecampoliving.com\/wp-content\/uploads\/2022\/10\/sunset_jazz_night-4.jpg?fit=650%2C406&ssl=1","jetpack-related-posts":[{"id":341807,"url":"https:\/\/casadecampoliving.com\/es\/reserve-las-fechas-atardecer-con-sabor-a-musica-en-el-azimut-cafe-sabado-27-de-julio-y-el-viernes-16-de-agosto\/","url_meta":{"origin":339375,"position":0},"title":"\u00a1Reserve las fechas! Atardecer con Sabor a M\u00fasica en el Azimut Caf\u00e9 \u2013 \u00a1s\u00e1bado 27 de julio y el viernes 16 de agosto!","author":"Mairobi Herrera","date":"8 Jun, 2013","format":false,"excerpt":"Pr\u00f3ximamente se aproxima en la Marina Casa de Campo el Atardecer con Sabor a M\u00fasica en el Azimut Caf\u00e9, patrocinado por\u00a0Silgon Inc., Empresa de Marketing, Desarrollo Web y Servicios Publicitarios. Esta es una actividad tan regular y tan popular para la comunidad y hu\u00e9spedes de Casa de Campo que la\u2026","rel":"","context":"En \u00abComidas &amp; Bebidas\u00bb","block_context":{"text":"Comidas &amp; Bebidas","link":"https:\/\/casadecampoliving.com\/es\/category\/comidas-bebidas\/"},"img":{"alt_text":"azimut julio agosto 2013","src":"https:\/\/i0.wp.com\/casadecampoliving.com\/wp-content\/uploads\/2022\/10\/azimut_Julio_-Agosto_2013-1.jpg?fit=650%2C402&ssl=1&resize=350%2C200","width":350,"height":200,"srcset":"https:\/\/i0.wp.com\/casadecampoliving.com\/wp-content\/uploads\/2022\/10\/azimut_Julio_-Agosto_2013-1.jpg?fit=650%2C402&ssl=1&resize=350%2C200 1x, https:\/\/i0.wp.com\/casadecampoliving.com\/wp-content\/uploads\/2022\/10\/azimut_Julio_-Agosto_2013-1.jpg?fit=650%2C402&ssl=1&resize=525%2C300 1.5x"},"classes":[]},{"id":340749,"url":"https:\/\/casadecampoliving.com\/es\/reserve-la-fecha-atardecer-con-sabor-a-musica-de-semana-santa-en-el-azimut-cafe-jueves-28-de-marzo\/","url_meta":{"origin":339375,"position":1},"title":"\u00a1Reserve la fecha! Atardecer con Sabor a M\u00fasica de Semana Santa en el Azimut Caf\u00e9 &#8211; \u00a1jueves 28 de marzo!","author":"","date":"5 Mar, 2013","format":false,"excerpt":"Cu\u00e1les son sus planes para Semana Santa este a\u00f1o? Cuales quiera que sean sus planes, si llega a estar en Casa de Campo \u2013 empiece el fin de semana largo con nosotros en el Atardecer con Sabor a M\u00fasica en el Azimut Caf\u00e9, patrocinado por Silgon Inc., Empresa de Marketing,\u2026","rel":"","context":"En \u00abCasa de Campo Living @es\u00bb","block_context":{"text":"Casa de Campo Living @es","link":"https:\/\/casadecampoliving.com\/category\/casa-de-campo-living-es\/"},"img":{"alt_text":"azimut cafe","src":"https:\/\/i0.wp.com\/casadecampoliving.com\/wp-content\/uploads\/2022\/10\/azimut_cafe-7.jpg?fit=650%2C353&ssl=1&resize=350%2C200","width":350,"height":200,"srcset":"https:\/\/i0.wp.com\/casadecampoliving.com\/wp-content\/uploads\/2022\/10\/azimut_cafe-7.jpg?fit=650%2C353&ssl=1&resize=350%2C200 1x, https:\/\/i0.wp.com\/casadecampoliving.com\/wp-content\/uploads\/2022\/10\/azimut_cafe-7.jpg?fit=650%2C353&ssl=1&resize=525%2C300 1.5x"},"classes":[]},{"id":339537,"url":"https:\/\/casadecampoliving.com\/es\/reserve-la-fecha-el-proximo-atardecer-con-sabor-a-musica-en-el-azimut-cafe-es-el-domingo-19-de-agosto\/","url_meta":{"origin":339375,"position":2},"title":"Reserve la fecha! El pr\u00f3ximo \u00abAtardecer con Sabor a M\u00fasica\u00bb en el Azimut Caf\u00e9 es el domingo 19 de agosto!","author":"","date":"8 Ago, 2012","format":false,"excerpt":"Reserven la fecha! El pr\u00f3ximo evento mensual del \u201cAtardecer con Sabor a M\u00fasica\u201d, en el Azimut Caf\u00e9 est\u00e1 programado para celebrarse el domingo 19 de agosto! El evento, ahora en su tercera edici\u00f3n, es patrocinado por Silgon Inc., en conjunto con Casa de Campo Living y promete ser otra velada\u2026","rel":"","context":"En \u00abCasa de Campo Living @es\u00bb","block_context":{"text":"Casa de Campo Living @es","link":"https:\/\/casadecampoliving.com\/category\/casa-de-campo-living-es\/"},"img":{"alt_text":"marina casa de campo","src":"https:\/\/i0.wp.com\/casadecampoliving.com\/wp-content\/uploads\/2022\/10\/marina_casa_de_campo1-15.jpg?fit=650%2C256&ssl=1&resize=350%2C200","width":350,"height":200,"srcset":"https:\/\/i0.wp.com\/casadecampoliving.com\/wp-content\/uploads\/2022\/10\/marina_casa_de_campo1-15.jpg?fit=650%2C256&ssl=1&resize=350%2C200 1x, https:\/\/i0.wp.com\/casadecampoliving.com\/wp-content\/uploads\/2022\/10\/marina_casa_de_campo1-15.jpg?fit=650%2C256&ssl=1&resize=525%2C300 1.5x"},"classes":[]},{"id":340861,"url":"https:\/\/casadecampoliving.com\/es\/atardecer-con-sabor-a-musica-en-azimut-cafe-incluye-una-exposicion-fotografica-por-maria-rosa-jimenez\/","url_meta":{"origin":339375,"position":3},"title":"Atardecer con Sabor a M\u00fasica en Azimut Caf\u00e9 incluye una exposici\u00f3n fotogr\u00e1fica por Maria Rosa Jimenez!","author":"Rebecca Silvestri","date":"22 Mar, 2013","format":false,"excerpt":"El pr\u00f3ximo jueves 28 de Marzo, Azimut Caf\u00e9 estar\u00e1 celebrando 1 a\u00f1o de sus exitosos Atardeceres con Sabor a M\u00fasica, una ocasi\u00f3n que lo hace aun mas especial, con la adici\u00f3n de una maravillosa exposici\u00f3n fotogr\u00e1fica, presentada por Maria Rosa Jimenez, Clara Martinez Thedy y Sandra Garip. \u00bfQu\u00e9 mejor manera\u2026","rel":"","context":"En \u00abDestacados\u00bb","block_context":{"text":"Destacados","link":"https:\/\/casadecampoliving.com\/es\/category\/destacados\/"},"img":{"alt_text":"azimut cafe","src":"https:\/\/i0.wp.com\/casadecampoliving.com\/wp-content\/uploads\/2022\/10\/azimut_cafe2-1.jpg?fit=650%2C433&ssl=1&resize=350%2C200","width":350,"height":200,"srcset":"https:\/\/i0.wp.com\/casadecampoliving.com\/wp-content\/uploads\/2022\/10\/azimut_cafe2-1.jpg?fit=650%2C433&ssl=1&resize=350%2C200 1x, https:\/\/i0.wp.com\/casadecampoliving.com\/wp-content\/uploads\/2022\/10\/azimut_cafe2-1.jpg?fit=650%2C433&ssl=1&resize=525%2C300 1.5x"},"classes":[]},{"id":340465,"url":"https:\/\/casadecampoliving.com\/es\/un-super-comienzo-del-ano-en-el-atardecer-con-sabor-a-musica-en-el-azimut-cafe\/","url_meta":{"origin":339375,"position":4},"title":"Un s\u00faper comienzo del a\u00f1o &#8211; en el Atardecer con Sabor a M\u00fasica en el Azimut Caf\u00e9!","author":"","date":"11 Ene, 2013","format":false,"excerpt":"El viernes 4 de enero de 2013, la comunidad de Casa de Campo celebr\u00f3 el atardecer del 2013 con unas cuantas copas de champ\u00e1n y Glenlivet a la roca en el primer Atardecer con Sabor a M\u00fasica de 2013 organizado por el Azimut Caf\u00e9 con el auspicio de Silgon Inc.,\u2026","rel":"","context":"En \u00abEvents and Activities\u00bb","block_context":{"text":"Events and Activities","link":"https:\/\/casadecampoliving.com\/category\/events-and-activities\/"},"img":{"alt_text":"marina casa de campo","src":"https:\/\/i0.wp.com\/casadecampoliving.com\/wp-content\/uploads\/2022\/10\/marina_casa_de_campo3-11.jpg?fit=650%2C437&ssl=1&resize=350%2C200","width":350,"height":200,"srcset":"https:\/\/i0.wp.com\/casadecampoliving.com\/wp-content\/uploads\/2022\/10\/marina_casa_de_campo3-11.jpg?fit=650%2C437&ssl=1&resize=350%2C200 1x, https:\/\/i0.wp.com\/casadecampoliving.com\/wp-content\/uploads\/2022\/10\/marina_casa_de_campo3-11.jpg?fit=650%2C437&ssl=1&resize=525%2C300 1.5x"},"classes":[]},{"id":349293,"url":"https:\/\/casadecampoliving.com\/es\/atardecer-con-sabor-a-musica-semana-santa-2016\/","url_meta":{"origin":339375,"position":5},"title":"*ACTUALIZADO* Se acerca el Atardecer con Sabor a M\u00fasica de Semana Santa","author":"Carla Campos","date":"26 Feb, 2016","format":false,"excerpt":"Cada cierto tiempo Azimut Caf\u00e9 organiza su fant\u00e1stico Atardecer con Sabor a M\u00fasica en la Marina Casa de Campo. Hab\u00edamos anunciado la pr\u00f3xima edici\u00f3n para el jueves, 24 de marzo, pero por la raz\u00f3n de que esa fecha ser\u00e1 el inicio de la ajetreada Semana Santa ha sido pospuesto para\u2026","rel":"","context":"En \u00abCasa de Campo Living @es\u00bb","block_context":{"text":"Casa de Campo Living @es","link":"https:\/\/casadecampoliving.com\/category\/casa-de-campo-living-es\/"},"img":{"alt_text":"SS Sunset Jazz Night 2016","src":"https:\/\/i0.wp.com\/casadecampoliving.com\/wp-content\/uploads\/2022\/10\/SS-Sunset-Jazz-Night-2016.jpg?fit=650%2C400&ssl=1&resize=350%2C200","width":350,"height":200,"srcset":"https:\/\/i0.wp.com\/casadecampoliving.com\/wp-content\/uploads\/2022\/10\/SS-Sunset-Jazz-Night-2016.jpg?fit=650%2C400&ssl=1&resize=350%2C200 1x, https:\/\/i0.wp.com\/casadecampoliving.com\/wp-content\/uploads\/2022\/10\/SS-Sunset-Jazz-Night-2016.jpg?fit=650%2C400&ssl=1&resize=525%2C300 1.5x"},"classes":[]}],"jetpack_sharing_enabled":true,"_links":{"self":[{"href":"https:\/\/casadecampoliving.com\/es\/wp-json\/wp\/v2\/posts\/339375","targetHints":{"allow":["GET"]}}],"collection":[{"href":"https:\/\/casadecampoliving.com\/es\/wp-json\/wp\/v2\/posts"}],"about":[{"href":"https:\/\/casadecampoliving.com\/es\/wp-json\/wp\/v2\/types\/post"}],"author":[{"embeddable":true,"href":"https:\/\/casadecampoliving.com\/es\/wp-json\/wp\/v2\/users\/21"}],"replies":[{"embeddable":true,"href":"https:\/\/casadecampoliving.com\/es\/wp-json\/wp\/v2\/comments?post=339375"}],"version-history":[{"count":1,"href":"https:\/\/casadecampoliving.com\/es\/wp-json\/wp\/v2\/posts\/339375\/revisions"}],"predecessor-version":[{"id":339376,"href":"https:\/\/casadecampoliving.com\/es\/wp-json\/wp\/v2\/posts\/339375\/revisions\/339376"}],"wp:featuredmedia":[{"embeddable":true,"href":"https:\/\/casadecampoliving.com\/es\/wp-json\/wp\/v2\/media\/252938"}],"wp:attachment":[{"href":"https:\/\/casadecampoliving.com\/es\/wp-json\/wp\/v2\/media?parent=339375"}],"wp:term":[{"taxonomy":"category","embeddable":true,"href":"https:\/\/casadecampoliving.com\/es\/wp-json\/wp\/v2\/categories?post=339375"},{"taxonomy":"post_tag","embeddable":true,"href":"https:\/\/casadecampoliving.com\/es\/wp-json\/wp\/v2\/tags?post=339375"},{"taxonomy":"newspack_spnsrs_tax","embeddable":true,"href":"https:\/\/casadecampoliving.com\/es\/wp-json\/wp\/v2\/newspack_spnsrs_tax?post=339375"}],"curies":[{"name":"wp","href":"https:\/\/api.w.org\/{rel}","templated":true}]}}