{"id":339357,"date":"2012-07-11T00:00:00","date_gmt":"2012-07-11T04:00:00","guid":{"rendered":"https:\/\/casadecampoliving.com\/un-fabuloso-cumpleanos-y-ronda-de-golf-el-i-torneo-de-la-asociacion-de-golf-de-la-romana-honra-a-micheli-velez-y-cruz\/"},"modified":"2022-11-10T10:38:25","modified_gmt":"2022-11-10T14:38:25","slug":"un-fabuloso-cumpleanos-y-ronda-de-golf-el-i-torneo-de-la-asociacion-de-golf-de-la-romana-honra-a-micheli-velez-y-cruz","status":"publish","type":"post","link":"https:\/\/casadecampoliving.com\/es\/un-fabuloso-cumpleanos-y-ronda-de-golf-el-i-torneo-de-la-asociacion-de-golf-de-la-romana-honra-a-micheli-velez-y-cruz\/","title":{"rendered":"Un fabuloso cumplea\u00f1os y ronda de golf! El I Torneo de la Asociaci\u00f3n de Golf de La Romana honra a Micheli, V\u00e9lez y Cruz!"},"content":{"rendered":"<img data-recalc-dims=\"1\" loading=\"lazy\" decoding=\"async\" class=\"aligncenter size-full wp-image-53943\" title=\"golf_tournament_lra\" src=\"https:\/\/i0.wp.com\/casadecampoliving.com\/wp-content\/uploads\/2022\/10\/golf_tournament_lra.jpg?resize=650%2C441&#038;ssl=1\" alt=\"Torneo Asociacion de Golf La Romana\" width=\"650\" height=\"441\" \/>El pasado s\u00e1bado 7 de junio de 2012, el I Torneo de la Asociaci\u00f3n de Golf de La Romana, fue celebrado en uno de los reconocidos campos de golf de Casa de Campo; el Links, contando con la participaci\u00f3n de cantidades de compa\u00f1eros y amigos de Frank Micheli, Ram\u00f3n Cruz y Andr\u00e9s V\u00e9lez, quienes, que, en esta primera ocasi\u00f3n, fueron honrados y festejados con motivo de sus respectivos cumplea\u00f1os durante este mes de julio\u00a0&#8211; y qu\u00e9 mejor manera que hacerlo que con una divertida ronda de golf en Casa de Campo!<!--more-->\n<blockquote>\u00a0<em><strong>\u201cE<\/strong><strong>s una gran distinci\u00f3n que aprecio y valoro en mi nombre y en el de toda mi familia\u201d.<\/strong><\/em>\n<p style=\"padding-left: 30px;\">&#8212;\u00a0Francisco Micheli, presidente del equipo de b\u00e9isbol, Los Toros del Este<\/p>\n<\/blockquote>\nEl amistoso torneo que por primera vez se celebra en La Romana, tuvo inicio a la 1:00pm, momento a partir del cual los m\u00e1s de 40 jugadores recorrieron los 18 hoyos del renovado campo de golf Links en sus respectivos carritos de golf para el disfrute de una soleada tarde de golf en formato \u00abBest ball in pairs\u00bb.\n\n<strong><img data-recalc-dims=\"1\" loading=\"lazy\" decoding=\"async\" class=\"aligncenter size-full wp-image-53870\" title=\"la_romana_golf_association\" src=\"https:\/\/i0.wp.com\/casadecampoliving.com\/wp-content\/uploads\/2022\/10\/la_romana_golf_association.jpg?resize=650%2C488&#038;ssl=1\" alt=\"La Romana Golf Association Tournament\" width=\"650\" height=\"488\" \/><\/strong>\n\nEntre los participantes se encontraban personas allegadas a Cruz, V\u00e9lez y Micheli, que siendo miembros de La Romana, amigos entra\u00f1ables y compa\u00f1eros de trabajo, tanto en la Tabacalera de Garc\u00eda como en el Central Romana Corporation, no quisieron perder la oportunidad de celebrar junto a ellos, otro a\u00f1o m\u00e1s de sus vidas.\n<p style=\"text-align: center;\"><strong>Sol, bromas, risas y golf en Casa de Campo<\/strong>\n<img data-recalc-dims=\"1\" loading=\"lazy\" decoding=\"async\" class=\"aligncenter size-full wp-image-53944\" title=\"golf_tournament_lra\" src=\"https:\/\/i0.wp.com\/casadecampoliving.com\/wp-content\/uploads\/2022\/10\/golf_tournament_lra1.jpg?resize=650%2C312&#038;ssl=1\" alt=\"La Romana Golf Association Tournament\" width=\"650\" height=\"312\" \/><\/p>\n<p style=\"text-align: left;\">Entre los participantes se encontraban, el popular Marcial \u00abCallito\u00bb Morla, Homero Savi\u00f1on, Kalil Hach\u00e9, el doctor Mariano Carbucia, entre otros tantos que con esa chispa que nos caracteriza a los dominicanos, definitivamente pusieron cierta dosis de jocosidad en el desarrollo del juego! Sin duda debe ser incre\u00edble contar con la presencia de tantos seres queridos en tan inusual y fabuloso festejo!<\/p>\n\n<blockquote><em><img data-recalc-dims=\"1\" loading=\"lazy\" decoding=\"async\" class=\"alignright size-full wp-image-53942\" title=\"andres_velez\" src=\"https:\/\/i0.wp.com\/casadecampoliving.com\/wp-content\/uploads\/2022\/10\/andres_velez2.jpg?resize=220%2C239&#038;ssl=1\" alt=\"Andres Velez\" width=\"220\" height=\"239\" \/><strong>\u00abQue c\u00f3mo se siente? Se siente muy bien!! Una vez al a\u00f1o no hace da\u00f1o (risas).\u00a0<\/strong><\/em><strong><em>Se siente bien jugar al golf en Casa de Campo\u00bb.<\/em><\/strong>\n\n&#8211; Andr\u00e9s V\u00e9lez, Vicepresidente de Finanzas del Central Romana Corporation y\u00a0uno de los festejados<\/blockquote>\nEl evento que\u00a0fuera dirigido por el empresario romanense Fed\u00e9rico F\u00e9lix con el auspicio del Central Romana Corporation, Casa de Campo y Costasur, culmin\u00f3 cerca de las 6 de la tarde, en donde los m\u00e1s de 40 jugadores fueron invitados a continuar con el festejo en el Club Caza y Pesca en donde, entre risas, comida, bebidas, m\u00fasica y baile, fueron premiadas las tres parejas con mejor score neto y entregadas las placas de reconocimiento a Frank Micheli, Andr\u00e9s V\u00e9lez y Ram\u00f3n Cruz.\n\nNuestras felicitaciones para los festejados y ganadores del I Torneo de la Asociaci\u00f3n de Golf de La Romana!\n<blockquote><span style=\"text-decoration: underline;\"><strong>I Torneo de la Asociaci\u00f3n de Golf de La Romana &#8211; Los ganadores!!<\/strong><\/span>\n\n<strong>1er lugar:<\/strong> \u00a0Hugo Molina and Francis Redman\n<strong>2do lugar:<\/strong> Jose Seijas and Ricardo Seijas\n<strong>3er lugar:<\/strong> \u00a0Marcial Najri and Juan Yanes<\/blockquote>\nA continuaci\u00f3n las fotograf\u00edas tomadas durante el I Torneo de la Asociaci\u00f3n de Golf de La Romana el pasado s\u00e1bado 7 de julio de 2012 en el campo de golf Links de Casa de Campo:\u00a0\n<figure class=\"wp-block-gallery has-nested-images columns-default is-cropped wp-block-gallery-1 is-layout-flex wp-block-gallery-is-layout-flex\">\n<figure class=\"wp-block-image size-large\"><img data-recalc-dims=\"1\" loading=\"lazy\" decoding=\"async\" width=\"800\" height=\"600\" data-id=\"452074\" src=\"https:\/\/i0.wp.com\/casadecampoliving.com\/wp-content\/uploads\/2022\/10\/img_5699-2.jpg?resize=800%2C600&#038;ssl=1\" alt=\"\" class=\"wp-image-452074\" srcset=\"https:\/\/i0.wp.com\/casadecampoliving.com\/wp-content\/uploads\/2022\/10\/img_5699-2.jpg?w=800&amp;ssl=1 800w, https:\/\/i0.wp.com\/casadecampoliving.com\/wp-content\/uploads\/2022\/10\/img_5699-2.jpg?resize=300%2C225&amp;ssl=1 300w, https:\/\/i0.wp.com\/casadecampoliving.com\/wp-content\/uploads\/2022\/10\/img_5699-2.jpg?resize=768%2C576&amp;ssl=1 768w, https:\/\/i0.wp.com\/casadecampoliving.com\/wp-content\/uploads\/2022\/10\/img_5699-2.jpg?resize=400%2C300&amp;ssl=1 400w, https:\/\/i0.wp.com\/casadecampoliving.com\/wp-content\/uploads\/2022\/10\/img_5699-2.jpg?resize=200%2C150&amp;ssl=1 200w, https:\/\/i0.wp.com\/casadecampoliving.com\/wp-content\/uploads\/2022\/10\/img_5699-2.jpg?resize=706%2C530&amp;ssl=1 706w, https:\/\/i0.wp.com\/casadecampoliving.com\/wp-content\/uploads\/2022\/10\/img_5699-2.jpg?resize=150%2C113&amp;ssl=1 150w, https:\/\/i0.wp.com\/casadecampoliving.com\/wp-content\/uploads\/2022\/10\/img_5699-2.jpg?w=370&amp;ssl=1 370w\" sizes=\"auto, (max-width: 800px) 100vw, 800px\" \/><\/figure>\n\n\n\n<figure class=\"wp-block-image size-large\"><img data-recalc-dims=\"1\" loading=\"lazy\" decoding=\"async\" width=\"498\" height=\"800\" data-id=\"452099\" src=\"https:\/\/i0.wp.com\/casadecampoliving.com\/wp-content\/uploads\/2022\/10\/img_5700-2.jpg?resize=498%2C800&#038;ssl=1\" alt=\"\" class=\"wp-image-452099\" srcset=\"https:\/\/i0.wp.com\/casadecampoliving.com\/wp-content\/uploads\/2022\/10\/img_5700-2.jpg?w=498&amp;ssl=1 498w, https:\/\/i0.wp.com\/casadecampoliving.com\/wp-content\/uploads\/2022\/10\/img_5700-2.jpg?resize=187%2C300&amp;ssl=1 187w, https:\/\/i0.wp.com\/casadecampoliving.com\/wp-content\/uploads\/2022\/10\/img_5700-2.jpg?resize=400%2C643&amp;ssl=1 400w, https:\/\/i0.wp.com\/casadecampoliving.com\/wp-content\/uploads\/2022\/10\/img_5700-2.jpg?resize=150%2C241&amp;ssl=1 150w, https:\/\/i0.wp.com\/casadecampoliving.com\/wp-content\/uploads\/2022\/10\/img_5700-2.jpg?w=370&amp;ssl=1 370w\" sizes=\"auto, (max-width: 498px) 100vw, 498px\" \/><\/figure>\n\n\n\n<figure class=\"wp-block-image size-large\"><img data-recalc-dims=\"1\" loading=\"lazy\" decoding=\"async\" width=\"550\" height=\"800\" data-id=\"452131\" src=\"https:\/\/i0.wp.com\/casadecampoliving.com\/wp-content\/uploads\/2022\/10\/img_5702-1.jpg?resize=550%2C800&#038;ssl=1\" alt=\"\" class=\"wp-image-452131\" srcset=\"https:\/\/i0.wp.com\/casadecampoliving.com\/wp-content\/uploads\/2022\/10\/img_5702-1.jpg?w=550&amp;ssl=1 550w, https:\/\/i0.wp.com\/casadecampoliving.com\/wp-content\/uploads\/2022\/10\/img_5702-1.jpg?resize=206%2C300&amp;ssl=1 206w, https:\/\/i0.wp.com\/casadecampoliving.com\/wp-content\/uploads\/2022\/10\/img_5702-1.jpg?resize=400%2C582&amp;ssl=1 400w, https:\/\/i0.wp.com\/casadecampoliving.com\/wp-content\/uploads\/2022\/10\/img_5702-1.jpg?resize=150%2C218&amp;ssl=1 150w, https:\/\/i0.wp.com\/casadecampoliving.com\/wp-content\/uploads\/2022\/10\/img_5702-1.jpg?w=370&amp;ssl=1 370w\" sizes=\"auto, (max-width: 550px) 100vw, 550px\" \/><\/figure>\n\n\n\n<figure class=\"wp-block-image size-large\"><img data-recalc-dims=\"1\" loading=\"lazy\" decoding=\"async\" width=\"800\" height=\"600\" data-id=\"452161\" src=\"https:\/\/i0.wp.com\/casadecampoliving.com\/wp-content\/uploads\/2022\/10\/img_5707-1.jpg?resize=800%2C600&#038;ssl=1\" alt=\"\" class=\"wp-image-452161\" srcset=\"https:\/\/i0.wp.com\/casadecampoliving.com\/wp-content\/uploads\/2022\/10\/img_5707-1.jpg?w=800&amp;ssl=1 800w, https:\/\/i0.wp.com\/casadecampoliving.com\/wp-content\/uploads\/2022\/10\/img_5707-1.jpg?resize=300%2C225&amp;ssl=1 300w, https:\/\/i0.wp.com\/casadecampoliving.com\/wp-content\/uploads\/2022\/10\/img_5707-1.jpg?resize=768%2C576&amp;ssl=1 768w, https:\/\/i0.wp.com\/casadecampoliving.com\/wp-content\/uploads\/2022\/10\/img_5707-1.jpg?resize=400%2C300&amp;ssl=1 400w, https:\/\/i0.wp.com\/casadecampoliving.com\/wp-content\/uploads\/2022\/10\/img_5707-1.jpg?resize=200%2C150&amp;ssl=1 200w, https:\/\/i0.wp.com\/casadecampoliving.com\/wp-content\/uploads\/2022\/10\/img_5707-1.jpg?resize=706%2C530&amp;ssl=1 706w, https:\/\/i0.wp.com\/casadecampoliving.com\/wp-content\/uploads\/2022\/10\/img_5707-1.jpg?resize=150%2C113&amp;ssl=1 150w, https:\/\/i0.wp.com\/casadecampoliving.com\/wp-content\/uploads\/2022\/10\/img_5707-1.jpg?w=370&amp;ssl=1 370w\" sizes=\"auto, (max-width: 800px) 100vw, 800px\" \/><\/figure>\n\n\n\n<figure class=\"wp-block-image size-large\"><img data-recalc-dims=\"1\" loading=\"lazy\" decoding=\"async\" width=\"532\" height=\"800\" data-id=\"452192\" src=\"https:\/\/i0.wp.com\/casadecampoliving.com\/wp-content\/uploads\/2022\/10\/img_5709-2.jpg?resize=532%2C800&#038;ssl=1\" alt=\"\" class=\"wp-image-452192\" srcset=\"https:\/\/i0.wp.com\/casadecampoliving.com\/wp-content\/uploads\/2022\/10\/img_5709-2.jpg?w=532&amp;ssl=1 532w, https:\/\/i0.wp.com\/casadecampoliving.com\/wp-content\/uploads\/2022\/10\/img_5709-2.jpg?resize=200%2C300&amp;ssl=1 200w, https:\/\/i0.wp.com\/casadecampoliving.com\/wp-content\/uploads\/2022\/10\/img_5709-2.jpg?resize=400%2C602&amp;ssl=1 400w, https:\/\/i0.wp.com\/casadecampoliving.com\/wp-content\/uploads\/2022\/10\/img_5709-2.jpg?resize=150%2C226&amp;ssl=1 150w, https:\/\/i0.wp.com\/casadecampoliving.com\/wp-content\/uploads\/2022\/10\/img_5709-2.jpg?w=370&amp;ssl=1 370w\" sizes=\"auto, (max-width: 532px) 100vw, 532px\" \/><\/figure>\n\n\n\n<figure class=\"wp-block-image size-large\"><img data-recalc-dims=\"1\" loading=\"lazy\" decoding=\"async\" width=\"800\" height=\"578\" data-id=\"452220\" src=\"https:\/\/i0.wp.com\/casadecampoliving.com\/wp-content\/uploads\/2022\/10\/img_5710-1.jpg?resize=800%2C578&#038;ssl=1\" alt=\"\" class=\"wp-image-452220\" srcset=\"https:\/\/i0.wp.com\/casadecampoliving.com\/wp-content\/uploads\/2022\/10\/img_5710-1.jpg?w=800&amp;ssl=1 800w, https:\/\/i0.wp.com\/casadecampoliving.com\/wp-content\/uploads\/2022\/10\/img_5710-1.jpg?resize=300%2C217&amp;ssl=1 300w, https:\/\/i0.wp.com\/casadecampoliving.com\/wp-content\/uploads\/2022\/10\/img_5710-1.jpg?resize=768%2C555&amp;ssl=1 768w, https:\/\/i0.wp.com\/casadecampoliving.com\/wp-content\/uploads\/2022\/10\/img_5710-1.jpg?resize=400%2C289&amp;ssl=1 400w, https:\/\/i0.wp.com\/casadecampoliving.com\/wp-content\/uploads\/2022\/10\/img_5710-1.jpg?resize=706%2C510&amp;ssl=1 706w, https:\/\/i0.wp.com\/casadecampoliving.com\/wp-content\/uploads\/2022\/10\/img_5710-1.jpg?resize=150%2C108&amp;ssl=1 150w, https:\/\/i0.wp.com\/casadecampoliving.com\/wp-content\/uploads\/2022\/10\/img_5710-1.jpg?w=370&amp;ssl=1 370w\" sizes=\"auto, (max-width: 800px) 100vw, 800px\" \/><\/figure>\n\n\n\n<figure class=\"wp-block-image size-large\"><img data-recalc-dims=\"1\" loading=\"lazy\" decoding=\"async\" width=\"800\" height=\"600\" data-id=\"452247\" src=\"https:\/\/i0.wp.com\/casadecampoliving.com\/wp-content\/uploads\/2022\/10\/img_5713-1.jpg?resize=800%2C600&#038;ssl=1\" alt=\"\" class=\"wp-image-452247\" srcset=\"https:\/\/i0.wp.com\/casadecampoliving.com\/wp-content\/uploads\/2022\/10\/img_5713-1.jpg?w=800&amp;ssl=1 800w, https:\/\/i0.wp.com\/casadecampoliving.com\/wp-content\/uploads\/2022\/10\/img_5713-1.jpg?resize=300%2C225&amp;ssl=1 300w, https:\/\/i0.wp.com\/casadecampoliving.com\/wp-content\/uploads\/2022\/10\/img_5713-1.jpg?resize=768%2C576&amp;ssl=1 768w, https:\/\/i0.wp.com\/casadecampoliving.com\/wp-content\/uploads\/2022\/10\/img_5713-1.jpg?resize=400%2C300&amp;ssl=1 400w, https:\/\/i0.wp.com\/casadecampoliving.com\/wp-content\/uploads\/2022\/10\/img_5713-1.jpg?resize=200%2C150&amp;ssl=1 200w, https:\/\/i0.wp.com\/casadecampoliving.com\/wp-content\/uploads\/2022\/10\/img_5713-1.jpg?resize=706%2C530&amp;ssl=1 706w, https:\/\/i0.wp.com\/casadecampoliving.com\/wp-content\/uploads\/2022\/10\/img_5713-1.jpg?resize=150%2C113&amp;ssl=1 150w, https:\/\/i0.wp.com\/casadecampoliving.com\/wp-content\/uploads\/2022\/10\/img_5713-1.jpg?w=370&amp;ssl=1 370w\" sizes=\"auto, (max-width: 800px) 100vw, 800px\" \/><\/figure>\n\n\n\n<figure class=\"wp-block-image size-large\"><img data-recalc-dims=\"1\" loading=\"lazy\" decoding=\"async\" width=\"800\" height=\"600\" data-id=\"452281\" src=\"https:\/\/i0.wp.com\/casadecampoliving.com\/wp-content\/uploads\/2022\/10\/img_5714.jpg?resize=800%2C600&#038;ssl=1\" alt=\"\" class=\"wp-image-452281\" srcset=\"https:\/\/i0.wp.com\/casadecampoliving.com\/wp-content\/uploads\/2022\/10\/img_5714.jpg?w=800&amp;ssl=1 800w, https:\/\/i0.wp.com\/casadecampoliving.com\/wp-content\/uploads\/2022\/10\/img_5714.jpg?resize=300%2C225&amp;ssl=1 300w, https:\/\/i0.wp.com\/casadecampoliving.com\/wp-content\/uploads\/2022\/10\/img_5714.jpg?resize=768%2C576&amp;ssl=1 768w, https:\/\/i0.wp.com\/casadecampoliving.com\/wp-content\/uploads\/2022\/10\/img_5714.jpg?resize=400%2C300&amp;ssl=1 400w, https:\/\/i0.wp.com\/casadecampoliving.com\/wp-content\/uploads\/2022\/10\/img_5714.jpg?resize=200%2C150&amp;ssl=1 200w, https:\/\/i0.wp.com\/casadecampoliving.com\/wp-content\/uploads\/2022\/10\/img_5714.jpg?resize=706%2C530&amp;ssl=1 706w, https:\/\/i0.wp.com\/casadecampoliving.com\/wp-content\/uploads\/2022\/10\/img_5714.jpg?resize=150%2C113&amp;ssl=1 150w, https:\/\/i0.wp.com\/casadecampoliving.com\/wp-content\/uploads\/2022\/10\/img_5714.jpg?w=370&amp;ssl=1 370w\" sizes=\"auto, (max-width: 800px) 100vw, 800px\" \/><\/figure>\n\n\n\n<figure class=\"wp-block-image size-large\"><img data-recalc-dims=\"1\" loading=\"lazy\" decoding=\"async\" width=\"800\" height=\"600\" data-id=\"452308\" src=\"https:\/\/i0.wp.com\/casadecampoliving.com\/wp-content\/uploads\/2022\/10\/img_5716.jpg?resize=800%2C600&#038;ssl=1\" alt=\"\" class=\"wp-image-452308\" srcset=\"https:\/\/i0.wp.com\/casadecampoliving.com\/wp-content\/uploads\/2022\/10\/img_5716.jpg?w=800&amp;ssl=1 800w, https:\/\/i0.wp.com\/casadecampoliving.com\/wp-content\/uploads\/2022\/10\/img_5716.jpg?resize=300%2C225&amp;ssl=1 300w, https:\/\/i0.wp.com\/casadecampoliving.com\/wp-content\/uploads\/2022\/10\/img_5716.jpg?resize=768%2C576&amp;ssl=1 768w, https:\/\/i0.wp.com\/casadecampoliving.com\/wp-content\/uploads\/2022\/10\/img_5716.jpg?resize=400%2C300&amp;ssl=1 400w, https:\/\/i0.wp.com\/casadecampoliving.com\/wp-content\/uploads\/2022\/10\/img_5716.jpg?resize=200%2C150&amp;ssl=1 200w, https:\/\/i0.wp.com\/casadecampoliving.com\/wp-content\/uploads\/2022\/10\/img_5716.jpg?resize=706%2C530&amp;ssl=1 706w, https:\/\/i0.wp.com\/casadecampoliving.com\/wp-content\/uploads\/2022\/10\/img_5716.jpg?resize=150%2C113&amp;ssl=1 150w, https:\/\/i0.wp.com\/casadecampoliving.com\/wp-content\/uploads\/2022\/10\/img_5716.jpg?w=370&amp;ssl=1 370w\" sizes=\"auto, (max-width: 800px) 100vw, 800px\" \/><\/figure>\n\n\n\n<figure class=\"wp-block-image size-large\"><img data-recalc-dims=\"1\" loading=\"lazy\" decoding=\"async\" width=\"800\" height=\"600\" data-id=\"452338\" src=\"https:\/\/i0.wp.com\/casadecampoliving.com\/wp-content\/uploads\/2022\/10\/img_5717.jpg?resize=800%2C600&#038;ssl=1\" alt=\"\" class=\"wp-image-452338\" srcset=\"https:\/\/i0.wp.com\/casadecampoliving.com\/wp-content\/uploads\/2022\/10\/img_5717.jpg?w=800&amp;ssl=1 800w, https:\/\/i0.wp.com\/casadecampoliving.com\/wp-content\/uploads\/2022\/10\/img_5717.jpg?resize=300%2C225&amp;ssl=1 300w, https:\/\/i0.wp.com\/casadecampoliving.com\/wp-content\/uploads\/2022\/10\/img_5717.jpg?resize=768%2C576&amp;ssl=1 768w, https:\/\/i0.wp.com\/casadecampoliving.com\/wp-content\/uploads\/2022\/10\/img_5717.jpg?resize=400%2C300&amp;ssl=1 400w, https:\/\/i0.wp.com\/casadecampoliving.com\/wp-content\/uploads\/2022\/10\/img_5717.jpg?resize=200%2C150&amp;ssl=1 200w, https:\/\/i0.wp.com\/casadecampoliving.com\/wp-content\/uploads\/2022\/10\/img_5717.jpg?resize=706%2C530&amp;ssl=1 706w, https:\/\/i0.wp.com\/casadecampoliving.com\/wp-content\/uploads\/2022\/10\/img_5717.jpg?resize=150%2C113&amp;ssl=1 150w, https:\/\/i0.wp.com\/casadecampoliving.com\/wp-content\/uploads\/2022\/10\/img_5717.jpg?w=370&amp;ssl=1 370w\" sizes=\"auto, (max-width: 800px) 100vw, 800px\" \/><\/figure>\n\n\n\n<figure class=\"wp-block-image size-large\"><img data-recalc-dims=\"1\" loading=\"lazy\" decoding=\"async\" width=\"800\" height=\"600\" data-id=\"452366\" src=\"https:\/\/i0.wp.com\/casadecampoliving.com\/wp-content\/uploads\/2022\/10\/img_5718.jpg?resize=800%2C600&#038;ssl=1\" alt=\"\" class=\"wp-image-452366\" srcset=\"https:\/\/i0.wp.com\/casadecampoliving.com\/wp-content\/uploads\/2022\/10\/img_5718.jpg?w=800&amp;ssl=1 800w, https:\/\/i0.wp.com\/casadecampoliving.com\/wp-content\/uploads\/2022\/10\/img_5718.jpg?resize=300%2C225&amp;ssl=1 300w, https:\/\/i0.wp.com\/casadecampoliving.com\/wp-content\/uploads\/2022\/10\/img_5718.jpg?resize=768%2C576&amp;ssl=1 768w, https:\/\/i0.wp.com\/casadecampoliving.com\/wp-content\/uploads\/2022\/10\/img_5718.jpg?resize=400%2C300&amp;ssl=1 400w, https:\/\/i0.wp.com\/casadecampoliving.com\/wp-content\/uploads\/2022\/10\/img_5718.jpg?resize=200%2C150&amp;ssl=1 200w, https:\/\/i0.wp.com\/casadecampoliving.com\/wp-content\/uploads\/2022\/10\/img_5718.jpg?resize=706%2C530&amp;ssl=1 706w, https:\/\/i0.wp.com\/casadecampoliving.com\/wp-content\/uploads\/2022\/10\/img_5718.jpg?resize=150%2C113&amp;ssl=1 150w, https:\/\/i0.wp.com\/casadecampoliving.com\/wp-content\/uploads\/2022\/10\/img_5718.jpg?w=370&amp;ssl=1 370w\" sizes=\"auto, (max-width: 800px) 100vw, 800px\" \/><\/figure>\n\n\n\n<figure class=\"wp-block-image size-large\"><img data-recalc-dims=\"1\" loading=\"lazy\" decoding=\"async\" width=\"447\" height=\"800\" data-id=\"452389\" src=\"https:\/\/i0.wp.com\/casadecampoliving.com\/wp-content\/uploads\/2022\/10\/img_5720-1.jpg?resize=447%2C800&#038;ssl=1\" alt=\"\" class=\"wp-image-452389\" srcset=\"https:\/\/i0.wp.com\/casadecampoliving.com\/wp-content\/uploads\/2022\/10\/img_5720-1.jpg?w=447&amp;ssl=1 447w, https:\/\/i0.wp.com\/casadecampoliving.com\/wp-content\/uploads\/2022\/10\/img_5720-1.jpg?resize=168%2C300&amp;ssl=1 168w, https:\/\/i0.wp.com\/casadecampoliving.com\/wp-content\/uploads\/2022\/10\/img_5720-1.jpg?resize=400%2C716&amp;ssl=1 400w, https:\/\/i0.wp.com\/casadecampoliving.com\/wp-content\/uploads\/2022\/10\/img_5720-1.jpg?resize=150%2C268&amp;ssl=1 150w, https:\/\/i0.wp.com\/casadecampoliving.com\/wp-content\/uploads\/2022\/10\/img_5720-1.jpg?w=370&amp;ssl=1 370w\" sizes=\"auto, (max-width: 447px) 100vw, 447px\" \/><\/figure>\n\n\n\n<figure class=\"wp-block-image size-large\"><img data-recalc-dims=\"1\" loading=\"lazy\" decoding=\"async\" width=\"800\" height=\"600\" data-id=\"452419\" src=\"https:\/\/i0.wp.com\/casadecampoliving.com\/wp-content\/uploads\/2022\/10\/img_5721.jpg?resize=800%2C600&#038;ssl=1\" alt=\"\" class=\"wp-image-452419\" srcset=\"https:\/\/i0.wp.com\/casadecampoliving.com\/wp-content\/uploads\/2022\/10\/img_5721.jpg?w=800&amp;ssl=1 800w, https:\/\/i0.wp.com\/casadecampoliving.com\/wp-content\/uploads\/2022\/10\/img_5721.jpg?resize=300%2C225&amp;ssl=1 300w, https:\/\/i0.wp.com\/casadecampoliving.com\/wp-content\/uploads\/2022\/10\/img_5721.jpg?resize=768%2C576&amp;ssl=1 768w, https:\/\/i0.wp.com\/casadecampoliving.com\/wp-content\/uploads\/2022\/10\/img_5721.jpg?resize=400%2C300&amp;ssl=1 400w, https:\/\/i0.wp.com\/casadecampoliving.com\/wp-content\/uploads\/2022\/10\/img_5721.jpg?resize=200%2C150&amp;ssl=1 200w, https:\/\/i0.wp.com\/casadecampoliving.com\/wp-content\/uploads\/2022\/10\/img_5721.jpg?resize=706%2C530&amp;ssl=1 706w, https:\/\/i0.wp.com\/casadecampoliving.com\/wp-content\/uploads\/2022\/10\/img_5721.jpg?resize=150%2C113&amp;ssl=1 150w, https:\/\/i0.wp.com\/casadecampoliving.com\/wp-content\/uploads\/2022\/10\/img_5721.jpg?w=370&amp;ssl=1 370w\" sizes=\"auto, (max-width: 800px) 100vw, 800px\" \/><\/figure>\n\n\n\n<figure class=\"wp-block-image size-large\"><img data-recalc-dims=\"1\" loading=\"lazy\" decoding=\"async\" width=\"800\" height=\"600\" data-id=\"452445\" src=\"https:\/\/i0.wp.com\/casadecampoliving.com\/wp-content\/uploads\/2022\/10\/img_5722.jpg?resize=800%2C600&#038;ssl=1\" alt=\"\" class=\"wp-image-452445\" srcset=\"https:\/\/i0.wp.com\/casadecampoliving.com\/wp-content\/uploads\/2022\/10\/img_5722.jpg?w=800&amp;ssl=1 800w, https:\/\/i0.wp.com\/casadecampoliving.com\/wp-content\/uploads\/2022\/10\/img_5722.jpg?resize=300%2C225&amp;ssl=1 300w, https:\/\/i0.wp.com\/casadecampoliving.com\/wp-content\/uploads\/2022\/10\/img_5722.jpg?resize=768%2C576&amp;ssl=1 768w, https:\/\/i0.wp.com\/casadecampoliving.com\/wp-content\/uploads\/2022\/10\/img_5722.jpg?resize=400%2C300&amp;ssl=1 400w, https:\/\/i0.wp.com\/casadecampoliving.com\/wp-content\/uploads\/2022\/10\/img_5722.jpg?resize=200%2C150&amp;ssl=1 200w, https:\/\/i0.wp.com\/casadecampoliving.com\/wp-content\/uploads\/2022\/10\/img_5722.jpg?resize=706%2C530&amp;ssl=1 706w, https:\/\/i0.wp.com\/casadecampoliving.com\/wp-content\/uploads\/2022\/10\/img_5722.jpg?resize=150%2C113&amp;ssl=1 150w, https:\/\/i0.wp.com\/casadecampoliving.com\/wp-content\/uploads\/2022\/10\/img_5722.jpg?w=370&amp;ssl=1 370w\" sizes=\"auto, (max-width: 800px) 100vw, 800px\" \/><\/figure>\n\n\n\n<figure class=\"wp-block-image size-large\"><img data-recalc-dims=\"1\" loading=\"lazy\" decoding=\"async\" width=\"538\" height=\"800\" data-id=\"452474\" src=\"https:\/\/i0.wp.com\/casadecampoliving.com\/wp-content\/uploads\/2022\/10\/img_5724.jpg?resize=538%2C800&#038;ssl=1\" alt=\"\" class=\"wp-image-452474\" srcset=\"https:\/\/i0.wp.com\/casadecampoliving.com\/wp-content\/uploads\/2022\/10\/img_5724.jpg?w=538&amp;ssl=1 538w, https:\/\/i0.wp.com\/casadecampoliving.com\/wp-content\/uploads\/2022\/10\/img_5724.jpg?resize=202%2C300&amp;ssl=1 202w, https:\/\/i0.wp.com\/casadecampoliving.com\/wp-content\/uploads\/2022\/10\/img_5724.jpg?resize=400%2C595&amp;ssl=1 400w, https:\/\/i0.wp.com\/casadecampoliving.com\/wp-content\/uploads\/2022\/10\/img_5724.jpg?resize=150%2C223&amp;ssl=1 150w, https:\/\/i0.wp.com\/casadecampoliving.com\/wp-content\/uploads\/2022\/10\/img_5724.jpg?w=370&amp;ssl=1 370w\" sizes=\"auto, (max-width: 538px) 100vw, 538px\" \/><\/figure>\n\n\n\n<figure class=\"wp-block-image size-large\"><img data-recalc-dims=\"1\" loading=\"lazy\" decoding=\"async\" width=\"562\" height=\"800\" data-id=\"452498\" src=\"https:\/\/i0.wp.com\/casadecampoliving.com\/wp-content\/uploads\/2022\/10\/img_5726-1.jpg?resize=562%2C800&#038;ssl=1\" alt=\"\" class=\"wp-image-452498\" srcset=\"https:\/\/i0.wp.com\/casadecampoliving.com\/wp-content\/uploads\/2022\/10\/img_5726-1.jpg?w=562&amp;ssl=1 562w, https:\/\/i0.wp.com\/casadecampoliving.com\/wp-content\/uploads\/2022\/10\/img_5726-1.jpg?resize=211%2C300&amp;ssl=1 211w, https:\/\/i0.wp.com\/casadecampoliving.com\/wp-content\/uploads\/2022\/10\/img_5726-1.jpg?resize=400%2C569&amp;ssl=1 400w, https:\/\/i0.wp.com\/casadecampoliving.com\/wp-content\/uploads\/2022\/10\/img_5726-1.jpg?resize=150%2C214&amp;ssl=1 150w, https:\/\/i0.wp.com\/casadecampoliving.com\/wp-content\/uploads\/2022\/10\/img_5726-1.jpg?w=370&amp;ssl=1 370w\" sizes=\"auto, (max-width: 562px) 100vw, 562px\" \/><\/figure>\n\n\n\n<figure class=\"wp-block-image size-large\"><img data-recalc-dims=\"1\" loading=\"lazy\" decoding=\"async\" width=\"800\" height=\"600\" data-id=\"452525\" src=\"https:\/\/i0.wp.com\/casadecampoliving.com\/wp-content\/uploads\/2022\/10\/img_5730-1.jpg?resize=800%2C600&#038;ssl=1\" alt=\"\" class=\"wp-image-452525\" srcset=\"https:\/\/i0.wp.com\/casadecampoliving.com\/wp-content\/uploads\/2022\/10\/img_5730-1.jpg?w=800&amp;ssl=1 800w, https:\/\/i0.wp.com\/casadecampoliving.com\/wp-content\/uploads\/2022\/10\/img_5730-1.jpg?resize=300%2C225&amp;ssl=1 300w, https:\/\/i0.wp.com\/casadecampoliving.com\/wp-content\/uploads\/2022\/10\/img_5730-1.jpg?resize=768%2C576&amp;ssl=1 768w, https:\/\/i0.wp.com\/casadecampoliving.com\/wp-content\/uploads\/2022\/10\/img_5730-1.jpg?resize=400%2C300&amp;ssl=1 400w, https:\/\/i0.wp.com\/casadecampoliving.com\/wp-content\/uploads\/2022\/10\/img_5730-1.jpg?resize=200%2C150&amp;ssl=1 200w, https:\/\/i0.wp.com\/casadecampoliving.com\/wp-content\/uploads\/2022\/10\/img_5730-1.jpg?resize=706%2C530&amp;ssl=1 706w, https:\/\/i0.wp.com\/casadecampoliving.com\/wp-content\/uploads\/2022\/10\/img_5730-1.jpg?resize=150%2C113&amp;ssl=1 150w, https:\/\/i0.wp.com\/casadecampoliving.com\/wp-content\/uploads\/2022\/10\/img_5730-1.jpg?w=370&amp;ssl=1 370w\" sizes=\"auto, (max-width: 800px) 100vw, 800px\" \/><\/figure>\n\n\n\n<figure class=\"wp-block-image size-large\"><img data-recalc-dims=\"1\" loading=\"lazy\" decoding=\"async\" width=\"800\" height=\"656\" data-id=\"452562\" src=\"https:\/\/i0.wp.com\/casadecampoliving.com\/wp-content\/uploads\/2022\/10\/img_5731-1.jpg?resize=800%2C656&#038;ssl=1\" alt=\"\" class=\"wp-image-452562\" srcset=\"https:\/\/i0.wp.com\/casadecampoliving.com\/wp-content\/uploads\/2022\/10\/img_5731-1.jpg?w=800&amp;ssl=1 800w, https:\/\/i0.wp.com\/casadecampoliving.com\/wp-content\/uploads\/2022\/10\/img_5731-1.jpg?resize=300%2C246&amp;ssl=1 300w, https:\/\/i0.wp.com\/casadecampoliving.com\/wp-content\/uploads\/2022\/10\/img_5731-1.jpg?resize=768%2C630&amp;ssl=1 768w, https:\/\/i0.wp.com\/casadecampoliving.com\/wp-content\/uploads\/2022\/10\/img_5731-1.jpg?resize=400%2C328&amp;ssl=1 400w, https:\/\/i0.wp.com\/casadecampoliving.com\/wp-content\/uploads\/2022\/10\/img_5731-1.jpg?resize=706%2C579&amp;ssl=1 706w, https:\/\/i0.wp.com\/casadecampoliving.com\/wp-content\/uploads\/2022\/10\/img_5731-1.jpg?resize=150%2C123&amp;ssl=1 150w, https:\/\/i0.wp.com\/casadecampoliving.com\/wp-content\/uploads\/2022\/10\/img_5731-1.jpg?w=370&amp;ssl=1 370w\" sizes=\"auto, (max-width: 800px) 100vw, 800px\" \/><\/figure>\n\n\n\n<figure class=\"wp-block-image size-large\"><img data-recalc-dims=\"1\" loading=\"lazy\" decoding=\"async\" width=\"800\" height=\"600\" data-id=\"452590\" src=\"https:\/\/i0.wp.com\/casadecampoliving.com\/wp-content\/uploads\/2022\/10\/img_5733-1.jpg?resize=800%2C600&#038;ssl=1\" alt=\"\" class=\"wp-image-452590\" srcset=\"https:\/\/i0.wp.com\/casadecampoliving.com\/wp-content\/uploads\/2022\/10\/img_5733-1.jpg?w=800&amp;ssl=1 800w, https:\/\/i0.wp.com\/casadecampoliving.com\/wp-content\/uploads\/2022\/10\/img_5733-1.jpg?resize=300%2C225&amp;ssl=1 300w, https:\/\/i0.wp.com\/casadecampoliving.com\/wp-content\/uploads\/2022\/10\/img_5733-1.jpg?resize=768%2C576&amp;ssl=1 768w, https:\/\/i0.wp.com\/casadecampoliving.com\/wp-content\/uploads\/2022\/10\/img_5733-1.jpg?resize=400%2C300&amp;ssl=1 400w, https:\/\/i0.wp.com\/casadecampoliving.com\/wp-content\/uploads\/2022\/10\/img_5733-1.jpg?resize=200%2C150&amp;ssl=1 200w, https:\/\/i0.wp.com\/casadecampoliving.com\/wp-content\/uploads\/2022\/10\/img_5733-1.jpg?resize=706%2C530&amp;ssl=1 706w, https:\/\/i0.wp.com\/casadecampoliving.com\/wp-content\/uploads\/2022\/10\/img_5733-1.jpg?resize=150%2C113&amp;ssl=1 150w, https:\/\/i0.wp.com\/casadecampoliving.com\/wp-content\/uploads\/2022\/10\/img_5733-1.jpg?w=370&amp;ssl=1 370w\" sizes=\"auto, (max-width: 800px) 100vw, 800px\" \/><\/figure>\n\n\n\n<figure class=\"wp-block-image size-large\"><img data-recalc-dims=\"1\" loading=\"lazy\" decoding=\"async\" width=\"800\" height=\"600\" data-id=\"452621\" src=\"https:\/\/i0.wp.com\/casadecampoliving.com\/wp-content\/uploads\/2022\/10\/img_5734-2.jpg?resize=800%2C600&#038;ssl=1\" alt=\"\" class=\"wp-image-452621\" srcset=\"https:\/\/i0.wp.com\/casadecampoliving.com\/wp-content\/uploads\/2022\/10\/img_5734-2.jpg?w=800&amp;ssl=1 800w, https:\/\/i0.wp.com\/casadecampoliving.com\/wp-content\/uploads\/2022\/10\/img_5734-2.jpg?resize=300%2C225&amp;ssl=1 300w, https:\/\/i0.wp.com\/casadecampoliving.com\/wp-content\/uploads\/2022\/10\/img_5734-2.jpg?resize=768%2C576&amp;ssl=1 768w, https:\/\/i0.wp.com\/casadecampoliving.com\/wp-content\/uploads\/2022\/10\/img_5734-2.jpg?resize=400%2C300&amp;ssl=1 400w, https:\/\/i0.wp.com\/casadecampoliving.com\/wp-content\/uploads\/2022\/10\/img_5734-2.jpg?resize=200%2C150&amp;ssl=1 200w, https:\/\/i0.wp.com\/casadecampoliving.com\/wp-content\/uploads\/2022\/10\/img_5734-2.jpg?resize=706%2C530&amp;ssl=1 706w, https:\/\/i0.wp.com\/casadecampoliving.com\/wp-content\/uploads\/2022\/10\/img_5734-2.jpg?resize=150%2C113&amp;ssl=1 150w, https:\/\/i0.wp.com\/casadecampoliving.com\/wp-content\/uploads\/2022\/10\/img_5734-2.jpg?w=370&amp;ssl=1 370w\" sizes=\"auto, (max-width: 800px) 100vw, 800px\" \/><\/figure>\n<\/figure>\n","protected":false},"excerpt":{"rendered":"<p>El pasado s\u00e1bado 7 de junio de 2012, el I Torneo de la Asociaci\u00f3n de Golf de La Romana, fue celebrado en uno de los reconocidos campos de golf de Casa de Campo; el Links, contando con la participaci\u00f3n de cantidades de compa\u00f1eros y amigos de Frank Micheli, Ram\u00f3n Cruz y Andr\u00e9s V\u00e9lez, quienes, que, [&hellip;]<\/p>\n","protected":false},"author":21,"featured_media":251908,"comment_status":"closed","ping_status":"closed","sticky":false,"template":"","format":"standard","meta":{"newspack_ads_suppress_ads":false,"newspack_popups_has_disabled_popups":false,"newspack_sponsor_sponsorship_scope":"","newspack_sponsor_native_byline_display":"inherit","newspack_sponsor_native_category_display":"inherit","newspack_sponsor_underwriter_style":"inherit","newspack_sponsor_underwriter_placement":"inherit","_newspack_byline_active":false,"_newspack_byline":"","newspack_hide_updated_date":false,"newspack_show_updated_date":false,"newspack_content_restriction_is_exempt":false,"newspack_featured_image_position":"","newspack_post_subtitle":"","newspack_article_summary_title":"Overview:","newspack_article_summary":"","_jetpack_memberships_contains_paid_content":false,"footnotes":"","jetpack_publicize_message":"","jetpack_publicize_feature_enabled":true,"jetpack_social_post_already_shared":false,"jetpack_social_options":{"image_generator_settings":{"template":"highway","default_image_id":0,"font":"","enabled":false},"version":2},"_wpas_customize_per_network":false},"categories":[51,43,14624,26822,12568,14626],"tags":[4762,4763,4012,4760,499,4761,2561],"newspack_spnsrs_tax":[],"class_list":["post-339357","post","type-post","status-publish","format-standard","has-post-thumbnail","hentry","category-events-and-activities","category-headline","category-local-news","category-resort-casa-de-campo","category-sports","category-upcoming","tag-andres-velez","tag-campo-de-golf-links","tag-casa-de-campo-golf-es","tag-frank-micheli","tag-links","tag-ramon-cruz","tag-resort-casa-de-campo","entry"],"yoast_head":"<!-- This site is optimized with the Yoast SEO plugin v27.5 - https:\/\/yoast.com\/product\/yoast-seo-wordpress\/ -->\n<title>Un fabuloso cumplea\u00f1os y ronda de golf! El I Torneo de la Asociaci\u00f3n de Golf de La Romana honra a Micheli, V\u00e9lez y Cruz! | Casa de Campo Living<\/title>\n<meta name=\"description\" content=\"El pasado s\u00e1bado 7 de junio de 2012, el I Torneo de la Asociaci\u00f3n de Golf de La Romana, fue celebrado en uno de los reconocidos campos de golf de Casa de\" \/>\n<meta name=\"robots\" content=\"index, follow, max-snippet:-1, max-image-preview:large, max-video-preview:-1\" \/>\n<link rel=\"canonical\" href=\"https:\/\/casadecampoliving.com\/es\/un-fabuloso-cumpleanos-y-ronda-de-golf-el-i-torneo-de-la-asociacion-de-golf-de-la-romana-honra-a-micheli-velez-y-cruz\/\" \/>\n<meta property=\"og:locale\" content=\"es_ES\" \/>\n<meta property=\"og:type\" content=\"article\" \/>\n<meta property=\"og:title\" content=\"Un fabuloso cumplea\u00f1os y ronda de golf! El I Torneo de la Asociaci\u00f3n de Golf de La Romana honra a Micheli, V\u00e9lez y Cruz! | Casa de Campo Living\" \/>\n<meta property=\"og:description\" content=\"El pasado s\u00e1bado 7 de junio de 2012, el I Torneo de la Asociaci\u00f3n de Golf de La Romana, fue celebrado en uno de los reconocidos campos de golf de Casa de\" \/>\n<meta property=\"og:url\" content=\"https:\/\/casadecampoliving.com\/es\/un-fabuloso-cumpleanos-y-ronda-de-golf-el-i-torneo-de-la-asociacion-de-golf-de-la-romana-honra-a-micheli-velez-y-cruz\/\" \/>\n<meta property=\"og:site_name\" content=\"Casa de Campo Living\" \/>\n<meta property=\"article:publisher\" content=\"https:\/\/www.facebook.com\/casadecampoliving\" \/>\n<meta property=\"article:published_time\" content=\"2012-07-11T04:00:00+00:00\" \/>\n<meta property=\"article:modified_time\" content=\"2022-11-10T14:38:25+00:00\" \/>\n<meta property=\"og:image\" content=\"https:\/\/i0.wp.com\/casadecampoliving.com\/wp-content\/uploads\/2022\/10\/golf_tournament_lra-1.jpg?fit=650%2C441&ssl=1\" \/>\n\t<meta property=\"og:image:width\" content=\"650\" \/>\n\t<meta property=\"og:image:height\" content=\"441\" \/>\n\t<meta property=\"og:image:type\" content=\"image\/jpeg\" \/>\n<meta name=\"twitter:card\" content=\"summary_large_image\" \/>\n<meta name=\"twitter:creator\" content=\"@cdcliving\" \/>\n<meta name=\"twitter:site\" content=\"@cdcliving\" \/>\n<meta name=\"twitter:label1\" content=\"Escrito por\" \/>\n\t<meta name=\"twitter:data1\" content=\"\" \/>\n\t<meta name=\"twitter:label2\" content=\"Tiempo de lectura\" \/>\n\t<meta name=\"twitter:data2\" content=\"3 minutos\" \/>\n<script type=\"application\/ld+json\" class=\"yoast-schema-graph\">{\"@context\":\"https:\\\/\\\/schema.org\",\"@graph\":[{\"@type\":\"Article\",\"@id\":\"https:\\\/\\\/casadecampoliving.com\\\/es\\\/un-fabuloso-cumpleanos-y-ronda-de-golf-el-i-torneo-de-la-asociacion-de-golf-de-la-romana-honra-a-micheli-velez-y-cruz\\\/#article\",\"isPartOf\":{\"@id\":\"https:\\\/\\\/casadecampoliving.com\\\/es\\\/un-fabuloso-cumpleanos-y-ronda-de-golf-el-i-torneo-de-la-asociacion-de-golf-de-la-romana-honra-a-micheli-velez-y-cruz\\\/\"},\"author\":{\"name\":\"\",\"@id\":\"https:\\\/\\\/casadecampoliving.com\\\/es\\\/#\\\/schema\\\/person\\\/7e3b975d584a5f6ac0fd7128a81b0bc5\"},\"headline\":\"Un fabuloso cumplea\u00f1os y ronda de golf! El I Torneo de la Asociaci\u00f3n de Golf de La Romana honra a Micheli, V\u00e9lez y Cruz!\",\"datePublished\":\"2012-07-11T04:00:00+00:00\",\"dateModified\":\"2022-11-10T14:38:25+00:00\",\"mainEntityOfPage\":{\"@id\":\"https:\\\/\\\/casadecampoliving.com\\\/es\\\/un-fabuloso-cumpleanos-y-ronda-de-golf-el-i-torneo-de-la-asociacion-de-golf-de-la-romana-honra-a-micheli-velez-y-cruz\\\/\"},\"wordCount\":571,\"publisher\":{\"@id\":\"https:\\\/\\\/casadecampoliving.com\\\/es\\\/#organization\"},\"image\":{\"@id\":\"https:\\\/\\\/casadecampoliving.com\\\/es\\\/un-fabuloso-cumpleanos-y-ronda-de-golf-el-i-torneo-de-la-asociacion-de-golf-de-la-romana-honra-a-micheli-velez-y-cruz\\\/#primaryimage\"},\"thumbnailUrl\":\"https:\\\/\\\/i0.wp.com\\\/casadecampoliving.com\\\/wp-content\\\/uploads\\\/2022\\\/10\\\/golf_tournament_lra-1.jpg?fit=650%2C441&ssl=1\",\"keywords\":[\"andres velez\",\"campo de golf links\",\"casa de campo golf @es\",\"frank micheli\",\"Links\",\"ramon cruz\",\"resort casa de campo\"],\"articleSection\":[\"Events and Activities\",\"Headline\",\"Local News\",\"Resort Casa de Campo\",\"Sports\",\"Upcoming\"],\"inLanguage\":\"es\"},{\"@type\":\"WebPage\",\"@id\":\"https:\\\/\\\/casadecampoliving.com\\\/es\\\/un-fabuloso-cumpleanos-y-ronda-de-golf-el-i-torneo-de-la-asociacion-de-golf-de-la-romana-honra-a-micheli-velez-y-cruz\\\/\",\"url\":\"https:\\\/\\\/casadecampoliving.com\\\/es\\\/un-fabuloso-cumpleanos-y-ronda-de-golf-el-i-torneo-de-la-asociacion-de-golf-de-la-romana-honra-a-micheli-velez-y-cruz\\\/\",\"name\":\"Un fabuloso cumplea\u00f1os y ronda de golf! El I Torneo de la Asociaci\u00f3n de Golf de La Romana honra a Micheli, V\u00e9lez y Cruz! | Casa de Campo Living\",\"isPartOf\":{\"@id\":\"https:\\\/\\\/casadecampoliving.com\\\/es\\\/#website\"},\"primaryImageOfPage\":{\"@id\":\"https:\\\/\\\/casadecampoliving.com\\\/es\\\/un-fabuloso-cumpleanos-y-ronda-de-golf-el-i-torneo-de-la-asociacion-de-golf-de-la-romana-honra-a-micheli-velez-y-cruz\\\/#primaryimage\"},\"image\":{\"@id\":\"https:\\\/\\\/casadecampoliving.com\\\/es\\\/un-fabuloso-cumpleanos-y-ronda-de-golf-el-i-torneo-de-la-asociacion-de-golf-de-la-romana-honra-a-micheli-velez-y-cruz\\\/#primaryimage\"},\"thumbnailUrl\":\"https:\\\/\\\/i0.wp.com\\\/casadecampoliving.com\\\/wp-content\\\/uploads\\\/2022\\\/10\\\/golf_tournament_lra-1.jpg?fit=650%2C441&ssl=1\",\"datePublished\":\"2012-07-11T04:00:00+00:00\",\"dateModified\":\"2022-11-10T14:38:25+00:00\",\"description\":\"El pasado s\u00e1bado 7 de junio de 2012, el I Torneo de la Asociaci\u00f3n de Golf de La Romana, fue celebrado en uno de los reconocidos campos de golf de Casa de\",\"breadcrumb\":{\"@id\":\"https:\\\/\\\/casadecampoliving.com\\\/es\\\/un-fabuloso-cumpleanos-y-ronda-de-golf-el-i-torneo-de-la-asociacion-de-golf-de-la-romana-honra-a-micheli-velez-y-cruz\\\/#breadcrumb\"},\"inLanguage\":\"es\",\"potentialAction\":[{\"@type\":\"ReadAction\",\"target\":[\"https:\\\/\\\/casadecampoliving.com\\\/es\\\/un-fabuloso-cumpleanos-y-ronda-de-golf-el-i-torneo-de-la-asociacion-de-golf-de-la-romana-honra-a-micheli-velez-y-cruz\\\/\"]}]},{\"@type\":\"ImageObject\",\"inLanguage\":\"es\",\"@id\":\"https:\\\/\\\/casadecampoliving.com\\\/es\\\/un-fabuloso-cumpleanos-y-ronda-de-golf-el-i-torneo-de-la-asociacion-de-golf-de-la-romana-honra-a-micheli-velez-y-cruz\\\/#primaryimage\",\"url\":\"https:\\\/\\\/i0.wp.com\\\/casadecampoliving.com\\\/wp-content\\\/uploads\\\/2022\\\/10\\\/golf_tournament_lra-1.jpg?fit=650%2C441&ssl=1\",\"contentUrl\":\"https:\\\/\\\/i0.wp.com\\\/casadecampoliving.com\\\/wp-content\\\/uploads\\\/2022\\\/10\\\/golf_tournament_lra-1.jpg?fit=650%2C441&ssl=1\",\"width\":650,\"height\":441,\"caption\":\"Torneo Asociacion de Golf La Romana\"},{\"@type\":\"BreadcrumbList\",\"@id\":\"https:\\\/\\\/casadecampoliving.com\\\/es\\\/un-fabuloso-cumpleanos-y-ronda-de-golf-el-i-torneo-de-la-asociacion-de-golf-de-la-romana-honra-a-micheli-velez-y-cruz\\\/#breadcrumb\",\"itemListElement\":[{\"@type\":\"ListItem\",\"position\":1,\"name\":\"Home\",\"item\":\"https:\\\/\\\/casadecampoliving.com\\\/es\\\/\"},{\"@type\":\"ListItem\",\"position\":2,\"name\":\"Un fabuloso cumplea\u00f1os y ronda de golf! El I Torneo de la Asociaci\u00f3n de Golf de La Romana honra a Micheli, V\u00e9lez y Cruz!\"}]},{\"@type\":\"WebSite\",\"@id\":\"https:\\\/\\\/casadecampoliving.com\\\/es\\\/#website\",\"url\":\"https:\\\/\\\/casadecampoliving.com\\\/es\\\/\",\"name\":\"Casa de Campo Living\",\"description\":\"Resort community news and resources.\",\"publisher\":{\"@id\":\"https:\\\/\\\/casadecampoliving.com\\\/es\\\/#organization\"},\"potentialAction\":[{\"@type\":\"SearchAction\",\"target\":{\"@type\":\"EntryPoint\",\"urlTemplate\":\"https:\\\/\\\/casadecampoliving.com\\\/es\\\/?s={search_term_string}\"},\"query-input\":{\"@type\":\"PropertyValueSpecification\",\"valueRequired\":true,\"valueName\":\"search_term_string\"}}],\"inLanguage\":\"es\"},{\"@type\":\"Organization\",\"@id\":\"https:\\\/\\\/casadecampoliving.com\\\/es\\\/#organization\",\"name\":\"Casa de Campo Living\",\"url\":\"https:\\\/\\\/casadecampoliving.com\\\/es\\\/\",\"logo\":{\"@type\":\"ImageObject\",\"inLanguage\":\"es\",\"@id\":\"https:\\\/\\\/casadecampoliving.com\\\/es\\\/#\\\/schema\\\/logo\\\/image\\\/\",\"url\":\"https:\\\/\\\/i0.wp.com\\\/casadecampoliving.com\\\/wp-content\\\/uploads\\\/2022\\\/07\\\/CDCLivingLogo_V1-white-sized.png?fit=800%2C214&ssl=1\",\"contentUrl\":\"https:\\\/\\\/i0.wp.com\\\/casadecampoliving.com\\\/wp-content\\\/uploads\\\/2022\\\/07\\\/CDCLivingLogo_V1-white-sized.png?fit=800%2C214&ssl=1\",\"width\":800,\"height\":214,\"caption\":\"Casa de Campo Living\"},\"image\":{\"@id\":\"https:\\\/\\\/casadecampoliving.com\\\/es\\\/#\\\/schema\\\/logo\\\/image\\\/\"},\"sameAs\":[\"https:\\\/\\\/www.facebook.com\\\/casadecampoliving\",\"https:\\\/\\\/x.com\\\/cdcliving\"]},{\"@type\":\"Person\",\"@id\":\"https:\\\/\\\/casadecampoliving.com\\\/es\\\/#\\\/schema\\\/person\\\/7e3b975d584a5f6ac0fd7128a81b0bc5\",\"name\":\"\",\"image\":{\"@type\":\"ImageObject\",\"inLanguage\":\"es\",\"@id\":\"https:\\\/\\\/secure.gravatar.com\\\/avatar\\\/?s=96&d=mm&r=g\",\"url\":\"https:\\\/\\\/secure.gravatar.com\\\/avatar\\\/?s=96&d=mm&r=g\",\"contentUrl\":\"https:\\\/\\\/secure.gravatar.com\\\/avatar\\\/?s=96&d=mm&r=g\"},\"url\":\"https:\\\/\\\/casadecampoliving.com\\\/es\\\/author\\\/ \\\/\"}]}<\/script>\n<!-- \/ Yoast SEO plugin. -->","yoast_head_json":{"title":"Un fabuloso cumplea\u00f1os y ronda de golf! El I Torneo de la Asociaci\u00f3n de Golf de La Romana honra a Micheli, V\u00e9lez y Cruz! | Casa de Campo Living","description":"El pasado s\u00e1bado 7 de junio de 2012, el I Torneo de la Asociaci\u00f3n de Golf de La Romana, fue celebrado en uno de los reconocidos campos de golf de Casa de","robots":{"index":"index","follow":"follow","max-snippet":"max-snippet:-1","max-image-preview":"max-image-preview:large","max-video-preview":"max-video-preview:-1"},"canonical":"https:\/\/casadecampoliving.com\/es\/un-fabuloso-cumpleanos-y-ronda-de-golf-el-i-torneo-de-la-asociacion-de-golf-de-la-romana-honra-a-micheli-velez-y-cruz\/","og_locale":"es_ES","og_type":"article","og_title":"Un fabuloso cumplea\u00f1os y ronda de golf! El I Torneo de la Asociaci\u00f3n de Golf de La Romana honra a Micheli, V\u00e9lez y Cruz! | Casa de Campo Living","og_description":"El pasado s\u00e1bado 7 de junio de 2012, el I Torneo de la Asociaci\u00f3n de Golf de La Romana, fue celebrado en uno de los reconocidos campos de golf de Casa de","og_url":"https:\/\/casadecampoliving.com\/es\/un-fabuloso-cumpleanos-y-ronda-de-golf-el-i-torneo-de-la-asociacion-de-golf-de-la-romana-honra-a-micheli-velez-y-cruz\/","og_site_name":"Casa de Campo Living","article_publisher":"https:\/\/www.facebook.com\/casadecampoliving","article_published_time":"2012-07-11T04:00:00+00:00","article_modified_time":"2022-11-10T14:38:25+00:00","og_image":[{"width":650,"height":441,"url":"https:\/\/i0.wp.com\/casadecampoliving.com\/wp-content\/uploads\/2022\/10\/golf_tournament_lra-1.jpg?fit=650%2C441&ssl=1","type":"image\/jpeg"}],"twitter_card":"summary_large_image","twitter_creator":"@cdcliving","twitter_site":"@cdcliving","twitter_misc":{"Escrito por":"","Tiempo de lectura":"3 minutos"},"schema":{"@context":"https:\/\/schema.org","@graph":[{"@type":"Article","@id":"https:\/\/casadecampoliving.com\/es\/un-fabuloso-cumpleanos-y-ronda-de-golf-el-i-torneo-de-la-asociacion-de-golf-de-la-romana-honra-a-micheli-velez-y-cruz\/#article","isPartOf":{"@id":"https:\/\/casadecampoliving.com\/es\/un-fabuloso-cumpleanos-y-ronda-de-golf-el-i-torneo-de-la-asociacion-de-golf-de-la-romana-honra-a-micheli-velez-y-cruz\/"},"author":{"name":"","@id":"https:\/\/casadecampoliving.com\/es\/#\/schema\/person\/7e3b975d584a5f6ac0fd7128a81b0bc5"},"headline":"Un fabuloso cumplea\u00f1os y ronda de golf! El I Torneo de la Asociaci\u00f3n de Golf de La Romana honra a Micheli, V\u00e9lez y Cruz!","datePublished":"2012-07-11T04:00:00+00:00","dateModified":"2022-11-10T14:38:25+00:00","mainEntityOfPage":{"@id":"https:\/\/casadecampoliving.com\/es\/un-fabuloso-cumpleanos-y-ronda-de-golf-el-i-torneo-de-la-asociacion-de-golf-de-la-romana-honra-a-micheli-velez-y-cruz\/"},"wordCount":571,"publisher":{"@id":"https:\/\/casadecampoliving.com\/es\/#organization"},"image":{"@id":"https:\/\/casadecampoliving.com\/es\/un-fabuloso-cumpleanos-y-ronda-de-golf-el-i-torneo-de-la-asociacion-de-golf-de-la-romana-honra-a-micheli-velez-y-cruz\/#primaryimage"},"thumbnailUrl":"https:\/\/i0.wp.com\/casadecampoliving.com\/wp-content\/uploads\/2022\/10\/golf_tournament_lra-1.jpg?fit=650%2C441&ssl=1","keywords":["andres velez","campo de golf links","casa de campo golf @es","frank micheli","Links","ramon cruz","resort casa de campo"],"articleSection":["Events and Activities","Headline","Local News","Resort Casa de Campo","Sports","Upcoming"],"inLanguage":"es"},{"@type":"WebPage","@id":"https:\/\/casadecampoliving.com\/es\/un-fabuloso-cumpleanos-y-ronda-de-golf-el-i-torneo-de-la-asociacion-de-golf-de-la-romana-honra-a-micheli-velez-y-cruz\/","url":"https:\/\/casadecampoliving.com\/es\/un-fabuloso-cumpleanos-y-ronda-de-golf-el-i-torneo-de-la-asociacion-de-golf-de-la-romana-honra-a-micheli-velez-y-cruz\/","name":"Un fabuloso cumplea\u00f1os y ronda de golf! El I Torneo de la Asociaci\u00f3n de Golf de La Romana honra a Micheli, V\u00e9lez y Cruz! | Casa de Campo Living","isPartOf":{"@id":"https:\/\/casadecampoliving.com\/es\/#website"},"primaryImageOfPage":{"@id":"https:\/\/casadecampoliving.com\/es\/un-fabuloso-cumpleanos-y-ronda-de-golf-el-i-torneo-de-la-asociacion-de-golf-de-la-romana-honra-a-micheli-velez-y-cruz\/#primaryimage"},"image":{"@id":"https:\/\/casadecampoliving.com\/es\/un-fabuloso-cumpleanos-y-ronda-de-golf-el-i-torneo-de-la-asociacion-de-golf-de-la-romana-honra-a-micheli-velez-y-cruz\/#primaryimage"},"thumbnailUrl":"https:\/\/i0.wp.com\/casadecampoliving.com\/wp-content\/uploads\/2022\/10\/golf_tournament_lra-1.jpg?fit=650%2C441&ssl=1","datePublished":"2012-07-11T04:00:00+00:00","dateModified":"2022-11-10T14:38:25+00:00","description":"El pasado s\u00e1bado 7 de junio de 2012, el I Torneo de la Asociaci\u00f3n de Golf de La Romana, fue celebrado en uno de los reconocidos campos de golf de Casa de","breadcrumb":{"@id":"https:\/\/casadecampoliving.com\/es\/un-fabuloso-cumpleanos-y-ronda-de-golf-el-i-torneo-de-la-asociacion-de-golf-de-la-romana-honra-a-micheli-velez-y-cruz\/#breadcrumb"},"inLanguage":"es","potentialAction":[{"@type":"ReadAction","target":["https:\/\/casadecampoliving.com\/es\/un-fabuloso-cumpleanos-y-ronda-de-golf-el-i-torneo-de-la-asociacion-de-golf-de-la-romana-honra-a-micheli-velez-y-cruz\/"]}]},{"@type":"ImageObject","inLanguage":"es","@id":"https:\/\/casadecampoliving.com\/es\/un-fabuloso-cumpleanos-y-ronda-de-golf-el-i-torneo-de-la-asociacion-de-golf-de-la-romana-honra-a-micheli-velez-y-cruz\/#primaryimage","url":"https:\/\/i0.wp.com\/casadecampoliving.com\/wp-content\/uploads\/2022\/10\/golf_tournament_lra-1.jpg?fit=650%2C441&ssl=1","contentUrl":"https:\/\/i0.wp.com\/casadecampoliving.com\/wp-content\/uploads\/2022\/10\/golf_tournament_lra-1.jpg?fit=650%2C441&ssl=1","width":650,"height":441,"caption":"Torneo Asociacion de Golf La Romana"},{"@type":"BreadcrumbList","@id":"https:\/\/casadecampoliving.com\/es\/un-fabuloso-cumpleanos-y-ronda-de-golf-el-i-torneo-de-la-asociacion-de-golf-de-la-romana-honra-a-micheli-velez-y-cruz\/#breadcrumb","itemListElement":[{"@type":"ListItem","position":1,"name":"Home","item":"https:\/\/casadecampoliving.com\/es\/"},{"@type":"ListItem","position":2,"name":"Un fabuloso cumplea\u00f1os y ronda de golf! El I Torneo de la Asociaci\u00f3n de Golf de La Romana honra a Micheli, V\u00e9lez y Cruz!"}]},{"@type":"WebSite","@id":"https:\/\/casadecampoliving.com\/es\/#website","url":"https:\/\/casadecampoliving.com\/es\/","name":"Casa de Campo Living","description":"Resort community news and resources.","publisher":{"@id":"https:\/\/casadecampoliving.com\/es\/#organization"},"potentialAction":[{"@type":"SearchAction","target":{"@type":"EntryPoint","urlTemplate":"https:\/\/casadecampoliving.com\/es\/?s={search_term_string}"},"query-input":{"@type":"PropertyValueSpecification","valueRequired":true,"valueName":"search_term_string"}}],"inLanguage":"es"},{"@type":"Organization","@id":"https:\/\/casadecampoliving.com\/es\/#organization","name":"Casa de Campo Living","url":"https:\/\/casadecampoliving.com\/es\/","logo":{"@type":"ImageObject","inLanguage":"es","@id":"https:\/\/casadecampoliving.com\/es\/#\/schema\/logo\/image\/","url":"https:\/\/i0.wp.com\/casadecampoliving.com\/wp-content\/uploads\/2022\/07\/CDCLivingLogo_V1-white-sized.png?fit=800%2C214&ssl=1","contentUrl":"https:\/\/i0.wp.com\/casadecampoliving.com\/wp-content\/uploads\/2022\/07\/CDCLivingLogo_V1-white-sized.png?fit=800%2C214&ssl=1","width":800,"height":214,"caption":"Casa de Campo Living"},"image":{"@id":"https:\/\/casadecampoliving.com\/es\/#\/schema\/logo\/image\/"},"sameAs":["https:\/\/www.facebook.com\/casadecampoliving","https:\/\/x.com\/cdcliving"]},{"@type":"Person","@id":"https:\/\/casadecampoliving.com\/es\/#\/schema\/person\/7e3b975d584a5f6ac0fd7128a81b0bc5","name":"","image":{"@type":"ImageObject","inLanguage":"es","@id":"https:\/\/secure.gravatar.com\/avatar\/?s=96&d=mm&r=g","url":"https:\/\/secure.gravatar.com\/avatar\/?s=96&d=mm&r=g","contentUrl":"https:\/\/secure.gravatar.com\/avatar\/?s=96&d=mm&r=g"},"url":"https:\/\/casadecampoliving.com\/es\/author\/ \/"}]}},"parsely":{"version":"1.1.0","canonical_url":"https:\/\/casadecampoliving.com\/es\/un-fabuloso-cumpleanos-y-ronda-de-golf-el-i-torneo-de-la-asociacion-de-golf-de-la-romana-honra-a-micheli-velez-y-cruz\/","smart_links":{"inbound":0,"outbound":0},"traffic_boost_suggestions_count":0,"meta":{"@context":"https:\/\/schema.org","@type":"NewsArticle","headline":"Un fabuloso cumplea\u00f1os y ronda de golf! El I Torneo de la Asociaci\u00f3n de Golf de La Romana honra a Micheli, V\u00e9lez y Cruz!","url":"http:\/\/casadecampoliving.com\/es\/un-fabuloso-cumpleanos-y-ronda-de-golf-el-i-torneo-de-la-asociacion-de-golf-de-la-romana-honra-a-micheli-velez-y-cruz\/","mainEntityOfPage":{"@type":"WebPage","@id":"http:\/\/casadecampoliving.com\/es\/un-fabuloso-cumpleanos-y-ronda-de-golf-el-i-torneo-de-la-asociacion-de-golf-de-la-romana-honra-a-micheli-velez-y-cruz\/"},"thumbnailUrl":"https:\/\/i0.wp.com\/casadecampoliving.com\/wp-content\/uploads\/2022\/10\/golf_tournament_lra-1.jpg?resize=150%2C150&ssl=1","image":{"@type":"ImageObject","url":"https:\/\/i0.wp.com\/casadecampoliving.com\/wp-content\/uploads\/2022\/10\/golf_tournament_lra-1.jpg?fit=650%2C441&ssl=1"},"articleSection":"Events and Activities","author":[{"@type":"Person","name":"FB_515917546"}],"creator":["FB_515917546"],"publisher":{"@type":"Organization","name":"Casa de Campo Living","logo":"https:\/\/casadecampoliving.com\/wp-content\/uploads\/2022\/07\/CDCLivingLogo_V1-white-sized.png"},"keywords":["andres velez","campo de golf links","casa de campo golf @es","frank micheli","links","ramon cruz","resort casa de campo"],"dateCreated":"2012-07-11T04:00:00Z","datePublished":"2012-07-11T04:00:00Z","dateModified":"2022-11-10T14:38:25Z"},"rendered":"<script type=\"application\/ld+json\" class=\"wp-parsely-metadata\">{\"@context\":\"https:\\\/\\\/schema.org\",\"@type\":\"NewsArticle\",\"headline\":\"Un fabuloso cumplea\\u00f1os y ronda de golf! El I Torneo de la Asociaci\\u00f3n de Golf de La Romana honra a Micheli, V\\u00e9lez y Cruz!\",\"url\":\"http:\\\/\\\/casadecampoliving.com\\\/es\\\/un-fabuloso-cumpleanos-y-ronda-de-golf-el-i-torneo-de-la-asociacion-de-golf-de-la-romana-honra-a-micheli-velez-y-cruz\\\/\",\"mainEntityOfPage\":{\"@type\":\"WebPage\",\"@id\":\"http:\\\/\\\/casadecampoliving.com\\\/es\\\/un-fabuloso-cumpleanos-y-ronda-de-golf-el-i-torneo-de-la-asociacion-de-golf-de-la-romana-honra-a-micheli-velez-y-cruz\\\/\"},\"thumbnailUrl\":\"https:\\\/\\\/i0.wp.com\\\/casadecampoliving.com\\\/wp-content\\\/uploads\\\/2022\\\/10\\\/golf_tournament_lra-1.jpg?resize=150%2C150&ssl=1\",\"image\":{\"@type\":\"ImageObject\",\"url\":\"https:\\\/\\\/i0.wp.com\\\/casadecampoliving.com\\\/wp-content\\\/uploads\\\/2022\\\/10\\\/golf_tournament_lra-1.jpg?fit=650%2C441&ssl=1\"},\"articleSection\":\"Events and Activities\",\"author\":[{\"@type\":\"Person\",\"name\":\"FB_515917546\"}],\"creator\":[\"FB_515917546\"],\"publisher\":{\"@type\":\"Organization\",\"name\":\"Casa de Campo Living\",\"logo\":\"https:\\\/\\\/casadecampoliving.com\\\/wp-content\\\/uploads\\\/2022\\\/07\\\/CDCLivingLogo_V1-white-sized.png\"},\"keywords\":[\"andres velez\",\"campo de golf links\",\"casa de campo golf @es\",\"frank micheli\",\"links\",\"ramon cruz\",\"resort casa de campo\"],\"dateCreated\":\"2012-07-11T04:00:00Z\",\"datePublished\":\"2012-07-11T04:00:00Z\",\"dateModified\":\"2022-11-10T14:38:25Z\"}<\/script>","tracker_url":"https:\/\/cdn.parsely.com\/keys\/casadecampoliving.com\/p.js"},"jetpack_publicize_connections":[],"jetpack_featured_media_url":"https:\/\/i0.wp.com\/casadecampoliving.com\/wp-content\/uploads\/2022\/10\/golf_tournament_lra-1.jpg?fit=650%2C441&ssl=1","jetpack-related-posts":[{"id":339325,"url":"https:\/\/casadecampoliving.com\/es\/1er-torneo-de-la-asociacion-de-golf-en-la-romana-se-celebrara-en-honor-a-frank-micheli-andres-velez-y-ramon-cruz\/","url_meta":{"origin":339357,"position":0},"title":"1er Torneo de la Asociaci\u00f3n de Golf en La Romana se celebrar\u00e1 en honor a Frank Micheli, Andr\u00e9s V\u00e9lez y Ram\u00f3n Cruz!","author":"","date":"5 Jul, 2012","format":false,"excerpt":"Este s\u00e1bado 7 de julio, la Asociaci\u00f3n\u00a0de Golf de La Romana organizar\u00e1 el primer torneo de golf en Casa de Campo en honor a los reconocidos miembros de la comunidad de La Romana; Francisco Micheli, Andr\u00e9s Vel\u00e9z (Andy) y Ram\u00f3n (Cucho) Cruz. \u00a0 El I Torneo de la Asociaci\u00f3n de\u2026","rel":"","context":"En \u00abDeportes\u00bb","block_context":{"text":"Deportes","link":"https:\/\/casadecampoliving.com\/es\/category\/golf-deportes-es\/"},"img":{"alt_text":"torneo de golf casa de campo","src":"https:\/\/i0.wp.com\/casadecampoliving.com\/wp-content\/uploads\/2022\/10\/torneo_de_gol_casa_de_campo-1.jpg?fit=650%2C427&ssl=1&resize=350%2C200","width":350,"height":200,"srcset":"https:\/\/i0.wp.com\/casadecampoliving.com\/wp-content\/uploads\/2022\/10\/torneo_de_gol_casa_de_campo-1.jpg?fit=650%2C427&ssl=1&resize=350%2C200 1x, https:\/\/i0.wp.com\/casadecampoliving.com\/wp-content\/uploads\/2022\/10\/torneo_de_gol_casa_de_campo-1.jpg?fit=650%2C427&ssl=1&resize=525%2C300 1.5x"},"classes":[]},{"id":321445,"url":"https:\/\/casadecampoliving.com\/a-birthday-celebration-and-a-round-of-golf-1st-la-romana-golf-association-tournament-honors-of-micheli-velez-and-cruz\/","url_meta":{"origin":339357,"position":1},"title":"A birthday celebration and a round of golf! 1st La Romana Golf Association Tournament honors of Micheli, Vel\u00e9z and Cruz","author":"","date":"11 Jul, 2012","format":false,"excerpt":"Last Saturday 7th of June 2012, the 1st La Romana Golf Association Tournament was celebrated on one of Casa de Campo's excellent golf courses; the Links, in honor of\u00a0Francisco Micheli, Andr\u00e9s V\u00e9lez and Ram\u00f3n Cruz, all 3 celebrating their birthdays this month\u00a0- and what better way to celebrate than with\u2026","rel":"","context":"En \u00abCasa de Campo Resort\u00bb","block_context":{"text":"Casa de Campo Resort","link":"https:\/\/casadecampoliving.com\/category\/casa-de-campo-resort\/"},"img":{"alt_text":"Torneo Asociacion de Golf La Romana","src":"https:\/\/i0.wp.com\/casadecampoliving.com\/wp-content\/uploads\/2022\/10\/golf_tournament_lra-1.jpg?fit=650%2C441&ssl=1&resize=350%2C200","width":350,"height":200,"srcset":"https:\/\/i0.wp.com\/casadecampoliving.com\/wp-content\/uploads\/2022\/10\/golf_tournament_lra-1.jpg?fit=650%2C441&ssl=1&resize=350%2C200 1x, https:\/\/i0.wp.com\/casadecampoliving.com\/wp-content\/uploads\/2022\/10\/golf_tournament_lra-1.jpg?fit=650%2C441&ssl=1&resize=525%2C300 1.5x"},"classes":[]},{"id":321437,"url":"https:\/\/casadecampoliving.com\/1st-la-romana-golf-association-tournament-to-be-played-in-honor-of-francisco-micheli-andres-velez-and-ramon-cruz\/","url_meta":{"origin":339357,"position":2},"title":"\u00ab1st La Romana Golf Association Tournament\u00bb to be played in honor of Francisco Micheli, Andr\u00e9s Vel\u00e9z and Ram\u00f3n Cruz","author":"Rebecca Silvestri","date":"5 Jul, 2012","format":false,"excerpt":"This Saturday the 7th of July, the \u201cAsociaci\u00f3n\u00a0de Golf de La Romana\u201d (La Romana Golf Association) will host it\u2019s first golf tournament in Casa de Campo, in honor of well known La Romana community members; Francisco Micheli, Andr\u00e9s Vel\u00e9z (Andy) and Ram\u00f3n (Cucho) Cruz. \u00a0 The \u201c1st La Romana Golf\u2026","rel":"","context":"En \u00abEvents and Activities\u00bb","block_context":{"text":"Events and Activities","link":"https:\/\/casadecampoliving.com\/category\/events-and-activities\/"},"img":{"alt_text":"torneo de golf casa de campo","src":"https:\/\/i0.wp.com\/casadecampoliving.com\/wp-content\/uploads\/2022\/10\/torneo_de_gol_casa_de_campo-1.jpg?fit=650%2C427&ssl=1&resize=350%2C200","width":350,"height":200,"srcset":"https:\/\/i0.wp.com\/casadecampoliving.com\/wp-content\/uploads\/2022\/10\/torneo_de_gol_casa_de_campo-1.jpg?fit=650%2C427&ssl=1&resize=350%2C200 1x, https:\/\/i0.wp.com\/casadecampoliving.com\/wp-content\/uploads\/2022\/10\/torneo_de_gol_casa_de_campo-1.jpg?fit=650%2C427&ssl=1&resize=525%2C300 1.5x"},"classes":[]},{"id":344997,"url":"https:\/\/casadecampoliving.com\/es\/sully-freddy-ganan-el-torneo-de-golf-de-fin-de-zafra\/","url_meta":{"origin":339357,"position":3},"title":"Sully &#038; Freddy ganan el torneo de golf de Fin de Zafra","author":"Daniela Medina","date":"2 Ago, 2014","format":false,"excerpt":"El domingo, 13 de julio, fue jugado en el campo de golf Dye Fore en Casa de Campo el Golf Invitacional Fin de Zafra Central Romana Corporation, organizado por el \u201cCajuiles Golf Club\u201d, un evento en el que m\u00e1s de 60 golfistas, se reunieron en una hermosa y soleada ma\u00f1ana\u2026","rel":"","context":"En \u00abCasa de Campo Living @es\u00bb","block_context":{"text":"Casa de Campo Living @es","link":"https:\/\/casadecampoliving.com\/category\/casa-de-campo-living-es\/"},"img":{"alt_text":"","src":"https:\/\/i0.wp.com\/casadecampoliving.com\/wp-content\/uploads\/2022\/10\/Rafael-Santana-Khalil-Hache-Ramon-Menendez-y-Juan-Jose-Arteaga-1.jpg?fit=650%2C433&ssl=1&resize=350%2C200","width":350,"height":200,"srcset":"https:\/\/i0.wp.com\/casadecampoliving.com\/wp-content\/uploads\/2022\/10\/Rafael-Santana-Khalil-Hache-Ramon-Menendez-y-Juan-Jose-Arteaga-1.jpg?fit=650%2C433&ssl=1&resize=350%2C200 1x, https:\/\/i0.wp.com\/casadecampoliving.com\/wp-content\/uploads\/2022\/10\/Rafael-Santana-Khalil-Hache-Ramon-Menendez-y-Juan-Jose-Arteaga-1.jpg?fit=650%2C433&ssl=1&resize=525%2C300 1.5x"},"classes":[]},{"id":354104,"url":"https:\/\/casadecampoliving.com\/es\/torneo-de-golf-en-honor-a-kalil-hache-malkun-a-celebrarse-en-the-links-casa-de-campo\/","url_meta":{"origin":339357,"position":4},"title":"Torneo de golf en honor a Kalil Hach\u00e9 Malk\u00fan a celebrarse en The Links Casa de Campo","author":"Casa de Campo Living","date":"16 Jul, 2021","format":false,"excerpt":"El pr\u00f3ximo 31 de julio se celebrar\u00e1 el Primer Cl\u00e1sico de la Asociaci\u00f3n de Golf de La Romana (Asoglar) en el campo de golf Los Links de Casa de Campo. Este torneo tendr\u00e1 una dedicatoria especial a Kalil Hach\u00e9 Malk\u00fan, quien dedic\u00f3 gran parte de su vida en beneficio del\u2026","rel":"","context":"En \u00abCasa de Campo Living @es\u00bb","block_context":{"text":"Casa de Campo Living @es","link":"https:\/\/casadecampoliving.com\/category\/casa-de-campo-living-es\/"},"img":{"alt_text":"","src":"https:\/\/i0.wp.com\/casadecampoliving.com\/wp-content\/uploads\/2022\/10\/WhatsApp-Image-2021-07-15-at-9.01.34-PM-e1626467456512-1.jpeg?fit=1000%2C666&ssl=1&resize=350%2C200","width":350,"height":200,"srcset":"https:\/\/i0.wp.com\/casadecampoliving.com\/wp-content\/uploads\/2022\/10\/WhatsApp-Image-2021-07-15-at-9.01.34-PM-e1626467456512-1.jpeg?fit=1000%2C666&ssl=1&resize=350%2C200 1x, https:\/\/i0.wp.com\/casadecampoliving.com\/wp-content\/uploads\/2022\/10\/WhatsApp-Image-2021-07-15-at-9.01.34-PM-e1626467456512-1.jpeg?fit=1000%2C666&ssl=1&resize=525%2C300 1.5x, https:\/\/i0.wp.com\/casadecampoliving.com\/wp-content\/uploads\/2022\/10\/WhatsApp-Image-2021-07-15-at-9.01.34-PM-e1626467456512-1.jpeg?fit=1000%2C666&ssl=1&resize=700%2C400 2x"},"classes":[]},{"id":354124,"url":"https:\/\/casadecampoliving.com\/es\/casimiro-richiez-y-sabino-del-rosario-ganaron-el-primer-clasico-de-golf-de-la-asociacion-de-golf-la-romana-en-memoria-a-kalil-hache-malkun\/","url_meta":{"origin":339357,"position":5},"title":"Casimiro Richiez y Sabino del Rosario ganaron el Primer Cl\u00e1sico de Golf de la Asociaci\u00f3n de Golf La Romana en memoria a Kalil Hach\u00e9 Malk\u00fan","author":"Casa de Campo Living","date":"9 Ago, 2021","format":false,"excerpt":"El 31 de julio se llev\u00f3 a cabo el Primer Cl\u00e1sico de Golf de la Asociaci\u00f3n de Golf La Romana (Asoglar) en el campo de golf Links en Casa de Campo. Este torneo fue dedicado al difunto Kalil Hach\u00e9 Malk\u00fan, un \u00e1vido jugador de golf y miembro de la comunidad\u2026","rel":"","context":"En \u00abCasa de Campo Living @es\u00bb","block_context":{"text":"Casa de Campo Living @es","link":"https:\/\/casadecampoliving.com\/category\/casa-de-campo-living-es\/"},"img":{"alt_text":"","src":"https:\/\/i0.wp.com\/casadecampoliving.com\/wp-content\/uploads\/2022\/10\/IMG_7235-1.jpg?fit=1000%2C667&ssl=1&resize=350%2C200","width":350,"height":200,"srcset":"https:\/\/i0.wp.com\/casadecampoliving.com\/wp-content\/uploads\/2022\/10\/IMG_7235-1.jpg?fit=1000%2C667&ssl=1&resize=350%2C200 1x, https:\/\/i0.wp.com\/casadecampoliving.com\/wp-content\/uploads\/2022\/10\/IMG_7235-1.jpg?fit=1000%2C667&ssl=1&resize=525%2C300 1.5x, https:\/\/i0.wp.com\/casadecampoliving.com\/wp-content\/uploads\/2022\/10\/IMG_7235-1.jpg?fit=1000%2C667&ssl=1&resize=700%2C400 2x"},"classes":[]}],"jetpack_sharing_enabled":true,"_links":{"self":[{"href":"https:\/\/casadecampoliving.com\/es\/wp-json\/wp\/v2\/posts\/339357","targetHints":{"allow":["GET"]}}],"collection":[{"href":"https:\/\/casadecampoliving.com\/es\/wp-json\/wp\/v2\/posts"}],"about":[{"href":"https:\/\/casadecampoliving.com\/es\/wp-json\/wp\/v2\/types\/post"}],"author":[{"embeddable":true,"href":"https:\/\/casadecampoliving.com\/es\/wp-json\/wp\/v2\/users\/21"}],"replies":[{"embeddable":true,"href":"https:\/\/casadecampoliving.com\/es\/wp-json\/wp\/v2\/comments?post=339357"}],"version-history":[{"count":2,"href":"https:\/\/casadecampoliving.com\/es\/wp-json\/wp\/v2\/posts\/339357\/revisions"}],"predecessor-version":[{"id":508358,"href":"https:\/\/casadecampoliving.com\/es\/wp-json\/wp\/v2\/posts\/339357\/revisions\/508358"}],"wp:featuredmedia":[{"embeddable":true,"href":"https:\/\/casadecampoliving.com\/es\/wp-json\/wp\/v2\/media\/251908"}],"wp:attachment":[{"href":"https:\/\/casadecampoliving.com\/es\/wp-json\/wp\/v2\/media?parent=339357"}],"wp:term":[{"taxonomy":"category","embeddable":true,"href":"https:\/\/casadecampoliving.com\/es\/wp-json\/wp\/v2\/categories?post=339357"},{"taxonomy":"post_tag","embeddable":true,"href":"https:\/\/casadecampoliving.com\/es\/wp-json\/wp\/v2\/tags?post=339357"},{"taxonomy":"newspack_spnsrs_tax","embeddable":true,"href":"https:\/\/casadecampoliving.com\/es\/wp-json\/wp\/v2\/newspack_spnsrs_tax?post=339357"}],"curies":[{"name":"wp","href":"https:\/\/api.w.org\/{rel}","templated":true}]}}