{"id":339325,"date":"2012-07-05T00:00:00","date_gmt":"2012-07-05T04:00:00","guid":{"rendered":"https:\/\/casadecampoliving.com\/1er-torneo-de-la-asociacion-de-golf-en-la-romana-se-celebrara-en-honor-a-frank-micheli-andres-velez-y-ramon-cruz\/"},"modified":"2022-10-21T18:48:35","modified_gmt":"2022-10-21T22:48:35","slug":"1er-torneo-de-la-asociacion-de-golf-en-la-romana-se-celebrara-en-honor-a-frank-micheli-andres-velez-y-ramon-cruz","status":"publish","type":"post","link":"https:\/\/casadecampoliving.com\/es\/1er-torneo-de-la-asociacion-de-golf-en-la-romana-se-celebrara-en-honor-a-frank-micheli-andres-velez-y-ramon-cruz\/","title":{"rendered":"1er Torneo de la Asociaci\u00f3n de Golf en La Romana se celebrar\u00e1 en honor a Frank Micheli, Andr\u00e9s V\u00e9lez y Ram\u00f3n Cruz!"},"content":{"rendered":"<div class=\"wp-block-image\">\n<figure class=\"aligncenter is-resized\"><img loading=\"lazy\" decoding=\"async\" src=\"https:\/\/i0.wp.com\/casadecampoliving.com\/wp-content\/uploads\/2022\/10\/torneo_de_gol_casa_de_campo.jpg?resize=650%2C427&amp;ssl=1\" alt=\"torneo de golf casa de campo\" class=\"wp-image-53681\" title=\"torneo_de_gol_casa_de_campo\" height=\"427\" width=\"650\"\/><\/figure>\n<\/div>\n\n\n<p>Este s\u00e1bado 7 de julio, la Asociaci\u00f3n&nbsp;de Golf de La Romana organizar\u00e1 el primer torneo de golf en Casa de Campo en honor a los reconocidos miembros de la comunidad de La Romana; Francisco Micheli, Andr\u00e9s Vel\u00e9z (Andy) y Ram\u00f3n (Cucho) Cruz. &nbsp;<\/p>\n\n\n\n<!--more-->\n\n\n\n<p>El I Torneo de la Asociaci\u00f3n de Golf en La Romana es dirigido por el empresario romanense Federico F\u00e9lix y auspiciado por el Central Romana Corporation, Casa de Campo y Costasur, ser\u00e1 jugado este s\u00e1bado 7 de julio a la 1pm en el campo de golf Links de Casa de Campo en el formato \u201cBest ball in pars\u201d y est\u00e1 abierto al p\u00fablico.<\/p>\n\n\n<div class=\"wp-block-image\">\n<figure class=\"alignright is-resized\"><img loading=\"lazy\" decoding=\"async\" src=\"https:\/\/i0.wp.com\/casadecampoliving.com\/wp-content\/uploads\/2022\/10\/andres_velez1.jpg?resize=250%2C287&amp;ssl=1\" alt=\"andres velez\" class=\"wp-image-53780\" title=\"andres_velez\" height=\"287\" width=\"250\"\/><\/figure>\n<\/div>\n\n\n<p>Para esta primera edici\u00f3n, el Torneo de la Asociaci\u00f3n de Golf de La Romana, fueron elegidos Francisco Micheli, Andr\u00e9s Vel\u00e9z (Andy) y Ram\u00f3n (Cucho) Cruz para ser honrados. Ellos que, no solo son destacados jugadores de golf, tambi\u00e9n estar\u00e1n celebrando sus cumplea\u00f1os este mes \u2013 y qu\u00e9 mejor manera de hacerlo que con un torneo de golf en su honor!<br>\n<strong>Feliz cumplea\u00f1os, caballeros!<\/strong><\/p>\n\n\n\n<p>Francisco Micheli, mejor conocido como el presidente del equipo de b\u00e9isbol, Los Toros del Este, expresa que \u201c<strong>e<\/strong><em><strong>s una gran distinci\u00f3n que aprecio y valoro en mi nombre y en el de toda mi familia\u201d,<\/strong><\/em>&nbsp;mientras que Andr\u00e9s&nbsp;(Andy) Vel\u00e9z, Vicepresidente de Finanzas en el Central Romana Corporation est\u00e1 particularmente feliz de tomar parte en el torneo, en el que jugar\u00e1 junto a su hijo (tambi\u00e9n Andr\u00e9s Vel\u00e9z) y quien nos comento que; <em><strong>\u201cmi padre&nbsp;se siente muy honrado y agradecido al Central Romana Corp. como a la Asociacion de Golf de la Romana.\u201d<\/strong><\/em><\/p>\n\n\n\n<p>Luego del torneo, la ceremonia de premiaci\u00f3n y cena e inclusive fiesta bailable, se llevar\u00e1n a cabo en el Club Caza y Pesca from 7:30pm<\/p>\n\n\n\n<blockquote class=\"wp-block-quote is-layout-flow wp-block-quote-is-layout-flow\"><p><strong>El 1er Torneo de la Asociaci\u00f3n de Golf en La Romana<\/strong><\/p><p><strong>Cu\u00e1ndo:<\/strong> S\u00e1bado 7 de julio, 1pm<\/p><p><strong>D\u00f3nde:<\/strong>&nbsp;Campo de golf Links, Casa de Campo<\/p><p><strong>Costo:<\/strong> RD$2,000 por jugador<\/p><p><strong>Registro e information:&nbsp;<\/strong><br>\n\u2022 Margarita en el Club Caza y Pesca: 809-556-1280<br>\n\u2022 Dania en el Estadio Toros del Este: 809-556-6188<\/p><\/blockquote>\n\n\n\n<p>[Fotos de Andr\u00e9s Vel\u00e9z (hijo) y Andr\u00e9s (Andy) Vel\u00e9z por Golfistas Dominicanos.]<\/p>\n","protected":false},"excerpt":{"rendered":"<p>Este s\u00e1bado 7 de julio, la Asociaci\u00f3n&nbsp;de Golf de La Romana organizar\u00e1 el primer torneo de golf en Casa de Campo en honor a los reconocidos miembros de la comunidad de La Romana; Francisco Micheli, Andr\u00e9s Vel\u00e9z (Andy) y Ram\u00f3n (Cucho) Cruz. &nbsp;<\/p>\n","protected":false},"author":21,"featured_media":251236,"comment_status":"closed","ping_status":"closed","sticky":false,"template":"","format":"standard","meta":{"newspack_ads_suppress_ads":false,"newspack_popups_has_disabled_popups":false,"newspack_sponsor_sponsorship_scope":"","newspack_sponsor_native_byline_display":"inherit","newspack_sponsor_native_category_display":"inherit","newspack_sponsor_underwriter_style":"inherit","newspack_sponsor_underwriter_placement":"inherit","_newspack_byline_active":false,"_newspack_byline":"","newspack_hide_updated_date":false,"newspack_show_updated_date":false,"newspack_content_restriction_is_exempt":false,"newspack_featured_image_position":"","newspack_post_subtitle":"","newspack_article_summary_title":"Overview:","newspack_article_summary":"","_jetpack_memberships_contains_paid_content":false,"footnotes":"","jetpack_publicize_message":"","jetpack_publicize_feature_enabled":true,"jetpack_social_post_already_shared":false,"jetpack_social_options":{"image_generator_settings":{"template":"highway","default_image_id":0,"font":"","enabled":false},"version":2},"_wpas_customize_per_network":false},"categories":[2525,2522,14625,14627,2526],"tags":[4762,4763,4760,176,18932,4761],"newspack_spnsrs_tax":[],"class_list":["post-339325","post","type-post","status-publish","format-standard","has-post-thumbnail","hentry","category-golf-deportes-es","category-eventos-es","category-noticias-locales","category-proximamente","category-titulares-es","tag-andres-velez","tag-campo-de-golf-links","tag-frank-micheli","tag-golf","tag-la-romana-es-4","tag-ramon-cruz","entry"],"yoast_head":"<!-- This site is optimized with the Yoast SEO plugin v27.4 - https:\/\/yoast.com\/product\/yoast-seo-wordpress\/ -->\n<title>1er Torneo de la Asociaci\u00f3n de Golf en La Romana se celebrar\u00e1 en honor a Frank Micheli, Andr\u00e9s V\u00e9lez y Ram\u00f3n Cruz! | Casa de Campo Living<\/title>\n<meta name=\"description\" content=\"Este s\u00e1bado 7 de julio, la Asociaci\u00f3n&nbsp;de Golf de La Romana organizar\u00e1 el primer torneo de golf en Casa de Campo en honor a los reconocidos miembros\" \/>\n<meta name=\"robots\" content=\"index, follow, max-snippet:-1, max-image-preview:large, max-video-preview:-1\" \/>\n<link rel=\"canonical\" href=\"https:\/\/casadecampoliving.com\/es\/1er-torneo-de-la-asociacion-de-golf-en-la-romana-se-celebrara-en-honor-a-frank-micheli-andres-velez-y-ramon-cruz\/\" \/>\n<meta property=\"og:locale\" content=\"es_ES\" \/>\n<meta property=\"og:type\" content=\"article\" \/>\n<meta property=\"og:title\" content=\"1er Torneo de la Asociaci\u00f3n de Golf en La Romana se celebrar\u00e1 en honor a Frank Micheli, Andr\u00e9s V\u00e9lez y Ram\u00f3n Cruz! | Casa de Campo Living\" \/>\n<meta property=\"og:description\" content=\"Este s\u00e1bado 7 de julio, la Asociaci\u00f3n&nbsp;de Golf de La Romana organizar\u00e1 el primer torneo de golf en Casa de Campo en honor a los reconocidos miembros\" \/>\n<meta property=\"og:url\" content=\"https:\/\/casadecampoliving.com\/es\/1er-torneo-de-la-asociacion-de-golf-en-la-romana-se-celebrara-en-honor-a-frank-micheli-andres-velez-y-ramon-cruz\/\" \/>\n<meta property=\"og:site_name\" content=\"Casa de Campo Living\" \/>\n<meta property=\"article:publisher\" content=\"https:\/\/www.facebook.com\/casadecampoliving\" \/>\n<meta property=\"article:published_time\" content=\"2012-07-05T04:00:00+00:00\" \/>\n<meta property=\"article:modified_time\" content=\"2022-10-21T22:48:35+00:00\" \/>\n<meta property=\"og:image\" content=\"https:\/\/i0.wp.com\/casadecampoliving.com\/wp-content\/uploads\/2022\/10\/torneo_de_gol_casa_de_campo-1.jpg?fit=650%2C427&ssl=1\" \/>\n\t<meta property=\"og:image:width\" content=\"650\" \/>\n\t<meta property=\"og:image:height\" content=\"427\" \/>\n\t<meta property=\"og:image:type\" content=\"image\/jpeg\" \/>\n<meta name=\"twitter:card\" content=\"summary_large_image\" \/>\n<meta name=\"twitter:creator\" content=\"@cdcliving\" \/>\n<meta name=\"twitter:site\" content=\"@cdcliving\" \/>\n<meta name=\"twitter:label1\" content=\"Escrito por\" \/>\n\t<meta name=\"twitter:data1\" content=\"\" \/>\n\t<meta name=\"twitter:label2\" content=\"Tiempo de lectura\" \/>\n\t<meta name=\"twitter:data2\" content=\"2 minutos\" \/>\n<script type=\"application\/ld+json\" class=\"yoast-schema-graph\">{\"@context\":\"https:\\\/\\\/schema.org\",\"@graph\":[{\"@type\":\"Article\",\"@id\":\"https:\\\/\\\/casadecampoliving.com\\\/es\\\/1er-torneo-de-la-asociacion-de-golf-en-la-romana-se-celebrara-en-honor-a-frank-micheli-andres-velez-y-ramon-cruz\\\/#article\",\"isPartOf\":{\"@id\":\"https:\\\/\\\/casadecampoliving.com\\\/es\\\/1er-torneo-de-la-asociacion-de-golf-en-la-romana-se-celebrara-en-honor-a-frank-micheli-andres-velez-y-ramon-cruz\\\/\"},\"author\":{\"name\":\"\",\"@id\":\"https:\\\/\\\/casadecampoliving.com\\\/es\\\/#\\\/schema\\\/person\\\/7e3b975d584a5f6ac0fd7128a81b0bc5\"},\"headline\":\"1er Torneo de la Asociaci\u00f3n de Golf en La Romana se celebrar\u00e1 en honor a Frank Micheli, Andr\u00e9s V\u00e9lez y Ram\u00f3n Cruz!\",\"datePublished\":\"2012-07-05T04:00:00+00:00\",\"dateModified\":\"2022-10-21T22:48:35+00:00\",\"mainEntityOfPage\":{\"@id\":\"https:\\\/\\\/casadecampoliving.com\\\/es\\\/1er-torneo-de-la-asociacion-de-golf-en-la-romana-se-celebrara-en-honor-a-frank-micheli-andres-velez-y-ramon-cruz\\\/\"},\"wordCount\":415,\"publisher\":{\"@id\":\"https:\\\/\\\/casadecampoliving.com\\\/es\\\/#organization\"},\"image\":{\"@id\":\"https:\\\/\\\/casadecampoliving.com\\\/es\\\/1er-torneo-de-la-asociacion-de-golf-en-la-romana-se-celebrara-en-honor-a-frank-micheli-andres-velez-y-ramon-cruz\\\/#primaryimage\"},\"thumbnailUrl\":\"https:\\\/\\\/i0.wp.com\\\/casadecampoliving.com\\\/wp-content\\\/uploads\\\/2022\\\/10\\\/torneo_de_gol_casa_de_campo-1.jpg?fit=650%2C427&ssl=1\",\"keywords\":[\"andres velez\",\"campo de golf links\",\"frank micheli\",\"Golf\",\"La Romana\",\"ramon cruz\"],\"articleSection\":[\"Deportes\",\"Eventos\",\"Noticias Locales\",\"Proximamente\",\"Titulares\"],\"inLanguage\":\"es\"},{\"@type\":\"WebPage\",\"@id\":\"https:\\\/\\\/casadecampoliving.com\\\/es\\\/1er-torneo-de-la-asociacion-de-golf-en-la-romana-se-celebrara-en-honor-a-frank-micheli-andres-velez-y-ramon-cruz\\\/\",\"url\":\"https:\\\/\\\/casadecampoliving.com\\\/es\\\/1er-torneo-de-la-asociacion-de-golf-en-la-romana-se-celebrara-en-honor-a-frank-micheli-andres-velez-y-ramon-cruz\\\/\",\"name\":\"1er Torneo de la Asociaci\u00f3n de Golf en La Romana se celebrar\u00e1 en honor a Frank Micheli, Andr\u00e9s V\u00e9lez y Ram\u00f3n Cruz! | Casa de Campo Living\",\"isPartOf\":{\"@id\":\"https:\\\/\\\/casadecampoliving.com\\\/es\\\/#website\"},\"primaryImageOfPage\":{\"@id\":\"https:\\\/\\\/casadecampoliving.com\\\/es\\\/1er-torneo-de-la-asociacion-de-golf-en-la-romana-se-celebrara-en-honor-a-frank-micheli-andres-velez-y-ramon-cruz\\\/#primaryimage\"},\"image\":{\"@id\":\"https:\\\/\\\/casadecampoliving.com\\\/es\\\/1er-torneo-de-la-asociacion-de-golf-en-la-romana-se-celebrara-en-honor-a-frank-micheli-andres-velez-y-ramon-cruz\\\/#primaryimage\"},\"thumbnailUrl\":\"https:\\\/\\\/i0.wp.com\\\/casadecampoliving.com\\\/wp-content\\\/uploads\\\/2022\\\/10\\\/torneo_de_gol_casa_de_campo-1.jpg?fit=650%2C427&ssl=1\",\"datePublished\":\"2012-07-05T04:00:00+00:00\",\"dateModified\":\"2022-10-21T22:48:35+00:00\",\"description\":\"Este s\u00e1bado 7 de julio, la Asociaci\u00f3n&nbsp;de Golf de La Romana organizar\u00e1 el primer torneo de golf en Casa de Campo en honor a los reconocidos miembros\",\"breadcrumb\":{\"@id\":\"https:\\\/\\\/casadecampoliving.com\\\/es\\\/1er-torneo-de-la-asociacion-de-golf-en-la-romana-se-celebrara-en-honor-a-frank-micheli-andres-velez-y-ramon-cruz\\\/#breadcrumb\"},\"inLanguage\":\"es\",\"potentialAction\":[{\"@type\":\"ReadAction\",\"target\":[\"https:\\\/\\\/casadecampoliving.com\\\/es\\\/1er-torneo-de-la-asociacion-de-golf-en-la-romana-se-celebrara-en-honor-a-frank-micheli-andres-velez-y-ramon-cruz\\\/\"]}]},{\"@type\":\"ImageObject\",\"inLanguage\":\"es\",\"@id\":\"https:\\\/\\\/casadecampoliving.com\\\/es\\\/1er-torneo-de-la-asociacion-de-golf-en-la-romana-se-celebrara-en-honor-a-frank-micheli-andres-velez-y-ramon-cruz\\\/#primaryimage\",\"url\":\"https:\\\/\\\/i0.wp.com\\\/casadecampoliving.com\\\/wp-content\\\/uploads\\\/2022\\\/10\\\/torneo_de_gol_casa_de_campo-1.jpg?fit=650%2C427&ssl=1\",\"contentUrl\":\"https:\\\/\\\/i0.wp.com\\\/casadecampoliving.com\\\/wp-content\\\/uploads\\\/2022\\\/10\\\/torneo_de_gol_casa_de_campo-1.jpg?fit=650%2C427&ssl=1\",\"width\":650,\"height\":427,\"caption\":\"torneo de golf casa de campo\"},{\"@type\":\"BreadcrumbList\",\"@id\":\"https:\\\/\\\/casadecampoliving.com\\\/es\\\/1er-torneo-de-la-asociacion-de-golf-en-la-romana-se-celebrara-en-honor-a-frank-micheli-andres-velez-y-ramon-cruz\\\/#breadcrumb\",\"itemListElement\":[{\"@type\":\"ListItem\",\"position\":1,\"name\":\"Home\",\"item\":\"https:\\\/\\\/casadecampoliving.com\\\/es\\\/\"},{\"@type\":\"ListItem\",\"position\":2,\"name\":\"1er Torneo de la Asociaci\u00f3n de Golf en La Romana se celebrar\u00e1 en honor a Frank Micheli, Andr\u00e9s V\u00e9lez y Ram\u00f3n Cruz!\"}]},{\"@type\":\"WebSite\",\"@id\":\"https:\\\/\\\/casadecampoliving.com\\\/es\\\/#website\",\"url\":\"https:\\\/\\\/casadecampoliving.com\\\/es\\\/\",\"name\":\"Casa de Campo Living\",\"description\":\"Resort community news and resources.\",\"publisher\":{\"@id\":\"https:\\\/\\\/casadecampoliving.com\\\/es\\\/#organization\"},\"potentialAction\":[{\"@type\":\"SearchAction\",\"target\":{\"@type\":\"EntryPoint\",\"urlTemplate\":\"https:\\\/\\\/casadecampoliving.com\\\/es\\\/?s={search_term_string}\"},\"query-input\":{\"@type\":\"PropertyValueSpecification\",\"valueRequired\":true,\"valueName\":\"search_term_string\"}}],\"inLanguage\":\"es\"},{\"@type\":\"Organization\",\"@id\":\"https:\\\/\\\/casadecampoliving.com\\\/es\\\/#organization\",\"name\":\"Casa de Campo Living\",\"url\":\"https:\\\/\\\/casadecampoliving.com\\\/es\\\/\",\"logo\":{\"@type\":\"ImageObject\",\"inLanguage\":\"es\",\"@id\":\"https:\\\/\\\/casadecampoliving.com\\\/es\\\/#\\\/schema\\\/logo\\\/image\\\/\",\"url\":\"https:\\\/\\\/i0.wp.com\\\/casadecampoliving.com\\\/wp-content\\\/uploads\\\/2022\\\/07\\\/CDCLivingLogo_V1-white-sized.png?fit=800%2C214&ssl=1\",\"contentUrl\":\"https:\\\/\\\/i0.wp.com\\\/casadecampoliving.com\\\/wp-content\\\/uploads\\\/2022\\\/07\\\/CDCLivingLogo_V1-white-sized.png?fit=800%2C214&ssl=1\",\"width\":800,\"height\":214,\"caption\":\"Casa de Campo Living\"},\"image\":{\"@id\":\"https:\\\/\\\/casadecampoliving.com\\\/es\\\/#\\\/schema\\\/logo\\\/image\\\/\"},\"sameAs\":[\"https:\\\/\\\/www.facebook.com\\\/casadecampoliving\",\"https:\\\/\\\/x.com\\\/cdcliving\"]},{\"@type\":\"Person\",\"@id\":\"https:\\\/\\\/casadecampoliving.com\\\/es\\\/#\\\/schema\\\/person\\\/7e3b975d584a5f6ac0fd7128a81b0bc5\",\"name\":\"\",\"image\":{\"@type\":\"ImageObject\",\"inLanguage\":\"es\",\"@id\":\"https:\\\/\\\/secure.gravatar.com\\\/avatar\\\/?s=96&d=mm&r=g\",\"url\":\"https:\\\/\\\/secure.gravatar.com\\\/avatar\\\/?s=96&d=mm&r=g\",\"contentUrl\":\"https:\\\/\\\/secure.gravatar.com\\\/avatar\\\/?s=96&d=mm&r=g\"},\"url\":\"https:\\\/\\\/casadecampoliving.com\\\/es\\\/author\\\/ \\\/\"}]}<\/script>\n<!-- \/ Yoast SEO plugin. -->","yoast_head_json":{"title":"1er Torneo de la Asociaci\u00f3n de Golf en La Romana se celebrar\u00e1 en honor a Frank Micheli, Andr\u00e9s V\u00e9lez y Ram\u00f3n Cruz! | Casa de Campo Living","description":"Este s\u00e1bado 7 de julio, la Asociaci\u00f3n&nbsp;de Golf de La Romana organizar\u00e1 el primer torneo de golf en Casa de Campo en honor a los reconocidos miembros","robots":{"index":"index","follow":"follow","max-snippet":"max-snippet:-1","max-image-preview":"max-image-preview:large","max-video-preview":"max-video-preview:-1"},"canonical":"https:\/\/casadecampoliving.com\/es\/1er-torneo-de-la-asociacion-de-golf-en-la-romana-se-celebrara-en-honor-a-frank-micheli-andres-velez-y-ramon-cruz\/","og_locale":"es_ES","og_type":"article","og_title":"1er Torneo de la Asociaci\u00f3n de Golf en La Romana se celebrar\u00e1 en honor a Frank Micheli, Andr\u00e9s V\u00e9lez y Ram\u00f3n Cruz! | Casa de Campo Living","og_description":"Este s\u00e1bado 7 de julio, la Asociaci\u00f3n&nbsp;de Golf de La Romana organizar\u00e1 el primer torneo de golf en Casa de Campo en honor a los reconocidos miembros","og_url":"https:\/\/casadecampoliving.com\/es\/1er-torneo-de-la-asociacion-de-golf-en-la-romana-se-celebrara-en-honor-a-frank-micheli-andres-velez-y-ramon-cruz\/","og_site_name":"Casa de Campo Living","article_publisher":"https:\/\/www.facebook.com\/casadecampoliving","article_published_time":"2012-07-05T04:00:00+00:00","article_modified_time":"2022-10-21T22:48:35+00:00","og_image":[{"width":650,"height":427,"url":"https:\/\/i0.wp.com\/casadecampoliving.com\/wp-content\/uploads\/2022\/10\/torneo_de_gol_casa_de_campo-1.jpg?fit=650%2C427&ssl=1","type":"image\/jpeg"}],"twitter_card":"summary_large_image","twitter_creator":"@cdcliving","twitter_site":"@cdcliving","twitter_misc":{"Escrito por":"","Tiempo de lectura":"2 minutos"},"schema":{"@context":"https:\/\/schema.org","@graph":[{"@type":"Article","@id":"https:\/\/casadecampoliving.com\/es\/1er-torneo-de-la-asociacion-de-golf-en-la-romana-se-celebrara-en-honor-a-frank-micheli-andres-velez-y-ramon-cruz\/#article","isPartOf":{"@id":"https:\/\/casadecampoliving.com\/es\/1er-torneo-de-la-asociacion-de-golf-en-la-romana-se-celebrara-en-honor-a-frank-micheli-andres-velez-y-ramon-cruz\/"},"author":{"name":"","@id":"https:\/\/casadecampoliving.com\/es\/#\/schema\/person\/7e3b975d584a5f6ac0fd7128a81b0bc5"},"headline":"1er Torneo de la Asociaci\u00f3n de Golf en La Romana se celebrar\u00e1 en honor a Frank Micheli, Andr\u00e9s V\u00e9lez y Ram\u00f3n Cruz!","datePublished":"2012-07-05T04:00:00+00:00","dateModified":"2022-10-21T22:48:35+00:00","mainEntityOfPage":{"@id":"https:\/\/casadecampoliving.com\/es\/1er-torneo-de-la-asociacion-de-golf-en-la-romana-se-celebrara-en-honor-a-frank-micheli-andres-velez-y-ramon-cruz\/"},"wordCount":415,"publisher":{"@id":"https:\/\/casadecampoliving.com\/es\/#organization"},"image":{"@id":"https:\/\/casadecampoliving.com\/es\/1er-torneo-de-la-asociacion-de-golf-en-la-romana-se-celebrara-en-honor-a-frank-micheli-andres-velez-y-ramon-cruz\/#primaryimage"},"thumbnailUrl":"https:\/\/i0.wp.com\/casadecampoliving.com\/wp-content\/uploads\/2022\/10\/torneo_de_gol_casa_de_campo-1.jpg?fit=650%2C427&ssl=1","keywords":["andres velez","campo de golf links","frank micheli","Golf","La Romana","ramon cruz"],"articleSection":["Deportes","Eventos","Noticias Locales","Proximamente","Titulares"],"inLanguage":"es"},{"@type":"WebPage","@id":"https:\/\/casadecampoliving.com\/es\/1er-torneo-de-la-asociacion-de-golf-en-la-romana-se-celebrara-en-honor-a-frank-micheli-andres-velez-y-ramon-cruz\/","url":"https:\/\/casadecampoliving.com\/es\/1er-torneo-de-la-asociacion-de-golf-en-la-romana-se-celebrara-en-honor-a-frank-micheli-andres-velez-y-ramon-cruz\/","name":"1er Torneo de la Asociaci\u00f3n de Golf en La Romana se celebrar\u00e1 en honor a Frank Micheli, Andr\u00e9s V\u00e9lez y Ram\u00f3n Cruz! | Casa de Campo Living","isPartOf":{"@id":"https:\/\/casadecampoliving.com\/es\/#website"},"primaryImageOfPage":{"@id":"https:\/\/casadecampoliving.com\/es\/1er-torneo-de-la-asociacion-de-golf-en-la-romana-se-celebrara-en-honor-a-frank-micheli-andres-velez-y-ramon-cruz\/#primaryimage"},"image":{"@id":"https:\/\/casadecampoliving.com\/es\/1er-torneo-de-la-asociacion-de-golf-en-la-romana-se-celebrara-en-honor-a-frank-micheli-andres-velez-y-ramon-cruz\/#primaryimage"},"thumbnailUrl":"https:\/\/i0.wp.com\/casadecampoliving.com\/wp-content\/uploads\/2022\/10\/torneo_de_gol_casa_de_campo-1.jpg?fit=650%2C427&ssl=1","datePublished":"2012-07-05T04:00:00+00:00","dateModified":"2022-10-21T22:48:35+00:00","description":"Este s\u00e1bado 7 de julio, la Asociaci\u00f3n&nbsp;de Golf de La Romana organizar\u00e1 el primer torneo de golf en Casa de Campo en honor a los reconocidos miembros","breadcrumb":{"@id":"https:\/\/casadecampoliving.com\/es\/1er-torneo-de-la-asociacion-de-golf-en-la-romana-se-celebrara-en-honor-a-frank-micheli-andres-velez-y-ramon-cruz\/#breadcrumb"},"inLanguage":"es","potentialAction":[{"@type":"ReadAction","target":["https:\/\/casadecampoliving.com\/es\/1er-torneo-de-la-asociacion-de-golf-en-la-romana-se-celebrara-en-honor-a-frank-micheli-andres-velez-y-ramon-cruz\/"]}]},{"@type":"ImageObject","inLanguage":"es","@id":"https:\/\/casadecampoliving.com\/es\/1er-torneo-de-la-asociacion-de-golf-en-la-romana-se-celebrara-en-honor-a-frank-micheli-andres-velez-y-ramon-cruz\/#primaryimage","url":"https:\/\/i0.wp.com\/casadecampoliving.com\/wp-content\/uploads\/2022\/10\/torneo_de_gol_casa_de_campo-1.jpg?fit=650%2C427&ssl=1","contentUrl":"https:\/\/i0.wp.com\/casadecampoliving.com\/wp-content\/uploads\/2022\/10\/torneo_de_gol_casa_de_campo-1.jpg?fit=650%2C427&ssl=1","width":650,"height":427,"caption":"torneo de golf casa de campo"},{"@type":"BreadcrumbList","@id":"https:\/\/casadecampoliving.com\/es\/1er-torneo-de-la-asociacion-de-golf-en-la-romana-se-celebrara-en-honor-a-frank-micheli-andres-velez-y-ramon-cruz\/#breadcrumb","itemListElement":[{"@type":"ListItem","position":1,"name":"Home","item":"https:\/\/casadecampoliving.com\/es\/"},{"@type":"ListItem","position":2,"name":"1er Torneo de la Asociaci\u00f3n de Golf en La Romana se celebrar\u00e1 en honor a Frank Micheli, Andr\u00e9s V\u00e9lez y Ram\u00f3n Cruz!"}]},{"@type":"WebSite","@id":"https:\/\/casadecampoliving.com\/es\/#website","url":"https:\/\/casadecampoliving.com\/es\/","name":"Casa de Campo Living","description":"Resort community news and resources.","publisher":{"@id":"https:\/\/casadecampoliving.com\/es\/#organization"},"potentialAction":[{"@type":"SearchAction","target":{"@type":"EntryPoint","urlTemplate":"https:\/\/casadecampoliving.com\/es\/?s={search_term_string}"},"query-input":{"@type":"PropertyValueSpecification","valueRequired":true,"valueName":"search_term_string"}}],"inLanguage":"es"},{"@type":"Organization","@id":"https:\/\/casadecampoliving.com\/es\/#organization","name":"Casa de Campo Living","url":"https:\/\/casadecampoliving.com\/es\/","logo":{"@type":"ImageObject","inLanguage":"es","@id":"https:\/\/casadecampoliving.com\/es\/#\/schema\/logo\/image\/","url":"https:\/\/i0.wp.com\/casadecampoliving.com\/wp-content\/uploads\/2022\/07\/CDCLivingLogo_V1-white-sized.png?fit=800%2C214&ssl=1","contentUrl":"https:\/\/i0.wp.com\/casadecampoliving.com\/wp-content\/uploads\/2022\/07\/CDCLivingLogo_V1-white-sized.png?fit=800%2C214&ssl=1","width":800,"height":214,"caption":"Casa de Campo Living"},"image":{"@id":"https:\/\/casadecampoliving.com\/es\/#\/schema\/logo\/image\/"},"sameAs":["https:\/\/www.facebook.com\/casadecampoliving","https:\/\/x.com\/cdcliving"]},{"@type":"Person","@id":"https:\/\/casadecampoliving.com\/es\/#\/schema\/person\/7e3b975d584a5f6ac0fd7128a81b0bc5","name":"","image":{"@type":"ImageObject","inLanguage":"es","@id":"https:\/\/secure.gravatar.com\/avatar\/?s=96&d=mm&r=g","url":"https:\/\/secure.gravatar.com\/avatar\/?s=96&d=mm&r=g","contentUrl":"https:\/\/secure.gravatar.com\/avatar\/?s=96&d=mm&r=g"},"url":"https:\/\/casadecampoliving.com\/es\/author\/ \/"}]}},"parsely":{"version":"1.1.0","canonical_url":"https:\/\/casadecampoliving.com\/es\/1er-torneo-de-la-asociacion-de-golf-en-la-romana-se-celebrara-en-honor-a-frank-micheli-andres-velez-y-ramon-cruz\/","smart_links":{"inbound":0,"outbound":0},"traffic_boost_suggestions_count":0,"meta":{"@context":"https:\/\/schema.org","@type":"NewsArticle","headline":"1er Torneo de la Asociaci\u00f3n de Golf en La Romana se celebrar\u00e1 en honor a Frank Micheli, Andr\u00e9s V\u00e9lez y Ram\u00f3n Cruz!","url":"http:\/\/casadecampoliving.com\/es\/1er-torneo-de-la-asociacion-de-golf-en-la-romana-se-celebrara-en-honor-a-frank-micheli-andres-velez-y-ramon-cruz\/","mainEntityOfPage":{"@type":"WebPage","@id":"http:\/\/casadecampoliving.com\/es\/1er-torneo-de-la-asociacion-de-golf-en-la-romana-se-celebrara-en-honor-a-frank-micheli-andres-velez-y-ramon-cruz\/"},"thumbnailUrl":"https:\/\/i0.wp.com\/casadecampoliving.com\/wp-content\/uploads\/2022\/10\/torneo_de_gol_casa_de_campo-1.jpg?resize=150%2C150&ssl=1","image":{"@type":"ImageObject","url":"https:\/\/i0.wp.com\/casadecampoliving.com\/wp-content\/uploads\/2022\/10\/torneo_de_gol_casa_de_campo-1.jpg?fit=650%2C427&ssl=1"},"articleSection":"Deportes","author":[{"@type":"Person","name":"FB_515917546"}],"creator":["FB_515917546"],"publisher":{"@type":"Organization","name":"Casa de Campo Living","logo":"https:\/\/casadecampoliving.com\/wp-content\/uploads\/2022\/07\/CDCLivingLogo_V1-white-sized.png"},"keywords":["andres velez","campo de golf links","frank micheli","golf","la romana","ramon cruz"],"dateCreated":"2012-07-05T04:00:00Z","datePublished":"2012-07-05T04:00:00Z","dateModified":"2022-10-21T22:48:35Z"},"rendered":"<script type=\"application\/ld+json\" class=\"wp-parsely-metadata\">{\"@context\":\"https:\\\/\\\/schema.org\",\"@type\":\"NewsArticle\",\"headline\":\"1er Torneo de la Asociaci\\u00f3n de Golf en La Romana se celebrar\\u00e1 en honor a Frank Micheli, Andr\\u00e9s V\\u00e9lez y Ram\\u00f3n Cruz!\",\"url\":\"http:\\\/\\\/casadecampoliving.com\\\/es\\\/1er-torneo-de-la-asociacion-de-golf-en-la-romana-se-celebrara-en-honor-a-frank-micheli-andres-velez-y-ramon-cruz\\\/\",\"mainEntityOfPage\":{\"@type\":\"WebPage\",\"@id\":\"http:\\\/\\\/casadecampoliving.com\\\/es\\\/1er-torneo-de-la-asociacion-de-golf-en-la-romana-se-celebrara-en-honor-a-frank-micheli-andres-velez-y-ramon-cruz\\\/\"},\"thumbnailUrl\":\"https:\\\/\\\/i0.wp.com\\\/casadecampoliving.com\\\/wp-content\\\/uploads\\\/2022\\\/10\\\/torneo_de_gol_casa_de_campo-1.jpg?resize=150%2C150&ssl=1\",\"image\":{\"@type\":\"ImageObject\",\"url\":\"https:\\\/\\\/i0.wp.com\\\/casadecampoliving.com\\\/wp-content\\\/uploads\\\/2022\\\/10\\\/torneo_de_gol_casa_de_campo-1.jpg?fit=650%2C427&ssl=1\"},\"articleSection\":\"Deportes\",\"author\":[{\"@type\":\"Person\",\"name\":\"FB_515917546\"}],\"creator\":[\"FB_515917546\"],\"publisher\":{\"@type\":\"Organization\",\"name\":\"Casa de Campo Living\",\"logo\":\"https:\\\/\\\/casadecampoliving.com\\\/wp-content\\\/uploads\\\/2022\\\/07\\\/CDCLivingLogo_V1-white-sized.png\"},\"keywords\":[\"andres velez\",\"campo de golf links\",\"frank micheli\",\"golf\",\"la romana\",\"ramon cruz\"],\"dateCreated\":\"2012-07-05T04:00:00Z\",\"datePublished\":\"2012-07-05T04:00:00Z\",\"dateModified\":\"2022-10-21T22:48:35Z\"}<\/script>","tracker_url":"https:\/\/cdn.parsely.com\/keys\/casadecampoliving.com\/p.js"},"jetpack_publicize_connections":[],"jetpack_featured_media_url":"https:\/\/i0.wp.com\/casadecampoliving.com\/wp-content\/uploads\/2022\/10\/torneo_de_gol_casa_de_campo-1.jpg?fit=650%2C427&ssl=1","jetpack-related-posts":[{"id":339357,"url":"https:\/\/casadecampoliving.com\/es\/un-fabuloso-cumpleanos-y-ronda-de-golf-el-i-torneo-de-la-asociacion-de-golf-de-la-romana-honra-a-micheli-velez-y-cruz\/","url_meta":{"origin":339325,"position":0},"title":"Un fabuloso cumplea\u00f1os y ronda de golf! El I Torneo de la Asociaci\u00f3n de Golf de La Romana honra a Micheli, V\u00e9lez y Cruz!","author":"","date":"11 Jul, 2012","format":false,"excerpt":"El pasado s\u00e1bado 7 de junio de 2012, el I Torneo de la Asociaci\u00f3n de Golf de La Romana, fue celebrado en uno de los reconocidos campos de golf de Casa de Campo; el Links, contando con la participaci\u00f3n de cantidades de compa\u00f1eros y amigos de Frank Micheli, Ram\u00f3n Cruz\u2026","rel":"","context":"En \u00abEventos\u00bb","block_context":{"text":"Eventos","link":"https:\/\/casadecampoliving.com\/es\/category\/eventos-es\/"},"img":{"alt_text":"Torneo Asociacion de Golf La Romana","src":"https:\/\/i0.wp.com\/casadecampoliving.com\/wp-content\/uploads\/2022\/10\/golf_tournament_lra-1.jpg?fit=650%2C441&ssl=1&resize=350%2C200","width":350,"height":200,"srcset":"https:\/\/i0.wp.com\/casadecampoliving.com\/wp-content\/uploads\/2022\/10\/golf_tournament_lra-1.jpg?fit=650%2C441&ssl=1&resize=350%2C200 1x, https:\/\/i0.wp.com\/casadecampoliving.com\/wp-content\/uploads\/2022\/10\/golf_tournament_lra-1.jpg?fit=650%2C441&ssl=1&resize=525%2C300 1.5x"},"classes":[]},{"id":321445,"url":"https:\/\/casadecampoliving.com\/a-birthday-celebration-and-a-round-of-golf-1st-la-romana-golf-association-tournament-honors-of-micheli-velez-and-cruz\/","url_meta":{"origin":339325,"position":1},"title":"A birthday celebration and a round of golf! 1st La Romana Golf Association Tournament honors of Micheli, Vel\u00e9z and Cruz","author":"","date":"11 Jul, 2012","format":false,"excerpt":"Last Saturday 7th of June 2012, the 1st La Romana Golf Association Tournament was celebrated on one of Casa de Campo's excellent golf courses; the Links, in honor of\u00a0Francisco Micheli, Andr\u00e9s V\u00e9lez and Ram\u00f3n Cruz, all 3 celebrating their birthdays this month\u00a0- and what better way to celebrate than with\u2026","rel":"","context":"En \u00abCasa de Campo Resort\u00bb","block_context":{"text":"Casa de Campo Resort","link":"https:\/\/casadecampoliving.com\/category\/casa-de-campo-resort\/"},"img":{"alt_text":"Torneo Asociacion de Golf La Romana","src":"https:\/\/i0.wp.com\/casadecampoliving.com\/wp-content\/uploads\/2022\/10\/golf_tournament_lra-1.jpg?fit=650%2C441&ssl=1&resize=350%2C200","width":350,"height":200,"srcset":"https:\/\/i0.wp.com\/casadecampoliving.com\/wp-content\/uploads\/2022\/10\/golf_tournament_lra-1.jpg?fit=650%2C441&ssl=1&resize=350%2C200 1x, https:\/\/i0.wp.com\/casadecampoliving.com\/wp-content\/uploads\/2022\/10\/golf_tournament_lra-1.jpg?fit=650%2C441&ssl=1&resize=525%2C300 1.5x"},"classes":[]},{"id":321437,"url":"https:\/\/casadecampoliving.com\/1st-la-romana-golf-association-tournament-to-be-played-in-honor-of-francisco-micheli-andres-velez-and-ramon-cruz\/","url_meta":{"origin":339325,"position":2},"title":"\u00ab1st La Romana Golf Association Tournament\u00bb to be played in honor of Francisco Micheli, Andr\u00e9s Vel\u00e9z and Ram\u00f3n Cruz","author":"Rebecca Silvestri","date":"5 Jul, 2012","format":false,"excerpt":"This Saturday the 7th of July, the \u201cAsociaci\u00f3n\u00a0de Golf de La Romana\u201d (La Romana Golf Association) will host it\u2019s first golf tournament in Casa de Campo, in honor of well known La Romana community members; Francisco Micheli, Andr\u00e9s Vel\u00e9z (Andy) and Ram\u00f3n (Cucho) Cruz. \u00a0 The \u201c1st La Romana Golf\u2026","rel":"","context":"En \u00abEvents and Activities\u00bb","block_context":{"text":"Events and Activities","link":"https:\/\/casadecampoliving.com\/category\/events-and-activities\/"},"img":{"alt_text":"torneo de golf casa de campo","src":"https:\/\/i0.wp.com\/casadecampoliving.com\/wp-content\/uploads\/2022\/10\/torneo_de_gol_casa_de_campo-1.jpg?fit=650%2C427&ssl=1&resize=350%2C200","width":350,"height":200,"srcset":"https:\/\/i0.wp.com\/casadecampoliving.com\/wp-content\/uploads\/2022\/10\/torneo_de_gol_casa_de_campo-1.jpg?fit=650%2C427&ssl=1&resize=350%2C200 1x, https:\/\/i0.wp.com\/casadecampoliving.com\/wp-content\/uploads\/2022\/10\/torneo_de_gol_casa_de_campo-1.jpg?fit=650%2C427&ssl=1&resize=525%2C300 1.5x"},"classes":[]},{"id":354124,"url":"https:\/\/casadecampoliving.com\/es\/casimiro-richiez-y-sabino-del-rosario-ganaron-el-primer-clasico-de-golf-de-la-asociacion-de-golf-la-romana-en-memoria-a-kalil-hache-malkun\/","url_meta":{"origin":339325,"position":3},"title":"Casimiro Richiez y Sabino del Rosario ganaron el Primer Cl\u00e1sico de Golf de la Asociaci\u00f3n de Golf La Romana en memoria a Kalil Hach\u00e9 Malk\u00fan","author":"Casa de Campo Living","date":"9 Ago, 2021","format":false,"excerpt":"El 31 de julio se llev\u00f3 a cabo el Primer Cl\u00e1sico de Golf de la Asociaci\u00f3n de Golf La Romana (Asoglar) en el campo de golf Links en Casa de Campo. Este torneo fue dedicado al difunto Kalil Hach\u00e9 Malk\u00fan, un \u00e1vido jugador de golf y miembro de la comunidad\u2026","rel":"","context":"En \u00abCasa de Campo Living @es\u00bb","block_context":{"text":"Casa de Campo Living @es","link":"https:\/\/casadecampoliving.com\/category\/casa-de-campo-living-es\/"},"img":{"alt_text":"","src":"https:\/\/i0.wp.com\/casadecampoliving.com\/wp-content\/uploads\/2022\/10\/IMG_7235-1.jpg?fit=1000%2C667&ssl=1&resize=350%2C200","width":350,"height":200,"srcset":"https:\/\/i0.wp.com\/casadecampoliving.com\/wp-content\/uploads\/2022\/10\/IMG_7235-1.jpg?fit=1000%2C667&ssl=1&resize=350%2C200 1x, https:\/\/i0.wp.com\/casadecampoliving.com\/wp-content\/uploads\/2022\/10\/IMG_7235-1.jpg?fit=1000%2C667&ssl=1&resize=525%2C300 1.5x, https:\/\/i0.wp.com\/casadecampoliving.com\/wp-content\/uploads\/2022\/10\/IMG_7235-1.jpg?fit=1000%2C667&ssl=1&resize=700%2C400 2x"},"classes":[]},{"id":344997,"url":"https:\/\/casadecampoliving.com\/es\/sully-freddy-ganan-el-torneo-de-golf-de-fin-de-zafra\/","url_meta":{"origin":339325,"position":4},"title":"Sully &#038; Freddy ganan el torneo de golf de Fin de Zafra","author":"Daniela Medina","date":"2 Ago, 2014","format":false,"excerpt":"El domingo, 13 de julio, fue jugado en el campo de golf Dye Fore en Casa de Campo el Golf Invitacional Fin de Zafra Central Romana Corporation, organizado por el \u201cCajuiles Golf Club\u201d, un evento en el que m\u00e1s de 60 golfistas, se reunieron en una hermosa y soleada ma\u00f1ana\u2026","rel":"","context":"En \u00abCasa de Campo Living @es\u00bb","block_context":{"text":"Casa de Campo Living @es","link":"https:\/\/casadecampoliving.com\/category\/casa-de-campo-living-es\/"},"img":{"alt_text":"","src":"https:\/\/i0.wp.com\/casadecampoliving.com\/wp-content\/uploads\/2022\/10\/Rafael-Santana-Khalil-Hache-Ramon-Menendez-y-Juan-Jose-Arteaga-1.jpg?fit=650%2C433&ssl=1&resize=350%2C200","width":350,"height":200,"srcset":"https:\/\/i0.wp.com\/casadecampoliving.com\/wp-content\/uploads\/2022\/10\/Rafael-Santana-Khalil-Hache-Ramon-Menendez-y-Juan-Jose-Arteaga-1.jpg?fit=650%2C433&ssl=1&resize=350%2C200 1x, https:\/\/i0.wp.com\/casadecampoliving.com\/wp-content\/uploads\/2022\/10\/Rafael-Santana-Khalil-Hache-Ramon-Menendez-y-Juan-Jose-Arteaga-1.jpg?fit=650%2C433&ssl=1&resize=525%2C300 1.5x"},"classes":[]},{"id":354104,"url":"https:\/\/casadecampoliving.com\/es\/torneo-de-golf-en-honor-a-kalil-hache-malkun-a-celebrarse-en-the-links-casa-de-campo\/","url_meta":{"origin":339325,"position":5},"title":"Torneo de golf en honor a Kalil Hach\u00e9 Malk\u00fan a celebrarse en The Links Casa de Campo","author":"Casa de Campo Living","date":"16 Jul, 2021","format":false,"excerpt":"El pr\u00f3ximo 31 de julio se celebrar\u00e1 el Primer Cl\u00e1sico de la Asociaci\u00f3n de Golf de La Romana (Asoglar) en el campo de golf Los Links de Casa de Campo. Este torneo tendr\u00e1 una dedicatoria especial a Kalil Hach\u00e9 Malk\u00fan, quien dedic\u00f3 gran parte de su vida en beneficio del\u2026","rel":"","context":"En \u00abCasa de Campo Living @es\u00bb","block_context":{"text":"Casa de Campo Living @es","link":"https:\/\/casadecampoliving.com\/category\/casa-de-campo-living-es\/"},"img":{"alt_text":"","src":"https:\/\/i0.wp.com\/casadecampoliving.com\/wp-content\/uploads\/2022\/10\/WhatsApp-Image-2021-07-15-at-9.01.34-PM-e1626467456512-1.jpeg?fit=1000%2C666&ssl=1&resize=350%2C200","width":350,"height":200,"srcset":"https:\/\/i0.wp.com\/casadecampoliving.com\/wp-content\/uploads\/2022\/10\/WhatsApp-Image-2021-07-15-at-9.01.34-PM-e1626467456512-1.jpeg?fit=1000%2C666&ssl=1&resize=350%2C200 1x, https:\/\/i0.wp.com\/casadecampoliving.com\/wp-content\/uploads\/2022\/10\/WhatsApp-Image-2021-07-15-at-9.01.34-PM-e1626467456512-1.jpeg?fit=1000%2C666&ssl=1&resize=525%2C300 1.5x, https:\/\/i0.wp.com\/casadecampoliving.com\/wp-content\/uploads\/2022\/10\/WhatsApp-Image-2021-07-15-at-9.01.34-PM-e1626467456512-1.jpeg?fit=1000%2C666&ssl=1&resize=700%2C400 2x"},"classes":[]}],"jetpack_sharing_enabled":true,"_links":{"self":[{"href":"https:\/\/casadecampoliving.com\/es\/wp-json\/wp\/v2\/posts\/339325","targetHints":{"allow":["GET"]}}],"collection":[{"href":"https:\/\/casadecampoliving.com\/es\/wp-json\/wp\/v2\/posts"}],"about":[{"href":"https:\/\/casadecampoliving.com\/es\/wp-json\/wp\/v2\/types\/post"}],"author":[{"embeddable":true,"href":"https:\/\/casadecampoliving.com\/es\/wp-json\/wp\/v2\/users\/21"}],"replies":[{"embeddable":true,"href":"https:\/\/casadecampoliving.com\/es\/wp-json\/wp\/v2\/comments?post=339325"}],"version-history":[{"count":1,"href":"https:\/\/casadecampoliving.com\/es\/wp-json\/wp\/v2\/posts\/339325\/revisions"}],"predecessor-version":[{"id":339326,"href":"https:\/\/casadecampoliving.com\/es\/wp-json\/wp\/v2\/posts\/339325\/revisions\/339326"}],"wp:featuredmedia":[{"embeddable":true,"href":"https:\/\/casadecampoliving.com\/es\/wp-json\/wp\/v2\/media\/251236"}],"wp:attachment":[{"href":"https:\/\/casadecampoliving.com\/es\/wp-json\/wp\/v2\/media?parent=339325"}],"wp:term":[{"taxonomy":"category","embeddable":true,"href":"https:\/\/casadecampoliving.com\/es\/wp-json\/wp\/v2\/categories?post=339325"},{"taxonomy":"post_tag","embeddable":true,"href":"https:\/\/casadecampoliving.com\/es\/wp-json\/wp\/v2\/tags?post=339325"},{"taxonomy":"newspack_spnsrs_tax","embeddable":true,"href":"https:\/\/casadecampoliving.com\/es\/wp-json\/wp\/v2\/newspack_spnsrs_tax?post=339325"}],"curies":[{"name":"wp","href":"https:\/\/api.w.org\/{rel}","templated":true}]}}