{"id":339297,"date":"2012-06-29T00:00:00","date_gmt":"2012-06-29T04:00:00","guid":{"rendered":"https:\/\/casadecampoliving.com\/este-fin-de-semana-en-casa-29-de-junio-1-de-julio\/"},"modified":"2022-10-21T18:46:55","modified_gmt":"2022-10-21T22:46:55","slug":"este-fin-de-semana-en-casa-29-de-junio-1-de-julio","status":"publish","type":"post","link":"https:\/\/casadecampoliving.com\/es\/este-fin-de-semana-en-casa-29-de-junio-1-de-julio\/","title":{"rendered":"Este Fin de Semana en Casa: 29 de junio &#8211; 1 de julio"},"content":{"rendered":"<div class=\"wp-block-image\">\n<figure class=\"aligncenter is-resized\"><img loading=\"lazy\" decoding=\"async\" src=\"https:\/\/i0.wp.com\/casadecampoliving.com\/wp-content\/uploads\/2022\/10\/fin-de-semana-2.jpg?resize=650%2C350&amp;ssl=1\" alt=\"fin de semana\" title=\"fin-de-semana\" height=\"350\" width=\"650\"\/><\/figure>\n<\/div>\n\n\n<p>Este fin de semana en Casa de Campo,&nbsp;disfrute de los d\u00edas soleados en la playa privada de Casa de Campo; Minitas, los campos de golf Links y Dye Fore y una maravillosa exhibici\u00f3n de arte.<\/p>\n\n\n\n<blockquote><p style=\"text-align: center;\">Estos eventos, actividades y especiales aplican para la semana de:<\/p><h2 style=\"text-align: center;\">Viernes 29 Junio \u2013 Domingo 1 Julio<\/h2><\/blockquote>\n\n\n\n<p><strong>Las pr\u00f3ximas actividades son:<\/strong><\/p>\n\n\n\n<p>\u2022<a href=\"http:\/\/todocasadecampo.com\/es\/node\/612\">&nbsp;Caf\u00e9 de la Leche \u2013 en el r\u00edo! \u2013 6 de julio<\/a><\/p>\n\n\n\n<p>\u2022<a href=\"http:\/\/www.todocasadecampo.com\/es\/node\/164\">&nbsp;Fundaci\u00f3n MIR \u201cFin de Semana Familia\u201d \u2013 10 de agosto<\/a><\/p>\n\n\n\n<p>\u2022&nbsp;<a href=\"http:\/\/www.todocasadecampo.com\/es\/node\/568\">Due\u00f1os 2012 \u2013 10 de noviembre<\/a><\/p>\n\n\n\n<h3 class=\"wp-block-heading\"><a href=\"http:\/\/www.todocasadecampo.com\/es\"><em>HAGA CLICK AQU\u00cd para el calendario completo!<\/em><\/a><\/h3>\n\n\n\n<p><strong><a href=\"http:\/\/wp.me\/p1kvEy-abH\">Haga click para ver la cartelera de cine y los trailers<\/a><\/strong><\/p>\n\n\n\n<figure class=\"wp-block-image is-resized\"><a href=\"https:\/\/i0.wp.com\/casadecampoliving.com\/wp-content\/uploads\/2022\/10\/casa_de_campo4-9.jpg?ssl=1\"><img loading=\"lazy\" decoding=\"async\" src=\"https:\/\/i0.wp.com\/casadecampoliving.com\/wp-content\/uploads\/2022\/10\/casa_de_campo4-9.jpg?resize=550%2C32&amp;ssl=1\" alt=\"\" title=\"casa_de_campo\" height=\"32\" width=\"550\"\/><\/a><\/figure>\n\n\n\n<p><strong><strong><a href=\"http:\/\/todocasadecampo.com\/es\/node\/570\">Exhibici\u00f3n de arte \u201cFlor de Cayuco\u201d<\/a><br>\nD\u00f3nde:&nbsp;<\/strong><\/strong>Galer\u00eda de arte, Altos de Chav\u00f3n<br>\n<strong><a href=\"http:\/\/todocasadecampo.com\/es\/node\/570\">Haga click aqu\u00ed para m\u00e1s info!<\/a><\/strong><\/p>\n\n\n\n<p><strong><a href=\"http:\/\/www.todocasadecampo.com\/es\/node\/616\">Clases Privadas de Nataci\u00f3n<\/a><\/strong><br>\n<strong>D\u00f3nde<\/strong>: La Romana Country Club, Casa de Campo<br>\n<strong><a href=\"http:\/\/www.todocasadecampo.com\/es\/node\/616\">Haga click aqu\u00ed para m\u00e1s info!&nbsp;<\/a><\/strong><\/p>\n\n\n\n<p><strong><a href=\"http:\/\/www.todocasadecampo.com\/es\/node\/650\">Clases de Zumba<\/a><br>\nD\u00f3nde:<\/strong>&nbsp;Gimnasio de La Romana Country Club<strong><br>\n<a href=\"http:\/\/www.todocasadecampo.com\/es\/node\/650\">Haga click aqu\u00ed para m\u00e1s info!&nbsp;<\/a><\/strong><\/p>\n\n\n\n<p><strong><strong><a href=\"http:\/\/wp.me\/p1kvEy-d0b\">\u201cMen\u00fa Especial de Fin de semana\u201d<\/a><br>\nD\u00f3nde:&nbsp;<\/strong><\/strong>&nbsp;Restaurante y Lounge&nbsp;La Ca\u00f1a by Il Circo<strong><br>\n<strong><a href=\"http:\/\/wp.me\/p1kvEy-d0b\">Haga click aqu\u00ed para m\u00e1s info!<\/a>&nbsp;&nbsp;<\/strong><\/strong><\/p>\n\n\n\n<figure class=\"wp-block-image is-resized\"><img loading=\"lazy\" decoding=\"async\" src=\"https:\/\/i0.wp.com\/casadecampoliving.com\/wp-content\/uploads\/2022\/10\/casa_de_campo21-2.jpg?resize=550%2C32&amp;ssl=1\" alt=\"\" title=\"casa_de_campo2\" height=\"32\" width=\"550\"\/><\/figure>\n\n\n\n<p><a href=\"https:\/\/casadecampoliving.com\/wp-content\/uploads\/2022\/10\/casa_de_campo21-2.jpg\"><strong><strong><\/strong><\/strong><\/a><\/p>\n\n\n\n<p><strong><strong><a href=\"http:\/\/todocasadecampo.com\/es\/node\/570\">Exhibici\u00f3n de arte \u201cFlor de Cayuco\u201d<\/a><br>\nD\u00f3nde:&nbsp;<\/strong><\/strong>Galer\u00eda de arte, Altos de Chav\u00f3n<br>\n<strong><a href=\"http:\/\/todocasadecampo.com\/es\/node\/570\">Haga click aqu\u00ed para m\u00e1s info!<\/a><\/strong><\/p>\n\n\n\n<p><strong><a href=\"http:\/\/www.todocasadecampo.com\/es\/node\/616\">Clases Privadas de Nataci\u00f3n<\/a><\/strong><br>\n<strong>D\u00f3nde<\/strong>: La Romana Country Club, Casa de Campo<br>\n<strong><a href=\"http:\/\/www.todocasadecampo.com\/es\/node\/616\">Haga click aqu\u00ed para m\u00e1s info!&nbsp;<\/a><\/strong><\/p>\n\n\n\n<p><strong><a href=\"http:\/\/wp.me\/p1kvEy-d0b\">\u201cMen\u00fa Especial de Fin de semana\u201d<\/a><br>\nD\u00f3nde:&nbsp;<\/strong>&nbsp;Restaurante y Lounge&nbsp;La Ca\u00f1a by Il Circo<strong><br>\n<strong><a href=\"http:\/\/wp.me\/p1kvEy-d0b\">Haga click aqu\u00ed para m\u00e1s info!<\/a>&nbsp;<\/strong><\/strong><\/p>\n\n\n\n<figure class=\"wp-block-image is-resized\"><a href=\"https:\/\/i0.wp.com\/casadecampoliving.com\/wp-content\/uploads\/2022\/10\/casa_de_campo31-2.jpg?ssl=1\"><img loading=\"lazy\" decoding=\"async\" src=\"https:\/\/i0.wp.com\/casadecampoliving.com\/wp-content\/uploads\/2022\/10\/casa_de_campo31-2.jpg?resize=550%2C32&amp;ssl=1\" alt=\"\" title=\"casa_de_campo3\" height=\"32\" width=\"550\"\/><\/a><\/figure>\n\n\n\n<p><strong><strong><a href=\"http:\/\/todocasadecampo.com\/es\/node\/570\">Exhibici\u00f3n de arte \u201cFlor de Cayuco\u201d<\/a><br>\nD\u00f3nde:&nbsp;<\/strong><\/strong>Galer\u00eda de arte, Altos de Chav\u00f3n<br>\n<strong><a href=\"http:\/\/todocasadecampo.com\/es\/node\/570\">Haga click aqu\u00ed para m\u00e1s info!<\/a><\/strong><\/p>\n\n\n\n<p><strong><a href=\"http:\/\/www.todocasadecampo.com\/es\/node\/616\">Clases Privadas de Nataci\u00f3n<\/a><\/strong><br>\n<strong>D\u00f3nde<\/strong>: La Romana Country Club, Casa de Campo<br>\n<strong><a href=\"http:\/\/www.todocasadecampo.com\/es\/node\/616\">Haga click aqu\u00ed para m\u00e1s info!&nbsp;<\/a><\/strong><\/p>\n\n\n\n<blockquote><p><strong>Mant\u00e9ngase al d\u00eda con T O D O Casa de Campo!<\/strong><\/p><figure><img decoding=\"async\" loading=\"lazy\" title=\"TODO_casa_de_campo\" src=\"https:\/\/i0.wp.com\/casadecampoliving.com\/wp-content\/uploads\/2022\/10\/TODO_casa_de_campo1-13.jpg?resize=503%2C538&amp;ssl=1\" alt=\"TODO casa de campo\" width=\"503\" height=\"538\"><\/figure><p>Silgon Inc. (los creadores de la revista CasaLife y Casa de Campo Living) acaban de lanzar \u201cT O D O Casa de Campo\u201d, la oficial gu\u00ed bilingue de Casa de Campo; una invaluable herramienta para disfrutar de Casa de Campo, con un calendario de eventos, mapas, tarifas, horarios, n\u00fameros telef\u00f3nicos y mucho m\u00e1s.<\/p><p><strong><a href=\"http:\/\/www.todocasadecampo.com\/es\">Haga click aqu\u00ed para ver la versi\u00f3n en l\u00ednea de \u201cT O D O Casa de Campo\u201d&nbsp;<\/a><\/strong><\/p><\/blockquote>\n","protected":false},"excerpt":{"rendered":"<p>Este fin de semana en Casa de Campo,&nbsp;disfrute de los d\u00edas soleados en la playa privada de Casa de Campo; Minitas, los campos de golf Links y Dye Fore y una maravillosa exhibici\u00f3n de arte. Estos eventos, actividades y especiales aplican para la semana de: Viernes 29 Junio \u2013 Domingo 1 Julio Las pr\u00f3ximas actividades [&hellip;]<\/p>\n","protected":false},"author":21,"featured_media":223889,"comment_status":"closed","ping_status":"closed","sticky":false,"template":"","format":"standard","meta":{"newspack_ads_suppress_ads":false,"newspack_popups_has_disabled_popups":false,"newspack_sponsor_sponsorship_scope":"","newspack_sponsor_native_byline_display":"inherit","newspack_sponsor_native_category_display":"inherit","newspack_sponsor_underwriter_style":"inherit","newspack_sponsor_underwriter_placement":"inherit","_newspack_byline_active":false,"_newspack_byline":"","newspack_hide_updated_date":false,"newspack_show_updated_date":false,"newspack_content_restriction_is_exempt":false,"newspack_featured_image_position":"","newspack_post_subtitle":"","newspack_article_summary_title":"Overview:","newspack_article_summary":"","_jetpack_memberships_contains_paid_content":false,"footnotes":"","jetpack_publicize_message":"","jetpack_publicize_feature_enabled":true,"jetpack_social_post_already_shared":false,"jetpack_social_options":{"image_generator_settings":{"template":"highway","default_image_id":0,"font":"","enabled":false},"version":2},"_wpas_customize_per_network":false},"categories":[14625,26822],"tags":[3263],"newspack_spnsrs_tax":[],"class_list":["post-339297","post","type-post","status-publish","format-standard","has-post-thumbnail","hentry","category-noticias-locales","category-resort-casa-de-campo","tag-este-fin-de-semana-en-casa","entry"],"yoast_head":"<!-- This site is optimized with the Yoast SEO plugin v27.5 - https:\/\/yoast.com\/product\/yoast-seo-wordpress\/ -->\n<title>Este Fin de Semana en Casa: 29 de junio - 1 de julio | Casa de Campo Living<\/title>\n<meta name=\"description\" content=\"Este fin de semana en Casa de Campo,&nbsp;disfrute de los d\u00edas soleados en la playa privada de Casa de Campo; Minitas, los campos de golf Links y Dye Fore\" \/>\n<meta name=\"robots\" content=\"index, follow, max-snippet:-1, max-image-preview:large, max-video-preview:-1\" \/>\n<link rel=\"canonical\" href=\"https:\/\/casadecampoliving.com\/es\/este-fin-de-semana-en-casa-29-de-junio-1-de-julio\/\" \/>\n<meta property=\"og:locale\" content=\"es_ES\" \/>\n<meta property=\"og:type\" content=\"article\" \/>\n<meta property=\"og:title\" content=\"Este Fin de Semana en Casa: 29 de junio - 1 de julio | Casa de Campo Living\" \/>\n<meta property=\"og:description\" content=\"Este fin de semana en Casa de Campo,&nbsp;disfrute de los d\u00edas soleados en la playa privada de Casa de Campo; Minitas, los campos de golf Links y Dye Fore\" \/>\n<meta property=\"og:url\" content=\"https:\/\/casadecampoliving.com\/es\/este-fin-de-semana-en-casa-29-de-junio-1-de-julio\/\" \/>\n<meta property=\"og:site_name\" content=\"Casa de Campo Living\" \/>\n<meta property=\"article:publisher\" content=\"https:\/\/www.facebook.com\/casadecampoliving\" \/>\n<meta property=\"article:published_time\" content=\"2012-06-29T04:00:00+00:00\" \/>\n<meta property=\"article:modified_time\" content=\"2022-10-21T22:46:55+00:00\" \/>\n<meta property=\"og:image\" content=\"https:\/\/i0.wp.com\/casadecampoliving.com\/wp-content\/uploads\/2022\/10\/weekend-1.jpg?fit=650%2C350&ssl=1\" \/>\n\t<meta property=\"og:image:width\" content=\"650\" \/>\n\t<meta property=\"og:image:height\" content=\"350\" \/>\n\t<meta property=\"og:image:type\" content=\"image\/jpeg\" \/>\n<meta name=\"twitter:card\" content=\"summary_large_image\" \/>\n<meta name=\"twitter:creator\" content=\"@cdcliving\" \/>\n<meta name=\"twitter:site\" content=\"@cdcliving\" \/>\n<meta name=\"twitter:label1\" content=\"Escrito por\" \/>\n\t<meta name=\"twitter:data1\" content=\"\" \/>\n\t<meta name=\"twitter:label2\" content=\"Tiempo de lectura\" \/>\n\t<meta name=\"twitter:data2\" content=\"2 minutos\" \/>\n<script type=\"application\/ld+json\" class=\"yoast-schema-graph\">{\"@context\":\"https:\\\/\\\/schema.org\",\"@graph\":[{\"@type\":\"Article\",\"@id\":\"https:\\\/\\\/casadecampoliving.com\\\/es\\\/este-fin-de-semana-en-casa-29-de-junio-1-de-julio\\\/#article\",\"isPartOf\":{\"@id\":\"https:\\\/\\\/casadecampoliving.com\\\/es\\\/este-fin-de-semana-en-casa-29-de-junio-1-de-julio\\\/\"},\"author\":{\"name\":\"\",\"@id\":\"https:\\\/\\\/casadecampoliving.com\\\/es\\\/#\\\/schema\\\/person\\\/7e3b975d584a5f6ac0fd7128a81b0bc5\"},\"headline\":\"Este Fin de Semana en Casa: 29 de junio &#8211; 1 de julio\",\"datePublished\":\"2012-06-29T04:00:00+00:00\",\"dateModified\":\"2022-10-21T22:46:55+00:00\",\"mainEntityOfPage\":{\"@id\":\"https:\\\/\\\/casadecampoliving.com\\\/es\\\/este-fin-de-semana-en-casa-29-de-junio-1-de-julio\\\/\"},\"wordCount\":420,\"publisher\":{\"@id\":\"https:\\\/\\\/casadecampoliving.com\\\/es\\\/#organization\"},\"image\":{\"@id\":\"https:\\\/\\\/casadecampoliving.com\\\/es\\\/este-fin-de-semana-en-casa-29-de-junio-1-de-julio\\\/#primaryimage\"},\"thumbnailUrl\":\"https:\\\/\\\/i0.wp.com\\\/casadecampoliving.com\\\/wp-content\\\/uploads\\\/2022\\\/10\\\/weekend-1.jpg?fit=650%2C350&ssl=1\",\"keywords\":[\"este fin de semana en casa\"],\"articleSection\":[\"Noticias Locales\",\"Resort Casa de Campo\"],\"inLanguage\":\"es\"},{\"@type\":\"WebPage\",\"@id\":\"https:\\\/\\\/casadecampoliving.com\\\/es\\\/este-fin-de-semana-en-casa-29-de-junio-1-de-julio\\\/\",\"url\":\"https:\\\/\\\/casadecampoliving.com\\\/es\\\/este-fin-de-semana-en-casa-29-de-junio-1-de-julio\\\/\",\"name\":\"Este Fin de Semana en Casa: 29 de junio - 1 de julio | Casa de Campo Living\",\"isPartOf\":{\"@id\":\"https:\\\/\\\/casadecampoliving.com\\\/es\\\/#website\"},\"primaryImageOfPage\":{\"@id\":\"https:\\\/\\\/casadecampoliving.com\\\/es\\\/este-fin-de-semana-en-casa-29-de-junio-1-de-julio\\\/#primaryimage\"},\"image\":{\"@id\":\"https:\\\/\\\/casadecampoliving.com\\\/es\\\/este-fin-de-semana-en-casa-29-de-junio-1-de-julio\\\/#primaryimage\"},\"thumbnailUrl\":\"https:\\\/\\\/i0.wp.com\\\/casadecampoliving.com\\\/wp-content\\\/uploads\\\/2022\\\/10\\\/weekend-1.jpg?fit=650%2C350&ssl=1\",\"datePublished\":\"2012-06-29T04:00:00+00:00\",\"dateModified\":\"2022-10-21T22:46:55+00:00\",\"description\":\"Este fin de semana en Casa de Campo,&nbsp;disfrute de los d\u00edas soleados en la playa privada de Casa de Campo; Minitas, los campos de golf Links y Dye Fore\",\"breadcrumb\":{\"@id\":\"https:\\\/\\\/casadecampoliving.com\\\/es\\\/este-fin-de-semana-en-casa-29-de-junio-1-de-julio\\\/#breadcrumb\"},\"inLanguage\":\"es\",\"potentialAction\":[{\"@type\":\"ReadAction\",\"target\":[\"https:\\\/\\\/casadecampoliving.com\\\/es\\\/este-fin-de-semana-en-casa-29-de-junio-1-de-julio\\\/\"]}]},{\"@type\":\"ImageObject\",\"inLanguage\":\"es\",\"@id\":\"https:\\\/\\\/casadecampoliving.com\\\/es\\\/este-fin-de-semana-en-casa-29-de-junio-1-de-julio\\\/#primaryimage\",\"url\":\"https:\\\/\\\/i0.wp.com\\\/casadecampoliving.com\\\/wp-content\\\/uploads\\\/2022\\\/10\\\/weekend-1.jpg?fit=650%2C350&ssl=1\",\"contentUrl\":\"https:\\\/\\\/i0.wp.com\\\/casadecampoliving.com\\\/wp-content\\\/uploads\\\/2022\\\/10\\\/weekend-1.jpg?fit=650%2C350&ssl=1\",\"width\":650,\"height\":350},{\"@type\":\"BreadcrumbList\",\"@id\":\"https:\\\/\\\/casadecampoliving.com\\\/es\\\/este-fin-de-semana-en-casa-29-de-junio-1-de-julio\\\/#breadcrumb\",\"itemListElement\":[{\"@type\":\"ListItem\",\"position\":1,\"name\":\"Home\",\"item\":\"https:\\\/\\\/casadecampoliving.com\\\/es\\\/\"},{\"@type\":\"ListItem\",\"position\":2,\"name\":\"Este Fin de Semana en Casa: 29 de junio &#8211; 1 de julio\"}]},{\"@type\":\"WebSite\",\"@id\":\"https:\\\/\\\/casadecampoliving.com\\\/es\\\/#website\",\"url\":\"https:\\\/\\\/casadecampoliving.com\\\/es\\\/\",\"name\":\"Casa de Campo Living\",\"description\":\"Resort community news and resources.\",\"publisher\":{\"@id\":\"https:\\\/\\\/casadecampoliving.com\\\/es\\\/#organization\"},\"potentialAction\":[{\"@type\":\"SearchAction\",\"target\":{\"@type\":\"EntryPoint\",\"urlTemplate\":\"https:\\\/\\\/casadecampoliving.com\\\/es\\\/?s={search_term_string}\"},\"query-input\":{\"@type\":\"PropertyValueSpecification\",\"valueRequired\":true,\"valueName\":\"search_term_string\"}}],\"inLanguage\":\"es\"},{\"@type\":\"Organization\",\"@id\":\"https:\\\/\\\/casadecampoliving.com\\\/es\\\/#organization\",\"name\":\"Casa de Campo Living\",\"url\":\"https:\\\/\\\/casadecampoliving.com\\\/es\\\/\",\"logo\":{\"@type\":\"ImageObject\",\"inLanguage\":\"es\",\"@id\":\"https:\\\/\\\/casadecampoliving.com\\\/es\\\/#\\\/schema\\\/logo\\\/image\\\/\",\"url\":\"https:\\\/\\\/i0.wp.com\\\/casadecampoliving.com\\\/wp-content\\\/uploads\\\/2022\\\/07\\\/CDCLivingLogo_V1-white-sized.png?fit=800%2C214&ssl=1\",\"contentUrl\":\"https:\\\/\\\/i0.wp.com\\\/casadecampoliving.com\\\/wp-content\\\/uploads\\\/2022\\\/07\\\/CDCLivingLogo_V1-white-sized.png?fit=800%2C214&ssl=1\",\"width\":800,\"height\":214,\"caption\":\"Casa de Campo Living\"},\"image\":{\"@id\":\"https:\\\/\\\/casadecampoliving.com\\\/es\\\/#\\\/schema\\\/logo\\\/image\\\/\"},\"sameAs\":[\"https:\\\/\\\/www.facebook.com\\\/casadecampoliving\",\"https:\\\/\\\/x.com\\\/cdcliving\"]},{\"@type\":\"Person\",\"@id\":\"https:\\\/\\\/casadecampoliving.com\\\/es\\\/#\\\/schema\\\/person\\\/7e3b975d584a5f6ac0fd7128a81b0bc5\",\"name\":\"\",\"image\":{\"@type\":\"ImageObject\",\"inLanguage\":\"es\",\"@id\":\"https:\\\/\\\/secure.gravatar.com\\\/avatar\\\/?s=96&d=mm&r=g\",\"url\":\"https:\\\/\\\/secure.gravatar.com\\\/avatar\\\/?s=96&d=mm&r=g\",\"contentUrl\":\"https:\\\/\\\/secure.gravatar.com\\\/avatar\\\/?s=96&d=mm&r=g\"},\"url\":\"https:\\\/\\\/casadecampoliving.com\\\/es\\\/author\\\/ \\\/\"}]}<\/script>\n<!-- \/ Yoast SEO plugin. -->","yoast_head_json":{"title":"Este Fin de Semana en Casa: 29 de junio - 1 de julio | Casa de Campo Living","description":"Este fin de semana en Casa de Campo,&nbsp;disfrute de los d\u00edas soleados en la playa privada de Casa de Campo; Minitas, los campos de golf Links y Dye Fore","robots":{"index":"index","follow":"follow","max-snippet":"max-snippet:-1","max-image-preview":"max-image-preview:large","max-video-preview":"max-video-preview:-1"},"canonical":"https:\/\/casadecampoliving.com\/es\/este-fin-de-semana-en-casa-29-de-junio-1-de-julio\/","og_locale":"es_ES","og_type":"article","og_title":"Este Fin de Semana en Casa: 29 de junio - 1 de julio | Casa de Campo Living","og_description":"Este fin de semana en Casa de Campo,&nbsp;disfrute de los d\u00edas soleados en la playa privada de Casa de Campo; Minitas, los campos de golf Links y Dye Fore","og_url":"https:\/\/casadecampoliving.com\/es\/este-fin-de-semana-en-casa-29-de-junio-1-de-julio\/","og_site_name":"Casa de Campo Living","article_publisher":"https:\/\/www.facebook.com\/casadecampoliving","article_published_time":"2012-06-29T04:00:00+00:00","article_modified_time":"2022-10-21T22:46:55+00:00","og_image":[{"width":650,"height":350,"url":"https:\/\/i0.wp.com\/casadecampoliving.com\/wp-content\/uploads\/2022\/10\/weekend-1.jpg?fit=650%2C350&ssl=1","type":"image\/jpeg"}],"twitter_card":"summary_large_image","twitter_creator":"@cdcliving","twitter_site":"@cdcliving","twitter_misc":{"Escrito por":"","Tiempo de lectura":"2 minutos"},"schema":{"@context":"https:\/\/schema.org","@graph":[{"@type":"Article","@id":"https:\/\/casadecampoliving.com\/es\/este-fin-de-semana-en-casa-29-de-junio-1-de-julio\/#article","isPartOf":{"@id":"https:\/\/casadecampoliving.com\/es\/este-fin-de-semana-en-casa-29-de-junio-1-de-julio\/"},"author":{"name":"","@id":"https:\/\/casadecampoliving.com\/es\/#\/schema\/person\/7e3b975d584a5f6ac0fd7128a81b0bc5"},"headline":"Este Fin de Semana en Casa: 29 de junio &#8211; 1 de julio","datePublished":"2012-06-29T04:00:00+00:00","dateModified":"2022-10-21T22:46:55+00:00","mainEntityOfPage":{"@id":"https:\/\/casadecampoliving.com\/es\/este-fin-de-semana-en-casa-29-de-junio-1-de-julio\/"},"wordCount":420,"publisher":{"@id":"https:\/\/casadecampoliving.com\/es\/#organization"},"image":{"@id":"https:\/\/casadecampoliving.com\/es\/este-fin-de-semana-en-casa-29-de-junio-1-de-julio\/#primaryimage"},"thumbnailUrl":"https:\/\/i0.wp.com\/casadecampoliving.com\/wp-content\/uploads\/2022\/10\/weekend-1.jpg?fit=650%2C350&ssl=1","keywords":["este fin de semana en casa"],"articleSection":["Noticias Locales","Resort Casa de Campo"],"inLanguage":"es"},{"@type":"WebPage","@id":"https:\/\/casadecampoliving.com\/es\/este-fin-de-semana-en-casa-29-de-junio-1-de-julio\/","url":"https:\/\/casadecampoliving.com\/es\/este-fin-de-semana-en-casa-29-de-junio-1-de-julio\/","name":"Este Fin de Semana en Casa: 29 de junio - 1 de julio | Casa de Campo Living","isPartOf":{"@id":"https:\/\/casadecampoliving.com\/es\/#website"},"primaryImageOfPage":{"@id":"https:\/\/casadecampoliving.com\/es\/este-fin-de-semana-en-casa-29-de-junio-1-de-julio\/#primaryimage"},"image":{"@id":"https:\/\/casadecampoliving.com\/es\/este-fin-de-semana-en-casa-29-de-junio-1-de-julio\/#primaryimage"},"thumbnailUrl":"https:\/\/i0.wp.com\/casadecampoliving.com\/wp-content\/uploads\/2022\/10\/weekend-1.jpg?fit=650%2C350&ssl=1","datePublished":"2012-06-29T04:00:00+00:00","dateModified":"2022-10-21T22:46:55+00:00","description":"Este fin de semana en Casa de Campo,&nbsp;disfrute de los d\u00edas soleados en la playa privada de Casa de Campo; Minitas, los campos de golf Links y Dye Fore","breadcrumb":{"@id":"https:\/\/casadecampoliving.com\/es\/este-fin-de-semana-en-casa-29-de-junio-1-de-julio\/#breadcrumb"},"inLanguage":"es","potentialAction":[{"@type":"ReadAction","target":["https:\/\/casadecampoliving.com\/es\/este-fin-de-semana-en-casa-29-de-junio-1-de-julio\/"]}]},{"@type":"ImageObject","inLanguage":"es","@id":"https:\/\/casadecampoliving.com\/es\/este-fin-de-semana-en-casa-29-de-junio-1-de-julio\/#primaryimage","url":"https:\/\/i0.wp.com\/casadecampoliving.com\/wp-content\/uploads\/2022\/10\/weekend-1.jpg?fit=650%2C350&ssl=1","contentUrl":"https:\/\/i0.wp.com\/casadecampoliving.com\/wp-content\/uploads\/2022\/10\/weekend-1.jpg?fit=650%2C350&ssl=1","width":650,"height":350},{"@type":"BreadcrumbList","@id":"https:\/\/casadecampoliving.com\/es\/este-fin-de-semana-en-casa-29-de-junio-1-de-julio\/#breadcrumb","itemListElement":[{"@type":"ListItem","position":1,"name":"Home","item":"https:\/\/casadecampoliving.com\/es\/"},{"@type":"ListItem","position":2,"name":"Este Fin de Semana en Casa: 29 de junio &#8211; 1 de julio"}]},{"@type":"WebSite","@id":"https:\/\/casadecampoliving.com\/es\/#website","url":"https:\/\/casadecampoliving.com\/es\/","name":"Casa de Campo Living","description":"Resort community news and resources.","publisher":{"@id":"https:\/\/casadecampoliving.com\/es\/#organization"},"potentialAction":[{"@type":"SearchAction","target":{"@type":"EntryPoint","urlTemplate":"https:\/\/casadecampoliving.com\/es\/?s={search_term_string}"},"query-input":{"@type":"PropertyValueSpecification","valueRequired":true,"valueName":"search_term_string"}}],"inLanguage":"es"},{"@type":"Organization","@id":"https:\/\/casadecampoliving.com\/es\/#organization","name":"Casa de Campo Living","url":"https:\/\/casadecampoliving.com\/es\/","logo":{"@type":"ImageObject","inLanguage":"es","@id":"https:\/\/casadecampoliving.com\/es\/#\/schema\/logo\/image\/","url":"https:\/\/i0.wp.com\/casadecampoliving.com\/wp-content\/uploads\/2022\/07\/CDCLivingLogo_V1-white-sized.png?fit=800%2C214&ssl=1","contentUrl":"https:\/\/i0.wp.com\/casadecampoliving.com\/wp-content\/uploads\/2022\/07\/CDCLivingLogo_V1-white-sized.png?fit=800%2C214&ssl=1","width":800,"height":214,"caption":"Casa de Campo Living"},"image":{"@id":"https:\/\/casadecampoliving.com\/es\/#\/schema\/logo\/image\/"},"sameAs":["https:\/\/www.facebook.com\/casadecampoliving","https:\/\/x.com\/cdcliving"]},{"@type":"Person","@id":"https:\/\/casadecampoliving.com\/es\/#\/schema\/person\/7e3b975d584a5f6ac0fd7128a81b0bc5","name":"","image":{"@type":"ImageObject","inLanguage":"es","@id":"https:\/\/secure.gravatar.com\/avatar\/?s=96&d=mm&r=g","url":"https:\/\/secure.gravatar.com\/avatar\/?s=96&d=mm&r=g","contentUrl":"https:\/\/secure.gravatar.com\/avatar\/?s=96&d=mm&r=g"},"url":"https:\/\/casadecampoliving.com\/es\/author\/ \/"}]}},"parsely":{"version":"1.1.0","canonical_url":"https:\/\/casadecampoliving.com\/es\/este-fin-de-semana-en-casa-29-de-junio-1-de-julio\/","smart_links":{"inbound":0,"outbound":0},"traffic_boost_suggestions_count":0,"meta":{"@context":"https:\/\/schema.org","@type":"NewsArticle","headline":"Este Fin de Semana en Casa: 29 de junio &#8211; 1 de julio","url":"http:\/\/casadecampoliving.com\/es\/este-fin-de-semana-en-casa-29-de-junio-1-de-julio\/","mainEntityOfPage":{"@type":"WebPage","@id":"http:\/\/casadecampoliving.com\/es\/este-fin-de-semana-en-casa-29-de-junio-1-de-julio\/"},"thumbnailUrl":"https:\/\/i0.wp.com\/casadecampoliving.com\/wp-content\/uploads\/2022\/10\/weekend-1.jpg?resize=150%2C150&ssl=1","image":{"@type":"ImageObject","url":"https:\/\/i0.wp.com\/casadecampoliving.com\/wp-content\/uploads\/2022\/10\/weekend-1.jpg?fit=650%2C350&ssl=1"},"articleSection":"Noticias Locales","author":[{"@type":"Person","name":"FB_515917546"}],"creator":["FB_515917546"],"publisher":{"@type":"Organization","name":"Casa de Campo Living","logo":"https:\/\/casadecampoliving.com\/wp-content\/uploads\/2022\/07\/CDCLivingLogo_V1-white-sized.png"},"keywords":["este fin de semana en casa"],"dateCreated":"2012-06-29T04:00:00Z","datePublished":"2012-06-29T04:00:00Z","dateModified":"2022-10-21T22:46:55Z"},"rendered":"<script type=\"application\/ld+json\" class=\"wp-parsely-metadata\">{\"@context\":\"https:\\\/\\\/schema.org\",\"@type\":\"NewsArticle\",\"headline\":\"Este Fin de Semana en Casa: 29 de junio &#8211; 1 de julio\",\"url\":\"http:\\\/\\\/casadecampoliving.com\\\/es\\\/este-fin-de-semana-en-casa-29-de-junio-1-de-julio\\\/\",\"mainEntityOfPage\":{\"@type\":\"WebPage\",\"@id\":\"http:\\\/\\\/casadecampoliving.com\\\/es\\\/este-fin-de-semana-en-casa-29-de-junio-1-de-julio\\\/\"},\"thumbnailUrl\":\"https:\\\/\\\/i0.wp.com\\\/casadecampoliving.com\\\/wp-content\\\/uploads\\\/2022\\\/10\\\/weekend-1.jpg?resize=150%2C150&ssl=1\",\"image\":{\"@type\":\"ImageObject\",\"url\":\"https:\\\/\\\/i0.wp.com\\\/casadecampoliving.com\\\/wp-content\\\/uploads\\\/2022\\\/10\\\/weekend-1.jpg?fit=650%2C350&ssl=1\"},\"articleSection\":\"Noticias Locales\",\"author\":[{\"@type\":\"Person\",\"name\":\"FB_515917546\"}],\"creator\":[\"FB_515917546\"],\"publisher\":{\"@type\":\"Organization\",\"name\":\"Casa de Campo Living\",\"logo\":\"https:\\\/\\\/casadecampoliving.com\\\/wp-content\\\/uploads\\\/2022\\\/07\\\/CDCLivingLogo_V1-white-sized.png\"},\"keywords\":[\"este fin de semana en casa\"],\"dateCreated\":\"2012-06-29T04:00:00Z\",\"datePublished\":\"2012-06-29T04:00:00Z\",\"dateModified\":\"2022-10-21T22:46:55Z\"}<\/script>","tracker_url":"https:\/\/cdn.parsely.com\/keys\/casadecampoliving.com\/p.js"},"jetpack_publicize_connections":[],"jetpack_featured_media_url":"https:\/\/i0.wp.com\/casadecampoliving.com\/wp-content\/uploads\/2022\/10\/weekend-1.jpg?fit=650%2C350&ssl=1","jetpack-related-posts":[{"id":339417,"url":"https:\/\/casadecampoliving.com\/es\/este-fin-de-semana-en-casa-de-campo-20-22-de-julio\/","url_meta":{"origin":339297,"position":0},"title":"Este Fin de Semana en Casa de Campo: 20 &#8211; 22 de julio!","author":"","date":"20 Jul, 2012","format":false,"excerpt":"Este fin de semana en Casa de Campo, rel\u00e1jese y disfrute del para\u00edso caribe\u00f1o, con las m\u00faltiples actividades acu\u00e1ticas de Minitas, el spa, golf, piscinas y muchas m\u00e1s! Feliz fin de semana! Estos eventos, actividades y especiales aplican para la semana de:Viernes 20 de Julio \u2013 Domingo 22 de Julio\u2026","rel":"","context":"En \u00abNoticias Locales\u00bb","block_context":{"text":"Noticias Locales","link":"https:\/\/casadecampoliving.com\/es\/category\/noticias-locales\/"},"img":{"alt_text":"","src":"https:\/\/i0.wp.com\/casadecampoliving.com\/wp-content\/uploads\/2022\/10\/weekend-1.jpg?fit=650%2C350&ssl=1&resize=350%2C200","width":350,"height":200,"srcset":"https:\/\/i0.wp.com\/casadecampoliving.com\/wp-content\/uploads\/2022\/10\/weekend-1.jpg?fit=650%2C350&ssl=1&resize=350%2C200 1x, https:\/\/i0.wp.com\/casadecampoliving.com\/wp-content\/uploads\/2022\/10\/weekend-1.jpg?fit=650%2C350&ssl=1&resize=525%2C300 1.5x"},"classes":[]},{"id":339457,"url":"https:\/\/casadecampoliving.com\/es\/este-fin-de-semana-en-casa-de-campo-27-al-29-de-julio\/","url_meta":{"origin":339297,"position":1},"title":"Este Fin de Semana en Casa de Campo: 27 al 29 de julio!","author":"","date":"27 Jul, 2012","format":false,"excerpt":"Este fin de semana en Casa de Campo, rel\u00e1jese y disfrute del para\u00edso caribe\u00f1o, con las m\u00faltiples actividades del resort y una magn\u00edfica celebraci\u00f3n del d\u00eda de los padres! Feliz fin de semana! Estos eventos, actividades y especiales aplican para la semana de:Viernes 20 de Julio \u2013 Domingo 22 de\u2026","rel":"","context":"En \u00abNoticias Locales\u00bb","block_context":{"text":"Noticias Locales","link":"https:\/\/casadecampoliving.com\/es\/category\/noticias-locales\/"},"img":{"alt_text":"","src":"https:\/\/i0.wp.com\/casadecampoliving.com\/wp-content\/uploads\/2022\/10\/weekend-1.jpg?fit=650%2C350&ssl=1&resize=350%2C200","width":350,"height":200,"srcset":"https:\/\/i0.wp.com\/casadecampoliving.com\/wp-content\/uploads\/2022\/10\/weekend-1.jpg?fit=650%2C350&ssl=1&resize=350%2C200 1x, https:\/\/i0.wp.com\/casadecampoliving.com\/wp-content\/uploads\/2022\/10\/weekend-1.jpg?fit=650%2C350&ssl=1&resize=525%2C300 1.5x"},"classes":[]},{"id":339367,"url":"https:\/\/casadecampoliving.com\/es\/este-fin-de-semana-en-casa-de-campo-13-al-15-de-julio\/","url_meta":{"origin":339297,"position":2},"title":"Este fin de semana en Casa de Campo: 13 al 15 de julio!","author":"","date":"13 Jul, 2012","format":false,"excerpt":"Este fin de semana en Casa de Campo, rel\u00e1jese y disfrute de las inolvidables \u201cNoches Latinas\u201d en La Ca\u00f1a Restaurant & Lounge by Il Circo! Feliz fin de semana! Estos eventos, actividades y especiales aplican para la semana de:Lunes 13 Julio \u2013 Domingo 15 Julio Las pr\u00f3ximas actividades son: \u2022\u00a0D\u00eda\u2026","rel":"","context":"En \u00abNoticias Locales\u00bb","block_context":{"text":"Noticias Locales","link":"https:\/\/casadecampoliving.com\/es\/category\/noticias-locales\/"},"img":{"alt_text":"fin de semana","src":"https:\/\/i0.wp.com\/casadecampoliving.com\/wp-content\/uploads\/2022\/10\/fin-de-semana.jpg?fit=650%2C350&ssl=1&resize=350%2C200","width":350,"height":200,"srcset":"https:\/\/i0.wp.com\/casadecampoliving.com\/wp-content\/uploads\/2022\/10\/fin-de-semana.jpg?fit=650%2C350&ssl=1&resize=350%2C200 1x, https:\/\/i0.wp.com\/casadecampoliving.com\/wp-content\/uploads\/2022\/10\/fin-de-semana.jpg?fit=650%2C350&ssl=1&resize=525%2C300 1.5x"},"classes":[]},{"id":433460,"url":"https:\/\/casadecampoliving.com\/es\/no-se-pierdan-el-increible-tributo-a-frank-sinatra-para-celebrar-el-40-aniversario-del-anfiteatro-altos-de-chavon\/","url_meta":{"origin":339297,"position":3},"title":"No se pierdan el incre\u00edble tributo a Frank Sinatra para celebrar el 40 aniversario del\u00a0Anfiteatro Altos de Chav\u00f3n","author":"Casa de Campo Living","date":"20 Oct, 2022","format":false,"excerpt":"Siendo uno de los escenarios m\u00e1s emblem\u00e1ticos del pa\u00eds, Casa de Campo Resort\u00ae & Villas celebra las cuatro d\u00e9cadas de aniversario de Altos de Chav\u00f3n con un tributo al gran Frank Sinatra, protagonizado por artistas invitados y una big band tal cual la que acompa\u00f1\u00f3 al artista hace 40 a\u00f1os\u2026","rel":"","context":"En \u00abUncategorized @es\u00bb","block_context":{"text":"Uncategorized @es","link":"https:\/\/casadecampoliving.com\/es\/category\/uncategorized-es\/"},"img":{"alt_text":"","src":"https:\/\/i0.wp.com\/casadecampoliving.com\/wp-content\/uploads\/2022\/10\/Tributo-Frank-Sinatra-Foto-Principal-Amaury-Sanchez-Danilo-Ginebra-Andres-Pichardo-y-Jose-Gabriel-Perez-.jpg?fit=1200%2C873&ssl=1&resize=350%2C200","width":350,"height":200,"srcset":"https:\/\/i0.wp.com\/casadecampoliving.com\/wp-content\/uploads\/2022\/10\/Tributo-Frank-Sinatra-Foto-Principal-Amaury-Sanchez-Danilo-Ginebra-Andres-Pichardo-y-Jose-Gabriel-Perez-.jpg?fit=1200%2C873&ssl=1&resize=350%2C200 1x, https:\/\/i0.wp.com\/casadecampoliving.com\/wp-content\/uploads\/2022\/10\/Tributo-Frank-Sinatra-Foto-Principal-Amaury-Sanchez-Danilo-Ginebra-Andres-Pichardo-y-Jose-Gabriel-Perez-.jpg?fit=1200%2C873&ssl=1&resize=525%2C300 1.5x, https:\/\/i0.wp.com\/casadecampoliving.com\/wp-content\/uploads\/2022\/10\/Tributo-Frank-Sinatra-Foto-Principal-Amaury-Sanchez-Danilo-Ginebra-Andres-Pichardo-y-Jose-Gabriel-Perez-.jpg?fit=1200%2C873&ssl=1&resize=700%2C400 2x, https:\/\/i0.wp.com\/casadecampoliving.com\/wp-content\/uploads\/2022\/10\/Tributo-Frank-Sinatra-Foto-Principal-Amaury-Sanchez-Danilo-Ginebra-Andres-Pichardo-y-Jose-Gabriel-Perez-.jpg?fit=1200%2C873&ssl=1&resize=1050%2C600 3x"},"classes":[]},{"id":339263,"url":"https:\/\/casadecampoliving.com\/es\/este-fin-de-semana-en-casa-de-campo-22-24-de-junio\/","url_meta":{"origin":339297,"position":4},"title":"Este fin de Semana en Casa de Campo: 22 &#8211; 24 de junio!","author":"","date":"22 Jun, 2012","format":false,"excerpt":"Este fin de semana en Casa de Campo,\u00a0disfrute de los d\u00edas soleados en la playa privada de Casa de Campo; Minitas, los campos de golf Links y Dye Fore y una maravillosa exhibici\u00f3n de arte denominada \u201cFlor de Cayuco\u201d presentada por talentosos artesanos dominicanos\u00a0del Centro Cultural de Cayuco en Miches!\u2026","rel":"","context":"En \u00abNoticias Locales\u00bb","block_context":{"text":"Noticias Locales","link":"https:\/\/casadecampoliving.com\/es\/category\/noticias-locales\/"},"img":{"alt_text":"","src":"https:\/\/i0.wp.com\/casadecampoliving.com\/wp-content\/uploads\/2022\/10\/weekend-1.jpg?fit=650%2C350&ssl=1&resize=350%2C200","width":350,"height":200,"srcset":"https:\/\/i0.wp.com\/casadecampoliving.com\/wp-content\/uploads\/2022\/10\/weekend-1.jpg?fit=650%2C350&ssl=1&resize=350%2C200 1x, https:\/\/i0.wp.com\/casadecampoliving.com\/wp-content\/uploads\/2022\/10\/weekend-1.jpg?fit=650%2C350&ssl=1&resize=525%2C300 1.5x"},"classes":[]},{"id":339335,"url":"https:\/\/casadecampoliving.com\/es\/este-fin-de-semana-en-casa-de-campo-6-8-de-julio\/","url_meta":{"origin":339297,"position":5},"title":"Este Fin de Semana en Casa de Campo: 6 &#8211; 8 de julio!","author":"","date":"6 Jul, 2012","format":false,"excerpt":"Este fin de semana en Casa de Campo,\u00a0disfrute de un divertido viaje en el R\u00edo Chav\u00f3n en la celebraci\u00f3n del Caf\u00e9 de la Leche, practique para el divertido torneo de volleyball playero y prep\u00e1rese para fiestar toda la noche junto a la clase graduanda del Colegio Saint John en Altos\u2026","rel":"","context":"En \u00abNoticias Locales\u00bb","block_context":{"text":"Noticias Locales","link":"https:\/\/casadecampoliving.com\/es\/category\/noticias-locales\/"},"img":{"alt_text":"","src":"https:\/\/i0.wp.com\/casadecampoliving.com\/wp-content\/uploads\/2022\/10\/weekend-1.jpg?fit=650%2C350&ssl=1&resize=350%2C200","width":350,"height":200,"srcset":"https:\/\/i0.wp.com\/casadecampoliving.com\/wp-content\/uploads\/2022\/10\/weekend-1.jpg?fit=650%2C350&ssl=1&resize=350%2C200 1x, https:\/\/i0.wp.com\/casadecampoliving.com\/wp-content\/uploads\/2022\/10\/weekend-1.jpg?fit=650%2C350&ssl=1&resize=525%2C300 1.5x"},"classes":[]}],"jetpack_sharing_enabled":true,"_links":{"self":[{"href":"https:\/\/casadecampoliving.com\/es\/wp-json\/wp\/v2\/posts\/339297","targetHints":{"allow":["GET"]}}],"collection":[{"href":"https:\/\/casadecampoliving.com\/es\/wp-json\/wp\/v2\/posts"}],"about":[{"href":"https:\/\/casadecampoliving.com\/es\/wp-json\/wp\/v2\/types\/post"}],"author":[{"embeddable":true,"href":"https:\/\/casadecampoliving.com\/es\/wp-json\/wp\/v2\/users\/21"}],"replies":[{"embeddable":true,"href":"https:\/\/casadecampoliving.com\/es\/wp-json\/wp\/v2\/comments?post=339297"}],"version-history":[{"count":1,"href":"https:\/\/casadecampoliving.com\/es\/wp-json\/wp\/v2\/posts\/339297\/revisions"}],"predecessor-version":[{"id":339298,"href":"https:\/\/casadecampoliving.com\/es\/wp-json\/wp\/v2\/posts\/339297\/revisions\/339298"}],"wp:featuredmedia":[{"embeddable":true,"href":"https:\/\/casadecampoliving.com\/es\/wp-json\/wp\/v2\/media\/223889"}],"wp:attachment":[{"href":"https:\/\/casadecampoliving.com\/es\/wp-json\/wp\/v2\/media?parent=339297"}],"wp:term":[{"taxonomy":"category","embeddable":true,"href":"https:\/\/casadecampoliving.com\/es\/wp-json\/wp\/v2\/categories?post=339297"},{"taxonomy":"post_tag","embeddable":true,"href":"https:\/\/casadecampoliving.com\/es\/wp-json\/wp\/v2\/tags?post=339297"},{"taxonomy":"newspack_spnsrs_tax","embeddable":true,"href":"https:\/\/casadecampoliving.com\/es\/wp-json\/wp\/v2\/newspack_spnsrs_tax?post=339297"}],"curies":[{"name":"wp","href":"https:\/\/api.w.org\/{rel}","templated":true}]}}