{"id":339249,"date":"2012-07-01T00:00:00","date_gmt":"2012-07-01T04:00:00","guid":{"rendered":"https:\/\/casadecampoliving.com\/foto-de-la-semana-puesta-del-sol-en-punta-minitas\/"},"modified":"2022-11-10T10:38:35","modified_gmt":"2022-11-10T14:38:35","slug":"foto-de-la-semana-puesta-del-sol-en-punta-minitas","status":"publish","type":"post","link":"https:\/\/casadecampoliving.com\/es\/foto-de-la-semana-puesta-del-sol-en-punta-minitas\/","title":{"rendered":"Foto de la semana: Puesta del sol en Punta Minitas"},"content":{"rendered":"<img data-recalc-dims=\"1\" loading=\"lazy\" decoding=\"async\" class=\"aligncenter size-full wp-image-48360\" title=\"punta_minitas_casa_de_campo\" src=\"https:\/\/i0.wp.com\/casadecampoliving.com\/wp-content\/uploads\/2022\/10\/punta_minitas_casa_de_campo2.jpg?resize=650%2C488&#038;ssl=1\" alt=\"punta minitas casa de campo\" width=\"650\" height=\"488\" \/>La foto de esta semana fue tomada\u00a0por Rick Rosemarin\u00a0desde la villa Punta Minitas #34, una villa muy especial con su propio playa y donde varios vistantes ricos y famosos elegan disfrutar sus vacaciones!\n\n<!--more-->\n<blockquote>Aqu\u00ed Rick nos dice un poco m\u00e1s sobre la foto:\n\n\u00abLa imagen fue inspirada por la tranquilidad despu\u00e9s de la salida de una familia muy famosos. De hecho, me llev\u00f3 en mi iPhone. Cuando vi la puesta de sol, ten\u00eda que tomar una foto y era la \u00fanica c\u00e1mara alrededor. Creo que esta imagen es impresionante, muestra la\u00a0reflexi\u00f3n de las palmeras en la laguna\u00a0con\u00a0tanta claridad.\u00bb<\/blockquote>\nQue hermosa foto! Gracias Rick!\n<blockquote>\n<p style=\"text-align: center;\"><strong>Punta Minitas #34, Casa de Campo<\/strong><\/p>\n<img data-recalc-dims=\"1\" loading=\"lazy\" decoding=\"async\" class=\"aligncenter size-full wp-image-45039\" title=\"punta_minitas_casa_de_campo\" src=\"https:\/\/i0.wp.com\/casadecampoliving.com\/wp-content\/uploads\/2022\/10\/punta_minitas_casa_de_campo1.jpg?resize=630%2C356&#038;ssl=1\" alt=\"punta minitas casa de campo villa\" width=\"630\" height=\"356\" \/>\n<img data-recalc-dims=\"1\" loading=\"lazy\" decoding=\"async\" class=\"alignright size-full wp-image-45041\" style=\"margin-left: 15px; margin-right: 15px;\" title=\"punta_minitas_casa_de_campo\" src=\"https:\/\/i0.wp.com\/casadecampoliving.com\/wp-content\/uploads\/2022\/10\/punta_minitas_casa_de_campo2-1.jpg?resize=200%2C223&#038;ssl=1\" alt=\"punta minitas casa de campo villa\" width=\"200\" height=\"223\" \/>Como una de las villas m\u00e1s lujosas y \u00fanicas de Casa de Campo, ubicada en la costa de Casa de Campo, esta espectacular villa de Casa de Campo en Punta Minitas, se conoce como uno de los hogares m\u00e1s espectaculares de la Rep\u00fablica Dominicana. Esta propiedad \u00fanica fue dise\u00f1ada por firmas de arquitectura de Nueva York y Espa\u00f1a, con una gran cantidad de materiales importados desde distintas partes del mundo.\n\nSus interesantes dise\u00f1os incluyen distintivas torres con master suites, salas privadas y una impactante vista de 180 grados de mar Caribe, disfrutada en cualquier punto de la completa sala de estar.\n\nEsta majestuosa propiedad de cinco habitaciones integra una piscina ol\u00edmpica junior; inspiradoras cascadas y fuentes, vistas al mar, gazebo, amplia cocina y mucho m\u00e1s. Destinada para un rey, con raz\u00f3n es un verdadero palacio que ha hospedado a las realezas &#8211; y ahora a una familia muy conocido por su \u00abreality tv show.\u00bb\n\n<strong>\n<figure class=\"wp-block-gallery has-nested-images columns-default is-cropped wp-block-gallery-1 is-layout-flex wp-block-gallery-is-layout-flex\">\n<figure class=\"wp-block-image size-large\"><img data-recalc-dims=\"1\" loading=\"lazy\" decoding=\"async\" width=\"800\" height=\"560\" data-id=\"412578\" src=\"https:\/\/i0.wp.com\/casadecampoliving.com\/wp-content\/uploads\/2022\/10\/exterior-night.jpg?resize=800%2C560&#038;ssl=1\" alt=\"\" class=\"wp-image-412578\" srcset=\"https:\/\/i0.wp.com\/casadecampoliving.com\/wp-content\/uploads\/2022\/10\/exterior-night.jpg?w=800&amp;ssl=1 800w, https:\/\/i0.wp.com\/casadecampoliving.com\/wp-content\/uploads\/2022\/10\/exterior-night.jpg?resize=300%2C210&amp;ssl=1 300w, https:\/\/i0.wp.com\/casadecampoliving.com\/wp-content\/uploads\/2022\/10\/exterior-night.jpg?resize=768%2C538&amp;ssl=1 768w, https:\/\/i0.wp.com\/casadecampoliving.com\/wp-content\/uploads\/2022\/10\/exterior-night.jpg?resize=400%2C280&amp;ssl=1 400w, https:\/\/i0.wp.com\/casadecampoliving.com\/wp-content\/uploads\/2022\/10\/exterior-night.jpg?resize=706%2C494&amp;ssl=1 706w, https:\/\/i0.wp.com\/casadecampoliving.com\/wp-content\/uploads\/2022\/10\/exterior-night.jpg?resize=150%2C105&amp;ssl=1 150w, https:\/\/i0.wp.com\/casadecampoliving.com\/wp-content\/uploads\/2022\/10\/exterior-night.jpg?w=370&amp;ssl=1 370w\" sizes=\"auto, (max-width: 800px) 100vw, 800px\" \/><\/figure>\n\n\n\n<figure class=\"wp-block-image size-large\"><img data-recalc-dims=\"1\" loading=\"lazy\" decoding=\"async\" width=\"800\" height=\"533\" data-id=\"412600\" src=\"https:\/\/i0.wp.com\/casadecampoliving.com\/wp-content\/uploads\/2022\/10\/img_0035-1.jpg?resize=800%2C533&#038;ssl=1\" alt=\"\" class=\"wp-image-412600\" srcset=\"https:\/\/i0.wp.com\/casadecampoliving.com\/wp-content\/uploads\/2022\/10\/img_0035-1.jpg?w=800&amp;ssl=1 800w, https:\/\/i0.wp.com\/casadecampoliving.com\/wp-content\/uploads\/2022\/10\/img_0035-1.jpg?resize=300%2C200&amp;ssl=1 300w, https:\/\/i0.wp.com\/casadecampoliving.com\/wp-content\/uploads\/2022\/10\/img_0035-1.jpg?resize=768%2C512&amp;ssl=1 768w, https:\/\/i0.wp.com\/casadecampoliving.com\/wp-content\/uploads\/2022\/10\/img_0035-1.jpg?resize=400%2C267&amp;ssl=1 400w, https:\/\/i0.wp.com\/casadecampoliving.com\/wp-content\/uploads\/2022\/10\/img_0035-1.jpg?resize=706%2C470&amp;ssl=1 706w, https:\/\/i0.wp.com\/casadecampoliving.com\/wp-content\/uploads\/2022\/10\/img_0035-1.jpg?resize=150%2C100&amp;ssl=1 150w, https:\/\/i0.wp.com\/casadecampoliving.com\/wp-content\/uploads\/2022\/10\/img_0035-1.jpg?w=370&amp;ssl=1 370w\" sizes=\"auto, (max-width: 800px) 100vw, 800px\" \/><\/figure>\n\n\n\n<figure class=\"wp-block-image size-large\"><img data-recalc-dims=\"1\" loading=\"lazy\" decoding=\"async\" width=\"800\" height=\"533\" data-id=\"412627\" src=\"https:\/\/i0.wp.com\/casadecampoliving.com\/wp-content\/uploads\/2022\/10\/img_0193-1.jpg?resize=800%2C533&#038;ssl=1\" alt=\"\" class=\"wp-image-412627\" srcset=\"https:\/\/i0.wp.com\/casadecampoliving.com\/wp-content\/uploads\/2022\/10\/img_0193-1.jpg?w=800&amp;ssl=1 800w, https:\/\/i0.wp.com\/casadecampoliving.com\/wp-content\/uploads\/2022\/10\/img_0193-1.jpg?resize=300%2C200&amp;ssl=1 300w, https:\/\/i0.wp.com\/casadecampoliving.com\/wp-content\/uploads\/2022\/10\/img_0193-1.jpg?resize=768%2C512&amp;ssl=1 768w, https:\/\/i0.wp.com\/casadecampoliving.com\/wp-content\/uploads\/2022\/10\/img_0193-1.jpg?resize=400%2C267&amp;ssl=1 400w, https:\/\/i0.wp.com\/casadecampoliving.com\/wp-content\/uploads\/2022\/10\/img_0193-1.jpg?resize=706%2C470&amp;ssl=1 706w, https:\/\/i0.wp.com\/casadecampoliving.com\/wp-content\/uploads\/2022\/10\/img_0193-1.jpg?resize=150%2C100&amp;ssl=1 150w, https:\/\/i0.wp.com\/casadecampoliving.com\/wp-content\/uploads\/2022\/10\/img_0193-1.jpg?w=370&amp;ssl=1 370w\" sizes=\"auto, (max-width: 800px) 100vw, 800px\" \/><\/figure>\n\n\n\n<figure class=\"wp-block-image size-large\"><img data-recalc-dims=\"1\" loading=\"lazy\" decoding=\"async\" width=\"800\" height=\"533\" data-id=\"412653\" src=\"https:\/\/i0.wp.com\/casadecampoliving.com\/wp-content\/uploads\/2022\/10\/img_0263-3.jpg?resize=800%2C533&#038;ssl=1\" alt=\"\" class=\"wp-image-412653\" srcset=\"https:\/\/i0.wp.com\/casadecampoliving.com\/wp-content\/uploads\/2022\/10\/img_0263-3.jpg?w=800&amp;ssl=1 800w, https:\/\/i0.wp.com\/casadecampoliving.com\/wp-content\/uploads\/2022\/10\/img_0263-3.jpg?resize=300%2C200&amp;ssl=1 300w, https:\/\/i0.wp.com\/casadecampoliving.com\/wp-content\/uploads\/2022\/10\/img_0263-3.jpg?resize=768%2C512&amp;ssl=1 768w, https:\/\/i0.wp.com\/casadecampoliving.com\/wp-content\/uploads\/2022\/10\/img_0263-3.jpg?resize=400%2C267&amp;ssl=1 400w, https:\/\/i0.wp.com\/casadecampoliving.com\/wp-content\/uploads\/2022\/10\/img_0263-3.jpg?resize=706%2C470&amp;ssl=1 706w, https:\/\/i0.wp.com\/casadecampoliving.com\/wp-content\/uploads\/2022\/10\/img_0263-3.jpg?resize=150%2C100&amp;ssl=1 150w, https:\/\/i0.wp.com\/casadecampoliving.com\/wp-content\/uploads\/2022\/10\/img_0263-3.jpg?w=370&amp;ssl=1 370w\" sizes=\"auto, (max-width: 800px) 100vw, 800px\" \/><\/figure>\n\n\n\n<figure class=\"wp-block-image size-large\"><img data-recalc-dims=\"1\" loading=\"lazy\" decoding=\"async\" width=\"800\" height=\"533\" data-id=\"412683\" src=\"https:\/\/i0.wp.com\/casadecampoliving.com\/wp-content\/uploads\/2022\/10\/img_0277.jpg?resize=800%2C533&#038;ssl=1\" alt=\"\" class=\"wp-image-412683\" srcset=\"https:\/\/i0.wp.com\/casadecampoliving.com\/wp-content\/uploads\/2022\/10\/img_0277.jpg?w=800&amp;ssl=1 800w, https:\/\/i0.wp.com\/casadecampoliving.com\/wp-content\/uploads\/2022\/10\/img_0277.jpg?resize=300%2C200&amp;ssl=1 300w, https:\/\/i0.wp.com\/casadecampoliving.com\/wp-content\/uploads\/2022\/10\/img_0277.jpg?resize=768%2C512&amp;ssl=1 768w, https:\/\/i0.wp.com\/casadecampoliving.com\/wp-content\/uploads\/2022\/10\/img_0277.jpg?resize=400%2C267&amp;ssl=1 400w, https:\/\/i0.wp.com\/casadecampoliving.com\/wp-content\/uploads\/2022\/10\/img_0277.jpg?resize=706%2C470&amp;ssl=1 706w, https:\/\/i0.wp.com\/casadecampoliving.com\/wp-content\/uploads\/2022\/10\/img_0277.jpg?resize=150%2C100&amp;ssl=1 150w, https:\/\/i0.wp.com\/casadecampoliving.com\/wp-content\/uploads\/2022\/10\/img_0277.jpg?w=370&amp;ssl=1 370w\" sizes=\"auto, (max-width: 800px) 100vw, 800px\" \/><\/figure>\n<\/figure>\n<\/strong>\n\n<em><strong><a href=\"https:\/\/casadecampoliving.com\/es\/2012\/06\/de-venta-en-casa-de-campo-punta-minitas-34-entre-las-favoritas-de-las-celebridades\/\">Haga click aqu\u00ed para m\u00e1s fotos de Punta Minitas #34!<\/a><\/strong><\/em>\n\n<a href=\"https:\/\/i0.wp.com\/casadecampoliving.com\/wp-content\/uploads\/2022\/10\/rebecca_hughes_casa_de_campo_living.jpg?ssl=1\"><img data-recalc-dims=\"1\" loading=\"lazy\" decoding=\"async\" class=\"alignleft\" style=\"margin-left: 15px; margin-right: 15px;\" title=\"rebecca_hughes_casa_de_campo_living\" src=\"https:\/\/i0.wp.com\/casadecampoliving.com\/wp-content\/uploads\/2022\/10\/rebecca_hughes_casa_de_campo_living.jpg?resize=95%2C158&#038;ssl=1\" alt=\"\" width=\"95\" height=\"158\" \/><\/a><strong>Esta villa de Casa de Campo est\u00e1 a la venta!\u00a0<\/strong>\n\n<strong>Rebecca Hughes<\/strong>\nrhughes@casadecampoliving.com\nTEL: 809-523-2045\nAltos de Chav\u00f3n\nCasa de Campo La Romana<\/blockquote>","protected":false},"excerpt":{"rendered":"<p>La foto de esta semana fue tomada\u00a0por Rick Rosemarin\u00a0desde la villa Punta Minitas #34, una villa muy especial con su propio playa y donde varios vistantes ricos y famosos elegan disfrutar sus vacaciones!<\/p>\n","protected":false},"author":31,"featured_media":222104,"comment_status":"closed","ping_status":"closed","sticky":false,"template":"","format":"standard","meta":{"newspack_ads_suppress_ads":false,"newspack_popups_has_disabled_popups":false,"newspack_sponsor_sponsorship_scope":"","newspack_sponsor_native_byline_display":"inherit","newspack_sponsor_native_category_display":"inherit","newspack_sponsor_underwriter_style":"inherit","newspack_sponsor_underwriter_placement":"inherit","_newspack_byline_active":false,"_newspack_byline":"","newspack_hide_updated_date":false,"newspack_show_updated_date":false,"newspack_content_restriction_is_exempt":false,"newspack_featured_image_position":"","newspack_post_subtitle":"","newspack_article_summary_title":"Overview:","newspack_article_summary":"","_jetpack_memberships_contains_paid_content":false,"footnotes":"","jetpack_publicize_message":"","jetpack_publicize_feature_enabled":true,"jetpack_social_post_already_shared":false,"jetpack_social_options":{"image_generator_settings":{"template":"highway","default_image_id":0,"font":"","enabled":false},"version":2},"_wpas_customize_per_network":false},"categories":[1180,44,14630],"tags":[3576,2848,2573,289,2589],"newspack_spnsrs_tax":[],"class_list":["post-339249","post","type-post","status-publish","format-standard","has-post-thumbnail","hentry","category-casa-de-campo-real-estate","category-featured","category-lifestyle","tag-bienes-raices-casa-de-campo-2","tag-foto-de-la-semana","tag-puesta-del-sol","tag-punta-minitas","tag-villa-de-casa-de-campo","entry"],"yoast_head":"<!-- This site is optimized with the Yoast SEO plugin v27.5 - https:\/\/yoast.com\/product\/yoast-seo-wordpress\/ -->\n<title>Foto de la semana: Puesta del sol en Punta Minitas | Casa de Campo Living<\/title>\n<meta name=\"description\" content=\"La foto de esta semana fue tomada\u00a0por Rick Rosemarin\u00a0desde la villa Punta Minitas #34, una villa muy especial con su propio playa y donde varios vistantes\" \/>\n<meta name=\"robots\" content=\"index, follow, max-snippet:-1, max-image-preview:large, max-video-preview:-1\" \/>\n<link rel=\"canonical\" href=\"https:\/\/casadecampoliving.com\/es\/foto-de-la-semana-puesta-del-sol-en-punta-minitas\/\" \/>\n<meta property=\"og:locale\" content=\"es_ES\" \/>\n<meta property=\"og:type\" content=\"article\" \/>\n<meta property=\"og:title\" content=\"Foto de la semana: Puesta del sol en Punta Minitas | Casa de Campo Living\" \/>\n<meta property=\"og:description\" content=\"La foto de esta semana fue tomada\u00a0por Rick Rosemarin\u00a0desde la villa Punta Minitas #34, una villa muy especial con su propio playa y donde varios vistantes\" \/>\n<meta property=\"og:url\" content=\"https:\/\/casadecampoliving.com\/es\/foto-de-la-semana-puesta-del-sol-en-punta-minitas\/\" \/>\n<meta property=\"og:site_name\" content=\"Casa de Campo Living\" \/>\n<meta property=\"article:publisher\" content=\"https:\/\/www.facebook.com\/casadecampoliving\" \/>\n<meta property=\"article:published_time\" content=\"2012-07-01T04:00:00+00:00\" \/>\n<meta property=\"article:modified_time\" content=\"2022-11-10T14:38:35+00:00\" \/>\n<meta property=\"og:image\" content=\"https:\/\/i0.wp.com\/casadecampoliving.com\/wp-content\/uploads\/2022\/10\/punta_minitas_casa_de_campo2-2.jpg?fit=650%2C488&ssl=1\" \/>\n\t<meta property=\"og:image:width\" content=\"650\" \/>\n\t<meta property=\"og:image:height\" content=\"488\" \/>\n\t<meta property=\"og:image:type\" content=\"image\/jpeg\" \/>\n<meta name=\"author\" content=\"Rebecca Silvestri\" \/>\n<meta name=\"twitter:card\" content=\"summary_large_image\" \/>\n<meta name=\"twitter:creator\" content=\"@cdcliving\" \/>\n<meta name=\"twitter:site\" content=\"@cdcliving\" \/>\n<meta name=\"twitter:label1\" content=\"Escrito por\" \/>\n\t<meta name=\"twitter:data1\" content=\"Rebecca Silvestri\" \/>\n\t<meta name=\"twitter:label2\" content=\"Tiempo de lectura\" \/>\n\t<meta name=\"twitter:data2\" content=\"2 minutos\" \/>\n<script type=\"application\/ld+json\" class=\"yoast-schema-graph\">{\"@context\":\"https:\\\/\\\/schema.org\",\"@graph\":[{\"@type\":\"Article\",\"@id\":\"https:\\\/\\\/casadecampoliving.com\\\/es\\\/foto-de-la-semana-puesta-del-sol-en-punta-minitas\\\/#article\",\"isPartOf\":{\"@id\":\"https:\\\/\\\/casadecampoliving.com\\\/es\\\/foto-de-la-semana-puesta-del-sol-en-punta-minitas\\\/\"},\"author\":{\"name\":\"Rebecca Silvestri\",\"@id\":\"https:\\\/\\\/casadecampoliving.com\\\/es\\\/#\\\/schema\\\/person\\\/2b2208f3175fa8761e25b272e096d718\"},\"headline\":\"Foto de la semana: Puesta del sol en Punta Minitas\",\"datePublished\":\"2012-07-01T04:00:00+00:00\",\"dateModified\":\"2022-11-10T14:38:35+00:00\",\"mainEntityOfPage\":{\"@id\":\"https:\\\/\\\/casadecampoliving.com\\\/es\\\/foto-de-la-semana-puesta-del-sol-en-punta-minitas\\\/\"},\"wordCount\":326,\"publisher\":{\"@id\":\"https:\\\/\\\/casadecampoliving.com\\\/es\\\/#organization\"},\"image\":{\"@id\":\"https:\\\/\\\/casadecampoliving.com\\\/es\\\/foto-de-la-semana-puesta-del-sol-en-punta-minitas\\\/#primaryimage\"},\"thumbnailUrl\":\"https:\\\/\\\/i0.wp.com\\\/casadecampoliving.com\\\/wp-content\\\/uploads\\\/2022\\\/10\\\/punta_minitas_casa_de_campo2-2.jpg?fit=650%2C488&ssl=1\",\"keywords\":[\"Bienes Raices Casa de Campo @es\",\"foto de la semana\",\"puesta del sol\",\"Punta Minitas\",\"villa de casa de campo\"],\"articleSection\":[\"Casa de Campo Real Estate\",\"Featured\",\"Lifestyle\"],\"inLanguage\":\"es\"},{\"@type\":\"WebPage\",\"@id\":\"https:\\\/\\\/casadecampoliving.com\\\/es\\\/foto-de-la-semana-puesta-del-sol-en-punta-minitas\\\/\",\"url\":\"https:\\\/\\\/casadecampoliving.com\\\/es\\\/foto-de-la-semana-puesta-del-sol-en-punta-minitas\\\/\",\"name\":\"Foto de la semana: Puesta del sol en Punta Minitas | Casa de Campo Living\",\"isPartOf\":{\"@id\":\"https:\\\/\\\/casadecampoliving.com\\\/es\\\/#website\"},\"primaryImageOfPage\":{\"@id\":\"https:\\\/\\\/casadecampoliving.com\\\/es\\\/foto-de-la-semana-puesta-del-sol-en-punta-minitas\\\/#primaryimage\"},\"image\":{\"@id\":\"https:\\\/\\\/casadecampoliving.com\\\/es\\\/foto-de-la-semana-puesta-del-sol-en-punta-minitas\\\/#primaryimage\"},\"thumbnailUrl\":\"https:\\\/\\\/i0.wp.com\\\/casadecampoliving.com\\\/wp-content\\\/uploads\\\/2022\\\/10\\\/punta_minitas_casa_de_campo2-2.jpg?fit=650%2C488&ssl=1\",\"datePublished\":\"2012-07-01T04:00:00+00:00\",\"dateModified\":\"2022-11-10T14:38:35+00:00\",\"description\":\"La foto de esta semana fue tomada\u00a0por Rick Rosemarin\u00a0desde la villa Punta Minitas #34, una villa muy especial con su propio playa y donde varios vistantes\",\"breadcrumb\":{\"@id\":\"https:\\\/\\\/casadecampoliving.com\\\/es\\\/foto-de-la-semana-puesta-del-sol-en-punta-minitas\\\/#breadcrumb\"},\"inLanguage\":\"es\",\"potentialAction\":[{\"@type\":\"ReadAction\",\"target\":[\"https:\\\/\\\/casadecampoliving.com\\\/es\\\/foto-de-la-semana-puesta-del-sol-en-punta-minitas\\\/\"]}]},{\"@type\":\"ImageObject\",\"inLanguage\":\"es\",\"@id\":\"https:\\\/\\\/casadecampoliving.com\\\/es\\\/foto-de-la-semana-puesta-del-sol-en-punta-minitas\\\/#primaryimage\",\"url\":\"https:\\\/\\\/i0.wp.com\\\/casadecampoliving.com\\\/wp-content\\\/uploads\\\/2022\\\/10\\\/punta_minitas_casa_de_campo2-2.jpg?fit=650%2C488&ssl=1\",\"contentUrl\":\"https:\\\/\\\/i0.wp.com\\\/casadecampoliving.com\\\/wp-content\\\/uploads\\\/2022\\\/10\\\/punta_minitas_casa_de_campo2-2.jpg?fit=650%2C488&ssl=1\",\"width\":650,\"height\":488,\"caption\":\"punta minitas casa de campo\"},{\"@type\":\"BreadcrumbList\",\"@id\":\"https:\\\/\\\/casadecampoliving.com\\\/es\\\/foto-de-la-semana-puesta-del-sol-en-punta-minitas\\\/#breadcrumb\",\"itemListElement\":[{\"@type\":\"ListItem\",\"position\":1,\"name\":\"Home\",\"item\":\"https:\\\/\\\/casadecampoliving.com\\\/es\\\/\"},{\"@type\":\"ListItem\",\"position\":2,\"name\":\"Foto de la semana: Puesta del sol en Punta Minitas\"}]},{\"@type\":\"WebSite\",\"@id\":\"https:\\\/\\\/casadecampoliving.com\\\/es\\\/#website\",\"url\":\"https:\\\/\\\/casadecampoliving.com\\\/es\\\/\",\"name\":\"Casa de Campo Living\",\"description\":\"Resort community news and resources.\",\"publisher\":{\"@id\":\"https:\\\/\\\/casadecampoliving.com\\\/es\\\/#organization\"},\"potentialAction\":[{\"@type\":\"SearchAction\",\"target\":{\"@type\":\"EntryPoint\",\"urlTemplate\":\"https:\\\/\\\/casadecampoliving.com\\\/es\\\/?s={search_term_string}\"},\"query-input\":{\"@type\":\"PropertyValueSpecification\",\"valueRequired\":true,\"valueName\":\"search_term_string\"}}],\"inLanguage\":\"es\"},{\"@type\":\"Organization\",\"@id\":\"https:\\\/\\\/casadecampoliving.com\\\/es\\\/#organization\",\"name\":\"Casa de Campo Living\",\"url\":\"https:\\\/\\\/casadecampoliving.com\\\/es\\\/\",\"logo\":{\"@type\":\"ImageObject\",\"inLanguage\":\"es\",\"@id\":\"https:\\\/\\\/casadecampoliving.com\\\/es\\\/#\\\/schema\\\/logo\\\/image\\\/\",\"url\":\"https:\\\/\\\/i0.wp.com\\\/casadecampoliving.com\\\/wp-content\\\/uploads\\\/2022\\\/07\\\/CDCLivingLogo_V1-white-sized.png?fit=800%2C214&ssl=1\",\"contentUrl\":\"https:\\\/\\\/i0.wp.com\\\/casadecampoliving.com\\\/wp-content\\\/uploads\\\/2022\\\/07\\\/CDCLivingLogo_V1-white-sized.png?fit=800%2C214&ssl=1\",\"width\":800,\"height\":214,\"caption\":\"Casa de Campo Living\"},\"image\":{\"@id\":\"https:\\\/\\\/casadecampoliving.com\\\/es\\\/#\\\/schema\\\/logo\\\/image\\\/\"},\"sameAs\":[\"https:\\\/\\\/www.facebook.com\\\/casadecampoliving\",\"https:\\\/\\\/x.com\\\/cdcliving\"]},{\"@type\":\"Person\",\"@id\":\"https:\\\/\\\/casadecampoliving.com\\\/es\\\/#\\\/schema\\\/person\\\/2b2208f3175fa8761e25b272e096d718\",\"name\":\"Rebecca Silvestri\",\"image\":{\"@type\":\"ImageObject\",\"inLanguage\":\"es\",\"@id\":\"https:\\\/\\\/secure.gravatar.com\\\/avatar\\\/2d937fd6c1769fb718dbf8dce9e82bf5f89e97bd028f9b3ea10b931dc7df95c6?s=96&d=mm&r=g\",\"url\":\"https:\\\/\\\/secure.gravatar.com\\\/avatar\\\/2d937fd6c1769fb718dbf8dce9e82bf5f89e97bd028f9b3ea10b931dc7df95c6?s=96&d=mm&r=g\",\"contentUrl\":\"https:\\\/\\\/secure.gravatar.com\\\/avatar\\\/2d937fd6c1769fb718dbf8dce9e82bf5f89e97bd028f9b3ea10b931dc7df95c6?s=96&d=mm&r=g\",\"caption\":\"Rebecca Silvestri\"},\"url\":\"https:\\\/\\\/casadecampoliving.com\\\/es\\\/author\\\/madamehuge\\\/\"}]}<\/script>\n<!-- \/ Yoast SEO plugin. -->","yoast_head_json":{"title":"Foto de la semana: Puesta del sol en Punta Minitas | Casa de Campo Living","description":"La foto de esta semana fue tomada\u00a0por Rick Rosemarin\u00a0desde la villa Punta Minitas #34, una villa muy especial con su propio playa y donde varios vistantes","robots":{"index":"index","follow":"follow","max-snippet":"max-snippet:-1","max-image-preview":"max-image-preview:large","max-video-preview":"max-video-preview:-1"},"canonical":"https:\/\/casadecampoliving.com\/es\/foto-de-la-semana-puesta-del-sol-en-punta-minitas\/","og_locale":"es_ES","og_type":"article","og_title":"Foto de la semana: Puesta del sol en Punta Minitas | Casa de Campo Living","og_description":"La foto de esta semana fue tomada\u00a0por Rick Rosemarin\u00a0desde la villa Punta Minitas #34, una villa muy especial con su propio playa y donde varios vistantes","og_url":"https:\/\/casadecampoliving.com\/es\/foto-de-la-semana-puesta-del-sol-en-punta-minitas\/","og_site_name":"Casa de Campo Living","article_publisher":"https:\/\/www.facebook.com\/casadecampoliving","article_published_time":"2012-07-01T04:00:00+00:00","article_modified_time":"2022-11-10T14:38:35+00:00","og_image":[{"width":650,"height":488,"url":"https:\/\/i0.wp.com\/casadecampoliving.com\/wp-content\/uploads\/2022\/10\/punta_minitas_casa_de_campo2-2.jpg?fit=650%2C488&ssl=1","type":"image\/jpeg"}],"author":"Rebecca Silvestri","twitter_card":"summary_large_image","twitter_creator":"@cdcliving","twitter_site":"@cdcliving","twitter_misc":{"Escrito por":"Rebecca Silvestri","Tiempo de lectura":"2 minutos"},"schema":{"@context":"https:\/\/schema.org","@graph":[{"@type":"Article","@id":"https:\/\/casadecampoliving.com\/es\/foto-de-la-semana-puesta-del-sol-en-punta-minitas\/#article","isPartOf":{"@id":"https:\/\/casadecampoliving.com\/es\/foto-de-la-semana-puesta-del-sol-en-punta-minitas\/"},"author":{"name":"Rebecca Silvestri","@id":"https:\/\/casadecampoliving.com\/es\/#\/schema\/person\/2b2208f3175fa8761e25b272e096d718"},"headline":"Foto de la semana: Puesta del sol en Punta Minitas","datePublished":"2012-07-01T04:00:00+00:00","dateModified":"2022-11-10T14:38:35+00:00","mainEntityOfPage":{"@id":"https:\/\/casadecampoliving.com\/es\/foto-de-la-semana-puesta-del-sol-en-punta-minitas\/"},"wordCount":326,"publisher":{"@id":"https:\/\/casadecampoliving.com\/es\/#organization"},"image":{"@id":"https:\/\/casadecampoliving.com\/es\/foto-de-la-semana-puesta-del-sol-en-punta-minitas\/#primaryimage"},"thumbnailUrl":"https:\/\/i0.wp.com\/casadecampoliving.com\/wp-content\/uploads\/2022\/10\/punta_minitas_casa_de_campo2-2.jpg?fit=650%2C488&ssl=1","keywords":["Bienes Raices Casa de Campo @es","foto de la semana","puesta del sol","Punta Minitas","villa de casa de campo"],"articleSection":["Casa de Campo Real Estate","Featured","Lifestyle"],"inLanguage":"es"},{"@type":"WebPage","@id":"https:\/\/casadecampoliving.com\/es\/foto-de-la-semana-puesta-del-sol-en-punta-minitas\/","url":"https:\/\/casadecampoliving.com\/es\/foto-de-la-semana-puesta-del-sol-en-punta-minitas\/","name":"Foto de la semana: Puesta del sol en Punta Minitas | Casa de Campo Living","isPartOf":{"@id":"https:\/\/casadecampoliving.com\/es\/#website"},"primaryImageOfPage":{"@id":"https:\/\/casadecampoliving.com\/es\/foto-de-la-semana-puesta-del-sol-en-punta-minitas\/#primaryimage"},"image":{"@id":"https:\/\/casadecampoliving.com\/es\/foto-de-la-semana-puesta-del-sol-en-punta-minitas\/#primaryimage"},"thumbnailUrl":"https:\/\/i0.wp.com\/casadecampoliving.com\/wp-content\/uploads\/2022\/10\/punta_minitas_casa_de_campo2-2.jpg?fit=650%2C488&ssl=1","datePublished":"2012-07-01T04:00:00+00:00","dateModified":"2022-11-10T14:38:35+00:00","description":"La foto de esta semana fue tomada\u00a0por Rick Rosemarin\u00a0desde la villa Punta Minitas #34, una villa muy especial con su propio playa y donde varios vistantes","breadcrumb":{"@id":"https:\/\/casadecampoliving.com\/es\/foto-de-la-semana-puesta-del-sol-en-punta-minitas\/#breadcrumb"},"inLanguage":"es","potentialAction":[{"@type":"ReadAction","target":["https:\/\/casadecampoliving.com\/es\/foto-de-la-semana-puesta-del-sol-en-punta-minitas\/"]}]},{"@type":"ImageObject","inLanguage":"es","@id":"https:\/\/casadecampoliving.com\/es\/foto-de-la-semana-puesta-del-sol-en-punta-minitas\/#primaryimage","url":"https:\/\/i0.wp.com\/casadecampoliving.com\/wp-content\/uploads\/2022\/10\/punta_minitas_casa_de_campo2-2.jpg?fit=650%2C488&ssl=1","contentUrl":"https:\/\/i0.wp.com\/casadecampoliving.com\/wp-content\/uploads\/2022\/10\/punta_minitas_casa_de_campo2-2.jpg?fit=650%2C488&ssl=1","width":650,"height":488,"caption":"punta minitas casa de campo"},{"@type":"BreadcrumbList","@id":"https:\/\/casadecampoliving.com\/es\/foto-de-la-semana-puesta-del-sol-en-punta-minitas\/#breadcrumb","itemListElement":[{"@type":"ListItem","position":1,"name":"Home","item":"https:\/\/casadecampoliving.com\/es\/"},{"@type":"ListItem","position":2,"name":"Foto de la semana: Puesta del sol en Punta Minitas"}]},{"@type":"WebSite","@id":"https:\/\/casadecampoliving.com\/es\/#website","url":"https:\/\/casadecampoliving.com\/es\/","name":"Casa de Campo Living","description":"Resort community news and resources.","publisher":{"@id":"https:\/\/casadecampoliving.com\/es\/#organization"},"potentialAction":[{"@type":"SearchAction","target":{"@type":"EntryPoint","urlTemplate":"https:\/\/casadecampoliving.com\/es\/?s={search_term_string}"},"query-input":{"@type":"PropertyValueSpecification","valueRequired":true,"valueName":"search_term_string"}}],"inLanguage":"es"},{"@type":"Organization","@id":"https:\/\/casadecampoliving.com\/es\/#organization","name":"Casa de Campo Living","url":"https:\/\/casadecampoliving.com\/es\/","logo":{"@type":"ImageObject","inLanguage":"es","@id":"https:\/\/casadecampoliving.com\/es\/#\/schema\/logo\/image\/","url":"https:\/\/i0.wp.com\/casadecampoliving.com\/wp-content\/uploads\/2022\/07\/CDCLivingLogo_V1-white-sized.png?fit=800%2C214&ssl=1","contentUrl":"https:\/\/i0.wp.com\/casadecampoliving.com\/wp-content\/uploads\/2022\/07\/CDCLivingLogo_V1-white-sized.png?fit=800%2C214&ssl=1","width":800,"height":214,"caption":"Casa de Campo Living"},"image":{"@id":"https:\/\/casadecampoliving.com\/es\/#\/schema\/logo\/image\/"},"sameAs":["https:\/\/www.facebook.com\/casadecampoliving","https:\/\/x.com\/cdcliving"]},{"@type":"Person","@id":"https:\/\/casadecampoliving.com\/es\/#\/schema\/person\/2b2208f3175fa8761e25b272e096d718","name":"Rebecca Silvestri","image":{"@type":"ImageObject","inLanguage":"es","@id":"https:\/\/secure.gravatar.com\/avatar\/2d937fd6c1769fb718dbf8dce9e82bf5f89e97bd028f9b3ea10b931dc7df95c6?s=96&d=mm&r=g","url":"https:\/\/secure.gravatar.com\/avatar\/2d937fd6c1769fb718dbf8dce9e82bf5f89e97bd028f9b3ea10b931dc7df95c6?s=96&d=mm&r=g","contentUrl":"https:\/\/secure.gravatar.com\/avatar\/2d937fd6c1769fb718dbf8dce9e82bf5f89e97bd028f9b3ea10b931dc7df95c6?s=96&d=mm&r=g","caption":"Rebecca Silvestri"},"url":"https:\/\/casadecampoliving.com\/es\/author\/madamehuge\/"}]}},"parsely":{"version":"1.1.0","canonical_url":"https:\/\/casadecampoliving.com\/es\/foto-de-la-semana-puesta-del-sol-en-punta-minitas\/","smart_links":{"inbound":0,"outbound":0},"traffic_boost_suggestions_count":0,"meta":{"@context":"https:\/\/schema.org","@type":"NewsArticle","headline":"Foto de la semana: Puesta del sol en Punta Minitas","url":"http:\/\/casadecampoliving.com\/es\/foto-de-la-semana-puesta-del-sol-en-punta-minitas\/","mainEntityOfPage":{"@type":"WebPage","@id":"http:\/\/casadecampoliving.com\/es\/foto-de-la-semana-puesta-del-sol-en-punta-minitas\/"},"thumbnailUrl":"https:\/\/i0.wp.com\/casadecampoliving.com\/wp-content\/uploads\/2022\/10\/punta_minitas_casa_de_campo2-2.jpg?resize=150%2C150&ssl=1","image":{"@type":"ImageObject","url":"https:\/\/i0.wp.com\/casadecampoliving.com\/wp-content\/uploads\/2022\/10\/punta_minitas_casa_de_campo2-2.jpg?fit=650%2C488&ssl=1"},"articleSection":"Casa de Campo Real Estate","author":[{"@type":"Person","name":"Rebecca Silvestri"}],"creator":["Rebecca Silvestri"],"publisher":{"@type":"Organization","name":"Casa de Campo Living","logo":"https:\/\/casadecampoliving.com\/wp-content\/uploads\/2022\/07\/CDCLivingLogo_V1-white-sized.png"},"keywords":["casa de campo real estate","foto de la semana","puesta del sol","punta minitas","villa de casa de campo"],"dateCreated":"2012-07-01T04:00:00Z","datePublished":"2012-07-01T04:00:00Z","dateModified":"2022-11-10T14:38:35Z"},"rendered":"<script type=\"application\/ld+json\" class=\"wp-parsely-metadata\">{\"@context\":\"https:\\\/\\\/schema.org\",\"@type\":\"NewsArticle\",\"headline\":\"Foto de la semana: Puesta del sol en Punta Minitas\",\"url\":\"http:\\\/\\\/casadecampoliving.com\\\/es\\\/foto-de-la-semana-puesta-del-sol-en-punta-minitas\\\/\",\"mainEntityOfPage\":{\"@type\":\"WebPage\",\"@id\":\"http:\\\/\\\/casadecampoliving.com\\\/es\\\/foto-de-la-semana-puesta-del-sol-en-punta-minitas\\\/\"},\"thumbnailUrl\":\"https:\\\/\\\/i0.wp.com\\\/casadecampoliving.com\\\/wp-content\\\/uploads\\\/2022\\\/10\\\/punta_minitas_casa_de_campo2-2.jpg?resize=150%2C150&ssl=1\",\"image\":{\"@type\":\"ImageObject\",\"url\":\"https:\\\/\\\/i0.wp.com\\\/casadecampoliving.com\\\/wp-content\\\/uploads\\\/2022\\\/10\\\/punta_minitas_casa_de_campo2-2.jpg?fit=650%2C488&ssl=1\"},\"articleSection\":\"Casa de Campo Real Estate\",\"author\":[{\"@type\":\"Person\",\"name\":\"Rebecca Silvestri\"}],\"creator\":[\"Rebecca Silvestri\"],\"publisher\":{\"@type\":\"Organization\",\"name\":\"Casa de Campo Living\",\"logo\":\"https:\\\/\\\/casadecampoliving.com\\\/wp-content\\\/uploads\\\/2022\\\/07\\\/CDCLivingLogo_V1-white-sized.png\"},\"keywords\":[\"casa de campo real estate\",\"foto de la semana\",\"puesta del sol\",\"punta minitas\",\"villa de casa de campo\"],\"dateCreated\":\"2012-07-01T04:00:00Z\",\"datePublished\":\"2012-07-01T04:00:00Z\",\"dateModified\":\"2022-11-10T14:38:35Z\"}<\/script>","tracker_url":"https:\/\/cdn.parsely.com\/keys\/casadecampoliving.com\/p.js"},"jetpack_publicize_connections":[],"jetpack_featured_media_url":"https:\/\/i0.wp.com\/casadecampoliving.com\/wp-content\/uploads\/2022\/10\/punta_minitas_casa_de_campo2-2.jpg?fit=650%2C488&ssl=1","jetpack-related-posts":[{"id":343865,"url":"https:\/\/casadecampoliving.com\/es\/beyonce-y-jay-z-en-la-playa-de-casa-de-campo\/","url_meta":{"origin":339249,"position":0},"title":"Beyonce y Jay Z en la playa de Casa de Campo","author":"Perkin Agramonte","date":"13 Feb, 2014","format":false,"excerpt":"La semana pasada Beyonc\u00e9 y Jay Z junto a su peque\u00f1a hija Blue Ivy estuvieron de vacaciones en Casa de Campo\u2026 y aunque lo mantuvieron muy en secreto, la famosa pareja fue vista disfrutando en los alrededores del resort y aqu\u00ed les traemos las fotos como prueba. Ellos llegaron al\u2026","rel":"","context":"En \u00abBienes raices Casa de Campo\u00bb","block_context":{"text":"Bienes raices Casa de Campo","link":"https:\/\/casadecampoliving.com\/es\/category\/bienes-raices-casa-de-campo-es\/"},"img":{"alt_text":"beyonce and jay z casa de campo","src":"https:\/\/i0.wp.com\/casadecampoliving.com\/wp-content\/uploads\/2022\/10\/beyonce2-1.jpg?fit=1200%2C846&ssl=1&resize=350%2C200","width":350,"height":200,"srcset":"https:\/\/i0.wp.com\/casadecampoliving.com\/wp-content\/uploads\/2022\/10\/beyonce2-1.jpg?fit=1200%2C846&ssl=1&resize=350%2C200 1x, https:\/\/i0.wp.com\/casadecampoliving.com\/wp-content\/uploads\/2022\/10\/beyonce2-1.jpg?fit=1200%2C846&ssl=1&resize=525%2C300 1.5x, https:\/\/i0.wp.com\/casadecampoliving.com\/wp-content\/uploads\/2022\/10\/beyonce2-1.jpg?fit=1200%2C846&ssl=1&resize=700%2C400 2x, https:\/\/i0.wp.com\/casadecampoliving.com\/wp-content\/uploads\/2022\/10\/beyonce2-1.jpg?fit=1200%2C846&ssl=1&resize=1050%2C600 3x"},"classes":[]},{"id":341093,"url":"https:\/\/casadecampoliving.com\/es\/un-deslumbrante-coctel-y-muestra-de-arte-en-punta-minitas-34\/","url_meta":{"origin":339249,"position":1},"title":"Un deslumbrante c\u00f3ctel y muestra de arte en Punta Minitas #34","author":"Rebecca Silvestri","date":"23 Abr, 2013","format":false,"excerpt":"\u00a0El pasado jueves 11 de abril de 2013, los propietarios de villas de Casa de Campo, residentes y visitantes, as\u00ed como tambi\u00e9n numerosos corredores de bienes ra\u00edces fueron juntos a una de las m\u00e1s magn\u00edficas fincas de Casa de Campo, Punta Minitas 34, \u00a0para un c\u00f3ctel y una muestra de\u2026","rel":"","context":"En \u00abBienes raices Casa de Campo\u00bb","block_context":{"text":"Bienes raices Casa de Campo","link":"https:\/\/casadecampoliving.com\/es\/category\/bienes-raices-casa-de-campo-es\/"},"img":{"alt_text":"punta minitas 34","src":"https:\/\/i0.wp.com\/casadecampoliving.com\/wp-content\/uploads\/2022\/10\/punta_minitas_34-1.jpg?fit=650%2C406&ssl=1&resize=350%2C200","width":350,"height":200,"srcset":"https:\/\/i0.wp.com\/casadecampoliving.com\/wp-content\/uploads\/2022\/10\/punta_minitas_34-1.jpg?fit=650%2C406&ssl=1&resize=350%2C200 1x, https:\/\/i0.wp.com\/casadecampoliving.com\/wp-content\/uploads\/2022\/10\/punta_minitas_34-1.jpg?fit=650%2C406&ssl=1&resize=525%2C300 1.5x"},"classes":[]},{"id":337937,"url":"https:\/\/casadecampoliving.com\/es\/foto-de-la-semana-reencuentro-con-playa-minitas\/","url_meta":{"origin":339249,"position":2},"title":"Foto de la Semana: \u00abReencuentro con Playa Minitas\u00bb","author":"","date":"19 Feb, 2012","format":false,"excerpt":"Resulta sorprendente (y hasta embarazoso) darme cuenta que, siendo romanense, hace muchos a\u00f1os no disfrutaba de esta particular belleza del aut\u00e9ntico para\u00edso de Casa de Campo durante esta bella puesta de sol\u2026\u00a0 Y es que podr\u00eda decir con toda certeza que desde aquel a\u00f1o en que hice mi graduaci\u00f3n de\u2026","rel":"","context":"En \u00abNoticias Locales\u00bb","block_context":{"text":"Noticias Locales","link":"https:\/\/casadecampoliving.com\/es\/category\/noticias-locales\/"},"img":{"alt_text":"minitas beach casa de campo","src":"https:\/\/i0.wp.com\/casadecampoliving.com\/wp-content\/uploads\/2022\/10\/minitas_beach_casa_de_campo-3.jpg?fit=650%2C410&ssl=1&resize=350%2C200","width":350,"height":200,"srcset":"https:\/\/i0.wp.com\/casadecampoliving.com\/wp-content\/uploads\/2022\/10\/minitas_beach_casa_de_campo-3.jpg?fit=650%2C410&ssl=1&resize=350%2C200 1x, https:\/\/i0.wp.com\/casadecampoliving.com\/wp-content\/uploads\/2022\/10\/minitas_beach_casa_de_campo-3.jpg?fit=650%2C410&ssl=1&resize=525%2C300 1.5x"},"classes":[]},{"id":340410,"url":"https:\/\/casadecampoliving.com\/es\/casa-de-campo-estates-celebra-un-coctel-para-su-co-brokers\/","url_meta":{"origin":339249,"position":3},"title":"Casa de Campo Estates celebra un coctel para su co-brokers","author":"lperdomo","date":"29 Dic, 2012","format":false,"excerpt":"Recientemente,\u00a0Rick Rosemarin de \u201cCasa de Campo Estates\u201d organiz\u00f3 un c\u00f3ctel para su equipo de empleados y co-brokers, en su villa m\u00e1s reconocida y magn\u00edfica; Punta Minitas #34. \u201cCasa de Campo Estates\u201d, una compa\u00f1\u00eda de bienes ra\u00edces\u00a0es due\u00f1a de una numerosa cantidad de villas impresionantes dentro del resort de Casa de\u2026","rel":"","context":"En \u00abBienes raices Casa de Campo\u00bb","block_context":{"text":"Bienes raices Casa de Campo","link":"https:\/\/casadecampoliving.com\/es\/category\/bienes-raices-casa-de-campo-es\/"},"img":{"alt_text":"casa de campo community","src":"https:\/\/i0.wp.com\/casadecampoliving.com\/wp-content\/uploads\/2022\/10\/casa_de_campo_community-1.jpg?fit=650%2C392&ssl=1&resize=350%2C200","width":350,"height":200,"srcset":"https:\/\/i0.wp.com\/casadecampoliving.com\/wp-content\/uploads\/2022\/10\/casa_de_campo_community-1.jpg?fit=650%2C392&ssl=1&resize=350%2C200 1x, https:\/\/i0.wp.com\/casadecampoliving.com\/wp-content\/uploads\/2022\/10\/casa_de_campo_community-1.jpg?fit=650%2C392&ssl=1&resize=525%2C300 1.5x"},"classes":[]},{"id":342035,"url":"https:\/\/casadecampoliving.com\/es\/punta-minitas-34-la-primera-propiedad-dominicana-que-aparece-en-la-portada-de-la-revista-christies\/","url_meta":{"origin":339249,"position":4},"title":"Punta Minitas 34, la primera propiedad dominicana que aparece en la portada de la revista Christie\u00b4s","author":"Mairobi Herrera","date":"21 Jun, 2013","format":false,"excerpt":"Felicitaciones a Punta Minitas #34, una preciosa villa con vista al oc\u00e9ano en Casa de Campo, que acaba de convertirse en la primera propiedad dominicana en aparecer en la portada de la revista inmobiliaria internacional Christie\u00b4s. Punta Minitas # 34, es catalogada como una \u201cun lugar palaciego en la Rep\u00fablica\u2026","rel":"","context":"En \u00abArte y cultura\u00bb","block_context":{"text":"Arte y cultura","link":"https:\/\/casadecampoliving.com\/category\/arte-y-cultura\/"},"img":{"alt_text":"punta minitas 34","src":"https:\/\/i0.wp.com\/casadecampoliving.com\/wp-content\/uploads\/2022\/10\/punta_minitas_34-4.jpg?fit=650%2C367&ssl=1&resize=350%2C200","width":350,"height":200,"srcset":"https:\/\/i0.wp.com\/casadecampoliving.com\/wp-content\/uploads\/2022\/10\/punta_minitas_34-4.jpg?fit=650%2C367&ssl=1&resize=350%2C200 1x, https:\/\/i0.wp.com\/casadecampoliving.com\/wp-content\/uploads\/2022\/10\/punta_minitas_34-4.jpg?fit=650%2C367&ssl=1&resize=525%2C300 1.5x"},"classes":[]},{"id":339980,"url":"https:\/\/casadecampoliving.com\/es\/foto-de-la-semana-el-paraiso-en-punta-minitas\/","url_meta":{"origin":339249,"position":5},"title":"Foto de la Semana: el para\u00edso en Punta Minitas!","author":"","date":"21 Oct, 2012","format":false,"excerpt":"Admirar las villas frente al mar en el \u00e1rea de Punta Minitas en Casa de Campo, le da una sensaci\u00f3n real de que Casa de Campo es en verdad un para\u00edso! Esta foto fue tomada en un viaje en lancha desde la playa Minitas hasta el r\u00edo Chav\u00f3n \u2013 el\u2026","rel":"","context":"En \u00abNoticias Locales\u00bb","block_context":{"text":"Noticias Locales","link":"https:\/\/casadecampoliving.com\/es\/category\/noticias-locales\/"},"img":{"alt_text":"punta minitas casa de campo","src":"https:\/\/i0.wp.com\/casadecampoliving.com\/wp-content\/uploads\/2022\/10\/punta_minitas_casa_de_campo-1.jpg?fit=650%2C338&ssl=1&resize=350%2C200","width":350,"height":200,"srcset":"https:\/\/i0.wp.com\/casadecampoliving.com\/wp-content\/uploads\/2022\/10\/punta_minitas_casa_de_campo-1.jpg?fit=650%2C338&ssl=1&resize=350%2C200 1x, https:\/\/i0.wp.com\/casadecampoliving.com\/wp-content\/uploads\/2022\/10\/punta_minitas_casa_de_campo-1.jpg?fit=650%2C338&ssl=1&resize=525%2C300 1.5x"},"classes":[]}],"jetpack_sharing_enabled":true,"_links":{"self":[{"href":"https:\/\/casadecampoliving.com\/es\/wp-json\/wp\/v2\/posts\/339249","targetHints":{"allow":["GET"]}}],"collection":[{"href":"https:\/\/casadecampoliving.com\/es\/wp-json\/wp\/v2\/posts"}],"about":[{"href":"https:\/\/casadecampoliving.com\/es\/wp-json\/wp\/v2\/types\/post"}],"author":[{"embeddable":true,"href":"https:\/\/casadecampoliving.com\/es\/wp-json\/wp\/v2\/users\/31"}],"replies":[{"embeddable":true,"href":"https:\/\/casadecampoliving.com\/es\/wp-json\/wp\/v2\/comments?post=339249"}],"version-history":[{"count":2,"href":"https:\/\/casadecampoliving.com\/es\/wp-json\/wp\/v2\/posts\/339249\/revisions"}],"predecessor-version":[{"id":508395,"href":"https:\/\/casadecampoliving.com\/es\/wp-json\/wp\/v2\/posts\/339249\/revisions\/508395"}],"wp:featuredmedia":[{"embeddable":true,"href":"https:\/\/casadecampoliving.com\/es\/wp-json\/wp\/v2\/media\/222104"}],"wp:attachment":[{"href":"https:\/\/casadecampoliving.com\/es\/wp-json\/wp\/v2\/media?parent=339249"}],"wp:term":[{"taxonomy":"category","embeddable":true,"href":"https:\/\/casadecampoliving.com\/es\/wp-json\/wp\/v2\/categories?post=339249"},{"taxonomy":"post_tag","embeddable":true,"href":"https:\/\/casadecampoliving.com\/es\/wp-json\/wp\/v2\/tags?post=339249"},{"taxonomy":"newspack_spnsrs_tax","embeddable":true,"href":"https:\/\/casadecampoliving.com\/es\/wp-json\/wp\/v2\/newspack_spnsrs_tax?post=339249"}],"curies":[{"name":"wp","href":"https:\/\/api.w.org\/{rel}","templated":true}]}}