{"id":339235,"date":"2012-06-17T00:00:00","date_gmt":"2012-06-17T04:00:00","guid":{"rendered":"https:\/\/casadecampoliving.com\/foto-de-la-semana-fiesta-en-el-paraiso-de-palmilla\/"},"modified":"2022-10-21T18:43:24","modified_gmt":"2022-10-21T22:43:24","slug":"foto-de-la-semana-fiesta-en-el-paraiso-de-palmilla","status":"publish","type":"post","link":"https:\/\/casadecampoliving.com\/es\/foto-de-la-semana-fiesta-en-el-paraiso-de-palmilla\/","title":{"rendered":"Foto de la Semana: Fiesta en el para\u00edso de Palmilla!"},"content":{"rendered":"<div class=\"wp-block-image\">\n<figure class=\"aligncenter is-resized\"><img loading=\"lazy\" decoding=\"async\" src=\"https:\/\/i0.wp.com\/casadecampoliving.com\/wp-content\/uploads\/2022\/10\/palmilla-6.jpg?resize=650%2C369&amp;ssl=1\" alt=\"palmilla\" class=\"wp-image-52637\" title=\"palmilla\" height=\"369\" width=\"650\"\/><\/figure>\n<\/div>\n\n\n<p>La foto de esta semana en Casa de Campo es un poco antigua, pero con el clima tan caluroso, esta, sin duda, es una escena bastante refrescante!<\/p>\n\n\n\n<!--more-->\n\n\n\n<p>La foto superior fue tomada el 31 de diciembre (fin de a\u00f1o), durante la fiesta de Palmillaso, aquella en la que cientos de lujosos yates y miles de fiesteros de Casa de Campo disfrutan un d\u00eda de champ\u00e1n con motivo del a\u00f1o nuevo en el reconocido ambiente de Palmilla!<\/p>\n\n\n\n<blockquote><p style=\"text-align: center;\"><strong>Palmillaso 2011!<\/strong><\/p><figure><img decoding=\"async\" loading=\"lazy\" class=\" wp-image-42644 alignnone\" style=\"margin-left: 15px; margin-right: 15px;\" title=\"palmillaso_new_years_eve\" src=\"https:\/\/i0.wp.com\/casadecampoliving.com\/wp-content\/uploads\/2022\/10\/palmillaso_new_years_eve.jpg?resize=585%2C360&amp;ssl=1\" alt=\"palmillaso new years eve casa de campo\" width=\"585\" height=\"360\"><\/figure><p>Para m\u00e1s fotos sensacionales sobre Palmillaso 2011, haga click en los siguientes enlaces:<\/p><p>\u2022&nbsp;<a href=\"https:\/\/casadecampoliving.com\/es\/2012\/01\/palmillaso-2011-parte-1-un-divertido-y-mojado-comienzo-al-ano-2012\/\">Palmillaso 2011, parte 1: Un divertido y mojado comienzo al a\u00f1o 2012!<\/a><\/p><p>\u2022&nbsp;<a href=\"https:\/\/casadecampoliving.com\/es\/2012\/01\/palmillaso-2011-parte-2-la-legendaria-celebracion-de-ano-nuevo-en-el-mar\/\">Palmillaso 2011, parte 2: La legendaria celebraci\u00f3n de A\u00f1o Nuevo en el mar!<\/a><\/p><\/blockquote>\n","protected":false},"excerpt":{"rendered":"<p>La foto de esta semana en Casa de Campo es un poco antigua, pero con el clima tan caluroso, esta, sin duda, es una escena bastante refrescante!<\/p>\n","protected":false},"author":21,"featured_media":246133,"comment_status":"closed","ping_status":"closed","sticky":false,"template":"","format":"standard","meta":{"newspack_ads_suppress_ads":false,"newspack_popups_has_disabled_popups":false,"newspack_sponsor_sponsorship_scope":"","newspack_sponsor_native_byline_display":"inherit","newspack_sponsor_native_category_display":"inherit","newspack_sponsor_underwriter_style":"inherit","newspack_sponsor_underwriter_placement":"inherit","_newspack_byline_active":false,"_newspack_byline":"","newspack_hide_updated_date":false,"newspack_show_updated_date":false,"newspack_content_restriction_is_exempt":false,"newspack_featured_image_position":"","newspack_post_subtitle":"","newspack_article_summary_title":"Overview:","newspack_article_summary":"","_jetpack_memberships_contains_paid_content":false,"footnotes":"","jetpack_publicize_message":"","jetpack_publicize_feature_enabled":true,"jetpack_social_post_already_shared":false,"jetpack_social_options":{"image_generator_settings":{"template":"highway","default_image_id":0,"font":"","enabled":false},"version":2},"_wpas_customize_per_network":false},"categories":[14631,2522,2506,14625,14627],"tags":[2848,120,1691,2561],"newspack_spnsrs_tax":[],"class_list":["post-339235","post","type-post","status-publish","format-standard","has-post-thumbnail","hentry","category-estilo-de-vida","category-eventos-es","category-mas-alla-de-casa-es","category-noticias-locales","category-proximamente","tag-foto-de-la-semana","tag-palmilla","tag-palmillaso","tag-resort-casa-de-campo","entry"],"yoast_head":"<!-- This site is optimized with the Yoast SEO plugin v27.5 - https:\/\/yoast.com\/product\/yoast-seo-wordpress\/ -->\n<title>Foto de la Semana: Fiesta en el para\u00edso de Palmilla! | Casa de Campo Living<\/title>\n<meta name=\"description\" content=\"La foto de esta semana en Casa de Campo es un poco antigua, pero con el clima tan caluroso, esta, sin duda, es una escena bastante refrescante! La foto\" \/>\n<meta name=\"robots\" content=\"index, follow, max-snippet:-1, max-image-preview:large, max-video-preview:-1\" \/>\n<link rel=\"canonical\" href=\"https:\/\/casadecampoliving.com\/es\/foto-de-la-semana-fiesta-en-el-paraiso-de-palmilla\/\" \/>\n<meta property=\"og:locale\" content=\"es_ES\" \/>\n<meta property=\"og:type\" content=\"article\" \/>\n<meta property=\"og:title\" content=\"Foto de la Semana: Fiesta en el para\u00edso de Palmilla! | Casa de Campo Living\" \/>\n<meta property=\"og:description\" content=\"La foto de esta semana en Casa de Campo es un poco antigua, pero con el clima tan caluroso, esta, sin duda, es una escena bastante refrescante! La foto\" \/>\n<meta property=\"og:url\" content=\"https:\/\/casadecampoliving.com\/es\/foto-de-la-semana-fiesta-en-el-paraiso-de-palmilla\/\" \/>\n<meta property=\"og:site_name\" content=\"Casa de Campo Living\" \/>\n<meta property=\"article:publisher\" content=\"https:\/\/www.facebook.com\/casadecampoliving\" \/>\n<meta property=\"article:published_time\" content=\"2012-06-17T04:00:00+00:00\" \/>\n<meta property=\"article:modified_time\" content=\"2022-10-21T22:43:24+00:00\" \/>\n<meta property=\"og:image\" content=\"https:\/\/i0.wp.com\/casadecampoliving.com\/wp-content\/uploads\/2022\/10\/palmilla-7.jpg?fit=650%2C369&ssl=1\" \/>\n\t<meta property=\"og:image:width\" content=\"650\" \/>\n\t<meta property=\"og:image:height\" content=\"369\" \/>\n\t<meta property=\"og:image:type\" content=\"image\/jpeg\" \/>\n<meta name=\"twitter:card\" content=\"summary_large_image\" \/>\n<meta name=\"twitter:creator\" content=\"@cdcliving\" \/>\n<meta name=\"twitter:site\" content=\"@cdcliving\" \/>\n<meta name=\"twitter:label1\" content=\"Escrito por\" \/>\n\t<meta name=\"twitter:data1\" content=\"\" \/>\n\t<meta name=\"twitter:label2\" content=\"Tiempo de lectura\" \/>\n\t<meta name=\"twitter:data2\" content=\"1 minuto\" \/>\n<script type=\"application\/ld+json\" class=\"yoast-schema-graph\">{\"@context\":\"https:\\\/\\\/schema.org\",\"@graph\":[{\"@type\":\"Article\",\"@id\":\"https:\\\/\\\/casadecampoliving.com\\\/es\\\/foto-de-la-semana-fiesta-en-el-paraiso-de-palmilla\\\/#article\",\"isPartOf\":{\"@id\":\"https:\\\/\\\/casadecampoliving.com\\\/es\\\/foto-de-la-semana-fiesta-en-el-paraiso-de-palmilla\\\/\"},\"author\":{\"name\":\"\",\"@id\":\"https:\\\/\\\/casadecampoliving.com\\\/es\\\/#\\\/schema\\\/person\\\/7e3b975d584a5f6ac0fd7128a81b0bc5\"},\"headline\":\"Foto de la Semana: Fiesta en el para\u00edso de Palmilla!\",\"datePublished\":\"2012-06-17T04:00:00+00:00\",\"dateModified\":\"2022-10-21T22:43:24+00:00\",\"mainEntityOfPage\":{\"@id\":\"https:\\\/\\\/casadecampoliving.com\\\/es\\\/foto-de-la-semana-fiesta-en-el-paraiso-de-palmilla\\\/\"},\"wordCount\":129,\"publisher\":{\"@id\":\"https:\\\/\\\/casadecampoliving.com\\\/es\\\/#organization\"},\"image\":{\"@id\":\"https:\\\/\\\/casadecampoliving.com\\\/es\\\/foto-de-la-semana-fiesta-en-el-paraiso-de-palmilla\\\/#primaryimage\"},\"thumbnailUrl\":\"https:\\\/\\\/i0.wp.com\\\/casadecampoliving.com\\\/wp-content\\\/uploads\\\/2022\\\/10\\\/palmilla-7.jpg?fit=650%2C369&ssl=1\",\"keywords\":[\"foto de la semana\",\"Palmilla\",\"palmillaso\",\"resort casa de campo\"],\"articleSection\":[\"Estilo de Vida\",\"Eventos\",\"M\u00e1s all\u00e1 de Casa\",\"Noticias Locales\",\"Proximamente\"],\"inLanguage\":\"es\"},{\"@type\":\"WebPage\",\"@id\":\"https:\\\/\\\/casadecampoliving.com\\\/es\\\/foto-de-la-semana-fiesta-en-el-paraiso-de-palmilla\\\/\",\"url\":\"https:\\\/\\\/casadecampoliving.com\\\/es\\\/foto-de-la-semana-fiesta-en-el-paraiso-de-palmilla\\\/\",\"name\":\"Foto de la Semana: Fiesta en el para\u00edso de Palmilla! | Casa de Campo Living\",\"isPartOf\":{\"@id\":\"https:\\\/\\\/casadecampoliving.com\\\/es\\\/#website\"},\"primaryImageOfPage\":{\"@id\":\"https:\\\/\\\/casadecampoliving.com\\\/es\\\/foto-de-la-semana-fiesta-en-el-paraiso-de-palmilla\\\/#primaryimage\"},\"image\":{\"@id\":\"https:\\\/\\\/casadecampoliving.com\\\/es\\\/foto-de-la-semana-fiesta-en-el-paraiso-de-palmilla\\\/#primaryimage\"},\"thumbnailUrl\":\"https:\\\/\\\/i0.wp.com\\\/casadecampoliving.com\\\/wp-content\\\/uploads\\\/2022\\\/10\\\/palmilla-7.jpg?fit=650%2C369&ssl=1\",\"datePublished\":\"2012-06-17T04:00:00+00:00\",\"dateModified\":\"2022-10-21T22:43:24+00:00\",\"description\":\"La foto de esta semana en Casa de Campo es un poco antigua, pero con el clima tan caluroso, esta, sin duda, es una escena bastante refrescante! La foto\",\"breadcrumb\":{\"@id\":\"https:\\\/\\\/casadecampoliving.com\\\/es\\\/foto-de-la-semana-fiesta-en-el-paraiso-de-palmilla\\\/#breadcrumb\"},\"inLanguage\":\"es\",\"potentialAction\":[{\"@type\":\"ReadAction\",\"target\":[\"https:\\\/\\\/casadecampoliving.com\\\/es\\\/foto-de-la-semana-fiesta-en-el-paraiso-de-palmilla\\\/\"]}]},{\"@type\":\"ImageObject\",\"inLanguage\":\"es\",\"@id\":\"https:\\\/\\\/casadecampoliving.com\\\/es\\\/foto-de-la-semana-fiesta-en-el-paraiso-de-palmilla\\\/#primaryimage\",\"url\":\"https:\\\/\\\/i0.wp.com\\\/casadecampoliving.com\\\/wp-content\\\/uploads\\\/2022\\\/10\\\/palmilla-7.jpg?fit=650%2C369&ssl=1\",\"contentUrl\":\"https:\\\/\\\/i0.wp.com\\\/casadecampoliving.com\\\/wp-content\\\/uploads\\\/2022\\\/10\\\/palmilla-7.jpg?fit=650%2C369&ssl=1\",\"width\":650,\"height\":369,\"caption\":\"palmilla\"},{\"@type\":\"BreadcrumbList\",\"@id\":\"https:\\\/\\\/casadecampoliving.com\\\/es\\\/foto-de-la-semana-fiesta-en-el-paraiso-de-palmilla\\\/#breadcrumb\",\"itemListElement\":[{\"@type\":\"ListItem\",\"position\":1,\"name\":\"Home\",\"item\":\"https:\\\/\\\/casadecampoliving.com\\\/es\\\/\"},{\"@type\":\"ListItem\",\"position\":2,\"name\":\"Foto de la Semana: Fiesta en el para\u00edso de Palmilla!\"}]},{\"@type\":\"WebSite\",\"@id\":\"https:\\\/\\\/casadecampoliving.com\\\/es\\\/#website\",\"url\":\"https:\\\/\\\/casadecampoliving.com\\\/es\\\/\",\"name\":\"Casa de Campo Living\",\"description\":\"Resort community news and resources.\",\"publisher\":{\"@id\":\"https:\\\/\\\/casadecampoliving.com\\\/es\\\/#organization\"},\"potentialAction\":[{\"@type\":\"SearchAction\",\"target\":{\"@type\":\"EntryPoint\",\"urlTemplate\":\"https:\\\/\\\/casadecampoliving.com\\\/es\\\/?s={search_term_string}\"},\"query-input\":{\"@type\":\"PropertyValueSpecification\",\"valueRequired\":true,\"valueName\":\"search_term_string\"}}],\"inLanguage\":\"es\"},{\"@type\":\"Organization\",\"@id\":\"https:\\\/\\\/casadecampoliving.com\\\/es\\\/#organization\",\"name\":\"Casa de Campo Living\",\"url\":\"https:\\\/\\\/casadecampoliving.com\\\/es\\\/\",\"logo\":{\"@type\":\"ImageObject\",\"inLanguage\":\"es\",\"@id\":\"https:\\\/\\\/casadecampoliving.com\\\/es\\\/#\\\/schema\\\/logo\\\/image\\\/\",\"url\":\"https:\\\/\\\/i0.wp.com\\\/casadecampoliving.com\\\/wp-content\\\/uploads\\\/2022\\\/07\\\/CDCLivingLogo_V1-white-sized.png?fit=800%2C214&ssl=1\",\"contentUrl\":\"https:\\\/\\\/i0.wp.com\\\/casadecampoliving.com\\\/wp-content\\\/uploads\\\/2022\\\/07\\\/CDCLivingLogo_V1-white-sized.png?fit=800%2C214&ssl=1\",\"width\":800,\"height\":214,\"caption\":\"Casa de Campo Living\"},\"image\":{\"@id\":\"https:\\\/\\\/casadecampoliving.com\\\/es\\\/#\\\/schema\\\/logo\\\/image\\\/\"},\"sameAs\":[\"https:\\\/\\\/www.facebook.com\\\/casadecampoliving\",\"https:\\\/\\\/x.com\\\/cdcliving\"]},{\"@type\":\"Person\",\"@id\":\"https:\\\/\\\/casadecampoliving.com\\\/es\\\/#\\\/schema\\\/person\\\/7e3b975d584a5f6ac0fd7128a81b0bc5\",\"name\":\"\",\"image\":{\"@type\":\"ImageObject\",\"inLanguage\":\"es\",\"@id\":\"https:\\\/\\\/secure.gravatar.com\\\/avatar\\\/?s=96&d=mm&r=g\",\"url\":\"https:\\\/\\\/secure.gravatar.com\\\/avatar\\\/?s=96&d=mm&r=g\",\"contentUrl\":\"https:\\\/\\\/secure.gravatar.com\\\/avatar\\\/?s=96&d=mm&r=g\"},\"url\":\"https:\\\/\\\/casadecampoliving.com\\\/es\\\/author\\\/ \\\/\"}]}<\/script>\n<!-- \/ Yoast SEO plugin. -->","yoast_head_json":{"title":"Foto de la Semana: Fiesta en el para\u00edso de Palmilla! | Casa de Campo Living","description":"La foto de esta semana en Casa de Campo es un poco antigua, pero con el clima tan caluroso, esta, sin duda, es una escena bastante refrescante! La foto","robots":{"index":"index","follow":"follow","max-snippet":"max-snippet:-1","max-image-preview":"max-image-preview:large","max-video-preview":"max-video-preview:-1"},"canonical":"https:\/\/casadecampoliving.com\/es\/foto-de-la-semana-fiesta-en-el-paraiso-de-palmilla\/","og_locale":"es_ES","og_type":"article","og_title":"Foto de la Semana: Fiesta en el para\u00edso de Palmilla! | Casa de Campo Living","og_description":"La foto de esta semana en Casa de Campo es un poco antigua, pero con el clima tan caluroso, esta, sin duda, es una escena bastante refrescante! La foto","og_url":"https:\/\/casadecampoliving.com\/es\/foto-de-la-semana-fiesta-en-el-paraiso-de-palmilla\/","og_site_name":"Casa de Campo Living","article_publisher":"https:\/\/www.facebook.com\/casadecampoliving","article_published_time":"2012-06-17T04:00:00+00:00","article_modified_time":"2022-10-21T22:43:24+00:00","og_image":[{"width":650,"height":369,"url":"https:\/\/i0.wp.com\/casadecampoliving.com\/wp-content\/uploads\/2022\/10\/palmilla-7.jpg?fit=650%2C369&ssl=1","type":"image\/jpeg"}],"twitter_card":"summary_large_image","twitter_creator":"@cdcliving","twitter_site":"@cdcliving","twitter_misc":{"Escrito por":"","Tiempo de lectura":"1 minuto"},"schema":{"@context":"https:\/\/schema.org","@graph":[{"@type":"Article","@id":"https:\/\/casadecampoliving.com\/es\/foto-de-la-semana-fiesta-en-el-paraiso-de-palmilla\/#article","isPartOf":{"@id":"https:\/\/casadecampoliving.com\/es\/foto-de-la-semana-fiesta-en-el-paraiso-de-palmilla\/"},"author":{"name":"","@id":"https:\/\/casadecampoliving.com\/es\/#\/schema\/person\/7e3b975d584a5f6ac0fd7128a81b0bc5"},"headline":"Foto de la Semana: Fiesta en el para\u00edso de Palmilla!","datePublished":"2012-06-17T04:00:00+00:00","dateModified":"2022-10-21T22:43:24+00:00","mainEntityOfPage":{"@id":"https:\/\/casadecampoliving.com\/es\/foto-de-la-semana-fiesta-en-el-paraiso-de-palmilla\/"},"wordCount":129,"publisher":{"@id":"https:\/\/casadecampoliving.com\/es\/#organization"},"image":{"@id":"https:\/\/casadecampoliving.com\/es\/foto-de-la-semana-fiesta-en-el-paraiso-de-palmilla\/#primaryimage"},"thumbnailUrl":"https:\/\/i0.wp.com\/casadecampoliving.com\/wp-content\/uploads\/2022\/10\/palmilla-7.jpg?fit=650%2C369&ssl=1","keywords":["foto de la semana","Palmilla","palmillaso","resort casa de campo"],"articleSection":["Estilo de Vida","Eventos","M\u00e1s all\u00e1 de Casa","Noticias Locales","Proximamente"],"inLanguage":"es"},{"@type":"WebPage","@id":"https:\/\/casadecampoliving.com\/es\/foto-de-la-semana-fiesta-en-el-paraiso-de-palmilla\/","url":"https:\/\/casadecampoliving.com\/es\/foto-de-la-semana-fiesta-en-el-paraiso-de-palmilla\/","name":"Foto de la Semana: Fiesta en el para\u00edso de Palmilla! | Casa de Campo Living","isPartOf":{"@id":"https:\/\/casadecampoliving.com\/es\/#website"},"primaryImageOfPage":{"@id":"https:\/\/casadecampoliving.com\/es\/foto-de-la-semana-fiesta-en-el-paraiso-de-palmilla\/#primaryimage"},"image":{"@id":"https:\/\/casadecampoliving.com\/es\/foto-de-la-semana-fiesta-en-el-paraiso-de-palmilla\/#primaryimage"},"thumbnailUrl":"https:\/\/i0.wp.com\/casadecampoliving.com\/wp-content\/uploads\/2022\/10\/palmilla-7.jpg?fit=650%2C369&ssl=1","datePublished":"2012-06-17T04:00:00+00:00","dateModified":"2022-10-21T22:43:24+00:00","description":"La foto de esta semana en Casa de Campo es un poco antigua, pero con el clima tan caluroso, esta, sin duda, es una escena bastante refrescante! La foto","breadcrumb":{"@id":"https:\/\/casadecampoliving.com\/es\/foto-de-la-semana-fiesta-en-el-paraiso-de-palmilla\/#breadcrumb"},"inLanguage":"es","potentialAction":[{"@type":"ReadAction","target":["https:\/\/casadecampoliving.com\/es\/foto-de-la-semana-fiesta-en-el-paraiso-de-palmilla\/"]}]},{"@type":"ImageObject","inLanguage":"es","@id":"https:\/\/casadecampoliving.com\/es\/foto-de-la-semana-fiesta-en-el-paraiso-de-palmilla\/#primaryimage","url":"https:\/\/i0.wp.com\/casadecampoliving.com\/wp-content\/uploads\/2022\/10\/palmilla-7.jpg?fit=650%2C369&ssl=1","contentUrl":"https:\/\/i0.wp.com\/casadecampoliving.com\/wp-content\/uploads\/2022\/10\/palmilla-7.jpg?fit=650%2C369&ssl=1","width":650,"height":369,"caption":"palmilla"},{"@type":"BreadcrumbList","@id":"https:\/\/casadecampoliving.com\/es\/foto-de-la-semana-fiesta-en-el-paraiso-de-palmilla\/#breadcrumb","itemListElement":[{"@type":"ListItem","position":1,"name":"Home","item":"https:\/\/casadecampoliving.com\/es\/"},{"@type":"ListItem","position":2,"name":"Foto de la Semana: Fiesta en el para\u00edso de Palmilla!"}]},{"@type":"WebSite","@id":"https:\/\/casadecampoliving.com\/es\/#website","url":"https:\/\/casadecampoliving.com\/es\/","name":"Casa de Campo Living","description":"Resort community news and resources.","publisher":{"@id":"https:\/\/casadecampoliving.com\/es\/#organization"},"potentialAction":[{"@type":"SearchAction","target":{"@type":"EntryPoint","urlTemplate":"https:\/\/casadecampoliving.com\/es\/?s={search_term_string}"},"query-input":{"@type":"PropertyValueSpecification","valueRequired":true,"valueName":"search_term_string"}}],"inLanguage":"es"},{"@type":"Organization","@id":"https:\/\/casadecampoliving.com\/es\/#organization","name":"Casa de Campo Living","url":"https:\/\/casadecampoliving.com\/es\/","logo":{"@type":"ImageObject","inLanguage":"es","@id":"https:\/\/casadecampoliving.com\/es\/#\/schema\/logo\/image\/","url":"https:\/\/i0.wp.com\/casadecampoliving.com\/wp-content\/uploads\/2022\/07\/CDCLivingLogo_V1-white-sized.png?fit=800%2C214&ssl=1","contentUrl":"https:\/\/i0.wp.com\/casadecampoliving.com\/wp-content\/uploads\/2022\/07\/CDCLivingLogo_V1-white-sized.png?fit=800%2C214&ssl=1","width":800,"height":214,"caption":"Casa de Campo Living"},"image":{"@id":"https:\/\/casadecampoliving.com\/es\/#\/schema\/logo\/image\/"},"sameAs":["https:\/\/www.facebook.com\/casadecampoliving","https:\/\/x.com\/cdcliving"]},{"@type":"Person","@id":"https:\/\/casadecampoliving.com\/es\/#\/schema\/person\/7e3b975d584a5f6ac0fd7128a81b0bc5","name":"","image":{"@type":"ImageObject","inLanguage":"es","@id":"https:\/\/secure.gravatar.com\/avatar\/?s=96&d=mm&r=g","url":"https:\/\/secure.gravatar.com\/avatar\/?s=96&d=mm&r=g","contentUrl":"https:\/\/secure.gravatar.com\/avatar\/?s=96&d=mm&r=g"},"url":"https:\/\/casadecampoliving.com\/es\/author\/ \/"}]}},"parsely":{"version":"1.1.0","canonical_url":"https:\/\/casadecampoliving.com\/es\/foto-de-la-semana-fiesta-en-el-paraiso-de-palmilla\/","smart_links":{"inbound":0,"outbound":0},"traffic_boost_suggestions_count":0,"meta":{"@context":"https:\/\/schema.org","@type":"NewsArticle","headline":"Foto de la Semana: Fiesta en el para\u00edso de Palmilla!","url":"http:\/\/casadecampoliving.com\/es\/foto-de-la-semana-fiesta-en-el-paraiso-de-palmilla\/","mainEntityOfPage":{"@type":"WebPage","@id":"http:\/\/casadecampoliving.com\/es\/foto-de-la-semana-fiesta-en-el-paraiso-de-palmilla\/"},"thumbnailUrl":"https:\/\/i0.wp.com\/casadecampoliving.com\/wp-content\/uploads\/2022\/10\/palmilla-7.jpg?resize=150%2C150&ssl=1","image":{"@type":"ImageObject","url":"https:\/\/i0.wp.com\/casadecampoliving.com\/wp-content\/uploads\/2022\/10\/palmilla-7.jpg?fit=650%2C369&ssl=1"},"articleSection":"Estilo de Vida","author":[{"@type":"Person","name":"FB_515917546"}],"creator":["FB_515917546"],"publisher":{"@type":"Organization","name":"Casa de Campo Living","logo":"https:\/\/casadecampoliving.com\/wp-content\/uploads\/2022\/07\/CDCLivingLogo_V1-white-sized.png"},"keywords":["foto de la semana","palmilla","palmillaso","resort casa de campo"],"dateCreated":"2012-06-17T04:00:00Z","datePublished":"2012-06-17T04:00:00Z","dateModified":"2022-10-21T22:43:24Z"},"rendered":"<script type=\"application\/ld+json\" class=\"wp-parsely-metadata\">{\"@context\":\"https:\\\/\\\/schema.org\",\"@type\":\"NewsArticle\",\"headline\":\"Foto de la Semana: Fiesta en el para\\u00edso de Palmilla!\",\"url\":\"http:\\\/\\\/casadecampoliving.com\\\/es\\\/foto-de-la-semana-fiesta-en-el-paraiso-de-palmilla\\\/\",\"mainEntityOfPage\":{\"@type\":\"WebPage\",\"@id\":\"http:\\\/\\\/casadecampoliving.com\\\/es\\\/foto-de-la-semana-fiesta-en-el-paraiso-de-palmilla\\\/\"},\"thumbnailUrl\":\"https:\\\/\\\/i0.wp.com\\\/casadecampoliving.com\\\/wp-content\\\/uploads\\\/2022\\\/10\\\/palmilla-7.jpg?resize=150%2C150&ssl=1\",\"image\":{\"@type\":\"ImageObject\",\"url\":\"https:\\\/\\\/i0.wp.com\\\/casadecampoliving.com\\\/wp-content\\\/uploads\\\/2022\\\/10\\\/palmilla-7.jpg?fit=650%2C369&ssl=1\"},\"articleSection\":\"Estilo de Vida\",\"author\":[{\"@type\":\"Person\",\"name\":\"FB_515917546\"}],\"creator\":[\"FB_515917546\"],\"publisher\":{\"@type\":\"Organization\",\"name\":\"Casa de Campo Living\",\"logo\":\"https:\\\/\\\/casadecampoliving.com\\\/wp-content\\\/uploads\\\/2022\\\/07\\\/CDCLivingLogo_V1-white-sized.png\"},\"keywords\":[\"foto de la semana\",\"palmilla\",\"palmillaso\",\"resort casa de campo\"],\"dateCreated\":\"2012-06-17T04:00:00Z\",\"datePublished\":\"2012-06-17T04:00:00Z\",\"dateModified\":\"2022-10-21T22:43:24Z\"}<\/script>","tracker_url":"https:\/\/cdn.parsely.com\/keys\/casadecampoliving.com\/p.js"},"jetpack_publicize_connections":[],"jetpack_featured_media_url":"https:\/\/i0.wp.com\/casadecampoliving.com\/wp-content\/uploads\/2022\/10\/palmilla-7.jpg?fit=650%2C369&ssl=1","jetpack-related-posts":[{"id":337660,"url":"https:\/\/casadecampoliving.com\/es\/palmillaso-2010-la-fiesta-de-fin-de-ano-en-palmilla-parte-2\/","url_meta":{"origin":339235,"position":0},"title":"Palmillaso 2010! La fiesta de fin de a\u00f1o en Palmilla: parte 2!","author":"","date":"8 Ene, 2011","format":false,"excerpt":"La espera del nuevo a\u00f1o 2011 fue larga! Aqu\u00ed les traemos las fotos e historia de la fiesta 'Palmillaso de cuando se puso m\u00e1s y m\u00e1s caliente..... Haga click aqu\u00ed para leer Palmillaso 2010! Fiesta de fin de a\u00f1o, Palmilla, Parte 1 La tradici\u00f3n de Casa de Campo es que\u2026","rel":"","context":"En \u00abVida Nocturna\u00bb","block_context":{"text":"Vida Nocturna","link":"https:\/\/casadecampoliving.com\/es\/category\/vida-nocturna-es\/"},"img":{"alt_text":"","src":"https:\/\/i0.wp.com\/casadecampoliving.com\/wp-content\/uploads\/2022\/10\/palmilla2010_new_years_eve_casadecampo-1.jpg?fit=565%2C207&ssl=1&resize=350%2C200","width":350,"height":200,"srcset":"https:\/\/i0.wp.com\/casadecampoliving.com\/wp-content\/uploads\/2022\/10\/palmilla2010_new_years_eve_casadecampo-1.jpg?fit=565%2C207&ssl=1&resize=350%2C200 1x, https:\/\/i0.wp.com\/casadecampoliving.com\/wp-content\/uploads\/2022\/10\/palmilla2010_new_years_eve_casadecampo-1.jpg?fit=565%2C207&ssl=1&resize=525%2C300 1.5x"},"classes":[]},{"id":338041,"url":"https:\/\/casadecampoliving.com\/es\/palmillaso-2011-parte-1-un-divertido-y-mojado-comienzo-al-ano-2012\/","url_meta":{"origin":339235,"position":1},"title":"Palmillaso 2011, parte 1: Un divertido y \u00abmojado\u00bb comienzo al a\u00f1o 2012!","author":"","date":"10 Ene, 2012","format":false,"excerpt":"Este a\u00f1o, por segunda vez, Casa de Campo Living contrat\u00f3 un catamar\u00e1n que naveg\u00f3 hasta Palmilla con un grupo de invitados especiales que se unieron en el evento anual del viaj a Palmilla de Palmillaso en este 31 de diciembre 2012! HAGA CLICK AQU\u00cd para Palmillaso, parte 2 - la\u2026","rel":"","context":"En \u00abCasa de Campo Living @es\u00bb","block_context":{"text":"Casa de Campo Living @es","link":"https:\/\/casadecampoliving.com\/category\/casa-de-campo-living-es\/"},"img":{"alt_text":"","src":"https:\/\/i0.wp.com\/casadecampoliving.com\/wp-content\/uploads\/2022\/10\/palmillas_casa_de_campo.jpg?fit=585%2C400&ssl=1&resize=350%2C200","width":350,"height":200,"srcset":"https:\/\/i0.wp.com\/casadecampoliving.com\/wp-content\/uploads\/2022\/10\/palmillas_casa_de_campo.jpg?fit=585%2C400&ssl=1&resize=350%2C200 1x, https:\/\/i0.wp.com\/casadecampoliving.com\/wp-content\/uploads\/2022\/10\/palmillas_casa_de_campo.jpg?fit=585%2C400&ssl=1&resize=525%2C300 1.5x"},"classes":[]},{"id":337921,"url":"https:\/\/casadecampoliving.com\/es\/palmillaso-2011-acompananos-dic-31\/","url_meta":{"origin":339235,"position":2},"title":"Palmillaso 2011! Acomp\u00e1\u00f1anos&#8230; Dic 31!","author":"","date":"23 Dic, 2011","format":false,"excerpt":"As\u00ed es damas y caballeros, es tiempo de fiestar!!! Casa de Campo Living presenta\u2026.el segundo evento anual PALMILLASO, la m\u00e1s legendaria fiesta del a\u00f1o que parte hacia Palmilla el s\u00e1bado 31 de diciembre para recibir el A\u00f1o Nuevo en el mar! Aqu\u00ed los detalles! Palmillaso 2011Fecha: S\u00e1bado 31 de diciembre,\u2026","rel":"","context":"En \u00abCasa de Campo Living @es\u00bb","block_context":{"text":"Casa de Campo Living @es","link":"https:\/\/casadecampoliving.com\/category\/casa-de-campo-living-es\/"},"img":{"alt_text":"","src":"https:\/\/i0.wp.com\/casadecampoliving.com\/wp-content\/uploads\/2022\/10\/Palmillaso-Casadecampo-en-1.jpg?fit=650%2C400&ssl=1&resize=350%2C200","width":350,"height":200,"srcset":"https:\/\/i0.wp.com\/casadecampoliving.com\/wp-content\/uploads\/2022\/10\/Palmillaso-Casadecampo-en-1.jpg?fit=650%2C400&ssl=1&resize=350%2C200 1x, https:\/\/i0.wp.com\/casadecampoliving.com\/wp-content\/uploads\/2022\/10\/Palmillaso-Casadecampo-en-1.jpg?fit=650%2C400&ssl=1&resize=525%2C300 1.5x"},"classes":[]},{"id":346461,"url":"https:\/\/casadecampoliving.com\/es\/palmillaso-2014-la-fiesta-comienza-en-el-mar\/","url_meta":{"origin":339235,"position":3},"title":"Palmillaso 2014, la fiesta comienza en el mar","author":"Rebecca Hughes","date":"7 Ene, 2015","format":false,"excerpt":"Cada a\u00f1o, aquel que es alguien en Casa de Campo, inicia las celebraciones de la v\u00edspera de A\u00f1o Nuevo en Palmilla, o m\u00e1s bien en el Palmillaso - y este a\u00f1o no fue la excepci\u00f3n con la adici\u00f3n de un dron o avi\u00f3n no tripulado y un hidroavi\u00f3n. S\u00ed, un\u2026","rel":"","context":"En \u00abCelebridades\u00bb","block_context":{"text":"Celebridades","link":"https:\/\/casadecampoliving.com\/es\/category\/celebridades-es\/"},"img":{"alt_text":"Palmillaso 2014","src":"https:\/\/i0.wp.com\/casadecampoliving.com\/wp-content\/uploads\/2022\/10\/palmillaso_20142-1.jpg?fit=650%2C362&ssl=1&resize=350%2C200","width":350,"height":200,"srcset":"https:\/\/i0.wp.com\/casadecampoliving.com\/wp-content\/uploads\/2022\/10\/palmillaso_20142-1.jpg?fit=650%2C362&ssl=1&resize=350%2C200 1x, https:\/\/i0.wp.com\/casadecampoliving.com\/wp-content\/uploads\/2022\/10\/palmillaso_20142-1.jpg?fit=650%2C362&ssl=1&resize=525%2C300 1.5x"},"classes":[]},{"id":337652,"url":"https:\/\/casadecampoliving.com\/es\/reserve-la-fecha-palmillaso-2011\/","url_meta":{"origin":339235,"position":4},"title":"Reserve la fecha: Palmillaso 2011!","author":"","date":"15 Dic, 2011","format":false,"excerpt":"Casa de Campo Living presentas\u2026. el segundo evento anual PALMILLASO!\u00a0\u00danase a la diversi\u00f3n el pr\u00f3ximo s\u00e1bado 31 de diciembre mientras navegamos hacia Palmilla para recibir el A\u00f1o Nuevo en el mar!\u00a0 Es una tradici\u00f3n de Casa de Campo que cada a\u00f1o la fiesta de A\u00f1o Nuevo comienza mucho antes de\u2026","rel":"","context":"En \u00abCasa de Campo Living @es\u00bb","block_context":{"text":"Casa de Campo Living @es","link":"https:\/\/casadecampoliving.com\/category\/casa-de-campo-living-es\/"},"img":{"alt_text":"palmillaso casa de campo","src":"https:\/\/i0.wp.com\/casadecampoliving.com\/wp-content\/uploads\/2022\/10\/palmillaso_casa_de_campo-1.jpg?fit=604%2C352&ssl=1&resize=350%2C200","width":350,"height":200,"srcset":"https:\/\/i0.wp.com\/casadecampoliving.com\/wp-content\/uploads\/2022\/10\/palmillaso_casa_de_campo-1.jpg?fit=604%2C352&ssl=1&resize=350%2C200 1x, https:\/\/i0.wp.com\/casadecampoliving.com\/wp-content\/uploads\/2022\/10\/palmillaso_casa_de_campo-1.jpg?fit=604%2C352&ssl=1&resize=525%2C300 1.5x"},"classes":[]},{"id":338129,"url":"https:\/\/casadecampoliving.com\/es\/celebridades-en-casa-de-campo-de-fiesta-con-amaury-nolasco-de-prision-break-en-palmilla-y-playa-minitas\/","url_meta":{"origin":339235,"position":5},"title":"Celebridades en Casa de Campo: De fiesta con Amaury Nolasco, de Prison Break en Palmilla y Playa Minitas!","author":"","date":"18 Ene, 2012","format":false,"excerpt":"Para quienes gustan fichar celebridades en Casa de Campo, los \u00faltimos meses han sido bastante emocionantes, pues numerosas celebridades como Vin Diesel, Pitbull, Marc Anthony, DJ Laz\u00a0y\u00a0Manolo Cardona\u00a0han escogido a Casa de Campo como su destino para vacacionar con sus familiares. Y mientras la mayor\u00eda fueron vistos festando en la\u2026","rel":"","context":"En \u00abCelebridades\u00bb","block_context":{"text":"Celebridades","link":"https:\/\/casadecampoliving.com\/es\/category\/celebridades-es\/"},"img":{"alt_text":"amaury nolasco prison break casa de campo","src":"https:\/\/i0.wp.com\/casadecampoliving.com\/wp-content\/uploads\/2022\/10\/amaury_nolasco_prison_break-1.jpg?fit=541%2C414&ssl=1&resize=350%2C200","width":350,"height":200,"srcset":"https:\/\/i0.wp.com\/casadecampoliving.com\/wp-content\/uploads\/2022\/10\/amaury_nolasco_prison_break-1.jpg?fit=541%2C414&ssl=1&resize=350%2C200 1x, https:\/\/i0.wp.com\/casadecampoliving.com\/wp-content\/uploads\/2022\/10\/amaury_nolasco_prison_break-1.jpg?fit=541%2C414&ssl=1&resize=525%2C300 1.5x"},"classes":[]}],"jetpack_sharing_enabled":true,"_links":{"self":[{"href":"https:\/\/casadecampoliving.com\/es\/wp-json\/wp\/v2\/posts\/339235","targetHints":{"allow":["GET"]}}],"collection":[{"href":"https:\/\/casadecampoliving.com\/es\/wp-json\/wp\/v2\/posts"}],"about":[{"href":"https:\/\/casadecampoliving.com\/es\/wp-json\/wp\/v2\/types\/post"}],"author":[{"embeddable":true,"href":"https:\/\/casadecampoliving.com\/es\/wp-json\/wp\/v2\/users\/21"}],"replies":[{"embeddable":true,"href":"https:\/\/casadecampoliving.com\/es\/wp-json\/wp\/v2\/comments?post=339235"}],"version-history":[{"count":1,"href":"https:\/\/casadecampoliving.com\/es\/wp-json\/wp\/v2\/posts\/339235\/revisions"}],"predecessor-version":[{"id":339236,"href":"https:\/\/casadecampoliving.com\/es\/wp-json\/wp\/v2\/posts\/339235\/revisions\/339236"}],"wp:featuredmedia":[{"embeddable":true,"href":"https:\/\/casadecampoliving.com\/es\/wp-json\/wp\/v2\/media\/246133"}],"wp:attachment":[{"href":"https:\/\/casadecampoliving.com\/es\/wp-json\/wp\/v2\/media?parent=339235"}],"wp:term":[{"taxonomy":"category","embeddable":true,"href":"https:\/\/casadecampoliving.com\/es\/wp-json\/wp\/v2\/categories?post=339235"},{"taxonomy":"post_tag","embeddable":true,"href":"https:\/\/casadecampoliving.com\/es\/wp-json\/wp\/v2\/tags?post=339235"},{"taxonomy":"newspack_spnsrs_tax","embeddable":true,"href":"https:\/\/casadecampoliving.com\/es\/wp-json\/wp\/v2\/newspack_spnsrs_tax?post=339235"}],"curies":[{"name":"wp","href":"https:\/\/api.w.org\/{rel}","templated":true}]}}