{"id":339191,"date":"2012-06-13T00:00:00","date_gmt":"2012-06-13T04:00:00","guid":{"rendered":"https:\/\/casadecampoliving.com\/una-noche-de-grabaciones-ritmos-aplausos-y-recuerdos-junto-a-ana-gabriel-en-altos-de-chavon\/"},"modified":"2022-10-21T18:42:01","modified_gmt":"2022-10-21T22:42:01","slug":"una-noche-de-grabaciones-ritmos-aplausos-y-recuerdos-junto-a-ana-gabriel-en-altos-de-chavon","status":"publish","type":"post","link":"https:\/\/casadecampoliving.com\/es\/una-noche-de-grabaciones-ritmos-aplausos-y-recuerdos-junto-a-ana-gabriel-en-altos-de-chavon\/","title":{"rendered":"\u00a1Una noche de grabaciones, ritmos, aplausos y recuerdos junto a Ana Gabriel en Altos de Chav\u00f3n!"},"content":{"rendered":"<div class=\"wp-block-image\">\n<figure class=\"aligncenter is-resized\"><a href=\"https:\/\/i0.wp.com\/casadecampoliving.com\/wp-content\/uploads\/2022\/10\/ana_gabriel_concert-1.jpg?ssl=1\"><img loading=\"lazy\" decoding=\"async\" src=\"https:\/\/i0.wp.com\/casadecampoliving.com\/wp-content\/uploads\/2022\/10\/ana_gabriel_concert-1.jpg?resize=650%2C488&amp;ssl=1\" alt=\"\" class=\"wp-image-52452\" title=\"ana_gabriel_concert\" height=\"488\" width=\"650\"\/><\/a><\/figure>\n<\/div>\n\n\n<p>El pasado s\u00e1bado 9 de junio, el anfiteatro de Altos de Chav\u00f3n vibr\u00f3 al ritmo de canciones, recuerdos y aplausos de m\u00e1s de cuatro mil asistentes, entre ellos, visitantes, hu\u00e9spedes, residentes y due\u00f1os de villa de Casa de Campo que participaron en la grabaci\u00f3n y magno espect\u00e1culo de la cantante mexicana, Ana Gabriel!&nbsp;<\/p>\n\n\n\n<!--more-->\n\n\n<div class=\"wp-block-image\">\n<figure class=\"aligncenter is-resized\"><a href=\"https:\/\/i0.wp.com\/casadecampoliving.com\/wp-content\/uploads\/2022\/10\/ana_gabriel2-1.jpg?ssl=1\"><img loading=\"lazy\" decoding=\"async\" src=\"https:\/\/i0.wp.com\/casadecampoliving.com\/wp-content\/uploads\/2022\/10\/ana_gabriel2-1.jpg?resize=650%2C430&amp;ssl=1\" alt=\"\" class=\"wp-image-52455\" title=\"ana_gabriel2\" height=\"430\" width=\"650\"\/><\/a><\/figure>\n<\/div>\n\n\n<p>El concierto realizado en el Anfiteatro Altos de Chav\u00f3n, escenario elegido para documentar lo que ser\u00e1 el pr\u00f3ximo CD-DVD En Vivo de la reconocida artista, Ana Gabriel, fue la excusa perfecta para disfrutar, no s\u00f3lo de buena m\u00fasica junto a familiares amigos, tambi\u00e9n lo fue para toamr un divertido recorrido hacia entra\u00f1ables recuerdos con sus numerosos \u00e9xitos de ayer y hoy, y por supuesto, para ser part\u00edcipes y protagonistas de este proyecto audiovisual que, de acuerdo a Sony Latin Music, organizadores del espect\u00e1culo, estar\u00e1 disponible en septiembre de este a\u00f1o \u2013 y muchos de ustedes podr\u00e1n verse en \u00e9l!<\/p>\n\n\n\n<p>Como fabulosos \u201cextras\u201d de este rodaje, el p\u00fablico disfrut\u00f3 de principio a fin, pues la noche comenz\u00f3 con un divertido \u201cwarming-up\u201d a cargo de Sony Music, en el que, durante la primera hora, todos los asistentes fueron grabados en distintas rondas de aplausos en sus asientos, luego de pie, con banderas y pancartas y hasta haciendo coros solicitando a Ana Gabriel con contagiosos \u201cAna, Ana, Ana!\u201d, y estrofas del conocido tema \u201cEl Cigarrillo\u201d (el m\u00e1s esperado de la noche).<\/p>\n\n\n\n<p>Fue a las 8:30pm cuando la famosa int\u00e9rprete de \u201cQui\u00e9n como t\u00fa\u201d, \u201cEvidencias\u201d y \u201cAy amor\u201d, sali\u00f3 a escena, siendo esta la segunda vez en que se presentara en la Rep\u00fablica Dominicana \u2013 la primera, hace 18 a\u00f1os en la ciudad de Santo Domingo, seg\u00fan expres\u00f3 en medio de su concierto.<\/p>\n\n\n\n<blockquote><figure><a href=\"https:\/\/i0.wp.com\/casadecampoliving.com\/wp-content\/uploads\/2022\/10\/ana_gabriel_bandera2.jpg?ssl=1\"><img decoding=\"async\" loading=\"lazy\" class=\"aligncenter size-full wp-image-52443\" title=\"ana_gabriel_bandera\" src=\"https:\/\/i0.wp.com\/casadecampoliving.com\/wp-content\/uploads\/2022\/10\/ana_gabriel_bandera2.jpg?resize=630%2C450&amp;ssl=1\" alt=\"\" width=\"630\" height=\"450\"><\/a><\/figure><p style=\"text-align: left;\"><strong>Ana Gabriel con la bandera dominicana!<br>\n\u201cM\u00e9xico sab\u00eda que yo no iba a ser mexicana, M\u00e9xico sab\u00eda que yo iba a ser de ustedes\u2026 mi voz es de ustedes, de Latinoam\u00e9rica!\u201d<\/strong><\/p><p style=\"text-align: right;\">&nbsp; &nbsp; &nbsp; &nbsp; &nbsp; &nbsp; &nbsp; &nbsp; &nbsp; &nbsp; &nbsp; &nbsp; &nbsp; &nbsp; &nbsp; &nbsp; &nbsp; &nbsp; &nbsp; &nbsp; &nbsp; &nbsp; &nbsp; &nbsp; &nbsp; &nbsp; &nbsp;<em> &nbsp; &nbsp; \u2014 Ana Gabriel<\/em><\/p><\/blockquote>\n\n\n\n<p>La noche transcurri\u00f3 en medio de m\u00fasica, arduo trabajo por parte de los colaboradores de Sony Music, chistes y manifestaciones de cari\u00f1o entre el p\u00fablico y la artista \u2013 uno de los momentos claves, aquel en que Ana Gabriel solicit\u00f3 que le hicieran llegar todas las banderas de los distintos pa\u00edses que se hallaban en el p\u00fablico, entre ellas, Brasil, Colombia, Estados Unidos, una bandera gay (seg\u00fan le explicaron) y por supuesto la de Rep\u00fablica Dominicana!<\/p>\n\n\n\n<p>Luego de tres horas de show, Ana Gabriel despidi\u00f3 el primer set de su concierto, en medio de fuegos artificiales, dando paso a un intermedio de una hora para descanso de los productores, m\u00fasicos y camar\u00f3grafos.&nbsp;Durante este intermedio, y para el deleite de una que otra fan, el destacado cantante dominicano, Eddy Herrera, sali\u00f3 a escena como contraparte, interpretando \u00e9xitos como la balada \u201cLo perd\u00ed todo\u201d y t\u00edpicos ritmos de merengue \u201cP\u00e9game tu vicio\u201d, \u201cAjena\u201d y &nbsp;\u201dDemasiado ni\u00f1a\u201d.<\/p>\n\n\n<div class=\"wp-block-image\">\n<figure class=\"alignright is-resized\"><a href=\"https:\/\/i0.wp.com\/casadecampoliving.com\/wp-content\/uploads\/2022\/10\/ana_gabriel_firma.jpg?ssl=1\"><img loading=\"lazy\" decoding=\"async\" src=\"https:\/\/i0.wp.com\/casadecampoliving.com\/wp-content\/uploads\/2022\/10\/ana_gabriel_firma.jpg?resize=250%2C275&amp;ssl=1\" alt=\"\" class=\"wp-image-52463\" title=\"ana_gabriel_firma\" height=\"275\" width=\"250\"\/><\/a><\/figure>\n<\/div>\n\n\n<p>La segunda fase de la grabaci\u00f3n y concierto cont\u00f3 con la participaci\u00f3n de un total de 23 m\u00fasicos, a los que se sum\u00f3 un elenco de mariachis para cantar grandes \u00e9xitos de mariachi, finalizando pasada la 1:00am con el tema m\u00e1s solicitado \u201cEl Cigarrillo\u201d y la firma de numerosos aut\u00f3grafos y oportunidades de fotos con los afortunados fans que se encontraban en primera fila.<\/p>\n\n\n\n<p><strong>\u201cEscog\u00ed este pa\u00eds para la grabaci\u00f3n de mi nuevo CD\/DVD, para que el mundo conozca el alma de los dominicanos\u201d<\/strong><\/p>\n\n\n\n<p>\u2014 Ana Gabriel<\/p>\n\n\n\n<p>Esperamos ver este CD-DVD muy pronto!!<\/p>\n","protected":false},"excerpt":{"rendered":"<p>El pasado s\u00e1bado 9 de junio, el anfiteatro de Altos de Chav\u00f3n vibr\u00f3 al ritmo de canciones, recuerdos y aplausos de m\u00e1s de cuatro mil asistentes, entre ellos, visitantes, hu\u00e9spedes, residentes y due\u00f1os de villa de Casa de Campo que participaron en la grabaci\u00f3n y magno espect\u00e1culo de la cantante mexicana, Ana Gabriel!&nbsp;<\/p>\n","protected":false},"author":21,"featured_media":244924,"comment_status":"closed","ping_status":"closed","sticky":false,"template":"","format":"standard","meta":{"newspack_ads_suppress_ads":false,"newspack_popups_has_disabled_popups":false,"newspack_sponsor_sponsorship_scope":"","newspack_sponsor_native_byline_display":"inherit","newspack_sponsor_native_category_display":"inherit","newspack_sponsor_underwriter_style":"inherit","newspack_sponsor_underwriter_placement":"inherit","_newspack_byline_active":false,"_newspack_byline":"","newspack_hide_updated_date":false,"newspack_show_updated_date":false,"newspack_content_restriction_is_exempt":false,"newspack_featured_image_position":"","newspack_post_subtitle":"","newspack_article_summary_title":"Overview:","newspack_article_summary":"","_jetpack_memberships_contains_paid_content":false,"footnotes":"","jetpack_publicize_message":"","jetpack_publicize_feature_enabled":true,"jetpack_social_post_already_shared":false,"jetpack_social_options":{"image_generator_settings":{"template":"highway","default_image_id":0,"font":"","enabled":false},"version":2},"_wpas_customize_per_network":false},"categories":[26819,2513,2518,2524,14631,2522,14625,14627,2526],"tags":[15387,4506,2604],"newspack_spnsrs_tax":[],"class_list":["post-339191","post","type-post","status-publish","format-standard","has-post-thumbnail","hentry","category-altos-de-chavon-es","category-celebridades-es","category-conciertos-es","category-destacados","category-estilo-de-vida","category-eventos-es","category-noticias-locales","category-proximamente","category-titulares-es","tag-altos-de-chavon-es","tag-ana-gabriel","tag-anfiteatro-altos-de-chavon","entry"],"yoast_head":"<!-- This site is optimized with the Yoast SEO plugin v27.5 - https:\/\/yoast.com\/product\/yoast-seo-wordpress\/ -->\n<title>\u00a1Una noche de grabaciones, ritmos, aplausos y recuerdos junto a Ana Gabriel en Altos de Chav\u00f3n! | Casa de Campo Living<\/title>\n<meta name=\"description\" content=\"El pasado s\u00e1bado 9 de junio, el anfiteatro de Altos de Chav\u00f3n vibr\u00f3 al ritmo de canciones, recuerdos y aplausos de m\u00e1s de cuatro mil asistentes, entre\" \/>\n<meta name=\"robots\" content=\"index, follow, max-snippet:-1, max-image-preview:large, max-video-preview:-1\" \/>\n<link rel=\"canonical\" href=\"https:\/\/casadecampoliving.com\/es\/una-noche-de-grabaciones-ritmos-aplausos-y-recuerdos-junto-a-ana-gabriel-en-altos-de-chavon\/\" \/>\n<meta property=\"og:locale\" content=\"es_ES\" \/>\n<meta property=\"og:type\" content=\"article\" \/>\n<meta property=\"og:title\" content=\"\u00a1Una noche de grabaciones, ritmos, aplausos y recuerdos junto a Ana Gabriel en Altos de Chav\u00f3n! | Casa de Campo Living\" \/>\n<meta property=\"og:description\" content=\"El pasado s\u00e1bado 9 de junio, el anfiteatro de Altos de Chav\u00f3n vibr\u00f3 al ritmo de canciones, recuerdos y aplausos de m\u00e1s de cuatro mil asistentes, entre\" \/>\n<meta property=\"og:url\" content=\"https:\/\/casadecampoliving.com\/es\/una-noche-de-grabaciones-ritmos-aplausos-y-recuerdos-junto-a-ana-gabriel-en-altos-de-chavon\/\" \/>\n<meta property=\"og:site_name\" content=\"Casa de Campo Living\" \/>\n<meta property=\"article:publisher\" content=\"https:\/\/www.facebook.com\/casadecampoliving\" \/>\n<meta property=\"article:published_time\" content=\"2012-06-13T04:00:00+00:00\" \/>\n<meta property=\"article:modified_time\" content=\"2022-10-21T22:42:01+00:00\" \/>\n<meta property=\"og:image\" content=\"https:\/\/i0.wp.com\/casadecampoliving.com\/wp-content\/uploads\/2022\/10\/ana_gabriel_concert-2.jpg?fit=650%2C488&ssl=1\" \/>\n\t<meta property=\"og:image:width\" content=\"650\" \/>\n\t<meta property=\"og:image:height\" content=\"488\" \/>\n\t<meta property=\"og:image:type\" content=\"image\/jpeg\" \/>\n<meta name=\"twitter:card\" content=\"summary_large_image\" \/>\n<meta name=\"twitter:creator\" content=\"@cdcliving\" \/>\n<meta name=\"twitter:site\" content=\"@cdcliving\" \/>\n<meta name=\"twitter:label1\" content=\"Escrito por\" \/>\n\t<meta name=\"twitter:data1\" content=\"\" \/>\n\t<meta name=\"twitter:label2\" content=\"Tiempo de lectura\" \/>\n\t<meta name=\"twitter:data2\" content=\"3 minutos\" \/>\n<script type=\"application\/ld+json\" class=\"yoast-schema-graph\">{\"@context\":\"https:\\\/\\\/schema.org\",\"@graph\":[{\"@type\":\"Article\",\"@id\":\"https:\\\/\\\/casadecampoliving.com\\\/es\\\/una-noche-de-grabaciones-ritmos-aplausos-y-recuerdos-junto-a-ana-gabriel-en-altos-de-chavon\\\/#article\",\"isPartOf\":{\"@id\":\"https:\\\/\\\/casadecampoliving.com\\\/es\\\/una-noche-de-grabaciones-ritmos-aplausos-y-recuerdos-junto-a-ana-gabriel-en-altos-de-chavon\\\/\"},\"author\":{\"name\":\"\",\"@id\":\"https:\\\/\\\/casadecampoliving.com\\\/es\\\/#\\\/schema\\\/person\\\/7e3b975d584a5f6ac0fd7128a81b0bc5\"},\"headline\":\"\u00a1Una noche de grabaciones, ritmos, aplausos y recuerdos junto a Ana Gabriel en Altos de Chav\u00f3n!\",\"datePublished\":\"2012-06-13T04:00:00+00:00\",\"dateModified\":\"2022-10-21T22:42:01+00:00\",\"mainEntityOfPage\":{\"@id\":\"https:\\\/\\\/casadecampoliving.com\\\/es\\\/una-noche-de-grabaciones-ritmos-aplausos-y-recuerdos-junto-a-ana-gabriel-en-altos-de-chavon\\\/\"},\"wordCount\":654,\"publisher\":{\"@id\":\"https:\\\/\\\/casadecampoliving.com\\\/es\\\/#organization\"},\"image\":{\"@id\":\"https:\\\/\\\/casadecampoliving.com\\\/es\\\/una-noche-de-grabaciones-ritmos-aplausos-y-recuerdos-junto-a-ana-gabriel-en-altos-de-chavon\\\/#primaryimage\"},\"thumbnailUrl\":\"https:\\\/\\\/i0.wp.com\\\/casadecampoliving.com\\\/wp-content\\\/uploads\\\/2022\\\/10\\\/ana_gabriel_concert-2.jpg?fit=650%2C488&ssl=1\",\"keywords\":[\"Altos de Chavon\",\"ana gabriel\",\"anfiteatro altos de chavon\"],\"articleSection\":[\"Altos de Chavon @es\",\"Celebridades\",\"Conciertos\",\"Destacados\",\"Estilo de Vida\",\"Eventos\",\"Noticias Locales\",\"Proximamente\",\"Titulares\"],\"inLanguage\":\"es\"},{\"@type\":\"WebPage\",\"@id\":\"https:\\\/\\\/casadecampoliving.com\\\/es\\\/una-noche-de-grabaciones-ritmos-aplausos-y-recuerdos-junto-a-ana-gabriel-en-altos-de-chavon\\\/\",\"url\":\"https:\\\/\\\/casadecampoliving.com\\\/es\\\/una-noche-de-grabaciones-ritmos-aplausos-y-recuerdos-junto-a-ana-gabriel-en-altos-de-chavon\\\/\",\"name\":\"\u00a1Una noche de grabaciones, ritmos, aplausos y recuerdos junto a Ana Gabriel en Altos de Chav\u00f3n! | Casa de Campo Living\",\"isPartOf\":{\"@id\":\"https:\\\/\\\/casadecampoliving.com\\\/es\\\/#website\"},\"primaryImageOfPage\":{\"@id\":\"https:\\\/\\\/casadecampoliving.com\\\/es\\\/una-noche-de-grabaciones-ritmos-aplausos-y-recuerdos-junto-a-ana-gabriel-en-altos-de-chavon\\\/#primaryimage\"},\"image\":{\"@id\":\"https:\\\/\\\/casadecampoliving.com\\\/es\\\/una-noche-de-grabaciones-ritmos-aplausos-y-recuerdos-junto-a-ana-gabriel-en-altos-de-chavon\\\/#primaryimage\"},\"thumbnailUrl\":\"https:\\\/\\\/i0.wp.com\\\/casadecampoliving.com\\\/wp-content\\\/uploads\\\/2022\\\/10\\\/ana_gabriel_concert-2.jpg?fit=650%2C488&ssl=1\",\"datePublished\":\"2012-06-13T04:00:00+00:00\",\"dateModified\":\"2022-10-21T22:42:01+00:00\",\"description\":\"El pasado s\u00e1bado 9 de junio, el anfiteatro de Altos de Chav\u00f3n vibr\u00f3 al ritmo de canciones, recuerdos y aplausos de m\u00e1s de cuatro mil asistentes, entre\",\"breadcrumb\":{\"@id\":\"https:\\\/\\\/casadecampoliving.com\\\/es\\\/una-noche-de-grabaciones-ritmos-aplausos-y-recuerdos-junto-a-ana-gabriel-en-altos-de-chavon\\\/#breadcrumb\"},\"inLanguage\":\"es\",\"potentialAction\":[{\"@type\":\"ReadAction\",\"target\":[\"https:\\\/\\\/casadecampoliving.com\\\/es\\\/una-noche-de-grabaciones-ritmos-aplausos-y-recuerdos-junto-a-ana-gabriel-en-altos-de-chavon\\\/\"]}]},{\"@type\":\"ImageObject\",\"inLanguage\":\"es\",\"@id\":\"https:\\\/\\\/casadecampoliving.com\\\/es\\\/una-noche-de-grabaciones-ritmos-aplausos-y-recuerdos-junto-a-ana-gabriel-en-altos-de-chavon\\\/#primaryimage\",\"url\":\"https:\\\/\\\/i0.wp.com\\\/casadecampoliving.com\\\/wp-content\\\/uploads\\\/2022\\\/10\\\/ana_gabriel_concert-2.jpg?fit=650%2C488&ssl=1\",\"contentUrl\":\"https:\\\/\\\/i0.wp.com\\\/casadecampoliving.com\\\/wp-content\\\/uploads\\\/2022\\\/10\\\/ana_gabriel_concert-2.jpg?fit=650%2C488&ssl=1\",\"width\":650,\"height\":488},{\"@type\":\"BreadcrumbList\",\"@id\":\"https:\\\/\\\/casadecampoliving.com\\\/es\\\/una-noche-de-grabaciones-ritmos-aplausos-y-recuerdos-junto-a-ana-gabriel-en-altos-de-chavon\\\/#breadcrumb\",\"itemListElement\":[{\"@type\":\"ListItem\",\"position\":1,\"name\":\"Home\",\"item\":\"https:\\\/\\\/casadecampoliving.com\\\/es\\\/\"},{\"@type\":\"ListItem\",\"position\":2,\"name\":\"\u00a1Una noche de grabaciones, ritmos, aplausos y recuerdos junto a Ana Gabriel en Altos de Chav\u00f3n!\"}]},{\"@type\":\"WebSite\",\"@id\":\"https:\\\/\\\/casadecampoliving.com\\\/es\\\/#website\",\"url\":\"https:\\\/\\\/casadecampoliving.com\\\/es\\\/\",\"name\":\"Casa de Campo Living\",\"description\":\"Resort community news and resources.\",\"publisher\":{\"@id\":\"https:\\\/\\\/casadecampoliving.com\\\/es\\\/#organization\"},\"potentialAction\":[{\"@type\":\"SearchAction\",\"target\":{\"@type\":\"EntryPoint\",\"urlTemplate\":\"https:\\\/\\\/casadecampoliving.com\\\/es\\\/?s={search_term_string}\"},\"query-input\":{\"@type\":\"PropertyValueSpecification\",\"valueRequired\":true,\"valueName\":\"search_term_string\"}}],\"inLanguage\":\"es\"},{\"@type\":\"Organization\",\"@id\":\"https:\\\/\\\/casadecampoliving.com\\\/es\\\/#organization\",\"name\":\"Casa de Campo Living\",\"url\":\"https:\\\/\\\/casadecampoliving.com\\\/es\\\/\",\"logo\":{\"@type\":\"ImageObject\",\"inLanguage\":\"es\",\"@id\":\"https:\\\/\\\/casadecampoliving.com\\\/es\\\/#\\\/schema\\\/logo\\\/image\\\/\",\"url\":\"https:\\\/\\\/i0.wp.com\\\/casadecampoliving.com\\\/wp-content\\\/uploads\\\/2022\\\/07\\\/CDCLivingLogo_V1-white-sized.png?fit=800%2C214&ssl=1\",\"contentUrl\":\"https:\\\/\\\/i0.wp.com\\\/casadecampoliving.com\\\/wp-content\\\/uploads\\\/2022\\\/07\\\/CDCLivingLogo_V1-white-sized.png?fit=800%2C214&ssl=1\",\"width\":800,\"height\":214,\"caption\":\"Casa de Campo Living\"},\"image\":{\"@id\":\"https:\\\/\\\/casadecampoliving.com\\\/es\\\/#\\\/schema\\\/logo\\\/image\\\/\"},\"sameAs\":[\"https:\\\/\\\/www.facebook.com\\\/casadecampoliving\",\"https:\\\/\\\/x.com\\\/cdcliving\"]},{\"@type\":\"Person\",\"@id\":\"https:\\\/\\\/casadecampoliving.com\\\/es\\\/#\\\/schema\\\/person\\\/7e3b975d584a5f6ac0fd7128a81b0bc5\",\"name\":\"\",\"image\":{\"@type\":\"ImageObject\",\"inLanguage\":\"es\",\"@id\":\"https:\\\/\\\/secure.gravatar.com\\\/avatar\\\/?s=96&d=mm&r=g\",\"url\":\"https:\\\/\\\/secure.gravatar.com\\\/avatar\\\/?s=96&d=mm&r=g\",\"contentUrl\":\"https:\\\/\\\/secure.gravatar.com\\\/avatar\\\/?s=96&d=mm&r=g\"},\"url\":\"https:\\\/\\\/casadecampoliving.com\\\/es\\\/author\\\/ \\\/\"}]}<\/script>\n<!-- \/ Yoast SEO plugin. -->","yoast_head_json":{"title":"\u00a1Una noche de grabaciones, ritmos, aplausos y recuerdos junto a Ana Gabriel en Altos de Chav\u00f3n! | Casa de Campo Living","description":"El pasado s\u00e1bado 9 de junio, el anfiteatro de Altos de Chav\u00f3n vibr\u00f3 al ritmo de canciones, recuerdos y aplausos de m\u00e1s de cuatro mil asistentes, entre","robots":{"index":"index","follow":"follow","max-snippet":"max-snippet:-1","max-image-preview":"max-image-preview:large","max-video-preview":"max-video-preview:-1"},"canonical":"https:\/\/casadecampoliving.com\/es\/una-noche-de-grabaciones-ritmos-aplausos-y-recuerdos-junto-a-ana-gabriel-en-altos-de-chavon\/","og_locale":"es_ES","og_type":"article","og_title":"\u00a1Una noche de grabaciones, ritmos, aplausos y recuerdos junto a Ana Gabriel en Altos de Chav\u00f3n! | Casa de Campo Living","og_description":"El pasado s\u00e1bado 9 de junio, el anfiteatro de Altos de Chav\u00f3n vibr\u00f3 al ritmo de canciones, recuerdos y aplausos de m\u00e1s de cuatro mil asistentes, entre","og_url":"https:\/\/casadecampoliving.com\/es\/una-noche-de-grabaciones-ritmos-aplausos-y-recuerdos-junto-a-ana-gabriel-en-altos-de-chavon\/","og_site_name":"Casa de Campo Living","article_publisher":"https:\/\/www.facebook.com\/casadecampoliving","article_published_time":"2012-06-13T04:00:00+00:00","article_modified_time":"2022-10-21T22:42:01+00:00","og_image":[{"width":650,"height":488,"url":"https:\/\/i0.wp.com\/casadecampoliving.com\/wp-content\/uploads\/2022\/10\/ana_gabriel_concert-2.jpg?fit=650%2C488&ssl=1","type":"image\/jpeg"}],"twitter_card":"summary_large_image","twitter_creator":"@cdcliving","twitter_site":"@cdcliving","twitter_misc":{"Escrito por":"","Tiempo de lectura":"3 minutos"},"schema":{"@context":"https:\/\/schema.org","@graph":[{"@type":"Article","@id":"https:\/\/casadecampoliving.com\/es\/una-noche-de-grabaciones-ritmos-aplausos-y-recuerdos-junto-a-ana-gabriel-en-altos-de-chavon\/#article","isPartOf":{"@id":"https:\/\/casadecampoliving.com\/es\/una-noche-de-grabaciones-ritmos-aplausos-y-recuerdos-junto-a-ana-gabriel-en-altos-de-chavon\/"},"author":{"name":"","@id":"https:\/\/casadecampoliving.com\/es\/#\/schema\/person\/7e3b975d584a5f6ac0fd7128a81b0bc5"},"headline":"\u00a1Una noche de grabaciones, ritmos, aplausos y recuerdos junto a Ana Gabriel en Altos de Chav\u00f3n!","datePublished":"2012-06-13T04:00:00+00:00","dateModified":"2022-10-21T22:42:01+00:00","mainEntityOfPage":{"@id":"https:\/\/casadecampoliving.com\/es\/una-noche-de-grabaciones-ritmos-aplausos-y-recuerdos-junto-a-ana-gabriel-en-altos-de-chavon\/"},"wordCount":654,"publisher":{"@id":"https:\/\/casadecampoliving.com\/es\/#organization"},"image":{"@id":"https:\/\/casadecampoliving.com\/es\/una-noche-de-grabaciones-ritmos-aplausos-y-recuerdos-junto-a-ana-gabriel-en-altos-de-chavon\/#primaryimage"},"thumbnailUrl":"https:\/\/i0.wp.com\/casadecampoliving.com\/wp-content\/uploads\/2022\/10\/ana_gabriel_concert-2.jpg?fit=650%2C488&ssl=1","keywords":["Altos de Chavon","ana gabriel","anfiteatro altos de chavon"],"articleSection":["Altos de Chavon @es","Celebridades","Conciertos","Destacados","Estilo de Vida","Eventos","Noticias Locales","Proximamente","Titulares"],"inLanguage":"es"},{"@type":"WebPage","@id":"https:\/\/casadecampoliving.com\/es\/una-noche-de-grabaciones-ritmos-aplausos-y-recuerdos-junto-a-ana-gabriel-en-altos-de-chavon\/","url":"https:\/\/casadecampoliving.com\/es\/una-noche-de-grabaciones-ritmos-aplausos-y-recuerdos-junto-a-ana-gabriel-en-altos-de-chavon\/","name":"\u00a1Una noche de grabaciones, ritmos, aplausos y recuerdos junto a Ana Gabriel en Altos de Chav\u00f3n! | Casa de Campo Living","isPartOf":{"@id":"https:\/\/casadecampoliving.com\/es\/#website"},"primaryImageOfPage":{"@id":"https:\/\/casadecampoliving.com\/es\/una-noche-de-grabaciones-ritmos-aplausos-y-recuerdos-junto-a-ana-gabriel-en-altos-de-chavon\/#primaryimage"},"image":{"@id":"https:\/\/casadecampoliving.com\/es\/una-noche-de-grabaciones-ritmos-aplausos-y-recuerdos-junto-a-ana-gabriel-en-altos-de-chavon\/#primaryimage"},"thumbnailUrl":"https:\/\/i0.wp.com\/casadecampoliving.com\/wp-content\/uploads\/2022\/10\/ana_gabriel_concert-2.jpg?fit=650%2C488&ssl=1","datePublished":"2012-06-13T04:00:00+00:00","dateModified":"2022-10-21T22:42:01+00:00","description":"El pasado s\u00e1bado 9 de junio, el anfiteatro de Altos de Chav\u00f3n vibr\u00f3 al ritmo de canciones, recuerdos y aplausos de m\u00e1s de cuatro mil asistentes, entre","breadcrumb":{"@id":"https:\/\/casadecampoliving.com\/es\/una-noche-de-grabaciones-ritmos-aplausos-y-recuerdos-junto-a-ana-gabriel-en-altos-de-chavon\/#breadcrumb"},"inLanguage":"es","potentialAction":[{"@type":"ReadAction","target":["https:\/\/casadecampoliving.com\/es\/una-noche-de-grabaciones-ritmos-aplausos-y-recuerdos-junto-a-ana-gabriel-en-altos-de-chavon\/"]}]},{"@type":"ImageObject","inLanguage":"es","@id":"https:\/\/casadecampoliving.com\/es\/una-noche-de-grabaciones-ritmos-aplausos-y-recuerdos-junto-a-ana-gabriel-en-altos-de-chavon\/#primaryimage","url":"https:\/\/i0.wp.com\/casadecampoliving.com\/wp-content\/uploads\/2022\/10\/ana_gabriel_concert-2.jpg?fit=650%2C488&ssl=1","contentUrl":"https:\/\/i0.wp.com\/casadecampoliving.com\/wp-content\/uploads\/2022\/10\/ana_gabriel_concert-2.jpg?fit=650%2C488&ssl=1","width":650,"height":488},{"@type":"BreadcrumbList","@id":"https:\/\/casadecampoliving.com\/es\/una-noche-de-grabaciones-ritmos-aplausos-y-recuerdos-junto-a-ana-gabriel-en-altos-de-chavon\/#breadcrumb","itemListElement":[{"@type":"ListItem","position":1,"name":"Home","item":"https:\/\/casadecampoliving.com\/es\/"},{"@type":"ListItem","position":2,"name":"\u00a1Una noche de grabaciones, ritmos, aplausos y recuerdos junto a Ana Gabriel en Altos de Chav\u00f3n!"}]},{"@type":"WebSite","@id":"https:\/\/casadecampoliving.com\/es\/#website","url":"https:\/\/casadecampoliving.com\/es\/","name":"Casa de Campo Living","description":"Resort community news and resources.","publisher":{"@id":"https:\/\/casadecampoliving.com\/es\/#organization"},"potentialAction":[{"@type":"SearchAction","target":{"@type":"EntryPoint","urlTemplate":"https:\/\/casadecampoliving.com\/es\/?s={search_term_string}"},"query-input":{"@type":"PropertyValueSpecification","valueRequired":true,"valueName":"search_term_string"}}],"inLanguage":"es"},{"@type":"Organization","@id":"https:\/\/casadecampoliving.com\/es\/#organization","name":"Casa de Campo Living","url":"https:\/\/casadecampoliving.com\/es\/","logo":{"@type":"ImageObject","inLanguage":"es","@id":"https:\/\/casadecampoliving.com\/es\/#\/schema\/logo\/image\/","url":"https:\/\/i0.wp.com\/casadecampoliving.com\/wp-content\/uploads\/2022\/07\/CDCLivingLogo_V1-white-sized.png?fit=800%2C214&ssl=1","contentUrl":"https:\/\/i0.wp.com\/casadecampoliving.com\/wp-content\/uploads\/2022\/07\/CDCLivingLogo_V1-white-sized.png?fit=800%2C214&ssl=1","width":800,"height":214,"caption":"Casa de Campo Living"},"image":{"@id":"https:\/\/casadecampoliving.com\/es\/#\/schema\/logo\/image\/"},"sameAs":["https:\/\/www.facebook.com\/casadecampoliving","https:\/\/x.com\/cdcliving"]},{"@type":"Person","@id":"https:\/\/casadecampoliving.com\/es\/#\/schema\/person\/7e3b975d584a5f6ac0fd7128a81b0bc5","name":"","image":{"@type":"ImageObject","inLanguage":"es","@id":"https:\/\/secure.gravatar.com\/avatar\/?s=96&d=mm&r=g","url":"https:\/\/secure.gravatar.com\/avatar\/?s=96&d=mm&r=g","contentUrl":"https:\/\/secure.gravatar.com\/avatar\/?s=96&d=mm&r=g"},"url":"https:\/\/casadecampoliving.com\/es\/author\/ \/"}]}},"parsely":{"version":"1.1.0","canonical_url":"https:\/\/casadecampoliving.com\/es\/una-noche-de-grabaciones-ritmos-aplausos-y-recuerdos-junto-a-ana-gabriel-en-altos-de-chavon\/","smart_links":{"inbound":0,"outbound":0},"traffic_boost_suggestions_count":0,"meta":{"@context":"https:\/\/schema.org","@type":"NewsArticle","headline":"\u00a1Una noche de grabaciones, ritmos, aplausos y recuerdos junto a Ana Gabriel en Altos de Chav\u00f3n!","url":"http:\/\/casadecampoliving.com\/es\/una-noche-de-grabaciones-ritmos-aplausos-y-recuerdos-junto-a-ana-gabriel-en-altos-de-chavon\/","mainEntityOfPage":{"@type":"WebPage","@id":"http:\/\/casadecampoliving.com\/es\/una-noche-de-grabaciones-ritmos-aplausos-y-recuerdos-junto-a-ana-gabriel-en-altos-de-chavon\/"},"thumbnailUrl":"https:\/\/i0.wp.com\/casadecampoliving.com\/wp-content\/uploads\/2022\/10\/ana_gabriel_concert-2.jpg?resize=150%2C150&ssl=1","image":{"@type":"ImageObject","url":"https:\/\/i0.wp.com\/casadecampoliving.com\/wp-content\/uploads\/2022\/10\/ana_gabriel_concert-2.jpg?fit=650%2C488&ssl=1"},"articleSection":"Altos de Chavon @es","author":[{"@type":"Person","name":"FB_515917546"}],"creator":["FB_515917546"],"publisher":{"@type":"Organization","name":"Casa de Campo Living","logo":"https:\/\/casadecampoliving.com\/wp-content\/uploads\/2022\/07\/CDCLivingLogo_V1-white-sized.png"},"keywords":["altos de chavon","ana gabriel","anfiteatro altos de chavon"],"dateCreated":"2012-06-13T04:00:00Z","datePublished":"2012-06-13T04:00:00Z","dateModified":"2022-10-21T22:42:01Z"},"rendered":"<script type=\"application\/ld+json\" class=\"wp-parsely-metadata\">{\"@context\":\"https:\\\/\\\/schema.org\",\"@type\":\"NewsArticle\",\"headline\":\"\\u00a1Una noche de grabaciones, ritmos, aplausos y recuerdos junto a Ana Gabriel en Altos de Chav\\u00f3n!\",\"url\":\"http:\\\/\\\/casadecampoliving.com\\\/es\\\/una-noche-de-grabaciones-ritmos-aplausos-y-recuerdos-junto-a-ana-gabriel-en-altos-de-chavon\\\/\",\"mainEntityOfPage\":{\"@type\":\"WebPage\",\"@id\":\"http:\\\/\\\/casadecampoliving.com\\\/es\\\/una-noche-de-grabaciones-ritmos-aplausos-y-recuerdos-junto-a-ana-gabriel-en-altos-de-chavon\\\/\"},\"thumbnailUrl\":\"https:\\\/\\\/i0.wp.com\\\/casadecampoliving.com\\\/wp-content\\\/uploads\\\/2022\\\/10\\\/ana_gabriel_concert-2.jpg?resize=150%2C150&ssl=1\",\"image\":{\"@type\":\"ImageObject\",\"url\":\"https:\\\/\\\/i0.wp.com\\\/casadecampoliving.com\\\/wp-content\\\/uploads\\\/2022\\\/10\\\/ana_gabriel_concert-2.jpg?fit=650%2C488&ssl=1\"},\"articleSection\":\"Altos de Chavon @es\",\"author\":[{\"@type\":\"Person\",\"name\":\"FB_515917546\"}],\"creator\":[\"FB_515917546\"],\"publisher\":{\"@type\":\"Organization\",\"name\":\"Casa de Campo Living\",\"logo\":\"https:\\\/\\\/casadecampoliving.com\\\/wp-content\\\/uploads\\\/2022\\\/07\\\/CDCLivingLogo_V1-white-sized.png\"},\"keywords\":[\"altos de chavon\",\"ana gabriel\",\"anfiteatro altos de chavon\"],\"dateCreated\":\"2012-06-13T04:00:00Z\",\"datePublished\":\"2012-06-13T04:00:00Z\",\"dateModified\":\"2022-10-21T22:42:01Z\"}<\/script>","tracker_url":"https:\/\/cdn.parsely.com\/keys\/casadecampoliving.com\/p.js"},"jetpack_publicize_connections":[],"jetpack_featured_media_url":"https:\/\/i0.wp.com\/casadecampoliving.com\/wp-content\/uploads\/2022\/10\/ana_gabriel_concert-2.jpg?fit=650%2C488&ssl=1","jetpack-related-posts":[{"id":433460,"url":"https:\/\/casadecampoliving.com\/es\/no-se-pierdan-el-increible-tributo-a-frank-sinatra-para-celebrar-el-40-aniversario-del-anfiteatro-altos-de-chavon\/","url_meta":{"origin":339191,"position":0},"title":"No se pierdan el incre\u00edble tributo a Frank Sinatra para celebrar el 40 aniversario del\u00a0Anfiteatro Altos de Chav\u00f3n","author":"Casa de Campo Living","date":"20 Oct, 2022","format":false,"excerpt":"Siendo uno de los escenarios m\u00e1s emblem\u00e1ticos del pa\u00eds, Casa de Campo Resort\u00ae & Villas celebra las cuatro d\u00e9cadas de aniversario de Altos de Chav\u00f3n con un tributo al gran Frank Sinatra, protagonizado por artistas invitados y una big band tal cual la que acompa\u00f1\u00f3 al artista hace 40 a\u00f1os\u2026","rel":"","context":"En \u00abUncategorized @es\u00bb","block_context":{"text":"Uncategorized @es","link":"https:\/\/casadecampoliving.com\/es\/category\/uncategorized-es\/"},"img":{"alt_text":"","src":"https:\/\/i0.wp.com\/casadecampoliving.com\/wp-content\/uploads\/2022\/10\/Tributo-Frank-Sinatra-Foto-Principal-Amaury-Sanchez-Danilo-Ginebra-Andres-Pichardo-y-Jose-Gabriel-Perez-.jpg?fit=1200%2C873&ssl=1&resize=350%2C200","width":350,"height":200,"srcset":"https:\/\/i0.wp.com\/casadecampoliving.com\/wp-content\/uploads\/2022\/10\/Tributo-Frank-Sinatra-Foto-Principal-Amaury-Sanchez-Danilo-Ginebra-Andres-Pichardo-y-Jose-Gabriel-Perez-.jpg?fit=1200%2C873&ssl=1&resize=350%2C200 1x, https:\/\/i0.wp.com\/casadecampoliving.com\/wp-content\/uploads\/2022\/10\/Tributo-Frank-Sinatra-Foto-Principal-Amaury-Sanchez-Danilo-Ginebra-Andres-Pichardo-y-Jose-Gabriel-Perez-.jpg?fit=1200%2C873&ssl=1&resize=525%2C300 1.5x, https:\/\/i0.wp.com\/casadecampoliving.com\/wp-content\/uploads\/2022\/10\/Tributo-Frank-Sinatra-Foto-Principal-Amaury-Sanchez-Danilo-Ginebra-Andres-Pichardo-y-Jose-Gabriel-Perez-.jpg?fit=1200%2C873&ssl=1&resize=700%2C400 2x, https:\/\/i0.wp.com\/casadecampoliving.com\/wp-content\/uploads\/2022\/10\/Tributo-Frank-Sinatra-Foto-Principal-Amaury-Sanchez-Danilo-Ginebra-Andres-Pichardo-y-Jose-Gabriel-Perez-.jpg?fit=1200%2C873&ssl=1&resize=1050%2C600 3x"},"classes":[]},{"id":339137,"url":"https:\/\/casadecampoliving.com\/es\/los-duenos-de-villa-de-casa-de-campo-tienen-boletas-gratis-para-el-concierto-de-ana-gabriel\/","url_meta":{"origin":339191,"position":1},"title":"\u00a1Los due\u00f1os de villa de Casa de Campo tienen boletas GRATIS para el concierto de Ana Gabriel!","author":"","date":"2 Jun, 2012","format":false,"excerpt":"\u00a0Excelentes noticias para los due\u00f1os de villa de Casa de Campo \u2013 USTEDES tendr\u00e1n boletas gratis para el concierto de Ana Gabriel que se celebrar\u00e1 este pr\u00f3ximo s\u00e1bado 9 de junio en el Anfiteatro de Altos de Chav\u00f3n! As\u00ed es! Casa de Campo y el Anfiteatro de Altos de Chav\u00f3n\u2026","rel":"","context":"En \u00abAltos de Chavon @es\u00bb","block_context":{"text":"Altos de Chavon @es","link":"https:\/\/casadecampoliving.com\/category\/altos-de-chavon-es\/"},"img":{"alt_text":"ana gabriel","src":"https:\/\/i0.wp.com\/casadecampoliving.com\/wp-content\/uploads\/2022\/10\/ana_gabriel5-1.jpg?fit=650%2C306&ssl=1&resize=350%2C200","width":350,"height":200,"srcset":"https:\/\/i0.wp.com\/casadecampoliving.com\/wp-content\/uploads\/2022\/10\/ana_gabriel5-1.jpg?fit=650%2C306&ssl=1&resize=350%2C200 1x, https:\/\/i0.wp.com\/casadecampoliving.com\/wp-content\/uploads\/2022\/10\/ana_gabriel5-1.jpg?fit=650%2C306&ssl=1&resize=525%2C300 1.5x"},"classes":[]},{"id":339097,"url":"https:\/\/casadecampoliving.com\/es\/ana-gabriel-grabara-su-nuevo-cd-dvd-en-altos-de-chavon\/","url_meta":{"origin":339191,"position":2},"title":"\u00a1Ana Gabriel grabar\u00e1 su nuevo CD-DVD en Altos de Chav\u00f3n!","author":"","date":"29 May, 2012","format":false,"excerpt":"\u00a1Excelentes noticias! El pr\u00f3ximo s\u00e1bado 9 de junio la famosa cantante mexicana, Ana Gabriel ofrecer\u00e1 un concierto en el anfiteatro Altos de Chav\u00f3n para la grabaci\u00f3n de su nuevo CD-DVD \u2013 \u00a1y USTED tiene la oportunidad de asistir! \u00a1As\u00ed es, Ana Gabriel, conocida por su larga trayectoria con inolvidables temas\u2026","rel":"","context":"En \u00abAltos de Chavon @es\u00bb","block_context":{"text":"Altos de Chavon @es","link":"https:\/\/casadecampoliving.com\/category\/altos-de-chavon-es\/"},"img":{"alt_text":"ana gabriel","src":"https:\/\/i0.wp.com\/casadecampoliving.com\/wp-content\/uploads\/2022\/10\/ana_gabriel3-1.jpg?fit=650%2C345&ssl=1&resize=350%2C200","width":350,"height":200,"srcset":"https:\/\/i0.wp.com\/casadecampoliving.com\/wp-content\/uploads\/2022\/10\/ana_gabriel3-1.jpg?fit=650%2C345&ssl=1&resize=350%2C200 1x, https:\/\/i0.wp.com\/casadecampoliving.com\/wp-content\/uploads\/2022\/10\/ana_gabriel3-1.jpg?fit=650%2C345&ssl=1&resize=525%2C300 1.5x"},"classes":[]},{"id":340891,"url":"https:\/\/casadecampoliving.com\/es\/ana-gabriel\/","url_meta":{"origin":339191,"position":3},"title":"\u00a1Por fin! \u00a1Ana Gabriel comparte sus v\u00eddeos grabados en Altos de Chavon!","author":"lperdomo","date":"27 Mar, 2013","format":false,"excerpt":"Hace un tiempo ya \u2013 en junio del 2012, Ana Gabriel, la famosa cantante mexicana, realiz\u00f3 una presentaci\u00f3n en el anfiteatro de Altos de Chav\u00f3n en Casa de Campo \u2013 para grabar un CD \u2013 DVD en vivo, y ahora dos de las canciones grabadas durante su presentaci\u00f3n ya est\u00e1n\u2026","rel":"","context":"En \u00abAltos de Chavon @es\u00bb","block_context":{"text":"Altos de Chavon @es","link":"https:\/\/casadecampoliving.com\/category\/altos-de-chavon-es\/"},"img":{"alt_text":"ana gabriel concert","src":"https:\/\/i0.wp.com\/casadecampoliving.com\/wp-content\/uploads\/2022\/10\/ana_gabriel_concert-3.jpg?fit=620%2C391&ssl=1&resize=350%2C200","width":350,"height":200,"srcset":"https:\/\/i0.wp.com\/casadecampoliving.com\/wp-content\/uploads\/2022\/10\/ana_gabriel_concert-3.jpg?fit=620%2C391&ssl=1&resize=350%2C200 1x, https:\/\/i0.wp.com\/casadecampoliving.com\/wp-content\/uploads\/2022\/10\/ana_gabriel_concert-3.jpg?fit=620%2C391&ssl=1&resize=525%2C300 1.5x"},"classes":[]},{"id":322153,"url":"https:\/\/casadecampoliving.com\/finally-ana-gabriel-releases-videos-siete-veces-siete-mas-and-pacto-de-amor-recorded-at-the-altos-de-chavon-amphitheater\/","url_meta":{"origin":339191,"position":4},"title":"Finally! Ana Gabriel releases videos \u00abSiete Veces, Siete M\u00e1s\u00bb and \u00abPacto de Amor\u00bb recorded at the Altos de Chav\u00f3n amphitheater!","author":"Rebecca Silvestri","date":"27 Mar, 2013","format":false,"excerpt":"Rather a long time ago \u2013 in June 2012, famous\u00a0Mexican singer Ana Gabriel, performed at the Altos de Chav\u00f3n amphitheater in Casa de Campo \u2013 to film a Live CD-DVD, and now two of the songs recorded during her performance have been released on Youtube. The Casa de Campo community,\u2026","rel":"","context":"En \u00abAltos de Chavon\u00bb","block_context":{"text":"Altos de Chavon","link":"https:\/\/casadecampoliving.com\/category\/altos-de-chavon\/"},"img":{"alt_text":"ana gabriel concert","src":"https:\/\/i0.wp.com\/casadecampoliving.com\/wp-content\/uploads\/2022\/10\/ana_gabriel_concert-3.jpg?fit=620%2C391&ssl=1&resize=350%2C200","width":350,"height":200,"srcset":"https:\/\/i0.wp.com\/casadecampoliving.com\/wp-content\/uploads\/2022\/10\/ana_gabriel_concert-3.jpg?fit=620%2C391&ssl=1&resize=350%2C200 1x, https:\/\/i0.wp.com\/casadecampoliving.com\/wp-content\/uploads\/2022\/10\/ana_gabriel_concert-3.jpg?fit=620%2C391&ssl=1&resize=525%2C300 1.5x"},"classes":[]},{"id":321341,"url":"https:\/\/casadecampoliving.com\/famous-mexican-artist-ana-gabriel-to-perform-and-film-her-new-cd-dvd-at-the-altos-de-chavon-amphitheatre\/","url_meta":{"origin":339191,"position":5},"title":"Famous Mexican artist Ana Gabriel to perform and film her new CD-DVD at the Altos de Chavon amphitheatre!","author":"","date":"29 May, 2012","format":false,"excerpt":"Great news!! Next Saturday June 9th, famous Mexican singer, Ana Gabriel will be performing at the Altos de Chav\u00f3n amphitheater, a concert which will be filmed for her new CD-DVD \u2013 and YOU have the opportunity to attend!\u00a0 Yup! Ana Gabriel, well known in Latin America for her unforgettable songs\u2026","rel":"","context":"En \u00abAltos de Chavon\u00bb","block_context":{"text":"Altos de Chavon","link":"https:\/\/casadecampoliving.com\/category\/altos-de-chavon\/"},"img":{"alt_text":"ana gabriel","src":"https:\/\/i0.wp.com\/casadecampoliving.com\/wp-content\/uploads\/2022\/10\/ana_gabriel3-1.jpg?fit=650%2C345&ssl=1&resize=350%2C200","width":350,"height":200,"srcset":"https:\/\/i0.wp.com\/casadecampoliving.com\/wp-content\/uploads\/2022\/10\/ana_gabriel3-1.jpg?fit=650%2C345&ssl=1&resize=350%2C200 1x, https:\/\/i0.wp.com\/casadecampoliving.com\/wp-content\/uploads\/2022\/10\/ana_gabriel3-1.jpg?fit=650%2C345&ssl=1&resize=525%2C300 1.5x"},"classes":[]}],"jetpack_sharing_enabled":true,"_links":{"self":[{"href":"https:\/\/casadecampoliving.com\/es\/wp-json\/wp\/v2\/posts\/339191","targetHints":{"allow":["GET"]}}],"collection":[{"href":"https:\/\/casadecampoliving.com\/es\/wp-json\/wp\/v2\/posts"}],"about":[{"href":"https:\/\/casadecampoliving.com\/es\/wp-json\/wp\/v2\/types\/post"}],"author":[{"embeddable":true,"href":"https:\/\/casadecampoliving.com\/es\/wp-json\/wp\/v2\/users\/21"}],"replies":[{"embeddable":true,"href":"https:\/\/casadecampoliving.com\/es\/wp-json\/wp\/v2\/comments?post=339191"}],"version-history":[{"count":1,"href":"https:\/\/casadecampoliving.com\/es\/wp-json\/wp\/v2\/posts\/339191\/revisions"}],"predecessor-version":[{"id":339192,"href":"https:\/\/casadecampoliving.com\/es\/wp-json\/wp\/v2\/posts\/339191\/revisions\/339192"}],"wp:featuredmedia":[{"embeddable":true,"href":"https:\/\/casadecampoliving.com\/es\/wp-json\/wp\/v2\/media\/244924"}],"wp:attachment":[{"href":"https:\/\/casadecampoliving.com\/es\/wp-json\/wp\/v2\/media?parent=339191"}],"wp:term":[{"taxonomy":"category","embeddable":true,"href":"https:\/\/casadecampoliving.com\/es\/wp-json\/wp\/v2\/categories?post=339191"},{"taxonomy":"post_tag","embeddable":true,"href":"https:\/\/casadecampoliving.com\/es\/wp-json\/wp\/v2\/tags?post=339191"},{"taxonomy":"newspack_spnsrs_tax","embeddable":true,"href":"https:\/\/casadecampoliving.com\/es\/wp-json\/wp\/v2\/newspack_spnsrs_tax?post=339191"}],"curies":[{"name":"wp","href":"https:\/\/api.w.org\/{rel}","templated":true}]}}