{"id":339091,"date":"2012-05-28T00:00:00","date_gmt":"2012-05-28T04:00:00","guid":{"rendered":"https:\/\/casadecampoliving.com\/esta-semana-en-casa-de-campo-28-de-mayo-3-de-junio\/"},"modified":"2022-10-21T18:47:51","modified_gmt":"2022-10-21T22:47:51","slug":"esta-semana-en-casa-de-campo-28-de-mayo-3-de-junio","status":"publish","type":"post","link":"https:\/\/casadecampoliving.com\/es\/esta-semana-en-casa-de-campo-28-de-mayo-3-de-junio\/","title":{"rendered":"Esta Semana en Casa de Campo: 28 de mayo &#8211; 3 de junio!"},"content":{"rendered":"<div class=\"wp-block-image\">\n<figure class=\"aligncenter is-resized\"><a href=\"https:\/\/i0.wp.com\/casadecampoliving.com\/wp-content\/uploads\/2022\/10\/thisweekincasa21-2.jpg?ssl=1\"><img loading=\"lazy\" decoding=\"async\" src=\"https:\/\/i0.wp.com\/casadecampoliving.com\/wp-content\/uploads\/2022\/10\/thisweekincasa21-2.jpg?resize=650%2C350&amp;ssl=1\" alt=\"casa de campo polo\" class=\"wp-image-48541\" title=\"thisweekincasa2\" height=\"350\" width=\"650\"\/><\/a><\/figure>\n<\/div>\n\n\n<p>Este fin de semana en Casa de Campo se celebrar\u00e1 el Caf\u00e9 de la Leche el viernes, que tambi\u00e9n marca el comienzo de la temporada cicl\u00f3nica!<\/p>\n\n\n\n<!--more-->\n\n\n\n<blockquote><p>Estos eventos, actividades y especiales aplican para la semana de:<\/p><h2 style=\"text-align: center;\">Lunes 28 Mayo \u2013 Domingo 3 Junio<\/h2><\/blockquote>\n\n\n\n<p><strong>Las pr\u00f3ximas actividades son:<\/strong><\/p>\n\n\n\n<p>\u2022&nbsp;<a href=\"http:\/\/todocasadecampo.com\/es\/node\/351\">D\u00eda feriado: Corpus Christi \u2013 7 de junio!<\/a><\/p>\n\n\n\n<p>\u2022<a href=\"http:\/\/todocasadecampo.com\/es\/node\/160\">&nbsp;Torneo de Golf \u201cCopa Orange\u201d \u2013 7 al 10 de junio!<\/a><\/p>\n\n\n\n<p>\u2022&nbsp;<a href=\"http:\/\/todocasadecampo.com\/es\/node\/162\">Torneo de Golf \u201cDewars 12 Invitational\u201d \u2013 8 al 9 de junio!<\/a><\/p>\n\n\n\n<p>\u2022 <a href=\"http:\/\/www.todocasadecampo.com\/es\/node\/564\">Inauguraci\u00f3n de la nueva exhibici\u00f3n de arte \u201cFlor de Cayuco\u201d \u2013 16 de junio<\/a><\/p>\n\n\n\n<p>\u2022<a href=\"http:\/\/todocasadecampo.com\/es\/node\/516\">&nbsp;\u201cCasa Abierta\u201d&nbsp;Campamento de verano de Casa de Campo &nbsp;\u2013 15 al 16 junio<\/a><\/p>\n\n\n\n<p>\u2022&nbsp;<a href=\"http:\/\/www.todocasadecampo.com\/es\/node\/514\">Campamento de Verano Casa de Campo \u2013 25 de junio \u2013 3 de agosto<\/a><\/p>\n\n\n\n<p>\u2022&nbsp;<a href=\"http:\/\/www.todocasadecampo.com\/es\/node\/568\">Due\u00f1os 2012 \u2013 3 de noviembre<\/a><\/p>\n\n\n\n<h3 class=\"wp-block-heading\"><a href=\"http:\/\/www.todocasadecampo.com\/es\"><em>HAGA CLICK AQU\u00cd para el calendario completo!<\/em><\/a><\/h3>\n\n\n\n<p><strong><a href=\"http:\/\/wp.me\/p1kvEy-abH\">Haga click para ver la cartelera de cine y los trailers<\/a><\/strong><\/p>\n\n\n\n<figure class=\"wp-block-image is-resized\"><a href=\"https:\/\/i0.wp.com\/casadecampoliving.com\/wp-content\/uploads\/2022\/10\/casa_de_campo1-20.jpg?ssl=1\"><img loading=\"lazy\" decoding=\"async\" src=\"https:\/\/i0.wp.com\/casadecampoliving.com\/wp-content\/uploads\/2022\/10\/casa_de_campo1-20.jpg?resize=550%2C32&amp;ssl=1\" alt=\"\" title=\"casa_de_campo\" height=\"32\" width=\"550\"\/><\/a><\/figure>\n\n\n\n<p><strong><strong><a href=\"http:\/\/todocasadecampo.com\/es\/node\/526\">Exhibici\u00f3n de Arte de Escuela Abraham Lincoln<\/a><br>\n<strong>Horario: &nbsp;<\/strong><\/strong><\/strong>9am \u2013 6pm todos los d\u00edas (menos los martes)<strong><strong><br>\nLugar:&nbsp;<\/strong><\/strong>Galer\u00eda de arte, Altos de Chav\u00f3n<strong><br>\n<strong><a href=\"http:\/\/todocasadecampo.com\/es\/node\/526\">Haga click aqu\u00ed para m\u00e1s info!<\/a>&nbsp;<\/strong><\/strong><\/p>\n\n\n\n<p><strong><a href=\"https:\/\/casadecampoliving.com\/es\/2012\/03\/zumba-mania-energia-alegria-y-ritmo-durante-el-fin-de-semana-del-hogar-del-nino\/\">Clases de&nbsp;Zumba con Fefi<\/a><\/strong><br>\n<strong>Hora<\/strong>: 6pm<br>\n<strong>Lugar<\/strong>: Cafe Juanita, Marina Casa de Campo<br>\n<strong><a href=\"https:\/\/casadecampoliving.com\/es\/2012\/03\/zumba-mania-energia-alegria-y-ritmo-durante-el-fin-de-semana-del-hogar-del-nino\/\">Haga click aqu\u00ed para m\u00e1s info!<\/a><\/strong><\/p>\n\n\n\n<figure class=\"wp-block-image is-resized\"><a href=\"https:\/\/i0.wp.com\/casadecampoliving.com\/wp-content\/uploads\/2022\/10\/casa_de_campo2-15.jpg?ssl=1\"><img loading=\"lazy\" decoding=\"async\" src=\"https:\/\/i0.wp.com\/casadecampoliving.com\/wp-content\/uploads\/2022\/10\/casa_de_campo2-15.jpg?resize=550%2C32&amp;ssl=1\" alt=\"\" class=\"wp-image-36852\" title=\"casa_de_campo\" height=\"32\" width=\"550\"\/><\/a><\/figure>\n\n\n\n<p><span style=\"color: #0000ee;\"><strong><span style=\"text-decoration: underline;\"><\/span><\/strong><\/span><\/p>\n\n\n\n<p><strong>No hay eventos programados para el martes!<br>\n<\/strong>Aqu\u00ed unas cuantas ideas de actividades divertidas:<\/p>\n\n\n\n<p><strong><a href=\"https:\/\/casadecampoliving.com\/es\/golf\/\">GOLF!<\/a><\/strong><br>\nJuegue una ronda de golf en uno de los campos de golf m\u00e1s famosos de Casa de Campo, dise\u00f1ados por Pete Dye; \u201cLinks\u201d, \u201cTeeth of the Dog\u201d o \u201cDye Fore\u201d<br>\n<a href=\"https:\/\/casadecampoliving.com\/es\/golf\/\">Haga click aqu\u00ed para m\u00e1s info<\/a>!<\/p>\n\n\n\n<p><strong>\u00a1Visite una instituci\u00f3n ben\u00e9fica local!<\/strong><br>\n\u2022 El Hogar del Ni\u00f1o \u2013 <a href=\"http:\/\/wp.me\/P1kvEy-dec\">haga click aqu\u00ed para m\u00e1s info<\/a><br>\n\u2022 LaFundaci\u00f3n MIR \u2013 <a href=\"http:\/\/wp.me\/P1kvEy-b9Y\">haga click aqu\u00ed para m\u00e1s info<\/a><\/p>\n\n\n\n<p><strong><a href=\"http:\/\/wp.me\/P1kvEy-cdm\">Rel\u00e1jese en la playa Minitas<\/a><\/strong><br>\nLea un libro, tome un c\u00f3ctel o disfrute de los deportes acu\u00e1ticos!<br>\nHaga click aqu\u00ed para m\u00e1s info!<\/p>\n\n\n\n<figure class=\"wp-block-image is-resized\"><img loading=\"lazy\" decoding=\"async\" src=\"https:\/\/i0.wp.com\/casadecampoliving.com\/wp-content\/uploads\/2022\/10\/casa_de_campo3-12.jpg?resize=550%2C32&amp;ssl=1\" alt=\"casa de campo\" class=\"wp-image-36854\" title=\"casa_de_campo\" height=\"32\" width=\"550\"\/><\/figure>\n\n\n\n<p><span style=\"color: #0000ee;\"><\/span><\/p>\n\n\n\n<p><strong><strong><a href=\"http:\/\/todocasadecampo.com\/es\/node\/526\">Exhibici\u00f3n de Arte de Escuela Abraham Lincoln<\/a><br>\n<strong>Horario: &nbsp;<\/strong><\/strong><\/strong>9am \u2013 6pm todos los d\u00edas (menos los martes)<strong><strong><br>\nLugar:&nbsp;<\/strong><\/strong>Galer\u00eda de arte, Altos de Chav\u00f3n<strong><br>\n<strong><a href=\"http:\/\/todocasadecampo.com\/es\/node\/526\">Haga click aqu\u00ed para m\u00e1s info!<\/a>&nbsp;<\/strong><\/strong><\/p>\n\n\n\n<p><strong><a href=\"https:\/\/casadecampoliving.com\/es\/2012\/03\/zumba-mania-energia-alegria-y-ritmo-durante-el-fin-de-semana-del-hogar-del-nino\/\">Clases de&nbsp;Zumba con Fefi<\/a><\/strong><br>\n<strong>Hora<\/strong>: 6pm<br>\n<strong>Lugar<\/strong>: Cafe Juanita, Marina Casa de Campo<br>\n<strong><a href=\"https:\/\/casadecampoliving.com\/es\/2012\/03\/zumba-mania-energia-alegria-y-ritmo-durante-el-fin-de-semana-del-hogar-del-nino\/\">Haga click aqu\u00ed para m\u00e1s info!<\/a>&nbsp;<\/strong><\/p>\n\n\n\n<p><strong><a href=\"http:\/\/www.todocasadecampo.com\/es\/node\/572\">Noche Bohemia<\/a><\/strong><br>\n<strong>Hora:<\/strong>&nbsp;desde las 8pm<br>\n<strong>D\u00f3nde:<\/strong>&nbsp;Restaurante y Lounge La Ca\u00f1a by Il Circo<br>\n<a href=\"http:\/\/www.todocasadecampo.com\/es\/node\/572\">Haga click aqu\u00ed para m\u00e1s info!&nbsp;<\/a><\/p>\n\n\n\n<figure class=\"wp-block-image is-resized\"><img loading=\"lazy\" decoding=\"async\" src=\"https:\/\/i0.wp.com\/casadecampoliving.com\/wp-content\/uploads\/2022\/10\/casa_de_campo11-2.jpg?resize=550%2C32&amp;ssl=1\" alt=\"\" class=\"wp-image-36858\" title=\"casa_de_campo1\" height=\"32\" width=\"550\"\/><\/figure>\n\n\n\n<p><span style=\"color: #0000ee;\"><span><strong><a href=\"https:\/\/i0.wp.com\/casadecampoliving.com\/wp-content\/uploads\/2022\/10\/casa_de_campo11-2.jpg?ssl=1\"> <\/a><\/strong><\/span><\/span><strong>&nbsp;<\/strong><\/p>\n\n\n\n<p><strong><strong><a href=\"http:\/\/todocasadecampo.com\/es\/node\/526\">Exhibici\u00f3n de Arte de Escuela Abraham Lincoln<\/a><br>\n<strong>Horario: &nbsp;<\/strong><\/strong><\/strong>9am \u2013 6pm todos los d\u00edas (menos los martes)<strong><strong><br>\nLugar:&nbsp;<\/strong><\/strong>Galer\u00eda de arte, Altos de Chav\u00f3n<strong><br>\n<strong><a href=\"http:\/\/todocasadecampo.com\/es\/node\/526\">Haga click aqu\u00ed para m\u00e1s info!<\/a>&nbsp;<\/strong><\/strong><\/p>\n\n\n\n<p><strong><a href=\"http:\/\/www.todocasadecampo.com\/en\/node\/573\">Ron, Cigarros y Noche de Son<\/a><br>\n<\/strong><strong>Cu\u00e1ndo:<\/strong>&nbsp;desde las 9pm<br>\n<strong>D\u00f3nde:<\/strong>&nbsp;Restaurante y Lounge La Ca\u00f1a by Il Circo<br>\n<a href=\"http:\/\/www.todocasadecampo.com\/es\/node\/572\">Haga click aqu\u00ed para m\u00e1s info!<\/a><\/p>\n\n\n\n<blockquote class=\"wp-block-quote is-layout-flow wp-block-quote-is-layout-flow\"><p><strong><a href=\"https:\/\/casadecampoliving.com\/es\/2012\/01\/happy-hour-en-la-enotecatodos-los-jueves\/\">La Enoteca 2\u00d71 Happy Hour<\/a><\/strong><br>\n<strong>Hora<\/strong>: 7pm-9pm<br>\n<strong>D\u00f3nde<\/strong>: La Enoteca, Marina Casa de Campo<br>\n<strong><a href=\"https:\/\/casadecampoliving.com\/es\/2012\/01\/happy-hour-en-la-enotecatodos-los-jueves\/\">Haga click aqu\u00ed para m\u00e1s info!&nbsp;<\/a>&nbsp;<\/strong><\/p><\/blockquote>\n\n\n\n<figure class=\"wp-block-image is-resized\"><img loading=\"lazy\" decoding=\"async\" src=\"https:\/\/i0.wp.com\/casadecampoliving.com\/wp-content\/uploads\/2022\/10\/casa_de_campo4-9.jpg?resize=550%2C32&amp;ssl=1\" alt=\"\" class=\"wp-image-36859\" title=\"casa_de_campo\" height=\"32\" width=\"550\"\/><\/figure>\n\n\n\n<p><strong><strong><a href=\"https:\/\/i0.wp.com\/casadecampoliving.com\/wp-content\/uploads\/2022\/10\/casa_de_campo4-9.jpg?ssl=1\"> <\/a><\/strong><\/strong><\/p>\n\n\n\n<p><strong><a href=\"http:\/\/todocasadecampo.com\/es\/node\/526\">Exhibici\u00f3n de Arte de Escuela Abraham Lincoln<\/a><br>\n<strong>Horario: &nbsp;<\/strong><\/strong>9am \u2013 6pm todos los d\u00edas (menos los martes)<strong><br>\nLugar:&nbsp;<\/strong>Galer\u00eda de arte, Altos de Chav\u00f3n<br>\n<strong><a href=\"http:\/\/todocasadecampo.com\/es\/node\/526\">Haga click aqu\u00ed para m\u00e1s info!<\/a>&nbsp;<\/strong><\/p>\n\n\n\n<p><strong><a href=\"http:\/\/www.todocasadecampo.com\/es\/node\/572\">Noche Bohemia<\/a><\/strong><br>\n<strong>Hora<\/strong>:&nbsp;desde las 8pm<br>\n<strong>D\u00f3nde<\/strong>:&nbsp;Restaurante y Lounge La Ca\u00f1a by Il Circo<br>\n<strong><a href=\"http:\/\/www.todocasadecampo.com\/es\/node\/572\">Haga click aqu\u00ed para m\u00e1s info!&nbsp;<\/a><\/strong><\/p>\n\n\n\n<p><strong><strong><a href=\"http:\/\/wp.me\/p1kvEy-d0b\">\u201cMen\u00fa Especial de Fin de semana\u201d<\/a><br>\nD\u00f3nde: <\/strong><\/strong>&nbsp;Restaurante y Lounge&nbsp;La Ca\u00f1a by Il Circo<strong><br>\n<strong><a href=\"http:\/\/wp.me\/p1kvEy-d0b\">Haga click aqu\u00ed para m\u00e1s info!<\/a>&nbsp;&nbsp;<\/strong><\/strong><\/p>\n\n\n\n<figure class=\"wp-block-image is-resized\"><img loading=\"lazy\" decoding=\"async\" src=\"https:\/\/i0.wp.com\/casadecampoliving.com\/wp-content\/uploads\/2022\/10\/casa_de_campo21-2.jpg?resize=550%2C32&amp;ssl=1\" alt=\"\" class=\"wp-image-36861\" title=\"casa_de_campo2\" height=\"32\" width=\"550\"\/><\/figure>\n\n\n\n<p><a href=\"https:\/\/casadecampoliving.com\/wp-content\/uploads\/2022\/10\/casa_de_campo21-2.jpg\"><strong><strong><\/strong><\/strong><\/a><\/p>\n\n\n\n<p><strong><a href=\"http:\/\/todocasadecampo.com\/es\/node\/526\">Exhibici\u00f3n de Arte de Escuela Abraham Lincoln<\/a><br>\nHorario: &nbsp;<\/strong>9am \u2013 6pm todos los d\u00edas (menos los martes)<strong><br>\nLugar:&nbsp;<\/strong>Galer\u00eda de arte, Altos de Chav\u00f3n<br>\n<strong><a href=\"http:\/\/todocasadecampo.com\/es\/node\/526\">Haga click aqu\u00ed para m\u00e1s info!<\/a>&nbsp;<\/strong><\/p>\n\n\n\n<p><strong><strong><a href=\"http:\/\/www.todocasadecampo.com\/es\/node\/572\">Noche Bohemia<\/a><\/strong><br>\n<strong>Hora:<\/strong>&nbsp;<\/strong>desde las 8pm<strong><br>\n<strong>D\u00f3nde:<\/strong>&nbsp;<\/strong>Restaurante y Lounge La Ca\u00f1a by Il Circo<strong><br>\n<a href=\"http:\/\/www.todocasadecampo.com\/es\/node\/572\">Haga click aqu\u00ed para m\u00e1s info!&nbsp;<\/a><\/strong><\/p>\n\n\n\n<p><strong><a href=\"http:\/\/wp.me\/p1kvEy-d0b\">\u201cMen\u00fa Especial de Fin de semana\u201d<\/a><br>\nD\u00f3nde:&nbsp;<\/strong>&nbsp;Restaurante y Lounge&nbsp;La Ca\u00f1a by Il Circo<strong><br>\n<strong><a href=\"http:\/\/wp.me\/p1kvEy-d0b\">Haga click aqu\u00ed para m\u00e1s info!<\/a>&nbsp;<\/strong><\/strong><\/p>\n\n\n\n<figure class=\"wp-block-image is-resized\"><a href=\"https:\/\/i0.wp.com\/casadecampoliving.com\/wp-content\/uploads\/2022\/10\/casa_de_campo31-2.jpg?ssl=1\"><img loading=\"lazy\" decoding=\"async\" src=\"https:\/\/i0.wp.com\/casadecampoliving.com\/wp-content\/uploads\/2022\/10\/casa_de_campo31-2.jpg?resize=550%2C32&amp;ssl=1\" alt=\"\" class=\"wp-image-36862\" title=\"casa_de_campo3\" height=\"32\" width=\"550\"\/><\/a><\/figure>\n\n\n\n<p><strong> <span style=\"text-decoration: underline;\"><\/span><\/strong><\/p>\n\n\n\n<p><strong><strong><a href=\"http:\/\/todocasadecampo.com\/es\/node\/526\">Exhibici\u00f3n de Arte de Escuela Abraham Lincoln<\/a><br>\n<strong><strong><strong>Horario: &nbsp;<\/strong><\/strong><\/strong><\/strong><\/strong>9am \u2013 6pm todos los d\u00edas (menos los martes)<strong><strong><br>\nLugar:&nbsp;<\/strong><\/strong>Galer\u00eda de arte, Altos de Chav\u00f3n<strong><br>\n<strong><a href=\"http:\/\/todocasadecampo.com\/es\/node\/526\">Haga click aqu\u00ed para m\u00e1s info!<\/a>&nbsp;<\/strong><\/strong><\/p>\n\n\n\n<p><strong><a href=\"http:\/\/todocasadecampo.com\/es\/node\/532\">Men\u00fa Especial del D\u00eda de las Madres!<\/a><\/strong><br>\nLugar: Restaurantes La Ca\u00f1a y Beach Club<br>\n<a href=\"http:\/\/todocasadecampo.com\/es\/node\/532\"><strong>Haga click aqu\u00ed para m\u00e1s info!<\/strong> <\/a><\/p>\n\n\n\n<blockquote><p style=\"text-align: center;\"><span style=\"text-decoration: underline;\">Mant\u00e9ngase al d\u00eda con T O D O Casa de Campo!<\/span><\/p><figure><img decoding=\"async\" loading=\"lazy\" class=\"aligncenter size-full wp-image-48088\" title=\"TODO_casa_de_campo\" src=\"https:\/\/i0.wp.com\/casadecampoliving.com\/wp-content\/uploads\/2022\/10\/TODO_casa_de_campo1-13.jpg?resize=503%2C538&amp;ssl=1\" alt=\"TODO casa de campo\" width=\"503\" height=\"538\"><\/figure><p style=\"text-align: center;\"><\/p><p style=\"text-align: left;\">Silgon Inc. (los creadores de la revista CasaLife y Casa de Campo Living) acaban de lanzar \u201cT O D O Casa de Campo\u201d, la oficial gu\u00ed bilingue de Casa de Campo; una invaluable herramienta para disfrutar de Casa de Campo, con un calendario de eventos, mapas, tarifas, horarios, n\u00fameros telef\u00f3nicos y mucho m\u00e1s.<\/p><p style=\"text-align: left;\"><strong><a href=\"http:\/\/www.todocasadecampo.com\/es\">Haga click aqu\u00ed para ver la versi\u00f3n en l\u00ednea de \u201cT O D O Casa de Campo\u201d&nbsp;<\/a><\/strong><\/p><\/blockquote>\n","protected":false},"excerpt":{"rendered":"<p>Este fin de semana en Casa de Campo se celebrar\u00e1 el Caf\u00e9 de la Leche el viernes, que tambi\u00e9n marca el comienzo de la temporada cicl\u00f3nica!<\/p>\n","protected":false},"author":21,"featured_media":222543,"comment_status":"closed","ping_status":"closed","sticky":false,"template":"","format":"standard","meta":{"newspack_ads_suppress_ads":false,"newspack_popups_has_disabled_popups":false,"newspack_sponsor_sponsorship_scope":"","newspack_sponsor_native_byline_display":"inherit","newspack_sponsor_native_category_display":"inherit","newspack_sponsor_underwriter_style":"inherit","newspack_sponsor_underwriter_placement":"inherit","_newspack_byline_active":false,"_newspack_byline":"","newspack_hide_updated_date":false,"newspack_show_updated_date":false,"newspack_content_restriction_is_exempt":false,"newspack_featured_image_position":"","newspack_post_subtitle":"","newspack_article_summary_title":"Overview:","newspack_article_summary":"","_jetpack_memberships_contains_paid_content":false,"footnotes":"","jetpack_publicize_message":"","jetpack_publicize_feature_enabled":true,"jetpack_social_post_already_shared":false,"jetpack_social_options":{"image_generator_settings":{"template":"highway","default_image_id":0,"font":"","enabled":false},"version":2},"_wpas_customize_per_network":false},"categories":[14625,26822],"tags":[2593],"newspack_spnsrs_tax":[],"class_list":["post-339091","post","type-post","status-publish","format-standard","has-post-thumbnail","hentry","category-noticias-locales","category-resort-casa-de-campo","tag-esta-semana-en-casa-de-campo","entry"],"yoast_head":"<!-- This site is optimized with the Yoast SEO plugin v27.5 - https:\/\/yoast.com\/product\/yoast-seo-wordpress\/ -->\n<title>Esta Semana en Casa de Campo: 28 de mayo - 3 de junio! | Casa de Campo Living<\/title>\n<meta name=\"description\" content=\"Este fin de semana en Casa de Campo se celebrar\u00e1 el Caf\u00e9 de la Leche el viernes, que tambi\u00e9n marca el comienzo de la temporada cicl\u00f3nica! Estos eventos,\" \/>\n<meta name=\"robots\" content=\"index, follow, max-snippet:-1, max-image-preview:large, max-video-preview:-1\" \/>\n<link rel=\"canonical\" href=\"https:\/\/casadecampoliving.com\/es\/esta-semana-en-casa-de-campo-28-de-mayo-3-de-junio\/\" \/>\n<meta property=\"og:locale\" content=\"es_ES\" \/>\n<meta property=\"og:type\" content=\"article\" \/>\n<meta property=\"og:title\" content=\"Esta Semana en Casa de Campo: 28 de mayo - 3 de junio! | Casa de Campo Living\" \/>\n<meta property=\"og:description\" content=\"Este fin de semana en Casa de Campo se celebrar\u00e1 el Caf\u00e9 de la Leche el viernes, que tambi\u00e9n marca el comienzo de la temporada cicl\u00f3nica! Estos eventos,\" \/>\n<meta property=\"og:url\" content=\"https:\/\/casadecampoliving.com\/es\/esta-semana-en-casa-de-campo-28-de-mayo-3-de-junio\/\" \/>\n<meta property=\"og:site_name\" content=\"Casa de Campo Living\" \/>\n<meta property=\"article:publisher\" content=\"https:\/\/www.facebook.com\/casadecampoliving\" \/>\n<meta property=\"article:published_time\" content=\"2012-05-28T04:00:00+00:00\" \/>\n<meta property=\"article:modified_time\" content=\"2022-10-21T22:47:51+00:00\" \/>\n<meta property=\"og:image\" content=\"https:\/\/i0.wp.com\/casadecampoliving.com\/wp-content\/uploads\/2022\/10\/thisweekincasa2-1.jpg?fit=650%2C350&ssl=1\" \/>\n\t<meta property=\"og:image:width\" content=\"650\" \/>\n\t<meta property=\"og:image:height\" content=\"350\" \/>\n\t<meta property=\"og:image:type\" content=\"image\/jpeg\" \/>\n<meta name=\"twitter:card\" content=\"summary_large_image\" \/>\n<meta name=\"twitter:creator\" content=\"@cdcliving\" \/>\n<meta name=\"twitter:site\" content=\"@cdcliving\" \/>\n<meta name=\"twitter:label1\" content=\"Escrito por\" \/>\n\t<meta name=\"twitter:data1\" content=\"\" \/>\n\t<meta name=\"twitter:label2\" content=\"Tiempo de lectura\" \/>\n\t<meta name=\"twitter:data2\" content=\"4 minutos\" \/>\n<script type=\"application\/ld+json\" class=\"yoast-schema-graph\">{\"@context\":\"https:\\\/\\\/schema.org\",\"@graph\":[{\"@type\":\"Article\",\"@id\":\"https:\\\/\\\/casadecampoliving.com\\\/es\\\/esta-semana-en-casa-de-campo-28-de-mayo-3-de-junio\\\/#article\",\"isPartOf\":{\"@id\":\"https:\\\/\\\/casadecampoliving.com\\\/es\\\/esta-semana-en-casa-de-campo-28-de-mayo-3-de-junio\\\/\"},\"author\":{\"name\":\"\",\"@id\":\"https:\\\/\\\/casadecampoliving.com\\\/es\\\/#\\\/schema\\\/person\\\/7e3b975d584a5f6ac0fd7128a81b0bc5\"},\"headline\":\"Esta Semana en Casa de Campo: 28 de mayo &#8211; 3 de junio!\",\"datePublished\":\"2012-05-28T04:00:00+00:00\",\"dateModified\":\"2022-10-21T22:47:51+00:00\",\"mainEntityOfPage\":{\"@id\":\"https:\\\/\\\/casadecampoliving.com\\\/es\\\/esta-semana-en-casa-de-campo-28-de-mayo-3-de-junio\\\/\"},\"wordCount\":828,\"publisher\":{\"@id\":\"https:\\\/\\\/casadecampoliving.com\\\/es\\\/#organization\"},\"image\":{\"@id\":\"https:\\\/\\\/casadecampoliving.com\\\/es\\\/esta-semana-en-casa-de-campo-28-de-mayo-3-de-junio\\\/#primaryimage\"},\"thumbnailUrl\":\"https:\\\/\\\/i0.wp.com\\\/casadecampoliving.com\\\/wp-content\\\/uploads\\\/2022\\\/10\\\/thisweekincasa2-1.jpg?fit=650%2C350&ssl=1\",\"keywords\":[\"esta semana en casa de campo\"],\"articleSection\":[\"Noticias Locales\",\"Resort Casa de Campo\"],\"inLanguage\":\"es\"},{\"@type\":\"WebPage\",\"@id\":\"https:\\\/\\\/casadecampoliving.com\\\/es\\\/esta-semana-en-casa-de-campo-28-de-mayo-3-de-junio\\\/\",\"url\":\"https:\\\/\\\/casadecampoliving.com\\\/es\\\/esta-semana-en-casa-de-campo-28-de-mayo-3-de-junio\\\/\",\"name\":\"Esta Semana en Casa de Campo: 28 de mayo - 3 de junio! | Casa de Campo Living\",\"isPartOf\":{\"@id\":\"https:\\\/\\\/casadecampoliving.com\\\/es\\\/#website\"},\"primaryImageOfPage\":{\"@id\":\"https:\\\/\\\/casadecampoliving.com\\\/es\\\/esta-semana-en-casa-de-campo-28-de-mayo-3-de-junio\\\/#primaryimage\"},\"image\":{\"@id\":\"https:\\\/\\\/casadecampoliving.com\\\/es\\\/esta-semana-en-casa-de-campo-28-de-mayo-3-de-junio\\\/#primaryimage\"},\"thumbnailUrl\":\"https:\\\/\\\/i0.wp.com\\\/casadecampoliving.com\\\/wp-content\\\/uploads\\\/2022\\\/10\\\/thisweekincasa2-1.jpg?fit=650%2C350&ssl=1\",\"datePublished\":\"2012-05-28T04:00:00+00:00\",\"dateModified\":\"2022-10-21T22:47:51+00:00\",\"description\":\"Este fin de semana en Casa de Campo se celebrar\u00e1 el Caf\u00e9 de la Leche el viernes, que tambi\u00e9n marca el comienzo de la temporada cicl\u00f3nica! Estos eventos,\",\"breadcrumb\":{\"@id\":\"https:\\\/\\\/casadecampoliving.com\\\/es\\\/esta-semana-en-casa-de-campo-28-de-mayo-3-de-junio\\\/#breadcrumb\"},\"inLanguage\":\"es\",\"potentialAction\":[{\"@type\":\"ReadAction\",\"target\":[\"https:\\\/\\\/casadecampoliving.com\\\/es\\\/esta-semana-en-casa-de-campo-28-de-mayo-3-de-junio\\\/\"]}]},{\"@type\":\"ImageObject\",\"inLanguage\":\"es\",\"@id\":\"https:\\\/\\\/casadecampoliving.com\\\/es\\\/esta-semana-en-casa-de-campo-28-de-mayo-3-de-junio\\\/#primaryimage\",\"url\":\"https:\\\/\\\/i0.wp.com\\\/casadecampoliving.com\\\/wp-content\\\/uploads\\\/2022\\\/10\\\/thisweekincasa2-1.jpg?fit=650%2C350&ssl=1\",\"contentUrl\":\"https:\\\/\\\/i0.wp.com\\\/casadecampoliving.com\\\/wp-content\\\/uploads\\\/2022\\\/10\\\/thisweekincasa2-1.jpg?fit=650%2C350&ssl=1\",\"width\":650,\"height\":350},{\"@type\":\"BreadcrumbList\",\"@id\":\"https:\\\/\\\/casadecampoliving.com\\\/es\\\/esta-semana-en-casa-de-campo-28-de-mayo-3-de-junio\\\/#breadcrumb\",\"itemListElement\":[{\"@type\":\"ListItem\",\"position\":1,\"name\":\"Home\",\"item\":\"https:\\\/\\\/casadecampoliving.com\\\/es\\\/\"},{\"@type\":\"ListItem\",\"position\":2,\"name\":\"Esta Semana en Casa de Campo: 28 de mayo &#8211; 3 de junio!\"}]},{\"@type\":\"WebSite\",\"@id\":\"https:\\\/\\\/casadecampoliving.com\\\/es\\\/#website\",\"url\":\"https:\\\/\\\/casadecampoliving.com\\\/es\\\/\",\"name\":\"Casa de Campo Living\",\"description\":\"Resort community news and resources.\",\"publisher\":{\"@id\":\"https:\\\/\\\/casadecampoliving.com\\\/es\\\/#organization\"},\"potentialAction\":[{\"@type\":\"SearchAction\",\"target\":{\"@type\":\"EntryPoint\",\"urlTemplate\":\"https:\\\/\\\/casadecampoliving.com\\\/es\\\/?s={search_term_string}\"},\"query-input\":{\"@type\":\"PropertyValueSpecification\",\"valueRequired\":true,\"valueName\":\"search_term_string\"}}],\"inLanguage\":\"es\"},{\"@type\":\"Organization\",\"@id\":\"https:\\\/\\\/casadecampoliving.com\\\/es\\\/#organization\",\"name\":\"Casa de Campo Living\",\"url\":\"https:\\\/\\\/casadecampoliving.com\\\/es\\\/\",\"logo\":{\"@type\":\"ImageObject\",\"inLanguage\":\"es\",\"@id\":\"https:\\\/\\\/casadecampoliving.com\\\/es\\\/#\\\/schema\\\/logo\\\/image\\\/\",\"url\":\"https:\\\/\\\/i0.wp.com\\\/casadecampoliving.com\\\/wp-content\\\/uploads\\\/2022\\\/07\\\/CDCLivingLogo_V1-white-sized.png?fit=800%2C214&ssl=1\",\"contentUrl\":\"https:\\\/\\\/i0.wp.com\\\/casadecampoliving.com\\\/wp-content\\\/uploads\\\/2022\\\/07\\\/CDCLivingLogo_V1-white-sized.png?fit=800%2C214&ssl=1\",\"width\":800,\"height\":214,\"caption\":\"Casa de Campo Living\"},\"image\":{\"@id\":\"https:\\\/\\\/casadecampoliving.com\\\/es\\\/#\\\/schema\\\/logo\\\/image\\\/\"},\"sameAs\":[\"https:\\\/\\\/www.facebook.com\\\/casadecampoliving\",\"https:\\\/\\\/x.com\\\/cdcliving\"]},{\"@type\":\"Person\",\"@id\":\"https:\\\/\\\/casadecampoliving.com\\\/es\\\/#\\\/schema\\\/person\\\/7e3b975d584a5f6ac0fd7128a81b0bc5\",\"name\":\"\",\"image\":{\"@type\":\"ImageObject\",\"inLanguage\":\"es\",\"@id\":\"https:\\\/\\\/secure.gravatar.com\\\/avatar\\\/?s=96&d=mm&r=g\",\"url\":\"https:\\\/\\\/secure.gravatar.com\\\/avatar\\\/?s=96&d=mm&r=g\",\"contentUrl\":\"https:\\\/\\\/secure.gravatar.com\\\/avatar\\\/?s=96&d=mm&r=g\"},\"url\":\"https:\\\/\\\/casadecampoliving.com\\\/es\\\/author\\\/ \\\/\"}]}<\/script>\n<!-- \/ Yoast SEO plugin. -->","yoast_head_json":{"title":"Esta Semana en Casa de Campo: 28 de mayo - 3 de junio! | Casa de Campo Living","description":"Este fin de semana en Casa de Campo se celebrar\u00e1 el Caf\u00e9 de la Leche el viernes, que tambi\u00e9n marca el comienzo de la temporada cicl\u00f3nica! Estos eventos,","robots":{"index":"index","follow":"follow","max-snippet":"max-snippet:-1","max-image-preview":"max-image-preview:large","max-video-preview":"max-video-preview:-1"},"canonical":"https:\/\/casadecampoliving.com\/es\/esta-semana-en-casa-de-campo-28-de-mayo-3-de-junio\/","og_locale":"es_ES","og_type":"article","og_title":"Esta Semana en Casa de Campo: 28 de mayo - 3 de junio! | Casa de Campo Living","og_description":"Este fin de semana en Casa de Campo se celebrar\u00e1 el Caf\u00e9 de la Leche el viernes, que tambi\u00e9n marca el comienzo de la temporada cicl\u00f3nica! Estos eventos,","og_url":"https:\/\/casadecampoliving.com\/es\/esta-semana-en-casa-de-campo-28-de-mayo-3-de-junio\/","og_site_name":"Casa de Campo Living","article_publisher":"https:\/\/www.facebook.com\/casadecampoliving","article_published_time":"2012-05-28T04:00:00+00:00","article_modified_time":"2022-10-21T22:47:51+00:00","og_image":[{"width":650,"height":350,"url":"https:\/\/i0.wp.com\/casadecampoliving.com\/wp-content\/uploads\/2022\/10\/thisweekincasa2-1.jpg?fit=650%2C350&ssl=1","type":"image\/jpeg"}],"twitter_card":"summary_large_image","twitter_creator":"@cdcliving","twitter_site":"@cdcliving","twitter_misc":{"Escrito por":"","Tiempo de lectura":"4 minutos"},"schema":{"@context":"https:\/\/schema.org","@graph":[{"@type":"Article","@id":"https:\/\/casadecampoliving.com\/es\/esta-semana-en-casa-de-campo-28-de-mayo-3-de-junio\/#article","isPartOf":{"@id":"https:\/\/casadecampoliving.com\/es\/esta-semana-en-casa-de-campo-28-de-mayo-3-de-junio\/"},"author":{"name":"","@id":"https:\/\/casadecampoliving.com\/es\/#\/schema\/person\/7e3b975d584a5f6ac0fd7128a81b0bc5"},"headline":"Esta Semana en Casa de Campo: 28 de mayo &#8211; 3 de junio!","datePublished":"2012-05-28T04:00:00+00:00","dateModified":"2022-10-21T22:47:51+00:00","mainEntityOfPage":{"@id":"https:\/\/casadecampoliving.com\/es\/esta-semana-en-casa-de-campo-28-de-mayo-3-de-junio\/"},"wordCount":828,"publisher":{"@id":"https:\/\/casadecampoliving.com\/es\/#organization"},"image":{"@id":"https:\/\/casadecampoliving.com\/es\/esta-semana-en-casa-de-campo-28-de-mayo-3-de-junio\/#primaryimage"},"thumbnailUrl":"https:\/\/i0.wp.com\/casadecampoliving.com\/wp-content\/uploads\/2022\/10\/thisweekincasa2-1.jpg?fit=650%2C350&ssl=1","keywords":["esta semana en casa de campo"],"articleSection":["Noticias Locales","Resort Casa de Campo"],"inLanguage":"es"},{"@type":"WebPage","@id":"https:\/\/casadecampoliving.com\/es\/esta-semana-en-casa-de-campo-28-de-mayo-3-de-junio\/","url":"https:\/\/casadecampoliving.com\/es\/esta-semana-en-casa-de-campo-28-de-mayo-3-de-junio\/","name":"Esta Semana en Casa de Campo: 28 de mayo - 3 de junio! | Casa de Campo Living","isPartOf":{"@id":"https:\/\/casadecampoliving.com\/es\/#website"},"primaryImageOfPage":{"@id":"https:\/\/casadecampoliving.com\/es\/esta-semana-en-casa-de-campo-28-de-mayo-3-de-junio\/#primaryimage"},"image":{"@id":"https:\/\/casadecampoliving.com\/es\/esta-semana-en-casa-de-campo-28-de-mayo-3-de-junio\/#primaryimage"},"thumbnailUrl":"https:\/\/i0.wp.com\/casadecampoliving.com\/wp-content\/uploads\/2022\/10\/thisweekincasa2-1.jpg?fit=650%2C350&ssl=1","datePublished":"2012-05-28T04:00:00+00:00","dateModified":"2022-10-21T22:47:51+00:00","description":"Este fin de semana en Casa de Campo se celebrar\u00e1 el Caf\u00e9 de la Leche el viernes, que tambi\u00e9n marca el comienzo de la temporada cicl\u00f3nica! Estos eventos,","breadcrumb":{"@id":"https:\/\/casadecampoliving.com\/es\/esta-semana-en-casa-de-campo-28-de-mayo-3-de-junio\/#breadcrumb"},"inLanguage":"es","potentialAction":[{"@type":"ReadAction","target":["https:\/\/casadecampoliving.com\/es\/esta-semana-en-casa-de-campo-28-de-mayo-3-de-junio\/"]}]},{"@type":"ImageObject","inLanguage":"es","@id":"https:\/\/casadecampoliving.com\/es\/esta-semana-en-casa-de-campo-28-de-mayo-3-de-junio\/#primaryimage","url":"https:\/\/i0.wp.com\/casadecampoliving.com\/wp-content\/uploads\/2022\/10\/thisweekincasa2-1.jpg?fit=650%2C350&ssl=1","contentUrl":"https:\/\/i0.wp.com\/casadecampoliving.com\/wp-content\/uploads\/2022\/10\/thisweekincasa2-1.jpg?fit=650%2C350&ssl=1","width":650,"height":350},{"@type":"BreadcrumbList","@id":"https:\/\/casadecampoliving.com\/es\/esta-semana-en-casa-de-campo-28-de-mayo-3-de-junio\/#breadcrumb","itemListElement":[{"@type":"ListItem","position":1,"name":"Home","item":"https:\/\/casadecampoliving.com\/es\/"},{"@type":"ListItem","position":2,"name":"Esta Semana en Casa de Campo: 28 de mayo &#8211; 3 de junio!"}]},{"@type":"WebSite","@id":"https:\/\/casadecampoliving.com\/es\/#website","url":"https:\/\/casadecampoliving.com\/es\/","name":"Casa de Campo Living","description":"Resort community news and resources.","publisher":{"@id":"https:\/\/casadecampoliving.com\/es\/#organization"},"potentialAction":[{"@type":"SearchAction","target":{"@type":"EntryPoint","urlTemplate":"https:\/\/casadecampoliving.com\/es\/?s={search_term_string}"},"query-input":{"@type":"PropertyValueSpecification","valueRequired":true,"valueName":"search_term_string"}}],"inLanguage":"es"},{"@type":"Organization","@id":"https:\/\/casadecampoliving.com\/es\/#organization","name":"Casa de Campo Living","url":"https:\/\/casadecampoliving.com\/es\/","logo":{"@type":"ImageObject","inLanguage":"es","@id":"https:\/\/casadecampoliving.com\/es\/#\/schema\/logo\/image\/","url":"https:\/\/i0.wp.com\/casadecampoliving.com\/wp-content\/uploads\/2022\/07\/CDCLivingLogo_V1-white-sized.png?fit=800%2C214&ssl=1","contentUrl":"https:\/\/i0.wp.com\/casadecampoliving.com\/wp-content\/uploads\/2022\/07\/CDCLivingLogo_V1-white-sized.png?fit=800%2C214&ssl=1","width":800,"height":214,"caption":"Casa de Campo Living"},"image":{"@id":"https:\/\/casadecampoliving.com\/es\/#\/schema\/logo\/image\/"},"sameAs":["https:\/\/www.facebook.com\/casadecampoliving","https:\/\/x.com\/cdcliving"]},{"@type":"Person","@id":"https:\/\/casadecampoliving.com\/es\/#\/schema\/person\/7e3b975d584a5f6ac0fd7128a81b0bc5","name":"","image":{"@type":"ImageObject","inLanguage":"es","@id":"https:\/\/secure.gravatar.com\/avatar\/?s=96&d=mm&r=g","url":"https:\/\/secure.gravatar.com\/avatar\/?s=96&d=mm&r=g","contentUrl":"https:\/\/secure.gravatar.com\/avatar\/?s=96&d=mm&r=g"},"url":"https:\/\/casadecampoliving.com\/es\/author\/ \/"}]}},"parsely":{"version":"1.1.0","canonical_url":"https:\/\/casadecampoliving.com\/es\/esta-semana-en-casa-de-campo-28-de-mayo-3-de-junio\/","smart_links":{"inbound":0,"outbound":0},"traffic_boost_suggestions_count":0,"meta":{"@context":"https:\/\/schema.org","@type":"NewsArticle","headline":"Esta Semana en Casa de Campo: 28 de mayo &#8211; 3 de junio!","url":"http:\/\/casadecampoliving.com\/es\/esta-semana-en-casa-de-campo-28-de-mayo-3-de-junio\/","mainEntityOfPage":{"@type":"WebPage","@id":"http:\/\/casadecampoliving.com\/es\/esta-semana-en-casa-de-campo-28-de-mayo-3-de-junio\/"},"thumbnailUrl":"https:\/\/i0.wp.com\/casadecampoliving.com\/wp-content\/uploads\/2022\/10\/thisweekincasa2-1.jpg?resize=150%2C150&ssl=1","image":{"@type":"ImageObject","url":"https:\/\/i0.wp.com\/casadecampoliving.com\/wp-content\/uploads\/2022\/10\/thisweekincasa2-1.jpg?fit=650%2C350&ssl=1"},"articleSection":"Noticias Locales","author":[{"@type":"Person","name":"FB_515917546"}],"creator":["FB_515917546"],"publisher":{"@type":"Organization","name":"Casa de Campo Living","logo":"https:\/\/casadecampoliving.com\/wp-content\/uploads\/2022\/07\/CDCLivingLogo_V1-white-sized.png"},"keywords":["esta semana en casa de campo"],"dateCreated":"2012-05-28T04:00:00Z","datePublished":"2012-05-28T04:00:00Z","dateModified":"2022-10-21T22:47:51Z"},"rendered":"<script type=\"application\/ld+json\" class=\"wp-parsely-metadata\">{\"@context\":\"https:\\\/\\\/schema.org\",\"@type\":\"NewsArticle\",\"headline\":\"Esta Semana en Casa de Campo: 28 de mayo &#8211; 3 de junio!\",\"url\":\"http:\\\/\\\/casadecampoliving.com\\\/es\\\/esta-semana-en-casa-de-campo-28-de-mayo-3-de-junio\\\/\",\"mainEntityOfPage\":{\"@type\":\"WebPage\",\"@id\":\"http:\\\/\\\/casadecampoliving.com\\\/es\\\/esta-semana-en-casa-de-campo-28-de-mayo-3-de-junio\\\/\"},\"thumbnailUrl\":\"https:\\\/\\\/i0.wp.com\\\/casadecampoliving.com\\\/wp-content\\\/uploads\\\/2022\\\/10\\\/thisweekincasa2-1.jpg?resize=150%2C150&ssl=1\",\"image\":{\"@type\":\"ImageObject\",\"url\":\"https:\\\/\\\/i0.wp.com\\\/casadecampoliving.com\\\/wp-content\\\/uploads\\\/2022\\\/10\\\/thisweekincasa2-1.jpg?fit=650%2C350&ssl=1\"},\"articleSection\":\"Noticias Locales\",\"author\":[{\"@type\":\"Person\",\"name\":\"FB_515917546\"}],\"creator\":[\"FB_515917546\"],\"publisher\":{\"@type\":\"Organization\",\"name\":\"Casa de Campo Living\",\"logo\":\"https:\\\/\\\/casadecampoliving.com\\\/wp-content\\\/uploads\\\/2022\\\/07\\\/CDCLivingLogo_V1-white-sized.png\"},\"keywords\":[\"esta semana en casa de campo\"],\"dateCreated\":\"2012-05-28T04:00:00Z\",\"datePublished\":\"2012-05-28T04:00:00Z\",\"dateModified\":\"2022-10-21T22:47:51Z\"}<\/script>","tracker_url":"https:\/\/cdn.parsely.com\/keys\/casadecampoliving.com\/p.js"},"jetpack_publicize_connections":[],"jetpack_featured_media_url":"https:\/\/i0.wp.com\/casadecampoliving.com\/wp-content\/uploads\/2022\/10\/thisweekincasa2-1.jpg?fit=650%2C350&ssl=1","jetpack-related-posts":[{"id":339049,"url":"https:\/\/casadecampoliving.com\/es\/esta-semana-en-casa-de-campo-21-27-de-mayo\/","url_meta":{"origin":339091,"position":0},"title":"Esta Semana en Casa de Campo: 21 &#8211; 27 de mayo!","author":"","date":"21 May, 2012","format":false,"excerpt":"Esta semana en Casa de Campo usted y la familia disfrutar\u00e1 de otra serie de divertidas actividades \u2013 como el Torneo de Golf \u201cCaribbean Classic\u201d, la apertura de la exhibici\u00f3n de arte de los estudiantes de la Escuela Abraham Lincoln, as\u00ed como de un fin de semana dedicado a las\u2026","rel":"","context":"En \u00abNoticias Locales\u00bb","block_context":{"text":"Noticias Locales","link":"https:\/\/casadecampoliving.com\/es\/category\/noticias-locales\/"},"img":{"alt_text":"week","src":"https:\/\/i0.wp.com\/casadecampoliving.com\/wp-content\/uploads\/2022\/10\/week1-1.jpg?fit=650%2C350&ssl=1&resize=350%2C200","width":350,"height":200,"srcset":"https:\/\/i0.wp.com\/casadecampoliving.com\/wp-content\/uploads\/2022\/10\/week1-1.jpg?fit=650%2C350&ssl=1&resize=350%2C200 1x, https:\/\/i0.wp.com\/casadecampoliving.com\/wp-content\/uploads\/2022\/10\/week1-1.jpg?fit=650%2C350&ssl=1&resize=525%2C300 1.5x"},"classes":[]},{"id":338935,"url":"https:\/\/casadecampoliving.com\/es\/esta-semana-en-casa-de-campo-7-13-mayo\/","url_meta":{"origin":339091,"position":1},"title":"Esta Semana en Casa de Campo: 7 &#8211; 13 mayo!","author":"","date":"7 May, 2012","format":false,"excerpt":"Esta semana en Casa de Campo es el tiempo perfecto para relajarse o bien, disfrutar haciendo ejercicios divertidos con las clases de zumba de fefi, adem\u00e1s de disfrutar del para\u00edso, el arte y el golf! No se pierda la apertura de \u201cFin de a\u00f1o\u201d, la nueva exhibici\u00f3n de arte de\u2026","rel":"","context":"En \u00abNoticias Locales\u00bb","block_context":{"text":"Noticias Locales","link":"https:\/\/casadecampoliving.com\/es\/category\/noticias-locales\/"},"img":{"alt_text":"week","src":"https:\/\/i0.wp.com\/casadecampoliving.com\/wp-content\/uploads\/2022\/10\/week1-1.jpg?fit=650%2C350&ssl=1&resize=350%2C200","width":350,"height":200,"srcset":"https:\/\/i0.wp.com\/casadecampoliving.com\/wp-content\/uploads\/2022\/10\/week1-1.jpg?fit=650%2C350&ssl=1&resize=350%2C200 1x, https:\/\/i0.wp.com\/casadecampoliving.com\/wp-content\/uploads\/2022\/10\/week1-1.jpg?fit=650%2C350&ssl=1&resize=525%2C300 1.5x"},"classes":[]},{"id":338999,"url":"https:\/\/casadecampoliving.com\/es\/esta-semana-en-casa-de-campo-14-20-de-marzo\/","url_meta":{"origin":339091,"position":2},"title":"Esta Semana en Casa de Campo: 14 &#8211; 20 de marzo!","author":"","date":"14 May, 2012","format":false,"excerpt":"Esta semana en Casa de Campo es el tiempo perfecto para relajarse; disfrutar del para\u00edso! Tambi\u00e9n para vivir experiencias incre\u00edbles con las facilidades worl-class ofrecidas dentro del complejo, adem\u00e1s de la excelente comida incluida en el men\u00fa especial de fin de semana! Feliz semana!! Estos eventos, actividades y especiales aplican\u2026","rel":"","context":"En \u00abNoticias Locales\u00bb","block_context":{"text":"Noticias Locales","link":"https:\/\/casadecampoliving.com\/es\/category\/noticias-locales\/"},"img":{"alt_text":"week","src":"https:\/\/i0.wp.com\/casadecampoliving.com\/wp-content\/uploads\/2022\/10\/week1-1.jpg?fit=650%2C350&ssl=1&resize=350%2C200","width":350,"height":200,"srcset":"https:\/\/i0.wp.com\/casadecampoliving.com\/wp-content\/uploads\/2022\/10\/week1-1.jpg?fit=650%2C350&ssl=1&resize=350%2C200 1x, https:\/\/i0.wp.com\/casadecampoliving.com\/wp-content\/uploads\/2022\/10\/week1-1.jpg?fit=650%2C350&ssl=1&resize=525%2C300 1.5x"},"classes":[]},{"id":338995,"url":"https:\/\/casadecampoliving.com\/es\/este-fin-de-semana-en-casa-de-campo-11-13-mayo\/","url_meta":{"origin":339091,"position":3},"title":"Este Fin de Semana en Casa de Campo: 11 &#8211; 13 mayo!","author":"","date":"11 May, 2012","format":false,"excerpt":"Este fin de semana en Casa de Campo, prep\u00e1rese para disfrutar del primer \u201cmenu especial de fin de semana\u201d en La Ca\u00f1a, al igual que de la exhibici\u00f3n de arte de fin de a\u00f1o de la clase graduanda de la Escuela de Altos de Chav\u00f3n, adem\u00e1s de m\u00faltiples actividades deportivas\u2026","rel":"","context":"En \u00abNoticias Locales\u00bb","block_context":{"text":"Noticias Locales","link":"https:\/\/casadecampoliving.com\/es\/category\/noticias-locales\/"},"img":{"alt_text":"","src":"https:\/\/i0.wp.com\/casadecampoliving.com\/wp-content\/uploads\/2022\/10\/weekend-1.jpg?fit=650%2C350&ssl=1&resize=350%2C200","width":350,"height":200,"srcset":"https:\/\/i0.wp.com\/casadecampoliving.com\/wp-content\/uploads\/2022\/10\/weekend-1.jpg?fit=650%2C350&ssl=1&resize=350%2C200 1x, https:\/\/i0.wp.com\/casadecampoliving.com\/wp-content\/uploads\/2022\/10\/weekend-1.jpg?fit=650%2C350&ssl=1&resize=525%2C300 1.5x"},"classes":[]},{"id":339071,"url":"https:\/\/casadecampoliving.com\/es\/este-fin-de-semana-en-casa-de-campo-25-27-de-mayo\/","url_meta":{"origin":339091,"position":4},"title":"Este Fin de Semana en Casa: 25 &#8211; 27 de mayo!","author":"","date":"25 May, 2012","format":false,"excerpt":"Este fin de semana en Casa de Campo, es el tiempo perfecto para pasarlo en familia \u2013 este viernes con la celebraci\u00f3n de la exhibici\u00f3n de arte de los estudiantes de la Escuela Abraham Lincoln,\u00a0as\u00ed como la apertura de la nueva tienda de Jenny Polanco! El s\u00e1bado con un delicioso\u2026","rel":"","context":"En \u00abNoticias Locales\u00bb","block_context":{"text":"Noticias Locales","link":"https:\/\/casadecampoliving.com\/es\/category\/noticias-locales\/"},"img":{"alt_text":"","src":"https:\/\/i0.wp.com\/casadecampoliving.com\/wp-content\/uploads\/2022\/10\/weekend-1.jpg?fit=650%2C350&ssl=1&resize=350%2C200","width":350,"height":200,"srcset":"https:\/\/i0.wp.com\/casadecampoliving.com\/wp-content\/uploads\/2022\/10\/weekend-1.jpg?fit=650%2C350&ssl=1&resize=350%2C200 1x, https:\/\/i0.wp.com\/casadecampoliving.com\/wp-content\/uploads\/2022\/10\/weekend-1.jpg?fit=650%2C350&ssl=1&resize=525%2C300 1.5x"},"classes":[]},{"id":433460,"url":"https:\/\/casadecampoliving.com\/es\/no-se-pierdan-el-increible-tributo-a-frank-sinatra-para-celebrar-el-40-aniversario-del-anfiteatro-altos-de-chavon\/","url_meta":{"origin":339091,"position":5},"title":"No se pierdan el incre\u00edble tributo a Frank Sinatra para celebrar el 40 aniversario del\u00a0Anfiteatro Altos de Chav\u00f3n","author":"Casa de Campo Living","date":"20 Oct, 2022","format":false,"excerpt":"Siendo uno de los escenarios m\u00e1s emblem\u00e1ticos del pa\u00eds, Casa de Campo Resort\u00ae & Villas celebra las cuatro d\u00e9cadas de aniversario de Altos de Chav\u00f3n con un tributo al gran Frank Sinatra, protagonizado por artistas invitados y una big band tal cual la que acompa\u00f1\u00f3 al artista hace 40 a\u00f1os\u2026","rel":"","context":"En \u00abUncategorized @es\u00bb","block_context":{"text":"Uncategorized @es","link":"https:\/\/casadecampoliving.com\/es\/category\/uncategorized-es\/"},"img":{"alt_text":"","src":"https:\/\/i0.wp.com\/casadecampoliving.com\/wp-content\/uploads\/2022\/10\/Tributo-Frank-Sinatra-Foto-Principal-Amaury-Sanchez-Danilo-Ginebra-Andres-Pichardo-y-Jose-Gabriel-Perez-.jpg?fit=1200%2C873&ssl=1&resize=350%2C200","width":350,"height":200,"srcset":"https:\/\/i0.wp.com\/casadecampoliving.com\/wp-content\/uploads\/2022\/10\/Tributo-Frank-Sinatra-Foto-Principal-Amaury-Sanchez-Danilo-Ginebra-Andres-Pichardo-y-Jose-Gabriel-Perez-.jpg?fit=1200%2C873&ssl=1&resize=350%2C200 1x, https:\/\/i0.wp.com\/casadecampoliving.com\/wp-content\/uploads\/2022\/10\/Tributo-Frank-Sinatra-Foto-Principal-Amaury-Sanchez-Danilo-Ginebra-Andres-Pichardo-y-Jose-Gabriel-Perez-.jpg?fit=1200%2C873&ssl=1&resize=525%2C300 1.5x, https:\/\/i0.wp.com\/casadecampoliving.com\/wp-content\/uploads\/2022\/10\/Tributo-Frank-Sinatra-Foto-Principal-Amaury-Sanchez-Danilo-Ginebra-Andres-Pichardo-y-Jose-Gabriel-Perez-.jpg?fit=1200%2C873&ssl=1&resize=700%2C400 2x, https:\/\/i0.wp.com\/casadecampoliving.com\/wp-content\/uploads\/2022\/10\/Tributo-Frank-Sinatra-Foto-Principal-Amaury-Sanchez-Danilo-Ginebra-Andres-Pichardo-y-Jose-Gabriel-Perez-.jpg?fit=1200%2C873&ssl=1&resize=1050%2C600 3x"},"classes":[]}],"jetpack_sharing_enabled":true,"_links":{"self":[{"href":"https:\/\/casadecampoliving.com\/es\/wp-json\/wp\/v2\/posts\/339091","targetHints":{"allow":["GET"]}}],"collection":[{"href":"https:\/\/casadecampoliving.com\/es\/wp-json\/wp\/v2\/posts"}],"about":[{"href":"https:\/\/casadecampoliving.com\/es\/wp-json\/wp\/v2\/types\/post"}],"author":[{"embeddable":true,"href":"https:\/\/casadecampoliving.com\/es\/wp-json\/wp\/v2\/users\/21"}],"replies":[{"embeddable":true,"href":"https:\/\/casadecampoliving.com\/es\/wp-json\/wp\/v2\/comments?post=339091"}],"version-history":[{"count":1,"href":"https:\/\/casadecampoliving.com\/es\/wp-json\/wp\/v2\/posts\/339091\/revisions"}],"predecessor-version":[{"id":339092,"href":"https:\/\/casadecampoliving.com\/es\/wp-json\/wp\/v2\/posts\/339091\/revisions\/339092"}],"wp:featuredmedia":[{"embeddable":true,"href":"https:\/\/casadecampoliving.com\/es\/wp-json\/wp\/v2\/media\/222543"}],"wp:attachment":[{"href":"https:\/\/casadecampoliving.com\/es\/wp-json\/wp\/v2\/media?parent=339091"}],"wp:term":[{"taxonomy":"category","embeddable":true,"href":"https:\/\/casadecampoliving.com\/es\/wp-json\/wp\/v2\/categories?post=339091"},{"taxonomy":"post_tag","embeddable":true,"href":"https:\/\/casadecampoliving.com\/es\/wp-json\/wp\/v2\/tags?post=339091"},{"taxonomy":"newspack_spnsrs_tax","embeddable":true,"href":"https:\/\/casadecampoliving.com\/es\/wp-json\/wp\/v2\/newspack_spnsrs_tax?post=339091"}],"curies":[{"name":"wp","href":"https:\/\/api.w.org\/{rel}","templated":true}]}}