{"id":339083,"date":"2012-05-27T00:00:00","date_gmt":"2012-05-27T04:00:00","guid":{"rendered":"https:\/\/casadecampoliving.com\/hoy-se-celebra-el-dia-de-las-madres-en-la-republica-dominicana\/"},"modified":"2022-10-21T18:47:27","modified_gmt":"2022-10-21T22:47:27","slug":"hoy-se-celebra-el-dia-de-las-madres-en-la-republica-dominicana","status":"publish","type":"post","link":"https:\/\/casadecampoliving.com\/es\/hoy-se-celebra-el-dia-de-las-madres-en-la-republica-dominicana\/","title":{"rendered":"Hoy se celebra el D\u00eda de las Madres en la R\u00e9p\u00fablica Dominicana!"},"content":{"rendered":"<div class=\"wp-block-image\">\n<figure class=\"aligncenter is-resized\"><img loading=\"lazy\" decoding=\"async\" src=\"https:\/\/i0.wp.com\/casadecampoliving.com\/wp-content\/uploads\/2022\/10\/mothers8.jpg?resize=650%2C415&amp;ssl=1\" alt=\"mothers\" class=\"wp-image-51263\" title=\"mothers!\" height=\"415\" width=\"650\"\/><\/figure>\n<\/div>\n\n\n<p>Cada a\u00f1o, en el \u00faltimo domingo del mes de mayo, la Rep\u00fablica Dominicana celebra a un especial miembro de cada familia; las madres! Y no quisimos dejar pasar la oportunidad sin desearles todo lo mejor! Hoy domingo 27 de mayo, comprendido como el \u00faltimo domingo de este mes en el 2012, es la fecha en que en la Rep\u00fablica Dominicana se celebra el D\u00eda de las Madres con tradiciones muy particulares \u2013 y es que no sorprender\u00eda ver que en un d\u00eda como hoy, los hogares dominicanos, en especial aquellos en que habitan los abuelitos y abuelitas de la familia, resultan ser los puntos oficiales en que toda la familia (hijos, hermanos, primos, sobrinos, nietos, etc), se re\u00fane para compartir en medio de almuerzos, charlas, bebidas y bailes!<\/p>\n\n\n\n<!--more-->\n\n\n\n<p>Otro elemento que jam\u00e1s falla son los regalos que se hacen a mam\u00e1, que van desde el precioso detalle de un hermoso arreglo floral y accesorios para el hogar, hasta maravillosos accesorios y pendientes para las que gustan de modas \u2013 una magn\u00edfica opci\u00f3n para la ocasi\u00f3n; <a href=\"https:\/\/casadecampoliving.com\/es\/2012\/05\/es-mama-una-joya-halague-a-mama-este-dia-de-las-madres-con-un-regalo-de-everett-designs\/\">las joyas de Everett Designs!<\/a><\/p>\n\n\n\n<p>Esperamos que todas las madres de las comunidades de La Romana y Casa de Campo est\u00e9n repletas de amor en su d\u00eda y siempre \u2013 y para cerrar con broche de oro en una fecha tan especial, recuerde que hoy los restaurantes La Ca\u00f1a y Beach Club by Le Cirque estar\u00e1 ofreciendo un <a href=\"https:\/\/casadecampoliving.com\/es\/2012\/05\/la-cana-y-el-beach-club-ofrecen-un-menu-especial-para-el-dia-de-las-madres\/\">\u201cmen\u00fa especial del d\u00eda de las madres\u201d<\/a>!<\/p>\n\n\n\n<blockquote class=\"wp-block-quote is-layout-flow wp-block-quote-is-layout-flow\"><p>Y finalmente, la <a href=\"http:\/\/wp.me\/P1kvEy-b9Y\">Fundaci\u00f3n MIR<\/a>&nbsp;se une a nosotros dese\u00e1ndoles un muy FELIZ DIA DE LAS MADRES! <img decoding=\"async\" loading=\"lazy\" title=\"mother's day\" src=\"https:\/\/i0.wp.com\/casadecampoliving.com\/wp-content\/uploads\/2022\/10\/mothers-day2.jpg?resize=447%2C326&amp;ssl=1\" alt=\"mothers day\" width=\"447\" height=\"326\"><\/p><\/blockquote>\n","protected":false},"excerpt":{"rendered":"<p>Cada a\u00f1o, en el \u00faltimo domingo del mes de mayo, la Rep\u00fablica Dominicana celebra a un especial miembro de cada familia; las madres! Y no quisimos dejar pasar la oportunidad sin desearles todo lo mejor! Hoy domingo 27 de mayo, comprendido como el \u00faltimo domingo de este mes en el 2012, es la fecha en [&hellip;]<\/p>\n","protected":false},"author":21,"featured_media":238026,"comment_status":"closed","ping_status":"closed","sticky":false,"template":"","format":"standard","meta":{"newspack_ads_suppress_ads":false,"newspack_popups_has_disabled_popups":false,"newspack_sponsor_sponsorship_scope":"","newspack_sponsor_native_byline_display":"inherit","newspack_sponsor_native_category_display":"inherit","newspack_sponsor_underwriter_style":"inherit","newspack_sponsor_underwriter_placement":"inherit","_newspack_byline_active":false,"_newspack_byline":"","newspack_hide_updated_date":false,"newspack_show_updated_date":false,"newspack_content_restriction_is_exempt":false,"newspack_featured_image_position":"","newspack_post_subtitle":"","newspack_article_summary_title":"Overview:","newspack_article_summary":"","_jetpack_memberships_contains_paid_content":false,"footnotes":"","jetpack_publicize_message":"","jetpack_publicize_feature_enabled":true,"jetpack_social_post_already_shared":false,"jetpack_social_options":{"image_generator_settings":{"template":"highway","default_image_id":0,"font":"","enabled":false},"version":2},"_wpas_customize_per_network":false},"categories":[2524,14631,14625,2521],"tags":[1221,2001,14777,2561],"newspack_spnsrs_tax":[],"class_list":["post-339083","post","type-post","status-publish","format-standard","has-post-thumbnail","hentry","category-destacados","category-estilo-de-vida","category-noticias-locales","category-republica-dominicana-2","tag-dia-de-las-madres","tag-feliz-dia-de-las-madres","tag-republica-dominicana-es-18","tag-resort-casa-de-campo","entry"],"yoast_head":"<!-- This site is optimized with the Yoast SEO plugin v27.5 - https:\/\/yoast.com\/product\/yoast-seo-wordpress\/ -->\n<title>Hoy se celebra el D\u00eda de las Madres en la R\u00e9p\u00fablica Dominicana! | Casa de Campo Living<\/title>\n<meta name=\"description\" content=\"Cada a\u00f1o, en el \u00faltimo domingo del mes de mayo, la Rep\u00fablica Dominicana celebra a un especial miembro de cada familia; las madres! Y no quisimos dejar\" \/>\n<meta name=\"robots\" content=\"index, follow, max-snippet:-1, max-image-preview:large, max-video-preview:-1\" \/>\n<link rel=\"canonical\" href=\"https:\/\/casadecampoliving.com\/es\/hoy-se-celebra-el-dia-de-las-madres-en-la-republica-dominicana\/\" \/>\n<meta property=\"og:locale\" content=\"es_ES\" \/>\n<meta property=\"og:type\" content=\"article\" \/>\n<meta property=\"og:title\" content=\"Hoy se celebra el D\u00eda de las Madres en la R\u00e9p\u00fablica Dominicana! | Casa de Campo Living\" \/>\n<meta property=\"og:description\" content=\"Cada a\u00f1o, en el \u00faltimo domingo del mes de mayo, la Rep\u00fablica Dominicana celebra a un especial miembro de cada familia; las madres! Y no quisimos dejar\" \/>\n<meta property=\"og:url\" content=\"https:\/\/casadecampoliving.com\/es\/hoy-se-celebra-el-dia-de-las-madres-en-la-republica-dominicana\/\" \/>\n<meta property=\"og:site_name\" content=\"Casa de Campo Living\" \/>\n<meta property=\"article:publisher\" content=\"https:\/\/www.facebook.com\/casadecampoliving\" \/>\n<meta property=\"article:published_time\" content=\"2012-05-27T04:00:00+00:00\" \/>\n<meta property=\"article:modified_time\" content=\"2022-10-21T22:47:27+00:00\" \/>\n<meta property=\"og:image\" content=\"https:\/\/i0.wp.com\/casadecampoliving.com\/wp-content\/uploads\/2022\/10\/mothers8-1.jpg?fit=650%2C415&ssl=1\" \/>\n\t<meta property=\"og:image:width\" content=\"650\" \/>\n\t<meta property=\"og:image:height\" content=\"415\" \/>\n\t<meta property=\"og:image:type\" content=\"image\/jpeg\" \/>\n<meta name=\"twitter:card\" content=\"summary_large_image\" \/>\n<meta name=\"twitter:creator\" content=\"@cdcliving\" \/>\n<meta name=\"twitter:site\" content=\"@cdcliving\" \/>\n<meta name=\"twitter:label1\" content=\"Escrito por\" \/>\n\t<meta name=\"twitter:data1\" content=\"\" \/>\n\t<meta name=\"twitter:label2\" content=\"Tiempo de lectura\" \/>\n\t<meta name=\"twitter:data2\" content=\"1 minuto\" \/>\n<script type=\"application\/ld+json\" class=\"yoast-schema-graph\">{\"@context\":\"https:\\\/\\\/schema.org\",\"@graph\":[{\"@type\":\"Article\",\"@id\":\"https:\\\/\\\/casadecampoliving.com\\\/es\\\/hoy-se-celebra-el-dia-de-las-madres-en-la-republica-dominicana\\\/#article\",\"isPartOf\":{\"@id\":\"https:\\\/\\\/casadecampoliving.com\\\/es\\\/hoy-se-celebra-el-dia-de-las-madres-en-la-republica-dominicana\\\/\"},\"author\":{\"name\":\"\",\"@id\":\"https:\\\/\\\/casadecampoliving.com\\\/es\\\/#\\\/schema\\\/person\\\/7e3b975d584a5f6ac0fd7128a81b0bc5\"},\"headline\":\"Hoy se celebra el D\u00eda de las Madres en la R\u00e9p\u00fablica Dominicana!\",\"datePublished\":\"2012-05-27T04:00:00+00:00\",\"dateModified\":\"2022-10-21T22:47:27+00:00\",\"mainEntityOfPage\":{\"@id\":\"https:\\\/\\\/casadecampoliving.com\\\/es\\\/hoy-se-celebra-el-dia-de-las-madres-en-la-republica-dominicana\\\/\"},\"wordCount\":285,\"publisher\":{\"@id\":\"https:\\\/\\\/casadecampoliving.com\\\/es\\\/#organization\"},\"image\":{\"@id\":\"https:\\\/\\\/casadecampoliving.com\\\/es\\\/hoy-se-celebra-el-dia-de-las-madres-en-la-republica-dominicana\\\/#primaryimage\"},\"thumbnailUrl\":\"https:\\\/\\\/i0.wp.com\\\/casadecampoliving.com\\\/wp-content\\\/uploads\\\/2022\\\/10\\\/mothers8-1.jpg?fit=650%2C415&ssl=1\",\"keywords\":[\"dia de las madres\",\"feliz dia de las madres\",\"Republica Dominicana\",\"resort casa de campo\"],\"articleSection\":[\"Destacados\",\"Estilo de Vida\",\"Noticias Locales\",\"Rep\u00fablica Dominicana @es\"],\"inLanguage\":\"es\"},{\"@type\":\"WebPage\",\"@id\":\"https:\\\/\\\/casadecampoliving.com\\\/es\\\/hoy-se-celebra-el-dia-de-las-madres-en-la-republica-dominicana\\\/\",\"url\":\"https:\\\/\\\/casadecampoliving.com\\\/es\\\/hoy-se-celebra-el-dia-de-las-madres-en-la-republica-dominicana\\\/\",\"name\":\"Hoy se celebra el D\u00eda de las Madres en la R\u00e9p\u00fablica Dominicana! | Casa de Campo Living\",\"isPartOf\":{\"@id\":\"https:\\\/\\\/casadecampoliving.com\\\/es\\\/#website\"},\"primaryImageOfPage\":{\"@id\":\"https:\\\/\\\/casadecampoliving.com\\\/es\\\/hoy-se-celebra-el-dia-de-las-madres-en-la-republica-dominicana\\\/#primaryimage\"},\"image\":{\"@id\":\"https:\\\/\\\/casadecampoliving.com\\\/es\\\/hoy-se-celebra-el-dia-de-las-madres-en-la-republica-dominicana\\\/#primaryimage\"},\"thumbnailUrl\":\"https:\\\/\\\/i0.wp.com\\\/casadecampoliving.com\\\/wp-content\\\/uploads\\\/2022\\\/10\\\/mothers8-1.jpg?fit=650%2C415&ssl=1\",\"datePublished\":\"2012-05-27T04:00:00+00:00\",\"dateModified\":\"2022-10-21T22:47:27+00:00\",\"description\":\"Cada a\u00f1o, en el \u00faltimo domingo del mes de mayo, la Rep\u00fablica Dominicana celebra a un especial miembro de cada familia; las madres! Y no quisimos dejar\",\"breadcrumb\":{\"@id\":\"https:\\\/\\\/casadecampoliving.com\\\/es\\\/hoy-se-celebra-el-dia-de-las-madres-en-la-republica-dominicana\\\/#breadcrumb\"},\"inLanguage\":\"es\",\"potentialAction\":[{\"@type\":\"ReadAction\",\"target\":[\"https:\\\/\\\/casadecampoliving.com\\\/es\\\/hoy-se-celebra-el-dia-de-las-madres-en-la-republica-dominicana\\\/\"]}]},{\"@type\":\"ImageObject\",\"inLanguage\":\"es\",\"@id\":\"https:\\\/\\\/casadecampoliving.com\\\/es\\\/hoy-se-celebra-el-dia-de-las-madres-en-la-republica-dominicana\\\/#primaryimage\",\"url\":\"https:\\\/\\\/i0.wp.com\\\/casadecampoliving.com\\\/wp-content\\\/uploads\\\/2022\\\/10\\\/mothers8-1.jpg?fit=650%2C415&ssl=1\",\"contentUrl\":\"https:\\\/\\\/i0.wp.com\\\/casadecampoliving.com\\\/wp-content\\\/uploads\\\/2022\\\/10\\\/mothers8-1.jpg?fit=650%2C415&ssl=1\",\"width\":650,\"height\":415,\"caption\":\"mothers\"},{\"@type\":\"BreadcrumbList\",\"@id\":\"https:\\\/\\\/casadecampoliving.com\\\/es\\\/hoy-se-celebra-el-dia-de-las-madres-en-la-republica-dominicana\\\/#breadcrumb\",\"itemListElement\":[{\"@type\":\"ListItem\",\"position\":1,\"name\":\"Home\",\"item\":\"https:\\\/\\\/casadecampoliving.com\\\/es\\\/\"},{\"@type\":\"ListItem\",\"position\":2,\"name\":\"Hoy se celebra el D\u00eda de las Madres en la R\u00e9p\u00fablica Dominicana!\"}]},{\"@type\":\"WebSite\",\"@id\":\"https:\\\/\\\/casadecampoliving.com\\\/es\\\/#website\",\"url\":\"https:\\\/\\\/casadecampoliving.com\\\/es\\\/\",\"name\":\"Casa de Campo Living\",\"description\":\"Resort community news and resources.\",\"publisher\":{\"@id\":\"https:\\\/\\\/casadecampoliving.com\\\/es\\\/#organization\"},\"potentialAction\":[{\"@type\":\"SearchAction\",\"target\":{\"@type\":\"EntryPoint\",\"urlTemplate\":\"https:\\\/\\\/casadecampoliving.com\\\/es\\\/?s={search_term_string}\"},\"query-input\":{\"@type\":\"PropertyValueSpecification\",\"valueRequired\":true,\"valueName\":\"search_term_string\"}}],\"inLanguage\":\"es\"},{\"@type\":\"Organization\",\"@id\":\"https:\\\/\\\/casadecampoliving.com\\\/es\\\/#organization\",\"name\":\"Casa de Campo Living\",\"url\":\"https:\\\/\\\/casadecampoliving.com\\\/es\\\/\",\"logo\":{\"@type\":\"ImageObject\",\"inLanguage\":\"es\",\"@id\":\"https:\\\/\\\/casadecampoliving.com\\\/es\\\/#\\\/schema\\\/logo\\\/image\\\/\",\"url\":\"https:\\\/\\\/i0.wp.com\\\/casadecampoliving.com\\\/wp-content\\\/uploads\\\/2022\\\/07\\\/CDCLivingLogo_V1-white-sized.png?fit=800%2C214&ssl=1\",\"contentUrl\":\"https:\\\/\\\/i0.wp.com\\\/casadecampoliving.com\\\/wp-content\\\/uploads\\\/2022\\\/07\\\/CDCLivingLogo_V1-white-sized.png?fit=800%2C214&ssl=1\",\"width\":800,\"height\":214,\"caption\":\"Casa de Campo Living\"},\"image\":{\"@id\":\"https:\\\/\\\/casadecampoliving.com\\\/es\\\/#\\\/schema\\\/logo\\\/image\\\/\"},\"sameAs\":[\"https:\\\/\\\/www.facebook.com\\\/casadecampoliving\",\"https:\\\/\\\/x.com\\\/cdcliving\"]},{\"@type\":\"Person\",\"@id\":\"https:\\\/\\\/casadecampoliving.com\\\/es\\\/#\\\/schema\\\/person\\\/7e3b975d584a5f6ac0fd7128a81b0bc5\",\"name\":\"\",\"image\":{\"@type\":\"ImageObject\",\"inLanguage\":\"es\",\"@id\":\"https:\\\/\\\/secure.gravatar.com\\\/avatar\\\/?s=96&d=mm&r=g\",\"url\":\"https:\\\/\\\/secure.gravatar.com\\\/avatar\\\/?s=96&d=mm&r=g\",\"contentUrl\":\"https:\\\/\\\/secure.gravatar.com\\\/avatar\\\/?s=96&d=mm&r=g\"},\"url\":\"https:\\\/\\\/casadecampoliving.com\\\/es\\\/author\\\/ \\\/\"}]}<\/script>\n<!-- \/ Yoast SEO plugin. -->","yoast_head_json":{"title":"Hoy se celebra el D\u00eda de las Madres en la R\u00e9p\u00fablica Dominicana! | Casa de Campo Living","description":"Cada a\u00f1o, en el \u00faltimo domingo del mes de mayo, la Rep\u00fablica Dominicana celebra a un especial miembro de cada familia; las madres! Y no quisimos dejar","robots":{"index":"index","follow":"follow","max-snippet":"max-snippet:-1","max-image-preview":"max-image-preview:large","max-video-preview":"max-video-preview:-1"},"canonical":"https:\/\/casadecampoliving.com\/es\/hoy-se-celebra-el-dia-de-las-madres-en-la-republica-dominicana\/","og_locale":"es_ES","og_type":"article","og_title":"Hoy se celebra el D\u00eda de las Madres en la R\u00e9p\u00fablica Dominicana! | Casa de Campo Living","og_description":"Cada a\u00f1o, en el \u00faltimo domingo del mes de mayo, la Rep\u00fablica Dominicana celebra a un especial miembro de cada familia; las madres! Y no quisimos dejar","og_url":"https:\/\/casadecampoliving.com\/es\/hoy-se-celebra-el-dia-de-las-madres-en-la-republica-dominicana\/","og_site_name":"Casa de Campo Living","article_publisher":"https:\/\/www.facebook.com\/casadecampoliving","article_published_time":"2012-05-27T04:00:00+00:00","article_modified_time":"2022-10-21T22:47:27+00:00","og_image":[{"width":650,"height":415,"url":"https:\/\/i0.wp.com\/casadecampoliving.com\/wp-content\/uploads\/2022\/10\/mothers8-1.jpg?fit=650%2C415&ssl=1","type":"image\/jpeg"}],"twitter_card":"summary_large_image","twitter_creator":"@cdcliving","twitter_site":"@cdcliving","twitter_misc":{"Escrito por":"","Tiempo de lectura":"1 minuto"},"schema":{"@context":"https:\/\/schema.org","@graph":[{"@type":"Article","@id":"https:\/\/casadecampoliving.com\/es\/hoy-se-celebra-el-dia-de-las-madres-en-la-republica-dominicana\/#article","isPartOf":{"@id":"https:\/\/casadecampoliving.com\/es\/hoy-se-celebra-el-dia-de-las-madres-en-la-republica-dominicana\/"},"author":{"name":"","@id":"https:\/\/casadecampoliving.com\/es\/#\/schema\/person\/7e3b975d584a5f6ac0fd7128a81b0bc5"},"headline":"Hoy se celebra el D\u00eda de las Madres en la R\u00e9p\u00fablica Dominicana!","datePublished":"2012-05-27T04:00:00+00:00","dateModified":"2022-10-21T22:47:27+00:00","mainEntityOfPage":{"@id":"https:\/\/casadecampoliving.com\/es\/hoy-se-celebra-el-dia-de-las-madres-en-la-republica-dominicana\/"},"wordCount":285,"publisher":{"@id":"https:\/\/casadecampoliving.com\/es\/#organization"},"image":{"@id":"https:\/\/casadecampoliving.com\/es\/hoy-se-celebra-el-dia-de-las-madres-en-la-republica-dominicana\/#primaryimage"},"thumbnailUrl":"https:\/\/i0.wp.com\/casadecampoliving.com\/wp-content\/uploads\/2022\/10\/mothers8-1.jpg?fit=650%2C415&ssl=1","keywords":["dia de las madres","feliz dia de las madres","Republica Dominicana","resort casa de campo"],"articleSection":["Destacados","Estilo de Vida","Noticias Locales","Rep\u00fablica Dominicana @es"],"inLanguage":"es"},{"@type":"WebPage","@id":"https:\/\/casadecampoliving.com\/es\/hoy-se-celebra-el-dia-de-las-madres-en-la-republica-dominicana\/","url":"https:\/\/casadecampoliving.com\/es\/hoy-se-celebra-el-dia-de-las-madres-en-la-republica-dominicana\/","name":"Hoy se celebra el D\u00eda de las Madres en la R\u00e9p\u00fablica Dominicana! | Casa de Campo Living","isPartOf":{"@id":"https:\/\/casadecampoliving.com\/es\/#website"},"primaryImageOfPage":{"@id":"https:\/\/casadecampoliving.com\/es\/hoy-se-celebra-el-dia-de-las-madres-en-la-republica-dominicana\/#primaryimage"},"image":{"@id":"https:\/\/casadecampoliving.com\/es\/hoy-se-celebra-el-dia-de-las-madres-en-la-republica-dominicana\/#primaryimage"},"thumbnailUrl":"https:\/\/i0.wp.com\/casadecampoliving.com\/wp-content\/uploads\/2022\/10\/mothers8-1.jpg?fit=650%2C415&ssl=1","datePublished":"2012-05-27T04:00:00+00:00","dateModified":"2022-10-21T22:47:27+00:00","description":"Cada a\u00f1o, en el \u00faltimo domingo del mes de mayo, la Rep\u00fablica Dominicana celebra a un especial miembro de cada familia; las madres! Y no quisimos dejar","breadcrumb":{"@id":"https:\/\/casadecampoliving.com\/es\/hoy-se-celebra-el-dia-de-las-madres-en-la-republica-dominicana\/#breadcrumb"},"inLanguage":"es","potentialAction":[{"@type":"ReadAction","target":["https:\/\/casadecampoliving.com\/es\/hoy-se-celebra-el-dia-de-las-madres-en-la-republica-dominicana\/"]}]},{"@type":"ImageObject","inLanguage":"es","@id":"https:\/\/casadecampoliving.com\/es\/hoy-se-celebra-el-dia-de-las-madres-en-la-republica-dominicana\/#primaryimage","url":"https:\/\/i0.wp.com\/casadecampoliving.com\/wp-content\/uploads\/2022\/10\/mothers8-1.jpg?fit=650%2C415&ssl=1","contentUrl":"https:\/\/i0.wp.com\/casadecampoliving.com\/wp-content\/uploads\/2022\/10\/mothers8-1.jpg?fit=650%2C415&ssl=1","width":650,"height":415,"caption":"mothers"},{"@type":"BreadcrumbList","@id":"https:\/\/casadecampoliving.com\/es\/hoy-se-celebra-el-dia-de-las-madres-en-la-republica-dominicana\/#breadcrumb","itemListElement":[{"@type":"ListItem","position":1,"name":"Home","item":"https:\/\/casadecampoliving.com\/es\/"},{"@type":"ListItem","position":2,"name":"Hoy se celebra el D\u00eda de las Madres en la R\u00e9p\u00fablica Dominicana!"}]},{"@type":"WebSite","@id":"https:\/\/casadecampoliving.com\/es\/#website","url":"https:\/\/casadecampoliving.com\/es\/","name":"Casa de Campo Living","description":"Resort community news and resources.","publisher":{"@id":"https:\/\/casadecampoliving.com\/es\/#organization"},"potentialAction":[{"@type":"SearchAction","target":{"@type":"EntryPoint","urlTemplate":"https:\/\/casadecampoliving.com\/es\/?s={search_term_string}"},"query-input":{"@type":"PropertyValueSpecification","valueRequired":true,"valueName":"search_term_string"}}],"inLanguage":"es"},{"@type":"Organization","@id":"https:\/\/casadecampoliving.com\/es\/#organization","name":"Casa de Campo Living","url":"https:\/\/casadecampoliving.com\/es\/","logo":{"@type":"ImageObject","inLanguage":"es","@id":"https:\/\/casadecampoliving.com\/es\/#\/schema\/logo\/image\/","url":"https:\/\/i0.wp.com\/casadecampoliving.com\/wp-content\/uploads\/2022\/07\/CDCLivingLogo_V1-white-sized.png?fit=800%2C214&ssl=1","contentUrl":"https:\/\/i0.wp.com\/casadecampoliving.com\/wp-content\/uploads\/2022\/07\/CDCLivingLogo_V1-white-sized.png?fit=800%2C214&ssl=1","width":800,"height":214,"caption":"Casa de Campo Living"},"image":{"@id":"https:\/\/casadecampoliving.com\/es\/#\/schema\/logo\/image\/"},"sameAs":["https:\/\/www.facebook.com\/casadecampoliving","https:\/\/x.com\/cdcliving"]},{"@type":"Person","@id":"https:\/\/casadecampoliving.com\/es\/#\/schema\/person\/7e3b975d584a5f6ac0fd7128a81b0bc5","name":"","image":{"@type":"ImageObject","inLanguage":"es","@id":"https:\/\/secure.gravatar.com\/avatar\/?s=96&d=mm&r=g","url":"https:\/\/secure.gravatar.com\/avatar\/?s=96&d=mm&r=g","contentUrl":"https:\/\/secure.gravatar.com\/avatar\/?s=96&d=mm&r=g"},"url":"https:\/\/casadecampoliving.com\/es\/author\/ \/"}]}},"parsely":{"version":"1.1.0","canonical_url":"https:\/\/casadecampoliving.com\/es\/hoy-se-celebra-el-dia-de-las-madres-en-la-republica-dominicana\/","smart_links":{"inbound":0,"outbound":0},"traffic_boost_suggestions_count":0,"meta":{"@context":"https:\/\/schema.org","@type":"NewsArticle","headline":"Hoy se celebra el D\u00eda de las Madres en la R\u00e9p\u00fablica Dominicana!","url":"http:\/\/casadecampoliving.com\/es\/hoy-se-celebra-el-dia-de-las-madres-en-la-republica-dominicana\/","mainEntityOfPage":{"@type":"WebPage","@id":"http:\/\/casadecampoliving.com\/es\/hoy-se-celebra-el-dia-de-las-madres-en-la-republica-dominicana\/"},"thumbnailUrl":"https:\/\/i0.wp.com\/casadecampoliving.com\/wp-content\/uploads\/2022\/10\/mothers8-1.jpg?resize=150%2C150&ssl=1","image":{"@type":"ImageObject","url":"https:\/\/i0.wp.com\/casadecampoliving.com\/wp-content\/uploads\/2022\/10\/mothers8-1.jpg?fit=650%2C415&ssl=1"},"articleSection":"Destacados","author":[{"@type":"Person","name":"FB_515917546"}],"creator":["FB_515917546"],"publisher":{"@type":"Organization","name":"Casa de Campo Living","logo":"https:\/\/casadecampoliving.com\/wp-content\/uploads\/2022\/07\/CDCLivingLogo_V1-white-sized.png"},"keywords":["dia de las madres","feliz dia de las madres","republica dominicana","resort casa de campo"],"dateCreated":"2012-05-27T04:00:00Z","datePublished":"2012-05-27T04:00:00Z","dateModified":"2022-10-21T22:47:27Z"},"rendered":"<script type=\"application\/ld+json\" class=\"wp-parsely-metadata\">{\"@context\":\"https:\\\/\\\/schema.org\",\"@type\":\"NewsArticle\",\"headline\":\"Hoy se celebra el D\\u00eda de las Madres en la R\\u00e9p\\u00fablica Dominicana!\",\"url\":\"http:\\\/\\\/casadecampoliving.com\\\/es\\\/hoy-se-celebra-el-dia-de-las-madres-en-la-republica-dominicana\\\/\",\"mainEntityOfPage\":{\"@type\":\"WebPage\",\"@id\":\"http:\\\/\\\/casadecampoliving.com\\\/es\\\/hoy-se-celebra-el-dia-de-las-madres-en-la-republica-dominicana\\\/\"},\"thumbnailUrl\":\"https:\\\/\\\/i0.wp.com\\\/casadecampoliving.com\\\/wp-content\\\/uploads\\\/2022\\\/10\\\/mothers8-1.jpg?resize=150%2C150&ssl=1\",\"image\":{\"@type\":\"ImageObject\",\"url\":\"https:\\\/\\\/i0.wp.com\\\/casadecampoliving.com\\\/wp-content\\\/uploads\\\/2022\\\/10\\\/mothers8-1.jpg?fit=650%2C415&ssl=1\"},\"articleSection\":\"Destacados\",\"author\":[{\"@type\":\"Person\",\"name\":\"FB_515917546\"}],\"creator\":[\"FB_515917546\"],\"publisher\":{\"@type\":\"Organization\",\"name\":\"Casa de Campo Living\",\"logo\":\"https:\\\/\\\/casadecampoliving.com\\\/wp-content\\\/uploads\\\/2022\\\/07\\\/CDCLivingLogo_V1-white-sized.png\"},\"keywords\":[\"dia de las madres\",\"feliz dia de las madres\",\"republica dominicana\",\"resort casa de campo\"],\"dateCreated\":\"2012-05-27T04:00:00Z\",\"datePublished\":\"2012-05-27T04:00:00Z\",\"dateModified\":\"2022-10-21T22:47:27Z\"}<\/script>","tracker_url":"https:\/\/cdn.parsely.com\/keys\/casadecampoliving.com\/p.js"},"jetpack_publicize_connections":[],"jetpack_featured_media_url":"https:\/\/i0.wp.com\/casadecampoliving.com\/wp-content\/uploads\/2022\/10\/mothers8-1.jpg?fit=650%2C415&ssl=1","jetpack-related-posts":[{"id":433460,"url":"https:\/\/casadecampoliving.com\/es\/no-se-pierdan-el-increible-tributo-a-frank-sinatra-para-celebrar-el-40-aniversario-del-anfiteatro-altos-de-chavon\/","url_meta":{"origin":339083,"position":0},"title":"No se pierdan el incre\u00edble tributo a Frank Sinatra para celebrar el 40 aniversario del\u00a0Anfiteatro Altos de Chav\u00f3n","author":"Casa de Campo Living","date":"20 Oct, 2022","format":false,"excerpt":"Siendo uno de los escenarios m\u00e1s emblem\u00e1ticos del pa\u00eds, Casa de Campo Resort\u00ae & Villas celebra las cuatro d\u00e9cadas de aniversario de Altos de Chav\u00f3n con un tributo al gran Frank Sinatra, protagonizado por artistas invitados y una big band tal cual la que acompa\u00f1\u00f3 al artista hace 40 a\u00f1os\u2026","rel":"","context":"En \u00abUncategorized @es\u00bb","block_context":{"text":"Uncategorized @es","link":"https:\/\/casadecampoliving.com\/es\/category\/uncategorized-es\/"},"img":{"alt_text":"","src":"https:\/\/i0.wp.com\/casadecampoliving.com\/wp-content\/uploads\/2022\/10\/Tributo-Frank-Sinatra-Foto-Principal-Amaury-Sanchez-Danilo-Ginebra-Andres-Pichardo-y-Jose-Gabriel-Perez-.jpg?fit=1200%2C873&ssl=1&resize=350%2C200","width":350,"height":200,"srcset":"https:\/\/i0.wp.com\/casadecampoliving.com\/wp-content\/uploads\/2022\/10\/Tributo-Frank-Sinatra-Foto-Principal-Amaury-Sanchez-Danilo-Ginebra-Andres-Pichardo-y-Jose-Gabriel-Perez-.jpg?fit=1200%2C873&ssl=1&resize=350%2C200 1x, https:\/\/i0.wp.com\/casadecampoliving.com\/wp-content\/uploads\/2022\/10\/Tributo-Frank-Sinatra-Foto-Principal-Amaury-Sanchez-Danilo-Ginebra-Andres-Pichardo-y-Jose-Gabriel-Perez-.jpg?fit=1200%2C873&ssl=1&resize=525%2C300 1.5x, https:\/\/i0.wp.com\/casadecampoliving.com\/wp-content\/uploads\/2022\/10\/Tributo-Frank-Sinatra-Foto-Principal-Amaury-Sanchez-Danilo-Ginebra-Andres-Pichardo-y-Jose-Gabriel-Perez-.jpg?fit=1200%2C873&ssl=1&resize=700%2C400 2x, https:\/\/i0.wp.com\/casadecampoliving.com\/wp-content\/uploads\/2022\/10\/Tributo-Frank-Sinatra-Foto-Principal-Amaury-Sanchez-Danilo-Ginebra-Andres-Pichardo-y-Jose-Gabriel-Perez-.jpg?fit=1200%2C873&ssl=1&resize=1050%2C600 3x"},"classes":[]},{"id":337943,"url":"https:\/\/casadecampoliving.com\/es\/dias-feriados-de-la-republica-dominicana-y-la-fascinante-historia-detras\/","url_meta":{"origin":339083,"position":1},"title":"D\u00edas Feriados de la Rep\u00fablica Dominicana y la fascinante historia detr\u00e1s!","author":"","date":"12 Ene, 2012","format":false,"excerpt":"La Rep\u00fablica Dominicana, cada a\u00f1o, a principios de enero, se convierte en una excusa fabulosa para actuar como un calendario y libro extraordinario de fechas de momentos, vivencias, luchas, guerras y protagonistas responsables de guiar nuestro pa\u00eds hacia una naci\u00f3n\u00a0libre, democr\u00e1tica y soberana. Acomp\u00e1\u00f1enos en este recorrido de la historia\u2026","rel":"","context":"En \u00abArte y cultura\u00bb","block_context":{"text":"Arte y cultura","link":"https:\/\/casadecampoliving.com\/category\/arte-y-cultura\/"},"img":{"alt_text":"independencia republica dominicana","src":"https:\/\/i0.wp.com\/casadecampoliving.com\/wp-content\/uploads\/2022\/10\/independencia_republica_dominicana-1.jpg?fit=650%2C374&ssl=1&resize=350%2C200","width":350,"height":200,"srcset":"https:\/\/i0.wp.com\/casadecampoliving.com\/wp-content\/uploads\/2022\/10\/independencia_republica_dominicana-1.jpg?fit=650%2C374&ssl=1&resize=350%2C200 1x, https:\/\/i0.wp.com\/casadecampoliving.com\/wp-content\/uploads\/2022\/10\/independencia_republica_dominicana-1.jpg?fit=650%2C374&ssl=1&resize=525%2C300 1.5x"},"classes":[]},{"id":346417,"url":"https:\/\/casadecampoliving.com\/es\/fiestas-nacionales-dominicanas-en-2015\/","url_meta":{"origin":339083,"position":2},"title":"Fiestas Nacionales Dominicanas en 2015","author":"Rebecca Hughes","date":"31 Dic, 2014","format":false,"excerpt":"\u00a1El comienzo de un nuevo a\u00f1o trae un nuevo calendario de actividades y fascinantes d\u00edas festivos dominicanos! Para aquellos de ustedes que viven en la Rep\u00fablica Dominicana (y no son dominicanos), las Fiestas Nacionales Dominicanas todav\u00eda puede ser un misterio para usted, as\u00ed que aqu\u00ed le traemos un calendario completo\u00a0de\u2026","rel":"","context":"En \u00abArte y cultura\u00bb","block_context":{"text":"Arte y cultura","link":"https:\/\/casadecampoliving.com\/category\/arte-y-cultura\/"},"img":{"alt_text":"Dominican flag","src":"https:\/\/i0.wp.com\/casadecampoliving.com\/wp-content\/uploads\/2022\/10\/Dominican_flag.jpg?fit=650%2C434&ssl=1&resize=350%2C200","width":350,"height":200,"srcset":"https:\/\/i0.wp.com\/casadecampoliving.com\/wp-content\/uploads\/2022\/10\/Dominican_flag.jpg?fit=650%2C434&ssl=1&resize=350%2C200 1x, https:\/\/i0.wp.com\/casadecampoliving.com\/wp-content\/uploads\/2022\/10\/Dominican_flag.jpg?fit=650%2C434&ssl=1&resize=525%2C300 1.5x"},"classes":[]},{"id":340508,"url":"https:\/\/casadecampoliving.com\/es\/conozca-los-proximos-dias-feriados-de-la-republica-dominicana-en-este-2013\/","url_meta":{"origin":339083,"position":3},"title":"\u00a1Conozca los pr\u00f3ximos d\u00edas feriados de la Rep\u00fablica Dominicana en este 2013!","author":"","date":"23 Ene, 2013","format":false,"excerpt":"La Rep\u00fablica Dominicana, cada a\u00f1o, a principios de enero, se convierte en una excusa fabulosa para actuar como un calendario y libro extraordinario de fechas de momentos, vivencias, luchas, guerras y protagonistas responsables de guiar nuestro pa\u00eds hacia una naci\u00f3n libre, democr\u00e1tica y soberana. Acomp\u00e1\u00f1enos en este recorrido de la\u2026","rel":"","context":"En \u00abArte y cultura\u00bb","block_context":{"text":"Arte y cultura","link":"https:\/\/casadecampoliving.com\/category\/arte-y-cultura\/"},"img":{"alt_text":"Dominican Holidays","src":"https:\/\/i0.wp.com\/casadecampoliving.com\/wp-content\/uploads\/2022\/10\/dominican_holidays-1.jpg?fit=650%2C452&ssl=1&resize=350%2C200","width":350,"height":200,"srcset":"https:\/\/i0.wp.com\/casadecampoliving.com\/wp-content\/uploads\/2022\/10\/dominican_holidays-1.jpg?fit=650%2C452&ssl=1&resize=350%2C200 1x, https:\/\/i0.wp.com\/casadecampoliving.com\/wp-content\/uploads\/2022\/10\/dominican_holidays-1.jpg?fit=650%2C452&ssl=1&resize=525%2C300 1.5x"},"classes":[]},{"id":351502,"url":"https:\/\/casadecampoliving.com\/es\/multiplaza-la-romana-te-trae-un-mes-lleno-de-sorpresas-por-el-dia-de-las-madres\/","url_meta":{"origin":339083,"position":4},"title":"\u00a1Multiplaza La Romana te trae un mes lleno de sorpresas por el D\u00eda de las Madres!","author":"Marlenys Guzm\u00e1n Casta\u00f1os","date":"17 May, 2017","format":false,"excerpt":"El D\u00eda de las Madres en la Rep\u00fablica Dominicana se celebra el \u00faltimo domingo de mayo, siendo este a\u00f1o el domingo 28. Normalmente, las familias toman el d\u00eda para pasar tiempo de calidad con ese ser especial que nos dio la vida, pero \u00bfpor qu\u00e9 hacerlo s\u00f3lo un d\u00eda? \u00bfY\u2026","rel":"","context":"En \u00abEventos\u00bb","block_context":{"text":"Eventos","link":"https:\/\/casadecampoliving.com\/es\/category\/eventos-es\/"},"img":{"alt_text":"","src":"https:\/\/i0.wp.com\/casadecampoliving.com\/wp-content\/uploads\/2022\/10\/shutterstock_622848725-e1494965544850.jpg?fit=1000%2C687&ssl=1&resize=350%2C200","width":350,"height":200,"srcset":"https:\/\/i0.wp.com\/casadecampoliving.com\/wp-content\/uploads\/2022\/10\/shutterstock_622848725-e1494965544850.jpg?fit=1000%2C687&ssl=1&resize=350%2C200 1x, https:\/\/i0.wp.com\/casadecampoliving.com\/wp-content\/uploads\/2022\/10\/shutterstock_622848725-e1494965544850.jpg?fit=1000%2C687&ssl=1&resize=525%2C300 1.5x, https:\/\/i0.wp.com\/casadecampoliving.com\/wp-content\/uploads\/2022\/10\/shutterstock_622848725-e1494965544850.jpg?fit=1000%2C687&ssl=1&resize=700%2C400 2x"},"classes":[]},{"id":343198,"url":"https:\/\/casadecampoliving.com\/es\/conozca-los-proximos-dias-feriados-de-la-republica-dominicana-en-este-2013-2\/","url_meta":{"origin":339083,"position":5},"title":"D\u00eda de la Constituci\u00f3n Dominicana; motivo de este fin de semana largo","author":"Lenny Castillo","date":"3 Nov, 2013","format":false,"excerpt":"El 6 de noviembre de cada a\u00f1o la Rep\u00fablica Dominicana celebra el \u201cD\u00eda de la Constituci\u00f3n. Este a\u00f1o, el d\u00eda de cierre para este d\u00eda de fiesta nacional, se traslada al lunes 4 de noviembre \u2013 para que todos podamos disfrutar de un buen fin de semana de celebraciones. El\u2026","rel":"","context":"En \u00abDestacados\u00bb","block_context":{"text":"Destacados","link":"https:\/\/casadecampoliving.com\/es\/category\/destacados\/"},"img":{"alt_text":"independencia republica dominicana","src":"https:\/\/i0.wp.com\/casadecampoliving.com\/wp-content\/uploads\/2022\/10\/independencia_republica_dominicana-1.jpg?fit=650%2C374&ssl=1&resize=350%2C200","width":350,"height":200,"srcset":"https:\/\/i0.wp.com\/casadecampoliving.com\/wp-content\/uploads\/2022\/10\/independencia_republica_dominicana-1.jpg?fit=650%2C374&ssl=1&resize=350%2C200 1x, https:\/\/i0.wp.com\/casadecampoliving.com\/wp-content\/uploads\/2022\/10\/independencia_republica_dominicana-1.jpg?fit=650%2C374&ssl=1&resize=525%2C300 1.5x"},"classes":[]}],"jetpack_sharing_enabled":true,"_links":{"self":[{"href":"https:\/\/casadecampoliving.com\/es\/wp-json\/wp\/v2\/posts\/339083","targetHints":{"allow":["GET"]}}],"collection":[{"href":"https:\/\/casadecampoliving.com\/es\/wp-json\/wp\/v2\/posts"}],"about":[{"href":"https:\/\/casadecampoliving.com\/es\/wp-json\/wp\/v2\/types\/post"}],"author":[{"embeddable":true,"href":"https:\/\/casadecampoliving.com\/es\/wp-json\/wp\/v2\/users\/21"}],"replies":[{"embeddable":true,"href":"https:\/\/casadecampoliving.com\/es\/wp-json\/wp\/v2\/comments?post=339083"}],"version-history":[{"count":1,"href":"https:\/\/casadecampoliving.com\/es\/wp-json\/wp\/v2\/posts\/339083\/revisions"}],"predecessor-version":[{"id":339084,"href":"https:\/\/casadecampoliving.com\/es\/wp-json\/wp\/v2\/posts\/339083\/revisions\/339084"}],"wp:featuredmedia":[{"embeddable":true,"href":"https:\/\/casadecampoliving.com\/es\/wp-json\/wp\/v2\/media\/238026"}],"wp:attachment":[{"href":"https:\/\/casadecampoliving.com\/es\/wp-json\/wp\/v2\/media?parent=339083"}],"wp:term":[{"taxonomy":"category","embeddable":true,"href":"https:\/\/casadecampoliving.com\/es\/wp-json\/wp\/v2\/categories?post=339083"},{"taxonomy":"post_tag","embeddable":true,"href":"https:\/\/casadecampoliving.com\/es\/wp-json\/wp\/v2\/tags?post=339083"},{"taxonomy":"newspack_spnsrs_tax","embeddable":true,"href":"https:\/\/casadecampoliving.com\/es\/wp-json\/wp\/v2\/newspack_spnsrs_tax?post=339083"}],"curies":[{"name":"wp","href":"https:\/\/api.w.org\/{rel}","templated":true}]}}