{"id":339073,"date":"2012-05-31T00:00:00","date_gmt":"2012-05-31T04:00:00","guid":{"rendered":"https:\/\/casadecampoliving.com\/la-playa-dominicus-celebra-ocho-anos-como-una-playa-eu-blue-flag\/"},"modified":"2022-10-21T18:46:42","modified_gmt":"2022-10-21T22:46:42","slug":"la-playa-dominicus-celebra-ocho-anos-como-una-playa-eu-blue-flag","status":"publish","type":"post","link":"https:\/\/casadecampoliving.com\/es\/la-playa-dominicus-celebra-ocho-anos-como-una-playa-eu-blue-flag\/","title":{"rendered":"La playa Dominicus celebra ocho a\u00f1os como una playa \u00abEU Blue Flag\u00bb"},"content":{"rendered":"<div class=\"wp-block-image\">\n<figure class=\"aligncenter is-resized\"><img loading=\"lazy\" decoding=\"async\" src=\"https:\/\/i0.wp.com\/casadecampoliving.com\/wp-content\/uploads\/2022\/10\/Casa-de-Campo-Living-Dominicus-beach.jpg?resize=575%2C327&amp;ssl=1\" alt=\"Casa de Campo Living Dominicus beach\" class=\"wp-image-14095\" title=\"Casa de Campo Living Dominicus beach\" height=\"327\" width=\"575\"\/><\/figure>\n<\/div>\n\n\n<p class=\"has-text-align-left\"><strong><\/strong>Sab\u00eda usted que la popular playa de Dominicus es oficialmente considerada como una playa \u201cEU Blue Flag\u201d? Tras mantener los altos est\u00e1ndares de calidad por los \u00faltimos ocho a\u00f1os, la Asociaci\u00f3n La Romana \u2013 Bayahibe fue reconocida recientemente&nbsp;por este logro.&nbsp;<\/p>\n\n\n\n<!--more-->\n\n\n\n<!--more-->\n\n\n\n<p class=\"has-text-align-left\">Playa Dominicus, conocida oficialmente como \u201cLa Laguna Dominicus\u201d en el sitio Web EU Blue Flag, ha merecido el estatus de una playa \u201cEU Blue Flag\u201d, debido a los est\u00e1ndares alcanzados, basados en 32 criterios que cubren cuatro categor\u00edas; &nbsp;Educaci\u00f3n e Informaci\u00f3n Ambiental, Calidad de Agua, Mantenimiento del Medioambiente, al igual que la de Seguridad y Servicios. Y es que, luego de haber recibido este reconocimiento por primera vez en el a\u00f1o 2004, estos est\u00e1ndares se han mantenido estrictamente durante los \u00faltimos 8 a\u00f1os.<\/p>\n\n\n\n<p class=\"has-text-align-left\">Este nuevo reconocimiento a la labor realizada por ocho a\u00f1os, sumado al ejemplo que representan para otras playas de la zona de La Romana \u2013 Bayahibe y el resto del territorio nacional (que tiene s\u00f3lo 14 playas Blue Flag en total), fue otorgado a Ana Garc\u00eda, directora ejecutiva de la Asociaci\u00f3n de Hoteles La Romana \u2013 Bayahibe, de la mano de Irene Horejs, Embajadora de la delegaci\u00f3n de la Uni\u00f3n Europea en la Rep\u00fablica Dominicana.<\/p>\n\n\n<div class=\"wp-block-image\">\n<figure class=\"aligncenter is-resized\"><img loading=\"lazy\" decoding=\"async\" src=\"https:\/\/i0.wp.com\/casadecampoliving.com\/wp-content\/uploads\/2022\/10\/Casa-de-Campo-Living-Los-Lagos-Dominicus-Beach-restaurant.jpg?resize=575%2C265&amp;ssl=1\" alt=\"\" class=\"wp-image-14094\" title=\"Casa de Campo Living Los Lagos Dominicus Beach restaurant\" height=\"265\" width=\"575\"\/><\/figure>\n<\/div>\n\n\n<p class=\"has-text-align-center\"><strong>El restaurante de la playa Dominicus<\/strong><br>\n<\/p>\n\n\n\n<p class=\"has-text-align-left\">Durante la ceremonia de premiaci\u00f3n, Ana Garc\u00eda agradeci\u00f3 el apoyo de los hoteles cercanos a la playa Dominicus, quienes han contribuido grandemente a mantener los est\u00e1ndares de calidad y limpieza de esta popular playa.<\/p>\n\n\n\n<blockquote class=\"wp-block-quote is-layout-flow wp-block-quote-is-layout-flow\"><p style=\"text-align: left;\"><strong>Sobre la playa Dominicus<\/strong><\/p><p style=\"text-align: left;\">Dominicus est\u00e1 ubicada a aproximadamente 30 minutos de Casa de Campo y el pueblo de La Romana. Como una de las pocas playas del \u00e1rea (con la excepci\u00f3n de la playa privada de Casa de Campo, Minitas), es una de las m\u00e1s populares, especialmente en los fines de semana.<\/p><p style=\"text-align: left;\">La secci\u00f3n p\u00fablica de esta playa es relativamente peque\u00f1a, de algunos 200 metros de largo, pero no menos bella, pues esta belleza radica en la arena blanca y aguas cristalinas. En el lugar encontrar\u00e1 varios puestos de ventas con art\u00edculos hechos en la Rep\u00fablica Dominicana, un restaurante sencillo y disponibilidad para rentar chaise lounge.<\/p><p style=\"text-align: left;\">La playa tecnicamente pertenece a los hoteles y resorts ubicados en el \u00e1rea. No obstante, cualquier persona o visitantes de otros hoteles pueden caminar por la costa.<\/p><p style=\"text-align: left;\">El ba\u00f1o p\u00fablico podr\u00e1 ser hallado en el restaurante ubicado en el \u00e1rea p\u00fablica de esta playa.<\/p><\/blockquote>\n","protected":false},"excerpt":{"rendered":"<p>Sab\u00eda usted que la popular playa de Dominicus es oficialmente considerada como una playa \u201cEU Blue Flag\u201d? Tras mantener los altos est\u00e1ndares de calidad por los \u00faltimos ocho a\u00f1os, la Asociaci\u00f3n La Romana \u2013 Bayahibe fue reconocida recientemente&nbsp;por este logro.&nbsp;<\/p>\n","protected":false},"author":21,"featured_media":218081,"comment_status":"closed","ping_status":"closed","sticky":false,"template":"","format":"standard","meta":{"newspack_ads_suppress_ads":false,"newspack_popups_has_disabled_popups":false,"newspack_sponsor_sponsorship_scope":"","newspack_sponsor_native_byline_display":"inherit","newspack_sponsor_native_category_display":"inherit","newspack_sponsor_underwriter_style":"inherit","newspack_sponsor_underwriter_placement":"inherit","_newspack_byline_active":false,"_newspack_byline":"","newspack_content_restriction_is_exempt":false,"newspack_featured_image_position":"","newspack_post_subtitle":"","newspack_article_summary_title":"Overview:","newspack_article_summary":"","newspack_hide_updated_date":false,"newspack_show_updated_date":false,"_jetpack_memberships_contains_paid_content":false,"footnotes":"","jetpack_publicize_message":"","jetpack_publicize_feature_enabled":true,"jetpack_social_post_already_shared":false,"jetpack_social_options":{"image_generator_settings":{"template":"highway","default_image_id":0,"font":"","enabled":false},"version":2},"_wpas_customize_per_network":false},"categories":[14631,2507,2506,14625,2521],"tags":[4474,4377,1024,931],"newspack_spnsrs_tax":[],"class_list":["post-339073","post","type-post","status-publish","format-standard","has-post-thumbnail","hentry","category-estilo-de-vida","category-la-romana-es","category-mas-alla-de-casa-es","category-noticias-locales","category-republica-dominicana-2","tag-ana-garcia","tag-asociacion-de-hoteles-la-romana-bayahibe","tag-dominicus","tag-la-romana-bayahibe","entry"],"yoast_head":"<!-- This site is optimized with the Yoast SEO plugin v27.3 - https:\/\/yoast.com\/product\/yoast-seo-wordpress\/ -->\n<title>La playa Dominicus celebra ocho a\u00f1os como una playa &quot;EU Blue Flag&quot; | Casa de Campo Living<\/title>\n<meta name=\"description\" content=\"Sab\u00eda usted que la popular playa de Dominicus es oficialmente considerada como una playa \u201cEU Blue Flag\u201d? Tras mantener los altos est\u00e1ndares de calidad por\" \/>\n<meta name=\"robots\" content=\"index, follow, max-snippet:-1, max-image-preview:large, max-video-preview:-1\" \/>\n<link rel=\"canonical\" href=\"https:\/\/casadecampoliving.com\/es\/la-playa-dominicus-celebra-ocho-anos-como-una-playa-eu-blue-flag\/\" \/>\n<meta property=\"og:locale\" content=\"es_ES\" \/>\n<meta property=\"og:type\" content=\"article\" \/>\n<meta property=\"og:title\" content=\"La playa Dominicus celebra ocho a\u00f1os como una playa &quot;EU Blue Flag&quot; | Casa de Campo Living\" \/>\n<meta property=\"og:description\" content=\"Sab\u00eda usted que la popular playa de Dominicus es oficialmente considerada como una playa \u201cEU Blue Flag\u201d? Tras mantener los altos est\u00e1ndares de calidad por\" \/>\n<meta property=\"og:url\" content=\"https:\/\/casadecampoliving.com\/es\/la-playa-dominicus-celebra-ocho-anos-como-una-playa-eu-blue-flag\/\" \/>\n<meta property=\"og:site_name\" content=\"Casa de Campo Living\" \/>\n<meta property=\"article:publisher\" content=\"https:\/\/www.facebook.com\/casadecampoliving\" \/>\n<meta property=\"article:published_time\" content=\"2012-05-31T04:00:00+00:00\" \/>\n<meta property=\"article:modified_time\" content=\"2022-10-21T22:46:42+00:00\" \/>\n<meta property=\"og:image\" content=\"https:\/\/i0.wp.com\/casadecampoliving.com\/wp-content\/uploads\/2022\/10\/Casa-de-Campo-Living-Dominicus-beach-1.jpg?fit=575%2C327&ssl=1\" \/>\n\t<meta property=\"og:image:width\" content=\"575\" \/>\n\t<meta property=\"og:image:height\" content=\"327\" \/>\n\t<meta property=\"og:image:type\" content=\"image\/jpeg\" \/>\n<meta name=\"twitter:card\" content=\"summary_large_image\" \/>\n<meta name=\"twitter:creator\" content=\"@cdcliving\" \/>\n<meta name=\"twitter:site\" content=\"@cdcliving\" \/>\n<meta name=\"twitter:label1\" content=\"Escrito por\" \/>\n\t<meta name=\"twitter:data1\" content=\"\" \/>\n\t<meta name=\"twitter:label2\" content=\"Tiempo de lectura\" \/>\n\t<meta name=\"twitter:data2\" content=\"2 minutos\" \/>\n<script type=\"application\/ld+json\" class=\"yoast-schema-graph\">{\"@context\":\"https:\\\/\\\/schema.org\",\"@graph\":[{\"@type\":\"Article\",\"@id\":\"https:\\\/\\\/casadecampoliving.com\\\/es\\\/la-playa-dominicus-celebra-ocho-anos-como-una-playa-eu-blue-flag\\\/#article\",\"isPartOf\":{\"@id\":\"https:\\\/\\\/casadecampoliving.com\\\/es\\\/la-playa-dominicus-celebra-ocho-anos-como-una-playa-eu-blue-flag\\\/\"},\"author\":{\"name\":\"\",\"@id\":\"https:\\\/\\\/casadecampoliving.com\\\/es\\\/#\\\/schema\\\/person\\\/7e3b975d584a5f6ac0fd7128a81b0bc5\"},\"headline\":\"La playa Dominicus celebra ocho a\u00f1os como una playa \u00abEU Blue Flag\u00bb\",\"datePublished\":\"2012-05-31T04:00:00+00:00\",\"dateModified\":\"2022-10-21T22:46:42+00:00\",\"mainEntityOfPage\":{\"@id\":\"https:\\\/\\\/casadecampoliving.com\\\/es\\\/la-playa-dominicus-celebra-ocho-anos-como-una-playa-eu-blue-flag\\\/\"},\"wordCount\":428,\"publisher\":{\"@id\":\"https:\\\/\\\/casadecampoliving.com\\\/es\\\/#organization\"},\"image\":{\"@id\":\"https:\\\/\\\/casadecampoliving.com\\\/es\\\/la-playa-dominicus-celebra-ocho-anos-como-una-playa-eu-blue-flag\\\/#primaryimage\"},\"thumbnailUrl\":\"https:\\\/\\\/i0.wp.com\\\/casadecampoliving.com\\\/wp-content\\\/uploads\\\/2022\\\/10\\\/Casa-de-Campo-Living-Dominicus-beach-1.jpg?fit=575%2C327&ssl=1\",\"keywords\":[\"ana garcia\",\"asociacion de hoteles la romana bayahibe\",\"dominicus\",\"la romana-bayahibe\"],\"articleSection\":[\"Estilo de Vida\",\"La Romana @es\",\"M\u00e1s all\u00e1 de Casa\",\"Noticias Locales\",\"Rep\u00fablica Dominicana @es\"],\"inLanguage\":\"es\"},{\"@type\":\"WebPage\",\"@id\":\"https:\\\/\\\/casadecampoliving.com\\\/es\\\/la-playa-dominicus-celebra-ocho-anos-como-una-playa-eu-blue-flag\\\/\",\"url\":\"https:\\\/\\\/casadecampoliving.com\\\/es\\\/la-playa-dominicus-celebra-ocho-anos-como-una-playa-eu-blue-flag\\\/\",\"name\":\"La playa Dominicus celebra ocho a\u00f1os como una playa \\\"EU Blue Flag\\\" | Casa de Campo Living\",\"isPartOf\":{\"@id\":\"https:\\\/\\\/casadecampoliving.com\\\/es\\\/#website\"},\"primaryImageOfPage\":{\"@id\":\"https:\\\/\\\/casadecampoliving.com\\\/es\\\/la-playa-dominicus-celebra-ocho-anos-como-una-playa-eu-blue-flag\\\/#primaryimage\"},\"image\":{\"@id\":\"https:\\\/\\\/casadecampoliving.com\\\/es\\\/la-playa-dominicus-celebra-ocho-anos-como-una-playa-eu-blue-flag\\\/#primaryimage\"},\"thumbnailUrl\":\"https:\\\/\\\/i0.wp.com\\\/casadecampoliving.com\\\/wp-content\\\/uploads\\\/2022\\\/10\\\/Casa-de-Campo-Living-Dominicus-beach-1.jpg?fit=575%2C327&ssl=1\",\"datePublished\":\"2012-05-31T04:00:00+00:00\",\"dateModified\":\"2022-10-21T22:46:42+00:00\",\"description\":\"Sab\u00eda usted que la popular playa de Dominicus es oficialmente considerada como una playa \u201cEU Blue Flag\u201d? Tras mantener los altos est\u00e1ndares de calidad por\",\"breadcrumb\":{\"@id\":\"https:\\\/\\\/casadecampoliving.com\\\/es\\\/la-playa-dominicus-celebra-ocho-anos-como-una-playa-eu-blue-flag\\\/#breadcrumb\"},\"inLanguage\":\"es\",\"potentialAction\":[{\"@type\":\"ReadAction\",\"target\":[\"https:\\\/\\\/casadecampoliving.com\\\/es\\\/la-playa-dominicus-celebra-ocho-anos-como-una-playa-eu-blue-flag\\\/\"]}]},{\"@type\":\"ImageObject\",\"inLanguage\":\"es\",\"@id\":\"https:\\\/\\\/casadecampoliving.com\\\/es\\\/la-playa-dominicus-celebra-ocho-anos-como-una-playa-eu-blue-flag\\\/#primaryimage\",\"url\":\"https:\\\/\\\/i0.wp.com\\\/casadecampoliving.com\\\/wp-content\\\/uploads\\\/2022\\\/10\\\/Casa-de-Campo-Living-Dominicus-beach-1.jpg?fit=575%2C327&ssl=1\",\"contentUrl\":\"https:\\\/\\\/i0.wp.com\\\/casadecampoliving.com\\\/wp-content\\\/uploads\\\/2022\\\/10\\\/Casa-de-Campo-Living-Dominicus-beach-1.jpg?fit=575%2C327&ssl=1\",\"width\":575,\"height\":327},{\"@type\":\"BreadcrumbList\",\"@id\":\"https:\\\/\\\/casadecampoliving.com\\\/es\\\/la-playa-dominicus-celebra-ocho-anos-como-una-playa-eu-blue-flag\\\/#breadcrumb\",\"itemListElement\":[{\"@type\":\"ListItem\",\"position\":1,\"name\":\"Home\",\"item\":\"https:\\\/\\\/casadecampoliving.com\\\/es\\\/\"},{\"@type\":\"ListItem\",\"position\":2,\"name\":\"La playa Dominicus celebra ocho a\u00f1os como una playa &#8220;EU Blue Flag&#8221;\"}]},{\"@type\":\"WebSite\",\"@id\":\"https:\\\/\\\/casadecampoliving.com\\\/es\\\/#website\",\"url\":\"https:\\\/\\\/casadecampoliving.com\\\/es\\\/\",\"name\":\"Casa de Campo Living\",\"description\":\"Resort community news and resources.\",\"publisher\":{\"@id\":\"https:\\\/\\\/casadecampoliving.com\\\/es\\\/#organization\"},\"potentialAction\":[{\"@type\":\"SearchAction\",\"target\":{\"@type\":\"EntryPoint\",\"urlTemplate\":\"https:\\\/\\\/casadecampoliving.com\\\/es\\\/?s={search_term_string}\"},\"query-input\":{\"@type\":\"PropertyValueSpecification\",\"valueRequired\":true,\"valueName\":\"search_term_string\"}}],\"inLanguage\":\"es\"},{\"@type\":\"Organization\",\"@id\":\"https:\\\/\\\/casadecampoliving.com\\\/es\\\/#organization\",\"name\":\"Casa de Campo Living\",\"url\":\"https:\\\/\\\/casadecampoliving.com\\\/es\\\/\",\"logo\":{\"@type\":\"ImageObject\",\"inLanguage\":\"es\",\"@id\":\"https:\\\/\\\/casadecampoliving.com\\\/es\\\/#\\\/schema\\\/logo\\\/image\\\/\",\"url\":\"https:\\\/\\\/i0.wp.com\\\/casadecampoliving.com\\\/wp-content\\\/uploads\\\/2022\\\/07\\\/CDCLivingLogo_V1-white-sized.png?fit=800%2C214&ssl=1\",\"contentUrl\":\"https:\\\/\\\/i0.wp.com\\\/casadecampoliving.com\\\/wp-content\\\/uploads\\\/2022\\\/07\\\/CDCLivingLogo_V1-white-sized.png?fit=800%2C214&ssl=1\",\"width\":800,\"height\":214,\"caption\":\"Casa de Campo Living\"},\"image\":{\"@id\":\"https:\\\/\\\/casadecampoliving.com\\\/es\\\/#\\\/schema\\\/logo\\\/image\\\/\"},\"sameAs\":[\"https:\\\/\\\/www.facebook.com\\\/casadecampoliving\",\"https:\\\/\\\/x.com\\\/cdcliving\"]},{\"@type\":\"Person\",\"@id\":\"https:\\\/\\\/casadecampoliving.com\\\/es\\\/#\\\/schema\\\/person\\\/7e3b975d584a5f6ac0fd7128a81b0bc5\",\"name\":\"\",\"image\":{\"@type\":\"ImageObject\",\"inLanguage\":\"es\",\"@id\":\"https:\\\/\\\/secure.gravatar.com\\\/avatar\\\/?s=96&d=mm&r=g\",\"url\":\"https:\\\/\\\/secure.gravatar.com\\\/avatar\\\/?s=96&d=mm&r=g\",\"contentUrl\":\"https:\\\/\\\/secure.gravatar.com\\\/avatar\\\/?s=96&d=mm&r=g\"},\"url\":\"https:\\\/\\\/casadecampoliving.com\\\/es\\\/author\\\/ \\\/\"}]}<\/script>\n<!-- \/ Yoast SEO plugin. -->","yoast_head_json":{"title":"La playa Dominicus celebra ocho a\u00f1os como una playa \"EU Blue Flag\" | Casa de Campo Living","description":"Sab\u00eda usted que la popular playa de Dominicus es oficialmente considerada como una playa \u201cEU Blue Flag\u201d? Tras mantener los altos est\u00e1ndares de calidad por","robots":{"index":"index","follow":"follow","max-snippet":"max-snippet:-1","max-image-preview":"max-image-preview:large","max-video-preview":"max-video-preview:-1"},"canonical":"https:\/\/casadecampoliving.com\/es\/la-playa-dominicus-celebra-ocho-anos-como-una-playa-eu-blue-flag\/","og_locale":"es_ES","og_type":"article","og_title":"La playa Dominicus celebra ocho a\u00f1os como una playa \"EU Blue Flag\" | Casa de Campo Living","og_description":"Sab\u00eda usted que la popular playa de Dominicus es oficialmente considerada como una playa \u201cEU Blue Flag\u201d? Tras mantener los altos est\u00e1ndares de calidad por","og_url":"https:\/\/casadecampoliving.com\/es\/la-playa-dominicus-celebra-ocho-anos-como-una-playa-eu-blue-flag\/","og_site_name":"Casa de Campo Living","article_publisher":"https:\/\/www.facebook.com\/casadecampoliving","article_published_time":"2012-05-31T04:00:00+00:00","article_modified_time":"2022-10-21T22:46:42+00:00","og_image":[{"width":575,"height":327,"url":"https:\/\/i0.wp.com\/casadecampoliving.com\/wp-content\/uploads\/2022\/10\/Casa-de-Campo-Living-Dominicus-beach-1.jpg?fit=575%2C327&ssl=1","type":"image\/jpeg"}],"twitter_card":"summary_large_image","twitter_creator":"@cdcliving","twitter_site":"@cdcliving","twitter_misc":{"Escrito por":"","Tiempo de lectura":"2 minutos"},"schema":{"@context":"https:\/\/schema.org","@graph":[{"@type":"Article","@id":"https:\/\/casadecampoliving.com\/es\/la-playa-dominicus-celebra-ocho-anos-como-una-playa-eu-blue-flag\/#article","isPartOf":{"@id":"https:\/\/casadecampoliving.com\/es\/la-playa-dominicus-celebra-ocho-anos-como-una-playa-eu-blue-flag\/"},"author":{"name":"","@id":"https:\/\/casadecampoliving.com\/es\/#\/schema\/person\/7e3b975d584a5f6ac0fd7128a81b0bc5"},"headline":"La playa Dominicus celebra ocho a\u00f1os como una playa \u00abEU Blue Flag\u00bb","datePublished":"2012-05-31T04:00:00+00:00","dateModified":"2022-10-21T22:46:42+00:00","mainEntityOfPage":{"@id":"https:\/\/casadecampoliving.com\/es\/la-playa-dominicus-celebra-ocho-anos-como-una-playa-eu-blue-flag\/"},"wordCount":428,"publisher":{"@id":"https:\/\/casadecampoliving.com\/es\/#organization"},"image":{"@id":"https:\/\/casadecampoliving.com\/es\/la-playa-dominicus-celebra-ocho-anos-como-una-playa-eu-blue-flag\/#primaryimage"},"thumbnailUrl":"https:\/\/i0.wp.com\/casadecampoliving.com\/wp-content\/uploads\/2022\/10\/Casa-de-Campo-Living-Dominicus-beach-1.jpg?fit=575%2C327&ssl=1","keywords":["ana garcia","asociacion de hoteles la romana bayahibe","dominicus","la romana-bayahibe"],"articleSection":["Estilo de Vida","La Romana @es","M\u00e1s all\u00e1 de Casa","Noticias Locales","Rep\u00fablica Dominicana @es"],"inLanguage":"es"},{"@type":"WebPage","@id":"https:\/\/casadecampoliving.com\/es\/la-playa-dominicus-celebra-ocho-anos-como-una-playa-eu-blue-flag\/","url":"https:\/\/casadecampoliving.com\/es\/la-playa-dominicus-celebra-ocho-anos-como-una-playa-eu-blue-flag\/","name":"La playa Dominicus celebra ocho a\u00f1os como una playa \"EU Blue Flag\" | Casa de Campo Living","isPartOf":{"@id":"https:\/\/casadecampoliving.com\/es\/#website"},"primaryImageOfPage":{"@id":"https:\/\/casadecampoliving.com\/es\/la-playa-dominicus-celebra-ocho-anos-como-una-playa-eu-blue-flag\/#primaryimage"},"image":{"@id":"https:\/\/casadecampoliving.com\/es\/la-playa-dominicus-celebra-ocho-anos-como-una-playa-eu-blue-flag\/#primaryimage"},"thumbnailUrl":"https:\/\/i0.wp.com\/casadecampoliving.com\/wp-content\/uploads\/2022\/10\/Casa-de-Campo-Living-Dominicus-beach-1.jpg?fit=575%2C327&ssl=1","datePublished":"2012-05-31T04:00:00+00:00","dateModified":"2022-10-21T22:46:42+00:00","description":"Sab\u00eda usted que la popular playa de Dominicus es oficialmente considerada como una playa \u201cEU Blue Flag\u201d? Tras mantener los altos est\u00e1ndares de calidad por","breadcrumb":{"@id":"https:\/\/casadecampoliving.com\/es\/la-playa-dominicus-celebra-ocho-anos-como-una-playa-eu-blue-flag\/#breadcrumb"},"inLanguage":"es","potentialAction":[{"@type":"ReadAction","target":["https:\/\/casadecampoliving.com\/es\/la-playa-dominicus-celebra-ocho-anos-como-una-playa-eu-blue-flag\/"]}]},{"@type":"ImageObject","inLanguage":"es","@id":"https:\/\/casadecampoliving.com\/es\/la-playa-dominicus-celebra-ocho-anos-como-una-playa-eu-blue-flag\/#primaryimage","url":"https:\/\/i0.wp.com\/casadecampoliving.com\/wp-content\/uploads\/2022\/10\/Casa-de-Campo-Living-Dominicus-beach-1.jpg?fit=575%2C327&ssl=1","contentUrl":"https:\/\/i0.wp.com\/casadecampoliving.com\/wp-content\/uploads\/2022\/10\/Casa-de-Campo-Living-Dominicus-beach-1.jpg?fit=575%2C327&ssl=1","width":575,"height":327},{"@type":"BreadcrumbList","@id":"https:\/\/casadecampoliving.com\/es\/la-playa-dominicus-celebra-ocho-anos-como-una-playa-eu-blue-flag\/#breadcrumb","itemListElement":[{"@type":"ListItem","position":1,"name":"Home","item":"https:\/\/casadecampoliving.com\/es\/"},{"@type":"ListItem","position":2,"name":"La playa Dominicus celebra ocho a\u00f1os como una playa &#8220;EU Blue Flag&#8221;"}]},{"@type":"WebSite","@id":"https:\/\/casadecampoliving.com\/es\/#website","url":"https:\/\/casadecampoliving.com\/es\/","name":"Casa de Campo Living","description":"Resort community news and resources.","publisher":{"@id":"https:\/\/casadecampoliving.com\/es\/#organization"},"potentialAction":[{"@type":"SearchAction","target":{"@type":"EntryPoint","urlTemplate":"https:\/\/casadecampoliving.com\/es\/?s={search_term_string}"},"query-input":{"@type":"PropertyValueSpecification","valueRequired":true,"valueName":"search_term_string"}}],"inLanguage":"es"},{"@type":"Organization","@id":"https:\/\/casadecampoliving.com\/es\/#organization","name":"Casa de Campo Living","url":"https:\/\/casadecampoliving.com\/es\/","logo":{"@type":"ImageObject","inLanguage":"es","@id":"https:\/\/casadecampoliving.com\/es\/#\/schema\/logo\/image\/","url":"https:\/\/i0.wp.com\/casadecampoliving.com\/wp-content\/uploads\/2022\/07\/CDCLivingLogo_V1-white-sized.png?fit=800%2C214&ssl=1","contentUrl":"https:\/\/i0.wp.com\/casadecampoliving.com\/wp-content\/uploads\/2022\/07\/CDCLivingLogo_V1-white-sized.png?fit=800%2C214&ssl=1","width":800,"height":214,"caption":"Casa de Campo Living"},"image":{"@id":"https:\/\/casadecampoliving.com\/es\/#\/schema\/logo\/image\/"},"sameAs":["https:\/\/www.facebook.com\/casadecampoliving","https:\/\/x.com\/cdcliving"]},{"@type":"Person","@id":"https:\/\/casadecampoliving.com\/es\/#\/schema\/person\/7e3b975d584a5f6ac0fd7128a81b0bc5","name":"","image":{"@type":"ImageObject","inLanguage":"es","@id":"https:\/\/secure.gravatar.com\/avatar\/?s=96&d=mm&r=g","url":"https:\/\/secure.gravatar.com\/avatar\/?s=96&d=mm&r=g","contentUrl":"https:\/\/secure.gravatar.com\/avatar\/?s=96&d=mm&r=g"},"url":"https:\/\/casadecampoliving.com\/es\/author\/ \/"}]}},"parsely":{"version":"1.1.0","canonical_url":"https:\/\/casadecampoliving.com\/es\/la-playa-dominicus-celebra-ocho-anos-como-una-playa-eu-blue-flag\/","smart_links":{"inbound":0,"outbound":0},"traffic_boost_suggestions_count":0,"meta":{"@context":"https:\/\/schema.org","@type":"NewsArticle","headline":"La playa Dominicus celebra ocho a\u00f1os como una playa \u00abEU Blue Flag\u00bb","url":"http:\/\/casadecampoliving.com\/es\/la-playa-dominicus-celebra-ocho-anos-como-una-playa-eu-blue-flag\/","mainEntityOfPage":{"@type":"WebPage","@id":"http:\/\/casadecampoliving.com\/es\/la-playa-dominicus-celebra-ocho-anos-como-una-playa-eu-blue-flag\/"},"thumbnailUrl":"https:\/\/i0.wp.com\/casadecampoliving.com\/wp-content\/uploads\/2022\/10\/Casa-de-Campo-Living-Dominicus-beach-1.jpg?resize=150%2C150&ssl=1","image":{"@type":"ImageObject","url":"https:\/\/i0.wp.com\/casadecampoliving.com\/wp-content\/uploads\/2022\/10\/Casa-de-Campo-Living-Dominicus-beach-1.jpg?fit=575%2C327&ssl=1"},"articleSection":"Estilo de Vida","author":[{"@type":"Person","name":"FB_515917546"}],"creator":["FB_515917546"],"publisher":{"@type":"Organization","name":"Casa de Campo Living","logo":"https:\/\/casadecampoliving.com\/wp-content\/uploads\/2022\/07\/CDCLivingLogo_V1-white-sized.png"},"keywords":["ana garcia","asociacion de hoteles la romana bayahibe","dominicus","la romana-bayahibe"],"dateCreated":"2012-05-31T04:00:00Z","datePublished":"2012-05-31T04:00:00Z","dateModified":"2022-10-21T22:46:42Z"},"rendered":"<script type=\"application\/ld+json\" class=\"wp-parsely-metadata\">{\"@context\":\"https:\\\/\\\/schema.org\",\"@type\":\"NewsArticle\",\"headline\":\"La playa Dominicus celebra ocho a\\u00f1os como una playa \\u00abEU Blue Flag\\u00bb\",\"url\":\"http:\\\/\\\/casadecampoliving.com\\\/es\\\/la-playa-dominicus-celebra-ocho-anos-como-una-playa-eu-blue-flag\\\/\",\"mainEntityOfPage\":{\"@type\":\"WebPage\",\"@id\":\"http:\\\/\\\/casadecampoliving.com\\\/es\\\/la-playa-dominicus-celebra-ocho-anos-como-una-playa-eu-blue-flag\\\/\"},\"thumbnailUrl\":\"https:\\\/\\\/i0.wp.com\\\/casadecampoliving.com\\\/wp-content\\\/uploads\\\/2022\\\/10\\\/Casa-de-Campo-Living-Dominicus-beach-1.jpg?resize=150%2C150&ssl=1\",\"image\":{\"@type\":\"ImageObject\",\"url\":\"https:\\\/\\\/i0.wp.com\\\/casadecampoliving.com\\\/wp-content\\\/uploads\\\/2022\\\/10\\\/Casa-de-Campo-Living-Dominicus-beach-1.jpg?fit=575%2C327&ssl=1\"},\"articleSection\":\"Estilo de Vida\",\"author\":[{\"@type\":\"Person\",\"name\":\"FB_515917546\"}],\"creator\":[\"FB_515917546\"],\"publisher\":{\"@type\":\"Organization\",\"name\":\"Casa de Campo Living\",\"logo\":\"https:\\\/\\\/casadecampoliving.com\\\/wp-content\\\/uploads\\\/2022\\\/07\\\/CDCLivingLogo_V1-white-sized.png\"},\"keywords\":[\"ana garcia\",\"asociacion de hoteles la romana bayahibe\",\"dominicus\",\"la romana-bayahibe\"],\"dateCreated\":\"2012-05-31T04:00:00Z\",\"datePublished\":\"2012-05-31T04:00:00Z\",\"dateModified\":\"2022-10-21T22:46:42Z\"}<\/script>","tracker_url":"https:\/\/cdn.parsely.com\/keys\/casadecampoliving.com\/p.js"},"jetpack_publicize_connections":[],"jetpack_featured_media_url":"https:\/\/i0.wp.com\/casadecampoliving.com\/wp-content\/uploads\/2022\/10\/Casa-de-Campo-Living-Dominicus-beach-1.jpg?fit=575%2C327&ssl=1","jetpack-related-posts":[{"id":346180,"url":"https:\/\/casadecampoliving.com\/es\/celebran-en-bayahibe-los10-anos-de-certificacion-bandera-azul-la-playa-dominicus\/","url_meta":{"origin":339073,"position":0},"title":"Dominicus celebra 10 a\u00f1os de certificaci\u00f3n Bandera Azul","author":"Rebecca Hughes","date":"10 Dic, 2014","format":false,"excerpt":"Por d\u00e9cimo a\u00f1o consecutivo, \u201cLa Laguna\u201d playa de Dominicus Americanus fue galardonada con la Bandera Azul por el Instituto de Derecho Ambiental y el jurado de la Fundaci\u00f3n Europea de Educaci\u00f3n Ambiental. Para conmemorar este d\u00e9cimo aniversario, el Grupo\u00a0Tur\u00edstico La Romana \u2013 Bayahibe \u00a0y la Asociaci\u00f3n de Hoteles de La\u2026","rel":"","context":"En \u00abCasa de Campo Living @es\u00bb","block_context":{"text":"Casa de Campo Living @es","link":"https:\/\/casadecampoliving.com\/category\/casa-de-campo-living-es\/"},"img":{"alt_text":"","src":"https:\/\/i0.wp.com\/casadecampoliving.com\/wp-content\/uploads\/2022\/10\/mapi-congresso-1.12-187-1-scaled.jpg?fit=1200%2C797&ssl=1&resize=350%2C200","width":350,"height":200,"srcset":"https:\/\/i0.wp.com\/casadecampoliving.com\/wp-content\/uploads\/2022\/10\/mapi-congresso-1.12-187-1-scaled.jpg?fit=1200%2C797&ssl=1&resize=350%2C200 1x, https:\/\/i0.wp.com\/casadecampoliving.com\/wp-content\/uploads\/2022\/10\/mapi-congresso-1.12-187-1-scaled.jpg?fit=1200%2C797&ssl=1&resize=525%2C300 1.5x, https:\/\/i0.wp.com\/casadecampoliving.com\/wp-content\/uploads\/2022\/10\/mapi-congresso-1.12-187-1-scaled.jpg?fit=1200%2C797&ssl=1&resize=700%2C400 2x, https:\/\/i0.wp.com\/casadecampoliving.com\/wp-content\/uploads\/2022\/10\/mapi-congresso-1.12-187-1-scaled.jpg?fit=1200%2C797&ssl=1&resize=1050%2C600 3x"},"classes":[]},{"id":339185,"url":"https:\/\/casadecampoliving.com\/es\/celebrando-el-dia-mundial-del-medio-ambiente-en-la-zona-la-romana-bayahibe\/","url_meta":{"origin":339073,"position":1},"title":"Celebrando el D\u00eda Mundial del Medio Ambiente en la zona La Romana Bayahibe!","author":"","date":"12 Jun, 2012","format":false,"excerpt":"El pasado martes 5 de junio, como parte de las actividades conmemorativas del D\u00eda Mundial del Medio Ambiente, la Asociaci\u00f3n de Hoteles La Romana-Bayahibe y el Cl\u00faster Tur\u00edstico La Romana-Bayahibe junto a 100 voluntarios, celebraron una exitosa jornada de limpieza que abarc\u00f3 las distintas playas del \u00e1rea de La Romana\u2026","rel":"","context":"En \u00abEstilo de Vida\u00bb","block_context":{"text":"Estilo de Vida","link":"https:\/\/casadecampoliving.com\/es\/category\/estilo-de-vida\/"},"img":{"alt_text":"","src":"https:\/\/i0.wp.com\/casadecampoliving.com\/wp-content\/uploads\/2022\/10\/grupo_dia_medioambiente-1.jpg?fit=599%2C455&ssl=1&resize=350%2C200","width":350,"height":200,"srcset":"https:\/\/i0.wp.com\/casadecampoliving.com\/wp-content\/uploads\/2022\/10\/grupo_dia_medioambiente-1.jpg?fit=599%2C455&ssl=1&resize=350%2C200 1x, https:\/\/i0.wp.com\/casadecampoliving.com\/wp-content\/uploads\/2022\/10\/grupo_dia_medioambiente-1.jpg?fit=599%2C455&ssl=1&resize=525%2C300 1.5x"},"classes":[]},{"id":324859,"url":"https:\/\/casadecampoliving.com\/blue-flag-certification-playa-dominicus\/","url_meta":{"origin":339073,"position":2},"title":"Dominicus celebrates 10 years of Blue Flag certification","author":"Rebecca Hughes","date":"10 Dic, 2014","format":false,"excerpt":"For the tenth consecutive year, the \u201cLa Laguna\u201d beach of Dominicus Americanus was awarded a Blue Flag by the\u00a0Environmental Law Institute and the jury of the Foundation for Environmental Education. To mark this 10th anniversary, the La Romana \u2013 Bayahibe Tourism Cluster and the La Romana \u2013 Bayahibe Hotels Association\u2026","rel":"","context":"En \u00abBeyond Casa\u00bb","block_context":{"text":"Beyond Casa","link":"https:\/\/casadecampoliving.com\/category\/beyond-casa\/"},"img":{"alt_text":"","src":"https:\/\/i0.wp.com\/casadecampoliving.com\/wp-content\/uploads\/2022\/10\/mapi-congresso-1.12-187-1-scaled.jpg?fit=1200%2C797&ssl=1&resize=350%2C200","width":350,"height":200,"srcset":"https:\/\/i0.wp.com\/casadecampoliving.com\/wp-content\/uploads\/2022\/10\/mapi-congresso-1.12-187-1-scaled.jpg?fit=1200%2C797&ssl=1&resize=350%2C200 1x, https:\/\/i0.wp.com\/casadecampoliving.com\/wp-content\/uploads\/2022\/10\/mapi-congresso-1.12-187-1-scaled.jpg?fit=1200%2C797&ssl=1&resize=525%2C300 1.5x, https:\/\/i0.wp.com\/casadecampoliving.com\/wp-content\/uploads\/2022\/10\/mapi-congresso-1.12-187-1-scaled.jpg?fit=1200%2C797&ssl=1&resize=700%2C400 2x, https:\/\/i0.wp.com\/casadecampoliving.com\/wp-content\/uploads\/2022\/10\/mapi-congresso-1.12-187-1-scaled.jpg?fit=1200%2C797&ssl=1&resize=1050%2C600 3x"},"classes":[]},{"id":535264,"url":"https:\/\/casadecampoliving.com\/es\/playa-minitas-obtiene-nuevamente-certificacion-bandera-azul\/","url_meta":{"origin":339073,"position":3},"title":"Playa Minitas obtiene nuevamente certificaci\u00f3n Bandera Azul","author":"Mairobi Herrera","date":"6 Dic, 2024","format":false,"excerpt":"El programa internacional de reconocimiento de playas y marinas Bandera Azul, galardon\u00f3 a Playa Minitas de Casa de Campo junto a otros siete segmentos certificados en el destino La Romana.\u00a0 El programa coordinado a nivel internacional por la Fundaci\u00f3n para la Educaci\u00f3n Ambiental (FEE) y en el pa\u00eds por el\u2026","rel":"","context":"En \u00abCasa de Campo Resort &amp; Villas\u00bb","block_context":{"text":"Casa de Campo Resort &amp; Villas","link":"https:\/\/casadecampoliving.com\/es\/category\/casa-de-campo-resort-villas\/"},"img":{"alt_text":"","src":"https:\/\/i0.wp.com\/casadecampoliving.com\/wp-content\/uploads\/2024\/12\/FN3A8551-scaled.jpg?fit=1200%2C800&ssl=1&resize=350%2C200","width":350,"height":200,"srcset":"https:\/\/i0.wp.com\/casadecampoliving.com\/wp-content\/uploads\/2024\/12\/FN3A8551-scaled.jpg?fit=1200%2C800&ssl=1&resize=350%2C200 1x, https:\/\/i0.wp.com\/casadecampoliving.com\/wp-content\/uploads\/2024\/12\/FN3A8551-scaled.jpg?fit=1200%2C800&ssl=1&resize=525%2C300 1.5x, https:\/\/i0.wp.com\/casadecampoliving.com\/wp-content\/uploads\/2024\/12\/FN3A8551-scaled.jpg?fit=1200%2C800&ssl=1&resize=700%2C400 2x, https:\/\/i0.wp.com\/casadecampoliving.com\/wp-content\/uploads\/2024\/12\/FN3A8551-scaled.jpg?fit=1200%2C800&ssl=1&resize=1050%2C600 3x"},"classes":[]},{"id":343012,"url":"https:\/\/casadecampoliving.com\/es\/celebran-con-exito-el-1er-maraton-bayahibe-dominicus\/","url_meta":{"origin":339073,"position":4},"title":"Celebran con \u00e9xito el 1er maraton Bayahibe &#8211; Dominicus","author":"Rebecca Silvestri","date":"5 Oct, 2013","format":false,"excerpt":"Con gran acogida del p\u00fablico local y cientos de visitantes extranjeros, fue celebrado, el pasado s\u00e1bado 28 de septiembre, el primer Marat\u00f3n 10K Dominicus-Bayahibe, organizado por la Asociaci\u00f3n de Hoteles y el Cl\u00faster Tur\u00edstico Bayahibe-Dominicus. En la justa participaron 350 corredores de diferentes nacionalidades, incluyendo profesionales y aficionados, quienes de\u2026","rel":"","context":"En \u00abDeportes\u00bb","block_context":{"text":"Deportes","link":"https:\/\/casadecampoliving.com\/es\/category\/golf-deportes-es\/"},"img":{"alt_text":"Marathon Bayahibe","src":"https:\/\/i0.wp.com\/casadecampoliving.com\/wp-content\/uploads\/2022\/10\/marathon_bayahibe3-1.jpg?fit=650%2C273&ssl=1&resize=350%2C200","width":350,"height":200,"srcset":"https:\/\/i0.wp.com\/casadecampoliving.com\/wp-content\/uploads\/2022\/10\/marathon_bayahibe3-1.jpg?fit=650%2C273&ssl=1&resize=350%2C200 1x, https:\/\/i0.wp.com\/casadecampoliving.com\/wp-content\/uploads\/2022\/10\/marathon_bayahibe3-1.jpg?fit=650%2C273&ssl=1&resize=525%2C300 1.5x"},"classes":[]},{"id":350447,"url":"https:\/\/casadecampoliving.com\/es\/las-inscripciones-de-bayahibe-10k-estan-abiertas\/","url_meta":{"origin":339073,"position":5},"title":"\u00bfListos para correr? \u00a1Las inscripciones de Bayahibe 10K est\u00e1n abiertas!","author":"Heather Lincoln","date":"2 Sep, 2016","format":false,"excerpt":"\u00a1No hay tiempo como el presente! Ya estamos en el noveno mes del a\u00f1o, es tiempo de ponerse al d\u00eda con todas esas promesas que nos hicimos al principio del a\u00f1o de ponernos en forma y que mejor manera de hacerlo que participando en el\u00a0Bayahibe 10k. El 18 de septiembre,\u2026","rel":"","context":"En \u00abDeportes\u00bb","block_context":{"text":"Deportes","link":"https:\/\/casadecampoliving.com\/es\/category\/golf-deportes-es\/"},"img":{"alt_text":"Bayahibe 10k","src":"https:\/\/i0.wp.com\/casadecampoliving.com\/wp-content\/uploads\/2022\/10\/Ejecutivos-Hotel-Catalonia-Grand-Dominicus-e1472823758620.jpg?fit=1000%2C667&ssl=1&resize=350%2C200","width":350,"height":200,"srcset":"https:\/\/i0.wp.com\/casadecampoliving.com\/wp-content\/uploads\/2022\/10\/Ejecutivos-Hotel-Catalonia-Grand-Dominicus-e1472823758620.jpg?fit=1000%2C667&ssl=1&resize=350%2C200 1x, https:\/\/i0.wp.com\/casadecampoliving.com\/wp-content\/uploads\/2022\/10\/Ejecutivos-Hotel-Catalonia-Grand-Dominicus-e1472823758620.jpg?fit=1000%2C667&ssl=1&resize=525%2C300 1.5x, https:\/\/i0.wp.com\/casadecampoliving.com\/wp-content\/uploads\/2022\/10\/Ejecutivos-Hotel-Catalonia-Grand-Dominicus-e1472823758620.jpg?fit=1000%2C667&ssl=1&resize=700%2C400 2x"},"classes":[]}],"jetpack_sharing_enabled":true,"_links":{"self":[{"href":"https:\/\/casadecampoliving.com\/es\/wp-json\/wp\/v2\/posts\/339073","targetHints":{"allow":["GET"]}}],"collection":[{"href":"https:\/\/casadecampoliving.com\/es\/wp-json\/wp\/v2\/posts"}],"about":[{"href":"https:\/\/casadecampoliving.com\/es\/wp-json\/wp\/v2\/types\/post"}],"author":[{"embeddable":true,"href":"https:\/\/casadecampoliving.com\/es\/wp-json\/wp\/v2\/users\/21"}],"replies":[{"embeddable":true,"href":"https:\/\/casadecampoliving.com\/es\/wp-json\/wp\/v2\/comments?post=339073"}],"version-history":[{"count":1,"href":"https:\/\/casadecampoliving.com\/es\/wp-json\/wp\/v2\/posts\/339073\/revisions"}],"predecessor-version":[{"id":339074,"href":"https:\/\/casadecampoliving.com\/es\/wp-json\/wp\/v2\/posts\/339073\/revisions\/339074"}],"wp:featuredmedia":[{"embeddable":true,"href":"https:\/\/casadecampoliving.com\/es\/wp-json\/wp\/v2\/media\/218081"}],"wp:attachment":[{"href":"https:\/\/casadecampoliving.com\/es\/wp-json\/wp\/v2\/media?parent=339073"}],"wp:term":[{"taxonomy":"category","embeddable":true,"href":"https:\/\/casadecampoliving.com\/es\/wp-json\/wp\/v2\/categories?post=339073"},{"taxonomy":"post_tag","embeddable":true,"href":"https:\/\/casadecampoliving.com\/es\/wp-json\/wp\/v2\/tags?post=339073"},{"taxonomy":"newspack_spnsrs_tax","embeddable":true,"href":"https:\/\/casadecampoliving.com\/es\/wp-json\/wp\/v2\/newspack_spnsrs_tax?post=339073"}],"curies":[{"name":"wp","href":"https:\/\/api.w.org\/{rel}","templated":true}]}}