{"id":338993,"date":"2012-05-11T00:00:00","date_gmt":"2012-05-11T04:00:00","guid":{"rendered":"https:\/\/casadecampoliving.com\/la-exposicion-fin-de-ano-de-la-escuela-de-arte-y-diseno-de-altos-de-chavon-sera-inaugurada-el-sab-12-de-mayo\/"},"modified":"2022-10-21T18:41:53","modified_gmt":"2022-10-21T22:41:53","slug":"la-exposicion-fin-de-ano-de-la-escuela-de-arte-y-diseno-de-altos-de-chavon-sera-inaugurada-el-sab-12-de-mayo","status":"publish","type":"post","link":"https:\/\/casadecampoliving.com\/es\/la-exposicion-fin-de-ano-de-la-escuela-de-arte-y-diseno-de-altos-de-chavon-sera-inaugurada-el-sab-12-de-mayo\/","title":{"rendered":"La exposici\u00f3n \u00abFin de A\u00f1o\u00bb de la Escuela de Arte y Dise\u00f1o de Altos de Chav\u00f3n ser\u00e1 inaugurada el s\u00e1b 12 de mayo!"},"content":{"rendered":"<div class=\"wp-block-image\">\n<figure class=\"aligncenter is-resized\"><a href=\"https:\/\/i0.wp.com\/casadecampoliving.com\/wp-content\/uploads\/2022\/10\/altos_de_chavon_students_casadecampo.jpg?ssl=1\"><img loading=\"lazy\" decoding=\"async\" src=\"https:\/\/i0.wp.com\/casadecampoliving.com\/wp-content\/uploads\/2022\/10\/altos_de_chavon_students_casadecampo.jpg?resize=565%2C366&amp;ssl=1\" alt=\"\" class=\"wp-image-28971\" title=\"altos_de_chavon_students_casadecampo\" height=\"366\" width=\"565\"\/><\/a><\/figure>\n<\/div>\n\n\n<p>Este s\u00e1bado 12 de mayo, la clase graduanda de la Escuela de Arte y Dise\u00f1o de Altos de Chav\u00f3n estar\u00e1n celebrando su graduaci\u00f3n con el c\u00f3ctel de inauguraci\u00f3n de su exhibici\u00f3n de arte \u201cFin de A\u00f1o\u201d \u2013 la cual ya se encuentra en la galer\u00eda de arte de Altos de Chav\u00f3n.<\/p>\n\n\n\n<!--more-->\n\n\n<div class=\"wp-block-image\">\n<figure class=\"alignright is-resized\"><img loading=\"lazy\" decoding=\"async\" src=\"https:\/\/i0.wp.com\/casadecampoliving.com\/wp-content\/uploads\/2022\/10\/Altos_de_Chavon_art.jpg?resize=200%2C277&amp;ssl=1\" alt=\"altos de chavon art\" class=\"wp-image-47664\" title=\"Altos_de_Chavon_art\" height=\"277\" width=\"200\"\/><\/figure>\n<\/div>\n\n\n<p>En la exposici\u00f3n de \u201cFin de a\u00f1o\u201d, usted no s\u00f3lo encontrar\u00e1 una incre\u00edble exhibici\u00f3n de obras de arte (pinturas y esculturas), tambi\u00e9n dise\u00f1os de moda \u2013 una realidad que siempre sorprende a los visitantes que con frecuencia no recuerdan que, adem\u00e1s de Bellas Artes e Ilustraci\u00f3n, la escuela tambi\u00e9n ofrece la carrera de Dise\u00f1o de Moda y Dise\u00f1o Gr\u00e1fico, todas estas parte de un programa de dos a\u00f1os que tambi\u00e9n ofrece un grado en ciencias aplicadas.<\/p>\n\n\n<div class=\"wp-block-image\">\n<figure class=\"aligncenter is-resized\"><img loading=\"lazy\" decoding=\"async\" src=\"https:\/\/i0.wp.com\/casadecampoliving.com\/wp-content\/uploads\/2022\/10\/altos_de_chavon_students_casadecampo2.jpg?resize=565%2C307&amp;ssl=1\" alt=\"\" class=\"wp-image-28977\" title=\"altos_de_chavon_students_casadecampo\" height=\"307\" width=\"565\"\/><\/figure>\n<\/div>\n\n\n<p>El c\u00f3ctel inaugural ofrecido para celebrar la exhibici\u00f3n, est\u00e1 programado para empezar a las 7pm este s\u00e1bado 12 de mayo, al cual todos est\u00e1n invitados \u2013 as\u00ed que esperamos verles all\u00ed!<\/p>\n\n\n\n<blockquote class=\"wp-block-quote is-layout-flow wp-block-quote-is-layout-flow\"><p><strong>C\u00f3ctel de apertura &nbsp;exhibici\u00f3n de arte \u201cFin de A\u00f1o\u201d<br>\n<\/strong><strong>Cu\u00e1ndo:<\/strong>&nbsp;desde las 7pm, s\u00e1bado 12 de mayo<br>\n<strong>D\u00f3nde:<\/strong>&nbsp;La galer\u00eda arte de Altos de Chav\u00f3n<\/p><\/blockquote>\n\n\n\n<p><strong>NOTA:&nbsp;<\/strong>Como los estudiantes de la Escuela de Dise\u00f1o de Altos de Chav\u00f3n estar\u00e1n gradu\u00e1ndose este fin de semana, la exhibici\u00f3n ser\u00e1 removida de la galer\u00eda muy pronto \u2013 este lunes 14 de mayo, as\u00ed que si le gustar\u00eda disfrutarla, le recomendamos vaya a verla pronto!<\/p>\n\n\n\n<blockquote><p><strong>Sobre la Escuela de Arte y Dise\u00f1o de Altos de Chav\u00f3n&nbsp;<\/strong><\/p><p><strong><\/strong>La Escuela de Dise\u00f1o de Altos de Chav\u00f3n fue fundada hace 33 a\u00f1os, de la cual, junto con la Fundaci\u00f3n Centro Cultural Altos de Chav\u00f3n una fundaci\u00f3n, U.S. 501(c)(3), se han graduado estudiantes del programa de dos a\u00f1os con grado asociado. Esta escuela tambi\u00e9n esta afiliada a la prestigiosa \u201cParsons \u201cThe New School&nbsp;For Design\u201d en Nueva York desde 1983. Muchos de estos j\u00f3venes artistas y dise\u00f1adores de la Escuela de Arte y Dise\u00f1o de Altos de Chav\u00f3n vienen de familias con escasos recursos y la misi\u00f3n de la escuela es proveer educaci\u00f3n art\u00edstica a los talentosos y calificados j\u00f3venes que aplican para ser inscritos, sin importar sus condiciones econ\u00f3micas \u2013 lo que significa que la escuela se apoya casi por completo de las donaciones de los generosos individuos que permiten que la escuela otorgue becas a estos j\u00f3venes.<\/p><p style=\"text-align: left;\">Para recaudar fondos para la escuela y el programa de becas, un \u201cFriend-raiser\u201d, se llev\u00f3 a cabo recientemente en la villa de Casa de Campo de Dominique Bluhdhorn \u2013 <a href=\"https:\/\/casadecampoliving.com\/es\/2012\/03\/friend-raiser-para-la-escuela-de-arte-y-diseno-de-altos-de-chavon-por-stephen-kaplan\/\">haga click aqu\u00ed apra leer la historia completa!!<\/a><\/p><figure><img decoding=\"async\" loading=\"lazy\" class=\"aligncenter  wp-image-47661\" title=\"dominique_bludhorn_casa_de_campo\" src=\"https:\/\/i0.wp.com\/casadecampoliving.com\/wp-content\/uploads\/2022\/10\/dominique_bludhorn_casa_de_campo.jpg?resize=585%2C369&amp;ssl=1\" alt=\"dominique bludhorn casa de campo\" width=\"585\" height=\"369\"><\/figure><p style=\"text-align: center;\"><strong>Friend-raiser para la Escuela de Dise\u00f1o Altos de Chav\u00f3n&nbsp;<\/strong><\/p><\/blockquote>\n","protected":false},"excerpt":{"rendered":"<p>Este s\u00e1bado 12 de mayo, la clase graduanda de la Escuela de Arte y Dise\u00f1o de Altos de Chav\u00f3n estar\u00e1n celebrando su graduaci\u00f3n con el c\u00f3ctel de inauguraci\u00f3n de su exhibici\u00f3n de arte \u201cFin de A\u00f1o\u201d \u2013 la cual ya se encuentra en la galer\u00eda de arte de Altos de Chav\u00f3n.<\/p>\n","protected":false},"author":21,"featured_media":231448,"comment_status":"closed","ping_status":"closed","sticky":false,"template":"","format":"standard","meta":{"newspack_ads_suppress_ads":false,"newspack_popups_has_disabled_popups":false,"newspack_sponsor_sponsorship_scope":"","newspack_sponsor_native_byline_display":"inherit","newspack_sponsor_native_category_display":"inherit","newspack_sponsor_underwriter_style":"inherit","newspack_sponsor_underwriter_placement":"inherit","_newspack_byline_active":false,"_newspack_byline":"","newspack_hide_updated_date":false,"newspack_show_updated_date":false,"newspack_content_restriction_is_exempt":false,"newspack_featured_image_position":"","newspack_post_subtitle":"","newspack_article_summary_title":"Overview:","newspack_article_summary":"","_jetpack_memberships_contains_paid_content":false,"footnotes":"","jetpack_publicize_message":"","jetpack_publicize_feature_enabled":true,"jetpack_social_post_already_shared":false,"jetpack_social_options":{"image_generator_settings":{"template":"highway","default_image_id":0,"font":"","enabled":false},"version":2},"_wpas_customize_per_network":false},"categories":[26819,26823,2522,14625,14627],"tags":[15387,2646,2557,3437,4381],"newspack_spnsrs_tax":[],"class_list":["post-338993","post","type-post","status-publish","format-standard","has-post-thumbnail","hentry","category-altos-de-chavon-es","category-arte-y-cultura","category-eventos-es","category-noticias-locales","category-proximamente","tag-altos-de-chavon-es","tag-escuela-de-arte-y-diseno-de-altos-de-chavon","tag-exhibicion-de-arte","tag-fin-de-ano","tag-fundacion-centro-cultural-altos-de-chavon","entry"],"yoast_head":"<!-- This site is optimized with the Yoast SEO plugin v27.5 - https:\/\/yoast.com\/product\/yoast-seo-wordpress\/ -->\n<title>La exposici\u00f3n &quot;Fin de A\u00f1o&quot; de la Escuela de Arte y Dise\u00f1o de Altos de Chav\u00f3n ser\u00e1 inaugurada el s\u00e1b 12 de mayo! | Casa de Campo Living<\/title>\n<meta name=\"description\" content=\"Este s\u00e1bado 12 de mayo, la clase graduanda de la Escuela de Arte y Dise\u00f1o de Altos de Chav\u00f3n estar\u00e1n celebrando su graduaci\u00f3n con el c\u00f3ctel de\" \/>\n<meta name=\"robots\" content=\"index, follow, max-snippet:-1, max-image-preview:large, max-video-preview:-1\" \/>\n<link rel=\"canonical\" href=\"https:\/\/casadecampoliving.com\/es\/la-exposicion-fin-de-ano-de-la-escuela-de-arte-y-diseno-de-altos-de-chavon-sera-inaugurada-el-sab-12-de-mayo\/\" \/>\n<meta property=\"og:locale\" content=\"es_ES\" \/>\n<meta property=\"og:type\" content=\"article\" \/>\n<meta property=\"og:title\" content=\"La exposici\u00f3n &quot;Fin de A\u00f1o&quot; de la Escuela de Arte y Dise\u00f1o de Altos de Chav\u00f3n ser\u00e1 inaugurada el s\u00e1b 12 de mayo! | Casa de Campo Living\" \/>\n<meta property=\"og:description\" content=\"Este s\u00e1bado 12 de mayo, la clase graduanda de la Escuela de Arte y Dise\u00f1o de Altos de Chav\u00f3n estar\u00e1n celebrando su graduaci\u00f3n con el c\u00f3ctel de\" \/>\n<meta property=\"og:url\" content=\"https:\/\/casadecampoliving.com\/es\/la-exposicion-fin-de-ano-de-la-escuela-de-arte-y-diseno-de-altos-de-chavon-sera-inaugurada-el-sab-12-de-mayo\/\" \/>\n<meta property=\"og:site_name\" content=\"Casa de Campo Living\" \/>\n<meta property=\"article:publisher\" content=\"https:\/\/www.facebook.com\/casadecampoliving\" \/>\n<meta property=\"article:published_time\" content=\"2012-05-11T04:00:00+00:00\" \/>\n<meta property=\"article:modified_time\" content=\"2022-10-21T22:41:53+00:00\" \/>\n<meta property=\"og:image\" content=\"https:\/\/i0.wp.com\/casadecampoliving.com\/wp-content\/uploads\/2022\/10\/altos_de_chavon_students_casadecampo-1.jpg?fit=565%2C366&ssl=1\" \/>\n\t<meta property=\"og:image:width\" content=\"565\" \/>\n\t<meta property=\"og:image:height\" content=\"366\" \/>\n\t<meta property=\"og:image:type\" content=\"image\/jpeg\" \/>\n<meta name=\"twitter:card\" content=\"summary_large_image\" \/>\n<meta name=\"twitter:creator\" content=\"@cdcliving\" \/>\n<meta name=\"twitter:site\" content=\"@cdcliving\" \/>\n<meta name=\"twitter:label1\" content=\"Escrito por\" \/>\n\t<meta name=\"twitter:data1\" content=\"\" \/>\n\t<meta name=\"twitter:label2\" content=\"Tiempo de lectura\" \/>\n\t<meta name=\"twitter:data2\" content=\"2 minutos\" \/>\n<script type=\"application\/ld+json\" class=\"yoast-schema-graph\">{\"@context\":\"https:\\\/\\\/schema.org\",\"@graph\":[{\"@type\":\"Article\",\"@id\":\"https:\\\/\\\/casadecampoliving.com\\\/es\\\/la-exposicion-fin-de-ano-de-la-escuela-de-arte-y-diseno-de-altos-de-chavon-sera-inaugurada-el-sab-12-de-mayo\\\/#article\",\"isPartOf\":{\"@id\":\"https:\\\/\\\/casadecampoliving.com\\\/es\\\/la-exposicion-fin-de-ano-de-la-escuela-de-arte-y-diseno-de-altos-de-chavon-sera-inaugurada-el-sab-12-de-mayo\\\/\"},\"author\":{\"name\":\"\",\"@id\":\"https:\\\/\\\/casadecampoliving.com\\\/es\\\/#\\\/schema\\\/person\\\/7e3b975d584a5f6ac0fd7128a81b0bc5\"},\"headline\":\"La exposici\u00f3n \u00abFin de A\u00f1o\u00bb de la Escuela de Arte y Dise\u00f1o de Altos de Chav\u00f3n ser\u00e1 inaugurada el s\u00e1b 12 de mayo!\",\"datePublished\":\"2012-05-11T04:00:00+00:00\",\"dateModified\":\"2022-10-21T22:41:53+00:00\",\"mainEntityOfPage\":{\"@id\":\"https:\\\/\\\/casadecampoliving.com\\\/es\\\/la-exposicion-fin-de-ano-de-la-escuela-de-arte-y-diseno-de-altos-de-chavon-sera-inaugurada-el-sab-12-de-mayo\\\/\"},\"wordCount\":515,\"publisher\":{\"@id\":\"https:\\\/\\\/casadecampoliving.com\\\/es\\\/#organization\"},\"image\":{\"@id\":\"https:\\\/\\\/casadecampoliving.com\\\/es\\\/la-exposicion-fin-de-ano-de-la-escuela-de-arte-y-diseno-de-altos-de-chavon-sera-inaugurada-el-sab-12-de-mayo\\\/#primaryimage\"},\"thumbnailUrl\":\"https:\\\/\\\/i0.wp.com\\\/casadecampoliving.com\\\/wp-content\\\/uploads\\\/2022\\\/10\\\/altos_de_chavon_students_casadecampo-1.jpg?fit=565%2C366&ssl=1\",\"keywords\":[\"Altos de Chavon\",\"escuela de arte y diseno de altos de chavon\",\"exhibicion de arte\",\"fin de ano\",\"fundacion centro cultural altos de chavon\"],\"articleSection\":[\"Altos de Chavon @es\",\"Arte y cultura\",\"Eventos\",\"Noticias Locales\",\"Proximamente\"],\"inLanguage\":\"es\"},{\"@type\":\"WebPage\",\"@id\":\"https:\\\/\\\/casadecampoliving.com\\\/es\\\/la-exposicion-fin-de-ano-de-la-escuela-de-arte-y-diseno-de-altos-de-chavon-sera-inaugurada-el-sab-12-de-mayo\\\/\",\"url\":\"https:\\\/\\\/casadecampoliving.com\\\/es\\\/la-exposicion-fin-de-ano-de-la-escuela-de-arte-y-diseno-de-altos-de-chavon-sera-inaugurada-el-sab-12-de-mayo\\\/\",\"name\":\"La exposici\u00f3n \\\"Fin de A\u00f1o\\\" de la Escuela de Arte y Dise\u00f1o de Altos de Chav\u00f3n ser\u00e1 inaugurada el s\u00e1b 12 de mayo! | Casa de Campo Living\",\"isPartOf\":{\"@id\":\"https:\\\/\\\/casadecampoliving.com\\\/es\\\/#website\"},\"primaryImageOfPage\":{\"@id\":\"https:\\\/\\\/casadecampoliving.com\\\/es\\\/la-exposicion-fin-de-ano-de-la-escuela-de-arte-y-diseno-de-altos-de-chavon-sera-inaugurada-el-sab-12-de-mayo\\\/#primaryimage\"},\"image\":{\"@id\":\"https:\\\/\\\/casadecampoliving.com\\\/es\\\/la-exposicion-fin-de-ano-de-la-escuela-de-arte-y-diseno-de-altos-de-chavon-sera-inaugurada-el-sab-12-de-mayo\\\/#primaryimage\"},\"thumbnailUrl\":\"https:\\\/\\\/i0.wp.com\\\/casadecampoliving.com\\\/wp-content\\\/uploads\\\/2022\\\/10\\\/altos_de_chavon_students_casadecampo-1.jpg?fit=565%2C366&ssl=1\",\"datePublished\":\"2012-05-11T04:00:00+00:00\",\"dateModified\":\"2022-10-21T22:41:53+00:00\",\"description\":\"Este s\u00e1bado 12 de mayo, la clase graduanda de la Escuela de Arte y Dise\u00f1o de Altos de Chav\u00f3n estar\u00e1n celebrando su graduaci\u00f3n con el c\u00f3ctel de\",\"breadcrumb\":{\"@id\":\"https:\\\/\\\/casadecampoliving.com\\\/es\\\/la-exposicion-fin-de-ano-de-la-escuela-de-arte-y-diseno-de-altos-de-chavon-sera-inaugurada-el-sab-12-de-mayo\\\/#breadcrumb\"},\"inLanguage\":\"es\",\"potentialAction\":[{\"@type\":\"ReadAction\",\"target\":[\"https:\\\/\\\/casadecampoliving.com\\\/es\\\/la-exposicion-fin-de-ano-de-la-escuela-de-arte-y-diseno-de-altos-de-chavon-sera-inaugurada-el-sab-12-de-mayo\\\/\"]}]},{\"@type\":\"ImageObject\",\"inLanguage\":\"es\",\"@id\":\"https:\\\/\\\/casadecampoliving.com\\\/es\\\/la-exposicion-fin-de-ano-de-la-escuela-de-arte-y-diseno-de-altos-de-chavon-sera-inaugurada-el-sab-12-de-mayo\\\/#primaryimage\",\"url\":\"https:\\\/\\\/i0.wp.com\\\/casadecampoliving.com\\\/wp-content\\\/uploads\\\/2022\\\/10\\\/altos_de_chavon_students_casadecampo-1.jpg?fit=565%2C366&ssl=1\",\"contentUrl\":\"https:\\\/\\\/i0.wp.com\\\/casadecampoliving.com\\\/wp-content\\\/uploads\\\/2022\\\/10\\\/altos_de_chavon_students_casadecampo-1.jpg?fit=565%2C366&ssl=1\",\"width\":565,\"height\":366},{\"@type\":\"BreadcrumbList\",\"@id\":\"https:\\\/\\\/casadecampoliving.com\\\/es\\\/la-exposicion-fin-de-ano-de-la-escuela-de-arte-y-diseno-de-altos-de-chavon-sera-inaugurada-el-sab-12-de-mayo\\\/#breadcrumb\",\"itemListElement\":[{\"@type\":\"ListItem\",\"position\":1,\"name\":\"Home\",\"item\":\"https:\\\/\\\/casadecampoliving.com\\\/es\\\/\"},{\"@type\":\"ListItem\",\"position\":2,\"name\":\"La exposici\u00f3n &#8220;Fin de A\u00f1o&#8221; de la Escuela de Arte y Dise\u00f1o de Altos de Chav\u00f3n ser\u00e1 inaugurada el s\u00e1b 12 de mayo!\"}]},{\"@type\":\"WebSite\",\"@id\":\"https:\\\/\\\/casadecampoliving.com\\\/es\\\/#website\",\"url\":\"https:\\\/\\\/casadecampoliving.com\\\/es\\\/\",\"name\":\"Casa de Campo Living\",\"description\":\"Resort community news and resources.\",\"publisher\":{\"@id\":\"https:\\\/\\\/casadecampoliving.com\\\/es\\\/#organization\"},\"potentialAction\":[{\"@type\":\"SearchAction\",\"target\":{\"@type\":\"EntryPoint\",\"urlTemplate\":\"https:\\\/\\\/casadecampoliving.com\\\/es\\\/?s={search_term_string}\"},\"query-input\":{\"@type\":\"PropertyValueSpecification\",\"valueRequired\":true,\"valueName\":\"search_term_string\"}}],\"inLanguage\":\"es\"},{\"@type\":\"Organization\",\"@id\":\"https:\\\/\\\/casadecampoliving.com\\\/es\\\/#organization\",\"name\":\"Casa de Campo Living\",\"url\":\"https:\\\/\\\/casadecampoliving.com\\\/es\\\/\",\"logo\":{\"@type\":\"ImageObject\",\"inLanguage\":\"es\",\"@id\":\"https:\\\/\\\/casadecampoliving.com\\\/es\\\/#\\\/schema\\\/logo\\\/image\\\/\",\"url\":\"https:\\\/\\\/i0.wp.com\\\/casadecampoliving.com\\\/wp-content\\\/uploads\\\/2022\\\/07\\\/CDCLivingLogo_V1-white-sized.png?fit=800%2C214&ssl=1\",\"contentUrl\":\"https:\\\/\\\/i0.wp.com\\\/casadecampoliving.com\\\/wp-content\\\/uploads\\\/2022\\\/07\\\/CDCLivingLogo_V1-white-sized.png?fit=800%2C214&ssl=1\",\"width\":800,\"height\":214,\"caption\":\"Casa de Campo Living\"},\"image\":{\"@id\":\"https:\\\/\\\/casadecampoliving.com\\\/es\\\/#\\\/schema\\\/logo\\\/image\\\/\"},\"sameAs\":[\"https:\\\/\\\/www.facebook.com\\\/casadecampoliving\",\"https:\\\/\\\/x.com\\\/cdcliving\"]},{\"@type\":\"Person\",\"@id\":\"https:\\\/\\\/casadecampoliving.com\\\/es\\\/#\\\/schema\\\/person\\\/7e3b975d584a5f6ac0fd7128a81b0bc5\",\"name\":\"\",\"image\":{\"@type\":\"ImageObject\",\"inLanguage\":\"es\",\"@id\":\"https:\\\/\\\/secure.gravatar.com\\\/avatar\\\/?s=96&d=mm&r=g\",\"url\":\"https:\\\/\\\/secure.gravatar.com\\\/avatar\\\/?s=96&d=mm&r=g\",\"contentUrl\":\"https:\\\/\\\/secure.gravatar.com\\\/avatar\\\/?s=96&d=mm&r=g\"},\"url\":\"https:\\\/\\\/casadecampoliving.com\\\/es\\\/author\\\/ \\\/\"}]}<\/script>\n<!-- \/ Yoast SEO plugin. -->","yoast_head_json":{"title":"La exposici\u00f3n \"Fin de A\u00f1o\" de la Escuela de Arte y Dise\u00f1o de Altos de Chav\u00f3n ser\u00e1 inaugurada el s\u00e1b 12 de mayo! | Casa de Campo Living","description":"Este s\u00e1bado 12 de mayo, la clase graduanda de la Escuela de Arte y Dise\u00f1o de Altos de Chav\u00f3n estar\u00e1n celebrando su graduaci\u00f3n con el c\u00f3ctel de","robots":{"index":"index","follow":"follow","max-snippet":"max-snippet:-1","max-image-preview":"max-image-preview:large","max-video-preview":"max-video-preview:-1"},"canonical":"https:\/\/casadecampoliving.com\/es\/la-exposicion-fin-de-ano-de-la-escuela-de-arte-y-diseno-de-altos-de-chavon-sera-inaugurada-el-sab-12-de-mayo\/","og_locale":"es_ES","og_type":"article","og_title":"La exposici\u00f3n \"Fin de A\u00f1o\" de la Escuela de Arte y Dise\u00f1o de Altos de Chav\u00f3n ser\u00e1 inaugurada el s\u00e1b 12 de mayo! | Casa de Campo Living","og_description":"Este s\u00e1bado 12 de mayo, la clase graduanda de la Escuela de Arte y Dise\u00f1o de Altos de Chav\u00f3n estar\u00e1n celebrando su graduaci\u00f3n con el c\u00f3ctel de","og_url":"https:\/\/casadecampoliving.com\/es\/la-exposicion-fin-de-ano-de-la-escuela-de-arte-y-diseno-de-altos-de-chavon-sera-inaugurada-el-sab-12-de-mayo\/","og_site_name":"Casa de Campo Living","article_publisher":"https:\/\/www.facebook.com\/casadecampoliving","article_published_time":"2012-05-11T04:00:00+00:00","article_modified_time":"2022-10-21T22:41:53+00:00","og_image":[{"width":565,"height":366,"url":"https:\/\/i0.wp.com\/casadecampoliving.com\/wp-content\/uploads\/2022\/10\/altos_de_chavon_students_casadecampo-1.jpg?fit=565%2C366&ssl=1","type":"image\/jpeg"}],"twitter_card":"summary_large_image","twitter_creator":"@cdcliving","twitter_site":"@cdcliving","twitter_misc":{"Escrito por":"","Tiempo de lectura":"2 minutos"},"schema":{"@context":"https:\/\/schema.org","@graph":[{"@type":"Article","@id":"https:\/\/casadecampoliving.com\/es\/la-exposicion-fin-de-ano-de-la-escuela-de-arte-y-diseno-de-altos-de-chavon-sera-inaugurada-el-sab-12-de-mayo\/#article","isPartOf":{"@id":"https:\/\/casadecampoliving.com\/es\/la-exposicion-fin-de-ano-de-la-escuela-de-arte-y-diseno-de-altos-de-chavon-sera-inaugurada-el-sab-12-de-mayo\/"},"author":{"name":"","@id":"https:\/\/casadecampoliving.com\/es\/#\/schema\/person\/7e3b975d584a5f6ac0fd7128a81b0bc5"},"headline":"La exposici\u00f3n \u00abFin de A\u00f1o\u00bb de la Escuela de Arte y Dise\u00f1o de Altos de Chav\u00f3n ser\u00e1 inaugurada el s\u00e1b 12 de mayo!","datePublished":"2012-05-11T04:00:00+00:00","dateModified":"2022-10-21T22:41:53+00:00","mainEntityOfPage":{"@id":"https:\/\/casadecampoliving.com\/es\/la-exposicion-fin-de-ano-de-la-escuela-de-arte-y-diseno-de-altos-de-chavon-sera-inaugurada-el-sab-12-de-mayo\/"},"wordCount":515,"publisher":{"@id":"https:\/\/casadecampoliving.com\/es\/#organization"},"image":{"@id":"https:\/\/casadecampoliving.com\/es\/la-exposicion-fin-de-ano-de-la-escuela-de-arte-y-diseno-de-altos-de-chavon-sera-inaugurada-el-sab-12-de-mayo\/#primaryimage"},"thumbnailUrl":"https:\/\/i0.wp.com\/casadecampoliving.com\/wp-content\/uploads\/2022\/10\/altos_de_chavon_students_casadecampo-1.jpg?fit=565%2C366&ssl=1","keywords":["Altos de Chavon","escuela de arte y diseno de altos de chavon","exhibicion de arte","fin de ano","fundacion centro cultural altos de chavon"],"articleSection":["Altos de Chavon @es","Arte y cultura","Eventos","Noticias Locales","Proximamente"],"inLanguage":"es"},{"@type":"WebPage","@id":"https:\/\/casadecampoliving.com\/es\/la-exposicion-fin-de-ano-de-la-escuela-de-arte-y-diseno-de-altos-de-chavon-sera-inaugurada-el-sab-12-de-mayo\/","url":"https:\/\/casadecampoliving.com\/es\/la-exposicion-fin-de-ano-de-la-escuela-de-arte-y-diseno-de-altos-de-chavon-sera-inaugurada-el-sab-12-de-mayo\/","name":"La exposici\u00f3n \"Fin de A\u00f1o\" de la Escuela de Arte y Dise\u00f1o de Altos de Chav\u00f3n ser\u00e1 inaugurada el s\u00e1b 12 de mayo! | Casa de Campo Living","isPartOf":{"@id":"https:\/\/casadecampoliving.com\/es\/#website"},"primaryImageOfPage":{"@id":"https:\/\/casadecampoliving.com\/es\/la-exposicion-fin-de-ano-de-la-escuela-de-arte-y-diseno-de-altos-de-chavon-sera-inaugurada-el-sab-12-de-mayo\/#primaryimage"},"image":{"@id":"https:\/\/casadecampoliving.com\/es\/la-exposicion-fin-de-ano-de-la-escuela-de-arte-y-diseno-de-altos-de-chavon-sera-inaugurada-el-sab-12-de-mayo\/#primaryimage"},"thumbnailUrl":"https:\/\/i0.wp.com\/casadecampoliving.com\/wp-content\/uploads\/2022\/10\/altos_de_chavon_students_casadecampo-1.jpg?fit=565%2C366&ssl=1","datePublished":"2012-05-11T04:00:00+00:00","dateModified":"2022-10-21T22:41:53+00:00","description":"Este s\u00e1bado 12 de mayo, la clase graduanda de la Escuela de Arte y Dise\u00f1o de Altos de Chav\u00f3n estar\u00e1n celebrando su graduaci\u00f3n con el c\u00f3ctel de","breadcrumb":{"@id":"https:\/\/casadecampoliving.com\/es\/la-exposicion-fin-de-ano-de-la-escuela-de-arte-y-diseno-de-altos-de-chavon-sera-inaugurada-el-sab-12-de-mayo\/#breadcrumb"},"inLanguage":"es","potentialAction":[{"@type":"ReadAction","target":["https:\/\/casadecampoliving.com\/es\/la-exposicion-fin-de-ano-de-la-escuela-de-arte-y-diseno-de-altos-de-chavon-sera-inaugurada-el-sab-12-de-mayo\/"]}]},{"@type":"ImageObject","inLanguage":"es","@id":"https:\/\/casadecampoliving.com\/es\/la-exposicion-fin-de-ano-de-la-escuela-de-arte-y-diseno-de-altos-de-chavon-sera-inaugurada-el-sab-12-de-mayo\/#primaryimage","url":"https:\/\/i0.wp.com\/casadecampoliving.com\/wp-content\/uploads\/2022\/10\/altos_de_chavon_students_casadecampo-1.jpg?fit=565%2C366&ssl=1","contentUrl":"https:\/\/i0.wp.com\/casadecampoliving.com\/wp-content\/uploads\/2022\/10\/altos_de_chavon_students_casadecampo-1.jpg?fit=565%2C366&ssl=1","width":565,"height":366},{"@type":"BreadcrumbList","@id":"https:\/\/casadecampoliving.com\/es\/la-exposicion-fin-de-ano-de-la-escuela-de-arte-y-diseno-de-altos-de-chavon-sera-inaugurada-el-sab-12-de-mayo\/#breadcrumb","itemListElement":[{"@type":"ListItem","position":1,"name":"Home","item":"https:\/\/casadecampoliving.com\/es\/"},{"@type":"ListItem","position":2,"name":"La exposici\u00f3n &#8220;Fin de A\u00f1o&#8221; de la Escuela de Arte y Dise\u00f1o de Altos de Chav\u00f3n ser\u00e1 inaugurada el s\u00e1b 12 de mayo!"}]},{"@type":"WebSite","@id":"https:\/\/casadecampoliving.com\/es\/#website","url":"https:\/\/casadecampoliving.com\/es\/","name":"Casa de Campo Living","description":"Resort community news and resources.","publisher":{"@id":"https:\/\/casadecampoliving.com\/es\/#organization"},"potentialAction":[{"@type":"SearchAction","target":{"@type":"EntryPoint","urlTemplate":"https:\/\/casadecampoliving.com\/es\/?s={search_term_string}"},"query-input":{"@type":"PropertyValueSpecification","valueRequired":true,"valueName":"search_term_string"}}],"inLanguage":"es"},{"@type":"Organization","@id":"https:\/\/casadecampoliving.com\/es\/#organization","name":"Casa de Campo Living","url":"https:\/\/casadecampoliving.com\/es\/","logo":{"@type":"ImageObject","inLanguage":"es","@id":"https:\/\/casadecampoliving.com\/es\/#\/schema\/logo\/image\/","url":"https:\/\/i0.wp.com\/casadecampoliving.com\/wp-content\/uploads\/2022\/07\/CDCLivingLogo_V1-white-sized.png?fit=800%2C214&ssl=1","contentUrl":"https:\/\/i0.wp.com\/casadecampoliving.com\/wp-content\/uploads\/2022\/07\/CDCLivingLogo_V1-white-sized.png?fit=800%2C214&ssl=1","width":800,"height":214,"caption":"Casa de Campo Living"},"image":{"@id":"https:\/\/casadecampoliving.com\/es\/#\/schema\/logo\/image\/"},"sameAs":["https:\/\/www.facebook.com\/casadecampoliving","https:\/\/x.com\/cdcliving"]},{"@type":"Person","@id":"https:\/\/casadecampoliving.com\/es\/#\/schema\/person\/7e3b975d584a5f6ac0fd7128a81b0bc5","name":"","image":{"@type":"ImageObject","inLanguage":"es","@id":"https:\/\/secure.gravatar.com\/avatar\/?s=96&d=mm&r=g","url":"https:\/\/secure.gravatar.com\/avatar\/?s=96&d=mm&r=g","contentUrl":"https:\/\/secure.gravatar.com\/avatar\/?s=96&d=mm&r=g"},"url":"https:\/\/casadecampoliving.com\/es\/author\/ \/"}]}},"parsely":{"version":"1.1.0","canonical_url":"https:\/\/casadecampoliving.com\/es\/la-exposicion-fin-de-ano-de-la-escuela-de-arte-y-diseno-de-altos-de-chavon-sera-inaugurada-el-sab-12-de-mayo\/","smart_links":{"inbound":0,"outbound":0},"traffic_boost_suggestions_count":0,"meta":{"@context":"https:\/\/schema.org","@type":"NewsArticle","headline":"La exposici\u00f3n \u00abFin de A\u00f1o\u00bb de la Escuela de Arte y Dise\u00f1o de Altos de Chav\u00f3n ser\u00e1 inaugurada el s\u00e1b 12 de mayo!","url":"http:\/\/casadecampoliving.com\/es\/la-exposicion-fin-de-ano-de-la-escuela-de-arte-y-diseno-de-altos-de-chavon-sera-inaugurada-el-sab-12-de-mayo\/","mainEntityOfPage":{"@type":"WebPage","@id":"http:\/\/casadecampoliving.com\/es\/la-exposicion-fin-de-ano-de-la-escuela-de-arte-y-diseno-de-altos-de-chavon-sera-inaugurada-el-sab-12-de-mayo\/"},"thumbnailUrl":"https:\/\/i0.wp.com\/casadecampoliving.com\/wp-content\/uploads\/2022\/10\/altos_de_chavon_students_casadecampo-1.jpg?resize=150%2C150&ssl=1","image":{"@type":"ImageObject","url":"https:\/\/i0.wp.com\/casadecampoliving.com\/wp-content\/uploads\/2022\/10\/altos_de_chavon_students_casadecampo-1.jpg?fit=565%2C366&ssl=1"},"articleSection":"Altos de Chavon @es","author":[{"@type":"Person","name":"FB_515917546"}],"creator":["FB_515917546"],"publisher":{"@type":"Organization","name":"Casa de Campo Living","logo":"https:\/\/casadecampoliving.com\/wp-content\/uploads\/2022\/07\/CDCLivingLogo_V1-white-sized.png"},"keywords":["altos de chavon","escuela de arte y diseno de altos de chavon","exhibicion de arte","fin de ano","fundacion centro cultural altos de chavon"],"dateCreated":"2012-05-11T04:00:00Z","datePublished":"2012-05-11T04:00:00Z","dateModified":"2022-10-21T22:41:53Z"},"rendered":"<script type=\"application\/ld+json\" class=\"wp-parsely-metadata\">{\"@context\":\"https:\\\/\\\/schema.org\",\"@type\":\"NewsArticle\",\"headline\":\"La exposici\\u00f3n \\u00abFin de A\\u00f1o\\u00bb de la Escuela de Arte y Dise\\u00f1o de Altos de Chav\\u00f3n ser\\u00e1 inaugurada el s\\u00e1b 12 de mayo!\",\"url\":\"http:\\\/\\\/casadecampoliving.com\\\/es\\\/la-exposicion-fin-de-ano-de-la-escuela-de-arte-y-diseno-de-altos-de-chavon-sera-inaugurada-el-sab-12-de-mayo\\\/\",\"mainEntityOfPage\":{\"@type\":\"WebPage\",\"@id\":\"http:\\\/\\\/casadecampoliving.com\\\/es\\\/la-exposicion-fin-de-ano-de-la-escuela-de-arte-y-diseno-de-altos-de-chavon-sera-inaugurada-el-sab-12-de-mayo\\\/\"},\"thumbnailUrl\":\"https:\\\/\\\/i0.wp.com\\\/casadecampoliving.com\\\/wp-content\\\/uploads\\\/2022\\\/10\\\/altos_de_chavon_students_casadecampo-1.jpg?resize=150%2C150&ssl=1\",\"image\":{\"@type\":\"ImageObject\",\"url\":\"https:\\\/\\\/i0.wp.com\\\/casadecampoliving.com\\\/wp-content\\\/uploads\\\/2022\\\/10\\\/altos_de_chavon_students_casadecampo-1.jpg?fit=565%2C366&ssl=1\"},\"articleSection\":\"Altos de Chavon @es\",\"author\":[{\"@type\":\"Person\",\"name\":\"FB_515917546\"}],\"creator\":[\"FB_515917546\"],\"publisher\":{\"@type\":\"Organization\",\"name\":\"Casa de Campo Living\",\"logo\":\"https:\\\/\\\/casadecampoliving.com\\\/wp-content\\\/uploads\\\/2022\\\/07\\\/CDCLivingLogo_V1-white-sized.png\"},\"keywords\":[\"altos de chavon\",\"escuela de arte y diseno de altos de chavon\",\"exhibicion de arte\",\"fin de ano\",\"fundacion centro cultural altos de chavon\"],\"dateCreated\":\"2012-05-11T04:00:00Z\",\"datePublished\":\"2012-05-11T04:00:00Z\",\"dateModified\":\"2022-10-21T22:41:53Z\"}<\/script>","tracker_url":"https:\/\/cdn.parsely.com\/keys\/casadecampoliving.com\/p.js"},"jetpack_publicize_connections":[],"jetpack_featured_media_url":"https:\/\/i0.wp.com\/casadecampoliving.com\/wp-content\/uploads\/2022\/10\/altos_de_chavon_students_casadecampo-1.jpg?fit=565%2C366&ssl=1","jetpack-related-posts":[{"id":339151,"url":"https:\/\/casadecampoliving.com\/es\/formidable-exhibicion-de-arte-fin-de-ano-de-la-escuela-de-arte-y-diseno-de-altos-de-chavon\/","url_meta":{"origin":338993,"position":0},"title":"Formidable exhibici\u00f3n de arte \u00abFin de A\u00f1o\u00bb de la Escuela de Arte y Dise\u00f1o de Altos de Chav\u00f3n","author":"","date":"8 Jun, 2012","format":false,"excerpt":"El pasado s\u00e1bado 13 de mayo, la clase graduanda de la Escuela de Arte y Dise\u00f1o de Altos de Chav\u00f3n, celebr\u00f3 la apertura de su exhibici\u00f3n de arte \"Fin de A\u00f1o\", en la galer\u00eda de arte de Altos de Chav\u00f3n, en donde orgullosos, los ya profesionales mostraron su trabajo a\u2026","rel":"","context":"En \u00abAltos de Chavon @es\u00bb","block_context":{"text":"Altos de Chavon @es","link":"https:\/\/casadecampoliving.com\/category\/altos-de-chavon-es\/"},"img":{"alt_text":"altos de chavon school of design","src":"https:\/\/i0.wp.com\/casadecampoliving.com\/wp-content\/uploads\/2022\/10\/altos_de_chavon_school_design1-1.jpg?fit=650%2C374&ssl=1&resize=350%2C200","width":350,"height":200,"srcset":"https:\/\/i0.wp.com\/casadecampoliving.com\/wp-content\/uploads\/2022\/10\/altos_de_chavon_school_design1-1.jpg?fit=650%2C374&ssl=1&resize=350%2C200 1x, https:\/\/i0.wp.com\/casadecampoliving.com\/wp-content\/uploads\/2022\/10\/altos_de_chavon_school_design1-1.jpg?fit=650%2C374&ssl=1&resize=525%2C300 1.5x"},"classes":[]},{"id":344391,"url":"https:\/\/casadecampoliving.com\/es\/exhibicion-de-arte-por-los-estudiantes-de-la-escuela-de-arte-y-diseno-altos-de-chavon\/","url_meta":{"origin":338993,"position":1},"title":"Exhibici\u00f3n de arte por los estudiantes de la Escuela de Dise\u00f1o de Altos de Chav\u00f3n","author":"Perkin Agramonte","date":"16 May, 2014","format":false,"excerpt":"La exhibici\u00f3n de arte de \"Fin de A\u00f1o\" presentada por la clase graduanda 2014 de la Escuela de arte y Dise\u00f1o Altos de Chav\u00f3n se encuentra abierta para el disfrute de todos nosotros. Sin embargo, la exhibici\u00f3n estar\u00e1 solo hasta el domingo 18 de mayo, as\u00ed que vaya a verla\u2026","rel":"","context":"En \u00abAltos de Chavon @es\u00bb","block_context":{"text":"Altos de Chavon @es","link":"https:\/\/casadecampoliving.com\/category\/altos-de-chavon-es\/"},"img":{"alt_text":"art Altos de Chavon School of Design","src":"https:\/\/i0.wp.com\/casadecampoliving.com\/wp-content\/uploads\/2022\/10\/arte_altos_de_chavon_escuela_de_diseno-1.jpg?fit=650%2C430&ssl=1&resize=350%2C200","width":350,"height":200,"srcset":"https:\/\/i0.wp.com\/casadecampoliving.com\/wp-content\/uploads\/2022\/10\/arte_altos_de_chavon_escuela_de_diseno-1.jpg?fit=650%2C430&ssl=1&resize=350%2C200 1x, https:\/\/i0.wp.com\/casadecampoliving.com\/wp-content\/uploads\/2022\/10\/arte_altos_de_chavon_escuela_de_diseno-1.jpg?fit=650%2C430&ssl=1&resize=525%2C300 1.5x"},"classes":[]},{"id":341445,"url":"https:\/\/casadecampoliving.com\/es\/la-escuela-de-diseno-de-altos-de-chavon-le-invita-a-la-29va-muestra-de-los-trabajos-de-sus-estudiantes\/","url_meta":{"origin":338993,"position":2},"title":"La Escuela de Dise\u00f1o de Altos de Chav\u00f3n le invita a la 29va muestra de los trabajos de sus estudiantes","author":"Mairobi Herrera","date":"15 May, 2013","format":false,"excerpt":"A partir de esta noche, 15 de mayo, \u00a0y solo por cuatro d\u00edas (hasta el domingo 19 de mayo), estar\u00e1 en exhibici\u00f3n, en La Galer\u00eda en Altos de Chav\u00f3n, las tesis de los graduandos de la Escuela de Dise\u00f1o de Altos de Altos de Chav\u00f3n, relacionadas con ilustraci\u00f3n, Bellas Artes\u2026","rel":"","context":"En \u00abAltos de Chavon @es\u00bb","block_context":{"text":"Altos de Chavon @es","link":"https:\/\/casadecampoliving.com\/category\/altos-de-chavon-es\/"},"img":{"alt_text":"altos de chavon school of design art","src":"https:\/\/i0.wp.com\/casadecampoliving.com\/wp-content\/uploads\/2022\/10\/alots-de-chavon-school-of-design-school-1.jpg?fit=650%2C488&ssl=1&resize=350%2C200","width":350,"height":200,"srcset":"https:\/\/i0.wp.com\/casadecampoliving.com\/wp-content\/uploads\/2022\/10\/alots-de-chavon-school-of-design-school-1.jpg?fit=650%2C488&ssl=1&resize=350%2C200 1x, https:\/\/i0.wp.com\/casadecampoliving.com\/wp-content\/uploads\/2022\/10\/alots-de-chavon-school-of-design-school-1.jpg?fit=650%2C488&ssl=1&resize=525%2C300 1.5x"},"classes":[]},{"id":353437,"url":"https:\/\/casadecampoliving.com\/es\/join-the-chavon-school-of-design-this-friday-for-their-35th-graduation-ceremony-and-end-of-year-exhibit\/","url_meta":{"origin":338993,"position":3},"title":"\u00danase a Chav\u00f3n Escuela de Dise\u00f1o este viernes para la 35\u00aa ceremonia de graduaci\u00f3n y la exhibici\u00f3n de fin de a\u00f1o","author":"Casa de Campo Living","date":"13 May, 2019","format":false,"excerpt":"Hace 37 a\u00f1os, la Escuela de Dise\u00f1o Altos de Chav\u00f3n abri\u00f3 sus puertas a personas con talento que quer\u00edan ampliar sus conocimientos en bellas artes. Este viernes, 17 de mayo, la escuela celebrar\u00e1 su 35\u00aa graduaci\u00f3n que se llevar\u00e1 a cabo en el anfiteatro. \u00a1Esta ser\u00e1 la segunda graduaci\u00f3n para\u2026","rel":"","context":"En \u00abAltos de Chavon @es\u00bb","block_context":{"text":"Altos de Chavon @es","link":"https:\/\/casadecampoliving.com\/category\/altos-de-chavon-es\/"},"img":{"alt_text":"","src":"https:\/\/i0.wp.com\/casadecampoliving.com\/wp-content\/uploads\/2022\/10\/IMG_8925.jpg?fit=1000%2C613&ssl=1&resize=350%2C200","width":350,"height":200,"srcset":"https:\/\/i0.wp.com\/casadecampoliving.com\/wp-content\/uploads\/2022\/10\/IMG_8925.jpg?fit=1000%2C613&ssl=1&resize=350%2C200 1x, https:\/\/i0.wp.com\/casadecampoliving.com\/wp-content\/uploads\/2022\/10\/IMG_8925.jpg?fit=1000%2C613&ssl=1&resize=525%2C300 1.5x, https:\/\/i0.wp.com\/casadecampoliving.com\/wp-content\/uploads\/2022\/10\/IMG_8925.jpg?fit=1000%2C613&ssl=1&resize=700%2C400 2x"},"classes":[]},{"id":351459,"url":"https:\/\/casadecampoliving.com\/es\/casi-estamos-felicitando-la-clase-graduanda-2017-de-la-escuela-de-diseno-altos-de-chavon\/","url_meta":{"origin":338993,"position":4},"title":"\u00a1Casi estamos felicitando a la clase graduanda 2017 de la Escuela de Dise\u00f1o Altos de Chav\u00f3n!","author":"Marlenys Guzm\u00e1n Casta\u00f1os","date":"4 May, 2017","format":false,"excerpt":"La 33\u00aa graduaci\u00f3n de la Escuela de Dise\u00f1o Altos de Chav\u00f3n se celebrar\u00e1 el s\u00e1bado 13 de mayo en la Plaza Chav\u00f3n frente a la iglesia de San Estanislao. M\u00e1s de sesenta estudiantes vestiran sus togas y birretes y marcar\u00e1n un hito en sus vidas, comenzando un nuevo cap\u00edtulo como\u2026","rel":"","context":"En \u00abAltos de Chavon @es\u00bb","block_context":{"text":"Altos de Chavon @es","link":"https:\/\/casadecampoliving.com\/category\/altos-de-chavon-es\/"},"img":{"alt_text":"","src":"https:\/\/i0.wp.com\/casadecampoliving.com\/wp-content\/uploads\/2022\/10\/Graduacion_XXXII-3.jpg?fit=1200%2C800&ssl=1&resize=350%2C200","width":350,"height":200,"srcset":"https:\/\/i0.wp.com\/casadecampoliving.com\/wp-content\/uploads\/2022\/10\/Graduacion_XXXII-3.jpg?fit=1200%2C800&ssl=1&resize=350%2C200 1x, https:\/\/i0.wp.com\/casadecampoliving.com\/wp-content\/uploads\/2022\/10\/Graduacion_XXXII-3.jpg?fit=1200%2C800&ssl=1&resize=525%2C300 1.5x, https:\/\/i0.wp.com\/casadecampoliving.com\/wp-content\/uploads\/2022\/10\/Graduacion_XXXII-3.jpg?fit=1200%2C800&ssl=1&resize=700%2C400 2x, https:\/\/i0.wp.com\/casadecampoliving.com\/wp-content\/uploads\/2022\/10\/Graduacion_XXXII-3.jpg?fit=1200%2C800&ssl=1&resize=1050%2C600 3x"},"classes":[]},{"id":338893,"url":"https:\/\/casadecampoliving.com\/es\/la-apertura-de-expresiones-la-nueva-exhibicion-de-arte-de-altos-de-chavon\/","url_meta":{"origin":338993,"position":5},"title":"La apertura de \u00abExpresiones\u00bb la nueva exhibici\u00f3n de arte de Altos de Chav\u00f3n","author":"","date":"5 May, 2012","format":false,"excerpt":"El pasado jueves 26 de abril, la apertura de la nueva exhibici\u00f3n de arte, \"Expresiones\", fue celebrada en la galer\u00eda de arte de Altos de Chav\u00f3n con una gran cantidad de asistentes disfrutaron de las majestuosas obras de arte realizadas por los estudiantes de primer a\u00f1o de la Escuela de\u2026","rel":"","context":"En \u00abAltos de Chavon @es\u00bb","block_context":{"text":"Altos de Chavon @es","link":"https:\/\/casadecampoliving.com\/category\/altos-de-chavon-es\/"},"img":{"alt_text":"","src":"https:\/\/i0.wp.com\/casadecampoliving.com\/wp-content\/uploads\/2022\/10\/arte_altos_de_chavon4-1.jpg?fit=650%2C405&ssl=1&resize=350%2C200","width":350,"height":200,"srcset":"https:\/\/i0.wp.com\/casadecampoliving.com\/wp-content\/uploads\/2022\/10\/arte_altos_de_chavon4-1.jpg?fit=650%2C405&ssl=1&resize=350%2C200 1x, https:\/\/i0.wp.com\/casadecampoliving.com\/wp-content\/uploads\/2022\/10\/arte_altos_de_chavon4-1.jpg?fit=650%2C405&ssl=1&resize=525%2C300 1.5x"},"classes":[]}],"jetpack_sharing_enabled":true,"_links":{"self":[{"href":"https:\/\/casadecampoliving.com\/es\/wp-json\/wp\/v2\/posts\/338993","targetHints":{"allow":["GET"]}}],"collection":[{"href":"https:\/\/casadecampoliving.com\/es\/wp-json\/wp\/v2\/posts"}],"about":[{"href":"https:\/\/casadecampoliving.com\/es\/wp-json\/wp\/v2\/types\/post"}],"author":[{"embeddable":true,"href":"https:\/\/casadecampoliving.com\/es\/wp-json\/wp\/v2\/users\/21"}],"replies":[{"embeddable":true,"href":"https:\/\/casadecampoliving.com\/es\/wp-json\/wp\/v2\/comments?post=338993"}],"version-history":[{"count":1,"href":"https:\/\/casadecampoliving.com\/es\/wp-json\/wp\/v2\/posts\/338993\/revisions"}],"predecessor-version":[{"id":338994,"href":"https:\/\/casadecampoliving.com\/es\/wp-json\/wp\/v2\/posts\/338993\/revisions\/338994"}],"wp:featuredmedia":[{"embeddable":true,"href":"https:\/\/casadecampoliving.com\/es\/wp-json\/wp\/v2\/media\/231448"}],"wp:attachment":[{"href":"https:\/\/casadecampoliving.com\/es\/wp-json\/wp\/v2\/media?parent=338993"}],"wp:term":[{"taxonomy":"category","embeddable":true,"href":"https:\/\/casadecampoliving.com\/es\/wp-json\/wp\/v2\/categories?post=338993"},{"taxonomy":"post_tag","embeddable":true,"href":"https:\/\/casadecampoliving.com\/es\/wp-json\/wp\/v2\/tags?post=338993"},{"taxonomy":"newspack_spnsrs_tax","embeddable":true,"href":"https:\/\/casadecampoliving.com\/es\/wp-json\/wp\/v2\/newspack_spnsrs_tax?post=338993"}],"curies":[{"name":"wp","href":"https:\/\/api.w.org\/{rel}","templated":true}]}}