{"id":338875,"date":"2012-04-26T00:00:00","date_gmt":"2012-04-26T04:00:00","guid":{"rendered":"https:\/\/casadecampoliving.com\/hoy-es-el-dia-de-la-secretaria\/"},"modified":"2022-10-21T18:49:32","modified_gmt":"2022-10-21T22:49:32","slug":"hoy-es-el-dia-de-la-secretaria","status":"publish","type":"post","link":"https:\/\/casadecampoliving.com\/es\/hoy-es-el-dia-de-la-secretaria\/","title":{"rendered":"\u00a1Hoy es el d\u00eda de la Secretaria!"},"content":{"rendered":"<div class=\"wp-block-image\">\n<figure class=\"aligncenter is-resized\"><img loading=\"lazy\" decoding=\"async\" src=\"https:\/\/i0.wp.com\/casadecampoliving.com\/wp-content\/uploads\/2022\/10\/silgon-3.jpg?resize=650%2C410&amp;ssl=1\" alt=\"silgon\" title=\"silgon\" height=\"410\" width=\"650\"\/><\/figure>\n<\/div>\n\n\n<p>Desde tiempos remotos, el d\u00eda 26 de abril es una fecha en la que se celebra el trabajo y dedicaci\u00f3n de magn\u00edficos seres en nuestro ambiente de trabajo. \u00a1Hoy se celebra el \u201cD\u00eda Nacional de la Secretaria\u201d en la Rep\u00fablica Dominicana!<\/p>\n\n\n\n<!--more-->\n\n\n<div class=\"wp-block-image\">\n<figure class=\"alignright is-resized\"><img loading=\"lazy\" decoding=\"async\" src=\"https:\/\/i0.wp.com\/casadecampoliving.com\/wp-content\/uploads\/2022\/10\/rosanna.jpg?resize=250%2C264&amp;ssl=1\" alt=\"rosanna\" class=\"wp-image-49278\" title=\"rosanna\" height=\"264\" width=\"250\"\/><\/figure>\n<\/div>\n\n\n<p>Aunque algunas veces este d\u00eda suele ser olvidado por algunos, hoy nos gustar\u00eda felicitar y agradecer a cada una\/o de las secretarias y secretarios de Casa de Campo y de nuestro pa\u00eds, en especial a Rosanna Ram\u00edrez, de esta empresa Silgon, Inc. (creadores de la revista CasaLife y el sitio Casa de Campo Living), por el profesionalismo y la responsabilidad con las que realizan d\u00eda con d\u00eda esta magn\u00edfica labor.<\/p>\n\n\n\n<p>El motivo de celebrarlo en esta fecha, se debe a que su origen radica en el \u201cD\u00eda de la Secretaria Interamericana\u201d, acordada en memoria del primer Congreso Interamericano de Secretarias realizado en 1970, donde se fund\u00f3 la \u201cFederaci\u00f3n Interamericana de Asociaciones de Secretarias\u201d (FIAS).<\/p>\n\n\n\n<p>\u00a1As\u00ed que si a\u00fan no le ha regalado flores, chocolates o una gran sonrisa a su secretaria, a\u00fan est\u00e1 a tiempo!<\/p>\n\n\n\n<p>\u00a1\u00a1Muchas felicidades y gracias por su entrega!!<\/p>\n","protected":false},"excerpt":{"rendered":"<p>Desde tiempos remotos, el d\u00eda 26 de abril es una fecha en la que se celebra el trabajo y dedicaci\u00f3n de magn\u00edficos seres en nuestro ambiente de trabajo. \u00a1Hoy se celebra el \u201cD\u00eda Nacional de la Secretaria\u201d en la Rep\u00fablica Dominicana!<\/p>\n","protected":false},"author":21,"featured_media":226322,"comment_status":"closed","ping_status":"closed","sticky":false,"template":"","format":"standard","meta":{"newspack_ads_suppress_ads":false,"newspack_popups_has_disabled_popups":false,"newspack_sponsor_sponsorship_scope":"","newspack_sponsor_native_byline_display":"inherit","newspack_sponsor_native_category_display":"inherit","newspack_sponsor_underwriter_style":"inherit","newspack_sponsor_underwriter_placement":"inherit","_newspack_byline_active":false,"_newspack_byline":"","newspack_hide_updated_date":false,"newspack_show_updated_date":false,"newspack_content_restriction_is_exempt":false,"newspack_featured_image_position":"","newspack_post_subtitle":"","newspack_article_summary_title":"Overview:","newspack_article_summary":"","_jetpack_memberships_contains_paid_content":false,"footnotes":"","jetpack_publicize_message":"","jetpack_publicize_feature_enabled":true,"jetpack_social_post_already_shared":false,"jetpack_social_options":{"image_generator_settings":{"template":"highway","default_image_id":0,"font":"","enabled":false},"version":2},"_wpas_customize_per_network":false},"categories":[14631,14625,2521],"tags":[14777,4281],"newspack_spnsrs_tax":[],"class_list":["post-338875","post","type-post","status-publish","format-standard","has-post-thumbnail","hentry","category-estilo-de-vida","category-noticias-locales","category-republica-dominicana-2","tag-republica-dominicana-es-18","tag-tradiciones-dominicanas","entry"],"yoast_head":"<!-- This site is optimized with the Yoast SEO plugin v27.5 - https:\/\/yoast.com\/product\/yoast-seo-wordpress\/ -->\n<title>\u00a1Hoy es el d\u00eda de la Secretaria! | Casa de Campo Living<\/title>\n<meta name=\"description\" content=\"Desde tiempos remotos, el d\u00eda 26 de abril es una fecha en la que se celebra el trabajo y dedicaci\u00f3n de magn\u00edficos seres en nuestro ambiente de trabajo.\" \/>\n<meta name=\"robots\" content=\"index, follow, max-snippet:-1, max-image-preview:large, max-video-preview:-1\" \/>\n<link rel=\"canonical\" href=\"https:\/\/casadecampoliving.com\/es\/hoy-es-el-dia-de-la-secretaria\/\" \/>\n<meta property=\"og:locale\" content=\"es_ES\" \/>\n<meta property=\"og:type\" content=\"article\" \/>\n<meta property=\"og:title\" content=\"\u00a1Hoy es el d\u00eda de la Secretaria! | Casa de Campo Living\" \/>\n<meta property=\"og:description\" content=\"Desde tiempos remotos, el d\u00eda 26 de abril es una fecha en la que se celebra el trabajo y dedicaci\u00f3n de magn\u00edficos seres en nuestro ambiente de trabajo.\" \/>\n<meta property=\"og:url\" content=\"https:\/\/casadecampoliving.com\/es\/hoy-es-el-dia-de-la-secretaria\/\" \/>\n<meta property=\"og:site_name\" content=\"Casa de Campo Living\" \/>\n<meta property=\"article:publisher\" content=\"https:\/\/www.facebook.com\/casadecampoliving\" \/>\n<meta property=\"article:published_time\" content=\"2012-04-26T04:00:00+00:00\" \/>\n<meta property=\"article:modified_time\" content=\"2022-10-21T22:49:32+00:00\" \/>\n<meta property=\"og:image\" content=\"https:\/\/i0.wp.com\/casadecampoliving.com\/wp-content\/uploads\/2022\/10\/silgon-4.jpg?fit=650%2C410&ssl=1\" \/>\n\t<meta property=\"og:image:width\" content=\"650\" \/>\n\t<meta property=\"og:image:height\" content=\"410\" \/>\n\t<meta property=\"og:image:type\" content=\"image\/jpeg\" \/>\n<meta name=\"twitter:card\" content=\"summary_large_image\" \/>\n<meta name=\"twitter:creator\" content=\"@cdcliving\" \/>\n<meta name=\"twitter:site\" content=\"@cdcliving\" \/>\n<meta name=\"twitter:label1\" content=\"Escrito por\" \/>\n\t<meta name=\"twitter:data1\" content=\"\" \/>\n\t<meta name=\"twitter:label2\" content=\"Tiempo de lectura\" \/>\n\t<meta name=\"twitter:data2\" content=\"1 minuto\" \/>\n<script type=\"application\/ld+json\" class=\"yoast-schema-graph\">{\"@context\":\"https:\\\/\\\/schema.org\",\"@graph\":[{\"@type\":\"Article\",\"@id\":\"https:\\\/\\\/casadecampoliving.com\\\/es\\\/hoy-es-el-dia-de-la-secretaria\\\/#article\",\"isPartOf\":{\"@id\":\"https:\\\/\\\/casadecampoliving.com\\\/es\\\/hoy-es-el-dia-de-la-secretaria\\\/\"},\"author\":{\"name\":\"\",\"@id\":\"https:\\\/\\\/casadecampoliving.com\\\/es\\\/#\\\/schema\\\/person\\\/7e3b975d584a5f6ac0fd7128a81b0bc5\"},\"headline\":\"\u00a1Hoy es el d\u00eda de la Secretaria!\",\"datePublished\":\"2012-04-26T04:00:00+00:00\",\"dateModified\":\"2022-10-21T22:49:32+00:00\",\"mainEntityOfPage\":{\"@id\":\"https:\\\/\\\/casadecampoliving.com\\\/es\\\/hoy-es-el-dia-de-la-secretaria\\\/\"},\"wordCount\":206,\"publisher\":{\"@id\":\"https:\\\/\\\/casadecampoliving.com\\\/es\\\/#organization\"},\"image\":{\"@id\":\"https:\\\/\\\/casadecampoliving.com\\\/es\\\/hoy-es-el-dia-de-la-secretaria\\\/#primaryimage\"},\"thumbnailUrl\":\"https:\\\/\\\/i0.wp.com\\\/casadecampoliving.com\\\/wp-content\\\/uploads\\\/2022\\\/10\\\/silgon-4.jpg?fit=650%2C410&ssl=1\",\"keywords\":[\"Republica Dominicana\",\"tradiciones dominicanas\"],\"articleSection\":[\"Estilo de Vida\",\"Noticias Locales\",\"Rep\u00fablica Dominicana @es\"],\"inLanguage\":\"es\"},{\"@type\":\"WebPage\",\"@id\":\"https:\\\/\\\/casadecampoliving.com\\\/es\\\/hoy-es-el-dia-de-la-secretaria\\\/\",\"url\":\"https:\\\/\\\/casadecampoliving.com\\\/es\\\/hoy-es-el-dia-de-la-secretaria\\\/\",\"name\":\"\u00a1Hoy es el d\u00eda de la Secretaria! | Casa de Campo Living\",\"isPartOf\":{\"@id\":\"https:\\\/\\\/casadecampoliving.com\\\/es\\\/#website\"},\"primaryImageOfPage\":{\"@id\":\"https:\\\/\\\/casadecampoliving.com\\\/es\\\/hoy-es-el-dia-de-la-secretaria\\\/#primaryimage\"},\"image\":{\"@id\":\"https:\\\/\\\/casadecampoliving.com\\\/es\\\/hoy-es-el-dia-de-la-secretaria\\\/#primaryimage\"},\"thumbnailUrl\":\"https:\\\/\\\/i0.wp.com\\\/casadecampoliving.com\\\/wp-content\\\/uploads\\\/2022\\\/10\\\/silgon-4.jpg?fit=650%2C410&ssl=1\",\"datePublished\":\"2012-04-26T04:00:00+00:00\",\"dateModified\":\"2022-10-21T22:49:32+00:00\",\"description\":\"Desde tiempos remotos, el d\u00eda 26 de abril es una fecha en la que se celebra el trabajo y dedicaci\u00f3n de magn\u00edficos seres en nuestro ambiente de trabajo.\",\"breadcrumb\":{\"@id\":\"https:\\\/\\\/casadecampoliving.com\\\/es\\\/hoy-es-el-dia-de-la-secretaria\\\/#breadcrumb\"},\"inLanguage\":\"es\",\"potentialAction\":[{\"@type\":\"ReadAction\",\"target\":[\"https:\\\/\\\/casadecampoliving.com\\\/es\\\/hoy-es-el-dia-de-la-secretaria\\\/\"]}]},{\"@type\":\"ImageObject\",\"inLanguage\":\"es\",\"@id\":\"https:\\\/\\\/casadecampoliving.com\\\/es\\\/hoy-es-el-dia-de-la-secretaria\\\/#primaryimage\",\"url\":\"https:\\\/\\\/i0.wp.com\\\/casadecampoliving.com\\\/wp-content\\\/uploads\\\/2022\\\/10\\\/silgon-4.jpg?fit=650%2C410&ssl=1\",\"contentUrl\":\"https:\\\/\\\/i0.wp.com\\\/casadecampoliving.com\\\/wp-content\\\/uploads\\\/2022\\\/10\\\/silgon-4.jpg?fit=650%2C410&ssl=1\",\"width\":650,\"height\":410,\"caption\":\"silgon\"},{\"@type\":\"BreadcrumbList\",\"@id\":\"https:\\\/\\\/casadecampoliving.com\\\/es\\\/hoy-es-el-dia-de-la-secretaria\\\/#breadcrumb\",\"itemListElement\":[{\"@type\":\"ListItem\",\"position\":1,\"name\":\"Home\",\"item\":\"https:\\\/\\\/casadecampoliving.com\\\/es\\\/\"},{\"@type\":\"ListItem\",\"position\":2,\"name\":\"\u00a1Hoy es el d\u00eda de la Secretaria!\"}]},{\"@type\":\"WebSite\",\"@id\":\"https:\\\/\\\/casadecampoliving.com\\\/es\\\/#website\",\"url\":\"https:\\\/\\\/casadecampoliving.com\\\/es\\\/\",\"name\":\"Casa de Campo Living\",\"description\":\"Resort community news and resources.\",\"publisher\":{\"@id\":\"https:\\\/\\\/casadecampoliving.com\\\/es\\\/#organization\"},\"potentialAction\":[{\"@type\":\"SearchAction\",\"target\":{\"@type\":\"EntryPoint\",\"urlTemplate\":\"https:\\\/\\\/casadecampoliving.com\\\/es\\\/?s={search_term_string}\"},\"query-input\":{\"@type\":\"PropertyValueSpecification\",\"valueRequired\":true,\"valueName\":\"search_term_string\"}}],\"inLanguage\":\"es\"},{\"@type\":\"Organization\",\"@id\":\"https:\\\/\\\/casadecampoliving.com\\\/es\\\/#organization\",\"name\":\"Casa de Campo Living\",\"url\":\"https:\\\/\\\/casadecampoliving.com\\\/es\\\/\",\"logo\":{\"@type\":\"ImageObject\",\"inLanguage\":\"es\",\"@id\":\"https:\\\/\\\/casadecampoliving.com\\\/es\\\/#\\\/schema\\\/logo\\\/image\\\/\",\"url\":\"https:\\\/\\\/i0.wp.com\\\/casadecampoliving.com\\\/wp-content\\\/uploads\\\/2022\\\/07\\\/CDCLivingLogo_V1-white-sized.png?fit=800%2C214&ssl=1\",\"contentUrl\":\"https:\\\/\\\/i0.wp.com\\\/casadecampoliving.com\\\/wp-content\\\/uploads\\\/2022\\\/07\\\/CDCLivingLogo_V1-white-sized.png?fit=800%2C214&ssl=1\",\"width\":800,\"height\":214,\"caption\":\"Casa de Campo Living\"},\"image\":{\"@id\":\"https:\\\/\\\/casadecampoliving.com\\\/es\\\/#\\\/schema\\\/logo\\\/image\\\/\"},\"sameAs\":[\"https:\\\/\\\/www.facebook.com\\\/casadecampoliving\",\"https:\\\/\\\/x.com\\\/cdcliving\"]},{\"@type\":\"Person\",\"@id\":\"https:\\\/\\\/casadecampoliving.com\\\/es\\\/#\\\/schema\\\/person\\\/7e3b975d584a5f6ac0fd7128a81b0bc5\",\"name\":\"\",\"image\":{\"@type\":\"ImageObject\",\"inLanguage\":\"es\",\"@id\":\"https:\\\/\\\/secure.gravatar.com\\\/avatar\\\/?s=96&d=mm&r=g\",\"url\":\"https:\\\/\\\/secure.gravatar.com\\\/avatar\\\/?s=96&d=mm&r=g\",\"contentUrl\":\"https:\\\/\\\/secure.gravatar.com\\\/avatar\\\/?s=96&d=mm&r=g\"},\"url\":\"https:\\\/\\\/casadecampoliving.com\\\/es\\\/author\\\/ \\\/\"}]}<\/script>\n<!-- \/ Yoast SEO plugin. -->","yoast_head_json":{"title":"\u00a1Hoy es el d\u00eda de la Secretaria! | Casa de Campo Living","description":"Desde tiempos remotos, el d\u00eda 26 de abril es una fecha en la que se celebra el trabajo y dedicaci\u00f3n de magn\u00edficos seres en nuestro ambiente de trabajo.","robots":{"index":"index","follow":"follow","max-snippet":"max-snippet:-1","max-image-preview":"max-image-preview:large","max-video-preview":"max-video-preview:-1"},"canonical":"https:\/\/casadecampoliving.com\/es\/hoy-es-el-dia-de-la-secretaria\/","og_locale":"es_ES","og_type":"article","og_title":"\u00a1Hoy es el d\u00eda de la Secretaria! | Casa de Campo Living","og_description":"Desde tiempos remotos, el d\u00eda 26 de abril es una fecha en la que se celebra el trabajo y dedicaci\u00f3n de magn\u00edficos seres en nuestro ambiente de trabajo.","og_url":"https:\/\/casadecampoliving.com\/es\/hoy-es-el-dia-de-la-secretaria\/","og_site_name":"Casa de Campo Living","article_publisher":"https:\/\/www.facebook.com\/casadecampoliving","article_published_time":"2012-04-26T04:00:00+00:00","article_modified_time":"2022-10-21T22:49:32+00:00","og_image":[{"width":650,"height":410,"url":"https:\/\/i0.wp.com\/casadecampoliving.com\/wp-content\/uploads\/2022\/10\/silgon-4.jpg?fit=650%2C410&ssl=1","type":"image\/jpeg"}],"twitter_card":"summary_large_image","twitter_creator":"@cdcliving","twitter_site":"@cdcliving","twitter_misc":{"Escrito por":"","Tiempo de lectura":"1 minuto"},"schema":{"@context":"https:\/\/schema.org","@graph":[{"@type":"Article","@id":"https:\/\/casadecampoliving.com\/es\/hoy-es-el-dia-de-la-secretaria\/#article","isPartOf":{"@id":"https:\/\/casadecampoliving.com\/es\/hoy-es-el-dia-de-la-secretaria\/"},"author":{"name":"","@id":"https:\/\/casadecampoliving.com\/es\/#\/schema\/person\/7e3b975d584a5f6ac0fd7128a81b0bc5"},"headline":"\u00a1Hoy es el d\u00eda de la Secretaria!","datePublished":"2012-04-26T04:00:00+00:00","dateModified":"2022-10-21T22:49:32+00:00","mainEntityOfPage":{"@id":"https:\/\/casadecampoliving.com\/es\/hoy-es-el-dia-de-la-secretaria\/"},"wordCount":206,"publisher":{"@id":"https:\/\/casadecampoliving.com\/es\/#organization"},"image":{"@id":"https:\/\/casadecampoliving.com\/es\/hoy-es-el-dia-de-la-secretaria\/#primaryimage"},"thumbnailUrl":"https:\/\/i0.wp.com\/casadecampoliving.com\/wp-content\/uploads\/2022\/10\/silgon-4.jpg?fit=650%2C410&ssl=1","keywords":["Republica Dominicana","tradiciones dominicanas"],"articleSection":["Estilo de Vida","Noticias Locales","Rep\u00fablica Dominicana @es"],"inLanguage":"es"},{"@type":"WebPage","@id":"https:\/\/casadecampoliving.com\/es\/hoy-es-el-dia-de-la-secretaria\/","url":"https:\/\/casadecampoliving.com\/es\/hoy-es-el-dia-de-la-secretaria\/","name":"\u00a1Hoy es el d\u00eda de la Secretaria! | Casa de Campo Living","isPartOf":{"@id":"https:\/\/casadecampoliving.com\/es\/#website"},"primaryImageOfPage":{"@id":"https:\/\/casadecampoliving.com\/es\/hoy-es-el-dia-de-la-secretaria\/#primaryimage"},"image":{"@id":"https:\/\/casadecampoliving.com\/es\/hoy-es-el-dia-de-la-secretaria\/#primaryimage"},"thumbnailUrl":"https:\/\/i0.wp.com\/casadecampoliving.com\/wp-content\/uploads\/2022\/10\/silgon-4.jpg?fit=650%2C410&ssl=1","datePublished":"2012-04-26T04:00:00+00:00","dateModified":"2022-10-21T22:49:32+00:00","description":"Desde tiempos remotos, el d\u00eda 26 de abril es una fecha en la que se celebra el trabajo y dedicaci\u00f3n de magn\u00edficos seres en nuestro ambiente de trabajo.","breadcrumb":{"@id":"https:\/\/casadecampoliving.com\/es\/hoy-es-el-dia-de-la-secretaria\/#breadcrumb"},"inLanguage":"es","potentialAction":[{"@type":"ReadAction","target":["https:\/\/casadecampoliving.com\/es\/hoy-es-el-dia-de-la-secretaria\/"]}]},{"@type":"ImageObject","inLanguage":"es","@id":"https:\/\/casadecampoliving.com\/es\/hoy-es-el-dia-de-la-secretaria\/#primaryimage","url":"https:\/\/i0.wp.com\/casadecampoliving.com\/wp-content\/uploads\/2022\/10\/silgon-4.jpg?fit=650%2C410&ssl=1","contentUrl":"https:\/\/i0.wp.com\/casadecampoliving.com\/wp-content\/uploads\/2022\/10\/silgon-4.jpg?fit=650%2C410&ssl=1","width":650,"height":410,"caption":"silgon"},{"@type":"BreadcrumbList","@id":"https:\/\/casadecampoliving.com\/es\/hoy-es-el-dia-de-la-secretaria\/#breadcrumb","itemListElement":[{"@type":"ListItem","position":1,"name":"Home","item":"https:\/\/casadecampoliving.com\/es\/"},{"@type":"ListItem","position":2,"name":"\u00a1Hoy es el d\u00eda de la Secretaria!"}]},{"@type":"WebSite","@id":"https:\/\/casadecampoliving.com\/es\/#website","url":"https:\/\/casadecampoliving.com\/es\/","name":"Casa de Campo Living","description":"Resort community news and resources.","publisher":{"@id":"https:\/\/casadecampoliving.com\/es\/#organization"},"potentialAction":[{"@type":"SearchAction","target":{"@type":"EntryPoint","urlTemplate":"https:\/\/casadecampoliving.com\/es\/?s={search_term_string}"},"query-input":{"@type":"PropertyValueSpecification","valueRequired":true,"valueName":"search_term_string"}}],"inLanguage":"es"},{"@type":"Organization","@id":"https:\/\/casadecampoliving.com\/es\/#organization","name":"Casa de Campo Living","url":"https:\/\/casadecampoliving.com\/es\/","logo":{"@type":"ImageObject","inLanguage":"es","@id":"https:\/\/casadecampoliving.com\/es\/#\/schema\/logo\/image\/","url":"https:\/\/i0.wp.com\/casadecampoliving.com\/wp-content\/uploads\/2022\/07\/CDCLivingLogo_V1-white-sized.png?fit=800%2C214&ssl=1","contentUrl":"https:\/\/i0.wp.com\/casadecampoliving.com\/wp-content\/uploads\/2022\/07\/CDCLivingLogo_V1-white-sized.png?fit=800%2C214&ssl=1","width":800,"height":214,"caption":"Casa de Campo Living"},"image":{"@id":"https:\/\/casadecampoliving.com\/es\/#\/schema\/logo\/image\/"},"sameAs":["https:\/\/www.facebook.com\/casadecampoliving","https:\/\/x.com\/cdcliving"]},{"@type":"Person","@id":"https:\/\/casadecampoliving.com\/es\/#\/schema\/person\/7e3b975d584a5f6ac0fd7128a81b0bc5","name":"","image":{"@type":"ImageObject","inLanguage":"es","@id":"https:\/\/secure.gravatar.com\/avatar\/?s=96&d=mm&r=g","url":"https:\/\/secure.gravatar.com\/avatar\/?s=96&d=mm&r=g","contentUrl":"https:\/\/secure.gravatar.com\/avatar\/?s=96&d=mm&r=g"},"url":"https:\/\/casadecampoliving.com\/es\/author\/ \/"}]}},"parsely":{"version":"1.1.0","canonical_url":"https:\/\/casadecampoliving.com\/es\/hoy-es-el-dia-de-la-secretaria\/","smart_links":{"inbound":0,"outbound":0},"traffic_boost_suggestions_count":0,"meta":{"@context":"https:\/\/schema.org","@type":"NewsArticle","headline":"\u00a1Hoy es el d\u00eda de la Secretaria!","url":"http:\/\/casadecampoliving.com\/es\/hoy-es-el-dia-de-la-secretaria\/","mainEntityOfPage":{"@type":"WebPage","@id":"http:\/\/casadecampoliving.com\/es\/hoy-es-el-dia-de-la-secretaria\/"},"thumbnailUrl":"https:\/\/i0.wp.com\/casadecampoliving.com\/wp-content\/uploads\/2022\/10\/silgon-4.jpg?resize=150%2C150&ssl=1","image":{"@type":"ImageObject","url":"https:\/\/i0.wp.com\/casadecampoliving.com\/wp-content\/uploads\/2022\/10\/silgon-4.jpg?fit=650%2C410&ssl=1"},"articleSection":"Estilo de Vida","author":[{"@type":"Person","name":"FB_515917546"}],"creator":["FB_515917546"],"publisher":{"@type":"Organization","name":"Casa de Campo Living","logo":"https:\/\/casadecampoliving.com\/wp-content\/uploads\/2022\/07\/CDCLivingLogo_V1-white-sized.png"},"keywords":["republica dominicana","tradiciones dominicanas"],"dateCreated":"2012-04-26T04:00:00Z","datePublished":"2012-04-26T04:00:00Z","dateModified":"2022-10-21T22:49:32Z"},"rendered":"<script type=\"application\/ld+json\" class=\"wp-parsely-metadata\">{\"@context\":\"https:\\\/\\\/schema.org\",\"@type\":\"NewsArticle\",\"headline\":\"\\u00a1Hoy es el d\\u00eda de la Secretaria!\",\"url\":\"http:\\\/\\\/casadecampoliving.com\\\/es\\\/hoy-es-el-dia-de-la-secretaria\\\/\",\"mainEntityOfPage\":{\"@type\":\"WebPage\",\"@id\":\"http:\\\/\\\/casadecampoliving.com\\\/es\\\/hoy-es-el-dia-de-la-secretaria\\\/\"},\"thumbnailUrl\":\"https:\\\/\\\/i0.wp.com\\\/casadecampoliving.com\\\/wp-content\\\/uploads\\\/2022\\\/10\\\/silgon-4.jpg?resize=150%2C150&ssl=1\",\"image\":{\"@type\":\"ImageObject\",\"url\":\"https:\\\/\\\/i0.wp.com\\\/casadecampoliving.com\\\/wp-content\\\/uploads\\\/2022\\\/10\\\/silgon-4.jpg?fit=650%2C410&ssl=1\"},\"articleSection\":\"Estilo de Vida\",\"author\":[{\"@type\":\"Person\",\"name\":\"FB_515917546\"}],\"creator\":[\"FB_515917546\"],\"publisher\":{\"@type\":\"Organization\",\"name\":\"Casa de Campo Living\",\"logo\":\"https:\\\/\\\/casadecampoliving.com\\\/wp-content\\\/uploads\\\/2022\\\/07\\\/CDCLivingLogo_V1-white-sized.png\"},\"keywords\":[\"republica dominicana\",\"tradiciones dominicanas\"],\"dateCreated\":\"2012-04-26T04:00:00Z\",\"datePublished\":\"2012-04-26T04:00:00Z\",\"dateModified\":\"2022-10-21T22:49:32Z\"}<\/script>","tracker_url":"https:\/\/cdn.parsely.com\/keys\/casadecampoliving.com\/p.js"},"jetpack_publicize_connections":[],"jetpack_featured_media_url":"https:\/\/i0.wp.com\/casadecampoliving.com\/wp-content\/uploads\/2022\/10\/silgon-4.jpg?fit=650%2C410&ssl=1","jetpack-related-posts":[{"id":433460,"url":"https:\/\/casadecampoliving.com\/es\/no-se-pierdan-el-increible-tributo-a-frank-sinatra-para-celebrar-el-40-aniversario-del-anfiteatro-altos-de-chavon\/","url_meta":{"origin":338875,"position":0},"title":"No se pierdan el incre\u00edble tributo a Frank Sinatra para celebrar el 40 aniversario del\u00a0Anfiteatro Altos de Chav\u00f3n","author":"Casa de Campo Living","date":"20 Oct, 2022","format":false,"excerpt":"Siendo uno de los escenarios m\u00e1s emblem\u00e1ticos del pa\u00eds, Casa de Campo Resort\u00ae & Villas celebra las cuatro d\u00e9cadas de aniversario de Altos de Chav\u00f3n con un tributo al gran Frank Sinatra, protagonizado por artistas invitados y una big band tal cual la que acompa\u00f1\u00f3 al artista hace 40 a\u00f1os\u2026","rel":"","context":"En \u00abUncategorized @es\u00bb","block_context":{"text":"Uncategorized @es","link":"https:\/\/casadecampoliving.com\/es\/category\/uncategorized-es\/"},"img":{"alt_text":"","src":"https:\/\/i0.wp.com\/casadecampoliving.com\/wp-content\/uploads\/2022\/10\/Tributo-Frank-Sinatra-Foto-Principal-Amaury-Sanchez-Danilo-Ginebra-Andres-Pichardo-y-Jose-Gabriel-Perez-.jpg?fit=1200%2C873&ssl=1&resize=350%2C200","width":350,"height":200,"srcset":"https:\/\/i0.wp.com\/casadecampoliving.com\/wp-content\/uploads\/2022\/10\/Tributo-Frank-Sinatra-Foto-Principal-Amaury-Sanchez-Danilo-Ginebra-Andres-Pichardo-y-Jose-Gabriel-Perez-.jpg?fit=1200%2C873&ssl=1&resize=350%2C200 1x, https:\/\/i0.wp.com\/casadecampoliving.com\/wp-content\/uploads\/2022\/10\/Tributo-Frank-Sinatra-Foto-Principal-Amaury-Sanchez-Danilo-Ginebra-Andres-Pichardo-y-Jose-Gabriel-Perez-.jpg?fit=1200%2C873&ssl=1&resize=525%2C300 1.5x, https:\/\/i0.wp.com\/casadecampoliving.com\/wp-content\/uploads\/2022\/10\/Tributo-Frank-Sinatra-Foto-Principal-Amaury-Sanchez-Danilo-Ginebra-Andres-Pichardo-y-Jose-Gabriel-Perez-.jpg?fit=1200%2C873&ssl=1&resize=700%2C400 2x, https:\/\/i0.wp.com\/casadecampoliving.com\/wp-content\/uploads\/2022\/10\/Tributo-Frank-Sinatra-Foto-Principal-Amaury-Sanchez-Danilo-Ginebra-Andres-Pichardo-y-Jose-Gabriel-Perez-.jpg?fit=1200%2C873&ssl=1&resize=1050%2C600 3x"},"classes":[]},{"id":341673,"url":"https:\/\/casadecampoliving.com\/es\/hoy-se-celebra-el-republica-dominicana-el-dia-de-corpus-christi\/","url_meta":{"origin":338875,"position":1},"title":"\u00a1Hoy se celebra en Rep\u00fablica Dominicana el D\u00eda de Corpus Christi!","author":"Mairobi Herrera","date":"30 May, 2013","format":false,"excerpt":"Hoy jueves 30 de mayo, la Rep\u00fablica Dominicana celebra el d\u00eda de Corpus Christi, una tradici\u00f3n y pr\u00e1ctica religiosa que otros tantos pa\u00edses creyentes de la Iglesia Cat\u00f3lica, tambi\u00e9n conmemoran con muestras de gratitud y amor al Se\u00f1or, mediante la celebraci\u00f3n de la Eucarist\u00eda o Santa Cena instituida por Jesucristo\u2026","rel":"","context":"En \u00abDestacados\u00bb","block_context":{"text":"Destacados","link":"https:\/\/casadecampoliving.com\/es\/category\/destacados\/"},"img":{"alt_text":"corpus cristi","src":"https:\/\/i0.wp.com\/casadecampoliving.com\/wp-content\/uploads\/2022\/10\/corpus_cristi-1.jpg?fit=650%2C433&ssl=1&resize=350%2C200","width":350,"height":200,"srcset":"https:\/\/i0.wp.com\/casadecampoliving.com\/wp-content\/uploads\/2022\/10\/corpus_cristi-1.jpg?fit=650%2C433&ssl=1&resize=350%2C200 1x, https:\/\/i0.wp.com\/casadecampoliving.com\/wp-content\/uploads\/2022\/10\/corpus_cristi-1.jpg?fit=650%2C433&ssl=1&resize=525%2C300 1.5x"},"classes":[]},{"id":344946,"url":"https:\/\/casadecampoliving.com\/es\/hoy-se-celebra-el-dia-de-identidad-y-diversidad-cultural\/","url_meta":{"origin":338875,"position":2},"title":"Hoy se celebra el D\u00eda de Identidad y Diversidad Cultural","author":"Emil Mella","date":"12 Oct, 2014","format":false,"excerpt":"Tambi\u00e9n conocido como D\u00eda de Col\u00f3n en E.E.U.U., hoy las naciones celebran la diversidad de razas y culturas que se observa en sus pa\u00edses.\u00a0A pesar de que no ser un d\u00eda en que no se trabaja, el D\u00eda de Identidad y Diversidad Cultural todav\u00eda es de suma importancia \u2013 especialmente\u2026","rel":"","context":"En \u00abArte y cultura\u00bb","block_context":{"text":"Arte y cultura","link":"https:\/\/casadecampoliving.com\/category\/arte-y-cultura\/"},"img":{"alt_text":"","src":"https:\/\/i0.wp.com\/casadecampoliving.com\/wp-content\/uploads\/2022\/10\/aldea-cultural-1.jpg?fit=800%2C534&ssl=1&resize=350%2C200","width":350,"height":200,"srcset":"https:\/\/i0.wp.com\/casadecampoliving.com\/wp-content\/uploads\/2022\/10\/aldea-cultural-1.jpg?fit=800%2C534&ssl=1&resize=350%2C200 1x, https:\/\/i0.wp.com\/casadecampoliving.com\/wp-content\/uploads\/2022\/10\/aldea-cultural-1.jpg?fit=800%2C534&ssl=1&resize=525%2C300 1.5x, https:\/\/i0.wp.com\/casadecampoliving.com\/wp-content\/uploads\/2022\/10\/aldea-cultural-1.jpg?fit=800%2C534&ssl=1&resize=700%2C400 2x"},"classes":[]},{"id":342946,"url":"https:\/\/casadecampoliving.com\/es\/hoy-la-republica-dominicana-celebra-el-dia-de-las-virgen-de-las-mercedes-2\/","url_meta":{"origin":338875,"position":3},"title":"\u00a1Hoy la Rep\u00fablica Dominicana celebra el D\u00eda de la Virgen de las Mercedes!","author":"Rebecca Silvestri","date":"24 Sep, 2013","format":false,"excerpt":"Hoy 24 de Septiembre de 2013, y desde la fundaci\u00f3n de una nueva Orden religiosa de mercenarios establecida en 1218 en Espa\u00f1a, la Rep\u00fablica Dominicana, como parte de su rica historia y creencias de la Iglesia Cat\u00f3lica, celebra el D\u00eda de la Virgen de las Mercedes! Tal y como fue\u2026","rel":"","context":"En \u00abDestacados\u00bb","block_context":{"text":"Destacados","link":"https:\/\/casadecampoliving.com\/es\/category\/destacados\/"},"img":{"alt_text":"Virgen de las Mercedes","src":"https:\/\/i0.wp.com\/casadecampoliving.com\/wp-content\/uploads\/2022\/10\/virgen-de-las-mercedes-la-hermosona-1.jpg?fit=640%2C480&ssl=1&resize=350%2C200","width":350,"height":200,"srcset":"https:\/\/i0.wp.com\/casadecampoliving.com\/wp-content\/uploads\/2022\/10\/virgen-de-las-mercedes-la-hermosona-1.jpg?fit=640%2C480&ssl=1&resize=350%2C200 1x, https:\/\/i0.wp.com\/casadecampoliving.com\/wp-content\/uploads\/2022\/10\/virgen-de-las-mercedes-la-hermosona-1.jpg?fit=640%2C480&ssl=1&resize=525%2C300 1.5x"},"classes":[]},{"id":339157,"url":"https:\/\/casadecampoliving.com\/es\/la-republica-dominicana-hoy-celebra-el-dia-de-corpus-christi\/","url_meta":{"origin":338875,"position":4},"title":"La Rep\u00fablica Dominicana hoy celebra el d\u00eda de Corpus Christi","author":"","date":"7 Jun, 2012","format":false,"excerpt":"Hoy jueves 7 de junio, la Rep\u00fablica Dominicana celebra el d\u00eda de Corpus Christi, una tradici\u00f3n y pr\u00e1ctica religiosa que otros tantos pa\u00edses creyentes de la Iglesia Cat\u00f3lica, tambi\u00e9n conmemoran con muestras de gratitud y amor al Se\u00f1or, mediante la celebraci\u00f3n de la Eucarist\u00eda o Santa Cena instituida por Jesucristo\u2026","rel":"","context":"En \u00abEstilo de Vida\u00bb","block_context":{"text":"Estilo de Vida","link":"https:\/\/casadecampoliving.com\/es\/category\/estilo-de-vida\/"},"img":{"alt_text":"","src":"https:\/\/i0.wp.com\/casadecampoliving.com\/wp-content\/uploads\/2022\/10\/last_supper1.jpg?fit=800%2C482&ssl=1&resize=350%2C200","width":350,"height":200,"srcset":"https:\/\/i0.wp.com\/casadecampoliving.com\/wp-content\/uploads\/2022\/10\/last_supper1.jpg?fit=800%2C482&ssl=1&resize=350%2C200 1x, https:\/\/i0.wp.com\/casadecampoliving.com\/wp-content\/uploads\/2022\/10\/last_supper1.jpg?fit=800%2C482&ssl=1&resize=525%2C300 1.5x, https:\/\/i0.wp.com\/casadecampoliving.com\/wp-content\/uploads\/2022\/10\/last_supper1.jpg?fit=800%2C482&ssl=1&resize=700%2C400 2x"},"classes":[]},{"id":339083,"url":"https:\/\/casadecampoliving.com\/es\/hoy-se-celebra-el-dia-de-las-madres-en-la-republica-dominicana\/","url_meta":{"origin":338875,"position":5},"title":"Hoy se celebra el D\u00eda de las Madres en la R\u00e9p\u00fablica Dominicana!","author":"","date":"27 May, 2012","format":false,"excerpt":"Cada a\u00f1o, en el \u00faltimo domingo del mes de mayo, la Rep\u00fablica Dominicana celebra a un especial miembro de cada familia; las madres! Y no quisimos dejar pasar la oportunidad sin desearles todo lo mejor! Hoy domingo 27 de mayo, comprendido como el \u00faltimo domingo de este mes en el\u2026","rel":"","context":"En \u00abDestacados\u00bb","block_context":{"text":"Destacados","link":"https:\/\/casadecampoliving.com\/es\/category\/destacados\/"},"img":{"alt_text":"mothers","src":"https:\/\/i0.wp.com\/casadecampoliving.com\/wp-content\/uploads\/2022\/10\/mothers8-1.jpg?fit=650%2C415&ssl=1&resize=350%2C200","width":350,"height":200,"srcset":"https:\/\/i0.wp.com\/casadecampoliving.com\/wp-content\/uploads\/2022\/10\/mothers8-1.jpg?fit=650%2C415&ssl=1&resize=350%2C200 1x, https:\/\/i0.wp.com\/casadecampoliving.com\/wp-content\/uploads\/2022\/10\/mothers8-1.jpg?fit=650%2C415&ssl=1&resize=525%2C300 1.5x"},"classes":[]}],"jetpack_sharing_enabled":true,"_links":{"self":[{"href":"https:\/\/casadecampoliving.com\/es\/wp-json\/wp\/v2\/posts\/338875","targetHints":{"allow":["GET"]}}],"collection":[{"href":"https:\/\/casadecampoliving.com\/es\/wp-json\/wp\/v2\/posts"}],"about":[{"href":"https:\/\/casadecampoliving.com\/es\/wp-json\/wp\/v2\/types\/post"}],"author":[{"embeddable":true,"href":"https:\/\/casadecampoliving.com\/es\/wp-json\/wp\/v2\/users\/21"}],"replies":[{"embeddable":true,"href":"https:\/\/casadecampoliving.com\/es\/wp-json\/wp\/v2\/comments?post=338875"}],"version-history":[{"count":1,"href":"https:\/\/casadecampoliving.com\/es\/wp-json\/wp\/v2\/posts\/338875\/revisions"}],"predecessor-version":[{"id":338876,"href":"https:\/\/casadecampoliving.com\/es\/wp-json\/wp\/v2\/posts\/338875\/revisions\/338876"}],"wp:featuredmedia":[{"embeddable":true,"href":"https:\/\/casadecampoliving.com\/es\/wp-json\/wp\/v2\/media\/226322"}],"wp:attachment":[{"href":"https:\/\/casadecampoliving.com\/es\/wp-json\/wp\/v2\/media?parent=338875"}],"wp:term":[{"taxonomy":"category","embeddable":true,"href":"https:\/\/casadecampoliving.com\/es\/wp-json\/wp\/v2\/categories?post=338875"},{"taxonomy":"post_tag","embeddable":true,"href":"https:\/\/casadecampoliving.com\/es\/wp-json\/wp\/v2\/tags?post=338875"},{"taxonomy":"newspack_spnsrs_tax","embeddable":true,"href":"https:\/\/casadecampoliving.com\/es\/wp-json\/wp\/v2\/newspack_spnsrs_tax?post=338875"}],"curies":[{"name":"wp","href":"https:\/\/api.w.org\/{rel}","templated":true}]}}