{"id":338796,"date":"2012-04-17T00:00:00","date_gmt":"2012-04-17T04:00:00","guid":{"rendered":"https:\/\/casadecampoliving.com\/soleils-del-artista-frances-michel-bizet-se-presenta-en-la-galeria-de-arte-de-altos-de-chavon\/"},"modified":"2022-11-10T10:41:09","modified_gmt":"2022-11-10T14:41:09","slug":"soleils-del-artista-frances-michel-bizet-se-presenta-en-la-galeria-de-arte-de-altos-de-chavon","status":"publish","type":"post","link":"https:\/\/casadecampoliving.com\/es\/soleils-del-artista-frances-michel-bizet-se-presenta-en-la-galeria-de-arte-de-altos-de-chavon\/","title":{"rendered":"\u00abSoleils\u00bb del artista franc\u00e9s, Michel Bizet se presenta en la galer\u00eda de arte de Altos de Chav\u00f3n"},"content":{"rendered":"<img data-recalc-dims=\"1\" loading=\"lazy\" decoding=\"async\" class=\"aligncenter size-full wp-image-48612\" title=\"arte_michel_bizet\" src=\"https:\/\/i0.wp.com\/casadecampoliving.com\/wp-content\/uploads\/2022\/10\/arte_michel_bizet.jpg?resize=650%2C448&#038;ssl=1\" alt=\"arte michel bizet\" width=\"650\" height=\"448\" \/>La exhibici\u00f3n de arte \u00abSoleils\u00bb, presentada por el artista franc\u00e9s Michel Bizet, permanecer\u00e1 en la galer\u00eda de arte de Altos de Chav\u00f3n hasta el pr\u00f3ximo lunes 23 de abril &#8211; lo que significa que esta semana es su \u00faltima oportunidad para disfrutar de esta maravillosa exhibici\u00f3n.\n\n&nbsp;\n\nUbicado en el primer nivel de la galer\u00eda de arte de Altos de Chav\u00f3n, \u00abSoleils\u00bb es una hermosa colecci\u00f3n de pinturas impresionistas, algunas con colores s\u00f3lidos y brillantes, completamente abstractas, y otras, inclusive m\u00e1s sutiles en representaci\u00f3n de escenas de campo realizadas con toques pasteles.\n\n<img data-recalc-dims=\"1\" loading=\"lazy\" decoding=\"async\" class=\"aligncenter size-full wp-image-48618\" title=\"art_altos_de_chavon\" src=\"https:\/\/i0.wp.com\/casadecampoliving.com\/wp-content\/uploads\/2022\/10\/art_altos_de_chavon.jpg?resize=650%2C384&#038;ssl=1\" alt=\"art altos de chavon\" width=\"650\" height=\"384\" \/>\n\n<img data-recalc-dims=\"1\" loading=\"lazy\" decoding=\"async\" class=\"alignright size-full wp-image-48621\" style=\"margin-left: 15px; margin-right: 15px;\" title=\"arte_michel_bizet\" src=\"https:\/\/i0.wp.com\/casadecampoliving.com\/wp-content\/uploads\/2022\/10\/arte_michel_bizet1.jpg?resize=200%2C267&#038;ssl=1\" alt=\"arte michel bizet\" width=\"200\" height=\"267\" \/>La exhibici\u00f3n de arte \u00abSoleils\u00bb, fue inaugurada el jueves 22 de marzo como parte de la apertura de la primera Semana de Francia celebrada en Altos de Chav\u00f3n y Casa de Campo, la cual incluy\u00f3 una ceremonia inaugural oficial, dirigida por la elegante embajadora de Francia, Blandine Kreiss, m\u00fasica en vivo por la \u201cGran Orchestre de Rene Coll\u201d al igual que un c\u00f3ctel realizado en \u00abCarrefour.\u00bb\n[<a href=\"https:\/\/casadecampoliving.com\/es\/2012\/03\/bonjour-et-bienvenue-la-semana-de-francia-en-altos-de-chavon-ha-comenzado\/\">Para ver fotos y leer m\u00e1s sobre la inauguraci\u00f3n de la \u00abSemana de Francia: &#8211; haga click aqu\u00ed<\/a>]\n\nEn la inauguraci\u00f3n de la exhibici\u00f3n de arte \u00abSoleils\u00bb, estuvo presente Michel Bizet, el artista de estas grandes obras, Claudio Silvestri, presidente y \u00a0CEO de Premier Resorts and Hotels, la empresa de manejo de Casa de Campo, Manuel Grull\u00f3n, presidente de la C\u00e1mara de Comercio Dominico &#8211; Francesa y Blandine Kreiss, Embajadora de Francia en la Rep\u00fablica Dominicana, al igual que numerosos due\u00f1os de villas, residentes y visitantes que estuvieron en Altos de Chav\u00f3n para celebrar el comienzo de la Semana de Francia.\n\n<em><strong><a href=\"https:\/\/casadecampoliving.com\/es\/2012\/03\/formidable-la-primera-semana-de-francia-en-casa-de-campo-una-extraordinarai-celebracion-de-comercio-cultura-y-gastronomia\/\">Para ver fotos y leer m\u00e1s sobre la Semana de Francia &#8211; haga click aqu\u00ed!\u00a0<\/a><\/strong><\/em>\n\nLas siguientes son fotograf\u00edas tomadas durante el c\u00f3ctel de apertura de la exhibici\u00f3n \u00abSoleils&#8217; que actualmente se muestra en la galer\u00eda de arte de Altos de Chav\u00f3n:\n\n<strong>\n<figure class=\"wp-block-gallery has-nested-images columns-default is-cropped wp-block-gallery-1 is-layout-flex wp-block-gallery-is-layout-flex\">\n<figure class=\"wp-block-image size-large\"><img data-recalc-dims=\"1\" loading=\"lazy\" decoding=\"async\" width=\"800\" height=\"600\" data-id=\"411409\" src=\"https:\/\/i0.wp.com\/casadecampoliving.com\/wp-content\/uploads\/2022\/10\/img_1848-1.jpg?resize=800%2C600&#038;ssl=1\" alt=\"\" class=\"wp-image-411409\" srcset=\"https:\/\/i0.wp.com\/casadecampoliving.com\/wp-content\/uploads\/2022\/10\/img_1848-1.jpg?w=800&amp;ssl=1 800w, https:\/\/i0.wp.com\/casadecampoliving.com\/wp-content\/uploads\/2022\/10\/img_1848-1.jpg?resize=300%2C225&amp;ssl=1 300w, https:\/\/i0.wp.com\/casadecampoliving.com\/wp-content\/uploads\/2022\/10\/img_1848-1.jpg?resize=768%2C576&amp;ssl=1 768w, https:\/\/i0.wp.com\/casadecampoliving.com\/wp-content\/uploads\/2022\/10\/img_1848-1.jpg?resize=400%2C300&amp;ssl=1 400w, https:\/\/i0.wp.com\/casadecampoliving.com\/wp-content\/uploads\/2022\/10\/img_1848-1.jpg?resize=200%2C150&amp;ssl=1 200w, https:\/\/i0.wp.com\/casadecampoliving.com\/wp-content\/uploads\/2022\/10\/img_1848-1.jpg?resize=706%2C530&amp;ssl=1 706w, https:\/\/i0.wp.com\/casadecampoliving.com\/wp-content\/uploads\/2022\/10\/img_1848-1.jpg?resize=150%2C113&amp;ssl=1 150w, https:\/\/i0.wp.com\/casadecampoliving.com\/wp-content\/uploads\/2022\/10\/img_1848-1.jpg?w=370&amp;ssl=1 370w\" sizes=\"auto, (max-width: 800px) 100vw, 800px\" \/><\/figure>\n\n\n\n<figure class=\"wp-block-image size-large\"><img data-recalc-dims=\"1\" loading=\"lazy\" decoding=\"async\" width=\"800\" height=\"1067\" data-id=\"411437\" src=\"https:\/\/i0.wp.com\/casadecampoliving.com\/wp-content\/uploads\/2022\/10\/img_1854.jpg?resize=800%2C1067&#038;ssl=1\" alt=\"\" class=\"wp-image-411437\" srcset=\"https:\/\/i0.wp.com\/casadecampoliving.com\/wp-content\/uploads\/2022\/10\/img_1854.jpg?w=800&amp;ssl=1 800w, https:\/\/i0.wp.com\/casadecampoliving.com\/wp-content\/uploads\/2022\/10\/img_1854.jpg?resize=225%2C300&amp;ssl=1 225w, https:\/\/i0.wp.com\/casadecampoliving.com\/wp-content\/uploads\/2022\/10\/img_1854.jpg?resize=768%2C1024&amp;ssl=1 768w, https:\/\/i0.wp.com\/casadecampoliving.com\/wp-content\/uploads\/2022\/10\/img_1854.jpg?resize=600%2C800&amp;ssl=1 600w, https:\/\/i0.wp.com\/casadecampoliving.com\/wp-content\/uploads\/2022\/10\/img_1854.jpg?resize=300%2C400&amp;ssl=1 300w, https:\/\/i0.wp.com\/casadecampoliving.com\/wp-content\/uploads\/2022\/10\/img_1854.jpg?resize=150%2C200&amp;ssl=1 150w, https:\/\/i0.wp.com\/casadecampoliving.com\/wp-content\/uploads\/2022\/10\/img_1854.jpg?resize=400%2C534&amp;ssl=1 400w, https:\/\/i0.wp.com\/casadecampoliving.com\/wp-content\/uploads\/2022\/10\/img_1854.jpg?resize=706%2C942&amp;ssl=1 706w, https:\/\/i0.wp.com\/casadecampoliving.com\/wp-content\/uploads\/2022\/10\/img_1854.jpg?resize=640%2C853&amp;ssl=1 640w, https:\/\/i0.wp.com\/casadecampoliving.com\/wp-content\/uploads\/2022\/10\/img_1854.jpg?w=370&amp;ssl=1 370w\" sizes=\"auto, (max-width: 800px) 100vw, 800px\" \/><\/figure>\n\n\n\n<figure class=\"wp-block-image size-large\"><img data-recalc-dims=\"1\" loading=\"lazy\" decoding=\"async\" width=\"800\" height=\"1067\" data-id=\"411459\" src=\"https:\/\/i0.wp.com\/casadecampoliving.com\/wp-content\/uploads\/2022\/10\/img_1855.jpg?resize=800%2C1067&#038;ssl=1\" alt=\"\" class=\"wp-image-411459\" srcset=\"https:\/\/i0.wp.com\/casadecampoliving.com\/wp-content\/uploads\/2022\/10\/img_1855.jpg?w=800&amp;ssl=1 800w, https:\/\/i0.wp.com\/casadecampoliving.com\/wp-content\/uploads\/2022\/10\/img_1855.jpg?resize=225%2C300&amp;ssl=1 225w, https:\/\/i0.wp.com\/casadecampoliving.com\/wp-content\/uploads\/2022\/10\/img_1855.jpg?resize=768%2C1024&amp;ssl=1 768w, https:\/\/i0.wp.com\/casadecampoliving.com\/wp-content\/uploads\/2022\/10\/img_1855.jpg?resize=600%2C800&amp;ssl=1 600w, https:\/\/i0.wp.com\/casadecampoliving.com\/wp-content\/uploads\/2022\/10\/img_1855.jpg?resize=300%2C400&amp;ssl=1 300w, https:\/\/i0.wp.com\/casadecampoliving.com\/wp-content\/uploads\/2022\/10\/img_1855.jpg?resize=150%2C200&amp;ssl=1 150w, https:\/\/i0.wp.com\/casadecampoliving.com\/wp-content\/uploads\/2022\/10\/img_1855.jpg?resize=400%2C534&amp;ssl=1 400w, https:\/\/i0.wp.com\/casadecampoliving.com\/wp-content\/uploads\/2022\/10\/img_1855.jpg?resize=706%2C942&amp;ssl=1 706w, https:\/\/i0.wp.com\/casadecampoliving.com\/wp-content\/uploads\/2022\/10\/img_1855.jpg?resize=640%2C853&amp;ssl=1 640w, https:\/\/i0.wp.com\/casadecampoliving.com\/wp-content\/uploads\/2022\/10\/img_1855.jpg?w=370&amp;ssl=1 370w\" sizes=\"auto, (max-width: 800px) 100vw, 800px\" \/><\/figure>\n\n\n\n<figure class=\"wp-block-image size-large\"><img data-recalc-dims=\"1\" loading=\"lazy\" decoding=\"async\" width=\"800\" height=\"600\" data-id=\"411488\" src=\"https:\/\/i0.wp.com\/casadecampoliving.com\/wp-content\/uploads\/2022\/10\/img_1856.jpg?resize=800%2C600&#038;ssl=1\" alt=\"\" class=\"wp-image-411488\" srcset=\"https:\/\/i0.wp.com\/casadecampoliving.com\/wp-content\/uploads\/2022\/10\/img_1856.jpg?w=800&amp;ssl=1 800w, https:\/\/i0.wp.com\/casadecampoliving.com\/wp-content\/uploads\/2022\/10\/img_1856.jpg?resize=300%2C225&amp;ssl=1 300w, https:\/\/i0.wp.com\/casadecampoliving.com\/wp-content\/uploads\/2022\/10\/img_1856.jpg?resize=768%2C576&amp;ssl=1 768w, https:\/\/i0.wp.com\/casadecampoliving.com\/wp-content\/uploads\/2022\/10\/img_1856.jpg?resize=400%2C300&amp;ssl=1 400w, https:\/\/i0.wp.com\/casadecampoliving.com\/wp-content\/uploads\/2022\/10\/img_1856.jpg?resize=200%2C150&amp;ssl=1 200w, https:\/\/i0.wp.com\/casadecampoliving.com\/wp-content\/uploads\/2022\/10\/img_1856.jpg?resize=706%2C530&amp;ssl=1 706w, https:\/\/i0.wp.com\/casadecampoliving.com\/wp-content\/uploads\/2022\/10\/img_1856.jpg?resize=150%2C113&amp;ssl=1 150w, https:\/\/i0.wp.com\/casadecampoliving.com\/wp-content\/uploads\/2022\/10\/img_1856.jpg?w=370&amp;ssl=1 370w\" sizes=\"auto, (max-width: 800px) 100vw, 800px\" \/><\/figure>\n\n\n\n<figure class=\"wp-block-image size-large\"><img data-recalc-dims=\"1\" loading=\"lazy\" decoding=\"async\" width=\"800\" height=\"600\" data-id=\"411512\" src=\"https:\/\/i0.wp.com\/casadecampoliving.com\/wp-content\/uploads\/2022\/10\/img_1858.jpg?resize=800%2C600&#038;ssl=1\" alt=\"\" class=\"wp-image-411512\" srcset=\"https:\/\/i0.wp.com\/casadecampoliving.com\/wp-content\/uploads\/2022\/10\/img_1858.jpg?w=800&amp;ssl=1 800w, https:\/\/i0.wp.com\/casadecampoliving.com\/wp-content\/uploads\/2022\/10\/img_1858.jpg?resize=300%2C225&amp;ssl=1 300w, https:\/\/i0.wp.com\/casadecampoliving.com\/wp-content\/uploads\/2022\/10\/img_1858.jpg?resize=768%2C576&amp;ssl=1 768w, https:\/\/i0.wp.com\/casadecampoliving.com\/wp-content\/uploads\/2022\/10\/img_1858.jpg?resize=400%2C300&amp;ssl=1 400w, https:\/\/i0.wp.com\/casadecampoliving.com\/wp-content\/uploads\/2022\/10\/img_1858.jpg?resize=200%2C150&amp;ssl=1 200w, https:\/\/i0.wp.com\/casadecampoliving.com\/wp-content\/uploads\/2022\/10\/img_1858.jpg?resize=706%2C530&amp;ssl=1 706w, https:\/\/i0.wp.com\/casadecampoliving.com\/wp-content\/uploads\/2022\/10\/img_1858.jpg?resize=150%2C113&amp;ssl=1 150w, https:\/\/i0.wp.com\/casadecampoliving.com\/wp-content\/uploads\/2022\/10\/img_1858.jpg?w=370&amp;ssl=1 370w\" sizes=\"auto, (max-width: 800px) 100vw, 800px\" \/><\/figure>\n\n\n\n<figure class=\"wp-block-image size-large\"><img data-recalc-dims=\"1\" loading=\"lazy\" decoding=\"async\" width=\"800\" height=\"600\" data-id=\"411532\" src=\"https:\/\/i0.wp.com\/casadecampoliving.com\/wp-content\/uploads\/2022\/10\/img_1861-1.jpg?resize=800%2C600&#038;ssl=1\" alt=\"\" class=\"wp-image-411532\" srcset=\"https:\/\/i0.wp.com\/casadecampoliving.com\/wp-content\/uploads\/2022\/10\/img_1861-1.jpg?w=800&amp;ssl=1 800w, https:\/\/i0.wp.com\/casadecampoliving.com\/wp-content\/uploads\/2022\/10\/img_1861-1.jpg?resize=300%2C225&amp;ssl=1 300w, https:\/\/i0.wp.com\/casadecampoliving.com\/wp-content\/uploads\/2022\/10\/img_1861-1.jpg?resize=768%2C576&amp;ssl=1 768w, https:\/\/i0.wp.com\/casadecampoliving.com\/wp-content\/uploads\/2022\/10\/img_1861-1.jpg?resize=400%2C300&amp;ssl=1 400w, https:\/\/i0.wp.com\/casadecampoliving.com\/wp-content\/uploads\/2022\/10\/img_1861-1.jpg?resize=200%2C150&amp;ssl=1 200w, https:\/\/i0.wp.com\/casadecampoliving.com\/wp-content\/uploads\/2022\/10\/img_1861-1.jpg?resize=706%2C530&amp;ssl=1 706w, https:\/\/i0.wp.com\/casadecampoliving.com\/wp-content\/uploads\/2022\/10\/img_1861-1.jpg?resize=150%2C113&amp;ssl=1 150w, https:\/\/i0.wp.com\/casadecampoliving.com\/wp-content\/uploads\/2022\/10\/img_1861-1.jpg?w=370&amp;ssl=1 370w\" sizes=\"auto, (max-width: 800px) 100vw, 800px\" \/><\/figure>\n\n\n\n<figure class=\"wp-block-image size-large\"><img data-recalc-dims=\"1\" loading=\"lazy\" decoding=\"async\" width=\"800\" height=\"600\" data-id=\"411562\" src=\"https:\/\/i0.wp.com\/casadecampoliving.com\/wp-content\/uploads\/2022\/10\/img_1863.jpg?resize=800%2C600&#038;ssl=1\" alt=\"\" class=\"wp-image-411562\" srcset=\"https:\/\/i0.wp.com\/casadecampoliving.com\/wp-content\/uploads\/2022\/10\/img_1863.jpg?w=800&amp;ssl=1 800w, https:\/\/i0.wp.com\/casadecampoliving.com\/wp-content\/uploads\/2022\/10\/img_1863.jpg?resize=300%2C225&amp;ssl=1 300w, https:\/\/i0.wp.com\/casadecampoliving.com\/wp-content\/uploads\/2022\/10\/img_1863.jpg?resize=768%2C576&amp;ssl=1 768w, https:\/\/i0.wp.com\/casadecampoliving.com\/wp-content\/uploads\/2022\/10\/img_1863.jpg?resize=400%2C300&amp;ssl=1 400w, https:\/\/i0.wp.com\/casadecampoliving.com\/wp-content\/uploads\/2022\/10\/img_1863.jpg?resize=200%2C150&amp;ssl=1 200w, https:\/\/i0.wp.com\/casadecampoliving.com\/wp-content\/uploads\/2022\/10\/img_1863.jpg?resize=706%2C530&amp;ssl=1 706w, https:\/\/i0.wp.com\/casadecampoliving.com\/wp-content\/uploads\/2022\/10\/img_1863.jpg?resize=150%2C113&amp;ssl=1 150w, https:\/\/i0.wp.com\/casadecampoliving.com\/wp-content\/uploads\/2022\/10\/img_1863.jpg?w=370&amp;ssl=1 370w\" sizes=\"auto, (max-width: 800px) 100vw, 800px\" \/><\/figure>\n\n\n\n<figure class=\"wp-block-image size-large\"><img data-recalc-dims=\"1\" loading=\"lazy\" decoding=\"async\" width=\"800\" height=\"600\" data-id=\"411576\" src=\"https:\/\/i0.wp.com\/casadecampoliving.com\/wp-content\/uploads\/2022\/10\/img_1864-1.jpg?resize=800%2C600&#038;ssl=1\" alt=\"\" class=\"wp-image-411576\" srcset=\"https:\/\/i0.wp.com\/casadecampoliving.com\/wp-content\/uploads\/2022\/10\/img_1864-1.jpg?w=800&amp;ssl=1 800w, https:\/\/i0.wp.com\/casadecampoliving.com\/wp-content\/uploads\/2022\/10\/img_1864-1.jpg?resize=300%2C225&amp;ssl=1 300w, https:\/\/i0.wp.com\/casadecampoliving.com\/wp-content\/uploads\/2022\/10\/img_1864-1.jpg?resize=768%2C576&amp;ssl=1 768w, https:\/\/i0.wp.com\/casadecampoliving.com\/wp-content\/uploads\/2022\/10\/img_1864-1.jpg?resize=400%2C300&amp;ssl=1 400w, https:\/\/i0.wp.com\/casadecampoliving.com\/wp-content\/uploads\/2022\/10\/img_1864-1.jpg?resize=200%2C150&amp;ssl=1 200w, https:\/\/i0.wp.com\/casadecampoliving.com\/wp-content\/uploads\/2022\/10\/img_1864-1.jpg?resize=706%2C530&amp;ssl=1 706w, https:\/\/i0.wp.com\/casadecampoliving.com\/wp-content\/uploads\/2022\/10\/img_1864-1.jpg?resize=150%2C113&amp;ssl=1 150w, https:\/\/i0.wp.com\/casadecampoliving.com\/wp-content\/uploads\/2022\/10\/img_1864-1.jpg?w=370&amp;ssl=1 370w\" sizes=\"auto, (max-width: 800px) 100vw, 800px\" \/><\/figure>\n\n\n\n<figure class=\"wp-block-image size-large\"><img data-recalc-dims=\"1\" loading=\"lazy\" decoding=\"async\" width=\"800\" height=\"600\" data-id=\"411598\" src=\"https:\/\/i0.wp.com\/casadecampoliving.com\/wp-content\/uploads\/2022\/10\/img_1865-2.jpg?resize=800%2C600&#038;ssl=1\" alt=\"\" class=\"wp-image-411598\" srcset=\"https:\/\/i0.wp.com\/casadecampoliving.com\/wp-content\/uploads\/2022\/10\/img_1865-2.jpg?w=800&amp;ssl=1 800w, https:\/\/i0.wp.com\/casadecampoliving.com\/wp-content\/uploads\/2022\/10\/img_1865-2.jpg?resize=300%2C225&amp;ssl=1 300w, https:\/\/i0.wp.com\/casadecampoliving.com\/wp-content\/uploads\/2022\/10\/img_1865-2.jpg?resize=768%2C576&amp;ssl=1 768w, https:\/\/i0.wp.com\/casadecampoliving.com\/wp-content\/uploads\/2022\/10\/img_1865-2.jpg?resize=400%2C300&amp;ssl=1 400w, https:\/\/i0.wp.com\/casadecampoliving.com\/wp-content\/uploads\/2022\/10\/img_1865-2.jpg?resize=200%2C150&amp;ssl=1 200w, https:\/\/i0.wp.com\/casadecampoliving.com\/wp-content\/uploads\/2022\/10\/img_1865-2.jpg?resize=706%2C530&amp;ssl=1 706w, https:\/\/i0.wp.com\/casadecampoliving.com\/wp-content\/uploads\/2022\/10\/img_1865-2.jpg?resize=150%2C113&amp;ssl=1 150w, https:\/\/i0.wp.com\/casadecampoliving.com\/wp-content\/uploads\/2022\/10\/img_1865-2.jpg?w=370&amp;ssl=1 370w\" sizes=\"auto, (max-width: 800px) 100vw, 800px\" \/><\/figure>\n\n\n\n<figure class=\"wp-block-image size-large\"><img data-recalc-dims=\"1\" loading=\"lazy\" decoding=\"async\" width=\"800\" height=\"600\" data-id=\"411616\" src=\"https:\/\/i0.wp.com\/casadecampoliving.com\/wp-content\/uploads\/2022\/10\/img_1866-1.jpg?resize=800%2C600&#038;ssl=1\" alt=\"\" class=\"wp-image-411616\" srcset=\"https:\/\/i0.wp.com\/casadecampoliving.com\/wp-content\/uploads\/2022\/10\/img_1866-1.jpg?w=800&amp;ssl=1 800w, https:\/\/i0.wp.com\/casadecampoliving.com\/wp-content\/uploads\/2022\/10\/img_1866-1.jpg?resize=300%2C225&amp;ssl=1 300w, https:\/\/i0.wp.com\/casadecampoliving.com\/wp-content\/uploads\/2022\/10\/img_1866-1.jpg?resize=768%2C576&amp;ssl=1 768w, https:\/\/i0.wp.com\/casadecampoliving.com\/wp-content\/uploads\/2022\/10\/img_1866-1.jpg?resize=400%2C300&amp;ssl=1 400w, https:\/\/i0.wp.com\/casadecampoliving.com\/wp-content\/uploads\/2022\/10\/img_1866-1.jpg?resize=200%2C150&amp;ssl=1 200w, https:\/\/i0.wp.com\/casadecampoliving.com\/wp-content\/uploads\/2022\/10\/img_1866-1.jpg?resize=706%2C530&amp;ssl=1 706w, https:\/\/i0.wp.com\/casadecampoliving.com\/wp-content\/uploads\/2022\/10\/img_1866-1.jpg?resize=150%2C113&amp;ssl=1 150w, https:\/\/i0.wp.com\/casadecampoliving.com\/wp-content\/uploads\/2022\/10\/img_1866-1.jpg?w=370&amp;ssl=1 370w\" sizes=\"auto, (max-width: 800px) 100vw, 800px\" \/><\/figure>\n\n\n\n<figure class=\"wp-block-image size-large\"><img data-recalc-dims=\"1\" loading=\"lazy\" decoding=\"async\" width=\"800\" height=\"600\" data-id=\"411643\" src=\"https:\/\/i0.wp.com\/casadecampoliving.com\/wp-content\/uploads\/2022\/10\/img_1867-1.jpg?resize=800%2C600&#038;ssl=1\" alt=\"\" class=\"wp-image-411643\" srcset=\"https:\/\/i0.wp.com\/casadecampoliving.com\/wp-content\/uploads\/2022\/10\/img_1867-1.jpg?w=800&amp;ssl=1 800w, https:\/\/i0.wp.com\/casadecampoliving.com\/wp-content\/uploads\/2022\/10\/img_1867-1.jpg?resize=300%2C225&amp;ssl=1 300w, https:\/\/i0.wp.com\/casadecampoliving.com\/wp-content\/uploads\/2022\/10\/img_1867-1.jpg?resize=768%2C576&amp;ssl=1 768w, https:\/\/i0.wp.com\/casadecampoliving.com\/wp-content\/uploads\/2022\/10\/img_1867-1.jpg?resize=400%2C300&amp;ssl=1 400w, https:\/\/i0.wp.com\/casadecampoliving.com\/wp-content\/uploads\/2022\/10\/img_1867-1.jpg?resize=200%2C150&amp;ssl=1 200w, https:\/\/i0.wp.com\/casadecampoliving.com\/wp-content\/uploads\/2022\/10\/img_1867-1.jpg?resize=706%2C530&amp;ssl=1 706w, https:\/\/i0.wp.com\/casadecampoliving.com\/wp-content\/uploads\/2022\/10\/img_1867-1.jpg?resize=150%2C113&amp;ssl=1 150w, https:\/\/i0.wp.com\/casadecampoliving.com\/wp-content\/uploads\/2022\/10\/img_1867-1.jpg?w=370&amp;ssl=1 370w\" sizes=\"auto, (max-width: 800px) 100vw, 800px\" \/><\/figure>\n\n\n\n<figure class=\"wp-block-image size-large\"><img data-recalc-dims=\"1\" loading=\"lazy\" decoding=\"async\" width=\"800\" height=\"600\" data-id=\"411668\" src=\"https:\/\/i0.wp.com\/casadecampoliving.com\/wp-content\/uploads\/2022\/10\/img_1868-2.jpg?resize=800%2C600&#038;ssl=1\" alt=\"\" class=\"wp-image-411668\" srcset=\"https:\/\/i0.wp.com\/casadecampoliving.com\/wp-content\/uploads\/2022\/10\/img_1868-2.jpg?w=800&amp;ssl=1 800w, https:\/\/i0.wp.com\/casadecampoliving.com\/wp-content\/uploads\/2022\/10\/img_1868-2.jpg?resize=300%2C225&amp;ssl=1 300w, https:\/\/i0.wp.com\/casadecampoliving.com\/wp-content\/uploads\/2022\/10\/img_1868-2.jpg?resize=768%2C576&amp;ssl=1 768w, https:\/\/i0.wp.com\/casadecampoliving.com\/wp-content\/uploads\/2022\/10\/img_1868-2.jpg?resize=400%2C300&amp;ssl=1 400w, https:\/\/i0.wp.com\/casadecampoliving.com\/wp-content\/uploads\/2022\/10\/img_1868-2.jpg?resize=200%2C150&amp;ssl=1 200w, https:\/\/i0.wp.com\/casadecampoliving.com\/wp-content\/uploads\/2022\/10\/img_1868-2.jpg?resize=706%2C530&amp;ssl=1 706w, https:\/\/i0.wp.com\/casadecampoliving.com\/wp-content\/uploads\/2022\/10\/img_1868-2.jpg?resize=150%2C113&amp;ssl=1 150w, https:\/\/i0.wp.com\/casadecampoliving.com\/wp-content\/uploads\/2022\/10\/img_1868-2.jpg?w=370&amp;ssl=1 370w\" sizes=\"auto, (max-width: 800px) 100vw, 800px\" \/><\/figure>\n\n\n\n<figure class=\"wp-block-image size-large\"><img data-recalc-dims=\"1\" loading=\"lazy\" decoding=\"async\" width=\"800\" height=\"600\" data-id=\"411688\" src=\"https:\/\/i0.wp.com\/casadecampoliving.com\/wp-content\/uploads\/2022\/10\/img_1869.jpg?resize=800%2C600&#038;ssl=1\" alt=\"\" class=\"wp-image-411688\" srcset=\"https:\/\/i0.wp.com\/casadecampoliving.com\/wp-content\/uploads\/2022\/10\/img_1869.jpg?w=800&amp;ssl=1 800w, https:\/\/i0.wp.com\/casadecampoliving.com\/wp-content\/uploads\/2022\/10\/img_1869.jpg?resize=300%2C225&amp;ssl=1 300w, https:\/\/i0.wp.com\/casadecampoliving.com\/wp-content\/uploads\/2022\/10\/img_1869.jpg?resize=768%2C576&amp;ssl=1 768w, https:\/\/i0.wp.com\/casadecampoliving.com\/wp-content\/uploads\/2022\/10\/img_1869.jpg?resize=400%2C300&amp;ssl=1 400w, https:\/\/i0.wp.com\/casadecampoliving.com\/wp-content\/uploads\/2022\/10\/img_1869.jpg?resize=200%2C150&amp;ssl=1 200w, https:\/\/i0.wp.com\/casadecampoliving.com\/wp-content\/uploads\/2022\/10\/img_1869.jpg?resize=706%2C530&amp;ssl=1 706w, https:\/\/i0.wp.com\/casadecampoliving.com\/wp-content\/uploads\/2022\/10\/img_1869.jpg?resize=150%2C113&amp;ssl=1 150w, https:\/\/i0.wp.com\/casadecampoliving.com\/wp-content\/uploads\/2022\/10\/img_1869.jpg?w=370&amp;ssl=1 370w\" sizes=\"auto, (max-width: 800px) 100vw, 800px\" \/><\/figure>\n\n\n\n<figure class=\"wp-block-image size-large\"><img data-recalc-dims=\"1\" loading=\"lazy\" decoding=\"async\" width=\"800\" height=\"1067\" data-id=\"411704\" src=\"https:\/\/i0.wp.com\/casadecampoliving.com\/wp-content\/uploads\/2022\/10\/img_1870-1.jpg?resize=800%2C1067&#038;ssl=1\" alt=\"\" class=\"wp-image-411704\" srcset=\"https:\/\/i0.wp.com\/casadecampoliving.com\/wp-content\/uploads\/2022\/10\/img_1870-1.jpg?w=800&amp;ssl=1 800w, https:\/\/i0.wp.com\/casadecampoliving.com\/wp-content\/uploads\/2022\/10\/img_1870-1.jpg?resize=225%2C300&amp;ssl=1 225w, https:\/\/i0.wp.com\/casadecampoliving.com\/wp-content\/uploads\/2022\/10\/img_1870-1.jpg?resize=768%2C1024&amp;ssl=1 768w, https:\/\/i0.wp.com\/casadecampoliving.com\/wp-content\/uploads\/2022\/10\/img_1870-1.jpg?resize=600%2C800&amp;ssl=1 600w, https:\/\/i0.wp.com\/casadecampoliving.com\/wp-content\/uploads\/2022\/10\/img_1870-1.jpg?resize=300%2C400&amp;ssl=1 300w, https:\/\/i0.wp.com\/casadecampoliving.com\/wp-content\/uploads\/2022\/10\/img_1870-1.jpg?resize=150%2C200&amp;ssl=1 150w, https:\/\/i0.wp.com\/casadecampoliving.com\/wp-content\/uploads\/2022\/10\/img_1870-1.jpg?resize=400%2C534&amp;ssl=1 400w, https:\/\/i0.wp.com\/casadecampoliving.com\/wp-content\/uploads\/2022\/10\/img_1870-1.jpg?resize=706%2C942&amp;ssl=1 706w, https:\/\/i0.wp.com\/casadecampoliving.com\/wp-content\/uploads\/2022\/10\/img_1870-1.jpg?resize=640%2C853&amp;ssl=1 640w, https:\/\/i0.wp.com\/casadecampoliving.com\/wp-content\/uploads\/2022\/10\/img_1870-1.jpg?w=370&amp;ssl=1 370w\" sizes=\"auto, (max-width: 800px) 100vw, 800px\" \/><\/figure>\n\n\n\n<figure class=\"wp-block-image size-large\"><img data-recalc-dims=\"1\" loading=\"lazy\" decoding=\"async\" width=\"800\" height=\"600\" data-id=\"411725\" src=\"https:\/\/i0.wp.com\/casadecampoliving.com\/wp-content\/uploads\/2022\/10\/img_1871.jpg?resize=800%2C600&#038;ssl=1\" alt=\"\" class=\"wp-image-411725\" srcset=\"https:\/\/i0.wp.com\/casadecampoliving.com\/wp-content\/uploads\/2022\/10\/img_1871.jpg?w=800&amp;ssl=1 800w, https:\/\/i0.wp.com\/casadecampoliving.com\/wp-content\/uploads\/2022\/10\/img_1871.jpg?resize=300%2C225&amp;ssl=1 300w, https:\/\/i0.wp.com\/casadecampoliving.com\/wp-content\/uploads\/2022\/10\/img_1871.jpg?resize=768%2C576&amp;ssl=1 768w, https:\/\/i0.wp.com\/casadecampoliving.com\/wp-content\/uploads\/2022\/10\/img_1871.jpg?resize=400%2C300&amp;ssl=1 400w, https:\/\/i0.wp.com\/casadecampoliving.com\/wp-content\/uploads\/2022\/10\/img_1871.jpg?resize=200%2C150&amp;ssl=1 200w, https:\/\/i0.wp.com\/casadecampoliving.com\/wp-content\/uploads\/2022\/10\/img_1871.jpg?resize=706%2C530&amp;ssl=1 706w, https:\/\/i0.wp.com\/casadecampoliving.com\/wp-content\/uploads\/2022\/10\/img_1871.jpg?resize=150%2C113&amp;ssl=1 150w, https:\/\/i0.wp.com\/casadecampoliving.com\/wp-content\/uploads\/2022\/10\/img_1871.jpg?w=370&amp;ssl=1 370w\" sizes=\"auto, (max-width: 800px) 100vw, 800px\" \/><\/figure>\n<\/figure>\n<\/strong>\n<blockquote>\n<p style=\"text-align: center;\"><strong>El debut de \u00abT O D O Casa de Campo\u00bb<\/strong><\/p>\n<img data-recalc-dims=\"1\" loading=\"lazy\" decoding=\"async\" class=\"aligncenter size-full wp-image-48617\" title=\"TODO_casa_de_campo\" src=\"https:\/\/i0.wp.com\/casadecampoliving.com\/wp-content\/uploads\/2022\/10\/TODO_casa_de_campo2.jpg?resize=600%2C448&#038;ssl=1\" alt=\"TODO casa de campo\" width=\"600\" height=\"448\" \/>\n\nT O D O Casa de Campo tambi\u00e9n mostrada por primera vez, la revista y gu\u00eda biling\u00fce\u00a0oficial de Casa de Campo; \u00abTodo lo que necesitas\u00bb, o en ingl\u00e9s, \u00abEverything you need TO DO\u201d. Dise\u00f1ada con el prop\u00f3sito de ser una herramienta invaluable para disfrutar de Casa de Campo, con calendario de eventos, mapas, tarifas, horarios de apertura, n\u00fameros telef\u00f3nicos y m\u00e1s &#8211; \u00a0\u00abT O D O Casa de Campo\u201d es tanto para due\u00f1os de villas como para residentes y turistas del complejo.\n\n<em><strong><a href=\"https:\/\/casadecampoliving.com\/es\/2012\/04\/silgon-inc-creadores-de-la-revista-casalife-presenta-t-o-d-o-casa-de-campo-la-guia-oficial-de-casa-de-campo\/\">Haga click aqu\u00ed para leer m\u00e1s sobre \u00abT O D O Casa de Campo\u00bb\u00a0<\/a><\/strong><\/em>\n\n<em><strong><a href=\"http:\/\/www.todocasadecampo.com\/es\">Haga click aqu\u00ed para ver la versi\u00f3n en l\u00ednea de \u00abT O D O Casa de Campo\u00bb &#8211; \u00a0para mantenerse al d\u00eda con las actualizaciones de los eventos!\u00a0<\/a><\/strong><\/em><\/blockquote>","protected":false},"excerpt":{"rendered":"<p>La exhibici\u00f3n de arte \u00abSoleils\u00bb, presentada por el artista franc\u00e9s Michel Bizet, permanecer\u00e1 en la galer\u00eda de arte de Altos de Chav\u00f3n hasta el pr\u00f3ximo lunes 23 de abril &#8211; lo que significa que esta semana es su \u00faltima oportunidad para disfrutar de esta maravillosa exhibici\u00f3n. &nbsp; Ubicado en el primer nivel de la galer\u00eda [&hellip;]<\/p>\n","protected":false},"author":21,"featured_media":223215,"comment_status":"closed","ping_status":"closed","sticky":false,"template":"","format":"standard","meta":{"newspack_ads_suppress_ads":false,"newspack_popups_has_disabled_popups":false,"newspack_sponsor_sponsorship_scope":"","newspack_sponsor_native_byline_display":"inherit","newspack_sponsor_native_category_display":"inherit","newspack_sponsor_underwriter_style":"inherit","newspack_sponsor_underwriter_placement":"inherit","_newspack_byline_active":false,"_newspack_byline":"","newspack_content_restriction_is_exempt":false,"newspack_featured_image_position":"","newspack_post_subtitle":"","newspack_article_summary_title":"Overview:","newspack_article_summary":"","newspack_hide_updated_date":false,"newspack_show_updated_date":false,"_jetpack_memberships_contains_paid_content":false,"footnotes":"","jetpack_publicize_message":"","jetpack_publicize_feature_enabled":true,"jetpack_social_post_already_shared":false,"jetpack_social_options":{"image_generator_settings":{"template":"highway","default_image_id":0,"font":"","enabled":false},"version":2},"_wpas_customize_per_network":false},"categories":[26819,26823,2522,2524,14625,14627],"tags":[3575,15387,2557,3656,3998,3651],"newspack_spnsrs_tax":[],"class_list":["post-338796","post","type-post","status-publish","format-standard","has-post-thumbnail","hentry","category-altos-de-chavon-es","category-arte-y-cultura","category-eventos-es","category-destacados","category-noticias-locales","category-proximamente","tag-altos-de-chavon-es-2","tag-altos-de-chavon-es","tag-exhibicion-de-arte","tag-galeria-de-arte-altos-de-chavon","tag-michel-bizet","tag-semana-de-francia-es","entry"],"yoast_head":"<!-- This site is optimized with the Yoast SEO plugin v27.3 - https:\/\/yoast.com\/product\/yoast-seo-wordpress\/ -->\n<title>&quot;Soleils&quot; del artista franc\u00e9s, Michel Bizet se presenta en la galer\u00eda de arte de Altos de Chav\u00f3n | Casa de Campo Living<\/title>\n<meta name=\"description\" content=\"La exhibici\u00f3n de arte &quot;Soleils&quot;, presentada por el artista franc\u00e9s Michel Bizet, permanecer\u00e1 en la galer\u00eda de arte de Altos de Chav\u00f3n hasta el pr\u00f3ximo\" \/>\n<meta name=\"robots\" content=\"index, follow, max-snippet:-1, max-image-preview:large, max-video-preview:-1\" \/>\n<link rel=\"canonical\" href=\"https:\/\/casadecampoliving.com\/es\/soleils-del-artista-frances-michel-bizet-se-presenta-en-la-galeria-de-arte-de-altos-de-chavon\/\" \/>\n<meta property=\"og:locale\" content=\"es_ES\" \/>\n<meta property=\"og:type\" content=\"article\" \/>\n<meta property=\"og:title\" content=\"&quot;Soleils&quot; del artista franc\u00e9s, Michel Bizet se presenta en la galer\u00eda de arte de Altos de Chav\u00f3n | Casa de Campo Living\" \/>\n<meta property=\"og:description\" content=\"La exhibici\u00f3n de arte &quot;Soleils&quot;, presentada por el artista franc\u00e9s Michel Bizet, permanecer\u00e1 en la galer\u00eda de arte de Altos de Chav\u00f3n hasta el pr\u00f3ximo\" \/>\n<meta property=\"og:url\" content=\"https:\/\/casadecampoliving.com\/es\/soleils-del-artista-frances-michel-bizet-se-presenta-en-la-galeria-de-arte-de-altos-de-chavon\/\" \/>\n<meta property=\"og:site_name\" content=\"Casa de Campo Living\" \/>\n<meta property=\"article:publisher\" content=\"https:\/\/www.facebook.com\/casadecampoliving\" \/>\n<meta property=\"article:published_time\" content=\"2012-04-17T04:00:00+00:00\" \/>\n<meta property=\"article:modified_time\" content=\"2022-11-10T14:41:09+00:00\" \/>\n<meta property=\"og:image\" content=\"https:\/\/i0.wp.com\/casadecampoliving.com\/wp-content\/uploads\/2022\/10\/arte_michel_bizet-1.jpg?fit=650%2C448&ssl=1\" \/>\n\t<meta property=\"og:image:width\" content=\"650\" \/>\n\t<meta property=\"og:image:height\" content=\"448\" \/>\n\t<meta property=\"og:image:type\" content=\"image\/jpeg\" \/>\n<meta name=\"twitter:card\" content=\"summary_large_image\" \/>\n<meta name=\"twitter:creator\" content=\"@cdcliving\" \/>\n<meta name=\"twitter:site\" content=\"@cdcliving\" \/>\n<meta name=\"twitter:label1\" content=\"Escrito por\" \/>\n\t<meta name=\"twitter:data1\" content=\"\" \/>\n\t<meta name=\"twitter:label2\" content=\"Tiempo de lectura\" \/>\n\t<meta name=\"twitter:data2\" content=\"2 minutos\" \/>\n<script type=\"application\/ld+json\" class=\"yoast-schema-graph\">{\"@context\":\"https:\\\/\\\/schema.org\",\"@graph\":[{\"@type\":\"Article\",\"@id\":\"https:\\\/\\\/casadecampoliving.com\\\/es\\\/soleils-del-artista-frances-michel-bizet-se-presenta-en-la-galeria-de-arte-de-altos-de-chavon\\\/#article\",\"isPartOf\":{\"@id\":\"https:\\\/\\\/casadecampoliving.com\\\/es\\\/soleils-del-artista-frances-michel-bizet-se-presenta-en-la-galeria-de-arte-de-altos-de-chavon\\\/\"},\"author\":{\"name\":\"\",\"@id\":\"https:\\\/\\\/casadecampoliving.com\\\/es\\\/#\\\/schema\\\/person\\\/7e3b975d584a5f6ac0fd7128a81b0bc5\"},\"headline\":\"\u00abSoleils\u00bb del artista franc\u00e9s, Michel Bizet se presenta en la galer\u00eda de arte de Altos de Chav\u00f3n\",\"datePublished\":\"2012-04-17T04:00:00+00:00\",\"dateModified\":\"2022-11-10T14:41:09+00:00\",\"mainEntityOfPage\":{\"@id\":\"https:\\\/\\\/casadecampoliving.com\\\/es\\\/soleils-del-artista-frances-michel-bizet-se-presenta-en-la-galeria-de-arte-de-altos-de-chavon\\\/\"},\"wordCount\":499,\"publisher\":{\"@id\":\"https:\\\/\\\/casadecampoliving.com\\\/es\\\/#organization\"},\"image\":{\"@id\":\"https:\\\/\\\/casadecampoliving.com\\\/es\\\/soleils-del-artista-frances-michel-bizet-se-presenta-en-la-galeria-de-arte-de-altos-de-chavon\\\/#primaryimage\"},\"thumbnailUrl\":\"https:\\\/\\\/i0.wp.com\\\/casadecampoliving.com\\\/wp-content\\\/uploads\\\/2022\\\/10\\\/arte_michel_bizet-1.jpg?fit=650%2C448&ssl=1\",\"keywords\":[\"Altos de Chavon -es\",\"Altos de Chavon\",\"exhibicion de arte\",\"galeria de arte altos de chavon\",\"michel bizet\",\"semana de francia @es\"],\"articleSection\":[\"Altos de Chavon @es\",\"Arte y cultura\",\"Eventos\",\"Destacados\",\"Noticias Locales\",\"Proximamente\"],\"inLanguage\":\"es\"},{\"@type\":\"WebPage\",\"@id\":\"https:\\\/\\\/casadecampoliving.com\\\/es\\\/soleils-del-artista-frances-michel-bizet-se-presenta-en-la-galeria-de-arte-de-altos-de-chavon\\\/\",\"url\":\"https:\\\/\\\/casadecampoliving.com\\\/es\\\/soleils-del-artista-frances-michel-bizet-se-presenta-en-la-galeria-de-arte-de-altos-de-chavon\\\/\",\"name\":\"\\\"Soleils\\\" del artista franc\u00e9s, Michel Bizet se presenta en la galer\u00eda de arte de Altos de Chav\u00f3n | Casa de Campo Living\",\"isPartOf\":{\"@id\":\"https:\\\/\\\/casadecampoliving.com\\\/es\\\/#website\"},\"primaryImageOfPage\":{\"@id\":\"https:\\\/\\\/casadecampoliving.com\\\/es\\\/soleils-del-artista-frances-michel-bizet-se-presenta-en-la-galeria-de-arte-de-altos-de-chavon\\\/#primaryimage\"},\"image\":{\"@id\":\"https:\\\/\\\/casadecampoliving.com\\\/es\\\/soleils-del-artista-frances-michel-bizet-se-presenta-en-la-galeria-de-arte-de-altos-de-chavon\\\/#primaryimage\"},\"thumbnailUrl\":\"https:\\\/\\\/i0.wp.com\\\/casadecampoliving.com\\\/wp-content\\\/uploads\\\/2022\\\/10\\\/arte_michel_bizet-1.jpg?fit=650%2C448&ssl=1\",\"datePublished\":\"2012-04-17T04:00:00+00:00\",\"dateModified\":\"2022-11-10T14:41:09+00:00\",\"description\":\"La exhibici\u00f3n de arte \\\"Soleils\\\", presentada por el artista franc\u00e9s Michel Bizet, permanecer\u00e1 en la galer\u00eda de arte de Altos de Chav\u00f3n hasta el pr\u00f3ximo\",\"breadcrumb\":{\"@id\":\"https:\\\/\\\/casadecampoliving.com\\\/es\\\/soleils-del-artista-frances-michel-bizet-se-presenta-en-la-galeria-de-arte-de-altos-de-chavon\\\/#breadcrumb\"},\"inLanguage\":\"es\",\"potentialAction\":[{\"@type\":\"ReadAction\",\"target\":[\"https:\\\/\\\/casadecampoliving.com\\\/es\\\/soleils-del-artista-frances-michel-bizet-se-presenta-en-la-galeria-de-arte-de-altos-de-chavon\\\/\"]}]},{\"@type\":\"ImageObject\",\"inLanguage\":\"es\",\"@id\":\"https:\\\/\\\/casadecampoliving.com\\\/es\\\/soleils-del-artista-frances-michel-bizet-se-presenta-en-la-galeria-de-arte-de-altos-de-chavon\\\/#primaryimage\",\"url\":\"https:\\\/\\\/i0.wp.com\\\/casadecampoliving.com\\\/wp-content\\\/uploads\\\/2022\\\/10\\\/arte_michel_bizet-1.jpg?fit=650%2C448&ssl=1\",\"contentUrl\":\"https:\\\/\\\/i0.wp.com\\\/casadecampoliving.com\\\/wp-content\\\/uploads\\\/2022\\\/10\\\/arte_michel_bizet-1.jpg?fit=650%2C448&ssl=1\",\"width\":650,\"height\":448,\"caption\":\"arte michel bizet\"},{\"@type\":\"BreadcrumbList\",\"@id\":\"https:\\\/\\\/casadecampoliving.com\\\/es\\\/soleils-del-artista-frances-michel-bizet-se-presenta-en-la-galeria-de-arte-de-altos-de-chavon\\\/#breadcrumb\",\"itemListElement\":[{\"@type\":\"ListItem\",\"position\":1,\"name\":\"Home\",\"item\":\"https:\\\/\\\/casadecampoliving.com\\\/es\\\/\"},{\"@type\":\"ListItem\",\"position\":2,\"name\":\"&#8220;Soleils&#8221; del artista franc\u00e9s, Michel Bizet se presenta en la galer\u00eda de arte de Altos de Chav\u00f3n\"}]},{\"@type\":\"WebSite\",\"@id\":\"https:\\\/\\\/casadecampoliving.com\\\/es\\\/#website\",\"url\":\"https:\\\/\\\/casadecampoliving.com\\\/es\\\/\",\"name\":\"Casa de Campo Living\",\"description\":\"Resort community news and resources.\",\"publisher\":{\"@id\":\"https:\\\/\\\/casadecampoliving.com\\\/es\\\/#organization\"},\"potentialAction\":[{\"@type\":\"SearchAction\",\"target\":{\"@type\":\"EntryPoint\",\"urlTemplate\":\"https:\\\/\\\/casadecampoliving.com\\\/es\\\/?s={search_term_string}\"},\"query-input\":{\"@type\":\"PropertyValueSpecification\",\"valueRequired\":true,\"valueName\":\"search_term_string\"}}],\"inLanguage\":\"es\"},{\"@type\":\"Organization\",\"@id\":\"https:\\\/\\\/casadecampoliving.com\\\/es\\\/#organization\",\"name\":\"Casa de Campo Living\",\"url\":\"https:\\\/\\\/casadecampoliving.com\\\/es\\\/\",\"logo\":{\"@type\":\"ImageObject\",\"inLanguage\":\"es\",\"@id\":\"https:\\\/\\\/casadecampoliving.com\\\/es\\\/#\\\/schema\\\/logo\\\/image\\\/\",\"url\":\"https:\\\/\\\/i0.wp.com\\\/casadecampoliving.com\\\/wp-content\\\/uploads\\\/2022\\\/07\\\/CDCLivingLogo_V1-white-sized.png?fit=800%2C214&ssl=1\",\"contentUrl\":\"https:\\\/\\\/i0.wp.com\\\/casadecampoliving.com\\\/wp-content\\\/uploads\\\/2022\\\/07\\\/CDCLivingLogo_V1-white-sized.png?fit=800%2C214&ssl=1\",\"width\":800,\"height\":214,\"caption\":\"Casa de Campo Living\"},\"image\":{\"@id\":\"https:\\\/\\\/casadecampoliving.com\\\/es\\\/#\\\/schema\\\/logo\\\/image\\\/\"},\"sameAs\":[\"https:\\\/\\\/www.facebook.com\\\/casadecampoliving\",\"https:\\\/\\\/x.com\\\/cdcliving\"]},{\"@type\":\"Person\",\"@id\":\"https:\\\/\\\/casadecampoliving.com\\\/es\\\/#\\\/schema\\\/person\\\/7e3b975d584a5f6ac0fd7128a81b0bc5\",\"name\":\"\",\"image\":{\"@type\":\"ImageObject\",\"inLanguage\":\"es\",\"@id\":\"https:\\\/\\\/secure.gravatar.com\\\/avatar\\\/?s=96&d=mm&r=g\",\"url\":\"https:\\\/\\\/secure.gravatar.com\\\/avatar\\\/?s=96&d=mm&r=g\",\"contentUrl\":\"https:\\\/\\\/secure.gravatar.com\\\/avatar\\\/?s=96&d=mm&r=g\"},\"url\":\"https:\\\/\\\/casadecampoliving.com\\\/es\\\/author\\\/ \\\/\"}]}<\/script>\n<!-- \/ Yoast SEO plugin. -->","yoast_head_json":{"title":"\"Soleils\" del artista franc\u00e9s, Michel Bizet se presenta en la galer\u00eda de arte de Altos de Chav\u00f3n | Casa de Campo Living","description":"La exhibici\u00f3n de arte \"Soleils\", presentada por el artista franc\u00e9s Michel Bizet, permanecer\u00e1 en la galer\u00eda de arte de Altos de Chav\u00f3n hasta el pr\u00f3ximo","robots":{"index":"index","follow":"follow","max-snippet":"max-snippet:-1","max-image-preview":"max-image-preview:large","max-video-preview":"max-video-preview:-1"},"canonical":"https:\/\/casadecampoliving.com\/es\/soleils-del-artista-frances-michel-bizet-se-presenta-en-la-galeria-de-arte-de-altos-de-chavon\/","og_locale":"es_ES","og_type":"article","og_title":"\"Soleils\" del artista franc\u00e9s, Michel Bizet se presenta en la galer\u00eda de arte de Altos de Chav\u00f3n | Casa de Campo Living","og_description":"La exhibici\u00f3n de arte \"Soleils\", presentada por el artista franc\u00e9s Michel Bizet, permanecer\u00e1 en la galer\u00eda de arte de Altos de Chav\u00f3n hasta el pr\u00f3ximo","og_url":"https:\/\/casadecampoliving.com\/es\/soleils-del-artista-frances-michel-bizet-se-presenta-en-la-galeria-de-arte-de-altos-de-chavon\/","og_site_name":"Casa de Campo Living","article_publisher":"https:\/\/www.facebook.com\/casadecampoliving","article_published_time":"2012-04-17T04:00:00+00:00","article_modified_time":"2022-11-10T14:41:09+00:00","og_image":[{"width":650,"height":448,"url":"https:\/\/i0.wp.com\/casadecampoliving.com\/wp-content\/uploads\/2022\/10\/arte_michel_bizet-1.jpg?fit=650%2C448&ssl=1","type":"image\/jpeg"}],"twitter_card":"summary_large_image","twitter_creator":"@cdcliving","twitter_site":"@cdcliving","twitter_misc":{"Escrito por":"","Tiempo de lectura":"2 minutos"},"schema":{"@context":"https:\/\/schema.org","@graph":[{"@type":"Article","@id":"https:\/\/casadecampoliving.com\/es\/soleils-del-artista-frances-michel-bizet-se-presenta-en-la-galeria-de-arte-de-altos-de-chavon\/#article","isPartOf":{"@id":"https:\/\/casadecampoliving.com\/es\/soleils-del-artista-frances-michel-bizet-se-presenta-en-la-galeria-de-arte-de-altos-de-chavon\/"},"author":{"name":"","@id":"https:\/\/casadecampoliving.com\/es\/#\/schema\/person\/7e3b975d584a5f6ac0fd7128a81b0bc5"},"headline":"\u00abSoleils\u00bb del artista franc\u00e9s, Michel Bizet se presenta en la galer\u00eda de arte de Altos de Chav\u00f3n","datePublished":"2012-04-17T04:00:00+00:00","dateModified":"2022-11-10T14:41:09+00:00","mainEntityOfPage":{"@id":"https:\/\/casadecampoliving.com\/es\/soleils-del-artista-frances-michel-bizet-se-presenta-en-la-galeria-de-arte-de-altos-de-chavon\/"},"wordCount":499,"publisher":{"@id":"https:\/\/casadecampoliving.com\/es\/#organization"},"image":{"@id":"https:\/\/casadecampoliving.com\/es\/soleils-del-artista-frances-michel-bizet-se-presenta-en-la-galeria-de-arte-de-altos-de-chavon\/#primaryimage"},"thumbnailUrl":"https:\/\/i0.wp.com\/casadecampoliving.com\/wp-content\/uploads\/2022\/10\/arte_michel_bizet-1.jpg?fit=650%2C448&ssl=1","keywords":["Altos de Chavon -es","Altos de Chavon","exhibicion de arte","galeria de arte altos de chavon","michel bizet","semana de francia @es"],"articleSection":["Altos de Chavon @es","Arte y cultura","Eventos","Destacados","Noticias Locales","Proximamente"],"inLanguage":"es"},{"@type":"WebPage","@id":"https:\/\/casadecampoliving.com\/es\/soleils-del-artista-frances-michel-bizet-se-presenta-en-la-galeria-de-arte-de-altos-de-chavon\/","url":"https:\/\/casadecampoliving.com\/es\/soleils-del-artista-frances-michel-bizet-se-presenta-en-la-galeria-de-arte-de-altos-de-chavon\/","name":"\"Soleils\" del artista franc\u00e9s, Michel Bizet se presenta en la galer\u00eda de arte de Altos de Chav\u00f3n | Casa de Campo Living","isPartOf":{"@id":"https:\/\/casadecampoliving.com\/es\/#website"},"primaryImageOfPage":{"@id":"https:\/\/casadecampoliving.com\/es\/soleils-del-artista-frances-michel-bizet-se-presenta-en-la-galeria-de-arte-de-altos-de-chavon\/#primaryimage"},"image":{"@id":"https:\/\/casadecampoliving.com\/es\/soleils-del-artista-frances-michel-bizet-se-presenta-en-la-galeria-de-arte-de-altos-de-chavon\/#primaryimage"},"thumbnailUrl":"https:\/\/i0.wp.com\/casadecampoliving.com\/wp-content\/uploads\/2022\/10\/arte_michel_bizet-1.jpg?fit=650%2C448&ssl=1","datePublished":"2012-04-17T04:00:00+00:00","dateModified":"2022-11-10T14:41:09+00:00","description":"La exhibici\u00f3n de arte \"Soleils\", presentada por el artista franc\u00e9s Michel Bizet, permanecer\u00e1 en la galer\u00eda de arte de Altos de Chav\u00f3n hasta el pr\u00f3ximo","breadcrumb":{"@id":"https:\/\/casadecampoliving.com\/es\/soleils-del-artista-frances-michel-bizet-se-presenta-en-la-galeria-de-arte-de-altos-de-chavon\/#breadcrumb"},"inLanguage":"es","potentialAction":[{"@type":"ReadAction","target":["https:\/\/casadecampoliving.com\/es\/soleils-del-artista-frances-michel-bizet-se-presenta-en-la-galeria-de-arte-de-altos-de-chavon\/"]}]},{"@type":"ImageObject","inLanguage":"es","@id":"https:\/\/casadecampoliving.com\/es\/soleils-del-artista-frances-michel-bizet-se-presenta-en-la-galeria-de-arte-de-altos-de-chavon\/#primaryimage","url":"https:\/\/i0.wp.com\/casadecampoliving.com\/wp-content\/uploads\/2022\/10\/arte_michel_bizet-1.jpg?fit=650%2C448&ssl=1","contentUrl":"https:\/\/i0.wp.com\/casadecampoliving.com\/wp-content\/uploads\/2022\/10\/arte_michel_bizet-1.jpg?fit=650%2C448&ssl=1","width":650,"height":448,"caption":"arte michel bizet"},{"@type":"BreadcrumbList","@id":"https:\/\/casadecampoliving.com\/es\/soleils-del-artista-frances-michel-bizet-se-presenta-en-la-galeria-de-arte-de-altos-de-chavon\/#breadcrumb","itemListElement":[{"@type":"ListItem","position":1,"name":"Home","item":"https:\/\/casadecampoliving.com\/es\/"},{"@type":"ListItem","position":2,"name":"&#8220;Soleils&#8221; del artista franc\u00e9s, Michel Bizet se presenta en la galer\u00eda de arte de Altos de Chav\u00f3n"}]},{"@type":"WebSite","@id":"https:\/\/casadecampoliving.com\/es\/#website","url":"https:\/\/casadecampoliving.com\/es\/","name":"Casa de Campo Living","description":"Resort community news and resources.","publisher":{"@id":"https:\/\/casadecampoliving.com\/es\/#organization"},"potentialAction":[{"@type":"SearchAction","target":{"@type":"EntryPoint","urlTemplate":"https:\/\/casadecampoliving.com\/es\/?s={search_term_string}"},"query-input":{"@type":"PropertyValueSpecification","valueRequired":true,"valueName":"search_term_string"}}],"inLanguage":"es"},{"@type":"Organization","@id":"https:\/\/casadecampoliving.com\/es\/#organization","name":"Casa de Campo Living","url":"https:\/\/casadecampoliving.com\/es\/","logo":{"@type":"ImageObject","inLanguage":"es","@id":"https:\/\/casadecampoliving.com\/es\/#\/schema\/logo\/image\/","url":"https:\/\/i0.wp.com\/casadecampoliving.com\/wp-content\/uploads\/2022\/07\/CDCLivingLogo_V1-white-sized.png?fit=800%2C214&ssl=1","contentUrl":"https:\/\/i0.wp.com\/casadecampoliving.com\/wp-content\/uploads\/2022\/07\/CDCLivingLogo_V1-white-sized.png?fit=800%2C214&ssl=1","width":800,"height":214,"caption":"Casa de Campo Living"},"image":{"@id":"https:\/\/casadecampoliving.com\/es\/#\/schema\/logo\/image\/"},"sameAs":["https:\/\/www.facebook.com\/casadecampoliving","https:\/\/x.com\/cdcliving"]},{"@type":"Person","@id":"https:\/\/casadecampoliving.com\/es\/#\/schema\/person\/7e3b975d584a5f6ac0fd7128a81b0bc5","name":"","image":{"@type":"ImageObject","inLanguage":"es","@id":"https:\/\/secure.gravatar.com\/avatar\/?s=96&d=mm&r=g","url":"https:\/\/secure.gravatar.com\/avatar\/?s=96&d=mm&r=g","contentUrl":"https:\/\/secure.gravatar.com\/avatar\/?s=96&d=mm&r=g"},"url":"https:\/\/casadecampoliving.com\/es\/author\/ \/"}]}},"parsely":{"version":"1.1.0","canonical_url":"https:\/\/casadecampoliving.com\/es\/soleils-del-artista-frances-michel-bizet-se-presenta-en-la-galeria-de-arte-de-altos-de-chavon\/","smart_links":{"inbound":0,"outbound":0},"traffic_boost_suggestions_count":0,"meta":{"@context":"https:\/\/schema.org","@type":"NewsArticle","headline":"\u00abSoleils\u00bb del artista franc\u00e9s, Michel Bizet se presenta en la galer\u00eda de arte de Altos de Chav\u00f3n","url":"http:\/\/casadecampoliving.com\/es\/soleils-del-artista-frances-michel-bizet-se-presenta-en-la-galeria-de-arte-de-altos-de-chavon\/","mainEntityOfPage":{"@type":"WebPage","@id":"http:\/\/casadecampoliving.com\/es\/soleils-del-artista-frances-michel-bizet-se-presenta-en-la-galeria-de-arte-de-altos-de-chavon\/"},"thumbnailUrl":"https:\/\/i0.wp.com\/casadecampoliving.com\/wp-content\/uploads\/2022\/10\/arte_michel_bizet-1.jpg?resize=150%2C150&ssl=1","image":{"@type":"ImageObject","url":"https:\/\/i0.wp.com\/casadecampoliving.com\/wp-content\/uploads\/2022\/10\/arte_michel_bizet-1.jpg?fit=650%2C448&ssl=1"},"articleSection":"Altos de Chavon @es","author":[{"@type":"Person","name":"FB_515917546"}],"creator":["FB_515917546"],"publisher":{"@type":"Organization","name":"Casa de Campo Living","logo":"https:\/\/casadecampoliving.com\/wp-content\/uploads\/2022\/07\/CDCLivingLogo_V1-white-sized.png"},"keywords":["altos de chavon","altos de chavon -es","exhibicion de arte","galeria de arte altos de chavon","michel bizet","semana de francia @es"],"dateCreated":"2012-04-17T04:00:00Z","datePublished":"2012-04-17T04:00:00Z","dateModified":"2022-11-10T14:41:09Z"},"rendered":"<script type=\"application\/ld+json\" class=\"wp-parsely-metadata\">{\"@context\":\"https:\\\/\\\/schema.org\",\"@type\":\"NewsArticle\",\"headline\":\"\\u00abSoleils\\u00bb del artista franc\\u00e9s, Michel Bizet se presenta en la galer\\u00eda de arte de Altos de Chav\\u00f3n\",\"url\":\"http:\\\/\\\/casadecampoliving.com\\\/es\\\/soleils-del-artista-frances-michel-bizet-se-presenta-en-la-galeria-de-arte-de-altos-de-chavon\\\/\",\"mainEntityOfPage\":{\"@type\":\"WebPage\",\"@id\":\"http:\\\/\\\/casadecampoliving.com\\\/es\\\/soleils-del-artista-frances-michel-bizet-se-presenta-en-la-galeria-de-arte-de-altos-de-chavon\\\/\"},\"thumbnailUrl\":\"https:\\\/\\\/i0.wp.com\\\/casadecampoliving.com\\\/wp-content\\\/uploads\\\/2022\\\/10\\\/arte_michel_bizet-1.jpg?resize=150%2C150&ssl=1\",\"image\":{\"@type\":\"ImageObject\",\"url\":\"https:\\\/\\\/i0.wp.com\\\/casadecampoliving.com\\\/wp-content\\\/uploads\\\/2022\\\/10\\\/arte_michel_bizet-1.jpg?fit=650%2C448&ssl=1\"},\"articleSection\":\"Altos de Chavon @es\",\"author\":[{\"@type\":\"Person\",\"name\":\"FB_515917546\"}],\"creator\":[\"FB_515917546\"],\"publisher\":{\"@type\":\"Organization\",\"name\":\"Casa de Campo Living\",\"logo\":\"https:\\\/\\\/casadecampoliving.com\\\/wp-content\\\/uploads\\\/2022\\\/07\\\/CDCLivingLogo_V1-white-sized.png\"},\"keywords\":[\"altos de chavon\",\"altos de chavon -es\",\"exhibicion de arte\",\"galeria de arte altos de chavon\",\"michel bizet\",\"semana de francia @es\"],\"dateCreated\":\"2012-04-17T04:00:00Z\",\"datePublished\":\"2012-04-17T04:00:00Z\",\"dateModified\":\"2022-11-10T14:41:09Z\"}<\/script>","tracker_url":"https:\/\/cdn.parsely.com\/keys\/casadecampoliving.com\/p.js"},"jetpack_publicize_connections":[],"jetpack_featured_media_url":"https:\/\/i0.wp.com\/casadecampoliving.com\/wp-content\/uploads\/2022\/10\/arte_michel_bizet-1.jpg?fit=650%2C448&ssl=1","jetpack-related-posts":[{"id":338576,"url":"https:\/\/casadecampoliving.com\/es\/soleils-la-nueva-exhibicion-se-inaugurara-el-jueves-22-de-marzo-como-parte-de-la-semana-de-francia\/","url_meta":{"origin":338796,"position":0},"title":"\u201cSoleils\u201d la nueva exhibici\u00f3n se inaugurar\u00e1 el jueves 22 de Marzo como parte de la Semana de Francia!","author":"Rebecca Silvestri","date":"21 Mar, 2012","format":false,"excerpt":"El pr\u00f3ximo jueves 22 de marzo, la Galer\u00eda de Arte Altos de Chav\u00f3n inaugurar\u00e1 la nueva exhibici\u00f3n de arte \u201cSoleils\u201d del artista franc\u00e9s Michel Bizet. La nueva exhibici\u00f3n, uno de los eventos culturales ligados a la celebraci\u00f3n de la Semana de Francia, ser\u00e1 celebrado con un c\u00f3ctel \u2013\u00a0y usted est\u00e1\u2026","rel":"","context":"En \u00abAltos de Chavon @es\u00bb","block_context":{"text":"Altos de Chavon @es","link":"https:\/\/casadecampoliving.com\/category\/altos-de-chavon-es\/"},"img":{"alt_text":"michel bizet art","src":"https:\/\/i0.wp.com\/casadecampoliving.com\/wp-content\/uploads\/2022\/10\/michel_bizet-1.jpg?fit=650%2C324&ssl=1&resize=350%2C200","width":350,"height":200,"srcset":"https:\/\/i0.wp.com\/casadecampoliving.com\/wp-content\/uploads\/2022\/10\/michel_bizet-1.jpg?fit=650%2C324&ssl=1&resize=350%2C200 1x, https:\/\/i0.wp.com\/casadecampoliving.com\/wp-content\/uploads\/2022\/10\/michel_bizet-1.jpg?fit=650%2C324&ssl=1&resize=525%2C300 1.5x"},"classes":[]},{"id":338841,"url":"https:\/\/casadecampoliving.com\/es\/expresiones-la-nueva-exhibicion-de-arte-de-altos-de-chavon\/","url_meta":{"origin":338796,"position":1},"title":"\u00abExpresiones\u00bb, la nueva exhibici\u00f3n de arte de Altos de Chav\u00f3n!","author":"","date":"23 Abr, 2012","format":false,"excerpt":"Este jueves 26 de abril, la galer\u00eda de arte Altos de Chav\u00f3n celebrar\u00e1 la apertura de una nueva exhibici\u00f3n de arte denominada \u201cExpresiones\u201d, por los estudiantes de primer a\u00f1o de la Escuela de Arte y Dise\u00f1o de Altos de Chav\u00f3n, y usted est\u00e1 cordialmente invitado a la celebraci\u00f3n! \u00a0 Luego\u2026","rel":"","context":"En \u00abAltos de Chavon @es\u00bb","block_context":{"text":"Altos de Chavon @es","link":"https:\/\/casadecampoliving.com\/category\/altos-de-chavon-es\/"},"img":{"alt_text":"arte altos de chavon","src":"https:\/\/i0.wp.com\/casadecampoliving.com\/wp-content\/uploads\/2022\/10\/arte_altos_de_chavon2-1.jpg?fit=650%2C302&ssl=1&resize=350%2C200","width":350,"height":200,"srcset":"https:\/\/i0.wp.com\/casadecampoliving.com\/wp-content\/uploads\/2022\/10\/arte_altos_de_chavon2-1.jpg?fit=650%2C302&ssl=1&resize=350%2C200 1x, https:\/\/i0.wp.com\/casadecampoliving.com\/wp-content\/uploads\/2022\/10\/arte_altos_de_chavon2-1.jpg?fit=650%2C302&ssl=1&resize=525%2C300 1.5x"},"classes":[]},{"id":338678,"url":"https:\/\/casadecampoliving.com\/es\/estampida-la-accion-del-caballo-de-polo-nueva-exhibicion-de-arte-por-rachel-white-abre-en-altos-de-chavon\/","url_meta":{"origin":338796,"position":2},"title":"Estampida! \u00abLa acci\u00f3n del caballo de polo\u00bb nueva exhibici\u00f3n de arte por Rachel White abre en Altos de Chav\u00f3n!","author":"","date":"3 Abr, 2012","format":false,"excerpt":"El pasado jueves 8 de marzo, el peque\u00f1o pueblo art\u00edstico de Altos de Chav\u00f3n estuvo repleto de actividades culturales y art\u00edsticas - la comunidad primero disfrut\u00f3 de la charla ofrecida por el doctor\u00a0Charles Beeker en el Museo Arqueol\u00f3gico Regional de Altos de Chav\u00f3n denominada \"Captain Kidd shipwreck\" y luego disfrut\u00f3\u2026","rel":"","context":"En \u00abAltos de Chavon @es\u00bb","block_context":{"text":"Altos de Chavon @es","link":"https:\/\/casadecampoliving.com\/category\/altos-de-chavon-es\/"},"img":{"alt_text":"rachel white art","src":"https:\/\/i0.wp.com\/casadecampoliving.com\/wp-content\/uploads\/2022\/10\/rachel_white_art-1.jpg?fit=650%2C366&ssl=1&resize=350%2C200","width":350,"height":200,"srcset":"https:\/\/i0.wp.com\/casadecampoliving.com\/wp-content\/uploads\/2022\/10\/rachel_white_art-1.jpg?fit=650%2C366&ssl=1&resize=350%2C200 1x, https:\/\/i0.wp.com\/casadecampoliving.com\/wp-content\/uploads\/2022\/10\/rachel_white_art-1.jpg?fit=650%2C366&ssl=1&resize=525%2C300 1.5x"},"classes":[]},{"id":338588,"url":"https:\/\/casadecampoliving.com\/es\/altos-de-chavon-se-convertira-en-un-petit-village-francais-22-al-25-de-marzo\/","url_meta":{"origin":338796,"position":3},"title":"Altos de Chav\u00f3n se convertir\u00e1 en un \u00abpetit village fran\u00e7ais\u00bb, 22 al 25 de marzo!","author":"","date":"20 Mar, 2012","format":false,"excerpt":"Como parte de las celebraciones de la \u201cSemana de Francia\u201d, desde este jueves 22 al domingo 25 de marzo, la tranquila zona de Altos de Chav\u00f3n ser\u00e1 convertido en un \u201cpetit village fran\u00e7ais\u201d con actividades gastron\u00f3micas, art\u00edsticas y tecnol\u00f3gicas,\u00a0animadas por artistas que recorrer\u00e1n sus calles, adem\u00e1s de la exhibici\u00f3n de\u2026","rel":"","context":"En \u00abAltos de Chavon @es\u00bb","block_context":{"text":"Altos de Chavon @es","link":"https:\/\/casadecampoliving.com\/category\/altos-de-chavon-es\/"},"img":{"alt_text":"altos de chavon francia","src":"https:\/\/i0.wp.com\/casadecampoliving.com\/wp-content\/uploads\/2022\/10\/altos_de_chavon_francia-1.jpg?fit=650%2C408&ssl=1&resize=350%2C200","width":350,"height":200,"srcset":"https:\/\/i0.wp.com\/casadecampoliving.com\/wp-content\/uploads\/2022\/10\/altos_de_chavon_francia-1.jpg?fit=650%2C408&ssl=1&resize=350%2C200 1x, https:\/\/i0.wp.com\/casadecampoliving.com\/wp-content\/uploads\/2022\/10\/altos_de_chavon_francia-1.jpg?fit=650%2C408&ssl=1&resize=525%2C300 1.5x"},"classes":[]},{"id":433460,"url":"https:\/\/casadecampoliving.com\/es\/no-se-pierdan-el-increible-tributo-a-frank-sinatra-para-celebrar-el-40-aniversario-del-anfiteatro-altos-de-chavon\/","url_meta":{"origin":338796,"position":4},"title":"No se pierdan el incre\u00edble tributo a Frank Sinatra para celebrar el 40 aniversario del\u00a0Anfiteatro Altos de Chav\u00f3n","author":"Casa de Campo Living","date":"20 Oct, 2022","format":false,"excerpt":"Siendo uno de los escenarios m\u00e1s emblem\u00e1ticos del pa\u00eds, Casa de Campo Resort\u00ae & Villas celebra las cuatro d\u00e9cadas de aniversario de Altos de Chav\u00f3n con un tributo al gran Frank Sinatra, protagonizado por artistas invitados y una big band tal cual la que acompa\u00f1\u00f3 al artista hace 40 a\u00f1os\u2026","rel":"","context":"En \u00abUncategorized @es\u00bb","block_context":{"text":"Uncategorized @es","link":"https:\/\/casadecampoliving.com\/es\/category\/uncategorized-es\/"},"img":{"alt_text":"","src":"https:\/\/i0.wp.com\/casadecampoliving.com\/wp-content\/uploads\/2022\/10\/Tributo-Frank-Sinatra-Foto-Principal-Amaury-Sanchez-Danilo-Ginebra-Andres-Pichardo-y-Jose-Gabriel-Perez-.jpg?fit=1200%2C873&ssl=1&resize=350%2C200","width":350,"height":200,"srcset":"https:\/\/i0.wp.com\/casadecampoliving.com\/wp-content\/uploads\/2022\/10\/Tributo-Frank-Sinatra-Foto-Principal-Amaury-Sanchez-Danilo-Ginebra-Andres-Pichardo-y-Jose-Gabriel-Perez-.jpg?fit=1200%2C873&ssl=1&resize=350%2C200 1x, https:\/\/i0.wp.com\/casadecampoliving.com\/wp-content\/uploads\/2022\/10\/Tributo-Frank-Sinatra-Foto-Principal-Amaury-Sanchez-Danilo-Ginebra-Andres-Pichardo-y-Jose-Gabriel-Perez-.jpg?fit=1200%2C873&ssl=1&resize=525%2C300 1.5x, https:\/\/i0.wp.com\/casadecampoliving.com\/wp-content\/uploads\/2022\/10\/Tributo-Frank-Sinatra-Foto-Principal-Amaury-Sanchez-Danilo-Ginebra-Andres-Pichardo-y-Jose-Gabriel-Perez-.jpg?fit=1200%2C873&ssl=1&resize=700%2C400 2x, https:\/\/i0.wp.com\/casadecampoliving.com\/wp-content\/uploads\/2022\/10\/Tributo-Frank-Sinatra-Foto-Principal-Amaury-Sanchez-Danilo-Ginebra-Andres-Pichardo-y-Jose-Gabriel-Perez-.jpg?fit=1200%2C873&ssl=1&resize=1050%2C600 3x"},"classes":[]},{"id":321220,"url":"https:\/\/casadecampoliving.com\/soleils-by-french-artist-michel-bizet-currently-on-show-at-the-altos-de-chavon-art-gallery\/","url_meta":{"origin":338796,"position":5},"title":"\u00abSoleils\u00bb by French artist Michel Bizet currently on show at the Altos de Chav\u00f3n art gallery","author":"Rebecca Silvestri","date":"17 Abr, 2012","format":false,"excerpt":"\"Soleils\" art exhibit presented by the French artist Michel Bizet\u00a0will remain open at the Altos de Chav\u00f3n art gallery until next Monday the 23rd of April - which means this week is your last chance to see this beautiful exhibit. Located on the 1st floor of the Altos de Chav\u00f3n\u2026","rel":"","context":"En \u00abAltos de Chavon\u00bb","block_context":{"text":"Altos de Chavon","link":"https:\/\/casadecampoliving.com\/category\/altos-de-chavon\/"},"img":{"alt_text":"arte michel bizet","src":"https:\/\/i0.wp.com\/casadecampoliving.com\/wp-content\/uploads\/2022\/10\/arte_michel_bizet-1.jpg?fit=650%2C448&ssl=1&resize=350%2C200","width":350,"height":200,"srcset":"https:\/\/i0.wp.com\/casadecampoliving.com\/wp-content\/uploads\/2022\/10\/arte_michel_bizet-1.jpg?fit=650%2C448&ssl=1&resize=350%2C200 1x, https:\/\/i0.wp.com\/casadecampoliving.com\/wp-content\/uploads\/2022\/10\/arte_michel_bizet-1.jpg?fit=650%2C448&ssl=1&resize=525%2C300 1.5x"},"classes":[]}],"jetpack_sharing_enabled":true,"_links":{"self":[{"href":"https:\/\/casadecampoliving.com\/es\/wp-json\/wp\/v2\/posts\/338796","targetHints":{"allow":["GET"]}}],"collection":[{"href":"https:\/\/casadecampoliving.com\/es\/wp-json\/wp\/v2\/posts"}],"about":[{"href":"https:\/\/casadecampoliving.com\/es\/wp-json\/wp\/v2\/types\/post"}],"author":[{"embeddable":true,"href":"https:\/\/casadecampoliving.com\/es\/wp-json\/wp\/v2\/users\/21"}],"replies":[{"embeddable":true,"href":"https:\/\/casadecampoliving.com\/es\/wp-json\/wp\/v2\/comments?post=338796"}],"version-history":[{"count":2,"href":"https:\/\/casadecampoliving.com\/es\/wp-json\/wp\/v2\/posts\/338796\/revisions"}],"predecessor-version":[{"id":509051,"href":"https:\/\/casadecampoliving.com\/es\/wp-json\/wp\/v2\/posts\/338796\/revisions\/509051"}],"wp:featuredmedia":[{"embeddable":true,"href":"https:\/\/casadecampoliving.com\/es\/wp-json\/wp\/v2\/media\/223215"}],"wp:attachment":[{"href":"https:\/\/casadecampoliving.com\/es\/wp-json\/wp\/v2\/media?parent=338796"}],"wp:term":[{"taxonomy":"category","embeddable":true,"href":"https:\/\/casadecampoliving.com\/es\/wp-json\/wp\/v2\/categories?post=338796"},{"taxonomy":"post_tag","embeddable":true,"href":"https:\/\/casadecampoliving.com\/es\/wp-json\/wp\/v2\/tags?post=338796"},{"taxonomy":"newspack_spnsrs_tax","embeddable":true,"href":"https:\/\/casadecampoliving.com\/es\/wp-json\/wp\/v2\/newspack_spnsrs_tax?post=338796"}],"curies":[{"name":"wp","href":"https:\/\/api.w.org\/{rel}","templated":true}]}}