{"id":338728,"date":"2012-04-09T00:00:00","date_gmt":"2012-04-09T04:00:00","guid":{"rendered":"https:\/\/casadecampoliving.com\/esta-semana-en-casa-9-al-15-de-abril\/"},"modified":"2022-10-21T18:42:50","modified_gmt":"2022-10-21T22:42:50","slug":"esta-semana-en-casa-9-al-15-de-abril","status":"publish","type":"post","link":"https:\/\/casadecampoliving.com\/es\/esta-semana-en-casa-9-al-15-de-abril\/","title":{"rendered":"Esta Semana en Casa: 9 al 15 de abril!"},"content":{"rendered":"<div class=\"wp-block-image\">\n<figure class=\"aligncenter is-resized\"><img loading=\"lazy\" decoding=\"async\" src=\"https:\/\/i0.wp.com\/casadecampoliving.com\/wp-content\/uploads\/2022\/10\/thisweekincasa1ESP-4.jpg?resize=650%2C350&amp;ssl=1\" alt=\"casa de campo\" class=\"wp-image-45817\" title=\"thisweekincasa1ESP\" height=\"350\" width=\"650\"\/><\/figure>\n<\/div>\n\n\n<p class=\"wp-block-paragraph\">Despu\u00e9s de una divertida y movida Semana Santa, esta semana en Casa de Campo, disfrute de unos d\u00edas de relajaci\u00f3n en nuestro particular para\u00edso; en la Playa Minitas o del golf en los asombrosos campos de golf de Casa de Campo \u2013 y si no juega,no debe perderse los amaneceres y atardeceres en estos espectaculares puntos! No olvide que en esta semana se celebra el Caf\u00e9 de La Leche!<\/p>\n\n\n\n<!--more-->\n\n\n\n<blockquote><h3 style=\"text-align: center;\">Estos eventos, actividades y especiales aplican para la semana de:<\/h3><h2 style=\"text-align: center;\">Lunes 9 Abr \u2013 Domingo 15 Abr<\/h2><\/blockquote>\n\n\n\n<h3 class=\"wp-block-heading\"><a href=\"http:\/\/www.todocasadecampo.com\/es\"><em>HAGA CLICK AQU\u00cd para el calendario completo!<\/em><\/a><\/h3>\n\n\n\n<p class=\"wp-block-paragraph\"><strong><a href=\"http:\/\/wp.me\/p1kvEy-abH\">Haga click para ver la cartelera de cine y los trailers<\/a><\/strong><\/p>\n\n\n\n<figure class=\"wp-block-image is-resized\"><a href=\"https:\/\/i0.wp.com\/casadecampoliving.com\/wp-content\/uploads\/2022\/10\/casa_de_campo1-20.jpg?ssl=1\"><img loading=\"lazy\" decoding=\"async\" src=\"https:\/\/i0.wp.com\/casadecampoliving.com\/wp-content\/uploads\/2022\/10\/casa_de_campo1-20.jpg?resize=550%2C32&amp;ssl=1\" alt=\"\" class=\"wp-image-36851\" title=\"casa_de_campo\" height=\"32\" width=\"550\"\/><\/a><\/figure>\n\n\n\n<p class=\"wp-block-paragraph\"><span style=\"color: #0000ee;\"><strong><span style=\"text-decoration: underline;\"><\/span><\/strong><\/span><\/p>\n\n\n\n<p class=\"wp-block-paragraph\"><strong><strong>\u2022<\/strong><\/strong>&nbsp;<a href=\"http:\/\/www.todocasadecampo.com\/es\/node\/339\"><strong><strong>Exhibici\u00f3n de Arte \u201cLa acci\u00f3n del caballo de polo\u201d&nbsp;\u2013&nbsp;<\/strong><\/strong><strong><strong>Haga click aqu\u00ed para m\u00e1s info!&nbsp;&nbsp;<\/strong><\/strong><\/a><\/p>\n\n\n\n<p class=\"wp-block-paragraph\"><strong><strong>\u2022<\/strong><\/strong>&nbsp;<a href=\"http:\/\/www.todocasadecampo.com\/es\/node\/341\"><strong><strong>Exhibici\u00f3n de Arte \u201cSoleils\u201d&nbsp;\u2013&nbsp;<\/strong><\/strong><strong><strong>Haga click aqu\u00ed para m\u00e1s info!&nbsp;&nbsp;<\/strong><\/strong><\/a><\/p>\n\n\n\n<p class=\"wp-block-paragraph\"><strong><strong>\u2022<\/strong><\/strong>&nbsp;<a href=\"https:\/\/casadecampoliving.com\/es\/2011\/11\/clases-de-flamenco-con-fatima-en-el-centro-pointe-de-la-romana\/\"><strong>Clases de Flamenco con Fatima Renedo Peral&nbsp;\u2013&nbsp;<\/strong><strong>Haga click aqu\u00ed para m\u00e1s info!&nbsp;&nbsp;<\/strong><\/a><\/p>\n\n\n\n<p class=\"wp-block-paragraph\"><strong><strong>\u2022<\/strong><\/strong>&nbsp;<a href=\"https:\/\/casadecampoliving.com\/es\/2012\/03\/zumba-mania-energia-alegria-y-ritmo-durante-el-fin-de-semana-del-hogar-del-nino\/\"><strong><\/strong><strong>Clases de&nbsp;Zumba con Fefi&nbsp;\u2013&nbsp;<\/strong><strong>Haga click aqu\u00ed para m\u00e1s info!<\/strong><\/a><\/p>\n\n\n\n<p class=\"wp-block-paragraph\"><strong><strong>\u2022<\/strong><\/strong>&nbsp;<a href=\"https:\/\/casadecampoliving.com\/es\/2012\/01\/disfrute-de-una-extravaganza-dominicana-en-altos-de-chavon-todos-los-lunes\/\"><span><strong>Show&nbsp;Kandela!<\/strong>&nbsp;\u2013&nbsp;<\/span><strong>Haga click aqu\u00ed para m\u00e1s info!<\/strong><\/a><\/p>\n\n\n\n<figure class=\"wp-block-image is-resized\"><a href=\"https:\/\/i0.wp.com\/casadecampoliving.com\/wp-content\/uploads\/2022\/10\/casa_de_campo2-15.jpg?ssl=1\"><img loading=\"lazy\" decoding=\"async\" src=\"https:\/\/i0.wp.com\/casadecampoliving.com\/wp-content\/uploads\/2022\/10\/casa_de_campo2-15.jpg?resize=550%2C32&amp;ssl=1\" alt=\"\" class=\"wp-image-36852\" title=\"casa_de_campo\" height=\"32\" width=\"550\"\/><\/a><\/figure>\n\n\n\n<p class=\"wp-block-paragraph\"><span style=\"color: #0000ee;\"><strong><span style=\"text-decoration: underline;\"><\/span><\/strong><\/span><\/p>\n\n\n\n<p class=\"wp-block-paragraph\"><strong><strong>\u2022<\/strong><\/strong>&nbsp;<a href=\"http:\/\/www.todocasadecampo.com\/es\/node\/341\"><strong>Exhibici\u00f3n de Arte \u201cSoleils\u201d<\/strong>&nbsp;\u2013&nbsp;<strong style=\"font-weight: bold;\">Haga click aqu\u00ed para m\u00e1s info!&nbsp;&nbsp;<\/strong><\/a><\/p>\n\n\n\n<p class=\"wp-block-paragraph\"><strong><strong>\u2022<\/strong><\/strong>&nbsp;<a href=\"https:\/\/casadecampoliving.com\/es\/2011\/11\/clases-de-flamenco-con-fatima-en-el-centro-pointe-de-la-romana\/\"><strong>Clases de Flamenco con Fatima Renedo Peral&nbsp;\u2013&nbsp;<\/strong><strong>Haga click aqu\u00ed para m\u00e1s info!&nbsp;<\/strong><\/a><\/p>\n\n\n\n<figure class=\"wp-block-image is-resized\"><img loading=\"lazy\" decoding=\"async\" src=\"https:\/\/i0.wp.com\/casadecampoliving.com\/wp-content\/uploads\/2022\/10\/casa_de_campo3-12.jpg?resize=550%2C32&amp;ssl=1\" alt=\"casa de campo\" class=\"wp-image-36854\" title=\"casa_de_campo\" height=\"32\" width=\"550\"\/><\/figure>\n\n\n\n<p class=\"wp-block-paragraph\"><span style=\"color: #0000ee;\"><\/span><\/p>\n\n\n\n<p class=\"wp-block-paragraph\"><strong><strong>\u2022<\/strong><\/strong>&nbsp;<a href=\"http:\/\/www.todocasadecampo.com\/es\/node\/341\"><strong><strong>Exhibici\u00f3n de Arte \u201cSoleils\u201d&nbsp;\u2013&nbsp;<\/strong><\/strong><strong><strong>Haga click aqu\u00ed para m\u00e1s info!&nbsp;&nbsp;<\/strong><\/strong><\/a><\/p>\n\n\n\n<p class=\"wp-block-paragraph\"><strong><strong>\u2022<\/strong><\/strong>&nbsp;<a href=\"https:\/\/casadecampoliving.com\/es\/2011\/11\/clases-de-flamenco-con-fatima-en-el-centro-pointe-de-la-romana\/\"><strong>Clases de Flamenco con Fatima Renedo Peral<\/strong>&nbsp;\u2013&nbsp;<strong>Haga click aqu\u00ed para m\u00e1s info!&nbsp;<\/strong><\/a><\/p>\n\n\n\n<p class=\"wp-block-paragraph\"><strong><strong>\u2022<\/strong><\/strong>&nbsp;<a href=\"https:\/\/casadecampoliving.com\/es\/2012\/03\/zumba-mania-energia-alegria-y-ritmo-durante-el-fin-de-semana-del-hogar-del-nino\/\"><strong>Clases de&nbsp;Zumba con Fefi<\/strong>&nbsp;\u2013&nbsp;<strong>Haga click aqu\u00ed para m\u00e1s info!<\/strong><\/a><\/p>\n\n\n\n<figure class=\"wp-block-image is-resized\"><a href=\"https:\/\/i0.wp.com\/casadecampoliving.com\/wp-content\/uploads\/2022\/10\/casa_de_campo11-2.jpg?ssl=1\"><img loading=\"lazy\" decoding=\"async\" src=\"https:\/\/i0.wp.com\/casadecampoliving.com\/wp-content\/uploads\/2022\/10\/casa_de_campo11-2.jpg?resize=550%2C32&amp;ssl=1\" alt=\"\" class=\"wp-image-36858\" title=\"casa_de_campo1\" height=\"32\" width=\"550\"\/><\/a><\/figure>\n\n\n\n<p class=\"wp-block-paragraph\"><span style=\"color: #0000ee;\"><span><strong><\/strong><\/span><\/span><\/p>\n\n\n\n<p class=\"wp-block-paragraph\"><strong><strong>\u2022<\/strong><\/strong>&nbsp;<a style=\"font-weight: bold;\" href=\"https:\/\/casadecampoliving.com\/es\/2012\/03\/la-accion-del-caballo-de-polo-la-nueva-exhibicion-se-inaugurara-el-jueves-8-de-marzo\/\">Exhibiciones de Arte <\/a><a style=\"font-weight: bold;\" href=\"http:\/\/www.todocasadecampo.com\/es\/node\/341\">\u201cSoleils\u201d&nbsp;<\/a>&nbsp;\u2013&nbsp;<strong style=\"font-weight: bold;\"><strong><strong><a href=\"https:\/\/casadecampoliving.com\/es\/2012\/03\/la-accion-del-caballo-de-polo-la-nueva-exhibicion-se-inaugurara-el-jueves-8-de-marzo\/\">Haga click aqu\u00ed para m\u00e1s info!&nbsp;<\/a>&nbsp;<\/strong><\/strong><\/strong><\/p>\n\n\n\n<p class=\"wp-block-paragraph\"><strong><strong><strong>\u2022<\/strong><\/strong>&nbsp;<a href=\"https:\/\/casadecampoliving.com\/es\/2011\/11\/clases-de-flamenco-con-fatima-en-el-centro-pointe-de-la-romana\/\">Clases de Flamenco con Fatima Renedo Peral<\/a>&nbsp;\u2013&nbsp;<\/strong><strong><a href=\"https:\/\/casadecampoliving.com\/es\/2011\/11\/clases-de-flamenco-con-fatima-en-el-centro-pointe-de-la-romana\/\">Haga click aqu\u00ed para m\u00e1s info!<\/a>&nbsp;<\/strong><\/p>\n\n\n\n<p class=\"wp-block-paragraph\"><strong><strong><strong>\u2022<\/strong><\/strong>&nbsp;<a href=\"http:\/\/wp.me\/p1kvEy-b67\">Happy Hour 2\u00d71 en La Enoteca&nbsp;\u2013&nbsp;<\/a><\/strong><strong><a href=\"http:\/\/wp.me\/p1kvEy-b67\">Haga click aqu\u00ed para m\u00e1s info!&nbsp;<\/a><\/strong><\/p>\n\n\n\n<p class=\"wp-block-paragraph\"><strong><strong><a href=\"https:\/\/i0.wp.com\/casadecampoliving.com\/wp-content\/uploads\/2022\/10\/casa_de_campo4-9.jpg?ssl=1\"> <img decoding=\"async\" loading=\"lazy\" class=\"alignnone size-full wp-image-36859\" title=\"casa_de_campo\" src=\"https:\/\/i0.wp.com\/casadecampoliving.com\/wp-content\/uploads\/2022\/10\/casa_de_campo4-9.jpg?resize=550%2C32&amp;ssl=1\" alt=\"\" width=\"550\" height=\"32\"><br>\n<\/a><\/strong><\/strong><br>\n<span style=\"font-weight: bold;\"><strong>\u2022<\/strong>&nbsp;<a href=\"http:\/\/www.todocasadecampo.com\/es\/node\/341\">Exhibiciones de Arte \u201c<strong style=\"font-weight: bold;\"><strong>Soleils\u201d&nbsp;&nbsp;\u2013&nbsp;<\/strong><\/strong><\/a><\/span><span style=\"font-weight: bold;\"><span style=\"font-weight: bold;\"><span style=\"font-weight: bold;\"><strong style=\"font-weight: bold;\"><a href=\"http:\/\/www.todocasadecampo.com\/es\/node\/341\">Haga click aqu\u00ed para m\u00e1s info!&nbsp;&nbsp;<\/a><\/strong><\/span><\/span><\/span><\/p>\n\n\n\n<p class=\"wp-block-paragraph\"><strong><strong>\u2022&nbsp;<\/strong><a href=\"http:\/\/www.todocasadecampo.com\/es\/node\/155\">Caf\u00e9 de La Leche \u2013&nbsp;Haga click aqu\u00ed para m\u00e1s info&nbsp;<\/a><\/strong><\/p>\n\n\n\n<p class=\"wp-block-paragraph\"><strong><strong>\u2022<\/strong>&nbsp;<a href=\"http:\/\/wp.me\/p1kvEy-cp8\">\u201cViernes Salsero\u201d en Mistral&nbsp;\u2013&nbsp;<\/a><\/strong><strong><a href=\"http:\/\/wp.me\/p1kvEy-cp8\">Haga click aqu\u00ed para m\u00e1s info de Mistral!&nbsp;<\/a><\/strong><\/p>\n\n\n\n<figure class=\"wp-block-image is-resized\"><img loading=\"lazy\" decoding=\"async\" src=\"https:\/\/i0.wp.com\/casadecampoliving.com\/wp-content\/uploads\/2022\/10\/casa_de_campo21-2.jpg?resize=550%2C32&amp;ssl=1\" alt=\"\" class=\"wp-image-36861\" title=\"casa_de_campo2\" height=\"32\" width=\"550\"\/><\/figure>\n\n\n\n<p class=\"wp-block-paragraph\"><a href=\"https:\/\/casadecampoliving.com\/wp-content\/uploads\/2022\/10\/casa_de_campo21-2.jpg\"><strong><strong><\/strong><\/strong><\/a><\/p>\n\n\n\n<p class=\"wp-block-paragraph\"><span><strong><strong><strong><strong><strong><strong><strong>\u2022<\/strong><\/strong>&nbsp;<a href=\"http:\/\/www.todocasadecampo.com\/es\/node\/341\"><strong>Exhibiciones de Arte \u201c<strong><strong>Soleils\u201d&nbsp;&nbsp;\u2013&nbsp;<\/strong><\/strong><\/strong><strong><strong><strong><strong><strong><strong><strong><strong><strong><strong><strong><strong><strong><strong><strong><strong><strong>Haga click aqu\u00ed para m\u00e1s info!<\/strong><\/strong><\/strong><\/strong><\/strong><\/strong><\/strong><\/strong><\/strong><\/strong><\/strong><\/strong><\/strong><\/strong><\/strong><\/strong><\/strong><\/a><\/strong><\/strong><\/strong><\/strong><\/strong><\/span><\/p>\n\n\n\n<p class=\"wp-block-paragraph\"><strong><strong><strong><strong><strong><strong><strong>\u2022<\/strong><\/strong>&nbsp;<a href=\"http:\/\/www.todocasadecampo.com\/es\/node\/156\">Torneo de Golf \u201cAmbassador Cup\u201d \u2013 Haga click aqu\u00ed para m\u00e1s info!<\/a><\/strong><\/strong><\/strong><\/strong><\/strong><\/p>\n\n\n\n<figure class=\"wp-block-image is-resized\"><a href=\"https:\/\/i0.wp.com\/casadecampoliving.com\/wp-content\/uploads\/2022\/10\/casa_de_campo31-2.jpg?ssl=1\"><img loading=\"lazy\" decoding=\"async\" src=\"https:\/\/i0.wp.com\/casadecampoliving.com\/wp-content\/uploads\/2022\/10\/casa_de_campo31-2.jpg?resize=550%2C32&amp;ssl=1\" alt=\"\" class=\"wp-image-36862\" title=\"casa_de_campo3\" height=\"32\" width=\"550\"\/><\/a><\/figure>\n\n\n\n<p class=\"wp-block-paragraph\"><span style=\"text-decoration: underline;\"><\/span><\/p>\n\n\n\n<p class=\"wp-block-paragraph\"><strong><strong><strong><strong><strong><strong><strong><strong>\u2022<\/strong><\/strong>&nbsp;<a href=\"http:\/\/www.todocasadecampo.com\/es\/node\/341\"><strong>Exhibiciones de Arte \u201c<strong><strong>Soleils\u201d&nbsp;&nbsp;\u2013&nbsp;<\/strong><\/strong><\/strong><strong><strong><strong><strong><strong><strong><strong><strong><strong><strong><strong><strong><strong><strong><strong><strong><strong><strong>Haga click aqu\u00ed para m\u00e1s info!<\/strong><\/strong><\/strong><\/strong><\/strong><\/strong><\/strong><\/strong><\/strong><\/strong><\/strong><\/strong><\/strong><\/strong><\/strong><\/strong><\/strong><\/strong><\/a><\/strong><\/strong><\/strong><\/strong><\/strong><\/strong><\/p>\n\n\n\n<blockquote class=\"wp-block-quote is-layout-flow wp-block-quote-is-layout-flow\"><p style=\"text-align: center;\"><span style=\"text-decoration: underline;\">Mant\u00e9ngase al d\u00eda con T O D O Casa de Campo!<\/span><\/p><p style=\"text-align: left;\">Silgon Inc. (los creadores de la revista CasaLife y Casa de Campo Living) acaban de lanzar \u201cT O D O Casa de Campo\u201d, la oficial gu\u00ed bilingue de Casa de Campo; una invaluable herramienta para disfrutar de Casa de Campo, con un calendario de eventos, mapas, tarifas, horarios, n\u00fameros telef\u00f3nicos y mucho m\u00e1s.<\/p><p style=\"text-align: left;\"><strong><a href=\"http:\/\/www.todocasadecampo.com\/es\">Haga click aqu\u00ed para ver la versi\u00f3n en l\u00ednea de \u201cT O D O Casa de Campo\u201d&nbsp;<\/a><\/strong><\/p><\/blockquote>\n","protected":false},"excerpt":{"rendered":"<p>Despu\u00e9s de una divertida y movida Semana Santa, esta semana en Casa de Campo, disfrute de unos d\u00edas de relajaci\u00f3n en nuestro particular para\u00edso; en la Playa Minitas o del golf en los asombrosos campos de golf de Casa de Campo \u2013 y si no juega,no debe perderse los amaneceres y atardeceres en estos espectaculares [&hellip;]<\/p>\n","protected":false},"author":21,"featured_media":221123,"comment_status":"closed","ping_status":"closed","sticky":false,"template":"","format":"standard","meta":{"newspack_ads_suppress_ads":false,"newspack_popups_has_disabled_popups":false,"newspack_sponsor_sponsorship_scope":"","newspack_sponsor_native_byline_display":"inherit","newspack_sponsor_native_category_display":"inherit","newspack_sponsor_underwriter_style":"inherit","newspack_sponsor_underwriter_placement":"inherit","_newspack_byline_active":false,"_newspack_byline":"","newspack_hide_updated_date":false,"newspack_show_updated_date":false,"newspack_featured_image_position":"","newspack_post_subtitle":"","newspack_article_summary_title":"Overview:","newspack_article_summary":"","_jetpack_memberships_contains_paid_content":false,"footnotes":"","jetpack_publicize_message":"{title}\n\n{excerpt}\n\n{url}","jetpack_publicize_feature_enabled":true,"jetpack_social_post_already_shared":false,"jetpack_social_options":{"image_generator_settings":{"template":"highway","default_image_id":0,"font":"","enabled":false},"version":2},"_wpas_customize_per_network":false},"categories":[14624,26822],"tags":[3082],"newspack_spnsrs_tax":[],"class_list":["post-338728","post","type-post","status-publish","format-standard","has-post-thumbnail","hentry","category-local-news","category-resort-casa-de-campo","tag-esta-semana-en-casa","entry"],"yoast_head":"<!-- This site is optimized with the Yoast SEO plugin v28.4 - https:\/\/yoast.com\/product\/yoast-seo-wordpress\/ -->\n<title>Esta Semana en Casa: 9 al 15 de abril! | Casa de Campo Living<\/title>\n<meta name=\"description\" content=\"Despu\u00e9s de una divertida y movida Semana Santa, esta semana en Casa de Campo, disfrute de unos d\u00edas de relajaci\u00f3n en nuestro particular para\u00edso; en la\" \/>\n<meta name=\"robots\" content=\"index, follow, max-snippet:-1, max-image-preview:large, max-video-preview:-1\" \/>\n<link rel=\"canonical\" href=\"https:\/\/casadecampoliving.com\/es\/esta-semana-en-casa-9-al-15-de-abril\/\" \/>\n<meta property=\"og:locale\" content=\"es_ES\" \/>\n<meta property=\"og:type\" content=\"article\" \/>\n<meta property=\"og:title\" content=\"Esta Semana en Casa: 9 al 15 de abril! | Casa de Campo Living\" \/>\n<meta property=\"og:description\" content=\"Despu\u00e9s de una divertida y movida Semana Santa, esta semana en Casa de Campo, disfrute de unos d\u00edas de relajaci\u00f3n en nuestro particular para\u00edso; en la\" \/>\n<meta property=\"og:url\" content=\"https:\/\/casadecampoliving.com\/es\/esta-semana-en-casa-9-al-15-de-abril\/\" \/>\n<meta property=\"og:site_name\" content=\"Casa de Campo Living\" \/>\n<meta property=\"article:publisher\" content=\"https:\/\/www.facebook.com\/casadecampoliving\" \/>\n<meta property=\"article:published_time\" content=\"2012-04-09T04:00:00+00:00\" \/>\n<meta property=\"article:modified_time\" content=\"2022-10-21T22:42:50+00:00\" \/>\n<meta property=\"og:image\" content=\"https:\/\/i0.wp.com\/casadecampoliving.com\/wp-content\/uploads\/2022\/10\/thisweekincasa1ENG-3.jpg?fit=650%2C350&ssl=1\" \/>\n\t<meta property=\"og:image:width\" content=\"650\" \/>\n\t<meta property=\"og:image:height\" content=\"350\" \/>\n\t<meta property=\"og:image:type\" content=\"image\/jpeg\" \/>\n<meta name=\"twitter:card\" content=\"summary_large_image\" \/>\n<meta name=\"twitter:creator\" content=\"@cdcliving\" \/>\n<meta name=\"twitter:site\" content=\"@cdcliving\" \/>\n<meta name=\"twitter:label1\" content=\"Escrito por\" \/>\n\t<meta name=\"twitter:data1\" content=\"\" \/>\n\t<meta name=\"twitter:label2\" content=\"Tiempo de lectura\" \/>\n\t<meta name=\"twitter:data2\" content=\"3 minutos\" \/>\n<script type=\"application\/ld+json\" class=\"yoast-schema-graph\">{\"@context\":\"https:\\\/\\\/schema.org\",\"@graph\":[{\"@type\":\"Article\",\"@id\":\"https:\\\/\\\/casadecampoliving.com\\\/es\\\/esta-semana-en-casa-9-al-15-de-abril\\\/#article\",\"isPartOf\":{\"@id\":\"https:\\\/\\\/casadecampoliving.com\\\/es\\\/esta-semana-en-casa-9-al-15-de-abril\\\/\"},\"author\":{\"name\":\"\",\"@id\":\"https:\\\/\\\/casadecampoliving.com\\\/es\\\/#\\\/schema\\\/person\\\/7e3b975d584a5f6ac0fd7128a81b0bc5\"},\"headline\":\"Esta Semana en Casa: 9 al 15 de abril!\",\"datePublished\":\"2012-04-09T04:00:00+00:00\",\"dateModified\":\"2022-10-21T22:42:50+00:00\",\"mainEntityOfPage\":{\"@id\":\"https:\\\/\\\/casadecampoliving.com\\\/es\\\/esta-semana-en-casa-9-al-15-de-abril\\\/\"},\"wordCount\":517,\"publisher\":{\"@id\":\"https:\\\/\\\/casadecampoliving.com\\\/es\\\/#organization\"},\"image\":{\"@id\":\"https:\\\/\\\/casadecampoliving.com\\\/es\\\/esta-semana-en-casa-9-al-15-de-abril\\\/#primaryimage\"},\"thumbnailUrl\":\"https:\\\/\\\/i0.wp.com\\\/casadecampoliving.com\\\/wp-content\\\/uploads\\\/2022\\\/10\\\/thisweekincasa1ENG-3.jpg?fit=650%2C350&ssl=1\",\"keywords\":[\"esta semana en casa\"],\"articleSection\":[\"Local News\",\"Resort Casa de Campo\"],\"inLanguage\":\"es\"},{\"@type\":\"WebPage\",\"@id\":\"https:\\\/\\\/casadecampoliving.com\\\/es\\\/esta-semana-en-casa-9-al-15-de-abril\\\/\",\"url\":\"https:\\\/\\\/casadecampoliving.com\\\/es\\\/esta-semana-en-casa-9-al-15-de-abril\\\/\",\"name\":\"Esta Semana en Casa: 9 al 15 de abril! | Casa de Campo Living\",\"isPartOf\":{\"@id\":\"https:\\\/\\\/casadecampoliving.com\\\/es\\\/#website\"},\"primaryImageOfPage\":{\"@id\":\"https:\\\/\\\/casadecampoliving.com\\\/es\\\/esta-semana-en-casa-9-al-15-de-abril\\\/#primaryimage\"},\"image\":{\"@id\":\"https:\\\/\\\/casadecampoliving.com\\\/es\\\/esta-semana-en-casa-9-al-15-de-abril\\\/#primaryimage\"},\"thumbnailUrl\":\"https:\\\/\\\/i0.wp.com\\\/casadecampoliving.com\\\/wp-content\\\/uploads\\\/2022\\\/10\\\/thisweekincasa1ENG-3.jpg?fit=650%2C350&ssl=1\",\"datePublished\":\"2012-04-09T04:00:00+00:00\",\"dateModified\":\"2022-10-21T22:42:50+00:00\",\"description\":\"Despu\u00e9s de una divertida y movida Semana Santa, esta semana en Casa de Campo, disfrute de unos d\u00edas de relajaci\u00f3n en nuestro particular para\u00edso; en la\",\"breadcrumb\":{\"@id\":\"https:\\\/\\\/casadecampoliving.com\\\/es\\\/esta-semana-en-casa-9-al-15-de-abril\\\/#breadcrumb\"},\"inLanguage\":\"es\",\"potentialAction\":[{\"@type\":\"ReadAction\",\"target\":[\"https:\\\/\\\/casadecampoliving.com\\\/es\\\/esta-semana-en-casa-9-al-15-de-abril\\\/\"]}]},{\"@type\":\"ImageObject\",\"inLanguage\":\"es\",\"@id\":\"https:\\\/\\\/casadecampoliving.com\\\/es\\\/esta-semana-en-casa-9-al-15-de-abril\\\/#primaryimage\",\"url\":\"https:\\\/\\\/i0.wp.com\\\/casadecampoliving.com\\\/wp-content\\\/uploads\\\/2022\\\/10\\\/thisweekincasa1ENG-3.jpg?fit=650%2C350&ssl=1\",\"contentUrl\":\"https:\\\/\\\/i0.wp.com\\\/casadecampoliving.com\\\/wp-content\\\/uploads\\\/2022\\\/10\\\/thisweekincasa1ENG-3.jpg?fit=650%2C350&ssl=1\",\"width\":650,\"height\":350},{\"@type\":\"BreadcrumbList\",\"@id\":\"https:\\\/\\\/casadecampoliving.com\\\/es\\\/esta-semana-en-casa-9-al-15-de-abril\\\/#breadcrumb\",\"itemListElement\":[{\"@type\":\"ListItem\",\"position\":1,\"name\":\"Home\",\"item\":\"https:\\\/\\\/casadecampoliving.com\\\/es\\\/\"},{\"@type\":\"ListItem\",\"position\":2,\"name\":\"Esta Semana en Casa: 9 al 15 de abril!\"}]},{\"@type\":\"WebSite\",\"@id\":\"https:\\\/\\\/casadecampoliving.com\\\/es\\\/#website\",\"url\":\"https:\\\/\\\/casadecampoliving.com\\\/es\\\/\",\"name\":\"Casa de Campo Living\",\"description\":\"Resort community news and resources.\",\"publisher\":{\"@id\":\"https:\\\/\\\/casadecampoliving.com\\\/es\\\/#organization\"},\"potentialAction\":[{\"@type\":\"SearchAction\",\"target\":{\"@type\":\"EntryPoint\",\"urlTemplate\":\"https:\\\/\\\/casadecampoliving.com\\\/es\\\/?s={search_term_string}\"},\"query-input\":{\"@type\":\"PropertyValueSpecification\",\"valueRequired\":true,\"valueName\":\"search_term_string\"}}],\"inLanguage\":\"es\"},{\"@type\":\"Organization\",\"@id\":\"https:\\\/\\\/casadecampoliving.com\\\/es\\\/#organization\",\"name\":\"Casa de Campo Living\",\"url\":\"https:\\\/\\\/casadecampoliving.com\\\/es\\\/\",\"logo\":{\"@type\":\"ImageObject\",\"inLanguage\":\"es\",\"@id\":\"https:\\\/\\\/casadecampoliving.com\\\/es\\\/#\\\/schema\\\/logo\\\/image\\\/\",\"url\":\"https:\\\/\\\/i0.wp.com\\\/casadecampoliving.com\\\/wp-content\\\/uploads\\\/2022\\\/07\\\/CDCLivingLogo_V1-white-sized.png?fit=800%2C214&ssl=1\",\"contentUrl\":\"https:\\\/\\\/i0.wp.com\\\/casadecampoliving.com\\\/wp-content\\\/uploads\\\/2022\\\/07\\\/CDCLivingLogo_V1-white-sized.png?fit=800%2C214&ssl=1\",\"width\":800,\"height\":214,\"caption\":\"Casa de Campo Living\"},\"image\":{\"@id\":\"https:\\\/\\\/casadecampoliving.com\\\/es\\\/#\\\/schema\\\/logo\\\/image\\\/\"},\"sameAs\":[\"https:\\\/\\\/www.facebook.com\\\/casadecampoliving\",\"https:\\\/\\\/x.com\\\/cdcliving\"]},{\"@type\":\"Person\",\"@id\":\"https:\\\/\\\/casadecampoliving.com\\\/es\\\/#\\\/schema\\\/person\\\/7e3b975d584a5f6ac0fd7128a81b0bc5\",\"name\":\"\",\"image\":{\"@type\":\"ImageObject\",\"inLanguage\":\"es\",\"@id\":\"https:\\\/\\\/secure.gravatar.com\\\/avatar\\\/?s=96&d=mm&r=g\",\"url\":\"https:\\\/\\\/secure.gravatar.com\\\/avatar\\\/?s=96&d=mm&r=g\",\"contentUrl\":\"https:\\\/\\\/secure.gravatar.com\\\/avatar\\\/?s=96&d=mm&r=g\"},\"url\":\"https:\\\/\\\/casadecampoliving.com\\\/es\\\/author\\\/ \\\/\"}]}<\/script>\n<!-- \/ Yoast SEO plugin. -->","yoast_head_json":{"title":"Esta Semana en Casa: 9 al 15 de abril! | Casa de Campo Living","description":"Despu\u00e9s de una divertida y movida Semana Santa, esta semana en Casa de Campo, disfrute de unos d\u00edas de relajaci\u00f3n en nuestro particular para\u00edso; en la","robots":{"index":"index","follow":"follow","max-snippet":"max-snippet:-1","max-image-preview":"max-image-preview:large","max-video-preview":"max-video-preview:-1"},"canonical":"https:\/\/casadecampoliving.com\/es\/esta-semana-en-casa-9-al-15-de-abril\/","og_locale":"es_ES","og_type":"article","og_title":"Esta Semana en Casa: 9 al 15 de abril! | Casa de Campo Living","og_description":"Despu\u00e9s de una divertida y movida Semana Santa, esta semana en Casa de Campo, disfrute de unos d\u00edas de relajaci\u00f3n en nuestro particular para\u00edso; en la","og_url":"https:\/\/casadecampoliving.com\/es\/esta-semana-en-casa-9-al-15-de-abril\/","og_site_name":"Casa de Campo Living","article_publisher":"https:\/\/www.facebook.com\/casadecampoliving","article_published_time":"2012-04-09T04:00:00+00:00","article_modified_time":"2022-10-21T22:42:50+00:00","og_image":[{"width":650,"height":350,"url":"https:\/\/i0.wp.com\/casadecampoliving.com\/wp-content\/uploads\/2022\/10\/thisweekincasa1ENG-3.jpg?fit=650%2C350&ssl=1","type":"image\/jpeg"}],"twitter_card":"summary_large_image","twitter_creator":"@cdcliving","twitter_site":"@cdcliving","twitter_misc":{"Escrito por":"","Tiempo de lectura":"3 minutos"},"schema":{"@context":"https:\/\/schema.org","@graph":[{"@type":"Article","@id":"https:\/\/casadecampoliving.com\/es\/esta-semana-en-casa-9-al-15-de-abril\/#article","isPartOf":{"@id":"https:\/\/casadecampoliving.com\/es\/esta-semana-en-casa-9-al-15-de-abril\/"},"author":{"name":"","@id":"https:\/\/casadecampoliving.com\/es\/#\/schema\/person\/7e3b975d584a5f6ac0fd7128a81b0bc5"},"headline":"Esta Semana en Casa: 9 al 15 de abril!","datePublished":"2012-04-09T04:00:00+00:00","dateModified":"2022-10-21T22:42:50+00:00","mainEntityOfPage":{"@id":"https:\/\/casadecampoliving.com\/es\/esta-semana-en-casa-9-al-15-de-abril\/"},"wordCount":517,"publisher":{"@id":"https:\/\/casadecampoliving.com\/es\/#organization"},"image":{"@id":"https:\/\/casadecampoliving.com\/es\/esta-semana-en-casa-9-al-15-de-abril\/#primaryimage"},"thumbnailUrl":"https:\/\/i0.wp.com\/casadecampoliving.com\/wp-content\/uploads\/2022\/10\/thisweekincasa1ENG-3.jpg?fit=650%2C350&ssl=1","keywords":["esta semana en casa"],"articleSection":["Local News","Resort Casa de Campo"],"inLanguage":"es"},{"@type":"WebPage","@id":"https:\/\/casadecampoliving.com\/es\/esta-semana-en-casa-9-al-15-de-abril\/","url":"https:\/\/casadecampoliving.com\/es\/esta-semana-en-casa-9-al-15-de-abril\/","name":"Esta Semana en Casa: 9 al 15 de abril! | Casa de Campo Living","isPartOf":{"@id":"https:\/\/casadecampoliving.com\/es\/#website"},"primaryImageOfPage":{"@id":"https:\/\/casadecampoliving.com\/es\/esta-semana-en-casa-9-al-15-de-abril\/#primaryimage"},"image":{"@id":"https:\/\/casadecampoliving.com\/es\/esta-semana-en-casa-9-al-15-de-abril\/#primaryimage"},"thumbnailUrl":"https:\/\/i0.wp.com\/casadecampoliving.com\/wp-content\/uploads\/2022\/10\/thisweekincasa1ENG-3.jpg?fit=650%2C350&ssl=1","datePublished":"2012-04-09T04:00:00+00:00","dateModified":"2022-10-21T22:42:50+00:00","description":"Despu\u00e9s de una divertida y movida Semana Santa, esta semana en Casa de Campo, disfrute de unos d\u00edas de relajaci\u00f3n en nuestro particular para\u00edso; en la","breadcrumb":{"@id":"https:\/\/casadecampoliving.com\/es\/esta-semana-en-casa-9-al-15-de-abril\/#breadcrumb"},"inLanguage":"es","potentialAction":[{"@type":"ReadAction","target":["https:\/\/casadecampoliving.com\/es\/esta-semana-en-casa-9-al-15-de-abril\/"]}]},{"@type":"ImageObject","inLanguage":"es","@id":"https:\/\/casadecampoliving.com\/es\/esta-semana-en-casa-9-al-15-de-abril\/#primaryimage","url":"https:\/\/i0.wp.com\/casadecampoliving.com\/wp-content\/uploads\/2022\/10\/thisweekincasa1ENG-3.jpg?fit=650%2C350&ssl=1","contentUrl":"https:\/\/i0.wp.com\/casadecampoliving.com\/wp-content\/uploads\/2022\/10\/thisweekincasa1ENG-3.jpg?fit=650%2C350&ssl=1","width":650,"height":350},{"@type":"BreadcrumbList","@id":"https:\/\/casadecampoliving.com\/es\/esta-semana-en-casa-9-al-15-de-abril\/#breadcrumb","itemListElement":[{"@type":"ListItem","position":1,"name":"Home","item":"https:\/\/casadecampoliving.com\/es\/"},{"@type":"ListItem","position":2,"name":"Esta Semana en Casa: 9 al 15 de abril!"}]},{"@type":"WebSite","@id":"https:\/\/casadecampoliving.com\/es\/#website","url":"https:\/\/casadecampoliving.com\/es\/","name":"Casa de Campo Living","description":"Resort community news and resources.","publisher":{"@id":"https:\/\/casadecampoliving.com\/es\/#organization"},"potentialAction":[{"@type":"SearchAction","target":{"@type":"EntryPoint","urlTemplate":"https:\/\/casadecampoliving.com\/es\/?s={search_term_string}"},"query-input":{"@type":"PropertyValueSpecification","valueRequired":true,"valueName":"search_term_string"}}],"inLanguage":"es"},{"@type":"Organization","@id":"https:\/\/casadecampoliving.com\/es\/#organization","name":"Casa de Campo Living","url":"https:\/\/casadecampoliving.com\/es\/","logo":{"@type":"ImageObject","inLanguage":"es","@id":"https:\/\/casadecampoliving.com\/es\/#\/schema\/logo\/image\/","url":"https:\/\/i0.wp.com\/casadecampoliving.com\/wp-content\/uploads\/2022\/07\/CDCLivingLogo_V1-white-sized.png?fit=800%2C214&ssl=1","contentUrl":"https:\/\/i0.wp.com\/casadecampoliving.com\/wp-content\/uploads\/2022\/07\/CDCLivingLogo_V1-white-sized.png?fit=800%2C214&ssl=1","width":800,"height":214,"caption":"Casa de Campo Living"},"image":{"@id":"https:\/\/casadecampoliving.com\/es\/#\/schema\/logo\/image\/"},"sameAs":["https:\/\/www.facebook.com\/casadecampoliving","https:\/\/x.com\/cdcliving"]},{"@type":"Person","@id":"https:\/\/casadecampoliving.com\/es\/#\/schema\/person\/7e3b975d584a5f6ac0fd7128a81b0bc5","name":"","image":{"@type":"ImageObject","inLanguage":"es","@id":"https:\/\/secure.gravatar.com\/avatar\/?s=96&d=mm&r=g","url":"https:\/\/secure.gravatar.com\/avatar\/?s=96&d=mm&r=g","contentUrl":"https:\/\/secure.gravatar.com\/avatar\/?s=96&d=mm&r=g"},"url":"https:\/\/casadecampoliving.com\/es\/author\/ \/"}]}},"parsely":{"version":"1.1.0","canonical_url":"https:\/\/casadecampoliving.com\/es\/esta-semana-en-casa-9-al-15-de-abril\/","smart_links":{"inbound":0,"outbound":0},"traffic_boost_suggestions_count":0,"meta":{"@context":"https:\/\/schema.org","@type":"NewsArticle","headline":"Esta Semana en Casa: 9 al 15 de abril!","url":"http:\/\/casadecampoliving.com\/es\/esta-semana-en-casa-9-al-15-de-abril\/","mainEntityOfPage":{"@type":"WebPage","@id":"http:\/\/casadecampoliving.com\/es\/esta-semana-en-casa-9-al-15-de-abril\/"},"thumbnailUrl":"https:\/\/i0.wp.com\/casadecampoliving.com\/wp-content\/uploads\/2022\/10\/thisweekincasa1ENG-3.jpg?resize=150%2C150&ssl=1","image":{"@type":"ImageObject","url":"https:\/\/i0.wp.com\/casadecampoliving.com\/wp-content\/uploads\/2022\/10\/thisweekincasa1ENG-3.jpg?fit=650%2C350&ssl=1"},"articleSection":"Local News","author":[{"@type":"Person","name":"FB_515917546"}],"creator":["FB_515917546"],"publisher":{"@type":"Organization","name":"Casa de Campo Living","logo":"https:\/\/casadecampoliving.com\/wp-content\/uploads\/2022\/07\/CDCLivingLogo_V1-white-sized.png"},"keywords":["esta semana en casa"],"dateCreated":"2012-04-09T04:00:00Z","datePublished":"2012-04-09T04:00:00Z","dateModified":"2022-10-21T22:42:50Z"},"rendered":"<meta name=\"parsely-title\" content=\"Esta Semana en Casa: 9 al 15 de abril!\" \/>\n<meta name=\"parsely-link\" content=\"http:\/\/casadecampoliving.com\/es\/esta-semana-en-casa-9-al-15-de-abril\/\" \/>\n<meta name=\"parsely-type\" content=\"post\" \/>\n<meta name=\"parsely-image-url\" content=\"https:\/\/i0.wp.com\/casadecampoliving.com\/wp-content\/uploads\/2022\/10\/thisweekincasa1ENG-3.jpg?resize=150%2C150&amp;ssl=1\" \/>\n<meta name=\"parsely-pub-date\" content=\"2012-04-09T04:00:00Z\" \/>\n<meta name=\"parsely-section\" content=\"Local News\" \/>\n<meta name=\"parsely-tags\" content=\"esta semana en casa\" \/>\n<meta name=\"parsely-author\" content=\"FB_515917546\" \/>","tracker_url":"https:\/\/cdn.parsely.com\/keys\/casadecampoliving.com\/p.js"},"jetpack_publicize_connections":[],"jetpack-related-posts":[{"id":433460,"url":"https:\/\/casadecampoliving.com\/es\/no-se-pierdan-el-increible-tributo-a-frank-sinatra-para-celebrar-el-40-aniversario-del-anfiteatro-altos-de-chavon\/","url_meta":{"origin":338728,"position":0},"title":"No se pierdan el incre\u00edble tributo a Frank Sinatra para celebrar el 40 aniversario del\u00a0Anfiteatro Altos de Chav\u00f3n","author":"Casa de Campo Living","date":"20 Oct, 2022","format":false,"excerpt":"Siendo uno de los escenarios m\u00e1s emblem\u00e1ticos del pa\u00eds, Casa de Campo Resort\u00ae & Villas celebra las cuatro d\u00e9cadas de aniversario de Altos de Chav\u00f3n con un tributo al gran Frank Sinatra, protagonizado por artistas invitados y una big band tal cual la que acompa\u00f1\u00f3 al artista hace 40 a\u00f1os\u2026","rel":"","context":"En \u00abUncategorized @es\u00bb","block_context":{"text":"Uncategorized @es","link":"https:\/\/casadecampoliving.com\/es\/category\/uncategorized-es\/"},"img":{"alt_text":"","src":"https:\/\/i0.wp.com\/casadecampoliving.com\/wp-content\/uploads\/2022\/10\/Tributo-Frank-Sinatra-Foto-Principal-Amaury-Sanchez-Danilo-Ginebra-Andres-Pichardo-y-Jose-Gabriel-Perez-.jpg?fit=1200%2C873&ssl=1&resize=350%2C200","width":350,"height":200,"srcset":"https:\/\/i0.wp.com\/casadecampoliving.com\/wp-content\/uploads\/2022\/10\/Tributo-Frank-Sinatra-Foto-Principal-Amaury-Sanchez-Danilo-Ginebra-Andres-Pichardo-y-Jose-Gabriel-Perez-.jpg?fit=1200%2C873&ssl=1&resize=350%2C200 1x, https:\/\/i0.wp.com\/casadecampoliving.com\/wp-content\/uploads\/2022\/10\/Tributo-Frank-Sinatra-Foto-Principal-Amaury-Sanchez-Danilo-Ginebra-Andres-Pichardo-y-Jose-Gabriel-Perez-.jpg?fit=1200%2C873&ssl=1&resize=525%2C300 1.5x, https:\/\/i0.wp.com\/casadecampoliving.com\/wp-content\/uploads\/2022\/10\/Tributo-Frank-Sinatra-Foto-Principal-Amaury-Sanchez-Danilo-Ginebra-Andres-Pichardo-y-Jose-Gabriel-Perez-.jpg?fit=1200%2C873&ssl=1&resize=700%2C400 2x, https:\/\/i0.wp.com\/casadecampoliving.com\/wp-content\/uploads\/2022\/10\/Tributo-Frank-Sinatra-Foto-Principal-Amaury-Sanchez-Danilo-Ginebra-Andres-Pichardo-y-Jose-Gabriel-Perez-.jpg?fit=1200%2C873&ssl=1&resize=1050%2C600 3x"},"classes":[]},{"id":338766,"url":"https:\/\/casadecampoliving.com\/es\/este-fin-de-semana-en-casa-de-campo-viernes-13-domingo-15-de-abril\/","url_meta":{"origin":338728,"position":1},"title":"Este fin de semana en Casa de Campo: viernes 13 &#8211; domingo 15 de abril","author":"Rebecca Silvestri","date":"13 Abr, 2012","format":false,"excerpt":"Hay varias actividades para disfrutar esta viernes en Casa de Campo y La Romana; el Caf\u00e9 de la Leche, una cena-conferencia para discutir \u201cAdaptaci\u00f3n del destino La Romana-Bayahibe a nuevos mercados emergentes\u201d y una noche de jazz! Estos eventos, actividades y especiales aplican para:Viernes Abr 13 \u2013 Domingo Abr 15\u2026","rel":"","context":"En \u00abEventos\u00bb","block_context":{"text":"Eventos","link":"https:\/\/casadecampoliving.com\/es\/category\/eventos-es\/"},"img":{"alt_text":"this week in casa de campo","src":"https:\/\/i0.wp.com\/casadecampoliving.com\/wp-content\/uploads\/2022\/10\/thisweekincasa1ENG1-1.jpg?fit=650%2C350&ssl=1&resize=350%2C200","width":350,"height":200,"srcset":"https:\/\/i0.wp.com\/casadecampoliving.com\/wp-content\/uploads\/2022\/10\/thisweekincasa1ENG1-1.jpg?fit=650%2C350&ssl=1&resize=350%2C200 1x, https:\/\/i0.wp.com\/casadecampoliving.com\/wp-content\/uploads\/2022\/10\/thisweekincasa1ENG1-1.jpg?fit=650%2C350&ssl=1&resize=525%2C300 1.5x"},"classes":[]},{"id":338819,"url":"https:\/\/casadecampoliving.com\/es\/este-fin-de-semana-en-casa-20-22-abril\/","url_meta":{"origin":338728,"position":2},"title":"Este Fin de Semana en Casa: 20 &#8211; 22 abril!","author":"","date":"18 Abr, 2012","format":false,"excerpt":"Hay varias actividades para disfrutar este fin de semana en Casa de Campo y La Romana; el concierto cristiano por la unidad y paz en To\u00f1ito\u2019s Grill, la fabulosa exhibici\u00f3n de arte \u201cSoleils\u201d en su \u00faltima semana y la final de la \u201cCopa Oro Due\u00f1os\u201d, el torneo de polo a\u2026","rel":"","context":"En \u00abNoticias Locales\u00bb","block_context":{"text":"Noticias Locales","link":"https:\/\/casadecampoliving.com\/es\/category\/noticias-locales\/"},"img":{"alt_text":"","src":"https:\/\/i0.wp.com\/casadecampoliving.com\/wp-content\/uploads\/2022\/10\/ThisweekENDincasa.jpg?fit=550%2C200&ssl=1&resize=350%2C200","width":350,"height":200,"srcset":"https:\/\/i0.wp.com\/casadecampoliving.com\/wp-content\/uploads\/2022\/10\/ThisweekENDincasa.jpg?fit=550%2C200&ssl=1&resize=350%2C200 1x, https:\/\/i0.wp.com\/casadecampoliving.com\/wp-content\/uploads\/2022\/10\/ThisweekENDincasa.jpg?fit=550%2C200&ssl=1&resize=525%2C300 1.5x"},"classes":[]},{"id":338778,"url":"https:\/\/casadecampoliving.com\/es\/esta-semana-en-casa-de-campo-16-22-de-abril\/","url_meta":{"origin":338728,"position":3},"title":"Esta semana en Casa de Campo: 16 &#8211; 22 de abril","author":"Rebecca Silvestri","date":"16 Abr, 2012","format":false,"excerpt":"Esta semana en Casa de Campo se ve bastante relax! Si a\u00fan no ha disfrutado de la \u201cExtravaganza Dominicana\u201d en Altos de Chav\u00f3n \u2013 les recomendamos algo divertido para este lunes, al igual que el tour a bordo del crucero \u201cCosta Luminosa \u2013 el pr\u00f3ximo lunes 23 y 30 de\u2026","rel":"","context":"En \u00abLocal News\u00bb","block_context":{"text":"Local News","link":"https:\/\/casadecampoliving.com\/category\/local-news\/"},"img":{"alt_text":"","src":"https:\/\/i0.wp.com\/casadecampoliving.com\/wp-content\/uploads\/2022\/10\/thisweekincasa2-1.jpg?fit=650%2C350&ssl=1&resize=350%2C200","width":350,"height":200,"srcset":"https:\/\/i0.wp.com\/casadecampoliving.com\/wp-content\/uploads\/2022\/10\/thisweekincasa2-1.jpg?fit=650%2C350&ssl=1&resize=350%2C200 1x, https:\/\/i0.wp.com\/casadecampoliving.com\/wp-content\/uploads\/2022\/10\/thisweekincasa2-1.jpg?fit=650%2C350&ssl=1&resize=525%2C300 1.5x"},"classes":[]},{"id":353872,"url":"https:\/\/casadecampoliving.com\/es\/casa-de-campo-villa-de-la-semana-golf-villa-238-una-hermosa-villa-modernizada-y-mejorada\/","url_meta":{"origin":338728,"position":4},"title":"Casa de Campo Villa de la semana: Golf Villa 238, una hermosa villa modernizada y mejorada","author":"Casa de Campo Living","date":"6 Oct, 2020","format":false,"excerpt":"\u00bfQu\u00e9 es lo que uno busca al venir a Casa de Campo? \u00bfDisfrutar de las playas del resort, degustar sus elaborados men\u00fas seleccionados o jugar en uno de los greens m\u00e1s desafiantes del Caribe? Casa de Campo, hogar de docenas de propiedades, ofrece atracciones inigualables para los visitantes y un\u2026","rel":"","context":"En \u00abCasa de Campo Living @es\u00bb","block_context":{"text":"Casa de Campo Living @es","link":"https:\/\/casadecampoliving.com\/category\/casa-de-campo-living-es\/"},"img":{"alt_text":"","src":"https:\/\/i0.wp.com\/casadecampoliving.com\/wp-content\/uploads\/2022\/10\/GolfVilla_283_WEB-1-1.jpg?fit=1000%2C601&ssl=1&resize=350%2C200","width":350,"height":200,"srcset":"https:\/\/i0.wp.com\/casadecampoliving.com\/wp-content\/uploads\/2022\/10\/GolfVilla_283_WEB-1-1.jpg?fit=1000%2C601&ssl=1&resize=350%2C200 1x, https:\/\/i0.wp.com\/casadecampoliving.com\/wp-content\/uploads\/2022\/10\/GolfVilla_283_WEB-1-1.jpg?fit=1000%2C601&ssl=1&resize=525%2C300 1.5x, https:\/\/i0.wp.com\/casadecampoliving.com\/wp-content\/uploads\/2022\/10\/GolfVilla_283_WEB-1-1.jpg?fit=1000%2C601&ssl=1&resize=700%2C400 2x"},"classes":[]},{"id":351779,"url":"https:\/\/casadecampoliving.com\/es\/el-teeth-of-the-dog-ya-esta-abierto\/","url_meta":{"origin":338728,"position":5},"title":"\u00a1El Teeth of the Dog ya esta abierto!","author":"Heather Lincoln","date":"28 Jul, 2017","format":false,"excerpt":"\u00a1Atenci\u00f3n Golfistas! El campo m\u00e1s desafiante de Casa de Campo, el Teeth of the Dog, \u00a1ABRE HOY! Despu\u00e9s de un mes de mantenimiento preventivo, Casa de Campo est\u00e1 listo para invitarle de vuelta al campo.\u00a0 El Teeth of the Dog que cerr\u00f3 el 26 de junio abrir\u00e1 justo en el\u2026","rel":"","context":"En \u00abCountry Club La Romana\u00bb","block_context":{"text":"Country Club La Romana","link":"https:\/\/casadecampoliving.com\/es\/category\/country-club-la-romana-es\/"},"img":{"alt_text":"Teeth of the Dog","src":"https:\/\/i0.wp.com\/casadecampoliving.com\/wp-content\/uploads\/2022\/10\/teethotd_15aer-e1501257110252.jpg?fit=1000%2C600&ssl=1&resize=350%2C200","width":350,"height":200,"srcset":"https:\/\/i0.wp.com\/casadecampoliving.com\/wp-content\/uploads\/2022\/10\/teethotd_15aer-e1501257110252.jpg?fit=1000%2C600&ssl=1&resize=350%2C200 1x, https:\/\/i0.wp.com\/casadecampoliving.com\/wp-content\/uploads\/2022\/10\/teethotd_15aer-e1501257110252.jpg?fit=1000%2C600&ssl=1&resize=525%2C300 1.5x, https:\/\/i0.wp.com\/casadecampoliving.com\/wp-content\/uploads\/2022\/10\/teethotd_15aer-e1501257110252.jpg?fit=1000%2C600&ssl=1&resize=700%2C400 2x"},"classes":[]}],"jetpack_sharing_enabled":true,"jetpack_featured_media_url":"https:\/\/i0.wp.com\/casadecampoliving.com\/wp-content\/uploads\/2022\/10\/thisweekincasa1ENG-3.jpg?fit=650%2C350&ssl=1","_links":{"self":[{"href":"https:\/\/casadecampoliving.com\/es\/wp-json\/wp\/v2\/posts\/338728","targetHints":{"allow":["GET"]}}],"collection":[{"href":"https:\/\/casadecampoliving.com\/es\/wp-json\/wp\/v2\/posts"}],"about":[{"href":"https:\/\/casadecampoliving.com\/es\/wp-json\/wp\/v2\/types\/post"}],"author":[{"embeddable":true,"href":"https:\/\/casadecampoliving.com\/es\/wp-json\/wp\/v2\/users\/21"}],"replies":[{"embeddable":true,"href":"https:\/\/casadecampoliving.com\/es\/wp-json\/wp\/v2\/comments?post=338728"}],"version-history":[{"count":1,"href":"https:\/\/casadecampoliving.com\/es\/wp-json\/wp\/v2\/posts\/338728\/revisions"}],"predecessor-version":[{"id":338729,"href":"https:\/\/casadecampoliving.com\/es\/wp-json\/wp\/v2\/posts\/338728\/revisions\/338729"}],"wp:featuredmedia":[{"embeddable":true,"href":"https:\/\/casadecampoliving.com\/es\/wp-json\/wp\/v2\/media\/221123"}],"wp:attachment":[{"href":"https:\/\/casadecampoliving.com\/es\/wp-json\/wp\/v2\/media?parent=338728"}],"wp:term":[{"taxonomy":"category","embeddable":true,"href":"https:\/\/casadecampoliving.com\/es\/wp-json\/wp\/v2\/categories?post=338728"},{"taxonomy":"post_tag","embeddable":true,"href":"https:\/\/casadecampoliving.com\/es\/wp-json\/wp\/v2\/tags?post=338728"},{"taxonomy":"newspack_spnsrs_tax","embeddable":true,"href":"https:\/\/casadecampoliving.com\/es\/wp-json\/wp\/v2\/newspack_spnsrs_tax?post=338728"}],"curies":[{"name":"wp","href":"https:\/\/api.w.org\/{rel}","templated":true}]}}