{"id":338610,"date":"2012-03-22T00:00:00","date_gmt":"2012-03-22T04:00:00","guid":{"rendered":"https:\/\/casadecampoliving.com\/unete-a-la-caminata-walkabout-de-casa-de-campo-y-ayude-a-crear-conciencia-y-a-recaudar-fondos-para-halla-cura-a-la-paralisis\/"},"modified":"2022-10-21T18:48:05","modified_gmt":"2022-10-21T22:48:05","slug":"unete-a-la-caminata-walkabout-de-casa-de-campo-y-ayude-a-crear-conciencia-y-a-recaudar-fondos-para-halla-cura-a-la-paralisis","status":"publish","type":"post","link":"https:\/\/casadecampoliving.com\/es\/unete-a-la-caminata-walkabout-de-casa-de-campo-y-ayude-a-crear-conciencia-y-a-recaudar-fondos-para-halla-cura-a-la-paralisis\/","title":{"rendered":"\u00danete a la Caminata Walkabout de Casa de Campo y ayuda a crear conciencia y a recaudar fondos para hallar cura a la par\u00e1lisis"},"content":{"rendered":"<div class=\"wp-block-image\">\n<figure class=\"aligncenter is-resized\"><img loading=\"lazy\" decoding=\"async\" src=\"https:\/\/i0.wp.com\/casadecampoliving.com\/wp-content\/uploads\/2022\/10\/walkabout_foundation-1.jpg?resize=624%2C280&amp;ssl=1\" alt=\"walkabout foundation\" class=\"wp-image-47114\" title=\"walkabout_foundation\" height=\"280\" width=\"624\"\/><\/figure>\n<\/div>\n\n\n<p class=\"has-text-align-left\">Este domingo 25 de marzo, como parte de la <a href=\"https:\/\/casadecampoliving.com\/es\/semana-de-francia-el-arte-de-vivir-a-la-francaise\/\">Semana de Francia<\/a> celebrada en Casa de Campo AHORA (jueves 22 de marzo \u2013 domingo 25 de marzo), la primera Caminata Walkabout de Casa de Campo, podr\u00e1 ser caminada, corrida y hasta conducida hacia Altos de Chav\u00f3n para recaudar fondos para la Fundaci\u00f3n&nbsp;Walkabout.<\/p>\n\n\n\n<!--more-->\n\n\n\n<blockquote><figure><img decoding=\"async\" loading=\"lazy\" class=\"alignright size-full wp-image-47115\" style=\"margin-left: 15px; margin-right: 15px;\" title=\"carolina_gonzalez_bunster\" src=\"https:\/\/i0.wp.com\/casadecampoliving.com\/wp-content\/uploads\/2022\/10\/carolina_gonzalez_bunster.jpg?resize=150%2C100&amp;ssl=1\" alt=\"carolina gonzalez bunster\" width=\"150\" height=\"100\"><\/figure><p>\u201cWalkabout Foundation es una organizaci\u00f3n sin fines de lucro enfocada en la b\u00fasqueda de una cura para la par\u00e1lisis y donaciones de sillas de ruedas para personas de escasos recursos en el mundo. Ay\u00fadenos a cumplir con el sue\u00f1o de millones de personas que esperan poder caminar otra vez alg\u00fan d\u00eda, uni\u00e9ndose a esta causa hoy\u201d.<\/p><p>\u2014\u2013 Carolina Gonz\u00e1lez-Bunster,<\/p><\/blockquote>\n\n\n<div class=\"wp-block-image\">\n<figure class=\"alignright is-resized\"><img loading=\"lazy\" decoding=\"async\" src=\"https:\/\/i0.wp.com\/casadecampoliving.com\/wp-content\/uploads\/2022\/10\/semana_de_francia3.jpg?resize=200%2C420&amp;ssl=1\" alt=\"semana de francia\" class=\"wp-image-47116\" title=\"semana_de_francia\" height=\"420\" width=\"200\"\/><\/figure>\n<\/div>\n\n\n<p>La caminata guiar\u00e1 a los participantes en una ruta de 5km desde la Playa Minitas hasta Altos de Chav\u00f3n. El prop\u00f3sito primario es el de recaudar fondos para la Fundaci\u00f3n Walkabout, pero tambi\u00e9n la de divertirse durante la ma\u00f1ana del domingo. Para quienes aman la adrenalina y la gloria de la victoria \u2013 trofeos ser\u00e1n entregados en dos categor\u00edas: masculina y feminina.<\/p>\n\n\n\n<p>TODOS est\u00e1n invitados a formar parte! Los participantes son bienvenidos a correr, caminar y conducir (en carros de golf) en una ruta de 5km \u2013 as\u00ed que esperamos ver a todos unirse a la diversi\u00f3n! (Note: aquellos en carros de golf no tendr\u00e1n derecho a premio -sorry no es un rally de carros!<\/p>\n\n\n\n<blockquote class=\"wp-block-quote is-layout-flow wp-block-quote-is-layout-flow\"><p><span style=\"text-decoration: underline;\"><strong>La Caminata Walkabout Foundation de Casa de Campo&nbsp;<\/strong><\/span><\/p><p><strong>Cu\u00e1ndo:<\/strong>&nbsp;Domingo 25 de marzo, 9am<br>\n<strong>Registro:<\/strong> 8:30am<br>\n<strong>Punto de encuentro:<\/strong>&nbsp;Playa Minitas, Casa de Campo<br>\n<strong>Ruta:<\/strong> 5km desde Minitas a Altos de Chav\u00f3n en Casa de Campo<br>\n<strong>Costo:<\/strong>&nbsp;donaci\u00f3n m\u00ednima de US$25 o RD$1,000 son requeridos (aunque mayores cantidades ser\u00e1n bien recibidas).<\/p><p><em><strong>Haga click aqu\u00ed para ver el completo programa de eventos de la Semana de Francia&nbsp;<\/strong><\/em><\/p><\/blockquote>\n\n\n\n<blockquote class=\"wp-block-quote is-layout-flow wp-block-quote-is-layout-flow\"><p><strong>La Fundaci\u00f3n Walkabout<\/strong><\/p><p>Fue fundada y es administrada por Carolina Gonz\u00e1lez-Bunster, siendo miembro de la familia que por muchos a\u00f1os tuviera una villa en Casa de Campo. Carolina&nbsp;fund\u00f3 <a href=\"https:\/\/casadecampoliving.com\/2009\/10\/local-resident-carolina-gonzalez-bunster-promotes-the-walkabout-foundation-on-bloomberg\/\" target=\"_self\" rel=\"noopener\">Walkabout Foundation,<\/a>&nbsp;hace un poco m\u00e1s de 3 a\u00f1os con la misi\u00f3n de educar a miles de personas sobre las lesiones de la columna vertebral y hacer de esta organizaci\u00f3n una contribuci\u00f3n financiera para luchar contra la par\u00e1lisis, adem\u00e1s de donar sillas de ruedas a personas de escasos recursos en todo el mundo.<\/p><p>Fundada con su hermano mayor, Luis, &nbsp;quien sufre de una par\u00e1lisis desde el pecho hacia abajo, la Fundaci\u00f3n Walkabout comenz\u00f3 con una caminata de 800 kil\u00f3metros que junto a&nbsp;<em>Camino de Santiago de Compostela<\/em>, con la ayuda de este recorrido en bicileta, Luis se convirti\u00f3 en la primera persona en la historia de Espa\u00f1a en atravesar el pa\u00eds utilizando sus brazos en su silla especial.<\/p><p><strong>Sitio web:<\/strong> <a href=\"http:\/\/www.walkaboutfoundation.org\/\">www.walkaboutfoundation.org<\/a><\/p><\/blockquote>\n\n\n\n<blockquote class=\"wp-block-quote is-layout-flow wp-block-quote-is-layout-flow\"><p><strong>La Semana de Francia: 22 \u2013 25 de Marzo<\/strong><\/p><p>La Semana de Francia\u201d, incorporar\u00e1 numerosas actividades gastron\u00f3micas, culturales, tecnol\u00f3gicas y art\u00edsticas dentro de Casa de Campo, transformando a Altos de Chav\u00f3n en un \u201cpetit village francaise\u201d, con actividades disponibles desde las 10am \u2013 10pm animadas con artistas en las calles y eventos teatrales.<\/p><p><em><a href=\"https:\/\/casadecampoliving.com\/es\/2012\/03\/vive-la-france-la-semana-de-francia-completo-programa-de-eventos-aqui\/\">Haga click&nbsp;aqu\u00ed&nbsp;para ver el programa completo de las actividades!&nbsp;<\/a><\/em><\/p><\/blockquote>\n","protected":false},"excerpt":{"rendered":"<p>Este domingo 25 de marzo, como parte de la Semana de Francia celebrada en Casa de Campo AHORA (jueves 22 de marzo \u2013 domingo 25 de marzo), la primera Caminata Walkabout de Casa de Campo, podr\u00e1 ser caminada, corrida y hasta conducida hacia Altos de Chav\u00f3n para recaudar fondos para la Fundaci\u00f3n&nbsp;Walkabout.<\/p>\n","protected":false},"author":21,"featured_media":264789,"comment_status":"closed","ping_status":"closed","sticky":false,"template":"","format":"standard","meta":{"newspack_ads_suppress_ads":false,"newspack_popups_has_disabled_popups":false,"newspack_sponsor_sponsorship_scope":"","newspack_sponsor_native_byline_display":"inherit","newspack_sponsor_native_category_display":"inherit","newspack_sponsor_underwriter_style":"inherit","newspack_sponsor_underwriter_placement":"inherit","_newspack_byline_active":false,"_newspack_byline":"","newspack_hide_updated_date":false,"newspack_show_updated_date":false,"newspack_content_restriction_is_exempt":false,"newspack_featured_image_position":"","newspack_post_subtitle":"","newspack_article_summary_title":"Overview:","newspack_article_summary":"","_jetpack_memberships_contains_paid_content":false,"footnotes":"","jetpack_publicize_message":"","jetpack_publicize_feature_enabled":true,"jetpack_social_post_already_shared":false,"jetpack_social_options":{"image_generator_settings":{"template":"highway","default_image_id":0,"font":"","enabled":false},"version":2},"_wpas_customize_per_network":false},"categories":[2514,14625,2526],"tags":[4024,3651],"newspack_spnsrs_tax":[],"class_list":["post-338610","post","type-post","status-publish","format-standard","has-post-thumbnail","hentry","category-fundaciones-es","category-noticias-locales","category-titulares-es","tag-fundacion-walkabout","tag-semana-de-francia-es","entry"],"yoast_head":"<!-- This site is optimized with the Yoast SEO plugin v27.5 - https:\/\/yoast.com\/product\/yoast-seo-wordpress\/ -->\n<title>\u00danete a la Caminata Walkabout de Casa de Campo y ayuda a crear conciencia y a recaudar fondos para hallar cura a la par\u00e1lisis | Casa de Campo Living<\/title>\n<meta name=\"description\" content=\"Este domingo 25 de marzo, como parte de la Semana de Francia celebrada en Casa de Campo AHORA (jueves 22 de marzo \u2013 domingo 25 de marzo), la primera\" \/>\n<meta name=\"robots\" content=\"index, follow, max-snippet:-1, max-image-preview:large, max-video-preview:-1\" \/>\n<link rel=\"canonical\" href=\"https:\/\/casadecampoliving.com\/es\/unete-a-la-caminata-walkabout-de-casa-de-campo-y-ayude-a-crear-conciencia-y-a-recaudar-fondos-para-halla-cura-a-la-paralisis\/\" \/>\n<meta property=\"og:locale\" content=\"es_ES\" \/>\n<meta property=\"og:type\" content=\"article\" \/>\n<meta property=\"og:title\" content=\"\u00danete a la Caminata Walkabout de Casa de Campo y ayuda a crear conciencia y a recaudar fondos para hallar cura a la par\u00e1lisis | Casa de Campo Living\" \/>\n<meta property=\"og:description\" content=\"Este domingo 25 de marzo, como parte de la Semana de Francia celebrada en Casa de Campo AHORA (jueves 22 de marzo \u2013 domingo 25 de marzo), la primera\" \/>\n<meta property=\"og:url\" content=\"https:\/\/casadecampoliving.com\/es\/unete-a-la-caminata-walkabout-de-casa-de-campo-y-ayude-a-crear-conciencia-y-a-recaudar-fondos-para-halla-cura-a-la-paralisis\/\" \/>\n<meta property=\"og:site_name\" content=\"Casa de Campo Living\" \/>\n<meta property=\"article:publisher\" content=\"https:\/\/www.facebook.com\/casadecampoliving\" \/>\n<meta property=\"article:published_time\" content=\"2012-03-22T04:00:00+00:00\" \/>\n<meta property=\"article:modified_time\" content=\"2022-10-21T22:48:05+00:00\" \/>\n<meta property=\"og:image\" content=\"https:\/\/i0.wp.com\/casadecampoliving.com\/wp-content\/uploads\/2022\/10\/walkabout_foundation-2.jpg?fit=780%2C350&ssl=1\" \/>\n\t<meta property=\"og:image:width\" content=\"780\" \/>\n\t<meta property=\"og:image:height\" content=\"350\" \/>\n\t<meta property=\"og:image:type\" content=\"image\/jpeg\" \/>\n<meta name=\"twitter:card\" content=\"summary_large_image\" \/>\n<meta name=\"twitter:creator\" content=\"@cdcliving\" \/>\n<meta name=\"twitter:site\" content=\"@cdcliving\" \/>\n<meta name=\"twitter:label1\" content=\"Escrito por\" \/>\n\t<meta name=\"twitter:data1\" content=\"\" \/>\n\t<meta name=\"twitter:label2\" content=\"Tiempo de lectura\" \/>\n\t<meta name=\"twitter:data2\" content=\"3 minutos\" \/>\n<script type=\"application\/ld+json\" class=\"yoast-schema-graph\">{\"@context\":\"https:\\\/\\\/schema.org\",\"@graph\":[{\"@type\":\"Article\",\"@id\":\"https:\\\/\\\/casadecampoliving.com\\\/es\\\/unete-a-la-caminata-walkabout-de-casa-de-campo-y-ayude-a-crear-conciencia-y-a-recaudar-fondos-para-halla-cura-a-la-paralisis\\\/#article\",\"isPartOf\":{\"@id\":\"https:\\\/\\\/casadecampoliving.com\\\/es\\\/unete-a-la-caminata-walkabout-de-casa-de-campo-y-ayude-a-crear-conciencia-y-a-recaudar-fondos-para-halla-cura-a-la-paralisis\\\/\"},\"author\":{\"name\":\"\",\"@id\":\"https:\\\/\\\/casadecampoliving.com\\\/es\\\/#\\\/schema\\\/person\\\/7e3b975d584a5f6ac0fd7128a81b0bc5\"},\"headline\":\"\u00danete a la Caminata Walkabout de Casa de Campo y ayuda a crear conciencia y a recaudar fondos para hallar cura a la par\u00e1lisis\",\"datePublished\":\"2012-03-22T04:00:00+00:00\",\"dateModified\":\"2022-10-21T22:48:05+00:00\",\"mainEntityOfPage\":{\"@id\":\"https:\\\/\\\/casadecampoliving.com\\\/es\\\/unete-a-la-caminata-walkabout-de-casa-de-campo-y-ayude-a-crear-conciencia-y-a-recaudar-fondos-para-halla-cura-a-la-paralisis\\\/\"},\"wordCount\":578,\"publisher\":{\"@id\":\"https:\\\/\\\/casadecampoliving.com\\\/es\\\/#organization\"},\"image\":{\"@id\":\"https:\\\/\\\/casadecampoliving.com\\\/es\\\/unete-a-la-caminata-walkabout-de-casa-de-campo-y-ayude-a-crear-conciencia-y-a-recaudar-fondos-para-halla-cura-a-la-paralisis\\\/#primaryimage\"},\"thumbnailUrl\":\"https:\\\/\\\/i0.wp.com\\\/casadecampoliving.com\\\/wp-content\\\/uploads\\\/2022\\\/10\\\/walkabout_foundation-2.jpg?fit=780%2C350&ssl=1\",\"keywords\":[\"fundacion walkabout\",\"semana de francia @es\"],\"articleSection\":[\"Fundaciones\",\"Noticias Locales\",\"Titulares\"],\"inLanguage\":\"es\"},{\"@type\":\"WebPage\",\"@id\":\"https:\\\/\\\/casadecampoliving.com\\\/es\\\/unete-a-la-caminata-walkabout-de-casa-de-campo-y-ayude-a-crear-conciencia-y-a-recaudar-fondos-para-halla-cura-a-la-paralisis\\\/\",\"url\":\"https:\\\/\\\/casadecampoliving.com\\\/es\\\/unete-a-la-caminata-walkabout-de-casa-de-campo-y-ayude-a-crear-conciencia-y-a-recaudar-fondos-para-halla-cura-a-la-paralisis\\\/\",\"name\":\"\u00danete a la Caminata Walkabout de Casa de Campo y ayuda a crear conciencia y a recaudar fondos para hallar cura a la par\u00e1lisis | Casa de Campo Living\",\"isPartOf\":{\"@id\":\"https:\\\/\\\/casadecampoliving.com\\\/es\\\/#website\"},\"primaryImageOfPage\":{\"@id\":\"https:\\\/\\\/casadecampoliving.com\\\/es\\\/unete-a-la-caminata-walkabout-de-casa-de-campo-y-ayude-a-crear-conciencia-y-a-recaudar-fondos-para-halla-cura-a-la-paralisis\\\/#primaryimage\"},\"image\":{\"@id\":\"https:\\\/\\\/casadecampoliving.com\\\/es\\\/unete-a-la-caminata-walkabout-de-casa-de-campo-y-ayude-a-crear-conciencia-y-a-recaudar-fondos-para-halla-cura-a-la-paralisis\\\/#primaryimage\"},\"thumbnailUrl\":\"https:\\\/\\\/i0.wp.com\\\/casadecampoliving.com\\\/wp-content\\\/uploads\\\/2022\\\/10\\\/walkabout_foundation-2.jpg?fit=780%2C350&ssl=1\",\"datePublished\":\"2012-03-22T04:00:00+00:00\",\"dateModified\":\"2022-10-21T22:48:05+00:00\",\"description\":\"Este domingo 25 de marzo, como parte de la Semana de Francia celebrada en Casa de Campo AHORA (jueves 22 de marzo \u2013 domingo 25 de marzo), la primera\",\"breadcrumb\":{\"@id\":\"https:\\\/\\\/casadecampoliving.com\\\/es\\\/unete-a-la-caminata-walkabout-de-casa-de-campo-y-ayude-a-crear-conciencia-y-a-recaudar-fondos-para-halla-cura-a-la-paralisis\\\/#breadcrumb\"},\"inLanguage\":\"es\",\"potentialAction\":[{\"@type\":\"ReadAction\",\"target\":[\"https:\\\/\\\/casadecampoliving.com\\\/es\\\/unete-a-la-caminata-walkabout-de-casa-de-campo-y-ayude-a-crear-conciencia-y-a-recaudar-fondos-para-halla-cura-a-la-paralisis\\\/\"]}]},{\"@type\":\"ImageObject\",\"inLanguage\":\"es\",\"@id\":\"https:\\\/\\\/casadecampoliving.com\\\/es\\\/unete-a-la-caminata-walkabout-de-casa-de-campo-y-ayude-a-crear-conciencia-y-a-recaudar-fondos-para-halla-cura-a-la-paralisis\\\/#primaryimage\",\"url\":\"https:\\\/\\\/i0.wp.com\\\/casadecampoliving.com\\\/wp-content\\\/uploads\\\/2022\\\/10\\\/walkabout_foundation-2.jpg?fit=780%2C350&ssl=1\",\"contentUrl\":\"https:\\\/\\\/i0.wp.com\\\/casadecampoliving.com\\\/wp-content\\\/uploads\\\/2022\\\/10\\\/walkabout_foundation-2.jpg?fit=780%2C350&ssl=1\",\"width\":780,\"height\":350,\"caption\":\"walkabout foundation\"},{\"@type\":\"BreadcrumbList\",\"@id\":\"https:\\\/\\\/casadecampoliving.com\\\/es\\\/unete-a-la-caminata-walkabout-de-casa-de-campo-y-ayude-a-crear-conciencia-y-a-recaudar-fondos-para-halla-cura-a-la-paralisis\\\/#breadcrumb\",\"itemListElement\":[{\"@type\":\"ListItem\",\"position\":1,\"name\":\"Home\",\"item\":\"https:\\\/\\\/casadecampoliving.com\\\/es\\\/\"},{\"@type\":\"ListItem\",\"position\":2,\"name\":\"\u00danete a la Caminata Walkabout de Casa de Campo y ayuda a crear conciencia y a recaudar fondos para hallar cura a la par\u00e1lisis\"}]},{\"@type\":\"WebSite\",\"@id\":\"https:\\\/\\\/casadecampoliving.com\\\/es\\\/#website\",\"url\":\"https:\\\/\\\/casadecampoliving.com\\\/es\\\/\",\"name\":\"Casa de Campo Living\",\"description\":\"Resort community news and resources.\",\"publisher\":{\"@id\":\"https:\\\/\\\/casadecampoliving.com\\\/es\\\/#organization\"},\"potentialAction\":[{\"@type\":\"SearchAction\",\"target\":{\"@type\":\"EntryPoint\",\"urlTemplate\":\"https:\\\/\\\/casadecampoliving.com\\\/es\\\/?s={search_term_string}\"},\"query-input\":{\"@type\":\"PropertyValueSpecification\",\"valueRequired\":true,\"valueName\":\"search_term_string\"}}],\"inLanguage\":\"es\"},{\"@type\":\"Organization\",\"@id\":\"https:\\\/\\\/casadecampoliving.com\\\/es\\\/#organization\",\"name\":\"Casa de Campo Living\",\"url\":\"https:\\\/\\\/casadecampoliving.com\\\/es\\\/\",\"logo\":{\"@type\":\"ImageObject\",\"inLanguage\":\"es\",\"@id\":\"https:\\\/\\\/casadecampoliving.com\\\/es\\\/#\\\/schema\\\/logo\\\/image\\\/\",\"url\":\"https:\\\/\\\/i0.wp.com\\\/casadecampoliving.com\\\/wp-content\\\/uploads\\\/2022\\\/07\\\/CDCLivingLogo_V1-white-sized.png?fit=800%2C214&ssl=1\",\"contentUrl\":\"https:\\\/\\\/i0.wp.com\\\/casadecampoliving.com\\\/wp-content\\\/uploads\\\/2022\\\/07\\\/CDCLivingLogo_V1-white-sized.png?fit=800%2C214&ssl=1\",\"width\":800,\"height\":214,\"caption\":\"Casa de Campo Living\"},\"image\":{\"@id\":\"https:\\\/\\\/casadecampoliving.com\\\/es\\\/#\\\/schema\\\/logo\\\/image\\\/\"},\"sameAs\":[\"https:\\\/\\\/www.facebook.com\\\/casadecampoliving\",\"https:\\\/\\\/x.com\\\/cdcliving\"]},{\"@type\":\"Person\",\"@id\":\"https:\\\/\\\/casadecampoliving.com\\\/es\\\/#\\\/schema\\\/person\\\/7e3b975d584a5f6ac0fd7128a81b0bc5\",\"name\":\"\",\"image\":{\"@type\":\"ImageObject\",\"inLanguage\":\"es\",\"@id\":\"https:\\\/\\\/secure.gravatar.com\\\/avatar\\\/?s=96&d=mm&r=g\",\"url\":\"https:\\\/\\\/secure.gravatar.com\\\/avatar\\\/?s=96&d=mm&r=g\",\"contentUrl\":\"https:\\\/\\\/secure.gravatar.com\\\/avatar\\\/?s=96&d=mm&r=g\"},\"url\":\"https:\\\/\\\/casadecampoliving.com\\\/es\\\/author\\\/ \\\/\"}]}<\/script>\n<!-- \/ Yoast SEO plugin. -->","yoast_head_json":{"title":"\u00danete a la Caminata Walkabout de Casa de Campo y ayuda a crear conciencia y a recaudar fondos para hallar cura a la par\u00e1lisis | Casa de Campo Living","description":"Este domingo 25 de marzo, como parte de la Semana de Francia celebrada en Casa de Campo AHORA (jueves 22 de marzo \u2013 domingo 25 de marzo), la primera","robots":{"index":"index","follow":"follow","max-snippet":"max-snippet:-1","max-image-preview":"max-image-preview:large","max-video-preview":"max-video-preview:-1"},"canonical":"https:\/\/casadecampoliving.com\/es\/unete-a-la-caminata-walkabout-de-casa-de-campo-y-ayude-a-crear-conciencia-y-a-recaudar-fondos-para-halla-cura-a-la-paralisis\/","og_locale":"es_ES","og_type":"article","og_title":"\u00danete a la Caminata Walkabout de Casa de Campo y ayuda a crear conciencia y a recaudar fondos para hallar cura a la par\u00e1lisis | Casa de Campo Living","og_description":"Este domingo 25 de marzo, como parte de la Semana de Francia celebrada en Casa de Campo AHORA (jueves 22 de marzo \u2013 domingo 25 de marzo), la primera","og_url":"https:\/\/casadecampoliving.com\/es\/unete-a-la-caminata-walkabout-de-casa-de-campo-y-ayude-a-crear-conciencia-y-a-recaudar-fondos-para-halla-cura-a-la-paralisis\/","og_site_name":"Casa de Campo Living","article_publisher":"https:\/\/www.facebook.com\/casadecampoliving","article_published_time":"2012-03-22T04:00:00+00:00","article_modified_time":"2022-10-21T22:48:05+00:00","og_image":[{"width":780,"height":350,"url":"https:\/\/i0.wp.com\/casadecampoliving.com\/wp-content\/uploads\/2022\/10\/walkabout_foundation-2.jpg?fit=780%2C350&ssl=1","type":"image\/jpeg"}],"twitter_card":"summary_large_image","twitter_creator":"@cdcliving","twitter_site":"@cdcliving","twitter_misc":{"Escrito por":"","Tiempo de lectura":"3 minutos"},"schema":{"@context":"https:\/\/schema.org","@graph":[{"@type":"Article","@id":"https:\/\/casadecampoliving.com\/es\/unete-a-la-caminata-walkabout-de-casa-de-campo-y-ayude-a-crear-conciencia-y-a-recaudar-fondos-para-halla-cura-a-la-paralisis\/#article","isPartOf":{"@id":"https:\/\/casadecampoliving.com\/es\/unete-a-la-caminata-walkabout-de-casa-de-campo-y-ayude-a-crear-conciencia-y-a-recaudar-fondos-para-halla-cura-a-la-paralisis\/"},"author":{"name":"","@id":"https:\/\/casadecampoliving.com\/es\/#\/schema\/person\/7e3b975d584a5f6ac0fd7128a81b0bc5"},"headline":"\u00danete a la Caminata Walkabout de Casa de Campo y ayuda a crear conciencia y a recaudar fondos para hallar cura a la par\u00e1lisis","datePublished":"2012-03-22T04:00:00+00:00","dateModified":"2022-10-21T22:48:05+00:00","mainEntityOfPage":{"@id":"https:\/\/casadecampoliving.com\/es\/unete-a-la-caminata-walkabout-de-casa-de-campo-y-ayude-a-crear-conciencia-y-a-recaudar-fondos-para-halla-cura-a-la-paralisis\/"},"wordCount":578,"publisher":{"@id":"https:\/\/casadecampoliving.com\/es\/#organization"},"image":{"@id":"https:\/\/casadecampoliving.com\/es\/unete-a-la-caminata-walkabout-de-casa-de-campo-y-ayude-a-crear-conciencia-y-a-recaudar-fondos-para-halla-cura-a-la-paralisis\/#primaryimage"},"thumbnailUrl":"https:\/\/i0.wp.com\/casadecampoliving.com\/wp-content\/uploads\/2022\/10\/walkabout_foundation-2.jpg?fit=780%2C350&ssl=1","keywords":["fundacion walkabout","semana de francia @es"],"articleSection":["Fundaciones","Noticias Locales","Titulares"],"inLanguage":"es"},{"@type":"WebPage","@id":"https:\/\/casadecampoliving.com\/es\/unete-a-la-caminata-walkabout-de-casa-de-campo-y-ayude-a-crear-conciencia-y-a-recaudar-fondos-para-halla-cura-a-la-paralisis\/","url":"https:\/\/casadecampoliving.com\/es\/unete-a-la-caminata-walkabout-de-casa-de-campo-y-ayude-a-crear-conciencia-y-a-recaudar-fondos-para-halla-cura-a-la-paralisis\/","name":"\u00danete a la Caminata Walkabout de Casa de Campo y ayuda a crear conciencia y a recaudar fondos para hallar cura a la par\u00e1lisis | Casa de Campo Living","isPartOf":{"@id":"https:\/\/casadecampoliving.com\/es\/#website"},"primaryImageOfPage":{"@id":"https:\/\/casadecampoliving.com\/es\/unete-a-la-caminata-walkabout-de-casa-de-campo-y-ayude-a-crear-conciencia-y-a-recaudar-fondos-para-halla-cura-a-la-paralisis\/#primaryimage"},"image":{"@id":"https:\/\/casadecampoliving.com\/es\/unete-a-la-caminata-walkabout-de-casa-de-campo-y-ayude-a-crear-conciencia-y-a-recaudar-fondos-para-halla-cura-a-la-paralisis\/#primaryimage"},"thumbnailUrl":"https:\/\/i0.wp.com\/casadecampoliving.com\/wp-content\/uploads\/2022\/10\/walkabout_foundation-2.jpg?fit=780%2C350&ssl=1","datePublished":"2012-03-22T04:00:00+00:00","dateModified":"2022-10-21T22:48:05+00:00","description":"Este domingo 25 de marzo, como parte de la Semana de Francia celebrada en Casa de Campo AHORA (jueves 22 de marzo \u2013 domingo 25 de marzo), la primera","breadcrumb":{"@id":"https:\/\/casadecampoliving.com\/es\/unete-a-la-caminata-walkabout-de-casa-de-campo-y-ayude-a-crear-conciencia-y-a-recaudar-fondos-para-halla-cura-a-la-paralisis\/#breadcrumb"},"inLanguage":"es","potentialAction":[{"@type":"ReadAction","target":["https:\/\/casadecampoliving.com\/es\/unete-a-la-caminata-walkabout-de-casa-de-campo-y-ayude-a-crear-conciencia-y-a-recaudar-fondos-para-halla-cura-a-la-paralisis\/"]}]},{"@type":"ImageObject","inLanguage":"es","@id":"https:\/\/casadecampoliving.com\/es\/unete-a-la-caminata-walkabout-de-casa-de-campo-y-ayude-a-crear-conciencia-y-a-recaudar-fondos-para-halla-cura-a-la-paralisis\/#primaryimage","url":"https:\/\/i0.wp.com\/casadecampoliving.com\/wp-content\/uploads\/2022\/10\/walkabout_foundation-2.jpg?fit=780%2C350&ssl=1","contentUrl":"https:\/\/i0.wp.com\/casadecampoliving.com\/wp-content\/uploads\/2022\/10\/walkabout_foundation-2.jpg?fit=780%2C350&ssl=1","width":780,"height":350,"caption":"walkabout foundation"},{"@type":"BreadcrumbList","@id":"https:\/\/casadecampoliving.com\/es\/unete-a-la-caminata-walkabout-de-casa-de-campo-y-ayude-a-crear-conciencia-y-a-recaudar-fondos-para-halla-cura-a-la-paralisis\/#breadcrumb","itemListElement":[{"@type":"ListItem","position":1,"name":"Home","item":"https:\/\/casadecampoliving.com\/es\/"},{"@type":"ListItem","position":2,"name":"\u00danete a la Caminata Walkabout de Casa de Campo y ayuda a crear conciencia y a recaudar fondos para hallar cura a la par\u00e1lisis"}]},{"@type":"WebSite","@id":"https:\/\/casadecampoliving.com\/es\/#website","url":"https:\/\/casadecampoliving.com\/es\/","name":"Casa de Campo Living","description":"Resort community news and resources.","publisher":{"@id":"https:\/\/casadecampoliving.com\/es\/#organization"},"potentialAction":[{"@type":"SearchAction","target":{"@type":"EntryPoint","urlTemplate":"https:\/\/casadecampoliving.com\/es\/?s={search_term_string}"},"query-input":{"@type":"PropertyValueSpecification","valueRequired":true,"valueName":"search_term_string"}}],"inLanguage":"es"},{"@type":"Organization","@id":"https:\/\/casadecampoliving.com\/es\/#organization","name":"Casa de Campo Living","url":"https:\/\/casadecampoliving.com\/es\/","logo":{"@type":"ImageObject","inLanguage":"es","@id":"https:\/\/casadecampoliving.com\/es\/#\/schema\/logo\/image\/","url":"https:\/\/i0.wp.com\/casadecampoliving.com\/wp-content\/uploads\/2022\/07\/CDCLivingLogo_V1-white-sized.png?fit=800%2C214&ssl=1","contentUrl":"https:\/\/i0.wp.com\/casadecampoliving.com\/wp-content\/uploads\/2022\/07\/CDCLivingLogo_V1-white-sized.png?fit=800%2C214&ssl=1","width":800,"height":214,"caption":"Casa de Campo Living"},"image":{"@id":"https:\/\/casadecampoliving.com\/es\/#\/schema\/logo\/image\/"},"sameAs":["https:\/\/www.facebook.com\/casadecampoliving","https:\/\/x.com\/cdcliving"]},{"@type":"Person","@id":"https:\/\/casadecampoliving.com\/es\/#\/schema\/person\/7e3b975d584a5f6ac0fd7128a81b0bc5","name":"","image":{"@type":"ImageObject","inLanguage":"es","@id":"https:\/\/secure.gravatar.com\/avatar\/?s=96&d=mm&r=g","url":"https:\/\/secure.gravatar.com\/avatar\/?s=96&d=mm&r=g","contentUrl":"https:\/\/secure.gravatar.com\/avatar\/?s=96&d=mm&r=g"},"url":"https:\/\/casadecampoliving.com\/es\/author\/ \/"}]}},"parsely":{"version":"1.1.0","canonical_url":"https:\/\/casadecampoliving.com\/es\/unete-a-la-caminata-walkabout-de-casa-de-campo-y-ayude-a-crear-conciencia-y-a-recaudar-fondos-para-halla-cura-a-la-paralisis\/","smart_links":{"inbound":0,"outbound":0},"traffic_boost_suggestions_count":0,"meta":{"@context":"https:\/\/schema.org","@type":"NewsArticle","headline":"\u00danete a la Caminata Walkabout de Casa de Campo y ayuda a crear conciencia y a recaudar fondos para hallar cura a la par\u00e1lisis","url":"http:\/\/casadecampoliving.com\/es\/unete-a-la-caminata-walkabout-de-casa-de-campo-y-ayude-a-crear-conciencia-y-a-recaudar-fondos-para-halla-cura-a-la-paralisis\/","mainEntityOfPage":{"@type":"WebPage","@id":"http:\/\/casadecampoliving.com\/es\/unete-a-la-caminata-walkabout-de-casa-de-campo-y-ayude-a-crear-conciencia-y-a-recaudar-fondos-para-halla-cura-a-la-paralisis\/"},"thumbnailUrl":"https:\/\/i0.wp.com\/casadecampoliving.com\/wp-content\/uploads\/2022\/10\/walkabout_foundation-2.jpg?resize=150%2C150&ssl=1","image":{"@type":"ImageObject","url":"https:\/\/i0.wp.com\/casadecampoliving.com\/wp-content\/uploads\/2022\/10\/walkabout_foundation-2.jpg?fit=780%2C350&ssl=1"},"articleSection":"Fundaciones","author":[{"@type":"Person","name":"FB_515917546"}],"creator":["FB_515917546"],"publisher":{"@type":"Organization","name":"Casa de Campo Living","logo":"https:\/\/casadecampoliving.com\/wp-content\/uploads\/2022\/07\/CDCLivingLogo_V1-white-sized.png"},"keywords":["fundacion walkabout","semana de francia @es"],"dateCreated":"2012-03-22T04:00:00Z","datePublished":"2012-03-22T04:00:00Z","dateModified":"2022-10-21T22:48:05Z"},"rendered":"<script type=\"application\/ld+json\" class=\"wp-parsely-metadata\">{\"@context\":\"https:\\\/\\\/schema.org\",\"@type\":\"NewsArticle\",\"headline\":\"\\u00danete a la Caminata Walkabout de Casa de Campo y ayuda a crear conciencia y a recaudar fondos para hallar cura a la par\\u00e1lisis\",\"url\":\"http:\\\/\\\/casadecampoliving.com\\\/es\\\/unete-a-la-caminata-walkabout-de-casa-de-campo-y-ayude-a-crear-conciencia-y-a-recaudar-fondos-para-halla-cura-a-la-paralisis\\\/\",\"mainEntityOfPage\":{\"@type\":\"WebPage\",\"@id\":\"http:\\\/\\\/casadecampoliving.com\\\/es\\\/unete-a-la-caminata-walkabout-de-casa-de-campo-y-ayude-a-crear-conciencia-y-a-recaudar-fondos-para-halla-cura-a-la-paralisis\\\/\"},\"thumbnailUrl\":\"https:\\\/\\\/i0.wp.com\\\/casadecampoliving.com\\\/wp-content\\\/uploads\\\/2022\\\/10\\\/walkabout_foundation-2.jpg?resize=150%2C150&ssl=1\",\"image\":{\"@type\":\"ImageObject\",\"url\":\"https:\\\/\\\/i0.wp.com\\\/casadecampoliving.com\\\/wp-content\\\/uploads\\\/2022\\\/10\\\/walkabout_foundation-2.jpg?fit=780%2C350&ssl=1\"},\"articleSection\":\"Fundaciones\",\"author\":[{\"@type\":\"Person\",\"name\":\"FB_515917546\"}],\"creator\":[\"FB_515917546\"],\"publisher\":{\"@type\":\"Organization\",\"name\":\"Casa de Campo Living\",\"logo\":\"https:\\\/\\\/casadecampoliving.com\\\/wp-content\\\/uploads\\\/2022\\\/07\\\/CDCLivingLogo_V1-white-sized.png\"},\"keywords\":[\"fundacion walkabout\",\"semana de francia @es\"],\"dateCreated\":\"2012-03-22T04:00:00Z\",\"datePublished\":\"2012-03-22T04:00:00Z\",\"dateModified\":\"2022-10-21T22:48:05Z\"}<\/script>","tracker_url":"https:\/\/cdn.parsely.com\/keys\/casadecampoliving.com\/p.js"},"jetpack_publicize_connections":[],"jetpack_featured_media_url":"https:\/\/i0.wp.com\/casadecampoliving.com\/wp-content\/uploads\/2022\/10\/walkabout_foundation-2.jpg?fit=780%2C350&ssl=1","jetpack-related-posts":[{"id":338694,"url":"https:\/\/casadecampoliving.com\/es\/caminamos-por-aquellos-que-no-pueden-caminar-la-primera-caminata-walkabout-del-caribe-en-casa-de-campo-reune-mas-de-us3000\/","url_meta":{"origin":338610,"position":0},"title":"\u00abCaminamos por aquellos que no pueden caminar\u00bb &#8211; La primera Caminata Walkabout del Caribe, en Casa de Campo, re\u00fane m\u00e1s de US$3,000!","author":"","date":"4 Abr, 2012","format":false,"excerpt":"El pasado domingo 25 de marzo, la primera caminata Walkabout del Caribe tuvo lugar en Casa de Campo - con m\u00e1s de 40 due\u00f1os de villas, visitantes y residentes \"caminando por aquellos que no pueden caminar\", recaudando fondos para la Fundaci\u00f3n Walkabout, fundada por Carolina Gonz\u00e1lez-Bunster y su hermano Luis,\u2026","rel":"","context":"En \u00abEventos\u00bb","block_context":{"text":"Eventos","link":"https:\/\/casadecampoliving.com\/es\/category\/eventos-es\/"},"img":{"alt_text":"walkabout marathon casa de campo","src":"https:\/\/i0.wp.com\/casadecampoliving.com\/wp-content\/uploads\/2022\/10\/walkabout_marathon_casa_de_campo-1.jpg?fit=650%2C468&ssl=1&resize=350%2C200","width":350,"height":200,"srcset":"https:\/\/i0.wp.com\/casadecampoliving.com\/wp-content\/uploads\/2022\/10\/walkabout_marathon_casa_de_campo-1.jpg?fit=650%2C468&ssl=1&resize=350%2C200 1x, https:\/\/i0.wp.com\/casadecampoliving.com\/wp-content\/uploads\/2022\/10\/walkabout_marathon_casa_de_campo-1.jpg?fit=650%2C468&ssl=1&resize=525%2C300 1.5x"},"classes":[]},{"id":338636,"url":"https:\/\/casadecampoliving.com\/es\/formidable-la-primera-semana-de-francia-en-casa-de-campo-una-extraordinarai-celebracion-de-comercio-cultura-y-gastronomia\/","url_meta":{"origin":338610,"position":1},"title":"Formidable! La primera Semana de Francia en Casa de Campo: Una extraordinarai celebraci\u00f3n de comercio, cultura y gastronom\u00eda!","author":"","date":"26 Mar, 2012","format":false,"excerpt":"La primera Semana de Francia organizada por la C\u00e1mara de Comercio Dominico-Francesa y Casa de Campo, con el apoyo de la Embajada de Francia fue formidable \u2013 un fantastique evento de cuatro d\u00edas de celebraci\u00f3n de actividades franco-dominicana en torno a la cultura, comercio y gastronom\u00eda, incluido tambi\u00e9n, el primer\u2026","rel":"","context":"En \u00abAltos de Chavon @es\u00bb","block_context":{"text":"Altos de Chavon @es","link":"https:\/\/casadecampoliving.com\/category\/altos-de-chavon-es\/"},"img":{"alt_text":"semana de francia altos de chavon","src":"https:\/\/i0.wp.com\/casadecampoliving.com\/wp-content\/uploads\/2022\/10\/semana_de_francia_altos_de_chavon6-1.jpg?fit=650%2C400&ssl=1&resize=350%2C200","width":350,"height":200,"srcset":"https:\/\/i0.wp.com\/casadecampoliving.com\/wp-content\/uploads\/2022\/10\/semana_de_francia_altos_de_chavon6-1.jpg?fit=650%2C400&ssl=1&resize=350%2C200 1x, https:\/\/i0.wp.com\/casadecampoliving.com\/wp-content\/uploads\/2022\/10\/semana_de_francia_altos_de_chavon6-1.jpg?fit=650%2C400&ssl=1&resize=525%2C300 1.5x"},"classes":[]},{"id":321144,"url":"https:\/\/casadecampoliving.com\/join-us-for-the-first-casa-de-campo-walkabout-marathon-and-help-raise-money-and-awareness-to-cure-paraylis\/","url_meta":{"origin":338610,"position":2},"title":"Join us for the first Casa de Campo Walkabout Marathon and help raise money and awareness to cure paralysis!","author":"Rebecca Silvestri","date":"22 Mar, 2012","format":false,"excerpt":"This Sunday the 25th of March, as part of the Semana de Francia taking place in Casa de Campo NOW (Thursday March 22nd \u2013 Sunday March 25th), the 1st \u201cCasa de Campo Walkabout Marathon\u201d will be walked, ran and even driven to raise money for the Walkabout Foundation. \u201cWalkabout Foundation\u2026","rel":"","context":"En \u00abEvents and Activities\u00bb","block_context":{"text":"Events and Activities","link":"https:\/\/casadecampoliving.com\/category\/events-and-activities\/"},"img":{"alt_text":"walkabout foundation","src":"https:\/\/i0.wp.com\/casadecampoliving.com\/wp-content\/uploads\/2022\/10\/walkabout_foundation-2.jpg?fit=780%2C350&ssl=1&resize=350%2C200","width":350,"height":200,"srcset":"https:\/\/i0.wp.com\/casadecampoliving.com\/wp-content\/uploads\/2022\/10\/walkabout_foundation-2.jpg?fit=780%2C350&ssl=1&resize=350%2C200 1x, https:\/\/i0.wp.com\/casadecampoliving.com\/wp-content\/uploads\/2022\/10\/walkabout_foundation-2.jpg?fit=780%2C350&ssl=1&resize=525%2C300 1.5x, https:\/\/i0.wp.com\/casadecampoliving.com\/wp-content\/uploads\/2022\/10\/walkabout_foundation-2.jpg?fit=780%2C350&ssl=1&resize=700%2C400 2x"},"classes":[]},{"id":343047,"url":"https:\/\/casadecampoliving.com\/es\/todo-sonrisas-mientras-walkabout-realizaba-la-donacion-de-las-sillas-de-ruedas-la-fundacion-mir\/","url_meta":{"origin":338610,"position":3},"title":"Todo sonrisas, mientras Walkabout realizaba la donaci\u00f3n de las sillas de ruedas a la Fundaci\u00f3n MIR","author":"Genesis Perdomo","date":"13 Oct, 2013","format":false,"excerpt":"La Fundaci\u00f3n MIR fue honrada con la visita de la Fundaci\u00f3n Walkabout el jueves 10 de septiembre de esta semana, por recibir la donaci\u00f3n de sillas de ruedas a un n\u00famero de ni\u00f1os y adultos con par\u00e1lisis y otras discapacidades. La Fundaci\u00f3n Walkabout, dirigida por Carolina Gonz\u00e1lez Bunster, cuya familia\u2026","rel":"","context":"En \u00abEstilo de Vida\u00bb","block_context":{"text":"Estilo de Vida","link":"https:\/\/casadecampoliving.com\/es\/category\/estilo-de-vida\/"},"img":{"alt_text":"Carolina Gonzalez-Bunster Walkabout Foundation","src":"https:\/\/i0.wp.com\/casadecampoliving.com\/wp-content\/uploads\/2022\/10\/carolina_gonzalez-bunster_walkabout_foundation3.jpg?fit=650%2C414&ssl=1&resize=350%2C200","width":350,"height":200,"srcset":"https:\/\/i0.wp.com\/casadecampoliving.com\/wp-content\/uploads\/2022\/10\/carolina_gonzalez-bunster_walkabout_foundation3.jpg?fit=650%2C414&ssl=1&resize=350%2C200 1x, https:\/\/i0.wp.com\/casadecampoliving.com\/wp-content\/uploads\/2022\/10\/carolina_gonzalez-bunster_walkabout_foundation3.jpg?fit=650%2C414&ssl=1&resize=525%2C300 1.5x"},"classes":[]},{"id":322755,"url":"https:\/\/casadecampoliving.com\/wheelchairs\/","url_meta":{"origin":338610,"position":4},"title":"Smiles all round as Walkabout donates wheelchairs at the Fundaci\u00f3n MIR","author":"Rebecca Silvestri","date":"13 Oct, 2013","format":false,"excerpt":"The Fundaci\u00f3n MIR was extremely honored to receive a visit from the Walkabout Foundation this week on Thursday the 10th of September, who came to donate wheelchairs to a number of children and adults with paralysis and other disabilities. The Walkabout Foundation, headed by Carolina Gonzalez-Bunster, whose family have owned\u2026","rel":"","context":"En \u00abBeyond Casa\u00bb","block_context":{"text":"Beyond Casa","link":"https:\/\/casadecampoliving.com\/category\/beyond-casa\/"},"img":{"alt_text":"Carolina Gonzalez-Bunster Walkabout Foundation","src":"https:\/\/i0.wp.com\/casadecampoliving.com\/wp-content\/uploads\/2022\/10\/carolina_gonzalez-bunster_walkabout_foundation3.jpg?fit=650%2C414&ssl=1&resize=350%2C200","width":350,"height":200,"srcset":"https:\/\/i0.wp.com\/casadecampoliving.com\/wp-content\/uploads\/2022\/10\/carolina_gonzalez-bunster_walkabout_foundation3.jpg?fit=650%2C414&ssl=1&resize=350%2C200 1x, https:\/\/i0.wp.com\/casadecampoliving.com\/wp-content\/uploads\/2022\/10\/carolina_gonzalez-bunster_walkabout_foundation3.jpg?fit=650%2C414&ssl=1&resize=525%2C300 1.5x"},"classes":[]},{"id":321176,"url":"https:\/\/casadecampoliving.com\/we-walk-for-those-who-cannot-walk-the-first-caribbean-walkabout-in-casa-de-campo-raises-more-than-us3000\/","url_meta":{"origin":338610,"position":5},"title":"\u00abWe walk for those who cannot walk\u00bb &#8211; The first Caribbean Walkabout in Casa de Campo raises more than US$3,000!","author":"Rebecca Silvestri","date":"4 Abr, 2012","format":false,"excerpt":"On Sunday March the 25th, the first Caribbean Walkabout took place in Casa de Campo - with more than 40 Casa de Campo villa owners, residents and visitors \"walking for those who cannot walk\" by raising money for the Walkabout Foundation, a charity founded by Carolina Gonzalez-Bunster and her brother\u2026","rel":"","context":"En \u00abEvents and Activities\u00bb","block_context":{"text":"Events and Activities","link":"https:\/\/casadecampoliving.com\/category\/events-and-activities\/"},"img":{"alt_text":"walkabout marathon casa de campo","src":"https:\/\/i0.wp.com\/casadecampoliving.com\/wp-content\/uploads\/2022\/10\/walkabout_marathon_casa_de_campo-1.jpg?fit=650%2C468&ssl=1&resize=350%2C200","width":350,"height":200,"srcset":"https:\/\/i0.wp.com\/casadecampoliving.com\/wp-content\/uploads\/2022\/10\/walkabout_marathon_casa_de_campo-1.jpg?fit=650%2C468&ssl=1&resize=350%2C200 1x, https:\/\/i0.wp.com\/casadecampoliving.com\/wp-content\/uploads\/2022\/10\/walkabout_marathon_casa_de_campo-1.jpg?fit=650%2C468&ssl=1&resize=525%2C300 1.5x"},"classes":[]}],"jetpack_sharing_enabled":true,"_links":{"self":[{"href":"https:\/\/casadecampoliving.com\/es\/wp-json\/wp\/v2\/posts\/338610","targetHints":{"allow":["GET"]}}],"collection":[{"href":"https:\/\/casadecampoliving.com\/es\/wp-json\/wp\/v2\/posts"}],"about":[{"href":"https:\/\/casadecampoliving.com\/es\/wp-json\/wp\/v2\/types\/post"}],"author":[{"embeddable":true,"href":"https:\/\/casadecampoliving.com\/es\/wp-json\/wp\/v2\/users\/21"}],"replies":[{"embeddable":true,"href":"https:\/\/casadecampoliving.com\/es\/wp-json\/wp\/v2\/comments?post=338610"}],"version-history":[{"count":1,"href":"https:\/\/casadecampoliving.com\/es\/wp-json\/wp\/v2\/posts\/338610\/revisions"}],"predecessor-version":[{"id":338611,"href":"https:\/\/casadecampoliving.com\/es\/wp-json\/wp\/v2\/posts\/338610\/revisions\/338611"}],"wp:featuredmedia":[{"embeddable":true,"href":"https:\/\/casadecampoliving.com\/es\/wp-json\/wp\/v2\/media\/264789"}],"wp:attachment":[{"href":"https:\/\/casadecampoliving.com\/es\/wp-json\/wp\/v2\/media?parent=338610"}],"wp:term":[{"taxonomy":"category","embeddable":true,"href":"https:\/\/casadecampoliving.com\/es\/wp-json\/wp\/v2\/categories?post=338610"},{"taxonomy":"post_tag","embeddable":true,"href":"https:\/\/casadecampoliving.com\/es\/wp-json\/wp\/v2\/tags?post=338610"},{"taxonomy":"newspack_spnsrs_tax","embeddable":true,"href":"https:\/\/casadecampoliving.com\/es\/wp-json\/wp\/v2\/newspack_spnsrs_tax?post=338610"}],"curies":[{"name":"wp","href":"https:\/\/api.w.org\/{rel}","templated":true}]}}