{"id":338596,"date":"2012-03-21T00:00:00","date_gmt":"2012-03-21T04:00:00","guid":{"rendered":"https:\/\/casadecampoliving.com\/torneo-de-polo-de-la-semana-de-francia-hace-honor-al-aficionado-de-polo-y-dueno-del-restaurante-la-tour-dargent-en-paris-claude-terrail\/"},"modified":"2022-10-21T18:47:06","modified_gmt":"2022-10-21T22:47:06","slug":"torneo-de-polo-de-la-semana-de-francia-hace-honor-al-aficionado-de-polo-y-dueno-del-restaurante-la-tour-dargent-en-paris-claude-terrail","status":"publish","type":"post","link":"https:\/\/casadecampoliving.com\/es\/torneo-de-polo-de-la-semana-de-francia-hace-honor-al-aficionado-de-polo-y-dueno-del-restaurante-la-tour-dargent-en-paris-claude-terrail\/","title":{"rendered":"Torneo de Polo de la Semana de Francia hace honor al aficionado de Polo y due\u00f1o del restaurante La Tour D&#8217;Argent en Paris, Claude Terrail"},"content":{"rendered":"<div class=\"wp-block-image\">\n<figure class=\"aligncenter is-resized\"><img loading=\"lazy\" decoding=\"async\" src=\"https:\/\/i0.wp.com\/casadecampoliving.com\/wp-content\/uploads\/2022\/10\/claude_terrail_casa_de_campo.jpg?resize=650%2C402&amp;ssl=1\" alt=\"claude terrail casa de campo\" class=\"wp-image-46931\" title=\"claude_terrail_casa_de_campo\" height=\"402\" width=\"650\"\/><\/figure>\n<\/div>\n\n\n<p>Ma\u00f1ana, jueves 22 de marzo, la Semana de Francia, el evento a celebrarse en el transcurso de cuatro d\u00edas en Casa de Campo, comenzar\u00e1 con uno de los principales eventos \u201cEl Torneo de Polo Claude Terrail\u201d a celebrarse en los campos de polo desde las 4pm.&nbsp;<\/p>\n\n\n\n<!--more-->\n\n\n\n<blockquote class=\"wp-block-quote is-layout-flow wp-block-quote-is-layout-flow\"><p><strong>ACTUALIZACI\u00d3N:<\/strong> El primer juego del Torneo de polo \u201cClaude Terrail \u201c, se jugar\u00e1 hoy (viernes 23 de marzo) a las 4 pm, este juego fue programado para el d\u00eda de ayer (jueves) \u2013 pero se pospuso debido a la lluvia.<\/p><p>La final todav\u00eda est\u00e1 programada para ser jugado el s\u00e1bado a las 5pm!<\/p><\/blockquote>\n\n\n\n<blockquote class=\"wp-block-quote is-layout-flow wp-block-quote-is-layout-flow\"><p><span style=\"text-decoration: underline;\"><strong>Torneo de Polo &nbsp;Claude Terrail&nbsp;<\/strong><\/span><\/p><p><strong>D\u00f3nde:<\/strong>&nbsp;Campos de Polo de Casa de Campo<br>\n<strong><br>\nCu\u00e1ndo: <\/strong>El torneo de polo ser\u00e1 jugado el:<\/p><p>\u2022 <del>Jueves 22 de marzo a las 4pm<\/del> Viernes 23 de marzo, 4pm<\/p><p>\u2022 S\u00e1bado 24 de marzo a las 5pm<\/p><p><strong>Premiaci\u00f3n y c\u00f3ctel: <\/strong>S\u00e1bado 5 de marzo, 5pm<br>\nLa premiaci\u00f3n y c\u00f3ctel tambi\u00e9n incluir\u00e1n la premiaci\u00f3n del torneo de golf \u201cCopa Foro Empresarial Franco-Dominicano\u201d que tambi\u00e9n ser\u00e1 jugado el s\u00e1bado en el campo de golf \u201cTeeth of the Dog\u201d.<\/p><p><em><strong><a href=\"https:\/\/casadecampoliving.com\/es\/2012\/03\/vive-la-france-la-semana-de-francia-completo-programa-de-eventos-aqui\/\">Haga click aqu\u00ed para el programa completo de la Semana de Francia!&nbsp;<\/a><\/strong><\/em><\/p><\/blockquote>\n\n\n<div class=\"wp-block-image\">\n<figure class=\"alignright is-resized\"><img loading=\"lazy\" decoding=\"async\" src=\"https:\/\/i0.wp.com\/casadecampoliving.com\/wp-content\/uploads\/2022\/10\/claude_terrail_casa_de_campo1.jpg?resize=250%2C321&amp;ssl=1\" alt=\"claude terrail casa de campo\" class=\"wp-image-46939\" title=\"claude_terrail_casa_de_campo\" height=\"321\" width=\"250\"\/><\/figure>\n<\/div>\n\n\n<p>El torneo que ser\u00e1 jugado entre los equipos de Casa de Campo y \u201cDomain du Barbossi\u201d (vi\u00f1edo y lugar parecido a Casa de Campo) de Francia, ser\u00e1 en honor a Claude Terrail, quien no s\u00f3lo fue una reconocida figura en la historia de la gastronom\u00eda francesa, pero tambi\u00e9n fue un gran fan\u00e1tico de Casa de Campo y del juego de polo en el resort.&nbsp;&nbsp;Claude Terrail visit\u00f3 Casa de Campo por primera vez a principio de los ochentas (la foto fue tomada en 1983), que fue aproximadamente la fecha en que Casa de Campo fue abierto al p\u00fablico como destino tur\u00edstico (antes de la \u00e9poca, era un lugar privado para ejecutivos de la Gulf and Western). Y siendo uno de los primeros visitantes, su nombre es recordado entre los muchos due\u00f1os de villas que han tenido sus hogares dentro del complejo de Casa de Campo por m\u00e1s de 20 a\u00f1os.<\/p>\n\n\n\n<p>Cuando no estaba jugando polo en Casa de Campo, Claude Terrail era el propietario del famoso restaurante \u201cLa Tour D\u2019Argent\u201d en Par\u00eds desde 1947 hasta su muerte en el 2006, un restaurante que de acuerdo al propio sitio web del centro, fue fundado en &nbsp;1952 por King Henry IV de Francia. La especialidad del restaurante (por lo cual es bastante famoso) es el pato \u00e0 la presse y aquellos que ordenan esta especialidad, tambi\u00e9n son obsequiados una postal con el serial de cada ave \u2013 ahora sobre el mill\u00f3n.<\/p>\n\n\n\n<p><strong>Fuente:<\/strong> <a href=\"http:\/\/en.wikipedia.org\/wiki\/Tour_d'Argent\">wikipedia.org&nbsp;<\/a><\/p>\n\n\n\n<blockquote class=\"wp-block-quote is-layout-flow wp-block-quote-is-layout-flow\"><p><strong>Sobre \u201cLe Domaine de Barbossi\u201d<\/strong><\/p><p>El lugar Barbossi es una excepci\u00f3nal propiedad de 1,300 hect\u00e1reas; un vi\u00f1edo que produce los mejores vinos del mundo, al igual que aceites de oliva y miel. La variedad de uvas que crecen en&nbsp;<strong>\u201cDomaine de Barbossi\u201d<\/strong>&nbsp;son tradicionales: Cinsault, Grenache, Syrah y Carignan.<\/p><p>Puede leer m\u00e1s sobre esto en:&nbsp;<a href=\"http:\/\/www.ddeb.fr\/anglais\/a-propos-2\/\">www.ddeb.fr<\/a><\/p><\/blockquote>\n\n\n\n<blockquote class=\"wp-block-quote is-layout-flow wp-block-quote-is-layout-flow\"><p><strong>La Semana de Francia: 22 \u2013 25 de Marzo<\/strong><\/p><p>La Semana de Francia\u201d, incorporar\u00e1 numerosas actividades gastron\u00f3micas, culturales, tecnol\u00f3gicas y art\u00edsticas dentro de Casa de Campo, transformando a Altos de Chav\u00f3n en un \u201cpetit village francaise\u201d, con actividades disponibles desde las 10am \u2013 10pm animadas con artistas en las calles y eventos teatrales.<\/p><p><em><a href=\"https:\/\/casadecampoliving.com\/es\/2012\/03\/vive-la-france-la-semana-de-francia-completo-programa-de-eventos-aqui\/\">Haga click&nbsp;aqu\u00ed&nbsp;para ver el programa completo de las actividades!&nbsp;<\/a><\/em><\/p><\/blockquote>\n","protected":false},"excerpt":{"rendered":"<p>Ma\u00f1ana, jueves 22 de marzo, la Semana de Francia, el evento a celebrarse en el transcurso de cuatro d\u00edas en Casa de Campo, comenzar\u00e1 con uno de los principales eventos \u201cEl Torneo de Polo Claude Terrail\u201d a celebrarse en los campos de polo desde las 4pm.&nbsp;<\/p>\n","protected":false},"author":21,"featured_media":264440,"comment_status":"closed","ping_status":"closed","sticky":false,"template":"","format":"standard","meta":{"newspack_ads_suppress_ads":false,"newspack_popups_has_disabled_popups":false,"newspack_sponsor_sponsorship_scope":"","newspack_sponsor_native_byline_display":"inherit","newspack_sponsor_native_category_display":"inherit","newspack_sponsor_underwriter_style":"inherit","newspack_sponsor_underwriter_placement":"inherit","_newspack_byline_active":false,"_newspack_byline":"","newspack_hide_updated_date":false,"newspack_show_updated_date":false,"newspack_content_restriction_is_exempt":false,"newspack_featured_image_position":"","newspack_post_subtitle":"","newspack_article_summary_title":"Overview:","newspack_article_summary":"","_jetpack_memberships_contains_paid_content":false,"footnotes":"","jetpack_publicize_message":"","jetpack_publicize_feature_enabled":true,"jetpack_social_post_already_shared":false,"jetpack_social_options":{"image_generator_settings":{"template":"highway","default_image_id":0,"font":"","enabled":false},"version":2},"_wpas_customize_per_network":false},"categories":[2525,2522,14625,14627,2526],"tags":[3651],"newspack_spnsrs_tax":[],"class_list":["post-338596","post","type-post","status-publish","format-standard","has-post-thumbnail","hentry","category-golf-deportes-es","category-eventos-es","category-noticias-locales","category-proximamente","category-titulares-es","tag-semana-de-francia-es","entry"],"yoast_head":"<!-- This site is optimized with the Yoast SEO plugin v27.5 - https:\/\/yoast.com\/product\/yoast-seo-wordpress\/ -->\n<title>Torneo de Polo de la Semana de Francia hace honor al aficionado de Polo y due\u00f1o del restaurante La Tour D&#039;Argent en Paris, Claude Terrail | Casa de Campo Living<\/title>\n<meta name=\"description\" content=\"Ma\u00f1ana, jueves 22 de marzo, la Semana de Francia, el evento a celebrarse en el transcurso de cuatro d\u00edas en Casa de Campo, comenzar\u00e1 con uno de los\" \/>\n<meta name=\"robots\" content=\"index, follow, max-snippet:-1, max-image-preview:large, max-video-preview:-1\" \/>\n<link rel=\"canonical\" href=\"https:\/\/casadecampoliving.com\/es\/torneo-de-polo-de-la-semana-de-francia-hace-honor-al-aficionado-de-polo-y-dueno-del-restaurante-la-tour-dargent-en-paris-claude-terrail\/\" \/>\n<meta property=\"og:locale\" content=\"es_ES\" \/>\n<meta property=\"og:type\" content=\"article\" \/>\n<meta property=\"og:title\" content=\"Torneo de Polo de la Semana de Francia hace honor al aficionado de Polo y due\u00f1o del restaurante La Tour D&#039;Argent en Paris, Claude Terrail | Casa de Campo Living\" \/>\n<meta property=\"og:description\" content=\"Ma\u00f1ana, jueves 22 de marzo, la Semana de Francia, el evento a celebrarse en el transcurso de cuatro d\u00edas en Casa de Campo, comenzar\u00e1 con uno de los\" \/>\n<meta property=\"og:url\" content=\"https:\/\/casadecampoliving.com\/es\/torneo-de-polo-de-la-semana-de-francia-hace-honor-al-aficionado-de-polo-y-dueno-del-restaurante-la-tour-dargent-en-paris-claude-terrail\/\" \/>\n<meta property=\"og:site_name\" content=\"Casa de Campo Living\" \/>\n<meta property=\"article:publisher\" content=\"https:\/\/www.facebook.com\/casadecampoliving\" \/>\n<meta property=\"article:published_time\" content=\"2012-03-21T04:00:00+00:00\" \/>\n<meta property=\"article:modified_time\" content=\"2022-10-21T22:47:06+00:00\" \/>\n<meta property=\"og:image\" content=\"https:\/\/i0.wp.com\/casadecampoliving.com\/wp-content\/uploads\/2022\/10\/claude_terrail_casa_de_campo-1.jpg?fit=650%2C402&ssl=1\" \/>\n\t<meta property=\"og:image:width\" content=\"650\" \/>\n\t<meta property=\"og:image:height\" content=\"402\" \/>\n\t<meta property=\"og:image:type\" content=\"image\/jpeg\" \/>\n<meta name=\"twitter:card\" content=\"summary_large_image\" \/>\n<meta name=\"twitter:creator\" content=\"@cdcliving\" \/>\n<meta name=\"twitter:site\" content=\"@cdcliving\" \/>\n<meta name=\"twitter:label1\" content=\"Escrito por\" \/>\n\t<meta name=\"twitter:data1\" content=\"\" \/>\n\t<meta name=\"twitter:label2\" content=\"Tiempo de lectura\" \/>\n\t<meta name=\"twitter:data2\" content=\"3 minutos\" \/>\n<script type=\"application\/ld+json\" class=\"yoast-schema-graph\">{\"@context\":\"https:\\\/\\\/schema.org\",\"@graph\":[{\"@type\":\"Article\",\"@id\":\"https:\\\/\\\/casadecampoliving.com\\\/es\\\/torneo-de-polo-de-la-semana-de-francia-hace-honor-al-aficionado-de-polo-y-dueno-del-restaurante-la-tour-dargent-en-paris-claude-terrail\\\/#article\",\"isPartOf\":{\"@id\":\"https:\\\/\\\/casadecampoliving.com\\\/es\\\/torneo-de-polo-de-la-semana-de-francia-hace-honor-al-aficionado-de-polo-y-dueno-del-restaurante-la-tour-dargent-en-paris-claude-terrail\\\/\"},\"author\":{\"name\":\"\",\"@id\":\"https:\\\/\\\/casadecampoliving.com\\\/es\\\/#\\\/schema\\\/person\\\/7e3b975d584a5f6ac0fd7128a81b0bc5\"},\"headline\":\"Torneo de Polo de la Semana de Francia hace honor al aficionado de Polo y due\u00f1o del restaurante La Tour D&#8217;Argent en Paris, Claude Terrail\",\"datePublished\":\"2012-03-21T04:00:00+00:00\",\"dateModified\":\"2022-10-21T22:47:06+00:00\",\"mainEntityOfPage\":{\"@id\":\"https:\\\/\\\/casadecampoliving.com\\\/es\\\/torneo-de-polo-de-la-semana-de-francia-hace-honor-al-aficionado-de-polo-y-dueno-del-restaurante-la-tour-dargent-en-paris-claude-terrail\\\/\"},\"wordCount\":616,\"publisher\":{\"@id\":\"https:\\\/\\\/casadecampoliving.com\\\/es\\\/#organization\"},\"image\":{\"@id\":\"https:\\\/\\\/casadecampoliving.com\\\/es\\\/torneo-de-polo-de-la-semana-de-francia-hace-honor-al-aficionado-de-polo-y-dueno-del-restaurante-la-tour-dargent-en-paris-claude-terrail\\\/#primaryimage\"},\"thumbnailUrl\":\"https:\\\/\\\/i0.wp.com\\\/casadecampoliving.com\\\/wp-content\\\/uploads\\\/2022\\\/10\\\/claude_terrail_casa_de_campo-1.jpg?fit=650%2C402&ssl=1\",\"keywords\":[\"semana de francia @es\"],\"articleSection\":[\"Deportes\",\"Eventos\",\"Noticias Locales\",\"Proximamente\",\"Titulares\"],\"inLanguage\":\"es\"},{\"@type\":\"WebPage\",\"@id\":\"https:\\\/\\\/casadecampoliving.com\\\/es\\\/torneo-de-polo-de-la-semana-de-francia-hace-honor-al-aficionado-de-polo-y-dueno-del-restaurante-la-tour-dargent-en-paris-claude-terrail\\\/\",\"url\":\"https:\\\/\\\/casadecampoliving.com\\\/es\\\/torneo-de-polo-de-la-semana-de-francia-hace-honor-al-aficionado-de-polo-y-dueno-del-restaurante-la-tour-dargent-en-paris-claude-terrail\\\/\",\"name\":\"Torneo de Polo de la Semana de Francia hace honor al aficionado de Polo y due\u00f1o del restaurante La Tour D'Argent en Paris, Claude Terrail | Casa de Campo Living\",\"isPartOf\":{\"@id\":\"https:\\\/\\\/casadecampoliving.com\\\/es\\\/#website\"},\"primaryImageOfPage\":{\"@id\":\"https:\\\/\\\/casadecampoliving.com\\\/es\\\/torneo-de-polo-de-la-semana-de-francia-hace-honor-al-aficionado-de-polo-y-dueno-del-restaurante-la-tour-dargent-en-paris-claude-terrail\\\/#primaryimage\"},\"image\":{\"@id\":\"https:\\\/\\\/casadecampoliving.com\\\/es\\\/torneo-de-polo-de-la-semana-de-francia-hace-honor-al-aficionado-de-polo-y-dueno-del-restaurante-la-tour-dargent-en-paris-claude-terrail\\\/#primaryimage\"},\"thumbnailUrl\":\"https:\\\/\\\/i0.wp.com\\\/casadecampoliving.com\\\/wp-content\\\/uploads\\\/2022\\\/10\\\/claude_terrail_casa_de_campo-1.jpg?fit=650%2C402&ssl=1\",\"datePublished\":\"2012-03-21T04:00:00+00:00\",\"dateModified\":\"2022-10-21T22:47:06+00:00\",\"description\":\"Ma\u00f1ana, jueves 22 de marzo, la Semana de Francia, el evento a celebrarse en el transcurso de cuatro d\u00edas en Casa de Campo, comenzar\u00e1 con uno de los\",\"breadcrumb\":{\"@id\":\"https:\\\/\\\/casadecampoliving.com\\\/es\\\/torneo-de-polo-de-la-semana-de-francia-hace-honor-al-aficionado-de-polo-y-dueno-del-restaurante-la-tour-dargent-en-paris-claude-terrail\\\/#breadcrumb\"},\"inLanguage\":\"es\",\"potentialAction\":[{\"@type\":\"ReadAction\",\"target\":[\"https:\\\/\\\/casadecampoliving.com\\\/es\\\/torneo-de-polo-de-la-semana-de-francia-hace-honor-al-aficionado-de-polo-y-dueno-del-restaurante-la-tour-dargent-en-paris-claude-terrail\\\/\"]}]},{\"@type\":\"ImageObject\",\"inLanguage\":\"es\",\"@id\":\"https:\\\/\\\/casadecampoliving.com\\\/es\\\/torneo-de-polo-de-la-semana-de-francia-hace-honor-al-aficionado-de-polo-y-dueno-del-restaurante-la-tour-dargent-en-paris-claude-terrail\\\/#primaryimage\",\"url\":\"https:\\\/\\\/i0.wp.com\\\/casadecampoliving.com\\\/wp-content\\\/uploads\\\/2022\\\/10\\\/claude_terrail_casa_de_campo-1.jpg?fit=650%2C402&ssl=1\",\"contentUrl\":\"https:\\\/\\\/i0.wp.com\\\/casadecampoliving.com\\\/wp-content\\\/uploads\\\/2022\\\/10\\\/claude_terrail_casa_de_campo-1.jpg?fit=650%2C402&ssl=1\",\"width\":650,\"height\":402,\"caption\":\"claude terrail casa de campo\"},{\"@type\":\"BreadcrumbList\",\"@id\":\"https:\\\/\\\/casadecampoliving.com\\\/es\\\/torneo-de-polo-de-la-semana-de-francia-hace-honor-al-aficionado-de-polo-y-dueno-del-restaurante-la-tour-dargent-en-paris-claude-terrail\\\/#breadcrumb\",\"itemListElement\":[{\"@type\":\"ListItem\",\"position\":1,\"name\":\"Home\",\"item\":\"https:\\\/\\\/casadecampoliving.com\\\/es\\\/\"},{\"@type\":\"ListItem\",\"position\":2,\"name\":\"Torneo de Polo de la Semana de Francia hace honor al aficionado de Polo y due\u00f1o del restaurante La Tour D&#8217;Argent en Paris, Claude Terrail\"}]},{\"@type\":\"WebSite\",\"@id\":\"https:\\\/\\\/casadecampoliving.com\\\/es\\\/#website\",\"url\":\"https:\\\/\\\/casadecampoliving.com\\\/es\\\/\",\"name\":\"Casa de Campo Living\",\"description\":\"Resort community news and resources.\",\"publisher\":{\"@id\":\"https:\\\/\\\/casadecampoliving.com\\\/es\\\/#organization\"},\"potentialAction\":[{\"@type\":\"SearchAction\",\"target\":{\"@type\":\"EntryPoint\",\"urlTemplate\":\"https:\\\/\\\/casadecampoliving.com\\\/es\\\/?s={search_term_string}\"},\"query-input\":{\"@type\":\"PropertyValueSpecification\",\"valueRequired\":true,\"valueName\":\"search_term_string\"}}],\"inLanguage\":\"es\"},{\"@type\":\"Organization\",\"@id\":\"https:\\\/\\\/casadecampoliving.com\\\/es\\\/#organization\",\"name\":\"Casa de Campo Living\",\"url\":\"https:\\\/\\\/casadecampoliving.com\\\/es\\\/\",\"logo\":{\"@type\":\"ImageObject\",\"inLanguage\":\"es\",\"@id\":\"https:\\\/\\\/casadecampoliving.com\\\/es\\\/#\\\/schema\\\/logo\\\/image\\\/\",\"url\":\"https:\\\/\\\/i0.wp.com\\\/casadecampoliving.com\\\/wp-content\\\/uploads\\\/2022\\\/07\\\/CDCLivingLogo_V1-white-sized.png?fit=800%2C214&ssl=1\",\"contentUrl\":\"https:\\\/\\\/i0.wp.com\\\/casadecampoliving.com\\\/wp-content\\\/uploads\\\/2022\\\/07\\\/CDCLivingLogo_V1-white-sized.png?fit=800%2C214&ssl=1\",\"width\":800,\"height\":214,\"caption\":\"Casa de Campo Living\"},\"image\":{\"@id\":\"https:\\\/\\\/casadecampoliving.com\\\/es\\\/#\\\/schema\\\/logo\\\/image\\\/\"},\"sameAs\":[\"https:\\\/\\\/www.facebook.com\\\/casadecampoliving\",\"https:\\\/\\\/x.com\\\/cdcliving\"]},{\"@type\":\"Person\",\"@id\":\"https:\\\/\\\/casadecampoliving.com\\\/es\\\/#\\\/schema\\\/person\\\/7e3b975d584a5f6ac0fd7128a81b0bc5\",\"name\":\"\",\"image\":{\"@type\":\"ImageObject\",\"inLanguage\":\"es\",\"@id\":\"https:\\\/\\\/secure.gravatar.com\\\/avatar\\\/?s=96&d=mm&r=g\",\"url\":\"https:\\\/\\\/secure.gravatar.com\\\/avatar\\\/?s=96&d=mm&r=g\",\"contentUrl\":\"https:\\\/\\\/secure.gravatar.com\\\/avatar\\\/?s=96&d=mm&r=g\"},\"url\":\"https:\\\/\\\/casadecampoliving.com\\\/es\\\/author\\\/ \\\/\"}]}<\/script>\n<!-- \/ Yoast SEO plugin. -->","yoast_head_json":{"title":"Torneo de Polo de la Semana de Francia hace honor al aficionado de Polo y due\u00f1o del restaurante La Tour D'Argent en Paris, Claude Terrail | Casa de Campo Living","description":"Ma\u00f1ana, jueves 22 de marzo, la Semana de Francia, el evento a celebrarse en el transcurso de cuatro d\u00edas en Casa de Campo, comenzar\u00e1 con uno de los","robots":{"index":"index","follow":"follow","max-snippet":"max-snippet:-1","max-image-preview":"max-image-preview:large","max-video-preview":"max-video-preview:-1"},"canonical":"https:\/\/casadecampoliving.com\/es\/torneo-de-polo-de-la-semana-de-francia-hace-honor-al-aficionado-de-polo-y-dueno-del-restaurante-la-tour-dargent-en-paris-claude-terrail\/","og_locale":"es_ES","og_type":"article","og_title":"Torneo de Polo de la Semana de Francia hace honor al aficionado de Polo y due\u00f1o del restaurante La Tour D'Argent en Paris, Claude Terrail | Casa de Campo Living","og_description":"Ma\u00f1ana, jueves 22 de marzo, la Semana de Francia, el evento a celebrarse en el transcurso de cuatro d\u00edas en Casa de Campo, comenzar\u00e1 con uno de los","og_url":"https:\/\/casadecampoliving.com\/es\/torneo-de-polo-de-la-semana-de-francia-hace-honor-al-aficionado-de-polo-y-dueno-del-restaurante-la-tour-dargent-en-paris-claude-terrail\/","og_site_name":"Casa de Campo Living","article_publisher":"https:\/\/www.facebook.com\/casadecampoliving","article_published_time":"2012-03-21T04:00:00+00:00","article_modified_time":"2022-10-21T22:47:06+00:00","og_image":[{"width":650,"height":402,"url":"https:\/\/i0.wp.com\/casadecampoliving.com\/wp-content\/uploads\/2022\/10\/claude_terrail_casa_de_campo-1.jpg?fit=650%2C402&ssl=1","type":"image\/jpeg"}],"twitter_card":"summary_large_image","twitter_creator":"@cdcliving","twitter_site":"@cdcliving","twitter_misc":{"Escrito por":"","Tiempo de lectura":"3 minutos"},"schema":{"@context":"https:\/\/schema.org","@graph":[{"@type":"Article","@id":"https:\/\/casadecampoliving.com\/es\/torneo-de-polo-de-la-semana-de-francia-hace-honor-al-aficionado-de-polo-y-dueno-del-restaurante-la-tour-dargent-en-paris-claude-terrail\/#article","isPartOf":{"@id":"https:\/\/casadecampoliving.com\/es\/torneo-de-polo-de-la-semana-de-francia-hace-honor-al-aficionado-de-polo-y-dueno-del-restaurante-la-tour-dargent-en-paris-claude-terrail\/"},"author":{"name":"","@id":"https:\/\/casadecampoliving.com\/es\/#\/schema\/person\/7e3b975d584a5f6ac0fd7128a81b0bc5"},"headline":"Torneo de Polo de la Semana de Francia hace honor al aficionado de Polo y due\u00f1o del restaurante La Tour D&#8217;Argent en Paris, Claude Terrail","datePublished":"2012-03-21T04:00:00+00:00","dateModified":"2022-10-21T22:47:06+00:00","mainEntityOfPage":{"@id":"https:\/\/casadecampoliving.com\/es\/torneo-de-polo-de-la-semana-de-francia-hace-honor-al-aficionado-de-polo-y-dueno-del-restaurante-la-tour-dargent-en-paris-claude-terrail\/"},"wordCount":616,"publisher":{"@id":"https:\/\/casadecampoliving.com\/es\/#organization"},"image":{"@id":"https:\/\/casadecampoliving.com\/es\/torneo-de-polo-de-la-semana-de-francia-hace-honor-al-aficionado-de-polo-y-dueno-del-restaurante-la-tour-dargent-en-paris-claude-terrail\/#primaryimage"},"thumbnailUrl":"https:\/\/i0.wp.com\/casadecampoliving.com\/wp-content\/uploads\/2022\/10\/claude_terrail_casa_de_campo-1.jpg?fit=650%2C402&ssl=1","keywords":["semana de francia @es"],"articleSection":["Deportes","Eventos","Noticias Locales","Proximamente","Titulares"],"inLanguage":"es"},{"@type":"WebPage","@id":"https:\/\/casadecampoliving.com\/es\/torneo-de-polo-de-la-semana-de-francia-hace-honor-al-aficionado-de-polo-y-dueno-del-restaurante-la-tour-dargent-en-paris-claude-terrail\/","url":"https:\/\/casadecampoliving.com\/es\/torneo-de-polo-de-la-semana-de-francia-hace-honor-al-aficionado-de-polo-y-dueno-del-restaurante-la-tour-dargent-en-paris-claude-terrail\/","name":"Torneo de Polo de la Semana de Francia hace honor al aficionado de Polo y due\u00f1o del restaurante La Tour D'Argent en Paris, Claude Terrail | Casa de Campo Living","isPartOf":{"@id":"https:\/\/casadecampoliving.com\/es\/#website"},"primaryImageOfPage":{"@id":"https:\/\/casadecampoliving.com\/es\/torneo-de-polo-de-la-semana-de-francia-hace-honor-al-aficionado-de-polo-y-dueno-del-restaurante-la-tour-dargent-en-paris-claude-terrail\/#primaryimage"},"image":{"@id":"https:\/\/casadecampoliving.com\/es\/torneo-de-polo-de-la-semana-de-francia-hace-honor-al-aficionado-de-polo-y-dueno-del-restaurante-la-tour-dargent-en-paris-claude-terrail\/#primaryimage"},"thumbnailUrl":"https:\/\/i0.wp.com\/casadecampoliving.com\/wp-content\/uploads\/2022\/10\/claude_terrail_casa_de_campo-1.jpg?fit=650%2C402&ssl=1","datePublished":"2012-03-21T04:00:00+00:00","dateModified":"2022-10-21T22:47:06+00:00","description":"Ma\u00f1ana, jueves 22 de marzo, la Semana de Francia, el evento a celebrarse en el transcurso de cuatro d\u00edas en Casa de Campo, comenzar\u00e1 con uno de los","breadcrumb":{"@id":"https:\/\/casadecampoliving.com\/es\/torneo-de-polo-de-la-semana-de-francia-hace-honor-al-aficionado-de-polo-y-dueno-del-restaurante-la-tour-dargent-en-paris-claude-terrail\/#breadcrumb"},"inLanguage":"es","potentialAction":[{"@type":"ReadAction","target":["https:\/\/casadecampoliving.com\/es\/torneo-de-polo-de-la-semana-de-francia-hace-honor-al-aficionado-de-polo-y-dueno-del-restaurante-la-tour-dargent-en-paris-claude-terrail\/"]}]},{"@type":"ImageObject","inLanguage":"es","@id":"https:\/\/casadecampoliving.com\/es\/torneo-de-polo-de-la-semana-de-francia-hace-honor-al-aficionado-de-polo-y-dueno-del-restaurante-la-tour-dargent-en-paris-claude-terrail\/#primaryimage","url":"https:\/\/i0.wp.com\/casadecampoliving.com\/wp-content\/uploads\/2022\/10\/claude_terrail_casa_de_campo-1.jpg?fit=650%2C402&ssl=1","contentUrl":"https:\/\/i0.wp.com\/casadecampoliving.com\/wp-content\/uploads\/2022\/10\/claude_terrail_casa_de_campo-1.jpg?fit=650%2C402&ssl=1","width":650,"height":402,"caption":"claude terrail casa de campo"},{"@type":"BreadcrumbList","@id":"https:\/\/casadecampoliving.com\/es\/torneo-de-polo-de-la-semana-de-francia-hace-honor-al-aficionado-de-polo-y-dueno-del-restaurante-la-tour-dargent-en-paris-claude-terrail\/#breadcrumb","itemListElement":[{"@type":"ListItem","position":1,"name":"Home","item":"https:\/\/casadecampoliving.com\/es\/"},{"@type":"ListItem","position":2,"name":"Torneo de Polo de la Semana de Francia hace honor al aficionado de Polo y due\u00f1o del restaurante La Tour D&#8217;Argent en Paris, Claude Terrail"}]},{"@type":"WebSite","@id":"https:\/\/casadecampoliving.com\/es\/#website","url":"https:\/\/casadecampoliving.com\/es\/","name":"Casa de Campo Living","description":"Resort community news and resources.","publisher":{"@id":"https:\/\/casadecampoliving.com\/es\/#organization"},"potentialAction":[{"@type":"SearchAction","target":{"@type":"EntryPoint","urlTemplate":"https:\/\/casadecampoliving.com\/es\/?s={search_term_string}"},"query-input":{"@type":"PropertyValueSpecification","valueRequired":true,"valueName":"search_term_string"}}],"inLanguage":"es"},{"@type":"Organization","@id":"https:\/\/casadecampoliving.com\/es\/#organization","name":"Casa de Campo Living","url":"https:\/\/casadecampoliving.com\/es\/","logo":{"@type":"ImageObject","inLanguage":"es","@id":"https:\/\/casadecampoliving.com\/es\/#\/schema\/logo\/image\/","url":"https:\/\/i0.wp.com\/casadecampoliving.com\/wp-content\/uploads\/2022\/07\/CDCLivingLogo_V1-white-sized.png?fit=800%2C214&ssl=1","contentUrl":"https:\/\/i0.wp.com\/casadecampoliving.com\/wp-content\/uploads\/2022\/07\/CDCLivingLogo_V1-white-sized.png?fit=800%2C214&ssl=1","width":800,"height":214,"caption":"Casa de Campo Living"},"image":{"@id":"https:\/\/casadecampoliving.com\/es\/#\/schema\/logo\/image\/"},"sameAs":["https:\/\/www.facebook.com\/casadecampoliving","https:\/\/x.com\/cdcliving"]},{"@type":"Person","@id":"https:\/\/casadecampoliving.com\/es\/#\/schema\/person\/7e3b975d584a5f6ac0fd7128a81b0bc5","name":"","image":{"@type":"ImageObject","inLanguage":"es","@id":"https:\/\/secure.gravatar.com\/avatar\/?s=96&d=mm&r=g","url":"https:\/\/secure.gravatar.com\/avatar\/?s=96&d=mm&r=g","contentUrl":"https:\/\/secure.gravatar.com\/avatar\/?s=96&d=mm&r=g"},"url":"https:\/\/casadecampoliving.com\/es\/author\/ \/"}]}},"parsely":{"version":"1.1.0","canonical_url":"https:\/\/casadecampoliving.com\/es\/torneo-de-polo-de-la-semana-de-francia-hace-honor-al-aficionado-de-polo-y-dueno-del-restaurante-la-tour-dargent-en-paris-claude-terrail\/","smart_links":{"inbound":0,"outbound":0},"traffic_boost_suggestions_count":0,"meta":{"@context":"https:\/\/schema.org","@type":"NewsArticle","headline":"Torneo de Polo de la Semana de Francia hace honor al aficionado de Polo y due\u00f1o del restaurante La Tour D&#8217;Argent en Paris, Claude Terrail","url":"http:\/\/casadecampoliving.com\/es\/torneo-de-polo-de-la-semana-de-francia-hace-honor-al-aficionado-de-polo-y-dueno-del-restaurante-la-tour-dargent-en-paris-claude-terrail\/","mainEntityOfPage":{"@type":"WebPage","@id":"http:\/\/casadecampoliving.com\/es\/torneo-de-polo-de-la-semana-de-francia-hace-honor-al-aficionado-de-polo-y-dueno-del-restaurante-la-tour-dargent-en-paris-claude-terrail\/"},"thumbnailUrl":"https:\/\/i0.wp.com\/casadecampoliving.com\/wp-content\/uploads\/2022\/10\/claude_terrail_casa_de_campo-1.jpg?resize=150%2C150&ssl=1","image":{"@type":"ImageObject","url":"https:\/\/i0.wp.com\/casadecampoliving.com\/wp-content\/uploads\/2022\/10\/claude_terrail_casa_de_campo-1.jpg?fit=650%2C402&ssl=1"},"articleSection":"Deportes","author":[{"@type":"Person","name":"FB_515917546"}],"creator":["FB_515917546"],"publisher":{"@type":"Organization","name":"Casa de Campo Living","logo":"https:\/\/casadecampoliving.com\/wp-content\/uploads\/2022\/07\/CDCLivingLogo_V1-white-sized.png"},"keywords":["semana de francia @es"],"dateCreated":"2012-03-21T04:00:00Z","datePublished":"2012-03-21T04:00:00Z","dateModified":"2022-10-21T22:47:06Z"},"rendered":"<script type=\"application\/ld+json\" class=\"wp-parsely-metadata\">{\"@context\":\"https:\\\/\\\/schema.org\",\"@type\":\"NewsArticle\",\"headline\":\"Torneo de Polo de la Semana de Francia hace honor al aficionado de Polo y due\\u00f1o del restaurante La Tour D&#8217;Argent en Paris, Claude Terrail\",\"url\":\"http:\\\/\\\/casadecampoliving.com\\\/es\\\/torneo-de-polo-de-la-semana-de-francia-hace-honor-al-aficionado-de-polo-y-dueno-del-restaurante-la-tour-dargent-en-paris-claude-terrail\\\/\",\"mainEntityOfPage\":{\"@type\":\"WebPage\",\"@id\":\"http:\\\/\\\/casadecampoliving.com\\\/es\\\/torneo-de-polo-de-la-semana-de-francia-hace-honor-al-aficionado-de-polo-y-dueno-del-restaurante-la-tour-dargent-en-paris-claude-terrail\\\/\"},\"thumbnailUrl\":\"https:\\\/\\\/i0.wp.com\\\/casadecampoliving.com\\\/wp-content\\\/uploads\\\/2022\\\/10\\\/claude_terrail_casa_de_campo-1.jpg?resize=150%2C150&ssl=1\",\"image\":{\"@type\":\"ImageObject\",\"url\":\"https:\\\/\\\/i0.wp.com\\\/casadecampoliving.com\\\/wp-content\\\/uploads\\\/2022\\\/10\\\/claude_terrail_casa_de_campo-1.jpg?fit=650%2C402&ssl=1\"},\"articleSection\":\"Deportes\",\"author\":[{\"@type\":\"Person\",\"name\":\"FB_515917546\"}],\"creator\":[\"FB_515917546\"],\"publisher\":{\"@type\":\"Organization\",\"name\":\"Casa de Campo Living\",\"logo\":\"https:\\\/\\\/casadecampoliving.com\\\/wp-content\\\/uploads\\\/2022\\\/07\\\/CDCLivingLogo_V1-white-sized.png\"},\"keywords\":[\"semana de francia @es\"],\"dateCreated\":\"2012-03-21T04:00:00Z\",\"datePublished\":\"2012-03-21T04:00:00Z\",\"dateModified\":\"2022-10-21T22:47:06Z\"}<\/script>","tracker_url":"https:\/\/cdn.parsely.com\/keys\/casadecampoliving.com\/p.js"},"jetpack_publicize_connections":[],"jetpack_featured_media_url":"https:\/\/i0.wp.com\/casadecampoliving.com\/wp-content\/uploads\/2022\/10\/claude_terrail_casa_de_campo-1.jpg?fit=650%2C402&ssl=1","jetpack-related-posts":[{"id":338825,"url":"https:\/\/casadecampoliving.com\/es\/domaine-de-barbossi-vence-al-equipo-de-casa-de-campo-en-la-copa-polo-claude-terrail\/","url_meta":{"origin":338596,"position":0},"title":"Domaine de Barbossi vence al equipo de Casa de Campo en la \u00abCopa Polo Claude Terrail\u00bb!","author":"","date":"30 Abr, 2012","format":false,"excerpt":"Durante la primera Semana de Francia, celebrada en Casa de Campo, del 22 al 25 de marzo de 2012, el primer torneo de polo \"Claude Terrail\", fue jugado entre los equipos de Casa de Campo y los invitados \"Domain du Barbossi\" (vi\u00f1edo y complejo similar a Casa de Campo en\u2026","rel":"","context":"En \u00abEvents and Activities\u00bb","block_context":{"text":"Events and Activities","link":"https:\/\/casadecampoliving.com\/category\/events-and-activities\/"},"img":{"alt_text":"casa de campo polo","src":"https:\/\/i0.wp.com\/casadecampoliving.com\/wp-content\/uploads\/2022\/10\/casa_de_campo_polo8-1.jpg?fit=650%2C365&ssl=1&resize=350%2C200","width":350,"height":200,"srcset":"https:\/\/i0.wp.com\/casadecampoliving.com\/wp-content\/uploads\/2022\/10\/casa_de_campo_polo8-1.jpg?fit=650%2C365&ssl=1&resize=350%2C200 1x, https:\/\/i0.wp.com\/casadecampoliving.com\/wp-content\/uploads\/2022\/10\/casa_de_campo_polo8-1.jpg?fit=650%2C365&ssl=1&resize=525%2C300 1.5x"},"classes":[]},{"id":339725,"url":"https:\/\/casadecampoliving.com\/es\/polo-casa-de-campo-calendario-de-torneos-2012-2013\/","url_meta":{"origin":338596,"position":1},"title":"Polo Casa de Campo: Calendario de torneos 2012 -2013!","author":"","date":"18 Sep, 2012","format":false,"excerpt":"Excelentes noticias para los fan\u00e1ticos del Polo en Casa de Campo! Este a\u00f1o, se realizar\u00e1n 9 emocionantes torneos y por esto, aqu\u00ed les ofrecemos el calendario de actividades tentativo a celebrarse en Casa de Campo! Nueve emocionantes torneos de polo ser\u00e1n jugados en los campos de polo de Casa de\u2026","rel":"","context":"En \u00abDeportes\u00bb","block_context":{"text":"Deportes","link":"https:\/\/casadecampoliving.com\/es\/category\/golf-deportes-es\/"},"img":{"alt_text":"semana de francia polo","src":"https:\/\/i0.wp.com\/casadecampoliving.com\/wp-content\/uploads\/2022\/10\/semana_de_francia_polo-1.jpg?fit=650%2C366&ssl=1&resize=350%2C200","width":350,"height":200,"srcset":"https:\/\/i0.wp.com\/casadecampoliving.com\/wp-content\/uploads\/2022\/10\/semana_de_francia_polo-1.jpg?fit=650%2C366&ssl=1&resize=350%2C200 1x, https:\/\/i0.wp.com\/casadecampoliving.com\/wp-content\/uploads\/2022\/10\/semana_de_francia_polo-1.jpg?fit=650%2C366&ssl=1&resize=525%2C300 1.5x"},"classes":[]},{"id":338196,"url":"https:\/\/casadecampoliving.com\/es\/altos-de-chavon-se-convierte-en-un-paraiso-frances-con-la-semana-de-francia-del-22-al-25-de-marzo\/","url_meta":{"origin":338596,"position":2},"title":"Altos de Chav\u00f3n se convierte en un para\u00edso franc\u00e9s con la \u00abSemana de Francia\u00bb del 22 al 25 de marzo!","author":"","date":"24 Ene, 2012","format":false,"excerpt":"Oh La La! Desde el jueves 22 de marzo hasta el domingo 25, la espectacular villa de los artistas; Altos de Chav\u00f3n, cobrar\u00e1 m\u00e1s vida al puro estilo franc\u00e9s en lo que ser\u00e1 un fabuloso festival franc\u00e9s denominado \u201cSemana de Francia\u201d. El evento que ser\u00e1 auspiciado por la Embajada Francesa,\u2026","rel":"","context":"En \u00abAltos de Chavon @es\u00bb","block_context":{"text":"Altos de Chavon @es","link":"https:\/\/casadecampoliving.com\/category\/altos-de-chavon-es\/"},"img":{"alt_text":"semana de francia altos de chavon","src":"https:\/\/i0.wp.com\/casadecampoliving.com\/wp-content\/uploads\/2022\/10\/semana_de_francia_altos_de_chavon-2.jpg?fit=650%2C410&ssl=1&resize=350%2C200","width":350,"height":200,"srcset":"https:\/\/i0.wp.com\/casadecampoliving.com\/wp-content\/uploads\/2022\/10\/semana_de_francia_altos_de_chavon-2.jpg?fit=650%2C410&ssl=1&resize=350%2C200 1x, https:\/\/i0.wp.com\/casadecampoliving.com\/wp-content\/uploads\/2022\/10\/semana_de_francia_altos_de_chavon-2.jpg?fit=650%2C410&ssl=1&resize=525%2C300 1.5x"},"classes":[]},{"id":321138,"url":"https:\/\/casadecampoliving.com\/semana-de-francia-polo-tournament-honors-casa-de-campo-aficionado-claude-terrail-owner-of-the-legendary-la-tour-dargent-restaurant-in-paris\/","url_meta":{"origin":338596,"position":3},"title":"Semana de Francia Polo Tournament honors Casa de Campo aficionado Claude Terrail, owner of the legendary \u00abLa Tour D&#8217;Argent\u00bb restaurant in Paris","author":"Rebecca Silvestri","date":"21 Mar, 2012","format":false,"excerpt":"Tomorrow, Thursday the 22nd of March the \u201cSemana de Francia\u201d 4-day celebration will begin in Casa de Campo, with one of the first events being the \u201cClaude Terrail Polo Tournament\u201d to take place on the Casa de Campo polo fields from 4pm. \u00a0 UPDATE: The first game of the\u00a0\u201cClaude Terrail\u2026","rel":"","context":"En \u00abCasa de Campo Resort\u00bb","block_context":{"text":"Casa de Campo Resort","link":"https:\/\/casadecampoliving.com\/category\/casa-de-campo-resort\/"},"img":{"alt_text":"claude terrail casa de campo","src":"https:\/\/i0.wp.com\/casadecampoliving.com\/wp-content\/uploads\/2022\/10\/claude_terrail_casa_de_campo-1.jpg?fit=650%2C402&ssl=1&resize=350%2C200","width":350,"height":200,"srcset":"https:\/\/i0.wp.com\/casadecampoliving.com\/wp-content\/uploads\/2022\/10\/claude_terrail_casa_de_campo-1.jpg?fit=650%2C402&ssl=1&resize=350%2C200 1x, https:\/\/i0.wp.com\/casadecampoliving.com\/wp-content\/uploads\/2022\/10\/claude_terrail_casa_de_campo-1.jpg?fit=650%2C402&ssl=1&resize=525%2C300 1.5x"},"classes":[]},{"id":321232,"url":"https:\/\/casadecampoliving.com\/domain-de-barbossi-triumphs-over-casa-de-campo-in-the-claude-terrail-polo-cup\/","url_meta":{"origin":338596,"position":4},"title":"Domain de Barbossi triumphs over Casa de Campo in the Claude Terrail Polo Cup!","author":"Rebecca Silvestri","date":"30 Abr, 2012","format":false,"excerpt":"During the 1st annual \"Semana de Francia\" celebrated in Casa de Campo from March 22nd through to March 25th 2012, the 1st \"Claude Terrail\" Polo Tournament was played between the\u00a0Casa de Campo polo team and the guest polo team from the \u201cDomaine du Barbossi\u201d (vineyard and estate similar to Casa\u2026","rel":"","context":"En \u00abEvents and Activities\u00bb","block_context":{"text":"Events and Activities","link":"https:\/\/casadecampoliving.com\/category\/events-and-activities\/"},"img":{"alt_text":"casa de campo polo","src":"https:\/\/i0.wp.com\/casadecampoliving.com\/wp-content\/uploads\/2022\/10\/casa_de_campo_polo8-1.jpg?fit=650%2C365&ssl=1&resize=350%2C200","width":350,"height":200,"srcset":"https:\/\/i0.wp.com\/casadecampoliving.com\/wp-content\/uploads\/2022\/10\/casa_de_campo_polo8-1.jpg?fit=650%2C365&ssl=1&resize=350%2C200 1x, https:\/\/i0.wp.com\/casadecampoliving.com\/wp-content\/uploads\/2022\/10\/casa_de_campo_polo8-1.jpg?fit=650%2C365&ssl=1&resize=525%2C300 1.5x"},"classes":[]},{"id":320967,"url":"https:\/\/casadecampoliving.com\/semana-de-francia-french-week-to-transform-altos-de-chavon-into-a-parisienne-paradise-march-22nd-25th\/","url_meta":{"origin":338596,"position":5},"title":"\u00abSemana de Francia\u00bb (French Week) to transform Altos de Chav\u00f3n into a Parisienne paradise: March 22nd &#8211; 25th","author":"Rebecca Silvestri","date":"24 Ene, 2012","format":false,"excerpt":"Oh La La! From Thursday the 22nd of March through to Sunday the 25th, the beautiful artist\u2019s village of Altos de Chav\u00f3n in Casa de Campo will come alive with all things French, during a fabulous French festival \u00a0named \u201cSemana de Francia.\u201d The event, being sponsored by the Dominican Ambassador\u2026","rel":"","context":"En \u00abAltos de Chavon\u00bb","block_context":{"text":"Altos de Chavon","link":"https:\/\/casadecampoliving.com\/category\/altos-de-chavon\/"},"img":{"alt_text":"semana de francia altos de chavon","src":"https:\/\/i0.wp.com\/casadecampoliving.com\/wp-content\/uploads\/2022\/10\/semana_de_francia_altos_de_chavon-2.jpg?fit=650%2C410&ssl=1&resize=350%2C200","width":350,"height":200,"srcset":"https:\/\/i0.wp.com\/casadecampoliving.com\/wp-content\/uploads\/2022\/10\/semana_de_francia_altos_de_chavon-2.jpg?fit=650%2C410&ssl=1&resize=350%2C200 1x, https:\/\/i0.wp.com\/casadecampoliving.com\/wp-content\/uploads\/2022\/10\/semana_de_francia_altos_de_chavon-2.jpg?fit=650%2C410&ssl=1&resize=525%2C300 1.5x"},"classes":[]}],"jetpack_sharing_enabled":true,"_links":{"self":[{"href":"https:\/\/casadecampoliving.com\/es\/wp-json\/wp\/v2\/posts\/338596","targetHints":{"allow":["GET"]}}],"collection":[{"href":"https:\/\/casadecampoliving.com\/es\/wp-json\/wp\/v2\/posts"}],"about":[{"href":"https:\/\/casadecampoliving.com\/es\/wp-json\/wp\/v2\/types\/post"}],"author":[{"embeddable":true,"href":"https:\/\/casadecampoliving.com\/es\/wp-json\/wp\/v2\/users\/21"}],"replies":[{"embeddable":true,"href":"https:\/\/casadecampoliving.com\/es\/wp-json\/wp\/v2\/comments?post=338596"}],"version-history":[{"count":1,"href":"https:\/\/casadecampoliving.com\/es\/wp-json\/wp\/v2\/posts\/338596\/revisions"}],"predecessor-version":[{"id":338597,"href":"https:\/\/casadecampoliving.com\/es\/wp-json\/wp\/v2\/posts\/338596\/revisions\/338597"}],"wp:featuredmedia":[{"embeddable":true,"href":"https:\/\/casadecampoliving.com\/es\/wp-json\/wp\/v2\/media\/264440"}],"wp:attachment":[{"href":"https:\/\/casadecampoliving.com\/es\/wp-json\/wp\/v2\/media?parent=338596"}],"wp:term":[{"taxonomy":"category","embeddable":true,"href":"https:\/\/casadecampoliving.com\/es\/wp-json\/wp\/v2\/categories?post=338596"},{"taxonomy":"post_tag","embeddable":true,"href":"https:\/\/casadecampoliving.com\/es\/wp-json\/wp\/v2\/tags?post=338596"},{"taxonomy":"newspack_spnsrs_tax","embeddable":true,"href":"https:\/\/casadecampoliving.com\/es\/wp-json\/wp\/v2\/newspack_spnsrs_tax?post=338596"}],"curies":[{"name":"wp","href":"https:\/\/api.w.org\/{rel}","templated":true}]}}