{"id":338578,"date":"2012-03-18T00:00:00","date_gmt":"2012-03-18T04:00:00","guid":{"rendered":"https:\/\/casadecampoliving.com\/semana-de-francia-after-party-de-praia-con-dj-stephane-pompougnac-en-altos-de-chavon-sabado-24-de-marzo\/"},"modified":"2022-10-21T18:46:07","modified_gmt":"2022-10-21T22:46:07","slug":"semana-de-francia-after-party-de-praia-con-dj-stephane-pompougnac-en-altos-de-chavon-sabado-24-de-marzo","status":"publish","type":"post","link":"https:\/\/casadecampoliving.com\/es\/semana-de-francia-after-party-de-praia-con-dj-stephane-pompougnac-en-altos-de-chavon-sabado-24-de-marzo\/","title":{"rendered":"\u201cSemana de Francia\u201d After Party de Praia con DJ St\u00e9phane Pompougnac en Altos de Chav\u00f3n, s\u00e1bado 24 de marzo!"},"content":{"rendered":"<div class=\"wp-block-image\">\n<figure class=\"aligncenter is-resized\"><img loading=\"lazy\" decoding=\"async\" src=\"https:\/\/i0.wp.com\/casadecampoliving.com\/wp-content\/uploads\/2022\/10\/dj_pompougnac.jpg?resize=595%2C221&amp;ssl=1\" alt=\"dj pompougnac\" class=\"wp-image-46431\" title=\"dj_pompougnac\" height=\"221\" width=\"595\"\/><\/figure>\n<\/div>\n\n\n<p class=\"has-text-align-left\">El proximo s\u00e1bado 24 de marzo, la \u201cSemana de Francia\u201d culminar\u00e1 con la primera \u201cGran Gala de la Canci\u00f3n Francesa\u201d en el anfiteatro de Altos de Chav\u00f3n, seguida por el \u201cAfter Party\u201d de Praia con St\u00e9phane&nbsp;Pompougnac, el famoso DJ de Francia!<br>\n<\/p>\n\n\n\n<!--more-->\n\n\n\n<p>El \u201cAfter Party\u201d tendr\u00e1 lugar en el estacionamiento VIP detr\u00e1s del anfiteatro de Altos de Chav\u00f3n, donde los due\u00f1os de villas, residentes y visitantes de Casa de Campo, disfrutar\u00e1n&nbsp;de m\u00fasica y baile hasta el amanecer \u2013 una fiesta que ser\u00e1 el rival de las legendarias fiestas en la playa que anualmente se celebran en Playa Minitas para el Fin de A\u00f1o y S\u00e1bado Santo.<\/p>\n\n\n\n<p><strong>After Party de Praia con DJ&nbsp;Pompougnac<\/strong><br>\n<strong>Cuando:<\/strong> S\u00e1bado marzo 24<br>\n<strong>Donde:<\/strong>&nbsp;Estacionamiento VIP, detr\u00e1s del anfiteatro de Altos de Chav\u00f3n<br>\n<strong>Costo:<\/strong> RD$2,000 incluye open bar<br>\n<strong>Entradas:<\/strong>&nbsp;De venta en el club de duenos de Casa de Campo y en la puerta<br>\n<strong>Reservaciones de mesas VIP<\/strong>:&nbsp;&nbsp;Jean Pierre Bassa,809-705-5555<\/p>\n\n\n\n<p><strong>Sobre DJ&nbsp;St\u00e9phane Pompougnac<\/strong><br>\nSt\u00e9phane Pompougnac es un DJ franc\u00e9s, y tambi\u00e9n un m\u00fasico, compositor y productor, famoso por mezclar la serie de H\u00f4tel Costes \u2013 una serie de recopilaciones de canciones de estilo downtempo.<br>\nFuente: <a href=\"http:\/\/en.wikipedia.org\/wiki\/St%C3%A9phane_Pompougnac\">wikipedia.org&nbsp;<\/a><\/p>\n\n\n\n<p><object width=\"420\" height=\"315\" classid=\"clsid:d27cdb6e-ae6d-11cf-96b8-444553540000\" codebase=\"http:\/\/download.macromedia.com\/pub\/shockwave\/cabs\/flash\/swflash.cab#version=6,0,40,0\"><param name=\"allowFullScreen\" value=\"true\"><param name=\"allowscriptaccess\" value=\"always\"><param name=\"src\" value=\"http:\/\/www.youtube.com\/v\/SOloyjRxmXI?version=3&amp;hl=en_US\"><param name=\"allowfullscreen\" value=\"true\"><\/object><\/p>\n\n\n\n<blockquote class=\"wp-block-quote is-layout-flow wp-block-quote-is-layout-flow\"><p><strong><a href=\"https:\/\/casadecampoliving.com\/es\/semana-de-francia-el-arte-de-vivir-a-la-francaise\/\">\u201cSemana de Francia\u201d: 22 \u2013 25 de marzo&nbsp;<\/a><\/strong><\/p><p>La Semana de Francia incorporar\u00e1 numerosas actividades empresariales, tecnol\u00f3gicas, culturales y gastron\u00f3micas por los distintos lugares de Casa de Campo y la excepcional villa de Altos de Chav\u00f3n, que ser\u00e1 convertida en un t\u00edpico pueblo franc\u00e9s, con tiendas y stands, as\u00ed como eventos art\u00edsticos, culturales, gastron\u00f3micos, comerciales y deportivos.<\/p><p><em><a href=\"https:\/\/casadecampoliving.com\/es\/semana-de-francia-el-arte-de-vivir-a-la-francaise\/\">Haga click aqu\u00ed para leer m\u00e1s de la Semana de Francia!&nbsp;<\/a><\/em><\/p><\/blockquote>\n","protected":false},"excerpt":{"rendered":"<p>El proximo s\u00e1bado 24 de marzo, la \u201cSemana de Francia\u201d culminar\u00e1 con la primera \u201cGran Gala de la Canci\u00f3n Francesa\u201d en el anfiteatro de Altos de Chav\u00f3n, seguida por el \u201cAfter Party\u201d de Praia con St\u00e9phane&nbsp;Pompougnac, el famoso DJ de Francia!<\/p>\n","protected":false},"author":31,"featured_media":262872,"comment_status":"closed","ping_status":"closed","sticky":false,"template":"","format":"standard","meta":{"newspack_ads_suppress_ads":false,"newspack_popups_has_disabled_popups":false,"newspack_sponsor_sponsorship_scope":"","newspack_sponsor_native_byline_display":"inherit","newspack_sponsor_native_category_display":"inherit","newspack_sponsor_underwriter_style":"inherit","newspack_sponsor_underwriter_placement":"inherit","_newspack_byline_active":false,"_newspack_byline":"","newspack_hide_updated_date":false,"newspack_show_updated_date":false,"newspack_content_restriction_is_exempt":false,"newspack_featured_image_position":"","newspack_post_subtitle":"","newspack_article_summary_title":"Overview:","newspack_article_summary":"","_jetpack_memberships_contains_paid_content":false,"footnotes":"","jetpack_publicize_message":"","jetpack_publicize_feature_enabled":true,"jetpack_social_post_already_shared":false,"jetpack_social_options":{"image_generator_settings":{"template":"highway","default_image_id":0,"font":"","enabled":false},"version":2},"_wpas_customize_per_network":false},"categories":[26819,2524,2522,14625,14627,2526],"tags":[15387,3651],"newspack_spnsrs_tax":[],"class_list":["post-338578","post","type-post","status-publish","format-standard","has-post-thumbnail","hentry","category-altos-de-chavon-es","category-destacados","category-eventos-es","category-noticias-locales","category-proximamente","category-titulares-es","tag-altos-de-chavon-es","tag-semana-de-francia-es","entry"],"yoast_head":"<!-- This site is optimized with the Yoast SEO plugin v27.5 - https:\/\/yoast.com\/product\/yoast-seo-wordpress\/ -->\n<title>\u201cSemana de Francia\u201d After Party de Praia con DJ St\u00e9phane Pompougnac en Altos de Chav\u00f3n, s\u00e1bado 24 de marzo! | Casa de Campo Living<\/title>\n<meta name=\"description\" content=\"El proximo s\u00e1bado 24 de marzo, la \u201cSemana de Francia\u201d culminar\u00e1 con la primera \u201cGran Gala de la Canci\u00f3n Francesa\u201d en el anfiteatro de Altos de Chav\u00f3n,\" \/>\n<meta name=\"robots\" content=\"index, follow, max-snippet:-1, max-image-preview:large, max-video-preview:-1\" \/>\n<link rel=\"canonical\" href=\"https:\/\/casadecampoliving.com\/es\/semana-de-francia-after-party-de-praia-con-dj-stephane-pompougnac-en-altos-de-chavon-sabado-24-de-marzo\/\" \/>\n<meta property=\"og:locale\" content=\"es_ES\" \/>\n<meta property=\"og:type\" content=\"article\" \/>\n<meta property=\"og:title\" content=\"\u201cSemana de Francia\u201d After Party de Praia con DJ St\u00e9phane Pompougnac en Altos de Chav\u00f3n, s\u00e1bado 24 de marzo! | Casa de Campo Living\" \/>\n<meta property=\"og:description\" content=\"El proximo s\u00e1bado 24 de marzo, la \u201cSemana de Francia\u201d culminar\u00e1 con la primera \u201cGran Gala de la Canci\u00f3n Francesa\u201d en el anfiteatro de Altos de Chav\u00f3n,\" \/>\n<meta property=\"og:url\" content=\"https:\/\/casadecampoliving.com\/es\/semana-de-francia-after-party-de-praia-con-dj-stephane-pompougnac-en-altos-de-chavon-sabado-24-de-marzo\/\" \/>\n<meta property=\"og:site_name\" content=\"Casa de Campo Living\" \/>\n<meta property=\"article:publisher\" content=\"https:\/\/www.facebook.com\/casadecampoliving\" \/>\n<meta property=\"article:published_time\" content=\"2012-03-18T04:00:00+00:00\" \/>\n<meta property=\"article:modified_time\" content=\"2022-10-21T22:46:07+00:00\" \/>\n<meta property=\"og:image\" content=\"https:\/\/i0.wp.com\/casadecampoliving.com\/wp-content\/uploads\/2022\/10\/dj_pompougnac-1.jpg?fit=850%2C315&ssl=1\" \/>\n\t<meta property=\"og:image:width\" content=\"850\" \/>\n\t<meta property=\"og:image:height\" content=\"315\" \/>\n\t<meta property=\"og:image:type\" content=\"image\/jpeg\" \/>\n<meta name=\"author\" content=\"Rebecca Silvestri\" \/>\n<meta name=\"twitter:card\" content=\"summary_large_image\" \/>\n<meta name=\"twitter:creator\" content=\"@cdcliving\" \/>\n<meta name=\"twitter:site\" content=\"@cdcliving\" \/>\n<meta name=\"twitter:label1\" content=\"Escrito por\" \/>\n\t<meta name=\"twitter:data1\" content=\"Rebecca Silvestri\" \/>\n\t<meta name=\"twitter:label2\" content=\"Tiempo de lectura\" \/>\n\t<meta name=\"twitter:data2\" content=\"1 minuto\" \/>\n<script type=\"application\/ld+json\" class=\"yoast-schema-graph\">{\"@context\":\"https:\\\/\\\/schema.org\",\"@graph\":[{\"@type\":\"Article\",\"@id\":\"https:\\\/\\\/casadecampoliving.com\\\/es\\\/semana-de-francia-after-party-de-praia-con-dj-stephane-pompougnac-en-altos-de-chavon-sabado-24-de-marzo\\\/#article\",\"isPartOf\":{\"@id\":\"https:\\\/\\\/casadecampoliving.com\\\/es\\\/semana-de-francia-after-party-de-praia-con-dj-stephane-pompougnac-en-altos-de-chavon-sabado-24-de-marzo\\\/\"},\"author\":{\"name\":\"Rebecca Silvestri\",\"@id\":\"https:\\\/\\\/casadecampoliving.com\\\/es\\\/#\\\/schema\\\/person\\\/2b2208f3175fa8761e25b272e096d718\"},\"headline\":\"\u201cSemana de Francia\u201d After Party de Praia con DJ St\u00e9phane Pompougnac en Altos de Chav\u00f3n, s\u00e1bado 24 de marzo!\",\"datePublished\":\"2012-03-18T04:00:00+00:00\",\"dateModified\":\"2022-10-21T22:46:07+00:00\",\"mainEntityOfPage\":{\"@id\":\"https:\\\/\\\/casadecampoliving.com\\\/es\\\/semana-de-francia-after-party-de-praia-con-dj-stephane-pompougnac-en-altos-de-chavon-sabado-24-de-marzo\\\/\"},\"wordCount\":317,\"publisher\":{\"@id\":\"https:\\\/\\\/casadecampoliving.com\\\/es\\\/#organization\"},\"image\":{\"@id\":\"https:\\\/\\\/casadecampoliving.com\\\/es\\\/semana-de-francia-after-party-de-praia-con-dj-stephane-pompougnac-en-altos-de-chavon-sabado-24-de-marzo\\\/#primaryimage\"},\"thumbnailUrl\":\"https:\\\/\\\/i0.wp.com\\\/casadecampoliving.com\\\/wp-content\\\/uploads\\\/2022\\\/10\\\/dj_pompougnac-1.jpg?fit=850%2C315&ssl=1\",\"keywords\":[\"Altos de Chavon\",\"semana de francia @es\"],\"articleSection\":[\"Altos de Chavon @es\",\"Destacados\",\"Eventos\",\"Noticias Locales\",\"Proximamente\",\"Titulares\"],\"inLanguage\":\"es\"},{\"@type\":\"WebPage\",\"@id\":\"https:\\\/\\\/casadecampoliving.com\\\/es\\\/semana-de-francia-after-party-de-praia-con-dj-stephane-pompougnac-en-altos-de-chavon-sabado-24-de-marzo\\\/\",\"url\":\"https:\\\/\\\/casadecampoliving.com\\\/es\\\/semana-de-francia-after-party-de-praia-con-dj-stephane-pompougnac-en-altos-de-chavon-sabado-24-de-marzo\\\/\",\"name\":\"\u201cSemana de Francia\u201d After Party de Praia con DJ St\u00e9phane Pompougnac en Altos de Chav\u00f3n, s\u00e1bado 24 de marzo! | Casa de Campo Living\",\"isPartOf\":{\"@id\":\"https:\\\/\\\/casadecampoliving.com\\\/es\\\/#website\"},\"primaryImageOfPage\":{\"@id\":\"https:\\\/\\\/casadecampoliving.com\\\/es\\\/semana-de-francia-after-party-de-praia-con-dj-stephane-pompougnac-en-altos-de-chavon-sabado-24-de-marzo\\\/#primaryimage\"},\"image\":{\"@id\":\"https:\\\/\\\/casadecampoliving.com\\\/es\\\/semana-de-francia-after-party-de-praia-con-dj-stephane-pompougnac-en-altos-de-chavon-sabado-24-de-marzo\\\/#primaryimage\"},\"thumbnailUrl\":\"https:\\\/\\\/i0.wp.com\\\/casadecampoliving.com\\\/wp-content\\\/uploads\\\/2022\\\/10\\\/dj_pompougnac-1.jpg?fit=850%2C315&ssl=1\",\"datePublished\":\"2012-03-18T04:00:00+00:00\",\"dateModified\":\"2022-10-21T22:46:07+00:00\",\"description\":\"El proximo s\u00e1bado 24 de marzo, la \u201cSemana de Francia\u201d culminar\u00e1 con la primera \u201cGran Gala de la Canci\u00f3n Francesa\u201d en el anfiteatro de Altos de Chav\u00f3n,\",\"breadcrumb\":{\"@id\":\"https:\\\/\\\/casadecampoliving.com\\\/es\\\/semana-de-francia-after-party-de-praia-con-dj-stephane-pompougnac-en-altos-de-chavon-sabado-24-de-marzo\\\/#breadcrumb\"},\"inLanguage\":\"es\",\"potentialAction\":[{\"@type\":\"ReadAction\",\"target\":[\"https:\\\/\\\/casadecampoliving.com\\\/es\\\/semana-de-francia-after-party-de-praia-con-dj-stephane-pompougnac-en-altos-de-chavon-sabado-24-de-marzo\\\/\"]}]},{\"@type\":\"ImageObject\",\"inLanguage\":\"es\",\"@id\":\"https:\\\/\\\/casadecampoliving.com\\\/es\\\/semana-de-francia-after-party-de-praia-con-dj-stephane-pompougnac-en-altos-de-chavon-sabado-24-de-marzo\\\/#primaryimage\",\"url\":\"https:\\\/\\\/i0.wp.com\\\/casadecampoliving.com\\\/wp-content\\\/uploads\\\/2022\\\/10\\\/dj_pompougnac-1.jpg?fit=850%2C315&ssl=1\",\"contentUrl\":\"https:\\\/\\\/i0.wp.com\\\/casadecampoliving.com\\\/wp-content\\\/uploads\\\/2022\\\/10\\\/dj_pompougnac-1.jpg?fit=850%2C315&ssl=1\",\"width\":850,\"height\":315,\"caption\":\"dj pompougnac\"},{\"@type\":\"BreadcrumbList\",\"@id\":\"https:\\\/\\\/casadecampoliving.com\\\/es\\\/semana-de-francia-after-party-de-praia-con-dj-stephane-pompougnac-en-altos-de-chavon-sabado-24-de-marzo\\\/#breadcrumb\",\"itemListElement\":[{\"@type\":\"ListItem\",\"position\":1,\"name\":\"Home\",\"item\":\"https:\\\/\\\/casadecampoliving.com\\\/es\\\/\"},{\"@type\":\"ListItem\",\"position\":2,\"name\":\"\u201cSemana de Francia\u201d After Party de Praia con DJ St\u00e9phane Pompougnac en Altos de Chav\u00f3n, s\u00e1bado 24 de marzo!\"}]},{\"@type\":\"WebSite\",\"@id\":\"https:\\\/\\\/casadecampoliving.com\\\/es\\\/#website\",\"url\":\"https:\\\/\\\/casadecampoliving.com\\\/es\\\/\",\"name\":\"Casa de Campo Living\",\"description\":\"Resort community news and resources.\",\"publisher\":{\"@id\":\"https:\\\/\\\/casadecampoliving.com\\\/es\\\/#organization\"},\"potentialAction\":[{\"@type\":\"SearchAction\",\"target\":{\"@type\":\"EntryPoint\",\"urlTemplate\":\"https:\\\/\\\/casadecampoliving.com\\\/es\\\/?s={search_term_string}\"},\"query-input\":{\"@type\":\"PropertyValueSpecification\",\"valueRequired\":true,\"valueName\":\"search_term_string\"}}],\"inLanguage\":\"es\"},{\"@type\":\"Organization\",\"@id\":\"https:\\\/\\\/casadecampoliving.com\\\/es\\\/#organization\",\"name\":\"Casa de Campo Living\",\"url\":\"https:\\\/\\\/casadecampoliving.com\\\/es\\\/\",\"logo\":{\"@type\":\"ImageObject\",\"inLanguage\":\"es\",\"@id\":\"https:\\\/\\\/casadecampoliving.com\\\/es\\\/#\\\/schema\\\/logo\\\/image\\\/\",\"url\":\"https:\\\/\\\/i0.wp.com\\\/casadecampoliving.com\\\/wp-content\\\/uploads\\\/2022\\\/07\\\/CDCLivingLogo_V1-white-sized.png?fit=800%2C214&ssl=1\",\"contentUrl\":\"https:\\\/\\\/i0.wp.com\\\/casadecampoliving.com\\\/wp-content\\\/uploads\\\/2022\\\/07\\\/CDCLivingLogo_V1-white-sized.png?fit=800%2C214&ssl=1\",\"width\":800,\"height\":214,\"caption\":\"Casa de Campo Living\"},\"image\":{\"@id\":\"https:\\\/\\\/casadecampoliving.com\\\/es\\\/#\\\/schema\\\/logo\\\/image\\\/\"},\"sameAs\":[\"https:\\\/\\\/www.facebook.com\\\/casadecampoliving\",\"https:\\\/\\\/x.com\\\/cdcliving\"]},{\"@type\":\"Person\",\"@id\":\"https:\\\/\\\/casadecampoliving.com\\\/es\\\/#\\\/schema\\\/person\\\/2b2208f3175fa8761e25b272e096d718\",\"name\":\"Rebecca Silvestri\",\"image\":{\"@type\":\"ImageObject\",\"inLanguage\":\"es\",\"@id\":\"https:\\\/\\\/secure.gravatar.com\\\/avatar\\\/2d937fd6c1769fb718dbf8dce9e82bf5f89e97bd028f9b3ea10b931dc7df95c6?s=96&d=mm&r=g\",\"url\":\"https:\\\/\\\/secure.gravatar.com\\\/avatar\\\/2d937fd6c1769fb718dbf8dce9e82bf5f89e97bd028f9b3ea10b931dc7df95c6?s=96&d=mm&r=g\",\"contentUrl\":\"https:\\\/\\\/secure.gravatar.com\\\/avatar\\\/2d937fd6c1769fb718dbf8dce9e82bf5f89e97bd028f9b3ea10b931dc7df95c6?s=96&d=mm&r=g\",\"caption\":\"Rebecca Silvestri\"},\"url\":\"https:\\\/\\\/casadecampoliving.com\\\/es\\\/author\\\/madamehuge\\\/\"}]}<\/script>\n<!-- \/ Yoast SEO plugin. -->","yoast_head_json":{"title":"\u201cSemana de Francia\u201d After Party de Praia con DJ St\u00e9phane Pompougnac en Altos de Chav\u00f3n, s\u00e1bado 24 de marzo! | Casa de Campo Living","description":"El proximo s\u00e1bado 24 de marzo, la \u201cSemana de Francia\u201d culminar\u00e1 con la primera \u201cGran Gala de la Canci\u00f3n Francesa\u201d en el anfiteatro de Altos de Chav\u00f3n,","robots":{"index":"index","follow":"follow","max-snippet":"max-snippet:-1","max-image-preview":"max-image-preview:large","max-video-preview":"max-video-preview:-1"},"canonical":"https:\/\/casadecampoliving.com\/es\/semana-de-francia-after-party-de-praia-con-dj-stephane-pompougnac-en-altos-de-chavon-sabado-24-de-marzo\/","og_locale":"es_ES","og_type":"article","og_title":"\u201cSemana de Francia\u201d After Party de Praia con DJ St\u00e9phane Pompougnac en Altos de Chav\u00f3n, s\u00e1bado 24 de marzo! | Casa de Campo Living","og_description":"El proximo s\u00e1bado 24 de marzo, la \u201cSemana de Francia\u201d culminar\u00e1 con la primera \u201cGran Gala de la Canci\u00f3n Francesa\u201d en el anfiteatro de Altos de Chav\u00f3n,","og_url":"https:\/\/casadecampoliving.com\/es\/semana-de-francia-after-party-de-praia-con-dj-stephane-pompougnac-en-altos-de-chavon-sabado-24-de-marzo\/","og_site_name":"Casa de Campo Living","article_publisher":"https:\/\/www.facebook.com\/casadecampoliving","article_published_time":"2012-03-18T04:00:00+00:00","article_modified_time":"2022-10-21T22:46:07+00:00","og_image":[{"width":850,"height":315,"url":"https:\/\/i0.wp.com\/casadecampoliving.com\/wp-content\/uploads\/2022\/10\/dj_pompougnac-1.jpg?fit=850%2C315&ssl=1","type":"image\/jpeg"}],"author":"Rebecca Silvestri","twitter_card":"summary_large_image","twitter_creator":"@cdcliving","twitter_site":"@cdcliving","twitter_misc":{"Escrito por":"Rebecca Silvestri","Tiempo de lectura":"1 minuto"},"schema":{"@context":"https:\/\/schema.org","@graph":[{"@type":"Article","@id":"https:\/\/casadecampoliving.com\/es\/semana-de-francia-after-party-de-praia-con-dj-stephane-pompougnac-en-altos-de-chavon-sabado-24-de-marzo\/#article","isPartOf":{"@id":"https:\/\/casadecampoliving.com\/es\/semana-de-francia-after-party-de-praia-con-dj-stephane-pompougnac-en-altos-de-chavon-sabado-24-de-marzo\/"},"author":{"name":"Rebecca Silvestri","@id":"https:\/\/casadecampoliving.com\/es\/#\/schema\/person\/2b2208f3175fa8761e25b272e096d718"},"headline":"\u201cSemana de Francia\u201d After Party de Praia con DJ St\u00e9phane Pompougnac en Altos de Chav\u00f3n, s\u00e1bado 24 de marzo!","datePublished":"2012-03-18T04:00:00+00:00","dateModified":"2022-10-21T22:46:07+00:00","mainEntityOfPage":{"@id":"https:\/\/casadecampoliving.com\/es\/semana-de-francia-after-party-de-praia-con-dj-stephane-pompougnac-en-altos-de-chavon-sabado-24-de-marzo\/"},"wordCount":317,"publisher":{"@id":"https:\/\/casadecampoliving.com\/es\/#organization"},"image":{"@id":"https:\/\/casadecampoliving.com\/es\/semana-de-francia-after-party-de-praia-con-dj-stephane-pompougnac-en-altos-de-chavon-sabado-24-de-marzo\/#primaryimage"},"thumbnailUrl":"https:\/\/i0.wp.com\/casadecampoliving.com\/wp-content\/uploads\/2022\/10\/dj_pompougnac-1.jpg?fit=850%2C315&ssl=1","keywords":["Altos de Chavon","semana de francia @es"],"articleSection":["Altos de Chavon @es","Destacados","Eventos","Noticias Locales","Proximamente","Titulares"],"inLanguage":"es"},{"@type":"WebPage","@id":"https:\/\/casadecampoliving.com\/es\/semana-de-francia-after-party-de-praia-con-dj-stephane-pompougnac-en-altos-de-chavon-sabado-24-de-marzo\/","url":"https:\/\/casadecampoliving.com\/es\/semana-de-francia-after-party-de-praia-con-dj-stephane-pompougnac-en-altos-de-chavon-sabado-24-de-marzo\/","name":"\u201cSemana de Francia\u201d After Party de Praia con DJ St\u00e9phane Pompougnac en Altos de Chav\u00f3n, s\u00e1bado 24 de marzo! | Casa de Campo Living","isPartOf":{"@id":"https:\/\/casadecampoliving.com\/es\/#website"},"primaryImageOfPage":{"@id":"https:\/\/casadecampoliving.com\/es\/semana-de-francia-after-party-de-praia-con-dj-stephane-pompougnac-en-altos-de-chavon-sabado-24-de-marzo\/#primaryimage"},"image":{"@id":"https:\/\/casadecampoliving.com\/es\/semana-de-francia-after-party-de-praia-con-dj-stephane-pompougnac-en-altos-de-chavon-sabado-24-de-marzo\/#primaryimage"},"thumbnailUrl":"https:\/\/i0.wp.com\/casadecampoliving.com\/wp-content\/uploads\/2022\/10\/dj_pompougnac-1.jpg?fit=850%2C315&ssl=1","datePublished":"2012-03-18T04:00:00+00:00","dateModified":"2022-10-21T22:46:07+00:00","description":"El proximo s\u00e1bado 24 de marzo, la \u201cSemana de Francia\u201d culminar\u00e1 con la primera \u201cGran Gala de la Canci\u00f3n Francesa\u201d en el anfiteatro de Altos de Chav\u00f3n,","breadcrumb":{"@id":"https:\/\/casadecampoliving.com\/es\/semana-de-francia-after-party-de-praia-con-dj-stephane-pompougnac-en-altos-de-chavon-sabado-24-de-marzo\/#breadcrumb"},"inLanguage":"es","potentialAction":[{"@type":"ReadAction","target":["https:\/\/casadecampoliving.com\/es\/semana-de-francia-after-party-de-praia-con-dj-stephane-pompougnac-en-altos-de-chavon-sabado-24-de-marzo\/"]}]},{"@type":"ImageObject","inLanguage":"es","@id":"https:\/\/casadecampoliving.com\/es\/semana-de-francia-after-party-de-praia-con-dj-stephane-pompougnac-en-altos-de-chavon-sabado-24-de-marzo\/#primaryimage","url":"https:\/\/i0.wp.com\/casadecampoliving.com\/wp-content\/uploads\/2022\/10\/dj_pompougnac-1.jpg?fit=850%2C315&ssl=1","contentUrl":"https:\/\/i0.wp.com\/casadecampoliving.com\/wp-content\/uploads\/2022\/10\/dj_pompougnac-1.jpg?fit=850%2C315&ssl=1","width":850,"height":315,"caption":"dj pompougnac"},{"@type":"BreadcrumbList","@id":"https:\/\/casadecampoliving.com\/es\/semana-de-francia-after-party-de-praia-con-dj-stephane-pompougnac-en-altos-de-chavon-sabado-24-de-marzo\/#breadcrumb","itemListElement":[{"@type":"ListItem","position":1,"name":"Home","item":"https:\/\/casadecampoliving.com\/es\/"},{"@type":"ListItem","position":2,"name":"\u201cSemana de Francia\u201d After Party de Praia con DJ St\u00e9phane Pompougnac en Altos de Chav\u00f3n, s\u00e1bado 24 de marzo!"}]},{"@type":"WebSite","@id":"https:\/\/casadecampoliving.com\/es\/#website","url":"https:\/\/casadecampoliving.com\/es\/","name":"Casa de Campo Living","description":"Resort community news and resources.","publisher":{"@id":"https:\/\/casadecampoliving.com\/es\/#organization"},"potentialAction":[{"@type":"SearchAction","target":{"@type":"EntryPoint","urlTemplate":"https:\/\/casadecampoliving.com\/es\/?s={search_term_string}"},"query-input":{"@type":"PropertyValueSpecification","valueRequired":true,"valueName":"search_term_string"}}],"inLanguage":"es"},{"@type":"Organization","@id":"https:\/\/casadecampoliving.com\/es\/#organization","name":"Casa de Campo Living","url":"https:\/\/casadecampoliving.com\/es\/","logo":{"@type":"ImageObject","inLanguage":"es","@id":"https:\/\/casadecampoliving.com\/es\/#\/schema\/logo\/image\/","url":"https:\/\/i0.wp.com\/casadecampoliving.com\/wp-content\/uploads\/2022\/07\/CDCLivingLogo_V1-white-sized.png?fit=800%2C214&ssl=1","contentUrl":"https:\/\/i0.wp.com\/casadecampoliving.com\/wp-content\/uploads\/2022\/07\/CDCLivingLogo_V1-white-sized.png?fit=800%2C214&ssl=1","width":800,"height":214,"caption":"Casa de Campo Living"},"image":{"@id":"https:\/\/casadecampoliving.com\/es\/#\/schema\/logo\/image\/"},"sameAs":["https:\/\/www.facebook.com\/casadecampoliving","https:\/\/x.com\/cdcliving"]},{"@type":"Person","@id":"https:\/\/casadecampoliving.com\/es\/#\/schema\/person\/2b2208f3175fa8761e25b272e096d718","name":"Rebecca Silvestri","image":{"@type":"ImageObject","inLanguage":"es","@id":"https:\/\/secure.gravatar.com\/avatar\/2d937fd6c1769fb718dbf8dce9e82bf5f89e97bd028f9b3ea10b931dc7df95c6?s=96&d=mm&r=g","url":"https:\/\/secure.gravatar.com\/avatar\/2d937fd6c1769fb718dbf8dce9e82bf5f89e97bd028f9b3ea10b931dc7df95c6?s=96&d=mm&r=g","contentUrl":"https:\/\/secure.gravatar.com\/avatar\/2d937fd6c1769fb718dbf8dce9e82bf5f89e97bd028f9b3ea10b931dc7df95c6?s=96&d=mm&r=g","caption":"Rebecca Silvestri"},"url":"https:\/\/casadecampoliving.com\/es\/author\/madamehuge\/"}]}},"parsely":{"version":"1.1.0","canonical_url":"https:\/\/casadecampoliving.com\/es\/semana-de-francia-after-party-de-praia-con-dj-stephane-pompougnac-en-altos-de-chavon-sabado-24-de-marzo\/","smart_links":{"inbound":0,"outbound":0},"traffic_boost_suggestions_count":0,"meta":{"@context":"https:\/\/schema.org","@type":"NewsArticle","headline":"\u201cSemana de Francia\u201d After Party de Praia con DJ St\u00e9phane Pompougnac en Altos de Chav\u00f3n, s\u00e1bado 24 de marzo!","url":"http:\/\/casadecampoliving.com\/es\/semana-de-francia-after-party-de-praia-con-dj-stephane-pompougnac-en-altos-de-chavon-sabado-24-de-marzo\/","mainEntityOfPage":{"@type":"WebPage","@id":"http:\/\/casadecampoliving.com\/es\/semana-de-francia-after-party-de-praia-con-dj-stephane-pompougnac-en-altos-de-chavon-sabado-24-de-marzo\/"},"thumbnailUrl":"https:\/\/i0.wp.com\/casadecampoliving.com\/wp-content\/uploads\/2022\/10\/dj_pompougnac-1.jpg?resize=150%2C150&ssl=1","image":{"@type":"ImageObject","url":"https:\/\/i0.wp.com\/casadecampoliving.com\/wp-content\/uploads\/2022\/10\/dj_pompougnac-1.jpg?fit=850%2C315&ssl=1"},"articleSection":"Altos de Chavon @es","author":[{"@type":"Person","name":"Rebecca Silvestri"}],"creator":["Rebecca Silvestri"],"publisher":{"@type":"Organization","name":"Casa de Campo Living","logo":"https:\/\/casadecampoliving.com\/wp-content\/uploads\/2022\/07\/CDCLivingLogo_V1-white-sized.png"},"keywords":["altos de chavon","semana de francia @es"],"dateCreated":"2012-03-18T04:00:00Z","datePublished":"2012-03-18T04:00:00Z","dateModified":"2022-10-21T22:46:07Z"},"rendered":"<script type=\"application\/ld+json\" class=\"wp-parsely-metadata\">{\"@context\":\"https:\\\/\\\/schema.org\",\"@type\":\"NewsArticle\",\"headline\":\"\\u201cSemana de Francia\\u201d After Party de Praia con DJ St\\u00e9phane Pompougnac en Altos de Chav\\u00f3n, s\\u00e1bado 24 de marzo!\",\"url\":\"http:\\\/\\\/casadecampoliving.com\\\/es\\\/semana-de-francia-after-party-de-praia-con-dj-stephane-pompougnac-en-altos-de-chavon-sabado-24-de-marzo\\\/\",\"mainEntityOfPage\":{\"@type\":\"WebPage\",\"@id\":\"http:\\\/\\\/casadecampoliving.com\\\/es\\\/semana-de-francia-after-party-de-praia-con-dj-stephane-pompougnac-en-altos-de-chavon-sabado-24-de-marzo\\\/\"},\"thumbnailUrl\":\"https:\\\/\\\/i0.wp.com\\\/casadecampoliving.com\\\/wp-content\\\/uploads\\\/2022\\\/10\\\/dj_pompougnac-1.jpg?resize=150%2C150&ssl=1\",\"image\":{\"@type\":\"ImageObject\",\"url\":\"https:\\\/\\\/i0.wp.com\\\/casadecampoliving.com\\\/wp-content\\\/uploads\\\/2022\\\/10\\\/dj_pompougnac-1.jpg?fit=850%2C315&ssl=1\"},\"articleSection\":\"Altos de Chavon @es\",\"author\":[{\"@type\":\"Person\",\"name\":\"Rebecca Silvestri\"}],\"creator\":[\"Rebecca Silvestri\"],\"publisher\":{\"@type\":\"Organization\",\"name\":\"Casa de Campo Living\",\"logo\":\"https:\\\/\\\/casadecampoliving.com\\\/wp-content\\\/uploads\\\/2022\\\/07\\\/CDCLivingLogo_V1-white-sized.png\"},\"keywords\":[\"altos de chavon\",\"semana de francia @es\"],\"dateCreated\":\"2012-03-18T04:00:00Z\",\"datePublished\":\"2012-03-18T04:00:00Z\",\"dateModified\":\"2022-10-21T22:46:07Z\"}<\/script>","tracker_url":"https:\/\/cdn.parsely.com\/keys\/casadecampoliving.com\/p.js"},"jetpack_publicize_connections":[],"jetpack_featured_media_url":"https:\/\/i0.wp.com\/casadecampoliving.com\/wp-content\/uploads\/2022\/10\/dj_pompougnac-1.jpg?fit=850%2C315&ssl=1","jetpack-related-posts":[{"id":321117,"url":"https:\/\/casadecampoliving.com\/semana-de-francia-after-party-by-praia-with-dj-stephane-pompougnac-in-altos-de-chavon-saturday-march-24th\/","url_meta":{"origin":338578,"position":0},"title":"\u00abSemana de Francia\u00bb After Party by Praia with DJ St\u00e9phane Pompougnac in Altos de Chav\u00f3n, Saturday March 24th","author":"Rebecca Silvestri","date":"18 Mar, 2012","format":false,"excerpt":"On Saturday the 24th of March 2012, the \u201cSemana de Francia\u201d 4 day business, technological, cultural and gastronomic event will reach a peak with first the \u201cGran Gala de\u00a0la Canci\u00f3n Francesa\u201d in the Altos de Chav\u00f3n amphitheater, followed by the After Party by Praia with the world famous DJ Pompougnac!\u2026","rel":"","context":"En \u00abAltos de Chavon\u00bb","block_context":{"text":"Altos de Chavon","link":"https:\/\/casadecampoliving.com\/category\/altos-de-chavon\/"},"img":{"alt_text":"dj pompougnac","src":"https:\/\/i0.wp.com\/casadecampoliving.com\/wp-content\/uploads\/2022\/10\/dj_pompougnac-1.jpg?fit=850%2C315&ssl=1&resize=350%2C200","width":350,"height":200,"srcset":"https:\/\/i0.wp.com\/casadecampoliving.com\/wp-content\/uploads\/2022\/10\/dj_pompougnac-1.jpg?fit=850%2C315&ssl=1&resize=350%2C200 1x, https:\/\/i0.wp.com\/casadecampoliving.com\/wp-content\/uploads\/2022\/10\/dj_pompougnac-1.jpg?fit=850%2C315&ssl=1&resize=525%2C300 1.5x, https:\/\/i0.wp.com\/casadecampoliving.com\/wp-content\/uploads\/2022\/10\/dj_pompougnac-1.jpg?fit=850%2C315&ssl=1&resize=700%2C400 2x"},"classes":[]},{"id":338588,"url":"https:\/\/casadecampoliving.com\/es\/altos-de-chavon-se-convertira-en-un-petit-village-francais-22-al-25-de-marzo\/","url_meta":{"origin":338578,"position":1},"title":"Altos de Chav\u00f3n se convertir\u00e1 en un \u00abpetit village fran\u00e7ais\u00bb, 22 al 25 de marzo!","author":"","date":"20 Mar, 2012","format":false,"excerpt":"Como parte de las celebraciones de la \u201cSemana de Francia\u201d, desde este jueves 22 al domingo 25 de marzo, la tranquila zona de Altos de Chav\u00f3n ser\u00e1 convertido en un \u201cpetit village fran\u00e7ais\u201d con actividades gastron\u00f3micas, art\u00edsticas y tecnol\u00f3gicas,\u00a0animadas por artistas que recorrer\u00e1n sus calles, adem\u00e1s de la exhibici\u00f3n de\u2026","rel":"","context":"En \u00abAltos de Chavon @es\u00bb","block_context":{"text":"Altos de Chavon @es","link":"https:\/\/casadecampoliving.com\/category\/altos-de-chavon-es\/"},"img":{"alt_text":"altos de chavon francia","src":"https:\/\/i0.wp.com\/casadecampoliving.com\/wp-content\/uploads\/2022\/10\/altos_de_chavon_francia-1.jpg?fit=650%2C408&ssl=1&resize=350%2C200","width":350,"height":200,"srcset":"https:\/\/i0.wp.com\/casadecampoliving.com\/wp-content\/uploads\/2022\/10\/altos_de_chavon_francia-1.jpg?fit=650%2C408&ssl=1&resize=350%2C200 1x, https:\/\/i0.wp.com\/casadecampoliving.com\/wp-content\/uploads\/2022\/10\/altos_de_chavon_francia-1.jpg?fit=650%2C408&ssl=1&resize=525%2C300 1.5x"},"classes":[]},{"id":433460,"url":"https:\/\/casadecampoliving.com\/es\/no-se-pierdan-el-increible-tributo-a-frank-sinatra-para-celebrar-el-40-aniversario-del-anfiteatro-altos-de-chavon\/","url_meta":{"origin":338578,"position":2},"title":"No se pierdan el incre\u00edble tributo a Frank Sinatra para celebrar el 40 aniversario del\u00a0Anfiteatro Altos de Chav\u00f3n","author":"Casa de Campo Living","date":"20 Oct, 2022","format":false,"excerpt":"Siendo uno de los escenarios m\u00e1s emblem\u00e1ticos del pa\u00eds, Casa de Campo Resort\u00ae & Villas celebra las cuatro d\u00e9cadas de aniversario de Altos de Chav\u00f3n con un tributo al gran Frank Sinatra, protagonizado por artistas invitados y una big band tal cual la que acompa\u00f1\u00f3 al artista hace 40 a\u00f1os\u2026","rel":"","context":"En \u00abUncategorized @es\u00bb","block_context":{"text":"Uncategorized @es","link":"https:\/\/casadecampoliving.com\/es\/category\/uncategorized-es\/"},"img":{"alt_text":"","src":"https:\/\/i0.wp.com\/casadecampoliving.com\/wp-content\/uploads\/2022\/10\/Tributo-Frank-Sinatra-Foto-Principal-Amaury-Sanchez-Danilo-Ginebra-Andres-Pichardo-y-Jose-Gabriel-Perez-.jpg?fit=1200%2C873&ssl=1&resize=350%2C200","width":350,"height":200,"srcset":"https:\/\/i0.wp.com\/casadecampoliving.com\/wp-content\/uploads\/2022\/10\/Tributo-Frank-Sinatra-Foto-Principal-Amaury-Sanchez-Danilo-Ginebra-Andres-Pichardo-y-Jose-Gabriel-Perez-.jpg?fit=1200%2C873&ssl=1&resize=350%2C200 1x, https:\/\/i0.wp.com\/casadecampoliving.com\/wp-content\/uploads\/2022\/10\/Tributo-Frank-Sinatra-Foto-Principal-Amaury-Sanchez-Danilo-Ginebra-Andres-Pichardo-y-Jose-Gabriel-Perez-.jpg?fit=1200%2C873&ssl=1&resize=525%2C300 1.5x, https:\/\/i0.wp.com\/casadecampoliving.com\/wp-content\/uploads\/2022\/10\/Tributo-Frank-Sinatra-Foto-Principal-Amaury-Sanchez-Danilo-Ginebra-Andres-Pichardo-y-Jose-Gabriel-Perez-.jpg?fit=1200%2C873&ssl=1&resize=700%2C400 2x, https:\/\/i0.wp.com\/casadecampoliving.com\/wp-content\/uploads\/2022\/10\/Tributo-Frank-Sinatra-Foto-Principal-Amaury-Sanchez-Danilo-Ginebra-Andres-Pichardo-y-Jose-Gabriel-Perez-.jpg?fit=1200%2C873&ssl=1&resize=1050%2C600 3x"},"classes":[]},{"id":338636,"url":"https:\/\/casadecampoliving.com\/es\/formidable-la-primera-semana-de-francia-en-casa-de-campo-una-extraordinarai-celebracion-de-comercio-cultura-y-gastronomia\/","url_meta":{"origin":338578,"position":3},"title":"Formidable! La primera Semana de Francia en Casa de Campo: Una extraordinarai celebraci\u00f3n de comercio, cultura y gastronom\u00eda!","author":"","date":"26 Mar, 2012","format":false,"excerpt":"La primera Semana de Francia organizada por la C\u00e1mara de Comercio Dominico-Francesa y Casa de Campo, con el apoyo de la Embajada de Francia fue formidable \u2013 un fantastique evento de cuatro d\u00edas de celebraci\u00f3n de actividades franco-dominicana en torno a la cultura, comercio y gastronom\u00eda, incluido tambi\u00e9n, el primer\u2026","rel":"","context":"En \u00abAltos de Chavon @es\u00bb","block_context":{"text":"Altos de Chavon @es","link":"https:\/\/casadecampoliving.com\/category\/altos-de-chavon-es\/"},"img":{"alt_text":"semana de francia altos de chavon","src":"https:\/\/i0.wp.com\/casadecampoliving.com\/wp-content\/uploads\/2022\/10\/semana_de_francia_altos_de_chavon6-1.jpg?fit=650%2C400&ssl=1&resize=350%2C200","width":350,"height":200,"srcset":"https:\/\/i0.wp.com\/casadecampoliving.com\/wp-content\/uploads\/2022\/10\/semana_de_francia_altos_de_chavon6-1.jpg?fit=650%2C400&ssl=1&resize=350%2C200 1x, https:\/\/i0.wp.com\/casadecampoliving.com\/wp-content\/uploads\/2022\/10\/semana_de_francia_altos_de_chavon6-1.jpg?fit=650%2C400&ssl=1&resize=525%2C300 1.5x"},"classes":[]},{"id":321152,"url":"https:\/\/casadecampoliving.com\/formidable-the-1st-semana-de-francia-in-casa-de-campo-a-super-celebration-of-culture-cuisine-and-commerce\/","url_meta":{"origin":338578,"position":4},"title":"Formidable! The 1st \u00abSemana de Francia\u00bb in Casa de Campo &#8211; a super celebration of culture, cuisine and commerce!","author":"Rebecca Silvestri","date":"26 Mar, 2012","format":false,"excerpt":"The 1st annual \u201cSemana de Francia\u201d organized by the French-Dominican Chamber of Commerce and Casa de Campo with the support of the French Embassy in the Dominican Republic was formidable \u2013 a fantastique 4-day French-Dominican celebration of culture, cuisine and commerce, which included the\u00a01st French-Dominican business forum with the participation\u2026","rel":"","context":"En \u00abAltos de Chavon\u00bb","block_context":{"text":"Altos de Chavon","link":"https:\/\/casadecampoliving.com\/category\/altos-de-chavon\/"},"img":{"alt_text":"semana de francia altos de chavon","src":"https:\/\/i0.wp.com\/casadecampoliving.com\/wp-content\/uploads\/2022\/10\/semana_de_francia_altos_de_chavon6-1.jpg?fit=650%2C400&ssl=1&resize=350%2C200","width":350,"height":200,"srcset":"https:\/\/i0.wp.com\/casadecampoliving.com\/wp-content\/uploads\/2022\/10\/semana_de_francia_altos_de_chavon6-1.jpg?fit=650%2C400&ssl=1&resize=350%2C200 1x, https:\/\/i0.wp.com\/casadecampoliving.com\/wp-content\/uploads\/2022\/10\/semana_de_francia_altos_de_chavon6-1.jpg?fit=650%2C400&ssl=1&resize=525%2C300 1.5x"},"classes":[]},{"id":338825,"url":"https:\/\/casadecampoliving.com\/es\/domaine-de-barbossi-vence-al-equipo-de-casa-de-campo-en-la-copa-polo-claude-terrail\/","url_meta":{"origin":338578,"position":5},"title":"Domaine de Barbossi vence al equipo de Casa de Campo en la \u00abCopa Polo Claude Terrail\u00bb!","author":"","date":"30 Abr, 2012","format":false,"excerpt":"Durante la primera Semana de Francia, celebrada en Casa de Campo, del 22 al 25 de marzo de 2012, el primer torneo de polo \"Claude Terrail\", fue jugado entre los equipos de Casa de Campo y los invitados \"Domain du Barbossi\" (vi\u00f1edo y complejo similar a Casa de Campo en\u2026","rel":"","context":"En \u00abEvents and Activities\u00bb","block_context":{"text":"Events and Activities","link":"https:\/\/casadecampoliving.com\/category\/events-and-activities\/"},"img":{"alt_text":"casa de campo polo","src":"https:\/\/i0.wp.com\/casadecampoliving.com\/wp-content\/uploads\/2022\/10\/casa_de_campo_polo8-1.jpg?fit=650%2C365&ssl=1&resize=350%2C200","width":350,"height":200,"srcset":"https:\/\/i0.wp.com\/casadecampoliving.com\/wp-content\/uploads\/2022\/10\/casa_de_campo_polo8-1.jpg?fit=650%2C365&ssl=1&resize=350%2C200 1x, https:\/\/i0.wp.com\/casadecampoliving.com\/wp-content\/uploads\/2022\/10\/casa_de_campo_polo8-1.jpg?fit=650%2C365&ssl=1&resize=525%2C300 1.5x"},"classes":[]}],"jetpack_sharing_enabled":true,"_links":{"self":[{"href":"https:\/\/casadecampoliving.com\/es\/wp-json\/wp\/v2\/posts\/338578","targetHints":{"allow":["GET"]}}],"collection":[{"href":"https:\/\/casadecampoliving.com\/es\/wp-json\/wp\/v2\/posts"}],"about":[{"href":"https:\/\/casadecampoliving.com\/es\/wp-json\/wp\/v2\/types\/post"}],"author":[{"embeddable":true,"href":"https:\/\/casadecampoliving.com\/es\/wp-json\/wp\/v2\/users\/31"}],"replies":[{"embeddable":true,"href":"https:\/\/casadecampoliving.com\/es\/wp-json\/wp\/v2\/comments?post=338578"}],"version-history":[{"count":1,"href":"https:\/\/casadecampoliving.com\/es\/wp-json\/wp\/v2\/posts\/338578\/revisions"}],"predecessor-version":[{"id":338579,"href":"https:\/\/casadecampoliving.com\/es\/wp-json\/wp\/v2\/posts\/338578\/revisions\/338579"}],"wp:featuredmedia":[{"embeddable":true,"href":"https:\/\/casadecampoliving.com\/es\/wp-json\/wp\/v2\/media\/262872"}],"wp:attachment":[{"href":"https:\/\/casadecampoliving.com\/es\/wp-json\/wp\/v2\/media?parent=338578"}],"wp:term":[{"taxonomy":"category","embeddable":true,"href":"https:\/\/casadecampoliving.com\/es\/wp-json\/wp\/v2\/categories?post=338578"},{"taxonomy":"post_tag","embeddable":true,"href":"https:\/\/casadecampoliving.com\/es\/wp-json\/wp\/v2\/tags?post=338578"},{"taxonomy":"newspack_spnsrs_tax","embeddable":true,"href":"https:\/\/casadecampoliving.com\/es\/wp-json\/wp\/v2\/newspack_spnsrs_tax?post=338578"}],"curies":[{"name":"wp","href":"https:\/\/api.w.org\/{rel}","templated":true}]}}