{"id":338574,"date":"2012-03-19T00:00:00","date_gmt":"2012-03-19T04:00:00","guid":{"rendered":"https:\/\/casadecampoliving.com\/cena-gala-con-el-famoso-vino-%c2%a8chateau-haut-brion-y-gregory-pugin-chef-ejecutivo-de-le-cirque-las-vegas-viernes-23-de-marzo\/"},"modified":"2022-10-21T18:45:51","modified_gmt":"2022-10-21T22:45:51","slug":"cena-gala-con-el-famoso-vino-%c2%a8chateau-haut-brion-y-gregory-pugin-chef-ejecutivo-de-le-cirque-las-vegas-viernes-23-de-marzo","status":"publish","type":"post","link":"https:\/\/casadecampoliving.com\/es\/cena-gala-con-el-famoso-vino-%c2%a8chateau-haut-brion-y-gregory-pugin-chef-ejecutivo-de-le-cirque-las-vegas-viernes-23-de-marzo\/","title":{"rendered":"Cena Gala con el famoso vino \u00a8Chateau Haut-Brion\u00bb y Gr\u00e9gory Pugin chef ejecutivo de Le Cirque Las Vegas, viernes 23 de marzo!"},"content":{"rendered":"<div class=\"wp-block-image\">\n<figure class=\"aligncenter is-resized\"><img loading=\"lazy\" decoding=\"async\" src=\"https:\/\/i0.wp.com\/casadecampoliving.com\/wp-content\/uploads\/2022\/10\/semana_de_francia_casa_de_campo.jpg?resize=650%2C400&amp;ssl=1\" alt=\"semana de francia casa de campo\" class=\"wp-image-46627\" title=\"semana_de_francia_casa_de_campo\" height=\"400\" width=\"650\"\/><\/figure>\n<\/div>\n\n\n<p>El proximo viernes 23 de marzo, la \u201cSemana de Francia\u201d llegar\u00e1 a niveles gatron\u00f3micos extraordinarios en la&nbsp;cena de gala&nbsp;<strong id=\"internal-source-marker_0.46577370376326144\">\u201cSabores Exquisitos de Francia\u201d<\/strong>, con la cr\u00e8me de la cr\u00e8me de los vinos franceses, el famoso \u00a8Ch\u00e2teau Haut-Brion\u00a8 y preparado por los chefs distinguidos de Le Cirque Las Vegas y \u201cLe Domaine de Barbossi\u201d en Francia.<\/p>\n\n\n\n<!--more-->\n\n\n\n<blockquote class=\"wp-block-quote is-layout-flow wp-block-quote-is-layout-flow\"><p><strong><strong id=\"internal-source-marker_0.46577370376326144\">\u201cSabores Exquisitos de Francia\u201d Cena de<\/strong>&nbsp;Gala<br>\nCu\u00e1ndo:<\/strong> 8:30pm<br>\n<strong>D\u00f3nde:<\/strong> Beach Club by Le Cirque, Playa Minitas, Casa de Campo<br>\n<strong>Costo:<\/strong> US$300<br>\n<strong>Reservaciones:<\/strong> 809-523-3165 \u2013 espacios limitados.<\/p><\/blockquote>\n\n\n<div class=\"wp-block-image\">\n<figure class=\"alignright is-resized\"><img loading=\"lazy\" decoding=\"async\" src=\"https:\/\/i0.wp.com\/casadecampoliving.com\/wp-content\/uploads\/2022\/10\/chateau_haut_brion.jpg?resize=200%2C206&amp;ssl=1\" alt=\"chateau haut-brion\" class=\"wp-image-46638\" title=\"chateau_haut_brion\" height=\"206\" width=\"200\"\/><\/figure>\n<\/div>\n\n\n<p>Con la participaci\u00f3n de Clarence Dillon Wines, de la regi\u00f3n de Gironde de Francia, cuyo presidente es el Pr\u00edncipe Roberto de Luxemburgo, los hu\u00e9spedes de este muy especial cena de gala podr\u00e1n disfrutar de una&nbsp;degustaci\u00f3n&nbsp;de vinos dirigido por el sumiller experto Franck Thomas, de \u201cLe Domaine de Barbossi\u201d y con la excepcional \u00a8Ch\u00e2teau Haut-Brion\u201d, clasificado como \u200b\u200bun vino \u201cGran Premier Cru Class\u00e9\u201d , considerado como la cr\u00e8me de la cr\u00e8me de los vinos de Bordeaux con una caja valorada en m\u00e1s de &nbsp;USD $ 3000.<\/p>\n\n\n\n<blockquote><figure><img decoding=\"async\" loading=\"lazy\" class=\"wp-image-46633 alignleft\" style=\"margin-left: 15px; margin-right: 15px;\" title=\"prince_robert_luxemburg\" src=\"https:\/\/i0.wp.com\/casadecampoliving.com\/wp-content\/uploads\/2022\/10\/prince_robert_luxemburg.jpg?resize=115%2C188&amp;ssl=1\" alt=\"prince robert of luxemburg\" width=\"115\" height=\"188\"><\/figure><p><em>\u201cPuede ser vista como la primera y m\u00e1s antigua marca de lujo del mundo\u201d<\/em><\/p><p>\u2014\u2013 Pr\u00edncipe Robert, Pr\u00edncipe de Luxemburgo<\/p><p>Presidente de Domaine Clarence Dillon, vi\u00f1edo que ha producido este fabuloso vino Ch\u00e2teau Haut-Brion desde el siglo XVII.<\/p><\/blockquote>\n\n\n\n<p>La cena ser\u00e1 preparada por &nbsp;Gr\u00e9gory Pugin,&nbsp;chef ejecutivo de Le Cirque Las Vegas, aclamado como el \u201cMejor Chef del A\u00f1o\u201d por la edici\u00f3n 2011 de la revista \u00a8Desert Companion, Las Vegas \u00a8, con una pasi\u00f3n por la creaci\u00f3n de platos cl\u00e1sicos franceses y experiencia trabajando con \u201cel Chef del Siglo de Francia\u201d, Jo\u00ebl Robuchon. Durante la \u201cSemana de Francia\u201d Gr\u00e9gory Pugin trabajar\u00e1 con sous-chef, Michael Galata de Le Cirque de Nueva York, quien&nbsp;cre\u00f3&nbsp;el men\u00fa nuevo del restaurante The Beach Club by Le Cirque en Casa de Campo en julio de 2011 (<a href=\"https:\/\/casadecampoliving.com\/es\/2011\/07\/degustacion-del-nuevo-menu-en-le-cirque-2\/ cre\u00f3 \">haga clic aqu\u00ed para &nbsp;informaci\u00f3n<\/a>). Tambi\u00e9n en la cocina, estar\u00e1n los chefs de \u201cLe Domaine de Barbossi\u201d en Francia; Remi Robert y chef de&nbsp;pasteler\u00eda, Eric Bonneau.<\/p>\n\n\n<div class=\"wp-block-image\">\n<figure class=\"aligncenter is-resized\"><img loading=\"lazy\" decoding=\"async\" src=\"https:\/\/i0.wp.com\/casadecampoliving.com\/wp-content\/uploads\/2022\/10\/semana_de_francia_cena_gala.jpg?resize=650%2C1527&amp;ssl=1\" alt=\"semana de francia cena gala\" class=\"wp-image-46712\" title=\"semana_de_francia_cena_gala\" height=\"1527\" width=\"650\"\/><\/figure>\n<\/div>\n\n\n<p>Adem\u00e1s de los vinos finos y comida francesa, que sin duda ser\u00e1n las principales atracciones en esta magn\u00edfica cena, entretenimiento estar\u00e1 a cargo del grupo de jazz franc\u00e9s \u201cSexteto de Bony &amp; Co.\u201d<br>\n<\/p>\n\n\n\n<blockquote class=\"wp-block-quote is-layout-flow wp-block-quote-is-layout-flow\"><p><strong>Sobre Clarence Dillon Wines<\/strong><\/p><p>Domaine Clarence Dillon SAS (Clarence Dillon Wines) es una empresa francesa que tiene dos bodegas de Burdeos, Ch\u00e2teau Haut-Brion y Ch\u00e2teau La Mission Haut-Brion, produciendo los famosos vinos de Ch\u00e2teau Haut-Brion, clasificado como \u201cPremier Grand Cru Class\u00e9\u201d&nbsp;<strong><br>\n<\/strong><\/p><p>M\u00e1s info aqu\u00ed: <a href=\"http:\/\/www.clarendelle.com\/prehome.php?l=\">www.clarendelle.com<\/a><strong><br>\n<\/strong><\/p><\/blockquote>\n\n\n\n<blockquote class=\"wp-block-quote is-layout-flow wp-block-quote-is-layout-flow\"><p><strong><strong>Sobre<\/strong>&nbsp;\u201cLe Domaine de Barbossi\u201d<\/strong><\/p><p><strong>\u201cLe Domaine de Barbossi\u201d <\/strong>es&nbsp;un vi\u00f1edo y finca agr\u00edcola que produce unos de los mejores vinos del mundo, as\u00ed como el aceite de oliva y miel. Las variedades de uva cultivadas en el \u201cDomaine de Barbossi\u201d son tradicionales: Cinsault, Garnacha, Syrah y Cari\u00f1ena.<\/p><p>M\u00e1s info aqu\u00ed: <a href=\"http:\/\/www.ddeb.fr\/anglais\/a-propos-2\/\">www.ddeb.fr<\/a><\/p><\/blockquote>\n\n\n\n<blockquote class=\"wp-block-quote is-layout-flow wp-block-quote-is-layout-flow\"><p><strong><a href=\"https:\/\/casadecampoliving.com\/es\/semana-de-francia-el-arte-de-vivir-a-la-francaise\/\">\u201cSemana de Francia\u201d: 22 \u2013 25 de marzo&nbsp;<\/a><\/strong><\/p><p>La Semana de Francia incorporar\u00e1 numerosas actividades empresariales, tecnol\u00f3gicas, culturales y gastron\u00f3micas por los distintos lugares de Casa de Campo y la excepcional villa de Altos de Chav\u00f3n, que ser\u00e1 convertida en un t\u00edpico pueblo franc\u00e9s, con tiendas y stands, as\u00ed como eventos art\u00edsticos, culturales, gastron\u00f3micos, comerciales y deportivos.<\/p><p><em><a href=\"https:\/\/casadecampoliving.com\/es\/semana-de-francia-el-arte-de-vivir-a-la-francaise\/\">Haga click aqu\u00ed para leer m\u00e1s de la Semana de Francia!&nbsp;<\/a><\/em><\/p><\/blockquote>\n","protected":false},"excerpt":{"rendered":"<p>El proximo viernes 23 de marzo, la \u201cSemana de Francia\u201d llegar\u00e1 a niveles gatron\u00f3micos extraordinarios en la&nbsp;cena de gala&nbsp;\u201cSabores Exquisitos de Francia\u201d, con la cr\u00e8me de la cr\u00e8me de los vinos franceses, el famoso \u00a8Ch\u00e2teau Haut-Brion\u00a8 y preparado por los chefs distinguidos de Le Cirque Las Vegas y \u201cLe Domaine de Barbossi\u201d en Francia.<\/p>\n","protected":false},"author":31,"featured_media":262726,"comment_status":"closed","ping_status":"closed","sticky":false,"template":"","format":"standard","meta":{"newspack_ads_suppress_ads":false,"newspack_popups_has_disabled_popups":false,"newspack_sponsor_sponsorship_scope":"","newspack_sponsor_native_byline_display":"inherit","newspack_sponsor_native_category_display":"inherit","newspack_sponsor_underwriter_style":"inherit","newspack_sponsor_underwriter_placement":"inherit","_newspack_byline_active":false,"_newspack_byline":"","newspack_hide_updated_date":false,"newspack_show_updated_date":false,"newspack_content_restriction_is_exempt":false,"newspack_featured_image_position":"","newspack_post_subtitle":"","newspack_article_summary_title":"Overview:","newspack_article_summary":"","_jetpack_memberships_contains_paid_content":false,"footnotes":"","jetpack_publicize_message":"","jetpack_publicize_feature_enabled":true,"jetpack_social_post_already_shared":false,"jetpack_social_options":{"image_generator_settings":{"template":"highway","default_image_id":0,"font":"","enabled":false},"version":2},"_wpas_customize_per_network":false},"categories":[26823,14629,2524,2522,14625,14627,26822,2520,2526],"tags":[3750,3996,502],"newspack_spnsrs_tax":[],"class_list":["post-338574","post","type-post","status-publish","format-standard","has-post-thumbnail","hentry","category-arte-y-cultura","category-comidas-bebidas","category-destacados","category-eventos-es","category-noticias-locales","category-proximamente","category-resort-casa-de-campo","category-restaurantes-es","category-titulares-es","tag-beach-club-by-le-cirque-es","tag-chateau-haut-brion","tag-playa-minitas","entry"],"yoast_head":"<!-- This site is optimized with the Yoast SEO plugin v27.5 - https:\/\/yoast.com\/product\/yoast-seo-wordpress\/ -->\n<title>Cena Gala con el famoso vino \u00a8Chateau Haut-Brion&quot; y Gr\u00e9gory Pugin chef ejecutivo de Le Cirque Las Vegas, viernes 23 de marzo! | Casa de Campo Living<\/title>\n<meta name=\"description\" content=\"El proximo viernes 23 de marzo, la \u201cSemana de Francia\u201d llegar\u00e1 a niveles gatron\u00f3micos extraordinarios en la&nbsp;cena de gala&nbsp;\u201cSabores Exquisitos de\" \/>\n<meta name=\"robots\" content=\"index, follow, max-snippet:-1, max-image-preview:large, max-video-preview:-1\" \/>\n<link rel=\"canonical\" href=\"https:\/\/casadecampoliving.com\/es\/cena-gala-con-el-famoso-vino-%c2%a8chateau-haut-brion-y-gregory-pugin-chef-ejecutivo-de-le-cirque-las-vegas-viernes-23-de-marzo\/\" \/>\n<meta property=\"og:locale\" content=\"es_ES\" \/>\n<meta property=\"og:type\" content=\"article\" \/>\n<meta property=\"og:title\" content=\"Cena Gala con el famoso vino \u00a8Chateau Haut-Brion&quot; y Gr\u00e9gory Pugin chef ejecutivo de Le Cirque Las Vegas, viernes 23 de marzo! | Casa de Campo Living\" \/>\n<meta property=\"og:description\" content=\"El proximo viernes 23 de marzo, la \u201cSemana de Francia\u201d llegar\u00e1 a niveles gatron\u00f3micos extraordinarios en la&nbsp;cena de gala&nbsp;\u201cSabores Exquisitos de\" \/>\n<meta property=\"og:url\" content=\"https:\/\/casadecampoliving.com\/es\/cena-gala-con-el-famoso-vino-%c2%a8chateau-haut-brion-y-gregory-pugin-chef-ejecutivo-de-le-cirque-las-vegas-viernes-23-de-marzo\/\" \/>\n<meta property=\"og:site_name\" content=\"Casa de Campo Living\" \/>\n<meta property=\"article:publisher\" content=\"https:\/\/www.facebook.com\/casadecampoliving\" \/>\n<meta property=\"article:published_time\" content=\"2012-03-19T04:00:00+00:00\" \/>\n<meta property=\"article:modified_time\" content=\"2022-10-21T22:45:51+00:00\" \/>\n<meta property=\"og:image\" content=\"https:\/\/i0.wp.com\/casadecampoliving.com\/wp-content\/uploads\/2022\/10\/semana_de_francia_casa_de_campo-1.jpg?fit=650%2C400&ssl=1\" \/>\n\t<meta property=\"og:image:width\" content=\"650\" \/>\n\t<meta property=\"og:image:height\" content=\"400\" \/>\n\t<meta property=\"og:image:type\" content=\"image\/jpeg\" \/>\n<meta name=\"author\" content=\"Rebecca Silvestri\" \/>\n<meta name=\"twitter:card\" content=\"summary_large_image\" \/>\n<meta name=\"twitter:creator\" content=\"@cdcliving\" \/>\n<meta name=\"twitter:site\" content=\"@cdcliving\" \/>\n<meta name=\"twitter:label1\" content=\"Escrito por\" \/>\n\t<meta name=\"twitter:data1\" content=\"Rebecca Silvestri\" \/>\n\t<meta name=\"twitter:label2\" content=\"Tiempo de lectura\" \/>\n\t<meta name=\"twitter:data2\" content=\"3 minutos\" \/>\n<script type=\"application\/ld+json\" class=\"yoast-schema-graph\">{\"@context\":\"https:\\\/\\\/schema.org\",\"@graph\":[{\"@type\":\"Article\",\"@id\":\"https:\\\/\\\/casadecampoliving.com\\\/es\\\/cena-gala-con-el-famoso-vino-%c2%a8chateau-haut-brion-y-gregory-pugin-chef-ejecutivo-de-le-cirque-las-vegas-viernes-23-de-marzo\\\/#article\",\"isPartOf\":{\"@id\":\"https:\\\/\\\/casadecampoliving.com\\\/es\\\/cena-gala-con-el-famoso-vino-%c2%a8chateau-haut-brion-y-gregory-pugin-chef-ejecutivo-de-le-cirque-las-vegas-viernes-23-de-marzo\\\/\"},\"author\":{\"name\":\"Rebecca Silvestri\",\"@id\":\"https:\\\/\\\/casadecampoliving.com\\\/es\\\/#\\\/schema\\\/person\\\/2b2208f3175fa8761e25b272e096d718\"},\"headline\":\"Cena Gala con el famoso vino \u00a8Chateau Haut-Brion\u00bb y Gr\u00e9gory Pugin chef ejecutivo de Le Cirque Las Vegas, viernes 23 de marzo!\",\"datePublished\":\"2012-03-19T04:00:00+00:00\",\"dateModified\":\"2022-10-21T22:45:51+00:00\",\"mainEntityOfPage\":{\"@id\":\"https:\\\/\\\/casadecampoliving.com\\\/es\\\/cena-gala-con-el-famoso-vino-%c2%a8chateau-haut-brion-y-gregory-pugin-chef-ejecutivo-de-le-cirque-las-vegas-viernes-23-de-marzo\\\/\"},\"wordCount\":613,\"publisher\":{\"@id\":\"https:\\\/\\\/casadecampoliving.com\\\/es\\\/#organization\"},\"image\":{\"@id\":\"https:\\\/\\\/casadecampoliving.com\\\/es\\\/cena-gala-con-el-famoso-vino-%c2%a8chateau-haut-brion-y-gregory-pugin-chef-ejecutivo-de-le-cirque-las-vegas-viernes-23-de-marzo\\\/#primaryimage\"},\"thumbnailUrl\":\"https:\\\/\\\/i0.wp.com\\\/casadecampoliving.com\\\/wp-content\\\/uploads\\\/2022\\\/10\\\/semana_de_francia_casa_de_campo-1.jpg?fit=650%2C400&ssl=1\",\"keywords\":[\"beach club by le cirque @es\",\"chateau haut-brion\",\"playa minitas\"],\"articleSection\":[\"Arte y cultura\",\"Comidas &amp; Bebidas\",\"Destacados\",\"Eventos\",\"Noticias Locales\",\"Proximamente\",\"Resort Casa de Campo\",\"Restaurantes\",\"Titulares\"],\"inLanguage\":\"es\"},{\"@type\":\"WebPage\",\"@id\":\"https:\\\/\\\/casadecampoliving.com\\\/es\\\/cena-gala-con-el-famoso-vino-%c2%a8chateau-haut-brion-y-gregory-pugin-chef-ejecutivo-de-le-cirque-las-vegas-viernes-23-de-marzo\\\/\",\"url\":\"https:\\\/\\\/casadecampoliving.com\\\/es\\\/cena-gala-con-el-famoso-vino-%c2%a8chateau-haut-brion-y-gregory-pugin-chef-ejecutivo-de-le-cirque-las-vegas-viernes-23-de-marzo\\\/\",\"name\":\"Cena Gala con el famoso vino \u00a8Chateau Haut-Brion\\\" y Gr\u00e9gory Pugin chef ejecutivo de Le Cirque Las Vegas, viernes 23 de marzo! | Casa de Campo Living\",\"isPartOf\":{\"@id\":\"https:\\\/\\\/casadecampoliving.com\\\/es\\\/#website\"},\"primaryImageOfPage\":{\"@id\":\"https:\\\/\\\/casadecampoliving.com\\\/es\\\/cena-gala-con-el-famoso-vino-%c2%a8chateau-haut-brion-y-gregory-pugin-chef-ejecutivo-de-le-cirque-las-vegas-viernes-23-de-marzo\\\/#primaryimage\"},\"image\":{\"@id\":\"https:\\\/\\\/casadecampoliving.com\\\/es\\\/cena-gala-con-el-famoso-vino-%c2%a8chateau-haut-brion-y-gregory-pugin-chef-ejecutivo-de-le-cirque-las-vegas-viernes-23-de-marzo\\\/#primaryimage\"},\"thumbnailUrl\":\"https:\\\/\\\/i0.wp.com\\\/casadecampoliving.com\\\/wp-content\\\/uploads\\\/2022\\\/10\\\/semana_de_francia_casa_de_campo-1.jpg?fit=650%2C400&ssl=1\",\"datePublished\":\"2012-03-19T04:00:00+00:00\",\"dateModified\":\"2022-10-21T22:45:51+00:00\",\"description\":\"El proximo viernes 23 de marzo, la \u201cSemana de Francia\u201d llegar\u00e1 a niveles gatron\u00f3micos extraordinarios en la&nbsp;cena de gala&nbsp;\u201cSabores Exquisitos de\",\"breadcrumb\":{\"@id\":\"https:\\\/\\\/casadecampoliving.com\\\/es\\\/cena-gala-con-el-famoso-vino-%c2%a8chateau-haut-brion-y-gregory-pugin-chef-ejecutivo-de-le-cirque-las-vegas-viernes-23-de-marzo\\\/#breadcrumb\"},\"inLanguage\":\"es\",\"potentialAction\":[{\"@type\":\"ReadAction\",\"target\":[\"https:\\\/\\\/casadecampoliving.com\\\/es\\\/cena-gala-con-el-famoso-vino-%c2%a8chateau-haut-brion-y-gregory-pugin-chef-ejecutivo-de-le-cirque-las-vegas-viernes-23-de-marzo\\\/\"]}]},{\"@type\":\"ImageObject\",\"inLanguage\":\"es\",\"@id\":\"https:\\\/\\\/casadecampoliving.com\\\/es\\\/cena-gala-con-el-famoso-vino-%c2%a8chateau-haut-brion-y-gregory-pugin-chef-ejecutivo-de-le-cirque-las-vegas-viernes-23-de-marzo\\\/#primaryimage\",\"url\":\"https:\\\/\\\/i0.wp.com\\\/casadecampoliving.com\\\/wp-content\\\/uploads\\\/2022\\\/10\\\/semana_de_francia_casa_de_campo-1.jpg?fit=650%2C400&ssl=1\",\"contentUrl\":\"https:\\\/\\\/i0.wp.com\\\/casadecampoliving.com\\\/wp-content\\\/uploads\\\/2022\\\/10\\\/semana_de_francia_casa_de_campo-1.jpg?fit=650%2C400&ssl=1\",\"width\":650,\"height\":400,\"caption\":\"semana de francia casa de campo\"},{\"@type\":\"BreadcrumbList\",\"@id\":\"https:\\\/\\\/casadecampoliving.com\\\/es\\\/cena-gala-con-el-famoso-vino-%c2%a8chateau-haut-brion-y-gregory-pugin-chef-ejecutivo-de-le-cirque-las-vegas-viernes-23-de-marzo\\\/#breadcrumb\",\"itemListElement\":[{\"@type\":\"ListItem\",\"position\":1,\"name\":\"Home\",\"item\":\"https:\\\/\\\/casadecampoliving.com\\\/es\\\/\"},{\"@type\":\"ListItem\",\"position\":2,\"name\":\"Cena Gala con el famoso vino \u00a8Chateau Haut-Brion&#8221; y Gr\u00e9gory Pugin chef ejecutivo de Le Cirque Las Vegas, viernes 23 de marzo!\"}]},{\"@type\":\"WebSite\",\"@id\":\"https:\\\/\\\/casadecampoliving.com\\\/es\\\/#website\",\"url\":\"https:\\\/\\\/casadecampoliving.com\\\/es\\\/\",\"name\":\"Casa de Campo Living\",\"description\":\"Resort community news and resources.\",\"publisher\":{\"@id\":\"https:\\\/\\\/casadecampoliving.com\\\/es\\\/#organization\"},\"potentialAction\":[{\"@type\":\"SearchAction\",\"target\":{\"@type\":\"EntryPoint\",\"urlTemplate\":\"https:\\\/\\\/casadecampoliving.com\\\/es\\\/?s={search_term_string}\"},\"query-input\":{\"@type\":\"PropertyValueSpecification\",\"valueRequired\":true,\"valueName\":\"search_term_string\"}}],\"inLanguage\":\"es\"},{\"@type\":\"Organization\",\"@id\":\"https:\\\/\\\/casadecampoliving.com\\\/es\\\/#organization\",\"name\":\"Casa de Campo Living\",\"url\":\"https:\\\/\\\/casadecampoliving.com\\\/es\\\/\",\"logo\":{\"@type\":\"ImageObject\",\"inLanguage\":\"es\",\"@id\":\"https:\\\/\\\/casadecampoliving.com\\\/es\\\/#\\\/schema\\\/logo\\\/image\\\/\",\"url\":\"https:\\\/\\\/i0.wp.com\\\/casadecampoliving.com\\\/wp-content\\\/uploads\\\/2022\\\/07\\\/CDCLivingLogo_V1-white-sized.png?fit=800%2C214&ssl=1\",\"contentUrl\":\"https:\\\/\\\/i0.wp.com\\\/casadecampoliving.com\\\/wp-content\\\/uploads\\\/2022\\\/07\\\/CDCLivingLogo_V1-white-sized.png?fit=800%2C214&ssl=1\",\"width\":800,\"height\":214,\"caption\":\"Casa de Campo Living\"},\"image\":{\"@id\":\"https:\\\/\\\/casadecampoliving.com\\\/es\\\/#\\\/schema\\\/logo\\\/image\\\/\"},\"sameAs\":[\"https:\\\/\\\/www.facebook.com\\\/casadecampoliving\",\"https:\\\/\\\/x.com\\\/cdcliving\"]},{\"@type\":\"Person\",\"@id\":\"https:\\\/\\\/casadecampoliving.com\\\/es\\\/#\\\/schema\\\/person\\\/2b2208f3175fa8761e25b272e096d718\",\"name\":\"Rebecca Silvestri\",\"image\":{\"@type\":\"ImageObject\",\"inLanguage\":\"es\",\"@id\":\"https:\\\/\\\/secure.gravatar.com\\\/avatar\\\/2d937fd6c1769fb718dbf8dce9e82bf5f89e97bd028f9b3ea10b931dc7df95c6?s=96&d=mm&r=g\",\"url\":\"https:\\\/\\\/secure.gravatar.com\\\/avatar\\\/2d937fd6c1769fb718dbf8dce9e82bf5f89e97bd028f9b3ea10b931dc7df95c6?s=96&d=mm&r=g\",\"contentUrl\":\"https:\\\/\\\/secure.gravatar.com\\\/avatar\\\/2d937fd6c1769fb718dbf8dce9e82bf5f89e97bd028f9b3ea10b931dc7df95c6?s=96&d=mm&r=g\",\"caption\":\"Rebecca Silvestri\"},\"url\":\"https:\\\/\\\/casadecampoliving.com\\\/es\\\/author\\\/madamehuge\\\/\"}]}<\/script>\n<!-- \/ Yoast SEO plugin. -->","yoast_head_json":{"title":"Cena Gala con el famoso vino \u00a8Chateau Haut-Brion\" y Gr\u00e9gory Pugin chef ejecutivo de Le Cirque Las Vegas, viernes 23 de marzo! | Casa de Campo Living","description":"El proximo viernes 23 de marzo, la \u201cSemana de Francia\u201d llegar\u00e1 a niveles gatron\u00f3micos extraordinarios en la&nbsp;cena de gala&nbsp;\u201cSabores Exquisitos de","robots":{"index":"index","follow":"follow","max-snippet":"max-snippet:-1","max-image-preview":"max-image-preview:large","max-video-preview":"max-video-preview:-1"},"canonical":"https:\/\/casadecampoliving.com\/es\/cena-gala-con-el-famoso-vino-%c2%a8chateau-haut-brion-y-gregory-pugin-chef-ejecutivo-de-le-cirque-las-vegas-viernes-23-de-marzo\/","og_locale":"es_ES","og_type":"article","og_title":"Cena Gala con el famoso vino \u00a8Chateau Haut-Brion\" y Gr\u00e9gory Pugin chef ejecutivo de Le Cirque Las Vegas, viernes 23 de marzo! | Casa de Campo Living","og_description":"El proximo viernes 23 de marzo, la \u201cSemana de Francia\u201d llegar\u00e1 a niveles gatron\u00f3micos extraordinarios en la&nbsp;cena de gala&nbsp;\u201cSabores Exquisitos de","og_url":"https:\/\/casadecampoliving.com\/es\/cena-gala-con-el-famoso-vino-%c2%a8chateau-haut-brion-y-gregory-pugin-chef-ejecutivo-de-le-cirque-las-vegas-viernes-23-de-marzo\/","og_site_name":"Casa de Campo Living","article_publisher":"https:\/\/www.facebook.com\/casadecampoliving","article_published_time":"2012-03-19T04:00:00+00:00","article_modified_time":"2022-10-21T22:45:51+00:00","og_image":[{"width":650,"height":400,"url":"https:\/\/i0.wp.com\/casadecampoliving.com\/wp-content\/uploads\/2022\/10\/semana_de_francia_casa_de_campo-1.jpg?fit=650%2C400&ssl=1","type":"image\/jpeg"}],"author":"Rebecca Silvestri","twitter_card":"summary_large_image","twitter_creator":"@cdcliving","twitter_site":"@cdcliving","twitter_misc":{"Escrito por":"Rebecca Silvestri","Tiempo de lectura":"3 minutos"},"schema":{"@context":"https:\/\/schema.org","@graph":[{"@type":"Article","@id":"https:\/\/casadecampoliving.com\/es\/cena-gala-con-el-famoso-vino-%c2%a8chateau-haut-brion-y-gregory-pugin-chef-ejecutivo-de-le-cirque-las-vegas-viernes-23-de-marzo\/#article","isPartOf":{"@id":"https:\/\/casadecampoliving.com\/es\/cena-gala-con-el-famoso-vino-%c2%a8chateau-haut-brion-y-gregory-pugin-chef-ejecutivo-de-le-cirque-las-vegas-viernes-23-de-marzo\/"},"author":{"name":"Rebecca Silvestri","@id":"https:\/\/casadecampoliving.com\/es\/#\/schema\/person\/2b2208f3175fa8761e25b272e096d718"},"headline":"Cena Gala con el famoso vino \u00a8Chateau Haut-Brion\u00bb y Gr\u00e9gory Pugin chef ejecutivo de Le Cirque Las Vegas, viernes 23 de marzo!","datePublished":"2012-03-19T04:00:00+00:00","dateModified":"2022-10-21T22:45:51+00:00","mainEntityOfPage":{"@id":"https:\/\/casadecampoliving.com\/es\/cena-gala-con-el-famoso-vino-%c2%a8chateau-haut-brion-y-gregory-pugin-chef-ejecutivo-de-le-cirque-las-vegas-viernes-23-de-marzo\/"},"wordCount":613,"publisher":{"@id":"https:\/\/casadecampoliving.com\/es\/#organization"},"image":{"@id":"https:\/\/casadecampoliving.com\/es\/cena-gala-con-el-famoso-vino-%c2%a8chateau-haut-brion-y-gregory-pugin-chef-ejecutivo-de-le-cirque-las-vegas-viernes-23-de-marzo\/#primaryimage"},"thumbnailUrl":"https:\/\/i0.wp.com\/casadecampoliving.com\/wp-content\/uploads\/2022\/10\/semana_de_francia_casa_de_campo-1.jpg?fit=650%2C400&ssl=1","keywords":["beach club by le cirque @es","chateau haut-brion","playa minitas"],"articleSection":["Arte y cultura","Comidas &amp; Bebidas","Destacados","Eventos","Noticias Locales","Proximamente","Resort Casa de Campo","Restaurantes","Titulares"],"inLanguage":"es"},{"@type":"WebPage","@id":"https:\/\/casadecampoliving.com\/es\/cena-gala-con-el-famoso-vino-%c2%a8chateau-haut-brion-y-gregory-pugin-chef-ejecutivo-de-le-cirque-las-vegas-viernes-23-de-marzo\/","url":"https:\/\/casadecampoliving.com\/es\/cena-gala-con-el-famoso-vino-%c2%a8chateau-haut-brion-y-gregory-pugin-chef-ejecutivo-de-le-cirque-las-vegas-viernes-23-de-marzo\/","name":"Cena Gala con el famoso vino \u00a8Chateau Haut-Brion\" y Gr\u00e9gory Pugin chef ejecutivo de Le Cirque Las Vegas, viernes 23 de marzo! | Casa de Campo Living","isPartOf":{"@id":"https:\/\/casadecampoliving.com\/es\/#website"},"primaryImageOfPage":{"@id":"https:\/\/casadecampoliving.com\/es\/cena-gala-con-el-famoso-vino-%c2%a8chateau-haut-brion-y-gregory-pugin-chef-ejecutivo-de-le-cirque-las-vegas-viernes-23-de-marzo\/#primaryimage"},"image":{"@id":"https:\/\/casadecampoliving.com\/es\/cena-gala-con-el-famoso-vino-%c2%a8chateau-haut-brion-y-gregory-pugin-chef-ejecutivo-de-le-cirque-las-vegas-viernes-23-de-marzo\/#primaryimage"},"thumbnailUrl":"https:\/\/i0.wp.com\/casadecampoliving.com\/wp-content\/uploads\/2022\/10\/semana_de_francia_casa_de_campo-1.jpg?fit=650%2C400&ssl=1","datePublished":"2012-03-19T04:00:00+00:00","dateModified":"2022-10-21T22:45:51+00:00","description":"El proximo viernes 23 de marzo, la \u201cSemana de Francia\u201d llegar\u00e1 a niveles gatron\u00f3micos extraordinarios en la&nbsp;cena de gala&nbsp;\u201cSabores Exquisitos de","breadcrumb":{"@id":"https:\/\/casadecampoliving.com\/es\/cena-gala-con-el-famoso-vino-%c2%a8chateau-haut-brion-y-gregory-pugin-chef-ejecutivo-de-le-cirque-las-vegas-viernes-23-de-marzo\/#breadcrumb"},"inLanguage":"es","potentialAction":[{"@type":"ReadAction","target":["https:\/\/casadecampoliving.com\/es\/cena-gala-con-el-famoso-vino-%c2%a8chateau-haut-brion-y-gregory-pugin-chef-ejecutivo-de-le-cirque-las-vegas-viernes-23-de-marzo\/"]}]},{"@type":"ImageObject","inLanguage":"es","@id":"https:\/\/casadecampoliving.com\/es\/cena-gala-con-el-famoso-vino-%c2%a8chateau-haut-brion-y-gregory-pugin-chef-ejecutivo-de-le-cirque-las-vegas-viernes-23-de-marzo\/#primaryimage","url":"https:\/\/i0.wp.com\/casadecampoliving.com\/wp-content\/uploads\/2022\/10\/semana_de_francia_casa_de_campo-1.jpg?fit=650%2C400&ssl=1","contentUrl":"https:\/\/i0.wp.com\/casadecampoliving.com\/wp-content\/uploads\/2022\/10\/semana_de_francia_casa_de_campo-1.jpg?fit=650%2C400&ssl=1","width":650,"height":400,"caption":"semana de francia casa de campo"},{"@type":"BreadcrumbList","@id":"https:\/\/casadecampoliving.com\/es\/cena-gala-con-el-famoso-vino-%c2%a8chateau-haut-brion-y-gregory-pugin-chef-ejecutivo-de-le-cirque-las-vegas-viernes-23-de-marzo\/#breadcrumb","itemListElement":[{"@type":"ListItem","position":1,"name":"Home","item":"https:\/\/casadecampoliving.com\/es\/"},{"@type":"ListItem","position":2,"name":"Cena Gala con el famoso vino \u00a8Chateau Haut-Brion&#8221; y Gr\u00e9gory Pugin chef ejecutivo de Le Cirque Las Vegas, viernes 23 de marzo!"}]},{"@type":"WebSite","@id":"https:\/\/casadecampoliving.com\/es\/#website","url":"https:\/\/casadecampoliving.com\/es\/","name":"Casa de Campo Living","description":"Resort community news and resources.","publisher":{"@id":"https:\/\/casadecampoliving.com\/es\/#organization"},"potentialAction":[{"@type":"SearchAction","target":{"@type":"EntryPoint","urlTemplate":"https:\/\/casadecampoliving.com\/es\/?s={search_term_string}"},"query-input":{"@type":"PropertyValueSpecification","valueRequired":true,"valueName":"search_term_string"}}],"inLanguage":"es"},{"@type":"Organization","@id":"https:\/\/casadecampoliving.com\/es\/#organization","name":"Casa de Campo Living","url":"https:\/\/casadecampoliving.com\/es\/","logo":{"@type":"ImageObject","inLanguage":"es","@id":"https:\/\/casadecampoliving.com\/es\/#\/schema\/logo\/image\/","url":"https:\/\/i0.wp.com\/casadecampoliving.com\/wp-content\/uploads\/2022\/07\/CDCLivingLogo_V1-white-sized.png?fit=800%2C214&ssl=1","contentUrl":"https:\/\/i0.wp.com\/casadecampoliving.com\/wp-content\/uploads\/2022\/07\/CDCLivingLogo_V1-white-sized.png?fit=800%2C214&ssl=1","width":800,"height":214,"caption":"Casa de Campo Living"},"image":{"@id":"https:\/\/casadecampoliving.com\/es\/#\/schema\/logo\/image\/"},"sameAs":["https:\/\/www.facebook.com\/casadecampoliving","https:\/\/x.com\/cdcliving"]},{"@type":"Person","@id":"https:\/\/casadecampoliving.com\/es\/#\/schema\/person\/2b2208f3175fa8761e25b272e096d718","name":"Rebecca Silvestri","image":{"@type":"ImageObject","inLanguage":"es","@id":"https:\/\/secure.gravatar.com\/avatar\/2d937fd6c1769fb718dbf8dce9e82bf5f89e97bd028f9b3ea10b931dc7df95c6?s=96&d=mm&r=g","url":"https:\/\/secure.gravatar.com\/avatar\/2d937fd6c1769fb718dbf8dce9e82bf5f89e97bd028f9b3ea10b931dc7df95c6?s=96&d=mm&r=g","contentUrl":"https:\/\/secure.gravatar.com\/avatar\/2d937fd6c1769fb718dbf8dce9e82bf5f89e97bd028f9b3ea10b931dc7df95c6?s=96&d=mm&r=g","caption":"Rebecca Silvestri"},"url":"https:\/\/casadecampoliving.com\/es\/author\/madamehuge\/"}]}},"parsely":{"version":"1.1.0","canonical_url":"https:\/\/casadecampoliving.com\/es\/cena-gala-con-el-famoso-vino-%c2%a8chateau-haut-brion-y-gregory-pugin-chef-ejecutivo-de-le-cirque-las-vegas-viernes-23-de-marzo\/","smart_links":{"inbound":0,"outbound":0},"traffic_boost_suggestions_count":0,"meta":{"@context":"https:\/\/schema.org","@type":"NewsArticle","headline":"Cena Gala con el famoso vino \u00a8Chateau Haut-Brion\u00bb y Gr\u00e9gory Pugin chef ejecutivo de Le Cirque Las Vegas, viernes 23 de marzo!","url":"http:\/\/casadecampoliving.com\/es\/cena-gala-con-el-famoso-vino-%c2%a8chateau-haut-brion-y-gregory-pugin-chef-ejecutivo-de-le-cirque-las-vegas-viernes-23-de-marzo\/","mainEntityOfPage":{"@type":"WebPage","@id":"http:\/\/casadecampoliving.com\/es\/cena-gala-con-el-famoso-vino-%c2%a8chateau-haut-brion-y-gregory-pugin-chef-ejecutivo-de-le-cirque-las-vegas-viernes-23-de-marzo\/"},"thumbnailUrl":"https:\/\/i0.wp.com\/casadecampoliving.com\/wp-content\/uploads\/2022\/10\/semana_de_francia_casa_de_campo-1.jpg?resize=150%2C150&ssl=1","image":{"@type":"ImageObject","url":"https:\/\/i0.wp.com\/casadecampoliving.com\/wp-content\/uploads\/2022\/10\/semana_de_francia_casa_de_campo-1.jpg?fit=650%2C400&ssl=1"},"articleSection":"Arte y cultura","author":[{"@type":"Person","name":"Rebecca Silvestri"}],"creator":["Rebecca Silvestri"],"publisher":{"@type":"Organization","name":"Casa de Campo Living","logo":"https:\/\/casadecampoliving.com\/wp-content\/uploads\/2022\/07\/CDCLivingLogo_V1-white-sized.png"},"keywords":["beach club by le cirque @es","chateau haut-brion","playa minitas"],"dateCreated":"2012-03-19T04:00:00Z","datePublished":"2012-03-19T04:00:00Z","dateModified":"2022-10-21T22:45:51Z"},"rendered":"<script type=\"application\/ld+json\" class=\"wp-parsely-metadata\">{\"@context\":\"https:\\\/\\\/schema.org\",\"@type\":\"NewsArticle\",\"headline\":\"Cena Gala con el famoso vino \\u00a8Chateau Haut-Brion\\u00bb y Gr\\u00e9gory Pugin chef ejecutivo de Le Cirque Las Vegas, viernes 23 de marzo!\",\"url\":\"http:\\\/\\\/casadecampoliving.com\\\/es\\\/cena-gala-con-el-famoso-vino-%c2%a8chateau-haut-brion-y-gregory-pugin-chef-ejecutivo-de-le-cirque-las-vegas-viernes-23-de-marzo\\\/\",\"mainEntityOfPage\":{\"@type\":\"WebPage\",\"@id\":\"http:\\\/\\\/casadecampoliving.com\\\/es\\\/cena-gala-con-el-famoso-vino-%c2%a8chateau-haut-brion-y-gregory-pugin-chef-ejecutivo-de-le-cirque-las-vegas-viernes-23-de-marzo\\\/\"},\"thumbnailUrl\":\"https:\\\/\\\/i0.wp.com\\\/casadecampoliving.com\\\/wp-content\\\/uploads\\\/2022\\\/10\\\/semana_de_francia_casa_de_campo-1.jpg?resize=150%2C150&ssl=1\",\"image\":{\"@type\":\"ImageObject\",\"url\":\"https:\\\/\\\/i0.wp.com\\\/casadecampoliving.com\\\/wp-content\\\/uploads\\\/2022\\\/10\\\/semana_de_francia_casa_de_campo-1.jpg?fit=650%2C400&ssl=1\"},\"articleSection\":\"Arte y cultura\",\"author\":[{\"@type\":\"Person\",\"name\":\"Rebecca Silvestri\"}],\"creator\":[\"Rebecca Silvestri\"],\"publisher\":{\"@type\":\"Organization\",\"name\":\"Casa de Campo Living\",\"logo\":\"https:\\\/\\\/casadecampoliving.com\\\/wp-content\\\/uploads\\\/2022\\\/07\\\/CDCLivingLogo_V1-white-sized.png\"},\"keywords\":[\"beach club by le cirque @es\",\"chateau haut-brion\",\"playa minitas\"],\"dateCreated\":\"2012-03-19T04:00:00Z\",\"datePublished\":\"2012-03-19T04:00:00Z\",\"dateModified\":\"2022-10-21T22:45:51Z\"}<\/script>","tracker_url":"https:\/\/cdn.parsely.com\/keys\/casadecampoliving.com\/p.js"},"jetpack_publicize_connections":[],"jetpack_featured_media_url":"https:\/\/i0.wp.com\/casadecampoliving.com\/wp-content\/uploads\/2022\/10\/semana_de_francia_casa_de_campo-1.jpg?fit=650%2C400&ssl=1","jetpack-related-posts":[{"id":338798,"url":"https:\/\/casadecampoliving.com\/es\/cena-gala-sabores-exquisitos-de-francia-el-maravilloso-punto-gastronomico-de-la-semana-de-francia\/","url_meta":{"origin":338574,"position":0},"title":"Cena-Gala \u00abSabores Exquisitos de Francia\u00bb: El maravilloso punto gastron\u00f3mico de la Semana de Francia","author":"","date":"21 Abr, 2012","format":false,"excerpt":"El punto gastron\u00f3mico de la \u201cSemana de Francia\u201d fue la Cena-Gala \u201cSabores Exquisitos de Francia\u201d, celebrada en el Beach Club by Le Cirque el viernes 23 de marzo de 2012. Durante la encantadora noche gastron\u00f3mica, m\u00e1s de 200 invitados disfrutaron de la gastronom\u00eda francesa preparada por distinguidos chefs invitados; Gregory\u2026","rel":"","context":"En \u00abArte y cultura\u00bb","block_context":{"text":"Arte y cultura","link":"https:\/\/casadecampoliving.com\/category\/arte-y-cultura\/"},"img":{"alt_text":"claudio silvestri manuel grullon","src":"https:\/\/i0.wp.com\/casadecampoliving.com\/wp-content\/uploads\/2022\/10\/claudio_silvestri_manuel_grullon-1.jpg?fit=650%2C370&ssl=1&resize=350%2C200","width":350,"height":200,"srcset":"https:\/\/i0.wp.com\/casadecampoliving.com\/wp-content\/uploads\/2022\/10\/claudio_silvestri_manuel_grullon-1.jpg?fit=650%2C370&ssl=1&resize=350%2C200 1x, https:\/\/i0.wp.com\/casadecampoliving.com\/wp-content\/uploads\/2022\/10\/claudio_silvestri_manuel_grullon-1.jpg?fit=650%2C370&ssl=1&resize=525%2C300 1.5x"},"classes":[]},{"id":321116,"url":"https:\/\/casadecampoliving.com\/gala-dinner-with-famous-french-wine-%c2%a8chateau-haut-brion-gregory-pugin-executive-chef-of-le-cirque-las-vegas-friday-march-23rd\/","url_meta":{"origin":338574,"position":1},"title":"Gala Dinner with famous French wine \u00a8Chateau Haut-Brion\u00bb &#038; Gr\u00e9gory Pugin, executive chef of Le Cirque Las Vegas, Friday March 23rd","author":"Rebecca Silvestri","date":"19 Mar, 2012","format":false,"excerpt":"On Friday the 23rd of March, the \u201cSemana de Francia\u201d French Festival will reach extraordinary gastronomic heights with the \u201cExquisite Flavors of France\u201d 5 course gala dinner, featuring the cr\u00e8me de la cr\u00e8me of French wines, the famous \u00a8Chateau Haut-Brion\u00a8 and prepared by distinguished invited chefs from Le Cirque Las\u2026","rel":"","context":"En \u00abArt and Culture\u00bb","block_context":{"text":"Art and Culture","link":"https:\/\/casadecampoliving.com\/category\/art-and-culture\/"},"img":{"alt_text":"semana de francia casa de campo","src":"https:\/\/i0.wp.com\/casadecampoliving.com\/wp-content\/uploads\/2022\/10\/semana_de_francia_casa_de_campo-1.jpg?fit=650%2C400&ssl=1&resize=350%2C200","width":350,"height":200,"srcset":"https:\/\/i0.wp.com\/casadecampoliving.com\/wp-content\/uploads\/2022\/10\/semana_de_francia_casa_de_campo-1.jpg?fit=650%2C400&ssl=1&resize=350%2C200 1x, https:\/\/i0.wp.com\/casadecampoliving.com\/wp-content\/uploads\/2022\/10\/semana_de_francia_casa_de_campo-1.jpg?fit=650%2C400&ssl=1&resize=525%2C300 1.5x"},"classes":[]},{"id":321222,"url":"https:\/\/casadecampoliving.com\/exquisite-flavors-of-france-dinner-gala-the-gastronomic-pinnacle-of-the-semana-de-francia\/","url_meta":{"origin":338574,"position":2},"title":"Exquisite Flavors of France Dinner-Gala: The gastronomic pinnacle of the Semana de Francia","author":"Rebecca Silvestri","date":"21 Abr, 2012","format":false,"excerpt":"Gastronomic pinnacle of the \u201cSemana de Francia\u201d was the \"Exquisite Flavors of France\u201d Dinner-Gala, celebrated at the Beach Club by Le Cirque on Friday evening the 23rd of March 2012. During an enchanting and gastronomically stunning evening more than 200 guests enjoyed fine French cuisine prepared by distinguished invited chefs;\u2026","rel":"","context":"En \u00abArt and Culture\u00bb","block_context":{"text":"Art and Culture","link":"https:\/\/casadecampoliving.com\/category\/art-and-culture\/"},"img":{"alt_text":"claudio silvestri manuel grullon","src":"https:\/\/i0.wp.com\/casadecampoliving.com\/wp-content\/uploads\/2022\/10\/claudio_silvestri_manuel_grullon-1.jpg?fit=650%2C370&ssl=1&resize=350%2C200","width":350,"height":200,"srcset":"https:\/\/i0.wp.com\/casadecampoliving.com\/wp-content\/uploads\/2022\/10\/claudio_silvestri_manuel_grullon-1.jpg?fit=650%2C370&ssl=1&resize=350%2C200 1x, https:\/\/i0.wp.com\/casadecampoliving.com\/wp-content\/uploads\/2022\/10\/claudio_silvestri_manuel_grullon-1.jpg?fit=650%2C370&ssl=1&resize=525%2C300 1.5x"},"classes":[]},{"id":338636,"url":"https:\/\/casadecampoliving.com\/es\/formidable-la-primera-semana-de-francia-en-casa-de-campo-una-extraordinarai-celebracion-de-comercio-cultura-y-gastronomia\/","url_meta":{"origin":338574,"position":3},"title":"Formidable! La primera Semana de Francia en Casa de Campo: Una extraordinarai celebraci\u00f3n de comercio, cultura y gastronom\u00eda!","author":"","date":"26 Mar, 2012","format":false,"excerpt":"La primera Semana de Francia organizada por la C\u00e1mara de Comercio Dominico-Francesa y Casa de Campo, con el apoyo de la Embajada de Francia fue formidable \u2013 un fantastique evento de cuatro d\u00edas de celebraci\u00f3n de actividades franco-dominicana en torno a la cultura, comercio y gastronom\u00eda, incluido tambi\u00e9n, el primer\u2026","rel":"","context":"En \u00abAltos de Chavon @es\u00bb","block_context":{"text":"Altos de Chavon @es","link":"https:\/\/casadecampoliving.com\/category\/altos-de-chavon-es\/"},"img":{"alt_text":"semana de francia altos de chavon","src":"https:\/\/i0.wp.com\/casadecampoliving.com\/wp-content\/uploads\/2022\/10\/semana_de_francia_altos_de_chavon6-1.jpg?fit=650%2C400&ssl=1&resize=350%2C200","width":350,"height":200,"srcset":"https:\/\/i0.wp.com\/casadecampoliving.com\/wp-content\/uploads\/2022\/10\/semana_de_francia_altos_de_chavon6-1.jpg?fit=650%2C400&ssl=1&resize=350%2C200 1x, https:\/\/i0.wp.com\/casadecampoliving.com\/wp-content\/uploads\/2022\/10\/semana_de_francia_altos_de_chavon6-1.jpg?fit=650%2C400&ssl=1&resize=525%2C300 1.5x"},"classes":[]},{"id":338544,"url":"https:\/\/casadecampoliving.com\/es\/semana-de-francia-el-arte-de-vivir-a-la-francaise\/","url_meta":{"origin":338574,"position":4},"title":"Semana de Francia: El arte de vivir \u00ab\u00e0 la Fran\u00e7aise\u00bb!","author":"","date":"12 Mar, 2012","format":false,"excerpt":"Como parte del XXX aniversario del Anfiteatro Altos de Chav\u00f3n y el XXV aniversario de la C\u00e1mara de Comercio Dominico Francesa (CCDF), Casa de Campo y la CCDF, auspiciados por la Embajada Francesa basada en la Rep\u00fablica Dominicana, se realiz\u00f3 la \u201cSemana de Francia\u201c, un extraordinario evento de 4 d\u00edas\u2026","rel":"","context":"En \u00abUncategorized @es\u00bb","block_context":{"text":"Uncategorized @es","link":"https:\/\/casadecampoliving.com\/es\/category\/uncategorized-es\/"},"img":{"alt_text":"semana de francia","src":"https:\/\/i0.wp.com\/casadecampoliving.com\/wp-content\/uploads\/2022\/10\/semanadefrancia-1.jpg?fit=650%2C400&ssl=1&resize=350%2C200","width":350,"height":200,"srcset":"https:\/\/i0.wp.com\/casadecampoliving.com\/wp-content\/uploads\/2022\/10\/semanadefrancia-1.jpg?fit=650%2C400&ssl=1&resize=350%2C200 1x, https:\/\/i0.wp.com\/casadecampoliving.com\/wp-content\/uploads\/2022\/10\/semanadefrancia-1.jpg?fit=650%2C400&ssl=1&resize=525%2C300 1.5x"},"classes":[]},{"id":338552,"url":"https:\/\/casadecampoliving.com\/es\/vive-la-france-la-semana-de-francia-completo-programa-de-eventos-aqui\/","url_meta":{"origin":338574,"position":5},"title":"Vive la France! La Semana de Francia &#8211; completo programa de eventos aqui!","author":"Rebecca Silvestri","date":"15 Mar, 2012","format":false,"excerpt":"Como parte del XXX aniversario del Anfiteatro Altos de Chav\u00f3n y el XXV aniversario de la C\u00e1mara de Comercio Dominico Francesa (CCDF), Casa de Campo y la CCDF, con el apoyo de la Embajada Francesa basada en la Rep\u00fablica Dominicana, estar\u00e1 realizando la \u201cSemana de Francia\u201d, un extraordinario evento de\u2026","rel":"","context":"En \u00abAltos de Chavon @es\u00bb","block_context":{"text":"Altos de Chavon @es","link":"https:\/\/casadecampoliving.com\/category\/altos-de-chavon-es\/"},"img":{"alt_text":"semana de francia","src":"https:\/\/i0.wp.com\/casadecampoliving.com\/wp-content\/uploads\/2022\/10\/semanadefrancia-1.jpg?fit=650%2C400&ssl=1&resize=350%2C200","width":350,"height":200,"srcset":"https:\/\/i0.wp.com\/casadecampoliving.com\/wp-content\/uploads\/2022\/10\/semanadefrancia-1.jpg?fit=650%2C400&ssl=1&resize=350%2C200 1x, https:\/\/i0.wp.com\/casadecampoliving.com\/wp-content\/uploads\/2022\/10\/semanadefrancia-1.jpg?fit=650%2C400&ssl=1&resize=525%2C300 1.5x"},"classes":[]}],"jetpack_sharing_enabled":true,"_links":{"self":[{"href":"https:\/\/casadecampoliving.com\/es\/wp-json\/wp\/v2\/posts\/338574","targetHints":{"allow":["GET"]}}],"collection":[{"href":"https:\/\/casadecampoliving.com\/es\/wp-json\/wp\/v2\/posts"}],"about":[{"href":"https:\/\/casadecampoliving.com\/es\/wp-json\/wp\/v2\/types\/post"}],"author":[{"embeddable":true,"href":"https:\/\/casadecampoliving.com\/es\/wp-json\/wp\/v2\/users\/31"}],"replies":[{"embeddable":true,"href":"https:\/\/casadecampoliving.com\/es\/wp-json\/wp\/v2\/comments?post=338574"}],"version-history":[{"count":1,"href":"https:\/\/casadecampoliving.com\/es\/wp-json\/wp\/v2\/posts\/338574\/revisions"}],"predecessor-version":[{"id":338575,"href":"https:\/\/casadecampoliving.com\/es\/wp-json\/wp\/v2\/posts\/338574\/revisions\/338575"}],"wp:featuredmedia":[{"embeddable":true,"href":"https:\/\/casadecampoliving.com\/es\/wp-json\/wp\/v2\/media\/262726"}],"wp:attachment":[{"href":"https:\/\/casadecampoliving.com\/es\/wp-json\/wp\/v2\/media?parent=338574"}],"wp:term":[{"taxonomy":"category","embeddable":true,"href":"https:\/\/casadecampoliving.com\/es\/wp-json\/wp\/v2\/categories?post=338574"},{"taxonomy":"post_tag","embeddable":true,"href":"https:\/\/casadecampoliving.com\/es\/wp-json\/wp\/v2\/tags?post=338574"},{"taxonomy":"newspack_spnsrs_tax","embeddable":true,"href":"https:\/\/casadecampoliving.com\/es\/wp-json\/wp\/v2\/newspack_spnsrs_tax?post=338574"}],"curies":[{"name":"wp","href":"https:\/\/api.w.org\/{rel}","templated":true}]}}