{"id":338572,"date":"2012-03-17T00:00:00","date_gmt":"2012-03-17T04:00:00","guid":{"rendered":"https:\/\/casadecampoliving.com\/gran-gala-de-la-cancion-francesa-concierto-en-el-anfiteatro-de-altos-de-chavon-sabado-24-de-marzo\/"},"modified":"2022-10-21T18:45:42","modified_gmt":"2022-10-21T22:45:42","slug":"gran-gala-de-la-cancion-francesa-concierto-en-el-anfiteatro-de-altos-de-chavon-sabado-24-de-marzo","status":"publish","type":"post","link":"https:\/\/casadecampoliving.com\/es\/gran-gala-de-la-cancion-francesa-concierto-en-el-anfiteatro-de-altos-de-chavon-sabado-24-de-marzo\/","title":{"rendered":"\u00abGran Gala de la Canci\u00f3n Francesa\u00bb concierto en el anfiteatro de Altos de Chav\u00f3n, s\u00e1bado 24 de marzo!"},"content":{"rendered":"<div class=\"wp-block-image\">\n<figure class=\"aligncenter is-resized\"><img loading=\"lazy\" decoding=\"async\" src=\"https:\/\/i0.wp.com\/casadecampoliving.com\/wp-content\/uploads\/2022\/10\/semana_de_francia_anfiteatro.jpg?resize=650%2C400&amp;ssl=1\" alt=\"semana de francia anfiteatro \" class=\"wp-image-46593\" title=\"semana_de_francia_anfiteatro\" height=\"400\" width=\"650\"\/><\/figure>\n<\/div>\n\n\n<p>El esp\u00edritu, la cultura y la m\u00fasica de Francia estar\u00e1 llegando a Casa de Campo y Altos de Chav\u00f3n en la pr\u00f3xima, semana durante la primera <a href=\"https:\/\/casadecampoliving.com\/es\/semana-de-francia-el-arte-de-vivir-a-la-francaise\/\">\u201cSemana de Francia\u201d<\/a>, que se celebrar\u00e1 entre el 22 y el 25 de marzo, incluyendo un concierto; la \u201cGran Gala de la Canci\u00f3n Francesa\u201d que tendr\u00e1 lugar en el anfiteatro de Altos de Chav\u00f3n!<\/p>\n\n\n\n<!--more-->\n\n\n\n<p>En esta gran celebraci\u00f3n se incluyen una variedad de actuaciones musicales y la danza; la \u201cGran Orquesta de Ren\u00e9 Coll\u201d, la cantante de jazz franco-dominicana Cyrille Aimee, as\u00ed como bailarines de&nbsp;Can-Can!<strong>&nbsp;Oh la la!<\/strong><\/p>\n\n\n\n<blockquote class=\"wp-block-quote is-layout-flow wp-block-quote-is-layout-flow\"><p><strong>Consiga sus entradas AHORA!<br>\n<\/strong>Las entradas a este gran evento son gratuitas \u2013 pero limitadas, por lo que recomendamos recoger las entradas en el Club de Due\u00f1os de Casa de Campo lo m\u00e1s pronto posible para evitar que se acaben!<br>\nContacto:&nbsp;(809) 523-2079<\/p><\/blockquote>\n\n\n\n<p>La \u201cGran Gala de la Canci\u00f3n Francesa\u201d incluir\u00e1 las siguientes actuaciones:<\/p>\n\n\n\n<blockquote><p><strong>\u201cLe Gran Orchestre de Rene Coll\u201d&nbsp;<\/strong><\/p><figure><img decoding=\"async\" loading=\"lazy\" class=\"aligncenter size-full wp-image-46597\" title=\"orchestre_rene_coll\" src=\"https:\/\/i0.wp.com\/casadecampoliving.com\/wp-content\/uploads\/2022\/10\/orchestre_rene_coll.jpg?resize=500%2C258&amp;ssl=1\" alt=\"orchestre rene coll\" width=\"500\" height=\"258\"><\/figure><p><strong>\u201cLe Gran Orchestre de Rene Coll\u201d&nbsp;<\/strong>incluye 5 cantantes, un baterista, un percusionista, un bajista, un pianista, 3 violinistas, un chelista, saxofonistas, trompetistas y trombonistas, as\u00ed como el director que dirige esta magn\u00edfica orquesta en la creaci\u00f3n de una variedad de diferentes sinfon\u00edas musicales; jazz, salsa, rhythm &amp; blues, funk, soul e incluso el reggae!<br>\nCr\u00e9dito&nbsp;de foto: <a href=\"http:\/\/www.renecoll.com\/\" target=\"_blank\" rel=\"noopener\">www.renecoll.com<\/a><\/p><\/blockquote>\n\n\n\n<blockquote><p><strong>Cyrille Aimee<\/strong><\/p><figure><img decoding=\"async\" loading=\"lazy\" class=\"aligncenter  wp-image-46596\" title=\"cyrille_aimee\" src=\"https:\/\/i0.wp.com\/casadecampoliving.com\/wp-content\/uploads\/2022\/10\/cyrille_aimee.jpg?resize=520%2C216&amp;ssl=1\" alt=\"cyrille aimee\" width=\"520\" height=\"216\"><\/figure><p style=\"text-align: center;\"><\/p><p>Una joven y talentosa cantante de jazz franco-dominicana, cuyo estilo natural y sencillo se ve influido tanto por los ritmos caribe\u00f1os y el swing cl\u00e1sico europeo.<br>\nCr\u00e9dito&nbsp;de foto:&nbsp;<a href=\"http:\/\/www.cyrillemusic.com\/\" target=\"_blank\" rel=\"noopener\">www.cyrillemusic.com&nbsp;<\/a><\/p><\/blockquote>\n\n\n\n<blockquote><p><strong>French Can-Can!<\/strong><\/p><figure><img decoding=\"async\" loading=\"lazy\" class=\"aligncenter size-full wp-image-46595\" title=\"french_can_can\" src=\"https:\/\/i0.wp.com\/casadecampoliving.com\/wp-content\/uploads\/2022\/10\/french_can_can.jpg?resize=500%2C259&amp;ssl=1\" alt=\"french can can\" width=\"500\" height=\"259\"><\/figure><p>Un&nbsp;baile&nbsp;r\u00e1pido y vivaz de reputaci\u00f3n escandalosa, cuyas principales caracter\u00edsticas son los movimientos provocativos, las patadas altas y el alzamiento y movimiento de las faldas. Se origin\u00f3 en el&nbsp;siglo XIX&nbsp;en&nbsp;Par\u00eds.<br>\nCr\u00e9dito&nbsp;de foto: <a href=\"http:\/\/www.flickr.com\/photos\/9852972@N03\/2175456214\" target=\"_blank\" rel=\"noopener\">Axel B\u00fchrmann&nbsp;<\/a><\/p><\/blockquote>\n\n\n\n<p>La \u201cGran Gala de la Canci\u00f3n Francesa\u201d est\u00e1 siendo producida y dirigida por la artista dominicano Chiqui Haddad, el creador de \u201cKandela!\u201d el espect\u00e1culo de&nbsp;la m\u00fasica dominicana realizado todos los lunes a las 6 pm en el anfiteatro de Altos de Chav\u00f3n (<a href=\"https:\/\/casadecampoliving.com\/es\/2012\/01\/disfrute-de-una-extravaganza-dominicana-en-altos-de-chavon-todos-los-lunes\/\">haga clic aqu\u00ed para m\u00e1s informaci\u00f3n<\/a>).<\/p>\n\n\n\n<blockquote class=\"wp-block-quote is-layout-flow wp-block-quote-is-layout-flow\"><p><strong>\u201cGran Gala de la Canci\u00f3n Francesa\u201d<br>\nCuando: <\/strong>S\u00e1bado 24 de marzo, 8:30pm&nbsp;<strong><br>\nDonde:<\/strong>&nbsp;Al anfiteatro de Altos de Chav\u00f3n, Casa de Campo<strong><br>\nCosto: <\/strong>GRATIS<strong><br>\nEntradas: <\/strong>Disponibles en el club de due\u00f1os de Casa de Campo<strong><br>\nContacto:&nbsp;<\/strong>(809) 523-2079<\/p><\/blockquote>\n\n\n\n<blockquote class=\"wp-block-quote is-layout-flow wp-block-quote-is-layout-flow\"><p><strong><a href=\"https:\/\/casadecampoliving.com\/es\/semana-de-francia-el-arte-de-vivir-a-la-francaise\/\">\u201cSemana de Francia\u201d: 22 \u2013 25 de marzo&nbsp;<\/a><\/strong><\/p><p>La Semana de Francia incorporar\u00e1 numerosas actividades empresariales, tecnol\u00f3gicas, culturales y gastron\u00f3micas por los distintos lugares de Casa de Campo y la excepcional villa de Altos de Chav\u00f3n, que ser\u00e1 convertida en un t\u00edpico pueblo franc\u00e9s, con tiendas y stands, as\u00ed como eventos art\u00edsticos, culturales, gastron\u00f3micos, comerciales y deportivos.<\/p><p><em><a href=\"https:\/\/casadecampoliving.com\/es\/semana-de-francia-el-arte-de-vivir-a-la-francaise\/\">Haga click aqu\u00ed para leer m\u00e1s de la Semana de Francia!&nbsp;<\/a><\/em><\/p><\/blockquote>\n","protected":false},"excerpt":{"rendered":"<p>El esp\u00edritu, la cultura y la m\u00fasica de Francia estar\u00e1 llegando a Casa de Campo y Altos de Chav\u00f3n en la pr\u00f3xima, semana durante la primera \u201cSemana de Francia\u201d, que se celebrar\u00e1 entre el 22 y el 25 de marzo, incluyendo un concierto; la \u201cGran Gala de la Canci\u00f3n Francesa\u201d que tendr\u00e1 lugar en el [&hellip;]<\/p>\n","protected":false},"author":31,"featured_media":263763,"comment_status":"closed","ping_status":"closed","sticky":false,"template":"","format":"standard","meta":{"newspack_ads_suppress_ads":false,"newspack_popups_has_disabled_popups":false,"newspack_sponsor_sponsorship_scope":"","newspack_sponsor_native_byline_display":"inherit","newspack_sponsor_native_category_display":"inherit","newspack_sponsor_underwriter_style":"inherit","newspack_sponsor_underwriter_placement":"inherit","_newspack_byline_active":false,"_newspack_byline":"","newspack_hide_updated_date":false,"newspack_show_updated_date":false,"newspack_content_restriction_is_exempt":false,"newspack_featured_image_position":"","newspack_post_subtitle":"","newspack_article_summary_title":"Overview:","newspack_article_summary":"","_jetpack_memberships_contains_paid_content":false,"footnotes":"","jetpack_publicize_message":"","jetpack_publicize_feature_enabled":true,"jetpack_social_post_already_shared":false,"jetpack_social_options":{"image_generator_settings":{"template":"highway","default_image_id":0,"font":"","enabled":false},"version":2},"_wpas_customize_per_network":false},"categories":[26819,26823,2522,14625,14627,2526],"tags":[15387,2814,3626,3651],"newspack_spnsrs_tax":[],"class_list":["post-338572","post","type-post","status-publish","format-standard","has-post-thumbnail","hentry","category-altos-de-chavon-es","category-arte-y-cultura","category-eventos-es","category-noticias-locales","category-proximamente","category-titulares-es","tag-altos-de-chavon-es","tag-anfiteatro","tag-casa-de-campo-es","tag-semana-de-francia-es","entry"],"yoast_head":"<!-- This site is optimized with the Yoast SEO plugin v27.5 - https:\/\/yoast.com\/product\/yoast-seo-wordpress\/ -->\n<title>&quot;Gran Gala de la Canci\u00f3n Francesa&quot; concierto en el anfiteatro de Altos de Chav\u00f3n, s\u00e1bado 24 de marzo! | Casa de Campo Living<\/title>\n<meta name=\"description\" content=\"El esp\u00edritu, la cultura y la m\u00fasica de Francia estar\u00e1 llegando a Casa de Campo y Altos de Chav\u00f3n en la pr\u00f3xima, semana durante la primera \u201cSemana de\" \/>\n<meta name=\"robots\" content=\"index, follow, max-snippet:-1, max-image-preview:large, max-video-preview:-1\" \/>\n<link rel=\"canonical\" href=\"https:\/\/casadecampoliving.com\/es\/gran-gala-de-la-cancion-francesa-concierto-en-el-anfiteatro-de-altos-de-chavon-sabado-24-de-marzo\/\" \/>\n<meta property=\"og:locale\" content=\"es_ES\" \/>\n<meta property=\"og:type\" content=\"article\" \/>\n<meta property=\"og:title\" content=\"&quot;Gran Gala de la Canci\u00f3n Francesa&quot; concierto en el anfiteatro de Altos de Chav\u00f3n, s\u00e1bado 24 de marzo! | Casa de Campo Living\" \/>\n<meta property=\"og:description\" content=\"El esp\u00edritu, la cultura y la m\u00fasica de Francia estar\u00e1 llegando a Casa de Campo y Altos de Chav\u00f3n en la pr\u00f3xima, semana durante la primera \u201cSemana de\" \/>\n<meta property=\"og:url\" content=\"https:\/\/casadecampoliving.com\/es\/gran-gala-de-la-cancion-francesa-concierto-en-el-anfiteatro-de-altos-de-chavon-sabado-24-de-marzo\/\" \/>\n<meta property=\"og:site_name\" content=\"Casa de Campo Living\" \/>\n<meta property=\"article:publisher\" content=\"https:\/\/www.facebook.com\/casadecampoliving\" \/>\n<meta property=\"article:published_time\" content=\"2012-03-17T04:00:00+00:00\" \/>\n<meta property=\"article:modified_time\" content=\"2022-10-21T22:45:42+00:00\" \/>\n<meta property=\"og:image\" content=\"https:\/\/i0.wp.com\/casadecampoliving.com\/wp-content\/uploads\/2022\/10\/semana_de_francia_anfiteatro-1.jpg?fit=650%2C400&ssl=1\" \/>\n\t<meta property=\"og:image:width\" content=\"650\" \/>\n\t<meta property=\"og:image:height\" content=\"400\" \/>\n\t<meta property=\"og:image:type\" content=\"image\/jpeg\" \/>\n<meta name=\"author\" content=\"Rebecca Silvestri\" \/>\n<meta name=\"twitter:card\" content=\"summary_large_image\" \/>\n<meta name=\"twitter:creator\" content=\"@cdcliving\" \/>\n<meta name=\"twitter:site\" content=\"@cdcliving\" \/>\n<meta name=\"twitter:label1\" content=\"Escrito por\" \/>\n\t<meta name=\"twitter:data1\" content=\"Rebecca Silvestri\" \/>\n\t<meta name=\"twitter:label2\" content=\"Tiempo de lectura\" \/>\n\t<meta name=\"twitter:data2\" content=\"2 minutos\" \/>\n<script type=\"application\/ld+json\" class=\"yoast-schema-graph\">{\"@context\":\"https:\\\/\\\/schema.org\",\"@graph\":[{\"@type\":\"Article\",\"@id\":\"https:\\\/\\\/casadecampoliving.com\\\/es\\\/gran-gala-de-la-cancion-francesa-concierto-en-el-anfiteatro-de-altos-de-chavon-sabado-24-de-marzo\\\/#article\",\"isPartOf\":{\"@id\":\"https:\\\/\\\/casadecampoliving.com\\\/es\\\/gran-gala-de-la-cancion-francesa-concierto-en-el-anfiteatro-de-altos-de-chavon-sabado-24-de-marzo\\\/\"},\"author\":{\"name\":\"Rebecca Silvestri\",\"@id\":\"https:\\\/\\\/casadecampoliving.com\\\/es\\\/#\\\/schema\\\/person\\\/2b2208f3175fa8761e25b272e096d718\"},\"headline\":\"\u00abGran Gala de la Canci\u00f3n Francesa\u00bb concierto en el anfiteatro de Altos de Chav\u00f3n, s\u00e1bado 24 de marzo!\",\"datePublished\":\"2012-03-17T04:00:00+00:00\",\"dateModified\":\"2022-10-21T22:45:42+00:00\",\"mainEntityOfPage\":{\"@id\":\"https:\\\/\\\/casadecampoliving.com\\\/es\\\/gran-gala-de-la-cancion-francesa-concierto-en-el-anfiteatro-de-altos-de-chavon-sabado-24-de-marzo\\\/\"},\"wordCount\":517,\"publisher\":{\"@id\":\"https:\\\/\\\/casadecampoliving.com\\\/es\\\/#organization\"},\"image\":{\"@id\":\"https:\\\/\\\/casadecampoliving.com\\\/es\\\/gran-gala-de-la-cancion-francesa-concierto-en-el-anfiteatro-de-altos-de-chavon-sabado-24-de-marzo\\\/#primaryimage\"},\"thumbnailUrl\":\"https:\\\/\\\/i0.wp.com\\\/casadecampoliving.com\\\/wp-content\\\/uploads\\\/2022\\\/10\\\/semana_de_francia_anfiteatro-1.jpg?fit=650%2C400&ssl=1\",\"keywords\":[\"Altos de Chavon\",\"anfiteatro\",\"casa de campo @es\",\"semana de francia @es\"],\"articleSection\":[\"Altos de Chavon @es\",\"Arte y cultura\",\"Eventos\",\"Noticias Locales\",\"Proximamente\",\"Titulares\"],\"inLanguage\":\"es\"},{\"@type\":\"WebPage\",\"@id\":\"https:\\\/\\\/casadecampoliving.com\\\/es\\\/gran-gala-de-la-cancion-francesa-concierto-en-el-anfiteatro-de-altos-de-chavon-sabado-24-de-marzo\\\/\",\"url\":\"https:\\\/\\\/casadecampoliving.com\\\/es\\\/gran-gala-de-la-cancion-francesa-concierto-en-el-anfiteatro-de-altos-de-chavon-sabado-24-de-marzo\\\/\",\"name\":\"\\\"Gran Gala de la Canci\u00f3n Francesa\\\" concierto en el anfiteatro de Altos de Chav\u00f3n, s\u00e1bado 24 de marzo! | Casa de Campo Living\",\"isPartOf\":{\"@id\":\"https:\\\/\\\/casadecampoliving.com\\\/es\\\/#website\"},\"primaryImageOfPage\":{\"@id\":\"https:\\\/\\\/casadecampoliving.com\\\/es\\\/gran-gala-de-la-cancion-francesa-concierto-en-el-anfiteatro-de-altos-de-chavon-sabado-24-de-marzo\\\/#primaryimage\"},\"image\":{\"@id\":\"https:\\\/\\\/casadecampoliving.com\\\/es\\\/gran-gala-de-la-cancion-francesa-concierto-en-el-anfiteatro-de-altos-de-chavon-sabado-24-de-marzo\\\/#primaryimage\"},\"thumbnailUrl\":\"https:\\\/\\\/i0.wp.com\\\/casadecampoliving.com\\\/wp-content\\\/uploads\\\/2022\\\/10\\\/semana_de_francia_anfiteatro-1.jpg?fit=650%2C400&ssl=1\",\"datePublished\":\"2012-03-17T04:00:00+00:00\",\"dateModified\":\"2022-10-21T22:45:42+00:00\",\"description\":\"El esp\u00edritu, la cultura y la m\u00fasica de Francia estar\u00e1 llegando a Casa de Campo y Altos de Chav\u00f3n en la pr\u00f3xima, semana durante la primera \u201cSemana de\",\"breadcrumb\":{\"@id\":\"https:\\\/\\\/casadecampoliving.com\\\/es\\\/gran-gala-de-la-cancion-francesa-concierto-en-el-anfiteatro-de-altos-de-chavon-sabado-24-de-marzo\\\/#breadcrumb\"},\"inLanguage\":\"es\",\"potentialAction\":[{\"@type\":\"ReadAction\",\"target\":[\"https:\\\/\\\/casadecampoliving.com\\\/es\\\/gran-gala-de-la-cancion-francesa-concierto-en-el-anfiteatro-de-altos-de-chavon-sabado-24-de-marzo\\\/\"]}]},{\"@type\":\"ImageObject\",\"inLanguage\":\"es\",\"@id\":\"https:\\\/\\\/casadecampoliving.com\\\/es\\\/gran-gala-de-la-cancion-francesa-concierto-en-el-anfiteatro-de-altos-de-chavon-sabado-24-de-marzo\\\/#primaryimage\",\"url\":\"https:\\\/\\\/i0.wp.com\\\/casadecampoliving.com\\\/wp-content\\\/uploads\\\/2022\\\/10\\\/semana_de_francia_anfiteatro-1.jpg?fit=650%2C400&ssl=1\",\"contentUrl\":\"https:\\\/\\\/i0.wp.com\\\/casadecampoliving.com\\\/wp-content\\\/uploads\\\/2022\\\/10\\\/semana_de_francia_anfiteatro-1.jpg?fit=650%2C400&ssl=1\",\"width\":650,\"height\":400,\"caption\":\"semana de francia anfiteatro\"},{\"@type\":\"BreadcrumbList\",\"@id\":\"https:\\\/\\\/casadecampoliving.com\\\/es\\\/gran-gala-de-la-cancion-francesa-concierto-en-el-anfiteatro-de-altos-de-chavon-sabado-24-de-marzo\\\/#breadcrumb\",\"itemListElement\":[{\"@type\":\"ListItem\",\"position\":1,\"name\":\"Home\",\"item\":\"https:\\\/\\\/casadecampoliving.com\\\/es\\\/\"},{\"@type\":\"ListItem\",\"position\":2,\"name\":\"&#8220;Gran Gala de la Canci\u00f3n Francesa&#8221; concierto en el anfiteatro de Altos de Chav\u00f3n, s\u00e1bado 24 de marzo!\"}]},{\"@type\":\"WebSite\",\"@id\":\"https:\\\/\\\/casadecampoliving.com\\\/es\\\/#website\",\"url\":\"https:\\\/\\\/casadecampoliving.com\\\/es\\\/\",\"name\":\"Casa de Campo Living\",\"description\":\"Resort community news and resources.\",\"publisher\":{\"@id\":\"https:\\\/\\\/casadecampoliving.com\\\/es\\\/#organization\"},\"potentialAction\":[{\"@type\":\"SearchAction\",\"target\":{\"@type\":\"EntryPoint\",\"urlTemplate\":\"https:\\\/\\\/casadecampoliving.com\\\/es\\\/?s={search_term_string}\"},\"query-input\":{\"@type\":\"PropertyValueSpecification\",\"valueRequired\":true,\"valueName\":\"search_term_string\"}}],\"inLanguage\":\"es\"},{\"@type\":\"Organization\",\"@id\":\"https:\\\/\\\/casadecampoliving.com\\\/es\\\/#organization\",\"name\":\"Casa de Campo Living\",\"url\":\"https:\\\/\\\/casadecampoliving.com\\\/es\\\/\",\"logo\":{\"@type\":\"ImageObject\",\"inLanguage\":\"es\",\"@id\":\"https:\\\/\\\/casadecampoliving.com\\\/es\\\/#\\\/schema\\\/logo\\\/image\\\/\",\"url\":\"https:\\\/\\\/i0.wp.com\\\/casadecampoliving.com\\\/wp-content\\\/uploads\\\/2022\\\/07\\\/CDCLivingLogo_V1-white-sized.png?fit=800%2C214&ssl=1\",\"contentUrl\":\"https:\\\/\\\/i0.wp.com\\\/casadecampoliving.com\\\/wp-content\\\/uploads\\\/2022\\\/07\\\/CDCLivingLogo_V1-white-sized.png?fit=800%2C214&ssl=1\",\"width\":800,\"height\":214,\"caption\":\"Casa de Campo Living\"},\"image\":{\"@id\":\"https:\\\/\\\/casadecampoliving.com\\\/es\\\/#\\\/schema\\\/logo\\\/image\\\/\"},\"sameAs\":[\"https:\\\/\\\/www.facebook.com\\\/casadecampoliving\",\"https:\\\/\\\/x.com\\\/cdcliving\"]},{\"@type\":\"Person\",\"@id\":\"https:\\\/\\\/casadecampoliving.com\\\/es\\\/#\\\/schema\\\/person\\\/2b2208f3175fa8761e25b272e096d718\",\"name\":\"Rebecca Silvestri\",\"image\":{\"@type\":\"ImageObject\",\"inLanguage\":\"es\",\"@id\":\"https:\\\/\\\/secure.gravatar.com\\\/avatar\\\/2d937fd6c1769fb718dbf8dce9e82bf5f89e97bd028f9b3ea10b931dc7df95c6?s=96&d=mm&r=g\",\"url\":\"https:\\\/\\\/secure.gravatar.com\\\/avatar\\\/2d937fd6c1769fb718dbf8dce9e82bf5f89e97bd028f9b3ea10b931dc7df95c6?s=96&d=mm&r=g\",\"contentUrl\":\"https:\\\/\\\/secure.gravatar.com\\\/avatar\\\/2d937fd6c1769fb718dbf8dce9e82bf5f89e97bd028f9b3ea10b931dc7df95c6?s=96&d=mm&r=g\",\"caption\":\"Rebecca Silvestri\"},\"url\":\"https:\\\/\\\/casadecampoliving.com\\\/es\\\/author\\\/madamehuge\\\/\"}]}<\/script>\n<!-- \/ Yoast SEO plugin. -->","yoast_head_json":{"title":"\"Gran Gala de la Canci\u00f3n Francesa\" concierto en el anfiteatro de Altos de Chav\u00f3n, s\u00e1bado 24 de marzo! | Casa de Campo Living","description":"El esp\u00edritu, la cultura y la m\u00fasica de Francia estar\u00e1 llegando a Casa de Campo y Altos de Chav\u00f3n en la pr\u00f3xima, semana durante la primera \u201cSemana de","robots":{"index":"index","follow":"follow","max-snippet":"max-snippet:-1","max-image-preview":"max-image-preview:large","max-video-preview":"max-video-preview:-1"},"canonical":"https:\/\/casadecampoliving.com\/es\/gran-gala-de-la-cancion-francesa-concierto-en-el-anfiteatro-de-altos-de-chavon-sabado-24-de-marzo\/","og_locale":"es_ES","og_type":"article","og_title":"\"Gran Gala de la Canci\u00f3n Francesa\" concierto en el anfiteatro de Altos de Chav\u00f3n, s\u00e1bado 24 de marzo! | Casa de Campo Living","og_description":"El esp\u00edritu, la cultura y la m\u00fasica de Francia estar\u00e1 llegando a Casa de Campo y Altos de Chav\u00f3n en la pr\u00f3xima, semana durante la primera \u201cSemana de","og_url":"https:\/\/casadecampoliving.com\/es\/gran-gala-de-la-cancion-francesa-concierto-en-el-anfiteatro-de-altos-de-chavon-sabado-24-de-marzo\/","og_site_name":"Casa de Campo Living","article_publisher":"https:\/\/www.facebook.com\/casadecampoliving","article_published_time":"2012-03-17T04:00:00+00:00","article_modified_time":"2022-10-21T22:45:42+00:00","og_image":[{"width":650,"height":400,"url":"https:\/\/i0.wp.com\/casadecampoliving.com\/wp-content\/uploads\/2022\/10\/semana_de_francia_anfiteatro-1.jpg?fit=650%2C400&ssl=1","type":"image\/jpeg"}],"author":"Rebecca Silvestri","twitter_card":"summary_large_image","twitter_creator":"@cdcliving","twitter_site":"@cdcliving","twitter_misc":{"Escrito por":"Rebecca Silvestri","Tiempo de lectura":"2 minutos"},"schema":{"@context":"https:\/\/schema.org","@graph":[{"@type":"Article","@id":"https:\/\/casadecampoliving.com\/es\/gran-gala-de-la-cancion-francesa-concierto-en-el-anfiteatro-de-altos-de-chavon-sabado-24-de-marzo\/#article","isPartOf":{"@id":"https:\/\/casadecampoliving.com\/es\/gran-gala-de-la-cancion-francesa-concierto-en-el-anfiteatro-de-altos-de-chavon-sabado-24-de-marzo\/"},"author":{"name":"Rebecca Silvestri","@id":"https:\/\/casadecampoliving.com\/es\/#\/schema\/person\/2b2208f3175fa8761e25b272e096d718"},"headline":"\u00abGran Gala de la Canci\u00f3n Francesa\u00bb concierto en el anfiteatro de Altos de Chav\u00f3n, s\u00e1bado 24 de marzo!","datePublished":"2012-03-17T04:00:00+00:00","dateModified":"2022-10-21T22:45:42+00:00","mainEntityOfPage":{"@id":"https:\/\/casadecampoliving.com\/es\/gran-gala-de-la-cancion-francesa-concierto-en-el-anfiteatro-de-altos-de-chavon-sabado-24-de-marzo\/"},"wordCount":517,"publisher":{"@id":"https:\/\/casadecampoliving.com\/es\/#organization"},"image":{"@id":"https:\/\/casadecampoliving.com\/es\/gran-gala-de-la-cancion-francesa-concierto-en-el-anfiteatro-de-altos-de-chavon-sabado-24-de-marzo\/#primaryimage"},"thumbnailUrl":"https:\/\/i0.wp.com\/casadecampoliving.com\/wp-content\/uploads\/2022\/10\/semana_de_francia_anfiteatro-1.jpg?fit=650%2C400&ssl=1","keywords":["Altos de Chavon","anfiteatro","casa de campo @es","semana de francia @es"],"articleSection":["Altos de Chavon @es","Arte y cultura","Eventos","Noticias Locales","Proximamente","Titulares"],"inLanguage":"es"},{"@type":"WebPage","@id":"https:\/\/casadecampoliving.com\/es\/gran-gala-de-la-cancion-francesa-concierto-en-el-anfiteatro-de-altos-de-chavon-sabado-24-de-marzo\/","url":"https:\/\/casadecampoliving.com\/es\/gran-gala-de-la-cancion-francesa-concierto-en-el-anfiteatro-de-altos-de-chavon-sabado-24-de-marzo\/","name":"\"Gran Gala de la Canci\u00f3n Francesa\" concierto en el anfiteatro de Altos de Chav\u00f3n, s\u00e1bado 24 de marzo! | Casa de Campo Living","isPartOf":{"@id":"https:\/\/casadecampoliving.com\/es\/#website"},"primaryImageOfPage":{"@id":"https:\/\/casadecampoliving.com\/es\/gran-gala-de-la-cancion-francesa-concierto-en-el-anfiteatro-de-altos-de-chavon-sabado-24-de-marzo\/#primaryimage"},"image":{"@id":"https:\/\/casadecampoliving.com\/es\/gran-gala-de-la-cancion-francesa-concierto-en-el-anfiteatro-de-altos-de-chavon-sabado-24-de-marzo\/#primaryimage"},"thumbnailUrl":"https:\/\/i0.wp.com\/casadecampoliving.com\/wp-content\/uploads\/2022\/10\/semana_de_francia_anfiteatro-1.jpg?fit=650%2C400&ssl=1","datePublished":"2012-03-17T04:00:00+00:00","dateModified":"2022-10-21T22:45:42+00:00","description":"El esp\u00edritu, la cultura y la m\u00fasica de Francia estar\u00e1 llegando a Casa de Campo y Altos de Chav\u00f3n en la pr\u00f3xima, semana durante la primera \u201cSemana de","breadcrumb":{"@id":"https:\/\/casadecampoliving.com\/es\/gran-gala-de-la-cancion-francesa-concierto-en-el-anfiteatro-de-altos-de-chavon-sabado-24-de-marzo\/#breadcrumb"},"inLanguage":"es","potentialAction":[{"@type":"ReadAction","target":["https:\/\/casadecampoliving.com\/es\/gran-gala-de-la-cancion-francesa-concierto-en-el-anfiteatro-de-altos-de-chavon-sabado-24-de-marzo\/"]}]},{"@type":"ImageObject","inLanguage":"es","@id":"https:\/\/casadecampoliving.com\/es\/gran-gala-de-la-cancion-francesa-concierto-en-el-anfiteatro-de-altos-de-chavon-sabado-24-de-marzo\/#primaryimage","url":"https:\/\/i0.wp.com\/casadecampoliving.com\/wp-content\/uploads\/2022\/10\/semana_de_francia_anfiteatro-1.jpg?fit=650%2C400&ssl=1","contentUrl":"https:\/\/i0.wp.com\/casadecampoliving.com\/wp-content\/uploads\/2022\/10\/semana_de_francia_anfiteatro-1.jpg?fit=650%2C400&ssl=1","width":650,"height":400,"caption":"semana de francia anfiteatro"},{"@type":"BreadcrumbList","@id":"https:\/\/casadecampoliving.com\/es\/gran-gala-de-la-cancion-francesa-concierto-en-el-anfiteatro-de-altos-de-chavon-sabado-24-de-marzo\/#breadcrumb","itemListElement":[{"@type":"ListItem","position":1,"name":"Home","item":"https:\/\/casadecampoliving.com\/es\/"},{"@type":"ListItem","position":2,"name":"&#8220;Gran Gala de la Canci\u00f3n Francesa&#8221; concierto en el anfiteatro de Altos de Chav\u00f3n, s\u00e1bado 24 de marzo!"}]},{"@type":"WebSite","@id":"https:\/\/casadecampoliving.com\/es\/#website","url":"https:\/\/casadecampoliving.com\/es\/","name":"Casa de Campo Living","description":"Resort community news and resources.","publisher":{"@id":"https:\/\/casadecampoliving.com\/es\/#organization"},"potentialAction":[{"@type":"SearchAction","target":{"@type":"EntryPoint","urlTemplate":"https:\/\/casadecampoliving.com\/es\/?s={search_term_string}"},"query-input":{"@type":"PropertyValueSpecification","valueRequired":true,"valueName":"search_term_string"}}],"inLanguage":"es"},{"@type":"Organization","@id":"https:\/\/casadecampoliving.com\/es\/#organization","name":"Casa de Campo Living","url":"https:\/\/casadecampoliving.com\/es\/","logo":{"@type":"ImageObject","inLanguage":"es","@id":"https:\/\/casadecampoliving.com\/es\/#\/schema\/logo\/image\/","url":"https:\/\/i0.wp.com\/casadecampoliving.com\/wp-content\/uploads\/2022\/07\/CDCLivingLogo_V1-white-sized.png?fit=800%2C214&ssl=1","contentUrl":"https:\/\/i0.wp.com\/casadecampoliving.com\/wp-content\/uploads\/2022\/07\/CDCLivingLogo_V1-white-sized.png?fit=800%2C214&ssl=1","width":800,"height":214,"caption":"Casa de Campo Living"},"image":{"@id":"https:\/\/casadecampoliving.com\/es\/#\/schema\/logo\/image\/"},"sameAs":["https:\/\/www.facebook.com\/casadecampoliving","https:\/\/x.com\/cdcliving"]},{"@type":"Person","@id":"https:\/\/casadecampoliving.com\/es\/#\/schema\/person\/2b2208f3175fa8761e25b272e096d718","name":"Rebecca Silvestri","image":{"@type":"ImageObject","inLanguage":"es","@id":"https:\/\/secure.gravatar.com\/avatar\/2d937fd6c1769fb718dbf8dce9e82bf5f89e97bd028f9b3ea10b931dc7df95c6?s=96&d=mm&r=g","url":"https:\/\/secure.gravatar.com\/avatar\/2d937fd6c1769fb718dbf8dce9e82bf5f89e97bd028f9b3ea10b931dc7df95c6?s=96&d=mm&r=g","contentUrl":"https:\/\/secure.gravatar.com\/avatar\/2d937fd6c1769fb718dbf8dce9e82bf5f89e97bd028f9b3ea10b931dc7df95c6?s=96&d=mm&r=g","caption":"Rebecca Silvestri"},"url":"https:\/\/casadecampoliving.com\/es\/author\/madamehuge\/"}]}},"parsely":{"version":"1.1.0","canonical_url":"https:\/\/casadecampoliving.com\/es\/gran-gala-de-la-cancion-francesa-concierto-en-el-anfiteatro-de-altos-de-chavon-sabado-24-de-marzo\/","smart_links":{"inbound":0,"outbound":0},"traffic_boost_suggestions_count":0,"meta":{"@context":"https:\/\/schema.org","@type":"NewsArticle","headline":"\u00abGran Gala de la Canci\u00f3n Francesa\u00bb concierto en el anfiteatro de Altos de Chav\u00f3n, s\u00e1bado 24 de marzo!","url":"http:\/\/casadecampoliving.com\/es\/gran-gala-de-la-cancion-francesa-concierto-en-el-anfiteatro-de-altos-de-chavon-sabado-24-de-marzo\/","mainEntityOfPage":{"@type":"WebPage","@id":"http:\/\/casadecampoliving.com\/es\/gran-gala-de-la-cancion-francesa-concierto-en-el-anfiteatro-de-altos-de-chavon-sabado-24-de-marzo\/"},"thumbnailUrl":"https:\/\/i0.wp.com\/casadecampoliving.com\/wp-content\/uploads\/2022\/10\/semana_de_francia_anfiteatro-1.jpg?resize=150%2C150&ssl=1","image":{"@type":"ImageObject","url":"https:\/\/i0.wp.com\/casadecampoliving.com\/wp-content\/uploads\/2022\/10\/semana_de_francia_anfiteatro-1.jpg?fit=650%2C400&ssl=1"},"articleSection":"Altos de Chavon @es","author":[{"@type":"Person","name":"Rebecca Silvestri"}],"creator":["Rebecca Silvestri"],"publisher":{"@type":"Organization","name":"Casa de Campo Living","logo":"https:\/\/casadecampoliving.com\/wp-content\/uploads\/2022\/07\/CDCLivingLogo_V1-white-sized.png"},"keywords":["altos de chavon","anfiteatro","casa de campo @es","semana de francia @es"],"dateCreated":"2012-03-17T04:00:00Z","datePublished":"2012-03-17T04:00:00Z","dateModified":"2022-10-21T22:45:42Z"},"rendered":"<script type=\"application\/ld+json\" class=\"wp-parsely-metadata\">{\"@context\":\"https:\\\/\\\/schema.org\",\"@type\":\"NewsArticle\",\"headline\":\"\\u00abGran Gala de la Canci\\u00f3n Francesa\\u00bb concierto en el anfiteatro de Altos de Chav\\u00f3n, s\\u00e1bado 24 de marzo!\",\"url\":\"http:\\\/\\\/casadecampoliving.com\\\/es\\\/gran-gala-de-la-cancion-francesa-concierto-en-el-anfiteatro-de-altos-de-chavon-sabado-24-de-marzo\\\/\",\"mainEntityOfPage\":{\"@type\":\"WebPage\",\"@id\":\"http:\\\/\\\/casadecampoliving.com\\\/es\\\/gran-gala-de-la-cancion-francesa-concierto-en-el-anfiteatro-de-altos-de-chavon-sabado-24-de-marzo\\\/\"},\"thumbnailUrl\":\"https:\\\/\\\/i0.wp.com\\\/casadecampoliving.com\\\/wp-content\\\/uploads\\\/2022\\\/10\\\/semana_de_francia_anfiteatro-1.jpg?resize=150%2C150&ssl=1\",\"image\":{\"@type\":\"ImageObject\",\"url\":\"https:\\\/\\\/i0.wp.com\\\/casadecampoliving.com\\\/wp-content\\\/uploads\\\/2022\\\/10\\\/semana_de_francia_anfiteatro-1.jpg?fit=650%2C400&ssl=1\"},\"articleSection\":\"Altos de Chavon @es\",\"author\":[{\"@type\":\"Person\",\"name\":\"Rebecca Silvestri\"}],\"creator\":[\"Rebecca Silvestri\"],\"publisher\":{\"@type\":\"Organization\",\"name\":\"Casa de Campo Living\",\"logo\":\"https:\\\/\\\/casadecampoliving.com\\\/wp-content\\\/uploads\\\/2022\\\/07\\\/CDCLivingLogo_V1-white-sized.png\"},\"keywords\":[\"altos de chavon\",\"anfiteatro\",\"casa de campo @es\",\"semana de francia @es\"],\"dateCreated\":\"2012-03-17T04:00:00Z\",\"datePublished\":\"2012-03-17T04:00:00Z\",\"dateModified\":\"2022-10-21T22:45:42Z\"}<\/script>","tracker_url":"https:\/\/cdn.parsely.com\/keys\/casadecampoliving.com\/p.js"},"jetpack_publicize_connections":[],"jetpack_featured_media_url":"https:\/\/i0.wp.com\/casadecampoliving.com\/wp-content\/uploads\/2022\/10\/semana_de_francia_anfiteatro-1.jpg?fit=650%2C400&ssl=1","jetpack-related-posts":[{"id":433460,"url":"https:\/\/casadecampoliving.com\/es\/no-se-pierdan-el-increible-tributo-a-frank-sinatra-para-celebrar-el-40-aniversario-del-anfiteatro-altos-de-chavon\/","url_meta":{"origin":338572,"position":0},"title":"No se pierdan el incre\u00edble tributo a Frank Sinatra para celebrar el 40 aniversario del\u00a0Anfiteatro Altos de Chav\u00f3n","author":"Casa de Campo Living","date":"20 Oct, 2022","format":false,"excerpt":"Siendo uno de los escenarios m\u00e1s emblem\u00e1ticos del pa\u00eds, Casa de Campo Resort\u00ae & Villas celebra las cuatro d\u00e9cadas de aniversario de Altos de Chav\u00f3n con un tributo al gran Frank Sinatra, protagonizado por artistas invitados y una big band tal cual la que acompa\u00f1\u00f3 al artista hace 40 a\u00f1os\u2026","rel":"","context":"En \u00abUncategorized @es\u00bb","block_context":{"text":"Uncategorized @es","link":"https:\/\/casadecampoliving.com\/es\/category\/uncategorized-es\/"},"img":{"alt_text":"","src":"https:\/\/i0.wp.com\/casadecampoliving.com\/wp-content\/uploads\/2022\/10\/Tributo-Frank-Sinatra-Foto-Principal-Amaury-Sanchez-Danilo-Ginebra-Andres-Pichardo-y-Jose-Gabriel-Perez-.jpg?fit=1200%2C873&ssl=1&resize=350%2C200","width":350,"height":200,"srcset":"https:\/\/i0.wp.com\/casadecampoliving.com\/wp-content\/uploads\/2022\/10\/Tributo-Frank-Sinatra-Foto-Principal-Amaury-Sanchez-Danilo-Ginebra-Andres-Pichardo-y-Jose-Gabriel-Perez-.jpg?fit=1200%2C873&ssl=1&resize=350%2C200 1x, https:\/\/i0.wp.com\/casadecampoliving.com\/wp-content\/uploads\/2022\/10\/Tributo-Frank-Sinatra-Foto-Principal-Amaury-Sanchez-Danilo-Ginebra-Andres-Pichardo-y-Jose-Gabriel-Perez-.jpg?fit=1200%2C873&ssl=1&resize=525%2C300 1.5x, https:\/\/i0.wp.com\/casadecampoliving.com\/wp-content\/uploads\/2022\/10\/Tributo-Frank-Sinatra-Foto-Principal-Amaury-Sanchez-Danilo-Ginebra-Andres-Pichardo-y-Jose-Gabriel-Perez-.jpg?fit=1200%2C873&ssl=1&resize=700%2C400 2x, https:\/\/i0.wp.com\/casadecampoliving.com\/wp-content\/uploads\/2022\/10\/Tributo-Frank-Sinatra-Foto-Principal-Amaury-Sanchez-Danilo-Ginebra-Andres-Pichardo-y-Jose-Gabriel-Perez-.jpg?fit=1200%2C873&ssl=1&resize=1050%2C600 3x"},"classes":[]},{"id":321128,"url":"https:\/\/casadecampoliving.com\/gran-gala-de-la-cancion-francesa-concert-at-the-altos-de-chavon-amphitheater-saturday-march-24th\/","url_meta":{"origin":338572,"position":1},"title":"\u00abGran Gala de la Canci\u00f3n Francesa\u00bb concert at the Altos de Chav\u00f3n amphitheater, Saturday March 24th!","author":"Rebecca Silvestri","date":"17 Mar, 2012","format":false,"excerpt":"The spirit, culture and music of France is arriving to Casa de Campo and Altos de Chav\u00f3n next week during the first annual \u201cSemana de Francia\u201d, to be celebrated between the 22nd and the 25th of March, with one of the many highlights of the event being the \u201cGran Gala\u2026","rel":"","context":"En \u00abAltos de Chavon\u00bb","block_context":{"text":"Altos de Chavon","link":"https:\/\/casadecampoliving.com\/category\/altos-de-chavon\/"},"img":{"alt_text":"semana de francia anfiteatro","src":"https:\/\/i0.wp.com\/casadecampoliving.com\/wp-content\/uploads\/2022\/10\/semana_de_francia_anfiteatro-1.jpg?fit=650%2C400&ssl=1&resize=350%2C200","width":350,"height":200,"srcset":"https:\/\/i0.wp.com\/casadecampoliving.com\/wp-content\/uploads\/2022\/10\/semana_de_francia_anfiteatro-1.jpg?fit=650%2C400&ssl=1&resize=350%2C200 1x, https:\/\/i0.wp.com\/casadecampoliving.com\/wp-content\/uploads\/2022\/10\/semana_de_francia_anfiteatro-1.jpg?fit=650%2C400&ssl=1&resize=525%2C300 1.5x"},"classes":[]},{"id":338578,"url":"https:\/\/casadecampoliving.com\/es\/semana-de-francia-after-party-de-praia-con-dj-stephane-pompougnac-en-altos-de-chavon-sabado-24-de-marzo\/","url_meta":{"origin":338572,"position":2},"title":"\u201cSemana de Francia\u201d After Party de Praia con DJ St\u00e9phane Pompougnac en Altos de Chav\u00f3n, s\u00e1bado 24 de marzo!","author":"Rebecca Silvestri","date":"18 Mar, 2012","format":false,"excerpt":"El proximo s\u00e1bado 24 de marzo, la \u201cSemana de Francia\u201d culminar\u00e1 con la primera \u201cGran Gala de la Canci\u00f3n Francesa\u201d en el anfiteatro de Altos de Chav\u00f3n, seguida por el \u201cAfter Party\u201d de Praia con St\u00e9phane\u00a0Pompougnac, el famoso DJ de Francia! El \u201cAfter Party\u201d tendr\u00e1 lugar en el estacionamiento VIP\u2026","rel":"","context":"En \u00abAltos de Chavon @es\u00bb","block_context":{"text":"Altos de Chavon @es","link":"https:\/\/casadecampoliving.com\/category\/altos-de-chavon-es\/"},"img":{"alt_text":"dj pompougnac","src":"https:\/\/i0.wp.com\/casadecampoliving.com\/wp-content\/uploads\/2022\/10\/dj_pompougnac-1.jpg?fit=850%2C315&ssl=1&resize=350%2C200","width":350,"height":200,"srcset":"https:\/\/i0.wp.com\/casadecampoliving.com\/wp-content\/uploads\/2022\/10\/dj_pompougnac-1.jpg?fit=850%2C315&ssl=1&resize=350%2C200 1x, https:\/\/i0.wp.com\/casadecampoliving.com\/wp-content\/uploads\/2022\/10\/dj_pompougnac-1.jpg?fit=850%2C315&ssl=1&resize=525%2C300 1.5x, https:\/\/i0.wp.com\/casadecampoliving.com\/wp-content\/uploads\/2022\/10\/dj_pompougnac-1.jpg?fit=850%2C315&ssl=1&resize=700%2C400 2x"},"classes":[]},{"id":338196,"url":"https:\/\/casadecampoliving.com\/es\/altos-de-chavon-se-convierte-en-un-paraiso-frances-con-la-semana-de-francia-del-22-al-25-de-marzo\/","url_meta":{"origin":338572,"position":3},"title":"Altos de Chav\u00f3n se convierte en un para\u00edso franc\u00e9s con la \u00abSemana de Francia\u00bb del 22 al 25 de marzo!","author":"","date":"24 Ene, 2012","format":false,"excerpt":"Oh La La! Desde el jueves 22 de marzo hasta el domingo 25, la espectacular villa de los artistas; Altos de Chav\u00f3n, cobrar\u00e1 m\u00e1s vida al puro estilo franc\u00e9s en lo que ser\u00e1 un fabuloso festival franc\u00e9s denominado \u201cSemana de Francia\u201d. El evento que ser\u00e1 auspiciado por la Embajada Francesa,\u2026","rel":"","context":"En \u00abAltos de Chavon @es\u00bb","block_context":{"text":"Altos de Chavon @es","link":"https:\/\/casadecampoliving.com\/category\/altos-de-chavon-es\/"},"img":{"alt_text":"semana de francia altos de chavon","src":"https:\/\/i0.wp.com\/casadecampoliving.com\/wp-content\/uploads\/2022\/10\/semana_de_francia_altos_de_chavon-2.jpg?fit=650%2C410&ssl=1&resize=350%2C200","width":350,"height":200,"srcset":"https:\/\/i0.wp.com\/casadecampoliving.com\/wp-content\/uploads\/2022\/10\/semana_de_francia_altos_de_chavon-2.jpg?fit=650%2C410&ssl=1&resize=350%2C200 1x, https:\/\/i0.wp.com\/casadecampoliving.com\/wp-content\/uploads\/2022\/10\/semana_de_francia_altos_de_chavon-2.jpg?fit=650%2C410&ssl=1&resize=525%2C300 1.5x"},"classes":[]},{"id":338636,"url":"https:\/\/casadecampoliving.com\/es\/formidable-la-primera-semana-de-francia-en-casa-de-campo-una-extraordinarai-celebracion-de-comercio-cultura-y-gastronomia\/","url_meta":{"origin":338572,"position":4},"title":"Formidable! La primera Semana de Francia en Casa de Campo: Una extraordinarai celebraci\u00f3n de comercio, cultura y gastronom\u00eda!","author":"","date":"26 Mar, 2012","format":false,"excerpt":"La primera Semana de Francia organizada por la C\u00e1mara de Comercio Dominico-Francesa y Casa de Campo, con el apoyo de la Embajada de Francia fue formidable \u2013 un fantastique evento de cuatro d\u00edas de celebraci\u00f3n de actividades franco-dominicana en torno a la cultura, comercio y gastronom\u00eda, incluido tambi\u00e9n, el primer\u2026","rel":"","context":"En \u00abAltos de Chavon @es\u00bb","block_context":{"text":"Altos de Chavon @es","link":"https:\/\/casadecampoliving.com\/category\/altos-de-chavon-es\/"},"img":{"alt_text":"semana de francia altos de chavon","src":"https:\/\/i0.wp.com\/casadecampoliving.com\/wp-content\/uploads\/2022\/10\/semana_de_francia_altos_de_chavon6-1.jpg?fit=650%2C400&ssl=1&resize=350%2C200","width":350,"height":200,"srcset":"https:\/\/i0.wp.com\/casadecampoliving.com\/wp-content\/uploads\/2022\/10\/semana_de_francia_altos_de_chavon6-1.jpg?fit=650%2C400&ssl=1&resize=350%2C200 1x, https:\/\/i0.wp.com\/casadecampoliving.com\/wp-content\/uploads\/2022\/10\/semana_de_francia_altos_de_chavon6-1.jpg?fit=650%2C400&ssl=1&resize=525%2C300 1.5x"},"classes":[]},{"id":338626,"url":"https:\/\/casadecampoliving.com\/es\/bonjour-et-bienvenue-la-semana-de-francia-en-altos-de-chavon-ha-comenzado\/","url_meta":{"origin":338572,"position":5},"title":"Bonjour et bienvenue! La inauguraci\u00f3n de la Semana de Francia en Altos de Chav\u00f3n!","author":"","date":"23 Mar, 2012","format":false,"excerpt":"El jueves 22 de marzo, la primera Semana de Francia fue inaugurada en Altos de Chav\u00f3n y el viernes el programa de actividades (que continuar\u00e1 hasta el domingo) incluye el primer Foro Empresarial Franco Dominicano con la participaci\u00f3n de su Excelencia, Dr. Leonel Fern\u00e1ndez, Presidente de la Rep\u00fablica Dominicana, al\u2026","rel":"","context":"En \u00abAltos de Chavon @es\u00bb","block_context":{"text":"Altos de Chavon @es","link":"https:\/\/casadecampoliving.com\/category\/altos-de-chavon-es\/"},"img":{"alt_text":"semana de francia altos de chavon","src":"https:\/\/i0.wp.com\/casadecampoliving.com\/wp-content\/uploads\/2022\/10\/semana_de_francia_altos_de_chavon-4.jpg?fit=650%2C490&ssl=1&resize=350%2C200","width":350,"height":200,"srcset":"https:\/\/i0.wp.com\/casadecampoliving.com\/wp-content\/uploads\/2022\/10\/semana_de_francia_altos_de_chavon-4.jpg?fit=650%2C490&ssl=1&resize=350%2C200 1x, https:\/\/i0.wp.com\/casadecampoliving.com\/wp-content\/uploads\/2022\/10\/semana_de_francia_altos_de_chavon-4.jpg?fit=650%2C490&ssl=1&resize=525%2C300 1.5x"},"classes":[]}],"jetpack_sharing_enabled":true,"_links":{"self":[{"href":"https:\/\/casadecampoliving.com\/es\/wp-json\/wp\/v2\/posts\/338572","targetHints":{"allow":["GET"]}}],"collection":[{"href":"https:\/\/casadecampoliving.com\/es\/wp-json\/wp\/v2\/posts"}],"about":[{"href":"https:\/\/casadecampoliving.com\/es\/wp-json\/wp\/v2\/types\/post"}],"author":[{"embeddable":true,"href":"https:\/\/casadecampoliving.com\/es\/wp-json\/wp\/v2\/users\/31"}],"replies":[{"embeddable":true,"href":"https:\/\/casadecampoliving.com\/es\/wp-json\/wp\/v2\/comments?post=338572"}],"version-history":[{"count":1,"href":"https:\/\/casadecampoliving.com\/es\/wp-json\/wp\/v2\/posts\/338572\/revisions"}],"predecessor-version":[{"id":338573,"href":"https:\/\/casadecampoliving.com\/es\/wp-json\/wp\/v2\/posts\/338572\/revisions\/338573"}],"wp:featuredmedia":[{"embeddable":true,"href":"https:\/\/casadecampoliving.com\/es\/wp-json\/wp\/v2\/media\/263763"}],"wp:attachment":[{"href":"https:\/\/casadecampoliving.com\/es\/wp-json\/wp\/v2\/media?parent=338572"}],"wp:term":[{"taxonomy":"category","embeddable":true,"href":"https:\/\/casadecampoliving.com\/es\/wp-json\/wp\/v2\/categories?post=338572"},{"taxonomy":"post_tag","embeddable":true,"href":"https:\/\/casadecampoliving.com\/es\/wp-json\/wp\/v2\/tags?post=338572"},{"taxonomy":"newspack_spnsrs_tax","embeddable":true,"href":"https:\/\/casadecampoliving.com\/es\/wp-json\/wp\/v2\/newspack_spnsrs_tax?post=338572"}],"curies":[{"name":"wp","href":"https:\/\/api.w.org\/{rel}","templated":true}]}}