{"id":338532,"date":"2012-06-02T00:00:00","date_gmt":"2012-06-02T04:00:00","guid":{"rendered":"https:\/\/casadecampoliving.com\/entrevista-con-la-cantante-puertorriquena-ednita-nazario-cantar-en-altos-de-chavon-es-uno-de-mis-grandes-suenos\/"},"modified":"2022-11-10T10:39:38","modified_gmt":"2022-11-10T14:39:38","slug":"entrevista-con-la-cantante-puertorriquena-ednita-nazario-cantar-en-altos-de-chavon-es-uno-de-mis-grandes-suenos","status":"publish","type":"post","link":"https:\/\/casadecampoliving.com\/es\/entrevista-con-la-cantante-puertorriquena-ednita-nazario-cantar-en-altos-de-chavon-es-uno-de-mis-grandes-suenos\/","title":{"rendered":"Entrevista con la cantante puertorrique\u00f1a, Ednita Nazario: \u00abCantar en Altos de Chav\u00f3n es uno de mis grandes sue\u00f1os\u00bb"},"content":{"rendered":"<a href=\"https:\/\/i0.wp.com\/casadecampoliving.com\/wp-content\/uploads\/2022\/10\/Ednita_nazario2.jpg?ssl=1\"><img data-recalc-dims=\"1\" loading=\"lazy\" decoding=\"async\" class=\"aligncenter size-full wp-image-50581\" title=\"Ednita_nazario\" src=\"https:\/\/i0.wp.com\/casadecampoliving.com\/wp-content\/uploads\/2022\/10\/Ednita_nazario2.jpg?resize=650%2C416&#038;ssl=1\" alt=\"ednita nazario\" width=\"650\" height=\"416\" \/><\/a>\u00a0El pasado 14 de febrero, d\u00eda de San Valent\u00edn, luego de m\u00e1s de 4 a\u00f1os de ausencia, la cantante puertorrique\u00f1a, Ednita Nazario se reencontr\u00f3 con sus fan\u00e1ticos de la Rep\u00fablica Dominicana en lo que fue \u00abSOY\u00bb, un concierto completamente \u00abSOLD OUT\u00bb, celebrado en el Teatro La Fiesta del Hotel Jaragua de Santo Domingo!\n<!--more-->\n\nEdnita Nazario puso final a su gira de conciertos \u00abSOY\u00bb el pasado 14 de febrero en la Rep\u00fablica Dominicana, para dar paso a una intensa promoci\u00f3n de su nuevo disco <a href=\"http:\/\/itunes.apple.com\/album\/desnuda\/id510458183?v0=9991&amp;ign-mpt=uo%3D1\">\u00abDesnuda\u00bb (disponible ya en las tiendas desde el 26 de marzo)<\/a> \u00a0&#8211; \u00a0y Casa de Campo Living fue invitado a participar de la rueda de prensa ofrecida en el centro de convenciones del glamuroso Hotel Jaragua en Santo Domingo, en donde la nueva periodista (una servidora, Paola Marte &#8211; y quien se considera tremenda fan de Ednita) tuvo la oportunidad de compartir e interactuar con la Diva de Puerto Rico.\n\n<img data-recalc-dims=\"1\" loading=\"lazy\" decoding=\"async\" class=\"alignright size-full wp-image-50587\" style=\"margin-left: 15px; margin-right: 15px;\" title=\"Ednita_nazario\" src=\"https:\/\/i0.wp.com\/casadecampoliving.com\/wp-content\/uploads\/2022\/10\/Ednita_nazario4.jpg?resize=250%2C302&#038;ssl=1\" alt=\"ednita nazario\" width=\"250\" height=\"302\" \/>\n\n<strong>\u00a1Por fin Ednita Nazario en la Rep\u00fablica Dominicana! <strong><strong>\u00bfQ<\/strong><\/strong>u\u00e9 hizo que demoraras tanto en regresar?\u00a0<\/strong>\n\n\u00a1Por fin! No es nuestra voluntad, uno de los pa\u00edses favoritos m\u00edos es la Rep\u00fablica Dominicana, pero no me hab\u00edan invitado (risas), \u00a1Esperamos cuatro a\u00f1os, pero ya estamos aqu\u00ed!\n\n<strong>Tu nuevo sencillo es Para El Peor Amante. \u00bfC\u00f3mo llega a ti y qu\u00e9 hace que que t\u00fa elijas esa canci\u00f3n?<\/strong>\n\nEsa canci\u00f3n llega a m\u00ed a trav\u00e9s de mis colaboradores. Es una canci\u00f3n que me llam\u00f3 mucho la atenci\u00f3n, porque a pesar de que tiene un t\u00edtulo as\u00ed medio llamativo, es una canci\u00f3n que abarca una situaci\u00f3n de desamor, pero el entre l\u00edneas que tiene me gust\u00f3 mucho, que es, \u00abaunque me hiciste sufrir, puedo ponerle punto final a esto y no te vayas a pensar que te llevas la mejor parte porque esto me va a hacer a m\u00ed m\u00e1s grande y a ti te va a hacer peor\u00bb.\n\n<strong>Cu\u00e9ntanos de \u00abDesnuda\u00bb, el disco.<\/strong>\n\nDesnuda ha sido un proyecto que de los que he grabado es el que m\u00e1s tiempo me tom\u00f3, casi exactamente un a\u00f1o en el proceso de grabaci\u00f3n de escoger canciones, pasaron much\u00edsimas cosas. A principios del a\u00f1o grab\u00e9 la primera mitad con <a href=\"http:\/\/en.wikipedia.org\/wiki\/Sebastian_Krys\">Sebasti\u00e1n Krys<\/a>, un extraordinario productor con el que he tenido la suerte de trabajar anteriormente y la segunda parte la hicimos con una persona que tambi\u00e9n quiero mucho y que ten\u00eda muchos deseos de trabajar con \u00e9l que es <a href=\"http:\/\/en.wikipedia.org\/wiki\/George_Noriega\">George Noriega<\/a>, un gran productor, y por supuesto mi colaborador de siempre, mi gran amigo, mi angelito y mi marido musical, <a href=\"www.tommytorres.com\">Tommy Torres <\/a>que siempre est\u00e1 al lado m\u00edo.\n\n<strong>Se menciona el nombre de Ednita Nazario y no salen m\u00e1s que palabras de elogio, debido a tu trayectoria impecable. Tambi\u00e9n hay algo que llama mucho la atenci\u00f3n, tu personalidad. De d\u00f3nde nace esa personalidad, esa seguridad y sensualidad de Ednita Nazario?<\/strong>\n\n(Risas) Yo tengo tres hermanos varones y mi mam\u00e1 era una mujer muy din\u00e1mica, una mujer que siempre ten\u00eda algo que hacer, siempre estaba muy ocupada.. cantaba precioso mi mam\u00e1, y mi pap\u00e1 tambi\u00e9n! Eran muy fiesteros los dos, les encantaba la m\u00fasica, en mi casa siempre hab\u00eda m\u00fasica. De hecho cuando mi mam\u00e1 limpiaba parec\u00eda un concierto, porque ellos cantaban por un lado y nosotros (los hijos) les hac\u00edamos los coros, mis hermanos tocan guitarra, yo toco guitarra tambi\u00e9n y siempre fuimos todos artistas, o sea en la casa, en las fiestas&#8230; La \u00fanica que se dedic\u00f3 profesionalmente a esto fui yo, pero s\u00ed fuimos personas que nos acostumbramos siempre a estar c\u00f3modos expres\u00e1ndonos, a ser abiertos, a celebrar la vida y a celebrar la felicidad juntos. Somos muy gregarios y de hecho yo cuando tengo tiempo libre con quienes quiero estar es con mi familia porque son divertid\u00edsimos.\n\nPero la verdad es que eso es parte de la personalidad, de la naturaleza de nosotros y yo me cri\u00e9 en ese ambiente, un ambiente de valores, siendo la \u00fanica hija mujer, pues uno desarrolla cierta seguridad y fortaleza pa&#8217; poderse defender.\n<img data-recalc-dims=\"1\" loading=\"lazy\" decoding=\"async\" class=\"aligncenter size-full wp-image-50592\" title=\"Ednita_nazario\" src=\"https:\/\/i0.wp.com\/casadecampoliving.com\/wp-content\/uploads\/2022\/10\/Ednita_nazario7.jpg?resize=598%2C465&#038;ssl=1\" alt=\"ednita nazario\" width=\"598\" height=\"465\" \/>\n<strong>\u00bfY qu\u00e9 te motiva? \u00a0\u00a0<\/strong>\n\nEl amor. El amor y la vida y la m\u00fasica! El poder hacer algo por los dem\u00e1s a trav\u00e9s de lo que hago. Yo siempre he reconocido que no hice nada para merecer el talento eso fue un regalo de Dios y trato de utilizarlo bien, trato de que la m\u00fasica tenga un prop\u00f3sito, de que le sirva a la gente para consolarse, para verse reflejados, para divertirse, para re\u00edrse, para llorar.. y eso siempre es lo que he tratado de hacer, por supuesto creando un compromiso de siempre dar lo mejor de m\u00ed.\n\n<strong>Tu m\u00fasica sirve tambi\u00e9n para ayudar a las personas a salir de problemas. En la actualidad hay un tema de violencia intrafamiliar en el pa\u00eds. \u00bfQu\u00e9 le dir\u00edas t\u00fa a esas mujeres en situaciones de maltrato para que despierten y salgan adelante?<\/strong>\n\nYo lo que le dir\u00eda a las mujeres y a las ni\u00f1as, porque esto hay que empezarlo desde muy temprano, nosotras como madres, como hermanas, amigas y vecinas, nosotras tenemos el compromiso de ayudar a la mujer a que desarrolle amor propio, que desarrolle la capacidad de aprender y de defenderse, que puedan discernir qu\u00e9 es una relaci\u00f3n saludable y sobre todo qu\u00e9 es el respeto, yo creo que el respeto es la base de todo.\n\nMe preocupa mucho porque yo dir\u00eda que m\u00e1s que nada, nosotros tenemos que pensar en las generaciones que estamos levantando, en estas nuevas ni\u00f1as que tienen unos retos importantes en la vida, porque se espera de ellas tantas cosas. La mujer hoy en d\u00eda no se hizo para quedarse en la casa, tiene que trabajar, educarse, motivarse.. y yo creo que envolvernos con nuestras ni\u00f1as es importante. Creo que debe haber un poco m\u00e1s de informaci\u00f3n de cu\u00e1les son los recursos que tienen las mujeres y las ni\u00f1as sin que esto venga cargado de un estigma, porque a veces, muchas de estas mujeres no se prestan por miedo o por temor a que algo les vaya a pasar porque la mayor\u00eda de las autoridades son hombres, y porque culturalmente nosotras estamos bastante acostumbradas a esto. Esos son patrones que hay que romperlos y se empieza en la casa, en las escuelas, patios, amigos y con nuestros hijos por supuesto.\n<img data-recalc-dims=\"1\" loading=\"lazy\" decoding=\"async\" class=\"alignright size-full wp-image-50589\" style=\"margin-left: 15px; margin-right: 15px;\" title=\"Ednita_nazario\" src=\"https:\/\/i0.wp.com\/casadecampoliving.com\/wp-content\/uploads\/2022\/10\/Ednita_nazario5.jpg?resize=250%2C375&#038;ssl=1\" alt=\"ednita nazario\" width=\"250\" height=\"375\" \/>\n\n<strong>Despu\u00e9s de tanto tiempo, qu\u00e9 notas que ha cambiado en la Rep\u00fablica Dominicana? <\/strong>\n\nLa Rep\u00fablica siempre me sorprende, siempre encuentro que hay una poblaci\u00f3n pujante, comprometida con la evoluci\u00f3n y el desarrollo. Es una isla preciosa, la Hispa\u00f1ola es una isla bella y comentaba con los amigos m\u00edos que cuando yo llego aqu\u00ed me siento tan c\u00f3moda porque no me parece que estoy en otro pa\u00eds, me parece que estoy en mi propio pa\u00eds. Desde muy temprano, yo desarroll\u00e9 un lazo bien estrecho con la Rep\u00fablica Dominicana, de hecho fue el primer pa\u00eds al que yo viaj\u00e9 desde muy chiquita, as\u00ed que imag\u00ednate desde cuando yo tengo lazos con este pa\u00eds y me sorprende que siempre van pa&#8217;lante, eso me gusta mucho.\n\n<strong>Comienza tu gira \u00abDesnuda\u00bb en mayo. <strong>\u00bf<\/strong>Planificar\u00edas para venir a la Rep\u00fablica Dominicana pronto?<\/strong>\n\n\u00a1Por supuesto! Ya me estaban diciendo mis productores que no puedo dejar tanto tiempo sin venir, y no fue por culpa m\u00eda, es que no me invitaron. Definitivamente si vamos a traer Desnuda para ac\u00e1.\n\n<strong>Visitaste La Romana, en espec\u00edfico Casa de Campo en sus inicios. \u00bfC\u00f3mo era?\u00a0\u00bfQu\u00e9 recuerdas?<\/strong>\n\n\u00a1Ay, recuerdo que me quer\u00eda quedar! (risas) Me quer\u00eda quedar en Casa de Campo porque me pareci\u00f3 tan bello, tan bella la zona en donde escogieron desarrollarlo y me encant\u00f3 el ambiente. \u00a1Me trataron muy bien! Me sent\u00eda como una reina y siempre he tenido el deseo de regresar, as\u00ed es que espero regresar muy pronto.\n\n<strong>Sabemos que conoces de Margarito (el famoso burro de Altos de Chav\u00f3n). <strong>\u00bfQ<\/strong>u\u00e9 es lo que particularmente te llama la atenci\u00f3n de \u00e9l?<\/strong>\n\nYo estoy loca por conocerlo personalmente para darle un beso a Margarito! Ya tengo fotos de \u00e9l, es uno de mis personajes favoritos y me dicen que es de lo m\u00e1s simp\u00e1tico.\n\n<strong>\u00bfVer\u00e1 el Anfiteatro de Altos de Chav\u00f3n a Ednita Nazario en un futuro cercano?<\/strong>\n\nEse es uno de mis grandes sue\u00f1os, ir a Altos de Chav\u00f3n, y si no me toca ir a cantar, me gustar\u00eda ir a ver un concierto all\u00ed porque es hermoso. He tenido much\u00edsimos amigos que me hacen fiero porque han cantado all\u00e1 y estoy loca por ir, tengo much\u00edsimas fotos he visto videos y de la Rep\u00fablica Dominicana es uno de los lugares que m\u00e1s deseo poder presentarme.\n<p style=\"text-align: center;\"><strong><a href=\"https:\/\/casadecampoliving.com\/2010\/04\/grinding-with-daddy-yankee-in-altos-de-chavon\/\">Daddy Yankee en el anfiteatro de Altos de Chav\u00f3n &#8211; abril 4 2010<\/a><\/strong>\n<a href=\"https:\/\/i0.wp.com\/casadecampoliving.com\/wp-content\/uploads\/2022\/10\/Daddy_Yankee_altos_de_chavon1.jpg?ssl=1\"><img data-recalc-dims=\"1\" loading=\"lazy\" decoding=\"async\" class=\"aligncenter size-full wp-image-33914\" title=\"Daddy_Yankee_altos_de_chavon\" src=\"https:\/\/i0.wp.com\/casadecampoliving.com\/wp-content\/uploads\/2022\/10\/Daddy_Yankee_altos_de_chavon1.jpg?resize=565%2C370&#038;ssl=1\" alt=\"daddy yankee altos de chavon\" width=\"565\" height=\"370\" \/><\/a><\/p>\n\n<blockquote><strong><span style=\"text-decoration: underline;\">Conozca a Ednita de cerca\n<\/span>\n<\/strong><strong>\u00c1lbumes musicales: <\/strong>27 (incluyendo \u00abDesnuda\u00bb). Dada su trayectoria, es conocida como la\u00a0artista latina con m\u00e1s ventas de conciertos en los Estados Unidos, Puerto Rico, M\u00e9xico y Centroam\u00e9rica, adem\u00e1s de ser la \u00fanica artista que ha llenado el famoso Coliseo American Airlines Arena de Miami en m\u00e1s de siete ocasiones\u00a0en una misma semana &#8211; y recientemente alcanzando un lleno total durante tres funciones consecutivas de \u00abDesnuda&#8230;el Concierto\u00bb, en el Coliseo de Puerto Rico.\u00a0<strong>\nUn lugar<\/strong>: \u00a1La cama!\n<strong>Un libro<\/strong>: El compendio completo de los poemas de Pablo Neruda.\n<strong>La educaci\u00f3n<\/strong>: La base de todo.\n<strong>El amor<\/strong>: Es la fuerza, es la energ\u00eda, la luz, la motivaci\u00f3n.<\/blockquote>\n<strong>\u00bfCu\u00e1l es el legado que quisiera dejar Ednita Nazario?<\/strong>\n\nQuisiera dejar un buen recuerdo, que la gente piense que yo era una buena persona y que di lo mejor de mi.\n\n<span style=\"text-decoration: underline;\"><strong><strong>\u00a1<\/strong>Saludo de Ednita Nazario a la comunidad de Casa de Campo!\n<\/strong><\/span>Ednita Nazario, lamentablemente no tuvo la oportunidad de visitarnos en aquella ocasi\u00f3n, \u00a1pero no quiso dejar pasar la oportunidad de enviar un saludo a los lectores de Casa de Campo Living y a la comunidad de Casa de Campo!\n\n<object width=\"640\" height=\"360\" classid=\"clsid:d27cdb6e-ae6d-11cf-96b8-444553540000\" codebase=\"http:\/\/download.macromedia.com\/pub\/shockwave\/cabs\/flash\/swflash.cab#version=6,0,40,0\"><param name=\"allowFullScreen\" value=\"true\" \/><param name=\"allowscriptaccess\" value=\"always\" \/><param name=\"src\" value=\"http:\/\/www.youtube.com\/v\/4yzJNDGIFA4?version=3&amp;hl=en_US\" \/><param name=\"allowfullscreen\" value=\"true\" \/><\/object>\n\nMuch\u00edsimas gracias a Ednita y a los productores que hicieron posible esta entrevista. \u00a1Esperamos poder recibirte pronto en Casa de Campo!\n\n<strong>\n<figure class=\"wp-block-gallery has-nested-images columns-default is-cropped wp-block-gallery-1 is-layout-flex wp-block-gallery-is-layout-flex\">\n<figure class=\"wp-block-image size-large\"><img data-recalc-dims=\"1\" loading=\"lazy\" decoding=\"async\" width=\"800\" height=\"600\" data-id=\"424780\" src=\"https:\/\/i0.wp.com\/casadecampoliving.com\/wp-content\/uploads\/2022\/10\/dscn3811.jpg?resize=800%2C600&#038;ssl=1\" alt=\"\" class=\"wp-image-424780\" srcset=\"https:\/\/i0.wp.com\/casadecampoliving.com\/wp-content\/uploads\/2022\/10\/dscn3811.jpg?w=800&amp;ssl=1 800w, https:\/\/i0.wp.com\/casadecampoliving.com\/wp-content\/uploads\/2022\/10\/dscn3811.jpg?resize=300%2C225&amp;ssl=1 300w, https:\/\/i0.wp.com\/casadecampoliving.com\/wp-content\/uploads\/2022\/10\/dscn3811.jpg?resize=768%2C576&amp;ssl=1 768w, https:\/\/i0.wp.com\/casadecampoliving.com\/wp-content\/uploads\/2022\/10\/dscn3811.jpg?resize=400%2C300&amp;ssl=1 400w, https:\/\/i0.wp.com\/casadecampoliving.com\/wp-content\/uploads\/2022\/10\/dscn3811.jpg?resize=200%2C150&amp;ssl=1 200w, https:\/\/i0.wp.com\/casadecampoliving.com\/wp-content\/uploads\/2022\/10\/dscn3811.jpg?resize=706%2C530&amp;ssl=1 706w, https:\/\/i0.wp.com\/casadecampoliving.com\/wp-content\/uploads\/2022\/10\/dscn3811.jpg?resize=150%2C113&amp;ssl=1 150w, https:\/\/i0.wp.com\/casadecampoliving.com\/wp-content\/uploads\/2022\/10\/dscn3811.jpg?w=370&amp;ssl=1 370w\" sizes=\"auto, (max-width: 800px) 100vw, 800px\" \/><\/figure>\n\n\n\n<figure class=\"wp-block-image size-large\"><img data-recalc-dims=\"1\" loading=\"lazy\" decoding=\"async\" width=\"800\" height=\"600\" data-id=\"424816\" src=\"https:\/\/i0.wp.com\/casadecampoliving.com\/wp-content\/uploads\/2022\/10\/dscn3920.jpg?resize=800%2C600&#038;ssl=1\" alt=\"\" class=\"wp-image-424816\" srcset=\"https:\/\/i0.wp.com\/casadecampoliving.com\/wp-content\/uploads\/2022\/10\/dscn3920.jpg?w=800&amp;ssl=1 800w, https:\/\/i0.wp.com\/casadecampoliving.com\/wp-content\/uploads\/2022\/10\/dscn3920.jpg?resize=300%2C225&amp;ssl=1 300w, https:\/\/i0.wp.com\/casadecampoliving.com\/wp-content\/uploads\/2022\/10\/dscn3920.jpg?resize=768%2C576&amp;ssl=1 768w, https:\/\/i0.wp.com\/casadecampoliving.com\/wp-content\/uploads\/2022\/10\/dscn3920.jpg?resize=400%2C300&amp;ssl=1 400w, https:\/\/i0.wp.com\/casadecampoliving.com\/wp-content\/uploads\/2022\/10\/dscn3920.jpg?resize=200%2C150&amp;ssl=1 200w, https:\/\/i0.wp.com\/casadecampoliving.com\/wp-content\/uploads\/2022\/10\/dscn3920.jpg?resize=706%2C530&amp;ssl=1 706w, https:\/\/i0.wp.com\/casadecampoliving.com\/wp-content\/uploads\/2022\/10\/dscn3920.jpg?resize=150%2C113&amp;ssl=1 150w, https:\/\/i0.wp.com\/casadecampoliving.com\/wp-content\/uploads\/2022\/10\/dscn3920.jpg?w=370&amp;ssl=1 370w\" sizes=\"auto, (max-width: 800px) 100vw, 800px\" \/><\/figure>\n\n\n\n<figure class=\"wp-block-image size-large\"><img data-recalc-dims=\"1\" loading=\"lazy\" decoding=\"async\" width=\"800\" height=\"600\" data-id=\"424843\" src=\"https:\/\/i0.wp.com\/casadecampoliving.com\/wp-content\/uploads\/2022\/10\/dscn3926.jpg?resize=800%2C600&#038;ssl=1\" alt=\"\" class=\"wp-image-424843\" srcset=\"https:\/\/i0.wp.com\/casadecampoliving.com\/wp-content\/uploads\/2022\/10\/dscn3926.jpg?w=800&amp;ssl=1 800w, https:\/\/i0.wp.com\/casadecampoliving.com\/wp-content\/uploads\/2022\/10\/dscn3926.jpg?resize=300%2C225&amp;ssl=1 300w, https:\/\/i0.wp.com\/casadecampoliving.com\/wp-content\/uploads\/2022\/10\/dscn3926.jpg?resize=768%2C576&amp;ssl=1 768w, https:\/\/i0.wp.com\/casadecampoliving.com\/wp-content\/uploads\/2022\/10\/dscn3926.jpg?resize=400%2C300&amp;ssl=1 400w, https:\/\/i0.wp.com\/casadecampoliving.com\/wp-content\/uploads\/2022\/10\/dscn3926.jpg?resize=200%2C150&amp;ssl=1 200w, https:\/\/i0.wp.com\/casadecampoliving.com\/wp-content\/uploads\/2022\/10\/dscn3926.jpg?resize=706%2C530&amp;ssl=1 706w, https:\/\/i0.wp.com\/casadecampoliving.com\/wp-content\/uploads\/2022\/10\/dscn3926.jpg?resize=150%2C113&amp;ssl=1 150w, https:\/\/i0.wp.com\/casadecampoliving.com\/wp-content\/uploads\/2022\/10\/dscn3926.jpg?w=370&amp;ssl=1 370w\" sizes=\"auto, (max-width: 800px) 100vw, 800px\" \/><\/figure>\n\n\n\n<figure class=\"wp-block-image size-large\"><img data-recalc-dims=\"1\" loading=\"lazy\" decoding=\"async\" width=\"540\" height=\"720\" data-id=\"424868\" src=\"https:\/\/i0.wp.com\/casadecampoliving.com\/wp-content\/uploads\/2022\/10\/ednita-007.jpg?resize=540%2C720&#038;ssl=1\" alt=\"\" class=\"wp-image-424868\" srcset=\"https:\/\/i0.wp.com\/casadecampoliving.com\/wp-content\/uploads\/2022\/10\/ednita-007.jpg?w=540&amp;ssl=1 540w, https:\/\/i0.wp.com\/casadecampoliving.com\/wp-content\/uploads\/2022\/10\/ednita-007.jpg?resize=225%2C300&amp;ssl=1 225w, https:\/\/i0.wp.com\/casadecampoliving.com\/wp-content\/uploads\/2022\/10\/ednita-007.jpg?resize=300%2C400&amp;ssl=1 300w, https:\/\/i0.wp.com\/casadecampoliving.com\/wp-content\/uploads\/2022\/10\/ednita-007.jpg?resize=150%2C200&amp;ssl=1 150w, https:\/\/i0.wp.com\/casadecampoliving.com\/wp-content\/uploads\/2022\/10\/ednita-007.jpg?resize=400%2C533&amp;ssl=1 400w, https:\/\/i0.wp.com\/casadecampoliving.com\/wp-content\/uploads\/2022\/10\/ednita-007.jpg?w=370&amp;ssl=1 370w\" sizes=\"auto, (max-width: 540px) 100vw, 540px\" \/><\/figure>\n\n\n\n<figure class=\"wp-block-image size-large\"><img data-recalc-dims=\"1\" loading=\"lazy\" decoding=\"async\" width=\"720\" height=\"412\" data-id=\"424890\" src=\"https:\/\/i0.wp.com\/casadecampoliving.com\/wp-content\/uploads\/2022\/10\/ednita-011.jpg?resize=720%2C412&#038;ssl=1\" alt=\"\" class=\"wp-image-424890\" srcset=\"https:\/\/i0.wp.com\/casadecampoliving.com\/wp-content\/uploads\/2022\/10\/ednita-011.jpg?w=720&amp;ssl=1 720w, https:\/\/i0.wp.com\/casadecampoliving.com\/wp-content\/uploads\/2022\/10\/ednita-011.jpg?resize=300%2C172&amp;ssl=1 300w, https:\/\/i0.wp.com\/casadecampoliving.com\/wp-content\/uploads\/2022\/10\/ednita-011.jpg?resize=400%2C229&amp;ssl=1 400w, https:\/\/i0.wp.com\/casadecampoliving.com\/wp-content\/uploads\/2022\/10\/ednita-011.jpg?resize=706%2C404&amp;ssl=1 706w, https:\/\/i0.wp.com\/casadecampoliving.com\/wp-content\/uploads\/2022\/10\/ednita-011.jpg?resize=150%2C86&amp;ssl=1 150w, https:\/\/i0.wp.com\/casadecampoliving.com\/wp-content\/uploads\/2022\/10\/ednita-011.jpg?w=370&amp;ssl=1 370w\" sizes=\"auto, (max-width: 720px) 100vw, 720px\" \/><\/figure>\n<\/figure>\n<\/strong>\n\n<strong>CREDITO DE FOTOS<\/strong>: Nuestro agradecimiento a Wanda Cantres y a Marializ Romero por las fotos suministradas para este art\u00edculo.","protected":false},"excerpt":{"rendered":"<p>\u00a0El pasado 14 de febrero, d\u00eda de San Valent\u00edn, luego de m\u00e1s de 4 a\u00f1os de ausencia, la cantante puertorrique\u00f1a, Ednita Nazario se reencontr\u00f3 con sus fan\u00e1ticos de la Rep\u00fablica Dominicana en lo que fue \u00abSOY\u00bb, un concierto completamente \u00abSOLD OUT\u00bb, celebrado en el Teatro La Fiesta del Hotel Jaragua de Santo Domingo!<\/p>\n","protected":false},"author":21,"featured_media":261837,"comment_status":"closed","ping_status":"closed","sticky":false,"template":"","format":"standard","meta":{"newspack_ads_suppress_ads":false,"newspack_popups_has_disabled_popups":false,"newspack_sponsor_sponsorship_scope":"","newspack_sponsor_native_byline_display":"inherit","newspack_sponsor_native_category_display":"inherit","newspack_sponsor_underwriter_style":"inherit","newspack_sponsor_underwriter_placement":"inherit","_newspack_byline_active":false,"_newspack_byline":"","newspack_content_restriction_is_exempt":false,"newspack_featured_image_position":"","newspack_post_subtitle":"","newspack_article_summary_title":"Overview:","newspack_article_summary":"","newspack_hide_updated_date":false,"newspack_show_updated_date":false,"_jetpack_memberships_contains_paid_content":false,"footnotes":"","jetpack_publicize_message":"","jetpack_publicize_feature_enabled":true,"jetpack_social_post_already_shared":false,"jetpack_social_options":{"image_generator_settings":{"template":"highway","default_image_id":0,"font":"","enabled":false},"version":2},"_wpas_customize_per_network":false},"categories":[2506,2513,2522,14631,14625,14627],"tags":[2545,18629,3739],"newspack_spnsrs_tax":[],"class_list":["post-338532","post","type-post","status-publish","format-standard","has-post-thumbnail","hentry","category-mas-alla-de-casa-es","category-celebridades-es","category-eventos-es","category-estilo-de-vida","category-noticias-locales","category-proximamente","tag-anfiteatro-de-altos-de-chavon","tag-dominican-republic-es-5","tag-ednita-nazario","entry"],"yoast_head":"<!-- This site is optimized with the Yoast SEO plugin v27.2 - https:\/\/yoast.com\/product\/yoast-seo-wordpress\/ -->\n<title>Entrevista con la cantante puertorrique\u00f1a, Ednita Nazario: &quot;Cantar en Altos de Chav\u00f3n es uno de mis grandes sue\u00f1os&quot; | Casa de Campo Living<\/title>\n<meta name=\"description\" content=\"\u00a0El pasado 14 de febrero, d\u00eda de San Valent\u00edn, luego de m\u00e1s de 4 a\u00f1os de ausencia, la cantante puertorrique\u00f1a, Ednita Nazario se reencontr\u00f3 con sus\" \/>\n<meta name=\"robots\" content=\"index, follow, max-snippet:-1, max-image-preview:large, max-video-preview:-1\" \/>\n<link rel=\"canonical\" href=\"https:\/\/casadecampoliving.com\/es\/entrevista-con-la-cantante-puertorriquena-ednita-nazario-cantar-en-altos-de-chavon-es-uno-de-mis-grandes-suenos\/\" \/>\n<meta property=\"og:locale\" content=\"es_ES\" \/>\n<meta property=\"og:type\" content=\"article\" \/>\n<meta property=\"og:title\" content=\"Entrevista con la cantante puertorrique\u00f1a, Ednita Nazario: &quot;Cantar en Altos de Chav\u00f3n es uno de mis grandes sue\u00f1os&quot; | Casa de Campo Living\" \/>\n<meta property=\"og:description\" content=\"\u00a0El pasado 14 de febrero, d\u00eda de San Valent\u00edn, luego de m\u00e1s de 4 a\u00f1os de ausencia, la cantante puertorrique\u00f1a, Ednita Nazario se reencontr\u00f3 con sus\" \/>\n<meta property=\"og:url\" content=\"https:\/\/casadecampoliving.com\/es\/entrevista-con-la-cantante-puertorriquena-ednita-nazario-cantar-en-altos-de-chavon-es-uno-de-mis-grandes-suenos\/\" \/>\n<meta property=\"og:site_name\" content=\"Casa de Campo Living\" \/>\n<meta property=\"article:publisher\" content=\"https:\/\/www.facebook.com\/casadecampoliving\" \/>\n<meta property=\"article:published_time\" content=\"2012-06-02T04:00:00+00:00\" \/>\n<meta property=\"article:modified_time\" content=\"2022-11-10T14:39:38+00:00\" \/>\n<meta property=\"og:image\" content=\"https:\/\/i0.wp.com\/casadecampoliving.com\/wp-content\/uploads\/2022\/10\/Ednita_nazario2-1.jpg?fit=650%2C778&ssl=1\" \/>\n\t<meta property=\"og:image:width\" content=\"650\" \/>\n\t<meta property=\"og:image:height\" content=\"778\" \/>\n\t<meta property=\"og:image:type\" content=\"image\/jpeg\" \/>\n<meta name=\"twitter:card\" content=\"summary_large_image\" \/>\n<meta name=\"twitter:creator\" content=\"@cdcliving\" \/>\n<meta name=\"twitter:site\" content=\"@cdcliving\" \/>\n<meta name=\"twitter:label1\" content=\"Escrito por\" \/>\n\t<meta name=\"twitter:data1\" content=\"\" \/>\n\t<meta name=\"twitter:label2\" content=\"Tiempo de lectura\" \/>\n\t<meta name=\"twitter:data2\" content=\"9 minutos\" \/>\n<script type=\"application\/ld+json\" class=\"yoast-schema-graph\">{\"@context\":\"https:\/\/schema.org\",\"@graph\":[{\"@type\":\"Article\",\"@id\":\"https:\/\/casadecampoliving.com\/es\/entrevista-con-la-cantante-puertorriquena-ednita-nazario-cantar-en-altos-de-chavon-es-uno-de-mis-grandes-suenos\/#article\",\"isPartOf\":{\"@id\":\"https:\/\/casadecampoliving.com\/es\/entrevista-con-la-cantante-puertorriquena-ednita-nazario-cantar-en-altos-de-chavon-es-uno-de-mis-grandes-suenos\/\"},\"author\":{\"name\":\"\",\"@id\":\"https:\/\/casadecampoliving.com\/es\/#\/schema\/person\/7e3b975d584a5f6ac0fd7128a81b0bc5\"},\"headline\":\"Entrevista con la cantante puertorrique\u00f1a, Ednita Nazario: \u00abCantar en Altos de Chav\u00f3n es uno de mis grandes sue\u00f1os\u00bb\",\"datePublished\":\"2012-06-02T04:00:00+00:00\",\"dateModified\":\"2022-11-10T14:39:38+00:00\",\"mainEntityOfPage\":{\"@id\":\"https:\/\/casadecampoliving.com\/es\/entrevista-con-la-cantante-puertorriquena-ednita-nazario-cantar-en-altos-de-chavon-es-uno-de-mis-grandes-suenos\/\"},\"wordCount\":1797,\"publisher\":{\"@id\":\"https:\/\/casadecampoliving.com\/es\/#organization\"},\"image\":{\"@id\":\"https:\/\/casadecampoliving.com\/es\/entrevista-con-la-cantante-puertorriquena-ednita-nazario-cantar-en-altos-de-chavon-es-uno-de-mis-grandes-suenos\/#primaryimage\"},\"thumbnailUrl\":\"https:\/\/i0.wp.com\/casadecampoliving.com\/wp-content\/uploads\/2022\/10\/Ednita_nazario2-1.jpg?fit=650%2C778&ssl=1\",\"keywords\":[\"anfiteatro de altos de chavon\",\"Dominican Republic\",\"ednita nazario\"],\"articleSection\":[\"M\u00e1s all\u00e1 de Casa\",\"Celebridades\",\"Eventos\",\"Estilo de Vida\",\"Noticias Locales\",\"Proximamente\"],\"inLanguage\":\"es\"},{\"@type\":\"WebPage\",\"@id\":\"https:\/\/casadecampoliving.com\/es\/entrevista-con-la-cantante-puertorriquena-ednita-nazario-cantar-en-altos-de-chavon-es-uno-de-mis-grandes-suenos\/\",\"url\":\"https:\/\/casadecampoliving.com\/es\/entrevista-con-la-cantante-puertorriquena-ednita-nazario-cantar-en-altos-de-chavon-es-uno-de-mis-grandes-suenos\/\",\"name\":\"Entrevista con la cantante puertorrique\u00f1a, Ednita Nazario: \\\"Cantar en Altos de Chav\u00f3n es uno de mis grandes sue\u00f1os\\\" | Casa de Campo Living\",\"isPartOf\":{\"@id\":\"https:\/\/casadecampoliving.com\/es\/#website\"},\"primaryImageOfPage\":{\"@id\":\"https:\/\/casadecampoliving.com\/es\/entrevista-con-la-cantante-puertorriquena-ednita-nazario-cantar-en-altos-de-chavon-es-uno-de-mis-grandes-suenos\/#primaryimage\"},\"image\":{\"@id\":\"https:\/\/casadecampoliving.com\/es\/entrevista-con-la-cantante-puertorriquena-ednita-nazario-cantar-en-altos-de-chavon-es-uno-de-mis-grandes-suenos\/#primaryimage\"},\"thumbnailUrl\":\"https:\/\/i0.wp.com\/casadecampoliving.com\/wp-content\/uploads\/2022\/10\/Ednita_nazario2-1.jpg?fit=650%2C778&ssl=1\",\"datePublished\":\"2012-06-02T04:00:00+00:00\",\"dateModified\":\"2022-11-10T14:39:38+00:00\",\"description\":\"\u00a0El pasado 14 de febrero, d\u00eda de San Valent\u00edn, luego de m\u00e1s de 4 a\u00f1os de ausencia, la cantante puertorrique\u00f1a, Ednita Nazario se reencontr\u00f3 con sus\",\"breadcrumb\":{\"@id\":\"https:\/\/casadecampoliving.com\/es\/entrevista-con-la-cantante-puertorriquena-ednita-nazario-cantar-en-altos-de-chavon-es-uno-de-mis-grandes-suenos\/#breadcrumb\"},\"inLanguage\":\"es\",\"potentialAction\":[{\"@type\":\"ReadAction\",\"target\":[\"https:\/\/casadecampoliving.com\/es\/entrevista-con-la-cantante-puertorriquena-ednita-nazario-cantar-en-altos-de-chavon-es-uno-de-mis-grandes-suenos\/\"]}]},{\"@type\":\"ImageObject\",\"inLanguage\":\"es\",\"@id\":\"https:\/\/casadecampoliving.com\/es\/entrevista-con-la-cantante-puertorriquena-ednita-nazario-cantar-en-altos-de-chavon-es-uno-de-mis-grandes-suenos\/#primaryimage\",\"url\":\"https:\/\/i0.wp.com\/casadecampoliving.com\/wp-content\/uploads\/2022\/10\/Ednita_nazario2-1.jpg?fit=650%2C778&ssl=1\",\"contentUrl\":\"https:\/\/i0.wp.com\/casadecampoliving.com\/wp-content\/uploads\/2022\/10\/Ednita_nazario2-1.jpg?fit=650%2C778&ssl=1\",\"width\":650,\"height\":778,\"caption\":\"ednita nazario\"},{\"@type\":\"BreadcrumbList\",\"@id\":\"https:\/\/casadecampoliving.com\/es\/entrevista-con-la-cantante-puertorriquena-ednita-nazario-cantar-en-altos-de-chavon-es-uno-de-mis-grandes-suenos\/#breadcrumb\",\"itemListElement\":[{\"@type\":\"ListItem\",\"position\":1,\"name\":\"Home\",\"item\":\"https:\/\/casadecampoliving.com\/es\/\"},{\"@type\":\"ListItem\",\"position\":2,\"name\":\"Entrevista con la cantante puertorrique\u00f1a, Ednita Nazario: &#8220;Cantar en Altos de Chav\u00f3n es uno de mis grandes sue\u00f1os&#8221;\"}]},{\"@type\":\"WebSite\",\"@id\":\"https:\/\/casadecampoliving.com\/es\/#website\",\"url\":\"https:\/\/casadecampoliving.com\/es\/\",\"name\":\"Casa de Campo Living\",\"description\":\"Resort community news and resources.\",\"publisher\":{\"@id\":\"https:\/\/casadecampoliving.com\/es\/#organization\"},\"potentialAction\":[{\"@type\":\"SearchAction\",\"target\":{\"@type\":\"EntryPoint\",\"urlTemplate\":\"https:\/\/casadecampoliving.com\/es\/?s={search_term_string}\"},\"query-input\":{\"@type\":\"PropertyValueSpecification\",\"valueRequired\":true,\"valueName\":\"search_term_string\"}}],\"inLanguage\":\"es\"},{\"@type\":\"Organization\",\"@id\":\"https:\/\/casadecampoliving.com\/es\/#organization\",\"name\":\"Casa de Campo Living\",\"url\":\"https:\/\/casadecampoliving.com\/es\/\",\"logo\":{\"@type\":\"ImageObject\",\"inLanguage\":\"es\",\"@id\":\"https:\/\/casadecampoliving.com\/es\/#\/schema\/logo\/image\/\",\"url\":\"https:\/\/i0.wp.com\/casadecampoliving.com\/wp-content\/uploads\/2022\/07\/CDCLivingLogo_V1-white-sized.png?fit=800%2C214&ssl=1\",\"contentUrl\":\"https:\/\/i0.wp.com\/casadecampoliving.com\/wp-content\/uploads\/2022\/07\/CDCLivingLogo_V1-white-sized.png?fit=800%2C214&ssl=1\",\"width\":800,\"height\":214,\"caption\":\"Casa de Campo Living\"},\"image\":{\"@id\":\"https:\/\/casadecampoliving.com\/es\/#\/schema\/logo\/image\/\"},\"sameAs\":[\"https:\/\/www.facebook.com\/casadecampoliving\",\"https:\/\/x.com\/cdcliving\"]},{\"@type\":\"Person\",\"@id\":\"https:\/\/casadecampoliving.com\/es\/#\/schema\/person\/7e3b975d584a5f6ac0fd7128a81b0bc5\",\"name\":\"\",\"image\":{\"@type\":\"ImageObject\",\"inLanguage\":\"es\",\"@id\":\"https:\/\/secure.gravatar.com\/avatar\/?s=96&d=mm&r=g\",\"url\":\"https:\/\/secure.gravatar.com\/avatar\/?s=96&d=mm&r=g\",\"contentUrl\":\"https:\/\/secure.gravatar.com\/avatar\/?s=96&d=mm&r=g\"},\"url\":\"https:\/\/casadecampoliving.com\/es\/author\/ \/\"}]}<\/script>\n<!-- \/ Yoast SEO plugin. -->","yoast_head_json":{"title":"Entrevista con la cantante puertorrique\u00f1a, Ednita Nazario: \"Cantar en Altos de Chav\u00f3n es uno de mis grandes sue\u00f1os\" | Casa de Campo Living","description":"\u00a0El pasado 14 de febrero, d\u00eda de San Valent\u00edn, luego de m\u00e1s de 4 a\u00f1os de ausencia, la cantante puertorrique\u00f1a, Ednita Nazario se reencontr\u00f3 con sus","robots":{"index":"index","follow":"follow","max-snippet":"max-snippet:-1","max-image-preview":"max-image-preview:large","max-video-preview":"max-video-preview:-1"},"canonical":"https:\/\/casadecampoliving.com\/es\/entrevista-con-la-cantante-puertorriquena-ednita-nazario-cantar-en-altos-de-chavon-es-uno-de-mis-grandes-suenos\/","og_locale":"es_ES","og_type":"article","og_title":"Entrevista con la cantante puertorrique\u00f1a, Ednita Nazario: \"Cantar en Altos de Chav\u00f3n es uno de mis grandes sue\u00f1os\" | Casa de Campo Living","og_description":"\u00a0El pasado 14 de febrero, d\u00eda de San Valent\u00edn, luego de m\u00e1s de 4 a\u00f1os de ausencia, la cantante puertorrique\u00f1a, Ednita Nazario se reencontr\u00f3 con sus","og_url":"https:\/\/casadecampoliving.com\/es\/entrevista-con-la-cantante-puertorriquena-ednita-nazario-cantar-en-altos-de-chavon-es-uno-de-mis-grandes-suenos\/","og_site_name":"Casa de Campo Living","article_publisher":"https:\/\/www.facebook.com\/casadecampoliving","article_published_time":"2012-06-02T04:00:00+00:00","article_modified_time":"2022-11-10T14:39:38+00:00","og_image":[{"width":650,"height":778,"url":"https:\/\/i0.wp.com\/casadecampoliving.com\/wp-content\/uploads\/2022\/10\/Ednita_nazario2-1.jpg?fit=650%2C778&ssl=1","type":"image\/jpeg"}],"twitter_card":"summary_large_image","twitter_creator":"@cdcliving","twitter_site":"@cdcliving","twitter_misc":{"Escrito por":"","Tiempo de lectura":"9 minutos"},"schema":{"@context":"https:\/\/schema.org","@graph":[{"@type":"Article","@id":"https:\/\/casadecampoliving.com\/es\/entrevista-con-la-cantante-puertorriquena-ednita-nazario-cantar-en-altos-de-chavon-es-uno-de-mis-grandes-suenos\/#article","isPartOf":{"@id":"https:\/\/casadecampoliving.com\/es\/entrevista-con-la-cantante-puertorriquena-ednita-nazario-cantar-en-altos-de-chavon-es-uno-de-mis-grandes-suenos\/"},"author":{"name":"","@id":"https:\/\/casadecampoliving.com\/es\/#\/schema\/person\/7e3b975d584a5f6ac0fd7128a81b0bc5"},"headline":"Entrevista con la cantante puertorrique\u00f1a, Ednita Nazario: \u00abCantar en Altos de Chav\u00f3n es uno de mis grandes sue\u00f1os\u00bb","datePublished":"2012-06-02T04:00:00+00:00","dateModified":"2022-11-10T14:39:38+00:00","mainEntityOfPage":{"@id":"https:\/\/casadecampoliving.com\/es\/entrevista-con-la-cantante-puertorriquena-ednita-nazario-cantar-en-altos-de-chavon-es-uno-de-mis-grandes-suenos\/"},"wordCount":1797,"publisher":{"@id":"https:\/\/casadecampoliving.com\/es\/#organization"},"image":{"@id":"https:\/\/casadecampoliving.com\/es\/entrevista-con-la-cantante-puertorriquena-ednita-nazario-cantar-en-altos-de-chavon-es-uno-de-mis-grandes-suenos\/#primaryimage"},"thumbnailUrl":"https:\/\/i0.wp.com\/casadecampoliving.com\/wp-content\/uploads\/2022\/10\/Ednita_nazario2-1.jpg?fit=650%2C778&ssl=1","keywords":["anfiteatro de altos de chavon","Dominican Republic","ednita nazario"],"articleSection":["M\u00e1s all\u00e1 de Casa","Celebridades","Eventos","Estilo de Vida","Noticias Locales","Proximamente"],"inLanguage":"es"},{"@type":"WebPage","@id":"https:\/\/casadecampoliving.com\/es\/entrevista-con-la-cantante-puertorriquena-ednita-nazario-cantar-en-altos-de-chavon-es-uno-de-mis-grandes-suenos\/","url":"https:\/\/casadecampoliving.com\/es\/entrevista-con-la-cantante-puertorriquena-ednita-nazario-cantar-en-altos-de-chavon-es-uno-de-mis-grandes-suenos\/","name":"Entrevista con la cantante puertorrique\u00f1a, Ednita Nazario: \"Cantar en Altos de Chav\u00f3n es uno de mis grandes sue\u00f1os\" | Casa de Campo Living","isPartOf":{"@id":"https:\/\/casadecampoliving.com\/es\/#website"},"primaryImageOfPage":{"@id":"https:\/\/casadecampoliving.com\/es\/entrevista-con-la-cantante-puertorriquena-ednita-nazario-cantar-en-altos-de-chavon-es-uno-de-mis-grandes-suenos\/#primaryimage"},"image":{"@id":"https:\/\/casadecampoliving.com\/es\/entrevista-con-la-cantante-puertorriquena-ednita-nazario-cantar-en-altos-de-chavon-es-uno-de-mis-grandes-suenos\/#primaryimage"},"thumbnailUrl":"https:\/\/i0.wp.com\/casadecampoliving.com\/wp-content\/uploads\/2022\/10\/Ednita_nazario2-1.jpg?fit=650%2C778&ssl=1","datePublished":"2012-06-02T04:00:00+00:00","dateModified":"2022-11-10T14:39:38+00:00","description":"\u00a0El pasado 14 de febrero, d\u00eda de San Valent\u00edn, luego de m\u00e1s de 4 a\u00f1os de ausencia, la cantante puertorrique\u00f1a, Ednita Nazario se reencontr\u00f3 con sus","breadcrumb":{"@id":"https:\/\/casadecampoliving.com\/es\/entrevista-con-la-cantante-puertorriquena-ednita-nazario-cantar-en-altos-de-chavon-es-uno-de-mis-grandes-suenos\/#breadcrumb"},"inLanguage":"es","potentialAction":[{"@type":"ReadAction","target":["https:\/\/casadecampoliving.com\/es\/entrevista-con-la-cantante-puertorriquena-ednita-nazario-cantar-en-altos-de-chavon-es-uno-de-mis-grandes-suenos\/"]}]},{"@type":"ImageObject","inLanguage":"es","@id":"https:\/\/casadecampoliving.com\/es\/entrevista-con-la-cantante-puertorriquena-ednita-nazario-cantar-en-altos-de-chavon-es-uno-de-mis-grandes-suenos\/#primaryimage","url":"https:\/\/i0.wp.com\/casadecampoliving.com\/wp-content\/uploads\/2022\/10\/Ednita_nazario2-1.jpg?fit=650%2C778&ssl=1","contentUrl":"https:\/\/i0.wp.com\/casadecampoliving.com\/wp-content\/uploads\/2022\/10\/Ednita_nazario2-1.jpg?fit=650%2C778&ssl=1","width":650,"height":778,"caption":"ednita nazario"},{"@type":"BreadcrumbList","@id":"https:\/\/casadecampoliving.com\/es\/entrevista-con-la-cantante-puertorriquena-ednita-nazario-cantar-en-altos-de-chavon-es-uno-de-mis-grandes-suenos\/#breadcrumb","itemListElement":[{"@type":"ListItem","position":1,"name":"Home","item":"https:\/\/casadecampoliving.com\/es\/"},{"@type":"ListItem","position":2,"name":"Entrevista con la cantante puertorrique\u00f1a, Ednita Nazario: &#8220;Cantar en Altos de Chav\u00f3n es uno de mis grandes sue\u00f1os&#8221;"}]},{"@type":"WebSite","@id":"https:\/\/casadecampoliving.com\/es\/#website","url":"https:\/\/casadecampoliving.com\/es\/","name":"Casa de Campo Living","description":"Resort community news and resources.","publisher":{"@id":"https:\/\/casadecampoliving.com\/es\/#organization"},"potentialAction":[{"@type":"SearchAction","target":{"@type":"EntryPoint","urlTemplate":"https:\/\/casadecampoliving.com\/es\/?s={search_term_string}"},"query-input":{"@type":"PropertyValueSpecification","valueRequired":true,"valueName":"search_term_string"}}],"inLanguage":"es"},{"@type":"Organization","@id":"https:\/\/casadecampoliving.com\/es\/#organization","name":"Casa de Campo Living","url":"https:\/\/casadecampoliving.com\/es\/","logo":{"@type":"ImageObject","inLanguage":"es","@id":"https:\/\/casadecampoliving.com\/es\/#\/schema\/logo\/image\/","url":"https:\/\/i0.wp.com\/casadecampoliving.com\/wp-content\/uploads\/2022\/07\/CDCLivingLogo_V1-white-sized.png?fit=800%2C214&ssl=1","contentUrl":"https:\/\/i0.wp.com\/casadecampoliving.com\/wp-content\/uploads\/2022\/07\/CDCLivingLogo_V1-white-sized.png?fit=800%2C214&ssl=1","width":800,"height":214,"caption":"Casa de Campo Living"},"image":{"@id":"https:\/\/casadecampoliving.com\/es\/#\/schema\/logo\/image\/"},"sameAs":["https:\/\/www.facebook.com\/casadecampoliving","https:\/\/x.com\/cdcliving"]},{"@type":"Person","@id":"https:\/\/casadecampoliving.com\/es\/#\/schema\/person\/7e3b975d584a5f6ac0fd7128a81b0bc5","name":"","image":{"@type":"ImageObject","inLanguage":"es","@id":"https:\/\/secure.gravatar.com\/avatar\/?s=96&d=mm&r=g","url":"https:\/\/secure.gravatar.com\/avatar\/?s=96&d=mm&r=g","contentUrl":"https:\/\/secure.gravatar.com\/avatar\/?s=96&d=mm&r=g"},"url":"https:\/\/casadecampoliving.com\/es\/author\/ \/"}]}},"parsely":{"version":"1.1.0","canonical_url":"https:\/\/casadecampoliving.com\/es\/entrevista-con-la-cantante-puertorriquena-ednita-nazario-cantar-en-altos-de-chavon-es-uno-de-mis-grandes-suenos\/","smart_links":{"inbound":0,"outbound":0},"traffic_boost_suggestions_count":0,"meta":{"@context":"https:\/\/schema.org","@type":"NewsArticle","headline":"Entrevista con la cantante puertorrique\u00f1a, Ednita Nazario: \u00abCantar en Altos de Chav\u00f3n es uno de mis grandes sue\u00f1os\u00bb","url":"http:\/\/casadecampoliving.com\/es\/entrevista-con-la-cantante-puertorriquena-ednita-nazario-cantar-en-altos-de-chavon-es-uno-de-mis-grandes-suenos\/","mainEntityOfPage":{"@type":"WebPage","@id":"http:\/\/casadecampoliving.com\/es\/entrevista-con-la-cantante-puertorriquena-ednita-nazario-cantar-en-altos-de-chavon-es-uno-de-mis-grandes-suenos\/"},"thumbnailUrl":"https:\/\/i0.wp.com\/casadecampoliving.com\/wp-content\/uploads\/2022\/10\/Ednita_nazario2-1.jpg?resize=150%2C150&ssl=1","image":{"@type":"ImageObject","url":"https:\/\/i0.wp.com\/casadecampoliving.com\/wp-content\/uploads\/2022\/10\/Ednita_nazario2-1.jpg?fit=650%2C778&ssl=1"},"articleSection":"M\u00e1s all\u00e1 de Casa","author":[{"@type":"Person","name":"FB_515917546"}],"creator":["FB_515917546"],"publisher":{"@type":"Organization","name":"Casa de Campo Living","logo":"https:\/\/casadecampoliving.com\/wp-content\/uploads\/2022\/07\/CDCLivingLogo_V1-white-sized.png"},"keywords":["anfiteatro de altos de chavon","dominican republic","ednita nazario"],"dateCreated":"2012-06-02T04:00:00Z","datePublished":"2012-06-02T04:00:00Z","dateModified":"2022-11-10T14:39:38Z"},"rendered":"<script type=\"application\/ld+json\" class=\"wp-parsely-metadata\">{\"@context\":\"https:\\\/\\\/schema.org\",\"@type\":\"NewsArticle\",\"headline\":\"Entrevista con la cantante puertorrique\\u00f1a, Ednita Nazario: \\u00abCantar en Altos de Chav\\u00f3n es uno de mis grandes sue\\u00f1os\\u00bb\",\"url\":\"http:\\\/\\\/casadecampoliving.com\\\/es\\\/entrevista-con-la-cantante-puertorriquena-ednita-nazario-cantar-en-altos-de-chavon-es-uno-de-mis-grandes-suenos\\\/\",\"mainEntityOfPage\":{\"@type\":\"WebPage\",\"@id\":\"http:\\\/\\\/casadecampoliving.com\\\/es\\\/entrevista-con-la-cantante-puertorriquena-ednita-nazario-cantar-en-altos-de-chavon-es-uno-de-mis-grandes-suenos\\\/\"},\"thumbnailUrl\":\"https:\\\/\\\/i0.wp.com\\\/casadecampoliving.com\\\/wp-content\\\/uploads\\\/2022\\\/10\\\/Ednita_nazario2-1.jpg?resize=150%2C150&ssl=1\",\"image\":{\"@type\":\"ImageObject\",\"url\":\"https:\\\/\\\/i0.wp.com\\\/casadecampoliving.com\\\/wp-content\\\/uploads\\\/2022\\\/10\\\/Ednita_nazario2-1.jpg?fit=650%2C778&ssl=1\"},\"articleSection\":\"M\\u00e1s all\\u00e1 de Casa\",\"author\":[{\"@type\":\"Person\",\"name\":\"FB_515917546\"}],\"creator\":[\"FB_515917546\"],\"publisher\":{\"@type\":\"Organization\",\"name\":\"Casa de Campo Living\",\"logo\":\"https:\\\/\\\/casadecampoliving.com\\\/wp-content\\\/uploads\\\/2022\\\/07\\\/CDCLivingLogo_V1-white-sized.png\"},\"keywords\":[\"anfiteatro de altos de chavon\",\"dominican republic\",\"ednita nazario\"],\"dateCreated\":\"2012-06-02T04:00:00Z\",\"datePublished\":\"2012-06-02T04:00:00Z\",\"dateModified\":\"2022-11-10T14:39:38Z\"}<\/script>","tracker_url":"https:\/\/cdn.parsely.com\/keys\/casadecampoliving.com\/p.js"},"jetpack_publicize_connections":[],"jetpack_featured_media_url":"https:\/\/i0.wp.com\/casadecampoliving.com\/wp-content\/uploads\/2022\/10\/Ednita_nazario2-1.jpg?fit=650%2C778&ssl=1","jetpack-related-posts":[{"id":338194,"url":"https:\/\/casadecampoliving.com\/es\/la-diva-de-puerto-rico-ednita-nazario-llega-al-jaragua-con-soy-este-14-de-febrero-y-con-esperanzas-de-visitar-casa-de-campo\/","url_meta":{"origin":338532,"position":0},"title":"La Diva de Puerto Rico, Ednita Nazario, llega al Jaragua con \u00abSoy\u00bb este 14 de febrero&#8230;y con esperanzas de visitar Casa de Campo!","author":"","date":"6 Feb, 2012","format":false,"excerpt":"Luego de varios a\u00f1os de que se presentara por \u00faltima vez en el pa\u00eds, la cantante boricua, Ednita Nazario, quien tambi\u00e9n ha visitado el particular para\u00edso de Casa de Campo, al fin regresa a la Rep\u00fablica Dominicana para deleitar a los dominicanos con su espect\u00e1culo \u201cSoy\u201d, este 14 de febrero\u2026","rel":"","context":"En \u00abCelebridades\u00bb","block_context":{"text":"Celebridades","link":"https:\/\/casadecampoliving.com\/es\/category\/celebridades-es\/"},"img":{"alt_text":"ednita nazario","src":"https:\/\/i0.wp.com\/casadecampoliving.com\/wp-content\/uploads\/2022\/10\/ednita_nazario1-1.jpg?fit=650%2C380&ssl=1&resize=350%2C200","width":350,"height":200,"srcset":"https:\/\/i0.wp.com\/casadecampoliving.com\/wp-content\/uploads\/2022\/10\/ednita_nazario1-1.jpg?fit=650%2C380&ssl=1&resize=350%2C200 1x, https:\/\/i0.wp.com\/casadecampoliving.com\/wp-content\/uploads\/2022\/10\/ednita_nazario1-1.jpg?fit=650%2C380&ssl=1&resize=525%2C300 1.5x"},"classes":[]},{"id":320992,"url":"https:\/\/casadecampoliving.com\/this-valentines-day-puerto-rican-singer-ednita-nazario-returns-with-soy-and-hopes-of-visiting-casa-de-campo\/","url_meta":{"origin":338532,"position":1},"title":"This Valentine&#8217;s Day, Puerto Rican singer Ednita Nazario returns with \u00abSOY\u00bb and hopes of visiting Casa de Campo!","author":"","date":"6 Feb, 2012","format":false,"excerpt":"More than 10 years since her last concert in the Dominican Republic, Puerto Rican singer, Ednita Nazario, a fan of Casa de Campo, is finally returning to the delight of her thousands of Dominican fans. With a show named \u201cSOY\u201d (I am), Ednita Nazario will be performing on Tuesday February\u2026","rel":"","context":"En \u00abConcerts\u00bb","block_context":{"text":"Concerts","link":"https:\/\/casadecampoliving.com\/category\/concerts\/"},"img":{"alt_text":"ednita nazario","src":"https:\/\/i0.wp.com\/casadecampoliving.com\/wp-content\/uploads\/2022\/10\/ednita_nazario1-1.jpg?fit=650%2C380&ssl=1&resize=350%2C200","width":350,"height":200,"srcset":"https:\/\/i0.wp.com\/casadecampoliving.com\/wp-content\/uploads\/2022\/10\/ednita_nazario1-1.jpg?fit=650%2C380&ssl=1&resize=350%2C200 1x, https:\/\/i0.wp.com\/casadecampoliving.com\/wp-content\/uploads\/2022\/10\/ednita_nazario1-1.jpg?fit=650%2C380&ssl=1&resize=525%2C300 1.5x"},"classes":[]},{"id":321108,"url":"https:\/\/casadecampoliving.com\/performing-at-the-altos-de-chavon-amphitheatre-one-of-puerto-rican-singer-ednita-nazarios-biggest-dreams\/","url_meta":{"origin":338532,"position":2},"title":"Performing at the Altos de Chav\u00f3n amphitheatre: One of Puerto Rican singer Ednita Nazario&#8217;s biggest dreams!","author":"","date":"2 Jun, 2012","format":false,"excerpt":"On Valentine's Day (February 14th 2012), after more than 4 years of absence, Puerto Rican singer Ednita Nazario returned to her Dominican fans at a completely sold out concert entitled \"SOY\" celebrated at the Jaragua Hotel in Santo Domingo! Ednita Nazario set an end to her world tour \"SOY\" in\u2026","rel":"","context":"En \u00abBeyond Casa\u00bb","block_context":{"text":"Beyond Casa","link":"https:\/\/casadecampoliving.com\/category\/beyond-casa\/"},"img":{"alt_text":"ednita nazario","src":"https:\/\/i0.wp.com\/casadecampoliving.com\/wp-content\/uploads\/2022\/10\/Ednita_nazario2-1.jpg?fit=650%2C778&ssl=1&resize=350%2C200","width":350,"height":200,"srcset":"https:\/\/i0.wp.com\/casadecampoliving.com\/wp-content\/uploads\/2022\/10\/Ednita_nazario2-1.jpg?fit=650%2C778&ssl=1&resize=350%2C200 1x, https:\/\/i0.wp.com\/casadecampoliving.com\/wp-content\/uploads\/2022\/10\/Ednita_nazario2-1.jpg?fit=650%2C778&ssl=1&resize=525%2C300 1.5x"},"classes":[]},{"id":338376,"url":"https:\/\/casadecampoliving.com\/es\/esta-semana-en-casa-13-al-19-de-feb\/","url_meta":{"origin":338532,"position":3},"title":"Esta Semana en Casa: 13 al 19 de Feb!","author":"","date":"13 Feb, 2012","format":false,"excerpt":"Esta semana en Casa de Campo ser\u00e1 bastante movida y divertida! Celebre el d\u00eda de los enamorados con los men\u00fas especiales de los restaurantes de Casa de Campo y adem\u00e1s del espectacular concierto \u201cSoy\u201d de la puertorrique\u00f1a Ednita Nazario. El show de Yates en Miami comenzar\u00e1 este jueves y el\u2026","rel":"","context":"En \u00abEventos\u00bb","block_context":{"text":"Eventos","link":"https:\/\/casadecampoliving.com\/es\/category\/eventos-es\/"},"img":{"alt_text":"","src":"https:\/\/i0.wp.com\/casadecampoliving.com\/wp-content\/uploads\/2022\/10\/teeth_of_the_dog_casa_de_campo1-3.jpg?fit=650%2C350&ssl=1&resize=350%2C200","width":350,"height":200,"srcset":"https:\/\/i0.wp.com\/casadecampoliving.com\/wp-content\/uploads\/2022\/10\/teeth_of_the_dog_casa_de_campo1-3.jpg?fit=650%2C350&ssl=1&resize=350%2C200 1x, https:\/\/i0.wp.com\/casadecampoliving.com\/wp-content\/uploads\/2022\/10\/teeth_of_the_dog_casa_de_campo1-3.jpg?fit=650%2C350&ssl=1&resize=525%2C300 1.5x"},"classes":[]},{"id":321034,"url":"https:\/\/casadecampoliving.com\/this-week-in-casa-13th-19th-feb\/","url_meta":{"origin":338532,"position":4},"title":"This Week in Casa: 13th &#8211; 19th Feb!","author":"","date":"13 Feb, 2012","format":false,"excerpt":"It looks like this is going to be a fun and busy week!! Enjoy the special ocassion with special menus on Valentine\u2019s Day at Casa de Campo\u2019s beautiful restaurants, \u00a0 and some great music at Ednita Nazario\u2019s \u201cSoy\u201d concert! The Miami Yacht and Brokerage Show is starting on Thursday and\u2026","rel":"","context":"En \u00abCasa de Campo Resort\u00bb","block_context":{"text":"Casa de Campo Resort","link":"https:\/\/casadecampoliving.com\/category\/casa-de-campo-resort\/"},"img":{"alt_text":"teeth of the dog casa de campo","src":"https:\/\/i0.wp.com\/casadecampoliving.com\/wp-content\/uploads\/2022\/10\/teeth_of_the_dog_casa_de_campo1-3.jpg?fit=650%2C350&ssl=1&resize=350%2C200","width":350,"height":200,"srcset":"https:\/\/i0.wp.com\/casadecampoliving.com\/wp-content\/uploads\/2022\/10\/teeth_of_the_dog_casa_de_campo1-3.jpg?fit=650%2C350&ssl=1&resize=350%2C200 1x, https:\/\/i0.wp.com\/casadecampoliving.com\/wp-content\/uploads\/2022\/10\/teeth_of_the_dog_casa_de_campo1-3.jpg?fit=650%2C350&ssl=1&resize=525%2C300 1.5x"},"classes":[]},{"id":433460,"url":"https:\/\/casadecampoliving.com\/es\/no-se-pierdan-el-increible-tributo-a-frank-sinatra-para-celebrar-el-40-aniversario-del-anfiteatro-altos-de-chavon\/","url_meta":{"origin":338532,"position":5},"title":"No se pierdan el incre\u00edble tributo a Frank Sinatra para celebrar el 40 aniversario del\u00a0Anfiteatro Altos de Chav\u00f3n","author":"Casa de Campo Living","date":"20 Oct, 2022","format":false,"excerpt":"Siendo uno de los escenarios m\u00e1s emblem\u00e1ticos del pa\u00eds, Casa de Campo Resort\u00ae & Villas celebra las cuatro d\u00e9cadas de aniversario de Altos de Chav\u00f3n con un tributo al gran Frank Sinatra, protagonizado por artistas invitados y una big band tal cual la que acompa\u00f1\u00f3 al artista hace 40 a\u00f1os\u2026","rel":"","context":"En \u00abUncategorized @es\u00bb","block_context":{"text":"Uncategorized @es","link":"https:\/\/casadecampoliving.com\/es\/category\/uncategorized-es\/"},"img":{"alt_text":"","src":"https:\/\/i0.wp.com\/casadecampoliving.com\/wp-content\/uploads\/2022\/10\/Tributo-Frank-Sinatra-Foto-Principal-Amaury-Sanchez-Danilo-Ginebra-Andres-Pichardo-y-Jose-Gabriel-Perez-.jpg?fit=1200%2C873&ssl=1&resize=350%2C200","width":350,"height":200,"srcset":"https:\/\/i0.wp.com\/casadecampoliving.com\/wp-content\/uploads\/2022\/10\/Tributo-Frank-Sinatra-Foto-Principal-Amaury-Sanchez-Danilo-Ginebra-Andres-Pichardo-y-Jose-Gabriel-Perez-.jpg?fit=1200%2C873&ssl=1&resize=350%2C200 1x, https:\/\/i0.wp.com\/casadecampoliving.com\/wp-content\/uploads\/2022\/10\/Tributo-Frank-Sinatra-Foto-Principal-Amaury-Sanchez-Danilo-Ginebra-Andres-Pichardo-y-Jose-Gabriel-Perez-.jpg?fit=1200%2C873&ssl=1&resize=525%2C300 1.5x, https:\/\/i0.wp.com\/casadecampoliving.com\/wp-content\/uploads\/2022\/10\/Tributo-Frank-Sinatra-Foto-Principal-Amaury-Sanchez-Danilo-Ginebra-Andres-Pichardo-y-Jose-Gabriel-Perez-.jpg?fit=1200%2C873&ssl=1&resize=700%2C400 2x, https:\/\/i0.wp.com\/casadecampoliving.com\/wp-content\/uploads\/2022\/10\/Tributo-Frank-Sinatra-Foto-Principal-Amaury-Sanchez-Danilo-Ginebra-Andres-Pichardo-y-Jose-Gabriel-Perez-.jpg?fit=1200%2C873&ssl=1&resize=1050%2C600 3x"},"classes":[]}],"jetpack_sharing_enabled":true,"_links":{"self":[{"href":"https:\/\/casadecampoliving.com\/es\/wp-json\/wp\/v2\/posts\/338532","targetHints":{"allow":["GET"]}}],"collection":[{"href":"https:\/\/casadecampoliving.com\/es\/wp-json\/wp\/v2\/posts"}],"about":[{"href":"https:\/\/casadecampoliving.com\/es\/wp-json\/wp\/v2\/types\/post"}],"author":[{"embeddable":true,"href":"https:\/\/casadecampoliving.com\/es\/wp-json\/wp\/v2\/users\/21"}],"replies":[{"embeddable":true,"href":"https:\/\/casadecampoliving.com\/es\/wp-json\/wp\/v2\/comments?post=338532"}],"version-history":[{"count":2,"href":"https:\/\/casadecampoliving.com\/es\/wp-json\/wp\/v2\/posts\/338532\/revisions"}],"predecessor-version":[{"id":508649,"href":"https:\/\/casadecampoliving.com\/es\/wp-json\/wp\/v2\/posts\/338532\/revisions\/508649"}],"wp:featuredmedia":[{"embeddable":true,"href":"https:\/\/casadecampoliving.com\/es\/wp-json\/wp\/v2\/media\/261837"}],"wp:attachment":[{"href":"https:\/\/casadecampoliving.com\/es\/wp-json\/wp\/v2\/media?parent=338532"}],"wp:term":[{"taxonomy":"category","embeddable":true,"href":"https:\/\/casadecampoliving.com\/es\/wp-json\/wp\/v2\/categories?post=338532"},{"taxonomy":"post_tag","embeddable":true,"href":"https:\/\/casadecampoliving.com\/es\/wp-json\/wp\/v2\/tags?post=338532"},{"taxonomy":"newspack_spnsrs_tax","embeddable":true,"href":"https:\/\/casadecampoliving.com\/es\/wp-json\/wp\/v2\/newspack_spnsrs_tax?post=338532"}],"curies":[{"name":"wp","href":"https:\/\/api.w.org\/{rel}","templated":true}]}}