{"id":338512,"date":"2012-03-05T00:00:00","date_gmt":"2012-03-05T04:00:00","guid":{"rendered":"https:\/\/casadecampoliving.com\/esta-semana-en-casa-5-al-11-de-marzo\/"},"modified":"2022-10-21T18:42:05","modified_gmt":"2022-10-21T22:42:05","slug":"esta-semana-en-casa-5-al-11-de-marzo","status":"publish","type":"post","link":"https:\/\/casadecampoliving.com\/es\/esta-semana-en-casa-5-al-11-de-marzo\/","title":{"rendered":"Esta Semana en Casa: 5 al 11 de Marzo"},"content":{"rendered":"<div class=\"wp-block-image\">\n<figure class=\"aligncenter is-resized\"><img loading=\"lazy\" decoding=\"async\" src=\"https:\/\/i0.wp.com\/casadecampoliving.com\/wp-content\/uploads\/2022\/10\/thisweekincasa1ESP-4.jpg?resize=650%2C350&amp;ssl=1\" alt=\"casa de campo\" class=\"wp-image-45817\" title=\"thisweekincasa1ESP\" height=\"350\" width=\"650\"\/><\/figure>\n<\/div>\n\n\n<p>Esta semana en Casa de Campo es tiempo perfecto para relajarse en su villa de Casa de Campo! \u00danase&nbsp;a las magn\u00edficas clases de baile de Flamenco de Fatima Renedo, al evento ben\u00e9fico del Caf\u00e9 de la Leche en el Costa Luminosa y disfrute de la nueva exhibici\u00f3n de arte disponible en la galer\u00eda de arte de Altos de Chav\u00f3n!<\/p>\n\n\n\n<!--more-->\n\n\n\n<blockquote><h3 style=\"text-align: center;\">Estos eventos, actividades y especiales aplican para la semana de:<\/h3><h2 style=\"text-align: center;\">Lunes 4 Mar \u2013 Domingo &nbsp;Mar<\/h2><\/blockquote>\n\n\n\n<p><strong><a href=\"http:\/\/wp.me\/p1kvEy-abH\">Haga click para ver la cartelera de cine y los trailers<\/a><\/strong><\/p>\n\n\n\n<figure class=\"wp-block-image is-resized\"><a href=\"https:\/\/i0.wp.com\/casadecampoliving.com\/wp-content\/uploads\/2022\/10\/casa_de_campo1-20.jpg?ssl=1\"><img loading=\"lazy\" decoding=\"async\" src=\"https:\/\/i0.wp.com\/casadecampoliving.com\/wp-content\/uploads\/2022\/10\/casa_de_campo1-20.jpg?resize=550%2C32&amp;ssl=1\" alt=\"\" class=\"wp-image-36851\" title=\"casa_de_campo\" height=\"32\" width=\"550\"\/><\/a><\/figure>\n\n\n\n<p><span style=\"color: #0000ee;\"><strong><span style=\"text-decoration: underline;\"><\/span><\/strong><\/span><\/p>\n\n\n\n<p><strong><strong><a href=\"https:\/\/casadecampoliving.com\/es\/2012\/01\/hernandez-en-chavon-la-nueva-exhibicion-de-arte-se-inaugurara-el-jueves-2-de-febrero\/\">Exhibici\u00f3n de Arte \u201cHern\u00e1ndez en Chav\u00f3n\u201d<\/a><\/strong><br>\n<strong>Hora<\/strong>:&nbsp;<\/strong>7:30pm<strong><br>\n<strong>Lugar<\/strong>:&nbsp;<\/strong>Galer\u00eda de Arte, Altos de Chav\u00f3n<strong><br>\n<strong><a href=\"https:\/\/casadecampoliving.com\/es\/2012\/01\/hernandez-en-chavon-la-nueva-exhibicion-de-arte-se-inaugurara-el-jueves-2-de-febrero\/\">Haga click aqu\u00ed para m\u00e1s info!<\/a>&nbsp;&nbsp;<\/strong><\/strong><\/p>\n\n\n\n<p><strong><a href=\"https:\/\/casadecampoliving.com\/es\/2011\/11\/clases-de-flamenco-con-fatima-en-el-centro-pointe-de-la-romana\/\">Clases de Flamenco con Fatima Renedo Peral<\/a><\/strong><br>\n<strong>Hora<\/strong>: 6-7pm<br>\n<strong>Lugar<\/strong>: Escuela de Danza, &nbsp;Point\u00e9, La Romana<br>\n<strong><a href=\"https:\/\/casadecampoliving.com\/es\/2011\/11\/clases-de-flamenco-con-fatima-en-el-centro-pointe-de-la-romana\/\">Haga click aqu\u00ed para m\u00e1s info!<\/a>&nbsp;&nbsp;<\/strong><\/p>\n\n\n\n<p><strong><a href=\"https:\/\/casadecampoliving.com\/es\/2012\/03\/cafe-de-la-leche-a-bordo-del-costa-luminosa-lunes-5-de-marzo\/\">Caf\u00e9 de la Leche a bordo del Costa Luminosa<\/a><br>\nHora: <\/strong>6-8pm<br>\n<strong>Lugar: <\/strong>Costa Luminosa, puerto de La Romana \u2013 Casa de Campo!<br>\n<strong><a href=\"https:\/\/casadecampoliving.com\/es\/2012\/03\/cafe-de-la-leche-a-bordo-del-costa-luminosa-lunes-5-de-marzo\/\">Haga click aqu\u00ed para m\u00e1s info!<\/a><\/strong><\/p>\n\n\n\n<figure class=\"wp-block-image is-resized\"><a href=\"https:\/\/i0.wp.com\/casadecampoliving.com\/wp-content\/uploads\/2022\/10\/casa_de_campo2-15.jpg?ssl=1\"><img loading=\"lazy\" decoding=\"async\" src=\"https:\/\/i0.wp.com\/casadecampoliving.com\/wp-content\/uploads\/2022\/10\/casa_de_campo2-15.jpg?resize=550%2C32&amp;ssl=1\" alt=\"\" class=\"wp-image-36852\" title=\"casa_de_campo\" height=\"32\" width=\"550\"\/><\/a><\/figure>\n\n\n\n<p><span style=\"color: #0000ee;\"><strong><span style=\"text-decoration: underline;\"><\/span><\/strong><\/span><\/p>\n\n\n\n<p><strong><a href=\"https:\/\/casadecampoliving.com\/es\/2011\/11\/clases-de-flamenco-con-fatima-en-el-centro-pointe-de-la-romana\/\">Clases de Flamenco con Fatima Renedo Peral<\/a><\/strong><br>\n<strong>Hora<\/strong>: 3.15pm<br>\n<strong>Lugar<\/strong>: Escuela de Danza, &nbsp;Point\u00e9, La Romana<br>\n<strong><a href=\"https:\/\/casadecampoliving.com\/es\/2011\/11\/clases-de-flamenco-con-fatima-en-el-centro-pointe-de-la-romana\/\">Haga click aqu\u00ed para m\u00e1s info!<\/a>&nbsp;<\/strong><\/p>\n\n\n\n<figure class=\"wp-block-image is-resized\"><img loading=\"lazy\" decoding=\"async\" src=\"https:\/\/i0.wp.com\/casadecampoliving.com\/wp-content\/uploads\/2022\/10\/casa_de_campo3-12.jpg?resize=550%2C32&amp;ssl=1\" alt=\"casa de campo\" class=\"wp-image-36854\" title=\"casa_de_campo\" height=\"32\" width=\"550\"\/><\/figure>\n\n\n\n<p><span style=\"color: #0000ee;\"><\/span><\/p>\n\n\n\n<p><strong><a href=\"https:\/\/casadecampoliving.com\/es\/2011\/11\/clases-de-flamenco-con-fatima-en-el-centro-pointe-de-la-romana\/\">Clases de Flamenco con Fatima Renedo Peral<\/a><\/strong><br>\n<strong>Hora<\/strong>: 6pm<br>\n<strong>Lugar<\/strong>: Escuela de Danza, &nbsp;Point\u00e9, La Romana<br>\n<strong><a href=\"https:\/\/casadecampoliving.com\/es\/2011\/11\/clases-de-flamenco-con-fatima-en-el-centro-pointe-de-la-romana\/\">Haga click aqu\u00ed para m\u00e1s info!<\/a>&nbsp;<\/strong><\/p>\n\n\n\n<figure class=\"wp-block-image is-resized\"><a href=\"https:\/\/i0.wp.com\/casadecampoliving.com\/wp-content\/uploads\/2022\/10\/casa_de_campo11-2.jpg?ssl=1\"><img loading=\"lazy\" decoding=\"async\" src=\"https:\/\/i0.wp.com\/casadecampoliving.com\/wp-content\/uploads\/2022\/10\/casa_de_campo11-2.jpg?resize=550%2C32&amp;ssl=1\" alt=\"\" class=\"wp-image-36858\" title=\"casa_de_campo1\" height=\"32\" width=\"550\"\/><\/a><\/figure>\n\n\n\n<p><span style=\"color: #0000ee;\"><span><strong><\/strong><\/span><\/span><\/p>\n\n\n\n<p><strong><strong><a href=\"https:\/\/casadecampoliving.com\/es\/2012\/03\/la-accion-del-caballo-de-polo-la-nueva-exhibicion-se-inaugurara-el-jueves-8-de-marzo\/\">Exhibici\u00f3n de Arte \u201c<strong><strong><\/strong><\/strong><\/a><strong><strong><a href=\"https:\/\/casadecampoliving.com\/es\/2012\/01\/hernandez-en-chavon-la-nueva-exhibicion-de-arte-se-inaugurara-el-jueves-2-de-febrero\/\">La acci\u00f3n del caballo de polo<\/a><\/strong><\/strong>\u201c<\/strong><br>\n<strong>Hora<\/strong>:&nbsp;<\/strong>7:30pm<strong><br>\n<strong>Lugar<\/strong>:&nbsp;<\/strong>Galer\u00eda de Arte, Altos de Chav\u00f3n<strong><br>\n<strong><a href=\"https:\/\/casadecampoliving.com\/es\/2012\/03\/la-accion-del-caballo-de-polo-la-nueva-exhibicion-se-inaugurara-el-jueves-8-de-marzo\/\">Haga click aqu\u00ed para m\u00e1s info!&nbsp;<\/a><\/strong><\/strong><\/p>\n\n\n\n<p><strong><a href=\"https:\/\/casadecampoliving.com\/es\/2011\/11\/clases-de-flamenco-con-fatima-en-el-centro-pointe-de-la-romana\/\">Clases de Flamenco con Fatima Renedo Peral<\/a><\/strong><br>\n<strong>Hora<\/strong>: 6pm<br>\n<strong>Lugar<\/strong>: Escuela de Danza, &nbsp;Point\u00e9, La Romana<br>\n<strong><a href=\"https:\/\/casadecampoliving.com\/es\/2011\/11\/clases-de-flamenco-con-fatima-en-el-centro-pointe-de-la-romana\/\">Haga click aqu\u00ed para m\u00e1s info!<\/a><\/strong><\/p>\n\n\n\n<blockquote class=\"wp-block-quote is-layout-flow wp-block-quote-is-layout-flow\"><p><strong><a href=\"http:\/\/wp.me\/p1kvEy-b67\">Happy Hour 2\u00d71 en La Enoteca<\/a><\/strong><br>\n<strong>Hora<\/strong>: 7pm-9pm<br>\n<strong>Lugar<\/strong>: La Enoteca, La Marina Casa de Campo<br>\n<strong><a href=\"http:\/\/wp.me\/p1kvEy-b67\">Haga click aqu\u00ed para m\u00e1s info!&nbsp;<\/a><\/strong><\/p><\/blockquote>\n\n\n\n<figure class=\"wp-block-image is-resized\"><img loading=\"lazy\" decoding=\"async\" src=\"https:\/\/i0.wp.com\/casadecampoliving.com\/wp-content\/uploads\/2022\/10\/casa_de_campo4-9.jpg?resize=550%2C32&amp;ssl=1\" alt=\"\" class=\"wp-image-36859\" title=\"casa_de_campo\" height=\"32\" width=\"550\"\/><\/figure>\n\n\n\n<p><strong><strong><a href=\"https:\/\/i0.wp.com\/casadecampoliving.com\/wp-content\/uploads\/2022\/10\/casa_de_campo4-9.jpg?ssl=1\"> <\/a><\/strong><\/strong><\/p>\n\n\n\n<p><strong><strong><strong><a href=\"https:\/\/casadecampoliving.com\/es\/2012\/03\/la-accion-del-caballo-de-polo-la-nueva-exhibicion-se-inaugurara-el-jueves-8-de-marzo\/\">Exhibici\u00f3n de Arte \u201c<strong><strong><\/strong><\/strong><\/a><strong><strong><a href=\"https:\/\/casadecampoliving.com\/es\/2012\/01\/hernandez-en-chavon-la-nueva-exhibicion-de-arte-se-inaugurara-el-jueves-2-de-febrero\/\">La acci\u00f3n del caballo de polo<\/a><\/strong><\/strong>\u201c<\/strong><br>\n<strong>Hora<\/strong>:&nbsp;<\/strong><\/strong>9am-6pm<strong><strong><br>\n<strong>Lugar<\/strong>:&nbsp;<\/strong><\/strong>Galer\u00eda de Arte, Altos de Chav\u00f3n<strong><strong><br>\n<strong><a href=\"https:\/\/casadecampoliving.com\/es\/2012\/03\/la-accion-del-caballo-de-polo-la-nueva-exhibicion-se-inaugurara-el-jueves-8-de-marzo\/\">Haga click aqu\u00ed para m\u00e1s info!&nbsp;&nbsp;<\/a><\/strong><\/strong><\/strong><\/p>\n\n\n\n<figure class=\"wp-block-image is-resized\"><img loading=\"lazy\" decoding=\"async\" src=\"https:\/\/i0.wp.com\/casadecampoliving.com\/wp-content\/uploads\/2022\/10\/casa_de_campo21-2.jpg?resize=550%2C32&amp;ssl=1\" alt=\"\" class=\"wp-image-36861\" title=\"casa_de_campo2\" height=\"32\" width=\"550\"\/><\/figure>\n\n\n\n<p><a href=\"https:\/\/casadecampoliving.com\/wp-content\/uploads\/2022\/10\/casa_de_campo21-2.jpg\"><strong><strong><\/strong><\/strong><\/a><\/p>\n\n\n\n<p><strong><strong><a href=\"https:\/\/casadecampoliving.com\/es\/2012\/03\/la-accion-del-caballo-de-polo-la-nueva-exhibicion-se-inaugurara-el-jueves-8-de-marzo\/\">Exhibici\u00f3n de Arte \u201c<strong><strong><\/strong><\/strong><\/a><strong><strong><a href=\"https:\/\/casadecampoliving.com\/es\/2012\/01\/hernandez-en-chavon-la-nueva-exhibicion-de-arte-se-inaugurara-el-jueves-2-de-febrero\/\">La acci\u00f3n del caballo de polo<\/a><\/strong><\/strong>\u201c<\/strong><br>\n<strong>Hora<\/strong>:&nbsp;<\/strong>9am-6pm<strong><br>\n<strong>Lugar<\/strong>:&nbsp;<\/strong>Galer\u00eda de Arte, Altos de Chav\u00f3n<strong><br>\n<strong><a href=\"https:\/\/casadecampoliving.com\/es\/2012\/03\/la-accion-del-caballo-de-polo-la-nueva-exhibicion-se-inaugurara-el-jueves-8-de-marzo\/\">Haga click aqu\u00ed para m\u00e1s info!&nbsp;<\/a><\/strong><\/strong><\/p>\n\n\n\n<figure class=\"wp-block-image is-resized\"><a href=\"https:\/\/i0.wp.com\/casadecampoliving.com\/wp-content\/uploads\/2022\/10\/casa_de_campo31-2.jpg?ssl=1\"><img loading=\"lazy\" decoding=\"async\" src=\"https:\/\/i0.wp.com\/casadecampoliving.com\/wp-content\/uploads\/2022\/10\/casa_de_campo31-2.jpg?resize=550%2C32&amp;ssl=1\" alt=\"\" class=\"wp-image-36862\" title=\"casa_de_campo3\" height=\"32\" width=\"550\"\/><\/a><\/figure>\n\n\n\n<p><span style=\"text-decoration: underline;\"><\/span><\/p>\n\n\n\n<p><strong><strong><a href=\"https:\/\/casadecampoliving.com\/es\/2012\/03\/la-accion-del-caballo-de-polo-la-nueva-exhibicion-se-inaugurara-el-jueves-8-de-marzo\/\">Exhibici\u00f3n de Arte \u201cLa acci\u00f3n del caballo de polo\u201d<\/a><\/strong><br>\n<strong>Hora<\/strong>:&nbsp;<\/strong>9am-6pm<strong><br>\n<strong>Lugar<\/strong>:&nbsp;<\/strong>Galer\u00eda de Arte, Altos de Chav\u00f3n<strong><br>\n<strong><a href=\"https:\/\/casadecampoliving.com\/es\/2012\/03\/la-accion-del-caballo-de-polo-la-nueva-exhibicion-se-inaugurara-el-jueves-8-de-marzo\/\">Haga click aqu\u00ed para m\u00e1s info!&nbsp;<\/a><\/strong><\/strong><\/p>\n","protected":false},"excerpt":{"rendered":"<p>Esta semana en Casa de Campo es tiempo perfecto para relajarse en su villa de Casa de Campo! \u00danase&nbsp;a las magn\u00edficas clases de baile de Flamenco de Fatima Renedo, al evento ben\u00e9fico del Caf\u00e9 de la Leche en el Costa Luminosa y disfrute de la nueva exhibici\u00f3n de arte disponible en la galer\u00eda de arte [&hellip;]<\/p>\n","protected":false},"author":21,"featured_media":221123,"comment_status":"closed","ping_status":"closed","sticky":false,"template":"","format":"standard","meta":{"newspack_ads_suppress_ads":false,"newspack_popups_has_disabled_popups":false,"newspack_sponsor_sponsorship_scope":"","newspack_sponsor_native_byline_display":"inherit","newspack_sponsor_native_category_display":"inherit","newspack_sponsor_underwriter_style":"inherit","newspack_sponsor_underwriter_placement":"inherit","_newspack_byline_active":false,"_newspack_byline":"","newspack_hide_updated_date":false,"newspack_show_updated_date":false,"newspack_content_restriction_is_exempt":false,"newspack_featured_image_position":"","newspack_post_subtitle":"","newspack_article_summary_title":"Overview:","newspack_article_summary":"","_jetpack_memberships_contains_paid_content":false,"footnotes":"","jetpack_publicize_message":"","jetpack_publicize_feature_enabled":true,"jetpack_social_post_already_shared":false,"jetpack_social_options":{"image_generator_settings":{"template":"highway","default_image_id":0,"font":"","enabled":false},"version":2},"_wpas_customize_per_network":false},"categories":[14625,26822],"tags":[3082],"newspack_spnsrs_tax":[],"class_list":["post-338512","post","type-post","status-publish","format-standard","has-post-thumbnail","hentry","category-noticias-locales","category-resort-casa-de-campo","tag-esta-semana-en-casa","entry"],"yoast_head":"<!-- This site is optimized with the Yoast SEO plugin v27.5 - https:\/\/yoast.com\/product\/yoast-seo-wordpress\/ -->\n<title>Esta Semana en Casa: 5 al 11 de Marzo | Casa de Campo Living<\/title>\n<meta name=\"description\" content=\"Esta semana en Casa de Campo es tiempo perfecto para relajarse en su villa de Casa de Campo! \u00danase&nbsp;a las magn\u00edficas clases de baile de Flamenco de\" \/>\n<meta name=\"robots\" content=\"index, follow, max-snippet:-1, max-image-preview:large, max-video-preview:-1\" \/>\n<link rel=\"canonical\" href=\"https:\/\/casadecampoliving.com\/es\/esta-semana-en-casa-5-al-11-de-marzo\/\" \/>\n<meta property=\"og:locale\" content=\"es_ES\" \/>\n<meta property=\"og:type\" content=\"article\" \/>\n<meta property=\"og:title\" content=\"Esta Semana en Casa: 5 al 11 de Marzo | Casa de Campo Living\" \/>\n<meta property=\"og:description\" content=\"Esta semana en Casa de Campo es tiempo perfecto para relajarse en su villa de Casa de Campo! \u00danase&nbsp;a las magn\u00edficas clases de baile de Flamenco de\" \/>\n<meta property=\"og:url\" content=\"https:\/\/casadecampoliving.com\/es\/esta-semana-en-casa-5-al-11-de-marzo\/\" \/>\n<meta property=\"og:site_name\" content=\"Casa de Campo Living\" \/>\n<meta property=\"article:publisher\" content=\"https:\/\/www.facebook.com\/casadecampoliving\" \/>\n<meta property=\"article:published_time\" content=\"2012-03-05T04:00:00+00:00\" \/>\n<meta property=\"article:modified_time\" content=\"2022-10-21T22:42:05+00:00\" \/>\n<meta property=\"og:image\" content=\"https:\/\/i0.wp.com\/casadecampoliving.com\/wp-content\/uploads\/2022\/10\/thisweekincasa1ENG-3.jpg?fit=650%2C350&ssl=1\" \/>\n\t<meta property=\"og:image:width\" content=\"650\" \/>\n\t<meta property=\"og:image:height\" content=\"350\" \/>\n\t<meta property=\"og:image:type\" content=\"image\/jpeg\" \/>\n<meta name=\"twitter:card\" content=\"summary_large_image\" \/>\n<meta name=\"twitter:creator\" content=\"@cdcliving\" \/>\n<meta name=\"twitter:site\" content=\"@cdcliving\" \/>\n<meta name=\"twitter:label1\" content=\"Escrito por\" \/>\n\t<meta name=\"twitter:data1\" content=\"\" \/>\n\t<meta name=\"twitter:label2\" content=\"Tiempo de lectura\" \/>\n\t<meta name=\"twitter:data2\" content=\"2 minutos\" \/>\n<script type=\"application\/ld+json\" class=\"yoast-schema-graph\">{\"@context\":\"https:\\\/\\\/schema.org\",\"@graph\":[{\"@type\":\"Article\",\"@id\":\"https:\\\/\\\/casadecampoliving.com\\\/es\\\/esta-semana-en-casa-5-al-11-de-marzo\\\/#article\",\"isPartOf\":{\"@id\":\"https:\\\/\\\/casadecampoliving.com\\\/es\\\/esta-semana-en-casa-5-al-11-de-marzo\\\/\"},\"author\":{\"name\":\"\",\"@id\":\"https:\\\/\\\/casadecampoliving.com\\\/es\\\/#\\\/schema\\\/person\\\/7e3b975d584a5f6ac0fd7128a81b0bc5\"},\"headline\":\"Esta Semana en Casa: 5 al 11 de Marzo\",\"datePublished\":\"2012-03-05T04:00:00+00:00\",\"dateModified\":\"2022-10-21T22:42:05+00:00\",\"mainEntityOfPage\":{\"@id\":\"https:\\\/\\\/casadecampoliving.com\\\/es\\\/esta-semana-en-casa-5-al-11-de-marzo\\\/\"},\"wordCount\":416,\"publisher\":{\"@id\":\"https:\\\/\\\/casadecampoliving.com\\\/es\\\/#organization\"},\"image\":{\"@id\":\"https:\\\/\\\/casadecampoliving.com\\\/es\\\/esta-semana-en-casa-5-al-11-de-marzo\\\/#primaryimage\"},\"thumbnailUrl\":\"https:\\\/\\\/i0.wp.com\\\/casadecampoliving.com\\\/wp-content\\\/uploads\\\/2022\\\/10\\\/thisweekincasa1ENG-3.jpg?fit=650%2C350&ssl=1\",\"keywords\":[\"esta semana en casa\"],\"articleSection\":[\"Noticias Locales\",\"Resort Casa de Campo\"],\"inLanguage\":\"es\"},{\"@type\":\"WebPage\",\"@id\":\"https:\\\/\\\/casadecampoliving.com\\\/es\\\/esta-semana-en-casa-5-al-11-de-marzo\\\/\",\"url\":\"https:\\\/\\\/casadecampoliving.com\\\/es\\\/esta-semana-en-casa-5-al-11-de-marzo\\\/\",\"name\":\"Esta Semana en Casa: 5 al 11 de Marzo | Casa de Campo Living\",\"isPartOf\":{\"@id\":\"https:\\\/\\\/casadecampoliving.com\\\/es\\\/#website\"},\"primaryImageOfPage\":{\"@id\":\"https:\\\/\\\/casadecampoliving.com\\\/es\\\/esta-semana-en-casa-5-al-11-de-marzo\\\/#primaryimage\"},\"image\":{\"@id\":\"https:\\\/\\\/casadecampoliving.com\\\/es\\\/esta-semana-en-casa-5-al-11-de-marzo\\\/#primaryimage\"},\"thumbnailUrl\":\"https:\\\/\\\/i0.wp.com\\\/casadecampoliving.com\\\/wp-content\\\/uploads\\\/2022\\\/10\\\/thisweekincasa1ENG-3.jpg?fit=650%2C350&ssl=1\",\"datePublished\":\"2012-03-05T04:00:00+00:00\",\"dateModified\":\"2022-10-21T22:42:05+00:00\",\"description\":\"Esta semana en Casa de Campo es tiempo perfecto para relajarse en su villa de Casa de Campo! \u00danase&nbsp;a las magn\u00edficas clases de baile de Flamenco de\",\"breadcrumb\":{\"@id\":\"https:\\\/\\\/casadecampoliving.com\\\/es\\\/esta-semana-en-casa-5-al-11-de-marzo\\\/#breadcrumb\"},\"inLanguage\":\"es\",\"potentialAction\":[{\"@type\":\"ReadAction\",\"target\":[\"https:\\\/\\\/casadecampoliving.com\\\/es\\\/esta-semana-en-casa-5-al-11-de-marzo\\\/\"]}]},{\"@type\":\"ImageObject\",\"inLanguage\":\"es\",\"@id\":\"https:\\\/\\\/casadecampoliving.com\\\/es\\\/esta-semana-en-casa-5-al-11-de-marzo\\\/#primaryimage\",\"url\":\"https:\\\/\\\/i0.wp.com\\\/casadecampoliving.com\\\/wp-content\\\/uploads\\\/2022\\\/10\\\/thisweekincasa1ENG-3.jpg?fit=650%2C350&ssl=1\",\"contentUrl\":\"https:\\\/\\\/i0.wp.com\\\/casadecampoliving.com\\\/wp-content\\\/uploads\\\/2022\\\/10\\\/thisweekincasa1ENG-3.jpg?fit=650%2C350&ssl=1\",\"width\":650,\"height\":350},{\"@type\":\"BreadcrumbList\",\"@id\":\"https:\\\/\\\/casadecampoliving.com\\\/es\\\/esta-semana-en-casa-5-al-11-de-marzo\\\/#breadcrumb\",\"itemListElement\":[{\"@type\":\"ListItem\",\"position\":1,\"name\":\"Home\",\"item\":\"https:\\\/\\\/casadecampoliving.com\\\/es\\\/\"},{\"@type\":\"ListItem\",\"position\":2,\"name\":\"Esta Semana en Casa: 5 al 11 de Marzo\"}]},{\"@type\":\"WebSite\",\"@id\":\"https:\\\/\\\/casadecampoliving.com\\\/es\\\/#website\",\"url\":\"https:\\\/\\\/casadecampoliving.com\\\/es\\\/\",\"name\":\"Casa de Campo Living\",\"description\":\"Resort community news and resources.\",\"publisher\":{\"@id\":\"https:\\\/\\\/casadecampoliving.com\\\/es\\\/#organization\"},\"potentialAction\":[{\"@type\":\"SearchAction\",\"target\":{\"@type\":\"EntryPoint\",\"urlTemplate\":\"https:\\\/\\\/casadecampoliving.com\\\/es\\\/?s={search_term_string}\"},\"query-input\":{\"@type\":\"PropertyValueSpecification\",\"valueRequired\":true,\"valueName\":\"search_term_string\"}}],\"inLanguage\":\"es\"},{\"@type\":\"Organization\",\"@id\":\"https:\\\/\\\/casadecampoliving.com\\\/es\\\/#organization\",\"name\":\"Casa de Campo Living\",\"url\":\"https:\\\/\\\/casadecampoliving.com\\\/es\\\/\",\"logo\":{\"@type\":\"ImageObject\",\"inLanguage\":\"es\",\"@id\":\"https:\\\/\\\/casadecampoliving.com\\\/es\\\/#\\\/schema\\\/logo\\\/image\\\/\",\"url\":\"https:\\\/\\\/i0.wp.com\\\/casadecampoliving.com\\\/wp-content\\\/uploads\\\/2022\\\/07\\\/CDCLivingLogo_V1-white-sized.png?fit=800%2C214&ssl=1\",\"contentUrl\":\"https:\\\/\\\/i0.wp.com\\\/casadecampoliving.com\\\/wp-content\\\/uploads\\\/2022\\\/07\\\/CDCLivingLogo_V1-white-sized.png?fit=800%2C214&ssl=1\",\"width\":800,\"height\":214,\"caption\":\"Casa de Campo Living\"},\"image\":{\"@id\":\"https:\\\/\\\/casadecampoliving.com\\\/es\\\/#\\\/schema\\\/logo\\\/image\\\/\"},\"sameAs\":[\"https:\\\/\\\/www.facebook.com\\\/casadecampoliving\",\"https:\\\/\\\/x.com\\\/cdcliving\"]},{\"@type\":\"Person\",\"@id\":\"https:\\\/\\\/casadecampoliving.com\\\/es\\\/#\\\/schema\\\/person\\\/7e3b975d584a5f6ac0fd7128a81b0bc5\",\"name\":\"\",\"image\":{\"@type\":\"ImageObject\",\"inLanguage\":\"es\",\"@id\":\"https:\\\/\\\/secure.gravatar.com\\\/avatar\\\/?s=96&d=mm&r=g\",\"url\":\"https:\\\/\\\/secure.gravatar.com\\\/avatar\\\/?s=96&d=mm&r=g\",\"contentUrl\":\"https:\\\/\\\/secure.gravatar.com\\\/avatar\\\/?s=96&d=mm&r=g\"},\"url\":\"https:\\\/\\\/casadecampoliving.com\\\/es\\\/author\\\/ \\\/\"}]}<\/script>\n<!-- \/ Yoast SEO plugin. -->","yoast_head_json":{"title":"Esta Semana en Casa: 5 al 11 de Marzo | Casa de Campo Living","description":"Esta semana en Casa de Campo es tiempo perfecto para relajarse en su villa de Casa de Campo! \u00danase&nbsp;a las magn\u00edficas clases de baile de Flamenco de","robots":{"index":"index","follow":"follow","max-snippet":"max-snippet:-1","max-image-preview":"max-image-preview:large","max-video-preview":"max-video-preview:-1"},"canonical":"https:\/\/casadecampoliving.com\/es\/esta-semana-en-casa-5-al-11-de-marzo\/","og_locale":"es_ES","og_type":"article","og_title":"Esta Semana en Casa: 5 al 11 de Marzo | Casa de Campo Living","og_description":"Esta semana en Casa de Campo es tiempo perfecto para relajarse en su villa de Casa de Campo! \u00danase&nbsp;a las magn\u00edficas clases de baile de Flamenco de","og_url":"https:\/\/casadecampoliving.com\/es\/esta-semana-en-casa-5-al-11-de-marzo\/","og_site_name":"Casa de Campo Living","article_publisher":"https:\/\/www.facebook.com\/casadecampoliving","article_published_time":"2012-03-05T04:00:00+00:00","article_modified_time":"2022-10-21T22:42:05+00:00","og_image":[{"width":650,"height":350,"url":"https:\/\/i0.wp.com\/casadecampoliving.com\/wp-content\/uploads\/2022\/10\/thisweekincasa1ENG-3.jpg?fit=650%2C350&ssl=1","type":"image\/jpeg"}],"twitter_card":"summary_large_image","twitter_creator":"@cdcliving","twitter_site":"@cdcliving","twitter_misc":{"Escrito por":"","Tiempo de lectura":"2 minutos"},"schema":{"@context":"https:\/\/schema.org","@graph":[{"@type":"Article","@id":"https:\/\/casadecampoliving.com\/es\/esta-semana-en-casa-5-al-11-de-marzo\/#article","isPartOf":{"@id":"https:\/\/casadecampoliving.com\/es\/esta-semana-en-casa-5-al-11-de-marzo\/"},"author":{"name":"","@id":"https:\/\/casadecampoliving.com\/es\/#\/schema\/person\/7e3b975d584a5f6ac0fd7128a81b0bc5"},"headline":"Esta Semana en Casa: 5 al 11 de Marzo","datePublished":"2012-03-05T04:00:00+00:00","dateModified":"2022-10-21T22:42:05+00:00","mainEntityOfPage":{"@id":"https:\/\/casadecampoliving.com\/es\/esta-semana-en-casa-5-al-11-de-marzo\/"},"wordCount":416,"publisher":{"@id":"https:\/\/casadecampoliving.com\/es\/#organization"},"image":{"@id":"https:\/\/casadecampoliving.com\/es\/esta-semana-en-casa-5-al-11-de-marzo\/#primaryimage"},"thumbnailUrl":"https:\/\/i0.wp.com\/casadecampoliving.com\/wp-content\/uploads\/2022\/10\/thisweekincasa1ENG-3.jpg?fit=650%2C350&ssl=1","keywords":["esta semana en casa"],"articleSection":["Noticias Locales","Resort Casa de Campo"],"inLanguage":"es"},{"@type":"WebPage","@id":"https:\/\/casadecampoliving.com\/es\/esta-semana-en-casa-5-al-11-de-marzo\/","url":"https:\/\/casadecampoliving.com\/es\/esta-semana-en-casa-5-al-11-de-marzo\/","name":"Esta Semana en Casa: 5 al 11 de Marzo | Casa de Campo Living","isPartOf":{"@id":"https:\/\/casadecampoliving.com\/es\/#website"},"primaryImageOfPage":{"@id":"https:\/\/casadecampoliving.com\/es\/esta-semana-en-casa-5-al-11-de-marzo\/#primaryimage"},"image":{"@id":"https:\/\/casadecampoliving.com\/es\/esta-semana-en-casa-5-al-11-de-marzo\/#primaryimage"},"thumbnailUrl":"https:\/\/i0.wp.com\/casadecampoliving.com\/wp-content\/uploads\/2022\/10\/thisweekincasa1ENG-3.jpg?fit=650%2C350&ssl=1","datePublished":"2012-03-05T04:00:00+00:00","dateModified":"2022-10-21T22:42:05+00:00","description":"Esta semana en Casa de Campo es tiempo perfecto para relajarse en su villa de Casa de Campo! \u00danase&nbsp;a las magn\u00edficas clases de baile de Flamenco de","breadcrumb":{"@id":"https:\/\/casadecampoliving.com\/es\/esta-semana-en-casa-5-al-11-de-marzo\/#breadcrumb"},"inLanguage":"es","potentialAction":[{"@type":"ReadAction","target":["https:\/\/casadecampoliving.com\/es\/esta-semana-en-casa-5-al-11-de-marzo\/"]}]},{"@type":"ImageObject","inLanguage":"es","@id":"https:\/\/casadecampoliving.com\/es\/esta-semana-en-casa-5-al-11-de-marzo\/#primaryimage","url":"https:\/\/i0.wp.com\/casadecampoliving.com\/wp-content\/uploads\/2022\/10\/thisweekincasa1ENG-3.jpg?fit=650%2C350&ssl=1","contentUrl":"https:\/\/i0.wp.com\/casadecampoliving.com\/wp-content\/uploads\/2022\/10\/thisweekincasa1ENG-3.jpg?fit=650%2C350&ssl=1","width":650,"height":350},{"@type":"BreadcrumbList","@id":"https:\/\/casadecampoliving.com\/es\/esta-semana-en-casa-5-al-11-de-marzo\/#breadcrumb","itemListElement":[{"@type":"ListItem","position":1,"name":"Home","item":"https:\/\/casadecampoliving.com\/es\/"},{"@type":"ListItem","position":2,"name":"Esta Semana en Casa: 5 al 11 de Marzo"}]},{"@type":"WebSite","@id":"https:\/\/casadecampoliving.com\/es\/#website","url":"https:\/\/casadecampoliving.com\/es\/","name":"Casa de Campo Living","description":"Resort community news and resources.","publisher":{"@id":"https:\/\/casadecampoliving.com\/es\/#organization"},"potentialAction":[{"@type":"SearchAction","target":{"@type":"EntryPoint","urlTemplate":"https:\/\/casadecampoliving.com\/es\/?s={search_term_string}"},"query-input":{"@type":"PropertyValueSpecification","valueRequired":true,"valueName":"search_term_string"}}],"inLanguage":"es"},{"@type":"Organization","@id":"https:\/\/casadecampoliving.com\/es\/#organization","name":"Casa de Campo Living","url":"https:\/\/casadecampoliving.com\/es\/","logo":{"@type":"ImageObject","inLanguage":"es","@id":"https:\/\/casadecampoliving.com\/es\/#\/schema\/logo\/image\/","url":"https:\/\/i0.wp.com\/casadecampoliving.com\/wp-content\/uploads\/2022\/07\/CDCLivingLogo_V1-white-sized.png?fit=800%2C214&ssl=1","contentUrl":"https:\/\/i0.wp.com\/casadecampoliving.com\/wp-content\/uploads\/2022\/07\/CDCLivingLogo_V1-white-sized.png?fit=800%2C214&ssl=1","width":800,"height":214,"caption":"Casa de Campo Living"},"image":{"@id":"https:\/\/casadecampoliving.com\/es\/#\/schema\/logo\/image\/"},"sameAs":["https:\/\/www.facebook.com\/casadecampoliving","https:\/\/x.com\/cdcliving"]},{"@type":"Person","@id":"https:\/\/casadecampoliving.com\/es\/#\/schema\/person\/7e3b975d584a5f6ac0fd7128a81b0bc5","name":"","image":{"@type":"ImageObject","inLanguage":"es","@id":"https:\/\/secure.gravatar.com\/avatar\/?s=96&d=mm&r=g","url":"https:\/\/secure.gravatar.com\/avatar\/?s=96&d=mm&r=g","contentUrl":"https:\/\/secure.gravatar.com\/avatar\/?s=96&d=mm&r=g"},"url":"https:\/\/casadecampoliving.com\/es\/author\/ \/"}]}},"parsely":{"version":"1.1.0","canonical_url":"https:\/\/casadecampoliving.com\/es\/esta-semana-en-casa-5-al-11-de-marzo\/","smart_links":{"inbound":0,"outbound":0},"traffic_boost_suggestions_count":0,"meta":{"@context":"https:\/\/schema.org","@type":"NewsArticle","headline":"Esta Semana en Casa: 5 al 11 de Marzo","url":"http:\/\/casadecampoliving.com\/es\/esta-semana-en-casa-5-al-11-de-marzo\/","mainEntityOfPage":{"@type":"WebPage","@id":"http:\/\/casadecampoliving.com\/es\/esta-semana-en-casa-5-al-11-de-marzo\/"},"thumbnailUrl":"https:\/\/i0.wp.com\/casadecampoliving.com\/wp-content\/uploads\/2022\/10\/thisweekincasa1ENG-3.jpg?resize=150%2C150&ssl=1","image":{"@type":"ImageObject","url":"https:\/\/i0.wp.com\/casadecampoliving.com\/wp-content\/uploads\/2022\/10\/thisweekincasa1ENG-3.jpg?fit=650%2C350&ssl=1"},"articleSection":"Noticias Locales","author":[{"@type":"Person","name":"FB_515917546"}],"creator":["FB_515917546"],"publisher":{"@type":"Organization","name":"Casa de Campo Living","logo":"https:\/\/casadecampoliving.com\/wp-content\/uploads\/2022\/07\/CDCLivingLogo_V1-white-sized.png"},"keywords":["esta semana en casa"],"dateCreated":"2012-03-05T04:00:00Z","datePublished":"2012-03-05T04:00:00Z","dateModified":"2022-10-21T22:42:05Z"},"rendered":"<script type=\"application\/ld+json\" class=\"wp-parsely-metadata\">{\"@context\":\"https:\\\/\\\/schema.org\",\"@type\":\"NewsArticle\",\"headline\":\"Esta Semana en Casa: 5 al 11 de Marzo\",\"url\":\"http:\\\/\\\/casadecampoliving.com\\\/es\\\/esta-semana-en-casa-5-al-11-de-marzo\\\/\",\"mainEntityOfPage\":{\"@type\":\"WebPage\",\"@id\":\"http:\\\/\\\/casadecampoliving.com\\\/es\\\/esta-semana-en-casa-5-al-11-de-marzo\\\/\"},\"thumbnailUrl\":\"https:\\\/\\\/i0.wp.com\\\/casadecampoliving.com\\\/wp-content\\\/uploads\\\/2022\\\/10\\\/thisweekincasa1ENG-3.jpg?resize=150%2C150&ssl=1\",\"image\":{\"@type\":\"ImageObject\",\"url\":\"https:\\\/\\\/i0.wp.com\\\/casadecampoliving.com\\\/wp-content\\\/uploads\\\/2022\\\/10\\\/thisweekincasa1ENG-3.jpg?fit=650%2C350&ssl=1\"},\"articleSection\":\"Noticias Locales\",\"author\":[{\"@type\":\"Person\",\"name\":\"FB_515917546\"}],\"creator\":[\"FB_515917546\"],\"publisher\":{\"@type\":\"Organization\",\"name\":\"Casa de Campo Living\",\"logo\":\"https:\\\/\\\/casadecampoliving.com\\\/wp-content\\\/uploads\\\/2022\\\/07\\\/CDCLivingLogo_V1-white-sized.png\"},\"keywords\":[\"esta semana en casa\"],\"dateCreated\":\"2012-03-05T04:00:00Z\",\"datePublished\":\"2012-03-05T04:00:00Z\",\"dateModified\":\"2022-10-21T22:42:05Z\"}<\/script>","tracker_url":"https:\/\/cdn.parsely.com\/keys\/casadecampoliving.com\/p.js"},"jetpack_publicize_connections":[],"jetpack_featured_media_url":"https:\/\/i0.wp.com\/casadecampoliving.com\/wp-content\/uploads\/2022\/10\/thisweekincasa1ENG-3.jpg?fit=650%2C350&ssl=1","jetpack-related-posts":[{"id":433460,"url":"https:\/\/casadecampoliving.com\/es\/no-se-pierdan-el-increible-tributo-a-frank-sinatra-para-celebrar-el-40-aniversario-del-anfiteatro-altos-de-chavon\/","url_meta":{"origin":338512,"position":0},"title":"No se pierdan el incre\u00edble tributo a Frank Sinatra para celebrar el 40 aniversario del\u00a0Anfiteatro Altos de Chav\u00f3n","author":"Casa de Campo Living","date":"20 Oct, 2022","format":false,"excerpt":"Siendo uno de los escenarios m\u00e1s emblem\u00e1ticos del pa\u00eds, Casa de Campo Resort\u00ae & Villas celebra las cuatro d\u00e9cadas de aniversario de Altos de Chav\u00f3n con un tributo al gran Frank Sinatra, protagonizado por artistas invitados y una big band tal cual la que acompa\u00f1\u00f3 al artista hace 40 a\u00f1os\u2026","rel":"","context":"En \u00abUncategorized @es\u00bb","block_context":{"text":"Uncategorized @es","link":"https:\/\/casadecampoliving.com\/es\/category\/uncategorized-es\/"},"img":{"alt_text":"","src":"https:\/\/i0.wp.com\/casadecampoliving.com\/wp-content\/uploads\/2022\/10\/Tributo-Frank-Sinatra-Foto-Principal-Amaury-Sanchez-Danilo-Ginebra-Andres-Pichardo-y-Jose-Gabriel-Perez-.jpg?fit=1200%2C873&ssl=1&resize=350%2C200","width":350,"height":200,"srcset":"https:\/\/i0.wp.com\/casadecampoliving.com\/wp-content\/uploads\/2022\/10\/Tributo-Frank-Sinatra-Foto-Principal-Amaury-Sanchez-Danilo-Ginebra-Andres-Pichardo-y-Jose-Gabriel-Perez-.jpg?fit=1200%2C873&ssl=1&resize=350%2C200 1x, https:\/\/i0.wp.com\/casadecampoliving.com\/wp-content\/uploads\/2022\/10\/Tributo-Frank-Sinatra-Foto-Principal-Amaury-Sanchez-Danilo-Ginebra-Andres-Pichardo-y-Jose-Gabriel-Perez-.jpg?fit=1200%2C873&ssl=1&resize=525%2C300 1.5x, https:\/\/i0.wp.com\/casadecampoliving.com\/wp-content\/uploads\/2022\/10\/Tributo-Frank-Sinatra-Foto-Principal-Amaury-Sanchez-Danilo-Ginebra-Andres-Pichardo-y-Jose-Gabriel-Perez-.jpg?fit=1200%2C873&ssl=1&resize=700%2C400 2x, https:\/\/i0.wp.com\/casadecampoliving.com\/wp-content\/uploads\/2022\/10\/Tributo-Frank-Sinatra-Foto-Principal-Amaury-Sanchez-Danilo-Ginebra-Andres-Pichardo-y-Jose-Gabriel-Perez-.jpg?fit=1200%2C873&ssl=1&resize=1050%2C600 3x"},"classes":[]},{"id":340420,"url":"https:\/\/casadecampoliving.com\/es\/esta-semana-en-casa-de-campo-31-de-diciembre-al-6-de-enero\/","url_meta":{"origin":338512,"position":1},"title":"Esta Semana en Casa de Campo: 31 de diciembre al 6 de enero!","author":"","date":"31 Dic, 2012","format":false,"excerpt":"Feliz A\u00f1o Nuevo!!! Esperando que este nuevo a\u00f1o 2013 traiga prosperidad, paz y amor en cada uno de sus hogares, les invitamos a ver el calendario de eventos programados para esta semana! \u00a0Que tenga una feliz semana! Estos eventos, actividades y especiales aplican para la semana de:Lunes 31 de Dic\u2026","rel":"","context":"En \u00abNoticias Locales\u00bb","block_context":{"text":"Noticias Locales","link":"https:\/\/casadecampoliving.com\/es\/category\/noticias-locales\/"},"img":{"alt_text":"","src":"https:\/\/i0.wp.com\/casadecampoliving.com\/wp-content\/uploads\/2022\/10\/christmas_altos_de_chavon1-1.jpg?fit=650%2C350&ssl=1&resize=350%2C200","width":350,"height":200,"srcset":"https:\/\/i0.wp.com\/casadecampoliving.com\/wp-content\/uploads\/2022\/10\/christmas_altos_de_chavon1-1.jpg?fit=650%2C350&ssl=1&resize=350%2C200 1x, https:\/\/i0.wp.com\/casadecampoliving.com\/wp-content\/uploads\/2022\/10\/christmas_altos_de_chavon1-1.jpg?fit=650%2C350&ssl=1&resize=525%2C300 1.5x"},"classes":[]},{"id":338466,"url":"https:\/\/casadecampoliving.com\/es\/esta-semana-en-casa-27-feb-4-mar\/","url_meta":{"origin":338512,"position":2},"title":"Esta Semana en Casa: 27 Feb &#8211; 4 Mar!","author":"Rebecca Silvestri","date":"27 Feb, 2012","format":false,"excerpt":"Luego de un fin de semana carnavalesco con el \u201cCarnaval de La Marina\u201d, la Rep\u00fablica Dominicana estrena esta nueva semana con la celebraci\u00f3n de 168 a\u00f1os de su Independencia Nacional! \u2013 Y esta semana en Casa de Campo es tiempo perfecto para relajarse en su villa de Casa de Campo!\u2026","rel":"","context":"En \u00abNoticias Locales\u00bb","block_context":{"text":"Noticias Locales","link":"https:\/\/casadecampoliving.com\/es\/category\/noticias-locales\/"},"img":{"alt_text":"","src":"https:\/\/i0.wp.com\/casadecampoliving.com\/wp-content\/uploads\/2022\/10\/thisweekincasa1ENG-3.jpg?fit=650%2C350&ssl=1&resize=350%2C200","width":350,"height":200,"srcset":"https:\/\/i0.wp.com\/casadecampoliving.com\/wp-content\/uploads\/2022\/10\/thisweekincasa1ENG-3.jpg?fit=650%2C350&ssl=1&resize=350%2C200 1x, https:\/\/i0.wp.com\/casadecampoliving.com\/wp-content\/uploads\/2022\/10\/thisweekincasa1ENG-3.jpg?fit=650%2C350&ssl=1&resize=525%2C300 1.5x"},"classes":[]},{"id":340477,"url":"https:\/\/casadecampoliving.com\/es\/esta-semana-en-casa-de-campo-14-al-20-de-enero\/","url_meta":{"origin":338512,"position":3},"title":"Esta Semana en Casa de Campo: 14 al 20 de enero!","author":"","date":"14 Ene, 2013","format":false,"excerpt":"Esta semana en Casa de Campo, les invitamos a ver y disfrutar del el calendario de eventos programado para esta semana! \u00a0Que tenga una feliz semana! Estos eventos, actividades y especiales aplican para la semana de:Lunes 14 de Ene \u2013 Domingo 20 de Ene Las pr\u00f3ximas actividades son: \u2022 \u00a0CARNAVALEA:\u2026","rel":"","context":"En \u00abNoticias Locales\u00bb","block_context":{"text":"Noticias Locales","link":"https:\/\/casadecampoliving.com\/es\/category\/noticias-locales\/"},"img":{"alt_text":"","src":"https:\/\/i0.wp.com\/casadecampoliving.com\/wp-content\/uploads\/2022\/10\/christmas_altos_de_chavon1-1.jpg?fit=650%2C350&ssl=1&resize=350%2C200","width":350,"height":200,"srcset":"https:\/\/i0.wp.com\/casadecampoliving.com\/wp-content\/uploads\/2022\/10\/christmas_altos_de_chavon1-1.jpg?fit=650%2C350&ssl=1&resize=350%2C200 1x, https:\/\/i0.wp.com\/casadecampoliving.com\/wp-content\/uploads\/2022\/10\/christmas_altos_de_chavon1-1.jpg?fit=650%2C350&ssl=1&resize=525%2C300 1.5x"},"classes":[]},{"id":338508,"url":"https:\/\/casadecampoliving.com\/es\/este-fin-de-semana-en-casa-2-al-4-de-marzo\/","url_meta":{"origin":338512,"position":4},"title":"Este Fin de Semana en Casa: 2 al 4 de marzo","author":"","date":"2 Mar, 2012","format":false,"excerpt":"Este fin de semana en Casa de Campo, disfrute de las majestuosas obras de Manuel Hern\u00e1ndez en la galer\u00eda de Altos de Chav\u00f3n con su exhibici\u00f3n \u201cHern\u00e1ndez en Chav\u00f3n\u201d, en su \u00faltima semana \u2013 as\u00ed si a\u00fan no lo ha podido ver, esta es su oportunidad!! Estos eventos, actividades y\u2026","rel":"","context":"En \u00abNoticias Locales\u00bb","block_context":{"text":"Noticias Locales","link":"https:\/\/casadecampoliving.com\/es\/category\/noticias-locales\/"},"img":{"alt_text":"","src":"https:\/\/i0.wp.com\/casadecampoliving.com\/wp-content\/uploads\/2022\/10\/altos_de_chavon-18.jpg?fit=650%2C350&ssl=1&resize=350%2C200","width":350,"height":200,"srcset":"https:\/\/i0.wp.com\/casadecampoliving.com\/wp-content\/uploads\/2022\/10\/altos_de_chavon-18.jpg?fit=650%2C350&ssl=1&resize=350%2C200 1x, https:\/\/i0.wp.com\/casadecampoliving.com\/wp-content\/uploads\/2022\/10\/altos_de_chavon-18.jpg?fit=650%2C350&ssl=1&resize=525%2C300 1.5x"},"classes":[]},{"id":340440,"url":"https:\/\/casadecampoliving.com\/es\/esta-semana-en-casa-de-campo-7-al-13-de-enero\/","url_meta":{"origin":338512,"position":5},"title":"Esta Semana en Casa de Campo: 7 al 13 de enero!","author":"","date":"7 Ene, 2013","format":false,"excerpt":"Esta semana en Casa de Campo, les invitamos a disfrutar del programa de cursos y talleres de la Escuela de Altos de Chav\u00f3n durante su inter\u00edn, las numerosas exposiciones art\u00edsticas, los torneos de polo, y mucho m\u00e1s! Estos eventos, actividades y especiales aplican para la semana de:Lunes 7 de Ene\u2026","rel":"","context":"En \u00abNoticias Locales\u00bb","block_context":{"text":"Noticias Locales","link":"https:\/\/casadecampoliving.com\/es\/category\/noticias-locales\/"},"img":{"alt_text":"","src":"https:\/\/i0.wp.com\/casadecampoliving.com\/wp-content\/uploads\/2022\/10\/christmas_altos_de_chavon1-1.jpg?fit=650%2C350&ssl=1&resize=350%2C200","width":350,"height":200,"srcset":"https:\/\/i0.wp.com\/casadecampoliving.com\/wp-content\/uploads\/2022\/10\/christmas_altos_de_chavon1-1.jpg?fit=650%2C350&ssl=1&resize=350%2C200 1x, https:\/\/i0.wp.com\/casadecampoliving.com\/wp-content\/uploads\/2022\/10\/christmas_altos_de_chavon1-1.jpg?fit=650%2C350&ssl=1&resize=525%2C300 1.5x"},"classes":[]}],"jetpack_sharing_enabled":true,"_links":{"self":[{"href":"https:\/\/casadecampoliving.com\/es\/wp-json\/wp\/v2\/posts\/338512","targetHints":{"allow":["GET"]}}],"collection":[{"href":"https:\/\/casadecampoliving.com\/es\/wp-json\/wp\/v2\/posts"}],"about":[{"href":"https:\/\/casadecampoliving.com\/es\/wp-json\/wp\/v2\/types\/post"}],"author":[{"embeddable":true,"href":"https:\/\/casadecampoliving.com\/es\/wp-json\/wp\/v2\/users\/21"}],"replies":[{"embeddable":true,"href":"https:\/\/casadecampoliving.com\/es\/wp-json\/wp\/v2\/comments?post=338512"}],"version-history":[{"count":1,"href":"https:\/\/casadecampoliving.com\/es\/wp-json\/wp\/v2\/posts\/338512\/revisions"}],"predecessor-version":[{"id":338513,"href":"https:\/\/casadecampoliving.com\/es\/wp-json\/wp\/v2\/posts\/338512\/revisions\/338513"}],"wp:featuredmedia":[{"embeddable":true,"href":"https:\/\/casadecampoliving.com\/es\/wp-json\/wp\/v2\/media\/221123"}],"wp:attachment":[{"href":"https:\/\/casadecampoliving.com\/es\/wp-json\/wp\/v2\/media?parent=338512"}],"wp:term":[{"taxonomy":"category","embeddable":true,"href":"https:\/\/casadecampoliving.com\/es\/wp-json\/wp\/v2\/categories?post=338512"},{"taxonomy":"post_tag","embeddable":true,"href":"https:\/\/casadecampoliving.com\/es\/wp-json\/wp\/v2\/tags?post=338512"},{"taxonomy":"newspack_spnsrs_tax","embeddable":true,"href":"https:\/\/casadecampoliving.com\/es\/wp-json\/wp\/v2\/newspack_spnsrs_tax?post=338512"}],"curies":[{"name":"wp","href":"https:\/\/api.w.org\/{rel}","templated":true}]}}