{"id":338494,"date":"2012-02-27T00:00:00","date_gmt":"2012-02-27T04:00:00","guid":{"rendered":"https:\/\/casadecampoliving.com\/hoy-la-republica-dominicana-celebra-168-anos-de-independencia\/"},"modified":"2022-10-21T18:40:50","modified_gmt":"2022-10-21T22:40:50","slug":"hoy-la-republica-dominicana-celebra-168-anos-de-independencia","status":"publish","type":"post","link":"https:\/\/casadecampoliving.com\/es\/hoy-la-republica-dominicana-celebra-168-anos-de-independencia\/","title":{"rendered":"Hoy, la Rep\u00fablica Dominicana celebra 168 a\u00f1os de Independencia!"},"content":{"rendered":"<div class=\"wp-block-image\">\n<figure class=\"aligncenter is-resized\"><a href=\"https:\/\/casadecampoliving.com\/2010\/04\/noche-dominicana-an-advance-preview-of-the-fun-and-games\/1-noche-dominicana-marina-casa-de-campo-casa-de-campo-living\/\" rel=\"attachment wp-att-15470\"><img loading=\"lazy\" decoding=\"async\" src=\"https:\/\/i0.wp.com\/casadecampoliving.com\/wp-content\/uploads\/2022\/10\/1-noche-dominicana-marina-casa-de-campo-casa-de-campo-living.jpg?resize=575%2C359&amp;ssl=1\" alt=\"1 noche dominicana, marina casa de campo, casa de campo living\" class=\"wp-image-15470\" title=\"1 noche dominicana, marina casa de campo, casa de campo living\" height=\"359\" width=\"575\"\/><\/a><\/figure>\n<\/div>\n\n\n<p>Poseedora de una interesante historia de liberaci\u00f3n de toda potencia extranjera, hoy lunes 27 de febrero de 2012, luego de 168 a\u00f1os de haber sido nombrada libre y soberana, la Rep\u00fablica Dominicana celebra por todo lo alto el d\u00eda de la Independencia Nacional! A continuaci\u00f3n una breve gu\u00eda por los acontecimientos hist\u00f3ricos que marcaron un antes y un despu\u00e9s!<\/p>\n\n\n\n<!--more-->\n\n\n\n<p>El 27 de febrero de 1844, fue la fecha en que, al fin, la Rep\u00fablica Dominicana pudo ser llamada como tal. Esta parte de la isla fue colonizada por Espa\u00f1a y posteriormente ocupada ocupada por los haitianos. Fue con la Guerra de Independencia que los Padres de la Patria, Juan Pablo Duarte, Francisco del Rosario S\u00e1nchez y Mat\u00edas Ram\u00f3n Mella y sus seguidores con ideales liberales lucharon por un pa\u00eds libre.&nbsp;Vea a continuaci\u00f3n la historia completa de la opresi\u00f3n y la independencia dominicana!<\/p>\n\n\n\n<blockquote><p><strong>Actividades y curiosidades de un 27 de febrero en la Rep\u00fablica Dominicana<\/strong><\/p><p>1. El tributo que se rinde a los tres Padres de la Patria en Santo Domingo, &nbsp;Juan Pablo Duarte, Ram\u00f3n Mat\u00edas Mella y Francisco del Rosario S\u00e1nchez.<\/p><p>2. Discurso del Presidente de la Rep\u00fablica Dominicana en honor a los Padres de la Patria.<\/p><p>3. Es bastante com\u00fan encontrar miles de banderas dominicanas colgadas en los balcones y zonas exteriores de los hogares de los dominicanos, como muestra de respeto a los libertadores.<\/p><p>4. A\u00fan cuando no tiene nada que ver con la celebraci\u00f3n, suele ser motivo de confusi\u00f3n encontrar a uno o dos \u201cDiablos Cojuelos\u201d u otros personajes del Carnaval Dominicano en las calles, pues las celebraciones del Carnaval se realizan, tambi\u00e9n, durante estas fechas.<\/p><figure><img decoding=\"async\" loading=\"lazy\" class=\"alignright size-full wp-image-46023\" style=\"margin-left: 15px; margin-right: 15px;\" title=\"republica_dominicana\" src=\"https:\/\/i0.wp.com\/casadecampoliving.com\/wp-content\/uploads\/2022\/10\/republica_dominicana.jpg?resize=250%2C235&amp;ssl=1\" alt=\"republica dominicana\" width=\"250\" height=\"235\"><\/figure><p><strong><strong>Significado de ser Dominicano<\/strong><\/strong><\/p><p>M\u00e1s que ser llamados dominicanos por haber nacido en la Rep\u00fablica Dominicana, ser dominicano engloba todo un concepto. Todos aquellos hombres que con su esfuerzo y valent\u00eda cambiaron el curso de la humanidad, en nuestro pa\u00eds, le &nbsp;convirtieron en una naci\u00f3n libre. &nbsp;Pero, c\u00f3mo surge esa palabra? Seg\u00fan cuenta la historia, esto ocurre con la llegada de educadores, los \u201cDominicos\u201d, primera orden religiosa que dio evangelizaci\u00f3n a Am\u00e9rica y cuyo nombre significaba ser \u2018hijos de Dios\u2019.<\/p><p><strong>Representaci\u00f3n de la bandera dominicana<\/strong><\/p><figure><img decoding=\"async\" loading=\"lazy\" class=\"aligncenter  wp-image-42129\" title=\"independencia_republica_dominicana\" src=\"https:\/\/i0.wp.com\/casadecampoliving.com\/wp-content\/uploads\/2022\/10\/independencia_republica_dominicana.jpg?resize=585%2C337&amp;ssl=1\" alt=\"independencia republica dominicana\" width=\"585\" height=\"337\"><\/figure><p>Nuestra bandera dominicana encierra la historia de la guerra de Independencia, siendo el color rojo la representaci\u00f3n de la sangre vertida por nuestros libertadores, el azul es la protecci\u00f3n de Dios sobre la naci\u00f3n dominicana y la cruz blanca simboliza la lucha de los libertadores y el legado que nos dejan de una patria libre. Esta fue confeccionada por Mar\u00eda Trinidad S\u00e1nchez, madre de Francisco del Rosario S\u00e1nchez, uno de los Padres de la Patria Dominicana.<br>\n<\/p><\/blockquote>\n\n\n\n<blockquote class=\"wp-block-quote is-layout-flow wp-block-quote-is-layout-flow\"><p style=\"text-align: center;\"><span style=\"text-decoration: underline;\"><strong>Lucha por la libertad! Una breve historia de la Rep\u00fablica Dominicana<\/strong><\/span><\/p><p>Despu\u00e9s de que en 1492, gracias a las exploraciones de Crist\u00f3bal Col\u00f3n, se produjera el encuentro de m\u00faltiples culturas espa\u00f1olas, africanas y por supuesto de nuestros ta\u00ednos, durante el per\u00edodo de colonizaci\u00f3n espa\u00f1ola, la Rep\u00fablica Dominicana antes de ser libre e independiente de toda potencia extranjera fue sometida al mando de otras fuerzas en varias ocasiones.<\/p><p>Debido al desinter\u00e9s de Espa\u00f1a frente a la aparici\u00f3n de nuevas riquezas en M\u00e9xico, entre otros pa\u00edses, pronto se produjo una invasi\u00f3n francesa y revoluci\u00f3n haitiana que cambi\u00f3 el rumbo de nuestra historia. &nbsp;Tras la conciliaci\u00f3n entre esclavos y franceses, los espa\u00f1oles fueron derrotados por las fuerzas del general Toussaint Louverture, por lo que en 1795, Francia obtuvo el control de toda la isla por medio de los Tratados de Basilea y posteriormente la abolici\u00f3n de la esclavitud en 1801 con la llegada de Toussaint Louverture a Santo Domingo, en nombre de la Rep\u00fablica Francesa.<\/p><p>Pero luego de que la fuerza francesa regresara a su posici\u00f3n naval en Francia, los haitianos realizaron la invasi\u00f3n al pa\u00eds por Santiago y Moca,causando muerte y &nbsp;sometiendo a los habitantes del territorio a no hablar en castellano, renunciar a sus costumbres y culturas, con la intenci\u00f3n de que adoptaran las suyas.&nbsp;Dada la situaci\u00f3n, es en 1838 cuando Juan Pablo Duarte, oriundo de Santo Domingo, fund\u00f3 una sociedad secreta llamada La Trinitaria para terminar con el yugo haitiano con el apoyo de sus compa\u00f1eros, Mat\u00edas Ram\u00f3n Mella y Francisco del Rosario S\u00e1nchez.<\/p><p>En 1843 se aliaron con un movimiento haitiano para derrocar a Boyer (l\u00edder franc\u00e9s).&nbsp;Debido a sus pensamientos revolucionarios y lucha por la independencia dominicana, el nuevo presidente de Hait\u00ed, Charles Riviere-H\u00e9rard, exili\u00f3 y encarcel\u00f3 en Puerto Pr\u00edncipe a los principales trinitarios. Luego de que este se viera bien asustado, tras la rebeli\u00f3n y ataque de su gente, Charles se vio en la necesidad de liberar a Mella (por sus conocimientos y estrategias militares) y al resto de los Trinitarios, para encontrar respaldo.<\/p><p>Al mismo tiempo, Buenaventura B\u00e1ez, un exportador de caoba azuano y diputado en la Asamblea Nacional de Hait\u00ed, estaba negociando con el Consulado General de Francia para el establecimiento de un protectorado franc\u00e9s, pero en una oportuna insurrecci\u00f3n para adelantarse a B\u00e1ez, el 27 de febrero de 1844, los Trinitarios declararon su independencia de Hait\u00ed con el trabucazo realizado pro Mella en la puerta del Conde, las constantes proclamaciones de \u201cDios, Patria y Libertad\u201d y el momento clave en el que S\u00e1nchez iz\u00f3 la bandera dominicana por primera vez! &nbsp;Estos contaron con el apoyo de Pedro Santana, un rico ganadero de El Seibo quien comand\u00f3 un ej\u00e9rcito privado de peones que trabajaban en sus tierras.<\/p><p>A\u00fan cuando Hait\u00ed intent\u00f3 invadir de nuevo a la Rep\u00fablica Dominicana en varias ocasiones, \u00e9sta mantuvo su Independencia, al menos por los siguientes 17 a\u00f1os, gracias a la brillante idea de Pedro Santana, de anexar el pa\u00eds a Espa\u00f1a OTRA VEZ! \u2013 pero esa es una historia distinta! Pronto publicaremos m\u00e1s sobre esto!<\/p><\/blockquote>\n\n\n\n<blockquote><p style=\"text-align: center;\"><strong><span style=\"text-decoration: underline;\">La Trinitaria<\/span><br>\n<\/strong><\/p><figure><img decoding=\"async\" loading=\"lazy\" class=\"aligncenter\" title=\"independencia_republica_dominicana\" src=\"https:\/\/i0.wp.com\/casadecampoliving.com\/wp-content\/uploads\/2022\/10\/independencia_republica_dominicana1.jpg?resize=500%2C380&amp;ssl=1\" alt=\"independencia republica dominicana\" width=\"500\" height=\"380\"><\/figure><p style=\"text-align: center;\">Francisco del Rosario S\u00e1nchez,&nbsp;Juan Pablo Duarte and&nbsp;Mat\u00edas Ram\u00f3n Mella<br>\n<\/p><p><strong>Juan Pablo Duarte<\/strong><\/p><p>Su nacimiento es conmemorado en la Rep\u00fablica Dominicana por ser uno de los Padres de la Patria. Hijo de Juan Jos\u00e9 Duarte Rodr\u00edguez y Manuela Diez Jim\u00e9nez, nacido en Santo Domino el 26 de enero de 1813, creci\u00f3 con una firme convicci\u00f3n y pensamiento de libertad. Su profundo amor por su Patria, le llev\u00f3 a fundar la sociedad secreta, La Trinitaria, con la que ideo y lider\u00f3 estrategias para terminar con la ocupaci\u00f3n haitiana y luchar por la Independencia de nuestra Rep\u00fablica Dominicana.<\/p><p>Cada a\u00f1o, los actos de celebraci\u00f3n de su natalicio incluyen una misa en la Iglesia Santa B\u00e1rbara, en la Zona Colonial, lugar en el que fue bautizado el Padre de la Patria y visitas de los dominicanos a la&nbsp;casa de Duarte en la zona colonial, donde naci\u00f3 el patricio, convertida desde 1967 en museo.<\/p><p><strong>Mat\u00edas Ram\u00f3n Mella<\/strong><\/p><p>Nacido el 25 de febrero de 1810 en Santo Domingo, &nbsp;Mat\u00edas Ram\u00f3n Mella fue pol\u00edtico, militar y miembro de la sociedad secreta La Trinitaria que traz\u00f3 las estrategias de batalla para proclamar la Independencia de la Rep\u00fablica. Se le recuerda como aquel que dispar\u00f3 el trabucazo en la Puerta de la Misericordia en la noche del 27 de febrero de 1844 \u2013 &nbsp;la delcaraci\u00f3n oficial de la Guerra de Independencia de la represi\u00f3n Haitiana.<\/p><p><strong>Francisco del Rosario S\u00e1nchez<\/strong><\/p><p>Nacido el 9 de marzo de 1817 en Santo Domingo, se le recuerda tambi\u00e9n por pertenecer a la sociedad secreta La Trinitaria y se le conoce como uno de los Padres de la Patria por ser quien sustituy\u00f3 a Duarte, quien se exili\u00f3 por temor a ser encarcelado y tambi\u00e9n por ser el responsable de izar la bandera dominicana por primera vez &nbsp;en la noche del 27 de febrero de 1844, vociferando\u201dDios, Patria y Libertad\u201d!<\/p><\/blockquote>\n","protected":false},"excerpt":{"rendered":"<p>Poseedora de una interesante historia de liberaci\u00f3n de toda potencia extranjera, hoy lunes 27 de febrero de 2012, luego de 168 a\u00f1os de haber sido nombrada libre y soberana, la Rep\u00fablica Dominicana celebra por todo lo alto el d\u00eda de la Independencia Nacional! A continuaci\u00f3n una breve gu\u00eda por los acontecimientos hist\u00f3ricos que marcaron un [&hellip;]<\/p>\n","protected":false},"author":21,"featured_media":245661,"comment_status":"closed","ping_status":"closed","sticky":false,"template":"","format":"standard","meta":{"newspack_ads_suppress_ads":false,"newspack_popups_has_disabled_popups":false,"newspack_sponsor_sponsorship_scope":"","newspack_sponsor_native_byline_display":"inherit","newspack_sponsor_native_category_display":"inherit","newspack_sponsor_underwriter_style":"inherit","newspack_sponsor_underwriter_placement":"inherit","_newspack_byline_active":false,"_newspack_byline":"","newspack_hide_updated_date":false,"newspack_show_updated_date":false,"newspack_content_restriction_is_exempt":false,"newspack_featured_image_position":"","newspack_post_subtitle":"","newspack_article_summary_title":"Overview:","newspack_article_summary":"","_jetpack_memberships_contains_paid_content":false,"footnotes":"","jetpack_publicize_message":"","jetpack_publicize_feature_enabled":true,"jetpack_social_post_already_shared":false,"jetpack_social_options":{"image_generator_settings":{"template":"highway","default_image_id":0,"font":"","enabled":false},"version":2},"_wpas_customize_per_network":false},"categories":[26823,14631,14625,2521,2526],"tags":[3928,14777],"newspack_spnsrs_tax":[],"class_list":["post-338494","post","type-post","status-publish","format-standard","has-post-thumbnail","hentry","category-arte-y-cultura","category-estilo-de-vida","category-noticias-locales","category-republica-dominicana-2","category-titulares-es","tag-independencia-dominicana","tag-republica-dominicana-es-18","entry"],"yoast_head":"<!-- This site is optimized with the Yoast SEO plugin v27.5 - https:\/\/yoast.com\/product\/yoast-seo-wordpress\/ -->\n<title>Hoy, la Rep\u00fablica Dominicana celebra 168 a\u00f1os de Independencia! | Casa de Campo Living<\/title>\n<meta name=\"description\" content=\"Poseedora de una interesante historia de liberaci\u00f3n de toda potencia extranjera, hoy lunes 27 de febrero de 2012, luego de 168 a\u00f1os de haber sido nombrada\" \/>\n<meta name=\"robots\" content=\"index, follow, max-snippet:-1, max-image-preview:large, max-video-preview:-1\" \/>\n<link rel=\"canonical\" href=\"https:\/\/casadecampoliving.com\/es\/hoy-la-republica-dominicana-celebra-168-anos-de-independencia\/\" \/>\n<meta property=\"og:locale\" content=\"es_ES\" \/>\n<meta property=\"og:type\" content=\"article\" \/>\n<meta property=\"og:title\" content=\"Hoy, la Rep\u00fablica Dominicana celebra 168 a\u00f1os de Independencia! | Casa de Campo Living\" \/>\n<meta property=\"og:description\" content=\"Poseedora de una interesante historia de liberaci\u00f3n de toda potencia extranjera, hoy lunes 27 de febrero de 2012, luego de 168 a\u00f1os de haber sido nombrada\" \/>\n<meta property=\"og:url\" content=\"https:\/\/casadecampoliving.com\/es\/hoy-la-republica-dominicana-celebra-168-anos-de-independencia\/\" \/>\n<meta property=\"og:site_name\" content=\"Casa de Campo Living\" \/>\n<meta property=\"article:publisher\" content=\"https:\/\/www.facebook.com\/casadecampoliving\" \/>\n<meta property=\"article:published_time\" content=\"2012-02-27T04:00:00+00:00\" \/>\n<meta property=\"article:modified_time\" content=\"2022-10-21T22:40:50+00:00\" \/>\n<meta property=\"og:image\" content=\"https:\/\/i0.wp.com\/casadecampoliving.com\/wp-content\/uploads\/2022\/10\/1-noche-dominicana-marina-casa-de-campo-casa-de-campo-living-1.jpg?fit=575%2C359&ssl=1\" \/>\n\t<meta property=\"og:image:width\" content=\"575\" \/>\n\t<meta property=\"og:image:height\" content=\"359\" \/>\n\t<meta property=\"og:image:type\" content=\"image\/jpeg\" \/>\n<meta name=\"twitter:card\" content=\"summary_large_image\" \/>\n<meta name=\"twitter:creator\" content=\"@cdcliving\" \/>\n<meta name=\"twitter:site\" content=\"@cdcliving\" \/>\n<meta name=\"twitter:label1\" content=\"Escrito por\" \/>\n\t<meta name=\"twitter:data1\" content=\"\" \/>\n\t<meta name=\"twitter:label2\" content=\"Tiempo de lectura\" \/>\n\t<meta name=\"twitter:data2\" content=\"7 minutos\" \/>\n<script type=\"application\/ld+json\" class=\"yoast-schema-graph\">{\"@context\":\"https:\\\/\\\/schema.org\",\"@graph\":[{\"@type\":\"Article\",\"@id\":\"https:\\\/\\\/casadecampoliving.com\\\/es\\\/hoy-la-republica-dominicana-celebra-168-anos-de-independencia\\\/#article\",\"isPartOf\":{\"@id\":\"https:\\\/\\\/casadecampoliving.com\\\/es\\\/hoy-la-republica-dominicana-celebra-168-anos-de-independencia\\\/\"},\"author\":{\"name\":\"\",\"@id\":\"https:\\\/\\\/casadecampoliving.com\\\/es\\\/#\\\/schema\\\/person\\\/7e3b975d584a5f6ac0fd7128a81b0bc5\"},\"headline\":\"Hoy, la Rep\u00fablica Dominicana celebra 168 a\u00f1os de Independencia!\",\"datePublished\":\"2012-02-27T04:00:00+00:00\",\"dateModified\":\"2022-10-21T22:40:50+00:00\",\"mainEntityOfPage\":{\"@id\":\"https:\\\/\\\/casadecampoliving.com\\\/es\\\/hoy-la-republica-dominicana-celebra-168-anos-de-independencia\\\/\"},\"wordCount\":1356,\"publisher\":{\"@id\":\"https:\\\/\\\/casadecampoliving.com\\\/es\\\/#organization\"},\"image\":{\"@id\":\"https:\\\/\\\/casadecampoliving.com\\\/es\\\/hoy-la-republica-dominicana-celebra-168-anos-de-independencia\\\/#primaryimage\"},\"thumbnailUrl\":\"https:\\\/\\\/i0.wp.com\\\/casadecampoliving.com\\\/wp-content\\\/uploads\\\/2022\\\/10\\\/1-noche-dominicana-marina-casa-de-campo-casa-de-campo-living-1.jpg?fit=575%2C359&ssl=1\",\"keywords\":[\"independencia dominicana\",\"Republica Dominicana\"],\"articleSection\":[\"Arte y cultura\",\"Estilo de Vida\",\"Noticias Locales\",\"Rep\u00fablica Dominicana @es\",\"Titulares\"],\"inLanguage\":\"es\"},{\"@type\":\"WebPage\",\"@id\":\"https:\\\/\\\/casadecampoliving.com\\\/es\\\/hoy-la-republica-dominicana-celebra-168-anos-de-independencia\\\/\",\"url\":\"https:\\\/\\\/casadecampoliving.com\\\/es\\\/hoy-la-republica-dominicana-celebra-168-anos-de-independencia\\\/\",\"name\":\"Hoy, la Rep\u00fablica Dominicana celebra 168 a\u00f1os de Independencia! | Casa de Campo Living\",\"isPartOf\":{\"@id\":\"https:\\\/\\\/casadecampoliving.com\\\/es\\\/#website\"},\"primaryImageOfPage\":{\"@id\":\"https:\\\/\\\/casadecampoliving.com\\\/es\\\/hoy-la-republica-dominicana-celebra-168-anos-de-independencia\\\/#primaryimage\"},\"image\":{\"@id\":\"https:\\\/\\\/casadecampoliving.com\\\/es\\\/hoy-la-republica-dominicana-celebra-168-anos-de-independencia\\\/#primaryimage\"},\"thumbnailUrl\":\"https:\\\/\\\/i0.wp.com\\\/casadecampoliving.com\\\/wp-content\\\/uploads\\\/2022\\\/10\\\/1-noche-dominicana-marina-casa-de-campo-casa-de-campo-living-1.jpg?fit=575%2C359&ssl=1\",\"datePublished\":\"2012-02-27T04:00:00+00:00\",\"dateModified\":\"2022-10-21T22:40:50+00:00\",\"description\":\"Poseedora de una interesante historia de liberaci\u00f3n de toda potencia extranjera, hoy lunes 27 de febrero de 2012, luego de 168 a\u00f1os de haber sido nombrada\",\"breadcrumb\":{\"@id\":\"https:\\\/\\\/casadecampoliving.com\\\/es\\\/hoy-la-republica-dominicana-celebra-168-anos-de-independencia\\\/#breadcrumb\"},\"inLanguage\":\"es\",\"potentialAction\":[{\"@type\":\"ReadAction\",\"target\":[\"https:\\\/\\\/casadecampoliving.com\\\/es\\\/hoy-la-republica-dominicana-celebra-168-anos-de-independencia\\\/\"]}]},{\"@type\":\"ImageObject\",\"inLanguage\":\"es\",\"@id\":\"https:\\\/\\\/casadecampoliving.com\\\/es\\\/hoy-la-republica-dominicana-celebra-168-anos-de-independencia\\\/#primaryimage\",\"url\":\"https:\\\/\\\/i0.wp.com\\\/casadecampoliving.com\\\/wp-content\\\/uploads\\\/2022\\\/10\\\/1-noche-dominicana-marina-casa-de-campo-casa-de-campo-living-1.jpg?fit=575%2C359&ssl=1\",\"contentUrl\":\"https:\\\/\\\/i0.wp.com\\\/casadecampoliving.com\\\/wp-content\\\/uploads\\\/2022\\\/10\\\/1-noche-dominicana-marina-casa-de-campo-casa-de-campo-living-1.jpg?fit=575%2C359&ssl=1\",\"width\":575,\"height\":359},{\"@type\":\"BreadcrumbList\",\"@id\":\"https:\\\/\\\/casadecampoliving.com\\\/es\\\/hoy-la-republica-dominicana-celebra-168-anos-de-independencia\\\/#breadcrumb\",\"itemListElement\":[{\"@type\":\"ListItem\",\"position\":1,\"name\":\"Home\",\"item\":\"https:\\\/\\\/casadecampoliving.com\\\/es\\\/\"},{\"@type\":\"ListItem\",\"position\":2,\"name\":\"Hoy, la Rep\u00fablica Dominicana celebra 168 a\u00f1os de Independencia!\"}]},{\"@type\":\"WebSite\",\"@id\":\"https:\\\/\\\/casadecampoliving.com\\\/es\\\/#website\",\"url\":\"https:\\\/\\\/casadecampoliving.com\\\/es\\\/\",\"name\":\"Casa de Campo Living\",\"description\":\"Resort community news and resources.\",\"publisher\":{\"@id\":\"https:\\\/\\\/casadecampoliving.com\\\/es\\\/#organization\"},\"potentialAction\":[{\"@type\":\"SearchAction\",\"target\":{\"@type\":\"EntryPoint\",\"urlTemplate\":\"https:\\\/\\\/casadecampoliving.com\\\/es\\\/?s={search_term_string}\"},\"query-input\":{\"@type\":\"PropertyValueSpecification\",\"valueRequired\":true,\"valueName\":\"search_term_string\"}}],\"inLanguage\":\"es\"},{\"@type\":\"Organization\",\"@id\":\"https:\\\/\\\/casadecampoliving.com\\\/es\\\/#organization\",\"name\":\"Casa de Campo Living\",\"url\":\"https:\\\/\\\/casadecampoliving.com\\\/es\\\/\",\"logo\":{\"@type\":\"ImageObject\",\"inLanguage\":\"es\",\"@id\":\"https:\\\/\\\/casadecampoliving.com\\\/es\\\/#\\\/schema\\\/logo\\\/image\\\/\",\"url\":\"https:\\\/\\\/i0.wp.com\\\/casadecampoliving.com\\\/wp-content\\\/uploads\\\/2022\\\/07\\\/CDCLivingLogo_V1-white-sized.png?fit=800%2C214&ssl=1\",\"contentUrl\":\"https:\\\/\\\/i0.wp.com\\\/casadecampoliving.com\\\/wp-content\\\/uploads\\\/2022\\\/07\\\/CDCLivingLogo_V1-white-sized.png?fit=800%2C214&ssl=1\",\"width\":800,\"height\":214,\"caption\":\"Casa de Campo Living\"},\"image\":{\"@id\":\"https:\\\/\\\/casadecampoliving.com\\\/es\\\/#\\\/schema\\\/logo\\\/image\\\/\"},\"sameAs\":[\"https:\\\/\\\/www.facebook.com\\\/casadecampoliving\",\"https:\\\/\\\/x.com\\\/cdcliving\"]},{\"@type\":\"Person\",\"@id\":\"https:\\\/\\\/casadecampoliving.com\\\/es\\\/#\\\/schema\\\/person\\\/7e3b975d584a5f6ac0fd7128a81b0bc5\",\"name\":\"\",\"image\":{\"@type\":\"ImageObject\",\"inLanguage\":\"es\",\"@id\":\"https:\\\/\\\/secure.gravatar.com\\\/avatar\\\/?s=96&d=mm&r=g\",\"url\":\"https:\\\/\\\/secure.gravatar.com\\\/avatar\\\/?s=96&d=mm&r=g\",\"contentUrl\":\"https:\\\/\\\/secure.gravatar.com\\\/avatar\\\/?s=96&d=mm&r=g\"},\"url\":\"https:\\\/\\\/casadecampoliving.com\\\/es\\\/author\\\/ \\\/\"}]}<\/script>\n<!-- \/ Yoast SEO plugin. -->","yoast_head_json":{"title":"Hoy, la Rep\u00fablica Dominicana celebra 168 a\u00f1os de Independencia! | Casa de Campo Living","description":"Poseedora de una interesante historia de liberaci\u00f3n de toda potencia extranjera, hoy lunes 27 de febrero de 2012, luego de 168 a\u00f1os de haber sido nombrada","robots":{"index":"index","follow":"follow","max-snippet":"max-snippet:-1","max-image-preview":"max-image-preview:large","max-video-preview":"max-video-preview:-1"},"canonical":"https:\/\/casadecampoliving.com\/es\/hoy-la-republica-dominicana-celebra-168-anos-de-independencia\/","og_locale":"es_ES","og_type":"article","og_title":"Hoy, la Rep\u00fablica Dominicana celebra 168 a\u00f1os de Independencia! | Casa de Campo Living","og_description":"Poseedora de una interesante historia de liberaci\u00f3n de toda potencia extranjera, hoy lunes 27 de febrero de 2012, luego de 168 a\u00f1os de haber sido nombrada","og_url":"https:\/\/casadecampoliving.com\/es\/hoy-la-republica-dominicana-celebra-168-anos-de-independencia\/","og_site_name":"Casa de Campo Living","article_publisher":"https:\/\/www.facebook.com\/casadecampoliving","article_published_time":"2012-02-27T04:00:00+00:00","article_modified_time":"2022-10-21T22:40:50+00:00","og_image":[{"width":575,"height":359,"url":"https:\/\/i0.wp.com\/casadecampoliving.com\/wp-content\/uploads\/2022\/10\/1-noche-dominicana-marina-casa-de-campo-casa-de-campo-living-1.jpg?fit=575%2C359&ssl=1","type":"image\/jpeg"}],"twitter_card":"summary_large_image","twitter_creator":"@cdcliving","twitter_site":"@cdcliving","twitter_misc":{"Escrito por":"","Tiempo de lectura":"7 minutos"},"schema":{"@context":"https:\/\/schema.org","@graph":[{"@type":"Article","@id":"https:\/\/casadecampoliving.com\/es\/hoy-la-republica-dominicana-celebra-168-anos-de-independencia\/#article","isPartOf":{"@id":"https:\/\/casadecampoliving.com\/es\/hoy-la-republica-dominicana-celebra-168-anos-de-independencia\/"},"author":{"name":"","@id":"https:\/\/casadecampoliving.com\/es\/#\/schema\/person\/7e3b975d584a5f6ac0fd7128a81b0bc5"},"headline":"Hoy, la Rep\u00fablica Dominicana celebra 168 a\u00f1os de Independencia!","datePublished":"2012-02-27T04:00:00+00:00","dateModified":"2022-10-21T22:40:50+00:00","mainEntityOfPage":{"@id":"https:\/\/casadecampoliving.com\/es\/hoy-la-republica-dominicana-celebra-168-anos-de-independencia\/"},"wordCount":1356,"publisher":{"@id":"https:\/\/casadecampoliving.com\/es\/#organization"},"image":{"@id":"https:\/\/casadecampoliving.com\/es\/hoy-la-republica-dominicana-celebra-168-anos-de-independencia\/#primaryimage"},"thumbnailUrl":"https:\/\/i0.wp.com\/casadecampoliving.com\/wp-content\/uploads\/2022\/10\/1-noche-dominicana-marina-casa-de-campo-casa-de-campo-living-1.jpg?fit=575%2C359&ssl=1","keywords":["independencia dominicana","Republica Dominicana"],"articleSection":["Arte y cultura","Estilo de Vida","Noticias Locales","Rep\u00fablica Dominicana @es","Titulares"],"inLanguage":"es"},{"@type":"WebPage","@id":"https:\/\/casadecampoliving.com\/es\/hoy-la-republica-dominicana-celebra-168-anos-de-independencia\/","url":"https:\/\/casadecampoliving.com\/es\/hoy-la-republica-dominicana-celebra-168-anos-de-independencia\/","name":"Hoy, la Rep\u00fablica Dominicana celebra 168 a\u00f1os de Independencia! | Casa de Campo Living","isPartOf":{"@id":"https:\/\/casadecampoliving.com\/es\/#website"},"primaryImageOfPage":{"@id":"https:\/\/casadecampoliving.com\/es\/hoy-la-republica-dominicana-celebra-168-anos-de-independencia\/#primaryimage"},"image":{"@id":"https:\/\/casadecampoliving.com\/es\/hoy-la-republica-dominicana-celebra-168-anos-de-independencia\/#primaryimage"},"thumbnailUrl":"https:\/\/i0.wp.com\/casadecampoliving.com\/wp-content\/uploads\/2022\/10\/1-noche-dominicana-marina-casa-de-campo-casa-de-campo-living-1.jpg?fit=575%2C359&ssl=1","datePublished":"2012-02-27T04:00:00+00:00","dateModified":"2022-10-21T22:40:50+00:00","description":"Poseedora de una interesante historia de liberaci\u00f3n de toda potencia extranjera, hoy lunes 27 de febrero de 2012, luego de 168 a\u00f1os de haber sido nombrada","breadcrumb":{"@id":"https:\/\/casadecampoliving.com\/es\/hoy-la-republica-dominicana-celebra-168-anos-de-independencia\/#breadcrumb"},"inLanguage":"es","potentialAction":[{"@type":"ReadAction","target":["https:\/\/casadecampoliving.com\/es\/hoy-la-republica-dominicana-celebra-168-anos-de-independencia\/"]}]},{"@type":"ImageObject","inLanguage":"es","@id":"https:\/\/casadecampoliving.com\/es\/hoy-la-republica-dominicana-celebra-168-anos-de-independencia\/#primaryimage","url":"https:\/\/i0.wp.com\/casadecampoliving.com\/wp-content\/uploads\/2022\/10\/1-noche-dominicana-marina-casa-de-campo-casa-de-campo-living-1.jpg?fit=575%2C359&ssl=1","contentUrl":"https:\/\/i0.wp.com\/casadecampoliving.com\/wp-content\/uploads\/2022\/10\/1-noche-dominicana-marina-casa-de-campo-casa-de-campo-living-1.jpg?fit=575%2C359&ssl=1","width":575,"height":359},{"@type":"BreadcrumbList","@id":"https:\/\/casadecampoliving.com\/es\/hoy-la-republica-dominicana-celebra-168-anos-de-independencia\/#breadcrumb","itemListElement":[{"@type":"ListItem","position":1,"name":"Home","item":"https:\/\/casadecampoliving.com\/es\/"},{"@type":"ListItem","position":2,"name":"Hoy, la Rep\u00fablica Dominicana celebra 168 a\u00f1os de Independencia!"}]},{"@type":"WebSite","@id":"https:\/\/casadecampoliving.com\/es\/#website","url":"https:\/\/casadecampoliving.com\/es\/","name":"Casa de Campo Living","description":"Resort community news and resources.","publisher":{"@id":"https:\/\/casadecampoliving.com\/es\/#organization"},"potentialAction":[{"@type":"SearchAction","target":{"@type":"EntryPoint","urlTemplate":"https:\/\/casadecampoliving.com\/es\/?s={search_term_string}"},"query-input":{"@type":"PropertyValueSpecification","valueRequired":true,"valueName":"search_term_string"}}],"inLanguage":"es"},{"@type":"Organization","@id":"https:\/\/casadecampoliving.com\/es\/#organization","name":"Casa de Campo Living","url":"https:\/\/casadecampoliving.com\/es\/","logo":{"@type":"ImageObject","inLanguage":"es","@id":"https:\/\/casadecampoliving.com\/es\/#\/schema\/logo\/image\/","url":"https:\/\/i0.wp.com\/casadecampoliving.com\/wp-content\/uploads\/2022\/07\/CDCLivingLogo_V1-white-sized.png?fit=800%2C214&ssl=1","contentUrl":"https:\/\/i0.wp.com\/casadecampoliving.com\/wp-content\/uploads\/2022\/07\/CDCLivingLogo_V1-white-sized.png?fit=800%2C214&ssl=1","width":800,"height":214,"caption":"Casa de Campo Living"},"image":{"@id":"https:\/\/casadecampoliving.com\/es\/#\/schema\/logo\/image\/"},"sameAs":["https:\/\/www.facebook.com\/casadecampoliving","https:\/\/x.com\/cdcliving"]},{"@type":"Person","@id":"https:\/\/casadecampoliving.com\/es\/#\/schema\/person\/7e3b975d584a5f6ac0fd7128a81b0bc5","name":"","image":{"@type":"ImageObject","inLanguage":"es","@id":"https:\/\/secure.gravatar.com\/avatar\/?s=96&d=mm&r=g","url":"https:\/\/secure.gravatar.com\/avatar\/?s=96&d=mm&r=g","contentUrl":"https:\/\/secure.gravatar.com\/avatar\/?s=96&d=mm&r=g"},"url":"https:\/\/casadecampoliving.com\/es\/author\/ \/"}]}},"parsely":{"version":"1.1.0","canonical_url":"https:\/\/casadecampoliving.com\/es\/hoy-la-republica-dominicana-celebra-168-anos-de-independencia\/","smart_links":{"inbound":0,"outbound":0},"traffic_boost_suggestions_count":0,"meta":{"@context":"https:\/\/schema.org","@type":"NewsArticle","headline":"Hoy, la Rep\u00fablica Dominicana celebra 168 a\u00f1os de Independencia!","url":"http:\/\/casadecampoliving.com\/es\/hoy-la-republica-dominicana-celebra-168-anos-de-independencia\/","mainEntityOfPage":{"@type":"WebPage","@id":"http:\/\/casadecampoliving.com\/es\/hoy-la-republica-dominicana-celebra-168-anos-de-independencia\/"},"thumbnailUrl":"https:\/\/i0.wp.com\/casadecampoliving.com\/wp-content\/uploads\/2022\/10\/1-noche-dominicana-marina-casa-de-campo-casa-de-campo-living-1.jpg?resize=150%2C150&ssl=1","image":{"@type":"ImageObject","url":"https:\/\/i0.wp.com\/casadecampoliving.com\/wp-content\/uploads\/2022\/10\/1-noche-dominicana-marina-casa-de-campo-casa-de-campo-living-1.jpg?fit=575%2C359&ssl=1"},"articleSection":"Arte y cultura","author":[{"@type":"Person","name":"FB_515917546"}],"creator":["FB_515917546"],"publisher":{"@type":"Organization","name":"Casa de Campo Living","logo":"https:\/\/casadecampoliving.com\/wp-content\/uploads\/2022\/07\/CDCLivingLogo_V1-white-sized.png"},"keywords":["independencia dominicana","republica dominicana"],"dateCreated":"2012-02-27T04:00:00Z","datePublished":"2012-02-27T04:00:00Z","dateModified":"2022-10-21T22:40:50Z"},"rendered":"<script type=\"application\/ld+json\" class=\"wp-parsely-metadata\">{\"@context\":\"https:\\\/\\\/schema.org\",\"@type\":\"NewsArticle\",\"headline\":\"Hoy, la Rep\\u00fablica Dominicana celebra 168 a\\u00f1os de Independencia!\",\"url\":\"http:\\\/\\\/casadecampoliving.com\\\/es\\\/hoy-la-republica-dominicana-celebra-168-anos-de-independencia\\\/\",\"mainEntityOfPage\":{\"@type\":\"WebPage\",\"@id\":\"http:\\\/\\\/casadecampoliving.com\\\/es\\\/hoy-la-republica-dominicana-celebra-168-anos-de-independencia\\\/\"},\"thumbnailUrl\":\"https:\\\/\\\/i0.wp.com\\\/casadecampoliving.com\\\/wp-content\\\/uploads\\\/2022\\\/10\\\/1-noche-dominicana-marina-casa-de-campo-casa-de-campo-living-1.jpg?resize=150%2C150&ssl=1\",\"image\":{\"@type\":\"ImageObject\",\"url\":\"https:\\\/\\\/i0.wp.com\\\/casadecampoliving.com\\\/wp-content\\\/uploads\\\/2022\\\/10\\\/1-noche-dominicana-marina-casa-de-campo-casa-de-campo-living-1.jpg?fit=575%2C359&ssl=1\"},\"articleSection\":\"Arte y cultura\",\"author\":[{\"@type\":\"Person\",\"name\":\"FB_515917546\"}],\"creator\":[\"FB_515917546\"],\"publisher\":{\"@type\":\"Organization\",\"name\":\"Casa de Campo Living\",\"logo\":\"https:\\\/\\\/casadecampoliving.com\\\/wp-content\\\/uploads\\\/2022\\\/07\\\/CDCLivingLogo_V1-white-sized.png\"},\"keywords\":[\"independencia dominicana\",\"republica dominicana\"],\"dateCreated\":\"2012-02-27T04:00:00Z\",\"datePublished\":\"2012-02-27T04:00:00Z\",\"dateModified\":\"2022-10-21T22:40:50Z\"}<\/script>","tracker_url":"https:\/\/cdn.parsely.com\/keys\/casadecampoliving.com\/p.js"},"jetpack_publicize_connections":[],"jetpack_featured_media_url":"https:\/\/i0.wp.com\/casadecampoliving.com\/wp-content\/uploads\/2022\/10\/1-noche-dominicana-marina-casa-de-campo-casa-de-campo-living-1.jpg?fit=575%2C359&ssl=1","jetpack-related-posts":[{"id":353989,"url":"https:\/\/casadecampoliving.com\/es\/feliz-dia-de-la-independencia-republica-dominicana-6-datos-interesantes-sobre-la-bandera-dominicana-que-no-conocias\/","url_meta":{"origin":338494,"position":0},"title":"\u00a1Feliz D\u00eda de la Independencia Rep\u00fablica Dominicana! 6 datos interesantes sobre la bandera dominicana que no conoc\u00edas","author":"Casa de Campo Living","date":"27 Feb, 2024","format":false,"excerpt":"\u00a1LIBERTAD! Este es un d\u00eda para reflexionar, agradecer y honrar el sacrificio que hicieron un grupo de patriotas para que hoy en d\u00eda seamos un estado libre e independiente, y tener el privilegio de poder llamarnos dominicanos. \u00a1Hoy, Rep\u00fablica Dominicana celebra sus 180 a\u00f1os de Independencia! El 27 de febrero\u2026","rel":"","context":"En \u00abEl Semanal\u00bb","block_context":{"text":"El Semanal","link":"https:\/\/casadecampoliving.com\/es\/category\/el-semanal\/"},"img":{"alt_text":"Republica Dominicana bandera","src":"https:\/\/i0.wp.com\/casadecampoliving.com\/wp-content\/uploads\/2022\/10\/republica_dominicana_bandera-1.jpg?fit=650%2C434&ssl=1&resize=350%2C200","width":350,"height":200,"srcset":"https:\/\/i0.wp.com\/casadecampoliving.com\/wp-content\/uploads\/2022\/10\/republica_dominicana_bandera-1.jpg?fit=650%2C434&ssl=1&resize=350%2C200 1x, https:\/\/i0.wp.com\/casadecampoliving.com\/wp-content\/uploads\/2022\/10\/republica_dominicana_bandera-1.jpg?fit=650%2C434&ssl=1&resize=525%2C300 1.5x"},"classes":[]},{"id":343198,"url":"https:\/\/casadecampoliving.com\/es\/conozca-los-proximos-dias-feriados-de-la-republica-dominicana-en-este-2013-2\/","url_meta":{"origin":338494,"position":1},"title":"D\u00eda de la Constituci\u00f3n Dominicana; motivo de este fin de semana largo","author":"Lenny Castillo","date":"3 Nov, 2013","format":false,"excerpt":"El 6 de noviembre de cada a\u00f1o la Rep\u00fablica Dominicana celebra el \u201cD\u00eda de la Constituci\u00f3n. Este a\u00f1o, el d\u00eda de cierre para este d\u00eda de fiesta nacional, se traslada al lunes 4 de noviembre \u2013 para que todos podamos disfrutar de un buen fin de semana de celebraciones. El\u2026","rel":"","context":"En \u00abDestacados\u00bb","block_context":{"text":"Destacados","link":"https:\/\/casadecampoliving.com\/es\/category\/destacados\/"},"img":{"alt_text":"independencia republica dominicana","src":"https:\/\/i0.wp.com\/casadecampoliving.com\/wp-content\/uploads\/2022\/10\/independencia_republica_dominicana-1.jpg?fit=650%2C374&ssl=1&resize=350%2C200","width":350,"height":200,"srcset":"https:\/\/i0.wp.com\/casadecampoliving.com\/wp-content\/uploads\/2022\/10\/independencia_republica_dominicana-1.jpg?fit=650%2C374&ssl=1&resize=350%2C200 1x, https:\/\/i0.wp.com\/casadecampoliving.com\/wp-content\/uploads\/2022\/10\/independencia_republica_dominicana-1.jpg?fit=650%2C374&ssl=1&resize=525%2C300 1.5x"},"classes":[]},{"id":342676,"url":"https:\/\/casadecampoliving.com\/es\/preparense-para-el-fin-de-semana-largo-rd-celebra-su-restauracion-el-16-de-agosto\/","url_meta":{"origin":338494,"position":2},"title":"\u00a1Prep\u00e1rense para el fin de semana largo! &#8211; RD celebra su restauraci\u00f3n el 16 de agosto","author":"Eliana Alba","date":"16 Ago, 2013","format":false,"excerpt":"Este viernes 16 de agosto la Rep\u00fablica Dominicana conmemora un d\u00eda muy importante en su historia \u2013 la restauraci\u00f3n de su independencia. Este d\u00eda festivo celebra la recuperaci\u00f3n de la soberan\u00eda de nuestro pa\u00eds luego de haber sidos anexado a Espa\u00f1a. Pues lo que pas\u00f3 fue que 17 a\u00f1os despu\u00e9s\u2026","rel":"","context":"En \u00abEstilo de Vida\u00bb","block_context":{"text":"Estilo de Vida","link":"https:\/\/casadecampoliving.com\/es\/category\/estilo-de-vida\/"},"img":{"alt_text":"restauracion_republica_dominicana","src":"https:\/\/i0.wp.com\/casadecampoliving.com\/wp-content\/uploads\/2022\/10\/independencia_republica_dominicana_250_780-e1403281033859-1.jpg?fit=650%2C208&ssl=1&resize=350%2C200","width":350,"height":200,"srcset":"https:\/\/i0.wp.com\/casadecampoliving.com\/wp-content\/uploads\/2022\/10\/independencia_republica_dominicana_250_780-e1403281033859-1.jpg?fit=650%2C208&ssl=1&resize=350%2C200 1x, https:\/\/i0.wp.com\/casadecampoliving.com\/wp-content\/uploads\/2022\/10\/independencia_republica_dominicana_250_780-e1403281033859-1.jpg?fit=650%2C208&ssl=1&resize=525%2C300 1.5x"},"classes":[]},{"id":527102,"url":"https:\/\/casadecampoliving.com\/es\/casa-de-campo-celebra-la-independencia-de-republica-dominicana-con-desfile-patriotico\/","url_meta":{"origin":338494,"position":3},"title":"Casa de Campo celebra la independencia de Rep\u00fablica Dominicana con desfile patri\u00f3tico","author":"Mairobi Herrera","date":"26 Feb, 2024","format":false,"excerpt":"Casa de Campo Resort and Villas conmemor\u00f3 la independencia de Rep\u00fablica Dominicana mediante un vibrante desfile que recorri\u00f3 sus instalaciones, en un evento lleno de color, tradici\u00f3n y orgullo patrio. El martes 27 de febrero conmemoramos el 180 aniversario de nuestra Independencia Nacional, una jornada festiva que honra a nuestra\u2026","rel":"","context":"En \u00abComunidad\u00bb","block_context":{"text":"Comunidad","link":"https:\/\/casadecampoliving.com\/es\/category\/comunidad\/"},"img":{"alt_text":"","src":"https:\/\/i0.wp.com\/casadecampoliving.com\/wp-content\/uploads\/2024\/02\/FN3A0983-scaled.jpg?fit=1200%2C800&ssl=1&resize=350%2C200","width":350,"height":200,"srcset":"https:\/\/i0.wp.com\/casadecampoliving.com\/wp-content\/uploads\/2024\/02\/FN3A0983-scaled.jpg?fit=1200%2C800&ssl=1&resize=350%2C200 1x, https:\/\/i0.wp.com\/casadecampoliving.com\/wp-content\/uploads\/2024\/02\/FN3A0983-scaled.jpg?fit=1200%2C800&ssl=1&resize=525%2C300 1.5x, https:\/\/i0.wp.com\/casadecampoliving.com\/wp-content\/uploads\/2024\/02\/FN3A0983-scaled.jpg?fit=1200%2C800&ssl=1&resize=700%2C400 2x, https:\/\/i0.wp.com\/casadecampoliving.com\/wp-content\/uploads\/2024\/02\/FN3A0983-scaled.jpg?fit=1200%2C800&ssl=1&resize=1050%2C600 3x"},"classes":[]},{"id":337943,"url":"https:\/\/casadecampoliving.com\/es\/dias-feriados-de-la-republica-dominicana-y-la-fascinante-historia-detras\/","url_meta":{"origin":338494,"position":4},"title":"D\u00edas Feriados de la Rep\u00fablica Dominicana y la fascinante historia detr\u00e1s!","author":"","date":"12 Ene, 2012","format":false,"excerpt":"La Rep\u00fablica Dominicana, cada a\u00f1o, a principios de enero, se convierte en una excusa fabulosa para actuar como un calendario y libro extraordinario de fechas de momentos, vivencias, luchas, guerras y protagonistas responsables de guiar nuestro pa\u00eds hacia una naci\u00f3n\u00a0libre, democr\u00e1tica y soberana. Acomp\u00e1\u00f1enos en este recorrido de la historia\u2026","rel":"","context":"En \u00abArte y cultura\u00bb","block_context":{"text":"Arte y cultura","link":"https:\/\/casadecampoliving.com\/category\/arte-y-cultura\/"},"img":{"alt_text":"independencia republica dominicana","src":"https:\/\/i0.wp.com\/casadecampoliving.com\/wp-content\/uploads\/2022\/10\/independencia_republica_dominicana-1.jpg?fit=650%2C374&ssl=1&resize=350%2C200","width":350,"height":200,"srcset":"https:\/\/i0.wp.com\/casadecampoliving.com\/wp-content\/uploads\/2022\/10\/independencia_republica_dominicana-1.jpg?fit=650%2C374&ssl=1&resize=350%2C200 1x, https:\/\/i0.wp.com\/casadecampoliving.com\/wp-content\/uploads\/2022\/10\/independencia_republica_dominicana-1.jpg?fit=650%2C374&ssl=1&resize=525%2C300 1.5x"},"classes":[]},{"id":340508,"url":"https:\/\/casadecampoliving.com\/es\/conozca-los-proximos-dias-feriados-de-la-republica-dominicana-en-este-2013\/","url_meta":{"origin":338494,"position":5},"title":"\u00a1Conozca los pr\u00f3ximos d\u00edas feriados de la Rep\u00fablica Dominicana en este 2013!","author":"","date":"23 Ene, 2013","format":false,"excerpt":"La Rep\u00fablica Dominicana, cada a\u00f1o, a principios de enero, se convierte en una excusa fabulosa para actuar como un calendario y libro extraordinario de fechas de momentos, vivencias, luchas, guerras y protagonistas responsables de guiar nuestro pa\u00eds hacia una naci\u00f3n libre, democr\u00e1tica y soberana. Acomp\u00e1\u00f1enos en este recorrido de la\u2026","rel":"","context":"En \u00abArte y cultura\u00bb","block_context":{"text":"Arte y cultura","link":"https:\/\/casadecampoliving.com\/category\/arte-y-cultura\/"},"img":{"alt_text":"Dominican Holidays","src":"https:\/\/i0.wp.com\/casadecampoliving.com\/wp-content\/uploads\/2022\/10\/dominican_holidays-1.jpg?fit=650%2C452&ssl=1&resize=350%2C200","width":350,"height":200,"srcset":"https:\/\/i0.wp.com\/casadecampoliving.com\/wp-content\/uploads\/2022\/10\/dominican_holidays-1.jpg?fit=650%2C452&ssl=1&resize=350%2C200 1x, https:\/\/i0.wp.com\/casadecampoliving.com\/wp-content\/uploads\/2022\/10\/dominican_holidays-1.jpg?fit=650%2C452&ssl=1&resize=525%2C300 1.5x"},"classes":[]}],"jetpack_sharing_enabled":true,"_links":{"self":[{"href":"https:\/\/casadecampoliving.com\/es\/wp-json\/wp\/v2\/posts\/338494","targetHints":{"allow":["GET"]}}],"collection":[{"href":"https:\/\/casadecampoliving.com\/es\/wp-json\/wp\/v2\/posts"}],"about":[{"href":"https:\/\/casadecampoliving.com\/es\/wp-json\/wp\/v2\/types\/post"}],"author":[{"embeddable":true,"href":"https:\/\/casadecampoliving.com\/es\/wp-json\/wp\/v2\/users\/21"}],"replies":[{"embeddable":true,"href":"https:\/\/casadecampoliving.com\/es\/wp-json\/wp\/v2\/comments?post=338494"}],"version-history":[{"count":1,"href":"https:\/\/casadecampoliving.com\/es\/wp-json\/wp\/v2\/posts\/338494\/revisions"}],"predecessor-version":[{"id":338495,"href":"https:\/\/casadecampoliving.com\/es\/wp-json\/wp\/v2\/posts\/338494\/revisions\/338495"}],"wp:featuredmedia":[{"embeddable":true,"href":"https:\/\/casadecampoliving.com\/es\/wp-json\/wp\/v2\/media\/245661"}],"wp:attachment":[{"href":"https:\/\/casadecampoliving.com\/es\/wp-json\/wp\/v2\/media?parent=338494"}],"wp:term":[{"taxonomy":"category","embeddable":true,"href":"https:\/\/casadecampoliving.com\/es\/wp-json\/wp\/v2\/categories?post=338494"},{"taxonomy":"post_tag","embeddable":true,"href":"https:\/\/casadecampoliving.com\/es\/wp-json\/wp\/v2\/tags?post=338494"},{"taxonomy":"newspack_spnsrs_tax","embeddable":true,"href":"https:\/\/casadecampoliving.com\/es\/wp-json\/wp\/v2\/newspack_spnsrs_tax?post=338494"}],"curies":[{"name":"wp","href":"https:\/\/api.w.org\/{rel}","templated":true}]}}