{"id":338454,"date":"2012-02-28T00:00:00","date_gmt":"2012-02-28T04:00:00","guid":{"rendered":"https:\/\/casadecampoliving.com\/sarah-jessica-parker-visita-altos-de-chavon-y-la-marina-casa-de-campo\/"},"modified":"2022-10-21T18:38:55","modified_gmt":"2022-10-21T22:38:55","slug":"sarah-jessica-parker-visita-altos-de-chavon-y-la-marina-casa-de-campo","status":"publish","type":"post","link":"https:\/\/casadecampoliving.com\/es\/sarah-jessica-parker-visita-altos-de-chavon-y-la-marina-casa-de-campo\/","title":{"rendered":"Sarah Jessica Parker visita Altos de Chav\u00f3n y La Marina Casa de Campo!"},"content":{"rendered":"<div class=\"wp-block-image\">\n<figure class=\"aligncenter is-resized\"><img loading=\"lazy\" decoding=\"async\" src=\"https:\/\/i0.wp.com\/casadecampoliving.com\/wp-content\/uploads\/2022\/10\/sarah_jessica_parker.jpg?resize=528%2C400&amp;ssl=1\" alt=\"sarah jessica parker\" class=\"wp-image-45602\" title=\"sarah_jessica_parker\" height=\"400\" width=\"528\"\/><\/figure>\n<\/div>\n\n\n<p>La famosa actriz Sarah Jessica Parker fue vista recientemente en Altos de Chav\u00f3n y La Marina Casa de Campo!<br>\n<\/p>\n\n\n\n<!--more-->\n\n\n\n<p>De acuerdo con una conversaci\u00f3n que escuch\u00f3 Rebecca (siempre con el esp\u00edritu y sentido period\u00edstico activo), Sarah Jessica Parker se hosped\u00f3 en el Hotel Casa de Campo durante el fin de semana ben\u00e9fico del Hogar del Ni\u00f1o!<\/p>\n\n\n\n<p>A\u00fan cuando, tristemente, no vimos a Sarah Jessica Parker disfrutar de Casa de Campo \u2013 algunos afortunados miembros de la comunidad de Casa de Campo si! As\u00ed que aqu\u00ed les facilitamos todos los detalles que hemos recolectado de nuestros colaboradores de la comunidad sobre la visita a Casa de Campo de Sarah Jessica Parker:<\/p>\n\n\n\n<p><span style=\"text-decoration: underline;\"><strong>Viernes 17 de febrero 2012<\/strong><\/span><\/p>\n\n\n\n<p>Alexa Mclay y Bianca Lynn Abreu, mientras realizaban sus compras en el supermercado Nacional en La Marina Casa de Campo, se encontraron con la actiz! Asumimos que fue el primer d\u00eda de Sarah Jessica Parker en Casa de Campo, pues quiz\u00e1s estaba surtiendo su despensa para sus vacaciones en Casa de Campo..<\/p>\n\n\n\n<blockquote class=\"wp-block-quote is-layout-flow wp-block-quote-is-layout-flow\"><p>Alexa Mclay, nos cuenta sobre su encuentro con Sarah Jessica Parker:<\/p><p>\u201cBianca y yo la conocimos el pasado viernes en el Nacional! Estaba con sus dos ni\u00f1os y otras dos mujeres que no reconocimos. &nbsp;Le pedimos una foto, pero ella, amablemente, nos dijo que no le gusta tomarse fotos cuando est\u00e1 con sus ni\u00f1os, pero s\u00ed nos dar\u00eda un aut\u00f3grafo. As\u00ed que nos dio a Bianca y a mi aut\u00f3grafos pro separado en nuestros recibos y pidi\u00f3 nuestros nombres, en qu\u00e9 parte de Nueva York viv\u00edamos y la suerte que tenemos de residir aqu\u00ed. Mi aut\u00f3grado dice \u201cTo Alexa with all my love- Sarah Jessica Parker xoxo\u2019 (Para Alexa con todo mi amor \u2013 Sarah Jessica Parker xoxo), igual con el de Bianca.<\/p><\/blockquote>\n\n\n\n<p><strong><span style=\"text-decoration: underline;\">S\u00e1bado 18 de febrero 2012<\/span><br>\n<\/strong><\/p>\n\n\n\n<p>Sarah Jessica Parker fue vista por Nicole Dickson con sus gemelos. Fue lo suficientemente valiente para pedirle una foto a la actriz. Igualmente, explic\u00f3 que no le gusta tomarse fotos mientras est\u00e1 con sus ni\u00f1os. Nicole estaba muy emocionada de intercambiar unas breves palabras con la glamurosa \u00eddola de \u201cSex in the City\u201d, quien luego de que le preguntara si estaba disfrutando de su estad\u00eda, respondi\u00f3 \u201cThank you, it\u2019s nice weather, I\u2019m truly sorry about the pic thing\u201d (Gracias, es un clima muy agradable, siento mucho lo del tema de la foto) e incluso le brind\u00f3 una sonrisa a Nicole y coment\u00f3 que le gustar\u00eda regresar de nuevo a Altos de Chav\u00f3n!<\/p>\n\n\n\n<blockquote class=\"wp-block-quote is-layout-flow wp-block-quote-is-layout-flow\"><p>Emocionada (y qui\u00e9n no lo estar\u00eda) por su encuentro con Sarah Jessica Parker en Altos de Chav\u00f3n, Nicole coloc\u00f3 sto en su facebook:<\/p><p>\u201cShe was with her twins, they are so cute!!! super blonde! and she is super skinny, exactly like she looks in TV, me soprendio mucho how simple she was and nice. Also, dressed low key, if you don\u2019t spot her face, it\u2019s impossible to tell if she is a celebrity or not. Her nose (no offense) was my guide for confirmation! \ud83d\ude1b&nbsp;She was strolling like any other \u201cChavonera\u201d in her heals.\u201d<\/p><\/blockquote>\n\n\n\n<p>Tambi\u00e9n, el s\u00e1bado, Sarah Jessica Parker fue vista por Jacqueline L\u00f3pez, quien si pudo lograr colar una foto (la superior) \u2013 que muestra a una Sarah Jessica Parker definitivamente en territorio de Altos de Chav\u00f3n( esas piedras se reconocen donde sea!) Parece vestir un tanto formal, lo que nos indica que quiz\u00e1s estaba en una boda??<\/p>\n\n\n\n<blockquote class=\"wp-block-quote is-layout-flow wp-block-quote-is-layout-flow\"><p><strong>Privacidad de hu\u00e9spedes!<br>\n<\/strong>Casa de Campo atrae a bastantes celebridades (<a href=\"https:\/\/casadecampoliving.com\/es\/2012\/01\/vin-diesel-entrena-para-riddick-en-el-country-club-de-la-romana-casa-de-campo\/\">Vin Diesel<\/a>,&nbsp;<a href=\"https:\/\/casadecampoliving.com\/es\/2011\/12\/de-fiesta-con-pitbull-manolo-cardona-y-dj-laz-en-onnos-bar-altos-de-chavon\/\">Pitbull<\/a>,&nbsp;<a href=\"https:\/\/casadecampoliving.com\/es\/2011\/12\/celebridades-en-casa-de-campo-marc-anthony-y-pitbull\/\">Marc Anthony<\/a>,&nbsp;<a href=\"https:\/\/casadecampoliving.com\/es\/2011\/12\/celebridades-en-casa-de-campo-chillin-en-la-playa-minitas-con-pitbull-y-manolo-cardona\/\">Manolo Cardona<\/a>,&nbsp;<a href=\"https:\/\/casadecampoliving.com\/es\/2012\/01\/celebridades-en-casa-de-campo-de-fiesta-con-amaury-nolasco-de-prision-break-en-palmilla-y-playa-minitas\/\">Amaury Nolasco<\/a>,<a href=\"https:\/\/casadecampoliving.com\/es\/2011\/02\/celebridades-en-altos-de-chavon-cameron-diaz-y-alex-rodriguez-2\/\">&nbsp;A-Rod, Cameron Diaz<\/a>,&nbsp;<a href=\"https:\/\/casadecampoliving.com\/2009\/12\/jay-zs-birthday-bash-we-reveal-the-full-glamorous-details\/\">Beyonce,<\/a>&nbsp;<a href=\"https:\/\/casadecampoliving.com\/2011\/09\/akon-films-new-music-video-for-el-producto-with-omega-in-casa-de-campo\/\">Akon&nbsp;<\/a>etc. ) &nbsp;y escogen a Casa de Campo (aparte de su encanto natural) por una sencilla raz\u00f3n: porque es privado. Y para proteger la privacidad de las celebridades que aqu\u00ed se hospedad \u2013 s\u00f3lo publicamos un art\u00edculo sobre su visita, luego de que este haya dejado el resort. Puede que esto implique que le traemos noticias un tanto \u201cobsoletas\u201d \u2013 pero todos merecen la oportunidad de vacacionar en paz.<\/p><\/blockquote>\n","protected":false},"excerpt":{"rendered":"<p>La famosa actriz Sarah Jessica Parker fue vista recientemente en Altos de Chav\u00f3n y La Marina Casa de Campo!<\/p>\n","protected":false},"author":21,"featured_media":258793,"comment_status":"closed","ping_status":"closed","sticky":false,"template":"","format":"standard","meta":{"newspack_ads_suppress_ads":false,"newspack_popups_has_disabled_popups":false,"newspack_sponsor_sponsorship_scope":"","newspack_sponsor_native_byline_display":"inherit","newspack_sponsor_native_category_display":"inherit","newspack_sponsor_underwriter_style":"inherit","newspack_sponsor_underwriter_placement":"inherit","_newspack_byline_active":false,"_newspack_byline":"","newspack_content_restriction_is_exempt":false,"newspack_featured_image_position":"","newspack_post_subtitle":"","newspack_article_summary_title":"Overview:","newspack_article_summary":"","newspack_hide_updated_date":false,"newspack_show_updated_date":false,"_jetpack_memberships_contains_paid_content":false,"footnotes":"","jetpack_publicize_message":"","jetpack_publicize_feature_enabled":true,"jetpack_social_post_already_shared":false,"jetpack_social_options":{"image_generator_settings":{"template":"highway","default_image_id":0,"font":"","enabled":false},"version":2},"_wpas_customize_per_network":false},"categories":[26819,2513,2524,14631,2522,26581,14625,14627,2526],"tags":[15387,2624,2590,3894],"newspack_spnsrs_tax":[],"class_list":["post-338454","post","type-post","status-publish","format-standard","has-post-thumbnail","hentry","category-altos-de-chavon-es","category-celebridades-es","category-destacados","category-estilo-de-vida","category-eventos-es","category-la-marina-casa-de-campo","category-noticias-locales","category-proximamente","category-titulares-es","tag-altos-de-chavon-es","tag-celebridades","tag-la-marina-casa-de-campo","tag-sarah-jessica-parker","entry"],"yoast_head":"<!-- This site is optimized with the Yoast SEO plugin v27.3 - https:\/\/yoast.com\/product\/yoast-seo-wordpress\/ -->\n<title>Sarah Jessica Parker visita Altos de Chav\u00f3n y La Marina Casa de Campo! | Casa de Campo Living<\/title>\n<meta name=\"description\" content=\"La famosa actriz Sarah Jessica Parker fue vista recientemente en Altos de Chav\u00f3n y La Marina Casa de Campo! De acuerdo con una conversaci\u00f3n que escuch\u00f3\" \/>\n<meta name=\"robots\" content=\"index, follow, max-snippet:-1, max-image-preview:large, max-video-preview:-1\" \/>\n<link rel=\"canonical\" href=\"https:\/\/casadecampoliving.com\/es\/sarah-jessica-parker-visita-altos-de-chavon-y-la-marina-casa-de-campo\/\" \/>\n<meta property=\"og:locale\" content=\"es_ES\" \/>\n<meta property=\"og:type\" content=\"article\" \/>\n<meta property=\"og:title\" content=\"Sarah Jessica Parker visita Altos de Chav\u00f3n y La Marina Casa de Campo! | Casa de Campo Living\" \/>\n<meta property=\"og:description\" content=\"La famosa actriz Sarah Jessica Parker fue vista recientemente en Altos de Chav\u00f3n y La Marina Casa de Campo! De acuerdo con una conversaci\u00f3n que escuch\u00f3\" \/>\n<meta property=\"og:url\" content=\"https:\/\/casadecampoliving.com\/es\/sarah-jessica-parker-visita-altos-de-chavon-y-la-marina-casa-de-campo\/\" \/>\n<meta property=\"og:site_name\" content=\"Casa de Campo Living\" \/>\n<meta property=\"article:publisher\" content=\"https:\/\/www.facebook.com\/casadecampoliving\" \/>\n<meta property=\"article:published_time\" content=\"2012-02-28T04:00:00+00:00\" \/>\n<meta property=\"article:modified_time\" content=\"2022-10-21T22:38:55+00:00\" \/>\n<meta property=\"og:image\" content=\"https:\/\/i0.wp.com\/casadecampoliving.com\/wp-content\/uploads\/2022\/10\/sarah_jessica_parker-1.jpg?fit=528%2C400&ssl=1\" \/>\n\t<meta property=\"og:image:width\" content=\"528\" \/>\n\t<meta property=\"og:image:height\" content=\"400\" \/>\n\t<meta property=\"og:image:type\" content=\"image\/jpeg\" \/>\n<meta name=\"twitter:card\" content=\"summary_large_image\" \/>\n<meta name=\"twitter:creator\" content=\"@cdcliving\" \/>\n<meta name=\"twitter:site\" content=\"@cdcliving\" \/>\n<meta name=\"twitter:label1\" content=\"Escrito por\" \/>\n\t<meta name=\"twitter:data1\" content=\"\" \/>\n\t<meta name=\"twitter:label2\" content=\"Tiempo de lectura\" \/>\n\t<meta name=\"twitter:data2\" content=\"3 minutos\" \/>\n<script type=\"application\/ld+json\" class=\"yoast-schema-graph\">{\"@context\":\"https:\\\/\\\/schema.org\",\"@graph\":[{\"@type\":\"Article\",\"@id\":\"https:\\\/\\\/casadecampoliving.com\\\/es\\\/sarah-jessica-parker-visita-altos-de-chavon-y-la-marina-casa-de-campo\\\/#article\",\"isPartOf\":{\"@id\":\"https:\\\/\\\/casadecampoliving.com\\\/es\\\/sarah-jessica-parker-visita-altos-de-chavon-y-la-marina-casa-de-campo\\\/\"},\"author\":{\"name\":\"\",\"@id\":\"https:\\\/\\\/casadecampoliving.com\\\/es\\\/#\\\/schema\\\/person\\\/7e3b975d584a5f6ac0fd7128a81b0bc5\"},\"headline\":\"Sarah Jessica Parker visita Altos de Chav\u00f3n y La Marina Casa de Campo!\",\"datePublished\":\"2012-02-28T04:00:00+00:00\",\"dateModified\":\"2022-10-21T22:38:55+00:00\",\"mainEntityOfPage\":{\"@id\":\"https:\\\/\\\/casadecampoliving.com\\\/es\\\/sarah-jessica-parker-visita-altos-de-chavon-y-la-marina-casa-de-campo\\\/\"},\"wordCount\":702,\"publisher\":{\"@id\":\"https:\\\/\\\/casadecampoliving.com\\\/es\\\/#organization\"},\"image\":{\"@id\":\"https:\\\/\\\/casadecampoliving.com\\\/es\\\/sarah-jessica-parker-visita-altos-de-chavon-y-la-marina-casa-de-campo\\\/#primaryimage\"},\"thumbnailUrl\":\"https:\\\/\\\/i0.wp.com\\\/casadecampoliving.com\\\/wp-content\\\/uploads\\\/2022\\\/10\\\/sarah_jessica_parker-1.jpg?fit=528%2C400&ssl=1\",\"keywords\":[\"Altos de Chavon\",\"celebridades\",\"la marina casa de campo\",\"sarah jessica parker\"],\"articleSection\":[\"Altos de Chavon @es\",\"Celebridades\",\"Destacados\",\"Estilo de Vida\",\"Eventos\",\"La Marina Casa de Campo\",\"Noticias Locales\",\"Proximamente\",\"Titulares\"],\"inLanguage\":\"es\"},{\"@type\":\"WebPage\",\"@id\":\"https:\\\/\\\/casadecampoliving.com\\\/es\\\/sarah-jessica-parker-visita-altos-de-chavon-y-la-marina-casa-de-campo\\\/\",\"url\":\"https:\\\/\\\/casadecampoliving.com\\\/es\\\/sarah-jessica-parker-visita-altos-de-chavon-y-la-marina-casa-de-campo\\\/\",\"name\":\"Sarah Jessica Parker visita Altos de Chav\u00f3n y La Marina Casa de Campo! | Casa de Campo Living\",\"isPartOf\":{\"@id\":\"https:\\\/\\\/casadecampoliving.com\\\/es\\\/#website\"},\"primaryImageOfPage\":{\"@id\":\"https:\\\/\\\/casadecampoliving.com\\\/es\\\/sarah-jessica-parker-visita-altos-de-chavon-y-la-marina-casa-de-campo\\\/#primaryimage\"},\"image\":{\"@id\":\"https:\\\/\\\/casadecampoliving.com\\\/es\\\/sarah-jessica-parker-visita-altos-de-chavon-y-la-marina-casa-de-campo\\\/#primaryimage\"},\"thumbnailUrl\":\"https:\\\/\\\/i0.wp.com\\\/casadecampoliving.com\\\/wp-content\\\/uploads\\\/2022\\\/10\\\/sarah_jessica_parker-1.jpg?fit=528%2C400&ssl=1\",\"datePublished\":\"2012-02-28T04:00:00+00:00\",\"dateModified\":\"2022-10-21T22:38:55+00:00\",\"description\":\"La famosa actriz Sarah Jessica Parker fue vista recientemente en Altos de Chav\u00f3n y La Marina Casa de Campo! De acuerdo con una conversaci\u00f3n que escuch\u00f3\",\"breadcrumb\":{\"@id\":\"https:\\\/\\\/casadecampoliving.com\\\/es\\\/sarah-jessica-parker-visita-altos-de-chavon-y-la-marina-casa-de-campo\\\/#breadcrumb\"},\"inLanguage\":\"es\",\"potentialAction\":[{\"@type\":\"ReadAction\",\"target\":[\"https:\\\/\\\/casadecampoliving.com\\\/es\\\/sarah-jessica-parker-visita-altos-de-chavon-y-la-marina-casa-de-campo\\\/\"]}]},{\"@type\":\"ImageObject\",\"inLanguage\":\"es\",\"@id\":\"https:\\\/\\\/casadecampoliving.com\\\/es\\\/sarah-jessica-parker-visita-altos-de-chavon-y-la-marina-casa-de-campo\\\/#primaryimage\",\"url\":\"https:\\\/\\\/i0.wp.com\\\/casadecampoliving.com\\\/wp-content\\\/uploads\\\/2022\\\/10\\\/sarah_jessica_parker-1.jpg?fit=528%2C400&ssl=1\",\"contentUrl\":\"https:\\\/\\\/i0.wp.com\\\/casadecampoliving.com\\\/wp-content\\\/uploads\\\/2022\\\/10\\\/sarah_jessica_parker-1.jpg?fit=528%2C400&ssl=1\",\"width\":528,\"height\":400,\"caption\":\"sarah jessica parker\"},{\"@type\":\"BreadcrumbList\",\"@id\":\"https:\\\/\\\/casadecampoliving.com\\\/es\\\/sarah-jessica-parker-visita-altos-de-chavon-y-la-marina-casa-de-campo\\\/#breadcrumb\",\"itemListElement\":[{\"@type\":\"ListItem\",\"position\":1,\"name\":\"Home\",\"item\":\"https:\\\/\\\/casadecampoliving.com\\\/es\\\/\"},{\"@type\":\"ListItem\",\"position\":2,\"name\":\"Sarah Jessica Parker visita Altos de Chav\u00f3n y La Marina Casa de Campo!\"}]},{\"@type\":\"WebSite\",\"@id\":\"https:\\\/\\\/casadecampoliving.com\\\/es\\\/#website\",\"url\":\"https:\\\/\\\/casadecampoliving.com\\\/es\\\/\",\"name\":\"Casa de Campo Living\",\"description\":\"Resort community news and resources.\",\"publisher\":{\"@id\":\"https:\\\/\\\/casadecampoliving.com\\\/es\\\/#organization\"},\"potentialAction\":[{\"@type\":\"SearchAction\",\"target\":{\"@type\":\"EntryPoint\",\"urlTemplate\":\"https:\\\/\\\/casadecampoliving.com\\\/es\\\/?s={search_term_string}\"},\"query-input\":{\"@type\":\"PropertyValueSpecification\",\"valueRequired\":true,\"valueName\":\"search_term_string\"}}],\"inLanguage\":\"es\"},{\"@type\":\"Organization\",\"@id\":\"https:\\\/\\\/casadecampoliving.com\\\/es\\\/#organization\",\"name\":\"Casa de Campo Living\",\"url\":\"https:\\\/\\\/casadecampoliving.com\\\/es\\\/\",\"logo\":{\"@type\":\"ImageObject\",\"inLanguage\":\"es\",\"@id\":\"https:\\\/\\\/casadecampoliving.com\\\/es\\\/#\\\/schema\\\/logo\\\/image\\\/\",\"url\":\"https:\\\/\\\/i0.wp.com\\\/casadecampoliving.com\\\/wp-content\\\/uploads\\\/2022\\\/07\\\/CDCLivingLogo_V1-white-sized.png?fit=800%2C214&ssl=1\",\"contentUrl\":\"https:\\\/\\\/i0.wp.com\\\/casadecampoliving.com\\\/wp-content\\\/uploads\\\/2022\\\/07\\\/CDCLivingLogo_V1-white-sized.png?fit=800%2C214&ssl=1\",\"width\":800,\"height\":214,\"caption\":\"Casa de Campo Living\"},\"image\":{\"@id\":\"https:\\\/\\\/casadecampoliving.com\\\/es\\\/#\\\/schema\\\/logo\\\/image\\\/\"},\"sameAs\":[\"https:\\\/\\\/www.facebook.com\\\/casadecampoliving\",\"https:\\\/\\\/x.com\\\/cdcliving\"]},{\"@type\":\"Person\",\"@id\":\"https:\\\/\\\/casadecampoliving.com\\\/es\\\/#\\\/schema\\\/person\\\/7e3b975d584a5f6ac0fd7128a81b0bc5\",\"name\":\"\",\"image\":{\"@type\":\"ImageObject\",\"inLanguage\":\"es\",\"@id\":\"https:\\\/\\\/secure.gravatar.com\\\/avatar\\\/?s=96&d=mm&r=g\",\"url\":\"https:\\\/\\\/secure.gravatar.com\\\/avatar\\\/?s=96&d=mm&r=g\",\"contentUrl\":\"https:\\\/\\\/secure.gravatar.com\\\/avatar\\\/?s=96&d=mm&r=g\"},\"url\":\"https:\\\/\\\/casadecampoliving.com\\\/es\\\/author\\\/ \\\/\"}]}<\/script>\n<!-- \/ Yoast SEO plugin. -->","yoast_head_json":{"title":"Sarah Jessica Parker visita Altos de Chav\u00f3n y La Marina Casa de Campo! | Casa de Campo Living","description":"La famosa actriz Sarah Jessica Parker fue vista recientemente en Altos de Chav\u00f3n y La Marina Casa de Campo! De acuerdo con una conversaci\u00f3n que escuch\u00f3","robots":{"index":"index","follow":"follow","max-snippet":"max-snippet:-1","max-image-preview":"max-image-preview:large","max-video-preview":"max-video-preview:-1"},"canonical":"https:\/\/casadecampoliving.com\/es\/sarah-jessica-parker-visita-altos-de-chavon-y-la-marina-casa-de-campo\/","og_locale":"es_ES","og_type":"article","og_title":"Sarah Jessica Parker visita Altos de Chav\u00f3n y La Marina Casa de Campo! | Casa de Campo Living","og_description":"La famosa actriz Sarah Jessica Parker fue vista recientemente en Altos de Chav\u00f3n y La Marina Casa de Campo! De acuerdo con una conversaci\u00f3n que escuch\u00f3","og_url":"https:\/\/casadecampoliving.com\/es\/sarah-jessica-parker-visita-altos-de-chavon-y-la-marina-casa-de-campo\/","og_site_name":"Casa de Campo Living","article_publisher":"https:\/\/www.facebook.com\/casadecampoliving","article_published_time":"2012-02-28T04:00:00+00:00","article_modified_time":"2022-10-21T22:38:55+00:00","og_image":[{"width":528,"height":400,"url":"https:\/\/i0.wp.com\/casadecampoliving.com\/wp-content\/uploads\/2022\/10\/sarah_jessica_parker-1.jpg?fit=528%2C400&ssl=1","type":"image\/jpeg"}],"twitter_card":"summary_large_image","twitter_creator":"@cdcliving","twitter_site":"@cdcliving","twitter_misc":{"Escrito por":"","Tiempo de lectura":"3 minutos"},"schema":{"@context":"https:\/\/schema.org","@graph":[{"@type":"Article","@id":"https:\/\/casadecampoliving.com\/es\/sarah-jessica-parker-visita-altos-de-chavon-y-la-marina-casa-de-campo\/#article","isPartOf":{"@id":"https:\/\/casadecampoliving.com\/es\/sarah-jessica-parker-visita-altos-de-chavon-y-la-marina-casa-de-campo\/"},"author":{"name":"","@id":"https:\/\/casadecampoliving.com\/es\/#\/schema\/person\/7e3b975d584a5f6ac0fd7128a81b0bc5"},"headline":"Sarah Jessica Parker visita Altos de Chav\u00f3n y La Marina Casa de Campo!","datePublished":"2012-02-28T04:00:00+00:00","dateModified":"2022-10-21T22:38:55+00:00","mainEntityOfPage":{"@id":"https:\/\/casadecampoliving.com\/es\/sarah-jessica-parker-visita-altos-de-chavon-y-la-marina-casa-de-campo\/"},"wordCount":702,"publisher":{"@id":"https:\/\/casadecampoliving.com\/es\/#organization"},"image":{"@id":"https:\/\/casadecampoliving.com\/es\/sarah-jessica-parker-visita-altos-de-chavon-y-la-marina-casa-de-campo\/#primaryimage"},"thumbnailUrl":"https:\/\/i0.wp.com\/casadecampoliving.com\/wp-content\/uploads\/2022\/10\/sarah_jessica_parker-1.jpg?fit=528%2C400&ssl=1","keywords":["Altos de Chavon","celebridades","la marina casa de campo","sarah jessica parker"],"articleSection":["Altos de Chavon @es","Celebridades","Destacados","Estilo de Vida","Eventos","La Marina Casa de Campo","Noticias Locales","Proximamente","Titulares"],"inLanguage":"es"},{"@type":"WebPage","@id":"https:\/\/casadecampoliving.com\/es\/sarah-jessica-parker-visita-altos-de-chavon-y-la-marina-casa-de-campo\/","url":"https:\/\/casadecampoliving.com\/es\/sarah-jessica-parker-visita-altos-de-chavon-y-la-marina-casa-de-campo\/","name":"Sarah Jessica Parker visita Altos de Chav\u00f3n y La Marina Casa de Campo! | Casa de Campo Living","isPartOf":{"@id":"https:\/\/casadecampoliving.com\/es\/#website"},"primaryImageOfPage":{"@id":"https:\/\/casadecampoliving.com\/es\/sarah-jessica-parker-visita-altos-de-chavon-y-la-marina-casa-de-campo\/#primaryimage"},"image":{"@id":"https:\/\/casadecampoliving.com\/es\/sarah-jessica-parker-visita-altos-de-chavon-y-la-marina-casa-de-campo\/#primaryimage"},"thumbnailUrl":"https:\/\/i0.wp.com\/casadecampoliving.com\/wp-content\/uploads\/2022\/10\/sarah_jessica_parker-1.jpg?fit=528%2C400&ssl=1","datePublished":"2012-02-28T04:00:00+00:00","dateModified":"2022-10-21T22:38:55+00:00","description":"La famosa actriz Sarah Jessica Parker fue vista recientemente en Altos de Chav\u00f3n y La Marina Casa de Campo! De acuerdo con una conversaci\u00f3n que escuch\u00f3","breadcrumb":{"@id":"https:\/\/casadecampoliving.com\/es\/sarah-jessica-parker-visita-altos-de-chavon-y-la-marina-casa-de-campo\/#breadcrumb"},"inLanguage":"es","potentialAction":[{"@type":"ReadAction","target":["https:\/\/casadecampoliving.com\/es\/sarah-jessica-parker-visita-altos-de-chavon-y-la-marina-casa-de-campo\/"]}]},{"@type":"ImageObject","inLanguage":"es","@id":"https:\/\/casadecampoliving.com\/es\/sarah-jessica-parker-visita-altos-de-chavon-y-la-marina-casa-de-campo\/#primaryimage","url":"https:\/\/i0.wp.com\/casadecampoliving.com\/wp-content\/uploads\/2022\/10\/sarah_jessica_parker-1.jpg?fit=528%2C400&ssl=1","contentUrl":"https:\/\/i0.wp.com\/casadecampoliving.com\/wp-content\/uploads\/2022\/10\/sarah_jessica_parker-1.jpg?fit=528%2C400&ssl=1","width":528,"height":400,"caption":"sarah jessica parker"},{"@type":"BreadcrumbList","@id":"https:\/\/casadecampoliving.com\/es\/sarah-jessica-parker-visita-altos-de-chavon-y-la-marina-casa-de-campo\/#breadcrumb","itemListElement":[{"@type":"ListItem","position":1,"name":"Home","item":"https:\/\/casadecampoliving.com\/es\/"},{"@type":"ListItem","position":2,"name":"Sarah Jessica Parker visita Altos de Chav\u00f3n y La Marina Casa de Campo!"}]},{"@type":"WebSite","@id":"https:\/\/casadecampoliving.com\/es\/#website","url":"https:\/\/casadecampoliving.com\/es\/","name":"Casa de Campo Living","description":"Resort community news and resources.","publisher":{"@id":"https:\/\/casadecampoliving.com\/es\/#organization"},"potentialAction":[{"@type":"SearchAction","target":{"@type":"EntryPoint","urlTemplate":"https:\/\/casadecampoliving.com\/es\/?s={search_term_string}"},"query-input":{"@type":"PropertyValueSpecification","valueRequired":true,"valueName":"search_term_string"}}],"inLanguage":"es"},{"@type":"Organization","@id":"https:\/\/casadecampoliving.com\/es\/#organization","name":"Casa de Campo Living","url":"https:\/\/casadecampoliving.com\/es\/","logo":{"@type":"ImageObject","inLanguage":"es","@id":"https:\/\/casadecampoliving.com\/es\/#\/schema\/logo\/image\/","url":"https:\/\/i0.wp.com\/casadecampoliving.com\/wp-content\/uploads\/2022\/07\/CDCLivingLogo_V1-white-sized.png?fit=800%2C214&ssl=1","contentUrl":"https:\/\/i0.wp.com\/casadecampoliving.com\/wp-content\/uploads\/2022\/07\/CDCLivingLogo_V1-white-sized.png?fit=800%2C214&ssl=1","width":800,"height":214,"caption":"Casa de Campo Living"},"image":{"@id":"https:\/\/casadecampoliving.com\/es\/#\/schema\/logo\/image\/"},"sameAs":["https:\/\/www.facebook.com\/casadecampoliving","https:\/\/x.com\/cdcliving"]},{"@type":"Person","@id":"https:\/\/casadecampoliving.com\/es\/#\/schema\/person\/7e3b975d584a5f6ac0fd7128a81b0bc5","name":"","image":{"@type":"ImageObject","inLanguage":"es","@id":"https:\/\/secure.gravatar.com\/avatar\/?s=96&d=mm&r=g","url":"https:\/\/secure.gravatar.com\/avatar\/?s=96&d=mm&r=g","contentUrl":"https:\/\/secure.gravatar.com\/avatar\/?s=96&d=mm&r=g"},"url":"https:\/\/casadecampoliving.com\/es\/author\/ \/"}]}},"parsely":{"version":"1.1.0","canonical_url":"https:\/\/casadecampoliving.com\/es\/sarah-jessica-parker-visita-altos-de-chavon-y-la-marina-casa-de-campo\/","smart_links":{"inbound":0,"outbound":0},"traffic_boost_suggestions_count":0,"meta":{"@context":"https:\/\/schema.org","@type":"NewsArticle","headline":"Sarah Jessica Parker visita Altos de Chav\u00f3n y La Marina Casa de Campo!","url":"http:\/\/casadecampoliving.com\/es\/sarah-jessica-parker-visita-altos-de-chavon-y-la-marina-casa-de-campo\/","mainEntityOfPage":{"@type":"WebPage","@id":"http:\/\/casadecampoliving.com\/es\/sarah-jessica-parker-visita-altos-de-chavon-y-la-marina-casa-de-campo\/"},"thumbnailUrl":"https:\/\/i0.wp.com\/casadecampoliving.com\/wp-content\/uploads\/2022\/10\/sarah_jessica_parker-1.jpg?resize=150%2C150&ssl=1","image":{"@type":"ImageObject","url":"https:\/\/i0.wp.com\/casadecampoliving.com\/wp-content\/uploads\/2022\/10\/sarah_jessica_parker-1.jpg?fit=528%2C400&ssl=1"},"articleSection":"Altos de Chavon @es","author":[{"@type":"Person","name":"FB_515917546"}],"creator":["FB_515917546"],"publisher":{"@type":"Organization","name":"Casa de Campo Living","logo":"https:\/\/casadecampoliving.com\/wp-content\/uploads\/2022\/07\/CDCLivingLogo_V1-white-sized.png"},"keywords":["altos de chavon","celebridades","la marina casa de campo","sarah jessica parker"],"dateCreated":"2012-02-28T04:00:00Z","datePublished":"2012-02-28T04:00:00Z","dateModified":"2022-10-21T22:38:55Z"},"rendered":"<script type=\"application\/ld+json\" class=\"wp-parsely-metadata\">{\"@context\":\"https:\\\/\\\/schema.org\",\"@type\":\"NewsArticle\",\"headline\":\"Sarah Jessica Parker visita Altos de Chav\\u00f3n y La Marina Casa de Campo!\",\"url\":\"http:\\\/\\\/casadecampoliving.com\\\/es\\\/sarah-jessica-parker-visita-altos-de-chavon-y-la-marina-casa-de-campo\\\/\",\"mainEntityOfPage\":{\"@type\":\"WebPage\",\"@id\":\"http:\\\/\\\/casadecampoliving.com\\\/es\\\/sarah-jessica-parker-visita-altos-de-chavon-y-la-marina-casa-de-campo\\\/\"},\"thumbnailUrl\":\"https:\\\/\\\/i0.wp.com\\\/casadecampoliving.com\\\/wp-content\\\/uploads\\\/2022\\\/10\\\/sarah_jessica_parker-1.jpg?resize=150%2C150&ssl=1\",\"image\":{\"@type\":\"ImageObject\",\"url\":\"https:\\\/\\\/i0.wp.com\\\/casadecampoliving.com\\\/wp-content\\\/uploads\\\/2022\\\/10\\\/sarah_jessica_parker-1.jpg?fit=528%2C400&ssl=1\"},\"articleSection\":\"Altos de Chavon @es\",\"author\":[{\"@type\":\"Person\",\"name\":\"FB_515917546\"}],\"creator\":[\"FB_515917546\"],\"publisher\":{\"@type\":\"Organization\",\"name\":\"Casa de Campo Living\",\"logo\":\"https:\\\/\\\/casadecampoliving.com\\\/wp-content\\\/uploads\\\/2022\\\/07\\\/CDCLivingLogo_V1-white-sized.png\"},\"keywords\":[\"altos de chavon\",\"celebridades\",\"la marina casa de campo\",\"sarah jessica parker\"],\"dateCreated\":\"2012-02-28T04:00:00Z\",\"datePublished\":\"2012-02-28T04:00:00Z\",\"dateModified\":\"2022-10-21T22:38:55Z\"}<\/script>","tracker_url":"https:\/\/cdn.parsely.com\/keys\/casadecampoliving.com\/p.js"},"jetpack_publicize_connections":[],"jetpack_featured_media_url":"https:\/\/i0.wp.com\/casadecampoliving.com\/wp-content\/uploads\/2022\/10\/sarah_jessica_parker-1.jpg?fit=528%2C400&ssl=1","jetpack-related-posts":[{"id":433460,"url":"https:\/\/casadecampoliving.com\/es\/no-se-pierdan-el-increible-tributo-a-frank-sinatra-para-celebrar-el-40-aniversario-del-anfiteatro-altos-de-chavon\/","url_meta":{"origin":338454,"position":0},"title":"No se pierdan el incre\u00edble tributo a Frank Sinatra para celebrar el 40 aniversario del\u00a0Anfiteatro Altos de Chav\u00f3n","author":"Casa de Campo Living","date":"20 Oct, 2022","format":false,"excerpt":"Siendo uno de los escenarios m\u00e1s emblem\u00e1ticos del pa\u00eds, Casa de Campo Resort\u00ae & Villas celebra las cuatro d\u00e9cadas de aniversario de Altos de Chav\u00f3n con un tributo al gran Frank Sinatra, protagonizado por artistas invitados y una big band tal cual la que acompa\u00f1\u00f3 al artista hace 40 a\u00f1os\u2026","rel":"","context":"En \u00abUncategorized @es\u00bb","block_context":{"text":"Uncategorized @es","link":"https:\/\/casadecampoliving.com\/es\/category\/uncategorized-es\/"},"img":{"alt_text":"","src":"https:\/\/i0.wp.com\/casadecampoliving.com\/wp-content\/uploads\/2022\/10\/Tributo-Frank-Sinatra-Foto-Principal-Amaury-Sanchez-Danilo-Ginebra-Andres-Pichardo-y-Jose-Gabriel-Perez-.jpg?fit=1200%2C873&ssl=1&resize=350%2C200","width":350,"height":200,"srcset":"https:\/\/i0.wp.com\/casadecampoliving.com\/wp-content\/uploads\/2022\/10\/Tributo-Frank-Sinatra-Foto-Principal-Amaury-Sanchez-Danilo-Ginebra-Andres-Pichardo-y-Jose-Gabriel-Perez-.jpg?fit=1200%2C873&ssl=1&resize=350%2C200 1x, https:\/\/i0.wp.com\/casadecampoliving.com\/wp-content\/uploads\/2022\/10\/Tributo-Frank-Sinatra-Foto-Principal-Amaury-Sanchez-Danilo-Ginebra-Andres-Pichardo-y-Jose-Gabriel-Perez-.jpg?fit=1200%2C873&ssl=1&resize=525%2C300 1.5x, https:\/\/i0.wp.com\/casadecampoliving.com\/wp-content\/uploads\/2022\/10\/Tributo-Frank-Sinatra-Foto-Principal-Amaury-Sanchez-Danilo-Ginebra-Andres-Pichardo-y-Jose-Gabriel-Perez-.jpg?fit=1200%2C873&ssl=1&resize=700%2C400 2x, https:\/\/i0.wp.com\/casadecampoliving.com\/wp-content\/uploads\/2022\/10\/Tributo-Frank-Sinatra-Foto-Principal-Amaury-Sanchez-Danilo-Ginebra-Andres-Pichardo-y-Jose-Gabriel-Perez-.jpg?fit=1200%2C873&ssl=1&resize=1050%2C600 3x"},"classes":[]},{"id":321069,"url":"https:\/\/casadecampoliving.com\/sarah-jessica-parker-visits-altos-de-chavon-and-the-marina-casa-de-campo\/","url_meta":{"origin":338454,"position":1},"title":"Sarah Jessica Parker visits Altos de Chav\u00f3n and the Marina Casa de Campo","author":"Rebecca Silvestri","date":"28 Feb, 2012","format":false,"excerpt":"World-famous actress, Sarah Jessica Parker was spotted recently in Altos de Chav\u00f3n and the Marina Casa de Campo! According to a conversation I overheard, (yes I was eavesdropping \u2013 I\u2019m a professional journalist don\u2019t you know), Sarah Jessica Parker was a guest at the Casa de Campo hotel, over the\u2026","rel":"","context":"En \u00abAltos de Chavon\u00bb","block_context":{"text":"Altos de Chavon","link":"https:\/\/casadecampoliving.com\/category\/altos-de-chavon\/"},"img":{"alt_text":"sarah jessica parker","src":"https:\/\/i0.wp.com\/casadecampoliving.com\/wp-content\/uploads\/2022\/10\/sarah_jessica_parker-1.jpg?fit=528%2C400&ssl=1&resize=350%2C200","width":350,"height":200,"srcset":"https:\/\/i0.wp.com\/casadecampoliving.com\/wp-content\/uploads\/2022\/10\/sarah_jessica_parker-1.jpg?fit=528%2C400&ssl=1&resize=350%2C200 1x, https:\/\/i0.wp.com\/casadecampoliving.com\/wp-content\/uploads\/2022\/10\/sarah_jessica_parker-1.jpg?fit=528%2C400&ssl=1&resize=525%2C300 1.5x"},"classes":[]},{"id":345183,"url":"https:\/\/casadecampoliving.com\/es\/los-diez-mejores-momentos-de-celebridades-en-casa-de-campo-actores\/","url_meta":{"origin":338454,"position":2},"title":"Los diez mejores momentos de celebridades en Casa de Campo &#8211; actores","author":"Daniela Medina","date":"26 Ago, 2014","format":false,"excerpt":"\u00bfDijo celebridades? Famosos vistos en Casa de Campo \u2013 \u00a1a\u00fan mejor! \u00a1Como ver\u00e1 en Casa de Campo, si hay algo mejor que solearse, jugar golf, disparar al blanco y generalmente pasar un tiempo incre\u00edble en el para\u00edso \u2013\u00a0es hacerlo con el conocimiento de que tenemos celebridades como nuestros vecinos! \u00a1Si\u2026","rel":"","context":"En \u00abArte y cultura\u00bb","block_context":{"text":"Arte y cultura","link":"https:\/\/casadecampoliving.com\/category\/arte-y-cultura\/"},"img":{"alt_text":"","src":"https:\/\/i0.wp.com\/casadecampoliving.com\/wp-content\/uploads\/2022\/10\/CCLHeader-1.jpg?fit=600%2C300&ssl=1&resize=350%2C200","width":350,"height":200,"srcset":"https:\/\/i0.wp.com\/casadecampoliving.com\/wp-content\/uploads\/2022\/10\/CCLHeader-1.jpg?fit=600%2C300&ssl=1&resize=350%2C200 1x, https:\/\/i0.wp.com\/casadecampoliving.com\/wp-content\/uploads\/2022\/10\/CCLHeader-1.jpg?fit=600%2C300&ssl=1&resize=525%2C300 1.5x"},"classes":[]},{"id":324127,"url":"https:\/\/casadecampoliving.com\/top-10-cdc-celebrity-sightings\/","url_meta":{"origin":338454,"position":3},"title":"Top 10 Casa de Campo celebrity sightings: actors!","author":"Perkin Agramonte","date":"26 Ago, 2014","format":false,"excerpt":"Celebrities you say? Celebrities spotted in Casa de Campo \u2013 even better! You see here in Casa de Campo, if there is one thing even better than sunbathing, golfing, shooting and generally having a great time in paradise \u2013 it\u2019s doing so in the knowledge that we have celebrities as\u2026","rel":"","context":"En \u00abAltos de Chavon\u00bb","block_context":{"text":"Altos de Chavon","link":"https:\/\/casadecampoliving.com\/category\/altos-de-chavon\/"},"img":{"alt_text":"","src":"https:\/\/i0.wp.com\/casadecampoliving.com\/wp-content\/uploads\/2022\/10\/CCLHeader-1.jpg?fit=600%2C300&ssl=1&resize=350%2C200","width":350,"height":200,"srcset":"https:\/\/i0.wp.com\/casadecampoliving.com\/wp-content\/uploads\/2022\/10\/CCLHeader-1.jpg?fit=600%2C300&ssl=1&resize=350%2C200 1x, https:\/\/i0.wp.com\/casadecampoliving.com\/wp-content\/uploads\/2022\/10\/CCLHeader-1.jpg?fit=600%2C300&ssl=1&resize=525%2C300 1.5x"},"classes":[]},{"id":323363,"url":"https:\/\/casadecampoliving.com\/juan-pablo-galavis-niki-ferrell\/","url_meta":{"origin":338454,"position":4},"title":"The Bachelor couple Juan Pablo Galavis &#038; Nikki Ferrell in Altos de Chav\u00f3n","author":"Rebecca Silvestri","date":"18 Mar, 2014","format":false,"excerpt":"Handsome\u00a0Bachelor\u00a0couple\u00a0Juan Pablo Galavis\u00a0and\u00a0Nikki Ferrell were spotted recently vacationing in the Dominican Republic, where they attended the wedding of a friend in Altos de Chav\u00f3n.\u00a0 The Bachelor is a U.S. TV show which debuted in 2002, and Juan Pablo Galavis\u00a0was \u2018The Bachelor\u2019 of the most recent season (18), which recently ended\u2026","rel":"","context":"En \u00abAltos de Chavon\u00bb","block_context":{"text":"Altos de Chavon","link":"https:\/\/casadecampoliving.com\/category\/altos-de-chavon\/"},"img":{"alt_text":"Juan Pablo Gervais Nikki Ferrell","src":"https:\/\/i0.wp.com\/casadecampoliving.com\/wp-content\/uploads\/2022\/10\/juan-pablo-gervais_nikki_ferrell-1.png?fit=611%2C399&ssl=1&resize=350%2C200","width":350,"height":200,"srcset":"https:\/\/i0.wp.com\/casadecampoliving.com\/wp-content\/uploads\/2022\/10\/juan-pablo-gervais_nikki_ferrell-1.png?fit=611%2C399&ssl=1&resize=350%2C200 1x, https:\/\/i0.wp.com\/casadecampoliving.com\/wp-content\/uploads\/2022\/10\/juan-pablo-gervais_nikki_ferrell-1.png?fit=611%2C399&ssl=1&resize=525%2C300 1.5x"},"classes":[]},{"id":346373,"url":"https:\/\/casadecampoliving.com\/es\/vin-diesel-luce-musculoso-en-la-playa-en-casa-de-campo\/","url_meta":{"origin":338454,"position":5},"title":"Vin Diesel luce musculoso en la playa en Casa de Campo","author":"Rebecca Hughes","date":"23 Dic, 2014","format":false,"excerpt":"\u00a1Apuesto a que usted desea haber estado en Playa Minitas en Casa de Campo, cuando esta sexy foto fue\u00a0tomada! Actor\/director, Vin Diesel se encuentra entre una de las muchas celebridades que frecuentan Casa de Campo, y como puede ver en esta foto publicada ayer en su cuenta oficial de Facebook,\u2026","rel":"","context":"En \u00abCasa de Campo Living @es\u00bb","block_context":{"text":"Casa de Campo Living @es","link":"https:\/\/casadecampoliving.com\/category\/casa-de-campo-living-es\/"},"img":{"alt_text":"Vin Diesel Casa de Campo","src":"https:\/\/i0.wp.com\/casadecampoliving.com\/wp-content\/uploads\/2022\/10\/Vin_Diesel_Casa_de_Campo-3.jpg?fit=650%2C402&ssl=1&resize=350%2C200","width":350,"height":200,"srcset":"https:\/\/i0.wp.com\/casadecampoliving.com\/wp-content\/uploads\/2022\/10\/Vin_Diesel_Casa_de_Campo-3.jpg?fit=650%2C402&ssl=1&resize=350%2C200 1x, https:\/\/i0.wp.com\/casadecampoliving.com\/wp-content\/uploads\/2022\/10\/Vin_Diesel_Casa_de_Campo-3.jpg?fit=650%2C402&ssl=1&resize=525%2C300 1.5x"},"classes":[]}],"jetpack_sharing_enabled":true,"_links":{"self":[{"href":"https:\/\/casadecampoliving.com\/es\/wp-json\/wp\/v2\/posts\/338454","targetHints":{"allow":["GET"]}}],"collection":[{"href":"https:\/\/casadecampoliving.com\/es\/wp-json\/wp\/v2\/posts"}],"about":[{"href":"https:\/\/casadecampoliving.com\/es\/wp-json\/wp\/v2\/types\/post"}],"author":[{"embeddable":true,"href":"https:\/\/casadecampoliving.com\/es\/wp-json\/wp\/v2\/users\/21"}],"replies":[{"embeddable":true,"href":"https:\/\/casadecampoliving.com\/es\/wp-json\/wp\/v2\/comments?post=338454"}],"version-history":[{"count":1,"href":"https:\/\/casadecampoliving.com\/es\/wp-json\/wp\/v2\/posts\/338454\/revisions"}],"predecessor-version":[{"id":338455,"href":"https:\/\/casadecampoliving.com\/es\/wp-json\/wp\/v2\/posts\/338454\/revisions\/338455"}],"wp:featuredmedia":[{"embeddable":true,"href":"https:\/\/casadecampoliving.com\/es\/wp-json\/wp\/v2\/media\/258793"}],"wp:attachment":[{"href":"https:\/\/casadecampoliving.com\/es\/wp-json\/wp\/v2\/media?parent=338454"}],"wp:term":[{"taxonomy":"category","embeddable":true,"href":"https:\/\/casadecampoliving.com\/es\/wp-json\/wp\/v2\/categories?post=338454"},{"taxonomy":"post_tag","embeddable":true,"href":"https:\/\/casadecampoliving.com\/es\/wp-json\/wp\/v2\/tags?post=338454"},{"taxonomy":"newspack_spnsrs_tax","embeddable":true,"href":"https:\/\/casadecampoliving.com\/es\/wp-json\/wp\/v2\/newspack_spnsrs_tax?post=338454"}],"curies":[{"name":"wp","href":"https:\/\/api.w.org\/{rel}","templated":true}]}}