{"id":338452,"date":"2012-02-24T00:00:00","date_gmt":"2012-02-24T04:00:00","guid":{"rendered":"https:\/\/casadecampoliving.com\/el-lanzamiento-de-la-semana-de-francia-de-la-camara-de-comercio-dominico-francesa\/"},"modified":"2022-10-21T18:38:46","modified_gmt":"2022-10-21T22:38:46","slug":"el-lanzamiento-de-la-semana-de-francia-de-la-camara-de-comercio-dominico-francesa","status":"publish","type":"post","link":"https:\/\/casadecampoliving.com\/es\/el-lanzamiento-de-la-semana-de-francia-de-la-camara-de-comercio-dominico-francesa\/","title":{"rendered":"El lanzamiento de la \u00abSemana de Francia\u00bb de la C\u00e1mara de Comercio Dominico-Francesa"},"content":{"rendered":"<div class=\"wp-block-image\">\n<figure class=\"aligncenter is-resized\"><img loading=\"lazy\" decoding=\"async\" src=\"https:\/\/i0.wp.com\/casadecampoliving.com\/wp-content\/uploads\/2022\/10\/semana_de_francia-2.jpg?resize=650%2C356&amp;ssl=1\" alt=\"semana de francia\" class=\"wp-image-45684\" title=\"semana_de_francia\" height=\"356\" width=\"650\"\/><\/figure>\n<\/div>\n\n\n<p>El pasado viernes 17 de febrero, selectos miembros de la prensa y otros invitados VIP de Casa de Campo, fueron invitados al lanzamiento de lo que ser\u00e1 la \u201cSemana de Francia\u201d, que se realizar\u00e1 del 22 al 25 de marzo.&nbsp;<\/p>\n\n\n\n<!--more-->\n\n\n\n<p>Realizado en el <a href=\"https:\/\/casadecampoliving.com\/es\/2012\/01\/conozca-el-re-disenado-centro-de-conferencias-flamboyan-en-casa-de-campo\/\">renovado centro de conferencias, Flamboyan de Casa de Campo<\/a>, el lanzamiento de la Semana de Francia reuni\u00f3 a los miembros frances de la comunidad de Casa de Campo, as\u00ed como a personalidades del mundo de los negocios para tratar el concepto de la Semana de Francia y qu\u00e9 exactamente incluir\u00e1.<\/p>\n\n\n\n<p>Afortunadamente la informaci\u00f3n fue emitida en espa\u00f1ol (y no en franc\u00e9s), as\u00ed que aqu\u00ed les traemos un breve resumen de todas los interesantes eventos y actividades que se estar\u00e1n realizando durante la celebraci\u00f3n de esta Semana de Francia.<\/p>\n\n\n\n<blockquote class=\"wp-block-quote is-layout-flow wp-block-quote-is-layout-flow\"><p style=\"text-align: center;\"><span style=\"text-decoration: underline;\"><strong>Semana de Francia: Del 22 al 25 de marzo 2012<\/strong><\/span><\/p><p><span style=\"text-decoration: underline;\"><strong>De qu\u00e9 se trata?&nbsp;<\/strong><\/span><\/p><p>La Semana de Francia es un evento promocional colectivo, creado por la C\u00e1mara de Comercio Dominico-Francesa en conjunto con Casa de Campo y Altos de Chav\u00f3n, que durante tres d\u00edas traer\u00e1 a visitantes de Francia y de la Rep\u00fablica Dominicana a disfrutar de lo que ser\u00e1 una variedad de actividades centradas en la cultura, productos, tecnolog\u00eda y por supuesto, gastronom\u00eda de Francia!<\/p><p>\u201cCon la Semana de Francia planeamos transformar a Altos de Chav\u00f3n en una peque\u00f1a villa francesa por una semana, cada a\u00f1o\u201d.&nbsp;\u2014- Claudio Silvestri<\/p><p>Altos de Chav\u00f3n ser\u00e1a convertido en una villa francesa con restaurantes, y tiendas francesas, interpretaciones en sus calles con numerosos eventos, actividades y exposiciones.<\/p><p><span style=\"text-decoration: underline;\"><strong>Por qu\u00e9?&nbsp;<\/strong><\/span><\/p><p>Si bien se trata de ser una actividad recreativa, divertida e interasante para los due\u00f1os de villas, residentes y visitantes de Casa de Campo, la Semana de Francia tambi\u00e9n busca promover y estrechar a\u00fan m\u00e1s los lazos econ\u00f3micos y financieros entre Francia y la Rep\u00fablica Dominicana, mediante una muestra del potencial que representa el pa\u00eds para las empresas francesas, adem\u00e1s de la promoci\u00f3n de los productos de ambos pa\u00edses.<\/p><p><span style=\"text-decoration: underline;\"><strong>Altos de Chav\u00f3n \u2013 una villa francesa<\/strong><\/span><\/p><p>La art\u00edstica villa de Altos de Chav\u00f3n ser\u00e1 transformada con:<\/p><p>\u2022 Una \u201cAutoferia\u201d \u2013 de marcas francesas como Peugot.<\/p><p>\u2022 Una degustaci\u00f3n gastron\u00f3mica &nbsp;\u2013 con la colocaci\u00f3n del primer Carrefour, al igual que distintos stands con conocidos productos frances.<\/p><p>\u2022 Tecnolog\u00eda \u2013 muestra de los avances tecnol\u00f3gicos de Francia.<\/p><p>\u2022 Exhibiciones de arte \u2013 con la participaci\u00f3n del artista abstracto e impresionista, Michael Bizet, due\u00f1o de villa de Casa de Campo, el artista Jean-Pierre Frey y Emilio Robba art studios<\/p><p><span style=\"text-decoration: underline;\"><strong>Horarios<\/strong><\/span><\/p><p><strong>Jueves 22 de Marzo<\/strong><br>\n6:30pm: Inauguraci\u00f3n en la plaza principal de Altos de Chav\u00f3n<br>\n7:30pm: C\u00f3ctel de apertura en la plaza principal de Altos de Chav\u00f3n<br>\n9:00pm: M\u00fasica en vivo por la banda Rene Coll\u2019s big band desde Francia \u2013 tambi\u00e9n en la plaza principal de Altos de Chav\u00f3n<\/p><p><strong>Viernes 23 de marzo: Foro de Negocios&nbsp;<\/strong><br>\nUna oportunidad para que los empresarios franceses, dominicanos y europeos intercambien ideas y conocimientos.<br>\nSe esperan m\u00e1s de 200 asistentes.<br>\n8am \u2013 12:30pm: Una serie de discursos basados en negocios dominicanos, franceses y haitianos.<br>\n1:00pm: Almuerzo en el restaurante y lounge, La Ca\u00f1a by Il Circo en el Hotel Casa de Campo<br>\n3pm \u2013 6pm: Actividades de la tarde incluyen talleres en grupo.<br>\n6:15pm: C\u00f3ctel de cierre del foro de negocios.<\/p><p><strong>S\u00e1bado 24 de marzo<\/strong><br>\n8:00am: Torneo de Golf \u201cCopa Foro&nbsp;Empresarial&nbsp;Franco-Dominicano\u201d en el Teeth of the Dog<br>\n2:00pm: Almuerzo y premiaci\u00f3n de Golf lunch<br>\n8:00pm: Gran gala de m\u00fasica francesa en el anfiteatro Altos de Chav\u00f3n por Ren\u00e9 Coll (desde Paris) y jazz franco-dominicano de la cantante Cyrille Aimee (desde Nueva York), al igual que artistas invitados dominicanos, bailarines franceses de Can-Can bajo la direcci\u00f3n de Chiqui Haddad.<\/p><p><strong>Domingo 25 de Marzo<\/strong><br>\n\u2022 Torneo de Golf en el Dye Fore<\/p><p><strong>Actividades adicionales que se estar\u00e1n realizando durantes estos d\u00edas:<\/strong><br>\n\u2022 la villa francesa en Altos de Chav\u00f3n<br>\n\u2022 el torneo de polo de la \u201cSemana de Francia\u201d, en honor a Claude Terrail, propietario del legendario restaurante franc\u00e9s,&nbsp;La Tour D\u2019Argent en Paris \u2013 horarios a\u00fan por confirmar<br>\n\u2022 torneo de tenis \u201cbi-nacional\u201d &nbsp;\u2013 &nbsp;jugado entre los embajadores de los distintos pa\u00edses. Se realizar\u00e1 el s\u00e1bado y domingo.<br>\n\u2022<a href=\"http:\/\/en.wikipedia.org\/wiki\/P%C3%A9tanque\" target=\"_blank\" rel=\"noopener\">&nbsp;Un torneo \u201cp\u00e9tanque\u201d &nbsp;<\/a>(un tradicional juego franc\u00e9s) que se realizar\u00e1 el s\u00e1bado y domingo.<br>\n\u2022 Cena de gala en La Piazzetta<\/p><p>Los due\u00f1os de villas de Casa de Campo interesados en participar, lo podr\u00e1n hacer en muchas de las actividades de la Semana de Francia \u2013 algunas tienen costo, pero otras (como la villa francesa y las presentaciones musicales) son completamente gratis.<\/p><\/blockquote>\n\n\n\n<p>Estaremos publicando m\u00e1s informaci\u00f3n pronto!!<\/p>\n","protected":false},"excerpt":{"rendered":"<p>El pasado viernes 17 de febrero, selectos miembros de la prensa y otros invitados VIP de Casa de Campo, fueron invitados al lanzamiento de lo que ser\u00e1 la \u201cSemana de Francia\u201d, que se realizar\u00e1 del 22 al 25 de marzo.&nbsp;<\/p>\n","protected":false},"author":21,"featured_media":259203,"comment_status":"closed","ping_status":"closed","sticky":false,"template":"","format":"standard","meta":{"newspack_ads_suppress_ads":false,"newspack_popups_has_disabled_popups":false,"newspack_sponsor_sponsorship_scope":"","newspack_sponsor_native_byline_display":"inherit","newspack_sponsor_native_category_display":"inherit","newspack_sponsor_underwriter_style":"inherit","newspack_sponsor_underwriter_placement":"inherit","_newspack_byline_active":false,"_newspack_byline":"","newspack_hide_updated_date":false,"newspack_show_updated_date":false,"newspack_content_restriction_is_exempt":false,"newspack_featured_image_position":"","newspack_post_subtitle":"","newspack_article_summary_title":"Overview:","newspack_article_summary":"","_jetpack_memberships_contains_paid_content":false,"footnotes":"","jetpack_publicize_message":"","jetpack_publicize_feature_enabled":true,"jetpack_social_post_already_shared":false,"jetpack_social_options":{"image_generator_settings":{"template":"highway","default_image_id":0,"font":"","enabled":false},"version":2},"_wpas_customize_per_network":false},"categories":[26819,2526],"tags":[15387,3626,3903,3901,3651],"newspack_spnsrs_tax":[],"class_list":["post-338452","post","type-post","status-publish","format-standard","has-post-thumbnail","hentry","category-altos-de-chavon-es","category-titulares-es","tag-altos-de-chavon-es","tag-casa-de-campo-es","tag-francia","tag-negocios","tag-semana-de-francia-es","entry"],"yoast_head":"<!-- This site is optimized with the Yoast SEO plugin v27.5 - https:\/\/yoast.com\/product\/yoast-seo-wordpress\/ -->\n<title>El lanzamiento de la &quot;Semana de Francia&quot; de la C\u00e1mara de Comercio Dominico-Francesa | Casa de Campo Living<\/title>\n<meta name=\"description\" content=\"El pasado viernes 17 de febrero, selectos miembros de la prensa y otros invitados VIP de Casa de Campo, fueron invitados al lanzamiento de lo que ser\u00e1 la\" \/>\n<meta name=\"robots\" content=\"index, follow, max-snippet:-1, max-image-preview:large, max-video-preview:-1\" \/>\n<link rel=\"canonical\" href=\"https:\/\/casadecampoliving.com\/es\/el-lanzamiento-de-la-semana-de-francia-de-la-camara-de-comercio-dominico-francesa\/\" \/>\n<meta property=\"og:locale\" content=\"es_ES\" \/>\n<meta property=\"og:type\" content=\"article\" \/>\n<meta property=\"og:title\" content=\"El lanzamiento de la &quot;Semana de Francia&quot; de la C\u00e1mara de Comercio Dominico-Francesa | Casa de Campo Living\" \/>\n<meta property=\"og:description\" content=\"El pasado viernes 17 de febrero, selectos miembros de la prensa y otros invitados VIP de Casa de Campo, fueron invitados al lanzamiento de lo que ser\u00e1 la\" \/>\n<meta property=\"og:url\" content=\"https:\/\/casadecampoliving.com\/es\/el-lanzamiento-de-la-semana-de-francia-de-la-camara-de-comercio-dominico-francesa\/\" \/>\n<meta property=\"og:site_name\" content=\"Casa de Campo Living\" \/>\n<meta property=\"article:publisher\" content=\"https:\/\/www.facebook.com\/casadecampoliving\" \/>\n<meta property=\"article:published_time\" content=\"2012-02-24T04:00:00+00:00\" \/>\n<meta property=\"article:modified_time\" content=\"2022-10-21T22:38:46+00:00\" \/>\n<meta property=\"og:image\" content=\"https:\/\/i0.wp.com\/casadecampoliving.com\/wp-content\/uploads\/2022\/10\/semana_de_francia-3.jpg?fit=650%2C356&ssl=1\" \/>\n\t<meta property=\"og:image:width\" content=\"650\" \/>\n\t<meta property=\"og:image:height\" content=\"356\" \/>\n\t<meta property=\"og:image:type\" content=\"image\/jpeg\" \/>\n<meta name=\"twitter:card\" content=\"summary_large_image\" \/>\n<meta name=\"twitter:creator\" content=\"@cdcliving\" \/>\n<meta name=\"twitter:site\" content=\"@cdcliving\" \/>\n<meta name=\"twitter:label1\" content=\"Escrito por\" \/>\n\t<meta name=\"twitter:data1\" content=\"\" \/>\n\t<meta name=\"twitter:label2\" content=\"Tiempo de lectura\" \/>\n\t<meta name=\"twitter:data2\" content=\"4 minutos\" \/>\n<script type=\"application\/ld+json\" class=\"yoast-schema-graph\">{\"@context\":\"https:\\\/\\\/schema.org\",\"@graph\":[{\"@type\":\"Article\",\"@id\":\"https:\\\/\\\/casadecampoliving.com\\\/es\\\/el-lanzamiento-de-la-semana-de-francia-de-la-camara-de-comercio-dominico-francesa\\\/#article\",\"isPartOf\":{\"@id\":\"https:\\\/\\\/casadecampoliving.com\\\/es\\\/el-lanzamiento-de-la-semana-de-francia-de-la-camara-de-comercio-dominico-francesa\\\/\"},\"author\":{\"name\":\"\",\"@id\":\"https:\\\/\\\/casadecampoliving.com\\\/es\\\/#\\\/schema\\\/person\\\/7e3b975d584a5f6ac0fd7128a81b0bc5\"},\"headline\":\"El lanzamiento de la \u00abSemana de Francia\u00bb de la C\u00e1mara de Comercio Dominico-Francesa\",\"datePublished\":\"2012-02-24T04:00:00+00:00\",\"dateModified\":\"2022-10-21T22:38:46+00:00\",\"mainEntityOfPage\":{\"@id\":\"https:\\\/\\\/casadecampoliving.com\\\/es\\\/el-lanzamiento-de-la-semana-de-francia-de-la-camara-de-comercio-dominico-francesa\\\/\"},\"wordCount\":819,\"publisher\":{\"@id\":\"https:\\\/\\\/casadecampoliving.com\\\/es\\\/#organization\"},\"image\":{\"@id\":\"https:\\\/\\\/casadecampoliving.com\\\/es\\\/el-lanzamiento-de-la-semana-de-francia-de-la-camara-de-comercio-dominico-francesa\\\/#primaryimage\"},\"thumbnailUrl\":\"https:\\\/\\\/i0.wp.com\\\/casadecampoliving.com\\\/wp-content\\\/uploads\\\/2022\\\/10\\\/semana_de_francia-3.jpg?fit=650%2C356&ssl=1\",\"keywords\":[\"Altos de Chavon\",\"casa de campo @es\",\"francia\",\"negocios\",\"semana de francia @es\"],\"articleSection\":[\"Altos de Chavon @es\",\"Titulares\"],\"inLanguage\":\"es\"},{\"@type\":\"WebPage\",\"@id\":\"https:\\\/\\\/casadecampoliving.com\\\/es\\\/el-lanzamiento-de-la-semana-de-francia-de-la-camara-de-comercio-dominico-francesa\\\/\",\"url\":\"https:\\\/\\\/casadecampoliving.com\\\/es\\\/el-lanzamiento-de-la-semana-de-francia-de-la-camara-de-comercio-dominico-francesa\\\/\",\"name\":\"El lanzamiento de la \\\"Semana de Francia\\\" de la C\u00e1mara de Comercio Dominico-Francesa | Casa de Campo Living\",\"isPartOf\":{\"@id\":\"https:\\\/\\\/casadecampoliving.com\\\/es\\\/#website\"},\"primaryImageOfPage\":{\"@id\":\"https:\\\/\\\/casadecampoliving.com\\\/es\\\/el-lanzamiento-de-la-semana-de-francia-de-la-camara-de-comercio-dominico-francesa\\\/#primaryimage\"},\"image\":{\"@id\":\"https:\\\/\\\/casadecampoliving.com\\\/es\\\/el-lanzamiento-de-la-semana-de-francia-de-la-camara-de-comercio-dominico-francesa\\\/#primaryimage\"},\"thumbnailUrl\":\"https:\\\/\\\/i0.wp.com\\\/casadecampoliving.com\\\/wp-content\\\/uploads\\\/2022\\\/10\\\/semana_de_francia-3.jpg?fit=650%2C356&ssl=1\",\"datePublished\":\"2012-02-24T04:00:00+00:00\",\"dateModified\":\"2022-10-21T22:38:46+00:00\",\"description\":\"El pasado viernes 17 de febrero, selectos miembros de la prensa y otros invitados VIP de Casa de Campo, fueron invitados al lanzamiento de lo que ser\u00e1 la\",\"breadcrumb\":{\"@id\":\"https:\\\/\\\/casadecampoliving.com\\\/es\\\/el-lanzamiento-de-la-semana-de-francia-de-la-camara-de-comercio-dominico-francesa\\\/#breadcrumb\"},\"inLanguage\":\"es\",\"potentialAction\":[{\"@type\":\"ReadAction\",\"target\":[\"https:\\\/\\\/casadecampoliving.com\\\/es\\\/el-lanzamiento-de-la-semana-de-francia-de-la-camara-de-comercio-dominico-francesa\\\/\"]}]},{\"@type\":\"ImageObject\",\"inLanguage\":\"es\",\"@id\":\"https:\\\/\\\/casadecampoliving.com\\\/es\\\/el-lanzamiento-de-la-semana-de-francia-de-la-camara-de-comercio-dominico-francesa\\\/#primaryimage\",\"url\":\"https:\\\/\\\/i0.wp.com\\\/casadecampoliving.com\\\/wp-content\\\/uploads\\\/2022\\\/10\\\/semana_de_francia-3.jpg?fit=650%2C356&ssl=1\",\"contentUrl\":\"https:\\\/\\\/i0.wp.com\\\/casadecampoliving.com\\\/wp-content\\\/uploads\\\/2022\\\/10\\\/semana_de_francia-3.jpg?fit=650%2C356&ssl=1\",\"width\":650,\"height\":356,\"caption\":\"semana de francia\"},{\"@type\":\"BreadcrumbList\",\"@id\":\"https:\\\/\\\/casadecampoliving.com\\\/es\\\/el-lanzamiento-de-la-semana-de-francia-de-la-camara-de-comercio-dominico-francesa\\\/#breadcrumb\",\"itemListElement\":[{\"@type\":\"ListItem\",\"position\":1,\"name\":\"Home\",\"item\":\"https:\\\/\\\/casadecampoliving.com\\\/es\\\/\"},{\"@type\":\"ListItem\",\"position\":2,\"name\":\"El lanzamiento de la &#8220;Semana de Francia&#8221; de la C\u00e1mara de Comercio Dominico-Francesa\"}]},{\"@type\":\"WebSite\",\"@id\":\"https:\\\/\\\/casadecampoliving.com\\\/es\\\/#website\",\"url\":\"https:\\\/\\\/casadecampoliving.com\\\/es\\\/\",\"name\":\"Casa de Campo Living\",\"description\":\"Resort community news and resources.\",\"publisher\":{\"@id\":\"https:\\\/\\\/casadecampoliving.com\\\/es\\\/#organization\"},\"potentialAction\":[{\"@type\":\"SearchAction\",\"target\":{\"@type\":\"EntryPoint\",\"urlTemplate\":\"https:\\\/\\\/casadecampoliving.com\\\/es\\\/?s={search_term_string}\"},\"query-input\":{\"@type\":\"PropertyValueSpecification\",\"valueRequired\":true,\"valueName\":\"search_term_string\"}}],\"inLanguage\":\"es\"},{\"@type\":\"Organization\",\"@id\":\"https:\\\/\\\/casadecampoliving.com\\\/es\\\/#organization\",\"name\":\"Casa de Campo Living\",\"url\":\"https:\\\/\\\/casadecampoliving.com\\\/es\\\/\",\"logo\":{\"@type\":\"ImageObject\",\"inLanguage\":\"es\",\"@id\":\"https:\\\/\\\/casadecampoliving.com\\\/es\\\/#\\\/schema\\\/logo\\\/image\\\/\",\"url\":\"https:\\\/\\\/i0.wp.com\\\/casadecampoliving.com\\\/wp-content\\\/uploads\\\/2022\\\/07\\\/CDCLivingLogo_V1-white-sized.png?fit=800%2C214&ssl=1\",\"contentUrl\":\"https:\\\/\\\/i0.wp.com\\\/casadecampoliving.com\\\/wp-content\\\/uploads\\\/2022\\\/07\\\/CDCLivingLogo_V1-white-sized.png?fit=800%2C214&ssl=1\",\"width\":800,\"height\":214,\"caption\":\"Casa de Campo Living\"},\"image\":{\"@id\":\"https:\\\/\\\/casadecampoliving.com\\\/es\\\/#\\\/schema\\\/logo\\\/image\\\/\"},\"sameAs\":[\"https:\\\/\\\/www.facebook.com\\\/casadecampoliving\",\"https:\\\/\\\/x.com\\\/cdcliving\"]},{\"@type\":\"Person\",\"@id\":\"https:\\\/\\\/casadecampoliving.com\\\/es\\\/#\\\/schema\\\/person\\\/7e3b975d584a5f6ac0fd7128a81b0bc5\",\"name\":\"\",\"image\":{\"@type\":\"ImageObject\",\"inLanguage\":\"es\",\"@id\":\"https:\\\/\\\/secure.gravatar.com\\\/avatar\\\/?s=96&d=mm&r=g\",\"url\":\"https:\\\/\\\/secure.gravatar.com\\\/avatar\\\/?s=96&d=mm&r=g\",\"contentUrl\":\"https:\\\/\\\/secure.gravatar.com\\\/avatar\\\/?s=96&d=mm&r=g\"},\"url\":\"https:\\\/\\\/casadecampoliving.com\\\/es\\\/author\\\/ \\\/\"}]}<\/script>\n<!-- \/ Yoast SEO plugin. -->","yoast_head_json":{"title":"El lanzamiento de la \"Semana de Francia\" de la C\u00e1mara de Comercio Dominico-Francesa | Casa de Campo Living","description":"El pasado viernes 17 de febrero, selectos miembros de la prensa y otros invitados VIP de Casa de Campo, fueron invitados al lanzamiento de lo que ser\u00e1 la","robots":{"index":"index","follow":"follow","max-snippet":"max-snippet:-1","max-image-preview":"max-image-preview:large","max-video-preview":"max-video-preview:-1"},"canonical":"https:\/\/casadecampoliving.com\/es\/el-lanzamiento-de-la-semana-de-francia-de-la-camara-de-comercio-dominico-francesa\/","og_locale":"es_ES","og_type":"article","og_title":"El lanzamiento de la \"Semana de Francia\" de la C\u00e1mara de Comercio Dominico-Francesa | Casa de Campo Living","og_description":"El pasado viernes 17 de febrero, selectos miembros de la prensa y otros invitados VIP de Casa de Campo, fueron invitados al lanzamiento de lo que ser\u00e1 la","og_url":"https:\/\/casadecampoliving.com\/es\/el-lanzamiento-de-la-semana-de-francia-de-la-camara-de-comercio-dominico-francesa\/","og_site_name":"Casa de Campo Living","article_publisher":"https:\/\/www.facebook.com\/casadecampoliving","article_published_time":"2012-02-24T04:00:00+00:00","article_modified_time":"2022-10-21T22:38:46+00:00","og_image":[{"width":650,"height":356,"url":"https:\/\/i0.wp.com\/casadecampoliving.com\/wp-content\/uploads\/2022\/10\/semana_de_francia-3.jpg?fit=650%2C356&ssl=1","type":"image\/jpeg"}],"twitter_card":"summary_large_image","twitter_creator":"@cdcliving","twitter_site":"@cdcliving","twitter_misc":{"Escrito por":"","Tiempo de lectura":"4 minutos"},"schema":{"@context":"https:\/\/schema.org","@graph":[{"@type":"Article","@id":"https:\/\/casadecampoliving.com\/es\/el-lanzamiento-de-la-semana-de-francia-de-la-camara-de-comercio-dominico-francesa\/#article","isPartOf":{"@id":"https:\/\/casadecampoliving.com\/es\/el-lanzamiento-de-la-semana-de-francia-de-la-camara-de-comercio-dominico-francesa\/"},"author":{"name":"","@id":"https:\/\/casadecampoliving.com\/es\/#\/schema\/person\/7e3b975d584a5f6ac0fd7128a81b0bc5"},"headline":"El lanzamiento de la \u00abSemana de Francia\u00bb de la C\u00e1mara de Comercio Dominico-Francesa","datePublished":"2012-02-24T04:00:00+00:00","dateModified":"2022-10-21T22:38:46+00:00","mainEntityOfPage":{"@id":"https:\/\/casadecampoliving.com\/es\/el-lanzamiento-de-la-semana-de-francia-de-la-camara-de-comercio-dominico-francesa\/"},"wordCount":819,"publisher":{"@id":"https:\/\/casadecampoliving.com\/es\/#organization"},"image":{"@id":"https:\/\/casadecampoliving.com\/es\/el-lanzamiento-de-la-semana-de-francia-de-la-camara-de-comercio-dominico-francesa\/#primaryimage"},"thumbnailUrl":"https:\/\/i0.wp.com\/casadecampoliving.com\/wp-content\/uploads\/2022\/10\/semana_de_francia-3.jpg?fit=650%2C356&ssl=1","keywords":["Altos de Chavon","casa de campo @es","francia","negocios","semana de francia @es"],"articleSection":["Altos de Chavon @es","Titulares"],"inLanguage":"es"},{"@type":"WebPage","@id":"https:\/\/casadecampoliving.com\/es\/el-lanzamiento-de-la-semana-de-francia-de-la-camara-de-comercio-dominico-francesa\/","url":"https:\/\/casadecampoliving.com\/es\/el-lanzamiento-de-la-semana-de-francia-de-la-camara-de-comercio-dominico-francesa\/","name":"El lanzamiento de la \"Semana de Francia\" de la C\u00e1mara de Comercio Dominico-Francesa | Casa de Campo Living","isPartOf":{"@id":"https:\/\/casadecampoliving.com\/es\/#website"},"primaryImageOfPage":{"@id":"https:\/\/casadecampoliving.com\/es\/el-lanzamiento-de-la-semana-de-francia-de-la-camara-de-comercio-dominico-francesa\/#primaryimage"},"image":{"@id":"https:\/\/casadecampoliving.com\/es\/el-lanzamiento-de-la-semana-de-francia-de-la-camara-de-comercio-dominico-francesa\/#primaryimage"},"thumbnailUrl":"https:\/\/i0.wp.com\/casadecampoliving.com\/wp-content\/uploads\/2022\/10\/semana_de_francia-3.jpg?fit=650%2C356&ssl=1","datePublished":"2012-02-24T04:00:00+00:00","dateModified":"2022-10-21T22:38:46+00:00","description":"El pasado viernes 17 de febrero, selectos miembros de la prensa y otros invitados VIP de Casa de Campo, fueron invitados al lanzamiento de lo que ser\u00e1 la","breadcrumb":{"@id":"https:\/\/casadecampoliving.com\/es\/el-lanzamiento-de-la-semana-de-francia-de-la-camara-de-comercio-dominico-francesa\/#breadcrumb"},"inLanguage":"es","potentialAction":[{"@type":"ReadAction","target":["https:\/\/casadecampoliving.com\/es\/el-lanzamiento-de-la-semana-de-francia-de-la-camara-de-comercio-dominico-francesa\/"]}]},{"@type":"ImageObject","inLanguage":"es","@id":"https:\/\/casadecampoliving.com\/es\/el-lanzamiento-de-la-semana-de-francia-de-la-camara-de-comercio-dominico-francesa\/#primaryimage","url":"https:\/\/i0.wp.com\/casadecampoliving.com\/wp-content\/uploads\/2022\/10\/semana_de_francia-3.jpg?fit=650%2C356&ssl=1","contentUrl":"https:\/\/i0.wp.com\/casadecampoliving.com\/wp-content\/uploads\/2022\/10\/semana_de_francia-3.jpg?fit=650%2C356&ssl=1","width":650,"height":356,"caption":"semana de francia"},{"@type":"BreadcrumbList","@id":"https:\/\/casadecampoliving.com\/es\/el-lanzamiento-de-la-semana-de-francia-de-la-camara-de-comercio-dominico-francesa\/#breadcrumb","itemListElement":[{"@type":"ListItem","position":1,"name":"Home","item":"https:\/\/casadecampoliving.com\/es\/"},{"@type":"ListItem","position":2,"name":"El lanzamiento de la &#8220;Semana de Francia&#8221; de la C\u00e1mara de Comercio Dominico-Francesa"}]},{"@type":"WebSite","@id":"https:\/\/casadecampoliving.com\/es\/#website","url":"https:\/\/casadecampoliving.com\/es\/","name":"Casa de Campo Living","description":"Resort community news and resources.","publisher":{"@id":"https:\/\/casadecampoliving.com\/es\/#organization"},"potentialAction":[{"@type":"SearchAction","target":{"@type":"EntryPoint","urlTemplate":"https:\/\/casadecampoliving.com\/es\/?s={search_term_string}"},"query-input":{"@type":"PropertyValueSpecification","valueRequired":true,"valueName":"search_term_string"}}],"inLanguage":"es"},{"@type":"Organization","@id":"https:\/\/casadecampoliving.com\/es\/#organization","name":"Casa de Campo Living","url":"https:\/\/casadecampoliving.com\/es\/","logo":{"@type":"ImageObject","inLanguage":"es","@id":"https:\/\/casadecampoliving.com\/es\/#\/schema\/logo\/image\/","url":"https:\/\/i0.wp.com\/casadecampoliving.com\/wp-content\/uploads\/2022\/07\/CDCLivingLogo_V1-white-sized.png?fit=800%2C214&ssl=1","contentUrl":"https:\/\/i0.wp.com\/casadecampoliving.com\/wp-content\/uploads\/2022\/07\/CDCLivingLogo_V1-white-sized.png?fit=800%2C214&ssl=1","width":800,"height":214,"caption":"Casa de Campo Living"},"image":{"@id":"https:\/\/casadecampoliving.com\/es\/#\/schema\/logo\/image\/"},"sameAs":["https:\/\/www.facebook.com\/casadecampoliving","https:\/\/x.com\/cdcliving"]},{"@type":"Person","@id":"https:\/\/casadecampoliving.com\/es\/#\/schema\/person\/7e3b975d584a5f6ac0fd7128a81b0bc5","name":"","image":{"@type":"ImageObject","inLanguage":"es","@id":"https:\/\/secure.gravatar.com\/avatar\/?s=96&d=mm&r=g","url":"https:\/\/secure.gravatar.com\/avatar\/?s=96&d=mm&r=g","contentUrl":"https:\/\/secure.gravatar.com\/avatar\/?s=96&d=mm&r=g"},"url":"https:\/\/casadecampoliving.com\/es\/author\/ \/"}]}},"parsely":{"version":"1.1.0","canonical_url":"https:\/\/casadecampoliving.com\/es\/el-lanzamiento-de-la-semana-de-francia-de-la-camara-de-comercio-dominico-francesa\/","smart_links":{"inbound":0,"outbound":0},"traffic_boost_suggestions_count":0,"meta":{"@context":"https:\/\/schema.org","@type":"NewsArticle","headline":"El lanzamiento de la \u00abSemana de Francia\u00bb de la C\u00e1mara de Comercio Dominico-Francesa","url":"http:\/\/casadecampoliving.com\/es\/el-lanzamiento-de-la-semana-de-francia-de-la-camara-de-comercio-dominico-francesa\/","mainEntityOfPage":{"@type":"WebPage","@id":"http:\/\/casadecampoliving.com\/es\/el-lanzamiento-de-la-semana-de-francia-de-la-camara-de-comercio-dominico-francesa\/"},"thumbnailUrl":"https:\/\/i0.wp.com\/casadecampoliving.com\/wp-content\/uploads\/2022\/10\/semana_de_francia-3.jpg?resize=150%2C150&ssl=1","image":{"@type":"ImageObject","url":"https:\/\/i0.wp.com\/casadecampoliving.com\/wp-content\/uploads\/2022\/10\/semana_de_francia-3.jpg?fit=650%2C356&ssl=1"},"articleSection":"Altos de Chavon @es","author":[{"@type":"Person","name":"FB_515917546"}],"creator":["FB_515917546"],"publisher":{"@type":"Organization","name":"Casa de Campo Living","logo":"https:\/\/casadecampoliving.com\/wp-content\/uploads\/2022\/07\/CDCLivingLogo_V1-white-sized.png"},"keywords":["altos de chavon","casa de campo @es","francia","negocios","semana de francia @es"],"dateCreated":"2012-02-24T04:00:00Z","datePublished":"2012-02-24T04:00:00Z","dateModified":"2022-10-21T22:38:46Z"},"rendered":"<script type=\"application\/ld+json\" class=\"wp-parsely-metadata\">{\"@context\":\"https:\\\/\\\/schema.org\",\"@type\":\"NewsArticle\",\"headline\":\"El lanzamiento de la \\u00abSemana de Francia\\u00bb de la C\\u00e1mara de Comercio Dominico-Francesa\",\"url\":\"http:\\\/\\\/casadecampoliving.com\\\/es\\\/el-lanzamiento-de-la-semana-de-francia-de-la-camara-de-comercio-dominico-francesa\\\/\",\"mainEntityOfPage\":{\"@type\":\"WebPage\",\"@id\":\"http:\\\/\\\/casadecampoliving.com\\\/es\\\/el-lanzamiento-de-la-semana-de-francia-de-la-camara-de-comercio-dominico-francesa\\\/\"},\"thumbnailUrl\":\"https:\\\/\\\/i0.wp.com\\\/casadecampoliving.com\\\/wp-content\\\/uploads\\\/2022\\\/10\\\/semana_de_francia-3.jpg?resize=150%2C150&ssl=1\",\"image\":{\"@type\":\"ImageObject\",\"url\":\"https:\\\/\\\/i0.wp.com\\\/casadecampoliving.com\\\/wp-content\\\/uploads\\\/2022\\\/10\\\/semana_de_francia-3.jpg?fit=650%2C356&ssl=1\"},\"articleSection\":\"Altos de Chavon @es\",\"author\":[{\"@type\":\"Person\",\"name\":\"FB_515917546\"}],\"creator\":[\"FB_515917546\"],\"publisher\":{\"@type\":\"Organization\",\"name\":\"Casa de Campo Living\",\"logo\":\"https:\\\/\\\/casadecampoliving.com\\\/wp-content\\\/uploads\\\/2022\\\/07\\\/CDCLivingLogo_V1-white-sized.png\"},\"keywords\":[\"altos de chavon\",\"casa de campo @es\",\"francia\",\"negocios\",\"semana de francia @es\"],\"dateCreated\":\"2012-02-24T04:00:00Z\",\"datePublished\":\"2012-02-24T04:00:00Z\",\"dateModified\":\"2022-10-21T22:38:46Z\"}<\/script>","tracker_url":"https:\/\/cdn.parsely.com\/keys\/casadecampoliving.com\/p.js"},"jetpack_publicize_connections":[],"jetpack_featured_media_url":"https:\/\/i0.wp.com\/casadecampoliving.com\/wp-content\/uploads\/2022\/10\/semana_de_francia-3.jpg?fit=650%2C356&ssl=1","jetpack-related-posts":[{"id":433460,"url":"https:\/\/casadecampoliving.com\/es\/no-se-pierdan-el-increible-tributo-a-frank-sinatra-para-celebrar-el-40-aniversario-del-anfiteatro-altos-de-chavon\/","url_meta":{"origin":338452,"position":0},"title":"No se pierdan el incre\u00edble tributo a Frank Sinatra para celebrar el 40 aniversario del\u00a0Anfiteatro Altos de Chav\u00f3n","author":"Casa de Campo Living","date":"20 Oct, 2022","format":false,"excerpt":"Siendo uno de los escenarios m\u00e1s emblem\u00e1ticos del pa\u00eds, Casa de Campo Resort\u00ae & Villas celebra las cuatro d\u00e9cadas de aniversario de Altos de Chav\u00f3n con un tributo al gran Frank Sinatra, protagonizado por artistas invitados y una big band tal cual la que acompa\u00f1\u00f3 al artista hace 40 a\u00f1os\u2026","rel":"","context":"En \u00abUncategorized @es\u00bb","block_context":{"text":"Uncategorized @es","link":"https:\/\/casadecampoliving.com\/es\/category\/uncategorized-es\/"},"img":{"alt_text":"","src":"https:\/\/i0.wp.com\/casadecampoliving.com\/wp-content\/uploads\/2022\/10\/Tributo-Frank-Sinatra-Foto-Principal-Amaury-Sanchez-Danilo-Ginebra-Andres-Pichardo-y-Jose-Gabriel-Perez-.jpg?fit=1200%2C873&ssl=1&resize=350%2C200","width":350,"height":200,"srcset":"https:\/\/i0.wp.com\/casadecampoliving.com\/wp-content\/uploads\/2022\/10\/Tributo-Frank-Sinatra-Foto-Principal-Amaury-Sanchez-Danilo-Ginebra-Andres-Pichardo-y-Jose-Gabriel-Perez-.jpg?fit=1200%2C873&ssl=1&resize=350%2C200 1x, https:\/\/i0.wp.com\/casadecampoliving.com\/wp-content\/uploads\/2022\/10\/Tributo-Frank-Sinatra-Foto-Principal-Amaury-Sanchez-Danilo-Ginebra-Andres-Pichardo-y-Jose-Gabriel-Perez-.jpg?fit=1200%2C873&ssl=1&resize=525%2C300 1.5x, https:\/\/i0.wp.com\/casadecampoliving.com\/wp-content\/uploads\/2022\/10\/Tributo-Frank-Sinatra-Foto-Principal-Amaury-Sanchez-Danilo-Ginebra-Andres-Pichardo-y-Jose-Gabriel-Perez-.jpg?fit=1200%2C873&ssl=1&resize=700%2C400 2x, https:\/\/i0.wp.com\/casadecampoliving.com\/wp-content\/uploads\/2022\/10\/Tributo-Frank-Sinatra-Foto-Principal-Amaury-Sanchez-Danilo-Ginebra-Andres-Pichardo-y-Jose-Gabriel-Perez-.jpg?fit=1200%2C873&ssl=1&resize=1050%2C600 3x"},"classes":[]},{"id":338636,"url":"https:\/\/casadecampoliving.com\/es\/formidable-la-primera-semana-de-francia-en-casa-de-campo-una-extraordinarai-celebracion-de-comercio-cultura-y-gastronomia\/","url_meta":{"origin":338452,"position":1},"title":"Formidable! La primera Semana de Francia en Casa de Campo: Una extraordinarai celebraci\u00f3n de comercio, cultura y gastronom\u00eda!","author":"","date":"26 Mar, 2012","format":false,"excerpt":"La primera Semana de Francia organizada por la C\u00e1mara de Comercio Dominico-Francesa y Casa de Campo, con el apoyo de la Embajada de Francia fue formidable \u2013 un fantastique evento de cuatro d\u00edas de celebraci\u00f3n de actividades franco-dominicana en torno a la cultura, comercio y gastronom\u00eda, incluido tambi\u00e9n, el primer\u2026","rel":"","context":"En \u00abAltos de Chavon @es\u00bb","block_context":{"text":"Altos de Chavon @es","link":"https:\/\/casadecampoliving.com\/category\/altos-de-chavon-es\/"},"img":{"alt_text":"semana de francia altos de chavon","src":"https:\/\/i0.wp.com\/casadecampoliving.com\/wp-content\/uploads\/2022\/10\/semana_de_francia_altos_de_chavon6-1.jpg?fit=650%2C400&ssl=1&resize=350%2C200","width":350,"height":200,"srcset":"https:\/\/i0.wp.com\/casadecampoliving.com\/wp-content\/uploads\/2022\/10\/semana_de_francia_altos_de_chavon6-1.jpg?fit=650%2C400&ssl=1&resize=350%2C200 1x, https:\/\/i0.wp.com\/casadecampoliving.com\/wp-content\/uploads\/2022\/10\/semana_de_francia_altos_de_chavon6-1.jpg?fit=650%2C400&ssl=1&resize=525%2C300 1.5x"},"classes":[]},{"id":338576,"url":"https:\/\/casadecampoliving.com\/es\/soleils-la-nueva-exhibicion-se-inaugurara-el-jueves-22-de-marzo-como-parte-de-la-semana-de-francia\/","url_meta":{"origin":338452,"position":2},"title":"\u201cSoleils\u201d la nueva exhibici\u00f3n se inaugurar\u00e1 el jueves 22 de Marzo como parte de la Semana de Francia!","author":"Rebecca Silvestri","date":"21 Mar, 2012","format":false,"excerpt":"El pr\u00f3ximo jueves 22 de marzo, la Galer\u00eda de Arte Altos de Chav\u00f3n inaugurar\u00e1 la nueva exhibici\u00f3n de arte \u201cSoleils\u201d del artista franc\u00e9s Michel Bizet. La nueva exhibici\u00f3n, uno de los eventos culturales ligados a la celebraci\u00f3n de la Semana de Francia, ser\u00e1 celebrado con un c\u00f3ctel \u2013\u00a0y usted est\u00e1\u2026","rel":"","context":"En \u00abAltos de Chavon @es\u00bb","block_context":{"text":"Altos de Chavon @es","link":"https:\/\/casadecampoliving.com\/category\/altos-de-chavon-es\/"},"img":{"alt_text":"michel bizet art","src":"https:\/\/i0.wp.com\/casadecampoliving.com\/wp-content\/uploads\/2022\/10\/michel_bizet-1.jpg?fit=650%2C324&ssl=1&resize=350%2C200","width":350,"height":200,"srcset":"https:\/\/i0.wp.com\/casadecampoliving.com\/wp-content\/uploads\/2022\/10\/michel_bizet-1.jpg?fit=650%2C324&ssl=1&resize=350%2C200 1x, https:\/\/i0.wp.com\/casadecampoliving.com\/wp-content\/uploads\/2022\/10\/michel_bizet-1.jpg?fit=650%2C324&ssl=1&resize=525%2C300 1.5x"},"classes":[]},{"id":338798,"url":"https:\/\/casadecampoliving.com\/es\/cena-gala-sabores-exquisitos-de-francia-el-maravilloso-punto-gastronomico-de-la-semana-de-francia\/","url_meta":{"origin":338452,"position":3},"title":"Cena-Gala \u00abSabores Exquisitos de Francia\u00bb: El maravilloso punto gastron\u00f3mico de la Semana de Francia","author":"","date":"21 Abr, 2012","format":false,"excerpt":"El punto gastron\u00f3mico de la \u201cSemana de Francia\u201d fue la Cena-Gala \u201cSabores Exquisitos de Francia\u201d, celebrada en el Beach Club by Le Cirque el viernes 23 de marzo de 2012. Durante la encantadora noche gastron\u00f3mica, m\u00e1s de 200 invitados disfrutaron de la gastronom\u00eda francesa preparada por distinguidos chefs invitados; Gregory\u2026","rel":"","context":"En \u00abArte y cultura\u00bb","block_context":{"text":"Arte y cultura","link":"https:\/\/casadecampoliving.com\/category\/arte-y-cultura\/"},"img":{"alt_text":"claudio silvestri manuel grullon","src":"https:\/\/i0.wp.com\/casadecampoliving.com\/wp-content\/uploads\/2022\/10\/claudio_silvestri_manuel_grullon-1.jpg?fit=650%2C370&ssl=1&resize=350%2C200","width":350,"height":200,"srcset":"https:\/\/i0.wp.com\/casadecampoliving.com\/wp-content\/uploads\/2022\/10\/claudio_silvestri_manuel_grullon-1.jpg?fit=650%2C370&ssl=1&resize=350%2C200 1x, https:\/\/i0.wp.com\/casadecampoliving.com\/wp-content\/uploads\/2022\/10\/claudio_silvestri_manuel_grullon-1.jpg?fit=650%2C370&ssl=1&resize=525%2C300 1.5x"},"classes":[]},{"id":338196,"url":"https:\/\/casadecampoliving.com\/es\/altos-de-chavon-se-convierte-en-un-paraiso-frances-con-la-semana-de-francia-del-22-al-25-de-marzo\/","url_meta":{"origin":338452,"position":4},"title":"Altos de Chav\u00f3n se convierte en un para\u00edso franc\u00e9s con la \u00abSemana de Francia\u00bb del 22 al 25 de marzo!","author":"","date":"24 Ene, 2012","format":false,"excerpt":"Oh La La! Desde el jueves 22 de marzo hasta el domingo 25, la espectacular villa de los artistas; Altos de Chav\u00f3n, cobrar\u00e1 m\u00e1s vida al puro estilo franc\u00e9s en lo que ser\u00e1 un fabuloso festival franc\u00e9s denominado \u201cSemana de Francia\u201d. El evento que ser\u00e1 auspiciado por la Embajada Francesa,\u2026","rel":"","context":"En \u00abAltos de Chavon @es\u00bb","block_context":{"text":"Altos de Chavon @es","link":"https:\/\/casadecampoliving.com\/category\/altos-de-chavon-es\/"},"img":{"alt_text":"semana de francia altos de chavon","src":"https:\/\/i0.wp.com\/casadecampoliving.com\/wp-content\/uploads\/2022\/10\/semana_de_francia_altos_de_chavon-2.jpg?fit=650%2C410&ssl=1&resize=350%2C200","width":350,"height":200,"srcset":"https:\/\/i0.wp.com\/casadecampoliving.com\/wp-content\/uploads\/2022\/10\/semana_de_francia_altos_de_chavon-2.jpg?fit=650%2C410&ssl=1&resize=350%2C200 1x, https:\/\/i0.wp.com\/casadecampoliving.com\/wp-content\/uploads\/2022\/10\/semana_de_francia_altos_de_chavon-2.jpg?fit=650%2C410&ssl=1&resize=525%2C300 1.5x"},"classes":[]},{"id":321073,"url":"https:\/\/casadecampoliving.com\/the-launch-of-semana-de-francia-hosted-by-the-dominican-french-chamber-of-commerce\/","url_meta":{"origin":338452,"position":5},"title":"The launch of \u00abSemana de Francia\u00bb, hosted by the Dominican-French Chamber of Commerce","author":"Rebecca Silvestri","date":"24 Feb, 2012","format":false,"excerpt":"Last Friday the 17th of February, Casa de Campo\u2019s francophiles, as well as selected members of the press and other Casa de Campo VIP\u2019s were invited to the launch of the \u201cSemana de Francia\u201d (French week), which will take place from the 22nd to the 25th of March.\u00a0 Hosted at\u2026","rel":"","context":"En \u00abAltos de Chavon\u00bb","block_context":{"text":"Altos de Chavon","link":"https:\/\/casadecampoliving.com\/category\/altos-de-chavon\/"},"img":{"alt_text":"semana de francia","src":"https:\/\/i0.wp.com\/casadecampoliving.com\/wp-content\/uploads\/2022\/10\/semana_de_francia-3.jpg?fit=650%2C356&ssl=1&resize=350%2C200","width":350,"height":200,"srcset":"https:\/\/i0.wp.com\/casadecampoliving.com\/wp-content\/uploads\/2022\/10\/semana_de_francia-3.jpg?fit=650%2C356&ssl=1&resize=350%2C200 1x, https:\/\/i0.wp.com\/casadecampoliving.com\/wp-content\/uploads\/2022\/10\/semana_de_francia-3.jpg?fit=650%2C356&ssl=1&resize=525%2C300 1.5x"},"classes":[]}],"jetpack_sharing_enabled":true,"_links":{"self":[{"href":"https:\/\/casadecampoliving.com\/es\/wp-json\/wp\/v2\/posts\/338452","targetHints":{"allow":["GET"]}}],"collection":[{"href":"https:\/\/casadecampoliving.com\/es\/wp-json\/wp\/v2\/posts"}],"about":[{"href":"https:\/\/casadecampoliving.com\/es\/wp-json\/wp\/v2\/types\/post"}],"author":[{"embeddable":true,"href":"https:\/\/casadecampoliving.com\/es\/wp-json\/wp\/v2\/users\/21"}],"replies":[{"embeddable":true,"href":"https:\/\/casadecampoliving.com\/es\/wp-json\/wp\/v2\/comments?post=338452"}],"version-history":[{"count":1,"href":"https:\/\/casadecampoliving.com\/es\/wp-json\/wp\/v2\/posts\/338452\/revisions"}],"predecessor-version":[{"id":338453,"href":"https:\/\/casadecampoliving.com\/es\/wp-json\/wp\/v2\/posts\/338452\/revisions\/338453"}],"wp:featuredmedia":[{"embeddable":true,"href":"https:\/\/casadecampoliving.com\/es\/wp-json\/wp\/v2\/media\/259203"}],"wp:attachment":[{"href":"https:\/\/casadecampoliving.com\/es\/wp-json\/wp\/v2\/media?parent=338452"}],"wp:term":[{"taxonomy":"category","embeddable":true,"href":"https:\/\/casadecampoliving.com\/es\/wp-json\/wp\/v2\/categories?post=338452"},{"taxonomy":"post_tag","embeddable":true,"href":"https:\/\/casadecampoliving.com\/es\/wp-json\/wp\/v2\/tags?post=338452"},{"taxonomy":"newspack_spnsrs_tax","embeddable":true,"href":"https:\/\/casadecampoliving.com\/es\/wp-json\/wp\/v2\/newspack_spnsrs_tax?post=338452"}],"curies":[{"name":"wp","href":"https:\/\/api.w.org\/{rel}","templated":true}]}}