{"id":338430,"date":"2012-04-19T00:00:00","date_gmt":"2012-04-19T04:00:00","guid":{"rendered":"https:\/\/casadecampoliving.com\/la-magica-visita-de-la-ex-miss-universo-dayanara-torres-a-las-escuelas-de-la-fundacion-mir-en-la-romana\/"},"modified":"2022-10-21T18:47:26","modified_gmt":"2022-10-21T22:47:26","slug":"la-magica-visita-de-la-ex-miss-universo-dayanara-torres-a-las-escuelas-de-la-fundacion-mir-en-la-romana","status":"publish","type":"post","link":"https:\/\/casadecampoliving.com\/es\/la-magica-visita-de-la-ex-miss-universo-dayanara-torres-a-las-escuelas-de-la-fundacion-mir-en-la-romana\/","title":{"rendered":"La m\u00e1gica visita de la ex Miss Universo Dayanara Torres a las escuelas de la Fundaci\u00f3n MIR en La Romana!"},"content":{"rendered":"<div class=\"wp-block-image\">\n<figure class=\"aligncenter is-resized\"><img loading=\"lazy\" decoding=\"async\" src=\"https:\/\/i0.wp.com\/casadecampoliving.com\/wp-content\/uploads\/2022\/10\/dayanara_torres_miss_universe.jpg?resize=650%2C320&amp;ssl=1\" alt=\"dayanara torres miss universe\" class=\"wp-image-45135\" title=\"dayanara_torres_miss_universe\" height=\"320\" width=\"650\"\/><\/figure>\n<\/div>\n\n\n<p>La actriz, cantante, modelo y ex Miss Universo puertorrique\u00f1a, Dayanara Torres, visit\u00f3 el resort Casa de Campo en enero, como maestra de ceremonia de la Gala y Fashion Show del Esplendor M\u00e1gico Por La Vida de la Fundaci\u00f3n MIR. En esta ocasi\u00f3n tambi\u00e9n tuvo la oportunidad de recorrer y visitar a los ni\u00f1os de las distintas escuelas de MIR.<br>\n<\/p>\n\n\n\n<!--more-->\n\n\n<div class=\"wp-block-image\">\n<figure class=\"alignright is-resized\"><img loading=\"lazy\" decoding=\"async\" src=\"https:\/\/i0.wp.com\/casadecampoliving.com\/wp-content\/uploads\/2022\/10\/dayanara_torres_miss_universe1.jpg?resize=250%2C257&amp;ssl=1\" alt=\"dayanara torres miss universe\" class=\"wp-image-45136\" title=\"dayanara_torres_miss_universe\" height=\"257\" width=\"250\"\/><\/figure>\n<\/div>\n\n\n<p>La visita de Dayanara a las instalaciones de las escuelas de MIR ubicadas en el pueblo de La Romana, se realiz\u00f3 el viernes 27 de enero de 2012, el d\u00eda en que tambi\u00e9n se celebrar\u00eda la Gala y Fashion Show del Esplendor M\u00e1gico Por La Vida de la Fundaci\u00f3n MIR, evento organizado con el prop\u00f3sito de recaudar fondos para estas escuelas.<\/p>\n\n\n\n<p>Miss Rep\u00fablica Dominicana tambi\u00e9n visit\u00f3 las escuelas de Fundaci\u00f3n MIR \u2013<a href=\"https:\/\/casadecampoliving.com\/es\/2012\/02\/miss-republica-dominicana-dalia-fernandez-visito-y-compartio-compartio-una-tarde-inolvidable-con-las-alumnas-de-la-escuela-fundacion-mir\/\"> haga click aqu\u00ed para leer la historia completa!<\/a><\/p>\n\n\n\n<p>Durante el tour, Dayanara visit\u00f3 las tres escuelas manejadas por la Fundaci\u00f3n MIR, una organizaci\u00f3n sin fines de lucro; MIR Esperanza, escuela vocacional para ni\u00f1os, la Escuela T\u00e9cnica Vocacional Fundaci\u00f3n MIR (para ni\u00f1as), y la <a href=\"https:\/\/casadecampoliving.com\/es\/2011\/01\/la-fundacion-mir-inaugura-su-nueva-escuela-primaria-mir\/\">Primaria MIR<\/a>, en donde conoci\u00f3, firm\u00f3 aut\u00f3grafos y pos\u00f3 para fotos junto a los emocionados ni\u00f1os.<\/p>\n\n\n\n<blockquote><figure><img decoding=\"async\" loading=\"lazy\" class=\"aligncenter  wp-image-45137\" title=\"dayanara_torres_miss_universe\" src=\"https:\/\/i0.wp.com\/casadecampoliving.com\/wp-content\/uploads\/2022\/10\/dayanara_torres_miss_universe2.jpg?resize=585%2C327&amp;ssl=1\" alt=\"dayanara torres miss universe\" width=\"585\" height=\"327\"><\/figure><p style=\"text-align: center;\"><strong>La Escuela Mec\u00e1nica de MIR Esperanza en La Romana&nbsp;<\/strong><br>\n<\/p><p style=\"text-align: left;\">En MIR Esperanza, la ex Miss Universo, Dayanara Torres, hizo una parada en la Escuela Mec\u00e1nica, que fuera inaugurada recientemente en abril de 2011 con los primeros equipos de refrigeraci\u00f3n, electricidad y clases de mec\u00e1nica que comenzaron en septiembre de 2011. La nueva Escuela Mec\u00e1nica fue construida y equipada por la Autopista de Coral y Odebrecht, la empresa brasile\u00f1a responsbale de construir la nueva v\u00eda desde Santo Domingo hasta Punta Cana (v\u00eda La Romana), la cual, esperamos, sea terminada este a\u00f1o.<\/p><p style=\"text-align: left;\"><em><strong><a href=\"https:\/\/casadecampoliving.com\/es\/2011\/05\/la-fundacion-mir-celebra-la-nueva-escuela-de-mecanica-de-mir-esperanza\/\">Haga click aqu\u00ed para leer m\u00e1s sobre la Escuela Mec\u00e1nica de MIR.&nbsp;<\/a><\/strong><\/em><\/p><\/blockquote>\n\n\n<div class=\"wp-block-image\">\n<figure class=\"alignright is-resized\"><img loading=\"lazy\" decoding=\"async\" src=\"https:\/\/i0.wp.com\/casadecampoliving.com\/wp-content\/uploads\/2022\/10\/fundacion_mir_school.jpg?resize=250%2C360&amp;ssl=1\" alt=\"fundacion MIR school la romana\" class=\"wp-image-45139\" title=\"fundacion_mir_school\" height=\"360\" width=\"250\"\/><\/figure>\n<\/div>\n\n\n<p class=\"has-text-align-left\">Tambi\u00e9n en MIR Esperanza, Dayanara visit\u00f3 las nuevas instalaciones de cocina que abriera en septiembre de 2011 \u2013 en donde las mayores estudian gastronom\u00eda. Estas instalaciones fueron completadas gracias a las generosas donaciones de US$18,000 de la Citi Foundation, que hizo posible, no s\u00f3lo la construcci\u00f3n del edificio, tambi\u00e9n el suministro de becas, libros, equipos y uniformes necesarios. which allowed for not only the building of the facility, but also full scholarships of the students including&nbsp;books, equipment and even uniforms.<\/p>\n\n\n\n<p class=\"has-text-align-left\">Es posible que una de las partes del tour que m\u00e1s disfrutara Dayanara, fuera la visita a la Primaria MIR, la cual fue inaugurada en el 2010 ubicada pr\u00f3ximo a MIR Esperanza con peque\u00f1os entre edades de cinco a 10 a\u00f1os, que estudian en aulas de no m\u00e1s de 10 estudiantes \u2013 para asegurar un \u00f3ptimo desempe\u00f1o acad\u00e9mico.<br>\n<em><strong><a href=\"https:\/\/casadecampoliving.com\/es\/2011\/01\/la-fundacion-mir-inaugura-su-nueva-escuela-primaria-mir\/\">Haga click aqu\u00ed para leer m\u00e1s sobre la Primaria MIR&nbsp;<\/a><\/strong><\/em><\/p>\n\n\n\n<blockquote><p style=\"text-align: center;\"><strong>XXI Esplendor M\u00e1gico Por La Vida de la Fundaci\u00f3n MIR<\/strong><\/p><figure><img decoding=\"async\" loading=\"lazy\" class=\"aligncenter  wp-image-43931\" title=\"fundacion_MIR_minitas_beach\" src=\"https:\/\/i0.wp.com\/casadecampoliving.com\/wp-content\/uploads\/2022\/10\/fundacion_MIR_minitas_beach.jpg?resize=585%2C329&amp;ssl=1\" alt=\"fundacion MIR minitas beach\" width=\"585\" height=\"329\"><\/figure><p style=\"text-align: center;\"><\/p><p>El pasado fin de semana, la Fundaci\u00f3n MIR, instituci\u00f3n ben\u00e9fica basada en La Romana, organiz\u00f3 su evento ben\u00e9fico anual, esta vez celebrando su XXI fin de semana del Esplendor M\u00e1gico Por La Vida en Casa de Campo con torneo de golf, fashion show y gala!<\/p><p><em><strong><a href=\"https:\/\/casadecampoliving.com\/es\/2012\/01\/el-xxi-esplendor-magico-por-la-vida-un-maravilloso-fin-de-semana\/\">Haga click aqu\u00ed para ver las FOTOS y cobertura del evento completo!<\/a><\/strong><\/em><\/p><\/blockquote>\n","protected":false},"excerpt":{"rendered":"<p>La actriz, cantante, modelo y ex Miss Universo puertorrique\u00f1a, Dayanara Torres, visit\u00f3 el resort Casa de Campo en enero, como maestra de ceremonia de la Gala y Fashion Show del Esplendor M\u00e1gico Por La Vida de la Fundaci\u00f3n MIR. En esta ocasi\u00f3n tambi\u00e9n tuvo la oportunidad de recorrer y visitar a los ni\u00f1os de las [&hellip;]<\/p>\n","protected":false},"author":21,"featured_media":256009,"comment_status":"closed","ping_status":"closed","sticky":false,"template":"","format":"standard","meta":{"newspack_ads_suppress_ads":false,"newspack_popups_has_disabled_popups":false,"newspack_sponsor_sponsorship_scope":"","newspack_sponsor_native_byline_display":"inherit","newspack_sponsor_native_category_display":"inherit","newspack_sponsor_underwriter_style":"inherit","newspack_sponsor_underwriter_placement":"inherit","_newspack_byline_active":false,"_newspack_byline":"","newspack_hide_updated_date":false,"newspack_show_updated_date":false,"newspack_content_restriction_is_exempt":false,"newspack_featured_image_position":"","newspack_post_subtitle":"","newspack_article_summary_title":"Overview:","newspack_article_summary":"","_jetpack_memberships_contains_paid_content":false,"footnotes":"","jetpack_publicize_message":"","jetpack_publicize_feature_enabled":true,"jetpack_social_post_already_shared":false,"jetpack_social_options":{"image_generator_settings":{"template":"highway","default_image_id":0,"font":"","enabled":false},"version":2},"_wpas_customize_per_network":false},"categories":[2513,14631,2522,2515,2514,2507,2506,14625,14627],"tags":[3477,3227,24715,3881,3880],"newspack_spnsrs_tax":[],"class_list":["post-338430","post","type-post","status-publish","format-standard","has-post-thumbnail","hentry","category-celebridades-es","category-estilo-de-vida","category-eventos-es","category-fundacion-mir-es","category-fundaciones-es","category-la-romana-es","category-mas-alla-de-casa-es","category-noticias-locales","category-proximamente","tag-dayanara-torres","tag-esplendor-magico-por-la-vida","tag-fundacion-mir-es","tag-mir-esperanza-es","tag-miss-universo","entry"],"yoast_head":"<!-- This site is optimized with the Yoast SEO plugin v27.4 - https:\/\/yoast.com\/product\/yoast-seo-wordpress\/ -->\n<title>La m\u00e1gica visita de la ex Miss Universo Dayanara Torres a las escuelas de la Fundaci\u00f3n MIR en La Romana! | Casa de Campo Living<\/title>\n<meta name=\"description\" content=\"La actriz, cantante, modelo y ex Miss Universo puertorrique\u00f1a, Dayanara Torres, visit\u00f3 el resort Casa de Campo en enero, como maestra de ceremonia de la\" \/>\n<meta name=\"robots\" content=\"index, follow, max-snippet:-1, max-image-preview:large, max-video-preview:-1\" \/>\n<link rel=\"canonical\" href=\"https:\/\/casadecampoliving.com\/es\/la-magica-visita-de-la-ex-miss-universo-dayanara-torres-a-las-escuelas-de-la-fundacion-mir-en-la-romana\/\" \/>\n<meta property=\"og:locale\" content=\"es_ES\" \/>\n<meta property=\"og:type\" content=\"article\" \/>\n<meta property=\"og:title\" content=\"La m\u00e1gica visita de la ex Miss Universo Dayanara Torres a las escuelas de la Fundaci\u00f3n MIR en La Romana! | Casa de Campo Living\" \/>\n<meta property=\"og:description\" content=\"La actriz, cantante, modelo y ex Miss Universo puertorrique\u00f1a, Dayanara Torres, visit\u00f3 el resort Casa de Campo en enero, como maestra de ceremonia de la\" \/>\n<meta property=\"og:url\" content=\"https:\/\/casadecampoliving.com\/es\/la-magica-visita-de-la-ex-miss-universo-dayanara-torres-a-las-escuelas-de-la-fundacion-mir-en-la-romana\/\" \/>\n<meta property=\"og:site_name\" content=\"Casa de Campo Living\" \/>\n<meta property=\"article:publisher\" content=\"https:\/\/www.facebook.com\/casadecampoliving\" \/>\n<meta property=\"article:published_time\" content=\"2012-04-19T04:00:00+00:00\" \/>\n<meta property=\"article:modified_time\" content=\"2022-10-21T22:47:26+00:00\" \/>\n<meta property=\"og:image\" content=\"https:\/\/i0.wp.com\/casadecampoliving.com\/wp-content\/uploads\/2022\/10\/dayanara_torres_miss_universe-1.jpg?fit=650%2C320&ssl=1\" \/>\n\t<meta property=\"og:image:width\" content=\"650\" \/>\n\t<meta property=\"og:image:height\" content=\"320\" \/>\n\t<meta property=\"og:image:type\" content=\"image\/jpeg\" \/>\n<meta name=\"twitter:card\" content=\"summary_large_image\" \/>\n<meta name=\"twitter:creator\" content=\"@cdcliving\" \/>\n<meta name=\"twitter:site\" content=\"@cdcliving\" \/>\n<meta name=\"twitter:label1\" content=\"Escrito por\" \/>\n\t<meta name=\"twitter:data1\" content=\"\" \/>\n\t<meta name=\"twitter:label2\" content=\"Tiempo de lectura\" \/>\n\t<meta name=\"twitter:data2\" content=\"3 minutos\" \/>\n<script type=\"application\/ld+json\" class=\"yoast-schema-graph\">{\"@context\":\"https:\\\/\\\/schema.org\",\"@graph\":[{\"@type\":\"Article\",\"@id\":\"https:\\\/\\\/casadecampoliving.com\\\/es\\\/la-magica-visita-de-la-ex-miss-universo-dayanara-torres-a-las-escuelas-de-la-fundacion-mir-en-la-romana\\\/#article\",\"isPartOf\":{\"@id\":\"https:\\\/\\\/casadecampoliving.com\\\/es\\\/la-magica-visita-de-la-ex-miss-universo-dayanara-torres-a-las-escuelas-de-la-fundacion-mir-en-la-romana\\\/\"},\"author\":{\"name\":\"\",\"@id\":\"https:\\\/\\\/casadecampoliving.com\\\/es\\\/#\\\/schema\\\/person\\\/7e3b975d584a5f6ac0fd7128a81b0bc5\"},\"headline\":\"La m\u00e1gica visita de la ex Miss Universo Dayanara Torres a las escuelas de la Fundaci\u00f3n MIR en La Romana!\",\"datePublished\":\"2012-04-19T04:00:00+00:00\",\"dateModified\":\"2022-10-21T22:47:26+00:00\",\"mainEntityOfPage\":{\"@id\":\"https:\\\/\\\/casadecampoliving.com\\\/es\\\/la-magica-visita-de-la-ex-miss-universo-dayanara-torres-a-las-escuelas-de-la-fundacion-mir-en-la-romana\\\/\"},\"wordCount\":577,\"publisher\":{\"@id\":\"https:\\\/\\\/casadecampoliving.com\\\/es\\\/#organization\"},\"image\":{\"@id\":\"https:\\\/\\\/casadecampoliving.com\\\/es\\\/la-magica-visita-de-la-ex-miss-universo-dayanara-torres-a-las-escuelas-de-la-fundacion-mir-en-la-romana\\\/#primaryimage\"},\"thumbnailUrl\":\"https:\\\/\\\/i0.wp.com\\\/casadecampoliving.com\\\/wp-content\\\/uploads\\\/2022\\\/10\\\/dayanara_torres_miss_universe-1.jpg?fit=650%2C320&ssl=1\",\"keywords\":[\"dayanara torres\",\"esplendor magico por la vida\",\"Fundacion MIR\",\"mir esperanza @es\",\"miss universo\"],\"articleSection\":[\"Celebridades\",\"Estilo de Vida\",\"Eventos\",\"Fundaci\u00f3n MIR @es\",\"Fundaciones\",\"La Romana @es\",\"M\u00e1s all\u00e1 de Casa\",\"Noticias Locales\",\"Proximamente\"],\"inLanguage\":\"es\"},{\"@type\":\"WebPage\",\"@id\":\"https:\\\/\\\/casadecampoliving.com\\\/es\\\/la-magica-visita-de-la-ex-miss-universo-dayanara-torres-a-las-escuelas-de-la-fundacion-mir-en-la-romana\\\/\",\"url\":\"https:\\\/\\\/casadecampoliving.com\\\/es\\\/la-magica-visita-de-la-ex-miss-universo-dayanara-torres-a-las-escuelas-de-la-fundacion-mir-en-la-romana\\\/\",\"name\":\"La m\u00e1gica visita de la ex Miss Universo Dayanara Torres a las escuelas de la Fundaci\u00f3n MIR en La Romana! | Casa de Campo Living\",\"isPartOf\":{\"@id\":\"https:\\\/\\\/casadecampoliving.com\\\/es\\\/#website\"},\"primaryImageOfPage\":{\"@id\":\"https:\\\/\\\/casadecampoliving.com\\\/es\\\/la-magica-visita-de-la-ex-miss-universo-dayanara-torres-a-las-escuelas-de-la-fundacion-mir-en-la-romana\\\/#primaryimage\"},\"image\":{\"@id\":\"https:\\\/\\\/casadecampoliving.com\\\/es\\\/la-magica-visita-de-la-ex-miss-universo-dayanara-torres-a-las-escuelas-de-la-fundacion-mir-en-la-romana\\\/#primaryimage\"},\"thumbnailUrl\":\"https:\\\/\\\/i0.wp.com\\\/casadecampoliving.com\\\/wp-content\\\/uploads\\\/2022\\\/10\\\/dayanara_torres_miss_universe-1.jpg?fit=650%2C320&ssl=1\",\"datePublished\":\"2012-04-19T04:00:00+00:00\",\"dateModified\":\"2022-10-21T22:47:26+00:00\",\"description\":\"La actriz, cantante, modelo y ex Miss Universo puertorrique\u00f1a, Dayanara Torres, visit\u00f3 el resort Casa de Campo en enero, como maestra de ceremonia de la\",\"breadcrumb\":{\"@id\":\"https:\\\/\\\/casadecampoliving.com\\\/es\\\/la-magica-visita-de-la-ex-miss-universo-dayanara-torres-a-las-escuelas-de-la-fundacion-mir-en-la-romana\\\/#breadcrumb\"},\"inLanguage\":\"es\",\"potentialAction\":[{\"@type\":\"ReadAction\",\"target\":[\"https:\\\/\\\/casadecampoliving.com\\\/es\\\/la-magica-visita-de-la-ex-miss-universo-dayanara-torres-a-las-escuelas-de-la-fundacion-mir-en-la-romana\\\/\"]}]},{\"@type\":\"ImageObject\",\"inLanguage\":\"es\",\"@id\":\"https:\\\/\\\/casadecampoliving.com\\\/es\\\/la-magica-visita-de-la-ex-miss-universo-dayanara-torres-a-las-escuelas-de-la-fundacion-mir-en-la-romana\\\/#primaryimage\",\"url\":\"https:\\\/\\\/i0.wp.com\\\/casadecampoliving.com\\\/wp-content\\\/uploads\\\/2022\\\/10\\\/dayanara_torres_miss_universe-1.jpg?fit=650%2C320&ssl=1\",\"contentUrl\":\"https:\\\/\\\/i0.wp.com\\\/casadecampoliving.com\\\/wp-content\\\/uploads\\\/2022\\\/10\\\/dayanara_torres_miss_universe-1.jpg?fit=650%2C320&ssl=1\",\"width\":650,\"height\":320,\"caption\":\"dayanara torres miss universe\"},{\"@type\":\"BreadcrumbList\",\"@id\":\"https:\\\/\\\/casadecampoliving.com\\\/es\\\/la-magica-visita-de-la-ex-miss-universo-dayanara-torres-a-las-escuelas-de-la-fundacion-mir-en-la-romana\\\/#breadcrumb\",\"itemListElement\":[{\"@type\":\"ListItem\",\"position\":1,\"name\":\"Home\",\"item\":\"https:\\\/\\\/casadecampoliving.com\\\/es\\\/\"},{\"@type\":\"ListItem\",\"position\":2,\"name\":\"La m\u00e1gica visita de la ex Miss Universo Dayanara Torres a las escuelas de la Fundaci\u00f3n MIR en La Romana!\"}]},{\"@type\":\"WebSite\",\"@id\":\"https:\\\/\\\/casadecampoliving.com\\\/es\\\/#website\",\"url\":\"https:\\\/\\\/casadecampoliving.com\\\/es\\\/\",\"name\":\"Casa de Campo Living\",\"description\":\"Resort community news and resources.\",\"publisher\":{\"@id\":\"https:\\\/\\\/casadecampoliving.com\\\/es\\\/#organization\"},\"potentialAction\":[{\"@type\":\"SearchAction\",\"target\":{\"@type\":\"EntryPoint\",\"urlTemplate\":\"https:\\\/\\\/casadecampoliving.com\\\/es\\\/?s={search_term_string}\"},\"query-input\":{\"@type\":\"PropertyValueSpecification\",\"valueRequired\":true,\"valueName\":\"search_term_string\"}}],\"inLanguage\":\"es\"},{\"@type\":\"Organization\",\"@id\":\"https:\\\/\\\/casadecampoliving.com\\\/es\\\/#organization\",\"name\":\"Casa de Campo Living\",\"url\":\"https:\\\/\\\/casadecampoliving.com\\\/es\\\/\",\"logo\":{\"@type\":\"ImageObject\",\"inLanguage\":\"es\",\"@id\":\"https:\\\/\\\/casadecampoliving.com\\\/es\\\/#\\\/schema\\\/logo\\\/image\\\/\",\"url\":\"https:\\\/\\\/i0.wp.com\\\/casadecampoliving.com\\\/wp-content\\\/uploads\\\/2022\\\/07\\\/CDCLivingLogo_V1-white-sized.png?fit=800%2C214&ssl=1\",\"contentUrl\":\"https:\\\/\\\/i0.wp.com\\\/casadecampoliving.com\\\/wp-content\\\/uploads\\\/2022\\\/07\\\/CDCLivingLogo_V1-white-sized.png?fit=800%2C214&ssl=1\",\"width\":800,\"height\":214,\"caption\":\"Casa de Campo Living\"},\"image\":{\"@id\":\"https:\\\/\\\/casadecampoliving.com\\\/es\\\/#\\\/schema\\\/logo\\\/image\\\/\"},\"sameAs\":[\"https:\\\/\\\/www.facebook.com\\\/casadecampoliving\",\"https:\\\/\\\/x.com\\\/cdcliving\"]},{\"@type\":\"Person\",\"@id\":\"https:\\\/\\\/casadecampoliving.com\\\/es\\\/#\\\/schema\\\/person\\\/7e3b975d584a5f6ac0fd7128a81b0bc5\",\"name\":\"\",\"image\":{\"@type\":\"ImageObject\",\"inLanguage\":\"es\",\"@id\":\"https:\\\/\\\/secure.gravatar.com\\\/avatar\\\/?s=96&d=mm&r=g\",\"url\":\"https:\\\/\\\/secure.gravatar.com\\\/avatar\\\/?s=96&d=mm&r=g\",\"contentUrl\":\"https:\\\/\\\/secure.gravatar.com\\\/avatar\\\/?s=96&d=mm&r=g\"},\"url\":\"https:\\\/\\\/casadecampoliving.com\\\/es\\\/author\\\/ \\\/\"}]}<\/script>\n<!-- \/ Yoast SEO plugin. -->","yoast_head_json":{"title":"La m\u00e1gica visita de la ex Miss Universo Dayanara Torres a las escuelas de la Fundaci\u00f3n MIR en La Romana! | Casa de Campo Living","description":"La actriz, cantante, modelo y ex Miss Universo puertorrique\u00f1a, Dayanara Torres, visit\u00f3 el resort Casa de Campo en enero, como maestra de ceremonia de la","robots":{"index":"index","follow":"follow","max-snippet":"max-snippet:-1","max-image-preview":"max-image-preview:large","max-video-preview":"max-video-preview:-1"},"canonical":"https:\/\/casadecampoliving.com\/es\/la-magica-visita-de-la-ex-miss-universo-dayanara-torres-a-las-escuelas-de-la-fundacion-mir-en-la-romana\/","og_locale":"es_ES","og_type":"article","og_title":"La m\u00e1gica visita de la ex Miss Universo Dayanara Torres a las escuelas de la Fundaci\u00f3n MIR en La Romana! | Casa de Campo Living","og_description":"La actriz, cantante, modelo y ex Miss Universo puertorrique\u00f1a, Dayanara Torres, visit\u00f3 el resort Casa de Campo en enero, como maestra de ceremonia de la","og_url":"https:\/\/casadecampoliving.com\/es\/la-magica-visita-de-la-ex-miss-universo-dayanara-torres-a-las-escuelas-de-la-fundacion-mir-en-la-romana\/","og_site_name":"Casa de Campo Living","article_publisher":"https:\/\/www.facebook.com\/casadecampoliving","article_published_time":"2012-04-19T04:00:00+00:00","article_modified_time":"2022-10-21T22:47:26+00:00","og_image":[{"width":650,"height":320,"url":"https:\/\/i0.wp.com\/casadecampoliving.com\/wp-content\/uploads\/2022\/10\/dayanara_torres_miss_universe-1.jpg?fit=650%2C320&ssl=1","type":"image\/jpeg"}],"twitter_card":"summary_large_image","twitter_creator":"@cdcliving","twitter_site":"@cdcliving","twitter_misc":{"Escrito por":"","Tiempo de lectura":"3 minutos"},"schema":{"@context":"https:\/\/schema.org","@graph":[{"@type":"Article","@id":"https:\/\/casadecampoliving.com\/es\/la-magica-visita-de-la-ex-miss-universo-dayanara-torres-a-las-escuelas-de-la-fundacion-mir-en-la-romana\/#article","isPartOf":{"@id":"https:\/\/casadecampoliving.com\/es\/la-magica-visita-de-la-ex-miss-universo-dayanara-torres-a-las-escuelas-de-la-fundacion-mir-en-la-romana\/"},"author":{"name":"","@id":"https:\/\/casadecampoliving.com\/es\/#\/schema\/person\/7e3b975d584a5f6ac0fd7128a81b0bc5"},"headline":"La m\u00e1gica visita de la ex Miss Universo Dayanara Torres a las escuelas de la Fundaci\u00f3n MIR en La Romana!","datePublished":"2012-04-19T04:00:00+00:00","dateModified":"2022-10-21T22:47:26+00:00","mainEntityOfPage":{"@id":"https:\/\/casadecampoliving.com\/es\/la-magica-visita-de-la-ex-miss-universo-dayanara-torres-a-las-escuelas-de-la-fundacion-mir-en-la-romana\/"},"wordCount":577,"publisher":{"@id":"https:\/\/casadecampoliving.com\/es\/#organization"},"image":{"@id":"https:\/\/casadecampoliving.com\/es\/la-magica-visita-de-la-ex-miss-universo-dayanara-torres-a-las-escuelas-de-la-fundacion-mir-en-la-romana\/#primaryimage"},"thumbnailUrl":"https:\/\/i0.wp.com\/casadecampoliving.com\/wp-content\/uploads\/2022\/10\/dayanara_torres_miss_universe-1.jpg?fit=650%2C320&ssl=1","keywords":["dayanara torres","esplendor magico por la vida","Fundacion MIR","mir esperanza @es","miss universo"],"articleSection":["Celebridades","Estilo de Vida","Eventos","Fundaci\u00f3n MIR @es","Fundaciones","La Romana @es","M\u00e1s all\u00e1 de Casa","Noticias Locales","Proximamente"],"inLanguage":"es"},{"@type":"WebPage","@id":"https:\/\/casadecampoliving.com\/es\/la-magica-visita-de-la-ex-miss-universo-dayanara-torres-a-las-escuelas-de-la-fundacion-mir-en-la-romana\/","url":"https:\/\/casadecampoliving.com\/es\/la-magica-visita-de-la-ex-miss-universo-dayanara-torres-a-las-escuelas-de-la-fundacion-mir-en-la-romana\/","name":"La m\u00e1gica visita de la ex Miss Universo Dayanara Torres a las escuelas de la Fundaci\u00f3n MIR en La Romana! | Casa de Campo Living","isPartOf":{"@id":"https:\/\/casadecampoliving.com\/es\/#website"},"primaryImageOfPage":{"@id":"https:\/\/casadecampoliving.com\/es\/la-magica-visita-de-la-ex-miss-universo-dayanara-torres-a-las-escuelas-de-la-fundacion-mir-en-la-romana\/#primaryimage"},"image":{"@id":"https:\/\/casadecampoliving.com\/es\/la-magica-visita-de-la-ex-miss-universo-dayanara-torres-a-las-escuelas-de-la-fundacion-mir-en-la-romana\/#primaryimage"},"thumbnailUrl":"https:\/\/i0.wp.com\/casadecampoliving.com\/wp-content\/uploads\/2022\/10\/dayanara_torres_miss_universe-1.jpg?fit=650%2C320&ssl=1","datePublished":"2012-04-19T04:00:00+00:00","dateModified":"2022-10-21T22:47:26+00:00","description":"La actriz, cantante, modelo y ex Miss Universo puertorrique\u00f1a, Dayanara Torres, visit\u00f3 el resort Casa de Campo en enero, como maestra de ceremonia de la","breadcrumb":{"@id":"https:\/\/casadecampoliving.com\/es\/la-magica-visita-de-la-ex-miss-universo-dayanara-torres-a-las-escuelas-de-la-fundacion-mir-en-la-romana\/#breadcrumb"},"inLanguage":"es","potentialAction":[{"@type":"ReadAction","target":["https:\/\/casadecampoliving.com\/es\/la-magica-visita-de-la-ex-miss-universo-dayanara-torres-a-las-escuelas-de-la-fundacion-mir-en-la-romana\/"]}]},{"@type":"ImageObject","inLanguage":"es","@id":"https:\/\/casadecampoliving.com\/es\/la-magica-visita-de-la-ex-miss-universo-dayanara-torres-a-las-escuelas-de-la-fundacion-mir-en-la-romana\/#primaryimage","url":"https:\/\/i0.wp.com\/casadecampoliving.com\/wp-content\/uploads\/2022\/10\/dayanara_torres_miss_universe-1.jpg?fit=650%2C320&ssl=1","contentUrl":"https:\/\/i0.wp.com\/casadecampoliving.com\/wp-content\/uploads\/2022\/10\/dayanara_torres_miss_universe-1.jpg?fit=650%2C320&ssl=1","width":650,"height":320,"caption":"dayanara torres miss universe"},{"@type":"BreadcrumbList","@id":"https:\/\/casadecampoliving.com\/es\/la-magica-visita-de-la-ex-miss-universo-dayanara-torres-a-las-escuelas-de-la-fundacion-mir-en-la-romana\/#breadcrumb","itemListElement":[{"@type":"ListItem","position":1,"name":"Home","item":"https:\/\/casadecampoliving.com\/es\/"},{"@type":"ListItem","position":2,"name":"La m\u00e1gica visita de la ex Miss Universo Dayanara Torres a las escuelas de la Fundaci\u00f3n MIR en La Romana!"}]},{"@type":"WebSite","@id":"https:\/\/casadecampoliving.com\/es\/#website","url":"https:\/\/casadecampoliving.com\/es\/","name":"Casa de Campo Living","description":"Resort community news and resources.","publisher":{"@id":"https:\/\/casadecampoliving.com\/es\/#organization"},"potentialAction":[{"@type":"SearchAction","target":{"@type":"EntryPoint","urlTemplate":"https:\/\/casadecampoliving.com\/es\/?s={search_term_string}"},"query-input":{"@type":"PropertyValueSpecification","valueRequired":true,"valueName":"search_term_string"}}],"inLanguage":"es"},{"@type":"Organization","@id":"https:\/\/casadecampoliving.com\/es\/#organization","name":"Casa de Campo Living","url":"https:\/\/casadecampoliving.com\/es\/","logo":{"@type":"ImageObject","inLanguage":"es","@id":"https:\/\/casadecampoliving.com\/es\/#\/schema\/logo\/image\/","url":"https:\/\/i0.wp.com\/casadecampoliving.com\/wp-content\/uploads\/2022\/07\/CDCLivingLogo_V1-white-sized.png?fit=800%2C214&ssl=1","contentUrl":"https:\/\/i0.wp.com\/casadecampoliving.com\/wp-content\/uploads\/2022\/07\/CDCLivingLogo_V1-white-sized.png?fit=800%2C214&ssl=1","width":800,"height":214,"caption":"Casa de Campo Living"},"image":{"@id":"https:\/\/casadecampoliving.com\/es\/#\/schema\/logo\/image\/"},"sameAs":["https:\/\/www.facebook.com\/casadecampoliving","https:\/\/x.com\/cdcliving"]},{"@type":"Person","@id":"https:\/\/casadecampoliving.com\/es\/#\/schema\/person\/7e3b975d584a5f6ac0fd7128a81b0bc5","name":"","image":{"@type":"ImageObject","inLanguage":"es","@id":"https:\/\/secure.gravatar.com\/avatar\/?s=96&d=mm&r=g","url":"https:\/\/secure.gravatar.com\/avatar\/?s=96&d=mm&r=g","contentUrl":"https:\/\/secure.gravatar.com\/avatar\/?s=96&d=mm&r=g"},"url":"https:\/\/casadecampoliving.com\/es\/author\/ \/"}]}},"parsely":{"version":"1.1.0","canonical_url":"https:\/\/casadecampoliving.com\/es\/la-magica-visita-de-la-ex-miss-universo-dayanara-torres-a-las-escuelas-de-la-fundacion-mir-en-la-romana\/","smart_links":{"inbound":0,"outbound":0},"traffic_boost_suggestions_count":0,"meta":{"@context":"https:\/\/schema.org","@type":"NewsArticle","headline":"La m\u00e1gica visita de la ex Miss Universo Dayanara Torres a las escuelas de la Fundaci\u00f3n MIR en La Romana!","url":"http:\/\/casadecampoliving.com\/es\/la-magica-visita-de-la-ex-miss-universo-dayanara-torres-a-las-escuelas-de-la-fundacion-mir-en-la-romana\/","mainEntityOfPage":{"@type":"WebPage","@id":"http:\/\/casadecampoliving.com\/es\/la-magica-visita-de-la-ex-miss-universo-dayanara-torres-a-las-escuelas-de-la-fundacion-mir-en-la-romana\/"},"thumbnailUrl":"https:\/\/i0.wp.com\/casadecampoliving.com\/wp-content\/uploads\/2022\/10\/dayanara_torres_miss_universe-1.jpg?resize=150%2C150&ssl=1","image":{"@type":"ImageObject","url":"https:\/\/i0.wp.com\/casadecampoliving.com\/wp-content\/uploads\/2022\/10\/dayanara_torres_miss_universe-1.jpg?fit=650%2C320&ssl=1"},"articleSection":"Celebridades","author":[{"@type":"Person","name":"FB_515917546"}],"creator":["FB_515917546"],"publisher":{"@type":"Organization","name":"Casa de Campo Living","logo":"https:\/\/casadecampoliving.com\/wp-content\/uploads\/2022\/07\/CDCLivingLogo_V1-white-sized.png"},"keywords":["dayanara torres","esplendor magico por la vida","fundacion mir","mir esperanza @es","miss universo"],"dateCreated":"2012-04-19T04:00:00Z","datePublished":"2012-04-19T04:00:00Z","dateModified":"2022-10-21T22:47:26Z"},"rendered":"<script type=\"application\/ld+json\" class=\"wp-parsely-metadata\">{\"@context\":\"https:\\\/\\\/schema.org\",\"@type\":\"NewsArticle\",\"headline\":\"La m\\u00e1gica visita de la ex Miss Universo Dayanara Torres a las escuelas de la Fundaci\\u00f3n MIR en La Romana!\",\"url\":\"http:\\\/\\\/casadecampoliving.com\\\/es\\\/la-magica-visita-de-la-ex-miss-universo-dayanara-torres-a-las-escuelas-de-la-fundacion-mir-en-la-romana\\\/\",\"mainEntityOfPage\":{\"@type\":\"WebPage\",\"@id\":\"http:\\\/\\\/casadecampoliving.com\\\/es\\\/la-magica-visita-de-la-ex-miss-universo-dayanara-torres-a-las-escuelas-de-la-fundacion-mir-en-la-romana\\\/\"},\"thumbnailUrl\":\"https:\\\/\\\/i0.wp.com\\\/casadecampoliving.com\\\/wp-content\\\/uploads\\\/2022\\\/10\\\/dayanara_torres_miss_universe-1.jpg?resize=150%2C150&ssl=1\",\"image\":{\"@type\":\"ImageObject\",\"url\":\"https:\\\/\\\/i0.wp.com\\\/casadecampoliving.com\\\/wp-content\\\/uploads\\\/2022\\\/10\\\/dayanara_torres_miss_universe-1.jpg?fit=650%2C320&ssl=1\"},\"articleSection\":\"Celebridades\",\"author\":[{\"@type\":\"Person\",\"name\":\"FB_515917546\"}],\"creator\":[\"FB_515917546\"],\"publisher\":{\"@type\":\"Organization\",\"name\":\"Casa de Campo Living\",\"logo\":\"https:\\\/\\\/casadecampoliving.com\\\/wp-content\\\/uploads\\\/2022\\\/07\\\/CDCLivingLogo_V1-white-sized.png\"},\"keywords\":[\"dayanara torres\",\"esplendor magico por la vida\",\"fundacion mir\",\"mir esperanza @es\",\"miss universo\"],\"dateCreated\":\"2012-04-19T04:00:00Z\",\"datePublished\":\"2012-04-19T04:00:00Z\",\"dateModified\":\"2022-10-21T22:47:26Z\"}<\/script>","tracker_url":"https:\/\/cdn.parsely.com\/keys\/casadecampoliving.com\/p.js"},"jetpack_publicize_connections":[],"jetpack_featured_media_url":"https:\/\/i0.wp.com\/casadecampoliving.com\/wp-content\/uploads\/2022\/10\/dayanara_torres_miss_universe-1.jpg?fit=650%2C320&ssl=1","jetpack-related-posts":[{"id":338015,"url":"https:\/\/casadecampoliving.com\/es\/la-ex-miss-universo-dayanara-torres-sera-la-maestra-de-ceremonias-del-esplendor-magico-por-la-vida-de-mir\/","url_meta":{"origin":338430,"position":0},"title":"La Ex Miss Universo Dayanara Torres ser\u00e1 la maestra de ceremonias del \u201cEsplendor M\u00e1gico Por La Vida\u201d de MIR!","author":"","date":"20 Ene, 2012","format":false,"excerpt":"El \u201cEsplendor M\u00e1gico Por La Vida\u201d de la Fundaci\u00f3n MIR, el evento anual que recauda fondos para las escuelas y proyectos de esta instituci\u00f3n, est\u00e1 a la vuelta de la esquina y nos hemos enterado de que la modelo puertorrique\u00f1a Dayanara Torres estar\u00e1 participando como maestra de ceremonias este 27\u2026","rel":"","context":"En \u00abEventos\u00bb","block_context":{"text":"Eventos","link":"https:\/\/casadecampoliving.com\/es\/category\/eventos-es\/"},"img":{"alt_text":"fundacion MIR casa de campo la romana","src":"https:\/\/i0.wp.com\/casadecampoliving.com\/wp-content\/uploads\/2022\/10\/fundacion_MIR2-5.jpg?fit=600%2C226&ssl=1&resize=350%2C200","width":350,"height":200,"srcset":"https:\/\/i0.wp.com\/casadecampoliving.com\/wp-content\/uploads\/2022\/10\/fundacion_MIR2-5.jpg?fit=600%2C226&ssl=1&resize=350%2C200 1x, https:\/\/i0.wp.com\/casadecampoliving.com\/wp-content\/uploads\/2022\/10\/fundacion_MIR2-5.jpg?fit=600%2C226&ssl=1&resize=525%2C300 1.5x"},"classes":[]},{"id":338250,"url":"https:\/\/casadecampoliving.com\/es\/el-xxi-esplendor-magico-por-la-vida-un-maravilloso-fin-de-semana\/","url_meta":{"origin":338430,"position":1},"title":"El XXI Esplendor M\u00e1gico Por La Vida &#8211; un maravilloso fin de semana!","author":"","date":"30 Ene, 2012","format":false,"excerpt":"El pasado fin de semana, la Fundaci\u00f3n MIR, instituci\u00f3n ben\u00e9fica basada en La Romana, organiz\u00f3 su evento ben\u00e9fico anual, esta vez celebrando su XXI fin de semana del Esplendor M\u00e1gico Por La Vida en Casa de Campo. A diferencia de a\u00f1os pasados, la gala y fashion show que siempre representaban\u2026","rel":"","context":"En \u00abArte y cultura\u00bb","block_context":{"text":"Arte y cultura","link":"https:\/\/casadecampoliving.com\/category\/arte-y-cultura\/"},"img":{"alt_text":"","src":"https:\/\/i0.wp.com\/casadecampoliving.com\/wp-content\/uploads\/2022\/10\/fundacion_MIR_minitas_beach-1.jpg?fit=650%2C366&ssl=1&resize=350%2C200","width":350,"height":200,"srcset":"https:\/\/i0.wp.com\/casadecampoliving.com\/wp-content\/uploads\/2022\/10\/fundacion_MIR_minitas_beach-1.jpg?fit=650%2C366&ssl=1&resize=350%2C200 1x, https:\/\/i0.wp.com\/casadecampoliving.com\/wp-content\/uploads\/2022\/10\/fundacion_MIR_minitas_beach-1.jpg?fit=650%2C366&ssl=1&resize=525%2C300 1.5x"},"classes":[]},{"id":338198,"url":"https:\/\/casadecampoliving.com\/es\/esplendor-magico-por-la-vida-de-mir-tickets-junior-a-solo-us150\/","url_meta":{"origin":338430,"position":2},"title":"Esplendor M\u00e1gico Por La Vida de MIR: Tickets Junior a s\u00f3lo US$150!","author":"","date":"24 Ene, 2012","format":false,"excerpt":"Este viernes 27 de enero, la Fundaci\u00f3n MIR celebrar\u00e1 el XXI Gala y Fashion Show del Esplendor M\u00e1gico Por La Vida en la Playa Minitas en Casa de Campo y este a\u00f1o estar\u00e1 ofreciendo los \u201cjunior tickets\u201d a s\u00f3lo US$150! Los Junior Tickets para el Esplendor M\u00e1gico Por La Vida\u2026","rel":"","context":"En \u00abCelebridades\u00bb","block_context":{"text":"Celebridades","link":"https:\/\/casadecampoliving.com\/es\/category\/celebridades-es\/"},"img":{"alt_text":"","src":"https:\/\/i0.wp.com\/casadecampoliving.com\/wp-content\/uploads\/2022\/10\/miss_republica_dominicana_fundacionMIR_casadecampo-1.jpg?fit=565%2C424&ssl=1&resize=350%2C200","width":350,"height":200,"srcset":"https:\/\/i0.wp.com\/casadecampoliving.com\/wp-content\/uploads\/2022\/10\/miss_republica_dominicana_fundacionMIR_casadecampo-1.jpg?fit=565%2C424&ssl=1&resize=350%2C200 1x, https:\/\/i0.wp.com\/casadecampoliving.com\/wp-content\/uploads\/2022\/10\/miss_republica_dominicana_fundacionMIR_casadecampo-1.jpg?fit=565%2C424&ssl=1&resize=525%2C300 1.5x"},"classes":[]},{"id":349470,"url":"https:\/\/casadecampoliving.com\/es\/vamos-a-la-fundacion-mir\/","url_meta":{"origin":338430,"position":3},"title":"Vamos en un Tour por las escuelas de Fundaci\u00f3n MIR","author":"Marlenys Guzm\u00e1n Casta\u00f1os","date":"21 Mar, 2016","format":false,"excerpt":"Hace un par de semanas anunciamos que el MIR Bazaar comenzar\u00e1 el 1 de abril\u00a0y traer\u00e1 consigo el desfile tradicional, as\u00ed como el Sugar Tournament organizado por Alfy Fanjul, pero eso no es todo lo que va a ser capaz de hacer durante el fin de semana. La Fundaci\u00f3n MIR\u2026","rel":"","context":"En \u00abEventos\u00bb","block_context":{"text":"Eventos","link":"https:\/\/casadecampoliving.com\/es\/category\/eventos-es\/"},"img":{"alt_text":"","src":"https:\/\/i0.wp.com\/casadecampoliving.com\/wp-content\/uploads\/2022\/10\/Featued-Image-%E2%80%94-Fundacio%CC%81n-MIR-Schools-Tour.jpg?fit=1000%2C600&ssl=1&resize=350%2C200","width":350,"height":200,"srcset":"https:\/\/i0.wp.com\/casadecampoliving.com\/wp-content\/uploads\/2022\/10\/Featued-Image-%E2%80%94-Fundacio%CC%81n-MIR-Schools-Tour.jpg?fit=1000%2C600&ssl=1&resize=350%2C200 1x, https:\/\/i0.wp.com\/casadecampoliving.com\/wp-content\/uploads\/2022\/10\/Featued-Image-%E2%80%94-Fundacio%CC%81n-MIR-Schools-Tour.jpg?fit=1000%2C600&ssl=1&resize=525%2C300 1.5x, https:\/\/i0.wp.com\/casadecampoliving.com\/wp-content\/uploads\/2022\/10\/Featued-Image-%E2%80%94-Fundacio%CC%81n-MIR-Schools-Tour.jpg?fit=1000%2C600&ssl=1&resize=700%2C400 2x"},"classes":[]},{"id":321049,"url":"https:\/\/casadecampoliving.com\/ex-miss-universe-dayanara-torres-takes-a-tour-of-the-fundacion-mir-schools-in-la-romana\/","url_meta":{"origin":338430,"position":4},"title":"Ex Miss Universe Dayanara Torres takes a tour of the Fundaci\u00f3n MIR schools in La Romana","author":"Rebecca Silvestri","date":"19 Abr, 2012","format":false,"excerpt":"Dayanara Torres, a\u00a0Puerto Rican\u00a0actress, singer, model, and former\u00a0Miss Universe visited the Casa de Campo resort in January as the Mistress of Ceremonies for the Fundaci\u00f3n MIR\u2019s Magical Splendor for Life Gala and Fashion Show and as well as enjoying the beautiful resort, she also took the time to visit the\u2026","rel":"","context":"En \u00abBeyond Casa\u00bb","block_context":{"text":"Beyond Casa","link":"https:\/\/casadecampoliving.com\/category\/beyond-casa\/"},"img":{"alt_text":"dayanara torres miss universe","src":"https:\/\/i0.wp.com\/casadecampoliving.com\/wp-content\/uploads\/2022\/10\/dayanara_torres_miss_universe-1.jpg?fit=650%2C320&ssl=1&resize=350%2C200","width":350,"height":200,"srcset":"https:\/\/i0.wp.com\/casadecampoliving.com\/wp-content\/uploads\/2022\/10\/dayanara_torres_miss_universe-1.jpg?fit=650%2C320&ssl=1&resize=350%2C200 1x, https:\/\/i0.wp.com\/casadecampoliving.com\/wp-content\/uploads\/2022\/10\/dayanara_torres_miss_universe-1.jpg?fit=650%2C320&ssl=1&resize=525%2C300 1.5x"},"classes":[]},{"id":338206,"url":"https:\/\/casadecampoliving.com\/es\/la-boutique-de-badgley-mischka-abrira-este-jueves-26-hasta-el-domingo-29\/","url_meta":{"origin":338430,"position":5},"title":"La Boutique de Badgley Mischka abrir\u00e1 este jueves 26 hasta el domingo 29","author":"","date":"25 Ene, 2012","format":false,"excerpt":"La Gala y Fashion Show del\u00a0Esplendor M\u00e1gico Por La Vida por Badgley Mischka\u00a0con las invitadas especiales, la modelo Dalia Fern\u00e1ndez, actual Miss Rep\u00fablica Dominicana y la ex Miss Universo, Dayanara Torres como maestra de ceremonias, es este VIERNES 27 de enero, pero el jueves 26 de enero ser\u00e1 la apertura\u2026","rel":"","context":"En \u00abArte y cultura\u00bb","block_context":{"text":"Arte y cultura","link":"https:\/\/casadecampoliving.com\/category\/arte-y-cultura\/"},"img":{"alt_text":"badgley mischka fashion show","src":"https:\/\/i0.wp.com\/casadecampoliving.com\/wp-content\/uploads\/2022\/10\/fundacion_MIR_casadecampo_badgley_mischka-1.jpg?fit=565%2C318&ssl=1&resize=350%2C200","width":350,"height":200,"srcset":"https:\/\/i0.wp.com\/casadecampoliving.com\/wp-content\/uploads\/2022\/10\/fundacion_MIR_casadecampo_badgley_mischka-1.jpg?fit=565%2C318&ssl=1&resize=350%2C200 1x, https:\/\/i0.wp.com\/casadecampoliving.com\/wp-content\/uploads\/2022\/10\/fundacion_MIR_casadecampo_badgley_mischka-1.jpg?fit=565%2C318&ssl=1&resize=525%2C300 1.5x"},"classes":[]}],"jetpack_sharing_enabled":true,"_links":{"self":[{"href":"https:\/\/casadecampoliving.com\/es\/wp-json\/wp\/v2\/posts\/338430","targetHints":{"allow":["GET"]}}],"collection":[{"href":"https:\/\/casadecampoliving.com\/es\/wp-json\/wp\/v2\/posts"}],"about":[{"href":"https:\/\/casadecampoliving.com\/es\/wp-json\/wp\/v2\/types\/post"}],"author":[{"embeddable":true,"href":"https:\/\/casadecampoliving.com\/es\/wp-json\/wp\/v2\/users\/21"}],"replies":[{"embeddable":true,"href":"https:\/\/casadecampoliving.com\/es\/wp-json\/wp\/v2\/comments?post=338430"}],"version-history":[{"count":1,"href":"https:\/\/casadecampoliving.com\/es\/wp-json\/wp\/v2\/posts\/338430\/revisions"}],"predecessor-version":[{"id":338431,"href":"https:\/\/casadecampoliving.com\/es\/wp-json\/wp\/v2\/posts\/338430\/revisions\/338431"}],"wp:featuredmedia":[{"embeddable":true,"href":"https:\/\/casadecampoliving.com\/es\/wp-json\/wp\/v2\/media\/256009"}],"wp:attachment":[{"href":"https:\/\/casadecampoliving.com\/es\/wp-json\/wp\/v2\/media?parent=338430"}],"wp:term":[{"taxonomy":"category","embeddable":true,"href":"https:\/\/casadecampoliving.com\/es\/wp-json\/wp\/v2\/categories?post=338430"},{"taxonomy":"post_tag","embeddable":true,"href":"https:\/\/casadecampoliving.com\/es\/wp-json\/wp\/v2\/tags?post=338430"},{"taxonomy":"newspack_spnsrs_tax","embeddable":true,"href":"https:\/\/casadecampoliving.com\/es\/wp-json\/wp\/v2\/newspack_spnsrs_tax?post=338430"}],"curies":[{"name":"wp","href":"https:\/\/api.w.org\/{rel}","templated":true}]}}