{"id":338416,"date":"2012-02-20T00:00:00","date_gmt":"2012-02-20T04:00:00","guid":{"rendered":"https:\/\/casadecampoliving.com\/una-celebracion-con-el-hogar-del-nino-dedicada-a-la-zona-verde\/"},"modified":"2022-10-21T18:46:35","modified_gmt":"2022-10-21T22:46:35","slug":"una-celebracion-con-el-hogar-del-nino-dedicada-a-la-zona-verde","status":"publish","type":"post","link":"https:\/\/casadecampoliving.com\/es\/una-celebracion-con-el-hogar-del-nino-dedicada-a-la-zona-verde\/","title":{"rendered":"Una celebraci\u00f3n con el Hogar del Ni\u00f1o: Dedicada a la Zona Verde"},"content":{"rendered":"<div class=\"wp-block-image\">\n<figure class=\"aligncenter is-resized\"><img loading=\"lazy\" decoding=\"async\" src=\"https:\/\/i0.wp.com\/casadecampoliving.com\/wp-content\/uploads\/2022\/10\/casa_de_campo_eventy.jpg?resize=650%2C366&amp;ssl=1\" alt=\"casa de campo event\" class=\"wp-image-45365\" title=\"casa_de_campo_eventy\" height=\"366\" width=\"650\"\/><\/figure>\n<\/div>\n\n\n<p>Cada a\u00f1o, el Fin de Semana Ben\u00e9fico del Hogar del Ni\u00f1o se pone mucho mejor! Este a\u00f1o con una atracci\u00f3n extra; Zumba Master Class, adem\u00e1s de actividades que pudieron disfrutar los due\u00f1os de villa de Casa de Campo y colaboradores del Hogar del ni\u00f1o!<\/p>\n\n\n\n<!--more-->\n\n\n\n<p>El XV Fin de Semana del Hogar del Ni\u00f1o tuvo lugar el viernes 17 y s\u00e1bado 18 de febrero, un evento anual celebrado en Casa de Campo con el prop\u00f3sito de realizar numerosos eventos y actividades ben\u00e9ficos para la familia, al igual que una cena y fiesta. El dinero recaudado durante el evento va dirigido al centro educativo y que tambi\u00e9n cuida a m\u00e1s de 1,500 ni\u00f1os y j\u00f3venes adultos de La Romana todos los d\u00edas.<\/p>\n\n\n\n<p>Con tantos eventos y actividades para la diversi\u00f3n de la familia en dos d\u00edas, pasamos unos momentos espectaculares y tomamos m\u00e1s de 1,000 fotos \u2013 as\u00ed que aqu\u00ed les traemos un resumen del evento completo, con muchas fotos que publicar en las siguientes dos semanas!<\/p>\n\n\n\n<blockquote><p style=\"text-align: center;\"><strong><a href=\"https:\/\/casadecampoliving.com\/es\/2012\/03\/un-hermoso-tour-por-el-hogar-del-nino-en-la-romana-por-ryan-tilley-y-tania-evans\/\">Visita al Hogar del Ni\u00f1o<\/a><\/strong><\/p><figure><img decoding=\"async\" loading=\"lazy\" class=\"aligncenter size-full wp-image-45366\" title=\"hogar_del_nino\" src=\"https:\/\/i0.wp.com\/casadecampoliving.com\/wp-content\/uploads\/2022\/10\/hogar_del_nino2-2.jpg?resize=585%2C491&amp;ssl=1\" alt=\"hogar del nino\" width=\"585\" height=\"491\"><\/figure><p style=\"text-align: center;\"><\/p><p>No hay mejor manera de inspirar a los dem\u00e1s a que apoyen y amen esta noble causa que de esta \u2013 mostr\u00e1ndoles, a trav\u00e9s de un tour, la excelente experiencia de convivir y enfrentarse ala realidad de estos afortunados ni\u00f1os que est\u00e1n inclu\u00eddos en el programa. No hay duda de que aquellos due\u00f1os de Casa de Campo que participaron del tour, quedaron impresionados por el Hogar del Ni\u00f1o, una instituci\u00f3n que hace la diferencia para muchos ni\u00f1os y familias de La Romana.<\/p><p><strong>Credito de foto:<\/strong> Tania Evans<\/p><p><em><strong><a href=\"https:\/\/casadecampoliving.com\/es\/2012\/03\/un-hermoso-tour-por-el-hogar-del-nino-en-la-romana-por-ryan-tilley-y-tania-evans\/\">Haga click aqu\u00ed para m\u00e1s FOTOS y el art\u00edculo completo de la&nbsp;visita!<\/a><\/strong><\/em><\/p><\/blockquote>\n\n\n\n<blockquote><p style=\"text-align: center;\"><strong style=\"text-align: center;\"><a href=\"https:\/\/casadecampoliving.com\/es\/2012\/02\/gran-victoria-para-la-potranca-en-el-torneo-de-polo-del-hogar-del-nino\/\">El Torneo de Polo<\/a><\/strong><\/p><figure><img decoding=\"async\" loading=\"lazy\" class=\"aligncenter  wp-image-45362\" title=\"polo_casa_de_campo\" src=\"https:\/\/i0.wp.com\/casadecampoliving.com\/wp-content\/uploads\/2022\/10\/polo_casa_de_campo-13.jpg?resize=585%2C369&amp;ssl=1\" alt=\"polo casa de campo\" width=\"585\" height=\"369\"><\/figure><p style=\"text-align: center;\"><\/p><p>Luego de dos semanas de intensos rounds de Polo, el torneo final de Polo del Hogar del Ni\u00f1o, tuvo lugar el viernes 17 de febrero, entre los equipos de \u201cLa Potranca\u201d y &nbsp;\u201cKIWI.\u201d El emocionante juego culmin\u00f3 con la victoria de \u201cLa Potranca\u201d en la Copa de Polo del Hogar del Ni\u00f1o \u2013 celebrado con algunas bebidas y entrega de premios!<\/p><p><em><strong><a href=\"https:\/\/casadecampoliving.com\/es\/2012\/02\/gran-victoria-para-la-potranca-en-el-torneo-de-polo-del-hogar-del-nino\/\">Haga click aqu\u00ed para m\u00e1s FOTOS y el art\u00edculo completo del torneo de polo!<\/a><\/strong><\/em><\/p><\/blockquote>\n\n\n\n<blockquote><p style=\"text-align: center;\"><strong style=\"text-align: center;\"><a href=\"https:\/\/casadecampoliving.com\/es\/2012\/02\/divertida-aventura-por-casa-de-campo-el-maraton-de-ciclismo-del-hogar-del-nino\/\">&nbsp;El Marat\u00f3n de Ciclismo<\/a><\/strong><\/p><figure><img decoding=\"async\" loading=\"lazy\" class=\"aligncenter size-full wp-image-45355\" title=\"cycling_casa_de_campo\" src=\"https:\/\/i0.wp.com\/casadecampoliving.com\/wp-content\/uploads\/2022\/10\/cycling_casa_de_campo-1.jpg?resize=585%2C402&amp;ssl=1\" alt=\"cycling casa de campo\" width=\"585\" height=\"402\"><\/figure><p style=\"text-align: center;\"><\/p><p>El segundo Marat\u00f3n de Ciclismo organizado por el Club Ca\u00f1eros y manejado por el due\u00f1o de villa, Sim\u00f3n L\u00f3pez, \u00e9ste empez\u00f3 en la ma\u00f1ana del s\u00e1bado 18 de febrero con la participaci\u00f3n de m\u00e1s de 50 due\u00f1os de villa de Casa de Campo que partieron desde la salida hacia la ruta asignada. Todo un \u00e9xito!<\/p><p><em><strong><a href=\"https:\/\/casadecampoliving.com\/es\/2012\/02\/divertida-aventura-por-casa-de-campo-el-maraton-de-ciclismo-del-hogar-del-nino\/\">Haga click aqu\u00ed para m\u00e1s FOTOS y el art\u00edculo completo del marat\u00f3n!<\/a><\/strong><\/em><\/p><\/blockquote>\n\n\n\n<blockquote><p style=\"text-align: center;\"><strong><a href=\"https:\/\/casadecampoliving.com\/es\/2012\/02\/el-disfrute-de-una-excelente-manana-de-buen-tenis-durante-el-fin-de-semana-del-hogar-del-nino\/\">Torneo de Tenis<\/a><\/strong><\/p><figure><img decoding=\"async\" loading=\"lazy\" class=\"aligncenter size-full wp-image-45360\" title=\"tennis_casa_de_campo\" src=\"https:\/\/i0.wp.com\/casadecampoliving.com\/wp-content\/uploads\/2022\/10\/tennis_casa_de_campo2-3.jpg?resize=585%2C410&amp;ssl=1\" alt=\"tennis casa de campo\" width=\"585\" height=\"410\"><\/figure><p style=\"text-align: center;\"><\/p><p style=\"text-align: left;\">Se realizaron numerosos y emocionantes partidos en las canchas de tenis, en donde una gran cantidad de due\u00f1os de villa de Casa de Campo participaron por una buena causa. El torneo de tenis, dividido en las categor\u00edas de damas y caballeros, se realizaron durante la ma\u00f1ana y la tarde.<\/p><p style=\"text-align: left;\"><em><strong><a href=\"https:\/\/casadecampoliving.com\/es\/2012\/02\/el-disfrute-de-una-excelente-manana-de-buen-tenis-durante-el-fin-de-semana-del-hogar-del-nino\/\">Haga click aqu\u00ed para m\u00e1s FOTOS y el art\u00edculo completo del torneo de tenis!<\/a><\/strong><\/em><\/p><\/blockquote>\n\n\n\n<blockquote><p style=\"text-align: center;\"><strong><a href=\"https:\/\/casadecampoliving.com\/es\/2012\/02\/mas-de-200-jugadores-se-dieron-cita-en-el-torneo-de-golf-del-fin-de-semana-del-hogar-del-nino\/\">Torneo de Golf<\/a><\/strong><\/p><figure><a href=\"https:\/\/i0.wp.com\/casadecampoliving.com\/wp-content\/uploads\/2022\/10\/golf_casa_de_campo3-9.jpg?ssl=1\"><img decoding=\"async\" loading=\"lazy\" class=\"aligncenter  wp-image-45353\" title=\"golf_casa_de_campo\" src=\"https:\/\/i0.wp.com\/casadecampoliving.com\/wp-content\/uploads\/2022\/10\/golf_casa_de_campo3-9.jpg?resize=585%2C418&amp;ssl=1\" alt=\"golf casa de campo\" width=\"585\" height=\"418\"><\/a><\/figure><p style=\"text-align: center;\"><\/p><p>Si bien se trata del Golf Resort L\u00edder del Mundo, no resultar\u00eda sorprendente que el golf fuera una de las actividades m\u00e1s populares del Fin de Semana Ben\u00e9fico del Hogar del Ni\u00f1o! M\u00e1s de 100 due\u00f1os de villa y aficionados del golf en Casa de Campo, se dieron cita en La Romana Country Club, para disfrutar del divertido torneo, adem\u00e1s de un par de cervezas y c\u00f3cteles!<\/p><p><em><strong><a href=\"https:\/\/casadecampoliving.com\/es\/2012\/02\/mas-de-200-jugadores-se-dieron-cita-en-el-torneo-de-golf-del-fin-de-semana-del-hogar-del-nino\/\">Haga click aqu\u00ed para m\u00e1s FOTOS y el art\u00edculo completo del torneo de golf!<\/a><\/strong><\/em><\/p><\/blockquote>\n\n\n\n<blockquote><p style=\"text-align: center;\"><strong><a href=\"https:\/\/casadecampoliving.com\/es\/2012\/03\/zumba-mania-energia-alegria-y-ritmo-durante-el-fin-de-semana-del-hogar-del-nino\/\">Zumba Master Class<\/a><\/strong><\/p><figure><img decoding=\"async\" loading=\"lazy\" class=\"aligncenter  wp-image-45350\" title=\"zumba_casa_de_campo\" src=\"https:\/\/i0.wp.com\/casadecampoliving.com\/wp-content\/uploads\/2022\/10\/zumba_casa_de_campo1.jpg?resize=585%2C369&amp;ssl=1\" alt=\"zumba casa de campo\" width=\"585\" height=\"369\"><\/figure><p style=\"text-align: center;\"><\/p><p style=\"text-align: left;\">La nueva obsesi\u00f3n de Salud y Belleza de Casa de Campo, el Zumba, tambi\u00e9n fue incluido en las actividades realizadas durante el fin de semana ben\u00e9fico \u2013 y dada su notable popularidad, puede que se convierta, a partir de ahora en una actividad tradicional. Es m\u00e1s popular entre el g\u00e9nero femenino y en esta ocasi\u00f3n, result\u00f3 ser todo un \u00e9xito dada la asistencia de las damas de Casa de Campo!<\/p><p style=\"text-align: left;\"><em><strong><a href=\"https:\/\/casadecampoliving.com\/es\/2012\/03\/zumba-mania-energia-alegria-y-ritmo-durante-el-fin-de-semana-del-hogar-del-nino\/\">Haga click aqu\u00ed para m\u00e1s FOTOS y el art\u00edculo completo del Zumba!<\/a><\/strong><\/em><\/p><\/blockquote>\n\n\n\n<blockquote><p style=\"text-align: center;\"><strong><a href=\"https:\/\/casadecampoliving.com\/es\/2012\/02\/bienvenidos-a-la-zona-verde-fiesta-de-clausura-del-fin-de-semana-del-hogar-del-nino\/\">Fiesta y Cena!<\/a><\/strong><\/p><figure><img decoding=\"async\" loading=\"lazy\" class=\"aligncenter size-full wp-image-45357\" title=\"xiomara_matos\" src=\"https:\/\/i0.wp.com\/casadecampoliving.com\/wp-content\/uploads\/2022\/10\/xiomara_matos-2.jpg?resize=585%2C406&amp;ssl=1\" alt=\"xiomara matos\" width=\"585\" height=\"406\"><\/figure><p style=\"text-align: center;\"><\/p><p style=\"text-align: left;\">Para los residentes y due\u00f1os de villa de Casa de Campo que participaron en el evento, la cena y fiesta realizada en La Romana Country Club fue una manera perfecta de culminar el fin de semana. Con una cena, baile, ceremonia de premiaci\u00f3n y un sin n\u00famero de emocionantes sorpresas \u2013 esta fue una noche para no olvidar!<\/p><p style=\"text-align: left;\"><em><strong><a href=\"https:\/\/casadecampoliving.com\/es\/2012\/02\/bienvenidos-a-la-zona-verde-fiesta-de-clausura-del-fin-de-semana-del-hogar-del-nino\/\">Haga click aqu\u00ed para m\u00e1s FOTOS de la celebraci\u00f3n!<\/a><\/strong><\/em><\/p><p style=\"text-align: left;\"><a href=\"https:\/\/casadecampoliving.com\/es\/2012\/03\/ceremonia-de-premios-en-la-cena-y-fiesta-zona-verde-del-hogar-del-nino\/\"><em><strong>Haga click aqu\u00ed para FOTOS de la&nbsp;entrega de premios<\/strong><\/em><\/a><\/p><\/blockquote>\n\n\n\n<blockquote><p style=\"text-align: center;\"><strong>\u201cLa Zona Verde\u201d \u2013 tem\u00e1tica de reciclaje!<\/strong><\/p><figure><img decoding=\"async\" loading=\"lazy\" class=\"aligncenter size-full wp-image-45356\" title=\"decorations_recycled\" src=\"https:\/\/i0.wp.com\/casadecampoliving.com\/wp-content\/uploads\/2022\/10\/decorations_recycled.jpg?resize=585%2C659&amp;ssl=1\" alt=\"recycled table decorations\" width=\"585\" height=\"659\"><\/figure><p style=\"text-align: center;\"><\/p><p style=\"text-align: left;\">El evento que fuera dedicado, este a\u00f1o, a la \u201cZona Verde\u201d, el centro educacional informal del Hogar del Ni\u00f1o, en el que los ni\u00f1os realizan sus actividades extracurriculares como m\u00fasica y drama, fue decorado con el uso de bolsas pl\u00e1sticas, botellas, cart\u00f3n, cristal, papel, peri\u00f3dico y revistas &nbsp;\u2013 &nbsp;y qu\u00e9 impacto caus\u00f3! Fue tal la impresi\u00f3n, que algunos de estos adornos fueron, al final, subastados por un precio de hasta US$800 \u2013 incluyendo vesitods dise\u00f1ados por Jenny Polanco, creado con bolsas pl\u00e1sticas, comprados por Ivonna Sosa for US$1,000!<\/p><\/blockquote>\n\n\n\n<blockquote><p style=\"text-align: center;\"><strong>Anuncio importante \u2013 Proyecto Deportivo y Cultural<\/strong><\/p><figure><a href=\"https:\/\/i0.wp.com\/casadecampoliving.com\/wp-content\/uploads\/2022\/10\/hogar_del_nino_deportes_cultura.jpg?ssl=1\"><img decoding=\"async\" loading=\"lazy\" class=\"aligncenter size-full wp-image-39873\" title=\"hogar_del_nino_deportes_cultura\" src=\"https:\/\/i0.wp.com\/casadecampoliving.com\/wp-content\/uploads\/2022\/10\/hogar_del_nino_deportes_cultura.jpg?resize=650%2C310&amp;ssl=1\" alt=\"hogar del nino \" width=\"650\" height=\"310\"><\/a><\/figure><p style=\"text-align: left;\">En la edici\u00f3n pasada, este evento fue dedicado a este proyecto, una iniciativa mediante la cual el Hogar del Ni\u00f1o tendr\u00eda la oportunidad de ofrecer a la comunidad de La Romana la facilidad de realizar eventos culturales. &nbsp;Un a\u00f1o despu\u00e9s, gracias a los esfuerzos de los colaboradores, &nbsp;Xiomara Matos, presidente de la fundaci\u00f3n, anunci\u00f3 que ya se est\u00e1 construyendo la facilidad!<\/p><p style=\"text-align: left;\"><em><strong><a href=\"https:\/\/casadecampoliving.com\/es\/2012\/01\/%C2%A1nuevo-pabellon-deportivo-y-cultural-del-hogar-del-nino-sera-una-hermosa-realidad\/\">Haga click aqu\u00ed para leer sobre esta facilidad.&nbsp;<\/a><\/strong><\/em><\/p><p style=\"text-align: left;\">M\u00e1s fotos y coberturas ser\u00e1n publicadas pronto!<\/p><\/blockquote>\n\n\n\n<blockquote><p><strong>El Hogar del Ni\u00f1o <\/strong><\/p><figure><img decoding=\"async\" loading=\"lazy\" class=\"alignright size-full wp-image-42063\" style=\"margin-left: 15px; margin-right: 15px;\" title=\"hogar_del_nino\" src=\"https:\/\/i0.wp.com\/casadecampoliving.com\/wp-content\/uploads\/2022\/10\/hogar_del_nino.jpg?resize=200%2C105&amp;ssl=1\" alt=\"hogar del nino \" width=\"200\" height=\"105\"><\/figure><p>El Hogar del Ni\u00f1o es un centro educacional y de cuidado para m\u00e1s de 1,500 ni\u00f1os, ubicado en el pueblo de La Romana, justo a las afueras de Casa de Campo. Ni\u00f1os que van desde los pocas semanas de nacidos hasta los 18 a\u00f1os de edad, son cuidados y educados a diario desde las 5:30am las 7pm.<\/p><p>La organizaci\u00f3n tambi\u00e9n provee educaci\u00f3n especial para ni\u00f1os especiales que padecen de ceguera o con limitaciones auditivas, al igual que una escuela vocacional en la que m\u00e1s de 235 estudiantes reciben educaci\u00f3n en las distintas \u00e1reas como: costura, preparaci\u00f3n industrial, mantenimiento e instalaci\u00f3n el\u00e9ctrica; manejo de programas de c\u00f3mputos.<\/p><figure><img decoding=\"async\" loading=\"lazy\" class=\"aligncenter size-full wp-image-45354\" title=\"hogar_del_nino_la_romana\" src=\"https:\/\/i0.wp.com\/casadecampoliving.com\/wp-content\/uploads\/2022\/10\/hogar_del_nino_la_romana.jpg?resize=550%2C299&amp;ssl=1\" alt=\"hogar del nino la romana\" width=\"550\" height=\"299\"><\/figure><p><strong><strong>Comun\u00edquese con el Hogar del Ni\u00f1o al:<\/strong><br>\n<strong>Tel:<\/strong>&nbsp;<a href=\"tel:%28809%29%20523-8901\" target=\"_blank\" rel=\"noopener\">(809) 523-8901<\/a>&nbsp;o al (809) 556-3181<br>\n<strong>Email:<\/strong>&nbsp;<a href=\"mailto:info@pbo.org.do\" target=\"_blank\" rel=\"noopener\">info@pbo.org.do<\/a><br>\n<strong>Sitio Web:<\/strong>&nbsp;<a href=\"http:\/\/www.hogardelnino.com\/\">www.hogardelnino.com<\/a><\/strong><\/p><\/blockquote>\n","protected":false},"excerpt":{"rendered":"<p>Cada a\u00f1o, el Fin de Semana Ben\u00e9fico del Hogar del Ni\u00f1o se pone mucho mejor! Este a\u00f1o con una atracci\u00f3n extra; Zumba Master Class, adem\u00e1s de actividades que pudieron disfrutar los due\u00f1os de villa de Casa de Campo y colaboradores del Hogar del ni\u00f1o!<\/p>\n","protected":false},"author":21,"featured_media":256439,"comment_status":"closed","ping_status":"closed","sticky":false,"template":"","format":"standard","meta":{"newspack_ads_suppress_ads":false,"newspack_popups_has_disabled_popups":false,"newspack_sponsor_sponsorship_scope":"","newspack_sponsor_native_byline_display":"inherit","newspack_sponsor_native_category_display":"inherit","newspack_sponsor_underwriter_style":"inherit","newspack_sponsor_underwriter_placement":"inherit","_newspack_byline_active":false,"_newspack_byline":"","newspack_hide_updated_date":false,"newspack_show_updated_date":false,"newspack_content_restriction_is_exempt":false,"newspack_featured_image_position":"","newspack_post_subtitle":"","newspack_article_summary_title":"Overview:","newspack_article_summary":"","_jetpack_memberships_contains_paid_content":false,"footnotes":"","jetpack_publicize_message":"","jetpack_publicize_feature_enabled":true,"jetpack_social_post_already_shared":false,"jetpack_social_options":{"image_generator_settings":{"template":"highway","default_image_id":0,"font":"","enabled":false},"version":2},"_wpas_customize_per_network":false},"categories":[2525,2522,2514,2516,14625,14627,26822,2526],"tags":[3626,176,14876,1850],"newspack_spnsrs_tax":[],"class_list":["post-338416","post","type-post","status-publish","format-standard","has-post-thumbnail","hentry","category-golf-deportes-es","category-eventos-es","category-fundaciones-es","category-hogar-del-nino-es","category-noticias-locales","category-proximamente","category-resort-casa-de-campo","category-titulares-es","tag-casa-de-campo-es","tag-golf","tag-hogar-del-nino-es","tag-zumba","entry"],"yoast_head":"<!-- This site is optimized with the Yoast SEO plugin v27.5 - https:\/\/yoast.com\/product\/yoast-seo-wordpress\/ -->\n<title>Una celebraci\u00f3n con el Hogar del Ni\u00f1o: Dedicada a la Zona Verde | Casa de Campo Living<\/title>\n<meta name=\"description\" content=\"Cada a\u00f1o, el Fin de Semana Ben\u00e9fico del Hogar del Ni\u00f1o se pone mucho mejor! Este a\u00f1o con una atracci\u00f3n extra; Zumba Master Class, adem\u00e1s de actividades\" \/>\n<meta name=\"robots\" content=\"index, follow, max-snippet:-1, max-image-preview:large, max-video-preview:-1\" \/>\n<link rel=\"canonical\" href=\"https:\/\/casadecampoliving.com\/es\/una-celebracion-con-el-hogar-del-nino-dedicada-a-la-zona-verde\/\" \/>\n<meta property=\"og:locale\" content=\"es_ES\" \/>\n<meta property=\"og:type\" content=\"article\" \/>\n<meta property=\"og:title\" content=\"Una celebraci\u00f3n con el Hogar del Ni\u00f1o: Dedicada a la Zona Verde | Casa de Campo Living\" \/>\n<meta property=\"og:description\" content=\"Cada a\u00f1o, el Fin de Semana Ben\u00e9fico del Hogar del Ni\u00f1o se pone mucho mejor! Este a\u00f1o con una atracci\u00f3n extra; Zumba Master Class, adem\u00e1s de actividades\" \/>\n<meta property=\"og:url\" content=\"https:\/\/casadecampoliving.com\/es\/una-celebracion-con-el-hogar-del-nino-dedicada-a-la-zona-verde\/\" \/>\n<meta property=\"og:site_name\" content=\"Casa de Campo Living\" \/>\n<meta property=\"article:publisher\" content=\"https:\/\/www.facebook.com\/casadecampoliving\" \/>\n<meta property=\"article:published_time\" content=\"2012-02-20T04:00:00+00:00\" \/>\n<meta property=\"article:modified_time\" content=\"2022-10-21T22:46:35+00:00\" \/>\n<meta property=\"og:image\" content=\"https:\/\/i0.wp.com\/casadecampoliving.com\/wp-content\/uploads\/2022\/10\/casa_de_campo_eventy-1.jpg?fit=650%2C366&ssl=1\" \/>\n\t<meta property=\"og:image:width\" content=\"650\" \/>\n\t<meta property=\"og:image:height\" content=\"366\" \/>\n\t<meta property=\"og:image:type\" content=\"image\/jpeg\" \/>\n<meta name=\"twitter:card\" content=\"summary_large_image\" \/>\n<meta name=\"twitter:creator\" content=\"@cdcliving\" \/>\n<meta name=\"twitter:site\" content=\"@cdcliving\" \/>\n<meta name=\"twitter:label1\" content=\"Escrito por\" \/>\n\t<meta name=\"twitter:data1\" content=\"\" \/>\n\t<meta name=\"twitter:label2\" content=\"Tiempo de lectura\" \/>\n\t<meta name=\"twitter:data2\" content=\"6 minutos\" \/>\n<script type=\"application\/ld+json\" class=\"yoast-schema-graph\">{\"@context\":\"https:\\\/\\\/schema.org\",\"@graph\":[{\"@type\":\"Article\",\"@id\":\"https:\\\/\\\/casadecampoliving.com\\\/es\\\/una-celebracion-con-el-hogar-del-nino-dedicada-a-la-zona-verde\\\/#article\",\"isPartOf\":{\"@id\":\"https:\\\/\\\/casadecampoliving.com\\\/es\\\/una-celebracion-con-el-hogar-del-nino-dedicada-a-la-zona-verde\\\/\"},\"author\":{\"name\":\"\",\"@id\":\"https:\\\/\\\/casadecampoliving.com\\\/es\\\/#\\\/schema\\\/person\\\/7e3b975d584a5f6ac0fd7128a81b0bc5\"},\"headline\":\"Una celebraci\u00f3n con el Hogar del Ni\u00f1o: Dedicada a la Zona Verde\",\"datePublished\":\"2012-02-20T04:00:00+00:00\",\"dateModified\":\"2022-10-21T22:46:35+00:00\",\"mainEntityOfPage\":{\"@id\":\"https:\\\/\\\/casadecampoliving.com\\\/es\\\/una-celebracion-con-el-hogar-del-nino-dedicada-a-la-zona-verde\\\/\"},\"wordCount\":1169,\"publisher\":{\"@id\":\"https:\\\/\\\/casadecampoliving.com\\\/es\\\/#organization\"},\"image\":{\"@id\":\"https:\\\/\\\/casadecampoliving.com\\\/es\\\/una-celebracion-con-el-hogar-del-nino-dedicada-a-la-zona-verde\\\/#primaryimage\"},\"thumbnailUrl\":\"https:\\\/\\\/i0.wp.com\\\/casadecampoliving.com\\\/wp-content\\\/uploads\\\/2022\\\/10\\\/casa_de_campo_eventy-1.jpg?fit=650%2C366&ssl=1\",\"keywords\":[\"casa de campo @es\",\"Golf\",\"hogar del nino\",\"zumba\"],\"articleSection\":[\"Deportes\",\"Eventos\",\"Fundaciones\",\"Hogar del Ni\u00f1o @es\",\"Noticias Locales\",\"Proximamente\",\"Resort Casa de Campo\",\"Titulares\"],\"inLanguage\":\"es\"},{\"@type\":\"WebPage\",\"@id\":\"https:\\\/\\\/casadecampoliving.com\\\/es\\\/una-celebracion-con-el-hogar-del-nino-dedicada-a-la-zona-verde\\\/\",\"url\":\"https:\\\/\\\/casadecampoliving.com\\\/es\\\/una-celebracion-con-el-hogar-del-nino-dedicada-a-la-zona-verde\\\/\",\"name\":\"Una celebraci\u00f3n con el Hogar del Ni\u00f1o: Dedicada a la Zona Verde | Casa de Campo Living\",\"isPartOf\":{\"@id\":\"https:\\\/\\\/casadecampoliving.com\\\/es\\\/#website\"},\"primaryImageOfPage\":{\"@id\":\"https:\\\/\\\/casadecampoliving.com\\\/es\\\/una-celebracion-con-el-hogar-del-nino-dedicada-a-la-zona-verde\\\/#primaryimage\"},\"image\":{\"@id\":\"https:\\\/\\\/casadecampoliving.com\\\/es\\\/una-celebracion-con-el-hogar-del-nino-dedicada-a-la-zona-verde\\\/#primaryimage\"},\"thumbnailUrl\":\"https:\\\/\\\/i0.wp.com\\\/casadecampoliving.com\\\/wp-content\\\/uploads\\\/2022\\\/10\\\/casa_de_campo_eventy-1.jpg?fit=650%2C366&ssl=1\",\"datePublished\":\"2012-02-20T04:00:00+00:00\",\"dateModified\":\"2022-10-21T22:46:35+00:00\",\"description\":\"Cada a\u00f1o, el Fin de Semana Ben\u00e9fico del Hogar del Ni\u00f1o se pone mucho mejor! Este a\u00f1o con una atracci\u00f3n extra; Zumba Master Class, adem\u00e1s de actividades\",\"breadcrumb\":{\"@id\":\"https:\\\/\\\/casadecampoliving.com\\\/es\\\/una-celebracion-con-el-hogar-del-nino-dedicada-a-la-zona-verde\\\/#breadcrumb\"},\"inLanguage\":\"es\",\"potentialAction\":[{\"@type\":\"ReadAction\",\"target\":[\"https:\\\/\\\/casadecampoliving.com\\\/es\\\/una-celebracion-con-el-hogar-del-nino-dedicada-a-la-zona-verde\\\/\"]}]},{\"@type\":\"ImageObject\",\"inLanguage\":\"es\",\"@id\":\"https:\\\/\\\/casadecampoliving.com\\\/es\\\/una-celebracion-con-el-hogar-del-nino-dedicada-a-la-zona-verde\\\/#primaryimage\",\"url\":\"https:\\\/\\\/i0.wp.com\\\/casadecampoliving.com\\\/wp-content\\\/uploads\\\/2022\\\/10\\\/casa_de_campo_eventy-1.jpg?fit=650%2C366&ssl=1\",\"contentUrl\":\"https:\\\/\\\/i0.wp.com\\\/casadecampoliving.com\\\/wp-content\\\/uploads\\\/2022\\\/10\\\/casa_de_campo_eventy-1.jpg?fit=650%2C366&ssl=1\",\"width\":650,\"height\":366,\"caption\":\"casa de campo event\"},{\"@type\":\"BreadcrumbList\",\"@id\":\"https:\\\/\\\/casadecampoliving.com\\\/es\\\/una-celebracion-con-el-hogar-del-nino-dedicada-a-la-zona-verde\\\/#breadcrumb\",\"itemListElement\":[{\"@type\":\"ListItem\",\"position\":1,\"name\":\"Home\",\"item\":\"https:\\\/\\\/casadecampoliving.com\\\/es\\\/\"},{\"@type\":\"ListItem\",\"position\":2,\"name\":\"Una celebraci\u00f3n con el Hogar del Ni\u00f1o: Dedicada a la Zona Verde\"}]},{\"@type\":\"WebSite\",\"@id\":\"https:\\\/\\\/casadecampoliving.com\\\/es\\\/#website\",\"url\":\"https:\\\/\\\/casadecampoliving.com\\\/es\\\/\",\"name\":\"Casa de Campo Living\",\"description\":\"Resort community news and resources.\",\"publisher\":{\"@id\":\"https:\\\/\\\/casadecampoliving.com\\\/es\\\/#organization\"},\"potentialAction\":[{\"@type\":\"SearchAction\",\"target\":{\"@type\":\"EntryPoint\",\"urlTemplate\":\"https:\\\/\\\/casadecampoliving.com\\\/es\\\/?s={search_term_string}\"},\"query-input\":{\"@type\":\"PropertyValueSpecification\",\"valueRequired\":true,\"valueName\":\"search_term_string\"}}],\"inLanguage\":\"es\"},{\"@type\":\"Organization\",\"@id\":\"https:\\\/\\\/casadecampoliving.com\\\/es\\\/#organization\",\"name\":\"Casa de Campo Living\",\"url\":\"https:\\\/\\\/casadecampoliving.com\\\/es\\\/\",\"logo\":{\"@type\":\"ImageObject\",\"inLanguage\":\"es\",\"@id\":\"https:\\\/\\\/casadecampoliving.com\\\/es\\\/#\\\/schema\\\/logo\\\/image\\\/\",\"url\":\"https:\\\/\\\/i0.wp.com\\\/casadecampoliving.com\\\/wp-content\\\/uploads\\\/2022\\\/07\\\/CDCLivingLogo_V1-white-sized.png?fit=800%2C214&ssl=1\",\"contentUrl\":\"https:\\\/\\\/i0.wp.com\\\/casadecampoliving.com\\\/wp-content\\\/uploads\\\/2022\\\/07\\\/CDCLivingLogo_V1-white-sized.png?fit=800%2C214&ssl=1\",\"width\":800,\"height\":214,\"caption\":\"Casa de Campo Living\"},\"image\":{\"@id\":\"https:\\\/\\\/casadecampoliving.com\\\/es\\\/#\\\/schema\\\/logo\\\/image\\\/\"},\"sameAs\":[\"https:\\\/\\\/www.facebook.com\\\/casadecampoliving\",\"https:\\\/\\\/x.com\\\/cdcliving\"]},{\"@type\":\"Person\",\"@id\":\"https:\\\/\\\/casadecampoliving.com\\\/es\\\/#\\\/schema\\\/person\\\/7e3b975d584a5f6ac0fd7128a81b0bc5\",\"name\":\"\",\"image\":{\"@type\":\"ImageObject\",\"inLanguage\":\"es\",\"@id\":\"https:\\\/\\\/secure.gravatar.com\\\/avatar\\\/?s=96&d=mm&r=g\",\"url\":\"https:\\\/\\\/secure.gravatar.com\\\/avatar\\\/?s=96&d=mm&r=g\",\"contentUrl\":\"https:\\\/\\\/secure.gravatar.com\\\/avatar\\\/?s=96&d=mm&r=g\"},\"url\":\"https:\\\/\\\/casadecampoliving.com\\\/es\\\/author\\\/ \\\/\"}]}<\/script>\n<!-- \/ Yoast SEO plugin. -->","yoast_head_json":{"title":"Una celebraci\u00f3n con el Hogar del Ni\u00f1o: Dedicada a la Zona Verde | Casa de Campo Living","description":"Cada a\u00f1o, el Fin de Semana Ben\u00e9fico del Hogar del Ni\u00f1o se pone mucho mejor! Este a\u00f1o con una atracci\u00f3n extra; Zumba Master Class, adem\u00e1s de actividades","robots":{"index":"index","follow":"follow","max-snippet":"max-snippet:-1","max-image-preview":"max-image-preview:large","max-video-preview":"max-video-preview:-1"},"canonical":"https:\/\/casadecampoliving.com\/es\/una-celebracion-con-el-hogar-del-nino-dedicada-a-la-zona-verde\/","og_locale":"es_ES","og_type":"article","og_title":"Una celebraci\u00f3n con el Hogar del Ni\u00f1o: Dedicada a la Zona Verde | Casa de Campo Living","og_description":"Cada a\u00f1o, el Fin de Semana Ben\u00e9fico del Hogar del Ni\u00f1o se pone mucho mejor! Este a\u00f1o con una atracci\u00f3n extra; Zumba Master Class, adem\u00e1s de actividades","og_url":"https:\/\/casadecampoliving.com\/es\/una-celebracion-con-el-hogar-del-nino-dedicada-a-la-zona-verde\/","og_site_name":"Casa de Campo Living","article_publisher":"https:\/\/www.facebook.com\/casadecampoliving","article_published_time":"2012-02-20T04:00:00+00:00","article_modified_time":"2022-10-21T22:46:35+00:00","og_image":[{"width":650,"height":366,"url":"https:\/\/i0.wp.com\/casadecampoliving.com\/wp-content\/uploads\/2022\/10\/casa_de_campo_eventy-1.jpg?fit=650%2C366&ssl=1","type":"image\/jpeg"}],"twitter_card":"summary_large_image","twitter_creator":"@cdcliving","twitter_site":"@cdcliving","twitter_misc":{"Escrito por":"","Tiempo de lectura":"6 minutos"},"schema":{"@context":"https:\/\/schema.org","@graph":[{"@type":"Article","@id":"https:\/\/casadecampoliving.com\/es\/una-celebracion-con-el-hogar-del-nino-dedicada-a-la-zona-verde\/#article","isPartOf":{"@id":"https:\/\/casadecampoliving.com\/es\/una-celebracion-con-el-hogar-del-nino-dedicada-a-la-zona-verde\/"},"author":{"name":"","@id":"https:\/\/casadecampoliving.com\/es\/#\/schema\/person\/7e3b975d584a5f6ac0fd7128a81b0bc5"},"headline":"Una celebraci\u00f3n con el Hogar del Ni\u00f1o: Dedicada a la Zona Verde","datePublished":"2012-02-20T04:00:00+00:00","dateModified":"2022-10-21T22:46:35+00:00","mainEntityOfPage":{"@id":"https:\/\/casadecampoliving.com\/es\/una-celebracion-con-el-hogar-del-nino-dedicada-a-la-zona-verde\/"},"wordCount":1169,"publisher":{"@id":"https:\/\/casadecampoliving.com\/es\/#organization"},"image":{"@id":"https:\/\/casadecampoliving.com\/es\/una-celebracion-con-el-hogar-del-nino-dedicada-a-la-zona-verde\/#primaryimage"},"thumbnailUrl":"https:\/\/i0.wp.com\/casadecampoliving.com\/wp-content\/uploads\/2022\/10\/casa_de_campo_eventy-1.jpg?fit=650%2C366&ssl=1","keywords":["casa de campo @es","Golf","hogar del nino","zumba"],"articleSection":["Deportes","Eventos","Fundaciones","Hogar del Ni\u00f1o @es","Noticias Locales","Proximamente","Resort Casa de Campo","Titulares"],"inLanguage":"es"},{"@type":"WebPage","@id":"https:\/\/casadecampoliving.com\/es\/una-celebracion-con-el-hogar-del-nino-dedicada-a-la-zona-verde\/","url":"https:\/\/casadecampoliving.com\/es\/una-celebracion-con-el-hogar-del-nino-dedicada-a-la-zona-verde\/","name":"Una celebraci\u00f3n con el Hogar del Ni\u00f1o: Dedicada a la Zona Verde | Casa de Campo Living","isPartOf":{"@id":"https:\/\/casadecampoliving.com\/es\/#website"},"primaryImageOfPage":{"@id":"https:\/\/casadecampoliving.com\/es\/una-celebracion-con-el-hogar-del-nino-dedicada-a-la-zona-verde\/#primaryimage"},"image":{"@id":"https:\/\/casadecampoliving.com\/es\/una-celebracion-con-el-hogar-del-nino-dedicada-a-la-zona-verde\/#primaryimage"},"thumbnailUrl":"https:\/\/i0.wp.com\/casadecampoliving.com\/wp-content\/uploads\/2022\/10\/casa_de_campo_eventy-1.jpg?fit=650%2C366&ssl=1","datePublished":"2012-02-20T04:00:00+00:00","dateModified":"2022-10-21T22:46:35+00:00","description":"Cada a\u00f1o, el Fin de Semana Ben\u00e9fico del Hogar del Ni\u00f1o se pone mucho mejor! Este a\u00f1o con una atracci\u00f3n extra; Zumba Master Class, adem\u00e1s de actividades","breadcrumb":{"@id":"https:\/\/casadecampoliving.com\/es\/una-celebracion-con-el-hogar-del-nino-dedicada-a-la-zona-verde\/#breadcrumb"},"inLanguage":"es","potentialAction":[{"@type":"ReadAction","target":["https:\/\/casadecampoliving.com\/es\/una-celebracion-con-el-hogar-del-nino-dedicada-a-la-zona-verde\/"]}]},{"@type":"ImageObject","inLanguage":"es","@id":"https:\/\/casadecampoliving.com\/es\/una-celebracion-con-el-hogar-del-nino-dedicada-a-la-zona-verde\/#primaryimage","url":"https:\/\/i0.wp.com\/casadecampoliving.com\/wp-content\/uploads\/2022\/10\/casa_de_campo_eventy-1.jpg?fit=650%2C366&ssl=1","contentUrl":"https:\/\/i0.wp.com\/casadecampoliving.com\/wp-content\/uploads\/2022\/10\/casa_de_campo_eventy-1.jpg?fit=650%2C366&ssl=1","width":650,"height":366,"caption":"casa de campo event"},{"@type":"BreadcrumbList","@id":"https:\/\/casadecampoliving.com\/es\/una-celebracion-con-el-hogar-del-nino-dedicada-a-la-zona-verde\/#breadcrumb","itemListElement":[{"@type":"ListItem","position":1,"name":"Home","item":"https:\/\/casadecampoliving.com\/es\/"},{"@type":"ListItem","position":2,"name":"Una celebraci\u00f3n con el Hogar del Ni\u00f1o: Dedicada a la Zona Verde"}]},{"@type":"WebSite","@id":"https:\/\/casadecampoliving.com\/es\/#website","url":"https:\/\/casadecampoliving.com\/es\/","name":"Casa de Campo Living","description":"Resort community news and resources.","publisher":{"@id":"https:\/\/casadecampoliving.com\/es\/#organization"},"potentialAction":[{"@type":"SearchAction","target":{"@type":"EntryPoint","urlTemplate":"https:\/\/casadecampoliving.com\/es\/?s={search_term_string}"},"query-input":{"@type":"PropertyValueSpecification","valueRequired":true,"valueName":"search_term_string"}}],"inLanguage":"es"},{"@type":"Organization","@id":"https:\/\/casadecampoliving.com\/es\/#organization","name":"Casa de Campo Living","url":"https:\/\/casadecampoliving.com\/es\/","logo":{"@type":"ImageObject","inLanguage":"es","@id":"https:\/\/casadecampoliving.com\/es\/#\/schema\/logo\/image\/","url":"https:\/\/i0.wp.com\/casadecampoliving.com\/wp-content\/uploads\/2022\/07\/CDCLivingLogo_V1-white-sized.png?fit=800%2C214&ssl=1","contentUrl":"https:\/\/i0.wp.com\/casadecampoliving.com\/wp-content\/uploads\/2022\/07\/CDCLivingLogo_V1-white-sized.png?fit=800%2C214&ssl=1","width":800,"height":214,"caption":"Casa de Campo Living"},"image":{"@id":"https:\/\/casadecampoliving.com\/es\/#\/schema\/logo\/image\/"},"sameAs":["https:\/\/www.facebook.com\/casadecampoliving","https:\/\/x.com\/cdcliving"]},{"@type":"Person","@id":"https:\/\/casadecampoliving.com\/es\/#\/schema\/person\/7e3b975d584a5f6ac0fd7128a81b0bc5","name":"","image":{"@type":"ImageObject","inLanguage":"es","@id":"https:\/\/secure.gravatar.com\/avatar\/?s=96&d=mm&r=g","url":"https:\/\/secure.gravatar.com\/avatar\/?s=96&d=mm&r=g","contentUrl":"https:\/\/secure.gravatar.com\/avatar\/?s=96&d=mm&r=g"},"url":"https:\/\/casadecampoliving.com\/es\/author\/ \/"}]}},"parsely":{"version":"1.1.0","canonical_url":"https:\/\/casadecampoliving.com\/es\/una-celebracion-con-el-hogar-del-nino-dedicada-a-la-zona-verde\/","smart_links":{"inbound":0,"outbound":0},"traffic_boost_suggestions_count":0,"meta":{"@context":"https:\/\/schema.org","@type":"NewsArticle","headline":"Una celebraci\u00f3n con el Hogar del Ni\u00f1o: Dedicada a la Zona Verde","url":"http:\/\/casadecampoliving.com\/es\/una-celebracion-con-el-hogar-del-nino-dedicada-a-la-zona-verde\/","mainEntityOfPage":{"@type":"WebPage","@id":"http:\/\/casadecampoliving.com\/es\/una-celebracion-con-el-hogar-del-nino-dedicada-a-la-zona-verde\/"},"thumbnailUrl":"https:\/\/i0.wp.com\/casadecampoliving.com\/wp-content\/uploads\/2022\/10\/casa_de_campo_eventy-1.jpg?resize=150%2C150&ssl=1","image":{"@type":"ImageObject","url":"https:\/\/i0.wp.com\/casadecampoliving.com\/wp-content\/uploads\/2022\/10\/casa_de_campo_eventy-1.jpg?fit=650%2C366&ssl=1"},"articleSection":"Deportes","author":[{"@type":"Person","name":"FB_515917546"}],"creator":["FB_515917546"],"publisher":{"@type":"Organization","name":"Casa de Campo Living","logo":"https:\/\/casadecampoliving.com\/wp-content\/uploads\/2022\/07\/CDCLivingLogo_V1-white-sized.png"},"keywords":["casa de campo @es","golf","hogar del nino","zumba"],"dateCreated":"2012-02-20T04:00:00Z","datePublished":"2012-02-20T04:00:00Z","dateModified":"2022-10-21T22:46:35Z"},"rendered":"<script type=\"application\/ld+json\" class=\"wp-parsely-metadata\">{\"@context\":\"https:\\\/\\\/schema.org\",\"@type\":\"NewsArticle\",\"headline\":\"Una celebraci\\u00f3n con el Hogar del Ni\\u00f1o: Dedicada a la Zona Verde\",\"url\":\"http:\\\/\\\/casadecampoliving.com\\\/es\\\/una-celebracion-con-el-hogar-del-nino-dedicada-a-la-zona-verde\\\/\",\"mainEntityOfPage\":{\"@type\":\"WebPage\",\"@id\":\"http:\\\/\\\/casadecampoliving.com\\\/es\\\/una-celebracion-con-el-hogar-del-nino-dedicada-a-la-zona-verde\\\/\"},\"thumbnailUrl\":\"https:\\\/\\\/i0.wp.com\\\/casadecampoliving.com\\\/wp-content\\\/uploads\\\/2022\\\/10\\\/casa_de_campo_eventy-1.jpg?resize=150%2C150&ssl=1\",\"image\":{\"@type\":\"ImageObject\",\"url\":\"https:\\\/\\\/i0.wp.com\\\/casadecampoliving.com\\\/wp-content\\\/uploads\\\/2022\\\/10\\\/casa_de_campo_eventy-1.jpg?fit=650%2C366&ssl=1\"},\"articleSection\":\"Deportes\",\"author\":[{\"@type\":\"Person\",\"name\":\"FB_515917546\"}],\"creator\":[\"FB_515917546\"],\"publisher\":{\"@type\":\"Organization\",\"name\":\"Casa de Campo Living\",\"logo\":\"https:\\\/\\\/casadecampoliving.com\\\/wp-content\\\/uploads\\\/2022\\\/07\\\/CDCLivingLogo_V1-white-sized.png\"},\"keywords\":[\"casa de campo @es\",\"golf\",\"hogar del nino\",\"zumba\"],\"dateCreated\":\"2012-02-20T04:00:00Z\",\"datePublished\":\"2012-02-20T04:00:00Z\",\"dateModified\":\"2022-10-21T22:46:35Z\"}<\/script>","tracker_url":"https:\/\/cdn.parsely.com\/keys\/casadecampoliving.com\/p.js"},"jetpack_publicize_connections":[],"jetpack_featured_media_url":"https:\/\/i0.wp.com\/casadecampoliving.com\/wp-content\/uploads\/2022\/10\/casa_de_campo_eventy-1.jpg?fit=650%2C366&ssl=1","jetpack-related-posts":[{"id":338372,"url":"https:\/\/casadecampoliving.com\/es\/novedad-zumba-master-class-se-une-a-las-actividades-del-fin-de-semana-benefico-del-hogar-del-nino\/","url_meta":{"origin":338416,"position":0},"title":"NOVEDAD! \u00abZumba Master Class\u00bb se une a las actividades del Fin de Semana Ben\u00e9fico del Hogar del Ni\u00f1o!","author":"","date":"10 Feb, 2012","format":false,"excerpt":"Luego del gran \u00e9xito obtenido con la actividad ben\u00e9fica del \u201cZumbathon\u201d, realizado en noviembre por el Hogar del Ni\u00f1o en La Marina Casa de Campo, la clase \u201cZumba Master Class\u201d se ha agregado a la lista de eventos y actividades que se llevar\u00e1n a cabo durante el Fin de Semana\u2026","rel":"","context":"En \u00abDestacados\u00bb","block_context":{"text":"Destacados","link":"https:\/\/casadecampoliving.com\/es\/category\/destacados\/"},"img":{"alt_text":"zumbathon marina casa de campo","src":"https:\/\/casadecampoliving.com\/wp-content\/uploads\/2011\/12\/jpg","width":350,"height":200,"srcset":"https:\/\/casadecampoliving.com\/wp-content\/uploads\/2011\/12\/jpg 1x, https:\/\/casadecampoliving.com\/wp-content\/uploads\/2011\/12\/jpg 1.5x"},"classes":[]},{"id":340546,"url":"https:\/\/casadecampoliving.com\/es\/se-acerca-el-fin-de-semana-benefico-del-hogar-del-nino-golf-tenis-ciclismo-zumba-polo-bailes-y-mucho-mas\/","url_meta":{"origin":338416,"position":1},"title":"\u00a1Se acerca el Fin de Semana Ben\u00e9fico del Hogar del Ni\u00f1o! Golf, tenis, ciclismo, zumba, polo, bailes y mucho m\u00e1s!","author":"","date":"31 Ene, 2013","format":false,"excerpt":"Est\u00e1n listos para pasarla bien en nombre de una causa a\u00fan m\u00e1s fabulosa? Entonces, prep\u00e1rese para el Fin de Semana Ben\u00e9fico del Hogar del Ni\u00f1o, el cual, \u00e9ste a\u00f1o estar\u00e1 celebrado su XVI edici\u00f3n el pr\u00f3ximo 15 y el 16 de febrero. Con un programa de actividades para toda la\u2026","rel":"","context":"En \u00abCountry Club La Romana\u00bb","block_context":{"text":"Country Club La Romana","link":"https:\/\/casadecampoliving.com\/es\/category\/country-club-la-romana-es\/"},"img":{"alt_text":"casa de campo event","src":"https:\/\/i0.wp.com\/casadecampoliving.com\/wp-content\/uploads\/2022\/10\/casa_de_campo_eventy-1.jpg?fit=650%2C366&ssl=1&resize=350%2C200","width":350,"height":200,"srcset":"https:\/\/i0.wp.com\/casadecampoliving.com\/wp-content\/uploads\/2022\/10\/casa_de_campo_eventy-1.jpg?fit=650%2C366&ssl=1&resize=350%2C200 1x, https:\/\/i0.wp.com\/casadecampoliving.com\/wp-content\/uploads\/2022\/10\/casa_de_campo_eventy-1.jpg?fit=650%2C366&ssl=1&resize=525%2C300 1.5x"},"classes":[]},{"id":338436,"url":"https:\/\/casadecampoliving.com\/es\/zumba-mania-energia-alegria-y-ritmo-durante-el-fin-de-semana-del-hogar-del-nino\/","url_meta":{"origin":338416,"position":2},"title":"Zumba man\u00eda! Energ\u00eda, alegr\u00eda y ritmo durante el fin de semana del Hogar del Ni\u00f1o!","author":"","date":"2 Mar, 2012","format":false,"excerpt":"Zumba, la nueva obsesi\u00f3n de Salud y Belleza de Casa de Campo fue incluida entre las m\u00falitples actividades realizadas durante el fin de semana ben\u00e9fico del Hogar del Ni\u00f1o y por primera vez en este a\u00f1o! Y dada su gran popularidad y acogida por parte de los miembros de Casa\u2026","rel":"","context":"En \u00abEventos\u00bb","block_context":{"text":"Eventos","link":"https:\/\/casadecampoliving.com\/es\/category\/eventos-es\/"},"img":{"alt_text":"zumba casa de campo","src":"https:\/\/i0.wp.com\/casadecampoliving.com\/wp-content\/uploads\/2022\/10\/zumba_casa_de_campo-3.jpg?fit=650%2C475&ssl=1&resize=350%2C200","width":350,"height":200,"srcset":"https:\/\/i0.wp.com\/casadecampoliving.com\/wp-content\/uploads\/2022\/10\/zumba_casa_de_campo-3.jpg?fit=650%2C475&ssl=1&resize=350%2C200 1x, https:\/\/i0.wp.com\/casadecampoliving.com\/wp-content\/uploads\/2022\/10\/zumba_casa_de_campo-3.jpg?fit=650%2C475&ssl=1&resize=525%2C300 1.5x"},"classes":[]},{"id":340636,"url":"https:\/\/casadecampoliving.com\/es\/el-hogar-del-nino-anuncia-una-fiesta-playera-con-fogatas-y-sin-necesidad-de-usar-zapatos\/","url_meta":{"origin":338416,"position":3},"title":"El Hogar del Ni\u00f1o anuncia una \u00abFiesta Playera\u00bb &#8211; con fogatas y sin necesidad de usar zapatos!","author":"","date":"13 Feb, 2013","format":false,"excerpt":"NOTICIA DE \u00daLTIMO MINUTO! El Hogar del Ni\u00f1o, quienes estar\u00e1n celebrando su XVI Fin de Semana Ben\u00e9fico este s\u00e1bado 16 de febrero de 2013, acaba de anunciar que la cena, este a\u00f1o, ser\u00e1 celebrada en la Playa Minitas \u2013 con la tem\u00e1tica de \u201cFiesta Playera\u201d! En un pasado, la cena\u2026","rel":"","context":"En \u00abComidas &amp; Bebidas\u00bb","block_context":{"text":"Comidas &amp; Bebidas","link":"https:\/\/casadecampoliving.com\/es\/category\/comidas-bebidas\/"},"img":{"alt_text":"hogar del nino","src":"https:\/\/i0.wp.com\/casadecampoliving.com\/wp-content\/uploads\/2022\/10\/hogar_del_nino-17.jpg?fit=650%2C300&ssl=1&resize=350%2C200","width":350,"height":200,"srcset":"https:\/\/i0.wp.com\/casadecampoliving.com\/wp-content\/uploads\/2022\/10\/hogar_del_nino-17.jpg?fit=650%2C300&ssl=1&resize=350%2C200 1x, https:\/\/i0.wp.com\/casadecampoliving.com\/wp-content\/uploads\/2022\/10\/hogar_del_nino-17.jpg?fit=650%2C300&ssl=1&resize=525%2C300 1.5x"},"classes":[]},{"id":353115,"url":"https:\/\/casadecampoliving.com\/es\/marque-la-fecha-en-su-calendario-para-la-22o-edicion-del-fin-de-semana-hogar-del-nino\/","url_meta":{"origin":338416,"position":4},"title":"\u00a1Marque la fecha en su calendario para la 22\u00ba edici\u00f3n del Fin de Semana Hogar del Ni\u00f1o!","author":"Casa de Campo Living","date":"7 Ene, 2019","format":false,"excerpt":"\u00a1El a\u00f1o nuevo acaba de comenzar y ya tenemos eventos para anotar en nuestro calendario! El 22\u00ba fin de semana anual del Hogar del Ni\u00f1o se llevar\u00e1 a cabo los d\u00edas 15 y 16 de febrero, es la manera perfecta de pasar un buen rato y ser caritativo. Casa de\u2026","rel":"","context":"En \u00abEstilo de Vida\u00bb","block_context":{"text":"Estilo de Vida","link":"https:\/\/casadecampoliving.com\/es\/category\/estilo-de-vida\/"},"img":{"alt_text":"Hogar del NI\u00f1o Weekend","src":"https:\/\/i0.wp.com\/casadecampoliving.com\/wp-content\/uploads\/2022\/10\/Eduardo-Guerra-Renata-Son%CC%83e-3.jpg?fit=1000%2C667&ssl=1&resize=350%2C200","width":350,"height":200,"srcset":"https:\/\/i0.wp.com\/casadecampoliving.com\/wp-content\/uploads\/2022\/10\/Eduardo-Guerra-Renata-Son%CC%83e-3.jpg?fit=1000%2C667&ssl=1&resize=350%2C200 1x, https:\/\/i0.wp.com\/casadecampoliving.com\/wp-content\/uploads\/2022\/10\/Eduardo-Guerra-Renata-Son%CC%83e-3.jpg?fit=1000%2C667&ssl=1&resize=525%2C300 1.5x, https:\/\/i0.wp.com\/casadecampoliving.com\/wp-content\/uploads\/2022\/10\/Eduardo-Guerra-Renata-Son%CC%83e-3.jpg?fit=1000%2C667&ssl=1&resize=700%2C400 2x"},"classes":[]},{"id":350909,"url":"https:\/\/casadecampoliving.com\/es\/20ma-edicion-del-fin-de-semana-hogar-del-nino\/","url_meta":{"origin":338416,"position":5},"title":"\u00a1Marque la fecha en su calendario para la 20ma. edici\u00f3n del Fin de Semana Hogar del Ni\u00f1o!","author":"Marlenys Guzm\u00e1n Casta\u00f1os","date":"13 Dic, 2016","format":false,"excerpt":"\u00a1El nuevo a\u00f1o a\u00fan no ha comenzado y ya tenemos eventos para anotar en nuestro calendario! El pr\u00f3ximo a\u00f1o, los d\u00edas 17 y 18 de febrero se estar\u00e1 realizando el Fin de Semana Anual del Hogar del Ni\u00f1o \u00a1que adem\u00e1s celebrar\u00e1 su 20mo aniversario!! Casa de Campo volver\u00e1 a ser\u2026","rel":"","context":"En \u00abRep\u00fablica Dominicana @es\u00bb","block_context":{"text":"Rep\u00fablica Dominicana @es","link":"https:\/\/casadecampoliving.com\/es\/category\/republica-dominicana-2\/"},"img":{"alt_text":"Hogar del Ni\u00f1o Weekend","src":"https:\/\/i0.wp.com\/casadecampoliving.com\/wp-content\/uploads\/2022\/10\/DSC_0765-e1481643338130.jpg?fit=1000%2C667&ssl=1&resize=350%2C200","width":350,"height":200,"srcset":"https:\/\/i0.wp.com\/casadecampoliving.com\/wp-content\/uploads\/2022\/10\/DSC_0765-e1481643338130.jpg?fit=1000%2C667&ssl=1&resize=350%2C200 1x, https:\/\/i0.wp.com\/casadecampoliving.com\/wp-content\/uploads\/2022\/10\/DSC_0765-e1481643338130.jpg?fit=1000%2C667&ssl=1&resize=525%2C300 1.5x, https:\/\/i0.wp.com\/casadecampoliving.com\/wp-content\/uploads\/2022\/10\/DSC_0765-e1481643338130.jpg?fit=1000%2C667&ssl=1&resize=700%2C400 2x"},"classes":[]}],"jetpack_sharing_enabled":true,"_links":{"self":[{"href":"https:\/\/casadecampoliving.com\/es\/wp-json\/wp\/v2\/posts\/338416","targetHints":{"allow":["GET"]}}],"collection":[{"href":"https:\/\/casadecampoliving.com\/es\/wp-json\/wp\/v2\/posts"}],"about":[{"href":"https:\/\/casadecampoliving.com\/es\/wp-json\/wp\/v2\/types\/post"}],"author":[{"embeddable":true,"href":"https:\/\/casadecampoliving.com\/es\/wp-json\/wp\/v2\/users\/21"}],"replies":[{"embeddable":true,"href":"https:\/\/casadecampoliving.com\/es\/wp-json\/wp\/v2\/comments?post=338416"}],"version-history":[{"count":1,"href":"https:\/\/casadecampoliving.com\/es\/wp-json\/wp\/v2\/posts\/338416\/revisions"}],"predecessor-version":[{"id":338417,"href":"https:\/\/casadecampoliving.com\/es\/wp-json\/wp\/v2\/posts\/338416\/revisions\/338417"}],"wp:featuredmedia":[{"embeddable":true,"href":"https:\/\/casadecampoliving.com\/es\/wp-json\/wp\/v2\/media\/256439"}],"wp:attachment":[{"href":"https:\/\/casadecampoliving.com\/es\/wp-json\/wp\/v2\/media?parent=338416"}],"wp:term":[{"taxonomy":"category","embeddable":true,"href":"https:\/\/casadecampoliving.com\/es\/wp-json\/wp\/v2\/categories?post=338416"},{"taxonomy":"post_tag","embeddable":true,"href":"https:\/\/casadecampoliving.com\/es\/wp-json\/wp\/v2\/tags?post=338416"},{"taxonomy":"newspack_spnsrs_tax","embeddable":true,"href":"https:\/\/casadecampoliving.com\/es\/wp-json\/wp\/v2\/newspack_spnsrs_tax?post=338416"}],"curies":[{"name":"wp","href":"https:\/\/api.w.org\/{rel}","templated":true}]}}