{"id":338406,"date":"2012-02-17T00:00:00","date_gmt":"2012-02-17T04:00:00","guid":{"rendered":"https:\/\/casadecampoliving.com\/este-fin-de-semana-en-casa-17-al-19-de-feb\/"},"modified":"2022-10-21T18:46:10","modified_gmt":"2022-10-21T22:46:10","slug":"este-fin-de-semana-en-casa-17-al-19-de-feb","status":"publish","type":"post","link":"https:\/\/casadecampoliving.com\/es\/este-fin-de-semana-en-casa-17-al-19-de-feb\/","title":{"rendered":"Este Fin de Semana en Casa: 17 al 19 de Feb!"},"content":{"rendered":"<div class=\"wp-block-image\">\n<figure class=\"aligncenter is-resized\"><img loading=\"lazy\" decoding=\"async\" src=\"https:\/\/i0.wp.com\/casadecampoliving.com\/wp-content\/uploads\/2022\/10\/altos_de_chavon1-30.jpg?resize=650%2C350&amp;ssl=1\" alt=\"\" class=\"wp-image-43296\" title=\"altos_de_chavon\" height=\"350\" width=\"650\"\/><\/figure>\n<\/div>\n\n\n<p class=\"wp-block-paragraph\">Este fin de semana Casa de Campo&nbsp;es de pura fiesta, la primera en&nbsp;<a href=\"http:\/\/wp.me\/p1kvEy-bt2\">Onno\u2019s bar<\/a>, seguido de las m\u00faltiples actividades deportivas y eventos de<a href=\"https:\/\/casadecampoliving.com\/es\/2012\/02\/el-xv-fin-de-semana-benefico-del-hogar-del-nino-un-sin-fin-de-actividades-para-su-diversion\/\">l Fin de Semana Ben\u00e9fico del Hogar del Ni\u00f1o<\/a>! Disfrute!<br>\n<\/p>\n\n\n\n<!--more-->\n\n\n\n<blockquote><h3>Estos eventos, actividades y especiales aplican para la semana de:<\/h3><h2>Viernes 2 Feb \u2013 Domingo 5 Feb<\/h2><\/blockquote>\n\n\n\n<p class=\"wp-block-paragraph\"><strong><a href=\"http:\/\/wp.me\/p1kvEy-abH\">Haga click para ver la cartelera de cine y los trailers<\/a><\/strong><strong><strong><a href=\"https:\/\/i0.wp.com\/casadecampoliving.com\/wp-content\/uploads\/2022\/10\/casa_de_campo4-9.jpg?ssl=1\"> <img decoding=\"async\" loading=\"lazy\" class=\"alignnone size-full wp-image-36859\" title=\"casa_de_campo\" src=\"https:\/\/i0.wp.com\/casadecampoliving.com\/wp-content\/uploads\/2022\/10\/casa_de_campo4-9.jpg?resize=550%2C32&amp;ssl=1\" alt=\"\" width=\"550\" height=\"32\"><\/a><\/strong><\/strong><\/p>\n\n\n\n<p class=\"wp-block-paragraph\"><strong><strong><strong><a href=\"https:\/\/casadecampoliving.com\/es\/2012\/01\/hernandez-en-chavon-la-nueva-exhibicion-de-arte-se-inaugurara-el-jueves-2-de-febrero\/\">Exhibici\u00f3n de Arte \u201cHern\u00e1ndez en Chav\u00f3n\u201d<\/a><\/strong><br>\n<strong>Hora<\/strong>:&nbsp;<\/strong><\/strong>9am-6pm<strong><strong><br>\n<strong>Lugar<\/strong>:&nbsp;<\/strong><\/strong>Galer\u00eda de Arte, Altos de Chav\u00f3n<strong><strong><br>\n<strong><a href=\"https:\/\/casadecampoliving.com\/es\/2012\/01\/hernandez-en-chavon-la-nueva-exhibicion-de-arte-se-inaugurara-el-jueves-2-de-febrero\/\">Haga click aqu\u00ed para m\u00e1s info!<\/a>&nbsp;&nbsp;<\/strong><\/strong><\/strong><\/p>\n\n\n\n<p class=\"wp-block-paragraph\"><a href=\"https:\/\/casadecampoliving.com\/es\/2012\/02\/ibi-yachts-rumbo-a-la-exhibicion-de-la-xxiv-show-de-yates-y-corredores-en-miami\/\"><strong>XXV Show de Yates en Miami Beach<\/strong><\/a><br>\n<strong>Lugar:<\/strong>&nbsp;Miami Beach<br>\n<strong>Hora:&nbsp;<\/strong>10am -8pm<br>\n<strong><a href=\"https:\/\/casadecampoliving.com\/es\/2012\/02\/ibi-yachts-rumbo-a-la-exhibicion-de-la-xxiv-show-de-yates-y-corredores-en-miami\/\">Haga click aqu\u00ed para m\u00e1s info!<\/a><\/strong><\/p>\n\n\n\n<blockquote class=\"wp-block-quote is-layout-flow wp-block-quote-is-layout-flow\"><p><strong><a href=\"https:\/\/casadecampoliving.com\/es\/2012\/02\/el-xv-fin-de-semana-benefico-del-hogar-del-nino-un-sin-fin-de-actividades-para-su-diversion\/\">XV Fin de Semana del Hogar del Ni\u00f1o: El Tour&nbsp;<\/a><\/strong><br>\n<strong>Lugar<\/strong>: Hogar del Ni\u00f1o, La Romana<br>\n<strong>Hora<\/strong>: Partiendo a las 10am desde recepci\u00f3n del Hotel Casa de Campo<br>\n<a href=\"https:\/\/casadecampoliving.com\/es\/2012\/02\/el-xv-fin-de-semana-benefico-del-hogar-del-nino-un-sin-fin-de-actividades-para-su-diversion\/\"><strong>Haga click aqu\u00ed para m\u00e1s info!<\/strong>&nbsp;<\/a><\/p><\/blockquote>\n\n\n\n<blockquote class=\"wp-block-quote is-layout-flow wp-block-quote-is-layout-flow\"><p><strong><a href=\"https:\/\/casadecampoliving.com\/es\/2012\/02\/el-xv-fin-de-semana-benefico-del-hogar-del-nino-un-sin-fin-de-actividades-para-su-diversion\/\">Tour de Casas y Jardines de Casa de Campo&nbsp;<\/a><\/strong><br>\n<strong>Lugar<\/strong>: Un tour por algunas espectaculares villas de Casa de Campo<br>\n<strong>Costo<\/strong>:&nbsp;US$50<br>\n<strong>Hora<\/strong>:&nbsp; 2pm \u2013 6pm<br>\n<strong><a href=\"https:\/\/casadecampoliving.com\/es\/2012\/02\/el-xv-fin-de-semana-benefico-del-hogar-del-nino-un-sin-fin-de-actividades-para-su-diversion\/\">Haga click aqu\u00ed para m\u00e1s info!<\/a><\/strong><\/p><p><strong><a href=\"https:\/\/casadecampoliving.com\/es\/2012\/02\/el-torneo-de-polo-del-hogar-del-nino-se-realizara-del-8-al-17-febrero\/\">Torneo de Polo Hogar del Ni\u00f1o \u2013 Final&nbsp;<\/a><\/strong><br>\n<strong>Lugar<\/strong>: Campos de polo de Casa de Campo<br>\n<strong>Hora<\/strong>: 4pm-7pm<br>\n<strong><a href=\"https:\/\/casadecampoliving.com\/es\/2012\/02\/el-torneo-de-polo-del-hogar-del-nino-se-realizara-del-8-al-17-febrero\/\">Haga click aqu\u00ed para m\u00e1s info!<\/a><\/strong><\/p><p><a href=\"http:\/\/wp.me\/p1kvEy-bt2\"><strong>DJ Justin James&nbsp;<\/strong><\/a><br>\n<strong>Lugar:<\/strong>&nbsp;Onno\u2019s bar en Altos de Chav\u00f3n, Casa de Campo<br>\n<strong>Hora<\/strong>: 9pm<br>\n<strong><a href=\"http:\/\/wp.me\/p1kvEy-bt2\">Haga click aqu\u00ed para m\u00e1s info!<\/a><\/strong><\/p><\/blockquote>\n\n\n\n<figure class=\"wp-block-image is-resized\"><img loading=\"lazy\" decoding=\"async\" src=\"https:\/\/i0.wp.com\/casadecampoliving.com\/wp-content\/uploads\/2022\/10\/casa_de_campo21-2.jpg?resize=550%2C32&amp;ssl=1\" alt=\"\" class=\"wp-image-36861\" title=\"casa_de_campo2\" height=\"32\" width=\"550\"\/><\/figure>\n\n\n\n<p class=\"wp-block-paragraph\"><a href=\"https:\/\/casadecampoliving.com\/wp-content\/uploads\/2022\/10\/casa_de_campo21-2.jpg\"><strong><strong><\/strong><\/strong><\/a><\/p>\n\n\n\n<p class=\"wp-block-paragraph\"><strong><strong><a href=\"https:\/\/casadecampoliving.com\/es\/2012\/01\/hernandez-en-chavon-la-nueva-exhibicion-de-arte-se-inaugurara-el-jueves-2-de-febrero\/\">Exhibici\u00f3n de Arte \u201cHern\u00e1ndez en Chav\u00f3n\u201d<\/a><\/strong><br>\n<strong>Hora<\/strong>:&nbsp;<\/strong>9am-6pm<strong><br>\n<strong>Lugar<\/strong>:&nbsp;<\/strong>Galer\u00eda de Arte, Altos de Chav\u00f3n<strong><br>\n<strong><a href=\"https:\/\/casadecampoliving.com\/es\/2012\/01\/hernandez-en-chavon-la-nueva-exhibicion-de-arte-se-inaugurara-el-jueves-2-de-febrero\/\">Haga click aqu\u00ed para m\u00e1s info!<\/a>&nbsp;<\/strong><\/strong><\/p>\n\n\n\n<p class=\"wp-block-paragraph\"><a href=\"https:\/\/casadecampoliving.com\/es\/2012\/02\/ibi-yachts-rumbo-a-la-exhibicion-de-la-xxiv-show-de-yates-y-corredores-en-miami\/\"><strong>XXV Show de Yates en Miami Beach<\/strong><\/a><br>\n<strong>Lugar:<\/strong>&nbsp;Miami Beach<br>\n<strong>Hora:&nbsp;<\/strong>10am -8pm<br>\n<strong><a href=\"https:\/\/casadecampoliving.com\/es\/2012\/02\/ibi-yachts-rumbo-a-la-exhibicion-de-la-xxiv-show-de-yates-y-corredores-en-miami\/\">Haga click aqu\u00ed para m\u00e1s info!<\/a><\/strong><\/p>\n\n\n\n<blockquote class=\"wp-block-quote is-layout-flow wp-block-quote-is-layout-flow\"><p><strong><a href=\"https:\/\/casadecampoliving.com\/es\/2012\/02\/el-xv-fin-de-semana-benefico-del-hogar-del-nino-un-sin-fin-de-actividades-para-su-diversion\/\">Torneo de Golf<br>\n<\/a>Lugar:&nbsp;<\/strong>La Romana Country Club, Casa de Campo<br>\n<strong>Hora:<\/strong>&nbsp;Parte de 8am o 1:30pm&nbsp;<strong><br>\nCosto:<\/strong>&nbsp;US$225 (incluye golf y cena)<br>\n<strong><a href=\"https:\/\/casadecampoliving.com\/es\/2012\/02\/el-xv-fin-de-semana-benefico-del-hogar-del-nino-un-sin-fin-de-actividades-para-su-diversion\/\">Haga click aqu\u00ed para m\u00e1s info!<\/a><\/strong><\/p><p><strong><a href=\"https:\/\/casadecampoliving.com\/es\/2012\/02\/el-xv-fin-de-semana-benefico-del-hogar-del-nino-un-sin-fin-de-actividades-para-su-diversion\/\">Torneo de Tenis<\/a><br>\nLugar:&nbsp;<\/strong>La Romana Country Club, Casa de Campo<br>\n<strong>Hora:&nbsp;<\/strong>8am o 1:30pm&nbsp;<strong><br>\nCosto:<\/strong>&nbsp;US$225 (incluye tenis y cena)<br>\n<strong><a href=\"https:\/\/casadecampoliving.com\/es\/2012\/02\/el-xv-fin-de-semana-benefico-del-hogar-del-nino-un-sin-fin-de-actividades-para-su-diversion\/\">Haga click aqu\u00ed para m\u00e1s info!<\/a><\/strong><\/p><p><strong><a href=\"https:\/\/casadecampoliving.com\/es\/2012\/02\/el-xv-fin-de-semana-benefico-del-hogar-del-nino-un-sin-fin-de-actividades-para-su-diversion\/\">Marat\u00f3n de ciclismo \u2013 Fin de semana del&nbsp;<strong>Hogar del Ni\u00f1o&nbsp;<\/strong><\/a><br>\nLugar: <\/strong>Parte de La Romana Country Club con ruta por alrededor de Casa de Campo<strong><br>\nHora:&nbsp;<\/strong>8:30am \u2013 12:30pm<strong><br>\nCosto:&nbsp;<\/strong>US$25<br>\n<strong><a href=\"https:\/\/casadecampoliving.com\/es\/2012\/02\/el-xv-fin-de-semana-benefico-del-hogar-del-nino-un-sin-fin-de-actividades-para-su-diversion\/\">Haga click aqu\u00ed para m\u00e1s info!<\/a><\/strong><\/p><p><strong><a href=\"https:\/\/casadecampoliving.com\/es\/2012\/02\/el-xv-fin-de-semana-benefico-del-hogar-del-nino-un-sin-fin-de-actividades-para-su-diversion\/\">Ball Drop \u2013 Fin de semana del Hogar del Ni\u00f1o&nbsp;<\/a><\/strong><br>\n<strong>Lugar:<\/strong>&nbsp;La Romana Country Club, Casa de Campo<br>\n<strong>Hora:&nbsp;<\/strong>&nbsp;8:30am \u2013 12:30pm<br>\n<strong>Costo:<\/strong>&nbsp;A\u00fan por anunciar, pero puede rondar por $US25 por 5<br>\n<strong><a href=\"https:\/\/casadecampoliving.com\/es\/2012\/02\/el-xv-fin-de-semana-benefico-del-hogar-del-nino-un-sin-fin-de-actividades-para-su-diversion\/\">Haga click aqu\u00ed para m\u00e1s info!<\/a><\/strong><\/p><p><strong><a href=\"https:\/\/casadecampoliving.com\/es\/2012\/02\/el-xv-fin-de-semana-benefico-del-hogar-del-nino-un-sin-fin-de-actividades-para-su-diversion\/\">Zumba Master Class \u2013 Fin de semana del&nbsp;<strong>Hogar del Ni\u00f1o<\/strong><\/a><\/strong><br>\n<strong>Hora:<\/strong>&nbsp;4pm \u2013 5:30pm<br>\n<strong>Lugar:<\/strong>&nbsp;La Romana Country Club<br>\n<strong>Costo:<\/strong>&nbsp;$15 por persona<br>\n<strong>Contacto:<\/strong>&nbsp;809.523.8201 or 809.556.3181<br>\n<strong><a href=\"https:\/\/casadecampoliving.com\/es\/2012\/02\/el-xv-fin-de-semana-benefico-del-hogar-del-nino-un-sin-fin-de-actividades-para-su-diversion\/\">Haga click aqu\u00ed para m\u00e1s info!<\/a><\/strong><\/p><p><strong><a href=\"https:\/\/casadecampoliving.com\/es\/2012\/02\/el-xv-fin-de-semana-benefico-del-hogar-del-nino-un-sin-fin-de-actividades-para-su-diversion\/\">Cena y fiesta del Hogar del Ni\u00f1o<\/a><br>\n<\/strong><strong>Lugar:<\/strong>&nbsp;La Romana Country Club, Casa de Campo<br>\n<strong>Hora:&nbsp;<\/strong>7pm<br>\n<strong>Costo:&nbsp;<\/strong>US$125<br>\n<strong><a href=\"https:\/\/casadecampoliving.com\/es\/2012\/02\/el-xv-fin-de-semana-benefico-del-hogar-del-nino-un-sin-fin-de-actividades-para-su-diversion\/\">Haga click aqu\u00ed para m\u00e1s info!<\/a><\/strong><\/p><p><a href=\"http:\/\/wp.me\/p1kvEy-bFT\"><strong>\u201cLounge Party with DJ Laz\u201d<\/strong><\/a><br>\n<strong>Lugar<\/strong>:&nbsp;\u00c1rea&nbsp;del bar en La Romana Country Club, Casa de Campo<br>\n<strong>Hora<\/strong>: comenzando a las 11pm<br>\n<strong><a href=\"http:\/\/wp.me\/p1kvEy-bFT\">Haga click aqu\u00ed para m\u00e1s info!<\/a><\/strong><\/p><\/blockquote>\n\n\n\n<figure class=\"wp-block-image is-resized\"><a href=\"https:\/\/i0.wp.com\/casadecampoliving.com\/wp-content\/uploads\/2022\/10\/casa_de_campo31-2.jpg?ssl=1\"><img loading=\"lazy\" decoding=\"async\" src=\"https:\/\/i0.wp.com\/casadecampoliving.com\/wp-content\/uploads\/2022\/10\/casa_de_campo31-2.jpg?resize=550%2C32&amp;ssl=1\" alt=\"\" class=\"wp-image-36862\" title=\"casa_de_campo3\" height=\"32\" width=\"550\"\/><\/a><\/figure>\n\n\n\n<p class=\"wp-block-paragraph\"><span style=\"text-decoration: underline;\"><\/span><\/p>\n\n\n\n<p class=\"wp-block-paragraph\"><strong><strong><a href=\"https:\/\/casadecampoliving.com\/es\/2012\/01\/hernandez-en-chavon-la-nueva-exhibicion-de-arte-se-inaugurara-el-jueves-2-de-febrero\/\">Exhibici\u00f3n de Arte \u201cHern\u00e1ndez en Chav\u00f3n\u201d<\/a><\/strong><br>\n<strong>Hora<\/strong>:&nbsp;<\/strong>9am-6pm<strong><br>\n<strong>Lugar<\/strong>:&nbsp;<\/strong>Galer\u00eda de Arte, Altos de Chav\u00f3n<strong><br>\n<strong><a href=\"https:\/\/casadecampoliving.com\/es\/2012\/01\/hernandez-en-chavon-la-nueva-exhibicion-de-arte-se-inaugurara-el-jueves-2-de-febrero\/\">Haga click aqu\u00ed para m\u00e1s info!<\/a>&nbsp;<\/strong><\/strong><\/p>\n\n\n\n<p class=\"wp-block-paragraph\"><a href=\"https:\/\/casadecampoliving.com\/es\/2012\/02\/ibi-yachts-rumbo-a-la-exhibicion-de-la-xxiv-show-de-yates-y-corredores-en-miami\/\"><strong>XXV Show de Yates en Miami Beach<\/strong><\/a><br>\n<strong>Lugar:<\/strong>&nbsp;Miami Beach<br>\n<strong>Hora:&nbsp;<\/strong>10am -8pm<br>\n<strong><a href=\"https:\/\/casadecampoliving.com\/es\/2012\/02\/ibi-yachts-rumbo-a-la-exhibicion-de-la-xxiv-show-de-yates-y-corredores-en-miami\/\">Haga click aqu\u00ed para m\u00e1s info!<\/a><\/strong><\/p>\n\n\n\n<p class=\"wp-block-paragraph\"><strong><a href=\"https:\/\/casadecampoliving.com\/es\/2012\/02\/el-v-festival-procigar-llega-a-casa-de-campo-el-19-de-febrero\/\">Festival Procigar 2012!<\/a><\/strong><br>\n<strong>Where<\/strong>: C\u00f3ctel de bienvenida en el Victory Club en La Marina Casa de Campo, Casa de Campo<strong><br>\n<\/strong><strong><a href=\"https:\/\/casadecampoliving.com\/es\/2012\/02\/el-v-festival-procigar-llega-a-casa-de-campo-el-19-de-febrero\/\">Haga click aqu\u00ed para m\u00e1s info!<\/a><\/strong><\/p>\n","protected":false},"excerpt":{"rendered":"<p>Este fin de semana Casa de Campo&nbsp;es de pura fiesta, la primera en&nbsp;Onno\u2019s bar, seguido de las m\u00faltiples actividades deportivas y eventos del Fin de Semana Ben\u00e9fico del Hogar del Ni\u00f1o! Disfrute!<\/p>\n","protected":false},"author":21,"featured_media":245538,"comment_status":"closed","ping_status":"closed","sticky":false,"template":"","format":"standard","meta":{"newspack_ads_suppress_ads":false,"newspack_popups_has_disabled_popups":false,"newspack_sponsor_sponsorship_scope":"","newspack_sponsor_native_byline_display":"inherit","newspack_sponsor_native_category_display":"inherit","newspack_sponsor_underwriter_style":"inherit","newspack_sponsor_underwriter_placement":"inherit","_newspack_byline_active":false,"_newspack_byline":"","newspack_hide_updated_date":false,"newspack_show_updated_date":false,"newspack_featured_image_position":"","newspack_post_subtitle":"","newspack_article_summary_title":"Overview:","newspack_article_summary":"","_jetpack_memberships_contains_paid_content":false,"footnotes":"","jetpack_publicize_message":"{title}\n\n{excerpt}\n\n{url}","jetpack_publicize_feature_enabled":true,"jetpack_social_post_already_shared":false,"jetpack_social_options":{"image_generator_settings":{"template":"highway","default_image_id":0,"font":"","enabled":false},"version":2},"_wpas_customize_per_network":false},"categories":[14625,26822],"tags":[4484,2820],"newspack_spnsrs_tax":[],"class_list":["post-338406","post","type-post","status-publish","format-standard","has-post-thumbnail","hentry","category-noticias-locales","category-resort-casa-de-campo","tag-el-hogar-del-nino","tag-este-fin-de-semana-en-casa-de-campo","entry"],"yoast_head":"<!-- This site is optimized with the Yoast SEO plugin v28.3 - https:\/\/yoast.com\/product\/yoast-seo-wordpress\/ -->\n<title>Este Fin de Semana en Casa: 17 al 19 de Feb! | Casa de Campo Living<\/title>\n<meta name=\"description\" content=\"Este fin de semana Casa de Campo&nbsp;es de pura fiesta, la primera en&nbsp;Onno\u2019s bar, seguido de las m\u00faltiples actividades deportivas y eventos del Fin\" \/>\n<meta name=\"robots\" content=\"index, follow, max-snippet:-1, max-image-preview:large, max-video-preview:-1\" \/>\n<link rel=\"canonical\" href=\"https:\/\/casadecampoliving.com\/es\/este-fin-de-semana-en-casa-17-al-19-de-feb\/\" \/>\n<meta property=\"og:locale\" content=\"es_ES\" \/>\n<meta property=\"og:type\" content=\"article\" \/>\n<meta property=\"og:title\" content=\"Este Fin de Semana en Casa: 17 al 19 de Feb! | Casa de Campo Living\" \/>\n<meta property=\"og:description\" content=\"Este fin de semana Casa de Campo&nbsp;es de pura fiesta, la primera en&nbsp;Onno\u2019s bar, seguido de las m\u00faltiples actividades deportivas y eventos del Fin\" \/>\n<meta property=\"og:url\" content=\"https:\/\/casadecampoliving.com\/es\/este-fin-de-semana-en-casa-17-al-19-de-feb\/\" \/>\n<meta property=\"og:site_name\" content=\"Casa de Campo Living\" \/>\n<meta property=\"article:publisher\" content=\"https:\/\/www.facebook.com\/casadecampoliving\" \/>\n<meta property=\"article:published_time\" content=\"2012-02-17T04:00:00+00:00\" \/>\n<meta property=\"article:modified_time\" content=\"2022-10-21T22:46:10+00:00\" \/>\n<meta property=\"og:image\" content=\"https:\/\/i0.wp.com\/casadecampoliving.com\/wp-content\/uploads\/2022\/10\/altos_de_chavon-18.jpg?fit=650%2C350&ssl=1\" \/>\n\t<meta property=\"og:image:width\" content=\"650\" \/>\n\t<meta property=\"og:image:height\" content=\"350\" \/>\n\t<meta property=\"og:image:type\" content=\"image\/jpeg\" \/>\n<meta name=\"twitter:card\" content=\"summary_large_image\" \/>\n<meta name=\"twitter:creator\" content=\"@cdcliving\" \/>\n<meta name=\"twitter:site\" content=\"@cdcliving\" \/>\n<meta name=\"twitter:label1\" content=\"Escrito por\" \/>\n\t<meta name=\"twitter:data1\" content=\"\" \/>\n\t<meta name=\"twitter:label2\" content=\"Tiempo de lectura\" \/>\n\t<meta name=\"twitter:data2\" content=\"3 minutos\" \/>\n<script type=\"application\/ld+json\" class=\"yoast-schema-graph\">{\"@context\":\"https:\\\/\\\/schema.org\",\"@graph\":[{\"@type\":\"Article\",\"@id\":\"https:\\\/\\\/casadecampoliving.com\\\/es\\\/este-fin-de-semana-en-casa-17-al-19-de-feb\\\/#article\",\"isPartOf\":{\"@id\":\"https:\\\/\\\/casadecampoliving.com\\\/es\\\/este-fin-de-semana-en-casa-17-al-19-de-feb\\\/\"},\"author\":{\"name\":\"\",\"@id\":\"https:\\\/\\\/casadecampoliving.com\\\/es\\\/#\\\/schema\\\/person\\\/7e3b975d584a5f6ac0fd7128a81b0bc5\"},\"headline\":\"Este Fin de Semana en Casa: 17 al 19 de Feb!\",\"datePublished\":\"2012-02-17T04:00:00+00:00\",\"dateModified\":\"2022-10-21T22:46:10+00:00\",\"mainEntityOfPage\":{\"@id\":\"https:\\\/\\\/casadecampoliving.com\\\/es\\\/este-fin-de-semana-en-casa-17-al-19-de-feb\\\/\"},\"wordCount\":642,\"publisher\":{\"@id\":\"https:\\\/\\\/casadecampoliving.com\\\/es\\\/#organization\"},\"image\":{\"@id\":\"https:\\\/\\\/casadecampoliving.com\\\/es\\\/este-fin-de-semana-en-casa-17-al-19-de-feb\\\/#primaryimage\"},\"thumbnailUrl\":\"https:\\\/\\\/i0.wp.com\\\/casadecampoliving.com\\\/wp-content\\\/uploads\\\/2022\\\/10\\\/altos_de_chavon-18.jpg?fit=650%2C350&ssl=1\",\"keywords\":[\"el hogar del nino\",\"este fin de semana en casa de campo\"],\"articleSection\":[\"Noticias Locales\",\"Resort Casa de Campo\"],\"inLanguage\":\"es\"},{\"@type\":\"WebPage\",\"@id\":\"https:\\\/\\\/casadecampoliving.com\\\/es\\\/este-fin-de-semana-en-casa-17-al-19-de-feb\\\/\",\"url\":\"https:\\\/\\\/casadecampoliving.com\\\/es\\\/este-fin-de-semana-en-casa-17-al-19-de-feb\\\/\",\"name\":\"Este Fin de Semana en Casa: 17 al 19 de Feb! | Casa de Campo Living\",\"isPartOf\":{\"@id\":\"https:\\\/\\\/casadecampoliving.com\\\/es\\\/#website\"},\"primaryImageOfPage\":{\"@id\":\"https:\\\/\\\/casadecampoliving.com\\\/es\\\/este-fin-de-semana-en-casa-17-al-19-de-feb\\\/#primaryimage\"},\"image\":{\"@id\":\"https:\\\/\\\/casadecampoliving.com\\\/es\\\/este-fin-de-semana-en-casa-17-al-19-de-feb\\\/#primaryimage\"},\"thumbnailUrl\":\"https:\\\/\\\/i0.wp.com\\\/casadecampoliving.com\\\/wp-content\\\/uploads\\\/2022\\\/10\\\/altos_de_chavon-18.jpg?fit=650%2C350&ssl=1\",\"datePublished\":\"2012-02-17T04:00:00+00:00\",\"dateModified\":\"2022-10-21T22:46:10+00:00\",\"description\":\"Este fin de semana Casa de Campo&nbsp;es de pura fiesta, la primera en&nbsp;Onno\u2019s bar, seguido de las m\u00faltiples actividades deportivas y eventos del Fin\",\"breadcrumb\":{\"@id\":\"https:\\\/\\\/casadecampoliving.com\\\/es\\\/este-fin-de-semana-en-casa-17-al-19-de-feb\\\/#breadcrumb\"},\"inLanguage\":\"es\",\"potentialAction\":[{\"@type\":\"ReadAction\",\"target\":[\"https:\\\/\\\/casadecampoliving.com\\\/es\\\/este-fin-de-semana-en-casa-17-al-19-de-feb\\\/\"]}]},{\"@type\":\"ImageObject\",\"inLanguage\":\"es\",\"@id\":\"https:\\\/\\\/casadecampoliving.com\\\/es\\\/este-fin-de-semana-en-casa-17-al-19-de-feb\\\/#primaryimage\",\"url\":\"https:\\\/\\\/i0.wp.com\\\/casadecampoliving.com\\\/wp-content\\\/uploads\\\/2022\\\/10\\\/altos_de_chavon-18.jpg?fit=650%2C350&ssl=1\",\"contentUrl\":\"https:\\\/\\\/i0.wp.com\\\/casadecampoliving.com\\\/wp-content\\\/uploads\\\/2022\\\/10\\\/altos_de_chavon-18.jpg?fit=650%2C350&ssl=1\",\"width\":650,\"height\":350},{\"@type\":\"BreadcrumbList\",\"@id\":\"https:\\\/\\\/casadecampoliving.com\\\/es\\\/este-fin-de-semana-en-casa-17-al-19-de-feb\\\/#breadcrumb\",\"itemListElement\":[{\"@type\":\"ListItem\",\"position\":1,\"name\":\"Home\",\"item\":\"https:\\\/\\\/casadecampoliving.com\\\/es\\\/\"},{\"@type\":\"ListItem\",\"position\":2,\"name\":\"Este Fin de Semana en Casa: 17 al 19 de Feb!\"}]},{\"@type\":\"WebSite\",\"@id\":\"https:\\\/\\\/casadecampoliving.com\\\/es\\\/#website\",\"url\":\"https:\\\/\\\/casadecampoliving.com\\\/es\\\/\",\"name\":\"Casa de Campo Living\",\"description\":\"Resort community news and resources.\",\"publisher\":{\"@id\":\"https:\\\/\\\/casadecampoliving.com\\\/es\\\/#organization\"},\"potentialAction\":[{\"@type\":\"SearchAction\",\"target\":{\"@type\":\"EntryPoint\",\"urlTemplate\":\"https:\\\/\\\/casadecampoliving.com\\\/es\\\/?s={search_term_string}\"},\"query-input\":{\"@type\":\"PropertyValueSpecification\",\"valueRequired\":true,\"valueName\":\"search_term_string\"}}],\"inLanguage\":\"es\"},{\"@type\":\"Organization\",\"@id\":\"https:\\\/\\\/casadecampoliving.com\\\/es\\\/#organization\",\"name\":\"Casa de Campo Living\",\"url\":\"https:\\\/\\\/casadecampoliving.com\\\/es\\\/\",\"logo\":{\"@type\":\"ImageObject\",\"inLanguage\":\"es\",\"@id\":\"https:\\\/\\\/casadecampoliving.com\\\/es\\\/#\\\/schema\\\/logo\\\/image\\\/\",\"url\":\"https:\\\/\\\/i0.wp.com\\\/casadecampoliving.com\\\/wp-content\\\/uploads\\\/2022\\\/07\\\/CDCLivingLogo_V1-white-sized.png?fit=800%2C214&ssl=1\",\"contentUrl\":\"https:\\\/\\\/i0.wp.com\\\/casadecampoliving.com\\\/wp-content\\\/uploads\\\/2022\\\/07\\\/CDCLivingLogo_V1-white-sized.png?fit=800%2C214&ssl=1\",\"width\":800,\"height\":214,\"caption\":\"Casa de Campo Living\"},\"image\":{\"@id\":\"https:\\\/\\\/casadecampoliving.com\\\/es\\\/#\\\/schema\\\/logo\\\/image\\\/\"},\"sameAs\":[\"https:\\\/\\\/www.facebook.com\\\/casadecampoliving\",\"https:\\\/\\\/x.com\\\/cdcliving\"]},{\"@type\":\"Person\",\"@id\":\"https:\\\/\\\/casadecampoliving.com\\\/es\\\/#\\\/schema\\\/person\\\/7e3b975d584a5f6ac0fd7128a81b0bc5\",\"name\":\"\",\"image\":{\"@type\":\"ImageObject\",\"inLanguage\":\"es\",\"@id\":\"https:\\\/\\\/secure.gravatar.com\\\/avatar\\\/?s=96&d=mm&r=g\",\"url\":\"https:\\\/\\\/secure.gravatar.com\\\/avatar\\\/?s=96&d=mm&r=g\",\"contentUrl\":\"https:\\\/\\\/secure.gravatar.com\\\/avatar\\\/?s=96&d=mm&r=g\"},\"url\":\"https:\\\/\\\/casadecampoliving.com\\\/es\\\/author\\\/ \\\/\"}]}<\/script>\n<!-- \/ Yoast SEO plugin. -->","yoast_head_json":{"title":"Este Fin de Semana en Casa: 17 al 19 de Feb! | Casa de Campo Living","description":"Este fin de semana Casa de Campo&nbsp;es de pura fiesta, la primera en&nbsp;Onno\u2019s bar, seguido de las m\u00faltiples actividades deportivas y eventos del Fin","robots":{"index":"index","follow":"follow","max-snippet":"max-snippet:-1","max-image-preview":"max-image-preview:large","max-video-preview":"max-video-preview:-1"},"canonical":"https:\/\/casadecampoliving.com\/es\/este-fin-de-semana-en-casa-17-al-19-de-feb\/","og_locale":"es_ES","og_type":"article","og_title":"Este Fin de Semana en Casa: 17 al 19 de Feb! | Casa de Campo Living","og_description":"Este fin de semana Casa de Campo&nbsp;es de pura fiesta, la primera en&nbsp;Onno\u2019s bar, seguido de las m\u00faltiples actividades deportivas y eventos del Fin","og_url":"https:\/\/casadecampoliving.com\/es\/este-fin-de-semana-en-casa-17-al-19-de-feb\/","og_site_name":"Casa de Campo Living","article_publisher":"https:\/\/www.facebook.com\/casadecampoliving","article_published_time":"2012-02-17T04:00:00+00:00","article_modified_time":"2022-10-21T22:46:10+00:00","og_image":[{"width":650,"height":350,"url":"https:\/\/i0.wp.com\/casadecampoliving.com\/wp-content\/uploads\/2022\/10\/altos_de_chavon-18.jpg?fit=650%2C350&ssl=1","type":"image\/jpeg"}],"twitter_card":"summary_large_image","twitter_creator":"@cdcliving","twitter_site":"@cdcliving","twitter_misc":{"Escrito por":"","Tiempo de lectura":"3 minutos"},"schema":{"@context":"https:\/\/schema.org","@graph":[{"@type":"Article","@id":"https:\/\/casadecampoliving.com\/es\/este-fin-de-semana-en-casa-17-al-19-de-feb\/#article","isPartOf":{"@id":"https:\/\/casadecampoliving.com\/es\/este-fin-de-semana-en-casa-17-al-19-de-feb\/"},"author":{"name":"","@id":"https:\/\/casadecampoliving.com\/es\/#\/schema\/person\/7e3b975d584a5f6ac0fd7128a81b0bc5"},"headline":"Este Fin de Semana en Casa: 17 al 19 de Feb!","datePublished":"2012-02-17T04:00:00+00:00","dateModified":"2022-10-21T22:46:10+00:00","mainEntityOfPage":{"@id":"https:\/\/casadecampoliving.com\/es\/este-fin-de-semana-en-casa-17-al-19-de-feb\/"},"wordCount":642,"publisher":{"@id":"https:\/\/casadecampoliving.com\/es\/#organization"},"image":{"@id":"https:\/\/casadecampoliving.com\/es\/este-fin-de-semana-en-casa-17-al-19-de-feb\/#primaryimage"},"thumbnailUrl":"https:\/\/i0.wp.com\/casadecampoliving.com\/wp-content\/uploads\/2022\/10\/altos_de_chavon-18.jpg?fit=650%2C350&ssl=1","keywords":["el hogar del nino","este fin de semana en casa de campo"],"articleSection":["Noticias Locales","Resort Casa de Campo"],"inLanguage":"es"},{"@type":"WebPage","@id":"https:\/\/casadecampoliving.com\/es\/este-fin-de-semana-en-casa-17-al-19-de-feb\/","url":"https:\/\/casadecampoliving.com\/es\/este-fin-de-semana-en-casa-17-al-19-de-feb\/","name":"Este Fin de Semana en Casa: 17 al 19 de Feb! | Casa de Campo Living","isPartOf":{"@id":"https:\/\/casadecampoliving.com\/es\/#website"},"primaryImageOfPage":{"@id":"https:\/\/casadecampoliving.com\/es\/este-fin-de-semana-en-casa-17-al-19-de-feb\/#primaryimage"},"image":{"@id":"https:\/\/casadecampoliving.com\/es\/este-fin-de-semana-en-casa-17-al-19-de-feb\/#primaryimage"},"thumbnailUrl":"https:\/\/i0.wp.com\/casadecampoliving.com\/wp-content\/uploads\/2022\/10\/altos_de_chavon-18.jpg?fit=650%2C350&ssl=1","datePublished":"2012-02-17T04:00:00+00:00","dateModified":"2022-10-21T22:46:10+00:00","description":"Este fin de semana Casa de Campo&nbsp;es de pura fiesta, la primera en&nbsp;Onno\u2019s bar, seguido de las m\u00faltiples actividades deportivas y eventos del Fin","breadcrumb":{"@id":"https:\/\/casadecampoliving.com\/es\/este-fin-de-semana-en-casa-17-al-19-de-feb\/#breadcrumb"},"inLanguage":"es","potentialAction":[{"@type":"ReadAction","target":["https:\/\/casadecampoliving.com\/es\/este-fin-de-semana-en-casa-17-al-19-de-feb\/"]}]},{"@type":"ImageObject","inLanguage":"es","@id":"https:\/\/casadecampoliving.com\/es\/este-fin-de-semana-en-casa-17-al-19-de-feb\/#primaryimage","url":"https:\/\/i0.wp.com\/casadecampoliving.com\/wp-content\/uploads\/2022\/10\/altos_de_chavon-18.jpg?fit=650%2C350&ssl=1","contentUrl":"https:\/\/i0.wp.com\/casadecampoliving.com\/wp-content\/uploads\/2022\/10\/altos_de_chavon-18.jpg?fit=650%2C350&ssl=1","width":650,"height":350},{"@type":"BreadcrumbList","@id":"https:\/\/casadecampoliving.com\/es\/este-fin-de-semana-en-casa-17-al-19-de-feb\/#breadcrumb","itemListElement":[{"@type":"ListItem","position":1,"name":"Home","item":"https:\/\/casadecampoliving.com\/es\/"},{"@type":"ListItem","position":2,"name":"Este Fin de Semana en Casa: 17 al 19 de Feb!"}]},{"@type":"WebSite","@id":"https:\/\/casadecampoliving.com\/es\/#website","url":"https:\/\/casadecampoliving.com\/es\/","name":"Casa de Campo Living","description":"Resort community news and resources.","publisher":{"@id":"https:\/\/casadecampoliving.com\/es\/#organization"},"potentialAction":[{"@type":"SearchAction","target":{"@type":"EntryPoint","urlTemplate":"https:\/\/casadecampoliving.com\/es\/?s={search_term_string}"},"query-input":{"@type":"PropertyValueSpecification","valueRequired":true,"valueName":"search_term_string"}}],"inLanguage":"es"},{"@type":"Organization","@id":"https:\/\/casadecampoliving.com\/es\/#organization","name":"Casa de Campo Living","url":"https:\/\/casadecampoliving.com\/es\/","logo":{"@type":"ImageObject","inLanguage":"es","@id":"https:\/\/casadecampoliving.com\/es\/#\/schema\/logo\/image\/","url":"https:\/\/i0.wp.com\/casadecampoliving.com\/wp-content\/uploads\/2022\/07\/CDCLivingLogo_V1-white-sized.png?fit=800%2C214&ssl=1","contentUrl":"https:\/\/i0.wp.com\/casadecampoliving.com\/wp-content\/uploads\/2022\/07\/CDCLivingLogo_V1-white-sized.png?fit=800%2C214&ssl=1","width":800,"height":214,"caption":"Casa de Campo Living"},"image":{"@id":"https:\/\/casadecampoliving.com\/es\/#\/schema\/logo\/image\/"},"sameAs":["https:\/\/www.facebook.com\/casadecampoliving","https:\/\/x.com\/cdcliving"]},{"@type":"Person","@id":"https:\/\/casadecampoliving.com\/es\/#\/schema\/person\/7e3b975d584a5f6ac0fd7128a81b0bc5","name":"","image":{"@type":"ImageObject","inLanguage":"es","@id":"https:\/\/secure.gravatar.com\/avatar\/?s=96&d=mm&r=g","url":"https:\/\/secure.gravatar.com\/avatar\/?s=96&d=mm&r=g","contentUrl":"https:\/\/secure.gravatar.com\/avatar\/?s=96&d=mm&r=g"},"url":"https:\/\/casadecampoliving.com\/es\/author\/ \/"}]}},"parsely":{"version":"1.1.0","canonical_url":"https:\/\/casadecampoliving.com\/es\/este-fin-de-semana-en-casa-17-al-19-de-feb\/","smart_links":{"inbound":0,"outbound":0},"traffic_boost_suggestions_count":0,"meta":{"@context":"https:\/\/schema.org","@type":"NewsArticle","headline":"Este Fin de Semana en Casa: 17 al 19 de Feb!","url":"http:\/\/casadecampoliving.com\/es\/este-fin-de-semana-en-casa-17-al-19-de-feb\/","mainEntityOfPage":{"@type":"WebPage","@id":"http:\/\/casadecampoliving.com\/es\/este-fin-de-semana-en-casa-17-al-19-de-feb\/"},"thumbnailUrl":"https:\/\/i0.wp.com\/casadecampoliving.com\/wp-content\/uploads\/2022\/10\/altos_de_chavon-18.jpg?resize=150%2C150&ssl=1","image":{"@type":"ImageObject","url":"https:\/\/i0.wp.com\/casadecampoliving.com\/wp-content\/uploads\/2022\/10\/altos_de_chavon-18.jpg?fit=650%2C350&ssl=1"},"articleSection":"Noticias Locales","author":[{"@type":"Person","name":"FB_515917546"}],"creator":["FB_515917546"],"publisher":{"@type":"Organization","name":"Casa de Campo Living","logo":"https:\/\/casadecampoliving.com\/wp-content\/uploads\/2022\/07\/CDCLivingLogo_V1-white-sized.png"},"keywords":["el hogar del nino","este fin de semana en casa de campo"],"dateCreated":"2012-02-17T04:00:00Z","datePublished":"2012-02-17T04:00:00Z","dateModified":"2022-10-21T22:46:10Z"},"rendered":"<meta name=\"parsely-title\" content=\"Este Fin de Semana en Casa: 17 al 19 de Feb!\" \/>\n<meta name=\"parsely-link\" content=\"http:\/\/casadecampoliving.com\/es\/este-fin-de-semana-en-casa-17-al-19-de-feb\/\" \/>\n<meta name=\"parsely-type\" content=\"post\" \/>\n<meta name=\"parsely-image-url\" content=\"https:\/\/i0.wp.com\/casadecampoliving.com\/wp-content\/uploads\/2022\/10\/altos_de_chavon-18.jpg?resize=150%2C150&amp;ssl=1\" \/>\n<meta name=\"parsely-pub-date\" content=\"2012-02-17T04:00:00Z\" \/>\n<meta name=\"parsely-section\" content=\"Noticias Locales\" \/>\n<meta name=\"parsely-tags\" content=\"el hogar del nino,este fin de semana en casa de campo\" \/>\n<meta name=\"parsely-author\" content=\"FB_515917546\" \/>","tracker_url":"https:\/\/cdn.parsely.com\/keys\/casadecampoliving.com\/p.js"},"jetpack_publicize_connections":[],"jetpack-related-posts":[{"id":339976,"url":"https:\/\/casadecampoliving.com\/es\/reserve-la-fecha-fin-de-semana-del-hogar-del-nino-15-y-16-de-febrero\/","url_meta":{"origin":338406,"position":0},"title":"Reserve la fecha: Fin de Semana del Hogar del Ni\u00f1o &#8211; 15 y 16 de febrero!","author":"","date":"21 Oct, 2012","format":false,"excerpt":"Reserve la fecha y prep\u00e1rese para las numerosas y divertidas actividades que se estar\u00e1n realizando el viernes 15 y s\u00e1bado 16 de febrero del 2013, en celebraci\u00f3n del XVI Fin de Semana del Hogar del Ni\u00f1o en Casa de Campo \u2013 a beneficio de este hermoso centro educacional en La\u2026","rel":"","context":"En \u00abEventos\u00bb","block_context":{"text":"Eventos","link":"https:\/\/casadecampoliving.com\/es\/category\/eventos-es\/"},"img":{"alt_text":"Save the date Hogar del Ni\u00f1o","src":"https:\/\/i0.wp.com\/casadecampoliving.com\/wp-content\/uploads\/2022\/10\/save_the_date_hogar-1.jpg?fit=556%2C373&ssl=1&resize=350%2C200","width":350,"height":200,"srcset":"https:\/\/i0.wp.com\/casadecampoliving.com\/wp-content\/uploads\/2022\/10\/save_the_date_hogar-1.jpg?fit=556%2C373&ssl=1&resize=350%2C200 1x, https:\/\/i0.wp.com\/casadecampoliving.com\/wp-content\/uploads\/2022\/10\/save_the_date_hogar-1.jpg?fit=556%2C373&ssl=1&resize=525%2C300 1.5x"},"classes":[]},{"id":351193,"url":"https:\/\/casadecampoliving.com\/es\/el-fin-de-semana-del-hogar-del-nino-empezo-con-un-buen-ritmo\/","url_meta":{"origin":338406,"position":1},"title":"\u00a1El fin de semana del Hogar del Ni\u00f1o empez\u00f3 con un buen ritmo!","author":"Marlenys Guzm\u00e1n Casta\u00f1os","date":"25 Feb, 2017","format":false,"excerpt":"\u00a1El fin de semana del Hogar del Ni\u00f1o de este a\u00f1o fue un gran \u00e9xito! Si usted no tuvo la oportunidad de asistir a los eventos, echa un vistazo a todos nuestros art\u00edculos de cobertura aqu\u00ed! Una de las muchas actividades dentro de la 20\u00aa edici\u00f3n de este a\u00f1o del\u2026","rel":"","context":"En \u00abEstilo de Vida\u00bb","block_context":{"text":"Estilo de Vida","link":"https:\/\/casadecampoliving.com\/es\/category\/estilo-de-vida\/"},"img":{"alt_text":"","src":"https:\/\/i0.wp.com\/casadecampoliving.com\/wp-content\/uploads\/2022\/10\/IMG_7188-1-scaled.jpg?fit=1200%2C800&ssl=1&resize=350%2C200","width":350,"height":200,"srcset":"https:\/\/i0.wp.com\/casadecampoliving.com\/wp-content\/uploads\/2022\/10\/IMG_7188-1-scaled.jpg?fit=1200%2C800&ssl=1&resize=350%2C200 1x, https:\/\/i0.wp.com\/casadecampoliving.com\/wp-content\/uploads\/2022\/10\/IMG_7188-1-scaled.jpg?fit=1200%2C800&ssl=1&resize=525%2C300 1.5x, https:\/\/i0.wp.com\/casadecampoliving.com\/wp-content\/uploads\/2022\/10\/IMG_7188-1-scaled.jpg?fit=1200%2C800&ssl=1&resize=700%2C400 2x, https:\/\/i0.wp.com\/casadecampoliving.com\/wp-content\/uploads\/2022\/10\/IMG_7188-1-scaled.jpg?fit=1200%2C800&ssl=1&resize=1050%2C600 3x"},"classes":[]},{"id":343748,"url":"https:\/\/casadecampoliving.com\/es\/el-decimoseptimo-fin-de-semana-anual-de-hogar-del-nino-14-14-feb\/","url_meta":{"origin":338406,"position":2},"title":"El decimos\u00e9ptimo fin de semana anual de Hogar del Ni\u00f1o &#8211; 14 &#038; 14 Feb.","author":"Genesis Perdomo","date":"24 Ene, 2014","format":false,"excerpt":"Guarde la fecha, y prep\u00e1rese para otro incre\u00edble fin de semana con muchas actividades en el decimos\u00e9ptimo fin de semana anual de Hogar del Ni\u00f1o. Programado para el 14 y 15 de Febrero en Casa de Campo un evento que recauda fondos destinados a los ni\u00f1os de Hogar del Ni\u00f1o.\u2026","rel":"","context":"En \u00abCasa de Campo Living @es\u00bb","block_context":{"text":"Casa de Campo Living @es","link":"https:\/\/casadecampoliving.com\/category\/casa-de-campo-living-es\/"},"img":{"alt_text":"Hogar del ni\u00f1o weekend","src":"https:\/\/i0.wp.com\/casadecampoliving.com\/wp-content\/uploads\/2022\/10\/HOGAR-1.png?fit=650%2C448&ssl=1&resize=350%2C200","width":350,"height":200,"srcset":"https:\/\/i0.wp.com\/casadecampoliving.com\/wp-content\/uploads\/2022\/10\/HOGAR-1.png?fit=650%2C448&ssl=1&resize=350%2C200 1x, https:\/\/i0.wp.com\/casadecampoliving.com\/wp-content\/uploads\/2022\/10\/HOGAR-1.png?fit=650%2C448&ssl=1&resize=525%2C300 1.5x"},"classes":[]},{"id":433460,"url":"https:\/\/casadecampoliving.com\/es\/no-se-pierdan-el-increible-tributo-a-frank-sinatra-para-celebrar-el-40-aniversario-del-anfiteatro-altos-de-chavon\/","url_meta":{"origin":338406,"position":3},"title":"No se pierdan el incre\u00edble tributo a Frank Sinatra para celebrar el 40 aniversario del\u00a0Anfiteatro Altos de Chav\u00f3n","author":"Casa de Campo Living","date":"20 Oct, 2022","format":false,"excerpt":"Siendo uno de los escenarios m\u00e1s emblem\u00e1ticos del pa\u00eds, Casa de Campo Resort\u00ae & Villas celebra las cuatro d\u00e9cadas de aniversario de Altos de Chav\u00f3n con un tributo al gran Frank Sinatra, protagonizado por artistas invitados y una big band tal cual la que acompa\u00f1\u00f3 al artista hace 40 a\u00f1os\u2026","rel":"","context":"En \u00abUncategorized @es\u00bb","block_context":{"text":"Uncategorized @es","link":"https:\/\/casadecampoliving.com\/es\/category\/uncategorized-es\/"},"img":{"alt_text":"","src":"https:\/\/i0.wp.com\/casadecampoliving.com\/wp-content\/uploads\/2022\/10\/Tributo-Frank-Sinatra-Foto-Principal-Amaury-Sanchez-Danilo-Ginebra-Andres-Pichardo-y-Jose-Gabriel-Perez-.jpg?fit=1200%2C873&ssl=1&resize=350%2C200","width":350,"height":200,"srcset":"https:\/\/i0.wp.com\/casadecampoliving.com\/wp-content\/uploads\/2022\/10\/Tributo-Frank-Sinatra-Foto-Principal-Amaury-Sanchez-Danilo-Ginebra-Andres-Pichardo-y-Jose-Gabriel-Perez-.jpg?fit=1200%2C873&ssl=1&resize=350%2C200 1x, https:\/\/i0.wp.com\/casadecampoliving.com\/wp-content\/uploads\/2022\/10\/Tributo-Frank-Sinatra-Foto-Principal-Amaury-Sanchez-Danilo-Ginebra-Andres-Pichardo-y-Jose-Gabriel-Perez-.jpg?fit=1200%2C873&ssl=1&resize=525%2C300 1.5x, https:\/\/i0.wp.com\/casadecampoliving.com\/wp-content\/uploads\/2022\/10\/Tributo-Frank-Sinatra-Foto-Principal-Amaury-Sanchez-Danilo-Ginebra-Andres-Pichardo-y-Jose-Gabriel-Perez-.jpg?fit=1200%2C873&ssl=1&resize=700%2C400 2x, https:\/\/i0.wp.com\/casadecampoliving.com\/wp-content\/uploads\/2022\/10\/Tributo-Frank-Sinatra-Foto-Principal-Amaury-Sanchez-Danilo-Ginebra-Andres-Pichardo-y-Jose-Gabriel-Perez-.jpg?fit=1200%2C873&ssl=1&resize=1050%2C600 3x"},"classes":[]},{"id":338073,"url":"https:\/\/casadecampoliving.com\/es\/reserve-la-fecha-15to-fin-de-semana-anual-del-hogar-del-nino-17-y-18-feb\/","url_meta":{"origin":338406,"position":4},"title":"Reserve la fecha: 15to Fin de Semana Anual del Hogar del Ni\u00f1o, 17 y 18 feb!","author":"","date":"16 Ene, 2012","format":false,"excerpt":"Reserve la fecha! Este pr\u00f3ximo viernes 17 y s\u00e1bado 18 de febrero, como cada a\u00f1o, \u00a0se celebrar\u00e1 el 15to Fin de Semana ben\u00e9fico del Hogar del Ni\u00f1o, en el que se desarrollar\u00e1n m\u00faltiples actividades para el disfrute de toda la familia! Como cada a\u00f1o, el Patronato Ben\u00e9fico Oriental celebrar\u00e1 el\u2026","rel":"","context":"En \u00abDeportes\u00bb","block_context":{"text":"Deportes","link":"https:\/\/casadecampoliving.com\/es\/category\/golf-deportes-es\/"},"img":{"alt_text":"hogar del nino la romana","src":"https:\/\/i0.wp.com\/casadecampoliving.com\/wp-content\/uploads\/2022\/10\/hogar_del_nino_la_romana1-1.jpg?fit=600%2C426&ssl=1&resize=350%2C200","width":350,"height":200,"srcset":"https:\/\/i0.wp.com\/casadecampoliving.com\/wp-content\/uploads\/2022\/10\/hogar_del_nino_la_romana1-1.jpg?fit=600%2C426&ssl=1&resize=350%2C200 1x, https:\/\/i0.wp.com\/casadecampoliving.com\/wp-content\/uploads\/2022\/10\/hogar_del_nino_la_romana1-1.jpg?fit=600%2C426&ssl=1&resize=525%2C300 1.5x"},"classes":[]},{"id":513079,"url":"https:\/\/casadecampoliving.com\/es\/guarde-la-fecha-para-el-xxvi-fin-de-semana-anual-del-hogar-del-nino-lleno-de-diversion-de-este-ano\/","url_meta":{"origin":338406,"position":5},"title":"\u00a1Guarde la fecha para el XXVI Fin de Semana Anual del Hogar del Ni\u00f1o lleno de diversi\u00f3n de este a\u00f1o!","author":"Casa de Campo Living","date":"16 Ene, 2023","format":false,"excerpt":"\u00a1El nuevo a\u00f1o acaba de comenzar y ya tenemos eventos para anotar en nuestro calendario! El vig\u00e9simo sexto fin de semana anual del Hogar del Ni\u00f1o - The Silver Edition - se llevar\u00e1 a cabo el 18 de febrero, es la manera perfecta de pasar un buen rato y ser\u2026","rel":"","context":"En \u00abCasa de Campo Resort &amp; Villas\u00bb","block_context":{"text":"Casa de Campo Resort &amp; Villas","link":"https:\/\/casadecampoliving.com\/es\/category\/casa-de-campo-resort-villas\/"},"img":{"alt_text":"","src":"https:\/\/i0.wp.com\/casadecampoliving.com\/wp-content\/uploads\/2023\/01\/Hogar-del-NIno-Golf-Tournament-2022.png?fit=1200%2C800&ssl=1&resize=350%2C200","width":350,"height":200,"srcset":"https:\/\/i0.wp.com\/casadecampoliving.com\/wp-content\/uploads\/2023\/01\/Hogar-del-NIno-Golf-Tournament-2022.png?fit=1200%2C800&ssl=1&resize=350%2C200 1x, https:\/\/i0.wp.com\/casadecampoliving.com\/wp-content\/uploads\/2023\/01\/Hogar-del-NIno-Golf-Tournament-2022.png?fit=1200%2C800&ssl=1&resize=525%2C300 1.5x, https:\/\/i0.wp.com\/casadecampoliving.com\/wp-content\/uploads\/2023\/01\/Hogar-del-NIno-Golf-Tournament-2022.png?fit=1200%2C800&ssl=1&resize=700%2C400 2x, https:\/\/i0.wp.com\/casadecampoliving.com\/wp-content\/uploads\/2023\/01\/Hogar-del-NIno-Golf-Tournament-2022.png?fit=1200%2C800&ssl=1&resize=1050%2C600 3x"},"classes":[]}],"jetpack_sharing_enabled":true,"jetpack_featured_media_url":"https:\/\/i0.wp.com\/casadecampoliving.com\/wp-content\/uploads\/2022\/10\/altos_de_chavon-18.jpg?fit=650%2C350&ssl=1","_links":{"self":[{"href":"https:\/\/casadecampoliving.com\/es\/wp-json\/wp\/v2\/posts\/338406","targetHints":{"allow":["GET"]}}],"collection":[{"href":"https:\/\/casadecampoliving.com\/es\/wp-json\/wp\/v2\/posts"}],"about":[{"href":"https:\/\/casadecampoliving.com\/es\/wp-json\/wp\/v2\/types\/post"}],"author":[{"embeddable":true,"href":"https:\/\/casadecampoliving.com\/es\/wp-json\/wp\/v2\/users\/21"}],"replies":[{"embeddable":true,"href":"https:\/\/casadecampoliving.com\/es\/wp-json\/wp\/v2\/comments?post=338406"}],"version-history":[{"count":1,"href":"https:\/\/casadecampoliving.com\/es\/wp-json\/wp\/v2\/posts\/338406\/revisions"}],"predecessor-version":[{"id":338407,"href":"https:\/\/casadecampoliving.com\/es\/wp-json\/wp\/v2\/posts\/338406\/revisions\/338407"}],"wp:featuredmedia":[{"embeddable":true,"href":"https:\/\/casadecampoliving.com\/es\/wp-json\/wp\/v2\/media\/245538"}],"wp:attachment":[{"href":"https:\/\/casadecampoliving.com\/es\/wp-json\/wp\/v2\/media?parent=338406"}],"wp:term":[{"taxonomy":"category","embeddable":true,"href":"https:\/\/casadecampoliving.com\/es\/wp-json\/wp\/v2\/categories?post=338406"},{"taxonomy":"post_tag","embeddable":true,"href":"https:\/\/casadecampoliving.com\/es\/wp-json\/wp\/v2\/tags?post=338406"},{"taxonomy":"newspack_spnsrs_tax","embeddable":true,"href":"https:\/\/casadecampoliving.com\/es\/wp-json\/wp\/v2\/newspack_spnsrs_tax?post=338406"}],"curies":[{"name":"wp","href":"https:\/\/api.w.org\/{rel}","templated":true}]}}