{"id":338376,"date":"2012-02-13T00:00:00","date_gmt":"2012-02-13T04:00:00","guid":{"rendered":"https:\/\/casadecampoliving.com\/esta-semana-en-casa-13-al-19-de-feb\/"},"modified":"2022-10-21T18:44:52","modified_gmt":"2022-10-21T22:44:52","slug":"esta-semana-en-casa-13-al-19-de-feb","status":"publish","type":"post","link":"https:\/\/casadecampoliving.com\/es\/esta-semana-en-casa-13-al-19-de-feb\/","title":{"rendered":"Esta Semana en Casa: 13 al 19 de Feb!"},"content":{"rendered":"<div class=\"wp-block-image\">\n<figure class=\"aligncenter is-resized\"><img loading=\"lazy\" decoding=\"async\" src=\"https:\/\/i0.wp.com\/casadecampoliving.com\/wp-content\/uploads\/2022\/10\/teeth_of_the_dog_casa_de_campo-28.jpg?resize=650%2C350&amp;ssl=1\" alt=\"teeth of the dog casa de campo\" class=\"wp-image-42970\" title=\"teeth_of_the_dog_casa_de_campo\" height=\"350\" width=\"650\"\/><\/figure>\n<\/div>\n\n\n<p>Esta semana en Casa de Campo ser\u00e1 bastante movida y divertida! Celebre el d\u00eda de los enamorados con <a href=\"https:\/\/casadecampoliving.com\/es\/2012\/02\/el-xv-fin-de-semana-benefico-del-hogar-del-nino-un-sin-fin-de-actividades-para-su-diversion\/\">los men\u00fas especiales de los restaurantes de Casa de Campo<\/a> y adem\u00e1s del <a href=\"https:\/\/casadecampoliving.com\/es\/2012\/02\/la-diva-de-puerto-rico-ednita-nazario-llega-al-jaragua-con-soy-este-14-de-febrero-y-con-esperanzas-de-visitar-casa-de-campo\/\">espectacular concierto \u201cSoy\u201d de la puertorrique\u00f1a Ednita Nazario.<\/a><a href=\"https:\/\/casadecampoliving.com\/es\/2012\/02\/ibi-yachts-rumbo-a-la-exhibicion-de-la-xxiv-show-de-yates-y-corredores-en-miami\/\"> El show de Yates en Miami <\/a>comenzar\u00e1 este jueves y el fin de semana es de pura fiesta, la primera en <a href=\"http:\/\/wp.me\/p1kvEy-bt2\">Onno\u2019s bar<\/a>, seguido de las m\u00faltiples actividades de<a href=\"https:\/\/casadecampoliving.com\/es\/2012\/02\/el-xv-fin-de-semana-benefico-del-hogar-del-nino-un-sin-fin-de-actividades-para-su-diversion\/\">l Fin de Semana Ben\u00e9fico del Hogar del Ni\u00f1o<\/a>! Disfrute!<\/p>\n\n\n\n<!--more-->\n\n\n\n<blockquote><h3 style=\"text-align: center;\">Estos eventos, actividades y especiales aplican para la semana de:<\/h3><h2 style=\"text-align: center;\">Lunes 13 Feb \u2013 Domingo 19 Feb<\/h2><\/blockquote>\n\n\n\n<p><strong><a href=\"http:\/\/wp.me\/p1kvEy-abH\">Haga click para ver la cartelera de cine y los trailers<\/a><\/strong><\/p>\n\n\n\n<figure class=\"wp-block-image is-resized\"><a href=\"https:\/\/i0.wp.com\/casadecampoliving.com\/wp-content\/uploads\/2022\/10\/casa_de_campo1-20.jpg?ssl=1\"><img loading=\"lazy\" decoding=\"async\" src=\"https:\/\/i0.wp.com\/casadecampoliving.com\/wp-content\/uploads\/2022\/10\/casa_de_campo1-20.jpg?resize=550%2C32&amp;ssl=1\" alt=\"\" class=\"wp-image-36851\" title=\"casa_de_campo\" height=\"32\" width=\"550\"\/><\/a><\/figure>\n\n\n\n<p><span style=\"color: #0000ee;\"><strong><span style=\"text-decoration: underline;\"><\/span><\/strong><\/span><\/p>\n\n\n\n<p><strong><strong><a href=\"https:\/\/casadecampoliving.com\/es\/2012\/01\/hernandez-en-chavon-la-nueva-exhibicion-de-arte-se-inaugurara-el-jueves-2-de-febrero\/\">Exhibici\u00f3n de Arte \u201cHern\u00e1ndez en Chav\u00f3n\u201d<\/a><\/strong><br>\n<strong>Hora<\/strong>:&nbsp;<\/strong>7:30pm<strong><br>\n<strong>Lugar<\/strong>:&nbsp;<\/strong>Galer\u00eda de Arte, Altos de Chav\u00f3n<strong><br>\n<strong><a href=\"https:\/\/casadecampoliving.com\/es\/2012\/01\/hernandez-en-chavon-la-nueva-exhibicion-de-arte-se-inaugurara-el-jueves-2-de-febrero\/\">Haga click aqu\u00ed para m\u00e1s info!<\/a><\/strong><\/strong><\/p>\n\n\n\n<blockquote class=\"wp-block-quote is-layout-flow wp-block-quote-is-layout-flow\"><p><strong><a href=\"https:\/\/casadecampoliving.com\/es\/2012\/01\/disfrute-de-una-extravaganza-dominicana-en-altos-de-chavon-todos-los-lunes\/\">\u201cExtravaganza Dominicana\u201d<\/a><\/strong><br>\n<strong>Hora<\/strong>: 3pm<br>\n<strong>Lugar<\/strong>: Plaza Principal, Altos de Chav\u00f3n, Casa de Campo<br>\n<strong><a href=\"https:\/\/casadecampoliving.com\/es\/2012\/01\/disfrute-de-una-extravaganza-dominicana-en-altos-de-chavon-todos-los-lunes\/\">Haga click aqu\u00ed para m\u00e1s info!<\/a><\/strong><\/p><\/blockquote>\n\n\n\n<p><strong><a href=\"http:\/\/wp.me\/p1kvEy-9GJ\">Show de Kandela!<\/a><\/strong><br>\n<strong>Lugar<\/strong>: 9pm<br>\n<strong>Hora<\/strong>: Anfiteatro de Altos de Chav\u00f3n<br>\n<strong>Costo<\/strong>: Adultos US$35, Ni\u00f1os US$15<br>\n<strong><a href=\"http:\/\/wp.me\/p1kvEy-9GJ\">Haga click aqu\u00ed para mas info!<\/a><\/strong><\/p>\n\n\n\n<figure class=\"wp-block-image is-resized\"><a href=\"https:\/\/i0.wp.com\/casadecampoliving.com\/wp-content\/uploads\/2022\/10\/casa_de_campo2-15.jpg?ssl=1\"><img loading=\"lazy\" decoding=\"async\" src=\"https:\/\/i0.wp.com\/casadecampoliving.com\/wp-content\/uploads\/2022\/10\/casa_de_campo2-15.jpg?resize=550%2C32&amp;ssl=1\" alt=\"\" class=\"wp-image-36852\" title=\"casa_de_campo\" height=\"32\" width=\"550\"\/><\/a><\/figure>\n\n\n\n<p><span style=\"color: #0000ee;\"><strong><span style=\"text-decoration: underline;\"><\/span><\/strong><\/span><\/p>\n\n\n\n<p><strong><strong><a href=\"https:\/\/casadecampoliving.com\/es\/2012\/01\/hernandez-en-chavon-la-nueva-exhibicion-de-arte-se-inaugurara-el-jueves-2-de-febrero\/\">Exhibici\u00f3n de Arte \u201cHern\u00e1ndez en Chav\u00f3n\u201d<\/a><\/strong><br>\n<strong>Hora<\/strong>:&nbsp;<\/strong>7:30pm<strong><br>\n<strong>Lugar<\/strong>:&nbsp;<\/strong>Galer\u00eda de Arte, Altos de Chav\u00f3n<strong><br>\n<strong><a href=\"https:\/\/casadecampoliving.com\/es\/2012\/01\/hernandez-en-chavon-la-nueva-exhibicion-de-arte-se-inaugurara-el-jueves-2-de-febrero\/\">Haga click aqu\u00ed para m\u00e1s info!<\/a>&nbsp;<\/strong><\/strong><\/p>\n\n\n\n<p><strong><a href=\"https:\/\/casadecampoliving.com\/es\/2012\/02\/el-xv-fin-de-semana-benefico-del-hogar-del-nino-un-sin-fin-de-actividades-para-su-diversion\/\">Men\u00fas Especiales \u2013 San Valent\u00edn<\/a><\/strong><br>\n<strong>D\u00f3nde<\/strong>: Beach Club by Le Cirque, La Ca\u00f1a by Il Circo, Chinois, La Piazzetta, Victory Club, La Casita<br>\n<strong><a href=\"https:\/\/casadecampoliving.com\/es\/2012\/02\/el-xv-fin-de-semana-benefico-del-hogar-del-nino-un-sin-fin-de-actividades-para-su-diversion\/\">Haga click aqu\u00ed para m\u00e1s info!<\/a><\/strong><\/p>\n\n\n\n<p><strong><a href=\"https:\/\/casadecampoliving.com\/es\/2012\/02\/el-torneo-de-polo-del-hogar-del-nino-se-realizara-del-8-al-17-febrero\/\">Torneo de Polo del Hogar del Ni\u00f1o<\/a><\/strong><br>\n<strong>Equipos<\/strong>: Kiwi vs Pitirri<br>\n<strong>Lugar<\/strong>: Campos de polo de Casa de Campo<br>\n<strong>Hora<\/strong>: 4pm<br>\n<strong><a href=\"https:\/\/casadecampoliving.com\/es\/2012\/02\/el-torneo-de-polo-del-hogar-del-nino-se-realizara-del-8-al-17-febrero\/\">Haga click para m\u00e1s info!<\/a><\/strong><\/p>\n\n\n\n<p><strong><a href=\"https:\/\/casadecampoliving.com\/es\/2012\/02\/la-diva-de-puerto-rico-ednita-nazario-llega-al-jaragua-con-soy-este-14-de-febrero-y-con-esperanzas-de-visitar-casa-de-campo\/\">Concierto \u201cSoy\u201d de Ednita Nazario<\/a><\/strong><br>\n<strong>Lugar:<\/strong>&nbsp;Hotel Jaragua, Santo Domingo<br>\n<strong>Hora:<\/strong>&nbsp;9pm<br>\n<strong><a href=\"https:\/\/casadecampoliving.com\/es\/2012\/02\/la-diva-de-puerto-rico-ednita-nazario-llega-al-jaragua-con-soy-este-14-de-febrero-y-con-esperanzas-de-visitar-casa-de-campo\/\">Haga click aqu\u00ed para m\u00e1s info!<\/a><\/strong><\/p>\n\n\n\n<figure class=\"wp-block-image is-resized\"><img loading=\"lazy\" decoding=\"async\" src=\"https:\/\/i0.wp.com\/casadecampoliving.com\/wp-content\/uploads\/2022\/10\/casa_de_campo3-12.jpg?resize=550%2C32&amp;ssl=1\" alt=\"casa de campo\" class=\"wp-image-36854\" title=\"casa_de_campo\" height=\"32\" width=\"550\"\/><\/figure>\n\n\n\n<p><span style=\"color: #0000ee;\"><\/span><\/p>\n\n\n\n<p><strong><strong><a href=\"https:\/\/casadecampoliving.com\/es\/2012\/01\/hernandez-en-chavon-la-nueva-exhibicion-de-arte-se-inaugurara-el-jueves-2-de-febrero\/\">Exhibici\u00f3n de Arte \u201cHern\u00e1ndez en Chav\u00f3n\u201d<\/a><\/strong><br>\n<strong>Hora<\/strong>:&nbsp;<\/strong>7:30pm<strong><br>\n<strong>Lugar<\/strong>:&nbsp;<\/strong>Galer\u00eda de Arte, Altos de Chav\u00f3n<strong><br>\n<strong><a href=\"https:\/\/casadecampoliving.com\/es\/2012\/01\/hernandez-en-chavon-la-nueva-exhibicion-de-arte-se-inaugurara-el-jueves-2-de-febrero\/\">Haga click aqu\u00ed para m\u00e1s info!<\/a>&nbsp;<\/strong><\/strong><\/p>\n\n\n\n<figure class=\"wp-block-image is-resized\"><a href=\"https:\/\/i0.wp.com\/casadecampoliving.com\/wp-content\/uploads\/2022\/10\/casa_de_campo11-2.jpg?ssl=1\"><img loading=\"lazy\" decoding=\"async\" src=\"https:\/\/i0.wp.com\/casadecampoliving.com\/wp-content\/uploads\/2022\/10\/casa_de_campo11-2.jpg?resize=550%2C32&amp;ssl=1\" alt=\"\" class=\"wp-image-36858\" title=\"casa_de_campo1\" height=\"32\" width=\"550\"\/><\/a><\/figure>\n\n\n\n<p><span style=\"color: #0000ee;\"><span><strong><\/strong><\/span><\/span><\/p>\n\n\n\n<p><strong><strong><a href=\"https:\/\/casadecampoliving.com\/es\/2012\/01\/hernandez-en-chavon-la-nueva-exhibicion-de-arte-se-inaugurara-el-jueves-2-de-febrero\/\">Exhibici\u00f3n de Arte \u201cHern\u00e1ndez en Chav\u00f3n\u201d<\/a><\/strong><br>\n<strong>Hora<\/strong>:&nbsp;<\/strong>7:30pm<strong><br>\n<strong>Lugar<\/strong>:&nbsp;<\/strong>Galer\u00eda de Arte, Altos de Chav\u00f3n<strong><br>\n<strong><a href=\"https:\/\/casadecampoliving.com\/es\/2012\/01\/hernandez-en-chavon-la-nueva-exhibicion-de-arte-se-inaugurara-el-jueves-2-de-febrero\/\">Haga click aqu\u00ed para m\u00e1s info!<\/a>&nbsp;<\/strong><\/strong><\/p>\n\n\n\n<p><a href=\"https:\/\/casadecampoliving.com\/es\/2012\/02\/ibi-yachts-rumbo-a-la-exhibicion-de-la-xxiv-show-de-yates-y-corredores-en-miami\/\"><strong>XXV Show de Yates en Miami Beach<\/strong><\/a><br>\n<strong>Lugar:<\/strong>&nbsp;Miami Beach<br>\n<strong>Hora:&nbsp;<\/strong>10am -6pm<br>\n<strong><a href=\"https:\/\/casadecampoliving.com\/es\/2012\/02\/ibi-yachts-rumbo-a-la-exhibicion-de-la-xxiv-show-de-yates-y-corredores-en-miami\/\">Haga click aqu\u00ed para m\u00e1s info!<\/a><\/strong><\/p>\n\n\n\n<blockquote class=\"wp-block-quote is-layout-flow wp-block-quote-is-layout-flow\"><p><strong><a href=\"http:\/\/wp.me\/p1kvEy-b67\">Happy Hour 2\u00d71 en La Enoteca<\/a><\/strong><br>\n<strong>Hora<\/strong>: 7pm-9pm<br>\n<strong>Lugar<\/strong>: La Enoteca, La Marina Casa de Campo<br>\n<strong><a href=\"http:\/\/wp.me\/p1kvEy-b67\">Haga click aqu\u00ed para m\u00e1s info!&nbsp;<\/a><\/strong><\/p><\/blockquote>\n\n\n\n<figure class=\"wp-block-image is-resized\"><img loading=\"lazy\" decoding=\"async\" src=\"https:\/\/i0.wp.com\/casadecampoliving.com\/wp-content\/uploads\/2022\/10\/casa_de_campo4-9.jpg?resize=550%2C32&amp;ssl=1\" alt=\"\" class=\"wp-image-36859\" title=\"casa_de_campo\" height=\"32\" width=\"550\"\/><\/figure>\n\n\n\n<p><strong><strong><a href=\"https:\/\/i0.wp.com\/casadecampoliving.com\/wp-content\/uploads\/2022\/10\/casa_de_campo4-9.jpg?ssl=1\"> <\/a><\/strong><\/strong><\/p>\n\n\n\n<p><strong><strong><strong><a href=\"https:\/\/casadecampoliving.com\/es\/2012\/01\/hernandez-en-chavon-la-nueva-exhibicion-de-arte-se-inaugurara-el-jueves-2-de-febrero\/\">Exhibici\u00f3n de Arte \u201cHern\u00e1ndez en Chav\u00f3n\u201d<\/a><\/strong><br>\n<strong>Hora<\/strong>:&nbsp;<\/strong><\/strong>9am-6pm<strong><strong><br>\n<strong>Lugar<\/strong>:&nbsp;<\/strong><\/strong>Galer\u00eda de Arte, Altos de Chav\u00f3n<strong><strong><br>\n<strong><a href=\"https:\/\/casadecampoliving.com\/es\/2012\/01\/hernandez-en-chavon-la-nueva-exhibicion-de-arte-se-inaugurara-el-jueves-2-de-febrero\/\">Haga click aqu\u00ed para m\u00e1s info!<\/a>&nbsp;&nbsp;<\/strong><\/strong><\/strong><\/p>\n\n\n\n<p><a href=\"https:\/\/casadecampoliving.com\/es\/2012\/02\/ibi-yachts-rumbo-a-la-exhibicion-de-la-xxiv-show-de-yates-y-corredores-en-miami\/\"><strong>XXV Show de Yates en Miami Beach<\/strong><\/a><br>\n<strong>Lugar:<\/strong>&nbsp;Miami Beach<br>\n<strong>Hora:&nbsp;<\/strong>10am -8pm<br>\n<strong><a href=\"https:\/\/casadecampoliving.com\/es\/2012\/02\/ibi-yachts-rumbo-a-la-exhibicion-de-la-xxiv-show-de-yates-y-corredores-en-miami\/\">Haga click aqu\u00ed para m\u00e1s info!<\/a><\/strong><\/p>\n\n\n\n<blockquote class=\"wp-block-quote is-layout-flow wp-block-quote-is-layout-flow\"><p><strong><a href=\"https:\/\/casadecampoliving.com\/es\/2012\/02\/el-xv-fin-de-semana-benefico-del-hogar-del-nino-un-sin-fin-de-actividades-para-su-diversion\/\">XV Fin de Semana del Hogar del Ni\u00f1o: El Tour&nbsp;<\/a><\/strong><br>\n<strong>Lugar<\/strong>: Hogar del Ni\u00f1o, La Romana<br>\n<strong>Hora<\/strong>: Partiendo a las 10am desde recepci\u00f3n del Hotel Casa de Campo<br>\n<a href=\"https:\/\/casadecampoliving.com\/es\/2012\/02\/el-xv-fin-de-semana-benefico-del-hogar-del-nino-un-sin-fin-de-actividades-para-su-diversion\/\"><strong>Haga click aqu\u00ed para m\u00e1s info!<\/strong>&nbsp;<\/a><\/p><\/blockquote>\n\n\n\n<blockquote class=\"wp-block-quote is-layout-flow wp-block-quote-is-layout-flow\"><p><strong><a href=\"https:\/\/casadecampoliving.com\/es\/2012\/02\/el-xv-fin-de-semana-benefico-del-hogar-del-nino-un-sin-fin-de-actividades-para-su-diversion\/\">Tour de Casas y Jardines de Casa de Campo&nbsp;<\/a><\/strong><br>\n<strong>Lugar<\/strong>: Un tour por algunas espectaculares villas de Casa de Campo<br>\n<strong>Costo<\/strong>:&nbsp;US$50<br>\n<strong>Hora<\/strong>:&nbsp; 2pm \u2013 6pm<br>\n<strong><a href=\"https:\/\/casadecampoliving.com\/es\/2012\/02\/el-xv-fin-de-semana-benefico-del-hogar-del-nino-un-sin-fin-de-actividades-para-su-diversion\/\">Haga click aqu\u00ed para m\u00e1s info!<\/a><\/strong><\/p><p><strong><a href=\"https:\/\/casadecampoliving.com\/es\/2012\/02\/el-torneo-de-polo-del-hogar-del-nino-se-realizara-del-8-al-17-febrero\/\">Torneo de Polo Hogar del Ni\u00f1o \u2013 Final&nbsp;<\/a><\/strong><br>\n<strong>Lugar<\/strong>: Campos de polo de Casa de Campo<br>\n<strong>Hora<\/strong>: 4pm-7pm<br>\n<strong><a href=\"https:\/\/casadecampoliving.com\/es\/2012\/02\/el-torneo-de-polo-del-hogar-del-nino-se-realizara-del-8-al-17-febrero\/\">Haga click aqu\u00ed para m\u00e1s info!<\/a><\/strong><\/p><p><a href=\"http:\/\/wp.me\/p1kvEy-bt2\"><strong>DJ Justin James&nbsp;<\/strong><\/a><br>\n<strong>Lugar:<\/strong>&nbsp;Onno\u2019s bar en Altos de Chav\u00f3n, Casa de Campo<br>\n<strong>Hora<\/strong>: 9pm<br>\n<strong><a href=\"http:\/\/wp.me\/p1kvEy-bt2\">Haga click aqu\u00ed para m\u00e1s info!<\/a><\/strong><\/p><\/blockquote>\n\n\n\n<figure class=\"wp-block-image is-resized\"><img loading=\"lazy\" decoding=\"async\" src=\"https:\/\/i0.wp.com\/casadecampoliving.com\/wp-content\/uploads\/2022\/10\/casa_de_campo21-2.jpg?resize=550%2C32&amp;ssl=1\" alt=\"\" class=\"wp-image-36861\" title=\"casa_de_campo2\" height=\"32\" width=\"550\"\/><\/figure>\n\n\n\n<p><a href=\"https:\/\/casadecampoliving.com\/wp-content\/uploads\/2022\/10\/casa_de_campo21-2.jpg\"><strong><strong><\/strong><\/strong><\/a><\/p>\n\n\n\n<p><strong><strong><a href=\"https:\/\/casadecampoliving.com\/es\/2012\/01\/hernandez-en-chavon-la-nueva-exhibicion-de-arte-se-inaugurara-el-jueves-2-de-febrero\/\">Exhibici\u00f3n de Arte \u201cHern\u00e1ndez en Chav\u00f3n\u201d<\/a><\/strong><br>\n<strong>Hora<\/strong>:&nbsp;<\/strong>9am-6pm<strong><br>\n<strong>Lugar<\/strong>:&nbsp;<\/strong>Galer\u00eda de Arte, Altos de Chav\u00f3n<strong><br>\n<strong><a href=\"https:\/\/casadecampoliving.com\/es\/2012\/01\/hernandez-en-chavon-la-nueva-exhibicion-de-arte-se-inaugurara-el-jueves-2-de-febrero\/\">Haga click aqu\u00ed para m\u00e1s info!<\/a>&nbsp;<\/strong><\/strong><\/p>\n\n\n\n<p><a href=\"https:\/\/casadecampoliving.com\/es\/2012\/02\/ibi-yachts-rumbo-a-la-exhibicion-de-la-xxiv-show-de-yates-y-corredores-en-miami\/\"><strong>XXV Show de Yates en Miami Beach<\/strong><\/a><br>\n<strong>Lugar:<\/strong>&nbsp;Miami Beach<br>\n<strong>Hora:&nbsp;<\/strong>10am -8pm<br>\n<strong><a href=\"https:\/\/casadecampoliving.com\/es\/2012\/02\/ibi-yachts-rumbo-a-la-exhibicion-de-la-xxiv-show-de-yates-y-corredores-en-miami\/\">Haga click aqu\u00ed para m\u00e1s info!<\/a><\/strong><\/p>\n\n\n\n<blockquote class=\"wp-block-quote is-layout-flow wp-block-quote-is-layout-flow\"><p><strong><a href=\"https:\/\/casadecampoliving.com\/es\/2012\/02\/el-xv-fin-de-semana-benefico-del-hogar-del-nino-un-sin-fin-de-actividades-para-su-diversion\/\">Torneo de Golf<br>\n<\/a>Lugar:&nbsp;<\/strong>La Romana Country Club, Casa de Campo<br>\n<strong>Hora:<\/strong>&nbsp;Parte de 8am o 1:30pm&nbsp;<strong><br>\nCosto:<\/strong>&nbsp;US$225 (incluye golf y cena)<br>\n<strong><a href=\"https:\/\/casadecampoliving.com\/es\/2012\/02\/el-xv-fin-de-semana-benefico-del-hogar-del-nino-un-sin-fin-de-actividades-para-su-diversion\/\">Haga click aqu\u00ed para m\u00e1s info!<\/a><\/strong><\/p><p><strong><a href=\"https:\/\/casadecampoliving.com\/es\/2012\/02\/el-xv-fin-de-semana-benefico-del-hogar-del-nino-un-sin-fin-de-actividades-para-su-diversion\/\">Torneo de Tenis<\/a><br>\nLugar:&nbsp;<\/strong>La Romana Country Club, Casa de Campo<br>\n<strong>Hora:&nbsp;<\/strong>8am o 1:30pm&nbsp;<strong><br>\nCosto:<\/strong>&nbsp;US$225 (incluye tenis y cena)<br>\n<strong><a href=\"https:\/\/casadecampoliving.com\/es\/2012\/02\/el-xv-fin-de-semana-benefico-del-hogar-del-nino-un-sin-fin-de-actividades-para-su-diversion\/\">Haga click aqu\u00ed para m\u00e1s info!<\/a><\/strong><\/p><p><strong><a href=\"https:\/\/casadecampoliving.com\/es\/2012\/02\/el-xv-fin-de-semana-benefico-del-hogar-del-nino-un-sin-fin-de-actividades-para-su-diversion\/\">Marat\u00f3n de ciclismo \u2013 Fin de semana del&nbsp;<strong>Hogar del Ni\u00f1o&nbsp;<\/strong><\/a><br>\nLugar: <\/strong>Parte de La Romana Country Club con ruta por alrededor de Casa de Campo<strong><br>\nHora:&nbsp;<\/strong>8:30am \u2013 12:30pm<strong><br>\nCosto:&nbsp;<\/strong>US$25<br>\n<strong><a href=\"https:\/\/casadecampoliving.com\/es\/2012\/02\/el-xv-fin-de-semana-benefico-del-hogar-del-nino-un-sin-fin-de-actividades-para-su-diversion\/\">Haga click aqu\u00ed para m\u00e1s info!<\/a><\/strong><\/p><p><strong><a href=\"https:\/\/casadecampoliving.com\/es\/2012\/02\/el-xv-fin-de-semana-benefico-del-hogar-del-nino-un-sin-fin-de-actividades-para-su-diversion\/\">Ball Drop \u2013 Fin de semana del Hogar del Ni\u00f1o&nbsp;<\/a><\/strong><br>\n<strong>Lugar:<\/strong>&nbsp;La Romana Country Club, Casa de Campo<br>\n<strong>Hora:&nbsp;<\/strong>&nbsp;8:30am \u2013 12:30pm<br>\n<strong>Costo:<\/strong>&nbsp;A\u00fan por anunciar, pero puede rondar por $US25 por 5<br>\n<strong><a href=\"https:\/\/casadecampoliving.com\/es\/2012\/02\/el-xv-fin-de-semana-benefico-del-hogar-del-nino-un-sin-fin-de-actividades-para-su-diversion\/\">Haga click aqu\u00ed para m\u00e1s info!<\/a><\/strong><\/p><p><strong><a href=\"https:\/\/casadecampoliving.com\/es\/2012\/02\/el-xv-fin-de-semana-benefico-del-hogar-del-nino-un-sin-fin-de-actividades-para-su-diversion\/\">Zumba Master Class \u2013 Fin de semana del&nbsp;<strong>Hogar del Ni\u00f1o<\/strong><\/a><\/strong><br>\n<strong>Hora:<\/strong>&nbsp;4pm \u2013 5:30pm<br>\n<strong>Lugar:<\/strong>&nbsp;La Romana Country Club<br>\n<strong>Costo:<\/strong>&nbsp;$15 por persona<br>\n<strong>Contacto:<\/strong>&nbsp;809.523.8201 or 809.556.3181<br>\n<strong><a href=\"https:\/\/casadecampoliving.com\/es\/2012\/02\/el-xv-fin-de-semana-benefico-del-hogar-del-nino-un-sin-fin-de-actividades-para-su-diversion\/\">Haga click aqu\u00ed para m\u00e1s info!<\/a><\/strong><\/p><p><strong><a href=\"https:\/\/casadecampoliving.com\/es\/2012\/02\/el-xv-fin-de-semana-benefico-del-hogar-del-nino-un-sin-fin-de-actividades-para-su-diversion\/\">Cena y fiesta del Hogar del Ni\u00f1o<\/a><br>\n<\/strong><strong>Lugar:<\/strong>&nbsp;La Romana Country Club, Casa de Campo<br>\n<strong>Hora:&nbsp;<\/strong>7pm<br>\n<strong>Costo:&nbsp;<\/strong>US$125<br>\n<strong><a href=\"https:\/\/casadecampoliving.com\/es\/2012\/02\/el-xv-fin-de-semana-benefico-del-hogar-del-nino-un-sin-fin-de-actividades-para-su-diversion\/\">Haga click aqu\u00ed para m\u00e1s info!<\/a><\/strong><\/p><p><a href=\"http:\/\/wp.me\/p1kvEy-bFT\"><strong>\u201cLounge Party with DJ Laz\u201d<\/strong><\/a><br>\n<strong>Lugar<\/strong>:&nbsp;\u00c1rea&nbsp;del bar en La Romana Country Club, Casa de Campo<br>\n<strong>Hora<\/strong>: comenzando a las 11pm<br>\n<strong><a href=\"http:\/\/wp.me\/p1kvEy-bFT\">Haga click aqu\u00ed para m\u00e1s info!<\/a><\/strong><\/p><\/blockquote>\n\n\n\n<figure class=\"wp-block-image is-resized\"><a href=\"https:\/\/i0.wp.com\/casadecampoliving.com\/wp-content\/uploads\/2022\/10\/casa_de_campo31-2.jpg?ssl=1\"><img loading=\"lazy\" decoding=\"async\" src=\"https:\/\/i0.wp.com\/casadecampoliving.com\/wp-content\/uploads\/2022\/10\/casa_de_campo31-2.jpg?resize=550%2C32&amp;ssl=1\" alt=\"\" class=\"wp-image-36862\" title=\"casa_de_campo3\" height=\"32\" width=\"550\"\/><\/a><\/figure>\n\n\n\n<p><span style=\"text-decoration: underline;\"><\/span><\/p>\n\n\n\n<p><strong><strong><a href=\"https:\/\/casadecampoliving.com\/es\/2012\/01\/hernandez-en-chavon-la-nueva-exhibicion-de-arte-se-inaugurara-el-jueves-2-de-febrero\/\">Exhibici\u00f3n de Arte \u201cHern\u00e1ndez en Chav\u00f3n\u201d<\/a><\/strong><br>\n<strong>Hora<\/strong>:&nbsp;<\/strong>9am-6pm<strong><br>\n<strong>Lugar<\/strong>:&nbsp;<\/strong>Galer\u00eda de Arte, Altos de Chav\u00f3n<strong><br>\n<strong><a href=\"https:\/\/casadecampoliving.com\/es\/2012\/01\/hernandez-en-chavon-la-nueva-exhibicion-de-arte-se-inaugurara-el-jueves-2-de-febrero\/\">Haga click aqu\u00ed para m\u00e1s info!<\/a>&nbsp;<\/strong><\/strong><\/p>\n\n\n\n<p><a href=\"https:\/\/casadecampoliving.com\/es\/2012\/02\/ibi-yachts-rumbo-a-la-exhibicion-de-la-xxiv-show-de-yates-y-corredores-en-miami\/\"><strong>XXV Show de Yates en Miami Beach<\/strong><\/a><br>\n<strong>Lugar:<\/strong>&nbsp;Miami Beach<br>\n<strong>Hora:&nbsp;<\/strong>10am -8pm<br>\n<strong><a href=\"https:\/\/casadecampoliving.com\/es\/2012\/02\/ibi-yachts-rumbo-a-la-exhibicion-de-la-xxiv-show-de-yates-y-corredores-en-miami\/\">Haga click aqu\u00ed para m\u00e1s info!<\/a><\/strong><\/p>\n\n\n\n<p><strong><a href=\"https:\/\/casadecampoliving.com\/es\/2012\/02\/el-v-festival-procigar-llega-a-casa-de-campo-el-19-de-febrero\/\">Festival Procigar 2012!<\/a><\/strong><br>\n<strong>Where<\/strong>: C\u00f3ctel de bienvenida en el Victory Club en La Marina Casa de Campo, Casa de Campo<strong><br>\n<\/strong><strong><a href=\"https:\/\/casadecampoliving.com\/es\/2012\/02\/el-v-festival-procigar-llega-a-casa-de-campo-el-19-de-febrero\/\">Haga click aqu\u00ed para m\u00e1s info!<\/a><\/strong><\/p>\n","protected":false},"excerpt":{"rendered":"<p>Esta semana en Casa de Campo ser\u00e1 bastante movida y divertida! Celebre el d\u00eda de los enamorados con los men\u00fas especiales de los restaurantes de Casa de Campo y adem\u00e1s del espectacular concierto \u201cSoy\u201d de la puertorrique\u00f1a Ednita Nazario. El show de Yates en Miami comenzar\u00e1 este jueves y el fin de semana es de [&hellip;]<\/p>\n","protected":false},"author":21,"featured_media":243715,"comment_status":"closed","ping_status":"closed","sticky":false,"template":"","format":"standard","meta":{"newspack_ads_suppress_ads":false,"newspack_popups_has_disabled_popups":false,"newspack_sponsor_sponsorship_scope":"","newspack_sponsor_native_byline_display":"inherit","newspack_sponsor_native_category_display":"inherit","newspack_sponsor_underwriter_style":"inherit","newspack_sponsor_underwriter_placement":"inherit","_newspack_byline_active":false,"_newspack_byline":"","newspack_hide_updated_date":false,"newspack_show_updated_date":false,"newspack_content_restriction_is_exempt":false,"newspack_featured_image_position":"","newspack_post_subtitle":"","newspack_article_summary_title":"Overview:","newspack_article_summary":"","_jetpack_memberships_contains_paid_content":false,"footnotes":"","jetpack_publicize_message":"","jetpack_publicize_feature_enabled":true,"jetpack_social_post_already_shared":false,"jetpack_social_options":{"image_generator_settings":{"template":"highway","default_image_id":0,"font":"","enabled":false},"version":2},"_wpas_customize_per_network":false},"categories":[2522,14625,14627,26822],"tags":[3739,4484,3082,3521,3745],"newspack_spnsrs_tax":[],"class_list":["post-338376","post","type-post","status-publish","format-standard","has-post-thumbnail","hentry","category-eventos-es","category-noticias-locales","category-proximamente","category-resort-casa-de-campo","tag-ednita-nazario","tag-el-hogar-del-nino","tag-esta-semana-en-casa","tag-fin-de-semana-del-hogar-del-nino","tag-miami-beach","entry"],"yoast_head":"<!-- This site is optimized with the Yoast SEO plugin v27.5 - https:\/\/yoast.com\/product\/yoast-seo-wordpress\/ -->\n<title>Esta Semana en Casa: 13 al 19 de Feb! | Casa de Campo Living<\/title>\n<meta name=\"description\" content=\"Esta semana en Casa de Campo ser\u00e1 bastante movida y divertida! Celebre el d\u00eda de los enamorados con los men\u00fas especiales de los restaurantes de Casa de\" \/>\n<meta name=\"robots\" content=\"index, follow, max-snippet:-1, max-image-preview:large, max-video-preview:-1\" \/>\n<link rel=\"canonical\" href=\"https:\/\/casadecampoliving.com\/es\/esta-semana-en-casa-13-al-19-de-feb\/\" \/>\n<meta property=\"og:locale\" content=\"es_ES\" \/>\n<meta property=\"og:type\" content=\"article\" \/>\n<meta property=\"og:title\" content=\"Esta Semana en Casa: 13 al 19 de Feb! | Casa de Campo Living\" \/>\n<meta property=\"og:description\" content=\"Esta semana en Casa de Campo ser\u00e1 bastante movida y divertida! Celebre el d\u00eda de los enamorados con los men\u00fas especiales de los restaurantes de Casa de\" \/>\n<meta property=\"og:url\" content=\"https:\/\/casadecampoliving.com\/es\/esta-semana-en-casa-13-al-19-de-feb\/\" \/>\n<meta property=\"og:site_name\" content=\"Casa de Campo Living\" \/>\n<meta property=\"article:publisher\" content=\"https:\/\/www.facebook.com\/casadecampoliving\" \/>\n<meta property=\"article:published_time\" content=\"2012-02-13T04:00:00+00:00\" \/>\n<meta property=\"article:modified_time\" content=\"2022-10-21T22:44:52+00:00\" \/>\n<meta property=\"og:image\" content=\"https:\/\/i0.wp.com\/casadecampoliving.com\/wp-content\/uploads\/2022\/10\/teeth_of_the_dog_casa_de_campo1-3.jpg?fit=650%2C350&ssl=1\" \/>\n\t<meta property=\"og:image:width\" content=\"650\" \/>\n\t<meta property=\"og:image:height\" content=\"350\" \/>\n\t<meta property=\"og:image:type\" content=\"image\/jpeg\" \/>\n<meta name=\"twitter:card\" content=\"summary_large_image\" \/>\n<meta name=\"twitter:creator\" content=\"@cdcliving\" \/>\n<meta name=\"twitter:site\" content=\"@cdcliving\" \/>\n<meta name=\"twitter:label1\" content=\"Escrito por\" \/>\n\t<meta name=\"twitter:data1\" content=\"\" \/>\n\t<meta name=\"twitter:label2\" content=\"Tiempo de lectura\" \/>\n\t<meta name=\"twitter:data2\" content=\"5 minutos\" \/>\n<script type=\"application\/ld+json\" class=\"yoast-schema-graph\">{\"@context\":\"https:\\\/\\\/schema.org\",\"@graph\":[{\"@type\":\"Article\",\"@id\":\"https:\\\/\\\/casadecampoliving.com\\\/es\\\/esta-semana-en-casa-13-al-19-de-feb\\\/#article\",\"isPartOf\":{\"@id\":\"https:\\\/\\\/casadecampoliving.com\\\/es\\\/esta-semana-en-casa-13-al-19-de-feb\\\/\"},\"author\":{\"name\":\"\",\"@id\":\"https:\\\/\\\/casadecampoliving.com\\\/es\\\/#\\\/schema\\\/person\\\/7e3b975d584a5f6ac0fd7128a81b0bc5\"},\"headline\":\"Esta Semana en Casa: 13 al 19 de Feb!\",\"datePublished\":\"2012-02-13T04:00:00+00:00\",\"dateModified\":\"2022-10-21T22:44:52+00:00\",\"mainEntityOfPage\":{\"@id\":\"https:\\\/\\\/casadecampoliving.com\\\/es\\\/esta-semana-en-casa-13-al-19-de-feb\\\/\"},\"wordCount\":978,\"publisher\":{\"@id\":\"https:\\\/\\\/casadecampoliving.com\\\/es\\\/#organization\"},\"image\":{\"@id\":\"https:\\\/\\\/casadecampoliving.com\\\/es\\\/esta-semana-en-casa-13-al-19-de-feb\\\/#primaryimage\"},\"thumbnailUrl\":\"https:\\\/\\\/i0.wp.com\\\/casadecampoliving.com\\\/wp-content\\\/uploads\\\/2022\\\/10\\\/teeth_of_the_dog_casa_de_campo1-3.jpg?fit=650%2C350&ssl=1\",\"keywords\":[\"ednita nazario\",\"el hogar del nino\",\"esta semana en casa\",\"fin de semana del hogar del nino\",\"miami beach\"],\"articleSection\":[\"Eventos\",\"Noticias Locales\",\"Proximamente\",\"Resort Casa de Campo\"],\"inLanguage\":\"es\"},{\"@type\":\"WebPage\",\"@id\":\"https:\\\/\\\/casadecampoliving.com\\\/es\\\/esta-semana-en-casa-13-al-19-de-feb\\\/\",\"url\":\"https:\\\/\\\/casadecampoliving.com\\\/es\\\/esta-semana-en-casa-13-al-19-de-feb\\\/\",\"name\":\"Esta Semana en Casa: 13 al 19 de Feb! | Casa de Campo Living\",\"isPartOf\":{\"@id\":\"https:\\\/\\\/casadecampoliving.com\\\/es\\\/#website\"},\"primaryImageOfPage\":{\"@id\":\"https:\\\/\\\/casadecampoliving.com\\\/es\\\/esta-semana-en-casa-13-al-19-de-feb\\\/#primaryimage\"},\"image\":{\"@id\":\"https:\\\/\\\/casadecampoliving.com\\\/es\\\/esta-semana-en-casa-13-al-19-de-feb\\\/#primaryimage\"},\"thumbnailUrl\":\"https:\\\/\\\/i0.wp.com\\\/casadecampoliving.com\\\/wp-content\\\/uploads\\\/2022\\\/10\\\/teeth_of_the_dog_casa_de_campo1-3.jpg?fit=650%2C350&ssl=1\",\"datePublished\":\"2012-02-13T04:00:00+00:00\",\"dateModified\":\"2022-10-21T22:44:52+00:00\",\"description\":\"Esta semana en Casa de Campo ser\u00e1 bastante movida y divertida! Celebre el d\u00eda de los enamorados con los men\u00fas especiales de los restaurantes de Casa de\",\"breadcrumb\":{\"@id\":\"https:\\\/\\\/casadecampoliving.com\\\/es\\\/esta-semana-en-casa-13-al-19-de-feb\\\/#breadcrumb\"},\"inLanguage\":\"es\",\"potentialAction\":[{\"@type\":\"ReadAction\",\"target\":[\"https:\\\/\\\/casadecampoliving.com\\\/es\\\/esta-semana-en-casa-13-al-19-de-feb\\\/\"]}]},{\"@type\":\"ImageObject\",\"inLanguage\":\"es\",\"@id\":\"https:\\\/\\\/casadecampoliving.com\\\/es\\\/esta-semana-en-casa-13-al-19-de-feb\\\/#primaryimage\",\"url\":\"https:\\\/\\\/i0.wp.com\\\/casadecampoliving.com\\\/wp-content\\\/uploads\\\/2022\\\/10\\\/teeth_of_the_dog_casa_de_campo1-3.jpg?fit=650%2C350&ssl=1\",\"contentUrl\":\"https:\\\/\\\/i0.wp.com\\\/casadecampoliving.com\\\/wp-content\\\/uploads\\\/2022\\\/10\\\/teeth_of_the_dog_casa_de_campo1-3.jpg?fit=650%2C350&ssl=1\",\"width\":650,\"height\":350},{\"@type\":\"BreadcrumbList\",\"@id\":\"https:\\\/\\\/casadecampoliving.com\\\/es\\\/esta-semana-en-casa-13-al-19-de-feb\\\/#breadcrumb\",\"itemListElement\":[{\"@type\":\"ListItem\",\"position\":1,\"name\":\"Home\",\"item\":\"https:\\\/\\\/casadecampoliving.com\\\/es\\\/\"},{\"@type\":\"ListItem\",\"position\":2,\"name\":\"Esta Semana en Casa: 13 al 19 de Feb!\"}]},{\"@type\":\"WebSite\",\"@id\":\"https:\\\/\\\/casadecampoliving.com\\\/es\\\/#website\",\"url\":\"https:\\\/\\\/casadecampoliving.com\\\/es\\\/\",\"name\":\"Casa de Campo Living\",\"description\":\"Resort community news and resources.\",\"publisher\":{\"@id\":\"https:\\\/\\\/casadecampoliving.com\\\/es\\\/#organization\"},\"potentialAction\":[{\"@type\":\"SearchAction\",\"target\":{\"@type\":\"EntryPoint\",\"urlTemplate\":\"https:\\\/\\\/casadecampoliving.com\\\/es\\\/?s={search_term_string}\"},\"query-input\":{\"@type\":\"PropertyValueSpecification\",\"valueRequired\":true,\"valueName\":\"search_term_string\"}}],\"inLanguage\":\"es\"},{\"@type\":\"Organization\",\"@id\":\"https:\\\/\\\/casadecampoliving.com\\\/es\\\/#organization\",\"name\":\"Casa de Campo Living\",\"url\":\"https:\\\/\\\/casadecampoliving.com\\\/es\\\/\",\"logo\":{\"@type\":\"ImageObject\",\"inLanguage\":\"es\",\"@id\":\"https:\\\/\\\/casadecampoliving.com\\\/es\\\/#\\\/schema\\\/logo\\\/image\\\/\",\"url\":\"https:\\\/\\\/i0.wp.com\\\/casadecampoliving.com\\\/wp-content\\\/uploads\\\/2022\\\/07\\\/CDCLivingLogo_V1-white-sized.png?fit=800%2C214&ssl=1\",\"contentUrl\":\"https:\\\/\\\/i0.wp.com\\\/casadecampoliving.com\\\/wp-content\\\/uploads\\\/2022\\\/07\\\/CDCLivingLogo_V1-white-sized.png?fit=800%2C214&ssl=1\",\"width\":800,\"height\":214,\"caption\":\"Casa de Campo Living\"},\"image\":{\"@id\":\"https:\\\/\\\/casadecampoliving.com\\\/es\\\/#\\\/schema\\\/logo\\\/image\\\/\"},\"sameAs\":[\"https:\\\/\\\/www.facebook.com\\\/casadecampoliving\",\"https:\\\/\\\/x.com\\\/cdcliving\"]},{\"@type\":\"Person\",\"@id\":\"https:\\\/\\\/casadecampoliving.com\\\/es\\\/#\\\/schema\\\/person\\\/7e3b975d584a5f6ac0fd7128a81b0bc5\",\"name\":\"\",\"image\":{\"@type\":\"ImageObject\",\"inLanguage\":\"es\",\"@id\":\"https:\\\/\\\/secure.gravatar.com\\\/avatar\\\/?s=96&d=mm&r=g\",\"url\":\"https:\\\/\\\/secure.gravatar.com\\\/avatar\\\/?s=96&d=mm&r=g\",\"contentUrl\":\"https:\\\/\\\/secure.gravatar.com\\\/avatar\\\/?s=96&d=mm&r=g\"},\"url\":\"https:\\\/\\\/casadecampoliving.com\\\/es\\\/author\\\/ \\\/\"}]}<\/script>\n<!-- \/ Yoast SEO plugin. -->","yoast_head_json":{"title":"Esta Semana en Casa: 13 al 19 de Feb! | Casa de Campo Living","description":"Esta semana en Casa de Campo ser\u00e1 bastante movida y divertida! Celebre el d\u00eda de los enamorados con los men\u00fas especiales de los restaurantes de Casa de","robots":{"index":"index","follow":"follow","max-snippet":"max-snippet:-1","max-image-preview":"max-image-preview:large","max-video-preview":"max-video-preview:-1"},"canonical":"https:\/\/casadecampoliving.com\/es\/esta-semana-en-casa-13-al-19-de-feb\/","og_locale":"es_ES","og_type":"article","og_title":"Esta Semana en Casa: 13 al 19 de Feb! | Casa de Campo Living","og_description":"Esta semana en Casa de Campo ser\u00e1 bastante movida y divertida! Celebre el d\u00eda de los enamorados con los men\u00fas especiales de los restaurantes de Casa de","og_url":"https:\/\/casadecampoliving.com\/es\/esta-semana-en-casa-13-al-19-de-feb\/","og_site_name":"Casa de Campo Living","article_publisher":"https:\/\/www.facebook.com\/casadecampoliving","article_published_time":"2012-02-13T04:00:00+00:00","article_modified_time":"2022-10-21T22:44:52+00:00","og_image":[{"width":650,"height":350,"url":"https:\/\/i0.wp.com\/casadecampoliving.com\/wp-content\/uploads\/2022\/10\/teeth_of_the_dog_casa_de_campo1-3.jpg?fit=650%2C350&ssl=1","type":"image\/jpeg"}],"twitter_card":"summary_large_image","twitter_creator":"@cdcliving","twitter_site":"@cdcliving","twitter_misc":{"Escrito por":"","Tiempo de lectura":"5 minutos"},"schema":{"@context":"https:\/\/schema.org","@graph":[{"@type":"Article","@id":"https:\/\/casadecampoliving.com\/es\/esta-semana-en-casa-13-al-19-de-feb\/#article","isPartOf":{"@id":"https:\/\/casadecampoliving.com\/es\/esta-semana-en-casa-13-al-19-de-feb\/"},"author":{"name":"","@id":"https:\/\/casadecampoliving.com\/es\/#\/schema\/person\/7e3b975d584a5f6ac0fd7128a81b0bc5"},"headline":"Esta Semana en Casa: 13 al 19 de Feb!","datePublished":"2012-02-13T04:00:00+00:00","dateModified":"2022-10-21T22:44:52+00:00","mainEntityOfPage":{"@id":"https:\/\/casadecampoliving.com\/es\/esta-semana-en-casa-13-al-19-de-feb\/"},"wordCount":978,"publisher":{"@id":"https:\/\/casadecampoliving.com\/es\/#organization"},"image":{"@id":"https:\/\/casadecampoliving.com\/es\/esta-semana-en-casa-13-al-19-de-feb\/#primaryimage"},"thumbnailUrl":"https:\/\/i0.wp.com\/casadecampoliving.com\/wp-content\/uploads\/2022\/10\/teeth_of_the_dog_casa_de_campo1-3.jpg?fit=650%2C350&ssl=1","keywords":["ednita nazario","el hogar del nino","esta semana en casa","fin de semana del hogar del nino","miami beach"],"articleSection":["Eventos","Noticias Locales","Proximamente","Resort Casa de Campo"],"inLanguage":"es"},{"@type":"WebPage","@id":"https:\/\/casadecampoliving.com\/es\/esta-semana-en-casa-13-al-19-de-feb\/","url":"https:\/\/casadecampoliving.com\/es\/esta-semana-en-casa-13-al-19-de-feb\/","name":"Esta Semana en Casa: 13 al 19 de Feb! | Casa de Campo Living","isPartOf":{"@id":"https:\/\/casadecampoliving.com\/es\/#website"},"primaryImageOfPage":{"@id":"https:\/\/casadecampoliving.com\/es\/esta-semana-en-casa-13-al-19-de-feb\/#primaryimage"},"image":{"@id":"https:\/\/casadecampoliving.com\/es\/esta-semana-en-casa-13-al-19-de-feb\/#primaryimage"},"thumbnailUrl":"https:\/\/i0.wp.com\/casadecampoliving.com\/wp-content\/uploads\/2022\/10\/teeth_of_the_dog_casa_de_campo1-3.jpg?fit=650%2C350&ssl=1","datePublished":"2012-02-13T04:00:00+00:00","dateModified":"2022-10-21T22:44:52+00:00","description":"Esta semana en Casa de Campo ser\u00e1 bastante movida y divertida! Celebre el d\u00eda de los enamorados con los men\u00fas especiales de los restaurantes de Casa de","breadcrumb":{"@id":"https:\/\/casadecampoliving.com\/es\/esta-semana-en-casa-13-al-19-de-feb\/#breadcrumb"},"inLanguage":"es","potentialAction":[{"@type":"ReadAction","target":["https:\/\/casadecampoliving.com\/es\/esta-semana-en-casa-13-al-19-de-feb\/"]}]},{"@type":"ImageObject","inLanguage":"es","@id":"https:\/\/casadecampoliving.com\/es\/esta-semana-en-casa-13-al-19-de-feb\/#primaryimage","url":"https:\/\/i0.wp.com\/casadecampoliving.com\/wp-content\/uploads\/2022\/10\/teeth_of_the_dog_casa_de_campo1-3.jpg?fit=650%2C350&ssl=1","contentUrl":"https:\/\/i0.wp.com\/casadecampoliving.com\/wp-content\/uploads\/2022\/10\/teeth_of_the_dog_casa_de_campo1-3.jpg?fit=650%2C350&ssl=1","width":650,"height":350},{"@type":"BreadcrumbList","@id":"https:\/\/casadecampoliving.com\/es\/esta-semana-en-casa-13-al-19-de-feb\/#breadcrumb","itemListElement":[{"@type":"ListItem","position":1,"name":"Home","item":"https:\/\/casadecampoliving.com\/es\/"},{"@type":"ListItem","position":2,"name":"Esta Semana en Casa: 13 al 19 de Feb!"}]},{"@type":"WebSite","@id":"https:\/\/casadecampoliving.com\/es\/#website","url":"https:\/\/casadecampoliving.com\/es\/","name":"Casa de Campo Living","description":"Resort community news and resources.","publisher":{"@id":"https:\/\/casadecampoliving.com\/es\/#organization"},"potentialAction":[{"@type":"SearchAction","target":{"@type":"EntryPoint","urlTemplate":"https:\/\/casadecampoliving.com\/es\/?s={search_term_string}"},"query-input":{"@type":"PropertyValueSpecification","valueRequired":true,"valueName":"search_term_string"}}],"inLanguage":"es"},{"@type":"Organization","@id":"https:\/\/casadecampoliving.com\/es\/#organization","name":"Casa de Campo Living","url":"https:\/\/casadecampoliving.com\/es\/","logo":{"@type":"ImageObject","inLanguage":"es","@id":"https:\/\/casadecampoliving.com\/es\/#\/schema\/logo\/image\/","url":"https:\/\/i0.wp.com\/casadecampoliving.com\/wp-content\/uploads\/2022\/07\/CDCLivingLogo_V1-white-sized.png?fit=800%2C214&ssl=1","contentUrl":"https:\/\/i0.wp.com\/casadecampoliving.com\/wp-content\/uploads\/2022\/07\/CDCLivingLogo_V1-white-sized.png?fit=800%2C214&ssl=1","width":800,"height":214,"caption":"Casa de Campo Living"},"image":{"@id":"https:\/\/casadecampoliving.com\/es\/#\/schema\/logo\/image\/"},"sameAs":["https:\/\/www.facebook.com\/casadecampoliving","https:\/\/x.com\/cdcliving"]},{"@type":"Person","@id":"https:\/\/casadecampoliving.com\/es\/#\/schema\/person\/7e3b975d584a5f6ac0fd7128a81b0bc5","name":"","image":{"@type":"ImageObject","inLanguage":"es","@id":"https:\/\/secure.gravatar.com\/avatar\/?s=96&d=mm&r=g","url":"https:\/\/secure.gravatar.com\/avatar\/?s=96&d=mm&r=g","contentUrl":"https:\/\/secure.gravatar.com\/avatar\/?s=96&d=mm&r=g"},"url":"https:\/\/casadecampoliving.com\/es\/author\/ \/"}]}},"parsely":{"version":"1.1.0","canonical_url":"https:\/\/casadecampoliving.com\/es\/esta-semana-en-casa-13-al-19-de-feb\/","smart_links":{"inbound":0,"outbound":0},"traffic_boost_suggestions_count":0,"meta":{"@context":"https:\/\/schema.org","@type":"NewsArticle","headline":"Esta Semana en Casa: 13 al 19 de Feb!","url":"http:\/\/casadecampoliving.com\/es\/esta-semana-en-casa-13-al-19-de-feb\/","mainEntityOfPage":{"@type":"WebPage","@id":"http:\/\/casadecampoliving.com\/es\/esta-semana-en-casa-13-al-19-de-feb\/"},"thumbnailUrl":"https:\/\/i0.wp.com\/casadecampoliving.com\/wp-content\/uploads\/2022\/10\/teeth_of_the_dog_casa_de_campo1-3.jpg?resize=150%2C150&ssl=1","image":{"@type":"ImageObject","url":"https:\/\/i0.wp.com\/casadecampoliving.com\/wp-content\/uploads\/2022\/10\/teeth_of_the_dog_casa_de_campo1-3.jpg?fit=650%2C350&ssl=1"},"articleSection":"Eventos","author":[{"@type":"Person","name":"FB_515917546"}],"creator":["FB_515917546"],"publisher":{"@type":"Organization","name":"Casa de Campo Living","logo":"https:\/\/casadecampoliving.com\/wp-content\/uploads\/2022\/07\/CDCLivingLogo_V1-white-sized.png"},"keywords":["ednita nazario","el hogar del nino","esta semana en casa","fin de semana del hogar del nino","miami beach"],"dateCreated":"2012-02-13T04:00:00Z","datePublished":"2012-02-13T04:00:00Z","dateModified":"2022-10-21T22:44:52Z"},"rendered":"<script type=\"application\/ld+json\" class=\"wp-parsely-metadata\">{\"@context\":\"https:\\\/\\\/schema.org\",\"@type\":\"NewsArticle\",\"headline\":\"Esta Semana en Casa: 13 al 19 de Feb!\",\"url\":\"http:\\\/\\\/casadecampoliving.com\\\/es\\\/esta-semana-en-casa-13-al-19-de-feb\\\/\",\"mainEntityOfPage\":{\"@type\":\"WebPage\",\"@id\":\"http:\\\/\\\/casadecampoliving.com\\\/es\\\/esta-semana-en-casa-13-al-19-de-feb\\\/\"},\"thumbnailUrl\":\"https:\\\/\\\/i0.wp.com\\\/casadecampoliving.com\\\/wp-content\\\/uploads\\\/2022\\\/10\\\/teeth_of_the_dog_casa_de_campo1-3.jpg?resize=150%2C150&ssl=1\",\"image\":{\"@type\":\"ImageObject\",\"url\":\"https:\\\/\\\/i0.wp.com\\\/casadecampoliving.com\\\/wp-content\\\/uploads\\\/2022\\\/10\\\/teeth_of_the_dog_casa_de_campo1-3.jpg?fit=650%2C350&ssl=1\"},\"articleSection\":\"Eventos\",\"author\":[{\"@type\":\"Person\",\"name\":\"FB_515917546\"}],\"creator\":[\"FB_515917546\"],\"publisher\":{\"@type\":\"Organization\",\"name\":\"Casa de Campo Living\",\"logo\":\"https:\\\/\\\/casadecampoliving.com\\\/wp-content\\\/uploads\\\/2022\\\/07\\\/CDCLivingLogo_V1-white-sized.png\"},\"keywords\":[\"ednita nazario\",\"el hogar del nino\",\"esta semana en casa\",\"fin de semana del hogar del nino\",\"miami beach\"],\"dateCreated\":\"2012-02-13T04:00:00Z\",\"datePublished\":\"2012-02-13T04:00:00Z\",\"dateModified\":\"2022-10-21T22:44:52Z\"}<\/script>","tracker_url":"https:\/\/cdn.parsely.com\/keys\/casadecampoliving.com\/p.js"},"jetpack_publicize_connections":[],"jetpack_featured_media_url":"https:\/\/i0.wp.com\/casadecampoliving.com\/wp-content\/uploads\/2022\/10\/teeth_of_the_dog_casa_de_campo1-3.jpg?fit=650%2C350&ssl=1","jetpack-related-posts":[{"id":320992,"url":"https:\/\/casadecampoliving.com\/this-valentines-day-puerto-rican-singer-ednita-nazario-returns-with-soy-and-hopes-of-visiting-casa-de-campo\/","url_meta":{"origin":338376,"position":0},"title":"This Valentine&#8217;s Day, Puerto Rican singer Ednita Nazario returns with \u00abSOY\u00bb and hopes of visiting Casa de Campo!","author":"","date":"6 Feb, 2012","format":false,"excerpt":"More than 10 years since her last concert in the Dominican Republic, Puerto Rican singer, Ednita Nazario, a fan of Casa de Campo, is finally returning to the delight of her thousands of Dominican fans. With a show named \u201cSOY\u201d (I am), Ednita Nazario will be performing on Tuesday February\u2026","rel":"","context":"En \u00abConcerts\u00bb","block_context":{"text":"Concerts","link":"https:\/\/casadecampoliving.com\/category\/concerts\/"},"img":{"alt_text":"ednita nazario","src":"https:\/\/i0.wp.com\/casadecampoliving.com\/wp-content\/uploads\/2022\/10\/ednita_nazario1-1.jpg?fit=650%2C380&ssl=1&resize=350%2C200","width":350,"height":200,"srcset":"https:\/\/i0.wp.com\/casadecampoliving.com\/wp-content\/uploads\/2022\/10\/ednita_nazario1-1.jpg?fit=650%2C380&ssl=1&resize=350%2C200 1x, https:\/\/i0.wp.com\/casadecampoliving.com\/wp-content\/uploads\/2022\/10\/ednita_nazario1-1.jpg?fit=650%2C380&ssl=1&resize=525%2C300 1.5x"},"classes":[]},{"id":338194,"url":"https:\/\/casadecampoliving.com\/es\/la-diva-de-puerto-rico-ednita-nazario-llega-al-jaragua-con-soy-este-14-de-febrero-y-con-esperanzas-de-visitar-casa-de-campo\/","url_meta":{"origin":338376,"position":1},"title":"La Diva de Puerto Rico, Ednita Nazario, llega al Jaragua con \u00abSoy\u00bb este 14 de febrero&#8230;y con esperanzas de visitar Casa de Campo!","author":"","date":"6 Feb, 2012","format":false,"excerpt":"Luego de varios a\u00f1os de que se presentara por \u00faltima vez en el pa\u00eds, la cantante boricua, Ednita Nazario, quien tambi\u00e9n ha visitado el particular para\u00edso de Casa de Campo, al fin regresa a la Rep\u00fablica Dominicana para deleitar a los dominicanos con su espect\u00e1culo \u201cSoy\u201d, este 14 de febrero\u2026","rel":"","context":"En \u00abCelebridades\u00bb","block_context":{"text":"Celebridades","link":"https:\/\/casadecampoliving.com\/es\/category\/celebridades-es\/"},"img":{"alt_text":"ednita nazario","src":"https:\/\/i0.wp.com\/casadecampoliving.com\/wp-content\/uploads\/2022\/10\/ednita_nazario1-1.jpg?fit=650%2C380&ssl=1&resize=350%2C200","width":350,"height":200,"srcset":"https:\/\/i0.wp.com\/casadecampoliving.com\/wp-content\/uploads\/2022\/10\/ednita_nazario1-1.jpg?fit=650%2C380&ssl=1&resize=350%2C200 1x, https:\/\/i0.wp.com\/casadecampoliving.com\/wp-content\/uploads\/2022\/10\/ednita_nazario1-1.jpg?fit=650%2C380&ssl=1&resize=525%2C300 1.5x"},"classes":[]},{"id":321108,"url":"https:\/\/casadecampoliving.com\/performing-at-the-altos-de-chavon-amphitheatre-one-of-puerto-rican-singer-ednita-nazarios-biggest-dreams\/","url_meta":{"origin":338376,"position":2},"title":"Performing at the Altos de Chav\u00f3n amphitheatre: One of Puerto Rican singer Ednita Nazario&#8217;s biggest dreams!","author":"","date":"2 Jun, 2012","format":false,"excerpt":"On Valentine's Day (February 14th 2012), after more than 4 years of absence, Puerto Rican singer Ednita Nazario returned to her Dominican fans at a completely sold out concert entitled \"SOY\" celebrated at the Jaragua Hotel in Santo Domingo! Ednita Nazario set an end to her world tour \"SOY\" in\u2026","rel":"","context":"En \u00abBeyond Casa\u00bb","block_context":{"text":"Beyond Casa","link":"https:\/\/casadecampoliving.com\/category\/beyond-casa\/"},"img":{"alt_text":"ednita nazario","src":"https:\/\/i0.wp.com\/casadecampoliving.com\/wp-content\/uploads\/2022\/10\/Ednita_nazario2-1.jpg?fit=650%2C778&ssl=1&resize=350%2C200","width":350,"height":200,"srcset":"https:\/\/i0.wp.com\/casadecampoliving.com\/wp-content\/uploads\/2022\/10\/Ednita_nazario2-1.jpg?fit=650%2C778&ssl=1&resize=350%2C200 1x, https:\/\/i0.wp.com\/casadecampoliving.com\/wp-content\/uploads\/2022\/10\/Ednita_nazario2-1.jpg?fit=650%2C778&ssl=1&resize=525%2C300 1.5x"},"classes":[]},{"id":338532,"url":"https:\/\/casadecampoliving.com\/es\/entrevista-con-la-cantante-puertorriquena-ednita-nazario-cantar-en-altos-de-chavon-es-uno-de-mis-grandes-suenos\/","url_meta":{"origin":338376,"position":3},"title":"Entrevista con la cantante puertorrique\u00f1a, Ednita Nazario: \u00abCantar en Altos de Chav\u00f3n es uno de mis grandes sue\u00f1os\u00bb","author":"","date":"2 Jun, 2012","format":false,"excerpt":"\u00a0El pasado 14 de febrero, d\u00eda de San Valent\u00edn, luego de m\u00e1s de 4 a\u00f1os de ausencia, la cantante puertorrique\u00f1a, Ednita Nazario se reencontr\u00f3 con sus fan\u00e1ticos de la Rep\u00fablica Dominicana en lo que fue \"SOY\", un concierto completamente \"SOLD OUT\", celebrado en el Teatro La Fiesta del Hotel Jaragua\u2026","rel":"","context":"En \u00abM\u00e1s all\u00e1 de Casa\u00bb","block_context":{"text":"M\u00e1s all\u00e1 de Casa","link":"https:\/\/casadecampoliving.com\/es\/category\/mas-alla-de-casa-es\/"},"img":{"alt_text":"ednita nazario","src":"https:\/\/i0.wp.com\/casadecampoliving.com\/wp-content\/uploads\/2022\/10\/Ednita_nazario2-1.jpg?fit=650%2C778&ssl=1&resize=350%2C200","width":350,"height":200,"srcset":"https:\/\/i0.wp.com\/casadecampoliving.com\/wp-content\/uploads\/2022\/10\/Ednita_nazario2-1.jpg?fit=650%2C778&ssl=1&resize=350%2C200 1x, https:\/\/i0.wp.com\/casadecampoliving.com\/wp-content\/uploads\/2022\/10\/Ednita_nazario2-1.jpg?fit=650%2C778&ssl=1&resize=525%2C300 1.5x"},"classes":[]},{"id":433460,"url":"https:\/\/casadecampoliving.com\/es\/no-se-pierdan-el-increible-tributo-a-frank-sinatra-para-celebrar-el-40-aniversario-del-anfiteatro-altos-de-chavon\/","url_meta":{"origin":338376,"position":4},"title":"No se pierdan el incre\u00edble tributo a Frank Sinatra para celebrar el 40 aniversario del\u00a0Anfiteatro Altos de Chav\u00f3n","author":"Casa de Campo Living","date":"20 Oct, 2022","format":false,"excerpt":"Siendo uno de los escenarios m\u00e1s emblem\u00e1ticos del pa\u00eds, Casa de Campo Resort\u00ae & Villas celebra las cuatro d\u00e9cadas de aniversario de Altos de Chav\u00f3n con un tributo al gran Frank Sinatra, protagonizado por artistas invitados y una big band tal cual la que acompa\u00f1\u00f3 al artista hace 40 a\u00f1os\u2026","rel":"","context":"En \u00abUncategorized @es\u00bb","block_context":{"text":"Uncategorized @es","link":"https:\/\/casadecampoliving.com\/es\/category\/uncategorized-es\/"},"img":{"alt_text":"","src":"https:\/\/i0.wp.com\/casadecampoliving.com\/wp-content\/uploads\/2022\/10\/Tributo-Frank-Sinatra-Foto-Principal-Amaury-Sanchez-Danilo-Ginebra-Andres-Pichardo-y-Jose-Gabriel-Perez-.jpg?fit=1200%2C873&ssl=1&resize=350%2C200","width":350,"height":200,"srcset":"https:\/\/i0.wp.com\/casadecampoliving.com\/wp-content\/uploads\/2022\/10\/Tributo-Frank-Sinatra-Foto-Principal-Amaury-Sanchez-Danilo-Ginebra-Andres-Pichardo-y-Jose-Gabriel-Perez-.jpg?fit=1200%2C873&ssl=1&resize=350%2C200 1x, https:\/\/i0.wp.com\/casadecampoliving.com\/wp-content\/uploads\/2022\/10\/Tributo-Frank-Sinatra-Foto-Principal-Amaury-Sanchez-Danilo-Ginebra-Andres-Pichardo-y-Jose-Gabriel-Perez-.jpg?fit=1200%2C873&ssl=1&resize=525%2C300 1.5x, https:\/\/i0.wp.com\/casadecampoliving.com\/wp-content\/uploads\/2022\/10\/Tributo-Frank-Sinatra-Foto-Principal-Amaury-Sanchez-Danilo-Ginebra-Andres-Pichardo-y-Jose-Gabriel-Perez-.jpg?fit=1200%2C873&ssl=1&resize=700%2C400 2x, https:\/\/i0.wp.com\/casadecampoliving.com\/wp-content\/uploads\/2022\/10\/Tributo-Frank-Sinatra-Foto-Principal-Amaury-Sanchez-Danilo-Ginebra-Andres-Pichardo-y-Jose-Gabriel-Perez-.jpg?fit=1200%2C873&ssl=1&resize=1050%2C600 3x"},"classes":[]},{"id":321034,"url":"https:\/\/casadecampoliving.com\/this-week-in-casa-13th-19th-feb\/","url_meta":{"origin":338376,"position":5},"title":"This Week in Casa: 13th &#8211; 19th Feb!","author":"","date":"13 Feb, 2012","format":false,"excerpt":"It looks like this is going to be a fun and busy week!! Enjoy the special ocassion with special menus on Valentine\u2019s Day at Casa de Campo\u2019s beautiful restaurants, \u00a0 and some great music at Ednita Nazario\u2019s \u201cSoy\u201d concert! The Miami Yacht and Brokerage Show is starting on Thursday and\u2026","rel":"","context":"En \u00abCasa de Campo Resort\u00bb","block_context":{"text":"Casa de Campo Resort","link":"https:\/\/casadecampoliving.com\/category\/casa-de-campo-resort\/"},"img":{"alt_text":"teeth of the dog casa de campo","src":"https:\/\/i0.wp.com\/casadecampoliving.com\/wp-content\/uploads\/2022\/10\/teeth_of_the_dog_casa_de_campo1-3.jpg?fit=650%2C350&ssl=1&resize=350%2C200","width":350,"height":200,"srcset":"https:\/\/i0.wp.com\/casadecampoliving.com\/wp-content\/uploads\/2022\/10\/teeth_of_the_dog_casa_de_campo1-3.jpg?fit=650%2C350&ssl=1&resize=350%2C200 1x, https:\/\/i0.wp.com\/casadecampoliving.com\/wp-content\/uploads\/2022\/10\/teeth_of_the_dog_casa_de_campo1-3.jpg?fit=650%2C350&ssl=1&resize=525%2C300 1.5x"},"classes":[]}],"jetpack_sharing_enabled":true,"_links":{"self":[{"href":"https:\/\/casadecampoliving.com\/es\/wp-json\/wp\/v2\/posts\/338376","targetHints":{"allow":["GET"]}}],"collection":[{"href":"https:\/\/casadecampoliving.com\/es\/wp-json\/wp\/v2\/posts"}],"about":[{"href":"https:\/\/casadecampoliving.com\/es\/wp-json\/wp\/v2\/types\/post"}],"author":[{"embeddable":true,"href":"https:\/\/casadecampoliving.com\/es\/wp-json\/wp\/v2\/users\/21"}],"replies":[{"embeddable":true,"href":"https:\/\/casadecampoliving.com\/es\/wp-json\/wp\/v2\/comments?post=338376"}],"version-history":[{"count":1,"href":"https:\/\/casadecampoliving.com\/es\/wp-json\/wp\/v2\/posts\/338376\/revisions"}],"predecessor-version":[{"id":338377,"href":"https:\/\/casadecampoliving.com\/es\/wp-json\/wp\/v2\/posts\/338376\/revisions\/338377"}],"wp:featuredmedia":[{"embeddable":true,"href":"https:\/\/casadecampoliving.com\/es\/wp-json\/wp\/v2\/media\/243715"}],"wp:attachment":[{"href":"https:\/\/casadecampoliving.com\/es\/wp-json\/wp\/v2\/media?parent=338376"}],"wp:term":[{"taxonomy":"category","embeddable":true,"href":"https:\/\/casadecampoliving.com\/es\/wp-json\/wp\/v2\/categories?post=338376"},{"taxonomy":"post_tag","embeddable":true,"href":"https:\/\/casadecampoliving.com\/es\/wp-json\/wp\/v2\/tags?post=338376"},{"taxonomy":"newspack_spnsrs_tax","embeddable":true,"href":"https:\/\/casadecampoliving.com\/es\/wp-json\/wp\/v2\/newspack_spnsrs_tax?post=338376"}],"curies":[{"name":"wp","href":"https:\/\/api.w.org\/{rel}","templated":true}]}}