{"id":338360,"date":"2012-02-11T00:00:00","date_gmt":"2012-02-11T04:00:00","guid":{"rendered":"https:\/\/casadecampoliving.com\/se-inaugura-la-nueva-exhibicion-de-arte-hernandez-en-chavon-de-manuel-hernandez\/"},"modified":"2022-11-10T10:43:03","modified_gmt":"2022-11-10T14:43:03","slug":"se-inaugura-la-nueva-exhibicion-de-arte-hernandez-en-chavon-de-manuel-hernandez","status":"publish","type":"post","link":"https:\/\/casadecampoliving.com\/es\/se-inaugura-la-nueva-exhibicion-de-arte-hernandez-en-chavon-de-manuel-hernandez\/","title":{"rendered":"Se inaugura la nueva exhibici\u00f3n de arte \u00abHern\u00e1ndez en Chav\u00f3n\u00bb de Manuel Hern\u00e1ndez"},"content":{"rendered":"<img data-recalc-dims=\"1\" loading=\"lazy\" decoding=\"async\" class=\"aligncenter size-full wp-image-44769\" title=\"manuel_hernandez_arte\" src=\"https:\/\/i0.wp.com\/casadecampoliving.com\/wp-content\/uploads\/2022\/10\/manuel_hernandez_arte-2.jpg?resize=650%2C358&#038;ssl=1\" alt=\"manuel hernandez arte\" width=\"650\" height=\"358\" \/>El pasado jueves 2 de febrero, la nueva exhibici\u00f3n de arte \u00abHern\u00e1ndez en Chav\u00f3n\u00bb, presentada por el artista colombiano, Manuel Hern\u00e1ndez, fue inaugurada en la galer\u00eda de arte de Altos de Chav\u00f3n con una magn\u00edfica celebraci\u00f3n de 50 a\u00f1os de arte entre familiares y amistades, as\u00ed como con los miembros de las comunidades de Casa de Campo y Altos de Chav\u00f3n. \u00a0<!--more-->\n\n<img data-recalc-dims=\"1\" loading=\"lazy\" decoding=\"async\" class=\"alignright size-full wp-image-44935\" style=\"margin-left: 15px; margin-right: 15px;\" title=\"daniel_hernandez\" src=\"https:\/\/i0.wp.com\/casadecampoliving.com\/wp-content\/uploads\/2022\/10\/daniel_hernandez.jpg?resize=250%2C348&#038;ssl=1\" alt=\"daniel hernandez\" width=\"250\" height=\"348\" \/>A\u00fan cuando el artista, Manuel Hern\u00e1ndez, no estuvo presente en la inauguraci\u00f3n, su orgulloso hijo, <a href=\"https:\/\/casadecampoliving.com\/es\/2010\/09\/conozca-a-daniel-hernandez-el-nuevo-gerente-general-de-casa-de-campo\/\">Daniel Hern\u00e1ndez y tambi\u00e9n Gerente General del Hotel Casa de Campo<\/a>, fue el anfitri\u00f3n de la noche en la que all\u00ed se dio cita una gran cantidad de amantes del arte, deleitados ante las descripciones e interpretaciones de las obras del maestro, realizadas por Daniel.\n<p style=\"text-align: left;\">Esta es la segunda exhibici\u00f3n de arte que el maestro Manuel Hern\u00e1ndez ha realizado en la Rep\u00fablica Dominicana en el pasado mes. El mi\u00e9rcoles 18 de enero, otra exposici\u00f3n denominada \u00ab50 a\u00f1os de signos\u00bb, tambi\u00e9n fue inaugurada, en esa ocasi\u00f3n, en Santo Domingo en la Galer\u00eda Nacional de Bellas Artes. A\u00fan cuando son exhibiciones con conceptos totalmente distintos, las obras son muy similares; ambas caracterizadas por el singular estilo de Hern\u00e1ndez en torno a sus \u00absignos\u00bb y variedad en sus dise\u00f1os y colores, destacando la distintiva figura \u00abM\u00bb en la mayor\u00eda de ellos.<\/p>\n<p style=\"text-align: center;\"><strong>Pintura por Manuel Hernandez exhibida en Altos de Chav\u00f3n<\/strong>\n<img data-recalc-dims=\"1\" loading=\"lazy\" decoding=\"async\" class=\"aligncenter size-full wp-image-44934\" title=\"manuel_hernandez\" src=\"https:\/\/i0.wp.com\/casadecampoliving.com\/wp-content\/uploads\/2022\/10\/manuel_hernandez.jpg?resize=650%2C319&#038;ssl=1\" alt=\"manuel hernandez art \" width=\"650\" height=\"319\" \/><\/p>\n<p style=\"text-align: left;\">\u00ab50 a\u00f1o de signos\u00bb por Manuel Hernandez estar\u00e1 abierta al p\u00fablico en la Galer\u00eda Nacional de Bellas Artes en Santo Domingo hasta el 14 de marzo.\n<a href=\"https:\/\/casadecampoliving.com\/es\/2012\/01\/manuel-hernandez-atrae-a-los-amantes-del-arte-a-la-celebracion-de-la-apertura-de-50-anos-de-signos\/\">Haga click aqu\u00ed para ver las fotos del evento inaugural de \u00ab50 a\u00f1o de signos\u00bb\u00a0<\/a><\/p>\n<p style=\"text-align: left;\">La exhibici\u00f3n, \u00abHernadez en Chav\u00f3n\u00bb, consiste, esencialmente, en las m\u00e1s peque\u00f1as pinturas y grabados que unidos \u00a0hacen una magn\u00edfica colecci\u00f3n, pero que tambi\u00e9n incluye trabajos m\u00e1s grandes, similares a aquellos que en la actualidad se exponen en Santo Domingo.<\/p>\n<p style=\"text-align: left;\">Aquellos que asistieron al evento inaugural, pudieron disfrutar de una geustaci\u00f3n de vinos y quesos. Las siguientes im\u00e1genes fueron tomadas durante la inauguraci\u00f3n:\u00a0<strong>\n<figure class=\"wp-block-gallery has-nested-images columns-default is-cropped wp-block-gallery-1 is-layout-flex wp-block-gallery-is-layout-flex\">\n<figure class=\"wp-block-image size-large\"><img data-recalc-dims=\"1\" loading=\"lazy\" decoding=\"async\" width=\"800\" height=\"600\" data-id=\"410321\" src=\"https:\/\/i0.wp.com\/casadecampoliving.com\/wp-content\/uploads\/2022\/10\/cimg3164.jpg?resize=800%2C600&#038;ssl=1\" alt=\"\" class=\"wp-image-410321\" srcset=\"https:\/\/i0.wp.com\/casadecampoliving.com\/wp-content\/uploads\/2022\/10\/cimg3164.jpg?w=800&amp;ssl=1 800w, https:\/\/i0.wp.com\/casadecampoliving.com\/wp-content\/uploads\/2022\/10\/cimg3164.jpg?resize=300%2C225&amp;ssl=1 300w, https:\/\/i0.wp.com\/casadecampoliving.com\/wp-content\/uploads\/2022\/10\/cimg3164.jpg?resize=768%2C576&amp;ssl=1 768w, https:\/\/i0.wp.com\/casadecampoliving.com\/wp-content\/uploads\/2022\/10\/cimg3164.jpg?resize=400%2C300&amp;ssl=1 400w, https:\/\/i0.wp.com\/casadecampoliving.com\/wp-content\/uploads\/2022\/10\/cimg3164.jpg?resize=200%2C150&amp;ssl=1 200w, https:\/\/i0.wp.com\/casadecampoliving.com\/wp-content\/uploads\/2022\/10\/cimg3164.jpg?resize=706%2C530&amp;ssl=1 706w, https:\/\/i0.wp.com\/casadecampoliving.com\/wp-content\/uploads\/2022\/10\/cimg3164.jpg?resize=150%2C113&amp;ssl=1 150w, https:\/\/i0.wp.com\/casadecampoliving.com\/wp-content\/uploads\/2022\/10\/cimg3164.jpg?w=370&amp;ssl=1 370w\" sizes=\"auto, (max-width: 800px) 100vw, 800px\" \/><\/figure>\n\n\n\n<figure class=\"wp-block-image size-large\"><img data-recalc-dims=\"1\" loading=\"lazy\" decoding=\"async\" width=\"800\" height=\"600\" data-id=\"410347\" src=\"https:\/\/i0.wp.com\/casadecampoliving.com\/wp-content\/uploads\/2022\/10\/cimg3165.jpg?resize=800%2C600&#038;ssl=1\" alt=\"\" class=\"wp-image-410347\" srcset=\"https:\/\/i0.wp.com\/casadecampoliving.com\/wp-content\/uploads\/2022\/10\/cimg3165.jpg?w=800&amp;ssl=1 800w, https:\/\/i0.wp.com\/casadecampoliving.com\/wp-content\/uploads\/2022\/10\/cimg3165.jpg?resize=300%2C225&amp;ssl=1 300w, https:\/\/i0.wp.com\/casadecampoliving.com\/wp-content\/uploads\/2022\/10\/cimg3165.jpg?resize=768%2C576&amp;ssl=1 768w, https:\/\/i0.wp.com\/casadecampoliving.com\/wp-content\/uploads\/2022\/10\/cimg3165.jpg?resize=400%2C300&amp;ssl=1 400w, https:\/\/i0.wp.com\/casadecampoliving.com\/wp-content\/uploads\/2022\/10\/cimg3165.jpg?resize=200%2C150&amp;ssl=1 200w, https:\/\/i0.wp.com\/casadecampoliving.com\/wp-content\/uploads\/2022\/10\/cimg3165.jpg?resize=706%2C530&amp;ssl=1 706w, https:\/\/i0.wp.com\/casadecampoliving.com\/wp-content\/uploads\/2022\/10\/cimg3165.jpg?resize=150%2C113&amp;ssl=1 150w, https:\/\/i0.wp.com\/casadecampoliving.com\/wp-content\/uploads\/2022\/10\/cimg3165.jpg?w=370&amp;ssl=1 370w\" sizes=\"auto, (max-width: 800px) 100vw, 800px\" \/><\/figure>\n\n\n\n<figure class=\"wp-block-image size-large\"><img data-recalc-dims=\"1\" loading=\"lazy\" decoding=\"async\" width=\"800\" height=\"600\" data-id=\"410369\" src=\"https:\/\/i0.wp.com\/casadecampoliving.com\/wp-content\/uploads\/2022\/10\/cimg3166.jpg?resize=800%2C600&#038;ssl=1\" alt=\"\" class=\"wp-image-410369\" srcset=\"https:\/\/i0.wp.com\/casadecampoliving.com\/wp-content\/uploads\/2022\/10\/cimg3166.jpg?w=800&amp;ssl=1 800w, https:\/\/i0.wp.com\/casadecampoliving.com\/wp-content\/uploads\/2022\/10\/cimg3166.jpg?resize=300%2C225&amp;ssl=1 300w, https:\/\/i0.wp.com\/casadecampoliving.com\/wp-content\/uploads\/2022\/10\/cimg3166.jpg?resize=768%2C576&amp;ssl=1 768w, https:\/\/i0.wp.com\/casadecampoliving.com\/wp-content\/uploads\/2022\/10\/cimg3166.jpg?resize=400%2C300&amp;ssl=1 400w, https:\/\/i0.wp.com\/casadecampoliving.com\/wp-content\/uploads\/2022\/10\/cimg3166.jpg?resize=200%2C150&amp;ssl=1 200w, https:\/\/i0.wp.com\/casadecampoliving.com\/wp-content\/uploads\/2022\/10\/cimg3166.jpg?resize=706%2C530&amp;ssl=1 706w, https:\/\/i0.wp.com\/casadecampoliving.com\/wp-content\/uploads\/2022\/10\/cimg3166.jpg?resize=150%2C113&amp;ssl=1 150w, https:\/\/i0.wp.com\/casadecampoliving.com\/wp-content\/uploads\/2022\/10\/cimg3166.jpg?w=370&amp;ssl=1 370w\" sizes=\"auto, (max-width: 800px) 100vw, 800px\" \/><\/figure>\n\n\n\n<figure class=\"wp-block-image size-large\"><img data-recalc-dims=\"1\" loading=\"lazy\" decoding=\"async\" width=\"800\" height=\"600\" data-id=\"410397\" src=\"https:\/\/i0.wp.com\/casadecampoliving.com\/wp-content\/uploads\/2022\/10\/cimg3167.jpg?resize=800%2C600&#038;ssl=1\" alt=\"\" class=\"wp-image-410397\" srcset=\"https:\/\/i0.wp.com\/casadecampoliving.com\/wp-content\/uploads\/2022\/10\/cimg3167.jpg?w=800&amp;ssl=1 800w, https:\/\/i0.wp.com\/casadecampoliving.com\/wp-content\/uploads\/2022\/10\/cimg3167.jpg?resize=300%2C225&amp;ssl=1 300w, https:\/\/i0.wp.com\/casadecampoliving.com\/wp-content\/uploads\/2022\/10\/cimg3167.jpg?resize=768%2C576&amp;ssl=1 768w, https:\/\/i0.wp.com\/casadecampoliving.com\/wp-content\/uploads\/2022\/10\/cimg3167.jpg?resize=400%2C300&amp;ssl=1 400w, https:\/\/i0.wp.com\/casadecampoliving.com\/wp-content\/uploads\/2022\/10\/cimg3167.jpg?resize=200%2C150&amp;ssl=1 200w, https:\/\/i0.wp.com\/casadecampoliving.com\/wp-content\/uploads\/2022\/10\/cimg3167.jpg?resize=706%2C530&amp;ssl=1 706w, https:\/\/i0.wp.com\/casadecampoliving.com\/wp-content\/uploads\/2022\/10\/cimg3167.jpg?resize=150%2C113&amp;ssl=1 150w, https:\/\/i0.wp.com\/casadecampoliving.com\/wp-content\/uploads\/2022\/10\/cimg3167.jpg?w=370&amp;ssl=1 370w\" sizes=\"auto, (max-width: 800px) 100vw, 800px\" \/><\/figure>\n\n\n\n<figure class=\"wp-block-image size-large\"><img data-recalc-dims=\"1\" loading=\"lazy\" decoding=\"async\" width=\"800\" height=\"600\" data-id=\"410421\" src=\"https:\/\/i0.wp.com\/casadecampoliving.com\/wp-content\/uploads\/2022\/10\/cimg3168.jpg?resize=800%2C600&#038;ssl=1\" alt=\"\" class=\"wp-image-410421\" srcset=\"https:\/\/i0.wp.com\/casadecampoliving.com\/wp-content\/uploads\/2022\/10\/cimg3168.jpg?w=800&amp;ssl=1 800w, https:\/\/i0.wp.com\/casadecampoliving.com\/wp-content\/uploads\/2022\/10\/cimg3168.jpg?resize=300%2C225&amp;ssl=1 300w, https:\/\/i0.wp.com\/casadecampoliving.com\/wp-content\/uploads\/2022\/10\/cimg3168.jpg?resize=768%2C576&amp;ssl=1 768w, https:\/\/i0.wp.com\/casadecampoliving.com\/wp-content\/uploads\/2022\/10\/cimg3168.jpg?resize=400%2C300&amp;ssl=1 400w, https:\/\/i0.wp.com\/casadecampoliving.com\/wp-content\/uploads\/2022\/10\/cimg3168.jpg?resize=200%2C150&amp;ssl=1 200w, https:\/\/i0.wp.com\/casadecampoliving.com\/wp-content\/uploads\/2022\/10\/cimg3168.jpg?resize=706%2C530&amp;ssl=1 706w, https:\/\/i0.wp.com\/casadecampoliving.com\/wp-content\/uploads\/2022\/10\/cimg3168.jpg?resize=150%2C113&amp;ssl=1 150w, https:\/\/i0.wp.com\/casadecampoliving.com\/wp-content\/uploads\/2022\/10\/cimg3168.jpg?w=370&amp;ssl=1 370w\" sizes=\"auto, (max-width: 800px) 100vw, 800px\" \/><\/figure>\n\n\n\n<figure class=\"wp-block-image size-large\"><img data-recalc-dims=\"1\" loading=\"lazy\" decoding=\"async\" width=\"800\" height=\"600\" data-id=\"410444\" src=\"https:\/\/i0.wp.com\/casadecampoliving.com\/wp-content\/uploads\/2022\/10\/cimg3169.jpg?resize=800%2C600&#038;ssl=1\" alt=\"\" class=\"wp-image-410444\" srcset=\"https:\/\/i0.wp.com\/casadecampoliving.com\/wp-content\/uploads\/2022\/10\/cimg3169.jpg?w=800&amp;ssl=1 800w, https:\/\/i0.wp.com\/casadecampoliving.com\/wp-content\/uploads\/2022\/10\/cimg3169.jpg?resize=300%2C225&amp;ssl=1 300w, https:\/\/i0.wp.com\/casadecampoliving.com\/wp-content\/uploads\/2022\/10\/cimg3169.jpg?resize=768%2C576&amp;ssl=1 768w, https:\/\/i0.wp.com\/casadecampoliving.com\/wp-content\/uploads\/2022\/10\/cimg3169.jpg?resize=400%2C300&amp;ssl=1 400w, https:\/\/i0.wp.com\/casadecampoliving.com\/wp-content\/uploads\/2022\/10\/cimg3169.jpg?resize=200%2C150&amp;ssl=1 200w, https:\/\/i0.wp.com\/casadecampoliving.com\/wp-content\/uploads\/2022\/10\/cimg3169.jpg?resize=706%2C530&amp;ssl=1 706w, https:\/\/i0.wp.com\/casadecampoliving.com\/wp-content\/uploads\/2022\/10\/cimg3169.jpg?resize=150%2C113&amp;ssl=1 150w, https:\/\/i0.wp.com\/casadecampoliving.com\/wp-content\/uploads\/2022\/10\/cimg3169.jpg?w=370&amp;ssl=1 370w\" sizes=\"auto, (max-width: 800px) 100vw, 800px\" \/><\/figure>\n\n\n\n<figure class=\"wp-block-image size-large\"><img data-recalc-dims=\"1\" loading=\"lazy\" decoding=\"async\" width=\"800\" height=\"600\" data-id=\"410467\" src=\"https:\/\/i0.wp.com\/casadecampoliving.com\/wp-content\/uploads\/2022\/10\/cimg3170.jpg?resize=800%2C600&#038;ssl=1\" alt=\"\" class=\"wp-image-410467\" srcset=\"https:\/\/i0.wp.com\/casadecampoliving.com\/wp-content\/uploads\/2022\/10\/cimg3170.jpg?w=800&amp;ssl=1 800w, https:\/\/i0.wp.com\/casadecampoliving.com\/wp-content\/uploads\/2022\/10\/cimg3170.jpg?resize=300%2C225&amp;ssl=1 300w, https:\/\/i0.wp.com\/casadecampoliving.com\/wp-content\/uploads\/2022\/10\/cimg3170.jpg?resize=768%2C576&amp;ssl=1 768w, https:\/\/i0.wp.com\/casadecampoliving.com\/wp-content\/uploads\/2022\/10\/cimg3170.jpg?resize=400%2C300&amp;ssl=1 400w, https:\/\/i0.wp.com\/casadecampoliving.com\/wp-content\/uploads\/2022\/10\/cimg3170.jpg?resize=200%2C150&amp;ssl=1 200w, https:\/\/i0.wp.com\/casadecampoliving.com\/wp-content\/uploads\/2022\/10\/cimg3170.jpg?resize=706%2C530&amp;ssl=1 706w, https:\/\/i0.wp.com\/casadecampoliving.com\/wp-content\/uploads\/2022\/10\/cimg3170.jpg?resize=150%2C113&amp;ssl=1 150w, https:\/\/i0.wp.com\/casadecampoliving.com\/wp-content\/uploads\/2022\/10\/cimg3170.jpg?w=370&amp;ssl=1 370w\" sizes=\"auto, (max-width: 800px) 100vw, 800px\" \/><\/figure>\n\n\n\n<figure class=\"wp-block-image size-large\"><img data-recalc-dims=\"1\" loading=\"lazy\" decoding=\"async\" width=\"800\" height=\"600\" data-id=\"410490\" src=\"https:\/\/i0.wp.com\/casadecampoliving.com\/wp-content\/uploads\/2022\/10\/cimg3171.jpg?resize=800%2C600&#038;ssl=1\" alt=\"\" class=\"wp-image-410490\" srcset=\"https:\/\/i0.wp.com\/casadecampoliving.com\/wp-content\/uploads\/2022\/10\/cimg3171.jpg?w=800&amp;ssl=1 800w, https:\/\/i0.wp.com\/casadecampoliving.com\/wp-content\/uploads\/2022\/10\/cimg3171.jpg?resize=300%2C225&amp;ssl=1 300w, https:\/\/i0.wp.com\/casadecampoliving.com\/wp-content\/uploads\/2022\/10\/cimg3171.jpg?resize=768%2C576&amp;ssl=1 768w, https:\/\/i0.wp.com\/casadecampoliving.com\/wp-content\/uploads\/2022\/10\/cimg3171.jpg?resize=400%2C300&amp;ssl=1 400w, https:\/\/i0.wp.com\/casadecampoliving.com\/wp-content\/uploads\/2022\/10\/cimg3171.jpg?resize=200%2C150&amp;ssl=1 200w, https:\/\/i0.wp.com\/casadecampoliving.com\/wp-content\/uploads\/2022\/10\/cimg3171.jpg?resize=706%2C530&amp;ssl=1 706w, https:\/\/i0.wp.com\/casadecampoliving.com\/wp-content\/uploads\/2022\/10\/cimg3171.jpg?resize=150%2C113&amp;ssl=1 150w, https:\/\/i0.wp.com\/casadecampoliving.com\/wp-content\/uploads\/2022\/10\/cimg3171.jpg?w=370&amp;ssl=1 370w\" sizes=\"auto, (max-width: 800px) 100vw, 800px\" \/><\/figure>\n\n\n\n<figure class=\"wp-block-image size-large\"><img data-recalc-dims=\"1\" loading=\"lazy\" decoding=\"async\" width=\"800\" height=\"600\" data-id=\"410517\" src=\"https:\/\/i0.wp.com\/casadecampoliving.com\/wp-content\/uploads\/2022\/10\/cimg3172.jpg?resize=800%2C600&#038;ssl=1\" alt=\"\" class=\"wp-image-410517\" srcset=\"https:\/\/i0.wp.com\/casadecampoliving.com\/wp-content\/uploads\/2022\/10\/cimg3172.jpg?w=800&amp;ssl=1 800w, https:\/\/i0.wp.com\/casadecampoliving.com\/wp-content\/uploads\/2022\/10\/cimg3172.jpg?resize=300%2C225&amp;ssl=1 300w, https:\/\/i0.wp.com\/casadecampoliving.com\/wp-content\/uploads\/2022\/10\/cimg3172.jpg?resize=768%2C576&amp;ssl=1 768w, https:\/\/i0.wp.com\/casadecampoliving.com\/wp-content\/uploads\/2022\/10\/cimg3172.jpg?resize=400%2C300&amp;ssl=1 400w, https:\/\/i0.wp.com\/casadecampoliving.com\/wp-content\/uploads\/2022\/10\/cimg3172.jpg?resize=200%2C150&amp;ssl=1 200w, https:\/\/i0.wp.com\/casadecampoliving.com\/wp-content\/uploads\/2022\/10\/cimg3172.jpg?resize=706%2C530&amp;ssl=1 706w, https:\/\/i0.wp.com\/casadecampoliving.com\/wp-content\/uploads\/2022\/10\/cimg3172.jpg?resize=150%2C113&amp;ssl=1 150w, https:\/\/i0.wp.com\/casadecampoliving.com\/wp-content\/uploads\/2022\/10\/cimg3172.jpg?w=370&amp;ssl=1 370w\" sizes=\"auto, (max-width: 800px) 100vw, 800px\" \/><\/figure>\n\n\n\n<figure class=\"wp-block-image size-large\"><img data-recalc-dims=\"1\" loading=\"lazy\" decoding=\"async\" width=\"800\" height=\"600\" data-id=\"410539\" src=\"https:\/\/i0.wp.com\/casadecampoliving.com\/wp-content\/uploads\/2022\/10\/cimg3173-1.jpg?resize=800%2C600&#038;ssl=1\" alt=\"\" class=\"wp-image-410539\" srcset=\"https:\/\/i0.wp.com\/casadecampoliving.com\/wp-content\/uploads\/2022\/10\/cimg3173-1.jpg?w=800&amp;ssl=1 800w, https:\/\/i0.wp.com\/casadecampoliving.com\/wp-content\/uploads\/2022\/10\/cimg3173-1.jpg?resize=300%2C225&amp;ssl=1 300w, https:\/\/i0.wp.com\/casadecampoliving.com\/wp-content\/uploads\/2022\/10\/cimg3173-1.jpg?resize=768%2C576&amp;ssl=1 768w, https:\/\/i0.wp.com\/casadecampoliving.com\/wp-content\/uploads\/2022\/10\/cimg3173-1.jpg?resize=400%2C300&amp;ssl=1 400w, https:\/\/i0.wp.com\/casadecampoliving.com\/wp-content\/uploads\/2022\/10\/cimg3173-1.jpg?resize=200%2C150&amp;ssl=1 200w, https:\/\/i0.wp.com\/casadecampoliving.com\/wp-content\/uploads\/2022\/10\/cimg3173-1.jpg?resize=706%2C530&amp;ssl=1 706w, https:\/\/i0.wp.com\/casadecampoliving.com\/wp-content\/uploads\/2022\/10\/cimg3173-1.jpg?resize=150%2C113&amp;ssl=1 150w, https:\/\/i0.wp.com\/casadecampoliving.com\/wp-content\/uploads\/2022\/10\/cimg3173-1.jpg?w=370&amp;ssl=1 370w\" sizes=\"auto, (max-width: 800px) 100vw, 800px\" \/><\/figure>\n\n\n\n<figure class=\"wp-block-image size-large\"><img data-recalc-dims=\"1\" loading=\"lazy\" decoding=\"async\" width=\"800\" height=\"600\" data-id=\"410570\" src=\"https:\/\/i0.wp.com\/casadecampoliving.com\/wp-content\/uploads\/2022\/10\/cimg3174.jpg?resize=800%2C600&#038;ssl=1\" alt=\"\" class=\"wp-image-410570\" srcset=\"https:\/\/i0.wp.com\/casadecampoliving.com\/wp-content\/uploads\/2022\/10\/cimg3174.jpg?w=800&amp;ssl=1 800w, https:\/\/i0.wp.com\/casadecampoliving.com\/wp-content\/uploads\/2022\/10\/cimg3174.jpg?resize=300%2C225&amp;ssl=1 300w, https:\/\/i0.wp.com\/casadecampoliving.com\/wp-content\/uploads\/2022\/10\/cimg3174.jpg?resize=768%2C576&amp;ssl=1 768w, https:\/\/i0.wp.com\/casadecampoliving.com\/wp-content\/uploads\/2022\/10\/cimg3174.jpg?resize=400%2C300&amp;ssl=1 400w, https:\/\/i0.wp.com\/casadecampoliving.com\/wp-content\/uploads\/2022\/10\/cimg3174.jpg?resize=200%2C150&amp;ssl=1 200w, https:\/\/i0.wp.com\/casadecampoliving.com\/wp-content\/uploads\/2022\/10\/cimg3174.jpg?resize=706%2C530&amp;ssl=1 706w, https:\/\/i0.wp.com\/casadecampoliving.com\/wp-content\/uploads\/2022\/10\/cimg3174.jpg?resize=150%2C113&amp;ssl=1 150w, https:\/\/i0.wp.com\/casadecampoliving.com\/wp-content\/uploads\/2022\/10\/cimg3174.jpg?w=370&amp;ssl=1 370w\" sizes=\"auto, (max-width: 800px) 100vw, 800px\" \/><\/figure>\n\n\n\n<figure class=\"wp-block-image size-large\"><img data-recalc-dims=\"1\" loading=\"lazy\" decoding=\"async\" width=\"800\" height=\"600\" data-id=\"410590\" src=\"https:\/\/i0.wp.com\/casadecampoliving.com\/wp-content\/uploads\/2022\/10\/cimg3175-1.jpg?resize=800%2C600&#038;ssl=1\" alt=\"\" class=\"wp-image-410590\" srcset=\"https:\/\/i0.wp.com\/casadecampoliving.com\/wp-content\/uploads\/2022\/10\/cimg3175-1.jpg?w=800&amp;ssl=1 800w, https:\/\/i0.wp.com\/casadecampoliving.com\/wp-content\/uploads\/2022\/10\/cimg3175-1.jpg?resize=300%2C225&amp;ssl=1 300w, https:\/\/i0.wp.com\/casadecampoliving.com\/wp-content\/uploads\/2022\/10\/cimg3175-1.jpg?resize=768%2C576&amp;ssl=1 768w, https:\/\/i0.wp.com\/casadecampoliving.com\/wp-content\/uploads\/2022\/10\/cimg3175-1.jpg?resize=400%2C300&amp;ssl=1 400w, https:\/\/i0.wp.com\/casadecampoliving.com\/wp-content\/uploads\/2022\/10\/cimg3175-1.jpg?resize=200%2C150&amp;ssl=1 200w, https:\/\/i0.wp.com\/casadecampoliving.com\/wp-content\/uploads\/2022\/10\/cimg3175-1.jpg?resize=706%2C530&amp;ssl=1 706w, https:\/\/i0.wp.com\/casadecampoliving.com\/wp-content\/uploads\/2022\/10\/cimg3175-1.jpg?resize=150%2C113&amp;ssl=1 150w, https:\/\/i0.wp.com\/casadecampoliving.com\/wp-content\/uploads\/2022\/10\/cimg3175-1.jpg?w=370&amp;ssl=1 370w\" sizes=\"auto, (max-width: 800px) 100vw, 800px\" \/><\/figure>\n\n\n\n<figure class=\"wp-block-image size-large\"><img data-recalc-dims=\"1\" loading=\"lazy\" decoding=\"async\" width=\"800\" height=\"600\" data-id=\"410611\" src=\"https:\/\/i0.wp.com\/casadecampoliving.com\/wp-content\/uploads\/2022\/10\/cimg3178-1.jpg?resize=800%2C600&#038;ssl=1\" alt=\"\" class=\"wp-image-410611\" srcset=\"https:\/\/i0.wp.com\/casadecampoliving.com\/wp-content\/uploads\/2022\/10\/cimg3178-1.jpg?w=800&amp;ssl=1 800w, https:\/\/i0.wp.com\/casadecampoliving.com\/wp-content\/uploads\/2022\/10\/cimg3178-1.jpg?resize=300%2C225&amp;ssl=1 300w, https:\/\/i0.wp.com\/casadecampoliving.com\/wp-content\/uploads\/2022\/10\/cimg3178-1.jpg?resize=768%2C576&amp;ssl=1 768w, https:\/\/i0.wp.com\/casadecampoliving.com\/wp-content\/uploads\/2022\/10\/cimg3178-1.jpg?resize=400%2C300&amp;ssl=1 400w, https:\/\/i0.wp.com\/casadecampoliving.com\/wp-content\/uploads\/2022\/10\/cimg3178-1.jpg?resize=200%2C150&amp;ssl=1 200w, https:\/\/i0.wp.com\/casadecampoliving.com\/wp-content\/uploads\/2022\/10\/cimg3178-1.jpg?resize=706%2C530&amp;ssl=1 706w, https:\/\/i0.wp.com\/casadecampoliving.com\/wp-content\/uploads\/2022\/10\/cimg3178-1.jpg?resize=150%2C113&amp;ssl=1 150w, https:\/\/i0.wp.com\/casadecampoliving.com\/wp-content\/uploads\/2022\/10\/cimg3178-1.jpg?w=370&amp;ssl=1 370w\" sizes=\"auto, (max-width: 800px) 100vw, 800px\" \/><\/figure>\n\n\n\n<figure class=\"wp-block-image size-large\"><img data-recalc-dims=\"1\" loading=\"lazy\" decoding=\"async\" width=\"800\" height=\"600\" data-id=\"410637\" src=\"https:\/\/i0.wp.com\/casadecampoliving.com\/wp-content\/uploads\/2022\/10\/cimg3179-1.jpg?resize=800%2C600&#038;ssl=1\" alt=\"\" class=\"wp-image-410637\" srcset=\"https:\/\/i0.wp.com\/casadecampoliving.com\/wp-content\/uploads\/2022\/10\/cimg3179-1.jpg?w=800&amp;ssl=1 800w, https:\/\/i0.wp.com\/casadecampoliving.com\/wp-content\/uploads\/2022\/10\/cimg3179-1.jpg?resize=300%2C225&amp;ssl=1 300w, https:\/\/i0.wp.com\/casadecampoliving.com\/wp-content\/uploads\/2022\/10\/cimg3179-1.jpg?resize=768%2C576&amp;ssl=1 768w, https:\/\/i0.wp.com\/casadecampoliving.com\/wp-content\/uploads\/2022\/10\/cimg3179-1.jpg?resize=400%2C300&amp;ssl=1 400w, https:\/\/i0.wp.com\/casadecampoliving.com\/wp-content\/uploads\/2022\/10\/cimg3179-1.jpg?resize=200%2C150&amp;ssl=1 200w, https:\/\/i0.wp.com\/casadecampoliving.com\/wp-content\/uploads\/2022\/10\/cimg3179-1.jpg?resize=706%2C530&amp;ssl=1 706w, https:\/\/i0.wp.com\/casadecampoliving.com\/wp-content\/uploads\/2022\/10\/cimg3179-1.jpg?resize=150%2C113&amp;ssl=1 150w, https:\/\/i0.wp.com\/casadecampoliving.com\/wp-content\/uploads\/2022\/10\/cimg3179-1.jpg?w=370&amp;ssl=1 370w\" sizes=\"auto, (max-width: 800px) 100vw, 800px\" \/><\/figure>\n\n\n\n<figure class=\"wp-block-image size-large\"><img data-recalc-dims=\"1\" loading=\"lazy\" decoding=\"async\" width=\"800\" height=\"440\" data-id=\"410665\" src=\"https:\/\/i0.wp.com\/casadecampoliving.com\/wp-content\/uploads\/2022\/10\/cimg3180.jpg?resize=800%2C440&#038;ssl=1\" alt=\"\" class=\"wp-image-410665\" srcset=\"https:\/\/i0.wp.com\/casadecampoliving.com\/wp-content\/uploads\/2022\/10\/cimg3180.jpg?w=800&amp;ssl=1 800w, https:\/\/i0.wp.com\/casadecampoliving.com\/wp-content\/uploads\/2022\/10\/cimg3180.jpg?resize=300%2C165&amp;ssl=1 300w, https:\/\/i0.wp.com\/casadecampoliving.com\/wp-content\/uploads\/2022\/10\/cimg3180.jpg?resize=768%2C422&amp;ssl=1 768w, https:\/\/i0.wp.com\/casadecampoliving.com\/wp-content\/uploads\/2022\/10\/cimg3180.jpg?resize=400%2C220&amp;ssl=1 400w, https:\/\/i0.wp.com\/casadecampoliving.com\/wp-content\/uploads\/2022\/10\/cimg3180.jpg?resize=706%2C388&amp;ssl=1 706w, https:\/\/i0.wp.com\/casadecampoliving.com\/wp-content\/uploads\/2022\/10\/cimg3180.jpg?resize=150%2C83&amp;ssl=1 150w, https:\/\/i0.wp.com\/casadecampoliving.com\/wp-content\/uploads\/2022\/10\/cimg3180.jpg?w=370&amp;ssl=1 370w\" sizes=\"auto, (max-width: 800px) 100vw, 800px\" \/><\/figure>\n\n\n\n<figure class=\"wp-block-image size-large\"><img data-recalc-dims=\"1\" loading=\"lazy\" decoding=\"async\" width=\"800\" height=\"600\" data-id=\"410685\" src=\"https:\/\/i0.wp.com\/casadecampoliving.com\/wp-content\/uploads\/2022\/10\/cimg3181-1.jpg?resize=800%2C600&#038;ssl=1\" alt=\"\" class=\"wp-image-410685\" srcset=\"https:\/\/i0.wp.com\/casadecampoliving.com\/wp-content\/uploads\/2022\/10\/cimg3181-1.jpg?w=800&amp;ssl=1 800w, https:\/\/i0.wp.com\/casadecampoliving.com\/wp-content\/uploads\/2022\/10\/cimg3181-1.jpg?resize=300%2C225&amp;ssl=1 300w, https:\/\/i0.wp.com\/casadecampoliving.com\/wp-content\/uploads\/2022\/10\/cimg3181-1.jpg?resize=768%2C576&amp;ssl=1 768w, https:\/\/i0.wp.com\/casadecampoliving.com\/wp-content\/uploads\/2022\/10\/cimg3181-1.jpg?resize=400%2C300&amp;ssl=1 400w, https:\/\/i0.wp.com\/casadecampoliving.com\/wp-content\/uploads\/2022\/10\/cimg3181-1.jpg?resize=200%2C150&amp;ssl=1 200w, https:\/\/i0.wp.com\/casadecampoliving.com\/wp-content\/uploads\/2022\/10\/cimg3181-1.jpg?resize=706%2C530&amp;ssl=1 706w, https:\/\/i0.wp.com\/casadecampoliving.com\/wp-content\/uploads\/2022\/10\/cimg3181-1.jpg?resize=150%2C113&amp;ssl=1 150w, https:\/\/i0.wp.com\/casadecampoliving.com\/wp-content\/uploads\/2022\/10\/cimg3181-1.jpg?w=370&amp;ssl=1 370w\" sizes=\"auto, (max-width: 800px) 100vw, 800px\" \/><\/figure>\n\n\n\n<figure class=\"wp-block-image size-large\"><img data-recalc-dims=\"1\" loading=\"lazy\" decoding=\"async\" width=\"800\" height=\"600\" data-id=\"410708\" src=\"https:\/\/i0.wp.com\/casadecampoliving.com\/wp-content\/uploads\/2022\/10\/cimg3182-1.jpg?resize=800%2C600&#038;ssl=1\" alt=\"\" class=\"wp-image-410708\" srcset=\"https:\/\/i0.wp.com\/casadecampoliving.com\/wp-content\/uploads\/2022\/10\/cimg3182-1.jpg?w=800&amp;ssl=1 800w, https:\/\/i0.wp.com\/casadecampoliving.com\/wp-content\/uploads\/2022\/10\/cimg3182-1.jpg?resize=300%2C225&amp;ssl=1 300w, https:\/\/i0.wp.com\/casadecampoliving.com\/wp-content\/uploads\/2022\/10\/cimg3182-1.jpg?resize=768%2C576&amp;ssl=1 768w, https:\/\/i0.wp.com\/casadecampoliving.com\/wp-content\/uploads\/2022\/10\/cimg3182-1.jpg?resize=400%2C300&amp;ssl=1 400w, https:\/\/i0.wp.com\/casadecampoliving.com\/wp-content\/uploads\/2022\/10\/cimg3182-1.jpg?resize=200%2C150&amp;ssl=1 200w, https:\/\/i0.wp.com\/casadecampoliving.com\/wp-content\/uploads\/2022\/10\/cimg3182-1.jpg?resize=706%2C530&amp;ssl=1 706w, https:\/\/i0.wp.com\/casadecampoliving.com\/wp-content\/uploads\/2022\/10\/cimg3182-1.jpg?resize=150%2C113&amp;ssl=1 150w, https:\/\/i0.wp.com\/casadecampoliving.com\/wp-content\/uploads\/2022\/10\/cimg3182-1.jpg?w=370&amp;ssl=1 370w\" sizes=\"auto, (max-width: 800px) 100vw, 800px\" \/><\/figure>\n\n\n\n<figure class=\"wp-block-image size-large\"><img data-recalc-dims=\"1\" loading=\"lazy\" decoding=\"async\" width=\"800\" height=\"1067\" data-id=\"410732\" src=\"https:\/\/i0.wp.com\/casadecampoliving.com\/wp-content\/uploads\/2022\/10\/cimg3187.jpg?resize=800%2C1067&#038;ssl=1\" alt=\"\" class=\"wp-image-410732\" srcset=\"https:\/\/i0.wp.com\/casadecampoliving.com\/wp-content\/uploads\/2022\/10\/cimg3187.jpg?w=800&amp;ssl=1 800w, https:\/\/i0.wp.com\/casadecampoliving.com\/wp-content\/uploads\/2022\/10\/cimg3187.jpg?resize=225%2C300&amp;ssl=1 225w, https:\/\/i0.wp.com\/casadecampoliving.com\/wp-content\/uploads\/2022\/10\/cimg3187.jpg?resize=768%2C1024&amp;ssl=1 768w, https:\/\/i0.wp.com\/casadecampoliving.com\/wp-content\/uploads\/2022\/10\/cimg3187.jpg?resize=600%2C800&amp;ssl=1 600w, https:\/\/i0.wp.com\/casadecampoliving.com\/wp-content\/uploads\/2022\/10\/cimg3187.jpg?resize=300%2C400&amp;ssl=1 300w, https:\/\/i0.wp.com\/casadecampoliving.com\/wp-content\/uploads\/2022\/10\/cimg3187.jpg?resize=150%2C200&amp;ssl=1 150w, https:\/\/i0.wp.com\/casadecampoliving.com\/wp-content\/uploads\/2022\/10\/cimg3187.jpg?resize=400%2C534&amp;ssl=1 400w, https:\/\/i0.wp.com\/casadecampoliving.com\/wp-content\/uploads\/2022\/10\/cimg3187.jpg?resize=706%2C942&amp;ssl=1 706w, https:\/\/i0.wp.com\/casadecampoliving.com\/wp-content\/uploads\/2022\/10\/cimg3187.jpg?resize=640%2C853&amp;ssl=1 640w, https:\/\/i0.wp.com\/casadecampoliving.com\/wp-content\/uploads\/2022\/10\/cimg3187.jpg?w=370&amp;ssl=1 370w\" sizes=\"auto, (max-width: 800px) 100vw, 800px\" \/><\/figure>\n\n\n\n<figure class=\"wp-block-image size-large\"><img data-recalc-dims=\"1\" loading=\"lazy\" decoding=\"async\" width=\"800\" height=\"600\" data-id=\"410756\" src=\"https:\/\/i0.wp.com\/casadecampoliving.com\/wp-content\/uploads\/2022\/10\/dscn0070.jpg?resize=800%2C600&#038;ssl=1\" alt=\"\" class=\"wp-image-410756\" srcset=\"https:\/\/i0.wp.com\/casadecampoliving.com\/wp-content\/uploads\/2022\/10\/dscn0070.jpg?w=800&amp;ssl=1 800w, https:\/\/i0.wp.com\/casadecampoliving.com\/wp-content\/uploads\/2022\/10\/dscn0070.jpg?resize=300%2C225&amp;ssl=1 300w, https:\/\/i0.wp.com\/casadecampoliving.com\/wp-content\/uploads\/2022\/10\/dscn0070.jpg?resize=768%2C576&amp;ssl=1 768w, https:\/\/i0.wp.com\/casadecampoliving.com\/wp-content\/uploads\/2022\/10\/dscn0070.jpg?resize=400%2C300&amp;ssl=1 400w, https:\/\/i0.wp.com\/casadecampoliving.com\/wp-content\/uploads\/2022\/10\/dscn0070.jpg?resize=200%2C150&amp;ssl=1 200w, https:\/\/i0.wp.com\/casadecampoliving.com\/wp-content\/uploads\/2022\/10\/dscn0070.jpg?resize=706%2C530&amp;ssl=1 706w, https:\/\/i0.wp.com\/casadecampoliving.com\/wp-content\/uploads\/2022\/10\/dscn0070.jpg?resize=150%2C113&amp;ssl=1 150w, https:\/\/i0.wp.com\/casadecampoliving.com\/wp-content\/uploads\/2022\/10\/dscn0070.jpg?w=370&amp;ssl=1 370w\" sizes=\"auto, (max-width: 800px) 100vw, 800px\" \/><\/figure>\n\n\n\n<figure class=\"wp-block-image size-large\"><img data-recalc-dims=\"1\" loading=\"lazy\" decoding=\"async\" width=\"800\" height=\"600\" data-id=\"410779\" src=\"https:\/\/i0.wp.com\/casadecampoliving.com\/wp-content\/uploads\/2022\/10\/dscn0072.jpg?resize=800%2C600&#038;ssl=1\" alt=\"\" class=\"wp-image-410779\" srcset=\"https:\/\/i0.wp.com\/casadecampoliving.com\/wp-content\/uploads\/2022\/10\/dscn0072.jpg?w=800&amp;ssl=1 800w, https:\/\/i0.wp.com\/casadecampoliving.com\/wp-content\/uploads\/2022\/10\/dscn0072.jpg?resize=300%2C225&amp;ssl=1 300w, https:\/\/i0.wp.com\/casadecampoliving.com\/wp-content\/uploads\/2022\/10\/dscn0072.jpg?resize=768%2C576&amp;ssl=1 768w, https:\/\/i0.wp.com\/casadecampoliving.com\/wp-content\/uploads\/2022\/10\/dscn0072.jpg?resize=400%2C300&amp;ssl=1 400w, https:\/\/i0.wp.com\/casadecampoliving.com\/wp-content\/uploads\/2022\/10\/dscn0072.jpg?resize=200%2C150&amp;ssl=1 200w, https:\/\/i0.wp.com\/casadecampoliving.com\/wp-content\/uploads\/2022\/10\/dscn0072.jpg?resize=706%2C530&amp;ssl=1 706w, https:\/\/i0.wp.com\/casadecampoliving.com\/wp-content\/uploads\/2022\/10\/dscn0072.jpg?resize=150%2C113&amp;ssl=1 150w, https:\/\/i0.wp.com\/casadecampoliving.com\/wp-content\/uploads\/2022\/10\/dscn0072.jpg?w=370&amp;ssl=1 370w\" sizes=\"auto, (max-width: 800px) 100vw, 800px\" \/><\/figure>\n<\/figure>\n<\/strong><\/p>\n\n<blockquote>\n<p style=\"text-align: left;\"><strong>\u00abHernandez en Chav\u00f3n\u00bb\nHorario: <\/strong>Todos los d\u00edas, 9am &#8211; 6pm (cerrado los martes)\n<strong>D\u00f3nde:<\/strong>\u00a0Galer\u00eda de arte Altos de Chav\u00f3n, Casa de Campo\n<strong>Cierre:<\/strong>\u00a0Esta exhibici\u00f3n estar\u00e1 abierta s\u00f3lo hasta el 5 de marzo<\/p>\n<\/blockquote>\nUna entrevista con Daniel Hern\u00e1ndez y una penetraci\u00f3n en el mundo art\u00edstico del maestro Hern\u00e1ndez, la inspiraci\u00f3n, el desarrollo y la interpretaci\u00f3n &#8211; muy pronto!","protected":false},"excerpt":{"rendered":"<p>El pasado jueves 2 de febrero, la nueva exhibici\u00f3n de arte \u00abHern\u00e1ndez en Chav\u00f3n\u00bb, presentada por el artista colombiano, Manuel Hern\u00e1ndez, fue inaugurada en la galer\u00eda de arte de Altos de Chav\u00f3n con una magn\u00edfica celebraci\u00f3n de 50 a\u00f1os de arte entre familiares y amistades, as\u00ed como con los miembros de las comunidades de Casa [&hellip;]<\/p>\n","protected":false},"author":21,"featured_media":253346,"comment_status":"closed","ping_status":"closed","sticky":false,"template":"","format":"standard","meta":{"newspack_ads_suppress_ads":false,"newspack_popups_has_disabled_popups":false,"newspack_sponsor_sponsorship_scope":"","newspack_sponsor_native_byline_display":"inherit","newspack_sponsor_native_category_display":"inherit","newspack_sponsor_underwriter_style":"inherit","newspack_sponsor_underwriter_placement":"inherit","_newspack_byline_active":false,"_newspack_byline":"","newspack_hide_updated_date":false,"newspack_show_updated_date":false,"newspack_content_restriction_is_exempt":false,"newspack_featured_image_position":"","newspack_post_subtitle":"","newspack_article_summary_title":"Overview:","newspack_article_summary":"","_jetpack_memberships_contains_paid_content":false,"footnotes":"","jetpack_publicize_message":"","jetpack_publicize_feature_enabled":true,"jetpack_social_post_already_shared":false,"jetpack_social_options":{"image_generator_settings":{"template":"highway","default_image_id":0,"font":"","enabled":false},"version":2},"_wpas_customize_per_network":false},"categories":[26819,26823,2522,2526,14625,14627],"tags":[15387,3575,3656,3654,3549],"newspack_spnsrs_tax":[],"class_list":["post-338360","post","type-post","status-publish","format-standard","has-post-thumbnail","hentry","category-altos-de-chavon-es","category-arte-y-cultura","category-eventos-es","category-titulares-es","category-noticias-locales","category-proximamente","tag-altos-de-chavon-es","tag-altos-de-chavon-es-2","tag-galeria-de-arte-altos-de-chavon","tag-hernandez-en-chavon-es","tag-manuel-hernandez","entry"],"yoast_head":"<!-- This site is optimized with the Yoast SEO plugin v27.5 - https:\/\/yoast.com\/product\/yoast-seo-wordpress\/ -->\n<title>Se inaugura la nueva exhibici\u00f3n de arte &quot;Hern\u00e1ndez en Chav\u00f3n&quot; de Manuel Hern\u00e1ndez | Casa de Campo Living<\/title>\n<meta name=\"description\" content=\"El pasado jueves 2 de febrero, la nueva exhibici\u00f3n de arte &quot;Hern\u00e1ndez en Chav\u00f3n&quot;, presentada por el artista colombiano, Manuel Hern\u00e1ndez, fue inaugurada\" \/>\n<meta name=\"robots\" content=\"index, follow, max-snippet:-1, max-image-preview:large, max-video-preview:-1\" \/>\n<link rel=\"canonical\" href=\"https:\/\/casadecampoliving.com\/es\/se-inaugura-la-nueva-exhibicion-de-arte-hernandez-en-chavon-de-manuel-hernandez\/\" \/>\n<meta property=\"og:locale\" content=\"es_ES\" \/>\n<meta property=\"og:type\" content=\"article\" \/>\n<meta property=\"og:title\" content=\"Se inaugura la nueva exhibici\u00f3n de arte &quot;Hern\u00e1ndez en Chav\u00f3n&quot; de Manuel Hern\u00e1ndez | Casa de Campo Living\" \/>\n<meta property=\"og:description\" content=\"El pasado jueves 2 de febrero, la nueva exhibici\u00f3n de arte &quot;Hern\u00e1ndez en Chav\u00f3n&quot;, presentada por el artista colombiano, Manuel Hern\u00e1ndez, fue inaugurada\" \/>\n<meta property=\"og:url\" content=\"https:\/\/casadecampoliving.com\/es\/se-inaugura-la-nueva-exhibicion-de-arte-hernandez-en-chavon-de-manuel-hernandez\/\" \/>\n<meta property=\"og:site_name\" content=\"Casa de Campo Living\" \/>\n<meta property=\"article:publisher\" content=\"https:\/\/www.facebook.com\/casadecampoliving\" \/>\n<meta property=\"article:published_time\" content=\"2012-02-11T04:00:00+00:00\" \/>\n<meta property=\"article:modified_time\" content=\"2022-11-10T14:43:03+00:00\" \/>\n<meta property=\"og:image\" content=\"https:\/\/i0.wp.com\/casadecampoliving.com\/wp-content\/uploads\/2022\/10\/manuel_hernandez_arte-3.jpg?fit=650%2C358&ssl=1\" \/>\n\t<meta property=\"og:image:width\" content=\"650\" \/>\n\t<meta property=\"og:image:height\" content=\"358\" \/>\n\t<meta property=\"og:image:type\" content=\"image\/jpeg\" \/>\n<meta name=\"twitter:card\" content=\"summary_large_image\" \/>\n<meta name=\"twitter:creator\" content=\"@cdcliving\" \/>\n<meta name=\"twitter:site\" content=\"@cdcliving\" \/>\n<meta name=\"twitter:label1\" content=\"Escrito por\" \/>\n\t<meta name=\"twitter:data1\" content=\"\" \/>\n\t<meta name=\"twitter:label2\" content=\"Tiempo de lectura\" \/>\n\t<meta name=\"twitter:data2\" content=\"2 minutos\" \/>\n<script type=\"application\/ld+json\" class=\"yoast-schema-graph\">{\"@context\":\"https:\\\/\\\/schema.org\",\"@graph\":[{\"@type\":\"Article\",\"@id\":\"https:\\\/\\\/casadecampoliving.com\\\/es\\\/se-inaugura-la-nueva-exhibicion-de-arte-hernandez-en-chavon-de-manuel-hernandez\\\/#article\",\"isPartOf\":{\"@id\":\"https:\\\/\\\/casadecampoliving.com\\\/es\\\/se-inaugura-la-nueva-exhibicion-de-arte-hernandez-en-chavon-de-manuel-hernandez\\\/\"},\"author\":{\"name\":\"\",\"@id\":\"https:\\\/\\\/casadecampoliving.com\\\/es\\\/#\\\/schema\\\/person\\\/7e3b975d584a5f6ac0fd7128a81b0bc5\"},\"headline\":\"Se inaugura la nueva exhibici\u00f3n de arte \u00abHern\u00e1ndez en Chav\u00f3n\u00bb de Manuel Hern\u00e1ndez\",\"datePublished\":\"2012-02-11T04:00:00+00:00\",\"dateModified\":\"2022-11-10T14:43:03+00:00\",\"mainEntityOfPage\":{\"@id\":\"https:\\\/\\\/casadecampoliving.com\\\/es\\\/se-inaugura-la-nueva-exhibicion-de-arte-hernandez-en-chavon-de-manuel-hernandez\\\/\"},\"wordCount\":452,\"publisher\":{\"@id\":\"https:\\\/\\\/casadecampoliving.com\\\/es\\\/#organization\"},\"image\":{\"@id\":\"https:\\\/\\\/casadecampoliving.com\\\/es\\\/se-inaugura-la-nueva-exhibicion-de-arte-hernandez-en-chavon-de-manuel-hernandez\\\/#primaryimage\"},\"thumbnailUrl\":\"https:\\\/\\\/i0.wp.com\\\/casadecampoliving.com\\\/wp-content\\\/uploads\\\/2022\\\/10\\\/manuel_hernandez_arte-3.jpg?fit=650%2C358&ssl=1\",\"keywords\":[\"Altos de Chavon\",\"Altos de Chavon -es\",\"galeria de arte altos de chavon\",\"hernandez en chavon @es\",\"manuel hernandez\"],\"articleSection\":[\"Altos de Chavon @es\",\"Arte y cultura\",\"Eventos\",\"Titulares\",\"Noticias Locales\",\"Proximamente\"],\"inLanguage\":\"es\"},{\"@type\":\"WebPage\",\"@id\":\"https:\\\/\\\/casadecampoliving.com\\\/es\\\/se-inaugura-la-nueva-exhibicion-de-arte-hernandez-en-chavon-de-manuel-hernandez\\\/\",\"url\":\"https:\\\/\\\/casadecampoliving.com\\\/es\\\/se-inaugura-la-nueva-exhibicion-de-arte-hernandez-en-chavon-de-manuel-hernandez\\\/\",\"name\":\"Se inaugura la nueva exhibici\u00f3n de arte \\\"Hern\u00e1ndez en Chav\u00f3n\\\" de Manuel Hern\u00e1ndez | Casa de Campo Living\",\"isPartOf\":{\"@id\":\"https:\\\/\\\/casadecampoliving.com\\\/es\\\/#website\"},\"primaryImageOfPage\":{\"@id\":\"https:\\\/\\\/casadecampoliving.com\\\/es\\\/se-inaugura-la-nueva-exhibicion-de-arte-hernandez-en-chavon-de-manuel-hernandez\\\/#primaryimage\"},\"image\":{\"@id\":\"https:\\\/\\\/casadecampoliving.com\\\/es\\\/se-inaugura-la-nueva-exhibicion-de-arte-hernandez-en-chavon-de-manuel-hernandez\\\/#primaryimage\"},\"thumbnailUrl\":\"https:\\\/\\\/i0.wp.com\\\/casadecampoliving.com\\\/wp-content\\\/uploads\\\/2022\\\/10\\\/manuel_hernandez_arte-3.jpg?fit=650%2C358&ssl=1\",\"datePublished\":\"2012-02-11T04:00:00+00:00\",\"dateModified\":\"2022-11-10T14:43:03+00:00\",\"description\":\"El pasado jueves 2 de febrero, la nueva exhibici\u00f3n de arte \\\"Hern\u00e1ndez en Chav\u00f3n\\\", presentada por el artista colombiano, Manuel Hern\u00e1ndez, fue inaugurada\",\"breadcrumb\":{\"@id\":\"https:\\\/\\\/casadecampoliving.com\\\/es\\\/se-inaugura-la-nueva-exhibicion-de-arte-hernandez-en-chavon-de-manuel-hernandez\\\/#breadcrumb\"},\"inLanguage\":\"es\",\"potentialAction\":[{\"@type\":\"ReadAction\",\"target\":[\"https:\\\/\\\/casadecampoliving.com\\\/es\\\/se-inaugura-la-nueva-exhibicion-de-arte-hernandez-en-chavon-de-manuel-hernandez\\\/\"]}]},{\"@type\":\"ImageObject\",\"inLanguage\":\"es\",\"@id\":\"https:\\\/\\\/casadecampoliving.com\\\/es\\\/se-inaugura-la-nueva-exhibicion-de-arte-hernandez-en-chavon-de-manuel-hernandez\\\/#primaryimage\",\"url\":\"https:\\\/\\\/i0.wp.com\\\/casadecampoliving.com\\\/wp-content\\\/uploads\\\/2022\\\/10\\\/manuel_hernandez_arte-3.jpg?fit=650%2C358&ssl=1\",\"contentUrl\":\"https:\\\/\\\/i0.wp.com\\\/casadecampoliving.com\\\/wp-content\\\/uploads\\\/2022\\\/10\\\/manuel_hernandez_arte-3.jpg?fit=650%2C358&ssl=1\",\"width\":650,\"height\":358,\"caption\":\"manuel hernandez arte\"},{\"@type\":\"BreadcrumbList\",\"@id\":\"https:\\\/\\\/casadecampoliving.com\\\/es\\\/se-inaugura-la-nueva-exhibicion-de-arte-hernandez-en-chavon-de-manuel-hernandez\\\/#breadcrumb\",\"itemListElement\":[{\"@type\":\"ListItem\",\"position\":1,\"name\":\"Home\",\"item\":\"https:\\\/\\\/casadecampoliving.com\\\/es\\\/\"},{\"@type\":\"ListItem\",\"position\":2,\"name\":\"Se inaugura la nueva exhibici\u00f3n de arte &#8220;Hern\u00e1ndez en Chav\u00f3n&#8221; de Manuel Hern\u00e1ndez\"}]},{\"@type\":\"WebSite\",\"@id\":\"https:\\\/\\\/casadecampoliving.com\\\/es\\\/#website\",\"url\":\"https:\\\/\\\/casadecampoliving.com\\\/es\\\/\",\"name\":\"Casa de Campo Living\",\"description\":\"Resort community news and resources.\",\"publisher\":{\"@id\":\"https:\\\/\\\/casadecampoliving.com\\\/es\\\/#organization\"},\"potentialAction\":[{\"@type\":\"SearchAction\",\"target\":{\"@type\":\"EntryPoint\",\"urlTemplate\":\"https:\\\/\\\/casadecampoliving.com\\\/es\\\/?s={search_term_string}\"},\"query-input\":{\"@type\":\"PropertyValueSpecification\",\"valueRequired\":true,\"valueName\":\"search_term_string\"}}],\"inLanguage\":\"es\"},{\"@type\":\"Organization\",\"@id\":\"https:\\\/\\\/casadecampoliving.com\\\/es\\\/#organization\",\"name\":\"Casa de Campo Living\",\"url\":\"https:\\\/\\\/casadecampoliving.com\\\/es\\\/\",\"logo\":{\"@type\":\"ImageObject\",\"inLanguage\":\"es\",\"@id\":\"https:\\\/\\\/casadecampoliving.com\\\/es\\\/#\\\/schema\\\/logo\\\/image\\\/\",\"url\":\"https:\\\/\\\/i0.wp.com\\\/casadecampoliving.com\\\/wp-content\\\/uploads\\\/2022\\\/07\\\/CDCLivingLogo_V1-white-sized.png?fit=800%2C214&ssl=1\",\"contentUrl\":\"https:\\\/\\\/i0.wp.com\\\/casadecampoliving.com\\\/wp-content\\\/uploads\\\/2022\\\/07\\\/CDCLivingLogo_V1-white-sized.png?fit=800%2C214&ssl=1\",\"width\":800,\"height\":214,\"caption\":\"Casa de Campo Living\"},\"image\":{\"@id\":\"https:\\\/\\\/casadecampoliving.com\\\/es\\\/#\\\/schema\\\/logo\\\/image\\\/\"},\"sameAs\":[\"https:\\\/\\\/www.facebook.com\\\/casadecampoliving\",\"https:\\\/\\\/x.com\\\/cdcliving\"]},{\"@type\":\"Person\",\"@id\":\"https:\\\/\\\/casadecampoliving.com\\\/es\\\/#\\\/schema\\\/person\\\/7e3b975d584a5f6ac0fd7128a81b0bc5\",\"name\":\"\",\"image\":{\"@type\":\"ImageObject\",\"inLanguage\":\"es\",\"@id\":\"https:\\\/\\\/secure.gravatar.com\\\/avatar\\\/?s=96&d=mm&r=g\",\"url\":\"https:\\\/\\\/secure.gravatar.com\\\/avatar\\\/?s=96&d=mm&r=g\",\"contentUrl\":\"https:\\\/\\\/secure.gravatar.com\\\/avatar\\\/?s=96&d=mm&r=g\"},\"url\":\"https:\\\/\\\/casadecampoliving.com\\\/es\\\/author\\\/ \\\/\"}]}<\/script>\n<!-- \/ Yoast SEO plugin. -->","yoast_head_json":{"title":"Se inaugura la nueva exhibici\u00f3n de arte \"Hern\u00e1ndez en Chav\u00f3n\" de Manuel Hern\u00e1ndez | Casa de Campo Living","description":"El pasado jueves 2 de febrero, la nueva exhibici\u00f3n de arte \"Hern\u00e1ndez en Chav\u00f3n\", presentada por el artista colombiano, Manuel Hern\u00e1ndez, fue inaugurada","robots":{"index":"index","follow":"follow","max-snippet":"max-snippet:-1","max-image-preview":"max-image-preview:large","max-video-preview":"max-video-preview:-1"},"canonical":"https:\/\/casadecampoliving.com\/es\/se-inaugura-la-nueva-exhibicion-de-arte-hernandez-en-chavon-de-manuel-hernandez\/","og_locale":"es_ES","og_type":"article","og_title":"Se inaugura la nueva exhibici\u00f3n de arte \"Hern\u00e1ndez en Chav\u00f3n\" de Manuel Hern\u00e1ndez | Casa de Campo Living","og_description":"El pasado jueves 2 de febrero, la nueva exhibici\u00f3n de arte \"Hern\u00e1ndez en Chav\u00f3n\", presentada por el artista colombiano, Manuel Hern\u00e1ndez, fue inaugurada","og_url":"https:\/\/casadecampoliving.com\/es\/se-inaugura-la-nueva-exhibicion-de-arte-hernandez-en-chavon-de-manuel-hernandez\/","og_site_name":"Casa de Campo Living","article_publisher":"https:\/\/www.facebook.com\/casadecampoliving","article_published_time":"2012-02-11T04:00:00+00:00","article_modified_time":"2022-11-10T14:43:03+00:00","og_image":[{"width":650,"height":358,"url":"https:\/\/i0.wp.com\/casadecampoliving.com\/wp-content\/uploads\/2022\/10\/manuel_hernandez_arte-3.jpg?fit=650%2C358&ssl=1","type":"image\/jpeg"}],"twitter_card":"summary_large_image","twitter_creator":"@cdcliving","twitter_site":"@cdcliving","twitter_misc":{"Escrito por":"","Tiempo de lectura":"2 minutos"},"schema":{"@context":"https:\/\/schema.org","@graph":[{"@type":"Article","@id":"https:\/\/casadecampoliving.com\/es\/se-inaugura-la-nueva-exhibicion-de-arte-hernandez-en-chavon-de-manuel-hernandez\/#article","isPartOf":{"@id":"https:\/\/casadecampoliving.com\/es\/se-inaugura-la-nueva-exhibicion-de-arte-hernandez-en-chavon-de-manuel-hernandez\/"},"author":{"name":"","@id":"https:\/\/casadecampoliving.com\/es\/#\/schema\/person\/7e3b975d584a5f6ac0fd7128a81b0bc5"},"headline":"Se inaugura la nueva exhibici\u00f3n de arte \u00abHern\u00e1ndez en Chav\u00f3n\u00bb de Manuel Hern\u00e1ndez","datePublished":"2012-02-11T04:00:00+00:00","dateModified":"2022-11-10T14:43:03+00:00","mainEntityOfPage":{"@id":"https:\/\/casadecampoliving.com\/es\/se-inaugura-la-nueva-exhibicion-de-arte-hernandez-en-chavon-de-manuel-hernandez\/"},"wordCount":452,"publisher":{"@id":"https:\/\/casadecampoliving.com\/es\/#organization"},"image":{"@id":"https:\/\/casadecampoliving.com\/es\/se-inaugura-la-nueva-exhibicion-de-arte-hernandez-en-chavon-de-manuel-hernandez\/#primaryimage"},"thumbnailUrl":"https:\/\/i0.wp.com\/casadecampoliving.com\/wp-content\/uploads\/2022\/10\/manuel_hernandez_arte-3.jpg?fit=650%2C358&ssl=1","keywords":["Altos de Chavon","Altos de Chavon -es","galeria de arte altos de chavon","hernandez en chavon @es","manuel hernandez"],"articleSection":["Altos de Chavon @es","Arte y cultura","Eventos","Titulares","Noticias Locales","Proximamente"],"inLanguage":"es"},{"@type":"WebPage","@id":"https:\/\/casadecampoliving.com\/es\/se-inaugura-la-nueva-exhibicion-de-arte-hernandez-en-chavon-de-manuel-hernandez\/","url":"https:\/\/casadecampoliving.com\/es\/se-inaugura-la-nueva-exhibicion-de-arte-hernandez-en-chavon-de-manuel-hernandez\/","name":"Se inaugura la nueva exhibici\u00f3n de arte \"Hern\u00e1ndez en Chav\u00f3n\" de Manuel Hern\u00e1ndez | Casa de Campo Living","isPartOf":{"@id":"https:\/\/casadecampoliving.com\/es\/#website"},"primaryImageOfPage":{"@id":"https:\/\/casadecampoliving.com\/es\/se-inaugura-la-nueva-exhibicion-de-arte-hernandez-en-chavon-de-manuel-hernandez\/#primaryimage"},"image":{"@id":"https:\/\/casadecampoliving.com\/es\/se-inaugura-la-nueva-exhibicion-de-arte-hernandez-en-chavon-de-manuel-hernandez\/#primaryimage"},"thumbnailUrl":"https:\/\/i0.wp.com\/casadecampoliving.com\/wp-content\/uploads\/2022\/10\/manuel_hernandez_arte-3.jpg?fit=650%2C358&ssl=1","datePublished":"2012-02-11T04:00:00+00:00","dateModified":"2022-11-10T14:43:03+00:00","description":"El pasado jueves 2 de febrero, la nueva exhibici\u00f3n de arte \"Hern\u00e1ndez en Chav\u00f3n\", presentada por el artista colombiano, Manuel Hern\u00e1ndez, fue inaugurada","breadcrumb":{"@id":"https:\/\/casadecampoliving.com\/es\/se-inaugura-la-nueva-exhibicion-de-arte-hernandez-en-chavon-de-manuel-hernandez\/#breadcrumb"},"inLanguage":"es","potentialAction":[{"@type":"ReadAction","target":["https:\/\/casadecampoliving.com\/es\/se-inaugura-la-nueva-exhibicion-de-arte-hernandez-en-chavon-de-manuel-hernandez\/"]}]},{"@type":"ImageObject","inLanguage":"es","@id":"https:\/\/casadecampoliving.com\/es\/se-inaugura-la-nueva-exhibicion-de-arte-hernandez-en-chavon-de-manuel-hernandez\/#primaryimage","url":"https:\/\/i0.wp.com\/casadecampoliving.com\/wp-content\/uploads\/2022\/10\/manuel_hernandez_arte-3.jpg?fit=650%2C358&ssl=1","contentUrl":"https:\/\/i0.wp.com\/casadecampoliving.com\/wp-content\/uploads\/2022\/10\/manuel_hernandez_arte-3.jpg?fit=650%2C358&ssl=1","width":650,"height":358,"caption":"manuel hernandez arte"},{"@type":"BreadcrumbList","@id":"https:\/\/casadecampoliving.com\/es\/se-inaugura-la-nueva-exhibicion-de-arte-hernandez-en-chavon-de-manuel-hernandez\/#breadcrumb","itemListElement":[{"@type":"ListItem","position":1,"name":"Home","item":"https:\/\/casadecampoliving.com\/es\/"},{"@type":"ListItem","position":2,"name":"Se inaugura la nueva exhibici\u00f3n de arte &#8220;Hern\u00e1ndez en Chav\u00f3n&#8221; de Manuel Hern\u00e1ndez"}]},{"@type":"WebSite","@id":"https:\/\/casadecampoliving.com\/es\/#website","url":"https:\/\/casadecampoliving.com\/es\/","name":"Casa de Campo Living","description":"Resort community news and resources.","publisher":{"@id":"https:\/\/casadecampoliving.com\/es\/#organization"},"potentialAction":[{"@type":"SearchAction","target":{"@type":"EntryPoint","urlTemplate":"https:\/\/casadecampoliving.com\/es\/?s={search_term_string}"},"query-input":{"@type":"PropertyValueSpecification","valueRequired":true,"valueName":"search_term_string"}}],"inLanguage":"es"},{"@type":"Organization","@id":"https:\/\/casadecampoliving.com\/es\/#organization","name":"Casa de Campo Living","url":"https:\/\/casadecampoliving.com\/es\/","logo":{"@type":"ImageObject","inLanguage":"es","@id":"https:\/\/casadecampoliving.com\/es\/#\/schema\/logo\/image\/","url":"https:\/\/i0.wp.com\/casadecampoliving.com\/wp-content\/uploads\/2022\/07\/CDCLivingLogo_V1-white-sized.png?fit=800%2C214&ssl=1","contentUrl":"https:\/\/i0.wp.com\/casadecampoliving.com\/wp-content\/uploads\/2022\/07\/CDCLivingLogo_V1-white-sized.png?fit=800%2C214&ssl=1","width":800,"height":214,"caption":"Casa de Campo Living"},"image":{"@id":"https:\/\/casadecampoliving.com\/es\/#\/schema\/logo\/image\/"},"sameAs":["https:\/\/www.facebook.com\/casadecampoliving","https:\/\/x.com\/cdcliving"]},{"@type":"Person","@id":"https:\/\/casadecampoliving.com\/es\/#\/schema\/person\/7e3b975d584a5f6ac0fd7128a81b0bc5","name":"","image":{"@type":"ImageObject","inLanguage":"es","@id":"https:\/\/secure.gravatar.com\/avatar\/?s=96&d=mm&r=g","url":"https:\/\/secure.gravatar.com\/avatar\/?s=96&d=mm&r=g","contentUrl":"https:\/\/secure.gravatar.com\/avatar\/?s=96&d=mm&r=g"},"url":"https:\/\/casadecampoliving.com\/es\/author\/ \/"}]}},"parsely":{"version":"1.1.0","canonical_url":"https:\/\/casadecampoliving.com\/es\/se-inaugura-la-nueva-exhibicion-de-arte-hernandez-en-chavon-de-manuel-hernandez\/","smart_links":{"inbound":0,"outbound":0},"traffic_boost_suggestions_count":0,"meta":{"@context":"https:\/\/schema.org","@type":"NewsArticle","headline":"Se inaugura la nueva exhibici\u00f3n de arte \u00abHern\u00e1ndez en Chav\u00f3n\u00bb de Manuel Hern\u00e1ndez","url":"http:\/\/casadecampoliving.com\/es\/se-inaugura-la-nueva-exhibicion-de-arte-hernandez-en-chavon-de-manuel-hernandez\/","mainEntityOfPage":{"@type":"WebPage","@id":"http:\/\/casadecampoliving.com\/es\/se-inaugura-la-nueva-exhibicion-de-arte-hernandez-en-chavon-de-manuel-hernandez\/"},"thumbnailUrl":"https:\/\/i0.wp.com\/casadecampoliving.com\/wp-content\/uploads\/2022\/10\/manuel_hernandez_arte-3.jpg?resize=150%2C150&ssl=1","image":{"@type":"ImageObject","url":"https:\/\/i0.wp.com\/casadecampoliving.com\/wp-content\/uploads\/2022\/10\/manuel_hernandez_arte-3.jpg?fit=650%2C358&ssl=1"},"articleSection":"Altos de Chavon @es","author":[{"@type":"Person","name":"FB_515917546"}],"creator":["FB_515917546"],"publisher":{"@type":"Organization","name":"Casa de Campo Living","logo":"https:\/\/casadecampoliving.com\/wp-content\/uploads\/2022\/07\/CDCLivingLogo_V1-white-sized.png"},"keywords":["altos de chavon","altos de chavon -es","galeria de arte altos de chavon","hernandez en chavon @es","manuel hernandez"],"dateCreated":"2012-02-11T04:00:00Z","datePublished":"2012-02-11T04:00:00Z","dateModified":"2022-11-10T14:43:03Z"},"rendered":"<script type=\"application\/ld+json\" class=\"wp-parsely-metadata\">{\"@context\":\"https:\\\/\\\/schema.org\",\"@type\":\"NewsArticle\",\"headline\":\"Se inaugura la nueva exhibici\\u00f3n de arte \\u00abHern\\u00e1ndez en Chav\\u00f3n\\u00bb de Manuel Hern\\u00e1ndez\",\"url\":\"http:\\\/\\\/casadecampoliving.com\\\/es\\\/se-inaugura-la-nueva-exhibicion-de-arte-hernandez-en-chavon-de-manuel-hernandez\\\/\",\"mainEntityOfPage\":{\"@type\":\"WebPage\",\"@id\":\"http:\\\/\\\/casadecampoliving.com\\\/es\\\/se-inaugura-la-nueva-exhibicion-de-arte-hernandez-en-chavon-de-manuel-hernandez\\\/\"},\"thumbnailUrl\":\"https:\\\/\\\/i0.wp.com\\\/casadecampoliving.com\\\/wp-content\\\/uploads\\\/2022\\\/10\\\/manuel_hernandez_arte-3.jpg?resize=150%2C150&ssl=1\",\"image\":{\"@type\":\"ImageObject\",\"url\":\"https:\\\/\\\/i0.wp.com\\\/casadecampoliving.com\\\/wp-content\\\/uploads\\\/2022\\\/10\\\/manuel_hernandez_arte-3.jpg?fit=650%2C358&ssl=1\"},\"articleSection\":\"Altos de Chavon @es\",\"author\":[{\"@type\":\"Person\",\"name\":\"FB_515917546\"}],\"creator\":[\"FB_515917546\"],\"publisher\":{\"@type\":\"Organization\",\"name\":\"Casa de Campo Living\",\"logo\":\"https:\\\/\\\/casadecampoliving.com\\\/wp-content\\\/uploads\\\/2022\\\/07\\\/CDCLivingLogo_V1-white-sized.png\"},\"keywords\":[\"altos de chavon\",\"altos de chavon -es\",\"galeria de arte altos de chavon\",\"hernandez en chavon @es\",\"manuel hernandez\"],\"dateCreated\":\"2012-02-11T04:00:00Z\",\"datePublished\":\"2012-02-11T04:00:00Z\",\"dateModified\":\"2022-11-10T14:43:03Z\"}<\/script>","tracker_url":"https:\/\/cdn.parsely.com\/keys\/casadecampoliving.com\/p.js"},"jetpack_publicize_connections":[],"jetpack_featured_media_url":"https:\/\/i0.wp.com\/casadecampoliving.com\/wp-content\/uploads\/2022\/10\/manuel_hernandez_arte-3.jpg?fit=650%2C358&ssl=1","jetpack-related-posts":[{"id":338498,"url":"https:\/\/casadecampoliving.com\/es\/ultima-oportunidad-para-disfrutar-de-hernandez-en-chavon-una-exhibicion-de-arte-que-no-se-puede-perder\/","url_meta":{"origin":338360,"position":0},"title":"\u00daltima oportunidad para disfrutar de \u00abHern\u00e1ndez en Chav\u00f3n\u00bb. Una exhibici\u00f3n de arte que no se puede perder!","author":"","date":"2 Mar, 2012","format":false,"excerpt":"La actual exhibici\u00f3n de arte de Altos de Chav\u00f3n, \u201cHern\u00e1ndez en Chav\u00f3n\u201d, estar\u00e1 cerrando este pr\u00f3ximo lunes 5 de marzo para dar paso a la nueva exhibici\u00f3n denominada \u201cLa acci\u00f3n del caballo de Polo\u201d por Rachel White \u2013 lo que significa que significa que este fin de semana es su\u2026","rel":"","context":"En \u00abAltos de Chavon @es\u00bb","block_context":{"text":"Altos de Chavon @es","link":"https:\/\/casadecampoliving.com\/category\/altos-de-chavon-es\/"},"img":{"alt_text":"manuel hernandez arte","src":"https:\/\/i0.wp.com\/casadecampoliving.com\/wp-content\/uploads\/2022\/10\/manuel_hernandez_arte2-2.jpg?fit=650%2C488&ssl=1&resize=350%2C200","width":350,"height":200,"srcset":"https:\/\/i0.wp.com\/casadecampoliving.com\/wp-content\/uploads\/2022\/10\/manuel_hernandez_arte2-2.jpg?fit=650%2C488&ssl=1&resize=350%2C200 1x, https:\/\/i0.wp.com\/casadecampoliving.com\/wp-content\/uploads\/2022\/10\/manuel_hernandez_arte2-2.jpg?fit=650%2C488&ssl=1&resize=525%2C300 1.5x"},"classes":[]},{"id":338200,"url":"https:\/\/casadecampoliving.com\/es\/hernandez-en-chavon-la-nueva-exhibicion-de-arte-se-inaugurara-el-jueves-2-de-febrero\/","url_meta":{"origin":338360,"position":1},"title":"\u00abHern\u00e1ndez en Chav\u00f3n\u00bb la nueva exhibici\u00f3n de arte se inaugurar\u00e1 el jueves 2 de febrero!","author":"","date":"27 Ene, 2012","format":false,"excerpt":"El pr\u00f3ximo 2 de febrero, la Galer\u00eda de Arte Altos de Chav\u00f3n inaugurar\u00e1 la nueva exhibici\u00f3n de arte \u201cHern\u00e1ndez en Chav\u00f3n\u201d del artista colombiano, Manuel Hern\u00e1ndez, y usted est\u00e1 cordialmente invitado a unirse a la celebraci\u00f3n! El c\u00f3ctel de inauguraci\u00f3n para esta exhibici\u00f3n tendr\u00e1 lugar en la galer\u00eda principal de\u2026","rel":"","context":"En \u00abAltos de Chavon @es\u00bb","block_context":{"text":"Altos de Chavon @es","link":"https:\/\/casadecampoliving.com\/category\/altos-de-chavon-es\/"},"img":{"alt_text":"manuel hernandez arte","src":"https:\/\/i0.wp.com\/casadecampoliving.com\/wp-content\/uploads\/2022\/10\/manuel_hernandez_arte-1.jpg?fit=505%2C261&ssl=1&resize=350%2C200","width":350,"height":200},"classes":[]},{"id":338284,"url":"https:\/\/casadecampoliving.com\/es\/este-fin-de-semana-en-casa-3-al-5-de-febrero\/","url_meta":{"origin":338360,"position":2},"title":"Este Fin de Semana en Casa: 3 al 5 de febrero!","author":"","date":"3 Feb, 2012","format":false,"excerpt":"Este fin de semana en Casa de Campo es perfecto para pasar el tiempo con la familia y los amigos. En estos d\u00edas hemos tenido unos espectaculares d\u00edas de sol, ni muy caliente, ni muy fr\u00edo, perfecto para relajarse en el para\u00edso de la Playa Minitas o bien, echar una\u2026","rel":"","context":"En \u00abEventos\u00bb","block_context":{"text":"Eventos","link":"https:\/\/casadecampoliving.com\/es\/category\/eventos-es\/"},"img":{"alt_text":"","src":"https:\/\/i0.wp.com\/casadecampoliving.com\/wp-content\/uploads\/2022\/10\/altos_de_chavon-18.jpg?fit=650%2C350&ssl=1&resize=350%2C200","width":350,"height":200,"srcset":"https:\/\/i0.wp.com\/casadecampoliving.com\/wp-content\/uploads\/2022\/10\/altos_de_chavon-18.jpg?fit=650%2C350&ssl=1&resize=350%2C200 1x, https:\/\/i0.wp.com\/casadecampoliving.com\/wp-content\/uploads\/2022\/10\/altos_de_chavon-18.jpg?fit=650%2C350&ssl=1&resize=525%2C300 1.5x"},"classes":[]},{"id":320971,"url":"https:\/\/casadecampoliving.com\/new-art-exhibit-hernandez-en-chavon-opens-thursday-february-2nd-in-altos-de-chavon\/","url_meta":{"origin":338360,"position":3},"title":"New art exhibit \u201cHern\u00e1ndez en Chav\u00f3n\u201d opens Thursday February 2nd in Altos de Chav\u00f3n","author":"Rebecca Silvestri","date":"27 Ene, 2012","format":false,"excerpt":"On Thursday the 2nd of February, the Altos de Chav\u00f3n art gallery will be inaugurating it\u2019s new art gallery exhibition \u201cHern\u00e1ndez en Chav\u00f3n\u201d by Columbian artist, Manuel Hernandez and you are cordially invited to enjoy the celebration! The inauguration cocktail for the new exhibit will take place\u00a0at 7:30pm at the\u2026","rel":"","context":"En \u00abAltos de Chavon\u00bb","block_context":{"text":"Altos de Chavon","link":"https:\/\/casadecampoliving.com\/category\/altos-de-chavon\/"},"img":{"alt_text":"manuel hernandez arte","src":"https:\/\/i0.wp.com\/casadecampoliving.com\/wp-content\/uploads\/2022\/10\/manuel_hernandez_arte-1.jpg?fit=505%2C261&ssl=1&resize=350%2C200","width":350,"height":200},"classes":[]},{"id":338508,"url":"https:\/\/casadecampoliving.com\/es\/este-fin-de-semana-en-casa-2-al-4-de-marzo\/","url_meta":{"origin":338360,"position":4},"title":"Este Fin de Semana en Casa: 2 al 4 de marzo","author":"","date":"2 Mar, 2012","format":false,"excerpt":"Este fin de semana en Casa de Campo, disfrute de las majestuosas obras de Manuel Hern\u00e1ndez en la galer\u00eda de Altos de Chav\u00f3n con su exhibici\u00f3n \u201cHern\u00e1ndez en Chav\u00f3n\u201d, en su \u00faltima semana \u2013 as\u00ed si a\u00fan no lo ha podido ver, esta es su oportunidad!! Estos eventos, actividades y\u2026","rel":"","context":"En \u00abNoticias Locales\u00bb","block_context":{"text":"Noticias Locales","link":"https:\/\/casadecampoliving.com\/es\/category\/noticias-locales\/"},"img":{"alt_text":"","src":"https:\/\/i0.wp.com\/casadecampoliving.com\/wp-content\/uploads\/2022\/10\/altos_de_chavon-18.jpg?fit=650%2C350&ssl=1&resize=350%2C200","width":350,"height":200,"srcset":"https:\/\/i0.wp.com\/casadecampoliving.com\/wp-content\/uploads\/2022\/10\/altos_de_chavon-18.jpg?fit=650%2C350&ssl=1&resize=350%2C200 1x, https:\/\/i0.wp.com\/casadecampoliving.com\/wp-content\/uploads\/2022\/10\/altos_de_chavon-18.jpg?fit=650%2C350&ssl=1&resize=525%2C300 1.5x"},"classes":[]},{"id":338466,"url":"https:\/\/casadecampoliving.com\/es\/esta-semana-en-casa-27-feb-4-mar\/","url_meta":{"origin":338360,"position":5},"title":"Esta Semana en Casa: 27 Feb &#8211; 4 Mar!","author":"Rebecca Silvestri","date":"27 Feb, 2012","format":false,"excerpt":"Luego de un fin de semana carnavalesco con el \u201cCarnaval de La Marina\u201d, la Rep\u00fablica Dominicana estrena esta nueva semana con la celebraci\u00f3n de 168 a\u00f1os de su Independencia Nacional! \u2013 Y esta semana en Casa de Campo es tiempo perfecto para relajarse en su villa de Casa de Campo!\u2026","rel":"","context":"En \u00abNoticias Locales\u00bb","block_context":{"text":"Noticias Locales","link":"https:\/\/casadecampoliving.com\/es\/category\/noticias-locales\/"},"img":{"alt_text":"","src":"https:\/\/i0.wp.com\/casadecampoliving.com\/wp-content\/uploads\/2022\/10\/thisweekincasa1ENG-3.jpg?fit=650%2C350&ssl=1&resize=350%2C200","width":350,"height":200,"srcset":"https:\/\/i0.wp.com\/casadecampoliving.com\/wp-content\/uploads\/2022\/10\/thisweekincasa1ENG-3.jpg?fit=650%2C350&ssl=1&resize=350%2C200 1x, https:\/\/i0.wp.com\/casadecampoliving.com\/wp-content\/uploads\/2022\/10\/thisweekincasa1ENG-3.jpg?fit=650%2C350&ssl=1&resize=525%2C300 1.5x"},"classes":[]}],"jetpack_sharing_enabled":true,"_links":{"self":[{"href":"https:\/\/casadecampoliving.com\/es\/wp-json\/wp\/v2\/posts\/338360","targetHints":{"allow":["GET"]}}],"collection":[{"href":"https:\/\/casadecampoliving.com\/es\/wp-json\/wp\/v2\/posts"}],"about":[{"href":"https:\/\/casadecampoliving.com\/es\/wp-json\/wp\/v2\/types\/post"}],"author":[{"embeddable":true,"href":"https:\/\/casadecampoliving.com\/es\/wp-json\/wp\/v2\/users\/21"}],"replies":[{"embeddable":true,"href":"https:\/\/casadecampoliving.com\/es\/wp-json\/wp\/v2\/comments?post=338360"}],"version-history":[{"count":2,"href":"https:\/\/casadecampoliving.com\/es\/wp-json\/wp\/v2\/posts\/338360\/revisions"}],"predecessor-version":[{"id":509478,"href":"https:\/\/casadecampoliving.com\/es\/wp-json\/wp\/v2\/posts\/338360\/revisions\/509478"}],"wp:featuredmedia":[{"embeddable":true,"href":"https:\/\/casadecampoliving.com\/es\/wp-json\/wp\/v2\/media\/253346"}],"wp:attachment":[{"href":"https:\/\/casadecampoliving.com\/es\/wp-json\/wp\/v2\/media?parent=338360"}],"wp:term":[{"taxonomy":"category","embeddable":true,"href":"https:\/\/casadecampoliving.com\/es\/wp-json\/wp\/v2\/categories?post=338360"},{"taxonomy":"post_tag","embeddable":true,"href":"https:\/\/casadecampoliving.com\/es\/wp-json\/wp\/v2\/tags?post=338360"},{"taxonomy":"newspack_spnsrs_tax","embeddable":true,"href":"https:\/\/casadecampoliving.com\/es\/wp-json\/wp\/v2\/newspack_spnsrs_tax?post=338360"}],"curies":[{"name":"wp","href":"https:\/\/api.w.org\/{rel}","templated":true}]}}