{"id":338290,"date":"2012-02-06T00:00:00","date_gmt":"2012-02-06T04:00:00","guid":{"rendered":"https:\/\/casadecampoliving.com\/esta-semana-en-casa-6-al-12-feb\/"},"modified":"2022-10-21T18:41:05","modified_gmt":"2022-10-21T22:41:05","slug":"esta-semana-en-casa-6-al-12-feb","status":"publish","type":"post","link":"https:\/\/casadecampoliving.com\/es\/esta-semana-en-casa-6-al-12-feb\/","title":{"rendered":"Esta Semana en Casa: 6 al 12 Feb!"},"content":{"rendered":"<div class=\"wp-block-image\">\n<figure class=\"aligncenter is-resized\"><img loading=\"lazy\" decoding=\"async\" src=\"https:\/\/i0.wp.com\/casadecampoliving.com\/wp-content\/uploads\/2022\/10\/teeth_of_the_dog_casa_de_campo-28.jpg?resize=650%2C350&amp;ssl=1\" alt=\"teeth of the dog casa de campo\" class=\"wp-image-42970\" title=\"teeth_of_the_dog_casa_de_campo\" height=\"350\" width=\"650\"\/><\/figure>\n<\/div>\n\n\n<p>Esta semana en Casa de Campo es de celebraci\u00f3n, pues se realizar\u00e1 la tercera edici\u00f3n de la exaltaci\u00f3n del Sal\u00f3n de la Fama del B\u00e9isbol Latino con un sin n\u00famero de actividades que le permitir\u00e1n a USTED disfrutar de las luminarias!<\/p>\n\n\n\n<!--more-->\n\n\n\n<blockquote><h3 style=\"text-align: center;\">Estos eventos, actividades y especiales aplican para la semana de:<\/h3><h2 style=\"text-align: center;\">Lunes 6 Feb \u2013 Domingo 12 Feb<\/h2><\/blockquote>\n\n\n\n<p><strong><a href=\"http:\/\/wp.me\/p1kvEy-abH\">Haga click para ver la cartelera de cine y los trailers<\/a><\/strong><\/p>\n\n\n\n<figure class=\"wp-block-image is-resized\"><a href=\"https:\/\/i0.wp.com\/casadecampoliving.com\/wp-content\/uploads\/2022\/10\/casa_de_campo1-20.jpg?ssl=1\"><img loading=\"lazy\" decoding=\"async\" src=\"https:\/\/i0.wp.com\/casadecampoliving.com\/wp-content\/uploads\/2022\/10\/casa_de_campo1-20.jpg?resize=550%2C32&amp;ssl=1\" alt=\"\" class=\"wp-image-36851\" title=\"casa_de_campo\" height=\"32\" width=\"550\"\/><\/a><\/figure>\n\n\n\n<p><span style=\"color: #0000ee;\"><strong><span style=\"text-decoration: underline;\"><\/span><\/strong><\/span><\/p>\n\n\n\n<p><strong><strong><a href=\"https:\/\/casadecampoliving.com\/es\/2012\/01\/hernandez-en-chavon-la-nueva-exhibicion-de-arte-se-inaugurara-el-jueves-2-de-febrero\/\">Exhibici\u00f3n de Arte \u201cHern\u00e1ndez en Chav\u00f3n\u201d<\/a><\/strong><br>\n<strong>Hora<\/strong>:&nbsp;<\/strong>7:30pm<strong><br>\n<strong>Lugar<\/strong>:&nbsp;<\/strong>Galer\u00eda de Arte, Altos de Chav\u00f3n<strong><br>\n<strong><a href=\"https:\/\/casadecampoliving.com\/es\/2012\/01\/hernandez-en-chavon-la-nueva-exhibicion-de-arte-se-inaugurara-el-jueves-2-de-febrero\/\">Haga click aqu\u00ed para m\u00e1s info!<\/a><\/strong><\/strong><\/p>\n\n\n\n<blockquote class=\"wp-block-quote is-layout-flow wp-block-quote-is-layout-flow\"><p><strong><a href=\"https:\/\/casadecampoliving.com\/es\/2012\/01\/disfrute-de-una-extravaganza-dominicana-en-altos-de-chavon-todos-los-lunes\/\">\u201cExtravaganza Dominicana\u201d<\/a><\/strong><br>\n<strong>Hora<\/strong>: 3pm<br>\n<strong>Lugar<\/strong>: Plaza Principal, Altos de Chav\u00f3n, Casa de Campo<br>\n<strong><a href=\"https:\/\/casadecampoliving.com\/es\/2012\/01\/disfrute-de-una-extravaganza-dominicana-en-altos-de-chavon-todos-los-lunes\/\">Haga click aqu\u00ed para m\u00e1s info!<\/a><\/strong><\/p><\/blockquote>\n\n\n\n<p><strong><a href=\"https:\/\/casadecampoliving.com\/es\/2011\/11\/clases-de-flamenco-con-fatima-en-el-centro-pointe-de-la-romana\/\">Clases de Flamenco con Fatima Renedo Peral<br>\n<\/a><\/strong><strong>Hora<\/strong>: 6-7pm<br>\n<strong>Lugar<\/strong>: Escuela de Danza Point\u00e9 en La Romana<br>\n<strong><a href=\"https:\/\/casadecampoliving.com\/es\/2011\/11\/clases-de-flamenco-con-fatima-en-el-centro-pointe-de-la-romana\/\">Haga click aqui para mas info<\/a><\/strong><\/p>\n\n\n\n<p><strong><a href=\"http:\/\/wp.me\/p1kvEy-9GJ\">Show de Kandela!<\/a><\/strong><br>\n<strong>Lugar<\/strong>: 9pm<br>\n<strong>Hora<\/strong>: Anfiteatro de Altos de Chav\u00f3n<br>\n<strong>Costo<\/strong>: Adultos US$35, Ni\u00f1os US$15<br>\n<strong><a href=\"http:\/\/wp.me\/p1kvEy-9GJ\">Haga click aqu\u00ed para mas info!<\/a><\/strong><\/p>\n\n\n\n<figure class=\"wp-block-image is-resized\"><a href=\"https:\/\/i0.wp.com\/casadecampoliving.com\/wp-content\/uploads\/2022\/10\/casa_de_campo2-15.jpg?ssl=1\"><img loading=\"lazy\" decoding=\"async\" src=\"https:\/\/i0.wp.com\/casadecampoliving.com\/wp-content\/uploads\/2022\/10\/casa_de_campo2-15.jpg?resize=550%2C32&amp;ssl=1\" alt=\"\" class=\"wp-image-36852\" title=\"casa_de_campo\" height=\"32\" width=\"550\"\/><\/a><\/figure>\n\n\n\n<p><span style=\"color: #0000ee;\"><strong><span style=\"text-decoration: underline;\"><\/span><\/strong><\/span><\/p>\n\n\n\n<p><strong><strong><a href=\"https:\/\/casadecampoliving.com\/es\/2012\/01\/hernandez-en-chavon-la-nueva-exhibicion-de-arte-se-inaugurara-el-jueves-2-de-febrero\/\">Exhibici\u00f3n de Arte \u201cHern\u00e1ndez en Chav\u00f3n\u201d<\/a><\/strong><br>\n<strong>Hora<\/strong>:&nbsp;<\/strong>7:30pm<strong><br>\n<strong>Lugar<\/strong>:&nbsp;<\/strong>Galer\u00eda de Arte, Altos de Chav\u00f3n<strong><br>\n<strong><a href=\"https:\/\/casadecampoliving.com\/es\/2012\/01\/hernandez-en-chavon-la-nueva-exhibicion-de-arte-se-inaugurara-el-jueves-2-de-febrero\/\">Haga click aqu\u00ed para m\u00e1s info!<\/a><\/strong><\/strong><\/p>\n\n\n\n<figure class=\"wp-block-image is-resized\"><img loading=\"lazy\" decoding=\"async\" src=\"https:\/\/i0.wp.com\/casadecampoliving.com\/wp-content\/uploads\/2022\/10\/casa_de_campo3-12.jpg?resize=550%2C32&amp;ssl=1\" alt=\"casa de campo\" class=\"wp-image-36854\" title=\"casa_de_campo\" height=\"32\" width=\"550\"\/><\/figure>\n\n\n\n<p><span style=\"color: #0000ee;\"><\/span><\/p>\n\n\n\n<p><strong><strong><a href=\"https:\/\/casadecampoliving.com\/es\/2012\/01\/hernandez-en-chavon-la-nueva-exhibicion-de-arte-se-inaugurara-el-jueves-2-de-febrero\/\">Exhibici\u00f3n de Arte \u201cHern\u00e1ndez en Chav\u00f3n\u201d<\/a><\/strong><br>\n<strong>Hora<\/strong>:&nbsp;<\/strong>7:30pm<strong><br>\n<strong>Lugar<\/strong>:&nbsp;<\/strong>Galer\u00eda de Arte, Altos de Chav\u00f3n<strong><br>\n<strong><a href=\"https:\/\/casadecampoliving.com\/es\/2012\/01\/hernandez-en-chavon-la-nueva-exhibicion-de-arte-se-inaugurara-el-jueves-2-de-febrero\/\">Haga click aqu\u00ed para m\u00e1s info!<\/a><\/strong><\/strong><\/p>\n\n\n\n<figure class=\"wp-block-image is-resized\"><a href=\"https:\/\/i0.wp.com\/casadecampoliving.com\/wp-content\/uploads\/2022\/10\/casa_de_campo11-2.jpg?ssl=1\"><img loading=\"lazy\" decoding=\"async\" src=\"https:\/\/i0.wp.com\/casadecampoliving.com\/wp-content\/uploads\/2022\/10\/casa_de_campo11-2.jpg?resize=550%2C32&amp;ssl=1\" alt=\"\" class=\"wp-image-36858\" title=\"casa_de_campo1\" height=\"32\" width=\"550\"\/><\/a><\/figure>\n\n\n\n<p><span style=\"color: #0000ee;\"><span><strong><\/strong><\/span><\/span><\/p>\n\n\n\n<p><strong><strong><a href=\"https:\/\/casadecampoliving.com\/es\/2012\/01\/hernandez-en-chavon-la-nueva-exhibicion-de-arte-se-inaugurara-el-jueves-2-de-febrero\/\">Exhibici\u00f3n de Arte \u201cHern\u00e1ndez en Chav\u00f3n\u201d<\/a><\/strong><br>\n<strong>Hora<\/strong>:&nbsp;<\/strong>7:30pm<strong><br>\n<strong>Lugar<\/strong>:&nbsp;<\/strong>Galer\u00eda de Arte, Altos de Chav\u00f3n<strong><br>\n<strong><a href=\"https:\/\/casadecampoliving.com\/es\/2012\/01\/hernandez-en-chavon-la-nueva-exhibicion-de-arte-se-inaugurara-el-jueves-2-de-febrero\/\">Haga click aqu\u00ed para m\u00e1s info!<\/a><\/strong><\/strong><\/p>\n\n\n\n<blockquote class=\"wp-block-quote is-layout-flow wp-block-quote-is-layout-flow\"><p><strong><a href=\"http:\/\/wp.me\/p1kvEy-b67\">Happy Hour 2\u00d71 en La Enoteca<\/a><\/strong><br>\n<strong>Hora<\/strong>: 7pm-9pm<br>\n<strong>Lugar<\/strong>: La Enoteca, La Marina Casa de Campo<br>\n<strong><a href=\"http:\/\/wp.me\/p1kvEy-b67\">Haga click aqu\u00ed para m\u00e1s info!&nbsp;<\/a><\/strong><\/p><\/blockquote>\n\n\n\n<figure class=\"wp-block-image is-resized\"><img loading=\"lazy\" decoding=\"async\" src=\"https:\/\/i0.wp.com\/casadecampoliving.com\/wp-content\/uploads\/2022\/10\/casa_de_campo4-9.jpg?resize=550%2C32&amp;ssl=1\" alt=\"\" class=\"wp-image-36859\" title=\"casa_de_campo\" height=\"32\" width=\"550\"\/><\/figure>\n\n\n\n<p><strong><strong><a href=\"https:\/\/i0.wp.com\/casadecampoliving.com\/wp-content\/uploads\/2022\/10\/casa_de_campo4-9.jpg?ssl=1\"> <\/a><\/strong><\/strong><\/p>\n\n\n\n<p><strong><strong><strong><a href=\"https:\/\/casadecampoliving.com\/es\/2012\/01\/hernandez-en-chavon-la-nueva-exhibicion-de-arte-se-inaugurara-el-jueves-2-de-febrero\/\">Exhibici\u00f3n de Arte \u201cHern\u00e1ndez en Chav\u00f3n\u201d<\/a><\/strong><br>\n<strong>Hora<\/strong>:&nbsp;<\/strong><\/strong>9am-6pm<strong><strong><br>\n<strong>Lugar<\/strong>:&nbsp;<\/strong><\/strong>Galer\u00eda de Arte, Altos de Chav\u00f3n<strong><strong><br>\n<strong><a href=\"https:\/\/casadecampoliving.com\/es\/2012\/01\/hernandez-en-chavon-la-nueva-exhibicion-de-arte-se-inaugurara-el-jueves-2-de-febrero\/\">Haga click aqu\u00ed para m\u00e1s info!<\/a>&nbsp;&nbsp;<\/strong><\/strong><\/strong><\/p>\n\n\n\n<p><strong><a href=\"http:\/\/wp.me\/p1kvEy-bww\">\u201cPaseo de los Inmortales\u201d \u2013 Sal\u00f3n de la Fama&nbsp;<\/a><\/strong><br>\n<strong>Hora<\/strong>: 4pm<br>\n<strong>Lugar<\/strong>: Parque central del pueblo de La Romana<br>\n<strong><a href=\"http:\/\/wp.me\/p1kvEy-bww\">Haga click aqu\u00ed para m\u00e1s informaci\u00f3n!<\/a>&nbsp;<\/strong><\/p>\n\n\n\n<figure class=\"wp-block-image is-resized\"><img loading=\"lazy\" decoding=\"async\" src=\"https:\/\/i0.wp.com\/casadecampoliving.com\/wp-content\/uploads\/2022\/10\/casa_de_campo21-2.jpg?resize=550%2C32&amp;ssl=1\" alt=\"\" class=\"wp-image-36861\" title=\"casa_de_campo2\" height=\"32\" width=\"550\"\/><\/figure>\n\n\n\n<p><a href=\"https:\/\/casadecampoliving.com\/wp-content\/uploads\/2022\/10\/casa_de_campo21-2.jpg\"><strong><strong><\/strong><\/strong><\/a><\/p>\n\n\n\n<p><strong><strong><a href=\"https:\/\/casadecampoliving.com\/es\/2012\/01\/hernandez-en-chavon-la-nueva-exhibicion-de-arte-se-inaugurara-el-jueves-2-de-febrero\/\">Exhibici\u00f3n de Arte \u201cHern\u00e1ndez en Chav\u00f3n\u201d<\/a><\/strong><br>\n<strong>Hora<\/strong>:&nbsp;<\/strong>9am-6pm<strong><br>\n<strong>Lugar<\/strong>:&nbsp;<\/strong>Galer\u00eda de Arte, Altos de Chav\u00f3n<strong><br>\n<strong><a href=\"https:\/\/casadecampoliving.com\/es\/2012\/01\/hernandez-en-chavon-la-nueva-exhibicion-de-arte-se-inaugurara-el-jueves-2-de-febrero\/\">Haga click aqu\u00ed para m\u00e1s info!<\/a>&nbsp;<\/strong><\/strong><\/p>\n\n\n\n<p><strong><a href=\"https:\/\/casadecampoliving.com\/es\/2012\/02\/el-torneo-de-golf-los-inmortales-su-oportunidad-para-jugar-con-las-estrellas-del-beisbol-latino\/\">Torneo de golf \u201cLos Inmortales\u201d<\/a><\/strong><br>\n<strong>Hora<\/strong>: 7am<br>\n<strong>Lugar<\/strong>: Campo de golf \u201cTeeth of the Dog\u201d<br>\n<strong><a href=\"https:\/\/casadecampoliving.com\/es\/2012\/02\/el-torneo-de-golf-los-inmortales-su-oportunidad-para-jugar-con-las-estrellas-del-beisbol-latino\/\">Haga click aqu\u00ed para m\u00e1s informaci\u00f3n!&nbsp;<\/a><\/strong><\/p>\n\n\n\n<p><strong><a href=\"https:\/\/casadecampoliving.com\/es\/2012\/02\/la-gran-ceremonia-de-exaltacion-del-salon-de-la-fama-del-beisbol-latino-sera-este-sabado-11-de-febrero-en-el-anfiteatro-altos-de-chavon\/\">Exaltaci\u00f3n del Sal\u00f3n de la Fama del B\u00e9isbol Latino<\/a><\/strong><br>\n<strong>Hora:<\/strong> 8pm<br>\n<strong>Lugar:<\/strong> Anfiteatro Altos de Chav\u00f3n<br>\n<strong><a href=\"https:\/\/casadecampoliving.com\/es\/2012\/02\/la-gran-ceremonia-de-exaltacion-del-salon-de-la-fama-del-beisbol-latino-sera-este-sabado-11-de-febrero-en-el-anfiteatro-altos-de-chavon\/\">Haga click aqu\u00ed para m\u00e1s informaci\u00f3n!&nbsp;<\/a><\/strong><\/p>\n\n\n\n<figure class=\"wp-block-image is-resized\"><a href=\"https:\/\/i0.wp.com\/casadecampoliving.com\/wp-content\/uploads\/2022\/10\/casa_de_campo31-2.jpg?ssl=1\"><img loading=\"lazy\" decoding=\"async\" src=\"https:\/\/i0.wp.com\/casadecampoliving.com\/wp-content\/uploads\/2022\/10\/casa_de_campo31-2.jpg?resize=550%2C32&amp;ssl=1\" alt=\"\" class=\"wp-image-36862\" title=\"casa_de_campo3\" height=\"32\" width=\"550\"\/><\/a><\/figure>\n\n\n\n<p><span style=\"text-decoration: underline;\"><\/span><\/p>\n\n\n\n<p><strong><strong><a href=\"https:\/\/casadecampoliving.com\/es\/2012\/01\/hernandez-en-chavon-la-nueva-exhibicion-de-arte-se-inaugurara-el-jueves-2-de-febrero\/\">Exhibici\u00f3n de Arte \u201cHern\u00e1ndez en Chav\u00f3n\u201d<\/a><\/strong><br>\n<strong>Hora<\/strong>:&nbsp;<\/strong>9am-6pm<strong><br>\n<strong>Lugar<\/strong>:&nbsp;<\/strong>Galer\u00eda de Arte, Altos de Chav\u00f3n<strong><br>\n<strong><a href=\"https:\/\/casadecampoliving.com\/es\/2012\/01\/hernandez-en-chavon-la-nueva-exhibicion-de-arte-se-inaugurara-el-jueves-2-de-febrero\/\">Haga click aqu\u00ed para m\u00e1s info!<\/a><\/strong><\/strong><\/p>\n","protected":false},"excerpt":{"rendered":"<p>Esta semana en Casa de Campo es de celebraci\u00f3n, pues se realizar\u00e1 la tercera edici\u00f3n de la exaltaci\u00f3n del Sal\u00f3n de la Fama del B\u00e9isbol Latino con un sin n\u00famero de actividades que le permitir\u00e1n a USTED disfrutar de las luminarias!<\/p>\n","protected":false},"author":21,"featured_media":243715,"comment_status":"closed","ping_status":"closed","sticky":false,"template":"","format":"standard","meta":{"newspack_ads_suppress_ads":false,"newspack_popups_has_disabled_popups":false,"newspack_sponsor_sponsorship_scope":"","newspack_sponsor_native_byline_display":"inherit","newspack_sponsor_native_category_display":"inherit","newspack_sponsor_underwriter_style":"inherit","newspack_sponsor_underwriter_placement":"inherit","_newspack_byline_active":false,"_newspack_byline":"","newspack_hide_updated_date":false,"newspack_show_updated_date":false,"newspack_content_restriction_is_exempt":false,"newspack_featured_image_position":"","newspack_post_subtitle":"","newspack_article_summary_title":"Overview:","newspack_article_summary":"","_jetpack_memberships_contains_paid_content":false,"footnotes":"","jetpack_publicize_message":"","jetpack_publicize_feature_enabled":true,"jetpack_social_post_already_shared":false,"jetpack_social_options":{"image_generator_settings":{"template":"highway","default_image_id":0,"font":"","enabled":false},"version":2},"_wpas_customize_per_network":false},"categories":[2522,14625,14627,26822],"tags":[3761,3082,3759,1766,3758],"newspack_spnsrs_tax":[],"class_list":["post-338290","post","type-post","status-publish","format-standard","has-post-thumbnail","hentry","category-eventos-es","category-noticias-locales","category-proximamente","category-resort-casa-de-campo","tag-beisbol-latino","tag-esta-semana-en-casa","tag-los-inmortales","tag-salon-de-la-fama","tag-teeth-of-the-dog-es","entry"],"yoast_head":"<!-- This site is optimized with the Yoast SEO plugin v27.5 - https:\/\/yoast.com\/product\/yoast-seo-wordpress\/ -->\n<title>Esta Semana en Casa: 6 al 12 Feb! | Casa de Campo Living<\/title>\n<meta name=\"description\" content=\"Esta semana en Casa de Campo es de celebraci\u00f3n, pues se realizar\u00e1 la tercera edici\u00f3n de la exaltaci\u00f3n del Sal\u00f3n de la Fama del B\u00e9isbol Latino con un sin\" \/>\n<meta name=\"robots\" content=\"index, follow, max-snippet:-1, max-image-preview:large, max-video-preview:-1\" \/>\n<link rel=\"canonical\" href=\"https:\/\/casadecampoliving.com\/es\/esta-semana-en-casa-6-al-12-feb\/\" \/>\n<meta property=\"og:locale\" content=\"es_ES\" \/>\n<meta property=\"og:type\" content=\"article\" \/>\n<meta property=\"og:title\" content=\"Esta Semana en Casa: 6 al 12 Feb! | Casa de Campo Living\" \/>\n<meta property=\"og:description\" content=\"Esta semana en Casa de Campo es de celebraci\u00f3n, pues se realizar\u00e1 la tercera edici\u00f3n de la exaltaci\u00f3n del Sal\u00f3n de la Fama del B\u00e9isbol Latino con un sin\" \/>\n<meta property=\"og:url\" content=\"https:\/\/casadecampoliving.com\/es\/esta-semana-en-casa-6-al-12-feb\/\" \/>\n<meta property=\"og:site_name\" content=\"Casa de Campo Living\" \/>\n<meta property=\"article:publisher\" content=\"https:\/\/www.facebook.com\/casadecampoliving\" \/>\n<meta property=\"article:published_time\" content=\"2012-02-06T04:00:00+00:00\" \/>\n<meta property=\"article:modified_time\" content=\"2022-10-21T22:41:05+00:00\" \/>\n<meta property=\"og:image\" content=\"https:\/\/i0.wp.com\/casadecampoliving.com\/wp-content\/uploads\/2022\/10\/teeth_of_the_dog_casa_de_campo1-3.jpg?fit=650%2C350&ssl=1\" \/>\n\t<meta property=\"og:image:width\" content=\"650\" \/>\n\t<meta property=\"og:image:height\" content=\"350\" \/>\n\t<meta property=\"og:image:type\" content=\"image\/jpeg\" \/>\n<meta name=\"twitter:card\" content=\"summary_large_image\" \/>\n<meta name=\"twitter:creator\" content=\"@cdcliving\" \/>\n<meta name=\"twitter:site\" content=\"@cdcliving\" \/>\n<meta name=\"twitter:label1\" content=\"Escrito por\" \/>\n\t<meta name=\"twitter:data1\" content=\"\" \/>\n\t<meta name=\"twitter:label2\" content=\"Tiempo de lectura\" \/>\n\t<meta name=\"twitter:data2\" content=\"2 minutos\" \/>\n<script type=\"application\/ld+json\" class=\"yoast-schema-graph\">{\"@context\":\"https:\\\/\\\/schema.org\",\"@graph\":[{\"@type\":\"Article\",\"@id\":\"https:\\\/\\\/casadecampoliving.com\\\/es\\\/esta-semana-en-casa-6-al-12-feb\\\/#article\",\"isPartOf\":{\"@id\":\"https:\\\/\\\/casadecampoliving.com\\\/es\\\/esta-semana-en-casa-6-al-12-feb\\\/\"},\"author\":{\"name\":\"\",\"@id\":\"https:\\\/\\\/casadecampoliving.com\\\/es\\\/#\\\/schema\\\/person\\\/7e3b975d584a5f6ac0fd7128a81b0bc5\"},\"headline\":\"Esta Semana en Casa: 6 al 12 Feb!\",\"datePublished\":\"2012-02-06T04:00:00+00:00\",\"dateModified\":\"2022-10-21T22:41:05+00:00\",\"mainEntityOfPage\":{\"@id\":\"https:\\\/\\\/casadecampoliving.com\\\/es\\\/esta-semana-en-casa-6-al-12-feb\\\/\"},\"wordCount\":463,\"publisher\":{\"@id\":\"https:\\\/\\\/casadecampoliving.com\\\/es\\\/#organization\"},\"image\":{\"@id\":\"https:\\\/\\\/casadecampoliving.com\\\/es\\\/esta-semana-en-casa-6-al-12-feb\\\/#primaryimage\"},\"thumbnailUrl\":\"https:\\\/\\\/i0.wp.com\\\/casadecampoliving.com\\\/wp-content\\\/uploads\\\/2022\\\/10\\\/teeth_of_the_dog_casa_de_campo1-3.jpg?fit=650%2C350&ssl=1\",\"keywords\":[\"beisbol latino\",\"esta semana en casa\",\"los inmortales\",\"salon de la fama\",\"teeth of the dog @es\"],\"articleSection\":[\"Eventos\",\"Noticias Locales\",\"Proximamente\",\"Resort Casa de Campo\"],\"inLanguage\":\"es\"},{\"@type\":\"WebPage\",\"@id\":\"https:\\\/\\\/casadecampoliving.com\\\/es\\\/esta-semana-en-casa-6-al-12-feb\\\/\",\"url\":\"https:\\\/\\\/casadecampoliving.com\\\/es\\\/esta-semana-en-casa-6-al-12-feb\\\/\",\"name\":\"Esta Semana en Casa: 6 al 12 Feb! | Casa de Campo Living\",\"isPartOf\":{\"@id\":\"https:\\\/\\\/casadecampoliving.com\\\/es\\\/#website\"},\"primaryImageOfPage\":{\"@id\":\"https:\\\/\\\/casadecampoliving.com\\\/es\\\/esta-semana-en-casa-6-al-12-feb\\\/#primaryimage\"},\"image\":{\"@id\":\"https:\\\/\\\/casadecampoliving.com\\\/es\\\/esta-semana-en-casa-6-al-12-feb\\\/#primaryimage\"},\"thumbnailUrl\":\"https:\\\/\\\/i0.wp.com\\\/casadecampoliving.com\\\/wp-content\\\/uploads\\\/2022\\\/10\\\/teeth_of_the_dog_casa_de_campo1-3.jpg?fit=650%2C350&ssl=1\",\"datePublished\":\"2012-02-06T04:00:00+00:00\",\"dateModified\":\"2022-10-21T22:41:05+00:00\",\"description\":\"Esta semana en Casa de Campo es de celebraci\u00f3n, pues se realizar\u00e1 la tercera edici\u00f3n de la exaltaci\u00f3n del Sal\u00f3n de la Fama del B\u00e9isbol Latino con un sin\",\"breadcrumb\":{\"@id\":\"https:\\\/\\\/casadecampoliving.com\\\/es\\\/esta-semana-en-casa-6-al-12-feb\\\/#breadcrumb\"},\"inLanguage\":\"es\",\"potentialAction\":[{\"@type\":\"ReadAction\",\"target\":[\"https:\\\/\\\/casadecampoliving.com\\\/es\\\/esta-semana-en-casa-6-al-12-feb\\\/\"]}]},{\"@type\":\"ImageObject\",\"inLanguage\":\"es\",\"@id\":\"https:\\\/\\\/casadecampoliving.com\\\/es\\\/esta-semana-en-casa-6-al-12-feb\\\/#primaryimage\",\"url\":\"https:\\\/\\\/i0.wp.com\\\/casadecampoliving.com\\\/wp-content\\\/uploads\\\/2022\\\/10\\\/teeth_of_the_dog_casa_de_campo1-3.jpg?fit=650%2C350&ssl=1\",\"contentUrl\":\"https:\\\/\\\/i0.wp.com\\\/casadecampoliving.com\\\/wp-content\\\/uploads\\\/2022\\\/10\\\/teeth_of_the_dog_casa_de_campo1-3.jpg?fit=650%2C350&ssl=1\",\"width\":650,\"height\":350},{\"@type\":\"BreadcrumbList\",\"@id\":\"https:\\\/\\\/casadecampoliving.com\\\/es\\\/esta-semana-en-casa-6-al-12-feb\\\/#breadcrumb\",\"itemListElement\":[{\"@type\":\"ListItem\",\"position\":1,\"name\":\"Home\",\"item\":\"https:\\\/\\\/casadecampoliving.com\\\/es\\\/\"},{\"@type\":\"ListItem\",\"position\":2,\"name\":\"Esta Semana en Casa: 6 al 12 Feb!\"}]},{\"@type\":\"WebSite\",\"@id\":\"https:\\\/\\\/casadecampoliving.com\\\/es\\\/#website\",\"url\":\"https:\\\/\\\/casadecampoliving.com\\\/es\\\/\",\"name\":\"Casa de Campo Living\",\"description\":\"Resort community news and resources.\",\"publisher\":{\"@id\":\"https:\\\/\\\/casadecampoliving.com\\\/es\\\/#organization\"},\"potentialAction\":[{\"@type\":\"SearchAction\",\"target\":{\"@type\":\"EntryPoint\",\"urlTemplate\":\"https:\\\/\\\/casadecampoliving.com\\\/es\\\/?s={search_term_string}\"},\"query-input\":{\"@type\":\"PropertyValueSpecification\",\"valueRequired\":true,\"valueName\":\"search_term_string\"}}],\"inLanguage\":\"es\"},{\"@type\":\"Organization\",\"@id\":\"https:\\\/\\\/casadecampoliving.com\\\/es\\\/#organization\",\"name\":\"Casa de Campo Living\",\"url\":\"https:\\\/\\\/casadecampoliving.com\\\/es\\\/\",\"logo\":{\"@type\":\"ImageObject\",\"inLanguage\":\"es\",\"@id\":\"https:\\\/\\\/casadecampoliving.com\\\/es\\\/#\\\/schema\\\/logo\\\/image\\\/\",\"url\":\"https:\\\/\\\/i0.wp.com\\\/casadecampoliving.com\\\/wp-content\\\/uploads\\\/2022\\\/07\\\/CDCLivingLogo_V1-white-sized.png?fit=800%2C214&ssl=1\",\"contentUrl\":\"https:\\\/\\\/i0.wp.com\\\/casadecampoliving.com\\\/wp-content\\\/uploads\\\/2022\\\/07\\\/CDCLivingLogo_V1-white-sized.png?fit=800%2C214&ssl=1\",\"width\":800,\"height\":214,\"caption\":\"Casa de Campo Living\"},\"image\":{\"@id\":\"https:\\\/\\\/casadecampoliving.com\\\/es\\\/#\\\/schema\\\/logo\\\/image\\\/\"},\"sameAs\":[\"https:\\\/\\\/www.facebook.com\\\/casadecampoliving\",\"https:\\\/\\\/x.com\\\/cdcliving\"]},{\"@type\":\"Person\",\"@id\":\"https:\\\/\\\/casadecampoliving.com\\\/es\\\/#\\\/schema\\\/person\\\/7e3b975d584a5f6ac0fd7128a81b0bc5\",\"name\":\"\",\"image\":{\"@type\":\"ImageObject\",\"inLanguage\":\"es\",\"@id\":\"https:\\\/\\\/secure.gravatar.com\\\/avatar\\\/?s=96&d=mm&r=g\",\"url\":\"https:\\\/\\\/secure.gravatar.com\\\/avatar\\\/?s=96&d=mm&r=g\",\"contentUrl\":\"https:\\\/\\\/secure.gravatar.com\\\/avatar\\\/?s=96&d=mm&r=g\"},\"url\":\"https:\\\/\\\/casadecampoliving.com\\\/es\\\/author\\\/ \\\/\"}]}<\/script>\n<!-- \/ Yoast SEO plugin. -->","yoast_head_json":{"title":"Esta Semana en Casa: 6 al 12 Feb! | Casa de Campo Living","description":"Esta semana en Casa de Campo es de celebraci\u00f3n, pues se realizar\u00e1 la tercera edici\u00f3n de la exaltaci\u00f3n del Sal\u00f3n de la Fama del B\u00e9isbol Latino con un sin","robots":{"index":"index","follow":"follow","max-snippet":"max-snippet:-1","max-image-preview":"max-image-preview:large","max-video-preview":"max-video-preview:-1"},"canonical":"https:\/\/casadecampoliving.com\/es\/esta-semana-en-casa-6-al-12-feb\/","og_locale":"es_ES","og_type":"article","og_title":"Esta Semana en Casa: 6 al 12 Feb! | Casa de Campo Living","og_description":"Esta semana en Casa de Campo es de celebraci\u00f3n, pues se realizar\u00e1 la tercera edici\u00f3n de la exaltaci\u00f3n del Sal\u00f3n de la Fama del B\u00e9isbol Latino con un sin","og_url":"https:\/\/casadecampoliving.com\/es\/esta-semana-en-casa-6-al-12-feb\/","og_site_name":"Casa de Campo Living","article_publisher":"https:\/\/www.facebook.com\/casadecampoliving","article_published_time":"2012-02-06T04:00:00+00:00","article_modified_time":"2022-10-21T22:41:05+00:00","og_image":[{"width":650,"height":350,"url":"https:\/\/i0.wp.com\/casadecampoliving.com\/wp-content\/uploads\/2022\/10\/teeth_of_the_dog_casa_de_campo1-3.jpg?fit=650%2C350&ssl=1","type":"image\/jpeg"}],"twitter_card":"summary_large_image","twitter_creator":"@cdcliving","twitter_site":"@cdcliving","twitter_misc":{"Escrito por":"","Tiempo de lectura":"2 minutos"},"schema":{"@context":"https:\/\/schema.org","@graph":[{"@type":"Article","@id":"https:\/\/casadecampoliving.com\/es\/esta-semana-en-casa-6-al-12-feb\/#article","isPartOf":{"@id":"https:\/\/casadecampoliving.com\/es\/esta-semana-en-casa-6-al-12-feb\/"},"author":{"name":"","@id":"https:\/\/casadecampoliving.com\/es\/#\/schema\/person\/7e3b975d584a5f6ac0fd7128a81b0bc5"},"headline":"Esta Semana en Casa: 6 al 12 Feb!","datePublished":"2012-02-06T04:00:00+00:00","dateModified":"2022-10-21T22:41:05+00:00","mainEntityOfPage":{"@id":"https:\/\/casadecampoliving.com\/es\/esta-semana-en-casa-6-al-12-feb\/"},"wordCount":463,"publisher":{"@id":"https:\/\/casadecampoliving.com\/es\/#organization"},"image":{"@id":"https:\/\/casadecampoliving.com\/es\/esta-semana-en-casa-6-al-12-feb\/#primaryimage"},"thumbnailUrl":"https:\/\/i0.wp.com\/casadecampoliving.com\/wp-content\/uploads\/2022\/10\/teeth_of_the_dog_casa_de_campo1-3.jpg?fit=650%2C350&ssl=1","keywords":["beisbol latino","esta semana en casa","los inmortales","salon de la fama","teeth of the dog @es"],"articleSection":["Eventos","Noticias Locales","Proximamente","Resort Casa de Campo"],"inLanguage":"es"},{"@type":"WebPage","@id":"https:\/\/casadecampoliving.com\/es\/esta-semana-en-casa-6-al-12-feb\/","url":"https:\/\/casadecampoliving.com\/es\/esta-semana-en-casa-6-al-12-feb\/","name":"Esta Semana en Casa: 6 al 12 Feb! | Casa de Campo Living","isPartOf":{"@id":"https:\/\/casadecampoliving.com\/es\/#website"},"primaryImageOfPage":{"@id":"https:\/\/casadecampoliving.com\/es\/esta-semana-en-casa-6-al-12-feb\/#primaryimage"},"image":{"@id":"https:\/\/casadecampoliving.com\/es\/esta-semana-en-casa-6-al-12-feb\/#primaryimage"},"thumbnailUrl":"https:\/\/i0.wp.com\/casadecampoliving.com\/wp-content\/uploads\/2022\/10\/teeth_of_the_dog_casa_de_campo1-3.jpg?fit=650%2C350&ssl=1","datePublished":"2012-02-06T04:00:00+00:00","dateModified":"2022-10-21T22:41:05+00:00","description":"Esta semana en Casa de Campo es de celebraci\u00f3n, pues se realizar\u00e1 la tercera edici\u00f3n de la exaltaci\u00f3n del Sal\u00f3n de la Fama del B\u00e9isbol Latino con un sin","breadcrumb":{"@id":"https:\/\/casadecampoliving.com\/es\/esta-semana-en-casa-6-al-12-feb\/#breadcrumb"},"inLanguage":"es","potentialAction":[{"@type":"ReadAction","target":["https:\/\/casadecampoliving.com\/es\/esta-semana-en-casa-6-al-12-feb\/"]}]},{"@type":"ImageObject","inLanguage":"es","@id":"https:\/\/casadecampoliving.com\/es\/esta-semana-en-casa-6-al-12-feb\/#primaryimage","url":"https:\/\/i0.wp.com\/casadecampoliving.com\/wp-content\/uploads\/2022\/10\/teeth_of_the_dog_casa_de_campo1-3.jpg?fit=650%2C350&ssl=1","contentUrl":"https:\/\/i0.wp.com\/casadecampoliving.com\/wp-content\/uploads\/2022\/10\/teeth_of_the_dog_casa_de_campo1-3.jpg?fit=650%2C350&ssl=1","width":650,"height":350},{"@type":"BreadcrumbList","@id":"https:\/\/casadecampoliving.com\/es\/esta-semana-en-casa-6-al-12-feb\/#breadcrumb","itemListElement":[{"@type":"ListItem","position":1,"name":"Home","item":"https:\/\/casadecampoliving.com\/es\/"},{"@type":"ListItem","position":2,"name":"Esta Semana en Casa: 6 al 12 Feb!"}]},{"@type":"WebSite","@id":"https:\/\/casadecampoliving.com\/es\/#website","url":"https:\/\/casadecampoliving.com\/es\/","name":"Casa de Campo Living","description":"Resort community news and resources.","publisher":{"@id":"https:\/\/casadecampoliving.com\/es\/#organization"},"potentialAction":[{"@type":"SearchAction","target":{"@type":"EntryPoint","urlTemplate":"https:\/\/casadecampoliving.com\/es\/?s={search_term_string}"},"query-input":{"@type":"PropertyValueSpecification","valueRequired":true,"valueName":"search_term_string"}}],"inLanguage":"es"},{"@type":"Organization","@id":"https:\/\/casadecampoliving.com\/es\/#organization","name":"Casa de Campo Living","url":"https:\/\/casadecampoliving.com\/es\/","logo":{"@type":"ImageObject","inLanguage":"es","@id":"https:\/\/casadecampoliving.com\/es\/#\/schema\/logo\/image\/","url":"https:\/\/i0.wp.com\/casadecampoliving.com\/wp-content\/uploads\/2022\/07\/CDCLivingLogo_V1-white-sized.png?fit=800%2C214&ssl=1","contentUrl":"https:\/\/i0.wp.com\/casadecampoliving.com\/wp-content\/uploads\/2022\/07\/CDCLivingLogo_V1-white-sized.png?fit=800%2C214&ssl=1","width":800,"height":214,"caption":"Casa de Campo Living"},"image":{"@id":"https:\/\/casadecampoliving.com\/es\/#\/schema\/logo\/image\/"},"sameAs":["https:\/\/www.facebook.com\/casadecampoliving","https:\/\/x.com\/cdcliving"]},{"@type":"Person","@id":"https:\/\/casadecampoliving.com\/es\/#\/schema\/person\/7e3b975d584a5f6ac0fd7128a81b0bc5","name":"","image":{"@type":"ImageObject","inLanguage":"es","@id":"https:\/\/secure.gravatar.com\/avatar\/?s=96&d=mm&r=g","url":"https:\/\/secure.gravatar.com\/avatar\/?s=96&d=mm&r=g","contentUrl":"https:\/\/secure.gravatar.com\/avatar\/?s=96&d=mm&r=g"},"url":"https:\/\/casadecampoliving.com\/es\/author\/ \/"}]}},"parsely":{"version":"1.1.0","canonical_url":"https:\/\/casadecampoliving.com\/es\/esta-semana-en-casa-6-al-12-feb\/","smart_links":{"inbound":0,"outbound":0},"traffic_boost_suggestions_count":0,"meta":{"@context":"https:\/\/schema.org","@type":"NewsArticle","headline":"Esta Semana en Casa: 6 al 12 Feb!","url":"http:\/\/casadecampoliving.com\/es\/esta-semana-en-casa-6-al-12-feb\/","mainEntityOfPage":{"@type":"WebPage","@id":"http:\/\/casadecampoliving.com\/es\/esta-semana-en-casa-6-al-12-feb\/"},"thumbnailUrl":"https:\/\/i0.wp.com\/casadecampoliving.com\/wp-content\/uploads\/2022\/10\/teeth_of_the_dog_casa_de_campo1-3.jpg?resize=150%2C150&ssl=1","image":{"@type":"ImageObject","url":"https:\/\/i0.wp.com\/casadecampoliving.com\/wp-content\/uploads\/2022\/10\/teeth_of_the_dog_casa_de_campo1-3.jpg?fit=650%2C350&ssl=1"},"articleSection":"Eventos","author":[{"@type":"Person","name":"FB_515917546"}],"creator":["FB_515917546"],"publisher":{"@type":"Organization","name":"Casa de Campo Living","logo":"https:\/\/casadecampoliving.com\/wp-content\/uploads\/2022\/07\/CDCLivingLogo_V1-white-sized.png"},"keywords":["beisbol latino","esta semana en casa","los inmortales","salon de la fama","teeth of the dog @es"],"dateCreated":"2012-02-06T04:00:00Z","datePublished":"2012-02-06T04:00:00Z","dateModified":"2022-10-21T22:41:05Z"},"rendered":"<script type=\"application\/ld+json\" class=\"wp-parsely-metadata\">{\"@context\":\"https:\\\/\\\/schema.org\",\"@type\":\"NewsArticle\",\"headline\":\"Esta Semana en Casa: 6 al 12 Feb!\",\"url\":\"http:\\\/\\\/casadecampoliving.com\\\/es\\\/esta-semana-en-casa-6-al-12-feb\\\/\",\"mainEntityOfPage\":{\"@type\":\"WebPage\",\"@id\":\"http:\\\/\\\/casadecampoliving.com\\\/es\\\/esta-semana-en-casa-6-al-12-feb\\\/\"},\"thumbnailUrl\":\"https:\\\/\\\/i0.wp.com\\\/casadecampoliving.com\\\/wp-content\\\/uploads\\\/2022\\\/10\\\/teeth_of_the_dog_casa_de_campo1-3.jpg?resize=150%2C150&ssl=1\",\"image\":{\"@type\":\"ImageObject\",\"url\":\"https:\\\/\\\/i0.wp.com\\\/casadecampoliving.com\\\/wp-content\\\/uploads\\\/2022\\\/10\\\/teeth_of_the_dog_casa_de_campo1-3.jpg?fit=650%2C350&ssl=1\"},\"articleSection\":\"Eventos\",\"author\":[{\"@type\":\"Person\",\"name\":\"FB_515917546\"}],\"creator\":[\"FB_515917546\"],\"publisher\":{\"@type\":\"Organization\",\"name\":\"Casa de Campo Living\",\"logo\":\"https:\\\/\\\/casadecampoliving.com\\\/wp-content\\\/uploads\\\/2022\\\/07\\\/CDCLivingLogo_V1-white-sized.png\"},\"keywords\":[\"beisbol latino\",\"esta semana en casa\",\"los inmortales\",\"salon de la fama\",\"teeth of the dog @es\"],\"dateCreated\":\"2012-02-06T04:00:00Z\",\"datePublished\":\"2012-02-06T04:00:00Z\",\"dateModified\":\"2022-10-21T22:41:05Z\"}<\/script>","tracker_url":"https:\/\/cdn.parsely.com\/keys\/casadecampoliving.com\/p.js"},"jetpack_publicize_connections":[],"jetpack_featured_media_url":"https:\/\/i0.wp.com\/casadecampoliving.com\/wp-content\/uploads\/2022\/10\/teeth_of_the_dog_casa_de_campo1-3.jpg?fit=650%2C350&ssl=1","jetpack-related-posts":[{"id":346629,"url":"https:\/\/casadecampoliving.com\/es\/salon-de-la-fama-del-beisbol-latino-anuncia-los-eventos-de-la-sexta-semana-de-exaltacion\/","url_meta":{"origin":338290,"position":0},"title":"Sal\u00f3n de la Fama del B\u00e9isbol Latino anuncia los eventos de la Sexta Semana de Exaltaci\u00f3n","author":"Perkin Agramonte","date":"2 Feb, 2015","format":false,"excerpt":"El prestigioso Sal\u00f3n de la Fama del B\u00e9isbol Latino dio a conocer el pasado mi\u00e9rcoles 28 de enero, las actividades enmarcadas dentro de la Sexta Semana de Exaltaci\u00f3n, correspondiente a la Clase 2015 que se estar\u00e1n realizando del 5 al 8 de febrero, en Santo Domingo, Casa de Campo y\u2026","rel":"","context":"En \u00abAltos de Chavon @es\u00bb","block_context":{"text":"Altos de Chavon @es","link":"https:\/\/casadecampoliving.com\/category\/altos-de-chavon-es\/"},"img":{"alt_text":"","src":"https:\/\/i0.wp.com\/casadecampoliving.com\/wp-content\/uploads\/2022\/10\/Salon-de-la-Fama-scaled.jpg?fit=1200%2C896&ssl=1&resize=350%2C200","width":350,"height":200,"srcset":"https:\/\/i0.wp.com\/casadecampoliving.com\/wp-content\/uploads\/2022\/10\/Salon-de-la-Fama-scaled.jpg?fit=1200%2C896&ssl=1&resize=350%2C200 1x, https:\/\/i0.wp.com\/casadecampoliving.com\/wp-content\/uploads\/2022\/10\/Salon-de-la-Fama-scaled.jpg?fit=1200%2C896&ssl=1&resize=525%2C300 1.5x, https:\/\/i0.wp.com\/casadecampoliving.com\/wp-content\/uploads\/2022\/10\/Salon-de-la-Fama-scaled.jpg?fit=1200%2C896&ssl=1&resize=700%2C400 2x, https:\/\/i0.wp.com\/casadecampoliving.com\/wp-content\/uploads\/2022\/10\/Salon-de-la-Fama-scaled.jpg?fit=1200%2C896&ssl=1&resize=1050%2C600 3x"},"classes":[]},{"id":338370,"url":"https:\/\/casadecampoliving.com\/es\/este-fin-de-semana-en-casa-10-al-12-de-feb\/","url_meta":{"origin":338290,"position":1},"title":"Este Fin de Semana en Casa: 10 al 12 de feb!","author":"","date":"10 Feb, 2012","format":false,"excerpt":"Este fin de semana Casa de Campo se convierte en la casa del b\u00e9isbol! Y es que con la llegada de las luminarias y la Gran Ceremonia de Exaltaci\u00f3n del\u00a0Sal\u00f3n\u00a0de la Fama del B\u00e9isbol Latino, paseo de los inmortales, torneo de golf, entre otros eventos privados, el B\u00e9isbol a\u00fan no\u2026","rel":"","context":"En \u00abNoticias Locales\u00bb","block_context":{"text":"Noticias Locales","link":"https:\/\/casadecampoliving.com\/es\/category\/noticias-locales\/"},"img":{"alt_text":"","src":"https:\/\/i0.wp.com\/casadecampoliving.com\/wp-content\/uploads\/2022\/10\/altos_de_chavon-18.jpg?fit=650%2C350&ssl=1&resize=350%2C200","width":350,"height":200,"srcset":"https:\/\/i0.wp.com\/casadecampoliving.com\/wp-content\/uploads\/2022\/10\/altos_de_chavon-18.jpg?fit=650%2C350&ssl=1&resize=350%2C200 1x, https:\/\/i0.wp.com\/casadecampoliving.com\/wp-content\/uploads\/2022\/10\/altos_de_chavon-18.jpg?fit=650%2C350&ssl=1&resize=525%2C300 1.5x"},"classes":[]},{"id":346677,"url":"https:\/\/casadecampoliving.com\/es\/comisionado-mlb-rob-manfred-estrellas-beisbol-latino\/","url_meta":{"origin":338290,"position":2},"title":"\u00a1\u00danase a nosotros para almorzar con el comisionado de la MLB, Rob Manfred &#038; estrellas del b\u00e9isbol latino!","author":"Perkin Agramonte","date":"5 Feb, 2015","format":false,"excerpt":"La Gran Semana de Exaltaci\u00f3n del Sal\u00f3n de la Fama del B\u00e9isbol Latino est\u00e1 sobre nosotros y en esta ocasi\u00f3n estamos promocionando un almuerzo especial organizado por el SFBL y Casa de Campo este s\u00e1bado 7 a las 1:30pm en el Sal\u00f3n Flamboyan en Casa de Campo. Pero, \u00bfqu\u00e9 tiene\u2026","rel":"","context":"En \u00abCasa de Campo Living @es\u00bb","block_context":{"text":"Casa de Campo Living @es","link":"https:\/\/casadecampoliving.com\/category\/casa-de-campo-living-es\/"},"img":{"alt_text":"","src":"https:\/\/i0.wp.com\/casadecampoliving.com\/wp-content\/uploads\/2022\/10\/LHOF-Special-Luncheon-instagram-02-1.jpg?fit=650%2C354&ssl=1&resize=350%2C200","width":350,"height":200,"srcset":"https:\/\/i0.wp.com\/casadecampoliving.com\/wp-content\/uploads\/2022\/10\/LHOF-Special-Luncheon-instagram-02-1.jpg?fit=650%2C354&ssl=1&resize=350%2C200 1x, https:\/\/i0.wp.com\/casadecampoliving.com\/wp-content\/uploads\/2022\/10\/LHOF-Special-Luncheon-instagram-02-1.jpg?fit=650%2C354&ssl=1&resize=525%2C300 1.5x"},"classes":[]},{"id":346554,"url":"https:\/\/casadecampoliving.com\/es\/pedro-martinez-vendra-casa-de-campo-para-el-sfbl\/","url_meta":{"origin":338290,"position":3},"title":"Pedro Mart\u00ednez vendr\u00e1 a Casa de Campo para el SFBL","author":"Perkin Agramonte","date":"17 Ene, 2015","format":false,"excerpt":"El Sal\u00f3n de la Fama del B\u00e9isbol Latino (SFBL) recientemente dio a conocer las actividades enmarcadas dentro de la Sexta Semana de Exaltaci\u00f3n, correspondiente a la Clase 2015 que se estar\u00e1n realizando desde el 5 al 8 de febrero, en Santo Domingo, Casa de Campo y la ciudad de La\u2026","rel":"","context":"En \u00abCasa de Campo Living @es\u00bb","block_context":{"text":"Casa de Campo Living @es","link":"https:\/\/casadecampoliving.com\/category\/casa-de-campo-living-es\/"},"img":{"alt_text":"","src":"https:\/\/i0.wp.com\/casadecampoliving.com\/wp-content\/uploads\/2022\/10\/Pedro-Martinez-1.jpg?fit=1024%2C680&ssl=1&resize=350%2C200","width":350,"height":200,"srcset":"https:\/\/i0.wp.com\/casadecampoliving.com\/wp-content\/uploads\/2022\/10\/Pedro-Martinez-1.jpg?fit=1024%2C680&ssl=1&resize=350%2C200 1x, https:\/\/i0.wp.com\/casadecampoliving.com\/wp-content\/uploads\/2022\/10\/Pedro-Martinez-1.jpg?fit=1024%2C680&ssl=1&resize=525%2C300 1.5x, https:\/\/i0.wp.com\/casadecampoliving.com\/wp-content\/uploads\/2022\/10\/Pedro-Martinez-1.jpg?fit=1024%2C680&ssl=1&resize=700%2C400 2x"},"classes":[]},{"id":343783,"url":"https:\/\/casadecampoliving.com\/es\/el-salon-de-la-fama-del-beisbol-latino-anuncia-el-quinto-ceremonial-clase-2014\/","url_meta":{"origin":338290,"position":4},"title":"El Sal\u00f3n de la Fama del B\u00e9isbol Latino anuncia el Quinto Ceremonial Clase 2014","author":"Perkin Agramonte","date":"30 Ene, 2014","format":false,"excerpt":"El Sal\u00f3n de la Fama del B\u00e9isbol Latino (SFBL) recientemente dio a conocer las actividades enmarcadas dentro de la Quinta Semana de Exaltaci\u00f3n, correspondiente a la Clase 2014 que se estar\u00e1n realizando desde el 6 al 8 de febrero, en Casa de Campo y la ciudad de La Romana simult\u00e1neamente.\u2026","rel":"","context":"En \u00abAltos de Chavon @es\u00bb","block_context":{"text":"Altos de Chavon @es","link":"https:\/\/casadecampoliving.com\/category\/altos-de-chavon-es\/"},"img":{"alt_text":"","src":"https:\/\/i0.wp.com\/casadecampoliving.com\/wp-content\/uploads\/2022\/10\/MESA-PRINCIPAL-1.jpg?fit=650%2C432&ssl=1&resize=350%2C200","width":350,"height":200,"srcset":"https:\/\/i0.wp.com\/casadecampoliving.com\/wp-content\/uploads\/2022\/10\/MESA-PRINCIPAL-1.jpg?fit=650%2C432&ssl=1&resize=350%2C200 1x, https:\/\/i0.wp.com\/casadecampoliving.com\/wp-content\/uploads\/2022\/10\/MESA-PRINCIPAL-1.jpg?fit=650%2C432&ssl=1&resize=525%2C300 1.5x"},"classes":[]},{"id":345736,"url":"https:\/\/casadecampoliving.com\/es\/roberto-weill-lleva-al-salon-de-la-fama-del-beisbol-latino-panama\/","url_meta":{"origin":338290,"position":5},"title":"Roberto Weill lleva al Sal\u00f3n de la Fama del B\u00e9isbol Latino a Panam\u00e1","author":"Daniela Medina","date":"21 Oct, 2014","format":false,"excerpt":"El pasado 30 de septiembre el Fundador y Presidente del Sal\u00f3n de la Fama del B\u00e9isbol Latino, Don Roberto A. Weill fue invitado a una conferencia de Prensa en Panam\u00e1, coordinada por la Sra. Sandra Moreno, ilustre esposa del Ex Grandes Ligas y Exaltado del Sal\u00f3n de la Fama del\u2026","rel":"","context":"En \u00abCasa de Campo Living @es\u00bb","block_context":{"text":"Casa de Campo Living @es","link":"https:\/\/casadecampoliving.com\/category\/casa-de-campo-living-es\/"},"img":{"alt_text":"","src":"https:\/\/i0.wp.com\/casadecampoliving.com\/wp-content\/uploads\/2022\/10\/salon-de-la-fama-1.jpg?fit=1200%2C675&ssl=1&resize=350%2C200","width":350,"height":200,"srcset":"https:\/\/i0.wp.com\/casadecampoliving.com\/wp-content\/uploads\/2022\/10\/salon-de-la-fama-1.jpg?fit=1200%2C675&ssl=1&resize=350%2C200 1x, https:\/\/i0.wp.com\/casadecampoliving.com\/wp-content\/uploads\/2022\/10\/salon-de-la-fama-1.jpg?fit=1200%2C675&ssl=1&resize=525%2C300 1.5x, https:\/\/i0.wp.com\/casadecampoliving.com\/wp-content\/uploads\/2022\/10\/salon-de-la-fama-1.jpg?fit=1200%2C675&ssl=1&resize=700%2C400 2x, https:\/\/i0.wp.com\/casadecampoliving.com\/wp-content\/uploads\/2022\/10\/salon-de-la-fama-1.jpg?fit=1200%2C675&ssl=1&resize=1050%2C600 3x"},"classes":[]}],"jetpack_sharing_enabled":true,"_links":{"self":[{"href":"https:\/\/casadecampoliving.com\/es\/wp-json\/wp\/v2\/posts\/338290","targetHints":{"allow":["GET"]}}],"collection":[{"href":"https:\/\/casadecampoliving.com\/es\/wp-json\/wp\/v2\/posts"}],"about":[{"href":"https:\/\/casadecampoliving.com\/es\/wp-json\/wp\/v2\/types\/post"}],"author":[{"embeddable":true,"href":"https:\/\/casadecampoliving.com\/es\/wp-json\/wp\/v2\/users\/21"}],"replies":[{"embeddable":true,"href":"https:\/\/casadecampoliving.com\/es\/wp-json\/wp\/v2\/comments?post=338290"}],"version-history":[{"count":1,"href":"https:\/\/casadecampoliving.com\/es\/wp-json\/wp\/v2\/posts\/338290\/revisions"}],"predecessor-version":[{"id":338291,"href":"https:\/\/casadecampoliving.com\/es\/wp-json\/wp\/v2\/posts\/338290\/revisions\/338291"}],"wp:featuredmedia":[{"embeddable":true,"href":"https:\/\/casadecampoliving.com\/es\/wp-json\/wp\/v2\/media\/243715"}],"wp:attachment":[{"href":"https:\/\/casadecampoliving.com\/es\/wp-json\/wp\/v2\/media?parent=338290"}],"wp:term":[{"taxonomy":"category","embeddable":true,"href":"https:\/\/casadecampoliving.com\/es\/wp-json\/wp\/v2\/categories?post=338290"},{"taxonomy":"post_tag","embeddable":true,"href":"https:\/\/casadecampoliving.com\/es\/wp-json\/wp\/v2\/tags?post=338290"},{"taxonomy":"newspack_spnsrs_tax","embeddable":true,"href":"https:\/\/casadecampoliving.com\/es\/wp-json\/wp\/v2\/newspack_spnsrs_tax?post=338290"}],"curies":[{"name":"wp","href":"https:\/\/api.w.org\/{rel}","templated":true}]}}