{"id":338288,"date":"2012-02-06T00:00:00","date_gmt":"2012-02-06T04:00:00","guid":{"rendered":"https:\/\/casadecampoliving.com\/miss-republica-dominicana-dalia-fernandez-visito-y-compartio-compartio-una-tarde-inolvidable-con-las-alumnas-de-la-escuela-fundacion-mir\/"},"modified":"2022-10-21T18:41:00","modified_gmt":"2022-10-21T22:41:00","slug":"miss-republica-dominicana-dalia-fernandez-visito-y-compartio-compartio-una-tarde-inolvidable-con-las-alumnas-de-la-escuela-fundacion-mir","status":"publish","type":"post","link":"https:\/\/casadecampoliving.com\/es\/miss-republica-dominicana-dalia-fernandez-visito-y-compartio-compartio-una-tarde-inolvidable-con-las-alumnas-de-la-escuela-fundacion-mir\/","title":{"rendered":"Miss Rep\u00fablica Dominicana, Dalia Fern\u00e1ndez visit\u00f3 y comparti\u00f3 una tarde inolvidable con las alumnas de la Escuela Fundaci\u00f3n MIR!"},"content":{"rendered":"<div class=\"wp-block-image\">\n<figure class=\"aligncenter is-resized\"><img loading=\"lazy\" decoding=\"async\" src=\"https:\/\/i0.wp.com\/casadecampoliving.com\/wp-content\/uploads\/2022\/10\/Dalia_Fernandez_fundacion_MIR-2.jpg?resize=650%2C331&amp;ssl=1\" alt=\"dalia fernandez fundacion MIR\" class=\"wp-image-44346\" title=\"Dalia_Fernandez_fundacion_MIR\" height=\"331\" width=\"650\"\/><\/figure>\n<\/div>\n\n\n<p>En la tarde del pasado jueves 26 de enero, la actual Miss Rep\u00fablica Dalia Fern\u00e1ndez, invitada especial del <a href=\"https:\/\/casadecampoliving.com\/es\/2012\/02\/el-fashion-show-de-badgley-mischka-en-el-esplendor-magico-por-la-vida-de-la-fundacion-mir\/\">Fashion Show de Bagdley Miscka del Esplendor M\u00e1gico Por La Vida<\/a>, visit\u00f3 por primera vez la Escuela T\u00e9cnica Vocacional Fundaci\u00f3n MIR, momento que aprovech\u00f3 para conocer las instalaciones de la instituci\u00f3n y compartir con las alumnas de quinto a octavo grado! Fue a las 3 de la tarde cuando, directamente desde un compromiso en la ciudad de Santo Domingo y en compa\u00f1\u00eda de la reconocida top model dominicana, Jeimy Hern\u00e1ndez, la actual Miss Rep\u00fablica Dominicana, Dalia Fern\u00e1ndez, arrib\u00f3 a la Escuela T\u00e9cnica Vocacional Fundaci\u00f3n MIR en donde realizar\u00eda un tour por las distintas aulas y talleres del lugar.<\/p>\n\n\n\n<!--more-->\n\n\n<div class=\"wp-block-image\">\n<figure class=\"aligncenter is-resized\"><img loading=\"lazy\" decoding=\"async\" src=\"https:\/\/i0.wp.com\/casadecampoliving.com\/wp-content\/uploads\/2022\/10\/Dalia_Fernandez_fundacion_MIR1.jpg?resize=650%2C467&amp;ssl=1\" alt=\"dalia fernandez fundacion MIR\" class=\"wp-image-44350\" title=\"Dalia_Fernandez_fundacion_MIR\" height=\"467\" width=\"650\"\/><\/figure>\n<\/div>\n\n\n<p>En una fresca tarde y en medio del verdor de los jardines del lugar, se encontraba a una feliz Dalia, quien junto a sus gu\u00edas Dennis Sanchez, director de la escuela y Lyanne Azqueta, directora de la Fundaci\u00f3n MIR, se mostraba inquieta e interesada en conocer, adem\u00e1s de las facilidades, el programa educativo de las alumnas, su distribuci\u00f3n desempe\u00f1o acad\u00e9mico y habilidades.<\/p>\n\n\n<div class=\"wp-block-image\">\n<figure class=\"aligncenter is-resized\"><img loading=\"lazy\" decoding=\"async\" src=\"https:\/\/i0.wp.com\/casadecampoliving.com\/wp-content\/uploads\/2022\/10\/Dalia_Fernandez_fundacion_MIR6.jpg?resize=650%2C363&amp;ssl=1\" alt=\"dalia fernandez fundacion MIR\" class=\"wp-image-44359\" title=\"Dalia_Fernandez_fundacion_MIR\" height=\"363\" width=\"650\"\/><\/figure>\n<\/div>\n\n\n<p>El tour que disfrutaba con iPad en mano, con el fin de fotografiar las distintas \u00e1reas de Enfermer\u00eda, talleres de manualidades, entre otras disponibles en la escuela, culmin\u00f3 con su visita a las aulas de 5t0 a 8vo grado, en donde las alumnas de estos grados reciben clases hasta las 5pm.<\/p>\n\n\n\n<p>Recibida de pie y con un caluroso saludo de \u201cbuenas tardes\u201d, Dalia hizo su entrada en las distintas aulas. No s\u00f3lo escuch\u00f3 las lecciones que daban en las distintas aulas, tambi\u00e9n se fotografi\u00f3 con distintos grupos, ri\u00f3 con sus ocurrencias y contest\u00f3 a sus m\u00faltiples preguntas.<\/p>\n\n\n<div class=\"wp-block-image\">\n<figure class=\"aligncenter is-resized\"><img loading=\"lazy\" decoding=\"async\" src=\"https:\/\/i0.wp.com\/casadecampoliving.com\/wp-content\/uploads\/2022\/10\/Dalia_Fernandez_fundacion_MIR3.jpg?resize=650%2C448&amp;ssl=1\" alt=\"dalia fernandez fundacion MIR\" class=\"wp-image-44352\" title=\"Dalia_Fernandez_fundacion_MIR\" height=\"448\" width=\"650\"\/><\/figure>\n<\/div>\n\n<div class=\"wp-block-image\">\n<figure class=\"alignright is-resized\"><img loading=\"lazy\" decoding=\"async\" src=\"https:\/\/i0.wp.com\/casadecampoliving.com\/wp-content\/uploads\/2022\/10\/Dalia_Fernandez_fundacion_MIR2.jpg?resize=200%2C267&amp;ssl=1\" alt=\"dalia fernandez fundacion MIR\" class=\"wp-image-44351\" title=\"Dalia_Fernandez_fundacion_MIR\" height=\"267\" width=\"200\"\/><\/figure>\n<\/div>\n\n\n<p>Pero la parte m\u00e1s emocionante y jocosa de la visita fue cuando la directora de la Fundaci\u00f3n MIR, Lyanne Azqueta, pregunt\u00f3 a las ni\u00f1as si quer\u00edan un aut\u00f3grafo de Dalia\u2026 la respuesta fue instant\u00e1nea!!! Alrededor de 25 ni\u00f1as, con cuadernos en mano, se colocaron rapid\u00edsimo alrededor de Dalia para obtener un aut\u00f3grafo!<\/p>\n\n\n\n<p>La tarde transcurri\u00f3 en medio de sonrisas, risas, ocurrentes preguntas y conmovedores comentarios realizados por las ni\u00f1as. Y es que como espectadora y periodista, result\u00f3 bastante f\u00e1cil captar las distintas reacciones, tanto de Dalia, como de los profesores y ni\u00f1as. En medio del compartir, no puedo olvidar preguntas como; \u201ctienes facebook?\u201d, o comentarios como, &nbsp;\u201cDalia debi\u00f3 ganar la corona por ser tan buena\u201d, \u201cquiero ser como ella\u201d..<\/p>\n\n\n\n<p><strong><span style=\"text-decoration: underline;\">Celebraci\u00f3n del Natalicio de Juan Pablo Duarte<\/span><\/strong><\/p>\n\n\n\n<p><strong><\/strong>Durante su visita, Dalia Fern\u00e1ndez quiso ense\u00f1ar a las ni\u00f1as el valor de la perseverancia y la importancia de hacer obras por las dem\u00e1s personas. Como ejemplo y a prop\u00f3sito de su conmemoraci\u00f3n, asegura admirar a Juan Pablo Duarte, Padre de la Patria dominicana, por su valent\u00eda y amor hacia sus compatriotas.<\/p>\n\n\n\n<p>La joven modelo y representante del pa\u00eds opin\u00f3 que es un l\u00edder dominicano que hizo mucho por los dominicanos. \u201cNos hizo libres de toda potencia extranjera, una de las cosas que podemos disfrutar hoy, que seamos libres, que nos podamos expresar, que seamos un pa\u00eds democr\u00e1tico. Lo admiro, admiro su esfuerzo y sacrificio, \u00e9l luch\u00f3 con todo el mundo para que hoy podamos decir que somos libres\u201d, apunt\u00f3.<\/p>\n\n\n<div class=\"wp-block-image\">\n<figure class=\"aligncenter is-resized\"><img loading=\"lazy\" decoding=\"async\" src=\"https:\/\/i0.wp.com\/casadecampoliving.com\/wp-content\/uploads\/2022\/10\/Dalia_Fernandez_fundacion_MIR4.jpg?resize=650%2C410&amp;ssl=1\" alt=\"dalia fernandez fundacion MIR\" class=\"wp-image-44356\" title=\"Dalia_Fernandez_fundacion_MIR\" height=\"410\" width=\"650\"\/><\/figure>\n<\/div>\n\n\n<blockquote><figure><img decoding=\"async\" loading=\"lazy\" class=\"alignright size-full wp-image-44349\" style=\"margin-left: 15px; margin-right: 15px;\" title=\"Dalia_Fernandez\" src=\"https:\/\/i0.wp.com\/casadecampoliving.com\/wp-content\/uploads\/2022\/10\/Dalia_Fernandez.jpg?resize=200%2C403&amp;ssl=1\" alt=\"\" width=\"200\" height=\"403\"><\/figure><p><strong>Sobre Dalia Fern\u00e1ndez<\/strong><br>\n<\/p><p>Nacida en la ciudad de Santiago, a la edad de 22 a\u00f1os gana la corona del certamen de Miss Rep\u00fablica Dominicana. A pesar de no resultar ganadora de Miss Universo, Dalia Fern\u00e1ndez obtuvo una propuesta como modelo para grabar el video \u201cBaila, Baila\u201d&nbsp;de los cubanos&nbsp;Jencarlos Canela y&nbsp;Pitbull junto al dominicano&nbsp;El Cata, video que fue lanzado en octubre de 2011 en el programa \u201cAl Rojo Vivo\u201d de Telemundo.<\/p><p>En la actualidad la joven modelo se encuentra cursando la carrera de Psicolog\u00eda. En cuanto a su firme creencia, opina:<\/p><p>\u201cUno tiene que perseverar por lo que quiere, yo persevere por eso y soy embajadora de mi pa\u00eds, ya casi entregando la corona\u201d. \u2014&nbsp;Dalia Fern\u00e1ndez<\/p><\/blockquote>\n\n\n\n<blockquote><figure><img decoding=\"async\" loading=\"lazy\" class=\"alignright\" title=\"fundacion_MIR\" src=\"https:\/\/i0.wp.com\/casadecampoliving.com\/wp-content\/uploads\/2022\/10\/fundacion_MIR.jpg?resize=144%2C138&amp;ssl=1\" alt=\"\" width=\"144\" height=\"138\"><\/figure><p><strong>La Fundaci\u00f3n&nbsp;MIR<\/strong><\/p><p>La Fundaci\u00f3n MIR lleva m\u00e1s de 20 a\u00f1os contribuyendo con el bienestar social de los sectores despose\u00eddos en La Romana y comunidades cercanas. Ha creado, dise\u00f1ado y mantiene varios proyectos sociales, entre ellos, la Primaria MIR donde se recibe a ni\u00f1os y ni\u00f1as peque\u00f1os a partir de los 5 a\u00f1os de edad; el Polit\u00e9cnico Fundaci\u00f3n MIR, que proporciona educaci\u00f3n desde el 5to grado hasta el 12vo grado, adem\u00e1s de ofrecer carreras t\u00e9cnicas en distintas \u00e1reas; el Polit\u00e9cnico MIR Esperanza, con programas de educaci\u00f3n integral para j\u00f3venes.<\/p><p>Para m\u00e1s informaci\u00f3n o para hacer un donaci\u00f3n visite su sitio de web:&nbsp;<a href=\"http:\/\/www.mirinternational.org\/\">www.<strong>mir<\/strong>international.org<br>\n<\/a>Contacto: 809-523-8270 o 561-366-5095<\/p><\/blockquote>\n","protected":false},"excerpt":{"rendered":"<p>En la tarde del pasado jueves 26 de enero, la actual Miss Rep\u00fablica Dalia Fern\u00e1ndez, invitada especial del Fashion Show de Bagdley Miscka del Esplendor M\u00e1gico Por La Vida, visit\u00f3 por primera vez la Escuela T\u00e9cnica Vocacional Fundaci\u00f3n MIR, momento que aprovech\u00f3 para conocer las instalaciones de la instituci\u00f3n y compartir con las alumnas de [&hellip;]<\/p>\n","protected":false},"author":21,"featured_media":250828,"comment_status":"closed","ping_status":"closed","sticky":false,"template":"","format":"standard","meta":{"newspack_ads_suppress_ads":false,"newspack_popups_has_disabled_popups":false,"newspack_sponsor_sponsorship_scope":"","newspack_sponsor_native_byline_display":"inherit","newspack_sponsor_native_category_display":"inherit","newspack_sponsor_underwriter_style":"inherit","newspack_sponsor_underwriter_placement":"inherit","_newspack_byline_active":false,"_newspack_byline":"","newspack_hide_updated_date":false,"newspack_show_updated_date":false,"newspack_content_restriction_is_exempt":false,"newspack_featured_image_position":"","newspack_post_subtitle":"","newspack_article_summary_title":"Overview:","newspack_article_summary":"","_jetpack_memberships_contains_paid_content":false,"footnotes":"","jetpack_publicize_message":"","jetpack_publicize_feature_enabled":true,"jetpack_social_post_already_shared":false,"jetpack_social_options":{"image_generator_settings":{"template":"highway","default_image_id":0,"font":"","enabled":false},"version":2},"_wpas_customize_per_network":false},"categories":[26823,2524,14631,2522,2515,2514,2523,14625,14627,2526],"tags":[3634,24715],"newspack_spnsrs_tax":[],"class_list":["post-338288","post","type-post","status-publish","format-standard","has-post-thumbnail","hentry","category-arte-y-cultura","category-destacados","category-estilo-de-vida","category-eventos-es","category-fundacion-mir-es","category-fundaciones-es","category-moda-es","category-noticias-locales","category-proximamente","category-titulares-es","tag-dalia-fernandez","tag-fundacion-mir-es","entry"],"yoast_head":"<!-- This site is optimized with the Yoast SEO plugin v27.5 - https:\/\/yoast.com\/product\/yoast-seo-wordpress\/ -->\n<title>Miss Rep\u00fablica Dominicana, Dalia Fern\u00e1ndez visit\u00f3 y comparti\u00f3 una tarde inolvidable con las alumnas de la Escuela Fundaci\u00f3n MIR! | Casa de Campo Living<\/title>\n<meta name=\"description\" content=\"En la tarde del pasado jueves 26 de enero, la actual Miss Rep\u00fablica Dalia Fern\u00e1ndez, invitada especial del Fashion Show de Bagdley Miscka del Esplendor\" \/>\n<meta name=\"robots\" content=\"index, follow, max-snippet:-1, max-image-preview:large, max-video-preview:-1\" \/>\n<link rel=\"canonical\" href=\"https:\/\/casadecampoliving.com\/es\/miss-republica-dominicana-dalia-fernandez-visito-y-compartio-compartio-una-tarde-inolvidable-con-las-alumnas-de-la-escuela-fundacion-mir\/\" \/>\n<meta property=\"og:locale\" content=\"es_ES\" \/>\n<meta property=\"og:type\" content=\"article\" \/>\n<meta property=\"og:title\" content=\"Miss Rep\u00fablica Dominicana, Dalia Fern\u00e1ndez visit\u00f3 y comparti\u00f3 una tarde inolvidable con las alumnas de la Escuela Fundaci\u00f3n MIR! | Casa de Campo Living\" \/>\n<meta property=\"og:description\" content=\"En la tarde del pasado jueves 26 de enero, la actual Miss Rep\u00fablica Dalia Fern\u00e1ndez, invitada especial del Fashion Show de Bagdley Miscka del Esplendor\" \/>\n<meta property=\"og:url\" content=\"https:\/\/casadecampoliving.com\/es\/miss-republica-dominicana-dalia-fernandez-visito-y-compartio-compartio-una-tarde-inolvidable-con-las-alumnas-de-la-escuela-fundacion-mir\/\" \/>\n<meta property=\"og:site_name\" content=\"Casa de Campo Living\" \/>\n<meta property=\"article:publisher\" content=\"https:\/\/www.facebook.com\/casadecampoliving\" \/>\n<meta property=\"article:published_time\" content=\"2012-02-06T04:00:00+00:00\" \/>\n<meta property=\"article:modified_time\" content=\"2022-10-21T22:41:00+00:00\" \/>\n<meta property=\"og:image\" content=\"https:\/\/i0.wp.com\/casadecampoliving.com\/wp-content\/uploads\/2022\/10\/Dalia_Fernandez_fundacion_MIR-3.jpg?fit=650%2C331&ssl=1\" \/>\n\t<meta property=\"og:image:width\" content=\"650\" \/>\n\t<meta property=\"og:image:height\" content=\"331\" \/>\n\t<meta property=\"og:image:type\" content=\"image\/jpeg\" \/>\n<meta name=\"twitter:card\" content=\"summary_large_image\" \/>\n<meta name=\"twitter:creator\" content=\"@cdcliving\" \/>\n<meta name=\"twitter:site\" content=\"@cdcliving\" \/>\n<meta name=\"twitter:label1\" content=\"Escrito por\" \/>\n\t<meta name=\"twitter:data1\" content=\"\" \/>\n\t<meta name=\"twitter:label2\" content=\"Tiempo de lectura\" \/>\n\t<meta name=\"twitter:data2\" content=\"4 minutos\" \/>\n<script type=\"application\/ld+json\" class=\"yoast-schema-graph\">{\"@context\":\"https:\\\/\\\/schema.org\",\"@graph\":[{\"@type\":\"Article\",\"@id\":\"https:\\\/\\\/casadecampoliving.com\\\/es\\\/miss-republica-dominicana-dalia-fernandez-visito-y-compartio-compartio-una-tarde-inolvidable-con-las-alumnas-de-la-escuela-fundacion-mir\\\/#article\",\"isPartOf\":{\"@id\":\"https:\\\/\\\/casadecampoliving.com\\\/es\\\/miss-republica-dominicana-dalia-fernandez-visito-y-compartio-compartio-una-tarde-inolvidable-con-las-alumnas-de-la-escuela-fundacion-mir\\\/\"},\"author\":{\"name\":\"\",\"@id\":\"https:\\\/\\\/casadecampoliving.com\\\/es\\\/#\\\/schema\\\/person\\\/7e3b975d584a5f6ac0fd7128a81b0bc5\"},\"headline\":\"Miss Rep\u00fablica Dominicana, Dalia Fern\u00e1ndez visit\u00f3 y comparti\u00f3 una tarde inolvidable con las alumnas de la Escuela Fundaci\u00f3n MIR!\",\"datePublished\":\"2012-02-06T04:00:00+00:00\",\"dateModified\":\"2022-10-21T22:41:00+00:00\",\"mainEntityOfPage\":{\"@id\":\"https:\\\/\\\/casadecampoliving.com\\\/es\\\/miss-republica-dominicana-dalia-fernandez-visito-y-compartio-compartio-una-tarde-inolvidable-con-las-alumnas-de-la-escuela-fundacion-mir\\\/\"},\"wordCount\":849,\"publisher\":{\"@id\":\"https:\\\/\\\/casadecampoliving.com\\\/es\\\/#organization\"},\"image\":{\"@id\":\"https:\\\/\\\/casadecampoliving.com\\\/es\\\/miss-republica-dominicana-dalia-fernandez-visito-y-compartio-compartio-una-tarde-inolvidable-con-las-alumnas-de-la-escuela-fundacion-mir\\\/#primaryimage\"},\"thumbnailUrl\":\"https:\\\/\\\/i0.wp.com\\\/casadecampoliving.com\\\/wp-content\\\/uploads\\\/2022\\\/10\\\/Dalia_Fernandez_fundacion_MIR-3.jpg?fit=650%2C331&ssl=1\",\"keywords\":[\"Dalia Fernandez\",\"Fundacion MIR\"],\"articleSection\":[\"Arte y cultura\",\"Destacados\",\"Estilo de Vida\",\"Eventos\",\"Fundaci\u00f3n MIR @es\",\"Fundaciones\",\"Moda\",\"Noticias Locales\",\"Proximamente\",\"Titulares\"],\"inLanguage\":\"es\"},{\"@type\":\"WebPage\",\"@id\":\"https:\\\/\\\/casadecampoliving.com\\\/es\\\/miss-republica-dominicana-dalia-fernandez-visito-y-compartio-compartio-una-tarde-inolvidable-con-las-alumnas-de-la-escuela-fundacion-mir\\\/\",\"url\":\"https:\\\/\\\/casadecampoliving.com\\\/es\\\/miss-republica-dominicana-dalia-fernandez-visito-y-compartio-compartio-una-tarde-inolvidable-con-las-alumnas-de-la-escuela-fundacion-mir\\\/\",\"name\":\"Miss Rep\u00fablica Dominicana, Dalia Fern\u00e1ndez visit\u00f3 y comparti\u00f3 una tarde inolvidable con las alumnas de la Escuela Fundaci\u00f3n MIR! | Casa de Campo Living\",\"isPartOf\":{\"@id\":\"https:\\\/\\\/casadecampoliving.com\\\/es\\\/#website\"},\"primaryImageOfPage\":{\"@id\":\"https:\\\/\\\/casadecampoliving.com\\\/es\\\/miss-republica-dominicana-dalia-fernandez-visito-y-compartio-compartio-una-tarde-inolvidable-con-las-alumnas-de-la-escuela-fundacion-mir\\\/#primaryimage\"},\"image\":{\"@id\":\"https:\\\/\\\/casadecampoliving.com\\\/es\\\/miss-republica-dominicana-dalia-fernandez-visito-y-compartio-compartio-una-tarde-inolvidable-con-las-alumnas-de-la-escuela-fundacion-mir\\\/#primaryimage\"},\"thumbnailUrl\":\"https:\\\/\\\/i0.wp.com\\\/casadecampoliving.com\\\/wp-content\\\/uploads\\\/2022\\\/10\\\/Dalia_Fernandez_fundacion_MIR-3.jpg?fit=650%2C331&ssl=1\",\"datePublished\":\"2012-02-06T04:00:00+00:00\",\"dateModified\":\"2022-10-21T22:41:00+00:00\",\"description\":\"En la tarde del pasado jueves 26 de enero, la actual Miss Rep\u00fablica Dalia Fern\u00e1ndez, invitada especial del Fashion Show de Bagdley Miscka del Esplendor\",\"breadcrumb\":{\"@id\":\"https:\\\/\\\/casadecampoliving.com\\\/es\\\/miss-republica-dominicana-dalia-fernandez-visito-y-compartio-compartio-una-tarde-inolvidable-con-las-alumnas-de-la-escuela-fundacion-mir\\\/#breadcrumb\"},\"inLanguage\":\"es\",\"potentialAction\":[{\"@type\":\"ReadAction\",\"target\":[\"https:\\\/\\\/casadecampoliving.com\\\/es\\\/miss-republica-dominicana-dalia-fernandez-visito-y-compartio-compartio-una-tarde-inolvidable-con-las-alumnas-de-la-escuela-fundacion-mir\\\/\"]}]},{\"@type\":\"ImageObject\",\"inLanguage\":\"es\",\"@id\":\"https:\\\/\\\/casadecampoliving.com\\\/es\\\/miss-republica-dominicana-dalia-fernandez-visito-y-compartio-compartio-una-tarde-inolvidable-con-las-alumnas-de-la-escuela-fundacion-mir\\\/#primaryimage\",\"url\":\"https:\\\/\\\/i0.wp.com\\\/casadecampoliving.com\\\/wp-content\\\/uploads\\\/2022\\\/10\\\/Dalia_Fernandez_fundacion_MIR-3.jpg?fit=650%2C331&ssl=1\",\"contentUrl\":\"https:\\\/\\\/i0.wp.com\\\/casadecampoliving.com\\\/wp-content\\\/uploads\\\/2022\\\/10\\\/Dalia_Fernandez_fundacion_MIR-3.jpg?fit=650%2C331&ssl=1\",\"width\":650,\"height\":331,\"caption\":\"dalia fernandez fundacion MIR\"},{\"@type\":\"BreadcrumbList\",\"@id\":\"https:\\\/\\\/casadecampoliving.com\\\/es\\\/miss-republica-dominicana-dalia-fernandez-visito-y-compartio-compartio-una-tarde-inolvidable-con-las-alumnas-de-la-escuela-fundacion-mir\\\/#breadcrumb\",\"itemListElement\":[{\"@type\":\"ListItem\",\"position\":1,\"name\":\"Home\",\"item\":\"https:\\\/\\\/casadecampoliving.com\\\/es\\\/\"},{\"@type\":\"ListItem\",\"position\":2,\"name\":\"Miss Rep\u00fablica Dominicana, Dalia Fern\u00e1ndez visit\u00f3 y comparti\u00f3 una tarde inolvidable con las alumnas de la Escuela Fundaci\u00f3n MIR!\"}]},{\"@type\":\"WebSite\",\"@id\":\"https:\\\/\\\/casadecampoliving.com\\\/es\\\/#website\",\"url\":\"https:\\\/\\\/casadecampoliving.com\\\/es\\\/\",\"name\":\"Casa de Campo Living\",\"description\":\"Resort community news and resources.\",\"publisher\":{\"@id\":\"https:\\\/\\\/casadecampoliving.com\\\/es\\\/#organization\"},\"potentialAction\":[{\"@type\":\"SearchAction\",\"target\":{\"@type\":\"EntryPoint\",\"urlTemplate\":\"https:\\\/\\\/casadecampoliving.com\\\/es\\\/?s={search_term_string}\"},\"query-input\":{\"@type\":\"PropertyValueSpecification\",\"valueRequired\":true,\"valueName\":\"search_term_string\"}}],\"inLanguage\":\"es\"},{\"@type\":\"Organization\",\"@id\":\"https:\\\/\\\/casadecampoliving.com\\\/es\\\/#organization\",\"name\":\"Casa de Campo Living\",\"url\":\"https:\\\/\\\/casadecampoliving.com\\\/es\\\/\",\"logo\":{\"@type\":\"ImageObject\",\"inLanguage\":\"es\",\"@id\":\"https:\\\/\\\/casadecampoliving.com\\\/es\\\/#\\\/schema\\\/logo\\\/image\\\/\",\"url\":\"https:\\\/\\\/i0.wp.com\\\/casadecampoliving.com\\\/wp-content\\\/uploads\\\/2022\\\/07\\\/CDCLivingLogo_V1-white-sized.png?fit=800%2C214&ssl=1\",\"contentUrl\":\"https:\\\/\\\/i0.wp.com\\\/casadecampoliving.com\\\/wp-content\\\/uploads\\\/2022\\\/07\\\/CDCLivingLogo_V1-white-sized.png?fit=800%2C214&ssl=1\",\"width\":800,\"height\":214,\"caption\":\"Casa de Campo Living\"},\"image\":{\"@id\":\"https:\\\/\\\/casadecampoliving.com\\\/es\\\/#\\\/schema\\\/logo\\\/image\\\/\"},\"sameAs\":[\"https:\\\/\\\/www.facebook.com\\\/casadecampoliving\",\"https:\\\/\\\/x.com\\\/cdcliving\"]},{\"@type\":\"Person\",\"@id\":\"https:\\\/\\\/casadecampoliving.com\\\/es\\\/#\\\/schema\\\/person\\\/7e3b975d584a5f6ac0fd7128a81b0bc5\",\"name\":\"\",\"image\":{\"@type\":\"ImageObject\",\"inLanguage\":\"es\",\"@id\":\"https:\\\/\\\/secure.gravatar.com\\\/avatar\\\/?s=96&d=mm&r=g\",\"url\":\"https:\\\/\\\/secure.gravatar.com\\\/avatar\\\/?s=96&d=mm&r=g\",\"contentUrl\":\"https:\\\/\\\/secure.gravatar.com\\\/avatar\\\/?s=96&d=mm&r=g\"},\"url\":\"https:\\\/\\\/casadecampoliving.com\\\/es\\\/author\\\/ \\\/\"}]}<\/script>\n<!-- \/ Yoast SEO plugin. -->","yoast_head_json":{"title":"Miss Rep\u00fablica Dominicana, Dalia Fern\u00e1ndez visit\u00f3 y comparti\u00f3 una tarde inolvidable con las alumnas de la Escuela Fundaci\u00f3n MIR! | Casa de Campo Living","description":"En la tarde del pasado jueves 26 de enero, la actual Miss Rep\u00fablica Dalia Fern\u00e1ndez, invitada especial del Fashion Show de Bagdley Miscka del Esplendor","robots":{"index":"index","follow":"follow","max-snippet":"max-snippet:-1","max-image-preview":"max-image-preview:large","max-video-preview":"max-video-preview:-1"},"canonical":"https:\/\/casadecampoliving.com\/es\/miss-republica-dominicana-dalia-fernandez-visito-y-compartio-compartio-una-tarde-inolvidable-con-las-alumnas-de-la-escuela-fundacion-mir\/","og_locale":"es_ES","og_type":"article","og_title":"Miss Rep\u00fablica Dominicana, Dalia Fern\u00e1ndez visit\u00f3 y comparti\u00f3 una tarde inolvidable con las alumnas de la Escuela Fundaci\u00f3n MIR! | Casa de Campo Living","og_description":"En la tarde del pasado jueves 26 de enero, la actual Miss Rep\u00fablica Dalia Fern\u00e1ndez, invitada especial del Fashion Show de Bagdley Miscka del Esplendor","og_url":"https:\/\/casadecampoliving.com\/es\/miss-republica-dominicana-dalia-fernandez-visito-y-compartio-compartio-una-tarde-inolvidable-con-las-alumnas-de-la-escuela-fundacion-mir\/","og_site_name":"Casa de Campo Living","article_publisher":"https:\/\/www.facebook.com\/casadecampoliving","article_published_time":"2012-02-06T04:00:00+00:00","article_modified_time":"2022-10-21T22:41:00+00:00","og_image":[{"width":650,"height":331,"url":"https:\/\/i0.wp.com\/casadecampoliving.com\/wp-content\/uploads\/2022\/10\/Dalia_Fernandez_fundacion_MIR-3.jpg?fit=650%2C331&ssl=1","type":"image\/jpeg"}],"twitter_card":"summary_large_image","twitter_creator":"@cdcliving","twitter_site":"@cdcliving","twitter_misc":{"Escrito por":"","Tiempo de lectura":"4 minutos"},"schema":{"@context":"https:\/\/schema.org","@graph":[{"@type":"Article","@id":"https:\/\/casadecampoliving.com\/es\/miss-republica-dominicana-dalia-fernandez-visito-y-compartio-compartio-una-tarde-inolvidable-con-las-alumnas-de-la-escuela-fundacion-mir\/#article","isPartOf":{"@id":"https:\/\/casadecampoliving.com\/es\/miss-republica-dominicana-dalia-fernandez-visito-y-compartio-compartio-una-tarde-inolvidable-con-las-alumnas-de-la-escuela-fundacion-mir\/"},"author":{"name":"","@id":"https:\/\/casadecampoliving.com\/es\/#\/schema\/person\/7e3b975d584a5f6ac0fd7128a81b0bc5"},"headline":"Miss Rep\u00fablica Dominicana, Dalia Fern\u00e1ndez visit\u00f3 y comparti\u00f3 una tarde inolvidable con las alumnas de la Escuela Fundaci\u00f3n MIR!","datePublished":"2012-02-06T04:00:00+00:00","dateModified":"2022-10-21T22:41:00+00:00","mainEntityOfPage":{"@id":"https:\/\/casadecampoliving.com\/es\/miss-republica-dominicana-dalia-fernandez-visito-y-compartio-compartio-una-tarde-inolvidable-con-las-alumnas-de-la-escuela-fundacion-mir\/"},"wordCount":849,"publisher":{"@id":"https:\/\/casadecampoliving.com\/es\/#organization"},"image":{"@id":"https:\/\/casadecampoliving.com\/es\/miss-republica-dominicana-dalia-fernandez-visito-y-compartio-compartio-una-tarde-inolvidable-con-las-alumnas-de-la-escuela-fundacion-mir\/#primaryimage"},"thumbnailUrl":"https:\/\/i0.wp.com\/casadecampoliving.com\/wp-content\/uploads\/2022\/10\/Dalia_Fernandez_fundacion_MIR-3.jpg?fit=650%2C331&ssl=1","keywords":["Dalia Fernandez","Fundacion MIR"],"articleSection":["Arte y cultura","Destacados","Estilo de Vida","Eventos","Fundaci\u00f3n MIR @es","Fundaciones","Moda","Noticias Locales","Proximamente","Titulares"],"inLanguage":"es"},{"@type":"WebPage","@id":"https:\/\/casadecampoliving.com\/es\/miss-republica-dominicana-dalia-fernandez-visito-y-compartio-compartio-una-tarde-inolvidable-con-las-alumnas-de-la-escuela-fundacion-mir\/","url":"https:\/\/casadecampoliving.com\/es\/miss-republica-dominicana-dalia-fernandez-visito-y-compartio-compartio-una-tarde-inolvidable-con-las-alumnas-de-la-escuela-fundacion-mir\/","name":"Miss Rep\u00fablica Dominicana, Dalia Fern\u00e1ndez visit\u00f3 y comparti\u00f3 una tarde inolvidable con las alumnas de la Escuela Fundaci\u00f3n MIR! | Casa de Campo Living","isPartOf":{"@id":"https:\/\/casadecampoliving.com\/es\/#website"},"primaryImageOfPage":{"@id":"https:\/\/casadecampoliving.com\/es\/miss-republica-dominicana-dalia-fernandez-visito-y-compartio-compartio-una-tarde-inolvidable-con-las-alumnas-de-la-escuela-fundacion-mir\/#primaryimage"},"image":{"@id":"https:\/\/casadecampoliving.com\/es\/miss-republica-dominicana-dalia-fernandez-visito-y-compartio-compartio-una-tarde-inolvidable-con-las-alumnas-de-la-escuela-fundacion-mir\/#primaryimage"},"thumbnailUrl":"https:\/\/i0.wp.com\/casadecampoliving.com\/wp-content\/uploads\/2022\/10\/Dalia_Fernandez_fundacion_MIR-3.jpg?fit=650%2C331&ssl=1","datePublished":"2012-02-06T04:00:00+00:00","dateModified":"2022-10-21T22:41:00+00:00","description":"En la tarde del pasado jueves 26 de enero, la actual Miss Rep\u00fablica Dalia Fern\u00e1ndez, invitada especial del Fashion Show de Bagdley Miscka del Esplendor","breadcrumb":{"@id":"https:\/\/casadecampoliving.com\/es\/miss-republica-dominicana-dalia-fernandez-visito-y-compartio-compartio-una-tarde-inolvidable-con-las-alumnas-de-la-escuela-fundacion-mir\/#breadcrumb"},"inLanguage":"es","potentialAction":[{"@type":"ReadAction","target":["https:\/\/casadecampoliving.com\/es\/miss-republica-dominicana-dalia-fernandez-visito-y-compartio-compartio-una-tarde-inolvidable-con-las-alumnas-de-la-escuela-fundacion-mir\/"]}]},{"@type":"ImageObject","inLanguage":"es","@id":"https:\/\/casadecampoliving.com\/es\/miss-republica-dominicana-dalia-fernandez-visito-y-compartio-compartio-una-tarde-inolvidable-con-las-alumnas-de-la-escuela-fundacion-mir\/#primaryimage","url":"https:\/\/i0.wp.com\/casadecampoliving.com\/wp-content\/uploads\/2022\/10\/Dalia_Fernandez_fundacion_MIR-3.jpg?fit=650%2C331&ssl=1","contentUrl":"https:\/\/i0.wp.com\/casadecampoliving.com\/wp-content\/uploads\/2022\/10\/Dalia_Fernandez_fundacion_MIR-3.jpg?fit=650%2C331&ssl=1","width":650,"height":331,"caption":"dalia fernandez fundacion MIR"},{"@type":"BreadcrumbList","@id":"https:\/\/casadecampoliving.com\/es\/miss-republica-dominicana-dalia-fernandez-visito-y-compartio-compartio-una-tarde-inolvidable-con-las-alumnas-de-la-escuela-fundacion-mir\/#breadcrumb","itemListElement":[{"@type":"ListItem","position":1,"name":"Home","item":"https:\/\/casadecampoliving.com\/es\/"},{"@type":"ListItem","position":2,"name":"Miss Rep\u00fablica Dominicana, Dalia Fern\u00e1ndez visit\u00f3 y comparti\u00f3 una tarde inolvidable con las alumnas de la Escuela Fundaci\u00f3n MIR!"}]},{"@type":"WebSite","@id":"https:\/\/casadecampoliving.com\/es\/#website","url":"https:\/\/casadecampoliving.com\/es\/","name":"Casa de Campo Living","description":"Resort community news and resources.","publisher":{"@id":"https:\/\/casadecampoliving.com\/es\/#organization"},"potentialAction":[{"@type":"SearchAction","target":{"@type":"EntryPoint","urlTemplate":"https:\/\/casadecampoliving.com\/es\/?s={search_term_string}"},"query-input":{"@type":"PropertyValueSpecification","valueRequired":true,"valueName":"search_term_string"}}],"inLanguage":"es"},{"@type":"Organization","@id":"https:\/\/casadecampoliving.com\/es\/#organization","name":"Casa de Campo Living","url":"https:\/\/casadecampoliving.com\/es\/","logo":{"@type":"ImageObject","inLanguage":"es","@id":"https:\/\/casadecampoliving.com\/es\/#\/schema\/logo\/image\/","url":"https:\/\/i0.wp.com\/casadecampoliving.com\/wp-content\/uploads\/2022\/07\/CDCLivingLogo_V1-white-sized.png?fit=800%2C214&ssl=1","contentUrl":"https:\/\/i0.wp.com\/casadecampoliving.com\/wp-content\/uploads\/2022\/07\/CDCLivingLogo_V1-white-sized.png?fit=800%2C214&ssl=1","width":800,"height":214,"caption":"Casa de Campo Living"},"image":{"@id":"https:\/\/casadecampoliving.com\/es\/#\/schema\/logo\/image\/"},"sameAs":["https:\/\/www.facebook.com\/casadecampoliving","https:\/\/x.com\/cdcliving"]},{"@type":"Person","@id":"https:\/\/casadecampoliving.com\/es\/#\/schema\/person\/7e3b975d584a5f6ac0fd7128a81b0bc5","name":"","image":{"@type":"ImageObject","inLanguage":"es","@id":"https:\/\/secure.gravatar.com\/avatar\/?s=96&d=mm&r=g","url":"https:\/\/secure.gravatar.com\/avatar\/?s=96&d=mm&r=g","contentUrl":"https:\/\/secure.gravatar.com\/avatar\/?s=96&d=mm&r=g"},"url":"https:\/\/casadecampoliving.com\/es\/author\/ \/"}]}},"parsely":{"version":"1.1.0","canonical_url":"https:\/\/casadecampoliving.com\/es\/miss-republica-dominicana-dalia-fernandez-visito-y-compartio-compartio-una-tarde-inolvidable-con-las-alumnas-de-la-escuela-fundacion-mir\/","smart_links":{"inbound":0,"outbound":0},"traffic_boost_suggestions_count":0,"meta":{"@context":"https:\/\/schema.org","@type":"NewsArticle","headline":"Miss Rep\u00fablica Dominicana, Dalia Fern\u00e1ndez visit\u00f3 y comparti\u00f3 una tarde inolvidable con las alumnas de la Escuela Fundaci\u00f3n MIR!","url":"http:\/\/casadecampoliving.com\/es\/miss-republica-dominicana-dalia-fernandez-visito-y-compartio-compartio-una-tarde-inolvidable-con-las-alumnas-de-la-escuela-fundacion-mir\/","mainEntityOfPage":{"@type":"WebPage","@id":"http:\/\/casadecampoliving.com\/es\/miss-republica-dominicana-dalia-fernandez-visito-y-compartio-compartio-una-tarde-inolvidable-con-las-alumnas-de-la-escuela-fundacion-mir\/"},"thumbnailUrl":"https:\/\/i0.wp.com\/casadecampoliving.com\/wp-content\/uploads\/2022\/10\/Dalia_Fernandez_fundacion_MIR-3.jpg?resize=150%2C150&ssl=1","image":{"@type":"ImageObject","url":"https:\/\/i0.wp.com\/casadecampoliving.com\/wp-content\/uploads\/2022\/10\/Dalia_Fernandez_fundacion_MIR-3.jpg?fit=650%2C331&ssl=1"},"articleSection":"Arte y cultura","author":[{"@type":"Person","name":"FB_515917546"}],"creator":["FB_515917546"],"publisher":{"@type":"Organization","name":"Casa de Campo Living","logo":"https:\/\/casadecampoliving.com\/wp-content\/uploads\/2022\/07\/CDCLivingLogo_V1-white-sized.png"},"keywords":["dalia fernandez","fundacion mir"],"dateCreated":"2012-02-06T04:00:00Z","datePublished":"2012-02-06T04:00:00Z","dateModified":"2022-10-21T22:41:00Z"},"rendered":"<script type=\"application\/ld+json\" class=\"wp-parsely-metadata\">{\"@context\":\"https:\\\/\\\/schema.org\",\"@type\":\"NewsArticle\",\"headline\":\"Miss Rep\\u00fablica Dominicana, Dalia Fern\\u00e1ndez visit\\u00f3 y comparti\\u00f3 una tarde inolvidable con las alumnas de la Escuela Fundaci\\u00f3n MIR!\",\"url\":\"http:\\\/\\\/casadecampoliving.com\\\/es\\\/miss-republica-dominicana-dalia-fernandez-visito-y-compartio-compartio-una-tarde-inolvidable-con-las-alumnas-de-la-escuela-fundacion-mir\\\/\",\"mainEntityOfPage\":{\"@type\":\"WebPage\",\"@id\":\"http:\\\/\\\/casadecampoliving.com\\\/es\\\/miss-republica-dominicana-dalia-fernandez-visito-y-compartio-compartio-una-tarde-inolvidable-con-las-alumnas-de-la-escuela-fundacion-mir\\\/\"},\"thumbnailUrl\":\"https:\\\/\\\/i0.wp.com\\\/casadecampoliving.com\\\/wp-content\\\/uploads\\\/2022\\\/10\\\/Dalia_Fernandez_fundacion_MIR-3.jpg?resize=150%2C150&ssl=1\",\"image\":{\"@type\":\"ImageObject\",\"url\":\"https:\\\/\\\/i0.wp.com\\\/casadecampoliving.com\\\/wp-content\\\/uploads\\\/2022\\\/10\\\/Dalia_Fernandez_fundacion_MIR-3.jpg?fit=650%2C331&ssl=1\"},\"articleSection\":\"Arte y cultura\",\"author\":[{\"@type\":\"Person\",\"name\":\"FB_515917546\"}],\"creator\":[\"FB_515917546\"],\"publisher\":{\"@type\":\"Organization\",\"name\":\"Casa de Campo Living\",\"logo\":\"https:\\\/\\\/casadecampoliving.com\\\/wp-content\\\/uploads\\\/2022\\\/07\\\/CDCLivingLogo_V1-white-sized.png\"},\"keywords\":[\"dalia fernandez\",\"fundacion mir\"],\"dateCreated\":\"2012-02-06T04:00:00Z\",\"datePublished\":\"2012-02-06T04:00:00Z\",\"dateModified\":\"2022-10-21T22:41:00Z\"}<\/script>","tracker_url":"https:\/\/cdn.parsely.com\/keys\/casadecampoliving.com\/p.js"},"jetpack_publicize_connections":[],"jetpack_featured_media_url":"https:\/\/i0.wp.com\/casadecampoliving.com\/wp-content\/uploads\/2022\/10\/Dalia_Fernandez_fundacion_MIR-3.jpg?fit=650%2C331&ssl=1","jetpack-related-posts":[{"id":338296,"url":"https:\/\/casadecampoliving.com\/es\/entrevista-con-miss-republica-dominicana-dalia-fernandez-durante-su-visita-a-fundacion-mir-y-casa-de-campo\/","url_meta":{"origin":338288,"position":0},"title":"Entrevista con Miss Rep\u00fablica Dominicana, Dalia Fern\u00e1ndez, durante su visita a Fundaci\u00f3n MIR y Casa de Campo!","author":"Rebecca Silvestri","date":"9 Mar, 2012","format":false,"excerpt":"Dalia Fernandez, la actual Miss Rep\u00fablica Dominicana, quien se ha visto, en los \u00faltimos meses, involucrada en numerosos eventos ben\u00e9ficos en Casa de Campo y en \u00e1reas de La Romana \u2013 de nuevo estuvo en Casa de Campo como invitada especial del Esplendor M\u00e1gico Por La Vida de MIR (realizado\u2026","rel":"","context":"En \u00abCelebridades\u00bb","block_context":{"text":"Celebridades","link":"https:\/\/casadecampoliving.com\/es\/category\/celebridades-es\/"},"img":{"alt_text":"miss dominican republic dalia fernandez","src":"https:\/\/i0.wp.com\/casadecampoliving.com\/wp-content\/uploads\/2022\/10\/miss_dominican_republic_dalia_fernandez-2.jpg?fit=650%2C484&ssl=1&resize=350%2C200","width":350,"height":200,"srcset":"https:\/\/i0.wp.com\/casadecampoliving.com\/wp-content\/uploads\/2022\/10\/miss_dominican_republic_dalia_fernandez-2.jpg?fit=650%2C484&ssl=1&resize=350%2C200 1x, https:\/\/i0.wp.com\/casadecampoliving.com\/wp-content\/uploads\/2022\/10\/miss_dominican_republic_dalia_fernandez-2.jpg?fit=650%2C484&ssl=1&resize=525%2C300 1.5x"},"classes":[]},{"id":321003,"url":"https:\/\/casadecampoliving.com\/miss-dominican-republic-dalia-fernandez-visits-the-fundacion-mirs-girls-vocational-school-in-la-romana\/","url_meta":{"origin":338288,"position":1},"title":"Miss Dominican Republic, Dalia Fern\u00e1ndez visits the Fundaci\u00f3n MIR&#8217;s girls&#8217; vocational school in La Romana","author":"","date":"6 Feb, 2012","format":false,"excerpt":"On Thursday the 26th of January, current Miss Dominican Republic, Dalia Fern\u00e1ndez, not only arrived at La Romana as a special guest model for the Badgley Miscka Fashion Show held as part of the Fundaci\u00f3n MIR\u2019s Magical Splendor For Life event, but was also invited to take a tour and\u2026","rel":"","context":"En \u00abBeyond Casa\u00bb","block_context":{"text":"Beyond Casa","link":"https:\/\/casadecampoliving.com\/category\/beyond-casa\/"},"img":{"alt_text":"dalia fernandez fundacion MIR","src":"https:\/\/i0.wp.com\/casadecampoliving.com\/wp-content\/uploads\/2022\/10\/Dalia_Fernandez_fundacion_MIR-3.jpg?fit=650%2C331&ssl=1&resize=350%2C200","width":350,"height":200,"srcset":"https:\/\/i0.wp.com\/casadecampoliving.com\/wp-content\/uploads\/2022\/10\/Dalia_Fernandez_fundacion_MIR-3.jpg?fit=650%2C331&ssl=1&resize=350%2C200 1x, https:\/\/i0.wp.com\/casadecampoliving.com\/wp-content\/uploads\/2022\/10\/Dalia_Fernandez_fundacion_MIR-3.jpg?fit=650%2C331&ssl=1&resize=525%2C300 1.5x"},"classes":[]},{"id":338274,"url":"https:\/\/casadecampoliving.com\/es\/el-fashion-show-de-badgley-mischka-en-el-esplendor-magico-por-la-vida-de-la-fundacion-mir\/","url_meta":{"origin":338288,"position":2},"title":"El Fashion Show de Badgley Mischka en el Esplendor M\u00e1gico Por La Vida de la Fundaci\u00f3n MIR","author":"","date":"2 Feb, 2012","format":false,"excerpt":"El Fashion Show de Badgley Mischka realizado durante la Gala del Esplendor M\u00e1gico Por La Vida de la Fundaci\u00f3n MIR, fue realizado el viernes 27 de enero, dedicado a fashionistas (todas aquellas damas que aman hermosos vestidos) y \u00e9ste estuvo espectacular!\u00a0 Este a\u00f1o, la Gala y Fashion Show del Esplendor\u2026","rel":"","context":"En \u00abArte y cultura\u00bb","block_context":{"text":"Arte y cultura","link":"https:\/\/casadecampoliving.com\/category\/arte-y-cultura\/"},"img":{"alt_text":"badgley mischka fashion show","src":"https:\/\/i0.wp.com\/casadecampoliving.com\/wp-content\/uploads\/2022\/10\/badgley_mischka_fashion_show-1.jpg?fit=650%2C366&ssl=1&resize=350%2C200","width":350,"height":200,"srcset":"https:\/\/i0.wp.com\/casadecampoliving.com\/wp-content\/uploads\/2022\/10\/badgley_mischka_fashion_show-1.jpg?fit=650%2C366&ssl=1&resize=350%2C200 1x, https:\/\/i0.wp.com\/casadecampoliving.com\/wp-content\/uploads\/2022\/10\/badgley_mischka_fashion_show-1.jpg?fit=650%2C366&ssl=1&resize=525%2C300 1.5x"},"classes":[]},{"id":320905,"url":"https:\/\/casadecampoliving.com\/former-miss-universe-dayanara-torres-and-miss-dominican-republic-dalia-fernandez-to-take-part-in-the-fundacion-mir-magical-splendor-for-life-gala-and-fashion-show\/","url_meta":{"origin":338288,"position":3},"title":"Former Miss Universe Dayanara Torres and Miss Dominican Republic, Dalia Fern\u00e1ndez to take part in the Fundaci\u00f3n MIR Magical Splendor for Life Gala and Fashion Show!","author":"","date":"20 Ene, 2012","format":false,"excerpt":"The Fundaci\u00f3n MIR\u2019s Magical Splendor for Life weekend and gala, an event that raises money for the MIR charities, is taking place next weekend (Friday the 27th of January) and we have just heard that Dayanara Torres, who became Miss Universe in 1993 will be acting as the Mistress of\u2026","rel":"","context":"En \u00abFundacion MIR\u00bb","block_context":{"text":"Fundacion MIR","link":"https:\/\/casadecampoliving.com\/category\/philanthrophy\/fundacion-mir\/"},"img":{"alt_text":"fundacion MIR casa de campo la romana","src":"https:\/\/i0.wp.com\/casadecampoliving.com\/wp-content\/uploads\/2022\/10\/fundacion_MIR2-5.jpg?fit=600%2C226&ssl=1&resize=350%2C200","width":350,"height":200,"srcset":"https:\/\/i0.wp.com\/casadecampoliving.com\/wp-content\/uploads\/2022\/10\/fundacion_MIR2-5.jpg?fit=600%2C226&ssl=1&resize=350%2C200 1x, https:\/\/i0.wp.com\/casadecampoliving.com\/wp-content\/uploads\/2022\/10\/fundacion_MIR2-5.jpg?fit=600%2C226&ssl=1&resize=525%2C300 1.5x"},"classes":[]},{"id":321008,"url":"https:\/\/casadecampoliving.com\/an-interview-with-miss-dominican-republic-dalia-fernandez-during-her-visit-to-the-fundacion-mir-and-casa-de-campo\/","url_meta":{"origin":338288,"position":4},"title":"An interview with Miss Dominican Republic, Dalia Fernandez during her visit to the Fundaci\u00f3n MIR and Casa de Campo","author":"Rebecca Silvestri","date":"9 Mar, 2012","format":false,"excerpt":"Dalia Fernandez, the current Miss Dominican Republic, who we have spotted at various functions and charity events in Casa de Campo, as well as the La Romana area on numerous occasions over the last few months \u2013 was again in Casa de Campo over the Fundaci\u00f3n MIR Magical Splendor for\u2026","rel":"","context":"En \u00abBeyond Casa\u00bb","block_context":{"text":"Beyond Casa","link":"https:\/\/casadecampoliving.com\/category\/beyond-casa\/"},"img":{"alt_text":"miss dominican republic dalia fernandez","src":"https:\/\/i0.wp.com\/casadecampoliving.com\/wp-content\/uploads\/2022\/10\/miss_dominican_republic_dalia_fernandez-2.jpg?fit=650%2C484&ssl=1&resize=350%2C200","width":350,"height":200,"srcset":"https:\/\/i0.wp.com\/casadecampoliving.com\/wp-content\/uploads\/2022\/10\/miss_dominican_republic_dalia_fernandez-2.jpg?fit=650%2C484&ssl=1&resize=350%2C200 1x, https:\/\/i0.wp.com\/casadecampoliving.com\/wp-content\/uploads\/2022\/10\/miss_dominican_republic_dalia_fernandez-2.jpg?fit=650%2C484&ssl=1&resize=525%2C300 1.5x"},"classes":[]},{"id":338015,"url":"https:\/\/casadecampoliving.com\/es\/la-ex-miss-universo-dayanara-torres-sera-la-maestra-de-ceremonias-del-esplendor-magico-por-la-vida-de-mir\/","url_meta":{"origin":338288,"position":5},"title":"La Ex Miss Universo Dayanara Torres ser\u00e1 la maestra de ceremonias del \u201cEsplendor M\u00e1gico Por La Vida\u201d de MIR!","author":"","date":"20 Ene, 2012","format":false,"excerpt":"El \u201cEsplendor M\u00e1gico Por La Vida\u201d de la Fundaci\u00f3n MIR, el evento anual que recauda fondos para las escuelas y proyectos de esta instituci\u00f3n, est\u00e1 a la vuelta de la esquina y nos hemos enterado de que la modelo puertorrique\u00f1a Dayanara Torres estar\u00e1 participando como maestra de ceremonias este 27\u2026","rel":"","context":"En \u00abEventos\u00bb","block_context":{"text":"Eventos","link":"https:\/\/casadecampoliving.com\/es\/category\/eventos-es\/"},"img":{"alt_text":"fundacion MIR casa de campo la romana","src":"https:\/\/i0.wp.com\/casadecampoliving.com\/wp-content\/uploads\/2022\/10\/fundacion_MIR2-5.jpg?fit=600%2C226&ssl=1&resize=350%2C200","width":350,"height":200,"srcset":"https:\/\/i0.wp.com\/casadecampoliving.com\/wp-content\/uploads\/2022\/10\/fundacion_MIR2-5.jpg?fit=600%2C226&ssl=1&resize=350%2C200 1x, https:\/\/i0.wp.com\/casadecampoliving.com\/wp-content\/uploads\/2022\/10\/fundacion_MIR2-5.jpg?fit=600%2C226&ssl=1&resize=525%2C300 1.5x"},"classes":[]}],"jetpack_sharing_enabled":true,"_links":{"self":[{"href":"https:\/\/casadecampoliving.com\/es\/wp-json\/wp\/v2\/posts\/338288","targetHints":{"allow":["GET"]}}],"collection":[{"href":"https:\/\/casadecampoliving.com\/es\/wp-json\/wp\/v2\/posts"}],"about":[{"href":"https:\/\/casadecampoliving.com\/es\/wp-json\/wp\/v2\/types\/post"}],"author":[{"embeddable":true,"href":"https:\/\/casadecampoliving.com\/es\/wp-json\/wp\/v2\/users\/21"}],"replies":[{"embeddable":true,"href":"https:\/\/casadecampoliving.com\/es\/wp-json\/wp\/v2\/comments?post=338288"}],"version-history":[{"count":1,"href":"https:\/\/casadecampoliving.com\/es\/wp-json\/wp\/v2\/posts\/338288\/revisions"}],"predecessor-version":[{"id":338289,"href":"https:\/\/casadecampoliving.com\/es\/wp-json\/wp\/v2\/posts\/338288\/revisions\/338289"}],"wp:featuredmedia":[{"embeddable":true,"href":"https:\/\/casadecampoliving.com\/es\/wp-json\/wp\/v2\/media\/250828"}],"wp:attachment":[{"href":"https:\/\/casadecampoliving.com\/es\/wp-json\/wp\/v2\/media?parent=338288"}],"wp:term":[{"taxonomy":"category","embeddable":true,"href":"https:\/\/casadecampoliving.com\/es\/wp-json\/wp\/v2\/categories?post=338288"},{"taxonomy":"post_tag","embeddable":true,"href":"https:\/\/casadecampoliving.com\/es\/wp-json\/wp\/v2\/tags?post=338288"},{"taxonomy":"newspack_spnsrs_tax","embeddable":true,"href":"https:\/\/casadecampoliving.com\/es\/wp-json\/wp\/v2\/newspack_spnsrs_tax?post=338288"}],"curies":[{"name":"wp","href":"https:\/\/api.w.org\/{rel}","templated":true}]}}