{"id":338230,"date":"2012-01-27T00:00:00","date_gmt":"2012-01-27T04:00:00","guid":{"rendered":"https:\/\/casadecampoliving.com\/este-fin-de-semana-en-casa-27-29-enero\/"},"modified":"2022-10-21T18:38:22","modified_gmt":"2022-10-21T22:38:22","slug":"este-fin-de-semana-en-casa-27-29-enero","status":"publish","type":"post","link":"https:\/\/casadecampoliving.com\/es\/este-fin-de-semana-en-casa-27-29-enero\/","title":{"rendered":"Este Fin de Semana en Casa: 27 &#8211; 29 Enero!"},"content":{"rendered":"<div class=\"wp-block-image\">\n<figure class=\"aligncenter is-resized\"><img loading=\"lazy\" decoding=\"async\" src=\"https:\/\/i0.wp.com\/casadecampoliving.com\/wp-content\/uploads\/2022\/10\/altos_de_chavon1-30.jpg?resize=650%2C350&amp;ssl=1\" alt=\"\" class=\"wp-image-43296\" title=\"altos_de_chavon\" height=\"350\" width=\"650\"\/><\/figure>\n<\/div>\n\n\n<p>Este fin de semana en Casa de Campo est\u00e1 repleto de grandiosos eventos empezando con lo que ser\u00e1 el <a href=\"https:\/\/casadecampoliving.com\/es\/2012\/01\/venga-y-disfrute-de-la-danza-del-dragon-y-una-exquisita-cena-tradicional-en-chinois\/\">A\u00f1o del Drag\u00f3n este Nuevo A\u00f1o Nuevo 2012 del calendario Chino, celebrado en el restaurante Chinois<\/a>&nbsp;este 27 de enero en La Marina Casa de Campo, seguido de la <a href=\"https:\/\/casadecampoliving.com\/es\/2012\/01\/se-acerca-el-fin-de-semana-del-esplendor-magico-por-la-vida-de-la-fundacion-mir\/\">glamurosa Gala y Fashion Show del fin de semana del Esplendor M\u00e1gico Por La Vida de MIR, y su torneo de golf <\/a>este s\u00e1bado 28 de enero!<br>\n<\/p>\n\n\n\n<!--more-->\n\n\n\n<blockquote><h3>Estos eventos, actividades y especiales aplican para la semana de:<\/h3><h2>Viernes 27 Ene \u2013 Domingo 29 Ene<\/h2><\/blockquote>\n\n\n\n<p><strong><a href=\"http:\/\/wp.me\/p1kvEy-abH\">Haga click para ver la cartelera de cine y los trailers<\/a><\/strong><br>\n<strong><strong><a href=\"https:\/\/i0.wp.com\/casadecampoliving.com\/wp-content\/uploads\/2022\/10\/casa_de_campo4-9.jpg?ssl=1\"> <img decoding=\"async\" loading=\"lazy\" class=\"alignnone size-full wp-image-36859\" title=\"casa_de_campo\" src=\"https:\/\/i0.wp.com\/casadecampoliving.com\/wp-content\/uploads\/2022\/10\/casa_de_campo4-9.jpg?resize=550%2C32&amp;ssl=1\" alt=\"\" width=\"550\" height=\"32\"><\/a><\/strong><\/strong><\/p>\n\n\n\n<p><strong><a href=\"http:\/\/wp.me\/p1kvEy-aEV\">Exhibici\u00f3n de arte \u201c<\/a><strong><strong><a href=\"http:\/\/wp.me\/p1kvEy-aEV\">Caminos Azules\u201d<br>\n<\/a><\/strong><\/strong><\/strong><strong><strong><strong>Lugar: <\/strong><\/strong><\/strong>Galer\u00eda de Arte, Altos de Chav\u00f3n<span style=\"font-weight: 800;\"><br>\n<\/span><span style=\"font-weight: bold;\">Hora: <\/span>9am \u2013 6pm<span style=\"font-weight: bold;\"><br>\n<\/span><strong><strong><strong><a href=\"http:\/\/wp.me\/p1kvEy-aEV\">Haga click aqu\u00ed para m\u00e1s info!<\/a>&nbsp;&nbsp;<\/strong><\/strong><\/strong><\/p>\n\n\n\n<blockquote class=\"wp-block-quote is-layout-flow wp-block-quote-is-layout-flow\"><p><strong><a href=\"https:\/\/casadecampoliving.com\/es\/2012\/01\/venga-y-disfrute-de-la-danza-del-dragon-y-una-exquisita-cena-tradicional-en-chinois\/\">A\u00f1o Nuevo Chino 2012!<\/a><\/strong><br>\n<strong>Lugar<\/strong>: Restaurante Chinois, Marina Casa de Campo<br>\n<strong>Hora<\/strong>:7:30pm<br>\n<strong><a href=\"https:\/\/casadecampoliving.com\/es\/2012\/01\/venga-y-disfrute-de-la-danza-del-dragon-y-una-exquisita-cena-tradicional-en-chinois\/\">Haga click aqu\u00ed para m\u00e1s info!&nbsp;<\/a><\/strong><\/p><p><strong><a href=\"https:\/\/casadecampoliving.com\/es\/2012\/01\/la-boutique-de-badgley-mischka-abrira-este-jueves-26-hasta-el-domingo-29\/\">Boutique Badgley Mischka<\/a><\/strong><br>\n<strong>Lugar<\/strong>: &nbsp;Sal\u00f3n de Conferencias&nbsp;Flamboyan<br>\n<strong>Hora<\/strong>: 10am-6pm<br>\n<strong><a href=\"https:\/\/casadecampoliving.com\/es\/2012\/01\/la-boutique-de-badgley-mischka-abrira-este-jueves-26-hasta-el-domingo-29\/\">Haga click aqu\u00ed para m\u00e1s info!&nbsp;<\/a><\/strong><\/p><p><strong><a href=\"https:\/\/casadecampoliving.com\/es\/2012\/01\/se-acerca-el-fin-de-semana-del-esplendor-magico-por-la-vida-de-la-fundacion-mir\/\">Gala Esplendor M\u00e1gico Por La Vida<\/a><\/strong><br>\n<strong>Lugar<\/strong>: Playa Minitas<br>\n<strong>Hora<\/strong>: 8pm<br>\n<strong><a href=\"https:\/\/casadecampoliving.com\/es\/2012\/01\/se-acerca-el-fin-de-semana-del-esplendor-magico-por-la-vida-de-la-fundacion-mir\/\">Haga click aqu\u00ed para m\u00e1s info!&nbsp;<\/a><\/strong><\/p><p><strong><a href=\"https:\/\/casadecampoliving.com\/es\/2012\/01\/se-acerca-el-fin-de-semana-del-esplendor-magico-por-la-vida-de-la-fundacion-mir\/\">Esplendor M\u00e1gico Por La Vida \u2013&nbsp;After Party<\/a><\/strong><br>\n<strong>Lugar<\/strong>: Playa Beach<br>\n<strong>Hora<\/strong>: 11pm<br>\n<strong><a href=\"https:\/\/casadecampoliving.com\/es\/2012\/01\/se-acerca-el-fin-de-semana-del-esplendor-magico-por-la-vida-de-la-fundacion-mir\/\">Haga click aqu\u00ed para m\u00e1s info!<\/a><\/strong><\/p><\/blockquote>\n\n\n\n<figure class=\"wp-block-image is-resized\"><img loading=\"lazy\" decoding=\"async\" src=\"https:\/\/i0.wp.com\/casadecampoliving.com\/wp-content\/uploads\/2022\/10\/casa_de_campo21-2.jpg?resize=550%2C32&amp;ssl=1\" alt=\"\" class=\"wp-image-36861\" title=\"casa_de_campo2\" height=\"32\" width=\"550\"\/><\/figure>\n\n\n\n<p><a href=\"https:\/\/casadecampoliving.com\/wp-content\/uploads\/2022\/10\/casa_de_campo21-2.jpg\"><strong><strong><\/strong><\/strong><\/a><\/p>\n\n\n\n<p><strong><a href=\"http:\/\/wp.me\/p1kvEy-aEV\">Exhibici\u00f3n de Arte \u201cCaminos Azules\u201d<\/a><br>\nHora: <\/strong>9am-6pm<br>\n<strong>Lugar:<\/strong> Galer\u00eda de Arte, Altos de Chav\u00f3n<br>\n<strong><a href=\"http:\/\/wp.me\/p1kvEy-aEV\">Haga click aqu\u00ed para m\u00e1s info!<\/a>&nbsp;<\/strong><\/p>\n\n\n\n<blockquote class=\"wp-block-quote is-layout-flow wp-block-quote-is-layout-flow\"><p><strong><a href=\"https:\/\/casadecampoliving.com\/es\/2012\/01\/la-boutique-de-badgley-mischka-abrira-este-jueves-26-hasta-el-domingo-29\/\">Boutique Badgley Mischka<\/a><\/strong><br>\n<strong>Lugar<\/strong>: &nbsp;Sal\u00f3n de Conferencias&nbsp;Flamboyan<br>\n<strong>Hora<\/strong>: 10am-6pm<br>\n<strong><a href=\"https:\/\/casadecampoliving.com\/es\/2012\/01\/la-boutique-de-badgley-mischka-abrira-este-jueves-26-hasta-el-domingo-29\/\">Haga click aqu\u00ed para m\u00e1s info!&nbsp;<\/a><\/strong><\/p><p><strong><a href=\"https:\/\/casadecampoliving.com\/es\/2012\/01\/se-acerca-el-fin-de-semana-del-esplendor-magico-por-la-vida-de-la-fundacion-mir\/\">Esplendor M\u00e1gico Por la Vida \u2013 Torneo de Golf<\/a><\/strong><br>\n<strong>Lugar<\/strong>: La Romana Country Club<br>\n<strong>Hora<\/strong>: 1pm \u2013 2pm<br>\n<strong><a href=\"https:\/\/casadecampoliving.com\/es\/2012\/01\/se-acerca-el-fin-de-semana-del-esplendor-magico-por-la-vida-de-la-fundacion-mir\/\">Haga click aqu\u00ed para m\u00e1s info!<\/a><\/strong><\/p><p><strong><a href=\"https:\/\/casadecampoliving.com\/es\/2012\/01\/se-acerca-el-fin-de-semana-del-esplendor-magico-por-la-vida-de-la-fundacion-mir\/\"><strong>Esplendor M\u00e1gico Por la Vida<\/strong>-VIP y Premiaci\u00f3n<\/a><br>\n<\/strong><strong>Lugar<\/strong>: Casa Grande, Casa de Campo<br>\n<strong>Hora<\/strong>: 8pm \u2013 9pm<br>\n<strong><a href=\"https:\/\/casadecampoliving.com\/es\/2012\/01\/se-acerca-el-fin-de-semana-del-esplendor-magico-por-la-vida-de-la-fundacion-mir\/\">Haga click aqu\u00ed para m\u00e1s info!<\/a><\/strong><\/p><\/blockquote>\n\n\n\n<figure class=\"wp-block-image is-resized\"><a href=\"https:\/\/i0.wp.com\/casadecampoliving.com\/wp-content\/uploads\/2022\/10\/casa_de_campo31-2.jpg?ssl=1\"><img loading=\"lazy\" decoding=\"async\" src=\"https:\/\/i0.wp.com\/casadecampoliving.com\/wp-content\/uploads\/2022\/10\/casa_de_campo31-2.jpg?resize=550%2C32&amp;ssl=1\" alt=\"\" class=\"wp-image-36862\" title=\"casa_de_campo3\" height=\"32\" width=\"550\"\/><\/a><\/figure>\n\n\n\n<p><span style=\"text-decoration: underline;\"><\/span><\/p>\n\n\n\n<p><strong><strong><a href=\"http:\/\/wp.me\/p1kvEy-aEV\">Exhibici\u00f3n de Arte \u201cCaminos Azules\u201d<\/a><br>\nHora: <\/strong><\/strong>9am-6pm<strong><br>\n<strong>Lugar:<\/strong> <\/strong>Galer\u00eda de Arte, Altos de Chav\u00f3n <strong><br>\n<strong><a href=\"http:\/\/wp.me\/p1kvEy-aEV\">Haga click aqu\u00ed para m\u00e1s info!<\/a>&nbsp;&nbsp;<\/strong><\/strong><\/p>\n\n\n\n<p><strong><a href=\"https:\/\/casadecampoliving.com\/es\/2012\/01\/la-boutique-de-badgley-mischka-abrira-este-jueves-26-hasta-el-domingo-29\/\">Boutique Badgley Mischka<\/a><\/strong><br>\n<strong>Lugar<\/strong>: &nbsp;Sal\u00f3n de Conferencias&nbsp;Flamboyan<br>\n<strong>Hora<\/strong>: 10am-12pm<br>\n<strong><a href=\"https:\/\/casadecampoliving.com\/es\/2012\/01\/la-boutique-de-badgley-mischka-abrira-este-jueves-26-hasta-el-domingo-29\/\">Haga click aqu\u00ed para m\u00e1s info!&nbsp;<\/a><\/strong><\/p>\n","protected":false},"excerpt":{"rendered":"<p>Este fin de semana en Casa de Campo est\u00e1 repleto de grandiosos eventos empezando con lo que ser\u00e1 el A\u00f1o del Drag\u00f3n este Nuevo A\u00f1o Nuevo 2012 del calendario Chino, celebrado en el restaurante Chinois&nbsp;este 27 de enero en La Marina Casa de Campo, seguido de la glamurosa Gala y Fashion Show del fin de [&hellip;]<\/p>\n","protected":false},"author":21,"featured_media":245538,"comment_status":"closed","ping_status":"closed","sticky":false,"template":"","format":"standard","meta":{"newspack_ads_suppress_ads":false,"newspack_popups_has_disabled_popups":false,"newspack_sponsor_sponsorship_scope":"","newspack_sponsor_native_byline_display":"inherit","newspack_sponsor_native_category_display":"inherit","newspack_sponsor_underwriter_style":"inherit","newspack_sponsor_underwriter_placement":"inherit","_newspack_byline_active":false,"_newspack_byline":"","newspack_hide_updated_date":false,"newspack_show_updated_date":false,"newspack_content_restriction_is_exempt":false,"newspack_featured_image_position":"","newspack_post_subtitle":"","newspack_article_summary_title":"Overview:","newspack_article_summary":"","_jetpack_memberships_contains_paid_content":false,"footnotes":"","jetpack_publicize_message":"","jetpack_publicize_feature_enabled":true,"jetpack_social_post_already_shared":false,"jetpack_social_options":{"image_generator_settings":{"template":"highway","default_image_id":0,"font":"","enabled":false},"version":2},"_wpas_customize_per_network":false},"categories":[2522,2515,2514,14625,14627,26822],"tags":[3695,485,3227,176],"newspack_spnsrs_tax":[],"class_list":["post-338230","post","type-post","status-publish","format-standard","has-post-thumbnail","hentry","category-eventos-es","category-fundacion-mir-es","category-fundaciones-es","category-noticias-locales","category-proximamente","category-resort-casa-de-campo","tag-badgley-miscka","tag-chinois","tag-esplendor-magico-por-la-vida","tag-golf","entry"],"yoast_head":"<!-- This site is optimized with the Yoast SEO plugin v27.5 - https:\/\/yoast.com\/product\/yoast-seo-wordpress\/ -->\n<title>Este Fin de Semana en Casa: 27 - 29 Enero! | Casa de Campo Living<\/title>\n<meta name=\"description\" content=\"Este fin de semana en Casa de Campo est\u00e1 repleto de grandiosos eventos empezando con lo que ser\u00e1 el A\u00f1o del Drag\u00f3n este Nuevo A\u00f1o Nuevo 2012 del\" \/>\n<meta name=\"robots\" content=\"index, follow, max-snippet:-1, max-image-preview:large, max-video-preview:-1\" \/>\n<link rel=\"canonical\" href=\"https:\/\/casadecampoliving.com\/es\/este-fin-de-semana-en-casa-27-29-enero\/\" \/>\n<meta property=\"og:locale\" content=\"es_ES\" \/>\n<meta property=\"og:type\" content=\"article\" \/>\n<meta property=\"og:title\" content=\"Este Fin de Semana en Casa: 27 - 29 Enero! | Casa de Campo Living\" \/>\n<meta property=\"og:description\" content=\"Este fin de semana en Casa de Campo est\u00e1 repleto de grandiosos eventos empezando con lo que ser\u00e1 el A\u00f1o del Drag\u00f3n este Nuevo A\u00f1o Nuevo 2012 del\" \/>\n<meta property=\"og:url\" content=\"https:\/\/casadecampoliving.com\/es\/este-fin-de-semana-en-casa-27-29-enero\/\" \/>\n<meta property=\"og:site_name\" content=\"Casa de Campo Living\" \/>\n<meta property=\"article:publisher\" content=\"https:\/\/www.facebook.com\/casadecampoliving\" \/>\n<meta property=\"article:published_time\" content=\"2012-01-27T04:00:00+00:00\" \/>\n<meta property=\"article:modified_time\" content=\"2022-10-21T22:38:22+00:00\" \/>\n<meta property=\"og:image\" content=\"https:\/\/i0.wp.com\/casadecampoliving.com\/wp-content\/uploads\/2022\/10\/altos_de_chavon-18.jpg?fit=650%2C350&ssl=1\" \/>\n\t<meta property=\"og:image:width\" content=\"650\" \/>\n\t<meta property=\"og:image:height\" content=\"350\" \/>\n\t<meta property=\"og:image:type\" content=\"image\/jpeg\" \/>\n<meta name=\"twitter:card\" content=\"summary_large_image\" \/>\n<meta name=\"twitter:creator\" content=\"@cdcliving\" \/>\n<meta name=\"twitter:site\" content=\"@cdcliving\" \/>\n<meta name=\"twitter:label1\" content=\"Escrito por\" \/>\n\t<meta name=\"twitter:data1\" content=\"\" \/>\n\t<meta name=\"twitter:label2\" content=\"Tiempo de lectura\" \/>\n\t<meta name=\"twitter:data2\" content=\"2 minutos\" \/>\n<script type=\"application\/ld+json\" class=\"yoast-schema-graph\">{\"@context\":\"https:\\\/\\\/schema.org\",\"@graph\":[{\"@type\":\"Article\",\"@id\":\"https:\\\/\\\/casadecampoliving.com\\\/es\\\/este-fin-de-semana-en-casa-27-29-enero\\\/#article\",\"isPartOf\":{\"@id\":\"https:\\\/\\\/casadecampoliving.com\\\/es\\\/este-fin-de-semana-en-casa-27-29-enero\\\/\"},\"author\":{\"name\":\"\",\"@id\":\"https:\\\/\\\/casadecampoliving.com\\\/es\\\/#\\\/schema\\\/person\\\/7e3b975d584a5f6ac0fd7128a81b0bc5\"},\"headline\":\"Este Fin de Semana en Casa: 27 &#8211; 29 Enero!\",\"datePublished\":\"2012-01-27T04:00:00+00:00\",\"dateModified\":\"2022-10-21T22:38:22+00:00\",\"mainEntityOfPage\":{\"@id\":\"https:\\\/\\\/casadecampoliving.com\\\/es\\\/este-fin-de-semana-en-casa-27-29-enero\\\/\"},\"wordCount\":368,\"publisher\":{\"@id\":\"https:\\\/\\\/casadecampoliving.com\\\/es\\\/#organization\"},\"image\":{\"@id\":\"https:\\\/\\\/casadecampoliving.com\\\/es\\\/este-fin-de-semana-en-casa-27-29-enero\\\/#primaryimage\"},\"thumbnailUrl\":\"https:\\\/\\\/i0.wp.com\\\/casadecampoliving.com\\\/wp-content\\\/uploads\\\/2022\\\/10\\\/altos_de_chavon-18.jpg?fit=650%2C350&ssl=1\",\"keywords\":[\"badgley miscka\",\"Chinois\",\"esplendor magico por la vida\",\"Golf\"],\"articleSection\":[\"Eventos\",\"Fundaci\u00f3n MIR @es\",\"Fundaciones\",\"Noticias Locales\",\"Proximamente\",\"Resort Casa de Campo\"],\"inLanguage\":\"es\"},{\"@type\":\"WebPage\",\"@id\":\"https:\\\/\\\/casadecampoliving.com\\\/es\\\/este-fin-de-semana-en-casa-27-29-enero\\\/\",\"url\":\"https:\\\/\\\/casadecampoliving.com\\\/es\\\/este-fin-de-semana-en-casa-27-29-enero\\\/\",\"name\":\"Este Fin de Semana en Casa: 27 - 29 Enero! | Casa de Campo Living\",\"isPartOf\":{\"@id\":\"https:\\\/\\\/casadecampoliving.com\\\/es\\\/#website\"},\"primaryImageOfPage\":{\"@id\":\"https:\\\/\\\/casadecampoliving.com\\\/es\\\/este-fin-de-semana-en-casa-27-29-enero\\\/#primaryimage\"},\"image\":{\"@id\":\"https:\\\/\\\/casadecampoliving.com\\\/es\\\/este-fin-de-semana-en-casa-27-29-enero\\\/#primaryimage\"},\"thumbnailUrl\":\"https:\\\/\\\/i0.wp.com\\\/casadecampoliving.com\\\/wp-content\\\/uploads\\\/2022\\\/10\\\/altos_de_chavon-18.jpg?fit=650%2C350&ssl=1\",\"datePublished\":\"2012-01-27T04:00:00+00:00\",\"dateModified\":\"2022-10-21T22:38:22+00:00\",\"description\":\"Este fin de semana en Casa de Campo est\u00e1 repleto de grandiosos eventos empezando con lo que ser\u00e1 el A\u00f1o del Drag\u00f3n este Nuevo A\u00f1o Nuevo 2012 del\",\"breadcrumb\":{\"@id\":\"https:\\\/\\\/casadecampoliving.com\\\/es\\\/este-fin-de-semana-en-casa-27-29-enero\\\/#breadcrumb\"},\"inLanguage\":\"es\",\"potentialAction\":[{\"@type\":\"ReadAction\",\"target\":[\"https:\\\/\\\/casadecampoliving.com\\\/es\\\/este-fin-de-semana-en-casa-27-29-enero\\\/\"]}]},{\"@type\":\"ImageObject\",\"inLanguage\":\"es\",\"@id\":\"https:\\\/\\\/casadecampoliving.com\\\/es\\\/este-fin-de-semana-en-casa-27-29-enero\\\/#primaryimage\",\"url\":\"https:\\\/\\\/i0.wp.com\\\/casadecampoliving.com\\\/wp-content\\\/uploads\\\/2022\\\/10\\\/altos_de_chavon-18.jpg?fit=650%2C350&ssl=1\",\"contentUrl\":\"https:\\\/\\\/i0.wp.com\\\/casadecampoliving.com\\\/wp-content\\\/uploads\\\/2022\\\/10\\\/altos_de_chavon-18.jpg?fit=650%2C350&ssl=1\",\"width\":650,\"height\":350},{\"@type\":\"BreadcrumbList\",\"@id\":\"https:\\\/\\\/casadecampoliving.com\\\/es\\\/este-fin-de-semana-en-casa-27-29-enero\\\/#breadcrumb\",\"itemListElement\":[{\"@type\":\"ListItem\",\"position\":1,\"name\":\"Home\",\"item\":\"https:\\\/\\\/casadecampoliving.com\\\/es\\\/\"},{\"@type\":\"ListItem\",\"position\":2,\"name\":\"Este Fin de Semana en Casa: 27 &#8211; 29 Enero!\"}]},{\"@type\":\"WebSite\",\"@id\":\"https:\\\/\\\/casadecampoliving.com\\\/es\\\/#website\",\"url\":\"https:\\\/\\\/casadecampoliving.com\\\/es\\\/\",\"name\":\"Casa de Campo Living\",\"description\":\"Resort community news and resources.\",\"publisher\":{\"@id\":\"https:\\\/\\\/casadecampoliving.com\\\/es\\\/#organization\"},\"potentialAction\":[{\"@type\":\"SearchAction\",\"target\":{\"@type\":\"EntryPoint\",\"urlTemplate\":\"https:\\\/\\\/casadecampoliving.com\\\/es\\\/?s={search_term_string}\"},\"query-input\":{\"@type\":\"PropertyValueSpecification\",\"valueRequired\":true,\"valueName\":\"search_term_string\"}}],\"inLanguage\":\"es\"},{\"@type\":\"Organization\",\"@id\":\"https:\\\/\\\/casadecampoliving.com\\\/es\\\/#organization\",\"name\":\"Casa de Campo Living\",\"url\":\"https:\\\/\\\/casadecampoliving.com\\\/es\\\/\",\"logo\":{\"@type\":\"ImageObject\",\"inLanguage\":\"es\",\"@id\":\"https:\\\/\\\/casadecampoliving.com\\\/es\\\/#\\\/schema\\\/logo\\\/image\\\/\",\"url\":\"https:\\\/\\\/i0.wp.com\\\/casadecampoliving.com\\\/wp-content\\\/uploads\\\/2022\\\/07\\\/CDCLivingLogo_V1-white-sized.png?fit=800%2C214&ssl=1\",\"contentUrl\":\"https:\\\/\\\/i0.wp.com\\\/casadecampoliving.com\\\/wp-content\\\/uploads\\\/2022\\\/07\\\/CDCLivingLogo_V1-white-sized.png?fit=800%2C214&ssl=1\",\"width\":800,\"height\":214,\"caption\":\"Casa de Campo Living\"},\"image\":{\"@id\":\"https:\\\/\\\/casadecampoliving.com\\\/es\\\/#\\\/schema\\\/logo\\\/image\\\/\"},\"sameAs\":[\"https:\\\/\\\/www.facebook.com\\\/casadecampoliving\",\"https:\\\/\\\/x.com\\\/cdcliving\"]},{\"@type\":\"Person\",\"@id\":\"https:\\\/\\\/casadecampoliving.com\\\/es\\\/#\\\/schema\\\/person\\\/7e3b975d584a5f6ac0fd7128a81b0bc5\",\"name\":\"\",\"image\":{\"@type\":\"ImageObject\",\"inLanguage\":\"es\",\"@id\":\"https:\\\/\\\/secure.gravatar.com\\\/avatar\\\/?s=96&d=mm&r=g\",\"url\":\"https:\\\/\\\/secure.gravatar.com\\\/avatar\\\/?s=96&d=mm&r=g\",\"contentUrl\":\"https:\\\/\\\/secure.gravatar.com\\\/avatar\\\/?s=96&d=mm&r=g\"},\"url\":\"https:\\\/\\\/casadecampoliving.com\\\/es\\\/author\\\/ \\\/\"}]}<\/script>\n<!-- \/ Yoast SEO plugin. -->","yoast_head_json":{"title":"Este Fin de Semana en Casa: 27 - 29 Enero! | Casa de Campo Living","description":"Este fin de semana en Casa de Campo est\u00e1 repleto de grandiosos eventos empezando con lo que ser\u00e1 el A\u00f1o del Drag\u00f3n este Nuevo A\u00f1o Nuevo 2012 del","robots":{"index":"index","follow":"follow","max-snippet":"max-snippet:-1","max-image-preview":"max-image-preview:large","max-video-preview":"max-video-preview:-1"},"canonical":"https:\/\/casadecampoliving.com\/es\/este-fin-de-semana-en-casa-27-29-enero\/","og_locale":"es_ES","og_type":"article","og_title":"Este Fin de Semana en Casa: 27 - 29 Enero! | Casa de Campo Living","og_description":"Este fin de semana en Casa de Campo est\u00e1 repleto de grandiosos eventos empezando con lo que ser\u00e1 el A\u00f1o del Drag\u00f3n este Nuevo A\u00f1o Nuevo 2012 del","og_url":"https:\/\/casadecampoliving.com\/es\/este-fin-de-semana-en-casa-27-29-enero\/","og_site_name":"Casa de Campo Living","article_publisher":"https:\/\/www.facebook.com\/casadecampoliving","article_published_time":"2012-01-27T04:00:00+00:00","article_modified_time":"2022-10-21T22:38:22+00:00","og_image":[{"width":650,"height":350,"url":"https:\/\/i0.wp.com\/casadecampoliving.com\/wp-content\/uploads\/2022\/10\/altos_de_chavon-18.jpg?fit=650%2C350&ssl=1","type":"image\/jpeg"}],"twitter_card":"summary_large_image","twitter_creator":"@cdcliving","twitter_site":"@cdcliving","twitter_misc":{"Escrito por":"","Tiempo de lectura":"2 minutos"},"schema":{"@context":"https:\/\/schema.org","@graph":[{"@type":"Article","@id":"https:\/\/casadecampoliving.com\/es\/este-fin-de-semana-en-casa-27-29-enero\/#article","isPartOf":{"@id":"https:\/\/casadecampoliving.com\/es\/este-fin-de-semana-en-casa-27-29-enero\/"},"author":{"name":"","@id":"https:\/\/casadecampoliving.com\/es\/#\/schema\/person\/7e3b975d584a5f6ac0fd7128a81b0bc5"},"headline":"Este Fin de Semana en Casa: 27 &#8211; 29 Enero!","datePublished":"2012-01-27T04:00:00+00:00","dateModified":"2022-10-21T22:38:22+00:00","mainEntityOfPage":{"@id":"https:\/\/casadecampoliving.com\/es\/este-fin-de-semana-en-casa-27-29-enero\/"},"wordCount":368,"publisher":{"@id":"https:\/\/casadecampoliving.com\/es\/#organization"},"image":{"@id":"https:\/\/casadecampoliving.com\/es\/este-fin-de-semana-en-casa-27-29-enero\/#primaryimage"},"thumbnailUrl":"https:\/\/i0.wp.com\/casadecampoliving.com\/wp-content\/uploads\/2022\/10\/altos_de_chavon-18.jpg?fit=650%2C350&ssl=1","keywords":["badgley miscka","Chinois","esplendor magico por la vida","Golf"],"articleSection":["Eventos","Fundaci\u00f3n MIR @es","Fundaciones","Noticias Locales","Proximamente","Resort Casa de Campo"],"inLanguage":"es"},{"@type":"WebPage","@id":"https:\/\/casadecampoliving.com\/es\/este-fin-de-semana-en-casa-27-29-enero\/","url":"https:\/\/casadecampoliving.com\/es\/este-fin-de-semana-en-casa-27-29-enero\/","name":"Este Fin de Semana en Casa: 27 - 29 Enero! | Casa de Campo Living","isPartOf":{"@id":"https:\/\/casadecampoliving.com\/es\/#website"},"primaryImageOfPage":{"@id":"https:\/\/casadecampoliving.com\/es\/este-fin-de-semana-en-casa-27-29-enero\/#primaryimage"},"image":{"@id":"https:\/\/casadecampoliving.com\/es\/este-fin-de-semana-en-casa-27-29-enero\/#primaryimage"},"thumbnailUrl":"https:\/\/i0.wp.com\/casadecampoliving.com\/wp-content\/uploads\/2022\/10\/altos_de_chavon-18.jpg?fit=650%2C350&ssl=1","datePublished":"2012-01-27T04:00:00+00:00","dateModified":"2022-10-21T22:38:22+00:00","description":"Este fin de semana en Casa de Campo est\u00e1 repleto de grandiosos eventos empezando con lo que ser\u00e1 el A\u00f1o del Drag\u00f3n este Nuevo A\u00f1o Nuevo 2012 del","breadcrumb":{"@id":"https:\/\/casadecampoliving.com\/es\/este-fin-de-semana-en-casa-27-29-enero\/#breadcrumb"},"inLanguage":"es","potentialAction":[{"@type":"ReadAction","target":["https:\/\/casadecampoliving.com\/es\/este-fin-de-semana-en-casa-27-29-enero\/"]}]},{"@type":"ImageObject","inLanguage":"es","@id":"https:\/\/casadecampoliving.com\/es\/este-fin-de-semana-en-casa-27-29-enero\/#primaryimage","url":"https:\/\/i0.wp.com\/casadecampoliving.com\/wp-content\/uploads\/2022\/10\/altos_de_chavon-18.jpg?fit=650%2C350&ssl=1","contentUrl":"https:\/\/i0.wp.com\/casadecampoliving.com\/wp-content\/uploads\/2022\/10\/altos_de_chavon-18.jpg?fit=650%2C350&ssl=1","width":650,"height":350},{"@type":"BreadcrumbList","@id":"https:\/\/casadecampoliving.com\/es\/este-fin-de-semana-en-casa-27-29-enero\/#breadcrumb","itemListElement":[{"@type":"ListItem","position":1,"name":"Home","item":"https:\/\/casadecampoliving.com\/es\/"},{"@type":"ListItem","position":2,"name":"Este Fin de Semana en Casa: 27 &#8211; 29 Enero!"}]},{"@type":"WebSite","@id":"https:\/\/casadecampoliving.com\/es\/#website","url":"https:\/\/casadecampoliving.com\/es\/","name":"Casa de Campo Living","description":"Resort community news and resources.","publisher":{"@id":"https:\/\/casadecampoliving.com\/es\/#organization"},"potentialAction":[{"@type":"SearchAction","target":{"@type":"EntryPoint","urlTemplate":"https:\/\/casadecampoliving.com\/es\/?s={search_term_string}"},"query-input":{"@type":"PropertyValueSpecification","valueRequired":true,"valueName":"search_term_string"}}],"inLanguage":"es"},{"@type":"Organization","@id":"https:\/\/casadecampoliving.com\/es\/#organization","name":"Casa de Campo Living","url":"https:\/\/casadecampoliving.com\/es\/","logo":{"@type":"ImageObject","inLanguage":"es","@id":"https:\/\/casadecampoliving.com\/es\/#\/schema\/logo\/image\/","url":"https:\/\/i0.wp.com\/casadecampoliving.com\/wp-content\/uploads\/2022\/07\/CDCLivingLogo_V1-white-sized.png?fit=800%2C214&ssl=1","contentUrl":"https:\/\/i0.wp.com\/casadecampoliving.com\/wp-content\/uploads\/2022\/07\/CDCLivingLogo_V1-white-sized.png?fit=800%2C214&ssl=1","width":800,"height":214,"caption":"Casa de Campo Living"},"image":{"@id":"https:\/\/casadecampoliving.com\/es\/#\/schema\/logo\/image\/"},"sameAs":["https:\/\/www.facebook.com\/casadecampoliving","https:\/\/x.com\/cdcliving"]},{"@type":"Person","@id":"https:\/\/casadecampoliving.com\/es\/#\/schema\/person\/7e3b975d584a5f6ac0fd7128a81b0bc5","name":"","image":{"@type":"ImageObject","inLanguage":"es","@id":"https:\/\/secure.gravatar.com\/avatar\/?s=96&d=mm&r=g","url":"https:\/\/secure.gravatar.com\/avatar\/?s=96&d=mm&r=g","contentUrl":"https:\/\/secure.gravatar.com\/avatar\/?s=96&d=mm&r=g"},"url":"https:\/\/casadecampoliving.com\/es\/author\/ \/"}]}},"parsely":{"version":"1.1.0","canonical_url":"https:\/\/casadecampoliving.com\/es\/este-fin-de-semana-en-casa-27-29-enero\/","smart_links":{"inbound":0,"outbound":0},"traffic_boost_suggestions_count":0,"meta":{"@context":"https:\/\/schema.org","@type":"NewsArticle","headline":"Este Fin de Semana en Casa: 27 &#8211; 29 Enero!","url":"http:\/\/casadecampoliving.com\/es\/este-fin-de-semana-en-casa-27-29-enero\/","mainEntityOfPage":{"@type":"WebPage","@id":"http:\/\/casadecampoliving.com\/es\/este-fin-de-semana-en-casa-27-29-enero\/"},"thumbnailUrl":"https:\/\/i0.wp.com\/casadecampoliving.com\/wp-content\/uploads\/2022\/10\/altos_de_chavon-18.jpg?resize=150%2C150&ssl=1","image":{"@type":"ImageObject","url":"https:\/\/i0.wp.com\/casadecampoliving.com\/wp-content\/uploads\/2022\/10\/altos_de_chavon-18.jpg?fit=650%2C350&ssl=1"},"articleSection":"Eventos","author":[{"@type":"Person","name":"FB_515917546"}],"creator":["FB_515917546"],"publisher":{"@type":"Organization","name":"Casa de Campo Living","logo":"https:\/\/casadecampoliving.com\/wp-content\/uploads\/2022\/07\/CDCLivingLogo_V1-white-sized.png"},"keywords":["badgley miscka","chinois","esplendor magico por la vida","golf"],"dateCreated":"2012-01-27T04:00:00Z","datePublished":"2012-01-27T04:00:00Z","dateModified":"2022-10-21T22:38:22Z"},"rendered":"<script type=\"application\/ld+json\" class=\"wp-parsely-metadata\">{\"@context\":\"https:\\\/\\\/schema.org\",\"@type\":\"NewsArticle\",\"headline\":\"Este Fin de Semana en Casa: 27 &#8211; 29 Enero!\",\"url\":\"http:\\\/\\\/casadecampoliving.com\\\/es\\\/este-fin-de-semana-en-casa-27-29-enero\\\/\",\"mainEntityOfPage\":{\"@type\":\"WebPage\",\"@id\":\"http:\\\/\\\/casadecampoliving.com\\\/es\\\/este-fin-de-semana-en-casa-27-29-enero\\\/\"},\"thumbnailUrl\":\"https:\\\/\\\/i0.wp.com\\\/casadecampoliving.com\\\/wp-content\\\/uploads\\\/2022\\\/10\\\/altos_de_chavon-18.jpg?resize=150%2C150&ssl=1\",\"image\":{\"@type\":\"ImageObject\",\"url\":\"https:\\\/\\\/i0.wp.com\\\/casadecampoliving.com\\\/wp-content\\\/uploads\\\/2022\\\/10\\\/altos_de_chavon-18.jpg?fit=650%2C350&ssl=1\"},\"articleSection\":\"Eventos\",\"author\":[{\"@type\":\"Person\",\"name\":\"FB_515917546\"}],\"creator\":[\"FB_515917546\"],\"publisher\":{\"@type\":\"Organization\",\"name\":\"Casa de Campo Living\",\"logo\":\"https:\\\/\\\/casadecampoliving.com\\\/wp-content\\\/uploads\\\/2022\\\/07\\\/CDCLivingLogo_V1-white-sized.png\"},\"keywords\":[\"badgley miscka\",\"chinois\",\"esplendor magico por la vida\",\"golf\"],\"dateCreated\":\"2012-01-27T04:00:00Z\",\"datePublished\":\"2012-01-27T04:00:00Z\",\"dateModified\":\"2022-10-21T22:38:22Z\"}<\/script>","tracker_url":"https:\/\/cdn.parsely.com\/keys\/casadecampoliving.com\/p.js"},"jetpack_publicize_connections":[],"jetpack_featured_media_url":"https:\/\/i0.wp.com\/casadecampoliving.com\/wp-content\/uploads\/2022\/10\/altos_de_chavon-18.jpg?fit=650%2C350&ssl=1","jetpack-related-posts":[{"id":338017,"url":"https:\/\/casadecampoliving.com\/es\/se-acerca-el-fin-de-semana-del-esplendor-magico-por-la-vida-de-la-fundacion-mir\/","url_meta":{"origin":338230,"position":0},"title":"Se acerca el fin de semana del Esplendor M\u00e1gico Por La Vida de la Fundaci\u00f3n MIR!","author":"","date":"9 Ene, 2012","format":false,"excerpt":"Se acerca uno de los eventos m\u00e1s glamurosos del a\u00f1o; el Esplendor M\u00e1gico Por La Vida, organizado para recaudar fondos para los proyectos y escuelas de esta instituci\u00f3n, este viernes 27 y s\u00e1bado 28 de enero en Playa Minitas de Casa de Campo! De las actividades que se realizar\u00e1n durante\u2026","rel":"","context":"En \u00abDestacados\u00bb","block_context":{"text":"Destacados","link":"https:\/\/casadecampoliving.com\/es\/category\/destacados\/"},"img":{"alt_text":"","src":"https:\/\/i0.wp.com\/casadecampoliving.com\/wp-content\/uploads\/2022\/10\/Magical_splendor_for_life_casadecampo.jpg?fit=565%2C298&ssl=1&resize=350%2C200","width":350,"height":200,"srcset":"https:\/\/i0.wp.com\/casadecampoliving.com\/wp-content\/uploads\/2022\/10\/Magical_splendor_for_life_casadecampo.jpg?fit=565%2C298&ssl=1&resize=350%2C200 1x, https:\/\/i0.wp.com\/casadecampoliving.com\/wp-content\/uploads\/2022\/10\/Magical_splendor_for_life_casadecampo.jpg?fit=565%2C298&ssl=1&resize=525%2C300 1.5x"},"classes":[]},{"id":338198,"url":"https:\/\/casadecampoliving.com\/es\/esplendor-magico-por-la-vida-de-mir-tickets-junior-a-solo-us150\/","url_meta":{"origin":338230,"position":1},"title":"Esplendor M\u00e1gico Por La Vida de MIR: Tickets Junior a s\u00f3lo US$150!","author":"","date":"24 Ene, 2012","format":false,"excerpt":"Este viernes 27 de enero, la Fundaci\u00f3n MIR celebrar\u00e1 el XXI Gala y Fashion Show del Esplendor M\u00e1gico Por La Vida en la Playa Minitas en Casa de Campo y este a\u00f1o estar\u00e1 ofreciendo los \u201cjunior tickets\u201d a s\u00f3lo US$150! Los Junior Tickets para el Esplendor M\u00e1gico Por La Vida\u2026","rel":"","context":"En \u00abCelebridades\u00bb","block_context":{"text":"Celebridades","link":"https:\/\/casadecampoliving.com\/es\/category\/celebridades-es\/"},"img":{"alt_text":"","src":"https:\/\/i0.wp.com\/casadecampoliving.com\/wp-content\/uploads\/2022\/10\/miss_republica_dominicana_fundacionMIR_casadecampo-1.jpg?fit=565%2C424&ssl=1&resize=350%2C200","width":350,"height":200,"srcset":"https:\/\/i0.wp.com\/casadecampoliving.com\/wp-content\/uploads\/2022\/10\/miss_republica_dominicana_fundacionMIR_casadecampo-1.jpg?fit=565%2C424&ssl=1&resize=350%2C200 1x, https:\/\/i0.wp.com\/casadecampoliving.com\/wp-content\/uploads\/2022\/10\/miss_republica_dominicana_fundacionMIR_casadecampo-1.jpg?fit=565%2C424&ssl=1&resize=525%2C300 1.5x"},"classes":[]},{"id":340453,"url":"https:\/\/casadecampoliving.com\/es\/los-glamurosos-detalles-del-proximo-esplendor-magico-por-la-vida-de-la-fundacion-mir-19-de-enero\/","url_meta":{"origin":338230,"position":2},"title":"Los glamurosos detalles del pr\u00f3ximo Esplendor M\u00e1gico por la Vida de la Fundaci\u00f3n MIR: 19 de enero","author":"","date":"9 Ene, 2013","format":false,"excerpt":"El pr\u00f3ximo s\u00e1bado 19 de enero, Alfy y Raysa Fanjul les invita al XXI Esplendor M\u00e1gico Por la Vida, evento que incluir\u00e1 un torneo de golf y cena de gala junto a un fashion show presentado por Badgley Mischka. Debido a las crecientes expectativas de este m\u00e1gico evento, aqu\u00ed les\u2026","rel":"","context":"En \u00abDestacados\u00bb","block_context":{"text":"Destacados","link":"https:\/\/casadecampoliving.com\/es\/category\/destacados\/"},"img":{"alt_text":"","src":"https:\/\/i0.wp.com\/casadecampoliving.com\/wp-content\/uploads\/2022\/10\/fundaion_MIR1-1.jpg?fit=650%2C434&ssl=1&resize=350%2C200","width":350,"height":200,"srcset":"https:\/\/i0.wp.com\/casadecampoliving.com\/wp-content\/uploads\/2022\/10\/fundaion_MIR1-1.jpg?fit=650%2C434&ssl=1&resize=350%2C200 1x, https:\/\/i0.wp.com\/casadecampoliving.com\/wp-content\/uploads\/2022\/10\/fundaion_MIR1-1.jpg?fit=650%2C434&ssl=1&resize=525%2C300 1.5x"},"classes":[]},{"id":340485,"url":"https:\/\/casadecampoliving.com\/es\/fundacion-mir-anuncio-junior-tickets-a-us150-para-el-esplendor-magico-de-la-vida-este-sabado\/","url_meta":{"origin":338230,"position":3},"title":"Fundaci\u00f3n MIR anuncia \u00abJunior Tickets\u00bb a US$150 para el Esplendor M\u00e1gico por la Vida &#8211; este s\u00e1bado","author":"Rebecca Silvestri","date":"15 Ene, 2013","format":false,"excerpt":"Este s\u00e1bado 19 de Enero la fundaci\u00f3n MIR estar\u00e1 celebrando su 22avo evento anual\u00a0de recaudaci\u00f3n de fondos \u00a0Esplendor M\u00e1gico por la Vida \u2013\u00a0y para atraer a los m\u00e1s j\u00f3venes acaban de anunciar \u201cBoletas Junior\u201d para los menores de 35 a\u00f1os a US$150. As\u00ed que si tu (o alguien que conozcas)\u2026","rel":"","context":"En \u00abArte y cultura\u00bb","block_context":{"text":"Arte y cultura","link":"https:\/\/casadecampoliving.com\/category\/arte-y-cultura\/"},"img":{"alt_text":"miss dominican republic dalia fernandez","src":"https:\/\/i0.wp.com\/casadecampoliving.com\/wp-content\/uploads\/2022\/10\/miss_dominican_republic_dalia_fernandez3-1.jpg?fit=650%2C382&ssl=1&resize=350%2C200","width":350,"height":200,"srcset":"https:\/\/i0.wp.com\/casadecampoliving.com\/wp-content\/uploads\/2022\/10\/miss_dominican_republic_dalia_fernandez3-1.jpg?fit=650%2C382&ssl=1&resize=350%2C200 1x, https:\/\/i0.wp.com\/casadecampoliving.com\/wp-content\/uploads\/2022\/10\/miss_dominican_republic_dalia_fernandez3-1.jpg?fit=650%2C382&ssl=1&resize=525%2C300 1.5x"},"classes":[]},{"id":337106,"url":"https:\/\/casadecampoliving.com\/es\/reserva-la-fecha-esplendor-magico-por-la-vida-de-fundacion-mir-27-al-29-de-enero-2012-2\/","url_meta":{"origin":338230,"position":4},"title":"Reserva la Fecha! \u00abEsplendor M\u00e1gico por la Vida\u00bb de Fundaci\u00f3n MIR, 27 al 29 de enero, 2012","author":"Rebecca Silvestri","date":"21 Oct, 2011","format":false,"excerpt":"Reserva La fecha! Pr\u00f3ximo a\u00f1o \u201cEsplendor M\u00e1gico por la Vida\u201d fin de semana y gala a beneficio de Fundaci\u00f3n MIR se llevar\u00e1 a cabo del 27 al 29 de enero de 2012 y aqu\u00ed damos una vista previa del emocionante y prestigioso evento ademas de las actividades que tienen lugar\u2026","rel":"","context":"En \u00abArte y cultura\u00bb","block_context":{"text":"Arte y cultura","link":"https:\/\/casadecampoliving.com\/category\/arte-y-cultura\/"},"img":{"alt_text":"fundacion MIR casa de campo","src":"https:\/\/i0.wp.com\/casadecampoliving.com\/wp-content\/uploads\/2022\/10\/fundacion_MIR_casa_de_campo-3.jpg?fit=565%2C384&ssl=1&resize=350%2C200","width":350,"height":200,"srcset":"https:\/\/i0.wp.com\/casadecampoliving.com\/wp-content\/uploads\/2022\/10\/fundacion_MIR_casa_de_campo-3.jpg?fit=565%2C384&ssl=1&resize=350%2C200 1x, https:\/\/i0.wp.com\/casadecampoliving.com\/wp-content\/uploads\/2022\/10\/fundacion_MIR_casa_de_campo-3.jpg?fit=565%2C384&ssl=1&resize=525%2C300 1.5x"},"classes":[]},{"id":340479,"url":"https:\/\/casadecampoliving.com\/es\/miss-republica-dominicana-dulcita-lieggi-francisco-dara-su-apoyo-a-la-fundacion-mir-en-el-evento-esplendor-magico-por-la-vida-este-sabado\/","url_meta":{"origin":338230,"position":5},"title":"Miss Republica Dominicana, Dulcita Lieggi Francisco dar\u00e1 su apoyo a la Fundaci\u00f3n MIR en el evento Esplendor M\u00e1gico por la Vida &#8211; este s\u00e1bado!","author":"lperdomo","date":"14 Ene, 2013","format":false,"excerpt":"Este s\u00e1bado 19 de Enero, Alfy y Raysa Fanjul, te invitan al 22avo Esplendor M\u00e1gico por la Vida \u2013 un evento para recaudar fondos para la fundaci\u00f3n MIR que promete ser \u00a0inolvidable con invitados especiales, celebridades y nuevos talentos como la hermosa Miss Rep\u00fablica Dominicana 2012! Tomando lugar este a\u00f1o\u2026","rel":"","context":"En \u00abDeportes\u00bb","block_context":{"text":"Deportes","link":"https:\/\/casadecampoliving.com\/es\/category\/golf-deportes-es\/"},"img":{"alt_text":"dulcita leggi","src":"https:\/\/i0.wp.com\/casadecampoliving.com\/wp-content\/uploads\/2022\/10\/dulcita_leggi-1.jpg?fit=650%2C400&ssl=1&resize=350%2C200","width":350,"height":200,"srcset":"https:\/\/i0.wp.com\/casadecampoliving.com\/wp-content\/uploads\/2022\/10\/dulcita_leggi-1.jpg?fit=650%2C400&ssl=1&resize=350%2C200 1x, https:\/\/i0.wp.com\/casadecampoliving.com\/wp-content\/uploads\/2022\/10\/dulcita_leggi-1.jpg?fit=650%2C400&ssl=1&resize=525%2C300 1.5x"},"classes":[]}],"jetpack_sharing_enabled":true,"_links":{"self":[{"href":"https:\/\/casadecampoliving.com\/es\/wp-json\/wp\/v2\/posts\/338230","targetHints":{"allow":["GET"]}}],"collection":[{"href":"https:\/\/casadecampoliving.com\/es\/wp-json\/wp\/v2\/posts"}],"about":[{"href":"https:\/\/casadecampoliving.com\/es\/wp-json\/wp\/v2\/types\/post"}],"author":[{"embeddable":true,"href":"https:\/\/casadecampoliving.com\/es\/wp-json\/wp\/v2\/users\/21"}],"replies":[{"embeddable":true,"href":"https:\/\/casadecampoliving.com\/es\/wp-json\/wp\/v2\/comments?post=338230"}],"version-history":[{"count":1,"href":"https:\/\/casadecampoliving.com\/es\/wp-json\/wp\/v2\/posts\/338230\/revisions"}],"predecessor-version":[{"id":338231,"href":"https:\/\/casadecampoliving.com\/es\/wp-json\/wp\/v2\/posts\/338230\/revisions\/338231"}],"wp:featuredmedia":[{"embeddable":true,"href":"https:\/\/casadecampoliving.com\/es\/wp-json\/wp\/v2\/media\/245538"}],"wp:attachment":[{"href":"https:\/\/casadecampoliving.com\/es\/wp-json\/wp\/v2\/media?parent=338230"}],"wp:term":[{"taxonomy":"category","embeddable":true,"href":"https:\/\/casadecampoliving.com\/es\/wp-json\/wp\/v2\/categories?post=338230"},{"taxonomy":"post_tag","embeddable":true,"href":"https:\/\/casadecampoliving.com\/es\/wp-json\/wp\/v2\/tags?post=338230"},{"taxonomy":"newspack_spnsrs_tax","embeddable":true,"href":"https:\/\/casadecampoliving.com\/es\/wp-json\/wp\/v2\/newspack_spnsrs_tax?post=338230"}],"curies":[{"name":"wp","href":"https:\/\/api.w.org\/{rel}","templated":true}]}}