{"id":338214,"date":"2012-01-26T00:00:00","date_gmt":"2012-01-26T04:00:00","guid":{"rendered":"https:\/\/casadecampoliving.com\/pedro-nolasco-ball-boy-de-casa-de-campo-representara-a-la-republica-dominicana-en-los-torneos-internacionales-de-tennis-copa-davis\/"},"modified":"2022-10-21T18:46:52","modified_gmt":"2022-10-21T22:46:52","slug":"pedro-nolasco-ball-boy-de-casa-de-campo-representara-a-la-republica-dominicana-en-los-torneos-internacionales-de-tennis-copa-davis","status":"publish","type":"post","link":"https:\/\/casadecampoliving.com\/es\/pedro-nolasco-ball-boy-de-casa-de-campo-representara-a-la-republica-dominicana-en-los-torneos-internacionales-de-tennis-copa-davis\/","title":{"rendered":"Pedro Nolasco, ball boy de Casa de Campo representar\u00e1 a la Rep\u00fablica Dominicana en los torneos internacionales de tennis, Copa Davis!"},"content":{"rendered":"<div class=\"wp-block-image\">\n<figure class=\"aligncenter is-resized\"><img loading=\"lazy\" decoding=\"async\" src=\"https:\/\/i0.wp.com\/casadecampoliving.com\/wp-content\/uploads\/2022\/10\/pedro_nolasco_tennis.jpg?resize=650%2C434&amp;ssl=1\" alt=\"pedro nolasco tennis\" class=\"wp-image-43553\" title=\"pedro_nolasco_tennis\" height=\"434\" width=\"650\"\/><\/figure>\n<\/div>\n\n\n<p>Pedro Nolasco, quien ha sido ball boy en el Club de Tenis de La Terraza en Casa de Campo por m\u00e1s de 12 a\u00f1os, representar\u00e1 a la Rep\u00fablica Dominicana en la Copa Davis, un evento internacional integrado por hombres en equipos de primera, manejado por la <a href=\"http:\/\/es.wikipedia.org\/wiki\/Federaci%C3%B3n_Internacional_de_Tenis\">Federaci\u00f3n Internacional de Tenis<\/a> (FIT).<\/p>\n\n\n\n<p>Anteriormente, con el apoyo de su entrenador y mentor, Emilio V\u00e1squez, el director de Tenis de Casa de Campo y el auspicio del Central Romana, Pedro, quien fue campe\u00f3n del &nbsp;<a href=\"https:\/\/casadecampoliving.com\/2011\/03\/success-at-the-6th-annual-mcdaniel-teaching-pro-tennis-tournament\/\">\u201cMcDaniel Tennis Tournament\u201d<\/a>, torneo que se realiz\u00f3 el a\u00f1o pasado, jug\u00f3 un round robin en el Parque L\u2019Este en Santo Domingo. Compitiendo contra 14 destacados jugadores de tenis, Pedro obtuvo la victoria, convirti\u00e9ndose as\u00ed en parte del equipo dominicano que participar\u00e1 en la Copa Davis y colocado como el #4 en el tenis del pa\u00eds.<\/p>\n\n\n<div class=\"wp-block-image\">\n<figure class=\"aligncenter is-resized\"><img loading=\"lazy\" decoding=\"async\" src=\"https:\/\/i0.wp.com\/casadecampoliving.com\/wp-content\/uploads\/2022\/10\/pedro_nolasco_tennis2.jpg?resize=650%2C384&amp;ssl=1\" alt=\"pedro nolasco tennis\" class=\"wp-image-43555\" title=\"pedro_nolasco_tennis\" height=\"384\" width=\"650\"\/><\/figure>\n<\/div>\n\n\n<p class=\"has-text-align-center\"><strong>Emilio V\u00e1squez, Pedro Nolasco, Rick McDaniel y Francisco Concepci\u00f3n<\/strong><br>\n<\/p>\n\n\n\n<p>&nbsp;Pedro Nolasco competir\u00e1 en el \u201cAmericas Group 2 division\u201d de la Copa Davis 2012, en el fin de semana del 10 al 12 de febrero con Victor Estrella, el jugador #1 de la Rep\u00fablica Dominicana, quien tambi\u00e9n recibe el #160 en el ranking de los mejores jugadores del mundo, Johnson Garc\u00eda y Bebo Fern\u00e1ndez, que reciben el #2 y #3 respectivamente en el pa\u00eds. En este primer round del torneo, que ha de ser jugado en formato \u201cknock-out\u201d, la Rep\u00fablica Dominicana se enfrentar\u00e1 a Bolivia en el Parque L\u2019Este en Santo Domingo.<\/p>\n\n\n<div class=\"wp-block-image\">\n<figure class=\"alignright is-resized\"><img loading=\"lazy\" decoding=\"async\" src=\"https:\/\/i0.wp.com\/casadecampoliving.com\/wp-content\/uploads\/2022\/10\/pedro_nolasco_tennis1.jpg?resize=250%2C358&amp;ssl=1\" alt=\"\" class=\"wp-image-43554\" title=\"pedro_nolasco_tennis\" height=\"358\" width=\"250\"\/><\/figure>\n<\/div>\n\n\n<p>Este 30 de enero, Pedro se unir\u00e1 a su equipo en Santo Domingo para componer las \u201c4 raquetas\u201d (el equipo de 4 hombres que representar\u00e1 a la Rep\u00fablica Domincana) para dar inicio a dos semanas de un intenso entrenamiento que se llevar\u00e1 a cabo antes del campeonato que comenzar\u00e1 el 10 de febrero.<\/p>\n\n\n\n<p>Despu\u00e9s del primer round del torneo, si la Rep\u00fablica Dominicana sale victoriosa, Pedro Nolasco y sus compa\u00f1eros competir\u00e1n en el segundo round del torneo en el fin de semana del 6 al 8 de abril y se enfrentar\u00e1n a Puerto Rico o Venezuela. El tercer round (y final) que esperamos incluya a la Rep\u00fablica Dominicana, se jugar\u00e1 desde el 14 al 16 de septiembre.<\/p>\n\n\n\n<blockquote class=\"wp-block-quote is-layout-flow wp-block-quote-is-layout-flow\"><p><strong>Desea ver a la Rep\u00fablica Dominicana competir en las \u201cAmericas Group 2 division\u201d de la Copa Davis?<br>\n<\/strong>Claqro que puede! El torneo se realizar\u00e1 en el Parque L\u2019Este en Santo Domingo. No requiere de tickets y la entrada es completamente gratis!<br>\n<strong>Cu\u00e1ndo:<\/strong>&nbsp; 10 \u2013 12 de febrero<br>\n<strong>Hora:<\/strong>&nbsp;Desde las 9am<br>\n<strong>Info:<\/strong> Por favor comun\u00edquese con el Club de Tenis de Casa de Campo en: tenis@ccampo.com o a la extensi\u00f3n 5940<\/p><\/blockquote>\n\n\n<div class=\"wp-block-image\">\n<figure class=\"aligncenter is-resized\"><img loading=\"lazy\" decoding=\"async\" src=\"https:\/\/i0.wp.com\/casadecampoliving.com\/wp-content\/uploads\/2022\/10\/davis_cup_tennis.jpg?resize=550%2C351&amp;ssl=1\" alt=\"davis cup tennis tournament\" class=\"wp-image-43551\" title=\"davis_cup_tennis\" height=\"351\" width=\"550\"\/><\/figure>\n<\/div>\n\n\n<p class=\"has-text-align-center\"><strong>La RD participar\u00e1 en la \u201cAmericas Group 2 division\u201d de la Copa Davis<\/strong><br>\n<\/p>\n\n\n\n<blockquote><p><strong>Sobre Pedro Nolasco<\/strong><\/p><figure><img decoding=\"async\" loading=\"lazy\" class=\"wp-image-43562 alignright\" style=\"margin-left: 15px; margin-right: 15px;\" title=\"pedro_nolasco_tennis\" src=\"https:\/\/i0.wp.com\/casadecampoliving.com\/wp-content\/uploads\/2022\/10\/pedro_nolasco_tennis3.jpg?resize=160%2C227&amp;ssl=1\" alt=\"\" width=\"160\" height=\"227\"><\/figure><p>Pedro empez\u00f3 a trabajar y entrenar en el Club de Tenis de La Terraza en Casa de Campo cuando apenas ten\u00eda 8 a\u00f1os y desde peque\u00f1o mostr\u00f3 un gran potencial e inter\u00e9s por este deporte.Destinado a convertirse en un exitoso atleta, el padre de Pedro, Pedro Julio Nolasco, gan\u00f3 la medalla para la Rep\u00fablica Dominicana en las Olimp\u00edadas de Verano de 1984 en Los&nbsp;\u00c1ngeles, cuando gan\u00f3&nbsp;la medalla de bronce en la categor\u00eda bantamweight de hombres. En La Romana, se le recuerda a Pedro Julio Nolasco como el pionero del deporte e incluso fue honrado con un estadio de boxeo que lleva su nombre; el \u201cEstadio Pedro Julio Nolasco\u201d. No hay duda de que Pedro (jr.) seguir\u00e1 los pasos de su padre! Hoy como el #4 mejor jugador de la Rep\u00fablica Dominicana, Pedrio Nolasco, a la edad de 20, y luego de finalizar sus estudios, espera poder obtener una beca para estudiar en una universidad de los Estados Unidos, en donde podr\u00e1 mejorar y desarrollar sus destrezas en torno al tenis.<\/p><\/blockquote>\n\n\n\n<blockquote><p><strong>Sobre la Copa Davis&nbsp;<\/strong><\/p><p>La Copa Davis es un evento internacional de equipos de primera en el mundo del tenis. Este lo realiza la <a href=\"http:\/\/es.wikipedia.org\/wiki\/Federaci%C3%B3n_Internacional_de_Tenis\">Federaci\u00f3n Internacional de Tenis<\/a> (FIT) y se trata de competencias entre equipos que representan a distintos pa\u00edses en formato&nbsp;knock-out. Los competidores de la Copa Davis est\u00e1n divididos en 4 grupos; los \u201cWorld Group\u201d y los grupos 1, 2 y 3. El grupo clave es el \u201cWorld Group\u201d integra a los 16 mejores equipos nacionales y son los competidores de este grupo que compiten por la Copa Davis. Todos los dem\u00e1s pa\u00edses que no son parte de este grupo, son divididos entre distintas regiones;&nbsp;Am\u00e9ricas, Asia\/Ocean\u00eda y Europa\/\u00c1frica que compiten en grupos 1, 2 y 3.&nbsp;&nbsp; Las naciones van escalando grupos una vez resultan ganadores dentro de su grupo actual. Es decir, que si la Rep\u00fablica Dominicana resulta ganador del grupo 2 de las&nbsp;Am\u00e9ricas, el pr\u00f3ximo a\u00f1o estar\u00eda compitiendo en la divisi\u00f3n del grupo 1 y de ser victorioso, pronto formar\u00e1 parte del \u201cWorld Group\u201d y podr\u00e1 entonces competir por la Copa Davis!<br>\n<strong>Fuentes:<\/strong> <a href=\"http:\/\/en.wikipedia.org\/wiki\/Davis_cup\">wikipedia.org<\/a> and &nbsp;<a href=\"http:\/\/www.daviscup.com\/en\/home.aspx\">daviscup.org<\/a><\/p><figure><img decoding=\"async\" loading=\"lazy\" class=\"aligncenter size-full wp-image-43552\" title=\"davis_cup_tennis\" src=\"https:\/\/i0.wp.com\/casadecampoliving.com\/wp-content\/uploads\/2022\/10\/davis_cup_tennis1.jpg?resize=550%2C645&amp;ssl=1\" alt=\"davis cup tennis\" width=\"550\" height=\"645\"><\/figure><p style=\"text-align: center;\"><strong>La Estructura de la Copa Davis<\/strong><br>\n<\/p><\/blockquote>\n","protected":false},"excerpt":{"rendered":"<p>Pedro Nolasco, quien ha sido ball boy en el Club de Tenis de La Terraza en Casa de Campo por m\u00e1s de 12 a\u00f1os, representar\u00e1 a la Rep\u00fablica Dominicana en la Copa Davis, un evento internacional integrado por hombres en equipos de primera, manejado por la Federaci\u00f3n Internacional de Tenis (FIT). Anteriormente, con el apoyo [&hellip;]<\/p>\n","protected":false},"author":21,"featured_media":247414,"comment_status":"closed","ping_status":"closed","sticky":false,"template":"","format":"standard","meta":{"newspack_ads_suppress_ads":false,"newspack_popups_has_disabled_popups":false,"newspack_sponsor_sponsorship_scope":"","newspack_sponsor_native_byline_display":"inherit","newspack_sponsor_native_category_display":"inherit","newspack_sponsor_underwriter_style":"inherit","newspack_sponsor_underwriter_placement":"inherit","_newspack_byline_active":false,"_newspack_byline":"","newspack_hide_updated_date":false,"newspack_show_updated_date":false,"newspack_content_restriction_is_exempt":false,"newspack_featured_image_position":"","newspack_post_subtitle":"","newspack_article_summary_title":"Overview:","newspack_article_summary":"","_jetpack_memberships_contains_paid_content":false,"footnotes":"","jetpack_publicize_message":"","jetpack_publicize_feature_enabled":true,"jetpack_social_post_already_shared":false,"jetpack_social_options":{"image_generator_settings":{"template":"highway","default_image_id":0,"font":"","enabled":false},"version":2},"_wpas_customize_per_network":false},"categories":[2525,2524,14631,2522,2506,14625,14627,26822,2527,2526],"tags":[3676,2637],"newspack_spnsrs_tax":[],"class_list":["post-338214","post","type-post","status-publish","format-standard","has-post-thumbnail","hentry","category-golf-deportes-es","category-destacados","category-estilo-de-vida","category-eventos-es","category-mas-alla-de-casa-es","category-noticias-locales","category-proximamente","category-resort-casa-de-campo","category-salud","category-titulares-es","tag-pedro-nolasco","tag-tenis","entry"],"yoast_head":"<!-- This site is optimized with the Yoast SEO plugin v27.5 - https:\/\/yoast.com\/product\/yoast-seo-wordpress\/ -->\n<title>Pedro Nolasco, ball boy de Casa de Campo representar\u00e1 a la Rep\u00fablica Dominicana en los torneos internacionales de tennis, Copa Davis! | Casa de Campo Living<\/title>\n<meta name=\"description\" content=\"Pedro Nolasco, quien ha sido ball boy en el Club de Tenis de La Terraza en Casa de Campo por m\u00e1s de 12 a\u00f1os, representar\u00e1 a la Rep\u00fablica Dominicana en la\" \/>\n<meta name=\"robots\" content=\"index, follow, max-snippet:-1, max-image-preview:large, max-video-preview:-1\" \/>\n<link rel=\"canonical\" href=\"https:\/\/casadecampoliving.com\/es\/pedro-nolasco-ball-boy-de-casa-de-campo-representara-a-la-republica-dominicana-en-los-torneos-internacionales-de-tennis-copa-davis\/\" \/>\n<meta property=\"og:locale\" content=\"es_ES\" \/>\n<meta property=\"og:type\" content=\"article\" \/>\n<meta property=\"og:title\" content=\"Pedro Nolasco, ball boy de Casa de Campo representar\u00e1 a la Rep\u00fablica Dominicana en los torneos internacionales de tennis, Copa Davis! | Casa de Campo Living\" \/>\n<meta property=\"og:description\" content=\"Pedro Nolasco, quien ha sido ball boy en el Club de Tenis de La Terraza en Casa de Campo por m\u00e1s de 12 a\u00f1os, representar\u00e1 a la Rep\u00fablica Dominicana en la\" \/>\n<meta property=\"og:url\" content=\"https:\/\/casadecampoliving.com\/es\/pedro-nolasco-ball-boy-de-casa-de-campo-representara-a-la-republica-dominicana-en-los-torneos-internacionales-de-tennis-copa-davis\/\" \/>\n<meta property=\"og:site_name\" content=\"Casa de Campo Living\" \/>\n<meta property=\"article:publisher\" content=\"https:\/\/www.facebook.com\/casadecampoliving\" \/>\n<meta property=\"article:published_time\" content=\"2012-01-26T04:00:00+00:00\" \/>\n<meta property=\"article:modified_time\" content=\"2022-10-21T22:46:52+00:00\" \/>\n<meta property=\"og:image\" content=\"https:\/\/i0.wp.com\/casadecampoliving.com\/wp-content\/uploads\/2022\/10\/pedro_nolasco_tennis-1.jpg?fit=650%2C434&ssl=1\" \/>\n\t<meta property=\"og:image:width\" content=\"650\" \/>\n\t<meta property=\"og:image:height\" content=\"434\" \/>\n\t<meta property=\"og:image:type\" content=\"image\/jpeg\" \/>\n<meta name=\"twitter:card\" content=\"summary_large_image\" \/>\n<meta name=\"twitter:creator\" content=\"@cdcliving\" \/>\n<meta name=\"twitter:site\" content=\"@cdcliving\" \/>\n<meta name=\"twitter:label1\" content=\"Escrito por\" \/>\n\t<meta name=\"twitter:data1\" content=\"\" \/>\n\t<meta name=\"twitter:label2\" content=\"Tiempo de lectura\" \/>\n\t<meta name=\"twitter:data2\" content=\"4 minutos\" \/>\n<script type=\"application\/ld+json\" class=\"yoast-schema-graph\">{\"@context\":\"https:\\\/\\\/schema.org\",\"@graph\":[{\"@type\":\"Article\",\"@id\":\"https:\\\/\\\/casadecampoliving.com\\\/es\\\/pedro-nolasco-ball-boy-de-casa-de-campo-representara-a-la-republica-dominicana-en-los-torneos-internacionales-de-tennis-copa-davis\\\/#article\",\"isPartOf\":{\"@id\":\"https:\\\/\\\/casadecampoliving.com\\\/es\\\/pedro-nolasco-ball-boy-de-casa-de-campo-representara-a-la-republica-dominicana-en-los-torneos-internacionales-de-tennis-copa-davis\\\/\"},\"author\":{\"name\":\"\",\"@id\":\"https:\\\/\\\/casadecampoliving.com\\\/es\\\/#\\\/schema\\\/person\\\/7e3b975d584a5f6ac0fd7128a81b0bc5\"},\"headline\":\"Pedro Nolasco, ball boy de Casa de Campo representar\u00e1 a la Rep\u00fablica Dominicana en los torneos internacionales de tennis, Copa Davis!\",\"datePublished\":\"2012-01-26T04:00:00+00:00\",\"dateModified\":\"2022-10-21T22:46:52+00:00\",\"mainEntityOfPage\":{\"@id\":\"https:\\\/\\\/casadecampoliving.com\\\/es\\\/pedro-nolasco-ball-boy-de-casa-de-campo-representara-a-la-republica-dominicana-en-los-torneos-internacionales-de-tennis-copa-davis\\\/\"},\"wordCount\":856,\"publisher\":{\"@id\":\"https:\\\/\\\/casadecampoliving.com\\\/es\\\/#organization\"},\"image\":{\"@id\":\"https:\\\/\\\/casadecampoliving.com\\\/es\\\/pedro-nolasco-ball-boy-de-casa-de-campo-representara-a-la-republica-dominicana-en-los-torneos-internacionales-de-tennis-copa-davis\\\/#primaryimage\"},\"thumbnailUrl\":\"https:\\\/\\\/i0.wp.com\\\/casadecampoliving.com\\\/wp-content\\\/uploads\\\/2022\\\/10\\\/pedro_nolasco_tennis-1.jpg?fit=650%2C434&ssl=1\",\"keywords\":[\"Pedro Nolasco\",\"tenis\"],\"articleSection\":[\"Deportes\",\"Destacados\",\"Estilo de Vida\",\"Eventos\",\"M\u00e1s all\u00e1 de Casa\",\"Noticias Locales\",\"Proximamente\",\"Resort Casa de Campo\",\"Salud\",\"Titulares\"],\"inLanguage\":\"es\"},{\"@type\":\"WebPage\",\"@id\":\"https:\\\/\\\/casadecampoliving.com\\\/es\\\/pedro-nolasco-ball-boy-de-casa-de-campo-representara-a-la-republica-dominicana-en-los-torneos-internacionales-de-tennis-copa-davis\\\/\",\"url\":\"https:\\\/\\\/casadecampoliving.com\\\/es\\\/pedro-nolasco-ball-boy-de-casa-de-campo-representara-a-la-republica-dominicana-en-los-torneos-internacionales-de-tennis-copa-davis\\\/\",\"name\":\"Pedro Nolasco, ball boy de Casa de Campo representar\u00e1 a la Rep\u00fablica Dominicana en los torneos internacionales de tennis, Copa Davis! | Casa de Campo Living\",\"isPartOf\":{\"@id\":\"https:\\\/\\\/casadecampoliving.com\\\/es\\\/#website\"},\"primaryImageOfPage\":{\"@id\":\"https:\\\/\\\/casadecampoliving.com\\\/es\\\/pedro-nolasco-ball-boy-de-casa-de-campo-representara-a-la-republica-dominicana-en-los-torneos-internacionales-de-tennis-copa-davis\\\/#primaryimage\"},\"image\":{\"@id\":\"https:\\\/\\\/casadecampoliving.com\\\/es\\\/pedro-nolasco-ball-boy-de-casa-de-campo-representara-a-la-republica-dominicana-en-los-torneos-internacionales-de-tennis-copa-davis\\\/#primaryimage\"},\"thumbnailUrl\":\"https:\\\/\\\/i0.wp.com\\\/casadecampoliving.com\\\/wp-content\\\/uploads\\\/2022\\\/10\\\/pedro_nolasco_tennis-1.jpg?fit=650%2C434&ssl=1\",\"datePublished\":\"2012-01-26T04:00:00+00:00\",\"dateModified\":\"2022-10-21T22:46:52+00:00\",\"description\":\"Pedro Nolasco, quien ha sido ball boy en el Club de Tenis de La Terraza en Casa de Campo por m\u00e1s de 12 a\u00f1os, representar\u00e1 a la Rep\u00fablica Dominicana en la\",\"breadcrumb\":{\"@id\":\"https:\\\/\\\/casadecampoliving.com\\\/es\\\/pedro-nolasco-ball-boy-de-casa-de-campo-representara-a-la-republica-dominicana-en-los-torneos-internacionales-de-tennis-copa-davis\\\/#breadcrumb\"},\"inLanguage\":\"es\",\"potentialAction\":[{\"@type\":\"ReadAction\",\"target\":[\"https:\\\/\\\/casadecampoliving.com\\\/es\\\/pedro-nolasco-ball-boy-de-casa-de-campo-representara-a-la-republica-dominicana-en-los-torneos-internacionales-de-tennis-copa-davis\\\/\"]}]},{\"@type\":\"ImageObject\",\"inLanguage\":\"es\",\"@id\":\"https:\\\/\\\/casadecampoliving.com\\\/es\\\/pedro-nolasco-ball-boy-de-casa-de-campo-representara-a-la-republica-dominicana-en-los-torneos-internacionales-de-tennis-copa-davis\\\/#primaryimage\",\"url\":\"https:\\\/\\\/i0.wp.com\\\/casadecampoliving.com\\\/wp-content\\\/uploads\\\/2022\\\/10\\\/pedro_nolasco_tennis-1.jpg?fit=650%2C434&ssl=1\",\"contentUrl\":\"https:\\\/\\\/i0.wp.com\\\/casadecampoliving.com\\\/wp-content\\\/uploads\\\/2022\\\/10\\\/pedro_nolasco_tennis-1.jpg?fit=650%2C434&ssl=1\",\"width\":650,\"height\":434,\"caption\":\"pedro nolasco tennis\"},{\"@type\":\"BreadcrumbList\",\"@id\":\"https:\\\/\\\/casadecampoliving.com\\\/es\\\/pedro-nolasco-ball-boy-de-casa-de-campo-representara-a-la-republica-dominicana-en-los-torneos-internacionales-de-tennis-copa-davis\\\/#breadcrumb\",\"itemListElement\":[{\"@type\":\"ListItem\",\"position\":1,\"name\":\"Home\",\"item\":\"https:\\\/\\\/casadecampoliving.com\\\/es\\\/\"},{\"@type\":\"ListItem\",\"position\":2,\"name\":\"Pedro Nolasco, ball boy de Casa de Campo representar\u00e1 a la Rep\u00fablica Dominicana en los torneos internacionales de tennis, Copa Davis!\"}]},{\"@type\":\"WebSite\",\"@id\":\"https:\\\/\\\/casadecampoliving.com\\\/es\\\/#website\",\"url\":\"https:\\\/\\\/casadecampoliving.com\\\/es\\\/\",\"name\":\"Casa de Campo Living\",\"description\":\"Resort community news and resources.\",\"publisher\":{\"@id\":\"https:\\\/\\\/casadecampoliving.com\\\/es\\\/#organization\"},\"potentialAction\":[{\"@type\":\"SearchAction\",\"target\":{\"@type\":\"EntryPoint\",\"urlTemplate\":\"https:\\\/\\\/casadecampoliving.com\\\/es\\\/?s={search_term_string}\"},\"query-input\":{\"@type\":\"PropertyValueSpecification\",\"valueRequired\":true,\"valueName\":\"search_term_string\"}}],\"inLanguage\":\"es\"},{\"@type\":\"Organization\",\"@id\":\"https:\\\/\\\/casadecampoliving.com\\\/es\\\/#organization\",\"name\":\"Casa de Campo Living\",\"url\":\"https:\\\/\\\/casadecampoliving.com\\\/es\\\/\",\"logo\":{\"@type\":\"ImageObject\",\"inLanguage\":\"es\",\"@id\":\"https:\\\/\\\/casadecampoliving.com\\\/es\\\/#\\\/schema\\\/logo\\\/image\\\/\",\"url\":\"https:\\\/\\\/i0.wp.com\\\/casadecampoliving.com\\\/wp-content\\\/uploads\\\/2022\\\/07\\\/CDCLivingLogo_V1-white-sized.png?fit=800%2C214&ssl=1\",\"contentUrl\":\"https:\\\/\\\/i0.wp.com\\\/casadecampoliving.com\\\/wp-content\\\/uploads\\\/2022\\\/07\\\/CDCLivingLogo_V1-white-sized.png?fit=800%2C214&ssl=1\",\"width\":800,\"height\":214,\"caption\":\"Casa de Campo Living\"},\"image\":{\"@id\":\"https:\\\/\\\/casadecampoliving.com\\\/es\\\/#\\\/schema\\\/logo\\\/image\\\/\"},\"sameAs\":[\"https:\\\/\\\/www.facebook.com\\\/casadecampoliving\",\"https:\\\/\\\/x.com\\\/cdcliving\"]},{\"@type\":\"Person\",\"@id\":\"https:\\\/\\\/casadecampoliving.com\\\/es\\\/#\\\/schema\\\/person\\\/7e3b975d584a5f6ac0fd7128a81b0bc5\",\"name\":\"\",\"image\":{\"@type\":\"ImageObject\",\"inLanguage\":\"es\",\"@id\":\"https:\\\/\\\/secure.gravatar.com\\\/avatar\\\/?s=96&d=mm&r=g\",\"url\":\"https:\\\/\\\/secure.gravatar.com\\\/avatar\\\/?s=96&d=mm&r=g\",\"contentUrl\":\"https:\\\/\\\/secure.gravatar.com\\\/avatar\\\/?s=96&d=mm&r=g\"},\"url\":\"https:\\\/\\\/casadecampoliving.com\\\/es\\\/author\\\/ \\\/\"}]}<\/script>\n<!-- \/ Yoast SEO plugin. -->","yoast_head_json":{"title":"Pedro Nolasco, ball boy de Casa de Campo representar\u00e1 a la Rep\u00fablica Dominicana en los torneos internacionales de tennis, Copa Davis! | Casa de Campo Living","description":"Pedro Nolasco, quien ha sido ball boy en el Club de Tenis de La Terraza en Casa de Campo por m\u00e1s de 12 a\u00f1os, representar\u00e1 a la Rep\u00fablica Dominicana en la","robots":{"index":"index","follow":"follow","max-snippet":"max-snippet:-1","max-image-preview":"max-image-preview:large","max-video-preview":"max-video-preview:-1"},"canonical":"https:\/\/casadecampoliving.com\/es\/pedro-nolasco-ball-boy-de-casa-de-campo-representara-a-la-republica-dominicana-en-los-torneos-internacionales-de-tennis-copa-davis\/","og_locale":"es_ES","og_type":"article","og_title":"Pedro Nolasco, ball boy de Casa de Campo representar\u00e1 a la Rep\u00fablica Dominicana en los torneos internacionales de tennis, Copa Davis! | Casa de Campo Living","og_description":"Pedro Nolasco, quien ha sido ball boy en el Club de Tenis de La Terraza en Casa de Campo por m\u00e1s de 12 a\u00f1os, representar\u00e1 a la Rep\u00fablica Dominicana en la","og_url":"https:\/\/casadecampoliving.com\/es\/pedro-nolasco-ball-boy-de-casa-de-campo-representara-a-la-republica-dominicana-en-los-torneos-internacionales-de-tennis-copa-davis\/","og_site_name":"Casa de Campo Living","article_publisher":"https:\/\/www.facebook.com\/casadecampoliving","article_published_time":"2012-01-26T04:00:00+00:00","article_modified_time":"2022-10-21T22:46:52+00:00","og_image":[{"width":650,"height":434,"url":"https:\/\/i0.wp.com\/casadecampoliving.com\/wp-content\/uploads\/2022\/10\/pedro_nolasco_tennis-1.jpg?fit=650%2C434&ssl=1","type":"image\/jpeg"}],"twitter_card":"summary_large_image","twitter_creator":"@cdcliving","twitter_site":"@cdcliving","twitter_misc":{"Escrito por":"","Tiempo de lectura":"4 minutos"},"schema":{"@context":"https:\/\/schema.org","@graph":[{"@type":"Article","@id":"https:\/\/casadecampoliving.com\/es\/pedro-nolasco-ball-boy-de-casa-de-campo-representara-a-la-republica-dominicana-en-los-torneos-internacionales-de-tennis-copa-davis\/#article","isPartOf":{"@id":"https:\/\/casadecampoliving.com\/es\/pedro-nolasco-ball-boy-de-casa-de-campo-representara-a-la-republica-dominicana-en-los-torneos-internacionales-de-tennis-copa-davis\/"},"author":{"name":"","@id":"https:\/\/casadecampoliving.com\/es\/#\/schema\/person\/7e3b975d584a5f6ac0fd7128a81b0bc5"},"headline":"Pedro Nolasco, ball boy de Casa de Campo representar\u00e1 a la Rep\u00fablica Dominicana en los torneos internacionales de tennis, Copa Davis!","datePublished":"2012-01-26T04:00:00+00:00","dateModified":"2022-10-21T22:46:52+00:00","mainEntityOfPage":{"@id":"https:\/\/casadecampoliving.com\/es\/pedro-nolasco-ball-boy-de-casa-de-campo-representara-a-la-republica-dominicana-en-los-torneos-internacionales-de-tennis-copa-davis\/"},"wordCount":856,"publisher":{"@id":"https:\/\/casadecampoliving.com\/es\/#organization"},"image":{"@id":"https:\/\/casadecampoliving.com\/es\/pedro-nolasco-ball-boy-de-casa-de-campo-representara-a-la-republica-dominicana-en-los-torneos-internacionales-de-tennis-copa-davis\/#primaryimage"},"thumbnailUrl":"https:\/\/i0.wp.com\/casadecampoliving.com\/wp-content\/uploads\/2022\/10\/pedro_nolasco_tennis-1.jpg?fit=650%2C434&ssl=1","keywords":["Pedro Nolasco","tenis"],"articleSection":["Deportes","Destacados","Estilo de Vida","Eventos","M\u00e1s all\u00e1 de Casa","Noticias Locales","Proximamente","Resort Casa de Campo","Salud","Titulares"],"inLanguage":"es"},{"@type":"WebPage","@id":"https:\/\/casadecampoliving.com\/es\/pedro-nolasco-ball-boy-de-casa-de-campo-representara-a-la-republica-dominicana-en-los-torneos-internacionales-de-tennis-copa-davis\/","url":"https:\/\/casadecampoliving.com\/es\/pedro-nolasco-ball-boy-de-casa-de-campo-representara-a-la-republica-dominicana-en-los-torneos-internacionales-de-tennis-copa-davis\/","name":"Pedro Nolasco, ball boy de Casa de Campo representar\u00e1 a la Rep\u00fablica Dominicana en los torneos internacionales de tennis, Copa Davis! | Casa de Campo Living","isPartOf":{"@id":"https:\/\/casadecampoliving.com\/es\/#website"},"primaryImageOfPage":{"@id":"https:\/\/casadecampoliving.com\/es\/pedro-nolasco-ball-boy-de-casa-de-campo-representara-a-la-republica-dominicana-en-los-torneos-internacionales-de-tennis-copa-davis\/#primaryimage"},"image":{"@id":"https:\/\/casadecampoliving.com\/es\/pedro-nolasco-ball-boy-de-casa-de-campo-representara-a-la-republica-dominicana-en-los-torneos-internacionales-de-tennis-copa-davis\/#primaryimage"},"thumbnailUrl":"https:\/\/i0.wp.com\/casadecampoliving.com\/wp-content\/uploads\/2022\/10\/pedro_nolasco_tennis-1.jpg?fit=650%2C434&ssl=1","datePublished":"2012-01-26T04:00:00+00:00","dateModified":"2022-10-21T22:46:52+00:00","description":"Pedro Nolasco, quien ha sido ball boy en el Club de Tenis de La Terraza en Casa de Campo por m\u00e1s de 12 a\u00f1os, representar\u00e1 a la Rep\u00fablica Dominicana en la","breadcrumb":{"@id":"https:\/\/casadecampoliving.com\/es\/pedro-nolasco-ball-boy-de-casa-de-campo-representara-a-la-republica-dominicana-en-los-torneos-internacionales-de-tennis-copa-davis\/#breadcrumb"},"inLanguage":"es","potentialAction":[{"@type":"ReadAction","target":["https:\/\/casadecampoliving.com\/es\/pedro-nolasco-ball-boy-de-casa-de-campo-representara-a-la-republica-dominicana-en-los-torneos-internacionales-de-tennis-copa-davis\/"]}]},{"@type":"ImageObject","inLanguage":"es","@id":"https:\/\/casadecampoliving.com\/es\/pedro-nolasco-ball-boy-de-casa-de-campo-representara-a-la-republica-dominicana-en-los-torneos-internacionales-de-tennis-copa-davis\/#primaryimage","url":"https:\/\/i0.wp.com\/casadecampoliving.com\/wp-content\/uploads\/2022\/10\/pedro_nolasco_tennis-1.jpg?fit=650%2C434&ssl=1","contentUrl":"https:\/\/i0.wp.com\/casadecampoliving.com\/wp-content\/uploads\/2022\/10\/pedro_nolasco_tennis-1.jpg?fit=650%2C434&ssl=1","width":650,"height":434,"caption":"pedro nolasco tennis"},{"@type":"BreadcrumbList","@id":"https:\/\/casadecampoliving.com\/es\/pedro-nolasco-ball-boy-de-casa-de-campo-representara-a-la-republica-dominicana-en-los-torneos-internacionales-de-tennis-copa-davis\/#breadcrumb","itemListElement":[{"@type":"ListItem","position":1,"name":"Home","item":"https:\/\/casadecampoliving.com\/es\/"},{"@type":"ListItem","position":2,"name":"Pedro Nolasco, ball boy de Casa de Campo representar\u00e1 a la Rep\u00fablica Dominicana en los torneos internacionales de tennis, Copa Davis!"}]},{"@type":"WebSite","@id":"https:\/\/casadecampoliving.com\/es\/#website","url":"https:\/\/casadecampoliving.com\/es\/","name":"Casa de Campo Living","description":"Resort community news and resources.","publisher":{"@id":"https:\/\/casadecampoliving.com\/es\/#organization"},"potentialAction":[{"@type":"SearchAction","target":{"@type":"EntryPoint","urlTemplate":"https:\/\/casadecampoliving.com\/es\/?s={search_term_string}"},"query-input":{"@type":"PropertyValueSpecification","valueRequired":true,"valueName":"search_term_string"}}],"inLanguage":"es"},{"@type":"Organization","@id":"https:\/\/casadecampoliving.com\/es\/#organization","name":"Casa de Campo Living","url":"https:\/\/casadecampoliving.com\/es\/","logo":{"@type":"ImageObject","inLanguage":"es","@id":"https:\/\/casadecampoliving.com\/es\/#\/schema\/logo\/image\/","url":"https:\/\/i0.wp.com\/casadecampoliving.com\/wp-content\/uploads\/2022\/07\/CDCLivingLogo_V1-white-sized.png?fit=800%2C214&ssl=1","contentUrl":"https:\/\/i0.wp.com\/casadecampoliving.com\/wp-content\/uploads\/2022\/07\/CDCLivingLogo_V1-white-sized.png?fit=800%2C214&ssl=1","width":800,"height":214,"caption":"Casa de Campo Living"},"image":{"@id":"https:\/\/casadecampoliving.com\/es\/#\/schema\/logo\/image\/"},"sameAs":["https:\/\/www.facebook.com\/casadecampoliving","https:\/\/x.com\/cdcliving"]},{"@type":"Person","@id":"https:\/\/casadecampoliving.com\/es\/#\/schema\/person\/7e3b975d584a5f6ac0fd7128a81b0bc5","name":"","image":{"@type":"ImageObject","inLanguage":"es","@id":"https:\/\/secure.gravatar.com\/avatar\/?s=96&d=mm&r=g","url":"https:\/\/secure.gravatar.com\/avatar\/?s=96&d=mm&r=g","contentUrl":"https:\/\/secure.gravatar.com\/avatar\/?s=96&d=mm&r=g"},"url":"https:\/\/casadecampoliving.com\/es\/author\/ \/"}]}},"parsely":{"version":"1.1.0","canonical_url":"https:\/\/casadecampoliving.com\/es\/pedro-nolasco-ball-boy-de-casa-de-campo-representara-a-la-republica-dominicana-en-los-torneos-internacionales-de-tennis-copa-davis\/","smart_links":{"inbound":0,"outbound":0},"traffic_boost_suggestions_count":0,"meta":{"@context":"https:\/\/schema.org","@type":"NewsArticle","headline":"Pedro Nolasco, ball boy de Casa de Campo representar\u00e1 a la Rep\u00fablica Dominicana en los torneos internacionales de tennis, Copa Davis!","url":"http:\/\/casadecampoliving.com\/es\/pedro-nolasco-ball-boy-de-casa-de-campo-representara-a-la-republica-dominicana-en-los-torneos-internacionales-de-tennis-copa-davis\/","mainEntityOfPage":{"@type":"WebPage","@id":"http:\/\/casadecampoliving.com\/es\/pedro-nolasco-ball-boy-de-casa-de-campo-representara-a-la-republica-dominicana-en-los-torneos-internacionales-de-tennis-copa-davis\/"},"thumbnailUrl":"https:\/\/i0.wp.com\/casadecampoliving.com\/wp-content\/uploads\/2022\/10\/pedro_nolasco_tennis-1.jpg?resize=150%2C150&ssl=1","image":{"@type":"ImageObject","url":"https:\/\/i0.wp.com\/casadecampoliving.com\/wp-content\/uploads\/2022\/10\/pedro_nolasco_tennis-1.jpg?fit=650%2C434&ssl=1"},"articleSection":"Deportes","author":[{"@type":"Person","name":"FB_515917546"}],"creator":["FB_515917546"],"publisher":{"@type":"Organization","name":"Casa de Campo Living","logo":"https:\/\/casadecampoliving.com\/wp-content\/uploads\/2022\/07\/CDCLivingLogo_V1-white-sized.png"},"keywords":["pedro nolasco","tenis"],"dateCreated":"2012-01-26T04:00:00Z","datePublished":"2012-01-26T04:00:00Z","dateModified":"2022-10-21T22:46:52Z"},"rendered":"<script type=\"application\/ld+json\" class=\"wp-parsely-metadata\">{\"@context\":\"https:\\\/\\\/schema.org\",\"@type\":\"NewsArticle\",\"headline\":\"Pedro Nolasco, ball boy de Casa de Campo representar\\u00e1 a la Rep\\u00fablica Dominicana en los torneos internacionales de tennis, Copa Davis!\",\"url\":\"http:\\\/\\\/casadecampoliving.com\\\/es\\\/pedro-nolasco-ball-boy-de-casa-de-campo-representara-a-la-republica-dominicana-en-los-torneos-internacionales-de-tennis-copa-davis\\\/\",\"mainEntityOfPage\":{\"@type\":\"WebPage\",\"@id\":\"http:\\\/\\\/casadecampoliving.com\\\/es\\\/pedro-nolasco-ball-boy-de-casa-de-campo-representara-a-la-republica-dominicana-en-los-torneos-internacionales-de-tennis-copa-davis\\\/\"},\"thumbnailUrl\":\"https:\\\/\\\/i0.wp.com\\\/casadecampoliving.com\\\/wp-content\\\/uploads\\\/2022\\\/10\\\/pedro_nolasco_tennis-1.jpg?resize=150%2C150&ssl=1\",\"image\":{\"@type\":\"ImageObject\",\"url\":\"https:\\\/\\\/i0.wp.com\\\/casadecampoliving.com\\\/wp-content\\\/uploads\\\/2022\\\/10\\\/pedro_nolasco_tennis-1.jpg?fit=650%2C434&ssl=1\"},\"articleSection\":\"Deportes\",\"author\":[{\"@type\":\"Person\",\"name\":\"FB_515917546\"}],\"creator\":[\"FB_515917546\"],\"publisher\":{\"@type\":\"Organization\",\"name\":\"Casa de Campo Living\",\"logo\":\"https:\\\/\\\/casadecampoliving.com\\\/wp-content\\\/uploads\\\/2022\\\/07\\\/CDCLivingLogo_V1-white-sized.png\"},\"keywords\":[\"pedro nolasco\",\"tenis\"],\"dateCreated\":\"2012-01-26T04:00:00Z\",\"datePublished\":\"2012-01-26T04:00:00Z\",\"dateModified\":\"2022-10-21T22:46:52Z\"}<\/script>","tracker_url":"https:\/\/cdn.parsely.com\/keys\/casadecampoliving.com\/p.js"},"jetpack_publicize_connections":[],"jetpack_featured_media_url":"https:\/\/i0.wp.com\/casadecampoliving.com\/wp-content\/uploads\/2022\/10\/pedro_nolasco_tennis-1.jpg?fit=650%2C434&ssl=1","jetpack-related-posts":[{"id":338420,"url":"https:\/\/casadecampoliving.com\/es\/triunfo-para-la-republica-dominicana-en-la-copa-davis-pedro-nolasco-de-casa-de-campo-se-enfrentara-a-venezuela-en-el-proximo-round\/","url_meta":{"origin":338214,"position":0},"title":"Triunfo para la Rep\u00fablica Dominicana en la Copa Davis &#8211; Pedro Nolasco de Casa de Campo se enfrentar\u00e1 a Venezuela en el pr\u00f3ximo round!","author":"","date":"8 Mar, 2012","format":false,"excerpt":"El ganador de la Copa McDaniel, Pedro Nolasco, quien ha sido ball boy del Club de La Terraza de Casa de Campo por m\u00e1s de 12 a\u00f1os, fue recientemente destacado como cuarto mejor jugador de tenis de la Rep\u00fablica Dominicana y seleccionado para representar el pa\u00eds en la Copa Davis,\u2026","rel":"","context":"En \u00abDeportes\u00bb","block_context":{"text":"Deportes","link":"https:\/\/casadecampoliving.com\/es\/category\/golf-deportes-es\/"},"img":{"alt_text":"pedro nolasco tennis","src":"https:\/\/i0.wp.com\/casadecampoliving.com\/wp-content\/uploads\/2022\/10\/pedro_nolasco_tennis-1.jpg?fit=650%2C434&ssl=1&resize=350%2C200","width":350,"height":200,"srcset":"https:\/\/i0.wp.com\/casadecampoliving.com\/wp-content\/uploads\/2022\/10\/pedro_nolasco_tennis-1.jpg?fit=650%2C434&ssl=1&resize=350%2C200 1x, https:\/\/i0.wp.com\/casadecampoliving.com\/wp-content\/uploads\/2022\/10\/pedro_nolasco_tennis-1.jpg?fit=650%2C434&ssl=1&resize=525%2C300 1.5x"},"classes":[]},{"id":338398,"url":"https:\/\/casadecampoliving.com\/es\/reserve-la-fecha-el-7mo-torneo-de-tenis-de-mcdaniel-del-15-al-18-de-marzo\/","url_meta":{"origin":338214,"position":1},"title":"Reserve la fecha: El 7mo torneo de tenis de McDaniel del 15 al 18 de marzo","author":"Rebecca Silvestri","date":"16 Feb, 2012","format":false,"excerpt":"El 7mo torneo de tenis \u2018Teaching Pro\u2019 de McDaniel, tendr\u00e1 lugar el pr\u00f3ximo jueves 15 hasta el domingo 18 de marzo, un torneo entre los jugadores profesionales del club de tenis de Casa de Campo; La Terraza y La Romana Country Club, evento que tambi\u00e9n se conoce como el evento\u2026","rel":"","context":"En \u00abDeportes\u00bb","block_context":{"text":"Deportes","link":"https:\/\/casadecampoliving.com\/es\/category\/golf-deportes-es\/"},"img":{"alt_text":"tennis casa de campo","src":"https:\/\/i0.wp.com\/casadecampoliving.com\/wp-content\/uploads\/2022\/10\/tennis_casa_de_campo-7.jpg?fit=650%2C323&ssl=1&resize=350%2C200","width":350,"height":200,"srcset":"https:\/\/i0.wp.com\/casadecampoliving.com\/wp-content\/uploads\/2022\/10\/tennis_casa_de_campo-7.jpg?fit=650%2C323&ssl=1&resize=350%2C200 1x, https:\/\/i0.wp.com\/casadecampoliving.com\/wp-content\/uploads\/2022\/10\/tennis_casa_de_campo-7.jpg?fit=650%2C323&ssl=1&resize=525%2C300 1.5x"},"classes":[]},{"id":338624,"url":"https:\/\/casadecampoliving.com\/es\/una-emocionante-y-concurrida-final-del-torneo-de-tenis-mcdaniel-teaching-pro-en-la-romana-country-club\/","url_meta":{"origin":338214,"position":2},"title":"Una emocionante y concurrida final del torneo de tenis \u00abMcDaniel Teaching Pro\u00bb en La Romana Country Club\u00bb!","author":"","date":"27 Mar, 2012","format":false,"excerpt":"Desde el jueves 15 al domingo 18 de marzo, el torneo \u201cMcDaniel Teaching Pro\u201d, fue celebrado en La Terraza y La Romana Country Club a\u00a0beneficio de la Fundaci\u00f3n de Becas de Ball Boys con emocionantes juegos de tenis disfrutados por m\u00faltiples residentes, visitantes y due\u00f1os de villa de Casa de\u2026","rel":"","context":"En \u00abCountry Club La Romana\u00bb","block_context":{"text":"Country Club La Romana","link":"https:\/\/casadecampoliving.com\/es\/category\/country-club-la-romana-es\/"},"img":{"alt_text":"mcdaniel tennis casa de campo","src":"https:\/\/i0.wp.com\/casadecampoliving.com\/wp-content\/uploads\/2022\/10\/mcdaniel_tennis_casa_de_campo-1.jpg?fit=650%2C403&ssl=1&resize=350%2C200","width":350,"height":200,"srcset":"https:\/\/i0.wp.com\/casadecampoliving.com\/wp-content\/uploads\/2022\/10\/mcdaniel_tennis_casa_de_campo-1.jpg?fit=650%2C403&ssl=1&resize=350%2C200 1x, https:\/\/i0.wp.com\/casadecampoliving.com\/wp-content\/uploads\/2022\/10\/mcdaniel_tennis_casa_de_campo-1.jpg?fit=650%2C403&ssl=1&resize=525%2C300 1.5x"},"classes":[]},{"id":348194,"url":"https:\/\/casadecampoliving.com\/es\/pedro-nolasco-e-idarmis-cucurullo-campeones-del-38o-torneo-internacional-de-tenis-de-casa-de-campo-copa-bdi\/","url_meta":{"origin":338214,"position":3},"title":"Pedro Nolasco e Idarmis Cucurullo campeones del 38\u00ba Torneo Internacional de Tenis de Casa de Campo Copa BDI","author":"Perkin Agramonte","date":"7 Sep, 2015","format":false,"excerpt":"Los dominicanos Pedro Nolasco e Idarmis Cucurullo se coronaron campeones de las principales categor\u00edas de sencillos del XXXVIII Torneo Internacional de Tenis de Casa de Campo Copa BDI, evento que concluy\u00f3 este domingo y tuvo como escenario el centro de tenis La Terraza del Hotel Casa de Campo, de la\u2026","rel":"","context":"En \u00abCasa de Campo Living @es\u00bb","block_context":{"text":"Casa de Campo Living @es","link":"https:\/\/casadecampoliving.com\/category\/casa-de-campo-living-es\/"},"img":{"alt_text":"","src":"https:\/\/i0.wp.com\/casadecampoliving.com\/wp-content\/uploads\/2022\/10\/International_Tennis_Tournament_Casa_de_Campo_BDI_Cup-1.jpg?fit=1072%2C712&ssl=1&resize=350%2C200","width":350,"height":200,"srcset":"https:\/\/i0.wp.com\/casadecampoliving.com\/wp-content\/uploads\/2022\/10\/International_Tennis_Tournament_Casa_de_Campo_BDI_Cup-1.jpg?fit=1072%2C712&ssl=1&resize=350%2C200 1x, https:\/\/i0.wp.com\/casadecampoliving.com\/wp-content\/uploads\/2022\/10\/International_Tennis_Tournament_Casa_de_Campo_BDI_Cup-1.jpg?fit=1072%2C712&ssl=1&resize=525%2C300 1.5x, https:\/\/i0.wp.com\/casadecampoliving.com\/wp-content\/uploads\/2022\/10\/International_Tennis_Tournament_Casa_de_Campo_BDI_Cup-1.jpg?fit=1072%2C712&ssl=1&resize=700%2C400 2x, https:\/\/i0.wp.com\/casadecampoliving.com\/wp-content\/uploads\/2022\/10\/International_Tennis_Tournament_Casa_de_Campo_BDI_Cup-1.jpg?fit=1072%2C712&ssl=1&resize=1050%2C600 3x"},"classes":[]},{"id":345239,"url":"https:\/\/casadecampoliving.com\/es\/campeones-del-torneo-de-tenis-casa-de-campo-pedro-nolasco-mirtha-marchena-antonio-esteban\/","url_meta":{"origin":338214,"position":4},"title":"Campeones del Torneo de Tenis Casa de Campo &#8211; Pedro Nolasco, Mirtha Marchena &#038; Antonio Esteban","author":"Perkin Agramonte","date":"2 Sep, 2014","format":false,"excerpt":"Desde el jueves 28 hasta el domingo 31 de agosto se llev\u00f3 a cabo en el Club de Tenis La Terraza, uno de los torneos m\u00e1s exitosos y de hecho el torneo de tenis m\u00e1s extenso \u00a0de Rep\u00fablica Dominicana; la 37\u00ba edici\u00f3n del Torneo Internacional de Tenis Casa de Campo.\u2026","rel":"","context":"En \u00abCasa de Campo Living @es\u00bb","block_context":{"text":"Casa de Campo Living @es","link":"https:\/\/casadecampoliving.com\/category\/casa-de-campo-living-es\/"},"img":{"alt_text":"","src":"https:\/\/i0.wp.com\/casadecampoliving.com\/wp-content\/uploads\/2022\/10\/DSC_0193-1.jpg?fit=800%2C533&ssl=1&resize=350%2C200","width":350,"height":200,"srcset":"https:\/\/i0.wp.com\/casadecampoliving.com\/wp-content\/uploads\/2022\/10\/DSC_0193-1.jpg?fit=800%2C533&ssl=1&resize=350%2C200 1x, https:\/\/i0.wp.com\/casadecampoliving.com\/wp-content\/uploads\/2022\/10\/DSC_0193-1.jpg?fit=800%2C533&ssl=1&resize=525%2C300 1.5x, https:\/\/i0.wp.com\/casadecampoliving.com\/wp-content\/uploads\/2022\/10\/DSC_0193-1.jpg?fit=800%2C533&ssl=1&resize=700%2C400 2x"},"classes":[]},{"id":338546,"url":"https:\/\/casadecampoliving.com\/es\/el-7mo-torneo-de-tenis-mcdaniel-teaching-pro-desde-este-jueves-hasta-el-domingo\/","url_meta":{"origin":338214,"position":5},"title":"El 7mo Torneo de Tenis \u00abMcDaniel Teaching Pro\u00bb: Desde este jueves hasta el domingo!","author":"Rebecca Silvestri","date":"13 Mar, 2012","format":false,"excerpt":"A partir de este jueves 15 hasta el domingo 18 de marzo, el 7mo Torneo de Tenis \u201cMcDaniel Teaching Pro\u2019s\u201d ser\u00e1 realizado entre profesionales y ball boys de La Romana Country Club y el Club de Tenis La Terraza. Los espectadores de Casa de Campo disfrutar\u00e1n de emocionantes juegos de\u2026","rel":"","context":"En \u00abDeportes\u00bb","block_context":{"text":"Deportes","link":"https:\/\/casadecampoliving.com\/es\/category\/golf-deportes-es\/"},"img":{"alt_text":"tennis casa de campo","src":"https:\/\/i0.wp.com\/casadecampoliving.com\/wp-content\/uploads\/2022\/10\/tennis_casa_de_campo-7.jpg?fit=650%2C323&ssl=1&resize=350%2C200","width":350,"height":200,"srcset":"https:\/\/i0.wp.com\/casadecampoliving.com\/wp-content\/uploads\/2022\/10\/tennis_casa_de_campo-7.jpg?fit=650%2C323&ssl=1&resize=350%2C200 1x, https:\/\/i0.wp.com\/casadecampoliving.com\/wp-content\/uploads\/2022\/10\/tennis_casa_de_campo-7.jpg?fit=650%2C323&ssl=1&resize=525%2C300 1.5x"},"classes":[]}],"jetpack_sharing_enabled":true,"_links":{"self":[{"href":"https:\/\/casadecampoliving.com\/es\/wp-json\/wp\/v2\/posts\/338214","targetHints":{"allow":["GET"]}}],"collection":[{"href":"https:\/\/casadecampoliving.com\/es\/wp-json\/wp\/v2\/posts"}],"about":[{"href":"https:\/\/casadecampoliving.com\/es\/wp-json\/wp\/v2\/types\/post"}],"author":[{"embeddable":true,"href":"https:\/\/casadecampoliving.com\/es\/wp-json\/wp\/v2\/users\/21"}],"replies":[{"embeddable":true,"href":"https:\/\/casadecampoliving.com\/es\/wp-json\/wp\/v2\/comments?post=338214"}],"version-history":[{"count":1,"href":"https:\/\/casadecampoliving.com\/es\/wp-json\/wp\/v2\/posts\/338214\/revisions"}],"predecessor-version":[{"id":338215,"href":"https:\/\/casadecampoliving.com\/es\/wp-json\/wp\/v2\/posts\/338214\/revisions\/338215"}],"wp:featuredmedia":[{"embeddable":true,"href":"https:\/\/casadecampoliving.com\/es\/wp-json\/wp\/v2\/media\/247414"}],"wp:attachment":[{"href":"https:\/\/casadecampoliving.com\/es\/wp-json\/wp\/v2\/media?parent=338214"}],"wp:term":[{"taxonomy":"category","embeddable":true,"href":"https:\/\/casadecampoliving.com\/es\/wp-json\/wp\/v2\/categories?post=338214"},{"taxonomy":"post_tag","embeddable":true,"href":"https:\/\/casadecampoliving.com\/es\/wp-json\/wp\/v2\/tags?post=338214"},{"taxonomy":"newspack_spnsrs_tax","embeddable":true,"href":"https:\/\/casadecampoliving.com\/es\/wp-json\/wp\/v2\/newspack_spnsrs_tax?post=338214"}],"curies":[{"name":"wp","href":"https:\/\/api.w.org\/{rel}","templated":true}]}}