{"id":338152,"date":"2012-01-25T00:00:00","date_gmt":"2012-01-25T04:00:00","guid":{"rendered":"https:\/\/casadecampoliving.com\/la-cantina-latin-bistro-abrio-sus-puertas-en-altos-de-chavon\/"},"modified":"2022-10-21T18:44:25","modified_gmt":"2022-10-21T22:44:25","slug":"la-cantina-latin-bistro-abrio-sus-puertas-en-altos-de-chavon","status":"publish","type":"post","link":"https:\/\/casadecampoliving.com\/es\/la-cantina-latin-bistro-abrio-sus-puertas-en-altos-de-chavon\/","title":{"rendered":"La Cantina, Latin Bistro abri\u00f3 sus puertas en Altos de Chav\u00f3n!"},"content":{"rendered":"<div class=\"wp-block-image\">\n<figure class=\"aligncenter is-resized\"><img loading=\"lazy\" decoding=\"async\" src=\"https:\/\/i0.wp.com\/casadecampoliving.com\/wp-content\/uploads\/2022\/10\/la_cantina_altos_de_chavon.jpg?resize=650%2C280&amp;ssl=1\" alt=\"la cantina altos de chavon\" class=\"wp-image-43107\" title=\"la_cantina_altos_de_chavon\" height=\"280\" width=\"650\"\/><\/figure>\n<\/div>\n\n\n<p>La Cantina, el m\u00e1s reciente restaurante de Altos de Chav\u00f3n, abri\u00f3 sus puertas oficialmente el s\u00e1bado 10 de diciembre de 2011, durante el <a href=\"https:\/\/casadecampoliving.com\/es\/2011\/12\/el-bazaar-navideno-parte-1-fotos-del-bazaar-arruinado-por-la-lluvia\/\">2do Bazaar Navide\u00f1o<\/a>,&nbsp;el cual, literalmente, fue arropado por la lluvia. A\u00fan cuando el negocio tuvo un comienzo un tanto mojado, \u00e9ste ha estado abierto desde hace un poco m\u00e1s de un mes y todo parece ir de maravilla!<\/p>\n\n\n\n<p>A\u00fan cuando nosotros (Casa de Campo Living) a\u00fan no hemos tenido oportunidad de hacer un completo \u201creview\u201d de La Cantina, aqu\u00ed les traemos un \u201cmini-review\u201d, a partir de las experiencias en el restaurante hasta el momento.<\/p>\n\n\n\n<!--more-->\n\n\n\n<p>Antes que todo, La Cantina es un restaurante de comida sencilla, buena y de precios razonables, cualidades que se complementan con un ambiente es relajado y casual. T\u00edpico de un \u201cLatin Bistro\u201d, la men\u00fa es latino, incluye esencialmente especialidades dominicanas y cubanas (esas que tanto amamos), como tostones, pastellitos, yuca y el mejor de todos, el mofongo!<\/p>\n\n\n\n<p>Los platos que se han podido disfrutar del lugar (y, por lo tanto, que podemos recomendar), hasta el momento son:<\/p>\n\n\n\n<blockquote><p style=\"text-align: center;\"><strong>El Mofongo con cerdo: RD$395&nbsp;<\/strong><\/p><figure><img decoding=\"async\" loading=\"lazy\" class=\"aligncenter size-full wp-image-43098\" title=\"mofongo_altos_de_chavon\" src=\"https:\/\/i0.wp.com\/casadecampoliving.com\/wp-content\/uploads\/2022\/10\/mofongo_altos_de_chavon.jpg?resize=600%2C398&amp;ssl=1\" alt=\"mofong altos de chavon\" width=\"600\" height=\"398\"><\/figure><p>El sabor, exquisito, la salsa de ajo, deliciosa y el pedazo gigante de cerdo en el centro (lo que no se hab\u00eda visto en otros Mofongo\u2019s) ESPECTACULAR!<\/p><p><strong>Qu\u00e9 es Mofongo?<\/strong><br>\nPara quienes se preguntan qu\u00e9 es exactamente el Mofongo, \u00e9ste est\u00e1 hecho de pl\u00e1tano frito (eso que llamamos tostones), estos son \u201cmajados\u201d con ajo o un poquito de agua salada y se coloca tal cual lo ve en la foto superior. Hay quienes le incluyen pedacitos de cerdo mientras lo mezclan. Para suavizarlo mientras lo come, se le agrega un poco de salsa.<\/p><\/blockquote>\n\n\n\n<blockquote><p style=\"text-align: center;\"><strong>Yuca Salad: RD$70<\/strong><\/p><figure><img decoding=\"async\" loading=\"lazy\" class=\"aligncenter size-full wp-image-43099\" title=\"yuca_salad\" src=\"https:\/\/i0.wp.com\/casadecampoliving.com\/wp-content\/uploads\/2022\/10\/yuca_salad.jpg?resize=600%2C373&amp;ssl=1\" alt=\"yuca salad\" width=\"600\" height=\"373\"><\/figure><p>Como amante de la Yuca, Rebecca ubic\u00f3 la \u201cEnsalada de Yuca\u201d en el men\u00fa por s\u00f3lo RD$70. De acuerdo con Rebecca, siendo sincera, no sab\u00eda que esperar, pero el resultado fue genial, se trataba de yuca mezclada con papas en una salsa blanca bien cremosa, con tocinetas y cebollas!<\/p><\/blockquote>\n\n\n\n<blockquote><p style=\"text-align: center;\"><strong>Pastelitos: RD$90&nbsp;<strong>\u2013 servicio para 4 personas<\/strong><\/strong><\/p><figure><img decoding=\"async\" loading=\"lazy\" class=\"aligncenter size-full wp-image-43101\" title=\"pastellitos\" src=\"https:\/\/i0.wp.com\/casadecampoliving.com\/wp-content\/uploads\/2022\/10\/pastellitos.jpg?resize=600%2C480&amp;ssl=1\" alt=\"pastellitos\" width=\"600\" height=\"480\"><\/figure><p>Otro bocadillo t\u00edpico de la Rep\u00fablica Dominicana son los pastelitos, masas peque\u00f1as de harina rellenos de queso o carne que posteriormente son fritas. En esencia, estos tienen el mismo sabor donde quiera que los coma, pero los de La Cantina estuvieron fant\u00e1sticos y siempre son una gran opci\u00f3n para comenzar un almuerzo o cena.<\/p><\/blockquote>\n\n\n\n<blockquote><p style=\"text-align: center;\"><strong>Churrasco: RD$650<\/strong><\/p><figure><img decoding=\"async\" loading=\"lazy\" class=\"aligncenter size-full wp-image-43102\" title=\"churrasco\" src=\"https:\/\/i0.wp.com\/casadecampoliving.com\/wp-content\/uploads\/2022\/10\/churrasco-2.jpg?resize=600%2C290&amp;ssl=1\" alt=\"churrasco\" width=\"600\" height=\"290\"><\/figure><p>El churrasco!! La debilidad de muchos, que b\u00e1sicamente se cocina en el grill (a la parrilla) y se sirve en tiras de carne, tal cual se ve en la foto. El de La Cantina es un churrasco jugoso, lleno de sabor y cocinado en su punto.<\/p><\/blockquote>\n\n\n\n<blockquote><p style=\"text-align: center;\"><strong>Croquetas RD$150 \u2013 servicio para 4 personas<\/strong><\/p><figure><img decoding=\"async\" loading=\"lazy\" class=\"aligncenter size-full wp-image-43103\" title=\"croquettas\" src=\"https:\/\/i0.wp.com\/casadecampoliving.com\/wp-content\/uploads\/2022\/10\/croquettas.jpg?resize=600%2C337&amp;ssl=1\" alt=\"croquettas \" width=\"600\" height=\"337\"><\/figure><p style=\"text-align: center;\"><\/p><p>Rebecca que no es una gran fan de las croquetas (porque les parecen aburridas), en esta ocasi\u00f3n estuvo batallando con otras 3 &nbsp;personas por la \u00faltima croqueta del plato compartido!<\/p><\/blockquote>\n\n\n\n<blockquote><p style=\"text-align: center;\"><strong>Leche Frita: RD$150<\/strong><\/p><figure><img decoding=\"async\" loading=\"lazy\" class=\"aligncenter size-full wp-image-43105\" title=\"fried_milk\" src=\"https:\/\/i0.wp.com\/casadecampoliving.com\/wp-content\/uploads\/2022\/10\/fried_milk.jpg?resize=600%2C297&amp;ssl=1\" alt=\"fried milk \" width=\"600\" height=\"297\"><\/figure><p>No es ninguna broma \u2013 La Cantina realmente ofrece un postre llamado \u201cLeche Frita\u201d y para la sorpresa de los asistentes, estaba riqu\u00edsimo y diferente! Ten\u00eda un sabor parecido a las tartas de yogurt! Vale la pena!<\/p><\/blockquote>\n\n\n\n<p>Si la pregunta es si es un lugar al cual quisieran regresar? La respuesta es, SI! El Mofongo la Ensalada de Yuca y el Churrasco son&nbsp;imanes!<\/p>\n\n\n\n<blockquote class=\"wp-block-quote is-layout-flow wp-block-quote-is-layout-flow\"><p><strong>La Cantina, Latin Bistro<\/strong><br>\n<strong>Ubicaci\u00f3n:<\/strong> Altos de Chav\u00f3n, al lado de Papa Jacks<br>\n<strong>Horario:<\/strong>&nbsp;Todos los d\u00edas desde las 12pm a 11pm<br>\n<strong>Contact:<\/strong>&nbsp;809.523.1800<\/p><\/blockquote>\n","protected":false},"excerpt":{"rendered":"<p>La Cantina, el m\u00e1s reciente restaurante de Altos de Chav\u00f3n, abri\u00f3 sus puertas oficialmente el s\u00e1bado 10 de diciembre de 2011, durante el 2do Bazaar Navide\u00f1o,&nbsp;el cual, literalmente, fue arropado por la lluvia. A\u00fan cuando el negocio tuvo un comienzo un tanto mojado, \u00e9ste ha estado abierto desde hace un poco m\u00e1s de un mes [&hellip;]<\/p>\n","protected":false},"author":21,"featured_media":245018,"comment_status":"closed","ping_status":"closed","sticky":false,"template":"","format":"standard","meta":{"newspack_ads_suppress_ads":false,"newspack_popups_has_disabled_popups":false,"newspack_sponsor_sponsorship_scope":"","newspack_sponsor_native_byline_display":"inherit","newspack_sponsor_native_category_display":"inherit","newspack_sponsor_underwriter_style":"inherit","newspack_sponsor_underwriter_placement":"inherit","_newspack_byline_active":false,"_newspack_byline":"","newspack_content_restriction_is_exempt":false,"newspack_featured_image_position":"","newspack_post_subtitle":"","newspack_article_summary_title":"Overview:","newspack_article_summary":"","newspack_hide_updated_date":false,"newspack_show_updated_date":false,"_jetpack_memberships_contains_paid_content":false,"footnotes":"","jetpack_publicize_message":"","jetpack_publicize_feature_enabled":true,"jetpack_social_post_already_shared":false,"jetpack_social_options":{"image_generator_settings":{"template":"highway","default_image_id":0,"font":"","enabled":false},"version":2},"_wpas_customize_per_network":false},"categories":[26819,14629,2524,14631,2522,14625,14627,2521,2520,2526],"tags":[15387,3593,2772],"newspack_spnsrs_tax":[],"class_list":["post-338152","post","type-post","status-publish","format-standard","has-post-thumbnail","hentry","category-altos-de-chavon-es","category-comidas-bebidas","category-destacados","category-estilo-de-vida","category-eventos-es","category-noticias-locales","category-proximamente","category-republica-dominicana-2","category-restaurantes-es","category-titulares-es","tag-altos-de-chavon-es","tag-la-cantina-latin-bistro","tag-restaurantes","entry"],"yoast_head":"<!-- This site is optimized with the Yoast SEO plugin v27.2 - https:\/\/yoast.com\/product\/yoast-seo-wordpress\/ -->\n<title>La Cantina, Latin Bistro abri\u00f3 sus puertas en Altos de Chav\u00f3n! | Casa de Campo Living<\/title>\n<meta name=\"description\" content=\"La Cantina, el m\u00e1s reciente restaurante de Altos de Chav\u00f3n, abri\u00f3 sus puertas oficialmente el s\u00e1bado 10 de diciembre de 2011, durante el 2do Bazaar\" \/>\n<meta name=\"robots\" content=\"index, follow, max-snippet:-1, max-image-preview:large, max-video-preview:-1\" \/>\n<link rel=\"canonical\" href=\"https:\/\/casadecampoliving.com\/es\/la-cantina-latin-bistro-abrio-sus-puertas-en-altos-de-chavon\/\" \/>\n<meta property=\"og:locale\" content=\"es_ES\" \/>\n<meta property=\"og:type\" content=\"article\" \/>\n<meta property=\"og:title\" content=\"La Cantina, Latin Bistro abri\u00f3 sus puertas en Altos de Chav\u00f3n! | Casa de Campo Living\" \/>\n<meta property=\"og:description\" content=\"La Cantina, el m\u00e1s reciente restaurante de Altos de Chav\u00f3n, abri\u00f3 sus puertas oficialmente el s\u00e1bado 10 de diciembre de 2011, durante el 2do Bazaar\" \/>\n<meta property=\"og:url\" content=\"https:\/\/casadecampoliving.com\/es\/la-cantina-latin-bistro-abrio-sus-puertas-en-altos-de-chavon\/\" \/>\n<meta property=\"og:site_name\" content=\"Casa de Campo Living\" \/>\n<meta property=\"article:publisher\" content=\"https:\/\/www.facebook.com\/casadecampoliving\" \/>\n<meta property=\"article:published_time\" content=\"2012-01-25T04:00:00+00:00\" \/>\n<meta property=\"article:modified_time\" content=\"2022-10-21T22:44:25+00:00\" \/>\n<meta property=\"og:image\" content=\"https:\/\/i0.wp.com\/casadecampoliving.com\/wp-content\/uploads\/2022\/10\/la_cantina_altos_de_chavon-1.jpg?fit=650%2C280&ssl=1\" \/>\n\t<meta property=\"og:image:width\" content=\"650\" \/>\n\t<meta property=\"og:image:height\" content=\"280\" \/>\n\t<meta property=\"og:image:type\" content=\"image\/jpeg\" \/>\n<meta name=\"twitter:card\" content=\"summary_large_image\" \/>\n<meta name=\"twitter:creator\" content=\"@cdcliving\" \/>\n<meta name=\"twitter:site\" content=\"@cdcliving\" \/>\n<meta name=\"twitter:label1\" content=\"Escrito por\" \/>\n\t<meta name=\"twitter:data1\" content=\"\" \/>\n\t<meta name=\"twitter:label2\" content=\"Tiempo de lectura\" \/>\n\t<meta name=\"twitter:data2\" content=\"3 minutos\" \/>\n<script type=\"application\/ld+json\" class=\"yoast-schema-graph\">{\"@context\":\"https:\/\/schema.org\",\"@graph\":[{\"@type\":\"Article\",\"@id\":\"https:\/\/casadecampoliving.com\/es\/la-cantina-latin-bistro-abrio-sus-puertas-en-altos-de-chavon\/#article\",\"isPartOf\":{\"@id\":\"https:\/\/casadecampoliving.com\/es\/la-cantina-latin-bistro-abrio-sus-puertas-en-altos-de-chavon\/\"},\"author\":{\"name\":\"\",\"@id\":\"https:\/\/casadecampoliving.com\/es\/#\/schema\/person\/7e3b975d584a5f6ac0fd7128a81b0bc5\"},\"headline\":\"La Cantina, Latin Bistro abri\u00f3 sus puertas en Altos de Chav\u00f3n!\",\"datePublished\":\"2012-01-25T04:00:00+00:00\",\"dateModified\":\"2022-10-21T22:44:25+00:00\",\"mainEntityOfPage\":{\"@id\":\"https:\/\/casadecampoliving.com\/es\/la-cantina-latin-bistro-abrio-sus-puertas-en-altos-de-chavon\/\"},\"wordCount\":598,\"publisher\":{\"@id\":\"https:\/\/casadecampoliving.com\/es\/#organization\"},\"image\":{\"@id\":\"https:\/\/casadecampoliving.com\/es\/la-cantina-latin-bistro-abrio-sus-puertas-en-altos-de-chavon\/#primaryimage\"},\"thumbnailUrl\":\"https:\/\/i0.wp.com\/casadecampoliving.com\/wp-content\/uploads\/2022\/10\/la_cantina_altos_de_chavon-1.jpg?fit=650%2C280&ssl=1\",\"keywords\":[\"Altos de Chavon\",\"la cantina latin bistro\",\"restaurantes\"],\"articleSection\":[\"Altos de Chavon @es\",\"Comidas &amp; Bebidas\",\"Destacados\",\"Estilo de Vida\",\"Eventos\",\"Noticias Locales\",\"Proximamente\",\"Rep\u00fablica Dominicana @es\",\"Restaurantes\",\"Titulares\"],\"inLanguage\":\"es\"},{\"@type\":\"WebPage\",\"@id\":\"https:\/\/casadecampoliving.com\/es\/la-cantina-latin-bistro-abrio-sus-puertas-en-altos-de-chavon\/\",\"url\":\"https:\/\/casadecampoliving.com\/es\/la-cantina-latin-bistro-abrio-sus-puertas-en-altos-de-chavon\/\",\"name\":\"La Cantina, Latin Bistro abri\u00f3 sus puertas en Altos de Chav\u00f3n! | Casa de Campo Living\",\"isPartOf\":{\"@id\":\"https:\/\/casadecampoliving.com\/es\/#website\"},\"primaryImageOfPage\":{\"@id\":\"https:\/\/casadecampoliving.com\/es\/la-cantina-latin-bistro-abrio-sus-puertas-en-altos-de-chavon\/#primaryimage\"},\"image\":{\"@id\":\"https:\/\/casadecampoliving.com\/es\/la-cantina-latin-bistro-abrio-sus-puertas-en-altos-de-chavon\/#primaryimage\"},\"thumbnailUrl\":\"https:\/\/i0.wp.com\/casadecampoliving.com\/wp-content\/uploads\/2022\/10\/la_cantina_altos_de_chavon-1.jpg?fit=650%2C280&ssl=1\",\"datePublished\":\"2012-01-25T04:00:00+00:00\",\"dateModified\":\"2022-10-21T22:44:25+00:00\",\"description\":\"La Cantina, el m\u00e1s reciente restaurante de Altos de Chav\u00f3n, abri\u00f3 sus puertas oficialmente el s\u00e1bado 10 de diciembre de 2011, durante el 2do Bazaar\",\"breadcrumb\":{\"@id\":\"https:\/\/casadecampoliving.com\/es\/la-cantina-latin-bistro-abrio-sus-puertas-en-altos-de-chavon\/#breadcrumb\"},\"inLanguage\":\"es\",\"potentialAction\":[{\"@type\":\"ReadAction\",\"target\":[\"https:\/\/casadecampoliving.com\/es\/la-cantina-latin-bistro-abrio-sus-puertas-en-altos-de-chavon\/\"]}]},{\"@type\":\"ImageObject\",\"inLanguage\":\"es\",\"@id\":\"https:\/\/casadecampoliving.com\/es\/la-cantina-latin-bistro-abrio-sus-puertas-en-altos-de-chavon\/#primaryimage\",\"url\":\"https:\/\/i0.wp.com\/casadecampoliving.com\/wp-content\/uploads\/2022\/10\/la_cantina_altos_de_chavon-1.jpg?fit=650%2C280&ssl=1\",\"contentUrl\":\"https:\/\/i0.wp.com\/casadecampoliving.com\/wp-content\/uploads\/2022\/10\/la_cantina_altos_de_chavon-1.jpg?fit=650%2C280&ssl=1\",\"width\":650,\"height\":280,\"caption\":\"la cantina altos de chavon\"},{\"@type\":\"BreadcrumbList\",\"@id\":\"https:\/\/casadecampoliving.com\/es\/la-cantina-latin-bistro-abrio-sus-puertas-en-altos-de-chavon\/#breadcrumb\",\"itemListElement\":[{\"@type\":\"ListItem\",\"position\":1,\"name\":\"Home\",\"item\":\"https:\/\/casadecampoliving.com\/es\/\"},{\"@type\":\"ListItem\",\"position\":2,\"name\":\"La Cantina, Latin Bistro abri\u00f3 sus puertas en Altos de Chav\u00f3n!\"}]},{\"@type\":\"WebSite\",\"@id\":\"https:\/\/casadecampoliving.com\/es\/#website\",\"url\":\"https:\/\/casadecampoliving.com\/es\/\",\"name\":\"Casa de Campo Living\",\"description\":\"Resort community news and resources.\",\"publisher\":{\"@id\":\"https:\/\/casadecampoliving.com\/es\/#organization\"},\"potentialAction\":[{\"@type\":\"SearchAction\",\"target\":{\"@type\":\"EntryPoint\",\"urlTemplate\":\"https:\/\/casadecampoliving.com\/es\/?s={search_term_string}\"},\"query-input\":{\"@type\":\"PropertyValueSpecification\",\"valueRequired\":true,\"valueName\":\"search_term_string\"}}],\"inLanguage\":\"es\"},{\"@type\":\"Organization\",\"@id\":\"https:\/\/casadecampoliving.com\/es\/#organization\",\"name\":\"Casa de Campo Living\",\"url\":\"https:\/\/casadecampoliving.com\/es\/\",\"logo\":{\"@type\":\"ImageObject\",\"inLanguage\":\"es\",\"@id\":\"https:\/\/casadecampoliving.com\/es\/#\/schema\/logo\/image\/\",\"url\":\"https:\/\/i0.wp.com\/casadecampoliving.com\/wp-content\/uploads\/2022\/07\/CDCLivingLogo_V1-white-sized.png?fit=800%2C214&ssl=1\",\"contentUrl\":\"https:\/\/i0.wp.com\/casadecampoliving.com\/wp-content\/uploads\/2022\/07\/CDCLivingLogo_V1-white-sized.png?fit=800%2C214&ssl=1\",\"width\":800,\"height\":214,\"caption\":\"Casa de Campo Living\"},\"image\":{\"@id\":\"https:\/\/casadecampoliving.com\/es\/#\/schema\/logo\/image\/\"},\"sameAs\":[\"https:\/\/www.facebook.com\/casadecampoliving\",\"https:\/\/x.com\/cdcliving\"]},{\"@type\":\"Person\",\"@id\":\"https:\/\/casadecampoliving.com\/es\/#\/schema\/person\/7e3b975d584a5f6ac0fd7128a81b0bc5\",\"name\":\"\",\"image\":{\"@type\":\"ImageObject\",\"inLanguage\":\"es\",\"@id\":\"https:\/\/secure.gravatar.com\/avatar\/?s=96&d=mm&r=g\",\"url\":\"https:\/\/secure.gravatar.com\/avatar\/?s=96&d=mm&r=g\",\"contentUrl\":\"https:\/\/secure.gravatar.com\/avatar\/?s=96&d=mm&r=g\"},\"url\":\"https:\/\/casadecampoliving.com\/es\/author\/ \/\"}]}<\/script>\n<!-- \/ Yoast SEO plugin. -->","yoast_head_json":{"title":"La Cantina, Latin Bistro abri\u00f3 sus puertas en Altos de Chav\u00f3n! | Casa de Campo Living","description":"La Cantina, el m\u00e1s reciente restaurante de Altos de Chav\u00f3n, abri\u00f3 sus puertas oficialmente el s\u00e1bado 10 de diciembre de 2011, durante el 2do Bazaar","robots":{"index":"index","follow":"follow","max-snippet":"max-snippet:-1","max-image-preview":"max-image-preview:large","max-video-preview":"max-video-preview:-1"},"canonical":"https:\/\/casadecampoliving.com\/es\/la-cantina-latin-bistro-abrio-sus-puertas-en-altos-de-chavon\/","og_locale":"es_ES","og_type":"article","og_title":"La Cantina, Latin Bistro abri\u00f3 sus puertas en Altos de Chav\u00f3n! | Casa de Campo Living","og_description":"La Cantina, el m\u00e1s reciente restaurante de Altos de Chav\u00f3n, abri\u00f3 sus puertas oficialmente el s\u00e1bado 10 de diciembre de 2011, durante el 2do Bazaar","og_url":"https:\/\/casadecampoliving.com\/es\/la-cantina-latin-bistro-abrio-sus-puertas-en-altos-de-chavon\/","og_site_name":"Casa de Campo Living","article_publisher":"https:\/\/www.facebook.com\/casadecampoliving","article_published_time":"2012-01-25T04:00:00+00:00","article_modified_time":"2022-10-21T22:44:25+00:00","og_image":[{"width":650,"height":280,"url":"https:\/\/i0.wp.com\/casadecampoliving.com\/wp-content\/uploads\/2022\/10\/la_cantina_altos_de_chavon-1.jpg?fit=650%2C280&ssl=1","type":"image\/jpeg"}],"twitter_card":"summary_large_image","twitter_creator":"@cdcliving","twitter_site":"@cdcliving","twitter_misc":{"Escrito por":"","Tiempo de lectura":"3 minutos"},"schema":{"@context":"https:\/\/schema.org","@graph":[{"@type":"Article","@id":"https:\/\/casadecampoliving.com\/es\/la-cantina-latin-bistro-abrio-sus-puertas-en-altos-de-chavon\/#article","isPartOf":{"@id":"https:\/\/casadecampoliving.com\/es\/la-cantina-latin-bistro-abrio-sus-puertas-en-altos-de-chavon\/"},"author":{"name":"","@id":"https:\/\/casadecampoliving.com\/es\/#\/schema\/person\/7e3b975d584a5f6ac0fd7128a81b0bc5"},"headline":"La Cantina, Latin Bistro abri\u00f3 sus puertas en Altos de Chav\u00f3n!","datePublished":"2012-01-25T04:00:00+00:00","dateModified":"2022-10-21T22:44:25+00:00","mainEntityOfPage":{"@id":"https:\/\/casadecampoliving.com\/es\/la-cantina-latin-bistro-abrio-sus-puertas-en-altos-de-chavon\/"},"wordCount":598,"publisher":{"@id":"https:\/\/casadecampoliving.com\/es\/#organization"},"image":{"@id":"https:\/\/casadecampoliving.com\/es\/la-cantina-latin-bistro-abrio-sus-puertas-en-altos-de-chavon\/#primaryimage"},"thumbnailUrl":"https:\/\/i0.wp.com\/casadecampoliving.com\/wp-content\/uploads\/2022\/10\/la_cantina_altos_de_chavon-1.jpg?fit=650%2C280&ssl=1","keywords":["Altos de Chavon","la cantina latin bistro","restaurantes"],"articleSection":["Altos de Chavon @es","Comidas &amp; Bebidas","Destacados","Estilo de Vida","Eventos","Noticias Locales","Proximamente","Rep\u00fablica Dominicana @es","Restaurantes","Titulares"],"inLanguage":"es"},{"@type":"WebPage","@id":"https:\/\/casadecampoliving.com\/es\/la-cantina-latin-bistro-abrio-sus-puertas-en-altos-de-chavon\/","url":"https:\/\/casadecampoliving.com\/es\/la-cantina-latin-bistro-abrio-sus-puertas-en-altos-de-chavon\/","name":"La Cantina, Latin Bistro abri\u00f3 sus puertas en Altos de Chav\u00f3n! | Casa de Campo Living","isPartOf":{"@id":"https:\/\/casadecampoliving.com\/es\/#website"},"primaryImageOfPage":{"@id":"https:\/\/casadecampoliving.com\/es\/la-cantina-latin-bistro-abrio-sus-puertas-en-altos-de-chavon\/#primaryimage"},"image":{"@id":"https:\/\/casadecampoliving.com\/es\/la-cantina-latin-bistro-abrio-sus-puertas-en-altos-de-chavon\/#primaryimage"},"thumbnailUrl":"https:\/\/i0.wp.com\/casadecampoliving.com\/wp-content\/uploads\/2022\/10\/la_cantina_altos_de_chavon-1.jpg?fit=650%2C280&ssl=1","datePublished":"2012-01-25T04:00:00+00:00","dateModified":"2022-10-21T22:44:25+00:00","description":"La Cantina, el m\u00e1s reciente restaurante de Altos de Chav\u00f3n, abri\u00f3 sus puertas oficialmente el s\u00e1bado 10 de diciembre de 2011, durante el 2do Bazaar","breadcrumb":{"@id":"https:\/\/casadecampoliving.com\/es\/la-cantina-latin-bistro-abrio-sus-puertas-en-altos-de-chavon\/#breadcrumb"},"inLanguage":"es","potentialAction":[{"@type":"ReadAction","target":["https:\/\/casadecampoliving.com\/es\/la-cantina-latin-bistro-abrio-sus-puertas-en-altos-de-chavon\/"]}]},{"@type":"ImageObject","inLanguage":"es","@id":"https:\/\/casadecampoliving.com\/es\/la-cantina-latin-bistro-abrio-sus-puertas-en-altos-de-chavon\/#primaryimage","url":"https:\/\/i0.wp.com\/casadecampoliving.com\/wp-content\/uploads\/2022\/10\/la_cantina_altos_de_chavon-1.jpg?fit=650%2C280&ssl=1","contentUrl":"https:\/\/i0.wp.com\/casadecampoliving.com\/wp-content\/uploads\/2022\/10\/la_cantina_altos_de_chavon-1.jpg?fit=650%2C280&ssl=1","width":650,"height":280,"caption":"la cantina altos de chavon"},{"@type":"BreadcrumbList","@id":"https:\/\/casadecampoliving.com\/es\/la-cantina-latin-bistro-abrio-sus-puertas-en-altos-de-chavon\/#breadcrumb","itemListElement":[{"@type":"ListItem","position":1,"name":"Home","item":"https:\/\/casadecampoliving.com\/es\/"},{"@type":"ListItem","position":2,"name":"La Cantina, Latin Bistro abri\u00f3 sus puertas en Altos de Chav\u00f3n!"}]},{"@type":"WebSite","@id":"https:\/\/casadecampoliving.com\/es\/#website","url":"https:\/\/casadecampoliving.com\/es\/","name":"Casa de Campo Living","description":"Resort community news and resources.","publisher":{"@id":"https:\/\/casadecampoliving.com\/es\/#organization"},"potentialAction":[{"@type":"SearchAction","target":{"@type":"EntryPoint","urlTemplate":"https:\/\/casadecampoliving.com\/es\/?s={search_term_string}"},"query-input":{"@type":"PropertyValueSpecification","valueRequired":true,"valueName":"search_term_string"}}],"inLanguage":"es"},{"@type":"Organization","@id":"https:\/\/casadecampoliving.com\/es\/#organization","name":"Casa de Campo Living","url":"https:\/\/casadecampoliving.com\/es\/","logo":{"@type":"ImageObject","inLanguage":"es","@id":"https:\/\/casadecampoliving.com\/es\/#\/schema\/logo\/image\/","url":"https:\/\/i0.wp.com\/casadecampoliving.com\/wp-content\/uploads\/2022\/07\/CDCLivingLogo_V1-white-sized.png?fit=800%2C214&ssl=1","contentUrl":"https:\/\/i0.wp.com\/casadecampoliving.com\/wp-content\/uploads\/2022\/07\/CDCLivingLogo_V1-white-sized.png?fit=800%2C214&ssl=1","width":800,"height":214,"caption":"Casa de Campo Living"},"image":{"@id":"https:\/\/casadecampoliving.com\/es\/#\/schema\/logo\/image\/"},"sameAs":["https:\/\/www.facebook.com\/casadecampoliving","https:\/\/x.com\/cdcliving"]},{"@type":"Person","@id":"https:\/\/casadecampoliving.com\/es\/#\/schema\/person\/7e3b975d584a5f6ac0fd7128a81b0bc5","name":"","image":{"@type":"ImageObject","inLanguage":"es","@id":"https:\/\/secure.gravatar.com\/avatar\/?s=96&d=mm&r=g","url":"https:\/\/secure.gravatar.com\/avatar\/?s=96&d=mm&r=g","contentUrl":"https:\/\/secure.gravatar.com\/avatar\/?s=96&d=mm&r=g"},"url":"https:\/\/casadecampoliving.com\/es\/author\/ \/"}]}},"parsely":{"version":"1.1.0","canonical_url":"https:\/\/casadecampoliving.com\/es\/la-cantina-latin-bistro-abrio-sus-puertas-en-altos-de-chavon\/","smart_links":{"inbound":0,"outbound":0},"traffic_boost_suggestions_count":0,"meta":{"@context":"https:\/\/schema.org","@type":"NewsArticle","headline":"La Cantina, Latin Bistro abri\u00f3 sus puertas en Altos de Chav\u00f3n!","url":"http:\/\/casadecampoliving.com\/es\/la-cantina-latin-bistro-abrio-sus-puertas-en-altos-de-chavon\/","mainEntityOfPage":{"@type":"WebPage","@id":"http:\/\/casadecampoliving.com\/es\/la-cantina-latin-bistro-abrio-sus-puertas-en-altos-de-chavon\/"},"thumbnailUrl":"https:\/\/i0.wp.com\/casadecampoliving.com\/wp-content\/uploads\/2022\/10\/la_cantina_altos_de_chavon-1.jpg?resize=150%2C150&ssl=1","image":{"@type":"ImageObject","url":"https:\/\/i0.wp.com\/casadecampoliving.com\/wp-content\/uploads\/2022\/10\/la_cantina_altos_de_chavon-1.jpg?fit=650%2C280&ssl=1"},"articleSection":"Altos de Chavon @es","author":[{"@type":"Person","name":"FB_515917546"}],"creator":["FB_515917546"],"publisher":{"@type":"Organization","name":"Casa de Campo Living","logo":"https:\/\/casadecampoliving.com\/wp-content\/uploads\/2022\/07\/CDCLivingLogo_V1-white-sized.png"},"keywords":["altos de chavon","la cantina latin bistro","restaurantes"],"dateCreated":"2012-01-25T04:00:00Z","datePublished":"2012-01-25T04:00:00Z","dateModified":"2022-10-21T22:44:25Z"},"rendered":"<script type=\"application\/ld+json\" class=\"wp-parsely-metadata\">{\"@context\":\"https:\\\/\\\/schema.org\",\"@type\":\"NewsArticle\",\"headline\":\"La Cantina, Latin Bistro abri\\u00f3 sus puertas en Altos de Chav\\u00f3n!\",\"url\":\"http:\\\/\\\/casadecampoliving.com\\\/es\\\/la-cantina-latin-bistro-abrio-sus-puertas-en-altos-de-chavon\\\/\",\"mainEntityOfPage\":{\"@type\":\"WebPage\",\"@id\":\"http:\\\/\\\/casadecampoliving.com\\\/es\\\/la-cantina-latin-bistro-abrio-sus-puertas-en-altos-de-chavon\\\/\"},\"thumbnailUrl\":\"https:\\\/\\\/i0.wp.com\\\/casadecampoliving.com\\\/wp-content\\\/uploads\\\/2022\\\/10\\\/la_cantina_altos_de_chavon-1.jpg?resize=150%2C150&ssl=1\",\"image\":{\"@type\":\"ImageObject\",\"url\":\"https:\\\/\\\/i0.wp.com\\\/casadecampoliving.com\\\/wp-content\\\/uploads\\\/2022\\\/10\\\/la_cantina_altos_de_chavon-1.jpg?fit=650%2C280&ssl=1\"},\"articleSection\":\"Altos de Chavon @es\",\"author\":[{\"@type\":\"Person\",\"name\":\"FB_515917546\"}],\"creator\":[\"FB_515917546\"],\"publisher\":{\"@type\":\"Organization\",\"name\":\"Casa de Campo Living\",\"logo\":\"https:\\\/\\\/casadecampoliving.com\\\/wp-content\\\/uploads\\\/2022\\\/07\\\/CDCLivingLogo_V1-white-sized.png\"},\"keywords\":[\"altos de chavon\",\"la cantina latin bistro\",\"restaurantes\"],\"dateCreated\":\"2012-01-25T04:00:00Z\",\"datePublished\":\"2012-01-25T04:00:00Z\",\"dateModified\":\"2022-10-21T22:44:25Z\"}<\/script>","tracker_url":"https:\/\/cdn.parsely.com\/keys\/casadecampoliving.com\/p.js"},"jetpack_publicize_connections":[],"jetpack_featured_media_url":"https:\/\/i0.wp.com\/casadecampoliving.com\/wp-content\/uploads\/2022\/10\/la_cantina_altos_de_chavon-1.jpg?fit=650%2C280&ssl=1","jetpack-related-posts":[{"id":342182,"url":"https:\/\/casadecampoliving.com\/es\/acompanenos-a-celebrar-la-reapertura-de-la-cantina-manana-desde-las-6pm\/","url_meta":{"origin":338152,"position":0},"title":"\u00a1Acomp\u00e1\u00f1enos a celebrar la reapertura de La Cantina, ma\u00f1ana, desde las 6pm!","author":"Rebecca Silvestri","date":"28 Jun, 2013","format":false,"excerpt":"La Cantina latin bistro en Altos de Chav\u00f3n abri\u00f3 sus puertas nuevamente, de manera oficial, el pasado s\u00e1bado 22 de junio y ma\u00f1ana (s\u00e1bado 29 de junio) estar\u00e1 celebrando la reapertura con una fiesta, en la que mostrar\u00e1 las nuevas decoraciones y el nuevo men\u00fa. Estamos seguros de que amar\u00e1n\u2026","rel":"","context":"En \u00abAltos de Chavon @es\u00bb","block_context":{"text":"Altos de Chavon @es","link":"https:\/\/casadecampoliving.com\/category\/altos-de-chavon-es\/"},"img":{"alt_text":"La Cantina Altos de Chavon","src":"https:\/\/i0.wp.com\/casadecampoliving.com\/wp-content\/uploads\/2022\/10\/la_cantina_altos_de_chavon-3.jpg?fit=650%2C408&ssl=1&resize=350%2C200","width":350,"height":200,"srcset":"https:\/\/i0.wp.com\/casadecampoliving.com\/wp-content\/uploads\/2022\/10\/la_cantina_altos_de_chavon-3.jpg?fit=650%2C408&ssl=1&resize=350%2C200 1x, https:\/\/i0.wp.com\/casadecampoliving.com\/wp-content\/uploads\/2022\/10\/la_cantina_altos_de_chavon-3.jpg?fit=650%2C408&ssl=1&resize=525%2C300 1.5x"},"classes":[]},{"id":337608,"url":"https:\/\/casadecampoliving.com\/es\/alerta-de-rumor-la-cantina-nuevo-restaurante-que-abrira-pronto-en-altos-de-chavon\/","url_meta":{"origin":338152,"position":1},"title":"Alerta de rumor: \u00abLa Cantina\u00bb, nuevo restaurante que abrir\u00e1 pronto en Altos de Chav\u00f3n!","author":"","date":"5 Dic, 2011","format":false,"excerpt":"Es un restaurante nuevo a punto de abrir en Altos de Chav\u00f3n? Creemos que s\u00ed! En las \u00faltimas semanas, se ha rumorado que un nuevo restaurante pronto abrir\u00e1 sus puertas en Altos de Chav\u00f3n \u2013 y ahora hemos escuchado que este nuevo centro gastron\u00f3mico ser\u00e1 inaugurado este s\u00e1bado 10 de\u2026","rel":"","context":"En \u00abAltos de Chavon @es\u00bb","block_context":{"text":"Altos de Chavon @es","link":"https:\/\/casadecampoliving.com\/category\/altos-de-chavon-es\/"},"img":{"alt_text":"la cantina new restaurant altos de chavon","src":"https:\/\/i0.wp.com\/casadecampoliving.com\/wp-content\/uploads\/2022\/10\/la_cantina_restaurant_altos_de_chavon-1.jpg?fit=650%2C325&ssl=1&resize=350%2C200","width":350,"height":200,"srcset":"https:\/\/i0.wp.com\/casadecampoliving.com\/wp-content\/uploads\/2022\/10\/la_cantina_restaurant_altos_de_chavon-1.jpg?fit=650%2C325&ssl=1&resize=350%2C200 1x, https:\/\/i0.wp.com\/casadecampoliving.com\/wp-content\/uploads\/2022\/10\/la_cantina_restaurant_altos_de_chavon-1.jpg?fit=650%2C325&ssl=1&resize=525%2C300 1.5x"},"classes":[]},{"id":338202,"url":"https:\/\/casadecampoliving.com\/es\/el-cantante-y-actor-puertorriqueno-christian-daniel-graba-nuevo-video-musical-en-altos-de-chavon\/","url_meta":{"origin":338152,"position":2},"title":"El cantante y actor puertorrique\u00f1o, Christian Daniel, graba nuevo video musical en Altos de Chav\u00f3n!","author":"","date":"28 Ene, 2012","format":false,"excerpt":"El artista Christian Daniel, bajo el sello musical Sonymusic, recientemente ha participado en la telenovela de Miami, \u201cEl fantasma de Elena\u2019 y se encuentra en la Rep\u00fablica Dominicana, promoviendo su segundo\u00a0\u00e1lbum\u00a0 \u201cTodo lo que tengo\u201d y tambi\u00e9n grabando su nuevo video musical \u201cAunque ya no vuelvas\u201d, en Altos de Chav\u00f3n.\u00a0\u2026","rel":"","context":"En \u00abAltos de Chavon @es\u00bb","block_context":{"text":"Altos de Chavon @es","link":"https:\/\/casadecampoliving.com\/category\/altos-de-chavon-es\/"},"img":{"alt_text":"christian daniel en Altos de Chav\u00f3n","src":"https:\/\/i0.wp.com\/casadecampoliving.com\/wp-content\/uploads\/2022\/10\/christian_daniel-1.jpg?fit=650%2C376&ssl=1&resize=350%2C200","width":350,"height":200,"srcset":"https:\/\/i0.wp.com\/casadecampoliving.com\/wp-content\/uploads\/2022\/10\/christian_daniel-1.jpg?fit=650%2C376&ssl=1&resize=350%2C200 1x, https:\/\/i0.wp.com\/casadecampoliving.com\/wp-content\/uploads\/2022\/10\/christian_daniel-1.jpg?fit=650%2C376&ssl=1&resize=525%2C300 1.5x"},"classes":[]},{"id":339663,"url":"https:\/\/casadecampoliving.com\/es\/exquisitos-sabores-y-ritmos-espanoles-en-la-cantina-altos-de-chavon\/","url_meta":{"origin":338152,"position":3},"title":"Exquisitos sabores y ritmos espa\u00f1oles en La Cantina, Altos de Chavon!","author":"","date":"30 Ago, 2012","format":false,"excerpt":"El pasado martes 21 de agosto, exquisitos sabores y ritmos espa\u00f1oles transportaron a los presentes a la 'Madre Patria' en la celebraci\u00f3n del popular Festival de Paella de Casa de Campo, esta vez realizado en el renovado restaurante La Cantina Latin Bistro de Altos de Chav\u00f3n - sin duda una\u2026","rel":"","context":"En \u00abAltos de Chavon @es\u00bb","block_context":{"text":"Altos de Chavon @es","link":"https:\/\/casadecampoliving.com\/category\/altos-de-chavon-es\/"},"img":{"alt_text":"paella festival la cantina","src":"https:\/\/i0.wp.com\/casadecampoliving.com\/wp-content\/uploads\/2022\/10\/paella_festival_la_cantina1-1.jpg?fit=650%2C430&ssl=1&resize=350%2C200","width":350,"height":200,"srcset":"https:\/\/i0.wp.com\/casadecampoliving.com\/wp-content\/uploads\/2022\/10\/paella_festival_la_cantina1-1.jpg?fit=650%2C430&ssl=1&resize=350%2C200 1x, https:\/\/i0.wp.com\/casadecampoliving.com\/wp-content\/uploads\/2022\/10\/paella_festival_la_cantina1-1.jpg?fit=650%2C430&ssl=1&resize=525%2C300 1.5x"},"classes":[]},{"id":350138,"url":"https:\/\/casadecampoliving.com\/es\/la-cantina-bistro-casalife-2016\/","url_meta":{"origin":338152,"position":4},"title":"La Cantina Latin Bistro con un impecable gusto por el arte, m\u00fasica y cocina local","author":"Carla Campos","date":"10 Jul, 2016","format":false,"excerpt":"La edici\u00f3n de verano de nuestra publicaci\u00f3n hermana, CasaLife Magazine, ya est\u00e1 disponible y nos han encantado sus comentarios positivos y su retroalimentaci\u00f3n! Tambi\u00e9n hemos visto a algunos de ustedes en La Cantina en Altos de Chav\u00f3n y no dudamos que han estado probando los nuevos platos que compartimos con\u2026","rel":"","context":"En \u00abAltos de Chavon @es\u00bb","block_context":{"text":"Altos de Chavon @es","link":"https:\/\/casadecampoliving.com\/category\/altos-de-chavon-es\/"},"img":{"alt_text":"Sticky Ribs Skirt Steak La Cantina Tasting CasaLife","src":"https:\/\/i0.wp.com\/casadecampoliving.com\/wp-content\/uploads\/2022\/10\/Sticky-Ribs-Skirt-Steak-La-Cantina-Tasting-CasaLife-1.jpg?fit=1000%2C600&ssl=1&resize=350%2C200","width":350,"height":200,"srcset":"https:\/\/i0.wp.com\/casadecampoliving.com\/wp-content\/uploads\/2022\/10\/Sticky-Ribs-Skirt-Steak-La-Cantina-Tasting-CasaLife-1.jpg?fit=1000%2C600&ssl=1&resize=350%2C200 1x, https:\/\/i0.wp.com\/casadecampoliving.com\/wp-content\/uploads\/2022\/10\/Sticky-Ribs-Skirt-Steak-La-Cantina-Tasting-CasaLife-1.jpg?fit=1000%2C600&ssl=1&resize=525%2C300 1.5x, https:\/\/i0.wp.com\/casadecampoliving.com\/wp-content\/uploads\/2022\/10\/Sticky-Ribs-Skirt-Steak-La-Cantina-Tasting-CasaLife-1.jpg?fit=1000%2C600&ssl=1&resize=700%2C400 2x"},"classes":[]},{"id":342895,"url":"https:\/\/casadecampoliving.com\/es\/celebracion-del-evento-cafe-de-la-leche-el-viernes-13-de-septiembre\/","url_meta":{"origin":338152,"position":5},"title":"Celebraci\u00f3n del evento Caf\u00e9 de la Leche el viernes 13 de septiembre","author":"Lenny Castillo","date":"17 Sep, 2013","format":false,"excerpt":"El pasado\u00a0viernes\u00a013 de septiembre, fecha que\u00a0seg\u00fan\u00a0creencias populares es de mala suerte, se convirti\u00f3 en el d\u00eda ideal para la celebraci\u00f3n de Caf\u00e9 de la Leche en la Cantina Altos de\u00a0Chav\u00f3n. Despu\u00e9s de haber sido pospuesto desde el viernes anterior, debido a la preocupaci\u00f3n por la tormenta tropical Gabrielle (que en\u2026","rel":"","context":"En \u00abAltos de Chavon @es\u00bb","block_context":{"text":"Altos de Chavon @es","link":"https:\/\/casadecampoliving.com\/category\/altos-de-chavon-es\/"},"img":{"alt_text":"Caf\u00e9 de la Leche Xiomara Matos","src":"https:\/\/i0.wp.com\/casadecampoliving.com\/wp-content\/uploads\/2022\/10\/cafe_de_la_leche_xiomara_matos-1.jpg?fit=650%2C377&ssl=1&resize=350%2C200","width":350,"height":200,"srcset":"https:\/\/i0.wp.com\/casadecampoliving.com\/wp-content\/uploads\/2022\/10\/cafe_de_la_leche_xiomara_matos-1.jpg?fit=650%2C377&ssl=1&resize=350%2C200 1x, https:\/\/i0.wp.com\/casadecampoliving.com\/wp-content\/uploads\/2022\/10\/cafe_de_la_leche_xiomara_matos-1.jpg?fit=650%2C377&ssl=1&resize=525%2C300 1.5x"},"classes":[]}],"jetpack_sharing_enabled":true,"_links":{"self":[{"href":"https:\/\/casadecampoliving.com\/es\/wp-json\/wp\/v2\/posts\/338152","targetHints":{"allow":["GET"]}}],"collection":[{"href":"https:\/\/casadecampoliving.com\/es\/wp-json\/wp\/v2\/posts"}],"about":[{"href":"https:\/\/casadecampoliving.com\/es\/wp-json\/wp\/v2\/types\/post"}],"author":[{"embeddable":true,"href":"https:\/\/casadecampoliving.com\/es\/wp-json\/wp\/v2\/users\/21"}],"replies":[{"embeddable":true,"href":"https:\/\/casadecampoliving.com\/es\/wp-json\/wp\/v2\/comments?post=338152"}],"version-history":[{"count":1,"href":"https:\/\/casadecampoliving.com\/es\/wp-json\/wp\/v2\/posts\/338152\/revisions"}],"predecessor-version":[{"id":338153,"href":"https:\/\/casadecampoliving.com\/es\/wp-json\/wp\/v2\/posts\/338152\/revisions\/338153"}],"wp:featuredmedia":[{"embeddable":true,"href":"https:\/\/casadecampoliving.com\/es\/wp-json\/wp\/v2\/media\/245018"}],"wp:attachment":[{"href":"https:\/\/casadecampoliving.com\/es\/wp-json\/wp\/v2\/media?parent=338152"}],"wp:term":[{"taxonomy":"category","embeddable":true,"href":"https:\/\/casadecampoliving.com\/es\/wp-json\/wp\/v2\/categories?post=338152"},{"taxonomy":"post_tag","embeddable":true,"href":"https:\/\/casadecampoliving.com\/es\/wp-json\/wp\/v2\/tags?post=338152"},{"taxonomy":"newspack_spnsrs_tax","embeddable":true,"href":"https:\/\/casadecampoliving.com\/es\/wp-json\/wp\/v2\/newspack_spnsrs_tax?post=338152"}],"curies":[{"name":"wp","href":"https:\/\/api.w.org\/{rel}","templated":true}]}}