{"id":338143,"date":"2012-01-23T00:00:00","date_gmt":"2012-01-23T04:00:00","guid":{"rendered":"https:\/\/casadecampoliving.com\/la-3era-exaltacion-al-salon-de-la-fama-del-beisbol-latino-del-9-al-12-de-febrero\/"},"modified":"2022-10-21T18:44:00","modified_gmt":"2022-10-21T22:44:00","slug":"la-3era-exaltacion-al-salon-de-la-fama-del-beisbol-latino-del-9-al-12-de-febrero","status":"publish","type":"post","link":"https:\/\/casadecampoliving.com\/es\/la-3era-exaltacion-al-salon-de-la-fama-del-beisbol-latino-del-9-al-12-de-febrero\/","title":{"rendered":"La 3era Exaltaci\u00f3n al Sal\u00f3n de la Fama del B\u00e9isbol Latino: del 9 al 12 de febrero!"},"content":{"rendered":"<div class=\"wp-block-image\">\n<figure class=\"aligncenter is-resized\"><img loading=\"lazy\" decoding=\"async\" src=\"https:\/\/i0.wp.com\/casadecampoliving.com\/wp-content\/uploads\/2022\/10\/lantino_baseball_hall_of_fame.jpg?resize=650%2C276&amp;ssl=1\" alt=\"latino baseball hall of fame\" class=\"wp-image-43017\" title=\"lantino_baseball_hall_of_fame\" height=\"276\" width=\"650\"\/><\/figure>\n<\/div>\n\n\n<p>La tercera edici\u00f3n de la semana que celebrar\u00e1 la exaltaci\u00f3n al Sal\u00f3n de la Fama del B\u00e9isbol Latino, este 2012 ser\u00e1 celebrado en Casa de Campo y La Romana del 9 al 12 de enero, con un programa de eventos y actividades conmemorativos, que culminaran con la Ceremonia de Exaltaci\u00f3n en el anfiteatro de Altos de Chav\u00f3n el s\u00e1bado 11 de febrero.&nbsp;<\/p>\n\n\n\n<!--more-->\n\n\n\n<p>El sal\u00f3n de la fama del be\u00edsbol latino, fundado por Roberto Weill con Alfy Fanjul y Rafael Avila en el 2009, aspira a celebrar los nuevos logros de la Major League hispana y del Caribe \u2013 ausentes en el Sal\u00f3n de la Fama de B\u00e9isbol Nacional en Nueva York.<\/p>\n\n\n<div class=\"wp-block-image\">\n<figure class=\"alignright is-resized\"><img loading=\"lazy\" decoding=\"async\" src=\"https:\/\/i0.wp.com\/casadecampoliving.com\/wp-content\/uploads\/2022\/10\/lantino_baseball_hall_of_fame2.jpg?resize=200%2C194&amp;ssl=1\" alt=\"latino baseball hall of fame \" class=\"wp-image-43020\" title=\"lantino_baseball_hall_of_fame\" height=\"194\" width=\"200\"\/><\/figure>\n<\/div>\n\n\n<p>Este a\u00f1o, la celebraci\u00f3n de tres d\u00edas incluir\u00e1 numerosos eventos privados para las \u201cluminarias\u201d (jugadores que han sido exaltados en el sal\u00f3n de la fama de b\u00e9isbol latino, con sus familiares y varios invitados VIP de Casa de Campo. Estos eventos especiales incluir\u00e1n una inauguraci\u00f3n del Sal\u00f3n de la Fama, cenas organizadas por Roberto Weill, fundador y presidente del Sal\u00f3n de la Fama de B\u00e9sbol Latino, al igual que Alfy Fanjul con un torneo de golf en el campo de golf Teeth of the Dog y un after-party luego de la \u201cCeremonia de Exaltaci\u00f3n\u201d<\/p>\n\n\n\n<p>A\u00fan cuando existen eventos que no est\u00e1n abiertos al p\u00fablico, el programa de actividades si incluye un sin n\u00famero de actividades a las que todos est\u00e1n cordialmente invitados; el Paseo de los Inmortales\u201d, la ceremonia de inmortalizaci\u00f3n de los jugadores exaltados en el 2011, la cual tendr\u00e1 lugar en el pueblo de La Romana, al igual que la tercera Gran Ceremonia de Exaltaci\u00f3n el s\u00e1bado 11 de febrero a las 8 p.m en el anfiteatro de Altos de Chav\u00f3n.<\/p>\n\n\n\n<p>Este a\u00f1o, 12 jugadores ser\u00e1n exaltados en el Sal\u00f3n de la Fama del B\u00e9isbol Latino durante la Gran Ceremonia de Exaltaci\u00f3n; &nbsp;Tony Oliva (Cuba),&nbsp;Aurelio Rodr\u00edguez (M\u00e9xico), &nbsp;Bengam\u00edn Oglivie (Panam\u00e1),&nbsp;Bernie Williams (Puerto Rico),&nbsp;Tony Pe\u00f1a (Rep\u00fablica Dominicana),&nbsp;Manny Trillo (Venezuela), Ram\u00f3n Braga\u00f1a (Cuba),&nbsp;\u00c1ngel&nbsp;Castro (M\u00e9xico),&nbsp;Pat Scantlebury (Panam\u00e1),&nbsp;Luis Tite Arroyo (Puerto Rico),&nbsp;Di\u00f3medes Guayub\u00edn Olivo (Rep\u00fablica Dominicana),&nbsp;Alejandro Pat\u00f3n Carrasquel (Venezuela).<\/p>\n\n\n\n<blockquote class=\"wp-block-quote is-layout-flow wp-block-quote-is-layout-flow\"><p><span style=\"text-decoration: underline;\"><strong>La 3era \u201cGran Ceremonia de Exaltaci\u00f3n\u201d<\/strong><\/span><br>\n<strong>Cu\u00e1ndo:<\/strong> S\u00e1bado 11 de febrero, 8pm<br>\n<strong>D\u00f3nde:<\/strong>&nbsp;Anfiteatro de Altos de Chav\u00f3n<\/p><\/blockquote>\n\n\n\n<p>A continuaci\u00f3n el completo programa de eventos y actividades:<\/p>\n\n\n<div class=\"wp-block-image\">\n<figure class=\"aligncenter is-resized\"><a href=\"https:\/\/i0.wp.com\/casadecampoliving.com\/wp-content\/uploads\/2022\/10\/lantino_baseball_hall_of_fame1.jpg?ssl=1\"><img loading=\"lazy\" decoding=\"async\" src=\"https:\/\/i0.wp.com\/casadecampoliving.com\/wp-content\/uploads\/2022\/10\/lantino_baseball_hall_of_fame1.jpg?resize=650%2C642&amp;ssl=1\" alt=\"\" class=\"wp-image-43018\" title=\"lantino_baseball_hall_of_fame\" height=\"642\" width=\"650\"\/><\/a><\/figure>\n<\/div>\n\n\n<p><strong><strong><a href=\"https:\/\/casadecampoliving.com\/es\/2011\/02\/celebridades-en-altos-de-chavon-cameron-diaz-y-alex-rodriguez-2\/\">Gran Ceremonia de Exaltaci\u00f3n 2011<\/a><br>\n<\/strong><\/strong>El a\u00f1o pasado la Gran Ceremonia de Exaltaci\u00f3n tuvo lugar el s\u00e1bado 12 de febrero en el anfiteatro de Altos de Chav\u00f3n a la cual acudieron un sin n\u00famero de celebridades e invitados especiales como<a href=\"https:\/\/casadecampoliving.com\/es\/2011\/02\/celebridades-en-altos-de-chavon-cameron-diaz-y-alex-rodriguez-2\/\">&nbsp;Cameron D\u00edaz y Alex Rodriguez (A-Rod)<\/a><a href=\"https:\/\/casadecampoliving.com\/2011\/02\/celebrity-spotting-at-the-salon-de-la-fama-alex-rodriquez-and-cameron-diaz\/\">, <\/a>reconocido por ser el jugador m\u00e1s joven que ha realizado 600 home runs, junto a otras figuras destacadas en el&nbsp;Sal\u00f3n&nbsp;de la Fama del B\u00e9isbol Latino;&nbsp;Edgar Mart\u00ednez, Dennis Mart\u00ednez, Manny Sanguill\u00e9n, Luis Tiant and Ricardo Carty.<br>\n<a href=\"https:\/\/casadecampoliving.com\/es\/2011\/02\/celebridades-en-altos-de-chavon-cameron-diaz-y-alex-rodriguez-2\/\">Haga click para m\u00e1s FOTOS!<\/a><\/p>\n\n\n<div class=\"wp-block-image\">\n<figure class=\"aligncenter is-resized\"><img loading=\"lazy\" decoding=\"async\" src=\"https:\/\/i0.wp.com\/casadecampoliving.com\/wp-content\/uploads\/2022\/10\/lantino_baseball_hall_of_fame_alex_rodriguez.jpg?resize=650%2C365&amp;ssl=1\" alt=\"latino baseball hall of fame alex rodriguez\" class=\"wp-image-43019\" title=\"lantino_baseball_hall_of_fame_alex_rodriguez\" height=\"365\" width=\"650\"\/><\/figure>\n<\/div>\n\n\n<p class=\"has-text-align-center\"><strong>Alex Rodr\u00edguez (A-Rod) en la Gran Ceremonia de Exaltaci\u00f3n<strong>&nbsp;2011<\/strong><\/strong><br>\n<\/p>\n\n\n\n<p><strong><strong>Gran Ceremonia de Exaltaci\u00f3n 201o<br>\n<\/strong><\/strong>La primera ceremonia se realiz\u00f3 el s\u00e1bado 29 de octubre en el Anfiteatro de Altos de Chav\u00f3n, cuando una gran cantidad de jugadores fueron exaltados en el Sal\u00f3n de la Fama del B\u00e9isbol Latino; Juan Marichal, Roberto Clemente, Luis Aparicio, Rod Carew, Orlando Cepeda, Anastacio P\u00e9rez, Mart\u00edn Dihigo, Jos\u00e9 de la Caridad M\u00e9ndez, Crist\u00f3bal Torriente, Alejandro Pompez, Eloy (Buck) Canel, Jaime Jarrin, Rafael (Felo) Ramirez,&nbsp;Pancho Coimbre, Beto Avila, Alfonso Carrasquel, Tetelo Vargas, Orestes Mi\u00f1oso, Boby Maduro,&nbsp;Felipe Rojas Alou, Roberto Alomar, H\u00e9ctor Espino, David Concepci\u00f3n, Camilo Pascual.<\/p>\n\n\n\n<p><strong><a href=\"http:\/\/wp.me\/p1kvEy-bca\">Cena inaugural del Sal\u00f3n de la Fama del B\u00e9isbol Latino&nbsp;<\/a><\/strong><br>\nEl s\u00e1bado 12 de diciembre de 2009, el Sr. Weill junto a su esposa, organizaron una cena y fiesta en su villa de Casa de Campo para dar la bienvenida a personalidades de las grandes ligas del b\u00e9isbol \u2013 en honor a la que ser\u00eda la pronta inauguraci\u00f3n de un nuevo Sal\u00f3n de la Fama de B\u00e9isbol Latino. A la cena asistieron un sin n\u00famero de personalidades destacadas, al igual que las legendas del b\u00e9isbol latino; Tom Lasorda, Lou Melendez y Rafael Avila.<br>\n<a href=\"http:\/\/wp.me\/p1kvEy-bca\">Haga click aqu\u00ed para leer y ver m\u00e1s sobre el evento!<\/a><\/p>\n\n\n<div class=\"wp-block-image\">\n<figure class=\"aligncenter is-resized\"><img loading=\"lazy\" decoding=\"async\" src=\"https:\/\/i0.wp.com\/casadecampoliving.com\/wp-content\/uploads\/2022\/10\/tom-lasorda.jpg?resize=580%2C408&amp;ssl=1\" alt=\"tom lasorda\" class=\"wp-image-10289\" title=\"tom lasorda\" height=\"408\" width=\"580\"\/><\/figure>\n<\/div>\n\n\n<p class=\"has-text-align-center\"><strong><a href=\"http:\/\/wp.me\/p1kvEy-bca\">Cena del Sal\u00f3n de la Fama del B\u00e9isbol Latino, por&nbsp;Roberto Weill<\/a><\/strong><a href=\"https:\/\/casadecampoliving.com\/2009\/12\/welcoming-major-league-baseball-personalities-a-dinner-hosted-by-mr-and-mrs-roberto-weill\/tom-lasorda\/\" rel=\"attachment wp-att-10289\"><br>\n<\/a><\/p>\n","protected":false},"excerpt":{"rendered":"<p>La tercera edici\u00f3n de la semana que celebrar\u00e1 la exaltaci\u00f3n al Sal\u00f3n de la Fama del B\u00e9isbol Latino, este 2012 ser\u00e1 celebrado en Casa de Campo y La Romana del 9 al 12 de enero, con un programa de eventos y actividades conmemorativos, que culminaran con la Ceremonia de Exaltaci\u00f3n en el anfiteatro de Altos [&hellip;]<\/p>\n","protected":false},"author":21,"featured_media":244271,"comment_status":"closed","ping_status":"closed","sticky":false,"template":"","format":"standard","meta":{"newspack_ads_suppress_ads":false,"newspack_popups_has_disabled_popups":false,"newspack_sponsor_sponsorship_scope":"","newspack_sponsor_native_byline_display":"inherit","newspack_sponsor_native_category_display":"inherit","newspack_sponsor_underwriter_style":"inherit","newspack_sponsor_underwriter_placement":"inherit","_newspack_byline_active":false,"_newspack_byline":"","newspack_hide_updated_date":false,"newspack_show_updated_date":false,"newspack_content_restriction_is_exempt":false,"newspack_featured_image_position":"","newspack_post_subtitle":"","newspack_article_summary_title":"Overview:","newspack_article_summary":"","_jetpack_memberships_contains_paid_content":false,"footnotes":"","jetpack_publicize_message":"","jetpack_publicize_feature_enabled":true,"jetpack_social_post_already_shared":false,"jetpack_social_options":{"image_generator_settings":{"template":"highway","default_image_id":0,"font":"","enabled":false},"version":2},"_wpas_customize_per_network":false},"categories":[26819,2525,2524,2522,26581,14625,14627,26822,2526],"tags":[15387,3583,3581],"newspack_spnsrs_tax":[],"class_list":["post-338143","post","type-post","status-publish","format-standard","has-post-thumbnail","hentry","category-altos-de-chavon-es","category-golf-deportes-es","category-destacados","category-eventos-es","category-la-marina-casa-de-campo","category-noticias-locales","category-proximamente","category-resort-casa-de-campo","category-titulares-es","tag-altos-de-chavon-es","tag-grandes-ligas","tag-salon-de-la-fama-de-beisbol-latino","entry"],"yoast_head":"<!-- This site is optimized with the Yoast SEO plugin v27.5 - https:\/\/yoast.com\/product\/yoast-seo-wordpress\/ -->\n<title>La 3era Exaltaci\u00f3n al Sal\u00f3n de la Fama del B\u00e9isbol Latino: del 9 al 12 de febrero! | Casa de Campo Living<\/title>\n<meta name=\"description\" content=\"La tercera edici\u00f3n de la semana que celebrar\u00e1 la exaltaci\u00f3n al Sal\u00f3n de la Fama del B\u00e9isbol Latino, este 2012 ser\u00e1 celebrado en Casa de Campo y La Romana\" \/>\n<meta name=\"robots\" content=\"index, follow, max-snippet:-1, max-image-preview:large, max-video-preview:-1\" \/>\n<link rel=\"canonical\" href=\"https:\/\/casadecampoliving.com\/es\/la-3era-exaltacion-al-salon-de-la-fama-del-beisbol-latino-del-9-al-12-de-febrero\/\" \/>\n<meta property=\"og:locale\" content=\"es_ES\" \/>\n<meta property=\"og:type\" content=\"article\" \/>\n<meta property=\"og:title\" content=\"La 3era Exaltaci\u00f3n al Sal\u00f3n de la Fama del B\u00e9isbol Latino: del 9 al 12 de febrero! | Casa de Campo Living\" \/>\n<meta property=\"og:description\" content=\"La tercera edici\u00f3n de la semana que celebrar\u00e1 la exaltaci\u00f3n al Sal\u00f3n de la Fama del B\u00e9isbol Latino, este 2012 ser\u00e1 celebrado en Casa de Campo y La Romana\" \/>\n<meta property=\"og:url\" content=\"https:\/\/casadecampoliving.com\/es\/la-3era-exaltacion-al-salon-de-la-fama-del-beisbol-latino-del-9-al-12-de-febrero\/\" \/>\n<meta property=\"og:site_name\" content=\"Casa de Campo Living\" \/>\n<meta property=\"article:publisher\" content=\"https:\/\/www.facebook.com\/casadecampoliving\" \/>\n<meta property=\"article:published_time\" content=\"2012-01-23T04:00:00+00:00\" \/>\n<meta property=\"article:modified_time\" content=\"2022-10-21T22:44:00+00:00\" \/>\n<meta property=\"og:image\" content=\"https:\/\/i0.wp.com\/casadecampoliving.com\/wp-content\/uploads\/2022\/10\/lantino_baseball_hall_of_fame-1.jpg?fit=650%2C276&ssl=1\" \/>\n\t<meta property=\"og:image:width\" content=\"650\" \/>\n\t<meta property=\"og:image:height\" content=\"276\" \/>\n\t<meta property=\"og:image:type\" content=\"image\/jpeg\" \/>\n<meta name=\"twitter:card\" content=\"summary_large_image\" \/>\n<meta name=\"twitter:creator\" content=\"@cdcliving\" \/>\n<meta name=\"twitter:site\" content=\"@cdcliving\" \/>\n<meta name=\"twitter:label1\" content=\"Escrito por\" \/>\n\t<meta name=\"twitter:data1\" content=\"\" \/>\n\t<meta name=\"twitter:label2\" content=\"Tiempo de lectura\" \/>\n\t<meta name=\"twitter:data2\" content=\"4 minutos\" \/>\n<script type=\"application\/ld+json\" class=\"yoast-schema-graph\">{\"@context\":\"https:\\\/\\\/schema.org\",\"@graph\":[{\"@type\":\"Article\",\"@id\":\"https:\\\/\\\/casadecampoliving.com\\\/es\\\/la-3era-exaltacion-al-salon-de-la-fama-del-beisbol-latino-del-9-al-12-de-febrero\\\/#article\",\"isPartOf\":{\"@id\":\"https:\\\/\\\/casadecampoliving.com\\\/es\\\/la-3era-exaltacion-al-salon-de-la-fama-del-beisbol-latino-del-9-al-12-de-febrero\\\/\"},\"author\":{\"name\":\"\",\"@id\":\"https:\\\/\\\/casadecampoliving.com\\\/es\\\/#\\\/schema\\\/person\\\/7e3b975d584a5f6ac0fd7128a81b0bc5\"},\"headline\":\"La 3era Exaltaci\u00f3n al Sal\u00f3n de la Fama del B\u00e9isbol Latino: del 9 al 12 de febrero!\",\"datePublished\":\"2012-01-23T04:00:00+00:00\",\"dateModified\":\"2022-10-21T22:44:00+00:00\",\"mainEntityOfPage\":{\"@id\":\"https:\\\/\\\/casadecampoliving.com\\\/es\\\/la-3era-exaltacion-al-salon-de-la-fama-del-beisbol-latino-del-9-al-12-de-febrero\\\/\"},\"wordCount\":801,\"publisher\":{\"@id\":\"https:\\\/\\\/casadecampoliving.com\\\/es\\\/#organization\"},\"image\":{\"@id\":\"https:\\\/\\\/casadecampoliving.com\\\/es\\\/la-3era-exaltacion-al-salon-de-la-fama-del-beisbol-latino-del-9-al-12-de-febrero\\\/#primaryimage\"},\"thumbnailUrl\":\"https:\\\/\\\/i0.wp.com\\\/casadecampoliving.com\\\/wp-content\\\/uploads\\\/2022\\\/10\\\/lantino_baseball_hall_of_fame-1.jpg?fit=650%2C276&ssl=1\",\"keywords\":[\"Altos de Chavon\",\"grandes ligas\",\"salon de la fama de beisbol latino\"],\"articleSection\":[\"Altos de Chavon @es\",\"Deportes\",\"Destacados\",\"Eventos\",\"La Marina Casa de Campo\",\"Noticias Locales\",\"Proximamente\",\"Resort Casa de Campo\",\"Titulares\"],\"inLanguage\":\"es\"},{\"@type\":\"WebPage\",\"@id\":\"https:\\\/\\\/casadecampoliving.com\\\/es\\\/la-3era-exaltacion-al-salon-de-la-fama-del-beisbol-latino-del-9-al-12-de-febrero\\\/\",\"url\":\"https:\\\/\\\/casadecampoliving.com\\\/es\\\/la-3era-exaltacion-al-salon-de-la-fama-del-beisbol-latino-del-9-al-12-de-febrero\\\/\",\"name\":\"La 3era Exaltaci\u00f3n al Sal\u00f3n de la Fama del B\u00e9isbol Latino: del 9 al 12 de febrero! | Casa de Campo Living\",\"isPartOf\":{\"@id\":\"https:\\\/\\\/casadecampoliving.com\\\/es\\\/#website\"},\"primaryImageOfPage\":{\"@id\":\"https:\\\/\\\/casadecampoliving.com\\\/es\\\/la-3era-exaltacion-al-salon-de-la-fama-del-beisbol-latino-del-9-al-12-de-febrero\\\/#primaryimage\"},\"image\":{\"@id\":\"https:\\\/\\\/casadecampoliving.com\\\/es\\\/la-3era-exaltacion-al-salon-de-la-fama-del-beisbol-latino-del-9-al-12-de-febrero\\\/#primaryimage\"},\"thumbnailUrl\":\"https:\\\/\\\/i0.wp.com\\\/casadecampoliving.com\\\/wp-content\\\/uploads\\\/2022\\\/10\\\/lantino_baseball_hall_of_fame-1.jpg?fit=650%2C276&ssl=1\",\"datePublished\":\"2012-01-23T04:00:00+00:00\",\"dateModified\":\"2022-10-21T22:44:00+00:00\",\"description\":\"La tercera edici\u00f3n de la semana que celebrar\u00e1 la exaltaci\u00f3n al Sal\u00f3n de la Fama del B\u00e9isbol Latino, este 2012 ser\u00e1 celebrado en Casa de Campo y La Romana\",\"breadcrumb\":{\"@id\":\"https:\\\/\\\/casadecampoliving.com\\\/es\\\/la-3era-exaltacion-al-salon-de-la-fama-del-beisbol-latino-del-9-al-12-de-febrero\\\/#breadcrumb\"},\"inLanguage\":\"es\",\"potentialAction\":[{\"@type\":\"ReadAction\",\"target\":[\"https:\\\/\\\/casadecampoliving.com\\\/es\\\/la-3era-exaltacion-al-salon-de-la-fama-del-beisbol-latino-del-9-al-12-de-febrero\\\/\"]}]},{\"@type\":\"ImageObject\",\"inLanguage\":\"es\",\"@id\":\"https:\\\/\\\/casadecampoliving.com\\\/es\\\/la-3era-exaltacion-al-salon-de-la-fama-del-beisbol-latino-del-9-al-12-de-febrero\\\/#primaryimage\",\"url\":\"https:\\\/\\\/i0.wp.com\\\/casadecampoliving.com\\\/wp-content\\\/uploads\\\/2022\\\/10\\\/lantino_baseball_hall_of_fame-1.jpg?fit=650%2C276&ssl=1\",\"contentUrl\":\"https:\\\/\\\/i0.wp.com\\\/casadecampoliving.com\\\/wp-content\\\/uploads\\\/2022\\\/10\\\/lantino_baseball_hall_of_fame-1.jpg?fit=650%2C276&ssl=1\",\"width\":650,\"height\":276,\"caption\":\"latino baseball hall of fame\"},{\"@type\":\"BreadcrumbList\",\"@id\":\"https:\\\/\\\/casadecampoliving.com\\\/es\\\/la-3era-exaltacion-al-salon-de-la-fama-del-beisbol-latino-del-9-al-12-de-febrero\\\/#breadcrumb\",\"itemListElement\":[{\"@type\":\"ListItem\",\"position\":1,\"name\":\"Home\",\"item\":\"https:\\\/\\\/casadecampoliving.com\\\/es\\\/\"},{\"@type\":\"ListItem\",\"position\":2,\"name\":\"La 3era Exaltaci\u00f3n al Sal\u00f3n de la Fama del B\u00e9isbol Latino: del 9 al 12 de febrero!\"}]},{\"@type\":\"WebSite\",\"@id\":\"https:\\\/\\\/casadecampoliving.com\\\/es\\\/#website\",\"url\":\"https:\\\/\\\/casadecampoliving.com\\\/es\\\/\",\"name\":\"Casa de Campo Living\",\"description\":\"Resort community news and resources.\",\"publisher\":{\"@id\":\"https:\\\/\\\/casadecampoliving.com\\\/es\\\/#organization\"},\"potentialAction\":[{\"@type\":\"SearchAction\",\"target\":{\"@type\":\"EntryPoint\",\"urlTemplate\":\"https:\\\/\\\/casadecampoliving.com\\\/es\\\/?s={search_term_string}\"},\"query-input\":{\"@type\":\"PropertyValueSpecification\",\"valueRequired\":true,\"valueName\":\"search_term_string\"}}],\"inLanguage\":\"es\"},{\"@type\":\"Organization\",\"@id\":\"https:\\\/\\\/casadecampoliving.com\\\/es\\\/#organization\",\"name\":\"Casa de Campo Living\",\"url\":\"https:\\\/\\\/casadecampoliving.com\\\/es\\\/\",\"logo\":{\"@type\":\"ImageObject\",\"inLanguage\":\"es\",\"@id\":\"https:\\\/\\\/casadecampoliving.com\\\/es\\\/#\\\/schema\\\/logo\\\/image\\\/\",\"url\":\"https:\\\/\\\/i0.wp.com\\\/casadecampoliving.com\\\/wp-content\\\/uploads\\\/2022\\\/07\\\/CDCLivingLogo_V1-white-sized.png?fit=800%2C214&ssl=1\",\"contentUrl\":\"https:\\\/\\\/i0.wp.com\\\/casadecampoliving.com\\\/wp-content\\\/uploads\\\/2022\\\/07\\\/CDCLivingLogo_V1-white-sized.png?fit=800%2C214&ssl=1\",\"width\":800,\"height\":214,\"caption\":\"Casa de Campo Living\"},\"image\":{\"@id\":\"https:\\\/\\\/casadecampoliving.com\\\/es\\\/#\\\/schema\\\/logo\\\/image\\\/\"},\"sameAs\":[\"https:\\\/\\\/www.facebook.com\\\/casadecampoliving\",\"https:\\\/\\\/x.com\\\/cdcliving\"]},{\"@type\":\"Person\",\"@id\":\"https:\\\/\\\/casadecampoliving.com\\\/es\\\/#\\\/schema\\\/person\\\/7e3b975d584a5f6ac0fd7128a81b0bc5\",\"name\":\"\",\"image\":{\"@type\":\"ImageObject\",\"inLanguage\":\"es\",\"@id\":\"https:\\\/\\\/secure.gravatar.com\\\/avatar\\\/?s=96&d=mm&r=g\",\"url\":\"https:\\\/\\\/secure.gravatar.com\\\/avatar\\\/?s=96&d=mm&r=g\",\"contentUrl\":\"https:\\\/\\\/secure.gravatar.com\\\/avatar\\\/?s=96&d=mm&r=g\"},\"url\":\"https:\\\/\\\/casadecampoliving.com\\\/es\\\/author\\\/ \\\/\"}]}<\/script>\n<!-- \/ Yoast SEO plugin. -->","yoast_head_json":{"title":"La 3era Exaltaci\u00f3n al Sal\u00f3n de la Fama del B\u00e9isbol Latino: del 9 al 12 de febrero! | Casa de Campo Living","description":"La tercera edici\u00f3n de la semana que celebrar\u00e1 la exaltaci\u00f3n al Sal\u00f3n de la Fama del B\u00e9isbol Latino, este 2012 ser\u00e1 celebrado en Casa de Campo y La Romana","robots":{"index":"index","follow":"follow","max-snippet":"max-snippet:-1","max-image-preview":"max-image-preview:large","max-video-preview":"max-video-preview:-1"},"canonical":"https:\/\/casadecampoliving.com\/es\/la-3era-exaltacion-al-salon-de-la-fama-del-beisbol-latino-del-9-al-12-de-febrero\/","og_locale":"es_ES","og_type":"article","og_title":"La 3era Exaltaci\u00f3n al Sal\u00f3n de la Fama del B\u00e9isbol Latino: del 9 al 12 de febrero! | Casa de Campo Living","og_description":"La tercera edici\u00f3n de la semana que celebrar\u00e1 la exaltaci\u00f3n al Sal\u00f3n de la Fama del B\u00e9isbol Latino, este 2012 ser\u00e1 celebrado en Casa de Campo y La Romana","og_url":"https:\/\/casadecampoliving.com\/es\/la-3era-exaltacion-al-salon-de-la-fama-del-beisbol-latino-del-9-al-12-de-febrero\/","og_site_name":"Casa de Campo Living","article_publisher":"https:\/\/www.facebook.com\/casadecampoliving","article_published_time":"2012-01-23T04:00:00+00:00","article_modified_time":"2022-10-21T22:44:00+00:00","og_image":[{"width":650,"height":276,"url":"https:\/\/i0.wp.com\/casadecampoliving.com\/wp-content\/uploads\/2022\/10\/lantino_baseball_hall_of_fame-1.jpg?fit=650%2C276&ssl=1","type":"image\/jpeg"}],"twitter_card":"summary_large_image","twitter_creator":"@cdcliving","twitter_site":"@cdcliving","twitter_misc":{"Escrito por":"","Tiempo de lectura":"4 minutos"},"schema":{"@context":"https:\/\/schema.org","@graph":[{"@type":"Article","@id":"https:\/\/casadecampoliving.com\/es\/la-3era-exaltacion-al-salon-de-la-fama-del-beisbol-latino-del-9-al-12-de-febrero\/#article","isPartOf":{"@id":"https:\/\/casadecampoliving.com\/es\/la-3era-exaltacion-al-salon-de-la-fama-del-beisbol-latino-del-9-al-12-de-febrero\/"},"author":{"name":"","@id":"https:\/\/casadecampoliving.com\/es\/#\/schema\/person\/7e3b975d584a5f6ac0fd7128a81b0bc5"},"headline":"La 3era Exaltaci\u00f3n al Sal\u00f3n de la Fama del B\u00e9isbol Latino: del 9 al 12 de febrero!","datePublished":"2012-01-23T04:00:00+00:00","dateModified":"2022-10-21T22:44:00+00:00","mainEntityOfPage":{"@id":"https:\/\/casadecampoliving.com\/es\/la-3era-exaltacion-al-salon-de-la-fama-del-beisbol-latino-del-9-al-12-de-febrero\/"},"wordCount":801,"publisher":{"@id":"https:\/\/casadecampoliving.com\/es\/#organization"},"image":{"@id":"https:\/\/casadecampoliving.com\/es\/la-3era-exaltacion-al-salon-de-la-fama-del-beisbol-latino-del-9-al-12-de-febrero\/#primaryimage"},"thumbnailUrl":"https:\/\/i0.wp.com\/casadecampoliving.com\/wp-content\/uploads\/2022\/10\/lantino_baseball_hall_of_fame-1.jpg?fit=650%2C276&ssl=1","keywords":["Altos de Chavon","grandes ligas","salon de la fama de beisbol latino"],"articleSection":["Altos de Chavon @es","Deportes","Destacados","Eventos","La Marina Casa de Campo","Noticias Locales","Proximamente","Resort Casa de Campo","Titulares"],"inLanguage":"es"},{"@type":"WebPage","@id":"https:\/\/casadecampoliving.com\/es\/la-3era-exaltacion-al-salon-de-la-fama-del-beisbol-latino-del-9-al-12-de-febrero\/","url":"https:\/\/casadecampoliving.com\/es\/la-3era-exaltacion-al-salon-de-la-fama-del-beisbol-latino-del-9-al-12-de-febrero\/","name":"La 3era Exaltaci\u00f3n al Sal\u00f3n de la Fama del B\u00e9isbol Latino: del 9 al 12 de febrero! | Casa de Campo Living","isPartOf":{"@id":"https:\/\/casadecampoliving.com\/es\/#website"},"primaryImageOfPage":{"@id":"https:\/\/casadecampoliving.com\/es\/la-3era-exaltacion-al-salon-de-la-fama-del-beisbol-latino-del-9-al-12-de-febrero\/#primaryimage"},"image":{"@id":"https:\/\/casadecampoliving.com\/es\/la-3era-exaltacion-al-salon-de-la-fama-del-beisbol-latino-del-9-al-12-de-febrero\/#primaryimage"},"thumbnailUrl":"https:\/\/i0.wp.com\/casadecampoliving.com\/wp-content\/uploads\/2022\/10\/lantino_baseball_hall_of_fame-1.jpg?fit=650%2C276&ssl=1","datePublished":"2012-01-23T04:00:00+00:00","dateModified":"2022-10-21T22:44:00+00:00","description":"La tercera edici\u00f3n de la semana que celebrar\u00e1 la exaltaci\u00f3n al Sal\u00f3n de la Fama del B\u00e9isbol Latino, este 2012 ser\u00e1 celebrado en Casa de Campo y La Romana","breadcrumb":{"@id":"https:\/\/casadecampoliving.com\/es\/la-3era-exaltacion-al-salon-de-la-fama-del-beisbol-latino-del-9-al-12-de-febrero\/#breadcrumb"},"inLanguage":"es","potentialAction":[{"@type":"ReadAction","target":["https:\/\/casadecampoliving.com\/es\/la-3era-exaltacion-al-salon-de-la-fama-del-beisbol-latino-del-9-al-12-de-febrero\/"]}]},{"@type":"ImageObject","inLanguage":"es","@id":"https:\/\/casadecampoliving.com\/es\/la-3era-exaltacion-al-salon-de-la-fama-del-beisbol-latino-del-9-al-12-de-febrero\/#primaryimage","url":"https:\/\/i0.wp.com\/casadecampoliving.com\/wp-content\/uploads\/2022\/10\/lantino_baseball_hall_of_fame-1.jpg?fit=650%2C276&ssl=1","contentUrl":"https:\/\/i0.wp.com\/casadecampoliving.com\/wp-content\/uploads\/2022\/10\/lantino_baseball_hall_of_fame-1.jpg?fit=650%2C276&ssl=1","width":650,"height":276,"caption":"latino baseball hall of fame"},{"@type":"BreadcrumbList","@id":"https:\/\/casadecampoliving.com\/es\/la-3era-exaltacion-al-salon-de-la-fama-del-beisbol-latino-del-9-al-12-de-febrero\/#breadcrumb","itemListElement":[{"@type":"ListItem","position":1,"name":"Home","item":"https:\/\/casadecampoliving.com\/es\/"},{"@type":"ListItem","position":2,"name":"La 3era Exaltaci\u00f3n al Sal\u00f3n de la Fama del B\u00e9isbol Latino: del 9 al 12 de febrero!"}]},{"@type":"WebSite","@id":"https:\/\/casadecampoliving.com\/es\/#website","url":"https:\/\/casadecampoliving.com\/es\/","name":"Casa de Campo Living","description":"Resort community news and resources.","publisher":{"@id":"https:\/\/casadecampoliving.com\/es\/#organization"},"potentialAction":[{"@type":"SearchAction","target":{"@type":"EntryPoint","urlTemplate":"https:\/\/casadecampoliving.com\/es\/?s={search_term_string}"},"query-input":{"@type":"PropertyValueSpecification","valueRequired":true,"valueName":"search_term_string"}}],"inLanguage":"es"},{"@type":"Organization","@id":"https:\/\/casadecampoliving.com\/es\/#organization","name":"Casa de Campo Living","url":"https:\/\/casadecampoliving.com\/es\/","logo":{"@type":"ImageObject","inLanguage":"es","@id":"https:\/\/casadecampoliving.com\/es\/#\/schema\/logo\/image\/","url":"https:\/\/i0.wp.com\/casadecampoliving.com\/wp-content\/uploads\/2022\/07\/CDCLivingLogo_V1-white-sized.png?fit=800%2C214&ssl=1","contentUrl":"https:\/\/i0.wp.com\/casadecampoliving.com\/wp-content\/uploads\/2022\/07\/CDCLivingLogo_V1-white-sized.png?fit=800%2C214&ssl=1","width":800,"height":214,"caption":"Casa de Campo Living"},"image":{"@id":"https:\/\/casadecampoliving.com\/es\/#\/schema\/logo\/image\/"},"sameAs":["https:\/\/www.facebook.com\/casadecampoliving","https:\/\/x.com\/cdcliving"]},{"@type":"Person","@id":"https:\/\/casadecampoliving.com\/es\/#\/schema\/person\/7e3b975d584a5f6ac0fd7128a81b0bc5","name":"","image":{"@type":"ImageObject","inLanguage":"es","@id":"https:\/\/secure.gravatar.com\/avatar\/?s=96&d=mm&r=g","url":"https:\/\/secure.gravatar.com\/avatar\/?s=96&d=mm&r=g","contentUrl":"https:\/\/secure.gravatar.com\/avatar\/?s=96&d=mm&r=g"},"url":"https:\/\/casadecampoliving.com\/es\/author\/ \/"}]}},"parsely":{"version":"1.1.0","canonical_url":"https:\/\/casadecampoliving.com\/es\/la-3era-exaltacion-al-salon-de-la-fama-del-beisbol-latino-del-9-al-12-de-febrero\/","smart_links":{"inbound":0,"outbound":0},"traffic_boost_suggestions_count":0,"meta":{"@context":"https:\/\/schema.org","@type":"NewsArticle","headline":"La 3era Exaltaci\u00f3n al Sal\u00f3n de la Fama del B\u00e9isbol Latino: del 9 al 12 de febrero!","url":"http:\/\/casadecampoliving.com\/es\/la-3era-exaltacion-al-salon-de-la-fama-del-beisbol-latino-del-9-al-12-de-febrero\/","mainEntityOfPage":{"@type":"WebPage","@id":"http:\/\/casadecampoliving.com\/es\/la-3era-exaltacion-al-salon-de-la-fama-del-beisbol-latino-del-9-al-12-de-febrero\/"},"thumbnailUrl":"https:\/\/i0.wp.com\/casadecampoliving.com\/wp-content\/uploads\/2022\/10\/lantino_baseball_hall_of_fame-1.jpg?resize=150%2C150&ssl=1","image":{"@type":"ImageObject","url":"https:\/\/i0.wp.com\/casadecampoliving.com\/wp-content\/uploads\/2022\/10\/lantino_baseball_hall_of_fame-1.jpg?fit=650%2C276&ssl=1"},"articleSection":"Altos de Chavon @es","author":[{"@type":"Person","name":"FB_515917546"}],"creator":["FB_515917546"],"publisher":{"@type":"Organization","name":"Casa de Campo Living","logo":"https:\/\/casadecampoliving.com\/wp-content\/uploads\/2022\/07\/CDCLivingLogo_V1-white-sized.png"},"keywords":["altos de chavon","grandes ligas","salon de la fama de beisbol latino"],"dateCreated":"2012-01-23T04:00:00Z","datePublished":"2012-01-23T04:00:00Z","dateModified":"2022-10-21T22:44:00Z"},"rendered":"<script type=\"application\/ld+json\" class=\"wp-parsely-metadata\">{\"@context\":\"https:\\\/\\\/schema.org\",\"@type\":\"NewsArticle\",\"headline\":\"La 3era Exaltaci\\u00f3n al Sal\\u00f3n de la Fama del B\\u00e9isbol Latino: del 9 al 12 de febrero!\",\"url\":\"http:\\\/\\\/casadecampoliving.com\\\/es\\\/la-3era-exaltacion-al-salon-de-la-fama-del-beisbol-latino-del-9-al-12-de-febrero\\\/\",\"mainEntityOfPage\":{\"@type\":\"WebPage\",\"@id\":\"http:\\\/\\\/casadecampoliving.com\\\/es\\\/la-3era-exaltacion-al-salon-de-la-fama-del-beisbol-latino-del-9-al-12-de-febrero\\\/\"},\"thumbnailUrl\":\"https:\\\/\\\/i0.wp.com\\\/casadecampoliving.com\\\/wp-content\\\/uploads\\\/2022\\\/10\\\/lantino_baseball_hall_of_fame-1.jpg?resize=150%2C150&ssl=1\",\"image\":{\"@type\":\"ImageObject\",\"url\":\"https:\\\/\\\/i0.wp.com\\\/casadecampoliving.com\\\/wp-content\\\/uploads\\\/2022\\\/10\\\/lantino_baseball_hall_of_fame-1.jpg?fit=650%2C276&ssl=1\"},\"articleSection\":\"Altos de Chavon @es\",\"author\":[{\"@type\":\"Person\",\"name\":\"FB_515917546\"}],\"creator\":[\"FB_515917546\"],\"publisher\":{\"@type\":\"Organization\",\"name\":\"Casa de Campo Living\",\"logo\":\"https:\\\/\\\/casadecampoliving.com\\\/wp-content\\\/uploads\\\/2022\\\/07\\\/CDCLivingLogo_V1-white-sized.png\"},\"keywords\":[\"altos de chavon\",\"grandes ligas\",\"salon de la fama de beisbol latino\"],\"dateCreated\":\"2012-01-23T04:00:00Z\",\"datePublished\":\"2012-01-23T04:00:00Z\",\"dateModified\":\"2022-10-21T22:44:00Z\"}<\/script>","tracker_url":"https:\/\/cdn.parsely.com\/keys\/casadecampoliving.com\/p.js"},"jetpack_publicize_connections":[],"jetpack_featured_media_url":"https:\/\/i0.wp.com\/casadecampoliving.com\/wp-content\/uploads\/2022\/10\/lantino_baseball_hall_of_fame-1.jpg?fit=650%2C276&ssl=1","jetpack-related-posts":[{"id":338292,"url":"https:\/\/casadecampoliving.com\/es\/la-gran-ceremonia-de-exaltacion-del-salon-de-la-fama-del-beisbol-latino-sera-este-sabado-11-de-febrero-en-el-anfiteatro-altos-de-chavon\/","url_meta":{"origin":338143,"position":0},"title":"La \u00abGran Ceremonia de Exaltaci\u00f3n\u00bb del Sal\u00f3n de la Fama del B\u00e9isbol Latino ser\u00e1 este s\u00e1bado 11 de febrero en el Anfiteatro Altos de Chav\u00f3n!","author":"","date":"5 Feb, 2012","format":false,"excerpt":"Como parte de la tercera edici\u00f3n de la semana que celebrar\u00e1 la exaltaci\u00f3n al Sal\u00f3n de la Fama del B\u00e9isbol Latino 2012, la Gran Ceremonia de Exaltaci\u00f3n se celebrar\u00e1 este s\u00e1bado 11 de febrero y usted est\u00e1 cordialmente invitado! A\u00fan cuando existen eventos que no est\u00e1n abiertos al p\u00fablico, el\u2026","rel":"","context":"En \u00abDeportes\u00bb","block_context":{"text":"Deportes","link":"https:\/\/casadecampoliving.com\/es\/category\/golf-deportes-es\/"},"img":{"alt_text":"","src":"https:\/\/i0.wp.com\/casadecampoliving.com\/wp-content\/uploads\/2022\/10\/DSC_0115-1.jpg?fit=752%2C500&ssl=1&resize=350%2C200","width":350,"height":200,"srcset":"https:\/\/i0.wp.com\/casadecampoliving.com\/wp-content\/uploads\/2022\/10\/DSC_0115-1.jpg?fit=752%2C500&ssl=1&resize=350%2C200 1x, https:\/\/i0.wp.com\/casadecampoliving.com\/wp-content\/uploads\/2022\/10\/DSC_0115-1.jpg?fit=752%2C500&ssl=1&resize=525%2C300 1.5x, https:\/\/i0.wp.com\/casadecampoliving.com\/wp-content\/uploads\/2022\/10\/DSC_0115-1.jpg?fit=752%2C500&ssl=1&resize=700%2C400 2x"},"classes":[]},{"id":343710,"url":"https:\/\/casadecampoliving.com\/es\/disponibles-las-boletas-para-la-5ta-gran-ceremonia-de-exaltacion-del-sfbl\/","url_meta":{"origin":338143,"position":1},"title":"Disponibles las boletas para la 5ta Gran Ceremonia de Exaltaci\u00f3n del SFBL","author":"Perkin Agramonte","date":"17 Ene, 2014","format":false,"excerpt":"La 5ta \u201cGran Ceremonia de Exaltaci\u00f3n\u201d del Salon de la Fama del Beisbol Latino ser\u00e1 efectuada el 8 de febrero en el anfiteatro Altos de Chav\u00f3n, as\u00ed que sus boletas se encuentran disponibles gratuitamente en el Club de Due\u00f1os de Villas Casa de Campo. Este a\u00f1o, la ceremonia iniciar\u00e1 a\u2026","rel":"","context":"En \u00abAltos de Chavon @es\u00bb","block_context":{"text":"Altos de Chavon @es","link":"https:\/\/casadecampoliving.com\/category\/altos-de-chavon-es\/"},"img":{"alt_text":"","src":"https:\/\/i0.wp.com\/casadecampoliving.com\/wp-content\/uploads\/2022\/10\/Invitation-5th-Indution-Ceremony-Class-2014-LHOF-1.jpg?fit=650%2C255&ssl=1&resize=350%2C200","width":350,"height":200,"srcset":"https:\/\/i0.wp.com\/casadecampoliving.com\/wp-content\/uploads\/2022\/10\/Invitation-5th-Indution-Ceremony-Class-2014-LHOF-1.jpg?fit=650%2C255&ssl=1&resize=350%2C200 1x, https:\/\/i0.wp.com\/casadecampoliving.com\/wp-content\/uploads\/2022\/10\/Invitation-5th-Indution-Ceremony-Class-2014-LHOF-1.jpg?fit=650%2C255&ssl=1&resize=525%2C300 1.5x"},"classes":[]},{"id":340434,"url":"https:\/\/casadecampoliving.com\/es\/iv-exaltacion-al-salon-de-la-fama-del-beisbol-latino-sera-celebrada-en-casa-de-campo-7-al-10-de-febrero\/","url_meta":{"origin":338143,"position":2},"title":"IV Exaltaci\u00f3n al Sal\u00f3n de la Fama del B\u00e9isbol Latino ser\u00e1 celebrada en Casa de Campo: 7 al 10 de febrero!","author":"","date":"4 Ene, 2013","format":false,"excerpt":"La semana de celebraci\u00f3n de la IV Exaltaci\u00f3n al Sal\u00f3n de la Fama del B\u00e9isbol Latino, est\u00e1 programada para celebrarse desde el jueves 7 al domingo 10 de febrero de 2013, con numerosas actividades planificadas en distintos puntos de Casa de Campo y La Romana, tanto para las luminarias, como\u2026","rel":"","context":"En \u00abAltos de Chavon @es\u00bb","block_context":{"text":"Altos de Chavon @es","link":"https:\/\/casadecampoliving.com\/category\/altos-de-chavon-es\/"},"img":{"alt_text":"salon de la fama","src":"https:\/\/i0.wp.com\/casadecampoliving.com\/wp-content\/uploads\/2022\/10\/salon_de_la_fama-1.jpg?fit=650%2C435&ssl=1&resize=350%2C200","width":350,"height":200,"srcset":"https:\/\/i0.wp.com\/casadecampoliving.com\/wp-content\/uploads\/2022\/10\/salon_de_la_fama-1.jpg?fit=650%2C435&ssl=1&resize=350%2C200 1x, https:\/\/i0.wp.com\/casadecampoliving.com\/wp-content\/uploads\/2022\/10\/salon_de_la_fama-1.jpg?fit=650%2C435&ssl=1&resize=525%2C300 1.5x"},"classes":[]},{"id":338442,"url":"https:\/\/casadecampoliving.com\/es\/ocho-luminarias-del-beisbol-latino-fueron-reconocidas-durante-la-ceremonia-de-exaltacion-del-salon-de-la-fama\/","url_meta":{"origin":338143,"position":3},"title":"Ocho luminarias del B\u00e9isbol Latino fueron reconocidas durante la Ceremonia de Exaltaci\u00f3n del Sal\u00f3n de la Fama","author":"","date":"23 Feb, 2012","format":false,"excerpt":"En la noche del pasado s\u00e1bado 11 de febrero, ocho luminarias del b\u00e9isbol latino fueron reconocidas por su trayectoria ante un abarrotado anfiteatro de Altos de Chav\u00f3n, Casa de Campo, durante el\u00a0tercer ceremonial de la gran exaltaci\u00f3n del Sal\u00f3n de la Fama del B\u00e9isbol Latino. Luego de que se produjera\u2026","rel":"","context":"En \u00abAltos de Chavon @es\u00bb","block_context":{"text":"Altos de Chavon @es","link":"https:\/\/casadecampoliving.com\/category\/altos-de-chavon-es\/"},"img":{"alt_text":"salon de la fama del beisbol latino","src":"https:\/\/i0.wp.com\/casadecampoliving.com\/wp-content\/uploads\/2022\/10\/salon_de_la_fama_beisbol_latino-2.jpg?fit=650%2C444&ssl=1&resize=350%2C200","width":350,"height":200,"srcset":"https:\/\/i0.wp.com\/casadecampoliving.com\/wp-content\/uploads\/2022\/10\/salon_de_la_fama_beisbol_latino-2.jpg?fit=650%2C444&ssl=1&resize=350%2C200 1x, https:\/\/i0.wp.com\/casadecampoliving.com\/wp-content\/uploads\/2022\/10\/salon_de_la_fama_beisbol_latino-2.jpg?fit=650%2C444&ssl=1&resize=525%2C300 1.5x"},"classes":[]},{"id":338268,"url":"https:\/\/casadecampoliving.com\/es\/el-torneo-de-golf-los-inmortales-su-oportunidad-para-jugar-con-las-estrellas-del-beisbol-latino\/","url_meta":{"origin":338143,"position":4},"title":"El torneo de golf \u00abLos Inmortales\u00bb: Su oportunidad para jugar con las estrellas del b\u00e9isbol latino!","author":"","date":"2 Feb, 2012","format":false,"excerpt":"Desde el 9 al 12 de febrero la III Semana de Celebraci\u00f3n y Exaltaci\u00f3n del Sal\u00f3n de la Fama del B\u00e9isbol Latino 2012, se estar\u00e1 celebrando en Casa de Campo y La Romana, con numerosas ocasiones especiales \u2013 incluyendo el torneo de golf de \u201cLos Inmortales\u201d, que se jugar\u00e1 el\u2026","rel":"","context":"En \u00abAltos de Chavon @es\u00bb","block_context":{"text":"Altos de Chavon @es","link":"https:\/\/casadecampoliving.com\/category\/altos-de-chavon-es\/"},"img":{"alt_text":"salon de la fama golf tournament","src":"https:\/\/i0.wp.com\/casadecampoliving.com\/wp-content\/uploads\/2022\/10\/salon_de_la_fama_golf1-1.jpg?fit=650%2C400&ssl=1&resize=350%2C200","width":350,"height":200,"srcset":"https:\/\/i0.wp.com\/casadecampoliving.com\/wp-content\/uploads\/2022\/10\/salon_de_la_fama_golf1-1.jpg?fit=650%2C400&ssl=1&resize=350%2C200 1x, https:\/\/i0.wp.com\/casadecampoliving.com\/wp-content\/uploads\/2022\/10\/salon_de_la_fama_golf1-1.jpg?fit=650%2C400&ssl=1&resize=525%2C300 1.5x"},"classes":[]},{"id":340559,"url":"https:\/\/casadecampoliving.com\/es\/4ta-gran-ceremonia-de-exaltacion-del-salon-de-la-fama-del-beisbol-latino-boletas-de-cortesia-ya-disponible-en-el-club-de-duenos\/","url_meta":{"origin":338143,"position":5},"title":"4ta. Gran Ceremonia de Exaltaci\u00f3n del Salon de la Fama del Beisbol Latino &#8211; boletas de cortes\u00eda ya disponible en el Club de Due\u00f1os","author":"lperdomo","date":"1 Feb, 2013","format":false,"excerpt":"La 4ta gran \u201cCeremonia de Exaltaci\u00f3n\u201d del Sal\u00f3n de la Fama del B\u00e9isbol Latino ser\u00e1 celebrada el pr\u00f3ximo s\u00e1bado 9 de Febrero en el anfiteatro de Altos de Chav\u00f3n \u2013 y tus boletas de cortes\u00eda est\u00e1n ahora disponibles\u00a0en el Club de Due\u00f1os de Villa\u00a0de Casa de Campo en el \u00e1rea\u2026","rel":"","context":"En \u00abAltos de Chavon @es\u00bb","block_context":{"text":"Altos de Chavon @es","link":"https:\/\/casadecampoliving.com\/category\/altos-de-chavon-es\/"},"img":{"alt_text":"salon de la fama","src":"https:\/\/i0.wp.com\/casadecampoliving.com\/wp-content\/uploads\/2022\/10\/salon_de_la_fama1-1.jpg?fit=650%2C411&ssl=1&resize=350%2C200","width":350,"height":200,"srcset":"https:\/\/i0.wp.com\/casadecampoliving.com\/wp-content\/uploads\/2022\/10\/salon_de_la_fama1-1.jpg?fit=650%2C411&ssl=1&resize=350%2C200 1x, https:\/\/i0.wp.com\/casadecampoliving.com\/wp-content\/uploads\/2022\/10\/salon_de_la_fama1-1.jpg?fit=650%2C411&ssl=1&resize=525%2C300 1.5x"},"classes":[]}],"jetpack_sharing_enabled":true,"_links":{"self":[{"href":"https:\/\/casadecampoliving.com\/es\/wp-json\/wp\/v2\/posts\/338143","targetHints":{"allow":["GET"]}}],"collection":[{"href":"https:\/\/casadecampoliving.com\/es\/wp-json\/wp\/v2\/posts"}],"about":[{"href":"https:\/\/casadecampoliving.com\/es\/wp-json\/wp\/v2\/types\/post"}],"author":[{"embeddable":true,"href":"https:\/\/casadecampoliving.com\/es\/wp-json\/wp\/v2\/users\/21"}],"replies":[{"embeddable":true,"href":"https:\/\/casadecampoliving.com\/es\/wp-json\/wp\/v2\/comments?post=338143"}],"version-history":[{"count":1,"href":"https:\/\/casadecampoliving.com\/es\/wp-json\/wp\/v2\/posts\/338143\/revisions"}],"predecessor-version":[{"id":338144,"href":"https:\/\/casadecampoliving.com\/es\/wp-json\/wp\/v2\/posts\/338143\/revisions\/338144"}],"wp:featuredmedia":[{"embeddable":true,"href":"https:\/\/casadecampoliving.com\/es\/wp-json\/wp\/v2\/media\/244271"}],"wp:attachment":[{"href":"https:\/\/casadecampoliving.com\/es\/wp-json\/wp\/v2\/media?parent=338143"}],"wp:term":[{"taxonomy":"category","embeddable":true,"href":"https:\/\/casadecampoliving.com\/es\/wp-json\/wp\/v2\/categories?post=338143"},{"taxonomy":"post_tag","embeddable":true,"href":"https:\/\/casadecampoliving.com\/es\/wp-json\/wp\/v2\/tags?post=338143"},{"taxonomy":"newspack_spnsrs_tax","embeddable":true,"href":"https:\/\/casadecampoliving.com\/es\/wp-json\/wp\/v2\/newspack_spnsrs_tax?post=338143"}],"curies":[{"name":"wp","href":"https:\/\/api.w.org\/{rel}","templated":true}]}}