{"id":338112,"date":"2012-01-13T00:00:00","date_gmt":"2012-01-13T04:00:00","guid":{"rendered":"https:\/\/casadecampoliving.com\/el-artista-colombiano-manuel-hernandez-presenta-su-exhibicion-de-arte-en-la-galeria-nacional-de-bellas-artes\/"},"modified":"2022-11-10T10:43:42","modified_gmt":"2022-11-10T14:43:42","slug":"el-artista-colombiano-manuel-hernandez-presenta-su-exhibicion-de-arte-en-la-galeria-nacional-de-bellas-artes","status":"publish","type":"post","link":"https:\/\/casadecampoliving.com\/es\/el-artista-colombiano-manuel-hernandez-presenta-su-exhibicion-de-arte-en-la-galeria-nacional-de-bellas-artes\/","title":{"rendered":"El artista colombiano, Manuel Hern\u00e1ndez presenta su exhibici\u00f3n de arte en la Galer\u00eda Nacional de Bellas Artes!"},"content":{"rendered":"<img data-recalc-dims=\"1\" loading=\"lazy\" decoding=\"async\" class=\"aligncenter size-full wp-image-42633\" title=\"manuel_hrnandez_art\" src=\"https:\/\/i0.wp.com\/casadecampoliving.com\/wp-content\/uploads\/2022\/10\/manuel_hrnandez_art.jpg?resize=637%2C533&#038;ssl=1\" alt=\"manuel hernandez art\" width=\"637\" height=\"533\" \/>La Galer\u00eda Nacional de Bellas Artes presentar\u00e1 entre el 18 de enero y el 14 de marzo, la\u00a0exposici\u00f3n retrospectiva de pinturas y dibujos del maestro colombiano Manuel\u00a0Hern\u00e1ndez como figura estelar de las artes pl\u00e1sticas de Colombia, y usted est\u00e1 cordialmente invitado!\n\n<!--more-->\n\n<img data-recalc-dims=\"1\" loading=\"lazy\" decoding=\"async\" class=\"alignright size-full wp-image-42635\" title=\"manuel_hernandez_art\" src=\"https:\/\/i0.wp.com\/casadecampoliving.com\/wp-content\/uploads\/2022\/10\/manuel_hernandez_art.jpg?resize=200%2C296&#038;ssl=1\" alt=\"manuel hernandez art\" width=\"200\" height=\"296\" \/>\n\nLa producci\u00f3n pict\u00f3rica del maestro\u00a0Hern\u00e1ndez, padre del querido y conocido\u00a0<a href=\"https:\/\/casadecampoliving.com\/es\/2010\/09\/conozca-a-daniel-hernandez-el-nuevo-gerente-general-de-casa-de-campo\/\">Gerente General de Casa de Campo, Daniel Hern\u00e1ndez<\/a>, ha dejado una huella profunda en el arte latinoamericano desde el 1980 y es por esta raz\u00f3n que la Galer\u00eda Nacional de Bellas Artes se complace en presentar la exposici\u00f3n de Manuel Hern\u00e1ndez de nombre hom\u00f3nimo con su inauguraci\u00f3n este pr\u00f3ximo mi\u00e9rcoles 18 de enero, en donde los asistentes podr\u00e1n disfrutar de un gran artista que ha creado un mundo maravilloso de formas y de colores, que no se repiten\u00a0nunca, aunque conservan una perfecta coherencia y una identidad inconfundible.\n\nSin duda, va a ser una fiesta del arte, que mostrar\u00e1 oficio e inventiva en im\u00e1genes\u00a0excepcionales, muchas de gran formato.\n<blockquote><strong>Inauguraci\u00f3n: Exhibici\u00f3n de arte Manuel Hern\u00e1ndez<\/strong>\n\n<strong>D\u00f3nde: <\/strong>Galer\u00eda Nacional de Bellas Artes, Santo Domingo\n\n<strong>Cu\u00e1ndo: <\/strong>Mi\u00e9rcoles 18 de enero, 7pm\n\n<strong>Costo: <\/strong>Completamente gratis!<\/blockquote>\nEsperamos verles por all\u00ed!\n\n<strong>\n<figure class=\"wp-block-gallery has-nested-images columns-default is-cropped wp-block-gallery-1 is-layout-flex wp-block-gallery-is-layout-flex\">\n<figure class=\"wp-block-image size-large\"><img data-recalc-dims=\"1\" loading=\"lazy\" decoding=\"async\" width=\"504\" height=\"600\" data-id=\"397207\" src=\"https:\/\/i0.wp.com\/casadecampoliving.com\/wp-content\/uploads\/2022\/10\/1978-diacc81logo-lowres.jpg?resize=504%2C600&#038;ssl=1\" alt=\"\" class=\"wp-image-397207\" srcset=\"https:\/\/i0.wp.com\/casadecampoliving.com\/wp-content\/uploads\/2022\/10\/1978-diacc81logo-lowres.jpg?w=504&amp;ssl=1 504w, https:\/\/i0.wp.com\/casadecampoliving.com\/wp-content\/uploads\/2022\/10\/1978-diacc81logo-lowres.jpg?resize=252%2C300&amp;ssl=1 252w, https:\/\/i0.wp.com\/casadecampoliving.com\/wp-content\/uploads\/2022\/10\/1978-diacc81logo-lowres.jpg?resize=400%2C476&amp;ssl=1 400w, https:\/\/i0.wp.com\/casadecampoliving.com\/wp-content\/uploads\/2022\/10\/1978-diacc81logo-lowres.jpg?resize=150%2C179&amp;ssl=1 150w, https:\/\/i0.wp.com\/casadecampoliving.com\/wp-content\/uploads\/2022\/10\/1978-diacc81logo-lowres.jpg?w=370&amp;ssl=1 370w\" sizes=\"auto, (max-width: 504px) 100vw, 504px\" \/><\/figure>\n\n\n\n<figure class=\"wp-block-image size-large\"><img data-recalc-dims=\"1\" loading=\"lazy\" decoding=\"async\" width=\"513\" height=\"600\" data-id=\"397236\" src=\"https:\/\/i0.wp.com\/casadecampoliving.com\/wp-content\/uploads\/2022\/10\/1990-cerrado-lowres.jpg?resize=513%2C600&#038;ssl=1\" alt=\"\" class=\"wp-image-397236\" srcset=\"https:\/\/i0.wp.com\/casadecampoliving.com\/wp-content\/uploads\/2022\/10\/1990-cerrado-lowres.jpg?w=513&amp;ssl=1 513w, https:\/\/i0.wp.com\/casadecampoliving.com\/wp-content\/uploads\/2022\/10\/1990-cerrado-lowres.jpg?resize=257%2C300&amp;ssl=1 257w, https:\/\/i0.wp.com\/casadecampoliving.com\/wp-content\/uploads\/2022\/10\/1990-cerrado-lowres.jpg?resize=400%2C468&amp;ssl=1 400w, https:\/\/i0.wp.com\/casadecampoliving.com\/wp-content\/uploads\/2022\/10\/1990-cerrado-lowres.jpg?resize=150%2C175&amp;ssl=1 150w, https:\/\/i0.wp.com\/casadecampoliving.com\/wp-content\/uploads\/2022\/10\/1990-cerrado-lowres.jpg?w=370&amp;ssl=1 370w\" sizes=\"auto, (max-width: 513px) 100vw, 513px\" \/><\/figure>\n\n\n\n<figure class=\"wp-block-image size-large\"><img data-recalc-dims=\"1\" loading=\"lazy\" decoding=\"async\" width=\"504\" height=\"600\" data-id=\"397265\" src=\"https:\/\/i0.wp.com\/casadecampoliving.com\/wp-content\/uploads\/2022\/10\/1999-cruzado-lowres.jpg?resize=504%2C600&#038;ssl=1\" alt=\"\" class=\"wp-image-397265\" srcset=\"https:\/\/i0.wp.com\/casadecampoliving.com\/wp-content\/uploads\/2022\/10\/1999-cruzado-lowres.jpg?w=504&amp;ssl=1 504w, https:\/\/i0.wp.com\/casadecampoliving.com\/wp-content\/uploads\/2022\/10\/1999-cruzado-lowres.jpg?resize=252%2C300&amp;ssl=1 252w, https:\/\/i0.wp.com\/casadecampoliving.com\/wp-content\/uploads\/2022\/10\/1999-cruzado-lowres.jpg?resize=400%2C476&amp;ssl=1 400w, https:\/\/i0.wp.com\/casadecampoliving.com\/wp-content\/uploads\/2022\/10\/1999-cruzado-lowres.jpg?resize=150%2C179&amp;ssl=1 150w, https:\/\/i0.wp.com\/casadecampoliving.com\/wp-content\/uploads\/2022\/10\/1999-cruzado-lowres.jpg?w=370&amp;ssl=1 370w\" sizes=\"auto, (max-width: 504px) 100vw, 504px\" \/><\/figure>\n\n\n\n<figure class=\"wp-block-image size-large\"><img data-recalc-dims=\"1\" loading=\"lazy\" decoding=\"async\" width=\"500\" height=\"600\" data-id=\"397292\" src=\"https:\/\/i0.wp.com\/casadecampoliving.com\/wp-content\/uploads\/2022\/10\/invitacion-exposiciocc81n-mh-artwork-03.jpg?resize=500%2C600&#038;ssl=1\" alt=\"\" class=\"wp-image-397292\" srcset=\"https:\/\/i0.wp.com\/casadecampoliving.com\/wp-content\/uploads\/2022\/10\/invitacion-exposiciocc81n-mh-artwork-03.jpg?w=500&amp;ssl=1 500w, https:\/\/i0.wp.com\/casadecampoliving.com\/wp-content\/uploads\/2022\/10\/invitacion-exposiciocc81n-mh-artwork-03.jpg?resize=250%2C300&amp;ssl=1 250w, https:\/\/i0.wp.com\/casadecampoliving.com\/wp-content\/uploads\/2022\/10\/invitacion-exposiciocc81n-mh-artwork-03.jpg?resize=400%2C480&amp;ssl=1 400w, https:\/\/i0.wp.com\/casadecampoliving.com\/wp-content\/uploads\/2022\/10\/invitacion-exposiciocc81n-mh-artwork-03.jpg?resize=150%2C180&amp;ssl=1 150w, https:\/\/i0.wp.com\/casadecampoliving.com\/wp-content\/uploads\/2022\/10\/invitacion-exposiciocc81n-mh-artwork-03.jpg?w=370&amp;ssl=1 370w\" sizes=\"auto, (max-width: 500px) 100vw, 500px\" \/><\/figure>\n\n\n\n<figure class=\"wp-block-image size-large\"><img data-recalc-dims=\"1\" loading=\"lazy\" decoding=\"async\" width=\"800\" height=\"540\" data-id=\"397320\" src=\"https:\/\/i0.wp.com\/casadecampoliving.com\/wp-content\/uploads\/2022\/10\/mh005.jpg?resize=800%2C540&#038;ssl=1\" alt=\"\" class=\"wp-image-397320\" srcset=\"https:\/\/i0.wp.com\/casadecampoliving.com\/wp-content\/uploads\/2022\/10\/mh005.jpg?w=800&amp;ssl=1 800w, https:\/\/i0.wp.com\/casadecampoliving.com\/wp-content\/uploads\/2022\/10\/mh005.jpg?resize=300%2C203&amp;ssl=1 300w, https:\/\/i0.wp.com\/casadecampoliving.com\/wp-content\/uploads\/2022\/10\/mh005.jpg?resize=768%2C518&amp;ssl=1 768w, https:\/\/i0.wp.com\/casadecampoliving.com\/wp-content\/uploads\/2022\/10\/mh005.jpg?resize=400%2C270&amp;ssl=1 400w, https:\/\/i0.wp.com\/casadecampoliving.com\/wp-content\/uploads\/2022\/10\/mh005.jpg?resize=706%2C477&amp;ssl=1 706w, https:\/\/i0.wp.com\/casadecampoliving.com\/wp-content\/uploads\/2022\/10\/mh005.jpg?resize=150%2C101&amp;ssl=1 150w, https:\/\/i0.wp.com\/casadecampoliving.com\/wp-content\/uploads\/2022\/10\/mh005.jpg?w=370&amp;ssl=1 370w\" sizes=\"auto, (max-width: 800px) 100vw, 800px\" \/><\/figure>\n<\/figure>\n<\/strong>\n\n&nbsp;\n\n<img data-recalc-dims=\"1\" loading=\"lazy\" decoding=\"async\" class=\"alignright size-full wp-image-42636\" title=\"manuel_hernandez_art\" src=\"https:\/\/i0.wp.com\/casadecampoliving.com\/wp-content\/uploads\/2022\/10\/manuel_hernandez_art1.jpg?resize=650%2C808&#038;ssl=1\" alt=\"manuel hernandez art\" width=\"650\" height=\"808\" \/>","protected":false},"excerpt":{"rendered":"<p>La Galer\u00eda Nacional de Bellas Artes presentar\u00e1 entre el 18 de enero y el 14 de marzo, la\u00a0exposici\u00f3n retrospectiva de pinturas y dibujos del maestro colombiano Manuel\u00a0Hern\u00e1ndez como figura estelar de las artes pl\u00e1sticas de Colombia, y usted est\u00e1 cordialmente invitado!<\/p>\n","protected":false},"author":21,"featured_media":242756,"comment_status":"closed","ping_status":"closed","sticky":false,"template":"","format":"standard","meta":{"newspack_ads_suppress_ads":false,"newspack_popups_has_disabled_popups":false,"newspack_sponsor_sponsorship_scope":"","newspack_sponsor_native_byline_display":"inherit","newspack_sponsor_native_category_display":"inherit","newspack_sponsor_underwriter_style":"inherit","newspack_sponsor_underwriter_placement":"inherit","_newspack_byline_active":false,"_newspack_byline":"","newspack_hide_updated_date":false,"newspack_show_updated_date":false,"newspack_content_restriction_is_exempt":false,"newspack_featured_image_position":"","newspack_post_subtitle":"","newspack_article_summary_title":"Overview:","newspack_article_summary":"","_jetpack_memberships_contains_paid_content":false,"footnotes":"","jetpack_publicize_message":"","jetpack_publicize_feature_enabled":true,"jetpack_social_post_already_shared":false,"jetpack_social_options":{"image_generator_settings":{"template":"highway","default_image_id":0,"font":"","enabled":false},"version":2},"_wpas_customize_per_network":false},"categories":[26823,2506,2522,14631,14625,14627],"tags":[2557,3549],"newspack_spnsrs_tax":[],"class_list":["post-338112","post","type-post","status-publish","format-standard","has-post-thumbnail","hentry","category-arte-y-cultura","category-mas-alla-de-casa-es","category-eventos-es","category-estilo-de-vida","category-noticias-locales","category-proximamente","tag-exhibicion-de-arte","tag-manuel-hernandez","entry"],"yoast_head":"<!-- This site is optimized with the Yoast SEO plugin v27.5 - https:\/\/yoast.com\/product\/yoast-seo-wordpress\/ -->\n<title>El artista colombiano, Manuel Hern\u00e1ndez presenta su exhibici\u00f3n de arte en la Galer\u00eda Nacional de Bellas Artes! | Casa de Campo Living<\/title>\n<meta name=\"description\" content=\"La Galer\u00eda Nacional de Bellas Artes presentar\u00e1 entre el 18 de enero y el 14 de marzo, la\u00a0exposici\u00f3n retrospectiva de pinturas y dibujos del maestro\" \/>\n<meta name=\"robots\" content=\"index, follow, max-snippet:-1, max-image-preview:large, max-video-preview:-1\" \/>\n<link rel=\"canonical\" href=\"https:\/\/casadecampoliving.com\/es\/el-artista-colombiano-manuel-hernandez-presenta-su-exhibicion-de-arte-en-la-galeria-nacional-de-bellas-artes\/\" \/>\n<meta property=\"og:locale\" content=\"es_ES\" \/>\n<meta property=\"og:type\" content=\"article\" \/>\n<meta property=\"og:title\" content=\"El artista colombiano, Manuel Hern\u00e1ndez presenta su exhibici\u00f3n de arte en la Galer\u00eda Nacional de Bellas Artes! | Casa de Campo Living\" \/>\n<meta property=\"og:description\" content=\"La Galer\u00eda Nacional de Bellas Artes presentar\u00e1 entre el 18 de enero y el 14 de marzo, la\u00a0exposici\u00f3n retrospectiva de pinturas y dibujos del maestro\" \/>\n<meta property=\"og:url\" content=\"https:\/\/casadecampoliving.com\/es\/el-artista-colombiano-manuel-hernandez-presenta-su-exhibicion-de-arte-en-la-galeria-nacional-de-bellas-artes\/\" \/>\n<meta property=\"og:site_name\" content=\"Casa de Campo Living\" \/>\n<meta property=\"article:publisher\" content=\"https:\/\/www.facebook.com\/casadecampoliving\" \/>\n<meta property=\"article:published_time\" content=\"2012-01-13T04:00:00+00:00\" \/>\n<meta property=\"article:modified_time\" content=\"2022-11-10T14:43:42+00:00\" \/>\n<meta property=\"og:image\" content=\"https:\/\/i0.wp.com\/casadecampoliving.com\/wp-content\/uploads\/2022\/10\/manuel_hrnandez_art-1.jpg?fit=637%2C533&ssl=1\" \/>\n\t<meta property=\"og:image:width\" content=\"637\" \/>\n\t<meta property=\"og:image:height\" content=\"533\" \/>\n\t<meta property=\"og:image:type\" content=\"image\/jpeg\" \/>\n<meta name=\"twitter:card\" content=\"summary_large_image\" \/>\n<meta name=\"twitter:creator\" content=\"@cdcliving\" \/>\n<meta name=\"twitter:site\" content=\"@cdcliving\" \/>\n<meta name=\"twitter:label1\" content=\"Escrito por\" \/>\n\t<meta name=\"twitter:data1\" content=\"\" \/>\n\t<meta name=\"twitter:label2\" content=\"Tiempo de lectura\" \/>\n\t<meta name=\"twitter:data2\" content=\"1 minuto\" \/>\n<script type=\"application\/ld+json\" class=\"yoast-schema-graph\">{\"@context\":\"https:\\\/\\\/schema.org\",\"@graph\":[{\"@type\":\"Article\",\"@id\":\"https:\\\/\\\/casadecampoliving.com\\\/es\\\/el-artista-colombiano-manuel-hernandez-presenta-su-exhibicion-de-arte-en-la-galeria-nacional-de-bellas-artes\\\/#article\",\"isPartOf\":{\"@id\":\"https:\\\/\\\/casadecampoliving.com\\\/es\\\/el-artista-colombiano-manuel-hernandez-presenta-su-exhibicion-de-arte-en-la-galeria-nacional-de-bellas-artes\\\/\"},\"author\":{\"name\":\"\",\"@id\":\"https:\\\/\\\/casadecampoliving.com\\\/es\\\/#\\\/schema\\\/person\\\/7e3b975d584a5f6ac0fd7128a81b0bc5\"},\"headline\":\"El artista colombiano, Manuel Hern\u00e1ndez presenta su exhibici\u00f3n de arte en la Galer\u00eda Nacional de Bellas Artes!\",\"datePublished\":\"2012-01-13T04:00:00+00:00\",\"dateModified\":\"2022-11-10T14:43:42+00:00\",\"mainEntityOfPage\":{\"@id\":\"https:\\\/\\\/casadecampoliving.com\\\/es\\\/el-artista-colombiano-manuel-hernandez-presenta-su-exhibicion-de-arte-en-la-galeria-nacional-de-bellas-artes\\\/\"},\"wordCount\":231,\"publisher\":{\"@id\":\"https:\\\/\\\/casadecampoliving.com\\\/es\\\/#organization\"},\"image\":{\"@id\":\"https:\\\/\\\/casadecampoliving.com\\\/es\\\/el-artista-colombiano-manuel-hernandez-presenta-su-exhibicion-de-arte-en-la-galeria-nacional-de-bellas-artes\\\/#primaryimage\"},\"thumbnailUrl\":\"https:\\\/\\\/i0.wp.com\\\/casadecampoliving.com\\\/wp-content\\\/uploads\\\/2022\\\/10\\\/manuel_hrnandez_art-1.jpg?fit=637%2C533&ssl=1\",\"keywords\":[\"exhibicion de arte\",\"manuel hernandez\"],\"articleSection\":[\"Arte y cultura\",\"M\u00e1s all\u00e1 de Casa\",\"Eventos\",\"Estilo de Vida\",\"Noticias Locales\",\"Proximamente\"],\"inLanguage\":\"es\"},{\"@type\":\"WebPage\",\"@id\":\"https:\\\/\\\/casadecampoliving.com\\\/es\\\/el-artista-colombiano-manuel-hernandez-presenta-su-exhibicion-de-arte-en-la-galeria-nacional-de-bellas-artes\\\/\",\"url\":\"https:\\\/\\\/casadecampoliving.com\\\/es\\\/el-artista-colombiano-manuel-hernandez-presenta-su-exhibicion-de-arte-en-la-galeria-nacional-de-bellas-artes\\\/\",\"name\":\"El artista colombiano, Manuel Hern\u00e1ndez presenta su exhibici\u00f3n de arte en la Galer\u00eda Nacional de Bellas Artes! | Casa de Campo Living\",\"isPartOf\":{\"@id\":\"https:\\\/\\\/casadecampoliving.com\\\/es\\\/#website\"},\"primaryImageOfPage\":{\"@id\":\"https:\\\/\\\/casadecampoliving.com\\\/es\\\/el-artista-colombiano-manuel-hernandez-presenta-su-exhibicion-de-arte-en-la-galeria-nacional-de-bellas-artes\\\/#primaryimage\"},\"image\":{\"@id\":\"https:\\\/\\\/casadecampoliving.com\\\/es\\\/el-artista-colombiano-manuel-hernandez-presenta-su-exhibicion-de-arte-en-la-galeria-nacional-de-bellas-artes\\\/#primaryimage\"},\"thumbnailUrl\":\"https:\\\/\\\/i0.wp.com\\\/casadecampoliving.com\\\/wp-content\\\/uploads\\\/2022\\\/10\\\/manuel_hrnandez_art-1.jpg?fit=637%2C533&ssl=1\",\"datePublished\":\"2012-01-13T04:00:00+00:00\",\"dateModified\":\"2022-11-10T14:43:42+00:00\",\"description\":\"La Galer\u00eda Nacional de Bellas Artes presentar\u00e1 entre el 18 de enero y el 14 de marzo, la\u00a0exposici\u00f3n retrospectiva de pinturas y dibujos del maestro\",\"breadcrumb\":{\"@id\":\"https:\\\/\\\/casadecampoliving.com\\\/es\\\/el-artista-colombiano-manuel-hernandez-presenta-su-exhibicion-de-arte-en-la-galeria-nacional-de-bellas-artes\\\/#breadcrumb\"},\"inLanguage\":\"es\",\"potentialAction\":[{\"@type\":\"ReadAction\",\"target\":[\"https:\\\/\\\/casadecampoliving.com\\\/es\\\/el-artista-colombiano-manuel-hernandez-presenta-su-exhibicion-de-arte-en-la-galeria-nacional-de-bellas-artes\\\/\"]}]},{\"@type\":\"ImageObject\",\"inLanguage\":\"es\",\"@id\":\"https:\\\/\\\/casadecampoliving.com\\\/es\\\/el-artista-colombiano-manuel-hernandez-presenta-su-exhibicion-de-arte-en-la-galeria-nacional-de-bellas-artes\\\/#primaryimage\",\"url\":\"https:\\\/\\\/i0.wp.com\\\/casadecampoliving.com\\\/wp-content\\\/uploads\\\/2022\\\/10\\\/manuel_hrnandez_art-1.jpg?fit=637%2C533&ssl=1\",\"contentUrl\":\"https:\\\/\\\/i0.wp.com\\\/casadecampoliving.com\\\/wp-content\\\/uploads\\\/2022\\\/10\\\/manuel_hrnandez_art-1.jpg?fit=637%2C533&ssl=1\",\"width\":637,\"height\":533,\"caption\":\"manuel hernandez art\"},{\"@type\":\"BreadcrumbList\",\"@id\":\"https:\\\/\\\/casadecampoliving.com\\\/es\\\/el-artista-colombiano-manuel-hernandez-presenta-su-exhibicion-de-arte-en-la-galeria-nacional-de-bellas-artes\\\/#breadcrumb\",\"itemListElement\":[{\"@type\":\"ListItem\",\"position\":1,\"name\":\"Home\",\"item\":\"https:\\\/\\\/casadecampoliving.com\\\/es\\\/\"},{\"@type\":\"ListItem\",\"position\":2,\"name\":\"El artista colombiano, Manuel Hern\u00e1ndez presenta su exhibici\u00f3n de arte en la Galer\u00eda Nacional de Bellas Artes!\"}]},{\"@type\":\"WebSite\",\"@id\":\"https:\\\/\\\/casadecampoliving.com\\\/es\\\/#website\",\"url\":\"https:\\\/\\\/casadecampoliving.com\\\/es\\\/\",\"name\":\"Casa de Campo Living\",\"description\":\"Resort community news and resources.\",\"publisher\":{\"@id\":\"https:\\\/\\\/casadecampoliving.com\\\/es\\\/#organization\"},\"potentialAction\":[{\"@type\":\"SearchAction\",\"target\":{\"@type\":\"EntryPoint\",\"urlTemplate\":\"https:\\\/\\\/casadecampoliving.com\\\/es\\\/?s={search_term_string}\"},\"query-input\":{\"@type\":\"PropertyValueSpecification\",\"valueRequired\":true,\"valueName\":\"search_term_string\"}}],\"inLanguage\":\"es\"},{\"@type\":\"Organization\",\"@id\":\"https:\\\/\\\/casadecampoliving.com\\\/es\\\/#organization\",\"name\":\"Casa de Campo Living\",\"url\":\"https:\\\/\\\/casadecampoliving.com\\\/es\\\/\",\"logo\":{\"@type\":\"ImageObject\",\"inLanguage\":\"es\",\"@id\":\"https:\\\/\\\/casadecampoliving.com\\\/es\\\/#\\\/schema\\\/logo\\\/image\\\/\",\"url\":\"https:\\\/\\\/i0.wp.com\\\/casadecampoliving.com\\\/wp-content\\\/uploads\\\/2022\\\/07\\\/CDCLivingLogo_V1-white-sized.png?fit=800%2C214&ssl=1\",\"contentUrl\":\"https:\\\/\\\/i0.wp.com\\\/casadecampoliving.com\\\/wp-content\\\/uploads\\\/2022\\\/07\\\/CDCLivingLogo_V1-white-sized.png?fit=800%2C214&ssl=1\",\"width\":800,\"height\":214,\"caption\":\"Casa de Campo Living\"},\"image\":{\"@id\":\"https:\\\/\\\/casadecampoliving.com\\\/es\\\/#\\\/schema\\\/logo\\\/image\\\/\"},\"sameAs\":[\"https:\\\/\\\/www.facebook.com\\\/casadecampoliving\",\"https:\\\/\\\/x.com\\\/cdcliving\"]},{\"@type\":\"Person\",\"@id\":\"https:\\\/\\\/casadecampoliving.com\\\/es\\\/#\\\/schema\\\/person\\\/7e3b975d584a5f6ac0fd7128a81b0bc5\",\"name\":\"\",\"image\":{\"@type\":\"ImageObject\",\"inLanguage\":\"es\",\"@id\":\"https:\\\/\\\/secure.gravatar.com\\\/avatar\\\/?s=96&d=mm&r=g\",\"url\":\"https:\\\/\\\/secure.gravatar.com\\\/avatar\\\/?s=96&d=mm&r=g\",\"contentUrl\":\"https:\\\/\\\/secure.gravatar.com\\\/avatar\\\/?s=96&d=mm&r=g\"},\"url\":\"https:\\\/\\\/casadecampoliving.com\\\/es\\\/author\\\/ \\\/\"}]}<\/script>\n<!-- \/ Yoast SEO plugin. -->","yoast_head_json":{"title":"El artista colombiano, Manuel Hern\u00e1ndez presenta su exhibici\u00f3n de arte en la Galer\u00eda Nacional de Bellas Artes! | Casa de Campo Living","description":"La Galer\u00eda Nacional de Bellas Artes presentar\u00e1 entre el 18 de enero y el 14 de marzo, la\u00a0exposici\u00f3n retrospectiva de pinturas y dibujos del maestro","robots":{"index":"index","follow":"follow","max-snippet":"max-snippet:-1","max-image-preview":"max-image-preview:large","max-video-preview":"max-video-preview:-1"},"canonical":"https:\/\/casadecampoliving.com\/es\/el-artista-colombiano-manuel-hernandez-presenta-su-exhibicion-de-arte-en-la-galeria-nacional-de-bellas-artes\/","og_locale":"es_ES","og_type":"article","og_title":"El artista colombiano, Manuel Hern\u00e1ndez presenta su exhibici\u00f3n de arte en la Galer\u00eda Nacional de Bellas Artes! | Casa de Campo Living","og_description":"La Galer\u00eda Nacional de Bellas Artes presentar\u00e1 entre el 18 de enero y el 14 de marzo, la\u00a0exposici\u00f3n retrospectiva de pinturas y dibujos del maestro","og_url":"https:\/\/casadecampoliving.com\/es\/el-artista-colombiano-manuel-hernandez-presenta-su-exhibicion-de-arte-en-la-galeria-nacional-de-bellas-artes\/","og_site_name":"Casa de Campo Living","article_publisher":"https:\/\/www.facebook.com\/casadecampoliving","article_published_time":"2012-01-13T04:00:00+00:00","article_modified_time":"2022-11-10T14:43:42+00:00","og_image":[{"width":637,"height":533,"url":"https:\/\/i0.wp.com\/casadecampoliving.com\/wp-content\/uploads\/2022\/10\/manuel_hrnandez_art-1.jpg?fit=637%2C533&ssl=1","type":"image\/jpeg"}],"twitter_card":"summary_large_image","twitter_creator":"@cdcliving","twitter_site":"@cdcliving","twitter_misc":{"Escrito por":"","Tiempo de lectura":"1 minuto"},"schema":{"@context":"https:\/\/schema.org","@graph":[{"@type":"Article","@id":"https:\/\/casadecampoliving.com\/es\/el-artista-colombiano-manuel-hernandez-presenta-su-exhibicion-de-arte-en-la-galeria-nacional-de-bellas-artes\/#article","isPartOf":{"@id":"https:\/\/casadecampoliving.com\/es\/el-artista-colombiano-manuel-hernandez-presenta-su-exhibicion-de-arte-en-la-galeria-nacional-de-bellas-artes\/"},"author":{"name":"","@id":"https:\/\/casadecampoliving.com\/es\/#\/schema\/person\/7e3b975d584a5f6ac0fd7128a81b0bc5"},"headline":"El artista colombiano, Manuel Hern\u00e1ndez presenta su exhibici\u00f3n de arte en la Galer\u00eda Nacional de Bellas Artes!","datePublished":"2012-01-13T04:00:00+00:00","dateModified":"2022-11-10T14:43:42+00:00","mainEntityOfPage":{"@id":"https:\/\/casadecampoliving.com\/es\/el-artista-colombiano-manuel-hernandez-presenta-su-exhibicion-de-arte-en-la-galeria-nacional-de-bellas-artes\/"},"wordCount":231,"publisher":{"@id":"https:\/\/casadecampoliving.com\/es\/#organization"},"image":{"@id":"https:\/\/casadecampoliving.com\/es\/el-artista-colombiano-manuel-hernandez-presenta-su-exhibicion-de-arte-en-la-galeria-nacional-de-bellas-artes\/#primaryimage"},"thumbnailUrl":"https:\/\/i0.wp.com\/casadecampoliving.com\/wp-content\/uploads\/2022\/10\/manuel_hrnandez_art-1.jpg?fit=637%2C533&ssl=1","keywords":["exhibicion de arte","manuel hernandez"],"articleSection":["Arte y cultura","M\u00e1s all\u00e1 de Casa","Eventos","Estilo de Vida","Noticias Locales","Proximamente"],"inLanguage":"es"},{"@type":"WebPage","@id":"https:\/\/casadecampoliving.com\/es\/el-artista-colombiano-manuel-hernandez-presenta-su-exhibicion-de-arte-en-la-galeria-nacional-de-bellas-artes\/","url":"https:\/\/casadecampoliving.com\/es\/el-artista-colombiano-manuel-hernandez-presenta-su-exhibicion-de-arte-en-la-galeria-nacional-de-bellas-artes\/","name":"El artista colombiano, Manuel Hern\u00e1ndez presenta su exhibici\u00f3n de arte en la Galer\u00eda Nacional de Bellas Artes! | Casa de Campo Living","isPartOf":{"@id":"https:\/\/casadecampoliving.com\/es\/#website"},"primaryImageOfPage":{"@id":"https:\/\/casadecampoliving.com\/es\/el-artista-colombiano-manuel-hernandez-presenta-su-exhibicion-de-arte-en-la-galeria-nacional-de-bellas-artes\/#primaryimage"},"image":{"@id":"https:\/\/casadecampoliving.com\/es\/el-artista-colombiano-manuel-hernandez-presenta-su-exhibicion-de-arte-en-la-galeria-nacional-de-bellas-artes\/#primaryimage"},"thumbnailUrl":"https:\/\/i0.wp.com\/casadecampoliving.com\/wp-content\/uploads\/2022\/10\/manuel_hrnandez_art-1.jpg?fit=637%2C533&ssl=1","datePublished":"2012-01-13T04:00:00+00:00","dateModified":"2022-11-10T14:43:42+00:00","description":"La Galer\u00eda Nacional de Bellas Artes presentar\u00e1 entre el 18 de enero y el 14 de marzo, la\u00a0exposici\u00f3n retrospectiva de pinturas y dibujos del maestro","breadcrumb":{"@id":"https:\/\/casadecampoliving.com\/es\/el-artista-colombiano-manuel-hernandez-presenta-su-exhibicion-de-arte-en-la-galeria-nacional-de-bellas-artes\/#breadcrumb"},"inLanguage":"es","potentialAction":[{"@type":"ReadAction","target":["https:\/\/casadecampoliving.com\/es\/el-artista-colombiano-manuel-hernandez-presenta-su-exhibicion-de-arte-en-la-galeria-nacional-de-bellas-artes\/"]}]},{"@type":"ImageObject","inLanguage":"es","@id":"https:\/\/casadecampoliving.com\/es\/el-artista-colombiano-manuel-hernandez-presenta-su-exhibicion-de-arte-en-la-galeria-nacional-de-bellas-artes\/#primaryimage","url":"https:\/\/i0.wp.com\/casadecampoliving.com\/wp-content\/uploads\/2022\/10\/manuel_hrnandez_art-1.jpg?fit=637%2C533&ssl=1","contentUrl":"https:\/\/i0.wp.com\/casadecampoliving.com\/wp-content\/uploads\/2022\/10\/manuel_hrnandez_art-1.jpg?fit=637%2C533&ssl=1","width":637,"height":533,"caption":"manuel hernandez art"},{"@type":"BreadcrumbList","@id":"https:\/\/casadecampoliving.com\/es\/el-artista-colombiano-manuel-hernandez-presenta-su-exhibicion-de-arte-en-la-galeria-nacional-de-bellas-artes\/#breadcrumb","itemListElement":[{"@type":"ListItem","position":1,"name":"Home","item":"https:\/\/casadecampoliving.com\/es\/"},{"@type":"ListItem","position":2,"name":"El artista colombiano, Manuel Hern\u00e1ndez presenta su exhibici\u00f3n de arte en la Galer\u00eda Nacional de Bellas Artes!"}]},{"@type":"WebSite","@id":"https:\/\/casadecampoliving.com\/es\/#website","url":"https:\/\/casadecampoliving.com\/es\/","name":"Casa de Campo Living","description":"Resort community news and resources.","publisher":{"@id":"https:\/\/casadecampoliving.com\/es\/#organization"},"potentialAction":[{"@type":"SearchAction","target":{"@type":"EntryPoint","urlTemplate":"https:\/\/casadecampoliving.com\/es\/?s={search_term_string}"},"query-input":{"@type":"PropertyValueSpecification","valueRequired":true,"valueName":"search_term_string"}}],"inLanguage":"es"},{"@type":"Organization","@id":"https:\/\/casadecampoliving.com\/es\/#organization","name":"Casa de Campo Living","url":"https:\/\/casadecampoliving.com\/es\/","logo":{"@type":"ImageObject","inLanguage":"es","@id":"https:\/\/casadecampoliving.com\/es\/#\/schema\/logo\/image\/","url":"https:\/\/i0.wp.com\/casadecampoliving.com\/wp-content\/uploads\/2022\/07\/CDCLivingLogo_V1-white-sized.png?fit=800%2C214&ssl=1","contentUrl":"https:\/\/i0.wp.com\/casadecampoliving.com\/wp-content\/uploads\/2022\/07\/CDCLivingLogo_V1-white-sized.png?fit=800%2C214&ssl=1","width":800,"height":214,"caption":"Casa de Campo Living"},"image":{"@id":"https:\/\/casadecampoliving.com\/es\/#\/schema\/logo\/image\/"},"sameAs":["https:\/\/www.facebook.com\/casadecampoliving","https:\/\/x.com\/cdcliving"]},{"@type":"Person","@id":"https:\/\/casadecampoliving.com\/es\/#\/schema\/person\/7e3b975d584a5f6ac0fd7128a81b0bc5","name":"","image":{"@type":"ImageObject","inLanguage":"es","@id":"https:\/\/secure.gravatar.com\/avatar\/?s=96&d=mm&r=g","url":"https:\/\/secure.gravatar.com\/avatar\/?s=96&d=mm&r=g","contentUrl":"https:\/\/secure.gravatar.com\/avatar\/?s=96&d=mm&r=g"},"url":"https:\/\/casadecampoliving.com\/es\/author\/ \/"}]}},"parsely":{"version":"1.1.0","canonical_url":"https:\/\/casadecampoliving.com\/es\/el-artista-colombiano-manuel-hernandez-presenta-su-exhibicion-de-arte-en-la-galeria-nacional-de-bellas-artes\/","smart_links":{"inbound":0,"outbound":0},"traffic_boost_suggestions_count":0,"meta":{"@context":"https:\/\/schema.org","@type":"NewsArticle","headline":"El artista colombiano, Manuel Hern\u00e1ndez presenta su exhibici\u00f3n de arte en la Galer\u00eda Nacional de Bellas Artes!","url":"http:\/\/casadecampoliving.com\/es\/el-artista-colombiano-manuel-hernandez-presenta-su-exhibicion-de-arte-en-la-galeria-nacional-de-bellas-artes\/","mainEntityOfPage":{"@type":"WebPage","@id":"http:\/\/casadecampoliving.com\/es\/el-artista-colombiano-manuel-hernandez-presenta-su-exhibicion-de-arte-en-la-galeria-nacional-de-bellas-artes\/"},"thumbnailUrl":"https:\/\/i0.wp.com\/casadecampoliving.com\/wp-content\/uploads\/2022\/10\/manuel_hrnandez_art-1.jpg?resize=150%2C150&ssl=1","image":{"@type":"ImageObject","url":"https:\/\/i0.wp.com\/casadecampoliving.com\/wp-content\/uploads\/2022\/10\/manuel_hrnandez_art-1.jpg?fit=637%2C533&ssl=1"},"articleSection":"Arte y cultura","author":[{"@type":"Person","name":"FB_515917546"}],"creator":["FB_515917546"],"publisher":{"@type":"Organization","name":"Casa de Campo Living","logo":"https:\/\/casadecampoliving.com\/wp-content\/uploads\/2022\/07\/CDCLivingLogo_V1-white-sized.png"},"keywords":["exhibicion de arte","manuel hernandez"],"dateCreated":"2012-01-13T04:00:00Z","datePublished":"2012-01-13T04:00:00Z","dateModified":"2022-11-10T14:43:42Z"},"rendered":"<script type=\"application\/ld+json\" class=\"wp-parsely-metadata\">{\"@context\":\"https:\\\/\\\/schema.org\",\"@type\":\"NewsArticle\",\"headline\":\"El artista colombiano, Manuel Hern\\u00e1ndez presenta su exhibici\\u00f3n de arte en la Galer\\u00eda Nacional de Bellas Artes!\",\"url\":\"http:\\\/\\\/casadecampoliving.com\\\/es\\\/el-artista-colombiano-manuel-hernandez-presenta-su-exhibicion-de-arte-en-la-galeria-nacional-de-bellas-artes\\\/\",\"mainEntityOfPage\":{\"@type\":\"WebPage\",\"@id\":\"http:\\\/\\\/casadecampoliving.com\\\/es\\\/el-artista-colombiano-manuel-hernandez-presenta-su-exhibicion-de-arte-en-la-galeria-nacional-de-bellas-artes\\\/\"},\"thumbnailUrl\":\"https:\\\/\\\/i0.wp.com\\\/casadecampoliving.com\\\/wp-content\\\/uploads\\\/2022\\\/10\\\/manuel_hrnandez_art-1.jpg?resize=150%2C150&ssl=1\",\"image\":{\"@type\":\"ImageObject\",\"url\":\"https:\\\/\\\/i0.wp.com\\\/casadecampoliving.com\\\/wp-content\\\/uploads\\\/2022\\\/10\\\/manuel_hrnandez_art-1.jpg?fit=637%2C533&ssl=1\"},\"articleSection\":\"Arte y cultura\",\"author\":[{\"@type\":\"Person\",\"name\":\"FB_515917546\"}],\"creator\":[\"FB_515917546\"],\"publisher\":{\"@type\":\"Organization\",\"name\":\"Casa de Campo Living\",\"logo\":\"https:\\\/\\\/casadecampoliving.com\\\/wp-content\\\/uploads\\\/2022\\\/07\\\/CDCLivingLogo_V1-white-sized.png\"},\"keywords\":[\"exhibicion de arte\",\"manuel hernandez\"],\"dateCreated\":\"2012-01-13T04:00:00Z\",\"datePublished\":\"2012-01-13T04:00:00Z\",\"dateModified\":\"2022-11-10T14:43:42Z\"}<\/script>","tracker_url":"https:\/\/cdn.parsely.com\/keys\/casadecampoliving.com\/p.js"},"jetpack_publicize_connections":[],"jetpack_featured_media_url":"https:\/\/i0.wp.com\/casadecampoliving.com\/wp-content\/uploads\/2022\/10\/manuel_hrnandez_art-1.jpg?fit=637%2C533&ssl=1","jetpack-related-posts":[{"id":338182,"url":"https:\/\/casadecampoliving.com\/es\/manuel-hernandez-atrae-a-los-amantes-del-arte-a-la-celebracion-de-la-apertura-de-50-anos-de-signos\/","url_meta":{"origin":338112,"position":0},"title":"Manuel Hern\u00e1ndez atrae a los amantes del arte a la celebraci\u00f3n de la apertura de \u00ab50 a\u00f1os de signos\u00bb","author":"","date":"25 Ene, 2012","format":false,"excerpt":"El pasado mi\u00e9rcoles 18 de enero 2012, la nueva exhibici\u00f3n de arte \"50 a\u00f1os de signos\" del artista colombiano, Manuel Hern\u00e1ndez fue inaugurada en la Galer\u00eda Nacional de Bellas Artes en Santo Domingo, la cual cont\u00f3 con la asistencia masiva de aficionados del arte dominicano, al igual que una gran\u2026","rel":"","context":"En \u00abDestacados\u00bb","block_context":{"text":"Destacados","link":"https:\/\/casadecampoliving.com\/es\/category\/destacados\/"},"img":{"alt_text":"manuel hernandez arte","src":"https:\/\/i0.wp.com\/casadecampoliving.com\/wp-content\/uploads\/2022\/10\/manuel_hernandez_arte-1.jpg?fit=505%2C261&ssl=1&resize=350%2C200","width":350,"height":200},"classes":[]},{"id":338360,"url":"https:\/\/casadecampoliving.com\/es\/se-inaugura-la-nueva-exhibicion-de-arte-hernandez-en-chavon-de-manuel-hernandez\/","url_meta":{"origin":338112,"position":1},"title":"Se inaugura la nueva exhibici\u00f3n de arte \u00abHern\u00e1ndez en Chav\u00f3n\u00bb de Manuel Hern\u00e1ndez","author":"","date":"11 Feb, 2012","format":false,"excerpt":"El pasado jueves 2 de febrero, la nueva exhibici\u00f3n de arte \"Hern\u00e1ndez en Chav\u00f3n\", presentada por el artista colombiano, Manuel Hern\u00e1ndez, fue inaugurada en la galer\u00eda de arte de Altos de Chav\u00f3n con una magn\u00edfica celebraci\u00f3n de 50 a\u00f1os de arte entre familiares y amistades, as\u00ed como con los miembros\u2026","rel":"","context":"En \u00abAltos de Chavon @es\u00bb","block_context":{"text":"Altos de Chavon @es","link":"https:\/\/casadecampoliving.com\/category\/altos-de-chavon-es\/"},"img":{"alt_text":"manuel hernandez arte","src":"https:\/\/i0.wp.com\/casadecampoliving.com\/wp-content\/uploads\/2022\/10\/manuel_hernandez_arte-3.jpg?fit=650%2C358&ssl=1&resize=350%2C200","width":350,"height":200,"srcset":"https:\/\/i0.wp.com\/casadecampoliving.com\/wp-content\/uploads\/2022\/10\/manuel_hernandez_arte-3.jpg?fit=650%2C358&ssl=1&resize=350%2C200 1x, https:\/\/i0.wp.com\/casadecampoliving.com\/wp-content\/uploads\/2022\/10\/manuel_hernandez_arte-3.jpg?fit=650%2C358&ssl=1&resize=525%2C300 1.5x"},"classes":[]},{"id":338498,"url":"https:\/\/casadecampoliving.com\/es\/ultima-oportunidad-para-disfrutar-de-hernandez-en-chavon-una-exhibicion-de-arte-que-no-se-puede-perder\/","url_meta":{"origin":338112,"position":2},"title":"\u00daltima oportunidad para disfrutar de \u00abHern\u00e1ndez en Chav\u00f3n\u00bb. Una exhibici\u00f3n de arte que no se puede perder!","author":"","date":"2 Mar, 2012","format":false,"excerpt":"La actual exhibici\u00f3n de arte de Altos de Chav\u00f3n, \u201cHern\u00e1ndez en Chav\u00f3n\u201d, estar\u00e1 cerrando este pr\u00f3ximo lunes 5 de marzo para dar paso a la nueva exhibici\u00f3n denominada \u201cLa acci\u00f3n del caballo de Polo\u201d por Rachel White \u2013 lo que significa que significa que este fin de semana es su\u2026","rel":"","context":"En \u00abAltos de Chavon @es\u00bb","block_context":{"text":"Altos de Chavon @es","link":"https:\/\/casadecampoliving.com\/category\/altos-de-chavon-es\/"},"img":{"alt_text":"manuel hernandez arte","src":"https:\/\/i0.wp.com\/casadecampoliving.com\/wp-content\/uploads\/2022\/10\/manuel_hernandez_arte2-2.jpg?fit=650%2C488&ssl=1&resize=350%2C200","width":350,"height":200,"srcset":"https:\/\/i0.wp.com\/casadecampoliving.com\/wp-content\/uploads\/2022\/10\/manuel_hernandez_arte2-2.jpg?fit=650%2C488&ssl=1&resize=350%2C200 1x, https:\/\/i0.wp.com\/casadecampoliving.com\/wp-content\/uploads\/2022\/10\/manuel_hernandez_arte2-2.jpg?fit=650%2C488&ssl=1&resize=525%2C300 1.5x"},"classes":[]},{"id":338200,"url":"https:\/\/casadecampoliving.com\/es\/hernandez-en-chavon-la-nueva-exhibicion-de-arte-se-inaugurara-el-jueves-2-de-febrero\/","url_meta":{"origin":338112,"position":3},"title":"\u00abHern\u00e1ndez en Chav\u00f3n\u00bb la nueva exhibici\u00f3n de arte se inaugurar\u00e1 el jueves 2 de febrero!","author":"","date":"27 Ene, 2012","format":false,"excerpt":"El pr\u00f3ximo 2 de febrero, la Galer\u00eda de Arte Altos de Chav\u00f3n inaugurar\u00e1 la nueva exhibici\u00f3n de arte \u201cHern\u00e1ndez en Chav\u00f3n\u201d del artista colombiano, Manuel Hern\u00e1ndez, y usted est\u00e1 cordialmente invitado a unirse a la celebraci\u00f3n! El c\u00f3ctel de inauguraci\u00f3n para esta exhibici\u00f3n tendr\u00e1 lugar en la galer\u00eda principal de\u2026","rel":"","context":"En \u00abAltos de Chavon @es\u00bb","block_context":{"text":"Altos de Chavon @es","link":"https:\/\/casadecampoliving.com\/category\/altos-de-chavon-es\/"},"img":{"alt_text":"manuel hernandez arte","src":"https:\/\/i0.wp.com\/casadecampoliving.com\/wp-content\/uploads\/2022\/10\/manuel_hernandez_arte-1.jpg?fit=505%2C261&ssl=1&resize=350%2C200","width":350,"height":200},"classes":[]},{"id":320961,"url":"https:\/\/casadecampoliving.com\/manuel-hernandez-attracts-art-lovers-from-across-the-dominican-republic-as-he-celebrates-the-open-of-50-anos-de-signos\/","url_meta":{"origin":338112,"position":4},"title":"Manuel Hernandez attracts art lovers from across the Dominican Republic as he celebrates the open of \u00ab50 a\u00f1os de signos\u00bb","author":"Rebecca Silvestri","date":"25 Ene, 2012","format":false,"excerpt":"Last Wednesday the 18th of January 2012, new art exhibit\u00a0\"50 a\u00f1os de signos\" by Columbian artist, Manuel Hernandez was inaugurated in the Galer\u00eda Nacional de Bellas Artes (National Gallery of fine arts)\u00a0in Santo Domingo, attracting a large crowd of Dominican art aficionados as well as a number of art lovers\u2026","rel":"","context":"En \u00abArt and Culture\u00bb","block_context":{"text":"Art and Culture","link":"https:\/\/casadecampoliving.com\/category\/art-and-culture\/"},"img":{"alt_text":"manuel hernandez arte","src":"https:\/\/i0.wp.com\/casadecampoliving.com\/wp-content\/uploads\/2022\/10\/manuel_hernandez_arte-1.jpg?fit=505%2C261&ssl=1&resize=350%2C200","width":350,"height":200},"classes":[]},{"id":321025,"url":"https:\/\/casadecampoliving.com\/hernadez-en-chavon-new-art-exhibit-by-manuel-hernandez-opens-in-altos-de-chavon\/","url_meta":{"origin":338112,"position":5},"title":"\u00abHernandez en Chav\u00f3n\u00bb new art exhibit by Manuel Hernandez opens in Altos de Chav\u00f3n","author":"Rebecca Silvestri","date":"11 Feb, 2012","format":false,"excerpt":"Last Thursday the 2nd of February, \"Hernandez en Chav\u00f3n\" a new art exhibit presented by Columbian artist, Manuel Hernandez, was opened in the Altos de Chav\u00f3n art gallery, a magnificent celebration of 50 years of art which the Hernandez family shared with the Casa de Campo and Altos de Chav\u00f3n\u2026","rel":"","context":"En \u00abAltos de Chavon\u00bb","block_context":{"text":"Altos de Chavon","link":"https:\/\/casadecampoliving.com\/category\/altos-de-chavon\/"},"img":{"alt_text":"manuel hernandez arte","src":"https:\/\/i0.wp.com\/casadecampoliving.com\/wp-content\/uploads\/2022\/10\/manuel_hernandez_arte-3.jpg?fit=650%2C358&ssl=1&resize=350%2C200","width":350,"height":200,"srcset":"https:\/\/i0.wp.com\/casadecampoliving.com\/wp-content\/uploads\/2022\/10\/manuel_hernandez_arte-3.jpg?fit=650%2C358&ssl=1&resize=350%2C200 1x, https:\/\/i0.wp.com\/casadecampoliving.com\/wp-content\/uploads\/2022\/10\/manuel_hernandez_arte-3.jpg?fit=650%2C358&ssl=1&resize=525%2C300 1.5x"},"classes":[]}],"jetpack_sharing_enabled":true,"_links":{"self":[{"href":"https:\/\/casadecampoliving.com\/es\/wp-json\/wp\/v2\/posts\/338112","targetHints":{"allow":["GET"]}}],"collection":[{"href":"https:\/\/casadecampoliving.com\/es\/wp-json\/wp\/v2\/posts"}],"about":[{"href":"https:\/\/casadecampoliving.com\/es\/wp-json\/wp\/v2\/types\/post"}],"author":[{"embeddable":true,"href":"https:\/\/casadecampoliving.com\/es\/wp-json\/wp\/v2\/users\/21"}],"replies":[{"embeddable":true,"href":"https:\/\/casadecampoliving.com\/es\/wp-json\/wp\/v2\/comments?post=338112"}],"version-history":[{"count":2,"href":"https:\/\/casadecampoliving.com\/es\/wp-json\/wp\/v2\/posts\/338112\/revisions"}],"predecessor-version":[{"id":509626,"href":"https:\/\/casadecampoliving.com\/es\/wp-json\/wp\/v2\/posts\/338112\/revisions\/509626"}],"wp:featuredmedia":[{"embeddable":true,"href":"https:\/\/casadecampoliving.com\/es\/wp-json\/wp\/v2\/media\/242756"}],"wp:attachment":[{"href":"https:\/\/casadecampoliving.com\/es\/wp-json\/wp\/v2\/media?parent=338112"}],"wp:term":[{"taxonomy":"category","embeddable":true,"href":"https:\/\/casadecampoliving.com\/es\/wp-json\/wp\/v2\/categories?post=338112"},{"taxonomy":"post_tag","embeddable":true,"href":"https:\/\/casadecampoliving.com\/es\/wp-json\/wp\/v2\/tags?post=338112"},{"taxonomy":"newspack_spnsrs_tax","embeddable":true,"href":"https:\/\/casadecampoliving.com\/es\/wp-json\/wp\/v2\/newspack_spnsrs_tax?post=338112"}],"curies":[{"name":"wp","href":"https:\/\/api.w.org\/{rel}","templated":true}]}}